{"id":98,"date":"2010-11-19T19:39:26","date_gmt":"2010-11-19T19:39:26","guid":{"rendered":"http:\/\/www.cervantinaesquivias.org\/wordpress\/2010\/11\/19\/programa-de-actos-del-cdxxvi-aniversario-de-la-boda-de-cervantes-y-catalina\/"},"modified":"2010-11-19T19:39:26","modified_gmt":"2010-11-19T19:39:26","slug":"programa-de-actos-del-cdxxvi-aniversario-de-la-boda-de-cervantes-y-catalina","status":"publish","type":"post","link":"http:\/\/www.cervantinaesquivias.org\/wordpress\/2010\/11\/19\/programa-de-actos-del-cdxxvi-aniversario-de-la-boda-de-cervantes-y-catalina\/","title":{"rendered":"Programa de actos del CDXXVI Aniversario de la boda de Cervantes y Catalina. 2010."},"content":{"rendered":"<p><img loading=\"lazy\" decoding=\"async\" class=\" alignleft size-full wp-image-97\" style=\"float: left; margin-left: 5px; margin-right: 5px;\" mce_style=\"float: left; margin-left: 5px; margin-right: 5px;\" src=\"http:\/\/www.cervantinaesquivias.org\/wordpress\/wp-content\/uploads\/2010\/11\/boda.png\" mce_src=\"images\/stories\/Noticias\/boda.png\" width=\"136\" height=\"95\" \/>Con motivo de la celebraci\u00f3n del CDXXVI aniversario de la Boda de Miguel de Cervantes con Catalina de Palacios se ha preparado un extenso programa de actividades desde el Viernes 3 al Lunes 13 de Diciembre, organizadas por el Excmo. Ayuntamiento de Esquivias y la Sociedad Cervantina.<\/p>\n<p><!--more--><\/p>\n<p><\/p>\n<p><\/p>\n<p><b>PROGRAMA OFICIAL DE ACTOS 2010<\/b><\/p>\n<ul>\n<li><b>PREG\u00d3N DE LA SEMANA CULTURAL<\/b>. <b>D\u00eda 3 de Diciembre<\/b><br \/>A cargo de: D. Antonio Gonz\u00e1lez Jerez (Director de ABC de Toledo)<br \/>Intervenciones de: D. Jos\u00e9 Rosell Villasevil (Presidente de la S. Cervantina) y de D. Jes\u00fas Reyes Rodr\u00edguez Portero (Alcalde de Esquivias)<br \/>Actuaci\u00f3n musical: Elvira Serrano (Chelo) y Elvira Mart\u00ednez (Viol\u00edn)<br \/>En la Casa de la Cultura a las 19,30\u00a0 Entrada libre<\/li>\n<\/ul>\n<ul>\n<li><b>TRIANGULAR DE FUTBOL. D\u00eda 4 de Diciembre<\/b><br \/>Organizado por las Escuelas Deportivas<br \/>Lugar: Campo de F\u00fatbol, a las 9,00<b><br \/><\/b><\/li>\n<\/ul>\n<ul>\n<li><b>CINE. D\u00eda 5 de Diciembre<\/b><br \/>Proyecci\u00f3n de la pel\u00edcula: DONKEY XOTE<br \/>En la Casa de la Cultura, a las 17,30 Entrada libre<\/li>\n<\/ul>\n<ul>\n<li><b>VISITAS GUIADAS POR ESQUIVIAS. D\u00eda 6 de Diciembre<\/b><br \/>ORGANIZADAS POR LA ASOCIACION DE MUJERES<br \/>Comenzar\u00e1n a las 11,30<\/li>\n<\/ul>\n<ul>\n<li><b>CONCURSO DE GASTRONOMIA. D\u00eda 7 de Diciembre<\/b><br \/>En la bodega de la Casa-Museo<br \/>(Inscripciones en el Ayuntamiento)<br \/>A las 10,00 Horas<\/li>\n<\/ul>\n<ul>\n<li><b>PASACALLES CERVANTINO<\/b>.<b> D\u00eda 8 de Diciembre<\/b><br \/>Por los lugares t\u00edpicos Cervantinos<br \/>Estar\u00e1 amenizado por un grupo de dulzainas<br \/>A las 12,00 Horas<\/li>\n<\/ul>\n<ul>\n<li><b>CONCURSO-DEGUSTACION DE VINOS DE LA TIERRA. D\u00eda 9 de Diciembre<\/b><br \/>Concurso de iniciaci\u00f3n para catadores de Vino<br \/>(Inscripci\u00f3n previa)<br \/>En la Bodega de la Casa-Museo, a las 19 Asistencia libre<br \/>Organiza nuestro colaborador y patrocinador <a mce_href=\"http:\/\/www.aceiteshermida.com\" href=\"http:\/\/www.aceiteshermida.com\"><b>Aceites Hermida<\/b><\/a><br mce_bogus=\"1\" \/><\/li>\n<\/ul>\n<ul>\n<li><b>CONCIERTO LIRICO. D\u00eda 10 de Diciembre<\/b><br \/>Con la intervenci\u00f3n de:<br \/>IRENE MORENO SANCHEZ (Soprano)<br \/>JUAN BAUTISTA CARMENA MATEOS (Pianista)<br \/>JAVIER ILLAN ORTIZ (Violinista)<br \/>En la Casa de la Cultura a las 19,30. Entrada Libre<\/li>\n<\/ul>\n<ul>\n<li><b>TEATRO. D\u00edas 11 y 12 de Diciembre<\/b><br \/>Estampas Esquive\u00f1as.2010<br \/>El d\u00eda 11 la entrada es con invitaci\u00f3n, el d\u00eda 12 la entrada es libre<br \/>En la Casa de la Cultura ambos d\u00edas a las 19 horas<\/li>\n<\/ul>\n<ul>\n<li><b>ACTO SOCIAL. D\u00eda 12 a las 14 horas<\/b><br \/>EN LOS SALONES DEL COMPLEJO H.H de ESQUIVIAS<br \/>Precio de la invitaci\u00f3n: 50,00 \u20ac<br \/>Las invitaciones\u00a0 pueden adquirirse en la CCM de Esquivias<\/li>\n<\/ul>\n<ul>\n<li><b>MISA POR LOS ASOCIADOS DIFUNTOS<\/b>. <b>D\u00eda 13 de Diciembre<\/b><br \/>En la Iglesia Parroquial a las 19,00\n<\/li>\n<\/ul>\n<p><\/p>\n","protected":false},"excerpt":{"rendered":"<p>Con motivo de la celebraci\u00f3n del CDXXVI aniversario de la Boda de Miguel de Cervantes con Catalina de Palacios se [&hellip;]<\/p>\n","protected":false},"author":1,"featured_media":97,"comment_status":"open","ping_status":"open","sticky":false,"template":"","format":"standard","meta":{"footnotes":""},"categories":[14],"tags":[],"class_list":["post-98","post","type-post","status-publish","format-standard","has-post-thumbnail","hentry","category-jornadas-cervantinas"],"_links":{"self":[{"href":"http:\/\/www.cervantinaesquivias.org\/wordpress\/wp-json\/wp\/v2\/posts\/98","targetHints":{"allow":["GET"]}}],"collection":[{"href":"http:\/\/www.cervantinaesquivias.org\/wordpress\/wp-json\/wp\/v2\/posts"}],"about":[{"href":"http:\/\/www.cervantinaesquivias.org\/wordpress\/wp-json\/wp\/v2\/types\/post"}],"author":[{"embeddable":true,"href":"http:\/\/www.cervantinaesquivias.org\/wordpress\/wp-json\/wp\/v2\/users\/1"}],"replies":[{"embeddable":true,"href":"http:\/\/www.cervantinaesquivias.org\/wordpress\/wp-json\/wp\/v2\/comments?post=98"}],"version-history":[{"count":0,"href":"http:\/\/www.cervantinaesquivias.org\/wordpress\/wp-json\/wp\/v2\/posts\/98\/revisions"}],"wp:featuredmedia":[{"embeddable":true,"href":"http:\/\/www.cervantinaesquivias.org\/wordpress\/wp-json\/wp\/v2\/media\/97"}],"wp:attachment":[{"href":"http:\/\/www.cervantinaesquivias.org\/wordpress\/wp-json\/wp\/v2\/media?parent=98"}],"wp:term":[{"taxonomy":"category","embeddable":true,"href":"http:\/\/www.cervantinaesquivias.org\/wordpress\/wp-json\/wp\/v2\/categories?post=98"},{"taxonomy":"post_tag","embeddable":true,"href":"http:\/\/www.cervantinaesquivias.org\/wordpress\/wp-json\/wp\/v2\/tags?post=98"}],"curies":[{"name":"wp","href":"https:\/\/api.w.org\/{rel}","templated":true}]}}