{"id":816,"date":"2013-06-12T11:19:08","date_gmt":"2013-06-12T11:19:08","guid":{"rendered":"http:\/\/www.cervantinaesquivias.org\/wordpress\/2013\/06\/12\/dependientes\/"},"modified":"2013-06-12T11:19:08","modified_gmt":"2013-06-12T11:19:08","slug":"dependientes","status":"publish","type":"post","link":"http:\/\/www.cervantinaesquivias.org\/wordpress\/2013\/06\/12\/dependientes\/","title":{"rendered":"LA ASOCIACION FUTURO ESQUIVIAS. AL SERVICIO DE LOS NI\u00d1OS Y MAYORES DEPENDIENTES DE ESQUIVIAS."},"content":{"rendered":"<p><\/p>\n<p style=\"text-align: justify;\" mce_style=\"text-align: justify;\"><span style=\"font-size: medium;\" mce_style=\"font-size: medium;\"><span style=\"font-family: verdana, geneva;\" mce_style=\"font-family: verdana, geneva;\">La Asociaci\u00f3n Futuro Esquivias, es una Asociaci\u00f3n sin \u00e1nimo de lucro que se fund\u00f3 el a\u00f1o 2010 en Esquivias, para dar cobertura a las personas dependientes, mayores y peque\u00f1os, desde el altruista trabajo de un grupo de mujeres naturales y\/o vecinas de Esquivias.<\/span><\/span><\/p>\n<p style=\"text-align: center;\" mce_style=\"text-align: center;\"><span style=\"font-size: medium;\" mce_style=\"font-size: medium;\"><span style=\"font-family: verdana, geneva;\" mce_style=\"font-family: verdana, geneva;\"><img loading=\"lazy\" decoding=\"async\" class=\" size-full wp-image-795 size-full wp-image-795\" src=\"http:\/\/www.cervantinaesquivias.org\/wordpress\/wp-content\/uploads\/2013\/06\/futuro-portada.jpg\" mce_src=\"http:\/\/www.cervantinaesquivias.org\/wordpress\/wp-content\/uploads\/2013\/06\/futuro-portada.jpg\" alt=\"alt\" style=\"style\" mce_style=\"style\" width=\"709\" height=\"531\" srcset=\"http:\/\/www.cervantinaesquivias.org\/wordpress\/wp-content\/uploads\/2013\/06\/futuro-portada.jpg 709w, http:\/\/www.cervantinaesquivias.org\/wordpress\/wp-content\/uploads\/2013\/06\/futuro-portada-300x225.jpg 300w\" sizes=\"auto, (max-width: 709px) 100vw, 709px\" \/><br \/><\/span><\/span><\/p>\n<p style=\"text-align: center;\" mce_style=\"text-align: center;\">(Un momento de los ejercicios de coordinaci\u00f3n a dos manos)<\/p>\n<p style=\"text-align: justify;\" mce_style=\"text-align: justify;\"><span style=\"font-size: medium;\" mce_style=\"font-size: medium;\"><span style=\"font-family: verdana, geneva;\" mce_style=\"font-family: verdana, geneva;\">La labor que estas mujeres desarrollan en beneficio de las personas <\/span><\/span><\/p>\n<p style=\"text-align: justify;\" mce_style=\"text-align: justify;\"><\/p>\n<p><!--more--><\/p>\n<p><\/p>\n<p style=\"text-align: justify;\" mce_style=\"text-align: justify;\"><span style=\"font-size: medium;\" mce_style=\"font-size: medium;\"><span style=\"font-family: verdana, geneva;\" mce_style=\"font-family: verdana, geneva;\">dependientes, es impagable, y seguramente nunca bien reconocido. En algunos casos, a las personas mayores dependientes les acompa\u00f1an alguna de sus hijas, y cuando, por ley natural de la vida las mayores ya no est\u00e1n, las hijas siguen en contacto con la Asociaci\u00f3n, la mayor\u00eda de las veces con participaci\u00f3n activa en la misma. Incluso, en algunos casos tambi\u00e9n se encargan de recoger de sus domicilios a las personas dependientes, cuando los hijos de estas personas no lo pueden hacer, ya que ellas no pueden desplazarse por si solas hasta el Centro Social.<\/span><\/span><\/p>\n<p style=\"text-align: justify;\" mce_style=\"text-align: justify;\"><span style=\"font-size: medium;\" mce_style=\"font-size: medium;\"><span style=\"font-family: verdana, geneva;\" mce_style=\"font-family: verdana, geneva;\">Para las personas mayores, ponen en pr\u00e1ctica un Taller de Terapia Ocupacional un d\u00eda a la semana, en horario de tarde, d\u00f3nde una Profesora Titulada de Yoga y Meditaci\u00f3n desarrolla una actividad tendente al mantenimiento de los actos sensoriales que toda persona precisa, incluso a la recuperaci\u00f3n de los mismos en alg\u00fan caso.<\/span><\/span><\/p>\n<p style=\"text-align: justify;\" mce_style=\"text-align: justify;\"><span style=\"font-size: medium;\" mce_style=\"font-size: medium;\"><span style=\"font-family: verdana, geneva;\" mce_style=\"font-family: verdana, geneva;\">Su actividad se halla enmarcada dentro de las actividades de los Servicios Sociales y Voluntariado, que esta Asociaci\u00f3n mantiene con toda la atenci\u00f3n que una persona es capaz de dar, con dedicaci\u00f3n personal en su caso, y ante todo de transmitir el cari\u00f1o que requiere este tipo de actividades.<\/span><\/span><\/p>\n<p style=\"text-align: justify;\" mce_style=\"text-align: justify;\"><span style=\"font-size: medium;\" mce_style=\"font-size: medium;\"><span style=\"font-family: verdana, geneva;\" mce_style=\"font-family: verdana, geneva;\">Ejercicios de concentraci\u00f3n, de memoria, de reflejos, etc. son parte de la actividades desarrolladas por la Profesora de Yoga y Meditaci\u00f3n, Charo Revilla. A estos ejercicios, y con la ayuda inestimable de las componentes de este voluntariado, se transmiten actos de relajaci\u00f3n que llevan a cabo todas juntas, como final de las actividades realizadas.<\/span><\/span><\/p>\n<p style=\"text-align: justify;\" mce_style=\"text-align: justify;\"><span style=\"font-size: medium;\" mce_style=\"font-size: medium;\"><span style=\"font-family: verdana, geneva;\" mce_style=\"font-family: verdana, geneva;\">Aunque realmente esto no termina aqu\u00ed, pues despu\u00e9s viene una suculenta merienda que la misma Asociaci\u00f3n prepara y ofrece a las personas dependientes, con productos realizados por las mismas cooperantes, en sus propios domicilios, caf\u00e9s, refrescos, etc. con lo que terminan las actividades del Taller de Terapia Ocupacional.<\/span><\/span><\/p>\n<p style=\"text-align: justify;\" mce_style=\"text-align: justify;\"><span style=\"font-size: medium;\" mce_style=\"font-size: medium;\"><span style=\"font-family: verdana, geneva;\" mce_style=\"font-family: verdana, geneva;\">Es necesario resaltar la importancia de estos trabajos, en pro de las personas que lo necesitan, y es obligado poner nombres y apellidos a las personas voluntarias que lo llevan a cabo:<\/span><\/span><\/p>\n<p style=\"text-align: center;\" mce_style=\"text-align: center;\"><span style=\"font-size: medium;\" mce_style=\"font-size: medium;\"><span style=\"font-family: verdana, geneva;\" mce_style=\"font-family: verdana, geneva;\">Maria del Carmen Fern\u00e1ndez<\/span><\/span><\/p>\n<p style=\"text-align: center;\" mce_style=\"text-align: center;\"><span style=\"font-size: medium;\" mce_style=\"font-size: medium;\"><span style=\"font-family: verdana, geneva;\" mce_style=\"font-family: verdana, geneva;\">Rosa Fern\u00e1ndez<\/span><\/span><\/p>\n<p style=\"text-align: center;\" mce_style=\"text-align: center;\"><span style=\"font-size: medium;\" mce_style=\"font-size: medium;\"><span style=\"font-family: verdana, geneva;\" mce_style=\"font-family: verdana, geneva;\">Candelas Pardo<\/span><\/span><\/p>\n<p style=\"text-align: center;\" mce_style=\"text-align: center;\"><span style=\"font-size: medium;\" mce_style=\"font-size: medium;\"><span style=\"font-family: verdana, geneva;\" mce_style=\"font-family: verdana, geneva;\">Angelines Alonso<\/span><\/span><\/p>\n<p style=\"text-align: center;\" mce_style=\"text-align: center;\"><span style=\"font-size: medium;\" mce_style=\"font-size: medium;\"><span style=\"font-family: verdana, geneva;\" mce_style=\"font-family: verdana, geneva;\">Mar\u00eda Jes\u00fas Moreno<\/span><\/span><\/p>\n<p style=\"text-align: center;\" mce_style=\"text-align: center;\"><span style=\"font-size: medium;\" mce_style=\"font-size: medium;\"><span style=\"font-family: verdana, geneva;\" mce_style=\"font-family: verdana, geneva;\">Pilar Aguado<\/span><\/span><\/p>\n<p style=\"text-align: center;\" mce_style=\"text-align: center;\"><span style=\"font-size: medium;\" mce_style=\"font-size: medium;\"><span style=\"font-family: verdana, geneva;\" mce_style=\"font-family: verdana, geneva;\">Paqui Vargas<\/span><\/span><\/p>\n<p style=\"text-align: center;\" mce_style=\"text-align: center;\"><span style=\"font-size: medium;\" mce_style=\"font-size: medium;\"><span style=\"font-family: verdana, geneva;\" mce_style=\"font-family: verdana, geneva;\">To\u00f1i Garc\u00eda<\/span><\/span><\/p>\n<p style=\"text-align: center;\" mce_style=\"text-align: center;\"><span style=\"font-size: medium;\" mce_style=\"font-size: medium;\"><span style=\"font-family: verdana, geneva;\" mce_style=\"font-family: verdana, geneva;\">Rosario Mart\u00edn<\/span><\/span><\/p>\n<p style=\"text-align: center;\" mce_style=\"text-align: center;\"><span style=\"font-size: medium;\" mce_style=\"font-size: medium;\"><span style=\"font-family: verdana, geneva;\" mce_style=\"font-family: verdana, geneva;\">Trini __________<\/span><\/span><\/p>\n<p style=\"text-align: justify;\" mce_style=\"text-align: justify;\"><span style=\"font-size: medium;\" mce_style=\"font-size: medium;\"><span style=\"font-family: verdana, geneva;\" mce_style=\"font-family: verdana, geneva;\">Naturalmente, hay que decir que todas ellas tienen sus obligaciones familiares que atender, pero demostrando que cuando se quiere hay tiempo para todo en la vida, sobre todo para dar algo de si mismo para los dem\u00e1s, como as\u00ed lo hace este grupo de mujeres y su Asociaci\u00f3n.<\/span><\/span><\/p>\n<p style=\"text-align: center;\" mce_style=\"text-align: center;\"><img loading=\"lazy\" decoding=\"async\" class=\" size-full wp-image-796 size-full wp-image-796\" src=\"http:\/\/www.cervantinaesquivias.org\/wordpress\/wp-content\/uploads\/2013\/06\/futuro-ejercicios-363.jpg\" mce_src=\"http:\/\/www.cervantinaesquivias.org\/wordpress\/wp-content\/uploads\/2013\/06\/futuro-ejercicios-363.jpg\" alt=\"alt\" width=\"709\" height=\"531\" srcset=\"http:\/\/www.cervantinaesquivias.org\/wordpress\/wp-content\/uploads\/2013\/06\/futuro-ejercicios-363.jpg 709w, http:\/\/www.cervantinaesquivias.org\/wordpress\/wp-content\/uploads\/2013\/06\/futuro-ejercicios-363-300x225.jpg 300w\" sizes=\"auto, (max-width: 709px) 100vw, 709px\" \/><\/p>\n<p style=\"text-align: center;\" mce_style=\"text-align: center;\"><span style=\"font-size: medium;\" mce_style=\"font-size: medium;\"><span style=\"font-size: small;\" mce_style=\"font-size: small;\">(Ejercicios de coordinaci\u00f3n a una sola mano)<\/span><\/span><\/p>\n<p style=\"text-align: center;\" mce_style=\"text-align: center;\"><\/p>\n<p style=\"text-align: center;\" mce_style=\"text-align: center;\"><span style=\"font-size: medium;\" mce_style=\"font-size: medium;\"><span style=\"font-size: small;\" mce_style=\"font-size: small;\"><img loading=\"lazy\" decoding=\"async\" class=\" size-full wp-image-797 size-full wp-image-797\" src=\"http:\/\/www.cervantinaesquivias.org\/wordpress\/wp-content\/uploads\/2013\/06\/futuro-ejercicios-367.jpg\" mce_src=\"http:\/\/www.cervantinaesquivias.org\/wordpress\/wp-content\/uploads\/2013\/06\/futuro-ejercicios-367.jpg\" alt=\"alt\" width=\"709\" height=\"531\" srcset=\"http:\/\/www.cervantinaesquivias.org\/wordpress\/wp-content\/uploads\/2013\/06\/futuro-ejercicios-367.jpg 709w, http:\/\/www.cervantinaesquivias.org\/wordpress\/wp-content\/uploads\/2013\/06\/futuro-ejercicios-367-300x225.jpg 300w\" sizes=\"auto, (max-width: 709px) 100vw, 709px\" \/><br \/><\/span><\/span><\/p>\n<p style=\"text-align: center;\" mce_style=\"text-align: center;\"><span style=\"font-size: medium;\" mce_style=\"font-size: medium;\"><span style=\"font-size: small;\" mce_style=\"font-size: small;\">(Ejercicios de coordinaci\u00f3n de manos y pies cambiados)<\/span><\/span><\/p>\n<p style=\"text-align: center;\" mce_style=\"text-align: center;\"><\/p>\n<p style=\"text-align: center;\" mce_style=\"text-align: center;\"><img loading=\"lazy\" decoding=\"async\" class=\" size-full wp-image-798 size-full wp-image-798\" src=\"http:\/\/www.cervantinaesquivias.org\/wordpress\/wp-content\/uploads\/2013\/06\/futuro-ejercicios-368.jpg\" mce_src=\"http:\/\/www.cervantinaesquivias.org\/wordpress\/wp-content\/uploads\/2013\/06\/futuro-ejercicios-368.jpg\" alt=\"alt\" width=\"709\" height=\"531\" srcset=\"http:\/\/www.cervantinaesquivias.org\/wordpress\/wp-content\/uploads\/2013\/06\/futuro-ejercicios-368.jpg 709w, http:\/\/www.cervantinaesquivias.org\/wordpress\/wp-content\/uploads\/2013\/06\/futuro-ejercicios-368-300x225.jpg 300w\" sizes=\"auto, (max-width: 709px) 100vw, 709px\" \/><\/p>\n<p style=\"text-align: center;\" mce_style=\"text-align: center;\"><span style=\"font-size: medium;\" mce_style=\"font-size: medium;\"><span style=\"font-size: small;\" mce_style=\"font-size: small;\">(Ejercicios de coordinaci\u00f3n a mano cambiada)<\/span><\/span><\/p>\n<p style=\"text-align: center;\" mce_style=\"text-align: center;\"><\/p>\n<p style=\"text-align: center;\" mce_style=\"text-align: center;\"><img loading=\"lazy\" decoding=\"async\" class=\" size-full wp-image-799 size-full wp-image-799\" src=\"http:\/\/www.cervantinaesquivias.org\/wordpress\/wp-content\/uploads\/2013\/06\/futuro-ejercicios-370.jpg\" mce_src=\"http:\/\/www.cervantinaesquivias.org\/wordpress\/wp-content\/uploads\/2013\/06\/futuro-ejercicios-370.jpg\" alt=\"alt\" width=\"709\" height=\"531\" srcset=\"http:\/\/www.cervantinaesquivias.org\/wordpress\/wp-content\/uploads\/2013\/06\/futuro-ejercicios-370.jpg 709w, http:\/\/www.cervantinaesquivias.org\/wordpress\/wp-content\/uploads\/2013\/06\/futuro-ejercicios-370-300x225.jpg 300w\" sizes=\"auto, (max-width: 709px) 100vw, 709px\" \/><\/p>\n<p style=\"text-align: center;\" mce_style=\"text-align: center;\">(Otro momento de ejercicios de coordinaci\u00f3n)<\/p>\n<p style=\"text-align: center;\" mce_style=\"text-align: center;\"><\/p>\n<p style=\"text-align: center;\" mce_style=\"text-align: center;\"><img loading=\"lazy\" decoding=\"async\" class=\" size-full wp-image-800 size-full wp-image-800\" src=\"http:\/\/www.cervantinaesquivias.org\/wordpress\/wp-content\/uploads\/2013\/06\/futuro-ejercicios-382.jpg\" mce_src=\"http:\/\/www.cervantinaesquivias.org\/wordpress\/wp-content\/uploads\/2013\/06\/futuro-ejercicios-382.jpg\" alt=\"alt\" width=\"709\" height=\"531\" srcset=\"http:\/\/www.cervantinaesquivias.org\/wordpress\/wp-content\/uploads\/2013\/06\/futuro-ejercicios-382.jpg 709w, http:\/\/www.cervantinaesquivias.org\/wordpress\/wp-content\/uploads\/2013\/06\/futuro-ejercicios-382-300x225.jpg 300w\" sizes=\"auto, (max-width: 709px) 100vw, 709px\" \/><\/p>\n<p style=\"text-align: center;\" mce_style=\"text-align: center;\"><span style=\"font-size: medium;\" mce_style=\"font-size: medium;\"><span style=\"font-size: small;\" mce_style=\"font-size: small;\">(Ejercicios de torsi\u00f3n de columna)<\/span><\/span><\/p>\n<p style=\"text-align: center;\" mce_style=\"text-align: center;\"><\/p>\n<p style=\"text-align: center;\" mce_style=\"text-align: center;\"><img loading=\"lazy\" decoding=\"async\" class=\" size-full wp-image-801 size-full wp-image-801\" src=\"http:\/\/www.cervantinaesquivias.org\/wordpress\/wp-content\/uploads\/2013\/06\/futuro-relajacion-394.jpg\" mce_src=\"http:\/\/www.cervantinaesquivias.org\/wordpress\/wp-content\/uploads\/2013\/06\/futuro-relajacion-394.jpg\" alt=\"alt\" width=\"709\" height=\"531\" srcset=\"http:\/\/www.cervantinaesquivias.org\/wordpress\/wp-content\/uploads\/2013\/06\/futuro-relajacion-394.jpg 709w, http:\/\/www.cervantinaesquivias.org\/wordpress\/wp-content\/uploads\/2013\/06\/futuro-relajacion-394-300x225.jpg 300w\" sizes=\"auto, (max-width: 709px) 100vw, 709px\" \/><\/p>\n<p style=\"text-align: center;\" mce_style=\"text-align: center;\">(Ejercicios de relajaci\u00f3n por las cooperantes)<\/p>\n<p style=\"text-align: center;\" mce_style=\"text-align: center;\"><\/p>\n<p style=\"text-align: center;\" mce_style=\"text-align: center;\"><img loading=\"lazy\" decoding=\"async\" class=\" size-full wp-image-802 size-full wp-image-802\" src=\"http:\/\/www.cervantinaesquivias.org\/wordpress\/wp-content\/uploads\/2013\/06\/futuro-relajacion-395.jpg\" mce_src=\"http:\/\/www.cervantinaesquivias.org\/wordpress\/wp-content\/uploads\/2013\/06\/futuro-relajacion-395.jpg\" alt=\"alt\" width=\"709\" height=\"623\" srcset=\"http:\/\/www.cervantinaesquivias.org\/wordpress\/wp-content\/uploads\/2013\/06\/futuro-relajacion-395.jpg 709w, http:\/\/www.cervantinaesquivias.org\/wordpress\/wp-content\/uploads\/2013\/06\/futuro-relajacion-395-300x264.jpg 300w\" sizes=\"auto, (max-width: 709px) 100vw, 709px\" \/><\/p>\n<p style=\"text-align: center;\" mce_style=\"text-align: center;\">(Otro momento de ejercicios de relajaci\u00f3n)<\/p>\n<p style=\"text-align: center;\" mce_style=\"text-align: center;\"><\/p>\n<p style=\"text-align: center;\" mce_style=\"text-align: center;\"><img loading=\"lazy\" decoding=\"async\" class=\" size-full wp-image-803 size-full wp-image-803\" src=\"http:\/\/www.cervantinaesquivias.org\/wordpress\/wp-content\/uploads\/2013\/06\/futuro-relajacion-397.jpg\" mce_src=\"http:\/\/www.cervantinaesquivias.org\/wordpress\/wp-content\/uploads\/2013\/06\/futuro-relajacion-397.jpg\" alt=\"alt\" width=\"709\" height=\"531\" srcset=\"http:\/\/www.cervantinaesquivias.org\/wordpress\/wp-content\/uploads\/2013\/06\/futuro-relajacion-397.jpg 709w, http:\/\/www.cervantinaesquivias.org\/wordpress\/wp-content\/uploads\/2013\/06\/futuro-relajacion-397-300x225.jpg 300w\" sizes=\"auto, (max-width: 709px) 100vw, 709px\" \/><\/p>\n<p style=\"text-align: center;\" mce_style=\"text-align: center;\"><span style=\"font-size: medium;\" mce_style=\"font-size: medium;\"><span style=\"font-size: small;\" mce_style=\"font-size: small;\">(Las personas mayores dejar escapar sus ansiedades, mientras los nietos aprenden)<\/span><\/span><\/p>\n<p style=\"text-align: center;\" mce_style=\"text-align: center;\"><\/p>\n<p style=\"text-align: center;\" mce_style=\"text-align: center;\"><span style=\"font-size: medium;\" mce_style=\"font-size: medium;\"><span style=\"font-size: small;\" mce_style=\"font-size: small;\"><img loading=\"lazy\" decoding=\"async\" class=\" size-full wp-image-804 size-full wp-image-804\" src=\"http:\/\/www.cervantinaesquivias.org\/wordpress\/wp-content\/uploads\/2013\/06\/futuro-relajacion-399.jpg\" mce_src=\"http:\/\/www.cervantinaesquivias.org\/wordpress\/wp-content\/uploads\/2013\/06\/futuro-relajacion-399.jpg\" alt=\"alt\" width=\"709\" height=\"1024\" srcset=\"http:\/\/www.cervantinaesquivias.org\/wordpress\/wp-content\/uploads\/2013\/06\/futuro-relajacion-399.jpg 709w, http:\/\/www.cervantinaesquivias.org\/wordpress\/wp-content\/uploads\/2013\/06\/futuro-relajacion-399-208x300.jpg 208w\" sizes=\"auto, (max-width: 709px) 100vw, 709px\" \/><br \/><\/span><\/span><\/p>\n<p style=\"text-align: center;\" mce_style=\"text-align: center;\">(La Profesora transmite consejos mientras relaja a Jes\u00fas. Bueno, casi)<\/p>\n<p style=\"text-align: center;\" mce_style=\"text-align: center;\"><\/p>\n<p style=\"text-align: center;\" mce_style=\"text-align: center;\"><img loading=\"lazy\" decoding=\"async\" class=\" size-full wp-image-805 size-full wp-image-805\" src=\"http:\/\/www.cervantinaesquivias.org\/wordpress\/wp-content\/uploads\/2013\/06\/futuro-relajacion-407.jpg\" mce_src=\"http:\/\/www.cervantinaesquivias.org\/wordpress\/wp-content\/uploads\/2013\/06\/futuro-relajacion-407.jpg\" alt=\"alt\" width=\"709\" height=\"531\" srcset=\"http:\/\/www.cervantinaesquivias.org\/wordpress\/wp-content\/uploads\/2013\/06\/futuro-relajacion-407.jpg 709w, http:\/\/www.cervantinaesquivias.org\/wordpress\/wp-content\/uploads\/2013\/06\/futuro-relajacion-407-300x225.jpg 300w\" sizes=\"auto, (max-width: 709px) 100vw, 709px\" \/><\/p>\n<p style=\"text-align: center;\" mce_style=\"text-align: center;\"><span style=\"font-size: medium;\" mce_style=\"font-size: medium;\"><span style=\"font-size: small;\" mce_style=\"font-size: small;\">(Otro momento de relajaci\u00f3n con ayuda del voluntariado)<\/span><\/span><\/p>\n<p style=\"text-align: center;\" mce_style=\"text-align: center;\"><\/p>\n<p style=\"text-align: center;\" mce_style=\"text-align: center;\"><img loading=\"lazy\" decoding=\"async\" class=\" size-full wp-image-806 size-full wp-image-806\" src=\"http:\/\/www.cervantinaesquivias.org\/wordpress\/wp-content\/uploads\/2013\/06\/futuro-merienda-423.jpg\" mce_src=\"http:\/\/www.cervantinaesquivias.org\/wordpress\/wp-content\/uploads\/2013\/06\/futuro-merienda-423.jpg\" alt=\"alt\" width=\"709\" height=\"531\" srcset=\"http:\/\/www.cervantinaesquivias.org\/wordpress\/wp-content\/uploads\/2013\/06\/futuro-merienda-423.jpg 709w, http:\/\/www.cervantinaesquivias.org\/wordpress\/wp-content\/uploads\/2013\/06\/futuro-merienda-423-300x225.jpg 300w\" sizes=\"auto, (max-width: 709px) 100vw, 709px\" \/><\/p>\n<p style=\"text-align: center;\" mce_style=\"text-align: center;\"><span style=\"font-size: medium;\" mce_style=\"font-size: medium;\"><span style=\"font-size: small;\" mce_style=\"font-size: small;\">(Ha llegado la hora de la merienda. Todo exquisito)<\/span><\/span><\/p>\n<p style=\"text-align: center;\" mce_style=\"text-align: center;\"><\/p>\n<p style=\"text-align: center;\" mce_style=\"text-align: center;\"><span style=\"font-size: medium;\" mce_style=\"font-size: medium;\"><span style=\"font-size: small;\" mce_style=\"font-size: small;\"><img loading=\"lazy\" decoding=\"async\" class=\" size-full wp-image-807 size-full wp-image-807\" src=\"http:\/\/www.cervantinaesquivias.org\/wordpress\/wp-content\/uploads\/2013\/06\/futuro-merienda-424.jpg\" mce_src=\"http:\/\/www.cervantinaesquivias.org\/wordpress\/wp-content\/uploads\/2013\/06\/futuro-merienda-424.jpg\" alt=\"alt\" width=\"709\" height=\"531\" srcset=\"http:\/\/www.cervantinaesquivias.org\/wordpress\/wp-content\/uploads\/2013\/06\/futuro-merienda-424.jpg 709w, http:\/\/www.cervantinaesquivias.org\/wordpress\/wp-content\/uploads\/2013\/06\/futuro-merienda-424-300x225.jpg 300w\" sizes=\"auto, (max-width: 709px) 100vw, 709px\" \/><br \/><\/span><\/span><\/p>\n<p style=\"text-align: center;\" mce_style=\"text-align: center;\">(Angelines, por ser la mayor de todas, con sus 90 a\u00f1os cumplidos, es el centro de atenci\u00f3n)<\/p>\n<p style=\"text-align: justify;\" mce_style=\"text-align: justify;\"><\/p>\n<p style=\"text-align: justify;\" mce_style=\"text-align: justify;\"><span style=\"font-size: medium; font-family: verdana, geneva;\" mce_style=\"font-size: medium; font-family: verdana, geneva;\">Esto en cuanto a los mayores, que los menores tambi\u00e9n tienen su momento de practicar ejercicios que les servir\u00e1 en el futuro para una mejor calidad de vida.<\/span><\/p>\n<p style=\"text-align: justify;\" mce_style=\"text-align: justify;\"><span style=\"font-size: medium; font-family: verdana, geneva;\" mce_style=\"font-size: medium; font-family: verdana, geneva;\">Otro grupo de mujeres voluntarias colaboran con la Monitora de Relajaci\u00f3n y Tai-Chi, Tania Ruiz, a realizar ejercicios de coordinaci\u00f3n, sincronizaci\u00f3n, equilibrio, abdominal, etc. entre los menores que acuden a estas clases. De la misma forma, acuden las madres de algunos ni\u00f1os a las clases de Tai-Chi, para aprender a relajarse con ellos, y afianzar el v\u00ednculo madre\/hijo. En algunos casos, cuando la madre no puede acudir, en su caso lo hace la abuela.<\/span><\/p>\n<p style=\"text-align: justify;\" mce_style=\"text-align: justify;\"><span style=\"font-size: medium; font-family: verdana, geneva;\" mce_style=\"font-size: medium; font-family: verdana, geneva;\">Este grupo de mujeres, tambi\u00e9n compaginan sus quehaceres cotidianos y familiares con la participaci\u00f3n en estas clases, y es justo destacar sus nombres:<\/span><\/p>\n<p style=\"text-align: center;\" mce_style=\"text-align: center;\"><span style=\"font-size: medium; font-family: verdana, geneva;\" mce_style=\"font-size: medium; font-family: verdana, geneva;\">Esther Torrej\u00f3n<\/span><\/p>\n<p style=\"text-align: center;\" mce_style=\"text-align: center;\"><span style=\"font-size: medium; font-family: verdana, geneva;\" mce_style=\"font-size: medium; font-family: verdana, geneva;\">Yolanda Rodriguez<\/span><\/p>\n<p style=\"text-align: center;\" mce_style=\"text-align: center;\"><span style=\"font-size: medium; font-family: verdana, geneva;\" mce_style=\"font-size: medium; font-family: verdana, geneva;\">Bel\u00e9n Carmena<\/span><\/p>\n<p style=\"text-align: center;\" mce_style=\"text-align: center;\"><span style=\"font-size: medium; font-family: verdana, geneva;\" mce_style=\"font-size: medium; font-family: verdana, geneva;\">Clara Amor<\/span><\/p>\n<p style=\"text-align: center;\" mce_style=\"text-align: center;\"><span style=\"font-size: medium; font-family: verdana, geneva;\" mce_style=\"font-size: medium; font-family: verdana, geneva;\">Natacha Li\u00e9bana<\/span><\/p>\n<p style=\"text-align: center;\" mce_style=\"text-align: center;\"><span style=\"font-size: medium; font-family: verdana, geneva;\" mce_style=\"font-size: medium; font-family: verdana, geneva;\">Isabel Due\u00f1as<\/span><\/p>\n<p style=\"text-align: center;\" mce_style=\"text-align: center;\"><span style=\"font-size: medium; font-family: verdana, geneva;\" mce_style=\"font-size: medium; font-family: verdana, geneva;\">Nuria Lozano.<\/span><\/p>\n<p style=\"text-align: justify;\" mce_style=\"text-align: justify;\"><span style=\"font-size: medium; font-family: verdana, geneva;\" mce_style=\"font-size: medium; font-family: verdana, geneva;\">A todas ellas, nuestros mejores deseos para el futuro, transmitiendo en esta p\u00e1gina lo que nos hacen llegar: Que toda aquella persona que lo desee, puede ponerse en contacto con la Asociaci\u00f3n para incorporarse a estas Clases de Dependencia.<\/span><\/p>\n<p style=\"text-align: justify;\" mce_style=\"text-align: justify;\"><\/p>\n<p style=\"text-align: center;\" mce_style=\"text-align: center;\"><span style=\"font-size: medium; font-family: verdana, geneva;\" mce_style=\"font-size: medium; font-family: verdana, geneva;\"><img loading=\"lazy\" decoding=\"async\" class=\" size-full wp-image-808 size-full wp-image-808\" src=\"http:\/\/www.cervantinaesquivias.org\/wordpress\/wp-content\/uploads\/2013\/06\/futuro-jovenes-427.jpg\" mce_src=\"http:\/\/www.cervantinaesquivias.org\/wordpress\/wp-content\/uploads\/2013\/06\/futuro-jovenes-427.jpg\" alt=\"alt\" width=\"709\" height=\"531\" srcset=\"http:\/\/www.cervantinaesquivias.org\/wordpress\/wp-content\/uploads\/2013\/06\/futuro-jovenes-427.jpg 709w, http:\/\/www.cervantinaesquivias.org\/wordpress\/wp-content\/uploads\/2013\/06\/futuro-jovenes-427-300x225.jpg 300w\" sizes=\"auto, (max-width: 709px) 100vw, 709px\" \/><br \/><\/span><\/p>\n<p style=\"text-align: center;\" mce_style=\"text-align: center;\">(Practicando uno de los ejercicios)<\/p>\n<p style=\"text-align: center;\" mce_style=\"text-align: center;\"><\/p>\n<p style=\"text-align: center;\" mce_style=\"text-align: center;\"><img loading=\"lazy\" decoding=\"async\" class=\" size-full wp-image-809 size-full wp-image-809\" src=\"http:\/\/www.cervantinaesquivias.org\/wordpress\/wp-content\/uploads\/2013\/06\/futuro-jovenes-428.jpg\" mce_src=\"http:\/\/www.cervantinaesquivias.org\/wordpress\/wp-content\/uploads\/2013\/06\/futuro-jovenes-428.jpg\" alt=\"alt\" width=\"709\" height=\"531\" srcset=\"http:\/\/www.cervantinaesquivias.org\/wordpress\/wp-content\/uploads\/2013\/06\/futuro-jovenes-428.jpg 709w, http:\/\/www.cervantinaesquivias.org\/wordpress\/wp-content\/uploads\/2013\/06\/futuro-jovenes-428-300x225.jpg 300w\" sizes=\"auto, (max-width: 709px) 100vw, 709px\" \/><\/p>\n<p style=\"text-align: center;\" mce_style=\"text-align: center;\">(Tania Ruiz, Monitora, transmitiendo algunos ejercicios)<\/p>\n<p style=\"text-align: center;\" mce_style=\"text-align: center;\"><\/p>\n<p style=\"text-align: center;\" mce_style=\"text-align: center;\"><img loading=\"lazy\" decoding=\"async\" class=\" size-full wp-image-810 size-full wp-image-810\" src=\"http:\/\/www.cervantinaesquivias.org\/wordpress\/wp-content\/uploads\/2013\/06\/futuro-jovenes-430.jpg\" mce_src=\"http:\/\/www.cervantinaesquivias.org\/wordpress\/wp-content\/uploads\/2013\/06\/futuro-jovenes-430.jpg\" alt=\"alt\" width=\"709\" height=\"901\" srcset=\"http:\/\/www.cervantinaesquivias.org\/wordpress\/wp-content\/uploads\/2013\/06\/futuro-jovenes-430.jpg 709w, http:\/\/www.cervantinaesquivias.org\/wordpress\/wp-content\/uploads\/2013\/06\/futuro-jovenes-430-236x300.jpg 236w\" sizes=\"auto, (max-width: 709px) 100vw, 709px\" \/><\/p>\n<p style=\"text-align: center;\" mce_style=\"text-align: center;\">(Alguna falta de concentraci\u00f3n en los j\u00f3venes, pero aplicados)<\/p>\n<p style=\"text-align: center;\" mce_style=\"text-align: center;\"><\/p>\n<p style=\"text-align: center;\" mce_style=\"text-align: center;\"><img loading=\"lazy\" decoding=\"async\" class=\" size-full wp-image-811 size-full wp-image-811\" src=\"http:\/\/www.cervantinaesquivias.org\/wordpress\/wp-content\/uploads\/2013\/06\/futuro-jovenes-433.jpg\" mce_src=\"http:\/\/www.cervantinaesquivias.org\/wordpress\/wp-content\/uploads\/2013\/06\/futuro-jovenes-433.jpg\" alt=\"alt\" width=\"709\" height=\"531\" srcset=\"http:\/\/www.cervantinaesquivias.org\/wordpress\/wp-content\/uploads\/2013\/06\/futuro-jovenes-433.jpg 709w, http:\/\/www.cervantinaesquivias.org\/wordpress\/wp-content\/uploads\/2013\/06\/futuro-jovenes-433-300x225.jpg 300w\" sizes=\"auto, (max-width: 709px) 100vw, 709px\" \/><\/p>\n<p style=\"text-align: center;\" mce_style=\"text-align: center;\">(Flexionando la columna)<\/p>\n<p style=\"text-align: center;\" mce_style=\"text-align: center;\"><\/p>\n<p style=\"text-align: center;\" mce_style=\"text-align: center;\"><img loading=\"lazy\" decoding=\"async\" class=\" size-full wp-image-812 size-full wp-image-812\" src=\"http:\/\/www.cervantinaesquivias.org\/wordpress\/wp-content\/uploads\/2013\/06\/futuro-jovenes-436.jpg\" mce_src=\"http:\/\/www.cervantinaesquivias.org\/wordpress\/wp-content\/uploads\/2013\/06\/futuro-jovenes-436.jpg\" alt=\"alt\" width=\"709\" height=\"591\" srcset=\"http:\/\/www.cervantinaesquivias.org\/wordpress\/wp-content\/uploads\/2013\/06\/futuro-jovenes-436.jpg 709w, http:\/\/www.cervantinaesquivias.org\/wordpress\/wp-content\/uploads\/2013\/06\/futuro-jovenes-436-300x250.jpg 300w\" sizes=\"auto, (max-width: 709px) 100vw, 709px\" \/><\/p>\n<p style=\"text-align: center;\" mce_style=\"text-align: center;\">(Realizando pr\u00e1cticas de equilibrio)<\/p>\n<p style=\"text-align: center;\" mce_style=\"text-align: center;\"><\/p>\n<p style=\"text-align: center;\" mce_style=\"text-align: center;\"><img loading=\"lazy\" decoding=\"async\" class=\" size-full wp-image-813 size-full wp-image-813\" src=\"http:\/\/www.cervantinaesquivias.org\/wordpress\/wp-content\/uploads\/2013\/06\/futuro-jovenes-438.jpg\" mce_src=\"http:\/\/www.cervantinaesquivias.org\/wordpress\/wp-content\/uploads\/2013\/06\/futuro-jovenes-438.jpg\" alt=\"alt\" width=\"709\" height=\"759\" srcset=\"http:\/\/www.cervantinaesquivias.org\/wordpress\/wp-content\/uploads\/2013\/06\/futuro-jovenes-438.jpg 709w, http:\/\/www.cervantinaesquivias.org\/wordpress\/wp-content\/uploads\/2013\/06\/futuro-jovenes-438-280x300.jpg 280w\" sizes=\"auto, (max-width: 709px) 100vw, 709px\" \/><\/p>\n<p style=\"text-align: center;\" mce_style=\"text-align: center;\">(El trabajo en equipo es fundamental. Observando a Cristina, adem\u00e1s se ve que lo pasan bien)<\/p>\n<p style=\"text-align: center;\" mce_style=\"text-align: center;\"><\/p>\n<p style=\"text-align: center;\" mce_style=\"text-align: center;\"><img loading=\"lazy\" decoding=\"async\" class=\" size-full wp-image-814 size-full wp-image-814\" src=\"http:\/\/www.cervantinaesquivias.org\/wordpress\/wp-content\/uploads\/2013\/06\/futuro-jovenes-440.jpg\" mce_src=\"http:\/\/www.cervantinaesquivias.org\/wordpress\/wp-content\/uploads\/2013\/06\/futuro-jovenes-440.jpg\" alt=\"alt\" width=\"709\" height=\"515\" srcset=\"http:\/\/www.cervantinaesquivias.org\/wordpress\/wp-content\/uploads\/2013\/06\/futuro-jovenes-440.jpg 709w, http:\/\/www.cervantinaesquivias.org\/wordpress\/wp-content\/uploads\/2013\/06\/futuro-jovenes-440-300x218.jpg 300w\" sizes=\"auto, (max-width: 709px) 100vw, 709px\" \/><\/p>\n<p style=\"text-align: center;\" mce_style=\"text-align: center;\">(Realizando ejercicios pr\u00e1cticos para el organismo interno: abdominal, intestinal, etc.)<\/p>\n<p style=\"text-align: center;\" mce_style=\"text-align: center;\"><\/p>\n<p style=\"text-align: center;\" mce_style=\"text-align: center;\"><img loading=\"lazy\" decoding=\"async\" class=\" size-full wp-image-815 size-full wp-image-815\" src=\"http:\/\/www.cervantinaesquivias.org\/wordpress\/wp-content\/uploads\/2013\/06\/futuro-jovenes-442.jpg\" mce_src=\"http:\/\/www.cervantinaesquivias.org\/wordpress\/wp-content\/uploads\/2013\/06\/futuro-jovenes-442.jpg\" alt=\"alt\" width=\"709\" height=\"519\" srcset=\"http:\/\/www.cervantinaesquivias.org\/wordpress\/wp-content\/uploads\/2013\/06\/futuro-jovenes-442.jpg 709w, http:\/\/www.cervantinaesquivias.org\/wordpress\/wp-content\/uploads\/2013\/06\/futuro-jovenes-442-300x220.jpg 300w\" sizes=\"auto, (max-width: 709px) 100vw, 709px\" \/><\/p>\n<p style=\"text-align: center;\" mce_style=\"text-align: center;\">(La colaboraci\u00f3n del voluntariado es imprescindible en algunos ejercicios).<\/p>\n<p style=\"text-align: center;\" mce_style=\"text-align: center;\"><\/p>\n<p style=\"text-align: center;\" mce_style=\"text-align: center;\"><\/p>\n<p style=\"text-align: justify;\" mce_style=\"text-align: justify;\"><span style=\"font-size: medium; font-family: verdana, geneva;\" mce_style=\"font-size: medium; font-family: verdana, geneva;\">Si desean tener mas informaci\u00f3n de esta Asociaci\u00f3n, pinchar en el siguiente enlace, y los contenidos en la propia p\u00e1gina:<\/span><\/p>\n<p style=\"text-align: justify;\" mce_style=\"text-align: justify;\"><\/p>\n<p style=\"text-align: center;\" mce_style=\"text-align: center;\"><span style=\"font-family: verdana, geneva; font-size: medium; line-height: 1.3em;\" mce_style=\"font-family: verdana, geneva; font-size: medium; line-height: 1.3em;\"><a href=\"https:\/\/sites.google.com\/site\/futuroesquivias2010\/\" mce_href=\"https:\/\/sites.google.com\/site\/futuroesquivias2010\/\" style=\"style\" mce_style=\"style\">https:\/\/sites.google.com\/site\/futuroesquivias2010\/<\/a>\u00a0<\/span><\/p>\n<p style=\"text-align: right;\" mce_style=\"text-align: right;\"><span style=\"font-size: small;\" mce_style=\"font-size: small;\"><span style=\"line-height: 20.796875px;\" mce_style=\"line-height: 20.796875px;\"><span style=\"font-family: helvetica;\" mce_style=\"font-family: helvetica;\"><i><b>Sabino de Diego.<\/b><\/i><\/span><\/span><\/span><\/p>\n<p style=\"text-align: justify;\" mce_style=\"text-align: justify;\"><span style=\"font-size: medium;\" mce_style=\"font-size: medium;\"><span style=\"font-family: verdana, geneva;\" mce_style=\"font-family: verdana, geneva;\"><br \/><\/span><\/span><\/p>\n<p style=\"text-align: justify;\" mce_style=\"text-align: justify;\"><span style=\"font-size: medium;\" mce_style=\"font-size: medium;\"><span style=\"font-family: verdana, geneva;\" mce_style=\"font-family: verdana, geneva;\"><br \/><\/span><\/span><\/p>\n<p><\/p>\n","protected":false},"excerpt":{"rendered":"<p>La Asociaci\u00f3n Futuro Esquivias, es una Asociaci\u00f3n sin \u00e1nimo de lucro que se fund\u00f3 el a\u00f1o 2010 en Esquivias, para [&hellip;]<\/p>\n","protected":false},"author":1,"featured_media":795,"comment_status":"open","ping_status":"open","sticky":false,"template":"","format":"standard","meta":{"footnotes":""},"categories":[9],"tags":[],"class_list":["post-816","post","type-post","status-publish","format-standard","has-post-thumbnail","hentry","category-noticias-de-la-web"],"_links":{"self":[{"href":"http:\/\/www.cervantinaesquivias.org\/wordpress\/wp-json\/wp\/v2\/posts\/816","targetHints":{"allow":["GET"]}}],"collection":[{"href":"http:\/\/www.cervantinaesquivias.org\/wordpress\/wp-json\/wp\/v2\/posts"}],"about":[{"href":"http:\/\/www.cervantinaesquivias.org\/wordpress\/wp-json\/wp\/v2\/types\/post"}],"author":[{"embeddable":true,"href":"http:\/\/www.cervantinaesquivias.org\/wordpress\/wp-json\/wp\/v2\/users\/1"}],"replies":[{"embeddable":true,"href":"http:\/\/www.cervantinaesquivias.org\/wordpress\/wp-json\/wp\/v2\/comments?post=816"}],"version-history":[{"count":0,"href":"http:\/\/www.cervantinaesquivias.org\/wordpress\/wp-json\/wp\/v2\/posts\/816\/revisions"}],"wp:featuredmedia":[{"embeddable":true,"href":"http:\/\/www.cervantinaesquivias.org\/wordpress\/wp-json\/wp\/v2\/media\/795"}],"wp:attachment":[{"href":"http:\/\/www.cervantinaesquivias.org\/wordpress\/wp-json\/wp\/v2\/media?parent=816"}],"wp:term":[{"taxonomy":"category","embeddable":true,"href":"http:\/\/www.cervantinaesquivias.org\/wordpress\/wp-json\/wp\/v2\/categories?post=816"},{"taxonomy":"post_tag","embeddable":true,"href":"http:\/\/www.cervantinaesquivias.org\/wordpress\/wp-json\/wp\/v2\/tags?post=816"}],"curies":[{"name":"wp","href":"https:\/\/api.w.org\/{rel}","templated":true}]}}