{"id":786,"date":"2013-06-04T14:57:02","date_gmt":"2013-06-04T14:57:02","guid":{"rendered":"http:\/\/www.cervantinaesquivias.org\/wordpress\/2013\/06\/04\/parejas-de-amigos-en-la-funcion-de-esquivias-de-1992\/"},"modified":"2013-06-04T14:57:02","modified_gmt":"2013-06-04T14:57:02","slug":"parejas-de-amigos-en-la-funcion-de-esquivias-de-1992","status":"publish","type":"post","link":"http:\/\/www.cervantinaesquivias.org\/wordpress\/2013\/06\/04\/parejas-de-amigos-en-la-funcion-de-esquivias-de-1992\/","title":{"rendered":"PAREJAS DE AMIGOS EN LA FUNCION DE ESQUIVIAS DE 1992."},"content":{"rendered":"<p style=\"text-align: center;\" mce_style=\"text-align: center;\"><\/p>\n<p style=\"text-align: center;\" mce_style=\"text-align: center;\"><img loading=\"lazy\" decoding=\"async\" class=\" size-full wp-image-785 size-full wp-image-785\" src=\"http:\/\/www.cervantinaesquivias.org\/wordpress\/wp-content\/uploads\/2013\/06\/foto-mayores-en-la-funcion-1992-2.jpg\" mce_src=\"http:\/\/www.cervantinaesquivias.org\/wordpress\/wp-content\/uploads\/2013\/06\/foto-mayores-en-la-funcion-1992-2.jpg\" alt=\"alt\" width=\"709\" height=\"476\" srcset=\"http:\/\/www.cervantinaesquivias.org\/wordpress\/wp-content\/uploads\/2013\/06\/foto-mayores-en-la-funcion-1992-2.jpg 709w, http:\/\/www.cervantinaesquivias.org\/wordpress\/wp-content\/uploads\/2013\/06\/foto-mayores-en-la-funcion-1992-2-300x201.jpg 300w\" sizes=\"auto, (max-width: 709px) 100vw, 709px\" \/><\/p>\n<p style=\"text-align: justify;\" mce_style=\"text-align: justify;\"><\/p>\n<p style=\"text-align: justify;\" mce_style=\"text-align: justify;\"><span style=\"font-size: medium;\" mce_style=\"font-size: medium;\"><span style=\"font-family: verdana, geneva;\" mce_style=\"font-family: verdana, geneva;\">Esta fotograf\u00eda recoge un grupo de amigos, con sus respectivas esposas, el d\u00eda 22 de Agosto de 1992, en la vivienda de Manuel Ugena e Isabel S\u00e1nchez.<\/span><\/span><\/p>\n<p style=\"text-align: justify;\" mce_style=\"text-align: justify;\"><span style=\"font-size: medium;\" mce_style=\"font-size: medium;\"><span style=\"font-family: verdana, geneva;\" mce_style=\"font-family: verdana, geneva;\">Probablemente no hab\u00edan corrido en el encierro de los toros de ese d\u00eda, pero era un buen momento para reunirse, hacer una barbacoa y celebrar la fiesta todos juntos en perfecta uni\u00f3n y armon\u00eda, como<\/span><span style=\"font-family: verdana, geneva;\" mce_style=\"font-family: verdana, geneva;\"> <span style=\"font-size: medium;\" mce_style=\"font-size: medium;\">as\u00ed ocurr\u00eda todos los d\u00edas que los mismos alternaban. Las edades de cada uno, oscilaban entre los 70 y 80 a\u00f1os.<\/span><\/span><\/span><\/p>\n<p style=\"text-align: justify;\" mce_style=\"text-align: justify;\"><span style=\"font-size: medium;\" mce_style=\"font-size: medium;\"><span style=\"font-family: verdana, geneva;\" mce_style=\"font-family: verdana, geneva;\">Cuando se hace una foto de estas, suele ocurrir que el mas joven se sienta delante del grupo en el suelo, solo que aqu\u00ed se rompi\u00f3 la regla, pues Justino era uno de los mayores.\u00a0<\/span><\/span><\/p>\n<p style=\"text-align: justify;\" mce_style=\"text-align: justify;\"><span style=\"font-size: medium;\" mce_style=\"font-size: medium;\"><span style=\"font-family: verdana, geneva;\" mce_style=\"font-family: verdana, geneva;\">En la fila superior, de izquierda a derecha: Manolo Ugena \u00abCartero\u00bb, Mill\u00e1n de Diego, Valent\u00edn Sim\u00f3n \u00abChondo\u00bb y Alejandro Garc\u00eda \u00abCalesa\u00bb.<\/span><\/span><\/p>\n<p style=\"text-align: justify;\" mce_style=\"text-align: justify;\"><span style=\"font-size: medium;\" mce_style=\"font-size: medium;\"><span style=\"font-family: verdana, geneva;\" mce_style=\"font-family: verdana, geneva;\">En la fila intermedia, de izquierda a derecha: Josefa Romero, Isabel S\u00e1nchez, Juana de Diego, Emiliana del Barrio, Anastasia Garc\u00eda, Gregoria Naranjo y Crisanto Pascual.<\/span><\/span><\/p>\n<p style=\"text-align: justify;\" mce_style=\"text-align: justify;\"><span style=\"font-size: medium;\" mce_style=\"font-size: medium;\"><span style=\"font-family: verdana, geneva;\" mce_style=\"font-family: verdana, geneva;\">Sentado en el suelo: Justino S\u00e1nchez.<\/span><\/span><\/p>\n<p style=\"text-align: justify;\" mce_style=\"text-align: justify;\"><span style=\"font-size: medium;\" mce_style=\"font-size: medium;\"><span style=\"font-family: verdana, geneva;\" mce_style=\"font-family: verdana, geneva;\">A la fecha de esta publicaci\u00f3n, a\u00f1o 2013, todos han fallecido, bien es cierto que la mayor parte de ellos pr\u00f3ximos a los 90 a\u00f1os de edad.<\/span><\/span><\/p>\n<p style=\"text-align: right;\" mce_style=\"text-align: right;\"><span style=\"font-size: small;\" mce_style=\"font-size: small;\"><span style=\"font-family: helvetica;\" mce_style=\"font-family: helvetica;\"><i><b>Sabino de Diego<\/b><\/i><\/span><\/span>.<\/p>\n<p style=\"text-align: center;\" mce_style=\"text-align: center;\"><\/p>\n<p style=\"text-align: center;\" mce_style=\"text-align: center;\"><\/p>\n<p style=\"text-align: center;\" mce_style=\"text-align: center;\"><\/p>\n<p style=\"text-align: center;\" mce_style=\"text-align: center;\"><\/p>\n<p style=\"text-align: center;\" mce_style=\"text-align: center;\"><\/p>\n<p style=\"text-align: center;\" mce_style=\"text-align: center;\"><\/p>\n<p style=\"text-align: center;\" mce_style=\"text-align: center;\"><\/p>\n<p style=\"text-align: center;\" mce_style=\"text-align: center;\"><\/p>\n","protected":false},"excerpt":{"rendered":"<p>Esta fotograf\u00eda recoge un grupo de amigos, con sus respectivas esposas, el d\u00eda 22 de Agosto de 1992, en la [&hellip;]<\/p>\n","protected":false},"author":1,"featured_media":785,"comment_status":"open","ping_status":"open","sticky":false,"template":"","format":"standard","meta":{"footnotes":""},"categories":[10],"tags":[],"class_list":["post-786","post","type-post","status-publish","format-standard","has-post-thumbnail","hentry","category-foto-del-recuerdo-foto-del-recuerdo"],"_links":{"self":[{"href":"http:\/\/www.cervantinaesquivias.org\/wordpress\/wp-json\/wp\/v2\/posts\/786","targetHints":{"allow":["GET"]}}],"collection":[{"href":"http:\/\/www.cervantinaesquivias.org\/wordpress\/wp-json\/wp\/v2\/posts"}],"about":[{"href":"http:\/\/www.cervantinaesquivias.org\/wordpress\/wp-json\/wp\/v2\/types\/post"}],"author":[{"embeddable":true,"href":"http:\/\/www.cervantinaesquivias.org\/wordpress\/wp-json\/wp\/v2\/users\/1"}],"replies":[{"embeddable":true,"href":"http:\/\/www.cervantinaesquivias.org\/wordpress\/wp-json\/wp\/v2\/comments?post=786"}],"version-history":[{"count":0,"href":"http:\/\/www.cervantinaesquivias.org\/wordpress\/wp-json\/wp\/v2\/posts\/786\/revisions"}],"wp:featuredmedia":[{"embeddable":true,"href":"http:\/\/www.cervantinaesquivias.org\/wordpress\/wp-json\/wp\/v2\/media\/785"}],"wp:attachment":[{"href":"http:\/\/www.cervantinaesquivias.org\/wordpress\/wp-json\/wp\/v2\/media?parent=786"}],"wp:term":[{"taxonomy":"category","embeddable":true,"href":"http:\/\/www.cervantinaesquivias.org\/wordpress\/wp-json\/wp\/v2\/categories?post=786"},{"taxonomy":"post_tag","embeddable":true,"href":"http:\/\/www.cervantinaesquivias.org\/wordpress\/wp-json\/wp\/v2\/tags?post=786"}],"curies":[{"name":"wp","href":"https:\/\/api.w.org\/{rel}","templated":true}]}}