{"id":734,"date":"2013-05-15T20:15:53","date_gmt":"2013-05-15T20:15:53","guid":{"rendered":"http:\/\/www.cervantinaesquivias.org\/wordpress\/2013\/05\/15\/la-madrina-del-batallon-de-belen-garcia-feria-del-libro-de-madrid\/"},"modified":"2013-05-15T20:15:53","modified_gmt":"2013-05-15T20:15:53","slug":"la-madrina-del-batallon-de-belen-garcia-feria-del-libro-de-madrid","status":"publish","type":"post","link":"http:\/\/www.cervantinaesquivias.org\/wordpress\/2013\/05\/15\/la-madrina-del-batallon-de-belen-garcia-feria-del-libro-de-madrid\/","title":{"rendered":"LA MADRINA DEL BATALLON de Bel\u00e9n Garc\u00eda. FERIA DEL LIBRO DE MADRID-2013."},"content":{"rendered":"<p><\/p>\n<p style=\"text-align: justify;\" mce_style=\"text-align: justify;\"><span style=\"font-size: medium;\" mce_style=\"font-size: medium;\"><span style=\"font-family: verdana, geneva;\" mce_style=\"font-family: verdana, geneva;\">El pr\u00f3ximo dia 01 de Junio de 2013, Bel\u00e9n Garc\u00eda Calvo firmar\u00e1 ejemplares de su novela: LA MADRINA DEL BATALLON, en la Feria del Libro de Madrid.<\/span><\/span><\/p>\n<p style=\"text-align: justify;\" mce_style=\"text-align: justify;\"><span style=\"font-size: medium;\" mce_style=\"font-size: medium;\"><span style=\"font-family: verdana, geneva;\" mce_style=\"font-family: verdana, geneva;\">Se hallar\u00e1 de 12,00 a 14,00 horas en la Caseta n\u00fam. 197.<\/span><\/span><\/p>\n<p style=\"text-align: justify;\" mce_style=\"text-align: justify;\"><span style=\"font-size: medium;\" mce_style=\"font-size: medium;\"><span style=\"font-family: verdana, geneva;\" mce_style=\"font-family: verdana, geneva;\"><br \/><\/span><\/span><\/p>\n<p style=\"text-align: center;\" mce_style=\"text-align: center;\"><span style=\"font-size: medium;\" mce_style=\"font-size: medium;\"><span style=\"font-family: verdana, geneva;\" mce_style=\"font-family: verdana, geneva;\"><img loading=\"lazy\" decoding=\"async\" class=\" size-full wp-image-733 size-full wp-image-733\" src=\"http:\/\/www.cervantinaesquivias.org\/wordpress\/wp-content\/uploads\/2013\/05\/libro-de-belen-2.jpg\" mce_src=\"http:\/\/www.cervantinaesquivias.org\/wordpress\/wp-content\/uploads\/2013\/05\/libro-de-belen-2.jpg\" alt=\"alt\" width=\"709\" height=\"342\" srcset=\"http:\/\/www.cervantinaesquivias.org\/wordpress\/wp-content\/uploads\/2013\/05\/libro-de-belen-2.jpg 709w, http:\/\/www.cervantinaesquivias.org\/wordpress\/wp-content\/uploads\/2013\/05\/libro-de-belen-2-300x145.jpg 300w\" sizes=\"auto, (max-width: 709px) 100vw, 709px\" \/><\/span><\/span><\/p>\n<p style=\"text-align: right;\" mce_style=\"text-align: right;\"><\/p>\n<p style=\"text-align: right;\" mce_style=\"text-align: right;\"><span style=\"font-size: small;\" mce_style=\"font-size: small;\"><span style=\"font-family: helvetica;\" mce_style=\"font-family: helvetica;\"><i><b>Sabino de Diego.<\/b><\/i><\/span><\/span><\/p>\n","protected":false},"excerpt":{"rendered":"<p>El pr\u00f3ximo dia 01 de Junio de 2013, Bel\u00e9n Garc\u00eda Calvo firmar\u00e1 ejemplares de su novela: LA MADRINA DEL BATALLON, [&hellip;]<\/p>\n","protected":false},"author":1,"featured_media":733,"comment_status":"open","ping_status":"open","sticky":false,"template":"","format":"standard","meta":{"footnotes":""},"categories":[9],"tags":[],"class_list":["post-734","post","type-post","status-publish","format-standard","has-post-thumbnail","hentry","category-noticias-de-la-web"],"_links":{"self":[{"href":"http:\/\/www.cervantinaesquivias.org\/wordpress\/wp-json\/wp\/v2\/posts\/734","targetHints":{"allow":["GET"]}}],"collection":[{"href":"http:\/\/www.cervantinaesquivias.org\/wordpress\/wp-json\/wp\/v2\/posts"}],"about":[{"href":"http:\/\/www.cervantinaesquivias.org\/wordpress\/wp-json\/wp\/v2\/types\/post"}],"author":[{"embeddable":true,"href":"http:\/\/www.cervantinaesquivias.org\/wordpress\/wp-json\/wp\/v2\/users\/1"}],"replies":[{"embeddable":true,"href":"http:\/\/www.cervantinaesquivias.org\/wordpress\/wp-json\/wp\/v2\/comments?post=734"}],"version-history":[{"count":0,"href":"http:\/\/www.cervantinaesquivias.org\/wordpress\/wp-json\/wp\/v2\/posts\/734\/revisions"}],"wp:featuredmedia":[{"embeddable":true,"href":"http:\/\/www.cervantinaesquivias.org\/wordpress\/wp-json\/wp\/v2\/media\/733"}],"wp:attachment":[{"href":"http:\/\/www.cervantinaesquivias.org\/wordpress\/wp-json\/wp\/v2\/media?parent=734"}],"wp:term":[{"taxonomy":"category","embeddable":true,"href":"http:\/\/www.cervantinaesquivias.org\/wordpress\/wp-json\/wp\/v2\/categories?post=734"},{"taxonomy":"post_tag","embeddable":true,"href":"http:\/\/www.cervantinaesquivias.org\/wordpress\/wp-json\/wp\/v2\/tags?post=734"}],"curies":[{"name":"wp","href":"https:\/\/api.w.org\/{rel}","templated":true}]}}