{"id":732,"date":"2013-05-11T18:18:04","date_gmt":"2013-05-11T18:18:04","guid":{"rendered":"http:\/\/www.cervantinaesquivias.org\/wordpress\/2013\/05\/11\/miguel-de-cervantes-si-dijo-cual-era-el-lugar-de-don-quijote-de-la-mancha\/"},"modified":"2013-05-11T18:18:04","modified_gmt":"2013-05-11T18:18:04","slug":"miguel-de-cervantes-si-dijo-cual-era-el-lugar-de-don-quijote-de-la-mancha","status":"publish","type":"post","link":"http:\/\/www.cervantinaesquivias.org\/wordpress\/2013\/05\/11\/miguel-de-cervantes-si-dijo-cual-era-el-lugar-de-don-quijote-de-la-mancha\/","title":{"rendered":"MIGUEL  DE  CERVANTES  SAAVEDRA SI  DESVEL\u00d3   EL  NOMBRE DEL LUGAR  DE  DON  QUIJOTE  DE  LA  MANCHA."},"content":{"rendered":"<p><\/p>\n<p style=\"text-align: justify;\" mce_style=\"text-align: justify;\"><span style=\"font-size: medium;\" mce_style=\"font-size: medium;\"><span style=\"font-family: verdana, geneva;\" mce_style=\"font-family: verdana, geneva;\"><i><b>\u00abEn un Lugar de la Mancha de cuyo nombre no quiero acordarme&#8230;\u00bb<\/b><\/i> as\u00ed comienza la celeb\u00e9rrima historia El Ingenioso Hidalgo Don Quijote de la Mancha, como ya nadie ignora a lo largo y ancho del planeta Tierra.<\/span><\/span><\/p>\n<p style=\"style\" mce_style=\"style\"><img loading=\"lazy\" decoding=\"async\" class=\" alignleft size-full wp-image-660 alignleft size-full wp-image-660\" src=\"http:\/\/www.cervantinaesquivias.org\/wordpress\/wp-content\/uploads\/2013\/05\/gravado-33.jpg\" mce_src=\"http:\/\/www.cervantinaesquivias.org\/wordpress\/wp-content\/uploads\/2013\/05\/gravado-33.jpg\" style=\"float: left; margin-left: 20px; margin-right: 20px;\" mce_style=\"float: left; margin-left: 20px; margin-right: 20px;\" width=\"413\" height=\"311\" srcset=\"http:\/\/www.cervantinaesquivias.org\/wordpress\/wp-content\/uploads\/2013\/05\/gravado-33.jpg 413w, http:\/\/www.cervantinaesquivias.org\/wordpress\/wp-content\/uploads\/2013\/05\/gravado-33-300x226.jpg 300w\" sizes=\"auto, (max-width: 413px) 100vw, 413px\" \/><\/p>\n<p style=\"text-align: justify;\" mce_style=\"text-align: justify;\"><span style=\"font-family: verdana, geneva; font-size: medium; line-height: 1.3em;\" mce_style=\"font-family: verdana, geneva; font-size: medium; line-height: 1.3em;\">Siempre se ha dicho y escrito que Cervantes no desvel\u00f3 el pueblo natal de los protagonistas principales de dicha Obra, incluso,\u00a0<\/span><span mce_style=\"font-family: verdana, geneva; font-size: medium; line-height: 1.3em;\" style=\"font-family: verdana, geneva; font-size: medium; line-height: 1.3em;\">en el Cap\u00edtulo<\/span><\/p>\n<p style=\"text-align: justify;\" mce_style=\"text-align: justify;\"><\/p>\n<p><span mce_style=\"font-family: verdana, geneva; font-size: medium; line-height: 1.3em;\" style=\"font-family: verdana, geneva; font-size: medium; line-height: 1.3em;\"><\/span><\/p>\n<p><!--more--><\/p>\n<p><\/p>\n<p><\/p>\n<p style=\"text-align: justify;\" mce_style=\"text-align: justify;\"><span mce_style=\"font-family: verdana, geneva; font-size: medium; line-height: 1.3em;\" style=\"font-family: verdana, geneva; font-size: medium; line-height: 1.3em;\">LXXIV de la 2\u00aa Parte del Quijote, Cervantes escribe: <\/span><i mce_style=\"font-family: verdana, geneva; font-size: medium; line-height: 1.3em;\" style=\"font-family: verdana, geneva; font-size: medium; line-height: 1.3em;\">\u00abEste fin tuvo el Ingenioso Hidalgo de la Mancha, cuyo lugar no quiso poner Cide Hamete puntualmente, por dejar que todas las Villas y Lugares de la Mancha contendiesen entre s\u00ed por ahij\u00e1rsele y tenersele por suyo, como contendieron las siete ciudades de Grecia por Homero\u00bb.<\/i><\/p>\n<p><i><\/i><span style=\"font-size: medium;\" mce_style=\"font-size: medium;\"><\/span><\/p>\n<p style=\"text-align: justify;\" mce_style=\"text-align: justify;\"><span style=\"font-size: medium;\" mce_style=\"font-size: medium;\"><span style=\"font-family: verdana, geneva;\" mce_style=\"font-family: verdana, geneva;\">No nos vamos a apoyar en este momento en los personajes centrales de la historia: El Hidalgo Alonso Quijada de Salazar, el Cura Pero P\u00e9rez, Sancho Panza, Teresa Panza\/Juana Guti\u00e9rrez\/Mari Guti\u00e9rrez\/Teresa Cascajo; Pedro Alonso; El Vizca\u00edno; La Tolosa; La Torralba; Sans\u00f3n Carrasco; Aldonza Lorenzo, etc, etc. etc. que ser\u00eda mas que suficiente para situar el<\/span><\/span><span style=\"font-family: verdana, geneva;\" mce_style=\"font-family: verdana, geneva;\"> <\/span><b style=\"font-family: verdana, geneva; font-size: medium; text-align: justify; line-height: 1.3em;\" mce_style=\"font-family: verdana, geneva; font-size: medium; text-align: justify; line-height: 1.3em;\">Lugar de la Mancha en Esquivias<\/b><span style=\"font-family: verdana, geneva; font-size: medium; text-align: justify; line-height: 1.3em;\" mce_style=\"font-family: verdana, geneva; font-size: medium; text-align: justify; line-height: 1.3em;\">, pues de este pueblo manchego son todos los personajes referidos anteriormente, sino que nos vamos a centrar en el nombre del <\/span><b style=\"font-family: verdana, geneva; font-size: medium; text-align: justify; line-height: 1.3em;\" mce_style=\"font-family: verdana, geneva; font-size: medium; text-align: justify; line-height: 1.3em;\">Lugar<\/b><span style=\"font-family: verdana, geneva; font-size: medium; text-align: justify; line-height: 1.3em;\" mce_style=\"font-family: verdana, geneva; font-size: medium; text-align: justify; line-height: 1.3em;\"> exclusivamente.<\/span><\/p>\n<p><\/p>\n<p><\/p>\n<p style=\"text-align: justify;\" mce_style=\"text-align: justify;\"><span style=\"font-size: medium;\" mce_style=\"font-size: medium;\"><span style=\"font-family: verdana, geneva;\" mce_style=\"font-family: verdana, geneva;\">Es conveniente definir claramente cada una de las denominaciones que adquieren las poblaciones existentes en la \u00e9poca de Cervantes, en base a su n\u00facleo, habitantes, car\u00e1cter jurisdiccional y otros argumentos por los que son identificados:<\/span><\/span><\/p>\n<p style=\"text-align: justify;\" mce_style=\"text-align: justify;\"><span style=\"font-size: medium;\" mce_style=\"font-size: medium;\"><span style=\"font-family: verdana, geneva;\" mce_style=\"font-family: verdana, geneva;\"><br \/><\/span><\/span><\/p>\n<p style=\"text-align: justify;\" mce_style=\"text-align: justify;\"><span style=\"font-size: small;\" mce_style=\"font-size: small;\"><b style=\"style\" mce_style=\"style\"><span style=\"font-size: medium;\" mce_style=\"font-size: medium;\"><span style=\"font-family: verdana, geneva;\" mce_style=\"font-family: verdana, geneva;\">Alquer\u00eda.<\/span><\/span><\/b><\/span><\/p>\n<p style=\"text-align: justify;\" mce_style=\"text-align: justify;\"><span style=\"font-size: small;\" mce_style=\"font-size: small;\"><span style=\"style\" mce_style=\"style\"><span style=\"font-size: medium;\" mce_style=\"font-size: medium;\"><span style=\"font-family: verdana, geneva;\" mce_style=\"font-family: verdana, geneva;\">Peque\u00f1a comunidad rural de unas pocas casas, conformada por una o varias familias que se dedicaban a explotar las tierras de los alrededores, as\u00ed como de sus actividades ganaderas.<\/span><\/span><\/span><\/span><\/p>\n<p style=\"text-align: justify;\" mce_style=\"text-align: justify;\"><span style=\"font-size: small;\" mce_style=\"font-size: small;\"><i style=\"style\" mce_style=\"style\"><span style=\"font-size: medium;\" mce_style=\"font-size: medium;\"><span style=\"font-family: verdana, geneva;\" mce_style=\"font-family: verdana, geneva;\"><br \/><\/span><\/span><\/i><\/span><\/p>\n<p style=\"text-align: justify;\" mce_style=\"text-align: justify;\"><span style=\"font-size: small;\" mce_style=\"font-size: small;\"><b style=\"style\" mce_style=\"style\"><span style=\"font-size: medium;\" mce_style=\"font-size: medium;\"><span style=\"font-family: verdana, geneva;\" mce_style=\"font-family: verdana, geneva;\">Aldea.<\/span><\/span><\/b><\/span><\/p>\n<p style=\"text-align: justify;\" mce_style=\"text-align: justify;\"><span style=\"font-size: small;\" mce_style=\"font-size: small;\"><span style=\"style\" mce_style=\"style\"><span style=\"font-size: medium;\" mce_style=\"font-size: medium;\"><span style=\"font-family: verdana, geneva;\" mce_style=\"font-family: verdana, geneva;\">Tambi\u00e9n llamado Caser\u00edo en algunas regiones de Espa\u00f1a, es un asentamiento humano comunmente localizado en \u00e1reas rurales. Es generalmente de tama\u00f1o y poblaci\u00f3n menor que el de un lugar o pueblo.<\/span><\/span><\/span><\/span><\/p>\n<p style=\"text-align: justify;\" mce_style=\"text-align: justify;\"><span style=\"font-size: small;\" mce_style=\"font-size: small;\"><i style=\"style\" mce_style=\"style\"><span style=\"font-size: medium;\" mce_style=\"font-size: medium;\"><span style=\"font-family: verdana, geneva;\" mce_style=\"font-family: verdana, geneva;\"><br \/><\/span><\/span><\/i><\/span><\/p>\n<p style=\"text-align: justify;\" mce_style=\"text-align: justify;\"><span style=\"font-size: small;\" mce_style=\"font-size: small;\"><b style=\"style\" mce_style=\"style\"><span style=\"font-size: medium;\" mce_style=\"font-size: medium;\"><span style=\"font-family: verdana, geneva;\" mce_style=\"font-family: verdana, geneva;\">Lugar.<\/span><\/span><\/b><\/span><\/p>\n<p style=\"text-align: justify;\" mce_style=\"text-align: justify;\"><span style=\"font-size: small;\" mce_style=\"font-size: small;\"><span style=\"style\" mce_style=\"style\"><span style=\"font-size: medium;\" mce_style=\"font-size: medium;\"><span style=\"font-family: verdana, geneva;\" mce_style=\"font-family: verdana, geneva;\">O <i>\u00abLugar poblado\u00bb<\/i>. Nombre indefinido que identifica cualquier tipo de poblaci\u00f3n. En geograf\u00eda, el t\u00e9rmino Lugar, hace referencia a una aglomeraci\u00f3n secundaria de un municipio que constituye con frecuencia una aldea mayor.<\/span><\/span><\/span><\/span><\/p>\n<p style=\"text-align: justify;\" mce_style=\"text-align: justify;\"><span style=\"font-size: small;\" mce_style=\"font-size: small;\"><span style=\"style\" mce_style=\"style\"><span style=\"font-size: medium;\" mce_style=\"font-size: medium;\"><span style=\"font-family: verdana, geneva;\" mce_style=\"font-family: verdana, geneva;\">En la Espa\u00f1a Rural, la categor\u00eda de Lugar hace referencia a un n\u00facleo de poblaci\u00f3n que jur\u00eddicamente depend\u00eda de otro, mas concretamente de una Villa o Ciudad.<\/span><\/span><\/span><\/span><\/p>\n<p style=\"text-align: justify;\" mce_style=\"text-align: justify;\"><span style=\"font-size: small;\" mce_style=\"font-size: small;\"><span style=\"style\" mce_style=\"style\"><span style=\"font-size: medium;\" mce_style=\"font-size: medium;\"><span style=\"font-family: verdana, geneva;\" mce_style=\"font-family: verdana, geneva;\">Recopilando datos, se entiende como Lugar la entidad de poblaci\u00f3n que sea designada con este T\u00edtulo, y tenga, adem\u00e1s, distribuidos los edificios de que se compone en forma de calles y plazas. Por regla general, la palabra Lugar indica que la entidad a que se aplica tiene o ha tenido T\u00e9rmino Jurisdiccional.<\/span><\/span><\/span><\/span><\/p>\n<p style=\"text-align: justify;\" mce_style=\"text-align: justify;\"><span style=\"font-size: small;\" mce_style=\"font-size: small;\"><i style=\"style\" mce_style=\"style\"><span style=\"font-size: medium;\" mce_style=\"font-size: medium;\"><span style=\"font-family: verdana, geneva;\" mce_style=\"font-family: verdana, geneva;\"><br \/><\/span><\/span><\/i><\/span><\/p>\n<p style=\"text-align: justify;\" mce_style=\"text-align: justify;\"><span style=\"font-size: small;\" mce_style=\"font-size: small;\"><b style=\"style\" mce_style=\"style\"><span style=\"font-size: medium;\" mce_style=\"font-size: medium;\"><span style=\"font-family: verdana, geneva;\" mce_style=\"font-family: verdana, geneva;\">Pueblo.<\/span><\/span><\/b><\/span><\/p>\n<p style=\"text-align: justify;\" mce_style=\"text-align: justify;\"><span style=\"font-size: small;\" mce_style=\"font-size: small;\"><span style=\"style\" mce_style=\"style\"><span style=\"font-size: medium;\" mce_style=\"font-size: medium;\"><span style=\"font-family: verdana, geneva;\" mce_style=\"font-family: verdana, geneva;\">Es una entidad de poblaci\u00f3n de menor tama\u00f1o que la ciudad y dedicada principalmente a actividades econ\u00f3micas propias del sector primario, ligadas a las caracter\u00edsticas f\u00edsicas y los recursos naturales de su entorno pr\u00f3ximo (agr\u00edcola, ganadero, forestal, etc.), por tener jurisdicci\u00f3n propia.<\/span><\/span><\/span><\/span><\/p>\n<p style=\"text-align: justify;\" mce_style=\"text-align: justify;\"><span style=\"font-size: small;\" mce_style=\"font-size: small;\"><span style=\"style\" mce_style=\"style\"><span style=\"font-size: medium;\" mce_style=\"font-size: medium;\"><span style=\"font-family: verdana, geneva;\" mce_style=\"font-family: verdana, geneva;\">La rusticidad como condici\u00f3n de los pueblos y sus habitantes (pueblerinos, campesinos o, despectivamente, paletos) frente a la urbanidad o condici\u00f3n de las ciudades y los suyos (urbanos o ciudadanos), ha sido un t\u00f3pico cultural y literario desde antiguo.<\/span><\/span><\/span><\/span><\/p>\n<p style=\"text-align: justify;\" mce_style=\"text-align: justify;\"><span style=\"font-size: small;\" mce_style=\"font-size: small;\"><span style=\"style\" mce_style=\"style\"><span style=\"font-size: medium;\" mce_style=\"font-size: medium;\"><span style=\"font-family: verdana, geneva;\" mce_style=\"font-family: verdana, geneva;\"><br \/><\/span><\/span><\/span><\/span><\/p>\n<p style=\"text-align: justify;\" mce_style=\"text-align: justify;\"><span style=\"font-size: small;\" mce_style=\"font-size: small;\"><span style=\"style\" mce_style=\"style\"><span style=\"font-size: medium;\" mce_style=\"font-size: medium;\"><span style=\"font-family: verdana, geneva;\" mce_style=\"font-family: verdana, geneva;\"><b>Villa.<\/b><\/span><\/span><\/span><\/span><\/p>\n<p style=\"text-align: justify;\" mce_style=\"text-align: justify;\"><span style=\"font-size: small;\" mce_style=\"font-size: small;\"><span style=\"style\" mce_style=\"style\"><span style=\"font-size: medium;\" mce_style=\"font-size: medium;\"><span style=\"font-family: verdana, geneva;\" mce_style=\"font-family: verdana, geneva;\">El car\u00e1cter y significado de Villa, representa a una poblaci\u00f3n a la que hist\u00f3ricamente se le han concedido ciertos privilegios o fueros.<\/span><\/span><\/span><\/span><\/p>\n<p style=\"text-align: justify;\" mce_style=\"text-align: justify;\"><span style=\"font-size: small;\" mce_style=\"font-size: small;\"><span style=\"style\" mce_style=\"style\"><span style=\"font-size: medium;\" mce_style=\"font-size: medium;\"><span style=\"font-family: verdana, geneva;\" mce_style=\"font-family: verdana, geneva;\"><br \/><\/span><\/span><\/span><\/span><\/p>\n<p style=\"text-align: justify;\" mce_style=\"text-align: justify;\"><b style=\"font-family: verdana, geneva; font-size: medium; line-height: 1.3em;\" mce_style=\"font-family: verdana, geneva; font-size: medium; line-height: 1.3em;\">Villa Realenga<\/b><span style=\"font-family: verdana, geneva; font-size: medium; line-height: 1.3em;\" mce_style=\"font-family: verdana, geneva; font-size: medium; line-height: 1.3em;\">, se aplica al territorio o a la poblaci\u00f3n que hab\u00edan estado sometidos a la autoridad directa del Rey o la Reina, no teniendo jurisdicci\u00f3n en su territorio las \u00f3rdenes militares o eclesi\u00e1sticas.<\/span><\/p>\n<p style=\"text-align: justify;\" mce_style=\"text-align: justify;\"><\/p>\n<p style=\"text-align: justify;\" mce_style=\"text-align: justify;\"><span style=\"font-family: verdana, geneva; font-size: medium; line-height: 1.3em;\" mce_style=\"font-family: verdana, geneva; font-size: medium; line-height: 1.3em;\"><br \/><\/span><\/p>\n<p style=\"text-align: justify;\" mce_style=\"text-align: justify;\"><span style=\"font-size: small;\" mce_style=\"font-size: small;\"><span style=\"style\" mce_style=\"style\"><span style=\"font-size: medium;\" mce_style=\"font-size: medium;\"><span style=\"font-family: verdana, geneva;\" mce_style=\"font-family: verdana, geneva;\">As\u00ed pues, el t\u00e9rmino <b>Lugar<\/b> identifica claramente el n\u00facleo rural al que le es aplicado ese nombre, que puede ir unido o no con el nombre propio: ciudad de, pueblo de, Villa de, <b>Lugar de<\/b>, etc.<\/span><\/span><\/span><\/span><\/p>\n<p style=\"text-align: justify;\" mce_style=\"text-align: justify;\"><span style=\"font-size: small;\" mce_style=\"font-size: small;\"><span style=\"style\" mce_style=\"style\"><span style=\"font-size: medium;\" mce_style=\"font-size: medium;\"><span style=\"font-family: verdana, geneva;\" mce_style=\"font-family: verdana, geneva;\">A continuaci\u00f3n vamos a identificar los t\u00e9rminos que cada poblaci\u00f3n ten\u00eda a finales del siglo XVI y principios del XVII, refiri\u00e9ndonos a aquellos municipios que hubieran tenido alguna relaci\u00f3n, directa o no, con Miguel de Cervantes, para ver en que medida pudieron haber influido en \u00e9l, para situar la Cuna del Quijote:<\/span><\/span><\/span><\/span><\/p>\n<p style=\"text-align: justify;\" mce_style=\"text-align: justify;\"><span style=\"font-size: small;\" mce_style=\"font-size: small;\"><span style=\"style\" mce_style=\"style\"><span style=\"font-size: medium;\" mce_style=\"font-size: medium;\"><span style=\"font-family: verdana, geneva;\" mce_style=\"font-family: verdana, geneva;\"><br \/><\/span><\/span><\/span><\/span><\/p>\n<p style=\"text-align: justify;\" mce_style=\"text-align: justify;\"><span style=\"font-size: small;\" mce_style=\"font-size: small;\"><span style=\"style\" mce_style=\"style\"><span style=\"font-size: medium;\" mce_style=\"font-size: medium;\"><span style=\"font-family: verdana, geneva;\" mce_style=\"font-family: verdana, geneva;\"><b>Alc\u00e1zar de San Juan<\/b>.<\/span><\/span><\/span><\/span><\/p>\n<p style=\"text-align: justify;\" mce_style=\"text-align: justify;\"><span style=\"font-size: small;\" mce_style=\"font-size: small;\"><span style=\"style\" mce_style=\"style\"><span style=\"font-size: medium;\" mce_style=\"font-size: medium;\"><span style=\"font-family: verdana, geneva;\" mce_style=\"font-family: verdana, geneva;\">En 1530, Alc\u00e1zar contaba con 18.480 habitantes. Pertenec\u00eda al Priorato de la Orden de San Juan en el reinado de Carlos I.<\/span><\/span><\/span><\/span><\/p>\n<p style=\"text-align: justify;\" mce_style=\"text-align: justify;\"><span style=\"font-size: small;\" mce_style=\"font-size: small;\"><span style=\"style\" mce_style=\"style\"><span style=\"font-size: medium;\" mce_style=\"font-size: medium;\"><span style=\"font-family: verdana, geneva;\" mce_style=\"font-family: verdana, geneva;\">Fu\u00e9 declarada Villa el 27 de Julio de 1604.<\/span><\/span><\/span><\/span><\/p>\n<p style=\"text-align: justify;\" mce_style=\"text-align: justify;\"><span style=\"font-size: small;\" mce_style=\"font-size: small;\"><span style=\"style\" mce_style=\"style\"><span style=\"font-size: medium;\" mce_style=\"font-size: medium;\"><span style=\"font-family: verdana, geneva;\" mce_style=\"font-family: verdana, geneva;\">Antes de esta fecha, Alc\u00e1zar de San Juan ten\u00eda car\u00e1cter de Ciudad.<\/span><\/span><\/span><\/span><\/p>\n<p style=\"text-align: justify;\" mce_style=\"text-align: justify;\"><\/p>\n<p style=\"text-align: justify;\" mce_style=\"text-align: justify;\"><span style=\"font-size: small;\" mce_style=\"font-size: small;\"><span style=\"style\" mce_style=\"style\"><span style=\"font-size: medium;\" mce_style=\"font-size: medium;\"><span style=\"font-family: verdana, geneva;\" mce_style=\"font-family: verdana, geneva;\"><b>Almagro.<\/b><\/span><\/span><\/span><\/span><\/p>\n<p style=\"text-align: justify;\" mce_style=\"text-align: justify;\"><span style=\"font-size: medium;\" mce_style=\"font-size: medium;\"><span style=\"font-family: verdana, geneva;\" mce_style=\"font-family: verdana, geneva;\">Perteneciente a la Orden de Calatrava, en 1213 el maestre Don Gonz\u00e1lo Y\u00e1\u00f1ez concedi\u00f3 fuero a la Villa de Almagro, confirmado por Fernando el III en 1222.<\/span><\/span><\/p>\n<p style=\"text-align: justify;\" mce_style=\"text-align: justify;\"><span style=\"font-size: medium;\" mce_style=\"font-size: medium;\"><span style=\"font-family: verdana, geneva;\" mce_style=\"font-family: verdana, geneva;\"><br \/><\/span><\/span><\/p>\n<p style=\"text-align: justify;\" mce_style=\"text-align: justify;\"><span style=\"font-size: small;\" mce_style=\"font-size: small;\"><b style=\"style\" mce_style=\"style\"><span style=\"font-size: medium;\" mce_style=\"font-size: medium;\"><span style=\"font-family: verdana, geneva;\" mce_style=\"font-family: verdana, geneva;\">Argamasilla de Alba.<\/span><\/span><\/b><\/span><\/p>\n<p style=\"text-align: justify;\" mce_style=\"text-align: justify;\"><span style=\"font-size: medium;\" mce_style=\"font-size: medium;\"><span style=\"font-family: verdana, geneva;\" mce_style=\"font-family: verdana, geneva;\">Se cre\u00f3 esta poblaci\u00f3n por la refundaci\u00f3n de su n\u00facleo de poblaci\u00f3n en el a\u00f1o 1515, lo que era una aldea de la poblaci\u00f3n de Argamasilla, que fue abandonada por las fiebres pal\u00fadicas, que generaron sus remansadas aguas.<\/span><\/span><\/p>\n<p style=\"text-align: justify;\" mce_style=\"text-align: justify;\"><span style=\"font-size: medium;\" mce_style=\"font-size: medium;\"><span style=\"font-family: verdana, geneva;\" mce_style=\"font-family: verdana, geneva;\"><br \/><\/span><\/span><\/p>\n<p style=\"text-align: justify;\" mce_style=\"text-align: justify;\"><span style=\"font-size: small;\" mce_style=\"font-size: small;\"><b style=\"style\" mce_style=\"style\"><span style=\"font-size: medium;\" mce_style=\"font-size: medium;\"><span style=\"font-family: verdana, geneva;\" mce_style=\"font-family: verdana, geneva;\">Campo de Criptana.<\/span><\/span><\/b><\/span><\/p>\n<p style=\"text-align: justify;\" mce_style=\"text-align: justify;\"><span style=\"font-size: medium;\" mce_style=\"font-size: medium;\"><span style=\"font-family: verdana, geneva;\" mce_style=\"font-family: verdana, geneva;\">Su nombre viene de la fusi\u00f3n de tres poblados: El Campo, Criptana y Villajos, con car\u00e1cter de pueblo en 1328.<\/span><\/span><\/p>\n<p style=\"text-align: justify;\" mce_style=\"text-align: justify;\"><span style=\"font-size: medium;\" mce_style=\"font-size: medium;\"><span style=\"font-family: verdana, geneva;\" mce_style=\"font-family: verdana, geneva;\">En 1575, Campo de Criptana contaba con mas de 4.000 habitantes, y en 1609, el rey Felipe III le otorga la denominaci\u00f3n de Villa.<\/span><\/span><\/p>\n<p style=\"text-align: justify;\" mce_style=\"text-align: justify;\"><\/p>\n<p style=\"text-align: justify;\" mce_style=\"text-align: justify;\"><span style=\"font-size: small;\" mce_style=\"font-family: verdana, geneva; font-size: small;\"><b style=\"style\" mce_style=\"style\"><span style=\"font-size: medium;\" mce_style=\"font-size: medium;\"><span style=\"font-family: verdana, geneva;\" mce_style=\"font-family: verdana, geneva;\">Consuegra.<\/span><\/span><\/b><\/span><\/p>\n<p style=\"text-align: justify;\" mce_style=\"text-align: justify;\"><span style=\"font-size: medium;\" mce_style=\"font-size: medium;\"><span style=\"font-family: verdana, geneva;\" mce_style=\"font-family: verdana, geneva;\">Hasta el a\u00f1o 1097, ten\u00eda el car\u00e1cter de Ciudad, t\u00edtulo que le quita el Rey Alfonso el VI, tras sufrir este una derrota en Consuegra contra las tropas del emir Ysuf ibn Tasufin el 15 de Agosto de 1097. Incluso, en esta batalla muere Diego Rodr\u00edguez, hijo del Cid Campeador, que mandaba las tropas de su padre.<\/span><\/span><\/p>\n<p style=\"text-align: justify;\" mce_style=\"text-align: justify;\"><span style=\"font-size: medium;\" mce_style=\"font-size: medium;\"><span style=\"font-family: verdana, geneva;\" mce_style=\"font-family: verdana, geneva;\">En 1212 fue declarada Villa con su alfoz, y en 27 de Mayo de 1927, el Rey Alfonso XIII le restituy\u00f3 el T\u00edtulo de Ciudad.<\/span><\/span><\/p>\n<p style=\"text-align: justify;\" mce_style=\"text-align: justify;\"><span style=\"font-size: medium;\" mce_style=\"font-size: medium;\"><span style=\"font-family: verdana, geneva;\" mce_style=\"font-family: verdana, geneva;\"><br \/><\/span><\/span><\/p>\n<p style=\"text-align: justify;\" mce_style=\"text-align: justify;\"><span style=\"font-size: small;\" mce_style=\"font-family: verdana, geneva; font-size: small;\"><b style=\"style\" mce_style=\"style\"><span style=\"font-size: medium;\" mce_style=\"font-size: medium;\"><span style=\"font-family: verdana, geneva;\" mce_style=\"font-family: verdana, geneva;\">El Toboso.<\/span><\/span><\/b><\/span><\/p>\n<p style=\"text-align: justify;\" mce_style=\"text-align: justify;\"><span style=\"font-size: medium;\" mce_style=\"font-size: medium;\"><span style=\"font-family: verdana, geneva;\" mce_style=\"font-family: verdana, geneva;\">Su origen se remonta a la Prehistoria, perteneciendo a la Orden de Santiago.\u00a0<\/span><\/span><\/p>\n<p style=\"text-align: justify;\" mce_style=\"text-align: justify;\"><span style=\"font-size: medium;\" mce_style=\"font-size: medium;\"><span style=\"font-family: verdana, geneva;\" mce_style=\"font-family: verdana, geneva;\">En 1480 adquiere el privilegio de Villa, que mantiene hasta nuestros d\u00edas.<\/span><\/span><\/p>\n<p style=\"text-align: justify;\" mce_style=\"text-align: justify;\"><\/p>\n<p style=\"text-align: justify;\" mce_style=\"text-align: justify;\"><span style=\"font-size: small;\" mce_style=\"font-family: verdana, geneva; font-size: small;\"><b style=\"style\" mce_style=\"style\"><span style=\"font-size: medium;\" mce_style=\"font-size: medium;\"><span style=\"font-family: verdana, geneva;\" mce_style=\"font-family: verdana, geneva;\">Esquivias.<\/span><\/span><\/b><\/span><\/p>\n<p style=\"text-align: justify;\" mce_style=\"text-align: justify;\"><span style=\"font-size: medium;\" mce_style=\"font-size: medium;\"><span style=\"font-family: verdana, geneva;\" mce_style=\"font-family: verdana, geneva;\">Poblaci\u00f3n menor que el a\u00f1o 1188, Era Hisp\u00e1nica de 1226, el rey Alfonso el VIII don\u00f3 sus solares y vasallos a la Iglesia de Toledo.<\/span><\/span><\/p>\n<p style=\"text-align: justify;\" mce_style=\"text-align: justify;\"><span style=\"font-size: medium;\" mce_style=\"font-size: medium;\"><span style=\"font-family: verdana, geneva;\" mce_style=\"font-family: verdana, geneva;\">En la documentaci\u00f3n relativa a la donaci\u00f3n y posterior pleito interpuesto por el Cabildo de Toledo contra el Concejo y vecinos de Esquivias, se le denomina como <b>Lugar de Esquivias<\/b> o, la mayor\u00eda de las veces, como <b>Lugar<\/b> simplemente.<\/span><\/span><\/p>\n<p style=\"text-align: justify;\" mce_style=\"text-align: justify;\"><span style=\"font-size: medium;\" mce_style=\"font-size: medium;\"><span style=\"font-family: verdana, geneva;\" mce_style=\"font-family: verdana, geneva;\">Bajo esta denominaci\u00f3n de <b>Lugar<\/b> se le identifica a Esquivias en todo tipo de documentes hallados, hasta el a\u00f1o 1768 en que es declarada Villa Realenga, con los fueros correspondientes.<\/span><\/span><\/p>\n<p style=\"text-align: justify;\" mce_style=\"text-align: justify;\"><span style=\"font-size: medium;\" mce_style=\"font-size: medium;\"><span style=\"font-family: verdana, geneva;\" mce_style=\"font-family: verdana, geneva;\"><br \/><\/span><\/span><\/p>\n<p style=\"text-align: justify;\" mce_style=\"text-align: justify;\"><span style=\"font-size: small;\" mce_style=\"font-family: verdana, geneva; font-size: small;\"><b style=\"style\" mce_style=\"style\"><span style=\"font-size: medium;\" mce_style=\"font-size: medium;\"><span style=\"font-family: verdana, geneva;\" mce_style=\"font-family: verdana, geneva;\">Miguel Esteban.<\/span><\/span><\/b><\/span><\/p>\n<p style=\"text-align: justify;\" mce_style=\"text-align: justify;\"><span style=\"font-size: medium;\" mce_style=\"font-size: medium;\"><span style=\"font-family: verdana, geneva;\" mce_style=\"font-family: verdana, geneva;\">De origen romano, Miguel Esteban adquiere la categor\u00eda de Villa en 1224, debido al pleito de la Orden de Santiago con la de San Juan por cuesti\u00f3n de deslindes.<\/span><\/span><\/p>\n<p style=\"text-align: justify;\" mce_style=\"text-align: justify;\"><\/p>\n<p style=\"text-align: justify;\" mce_style=\"text-align: justify;\"><span style=\"font-size: small;\" mce_style=\"font-family: verdana, geneva; font-size: small;\"><b style=\"style\" mce_style=\"style\"><span style=\"font-size: medium;\" mce_style=\"font-size: medium;\"><span style=\"font-family: verdana, geneva;\" mce_style=\"font-family: verdana, geneva;\">Moral de Calatrava.<\/span><\/span><\/b><\/span><\/p>\n<p style=\"text-align: justify;\" mce_style=\"text-align: justify;\"><span style=\"font-size: medium;\" mce_style=\"font-size: medium;\"><span style=\"font-family: verdana, geneva;\" mce_style=\"font-family: verdana, geneva;\">Perteneciente a la Orden de Calatrava desde 1212, teniendo el car\u00e1cter de Aldea, dependiente del alfoz de Almagro.<\/span><\/span><\/p>\n<p style=\"text-align: justify;\" mce_style=\"text-align: justify;\"><span style=\"font-size: medium;\" mce_style=\"font-size: medium;\"><span style=\"font-family: verdana, geneva;\" mce_style=\"font-family: verdana, geneva;\">En 1544 se cre\u00f3 la <i>Encomienda<\/i> de Moral con el car\u00e1cter de Villa, siendo que el Rey Felipe VI, por c\u00e9dula de 10 de Junio de 1646 concedi\u00f3 a la Villa jurisdicci\u00f3n de Primera Instancia.<\/span><\/span><\/p>\n<p style=\"text-align: justify;\" mce_style=\"text-align: justify;\"><span style=\"font-size: medium;\" mce_style=\"font-size: medium;\"><span style=\"font-family: verdana, geneva;\" mce_style=\"font-family: verdana, geneva;\"><br \/><\/span><\/span><\/p>\n<p style=\"text-align: justify;\" mce_style=\"text-align: justify;\"><span style=\"font-size: small;\" mce_style=\"font-family: verdana, geneva; font-size: small;\"><b style=\"style\" mce_style=\"style\"><span style=\"font-size: medium;\" mce_style=\"font-size: medium;\"><span style=\"font-family: verdana, geneva;\" mce_style=\"font-family: verdana, geneva;\">Mota del Cuervo.<\/span><\/span><\/b><\/span><\/p>\n<p style=\"text-align: justify;\" mce_style=\"text-align: justify;\"><span style=\"font-size: medium;\" mce_style=\"font-size: medium;\"><span style=\"font-family: verdana, geneva;\" mce_style=\"font-family: verdana, geneva;\">En 1394 aparece este pueblo con el nombre de <i>\u00abLa Mota\u00bb<\/i> en un privilegio de confirmaci\u00f3n de propiedad sobre ciertos montes. Ya en 1416, se le concede fuero.<\/span><\/span><\/p>\n<p style=\"text-align: justify;\" mce_style=\"text-align: justify;\"><span style=\"font-size: medium;\" mce_style=\"font-size: medium;\"><span style=\"font-family: verdana, geneva;\" mce_style=\"font-family: verdana, geneva;\">En 1542, seg\u00fan provisi\u00f3n de Carlos I, aparece con el nombre actual de <i>\u00abLa Mota del Cuervo\u00bb<\/i>.<\/span><\/span><\/p>\n<p style=\"text-align: justify;\" mce_style=\"text-align: justify;\"><span style=\"font-size: medium;\" mce_style=\"font-size: medium;\"><span style=\"font-family: verdana, geneva;\" mce_style=\"font-family: verdana, geneva;\">El 19 de marzo de 1614, la Mota consigue el privilegio de Villazgo y jurisdicci\u00f3n en Primera Instancia.<\/span><\/span><\/p>\n<p style=\"text-align: justify;\" mce_style=\"text-align: justify;\"><span style=\"font-size: medium;\" mce_style=\"font-size: medium;\"><span style=\"font-family: verdana, geneva;\" mce_style=\"font-family: verdana, geneva;\">La Mota era una aldea de la vecina Manjavacas, Villa que qued\u00f3 despoblada a ra\u00edz de una epidemia de la peste negra. Perteneciente al <i>\u00abCom\u00fan de la Mancha\u00bb<\/i>, que agrupaba una serie de poblaciones con una misma jurisdicci\u00f3n con fines ganaderos y fiscales.<\/span><\/span><\/p>\n<p style=\"text-align: justify;\" mce_style=\"text-align: justify;\"><span style=\"font-size: medium;\" mce_style=\"font-size: medium;\"><span style=\"font-family: verdana, geneva;\" mce_style=\"font-family: verdana, geneva;\"><br \/><\/span><\/span><\/p>\n<p style=\"text-align: justify;\" mce_style=\"text-align: justify;\"><span style=\"font-size: small;\" mce_style=\"font-family: verdana, geneva; font-size: small;\"><b style=\"style\" mce_style=\"style\"><span style=\"font-size: medium;\" mce_style=\"font-size: medium;\"><span style=\"font-family: verdana, geneva;\" mce_style=\"font-family: verdana, geneva;\">Pedro Mu\u00f1oz.<\/span><\/span><\/b><\/span><\/p>\n<p style=\"text-align: justify;\" mce_style=\"text-align: justify;\"><span style=\"font-size: medium;\" mce_style=\"font-size: medium;\"><span style=\"font-family: verdana, geneva;\" mce_style=\"font-family: verdana, geneva;\">En 1324, el Rey Alfonso el XI concedi\u00f3 a Pedro Mu\u00f1oz el Privilegio de Villa, en el Cap\u00edtulo General celebrado en M\u00e9rida.<\/span><\/span><\/p>\n<p style=\"text-align: justify;\" mce_style=\"text-align: justify;\"><span style=\"font-size: medium;\" mce_style=\"font-size: medium;\"><span style=\"font-family: verdana, geneva;\" mce_style=\"font-family: verdana, geneva;\">En 1410 el pueblo fue abandonado por sus pobladores, debido a la peste que azotaba esta zona.<\/span><\/span><\/p>\n<p style=\"text-align: justify;\" mce_style=\"text-align: justify;\"><span style=\"font-size: medium;\" mce_style=\"font-size: medium;\"><span style=\"font-family: verdana, geneva;\" mce_style=\"font-family: verdana, geneva;\">En 1525 se volvi\u00f3 de nuevo a repoblar y en 10 de Agosto de 1531 el Rey Carlos I, a instancias de su esposa Isabel de Portugal y Arag\u00f3n, concedi\u00f3 de nuevo el privilegio de Villa a Pedro Mu\u00f1oz, T\u00edtulo que mantiene hasta nuestros d\u00edas.<\/span><\/span><\/p>\n<p style=\"text-align: justify;\" mce_style=\"text-align: justify;\"><span style=\"font-size: medium;\" mce_style=\"font-size: medium;\"><span style=\"font-family: verdana, geneva;\" mce_style=\"font-family: verdana, geneva;\"><br \/><\/span><\/span><\/p>\n<p style=\"text-align: justify;\" mce_style=\"text-align: justify;\"><span style=\"font-size: small;\" mce_style=\"font-family: verdana, geneva; font-size: small;\"><b style=\"style\" mce_style=\"style\"><span style=\"font-size: medium;\" mce_style=\"font-size: medium;\"><span style=\"font-family: verdana, geneva;\" mce_style=\"font-family: verdana, geneva;\">Puerto L\u00e1pice.<\/span><\/span><\/b><\/span><\/p>\n<p style=\"text-align: justify;\" mce_style=\"text-align: justify;\"><span style=\"font-size: medium;\" mce_style=\"font-size: medium;\"><span style=\"font-family: verdana, geneva;\" mce_style=\"font-family: verdana, geneva;\">Fundado por los romanos, era una Aldea que formaba parte del alfoz de Consuegra.<\/span><\/span><\/p>\n<p style=\"text-align: justify;\" mce_style=\"text-align: justify;\"><span style=\"font-size: medium;\" mce_style=\"font-size: medium;\"><span style=\"font-family: verdana, geneva;\" mce_style=\"font-family: verdana, geneva;\"><br \/><\/span><\/span><\/p>\n<p style=\"text-align: justify;\" mce_style=\"text-align: justify;\"><span style=\"font-size: small;\" mce_style=\"font-family: verdana, geneva; font-size: small;\"><b style=\"style\" mce_style=\"style\"><span style=\"font-size: medium;\" mce_style=\"font-size: medium;\"><span style=\"font-family: verdana, geneva;\" mce_style=\"font-family: verdana, geneva;\">Quero.<\/span><\/span><\/b><\/span><\/p>\n<p style=\"text-align: justify;\" mce_style=\"text-align: justify;\"><span style=\"font-size: medium;\" mce_style=\"font-size: medium;\"><span style=\"font-family: verdana, geneva;\" mce_style=\"font-family: verdana, geneva;\">Quero consigue la Carta Puebla en 1241. <\/span><\/span><\/p>\n<p style=\"text-align: justify;\" mce_style=\"text-align: justify;\"><span style=\"font-size: medium;\" mce_style=\"font-size: medium;\"><span style=\"font-family: verdana, geneva;\" mce_style=\"font-family: verdana, geneva;\">En 1359 el Rey Pedro I les otorga el privilegio de Villazgo, perteneciente a la Orden de San Juan.<\/span><\/span><\/p>\n<p style=\"text-align: justify;\" mce_style=\"text-align: justify;\"><span style=\"font-size: medium;\" mce_style=\"font-size: medium;\"><span style=\"font-family: verdana, geneva;\" mce_style=\"font-family: verdana, geneva;\"><br \/><\/span><\/span><\/p>\n<p style=\"text-align: justify;\" mce_style=\"text-align: justify;\"><span style=\"font-size: small;\" mce_style=\"font-family: verdana, geneva; font-size: small;\"><b style=\"style\" mce_style=\"style\"><span style=\"font-size: medium;\" mce_style=\"font-size: medium;\"><span style=\"font-family: verdana, geneva;\" mce_style=\"font-family: verdana, geneva;\">Quintanar de la Orden.<\/span><\/span><\/b><\/span><\/p>\n<p style=\"text-align: justify;\" mce_style=\"text-align: justify;\"><span style=\"font-size: medium;\" mce_style=\"font-size: medium;\"><span style=\"font-family: verdana, geneva;\" mce_style=\"font-family: verdana, geneva;\">Llamada tambi\u00e9n Quintanar, que viene a ser: Casa de Labranza de la Orden de Santiago.<\/span><\/span><\/p>\n<p style=\"text-align: justify;\" mce_style=\"text-align: justify;\"><span style=\"font-size: medium;\" mce_style=\"font-size: medium;\"><span style=\"font-family: verdana, geneva;\" mce_style=\"font-family: verdana, geneva;\">Tambien llamada <i>\u00abQuintanar de la Encina\u00bb<\/i>.<\/span><\/span><\/p>\n<p style=\"text-align: justify;\" mce_style=\"text-align: justify;\"><span style=\"font-size: medium;\" mce_style=\"font-size: medium;\"><span style=\"font-family: verdana, geneva;\" mce_style=\"font-family: verdana, geneva;\">En 1318 el Rey Alfonso el XI le di\u00f3 la Carta de Privilegio y su hijo Don Fadrique le otorg\u00f3 los fueros en 1344, fundando el Com\u00fan de la Mancha, de la que Quintanar de la Orden es su capital.<\/span><\/span><\/p>\n<p style=\"text-align: justify;\" mce_style=\"text-align: justify;\"><span style=\"font-size: medium;\" mce_style=\"font-size: medium;\"><span style=\"font-family: verdana, geneva;\" mce_style=\"font-family: verdana, geneva;\"><br \/><\/span><\/span><\/p>\n<p style=\"text-align: justify;\" mce_style=\"text-align: justify;\"><span style=\"font-size: small;\" mce_style=\"font-family: verdana, geneva; font-size: small;\"><b style=\"style\" mce_style=\"style\"><span style=\"font-size: medium;\" mce_style=\"font-size: medium;\"><span style=\"font-family: verdana, geneva;\" mce_style=\"font-family: verdana, geneva;\">Tembleque.<\/span><\/span><\/b><\/span><\/p>\n<p style=\"text-align: justify;\" mce_style=\"text-align: justify;\"><span style=\"font-size: small;\" mce_style=\"font-family: verdana, geneva; font-size: small;\"><span style=\"style\" mce_style=\"style\"><span style=\"font-size: medium;\" mce_style=\"font-size: medium;\"><span style=\"font-family: verdana, geneva;\" mce_style=\"font-family: verdana, geneva;\">Tras la batalla de las Navas de Tolosa, el Prior de la Orden de San Juan otorga Carta Puebla a Tembleque, el a\u00f1o 1241.<\/span><\/span><\/span><\/span><\/p>\n<p style=\"text-align: justify;\" mce_style=\"text-align: justify;\"><span style=\"font-size: small;\" mce_style=\"font-family: verdana, geneva; font-size: small;\"><span style=\"style\" mce_style=\"style\"><span style=\"font-size: medium;\" mce_style=\"font-size: medium;\"><span style=\"font-family: verdana, geneva;\" mce_style=\"font-family: verdana, geneva;\">En 1509, la reina Juana le otorga la condici\u00f3n de Villa con sus fueros.<\/span><\/span><\/span><\/span><\/p>\n<p style=\"text-align: justify;\" mce_style=\"text-align: justify;\"><\/p>\n<p style=\"text-align: justify;\" mce_style=\"text-align: justify;\"><span style=\"font-size: small;\" mce_style=\"font-family: verdana, geneva; font-size: small;\"><span style=\"style\" mce_style=\"style\"><span style=\"font-size: medium;\" mce_style=\"font-size: medium;\"><span style=\"font-family: verdana, geneva;\" mce_style=\"font-family: verdana, geneva;\"><b>Villaca\u00f1as.<\/b><\/span><\/span><\/span><\/span><\/p>\n<p style=\"text-align: justify;\" mce_style=\"text-align: justify;\"><span style=\"font-size: small;\" mce_style=\"font-family: verdana, geneva; font-size: small;\"><span style=\"style\" mce_style=\"style\"><span style=\"font-size: medium;\" mce_style=\"font-size: medium;\"><span style=\"font-family: verdana, geneva;\" mce_style=\"font-family: verdana, geneva;\">Perteneciente al alfoz de Consuegra, Villaca\u00f1as aparece en 1230 como municipio, alcanzando el T\u00edtulo de Villa en 1557.<\/span><\/span><\/span><\/span><\/p>\n<p style=\"text-align: justify;\" mce_style=\"text-align: justify;\"><\/p>\n<p style=\"text-align: justify;\" mce_style=\"text-align: justify;\"><span style=\"font-size: small;\" mce_style=\"font-family: verdana, geneva; font-size: small;\"><span style=\"style\" mce_style=\"style\"><span style=\"font-size: medium;\" mce_style=\"font-size: medium;\"><span style=\"font-family: verdana, geneva;\" mce_style=\"font-family: verdana, geneva;\"><b>Villanueva de los Infantes.<\/b><\/span><\/span><\/span><\/span><\/p>\n<p style=\"text-align: justify;\" mce_style=\"text-align: justify;\"><span style=\"font-size: small;\" mce_style=\"font-family: verdana, geneva; font-size: small;\"><span style=\"style\" mce_style=\"style\"><span style=\"font-size: medium;\" mce_style=\"font-size: medium;\"><span style=\"font-family: verdana, geneva;\" mce_style=\"font-family: verdana, geneva;\">El origen de Villanueva de los Infantes, deriva de las poblaciones medievales de La Moraleja, Jamila y el Castillo de Pe\u00f1aflor.<\/span><\/span><\/span><\/span><\/p>\n<p style=\"text-align: justify;\" mce_style=\"text-align: justify;\"><span style=\"font-size: small;\" mce_style=\"font-family: verdana, geneva; font-size: small;\"><span style=\"style\" mce_style=\"style\"><span style=\"font-size: medium;\" mce_style=\"font-size: medium;\"><span style=\"font-family: verdana, geneva;\" mce_style=\"font-family: verdana, geneva;\">La Moraleja fue Aldea dependiente del alfoz de Montiel hasta que se convirti\u00f3 en Villa el 10 de Febrero de 1421.<\/span><\/span><\/span><\/span><\/p>\n<p style=\"text-align: justify;\" mce_style=\"text-align: justify;\"><span style=\"font-size: small;\" mce_style=\"font-family: verdana, geneva; font-size: small;\"><span style=\"style\" mce_style=\"style\"><span style=\"font-size: medium;\" mce_style=\"font-size: medium;\"><span style=\"font-family: verdana, geneva;\" mce_style=\"font-family: verdana, geneva;\">El nombre de Villanueva de los Infantes le viene dado por alusi\u00f3n a los infantes de Arag\u00f3n, Don Enrique y sus hermanos.<\/span><\/span><\/span><\/span><\/p>\n<p style=\"text-align: justify;\" mce_style=\"text-align: justify;\"><\/p>\n<p style=\"text-align: justify;\" mce_style=\"text-align: justify;\"><span style=\"font-size: small;\" mce_style=\"font-family: verdana, geneva; font-size: small;\"><span style=\"style\" mce_style=\"style\"><span style=\"font-size: medium;\" mce_style=\"font-size: medium;\"><span style=\"font-family: verdana, geneva;\" mce_style=\"font-family: verdana, geneva;\">Analizando todas las poblaciones cervantinas aludidas, tan s\u00f3lo Esquivias se identifica con el nombre de <b>Lugar<\/b>. No obstante, nos referiremos a continuaci\u00f3n a las poblaciones pr\u00f3ximas al <b>Lugar de Esquivias<\/b>, por si de ellas se desprende alguna pr\u00e1ctica que se pudiera considerar como <i>\u00abhabitual\u00bb<\/i> en sus nombramientos:<\/span><\/span><\/span><\/span><\/p>\n<p style=\"text-align: justify;\" mce_style=\"text-align: justify;\"><\/p>\n<p style=\"text-align: justify;\" mce_style=\"text-align: justify;\"><span style=\"font-size: small;\" mce_style=\"font-family: verdana, geneva; font-size: small;\"><span style=\"style\" mce_style=\"style\"><span style=\"font-size: medium;\" mce_style=\"font-size: medium;\"><span mce_style=\"font-family: verdana, geneva;\"><b style=\"style\" mce_style=\"style\"><span style=\"font-family: verdana, geneva;\" mce_style=\"font-family: verdana, geneva;\">Borox.<\/span><\/b><\/span><\/span><\/span><\/span><\/p>\n<p style=\"text-align: justify;\" mce_style=\"text-align: justify;\"><span style=\"font-size: small;\" mce_style=\"font-family: verdana, geneva; font-size: small;\"><span style=\"style\" mce_style=\"style\"><span style=\"font-size: medium;\" mce_style=\"font-size: medium;\"><span style=\"font-size: medium;\" mce_style=\"font-size: medium;\"><span style=\"font-family: verdana, geneva;\" mce_style=\"font-family: verdana, geneva;\">El origen de Borox, antiguamente llamado Boroj o Vorox, es el de una Venta llamada <i>\u00abLa Alh\u00f3ndiga\u00bb <\/i>que se hallaba en el camino de la Alcarria a Toledo, a orillas del r\u00edo Tajo.<\/span><\/span><\/span><\/span><\/span><\/p>\n<p style=\"text-align: justify;\" mce_style=\"text-align: justify;\"><span style=\"font-size: small;\" mce_style=\"font-family: verdana, geneva; font-size: small;\"><span style=\"style\" mce_style=\"style\"><span style=\"font-size: medium;\" mce_style=\"font-size: medium;\"><span style=\"font-size: medium;\" mce_style=\"font-size: medium;\"><span style=\"font-family: verdana, geneva;\" mce_style=\"font-family: verdana, geneva;\">Perteneci\u00f3 al Rey Alfonso el VIII qui\u00e9n don\u00f3 la mitad de la Villa a su mayordomo Rodrigo Guti\u00e9rrez y la otra mitad a la Orden de Calatrava.<\/span><\/span><\/span><\/span><\/span><\/p>\n<p style=\"text-align: justify;\" mce_style=\"text-align: justify;\"><span style=\"font-size: small;\" mce_style=\"font-family: verdana, geneva; font-size: small;\"><span style=\"style\" mce_style=\"style\"><span style=\"font-size: medium;\" mce_style=\"font-size: medium;\"><span style=\"font-size: medium;\" mce_style=\"font-size: medium;\"><span style=\"font-family: verdana, geneva;\" mce_style=\"font-family: verdana, geneva;\">Al menos en el a\u00f1o 1526 aparece como Villa.<\/span><\/span><\/span><\/span><\/span><\/p>\n<p style=\"text-align: justify;\" mce_style=\"text-align: justify;\"><span style=\"font-size: small;\" mce_style=\"font-family: verdana, geneva; font-size: small;\"><span style=\"style\" mce_style=\"style\"><span style=\"font-size: medium;\" mce_style=\"font-size: medium;\"><span style=\"font-size: medium;\" mce_style=\"font-size: medium;\"><span style=\"font-family: verdana, geneva;\" mce_style=\"font-family: verdana, geneva;\">Perteneciente a la provincia de Toledo, lo fue anteriormente de la <i>\u00abantigua provincia de Madrid\u00bb<\/i>.<\/span><\/span><\/span><\/span><\/span><\/p>\n<p style=\"text-align: justify;\" mce_style=\"text-align: justify;\"><span style=\"font-size: medium;\" mce_style=\"font-size: medium;\"><span style=\"font-family: verdana, geneva;\" mce_style=\"font-family: verdana, geneva;\"><br \/><\/span><\/span><\/p>\n<p style=\"text-align: justify;\" mce_style=\"text-align: justify;\"><span style=\"font-size: small;\" mce_style=\"font-family: verdana, geneva; font-size: small;\"><span style=\"style\" mce_style=\"style\"><span style=\"font-size: medium;\" mce_style=\"font-size: medium;\"><span mce_style=\"font-family: verdana, geneva;\"><b style=\"style\" mce_style=\"style\"><span style=\"font-size: medium;\" mce_style=\"font-size: medium;\"><span style=\"font-family: verdana, geneva;\" mce_style=\"font-family: verdana, geneva;\">Pantoja.<\/span><\/span><\/b><\/span><\/span><\/span><\/span><\/p>\n<p style=\"text-align: justify;\" mce_style=\"text-align: justify;\"><span style=\"font-size: medium;\" mce_style=\"font-size: medium;\"><span style=\"font-family: verdana, geneva;\" mce_style=\"font-family: verdana, geneva;\">El t\u00e9rmino Pantoja proviene de un antiguo propietario de la Aldea.<\/span><\/span><\/p>\n<p style=\"text-align: justify;\" mce_style=\"text-align: justify;\"><span style=\"font-size: medium;\" mce_style=\"font-size: medium;\"><span style=\"font-family: verdana, geneva;\" mce_style=\"font-family: verdana, geneva;\">En \u00a0el a\u00f1o 1173 aparece en documento moz\u00e1rabe como Alquer\u00eda, pasando a la denominaci\u00f3n de Villa en 1628.<\/span><\/span><\/p>\n<p style=\"text-align: justify;\" mce_style=\"text-align: justify;\"><span style=\"font-size: medium;\" mce_style=\"font-size: medium;\"><span style=\"font-family: verdana, geneva;\" mce_style=\"font-family: verdana, geneva;\"><br \/><\/span><\/span><\/p>\n<p style=\"text-align: justify;\" mce_style=\"text-align: justify;\"><span style=\"font-size: medium;\" mce_style=\"font-size: medium;\"><b style=\"style\" mce_style=\"style\"><span style=\"font-family: verdana, geneva;\" mce_style=\"font-family: verdana, geneva;\">Parla.<\/span><\/b><\/span><\/p>\n<p style=\"text-align: justify;\" mce_style=\"text-align: justify;\"><span style=\"font-size: medium;\" mce_style=\"font-size: medium;\"><span style=\"font-family: verdana, geneva;\" mce_style=\"font-family: verdana, geneva;\">Pertenec\u00eda al alfoz de Madrid, teniendo car\u00e1cter de Aldea en 1338, confirmado en 1531 por el rey Carlos I.<\/span><\/span><\/p>\n<p style=\"text-align: justify;\" mce_style=\"text-align: justify;\"><span style=\"font-size: medium;\" mce_style=\"font-size: medium;\"><span style=\"font-family: verdana, geneva;\" mce_style=\"font-family: verdana, geneva;\">El Rey Alfonso XII le otorga el T\u00edtulo de Villa.<\/span><\/span><\/p>\n<p style=\"text-align: justify;\" mce_style=\"text-align: justify;\"><\/p>\n<p style=\"text-align: justify;\" mce_style=\"text-align: justify;\"><span style=\"font-size: medium;\" mce_style=\"font-size: medium;\"><b style=\"style\" mce_style=\"style\"><span style=\"font-family: verdana, geneva;\" mce_style=\"font-family: verdana, geneva;\">Sese\u00f1a.<\/span><\/b><\/span><\/p>\n<p style=\"text-align: justify;\" mce_style=\"text-align: justify;\"><span style=\"font-size: medium;\" mce_style=\"font-size: medium;\"><span style=\"font-family: verdana, geneva;\" mce_style=\"font-family: verdana, geneva;\">Los primeros datos documentados son de que aparece el a\u00f1o 1239 como <i>\u00abAldea de Segovia\u00bb<\/i>.<\/span><\/span><\/p>\n<p style=\"text-align: justify;\" mce_style=\"text-align: justify;\"><span style=\"font-size: medium;\" mce_style=\"font-size: medium;\"><span style=\"font-family: verdana, geneva;\" mce_style=\"font-family: verdana, geneva;\">No hay datos concretos de cuando fue denominada con el T\u00edtulo de Villa, pero es probable fuera a partir de 1480 por Decreto de los Reyes Cat\u00f3licos.<\/span><\/span><\/p>\n<p style=\"text-align: justify;\" mce_style=\"text-align: justify;\"><span style=\"font-size: medium;\" mce_style=\"font-size: medium;\"><span style=\"font-family: verdana, geneva;\" mce_style=\"font-family: verdana, geneva;\">Perteneciente a la provincia de Toledo, lo fue anteriormente de la <i>\u00abantigua provincia de Madrid\u00bb<\/i>.<\/span><\/span><\/p>\n<p style=\"text-align: justify;\" mce_style=\"text-align: justify;\"><span style=\"font-size: medium;\" mce_style=\"font-size: medium;\"><span style=\"font-family: verdana, geneva;\" mce_style=\"font-family: verdana, geneva;\"><br \/><\/span><\/span><\/p>\n<p style=\"text-align: justify;\" mce_style=\"text-align: justify;\"><span style=\"font-size: medium;\" mce_style=\"font-size: medium;\"><b style=\"style\" mce_style=\"style\"><span style=\"font-size: medium;\" mce_style=\"font-size: medium;\"><span style=\"font-family: verdana, geneva;\" mce_style=\"font-family: verdana, geneva;\">Torrej\u00f3n de Velasco.<\/span><\/span><\/b><\/span><\/p>\n<p style=\"text-align: justify;\" mce_style=\"text-align: justify;\"><span style=\"font-size: medium;\" mce_style=\"font-size: medium;\"><span style=\"font-family: verdana, geneva;\" mce_style=\"font-family: verdana, geneva;\">En 1332 se le conoce como Se\u00f1or\u00edo, merced a pertenecer al Conde de Pu\u00f1oenrostro, T\u00edtulo que sigui\u00f3 ostentando durante muchos a\u00f1os, dado que este Condado iba aumentando sus propiedades en detrimento de los Trast\u00e1mara.<\/span><\/span><\/p>\n<p style=\"text-align: justify;\" mce_style=\"text-align: justify;\"><span style=\"font-size: medium;\" mce_style=\"font-size: medium;\"><span style=\"font-family: verdana, geneva;\" mce_style=\"font-family: verdana, geneva;\"><br \/><\/span><\/span><\/p>\n<p style=\"text-align: justify;\" mce_style=\"text-align: justify;\"><span mce_style=\"font-family: verdana, geneva;\"><b style=\"style\" mce_style=\"style\"><span style=\"font-size: medium;\" mce_style=\"font-size: medium;\"><span style=\"font-family: verdana, geneva;\" mce_style=\"font-family: verdana, geneva;\">Valdemoro.<\/span><\/span><\/b><\/span><\/p>\n<p style=\"text-align: justify;\" mce_style=\"text-align: justify;\"><span style=\"font-size: medium;\" mce_style=\"font-size: medium;\"><span style=\"font-family: verdana, geneva;\" mce_style=\"font-family: verdana, geneva;\">Aldea al sur de Madrid, a mediados del siglo XIV Valdemoro pertenec\u00eda al Arzobispado de Toledo como Se\u00f1or\u00edo Eclesi\u00e1stico; por esas fechas, el Rey Enrique III le concede el Privilegio de Villa.<\/span><\/span><\/p>\n<p style=\"text-align: justify;\" mce_style=\"text-align: justify;\"><span style=\"font-size: medium;\" mce_style=\"font-size: medium;\"><span style=\"font-family: verdana, geneva;\" mce_style=\"font-family: verdana, geneva;\">En 1557, Felipe II lo enajena del arzobispado de Toledo, pasando a ser Villa Realenga.<\/span><\/span><\/p>\n<p style=\"text-align: justify;\" mce_style=\"text-align: justify;\"><span style=\"font-size: medium;\" mce_style=\"font-size: medium;\"><span style=\"font-family: verdana, geneva;\" mce_style=\"font-family: verdana, geneva;\"><br \/><\/span><\/span><\/p>\n<p style=\"text-align: justify;\" mce_style=\"text-align: justify;\"><span mce_style=\"font-family: verdana, geneva;\"><b style=\"style\" mce_style=\"style\"><span style=\"font-size: medium;\" mce_style=\"font-size: medium;\"><span style=\"font-family: verdana, geneva;\" mce_style=\"font-family: verdana, geneva;\">Yeles.<\/span><\/span><\/b><\/span><\/p>\n<p style=\"text-align: justify;\" mce_style=\"text-align: justify;\"><span style=\"font-size: medium;\" mce_style=\"font-size: medium;\"><span style=\"font-family: verdana, geneva;\" mce_style=\"font-family: verdana, geneva;\">El pueblo de Yeles aparece por primera vez el a\u00f1o 1188 en el documento de donaci\u00f3n de los Solares y Vasallajes de Esquivias, que el rey Alfonso el VIII hace a la Santa Iglesia de Toledo.<\/span><\/span><\/p>\n<p style=\"text-align: justify;\" mce_style=\"text-align: justify;\"><span style=\"font-size: medium;\" mce_style=\"font-size: medium;\"><span style=\"font-family: verdana, geneva;\" mce_style=\"font-family: verdana, geneva;\">En el a\u00f1o de 1584 figuraba a\u00fan como Aldea.<\/span><\/span><\/p>\n<p style=\"text-align: justify;\" mce_style=\"text-align: justify;\"><span style=\"font-size: medium;\" mce_style=\"font-size: medium;\"><span style=\"font-family: verdana, geneva;\" mce_style=\"font-family: verdana, geneva;\"><br \/><\/span><\/span><\/p>\n<p style=\"text-align: justify;\" mce_style=\"text-align: justify;\"><span mce_style=\"font-family: verdana, geneva;\"><b style=\"style\" mce_style=\"style\"><span style=\"font-size: medium;\" mce_style=\"font-size: medium;\"><span style=\"font-family: verdana, geneva;\" mce_style=\"font-family: verdana, geneva;\">Illescas.<\/span><\/span><\/b><\/span><\/p>\n<p style=\"text-align: justify;\" mce_style=\"text-align: justify;\"><span style=\"font-size: medium;\" mce_style=\"font-size: medium;\"><span style=\"font-size: medium;\" mce_style=\"font-size: medium;\"><span style=\"font-family: verdana, geneva;\" mce_style=\"font-family: verdana, geneva;\">en 1154, el rey Alfonso el VII otorg\u00f3 Carta Puebla a Illescas, y en 1158 volvi\u00f3 a pertenecer al Se\u00f1or\u00edo Arzobispal.<\/span><\/span><\/span><\/p>\n<p style=\"text-align: justify;\" mce_style=\"text-align: justify;\"><span style=\"font-size: medium;\" mce_style=\"font-size: medium;\"><span style=\"font-family: verdana, geneva;\" mce_style=\"font-family: verdana, geneva;\">El a\u00f1o 1575, el rey Felipe II otorgaba a Illescas el T\u00edtulo de Villa Realenga.<\/span><\/span><\/p>\n<p style=\"text-align: justify;\" mce_style=\"text-align: justify;\"><span style=\"font-size: medium;\" mce_style=\"font-size: medium;\"><br \/><\/span><\/p>\n<p style=\"text-align: justify;\" mce_style=\"text-align: justify;\"><span mce_style=\"font-family: verdana, geneva;\"><b style=\"style\" mce_style=\"style\"><span style=\"font-size: medium;\" mce_style=\"font-size: medium;\"><span style=\"font-family: verdana, geneva;\" mce_style=\"font-family: verdana, geneva;\">Yuncos.<\/span><\/span><\/b><\/span><\/p>\n<p style=\"text-align: justify;\" mce_style=\"text-align: justify;\"><span style=\"font-size: medium;\" mce_style=\"font-size: medium;\"><span style=\"font-family: verdana, geneva;\" mce_style=\"font-family: verdana, geneva;\">En 1181, Yuncos aparece con el t\u00e9rmino de Alquer\u00eda.<\/span><\/span><\/p>\n<p style=\"text-align: justify;\" mce_style=\"text-align: justify;\"><span style=\"font-size: medium;\" mce_style=\"font-size: medium;\"><span style=\"font-family: verdana, geneva;\" mce_style=\"font-family: verdana, geneva;\">Pertenec\u00eda a la Corona, a la que los vecinos de Yuncos pagaban las alcabalas.<\/span><\/span><\/p>\n<p style=\"text-align: justify;\" mce_style=\"text-align: justify;\"><span style=\"font-size: medium;\" mce_style=\"font-size: medium;\"><span style=\"font-family: verdana, geneva;\" mce_style=\"font-family: verdana, geneva;\"><br \/><\/span><\/span><\/p>\n<p style=\"text-align: justify;\" mce_style=\"text-align: justify;\"><span style=\"font-size: medium;\" mce_style=\"font-size: medium;\"><span style=\"font-family: verdana, geneva;\" mce_style=\"font-family: verdana, geneva;\">Y tambi\u00e9n haremos alusi\u00f3n a la identificaci\u00f3n que hace el Catastro del Marques de la Ensenada, conocido como <i>\u00abCatastro Ensenada\u00bb<\/i>, referido a los municipios de la provincia de Toledo.<\/span><\/span><\/p>\n<p style=\"text-align: justify;\" mce_style=\"text-align: justify;\"><span style=\"font-size: medium;\" mce_style=\"font-size: medium;\"><span style=\"font-family: verdana, geneva;\" mce_style=\"font-family: verdana, geneva;\">El Catastro de Ensenada no se fija solamente en los enclaves territoriales y geogr\u00e1ficos, mapas, cartograf\u00eda, etc. aunque en principio este fue el primer objetivo de su estudio y aclaraci\u00f3n. Del mismo, se desprende que las Villas de Sese\u00f1a y Borox pertenecieron en su d\u00eda a la <i>\u00abantigua provincia de Madrid\u00bb<\/i>, hoy de Toledo.<\/span><\/span><\/p>\n<p style=\"text-align: justify;\" mce_style=\"text-align: justify;\"><span style=\"font-size: medium;\" mce_style=\"font-size: medium;\"><span style=\"font-family: verdana, geneva;\" mce_style=\"font-family: verdana, geneva;\">La confirmaci\u00f3n del mapa se\u00f1orial pudo ser el resultado de una pol\u00edtica regia bajo Alfonso el VIII, que trat\u00f3 de impedir conscientemente la formaci\u00f3n de grandes se\u00f1or\u00edos nobiliarios en el reino de Toledo, al percibir el peligro que supon\u00eda el r\u00e1pido auge y engrandecimiento que la nobleza castellana estaba experimentando en el siglo XIII, prefiriendo, en consecuencia, favorecer a la iglesia, mas adicta a sus planes.<\/span><\/span><\/p>\n<p style=\"text-align: justify;\" mce_style=\"text-align: justify;\"><span style=\"font-size: medium;\" mce_style=\"font-size: medium;\"><span style=\"font-family: verdana, geneva;\" mce_style=\"font-family: verdana, geneva;\">Se observan tambi\u00e9n que las formas dominicales en el reino de Toledo despu\u00e9s de la conquista en 1085 por Alfonso el VI, fueron tres: El Abadengo Arzobispal, con la creaci\u00f3n de un gran Se\u00f1or\u00edo Eclesi\u00e1stico para favorecer el desarrollo de la Catedral; el Concejo, que ejercit\u00f3 la funci\u00f3n repobladora impidiendo, a la vez, la penetraci\u00f3n se\u00f1orial nobiliaria, y las Ordenes Militares. Tras un proceso de expansi\u00f3n nobiliaria provocado por la fuerza de este estamento, por la guerra entre Pedro I y Enrique II, con sus \u00abmercedes\u00bb subsiguientes, y por una serie de secularizaciones de Se\u00f1or\u00edos Eclesi\u00e1sticos en el siglo XVI, se lleg\u00f3 al XVIII que ofrec\u00eda la siguiente distribuci\u00f3n por n\u00facleos de la jurisdicci\u00f3n provincial:<\/span><\/span><\/p>\n<p style=\"text-align: justify;\" mce_style=\"text-align: justify;\"><span style=\"font-size: medium;\" mce_style=\"font-size: medium;\"><span style=\"font-family: verdana, geneva;\" mce_style=\"font-family: verdana, geneva;\">1. Ciudad.<\/span><\/span><\/p>\n<p style=\"text-align: justify;\" mce_style=\"text-align: justify;\"><span style=\"font-size: medium;\" mce_style=\"font-size: medium;\"><span style=\"font-family: verdana, geneva;\" mce_style=\"font-family: verdana, geneva;\">47. Villas Realengas.<\/span><\/span><\/p>\n<p style=\"text-align: justify;\" mce_style=\"text-align: justify;\"><span style=\"font-size: medium;\" mce_style=\"font-size: medium;\"><span style=\"font-family: verdana, geneva;\" mce_style=\"font-family: verdana, geneva;\">21. Lugares de Realengo.<\/span><\/span><\/p>\n<p style=\"text-align: justify;\" mce_style=\"text-align: justify;\"><span style=\"font-size: medium;\" mce_style=\"font-size: medium;\"><span style=\"font-family: verdana, geneva;\" mce_style=\"font-family: verdana, geneva;\">30. Despoblados.<\/span><\/span><\/p>\n<p style=\"text-align: justify;\" mce_style=\"text-align: justify;\"><span style=\"font-size: medium;\" mce_style=\"font-size: medium;\"><span style=\"font-family: verdana, geneva;\" mce_style=\"font-family: verdana, geneva;\">Con un total de 99.<\/span><\/span><\/p>\n<p style=\"text-align: justify;\" mce_style=\"text-align: justify;\"><span style=\"font-size: medium;\" mce_style=\"font-size: medium;\"><span style=\"font-family: verdana, geneva;\" mce_style=\"font-family: verdana, geneva;\">Adem\u00e1s, hab\u00eda otras 351 entidades mayores y menores entre Se\u00f1or\u00edos Seculares, Se\u00f1or\u00edos Eclesi\u00e1sticos, Ordenes Militares y Concejos.<\/span><\/span><\/p>\n<p style=\"text-align: justify;\" mce_style=\"text-align: justify;\"><span style=\"font-size: medium;\" mce_style=\"font-size: medium;\"><span style=\"font-family: verdana, geneva;\" mce_style=\"font-family: verdana, geneva;\">De las unidades de poblaci\u00f3n descritas, es patente la escasa presencia de los n\u00facleos de Realengo. El hecho adquiere todav\u00eda mayor significaci\u00f3n al comprobar que, de los veinti\u00fan <b>Lugares de Realengo<\/b> del Partido de Toledo, quince eran de <i>\u00absegundo grado\u00bb<\/i>, por depender de la jurisdicci\u00f3n de la Ciudad, a saber:<\/span><\/span><\/p>\n<p style=\"text-align: justify;\" mce_style=\"text-align: justify;\"><span style=\"font-size: medium;\" mce_style=\"font-size: medium;\"><span style=\"font-family: verdana, geneva;\" mce_style=\"font-family: verdana, geneva;\">Arg\u00e9s, Bargas, Burguillos <i>(barrio arrabal de Toledo)<\/i>, Casasbuenas, Casalgordo, Cobisa <i>(\u00absuburbio\u00bb de Toledo)<\/i>, Chueca <i>(\u00absuburbio\u00bb)<\/i>, Escalonilla, <b>Esquivias<\/b>, Mazarambroz, Mocej\u00f3n, Nambroca <i>(\u00abarrabal de la ciudad\u00bb)<\/i>, Nov\u00e9s <i>(depend\u00eda de Toledo en la \u00abjurisdicci\u00f3n criminal\u00bb)<\/i>, Pol\u00e1n y Totan\u00e9s.<\/span><\/span><\/p>\n<p style=\"text-align: justify;\" mce_style=\"text-align: justify;\"><span style=\"font-size: medium;\" mce_style=\"font-size: medium;\"><span style=\"font-family: verdana, geneva;\" mce_style=\"font-family: verdana, geneva;\">Las otras seis poblaciones se eximieron tard\u00edamente de la jurisdicci\u00f3n de la Ciudad de Toledo: A\u00f1over, Mascaraque, Yuncos, Illescas, Ol\u00edas y Yuncler.<\/span><\/span><\/p>\n<p style=\"text-align: justify;\" mce_style=\"text-align: justify;\"><span style=\"font-size: medium;\" mce_style=\"font-size: medium;\"><span style=\"font-family: verdana, geneva;\" mce_style=\"font-family: verdana, geneva;\">Todav\u00eda, en el siglo XVIII ser Villa de Realengo significaba en la pr\u00e1ctica no depender jurisdiccionalmente de un se\u00f1or, no ser un Se\u00f1or\u00edo. Tal situaci\u00f3n en nada paliaba la cotidiana intervenci\u00f3n de los estamentos en la vida municipal. En tanto, los eclesi\u00e1sticos ejerc\u00edan su influencia no institucional, los nobles fueron ocupando progresivamente los cargos concejiles a trav\u00e9s de dos v\u00edas paralelas: el reconocimiento de una representaci\u00f3n exclusiva de los Hidalgos, que condujo a la divisi\u00f3n por mitad de los oficios y, por otra, la compra de oficios, en especial regimientos, enajenados mas\u00edvamente por los Austrias, y cuya adquisici\u00f3n ten\u00eda que proporcionar indudables compensaciones, fuese en dinero, fuese en influencia, a los compradores.<\/span><\/span><\/p>\n<p style=\"text-align: justify;\" mce_style=\"text-align: justify;\"><span style=\"font-size: medium;\" mce_style=\"font-size: medium;\"><span style=\"font-family: verdana, geneva;\" mce_style=\"font-family: verdana, geneva;\">El control de los Ayuntamientos de Realengo dio a la nobleza toda clase de medios para intervenir en las econom\u00edas municipales, consolidando as\u00ed su condici\u00f3n de propietaria.<\/span><\/span><\/p>\n<p style=\"text-align: justify;\" mce_style=\"text-align: justify;\"><span style=\"font-size: medium;\" mce_style=\"font-size: medium;\"><span style=\"font-family: verdana, geneva;\" mce_style=\"font-family: verdana, geneva;\">Mientras los Regidores ten\u00edan voz y voto, a los jurados compet\u00eda solo la voz <i>\u00abde defensa del pueblo y bien com\u00fan y de poder contradecir, protestar y pedir testimonio de cuanto se trate en su perjuicio con recurso a la superioridad y dichos regidores\u00bb<\/i>.\u00a0<\/span><\/span><\/p>\n<p style=\"text-align: justify;\" mce_style=\"text-align: justify;\"><span style=\"font-size: medium;\" mce_style=\"font-size: medium;\"><span style=\"font-family: verdana, geneva;\" mce_style=\"font-family: verdana, geneva;\">Sobre los Regidores, hab\u00eda dispuesto Felipe II, en 1566: <i>\u00abDeclaramos y ordenamos que los Regidores del estado de los caballeros hayan de ser caballeros Hijosdalgo de sangre y que ellos ni sus pasados no hayan tenido oficio mec\u00e1nico ni vil, y que los del estado de ciudadanos hayan de ser Hijosdalgo al menos cristianos viejos, limpios, sin raza de moro ni jud\u00edo\u00bb.<\/i>\u00a0<\/span><\/span><\/p>\n<p style=\"text-align: justify;\" mce_style=\"text-align: justify;\"><span style=\"font-size: medium;\" mce_style=\"font-size: medium;\"><span style=\"font-family: verdana, geneva;\" mce_style=\"font-family: verdana, geneva;\">Estos Regidores, si bien pod\u00edan ser elementos representativos del pueblo por el acceso que al Cabildo ten\u00edan los ciudadanos, en realidad eran unos instrumentos mas del poder regio, el cual los utilizaba para decidir a su favor los votos del Ayuntamiento, puesto que quien los preve\u00eda era la C\u00e1mara de Castilla, y esta, previa <i>\u00abinformaci\u00f3n hecha por c\u00e9dula nuestra ante nuestro Corregidor de la dicha ciudad\u00bb<\/i>.<\/span><\/span><\/p>\n<p style=\"text-align: center;\" mce_style=\"text-align: center;\"><img loading=\"lazy\" decoding=\"async\" class=\" size-full wp-image-661 size-full wp-image-661\" src=\"http:\/\/www.cervantinaesquivias.org\/wordpress\/wp-content\/uploads\/2013\/05\/gravado-11.jpg\" mce_src=\"http:\/\/www.cervantinaesquivias.org\/wordpress\/wp-content\/uploads\/2013\/05\/gravado-11.jpg\" style=\"margin-left: 20px; margin-right: 20px;\" mce_style=\"margin-left: 20px; margin-right: 20px;\" width=\"413\" height=\"313\" srcset=\"http:\/\/www.cervantinaesquivias.org\/wordpress\/wp-content\/uploads\/2013\/05\/gravado-11.jpg 413w, http:\/\/www.cervantinaesquivias.org\/wordpress\/wp-content\/uploads\/2013\/05\/gravado-11-300x227.jpg 300w\" sizes=\"auto, (max-width: 413px) 100vw, 413px\" \/><\/p>\n<p style=\"text-align: justify;\" mce_style=\"text-align: justify;\"><\/p>\n<p style=\"text-align: justify;\" mce_style=\"text-align: justify;\"><span style=\"font-size: medium;\" mce_style=\"font-size: medium;\"><span style=\"font-family: verdana, geneva;\" mce_style=\"font-family: verdana, geneva;\">A la vista de todo lo expuesto anteriormente, han de quedar pocas dudas, o ningun<\/span><\/span><span style=\"font-family: verdana, geneva; font-size: medium; line-height: 1.3em;\" mce_style=\"font-family: verdana, geneva; font-size: medium; line-height: 1.3em;\">a, de que Miguel de Cervantes, cuando se refer\u00eda al <\/span><b style=\"font-family: verdana, geneva; font-size: medium; line-height: 1.3em;\" mce_style=\"font-family: verdana, geneva; font-size: medium; line-height: 1.3em;\">Lugar del Quijote,<\/b><span style=\"font-family: verdana, geneva; font-size: medium; line-height: 1.3em;\" mce_style=\"font-family: verdana, geneva; font-size: medium; line-height: 1.3em;\">\u00a0se estaba refiri\u00e9ndose al <\/span><b style=\"font-family: verdana, geneva; font-size: medium; line-height: 1.3em;\" mce_style=\"font-family: verdana, geneva; font-size: medium; line-height: 1.3em;\">Lugar de Esquivias. <\/b><span style=\"font-family: verdana, geneva; font-size: medium; line-height: 1.3em;\" mce_style=\"font-family: verdana, geneva; font-size: medium; line-height: 1.3em;\">No existe ning\u00fan otro pueblo o aldea que re\u00fana toda una serie de circunstancias a su favor.<\/span><\/p>\n<p style=\"text-align: justify;\" mce_style=\"text-align: justify;\"><span style=\"font-size: medium;\" mce_style=\"font-size: medium;\"><span style=\"font-family: verdana, geneva;\" mce_style=\"font-family: verdana, geneva;\">No obstante, para abundar mas si cabe, y consolidar esta afirmaci\u00f3n, veamos los documentos que se hallan custodiados en los Archivos Parroquiales de Esquivias, en los que, en unas ocasiones se habla del <b>\u00abLugar de Esquivias\u00bb<\/b> y en otras, las mas de ellas, simplemente de <b>\u00abEl Lugar\u00bb<\/b> pues con esta definici\u00f3n no hace falta ponerle nombre, por ser obvio.<\/span><\/span><\/p>\n<p style=\"text-align: justify;\" mce_style=\"text-align: justify;\"><span style=\"font-size: medium;\" mce_style=\"font-size: medium;\"><span style=\"font-family: verdana, geneva;\" mce_style=\"font-family: verdana, geneva;\">Se trata de documentos manuscritos, originales, sobre partidas de Bautismo, Desposorios, Defunciones, etc. como una muestra simplemente, pues la totalidad de ellos ser\u00eda innecesario publicar, e incluso desproporcionado, ya que es raro que haya alg\u00fan documento que no quede debidamente identificado como <b>Lugar<\/b> al tratarse de <b>Esquivias<\/b>. Incluso, en algunos documentos se aporta que pertenec\u00eda a la jurisdicci\u00f3n de la Ciudad de Toledo, ajust\u00e1ndose en todo a la definici\u00f3n del t\u00e9rmino <b>Lugar<\/b>.<\/span><\/span><\/p>\n<p style=\"text-align: justify;\" mce_style=\"text-align: justify;\"><span style=\"font-size: medium;\" mce_style=\"font-size: medium;\"><span style=\"font-family: verdana, geneva;\" mce_style=\"font-family: verdana, geneva;\">De esta forma, nos ce\u00f1iremos a publicar solo algunos de los que coincid\u00edan en el tiempo con las estancias de Cervantes en Esquivias, puesto que hacerlo tambi\u00e9n con los documentos de fechas posteriores ser\u00eda irrelevante para el objeto que nos ocupa, y lo haremos\u00a0<span style=\"line-height: 1.3em;\" mce_style=\"line-height: 1.3em;\">principalmente con los de su esposa, la esquiviana Catalina de Salazar y Palacios, de las familias Quixadas, de los Salazares, y de los personajes que, siendo naturales y vecinos de Esquivias, Cervantes los incluy\u00f3 en su magna obra Don Quijote de la Mancha.<\/span><\/span><\/span><\/p>\n<p style=\"text-align: justify;\" mce_style=\"text-align: justify;\"><\/p>\n<p style=\"text-align: justify;\" mce_style=\"text-align: justify;\"><!--nextpage--><\/p>\n<p style=\"text-align: center;\" mce_style=\"text-align: center;\"><img loading=\"lazy\" decoding=\"async\" class=\" size-full wp-image-662 size-full wp-image-662\" src=\"http:\/\/www.cervantinaesquivias.org\/wordpress\/wp-content\/uploads\/2013\/05\/andres-martin.-16-vto.-de-1585.jpg\" mce_src=\"http:\/\/www.cervantinaesquivias.org\/wordpress\/wp-content\/uploads\/2013\/05\/andres-martin.-16-vto.-de-1585.jpg\" alt=\"alt\" style=\"style\" mce_style=\"style\" width=\"709\" height=\"161\" srcset=\"http:\/\/www.cervantinaesquivias.org\/wordpress\/wp-content\/uploads\/2013\/05\/andres-martin.-16-vto.-de-1585.jpg 709w, http:\/\/www.cervantinaesquivias.org\/wordpress\/wp-content\/uploads\/2013\/05\/andres-martin.-16-vto.-de-1585-300x68.jpg 300w\" sizes=\"auto, (max-width: 709px) 100vw, 709px\" \/><\/p>\n<p style=\"text-align: justify;\" mce_style=\"text-align: justify;\"><span style=\"font-size: medium;\" mce_style=\"font-size: medium;\"><span style=\"font-family: verdana, geneva;\" mce_style=\"font-family: verdana, geneva;\">Al Margen:<i> Andr\u00e9s Martin:<\/i><\/span><\/span><\/p>\n<p style=\"text-align: justify;\" mce_style=\"text-align: justify;\"><span style=\"font-size: medium;\" mce_style=\"font-size: medium;\"><span style=\"font-family: verdana, geneva;\" mce_style=\"font-family: verdana, geneva;\"><i>\u00abEn ultimo de octubre (1585) muri\u00f3 Andres Martin El viejo Enterrose En sepultura de la Yglesia Recibio sus Sacramentos hizo testamento mando que se hiciese Su Enterramiento como Es de costubre y que dixese misas re\u00e7adas los clerigos que uviese<b>\u00a0En<\/b>\u00a0E<b>l lugar<\/b> mando Se le hiciese cabo de A\u00f1o y Este Se le hi\u00e7o a Ruego&#8230;\u00bb<\/i><\/span><\/span><\/p>\n<p style=\"text-align: justify;\" mce_style=\"text-align: justify;\"><\/p>\n<p style=\"text-align: center;\" mce_style=\"text-align: center;\"><img loading=\"lazy\" decoding=\"async\" class=\" size-full wp-image-663 size-full wp-image-663\" src=\"http:\/\/www.cervantinaesquivias.org\/wordpress\/wp-content\/uploads\/2013\/05\/luis-de-salazar-12-1583.jpg\" mce_src=\"http:\/\/www.cervantinaesquivias.org\/wordpress\/wp-content\/uploads\/2013\/05\/luis-de-salazar-12-1583.jpg\" alt=\"alt\" width=\"709\" height=\"136\" srcset=\"http:\/\/www.cervantinaesquivias.org\/wordpress\/wp-content\/uploads\/2013\/05\/luis-de-salazar-12-1583.jpg 709w, http:\/\/www.cervantinaesquivias.org\/wordpress\/wp-content\/uploads\/2013\/05\/luis-de-salazar-12-1583-300x58.jpg 300w\" sizes=\"auto, (max-width: 709px) 100vw, 709px\" \/><\/p>\n<p style=\"text-align: justify;\" mce_style=\"text-align: justify;\"><span style=\"font-size: medium;\" mce_style=\"font-size: medium;\"><span style=\"font-family: verdana, geneva;\" mce_style=\"font-family: verdana, geneva;\">Al margen: <i>Luis de Salazar.<\/i><\/span><\/span><\/p>\n<p style=\"text-align: justify;\" mce_style=\"text-align: justify;\"><span style=\"font-size: medium;\" mce_style=\"font-size: medium;\"><span style=\"font-family: verdana, geneva;\" mce_style=\"font-family: verdana, geneva;\"><i>\u00abEn 25 de Setienbre (1583) murio Luis de Salazar En la Villa de Madrid y Enterrose <b>En Este lugar<\/b> en sepultura a dentro El coro. Hizo testamento mado Se le hicieren honrras y&#8230;\u00bb<\/i><\/span><\/span><\/p>\n<p style=\"text-align: justify;\" mce_style=\"text-align: justify;\"><span style=\"font-size: medium;\" mce_style=\"font-size: medium;\"><span style=\"font-family: verdana, geneva;\" mce_style=\"font-family: verdana, geneva;\">Se trata de un primo de Catalina de Salazar y Palacios por via paterna y materna al mismo tiempo. Hijo de Lope Garc\u00eda de Salazar, el Viejo, y de Quiteria de Palacios.<\/span><\/span><\/p>\n<p style=\"text-align: justify;\" mce_style=\"text-align: justify;\"><span style=\"font-size: medium;\" mce_style=\"font-size: medium;\"><span style=\"font-family: verdana, geneva;\" mce_style=\"font-family: verdana, geneva;\">N\u00f3tese que se dice <i>\u00abla Villa de Madrid\u00bb<\/i> mientras que para mencionar a Esquivias se indica <i><b>\u00abEn Este lugar\u00bb<\/b><\/i>.<\/span><\/span><\/p>\n<p style=\"text-align: justify;\" mce_style=\"text-align: justify;\"><\/p>\n<p style=\"text-align: center;\" mce_style=\"text-align: center;\"><span style=\"font-size: medium;\" mce_style=\"font-size: medium;\"><span style=\"font-family: verdana, geneva;\" mce_style=\"font-family: verdana, geneva;\"><img loading=\"lazy\" decoding=\"async\" class=\" size-full wp-image-664 size-full wp-image-664\" src=\"http:\/\/www.cervantinaesquivias.org\/wordpress\/wp-content\/uploads\/2013\/05\/anton-fernandez-18-vto.-de-1586.jpg\" mce_src=\"http:\/\/www.cervantinaesquivias.org\/wordpress\/wp-content\/uploads\/2013\/05\/anton-fernandez-18-vto.-de-1586.jpg\" alt=\"alt\" style=\"style\" mce_style=\"style\" width=\"709\" height=\"136\" srcset=\"http:\/\/www.cervantinaesquivias.org\/wordpress\/wp-content\/uploads\/2013\/05\/anton-fernandez-18-vto.-de-1586.jpg 709w, http:\/\/www.cervantinaesquivias.org\/wordpress\/wp-content\/uploads\/2013\/05\/anton-fernandez-18-vto.-de-1586-300x58.jpg 300w\" sizes=\"auto, (max-width: 709px) 100vw, 709px\" \/><br \/><\/span><\/span><\/p>\n<p style=\"text-align: justify;\" mce_style=\"text-align: justify;\"><span style=\"font-size: medium;\" mce_style=\"font-size: medium;\"><span style=\"font-family: verdana, geneva;\" mce_style=\"font-family: verdana, geneva;\"><i>\u00abEl 25 de Setiembre (1586) murio Anton Fernandez <b>vezino del dicho lugar<\/b> Enterrose En El cuerpo de la Yglesia hizo testamento dixosele el oficio como se acostunbra, murio en Baldemoro desde le traxeron a Enterrar aqu\u00ed\u00bb.<\/i><\/span><\/span><\/p>\n<p style=\"text-align: justify;\" mce_style=\"text-align: justify;\"><span style=\"font-size: medium;\" mce_style=\"font-size: medium;\"><span style=\"font-family: verdana, geneva;\" mce_style=\"font-family: verdana, geneva;\"><i><br \/><\/i><\/span><\/span><\/p>\n<p style=\"text-align: center;\" mce_style=\"text-align: center;\"><span style=\"font-size: medium;\" mce_style=\"font-size: medium;\"><span style=\"font-family: verdana, geneva;\" mce_style=\"font-family: verdana, geneva;\"><img loading=\"lazy\" decoding=\"async\" class=\" size-full wp-image-665 size-full wp-image-665\" src=\"http:\/\/www.cervantinaesquivias.org\/wordpress\/wp-content\/uploads\/2013\/05\/andres-hernandez.-18-vto.-de-1586.jpg\" mce_src=\"http:\/\/www.cervantinaesquivias.org\/wordpress\/wp-content\/uploads\/2013\/05\/andres-hernandez.-18-vto.-de-1586.jpg\" alt=\"alt\" style=\"style\" mce_style=\"style\" width=\"709\" height=\"95\" srcset=\"http:\/\/www.cervantinaesquivias.org\/wordpress\/wp-content\/uploads\/2013\/05\/andres-hernandez.-18-vto.-de-1586.jpg 709w, http:\/\/www.cervantinaesquivias.org\/wordpress\/wp-content\/uploads\/2013\/05\/andres-hernandez.-18-vto.-de-1586-300x40.jpg 300w\" sizes=\"auto, (max-width: 709px) 100vw, 709px\" \/><br \/><\/span><\/span><\/p>\n<p style=\"text-align: justify;\" mce_style=\"text-align: justify;\"><span style=\"font-size: medium;\" mce_style=\"font-size: medium;\"><span style=\"font-family: verdana, geneva;\" mce_style=\"font-family: verdana, geneva;\"><i>\u00abEn primero de noviembre (1586) murio Andres Hernandez vezino de Bargas y <b>natural de Este lugar<\/b> hizo testamento m\u00e1do se le dixesen las misas que se pudiesen dezir vendida cierta parte&#8230;\u00bb<\/i><\/span><\/span><\/p>\n<p style=\"text-align: justify;\" mce_style=\"text-align: justify;\"><span style=\"font-size: medium;\" mce_style=\"font-size: medium;\"><span style=\"font-family: verdana, geneva;\" mce_style=\"font-family: verdana, geneva;\">De nuevo se identifica el pueblo donde muri\u00f3 y al referirse a Esquivias dice<i> <b>\u00abde Este lugar\u00bb<\/b>.<\/i><\/span><\/span><\/p>\n<p style=\"text-align: justify;\" mce_style=\"text-align: justify;\"><\/p>\n<p style=\"text-align: center;\" mce_style=\"text-align: center;\"><span style=\"font-size: medium;\" mce_style=\"font-size: medium;\"><span style=\"font-family: verdana, geneva;\" mce_style=\"font-family: verdana, geneva;\"><i><img loading=\"lazy\" decoding=\"async\" class=\" size-full wp-image-666 size-full wp-image-666\" src=\"http:\/\/www.cervantinaesquivias.org\/wordpress\/wp-content\/uploads\/2013\/05\/juan-quixada.-23-de-1588.jpg\" mce_src=\"http:\/\/www.cervantinaesquivias.org\/wordpress\/wp-content\/uploads\/2013\/05\/juan-quixada.-23-de-1588.jpg\" alt=\"alt\" style=\"style\" mce_style=\"style\" width=\"709\" height=\"130\" srcset=\"http:\/\/www.cervantinaesquivias.org\/wordpress\/wp-content\/uploads\/2013\/05\/juan-quixada.-23-de-1588.jpg 709w, http:\/\/www.cervantinaesquivias.org\/wordpress\/wp-content\/uploads\/2013\/05\/juan-quixada.-23-de-1588-300x55.jpg 300w\" sizes=\"auto, (max-width: 709px) 100vw, 709px\" \/><br \/><\/i><\/span><\/span><\/p>\n<p style=\"text-align: justify;\" mce_style=\"text-align: justify;\"><span style=\"font-size: medium;\" mce_style=\"font-size: medium;\"><span style=\"font-family: verdana, geneva;\" mce_style=\"font-family: verdana, geneva;\">Al margen:<i> Juan quixada.<\/i><\/span><\/span><\/p>\n<p style=\"text-align: justify;\" mce_style=\"text-align: justify;\"><span style=\"font-size: medium;\" mce_style=\"font-size: medium;\"><span style=\"font-family: verdana, geneva;\" mce_style=\"font-family: verdana, geneva;\"><i>\u00abEn trece dias del mes de agosto de 1588 a\u00f1os falles\u00e7io Juan Quixada de Salazar Recibio los Santos Sacramentos y ordeno su testamento cerrado ante alonso de Aguilera scrivano aprobado especial <b>en este Lugar<\/b> dexo por su alva\u00e7ea a Gabriel Quixada de Salazar su hermano&#8230;\u00bb<\/i><\/span><\/span><\/p>\n<p style=\"text-align: justify;\" mce_style=\"text-align: justify;\"><span style=\"font-size: medium;\" mce_style=\"font-size: medium;\"><span style=\"font-family: verdana, geneva;\" mce_style=\"font-family: verdana, geneva;\">Nacido el 24 de Noviembre de 1528, gan\u00f3 Carta Ejecutoria de Hidalgu\u00eda, por los Quixadas de Esquivias, en Valladolid el 30 de Noviembre de 1569.<\/span><\/span><\/p>\n<p style=\"text-align: justify;\" mce_style=\"text-align: justify;\"><\/p>\n<p style=\"text-align: center;\" mce_style=\"text-align: center;\"><span style=\"font-size: medium;\" mce_style=\"font-size: medium;\"><span style=\"font-family: verdana, geneva;\" mce_style=\"font-family: verdana, geneva;\"><img loading=\"lazy\" decoding=\"async\" class=\" size-full wp-image-667 size-full wp-image-667\" src=\"http:\/\/www.cervantinaesquivias.org\/wordpress\/wp-content\/uploads\/2013\/05\/luisa-de-salazar.-1.-26-de-1590.jpg\" mce_src=\"http:\/\/www.cervantinaesquivias.org\/wordpress\/wp-content\/uploads\/2013\/05\/luisa-de-salazar.-1.-26-de-1590.jpg\" alt=\"alt\" style=\"style\" mce_style=\"style\" width=\"709\" height=\"114\" srcset=\"http:\/\/www.cervantinaesquivias.org\/wordpress\/wp-content\/uploads\/2013\/05\/luisa-de-salazar.-1.-26-de-1590.jpg 709w, http:\/\/www.cervantinaesquivias.org\/wordpress\/wp-content\/uploads\/2013\/05\/luisa-de-salazar.-1.-26-de-1590-300x48.jpg 300w\" sizes=\"auto, (max-width: 709px) 100vw, 709px\" \/><br \/><\/span><\/span><\/p>\n<p style=\"text-align: center;\" mce_style=\"text-align: center;\"><img loading=\"lazy\" decoding=\"async\" class=\" size-full wp-image-668 size-full wp-image-668\" src=\"http:\/\/www.cervantinaesquivias.org\/wordpress\/wp-content\/uploads\/2013\/05\/luisa-de-salazar.-2.-26-de-1590.jpg\" mce_src=\"http:\/\/www.cervantinaesquivias.org\/wordpress\/wp-content\/uploads\/2013\/05\/luisa-de-salazar.-2.-26-de-1590.jpg\" alt=\"alt\" width=\"709\" height=\"100\" srcset=\"http:\/\/www.cervantinaesquivias.org\/wordpress\/wp-content\/uploads\/2013\/05\/luisa-de-salazar.-2.-26-de-1590.jpg 709w, http:\/\/www.cervantinaesquivias.org\/wordpress\/wp-content\/uploads\/2013\/05\/luisa-de-salazar.-2.-26-de-1590-300x42.jpg 300w\" sizes=\"auto, (max-width: 709px) 100vw, 709px\" \/><\/p>\n<p style=\"text-align: justify;\" mce_style=\"text-align: justify;\"><span style=\"font-size: medium;\" mce_style=\"font-size: medium;\"><span style=\"font-family: verdana, geneva;\" mce_style=\"font-family: verdana, geneva;\">Al margen: Luisa de Salazar.<\/span><\/span><\/p>\n<p style=\"text-align: justify;\" mce_style=\"text-align: justify;\"><span style=\"font-size: medium;\" mce_style=\"font-size: medium;\"><span style=\"font-family: verdana, geneva;\" mce_style=\"font-family: verdana, geneva;\">\u00abEn diez y seis dias del mes de henero del a\u00f1o de noventa (1590) falles\u00e7io Luisa de Sala\u00e7ar biuda <b>vezina deste lugar de Esquivias<\/b> Recibio los Santos Sacramentos hizo su testamento&#8230;\u00bb<\/span><\/span><\/p>\n<p style=\"text-align: justify;\" mce_style=\"text-align: justify;\"><span style=\"font-size: medium;\" mce_style=\"font-size: medium;\"><span style=\"font-family: verdana, geneva;\" mce_style=\"font-family: verdana, geneva;\">\u00ab&#8230;cada un a\u00f1o como consta por lo que pudiera el libro de las memorias que esta en el archivo\u00a0dexo por patron al cura que fuere <b>deste lugar\u00bb.<\/b><\/span><\/span><\/p>\n<p style=\"text-align: justify;\" mce_style=\"text-align: justify;\"><span style=\"font-size: medium;\" mce_style=\"font-size: medium;\"><span style=\"font-family: verdana, geneva;\" mce_style=\"font-family: verdana, geneva;\">Era prima por via materna de Catalina de Salazar y Palacios.<\/span><\/span><\/p>\n<p style=\"text-align: justify;\" mce_style=\"text-align: justify;\"><\/p>\n<p style=\"text-align: center;\" mce_style=\"text-align: center;\"><span style=\"font-size: medium;\" mce_style=\"font-size: medium;\"><span style=\"font-family: verdana, geneva;\" mce_style=\"font-family: verdana, geneva;\"><img loading=\"lazy\" decoding=\"async\" class=\" size-full wp-image-669 size-full wp-image-669\" src=\"http:\/\/www.cervantinaesquivias.org\/wordpress\/wp-content\/uploads\/2013\/05\/gabriel-de-cuellar.-35-de-1593.jpg\" mce_src=\"http:\/\/www.cervantinaesquivias.org\/wordpress\/wp-content\/uploads\/2013\/05\/gabriel-de-cuellar.-35-de-1593.jpg\" alt=\"alt\" width=\"709\" height=\"118\" srcset=\"http:\/\/www.cervantinaesquivias.org\/wordpress\/wp-content\/uploads\/2013\/05\/gabriel-de-cuellar.-35-de-1593.jpg 709w, http:\/\/www.cervantinaesquivias.org\/wordpress\/wp-content\/uploads\/2013\/05\/gabriel-de-cuellar.-35-de-1593-300x50.jpg 300w\" sizes=\"auto, (max-width: 709px) 100vw, 709px\" \/><br \/><\/span><\/span><\/p>\n<p style=\"text-align: justify;\" mce_style=\"text-align: justify;\"><span style=\"font-size: medium;\" mce_style=\"font-size: medium;\"><span style=\"font-family: verdana, geneva;\" mce_style=\"font-family: verdana, geneva;\">Al margen:<i> Gabriel de Cuellar. Albaceas&#8230;<\/i><\/span><\/span><\/p>\n<p style=\"text-align: justify;\" mce_style=\"text-align: justify;\"><span style=\"font-size: medium;\" mce_style=\"font-size: medium;\"><span style=\"font-family: verdana, geneva;\" mce_style=\"font-family: verdana, geneva;\"><i>\u00abEn cator\u00e7e de octubre de 1593 fales\u00e7io Gabriel de Cuellar <b>vezino deste lugar<\/b> Recibio los Santos Sacramentos hi\u00e7o su testamento ante Geronimo de Escurieda escribano aprovado y deste&#8230;\u00bb<\/i><\/span><\/span><\/p>\n<p style=\"text-align: justify;\" mce_style=\"text-align: justify;\"><\/p>\n<p style=\"text-align: center;\" mce_style=\"text-align: center;\"><img loading=\"lazy\" decoding=\"async\" class=\" size-full wp-image-670 size-full wp-image-670\" src=\"http:\/\/www.cervantinaesquivias.org\/wordpress\/wp-content\/uploads\/2013\/05\/alonso-sanchez.-35-vto.-de-1593.jpg\" mce_src=\"http:\/\/www.cervantinaesquivias.org\/wordpress\/wp-content\/uploads\/2013\/05\/alonso-sanchez.-35-vto.-de-1593.jpg\" alt=\"alt\" width=\"709\" height=\"176\" srcset=\"http:\/\/www.cervantinaesquivias.org\/wordpress\/wp-content\/uploads\/2013\/05\/alonso-sanchez.-35-vto.-de-1593.jpg 709w, http:\/\/www.cervantinaesquivias.org\/wordpress\/wp-content\/uploads\/2013\/05\/alonso-sanchez.-35-vto.-de-1593-300x74.jpg 300w\" sizes=\"auto, (max-width: 709px) 100vw, 709px\" \/><\/p>\n<p style=\"text-align: justify;\" mce_style=\"text-align: justify;\"><span style=\"font-size: medium;\" mce_style=\"font-size: medium;\"><span style=\"font-family: verdana, geneva;\" mce_style=\"font-family: verdana, geneva;\">Al margen:<i> Alonso Sanchez. Albaceas Juan de Palacios clerigo.<\/i><\/span><\/span><\/p>\n<p style=\"text-align: justify;\" mce_style=\"text-align: justify;\"><span style=\"font-size: medium;\" mce_style=\"font-size: medium;\"><span style=\"font-family: verdana, geneva;\" mce_style=\"font-family: verdana, geneva;\"><i>\u00ab<b>En el lugar de Esquivias<\/b> a 18 dias del mes de novienbre del a\u00f1o de 1593 fallescio Alonso Sanchez <b>vezino del<\/b> <b>dicho lugar<\/b> Recibio los Santos Sacramentos tenia fecho su testamento ante Geronimo de Escurieda escrivano aprovado y <b>deste lugar<\/b> mando por su anima lo siguiente&#8230;\u00bb<\/i><\/span><\/span><\/p>\n<p style=\"text-align: justify;\" mce_style=\"text-align: justify;\"><\/p>\n<p style=\"text-align: center;\" mce_style=\"text-align: center;\"><span style=\"font-size: medium;\" mce_style=\"font-size: medium;\"><span style=\"font-family: verdana, geneva;\" mce_style=\"font-family: verdana, geneva;\"><i><img loading=\"lazy\" decoding=\"async\" class=\" size-full wp-image-671 size-full wp-image-671\" src=\"http:\/\/www.cervantinaesquivias.org\/wordpress\/wp-content\/uploads\/2013\/05\/ana-martin.-37-vto-de-1600.jpg\" mce_src=\"http:\/\/www.cervantinaesquivias.org\/wordpress\/wp-content\/uploads\/2013\/05\/ana-martin.-37-vto-de-1600.jpg\" alt=\"alt\" style=\"style\" mce_style=\"style\" width=\"709\" height=\"243\" srcset=\"http:\/\/www.cervantinaesquivias.org\/wordpress\/wp-content\/uploads\/2013\/05\/ana-martin.-37-vto-de-1600.jpg 709w, http:\/\/www.cervantinaesquivias.org\/wordpress\/wp-content\/uploads\/2013\/05\/ana-martin.-37-vto-de-1600-300x103.jpg 300w\" sizes=\"auto, (max-width: 709px) 100vw, 709px\" \/><br \/><\/i><\/span><\/span><\/p>\n<p style=\"text-align: justify;\" mce_style=\"text-align: justify;\"><span style=\"font-size: medium;\" mce_style=\"font-size: medium;\"><span style=\"font-family: verdana, geneva;\" mce_style=\"font-family: verdana, geneva;\">Al margen:<i> Ana Martin. Albaceas Alonso Quixada de Salazar. Juan Rodriguez.<\/i><\/span><\/span><\/p>\n<p style=\"text-align: justify;\" mce_style=\"text-align: justify;\"><span style=\"font-size: medium;\" mce_style=\"font-size: medium;\"><span style=\"font-family: verdana, geneva;\" mce_style=\"font-family: verdana, geneva;\"><i>\u00ab<b>En el lugar de Esquibias<\/b> Juridicion de la ciudad de Toledo fallescio Ana Martin mujer de Juan Rodriguez de Pastrana vec\u00edno <b>de este dicho lugar<\/b>. A catorce dias del mes de febrero de mill y quinientos y noventa y tres a\u00f1os dexo por sus albaceas y testamentarios. A Alonso Quixada de Salazar, Y a el dicho Juan Rodriguez su marido vecinos de este dicho <b>lugar de Esquivias<\/b>. Mando por su anima lo siguiente&#8230;\u00bb<\/i><\/span><\/span><\/p>\n<p style=\"text-align: justify;\" mce_style=\"text-align: justify;\"><\/p>\n<p style=\"text-align: center;\" mce_style=\"text-align: center;\"><span style=\"font-size: medium;\" mce_style=\"font-size: medium;\"><span style=\"font-family: verdana, geneva;\" mce_style=\"font-family: verdana, geneva;\"><i><img loading=\"lazy\" decoding=\"async\" class=\" size-full wp-image-672 size-full wp-image-672\" src=\"http:\/\/www.cervantinaesquivias.org\/wordpress\/wp-content\/uploads\/2013\/05\/maria-de-cardenas.-40-de-1594.jpg\" mce_src=\"http:\/\/www.cervantinaesquivias.org\/wordpress\/wp-content\/uploads\/2013\/05\/maria-de-cardenas.-40-de-1594.jpg\" alt=\"alt\" width=\"709\" height=\"316\" srcset=\"http:\/\/www.cervantinaesquivias.org\/wordpress\/wp-content\/uploads\/2013\/05\/maria-de-cardenas.-40-de-1594.jpg 709w, http:\/\/www.cervantinaesquivias.org\/wordpress\/wp-content\/uploads\/2013\/05\/maria-de-cardenas.-40-de-1594-300x134.jpg 300w\" sizes=\"auto, (max-width: 709px) 100vw, 709px\" \/><br \/><\/i><\/span><\/span><\/p>\n<p style=\"text-align: justify;\" mce_style=\"text-align: justify;\"><span style=\"font-size: medium;\" mce_style=\"font-size: medium;\"><span style=\"font-family: verdana, geneva;\" mce_style=\"font-family: verdana, geneva;\">Al margen:<i> Albacea Rodrigo Mexia.<\/i><\/span><\/span><\/p>\n<p style=\"text-align: justify;\" mce_style=\"text-align: justify;\"><span style=\"font-size: medium;\" mce_style=\"font-size: medium;\"><span style=\"font-family: verdana, geneva;\" mce_style=\"font-family: verdana, geneva;\"><i>\u00ab<b>En el<\/b> <b>lugar de Esquibias<\/b> en 28 dias del mes de mar\u00e7o de 1594 a\u00f1os fallescio Maria de Cardenas viuda Recibio los Santos Sacramentos hi\u00e7o su testamento ante Geronimo de Escurieda escrivano aprovado y <b>deste lugar<\/b> dejo por sus albaceas a Rodrigo Mexia y ansi al dicho cura mando por su anima lo siguiente&#8230;\u00bb<\/i><\/span><\/span><\/p>\n<p style=\"text-align: justify;\" mce_style=\"text-align: justify;\"><span style=\"font-size: medium;\" mce_style=\"font-size: medium;\"><span style=\"font-family: verdana, geneva;\" mce_style=\"font-family: verdana, geneva;\">Se trata de una tia de Catalina de Salazar y Palacios, la mayor de los hermanos de su padre. El Albacea Rodrigo Mex\u00eda, tambi\u00e9n era pariente de Catalina, y fue Alcalde del <b>Lugar de Esquivias<\/b> el a\u00f1o de 1584.<\/span><\/span><\/p>\n<p style=\"text-align: justify;\" mce_style=\"text-align: justify;\"><\/p>\n<p><!--nextpage--><\/p>\n<p><\/p>\n<p><\/p>\n<p style=\"text-align: center;\" mce_style=\"text-align: center;\"><span style=\"font-size: medium;\" mce_style=\"font-size: medium;\"><span style=\"font-family: verdana, geneva;\" mce_style=\"font-family: verdana, geneva;\"><img loading=\"lazy\" decoding=\"async\" class=\" size-full wp-image-673 size-full wp-image-673\" src=\"http:\/\/www.cervantinaesquivias.org\/wordpress\/wp-content\/uploads\/2013\/05\/alonso-de-salazar.-47-vto.-de-1596.jpg\" mce_src=\"http:\/\/www.cervantinaesquivias.org\/wordpress\/wp-content\/uploads\/2013\/05\/alonso-de-salazar.-47-vto.-de-1596.jpg\" alt=\"alt\" style=\"style\" mce_style=\"style\" width=\"709\" height=\"435\" srcset=\"http:\/\/www.cervantinaesquivias.org\/wordpress\/wp-content\/uploads\/2013\/05\/alonso-de-salazar.-47-vto.-de-1596.jpg 709w, http:\/\/www.cervantinaesquivias.org\/wordpress\/wp-content\/uploads\/2013\/05\/alonso-de-salazar.-47-vto.-de-1596-300x184.jpg 300w\" sizes=\"auto, (max-width: 709px) 100vw, 709px\" \/><br \/><\/span><\/span><\/p>\n<p style=\"text-align: justify;\" mce_style=\"text-align: justify;\"><span style=\"font-size: medium;\" mce_style=\"font-size: medium;\"><span style=\"font-family: verdana, geneva;\" mce_style=\"font-family: verdana, geneva;\">Al margen: Alonso de Salazar. Albacea Juan Ordo\u00f1ez de En\u00e7inas.<\/span><\/span><\/p>\n<p style=\"text-align: justify;\" mce_style=\"text-align: justify;\"><span style=\"font-size: medium;\" mce_style=\"font-size: medium;\"><span style=\"font-family: verdana, geneva;\" mce_style=\"font-family: verdana, geneva;\">\u00ab<b>En el<\/b> <b>lugar de Esquivias<\/b> en trece de henero de 1596 fallescio Alonso de Sala\u00e7ar <b>Vecino<\/b> <b>deste lugar<\/b> Recebio los Santos Sacramentos hizo su testamento ante Pedro Palomo escrivano aprovado deste <b>dicho lugar<\/b> dejo por sus albaceas a Juan Hordo\u00f1ez de Encinas Vecino deste <b>dicho lugar<\/b> dejo por su universal eredera a Su muger Do\u00f1a Francisca Barras por quanto no tuvo hijos mando por su alma lo siguiente&#8230;\u00bb<\/span><\/span><\/p>\n<p style=\"text-align: justify;\" mce_style=\"text-align: justify;\"><\/p>\n<p><!--nextpage--><\/p>\n<p><\/p>\n<p><\/p>\n<p style=\"text-align: center;\" mce_style=\"text-align: center;\"><span style=\"font-size: medium;\" mce_style=\"font-size: medium;\"><span style=\"font-family: verdana, geneva;\" mce_style=\"font-family: verdana, geneva;\"><img loading=\"lazy\" decoding=\"async\" class=\" size-full wp-image-674 size-full wp-image-674\" src=\"http:\/\/www.cervantinaesquivias.org\/wordpress\/wp-content\/uploads\/2013\/05\/ysabel-rodriguez.-59-de-1599.jpg\" mce_src=\"http:\/\/www.cervantinaesquivias.org\/wordpress\/wp-content\/uploads\/2013\/05\/ysabel-rodriguez.-59-de-1599.jpg\" alt=\"alt\" style=\"style\" mce_style=\"style\" width=\"709\" height=\"231\" srcset=\"http:\/\/www.cervantinaesquivias.org\/wordpress\/wp-content\/uploads\/2013\/05\/ysabel-rodriguez.-59-de-1599.jpg 709w, http:\/\/www.cervantinaesquivias.org\/wordpress\/wp-content\/uploads\/2013\/05\/ysabel-rodriguez.-59-de-1599-300x98.jpg 300w\" sizes=\"auto, (max-width: 709px) 100vw, 709px\" \/><br \/><\/span><\/span><\/p>\n<p style=\"text-align: justify;\" mce_style=\"text-align: justify;\"><span style=\"font-size: medium;\" mce_style=\"font-size: medium;\"><span style=\"font-family: verdana, geneva;\" mce_style=\"font-family: verdana, geneva;\"><i>\u00ab<b>En el<\/b>\u00a0<b>Lugar de esquivias<\/b> a quatro dias del mes de mar\u00e7o a\u00f1o de mill y quinientos y noventa y nueve a\u00f1os fale\u00e7io Ysabel Rodriguez muger de Francisco Portero Recibio los Sacramentos EnteRose en la Yglesia de Santa Maria de<b> este Lugar<\/b> dixosele su misa cantada&#8230;\u00bb<\/i><\/span><\/span><\/p>\n<p style=\"text-align: justify;\" mce_style=\"text-align: justify;\"><\/p>\n<p style=\"text-align: center;\" mce_style=\"text-align: center;\"><span style=\"font-size: medium;\" mce_style=\"font-size: medium;\"><span style=\"font-family: verdana, geneva;\" mce_style=\"font-family: verdana, geneva;\"><i><img loading=\"lazy\" decoding=\"async\" class=\" size-full wp-image-675 size-full wp-image-675\" src=\"http:\/\/www.cervantinaesquivias.org\/wordpress\/wp-content\/uploads\/2013\/05\/catalina-rodriguez.-2.-61-de-1590.jpg\" mce_src=\"http:\/\/www.cervantinaesquivias.org\/wordpress\/wp-content\/uploads\/2013\/05\/catalina-rodriguez.-2.-61-de-1590.jpg\" alt=\"alt\" width=\"709\" height=\"234\" srcset=\"http:\/\/www.cervantinaesquivias.org\/wordpress\/wp-content\/uploads\/2013\/05\/catalina-rodriguez.-2.-61-de-1590.jpg 709w, http:\/\/www.cervantinaesquivias.org\/wordpress\/wp-content\/uploads\/2013\/05\/catalina-rodriguez.-2.-61-de-1590-300x99.jpg 300w\" sizes=\"auto, (max-width: 709px) 100vw, 709px\" \/><br \/><\/i><\/span><\/span><\/p>\n<p style=\"text-align: justify;\" mce_style=\"text-align: justify;\"><span style=\"font-size: medium;\" mce_style=\"font-size: medium;\"><span style=\"font-family: verdana, geneva;\" mce_style=\"font-family: verdana, geneva;\">Al margen:<i> Catalina Rodriguez. Alba\u00e7ea Juan de Palacios clerigo.<\/i><\/span><\/span><\/p>\n<p style=\"text-align: justify;\" mce_style=\"text-align: justify;\"><span style=\"font-size: medium;\" mce_style=\"font-size: medium;\"><span style=\"font-family: verdana, geneva;\" mce_style=\"font-family: verdana, geneva;\"><i>\u00abEn veynte y siete dias del mes de otubre a\u00f1o de mill y quinientos y noventa a\u00f1os fale\u00e7io Catalina Rodriguez Recibio los Santos Sacramentos enteRose en la Yglesia de Santa Maria <b>deste lugar<\/b> mando por su alma lo siguiente&#8230;\u00bb<\/i><\/span><\/span><\/p>\n<p style=\"text-align: justify;\" mce_style=\"text-align: justify;\"><\/p>\n<p style=\"text-align: center;\" mce_style=\"text-align: center;\"><span style=\"font-size: medium;\" mce_style=\"font-size: medium;\"><span style=\"font-family: verdana, geneva;\" mce_style=\"font-family: verdana, geneva;\"><i><img loading=\"lazy\" decoding=\"async\" class=\" size-full wp-image-676 size-full wp-image-676\" src=\"http:\/\/www.cervantinaesquivias.org\/wordpress\/wp-content\/uploads\/2013\/05\/francisco-portero.-63-vto.-de-1599.jpg\" mce_src=\"http:\/\/www.cervantinaesquivias.org\/wordpress\/wp-content\/uploads\/2013\/05\/francisco-portero.-63-vto.-de-1599.jpg\" alt=\"alt\" style=\"style\" mce_style=\"style\" width=\"709\" height=\"255\" srcset=\"http:\/\/www.cervantinaesquivias.org\/wordpress\/wp-content\/uploads\/2013\/05\/francisco-portero.-63-vto.-de-1599.jpg 709w, http:\/\/www.cervantinaesquivias.org\/wordpress\/wp-content\/uploads\/2013\/05\/francisco-portero.-63-vto.-de-1599-300x108.jpg 300w\" sizes=\"auto, (max-width: 709px) 100vw, 709px\" \/><br \/><\/i><\/span><\/span><\/p>\n<p style=\"text-align: justify;\" mce_style=\"text-align: justify;\"><span style=\"font-size: medium;\" mce_style=\"font-size: medium;\"><span style=\"font-family: verdana, geneva;\" mce_style=\"font-family: verdana, geneva;\">Al margen: Francisco Portero. Albaceas Gabriel Quixada de Salazar y Juan Quixada de Salazar.<\/span><\/span><\/p>\n<p style=\"text-align: justify;\" mce_style=\"text-align: justify;\"><span style=\"font-size: medium;\" mce_style=\"font-size: medium;\"><span style=\"font-family: verdana, geneva;\" mce_style=\"font-family: verdana, geneva;\">\u00ab<b>En el<\/b> <b>lugar de esquiVias<\/b> a catorce dias del mes de marzo a\u00f1o de 1599 a\u00f1os fale\u00e7io Francisco Portero Recibio lo Sacramentos enteRose en la Yglesia de Santa Maria de <b>este lugar<\/b> mando por su anima lo siguiente&#8230;\u00bb<\/span><\/span><\/p>\n<p style=\"text-align: center;\" mce_style=\"text-align: center;\"><img loading=\"lazy\" decoding=\"async\" class=\" size-full wp-image-677 size-full wp-image-677\" src=\"http:\/\/www.cervantinaesquivias.org\/wordpress\/wp-content\/uploads\/2013\/05\/andres-portero.-64-de-1599.jpg\" mce_src=\"http:\/\/www.cervantinaesquivias.org\/wordpress\/wp-content\/uploads\/2013\/05\/andres-portero.-64-de-1599.jpg\" alt=\"alt\" width=\"709\" height=\"234\" srcset=\"http:\/\/www.cervantinaesquivias.org\/wordpress\/wp-content\/uploads\/2013\/05\/andres-portero.-64-de-1599.jpg 709w, http:\/\/www.cervantinaesquivias.org\/wordpress\/wp-content\/uploads\/2013\/05\/andres-portero.-64-de-1599-300x99.jpg 300w\" sizes=\"auto, (max-width: 709px) 100vw, 709px\" \/><\/p>\n<p style=\"text-align: justify;\" mce_style=\"text-align: justify;\"><span style=\"font-size: medium;\" mce_style=\"font-size: medium;\"><span style=\"font-family: verdana, geneva;\" mce_style=\"font-family: verdana, geneva;\">Al margen: <i>Andres Portero. Alvaceas: Diego Ramirez de Ysaba y Gabriel Quixada de Salazar.<\/i><\/span><\/span><\/p>\n<p style=\"text-align: justify;\" mce_style=\"text-align: justify;\"><span style=\"font-size: medium;\" mce_style=\"font-size: medium;\"><span style=\"font-family: verdana, geneva;\" mce_style=\"font-family: verdana, geneva;\"><i>\u00ab<b>En el Lugar de esquivias<\/b>\u00a0A veynte y un dias del mes de mayo de mill y quinientos y noventa y nueve a\u00f1os fale\u00e7io Andres Portero Recibio los Sacramentos enteRose en esta Yglesia de <b>este Lugar<\/b> dixosele su misa y mando por su alma lo siguiente&#8230;\u00bb<\/i><\/span><\/span><\/p>\n<p style=\"text-align: justify;\" mce_style=\"text-align: justify;\"><\/p>\n<p style=\"text-align: center;\" mce_style=\"text-align: center;\"><span style=\"font-size: medium;\" mce_style=\"font-size: medium;\"><span style=\"font-family: verdana, geneva;\" mce_style=\"font-family: verdana, geneva;\"><i><img loading=\"lazy\" decoding=\"async\" class=\" size-full wp-image-678 size-full wp-image-678\" src=\"http:\/\/www.cervantinaesquivias.org\/wordpress\/wp-content\/uploads\/2013\/05\/maria-de-salazar.-64-vto.-de-1599.jpg\" mce_src=\"http:\/\/www.cervantinaesquivias.org\/wordpress\/wp-content\/uploads\/2013\/05\/maria-de-salazar.-64-vto.-de-1599.jpg\" alt=\"alt\" style=\"style\" mce_style=\"style\" width=\"709\" height=\"640\" srcset=\"http:\/\/www.cervantinaesquivias.org\/wordpress\/wp-content\/uploads\/2013\/05\/maria-de-salazar.-64-vto.-de-1599.jpg 709w, http:\/\/www.cervantinaesquivias.org\/wordpress\/wp-content\/uploads\/2013\/05\/maria-de-salazar.-64-vto.-de-1599-300x271.jpg 300w\" sizes=\"auto, (max-width: 709px) 100vw, 709px\" \/><br \/><\/i><\/span><\/span><\/p>\n<p style=\"text-align: justify;\" mce_style=\"text-align: justify;\"><span style=\"font-size: medium;\" mce_style=\"font-size: medium;\"><span style=\"font-family: verdana, geneva;\" mce_style=\"font-family: verdana, geneva;\">Al margen: Maria de Salazar. Albaceas Diego Garcia de Salazar y don Diego Garcia de Salazar.<\/span><\/span><\/p>\n<p style=\"text-align: justify;\" mce_style=\"text-align: justify;\"><span style=\"font-size: medium;\" mce_style=\"font-size: medium;\"><span style=\"font-family: verdana, geneva;\" mce_style=\"font-family: verdana, geneva;\">\u00ab<b>En el<\/b> <b>lugar de esquivias<\/b> a primero dia del mes de agosto a\u00f1o de mill y quinientos y noventa y nueve falezio Maria de Salazar Viuda. Recibio los Santos Sacramentos. Fue sepultada en la Yglesia <b>deste Lugar<\/b> en Sepultura de sus padres mando lo siguiente.<\/span><\/span><\/p>\n<p style=\"text-align: justify;\" mce_style=\"text-align: justify;\"><span style=\"font-size: medium;\" mce_style=\"font-size: medium;\"><span style=\"font-family: verdana, geneva;\" mce_style=\"font-family: verdana, geneva;\">Mando que mi querpo Sea Sepultado en la Yglesia de Santa Maria de <b>este Lugar<\/b> y el dia de mi entieRo Se me diga misa cantada con diacono y subdiacono ofrendada de pan y vino y cera al parecder de mis alvaceas&#8230;\u00bb<\/span><\/span><\/p>\n<p style=\"text-align: justify;\" mce_style=\"text-align: justify;\"><\/p>\n<p style=\"text-align: justify;\" mce_style=\"text-align: justify;\"><\/p>\n<p style=\"text-align: center;\" mce_style=\"text-align: center;\"><img loading=\"lazy\" decoding=\"async\" class=\" size-full wp-image-679 size-full wp-image-679\" src=\"http:\/\/www.cervantinaesquivias.org\/wordpress\/wp-content\/uploads\/2013\/05\/damiana-martin.-65-vto.-de-1599.jpg\" mce_src=\"http:\/\/www.cervantinaesquivias.org\/wordpress\/wp-content\/uploads\/2013\/05\/damiana-martin.-65-vto.-de-1599.jpg\" alt=\"alt\" style=\"style\" mce_style=\"style\" width=\"709\" height=\"199\" srcset=\"http:\/\/www.cervantinaesquivias.org\/wordpress\/wp-content\/uploads\/2013\/05\/damiana-martin.-65-vto.-de-1599.jpg 709w, http:\/\/www.cervantinaesquivias.org\/wordpress\/wp-content\/uploads\/2013\/05\/damiana-martin.-65-vto.-de-1599-300x84.jpg 300w\" sizes=\"auto, (max-width: 709px) 100vw, 709px\" \/><\/p>\n<p style=\"text-align: justify;\" mce_style=\"text-align: justify;\"><span style=\"font-size: medium;\" mce_style=\"font-size: medium;\"><span style=\"font-family: verdana, geneva;\" mce_style=\"font-family: verdana, geneva;\">Al margen: <i>Damiana Martin. Alvacea Francisco Marcos. cunplido. mando que se&#8230;<\/i><\/span><\/span><\/p>\n<p style=\"text-align: justify;\" mce_style=\"text-align: justify;\"><span style=\"font-size: medium;\" mce_style=\"font-size: medium;\"><span style=\"font-family: verdana, geneva;\" mce_style=\"font-family: verdana, geneva;\"><i>\u00ab<b>En el\u00a0Lugar de esquivias<\/b> veynte y dos dias del mes de agosto a\u00f1o de mill y quinientos y noventa y nueve a\u00f1os fale\u00e7io Damiana Martin Re\u00e7ibio los Sacramentos hi\u00e7o testamento mando lo siguiente&#8230;\u00bb<\/i><\/span><\/span><\/p>\n<p style=\"text-align: justify;\" mce_style=\"text-align: justify;\"><\/p>\n<p style=\"text-align: center;\" mce_style=\"text-align: center;\"><span style=\"font-size: medium;\" mce_style=\"font-size: medium;\"><span style=\"font-family: verdana, geneva;\" mce_style=\"font-family: verdana, geneva;\"><i><img loading=\"lazy\" decoding=\"async\" class=\" size-full wp-image-680 size-full wp-image-680\" src=\"http:\/\/www.cervantinaesquivias.org\/wordpress\/wp-content\/uploads\/2013\/05\/andres-ramirez.-74-de-1600.jpg\" mce_src=\"http:\/\/www.cervantinaesquivias.org\/wordpress\/wp-content\/uploads\/2013\/05\/andres-ramirez.-74-de-1600.jpg\" alt=\"alt\" style=\"style\" mce_style=\"style\" width=\"709\" height=\"249\" srcset=\"http:\/\/www.cervantinaesquivias.org\/wordpress\/wp-content\/uploads\/2013\/05\/andres-ramirez.-74-de-1600.jpg 709w, http:\/\/www.cervantinaesquivias.org\/wordpress\/wp-content\/uploads\/2013\/05\/andres-ramirez.-74-de-1600-300x105.jpg 300w\" sizes=\"auto, (max-width: 709px) 100vw, 709px\" \/><br \/><\/i><\/span><\/span><\/p>\n<p style=\"text-align: justify;\" mce_style=\"text-align: justify;\"><span style=\"font-size: medium;\" mce_style=\"font-size: medium;\"><span style=\"font-family: verdana, geneva;\" mce_style=\"font-family: verdana, geneva;\">Al margen:<i> Andres Ramirez. Alvaceas Juan Quixada de Salazar. Luis Ximenez.<\/i><\/span><\/span><\/p>\n<p style=\"text-align: justify;\" mce_style=\"text-align: justify;\"><span style=\"font-size: medium;\" mce_style=\"font-size: medium;\"><span style=\"font-family: verdana, geneva;\" mce_style=\"font-family: verdana, geneva;\"><i>\u00ab<b>En el\u00a0Lugar de esquivias<\/b> diez y ocho dias del mes de mar\u00e7o a\u00f1o de mill y seiscientos fale\u00e7io Andres Ramirez recibio los Santos Sacramentos enteRose en sepultura de sus padres a la puerta baxa mando por su alma lo siguiente&#8230;\u00bb<\/i><\/span><\/span><\/p>\n<p style=\"text-align: justify;\" mce_style=\"text-align: justify;\"><\/p>\n<p style=\"text-align: center;\" mce_style=\"text-align: center;\"><span style=\"font-size: medium;\" mce_style=\"font-size: medium;\"><span style=\"font-family: verdana, geneva;\" mce_style=\"font-family: verdana, geneva;\"><i><img loading=\"lazy\" decoding=\"async\" class=\" size-full wp-image-681 size-full wp-image-681\" src=\"http:\/\/www.cervantinaesquivias.org\/wordpress\/wp-content\/uploads\/2013\/05\/ursula-de-godoy.-80-de-1600.jpg\" mce_src=\"http:\/\/www.cervantinaesquivias.org\/wordpress\/wp-content\/uploads\/2013\/05\/ursula-de-godoy.-80-de-1600.jpg\" alt=\"alt\" style=\"style\" mce_style=\"style\" width=\"709\" height=\"172\" srcset=\"http:\/\/www.cervantinaesquivias.org\/wordpress\/wp-content\/uploads\/2013\/05\/ursula-de-godoy.-80-de-1600.jpg 709w, http:\/\/www.cervantinaesquivias.org\/wordpress\/wp-content\/uploads\/2013\/05\/ursula-de-godoy.-80-de-1600-300x73.jpg 300w\" sizes=\"auto, (max-width: 709px) 100vw, 709px\" \/><br \/><\/i><\/span><\/span><\/p>\n<p style=\"text-align: justify;\" mce_style=\"text-align: justify;\"><span style=\"font-size: medium;\" mce_style=\"font-size: medium;\"><span style=\"font-family: verdana, geneva;\" mce_style=\"font-family: verdana, geneva;\">Al margen:<i> Ursula de Godoy. Albaceas Alonso Quixada de Salazar y Antonio de Pere\u00f1a.<\/i><\/span><\/span><\/p>\n<p style=\"text-align: justify;\" mce_style=\"text-align: justify;\"><span style=\"font-size: medium;\" mce_style=\"font-size: medium;\"><span style=\"font-family: verdana, geneva;\" mce_style=\"font-family: verdana, geneva;\"><i>\u00ab<b>En el<\/b> <b>lugar de esquivias<\/b> a tres dias del mes de abril a\u00f1o de mill y seiscientos fale\u00e7io Ursula de Godoy enteRose en esta Yglesia de Santa Maria de Esquivias recibio los Santos Sacramentos mando por su alma lo siguiente&#8230;\u00bb<\/i><\/span><\/span><\/p>\n<p style=\"text-align: justify;\" mce_style=\"text-align: justify;\"><\/p>\n<p style=\"text-align: justify;\" mce_style=\"text-align: justify;\"><span style=\"font-size: medium;\" mce_style=\"font-size: medium;\"><span style=\"font-family: verdana, geneva;\" mce_style=\"font-family: verdana, geneva;\"><i><img loading=\"lazy\" decoding=\"async\" class=\" size-full wp-image-682 size-full wp-image-682\" src=\"http:\/\/www.cervantinaesquivias.org\/wordpress\/wp-content\/uploads\/2013\/05\/alonso-de-escobar.-96-vto.-de-1586.jpg\" mce_src=\"http:\/\/www.cervantinaesquivias.org\/wordpress\/wp-content\/uploads\/2013\/05\/alonso-de-escobar.-96-vto.-de-1586.jpg\" alt=\"alt\" width=\"709\" height=\"131\" srcset=\"http:\/\/www.cervantinaesquivias.org\/wordpress\/wp-content\/uploads\/2013\/05\/alonso-de-escobar.-96-vto.-de-1586.jpg 709w, http:\/\/www.cervantinaesquivias.org\/wordpress\/wp-content\/uploads\/2013\/05\/alonso-de-escobar.-96-vto.-de-1586-300x55.jpg 300w\" sizes=\"auto, (max-width: 709px) 100vw, 709px\" \/><br \/><\/i><\/span><\/span><\/p>\n<p style=\"text-align: justify;\" mce_style=\"text-align: justify;\"><span style=\"font-size: medium;\" mce_style=\"font-size: medium;\"><span style=\"font-family: verdana, geneva;\" mce_style=\"font-family: verdana, geneva;\">\u00abEn los ultimos de octubre deste a\u00f1o de 1586 despose y bele a Alonso de Escobar y Ines de Cuellar <b>vezinos<\/b> <b>deste lugar<\/b> siendo testigos Alonso de Uxena y Luis Ximenez y Francisco Marcos. El Doctor Escribano\u00bb<\/span><\/span><\/p>\n<p style=\"text-align: justify;\" mce_style=\"text-align: justify;\"><\/p>\n<p style=\"text-align: center;\" mce_style=\"text-align: center;\"><img loading=\"lazy\" decoding=\"async\" class=\" size-full wp-image-683 size-full wp-image-683\" src=\"http:\/\/www.cervantinaesquivias.org\/wordpress\/wp-content\/uploads\/2013\/05\/alonso-de-escobar-y-ysabel-g.90-de-1583.jpg\" mce_src=\"http:\/\/www.cervantinaesquivias.org\/wordpress\/wp-content\/uploads\/2013\/05\/alonso-de-escobar-y-ysabel-g.90-de-1583.jpg\" alt=\"alt\" width=\"709\" height=\"176\" srcset=\"http:\/\/www.cervantinaesquivias.org\/wordpress\/wp-content\/uploads\/2013\/05\/alonso-de-escobar-y-ysabel-g.90-de-1583.jpg 709w, http:\/\/www.cervantinaesquivias.org\/wordpress\/wp-content\/uploads\/2013\/05\/alonso-de-escobar-y-ysabel-g.90-de-1583-300x74.jpg 300w\" sizes=\"auto, (max-width: 709px) 100vw, 709px\" \/><\/p>\n<p style=\"text-align: justify;\" mce_style=\"text-align: justify;\"><span style=\"font-size: medium;\" mce_style=\"font-size: medium;\"><span style=\"font-family: verdana, geneva;\" mce_style=\"font-family: verdana, geneva;\">Al margen: <i>Alonso Escobar con Ysabel Gutierrez.<\/i><\/span><\/span><\/p>\n<p style=\"text-align: justify;\" mce_style=\"text-align: justify;\"><i style=\"style\" mce_style=\"style\"><span style=\"font-size: medium;\" mce_style=\"font-size: medium;\"><span style=\"font-family: verdana, geneva;\" mce_style=\"font-family: verdana, geneva;\">\u00abEn veynte y quatro de Setienbre (1583) desposo El muy Reverendo Se\u00f1or Andr\u00e9s Nu\u00f1ez de Madrid con las vezes del dicho cura a Alonso de Escobar <b>vezino de<\/b> <b>este lugar<\/b> y Ysabel Gutierrez vezina de Villaluenga testigos Juan de Ugena y Francisco Marcos.\u00a0<span style=\"line-height: 1.3em;\" mce_style=\"line-height: 1.3em;\">Andres Nu\u00f1ez de Madrid\u00bb<\/span><\/span><\/span><\/i><\/p>\n<p style=\"text-align: justify;\" mce_style=\"text-align: justify;\"><span style=\"font-family: verdana, geneva; font-size: medium; line-height: 1.3em;\" mce_style=\"font-family: verdana, geneva; font-size: medium; line-height: 1.3em;\">Don Andres Nu\u00f1ez de Madrid, fue Cura de la Iglesia de Santo Tom\u00e9 de Toledo, que realiz\u00f3 el encargo a El Greco para pintar el cuadro del Entierro del Conde de Orgaz.<\/span><\/p>\n<p style=\"text-align: justify;\" mce_style=\"text-align: justify;\"><span style=\"font-family: verdana, geneva; font-size: medium; line-height: 1.3em;\" mce_style=\"font-family: verdana, geneva; font-size: medium; line-height: 1.3em;\">N\u00f3tese que para mencionar a <b>Esquivias<\/b> se dice <b><i>\u00abeste lugar\u00bb<\/i><\/b> mientras que para hacerlo con Villaluenga se pone el nombre del pueblo.<\/span><\/p>\n<p style=\"text-align: justify;\" mce_style=\"text-align: justify;\"><\/p>\n<p style=\"text-align: center;\" mce_style=\"text-align: center;\"><span style=\"font-family: verdana, geneva; font-size: medium; line-height: 1.3em;\" mce_style=\"font-family: verdana, geneva; font-size: medium; line-height: 1.3em;\"><img loading=\"lazy\" decoding=\"async\" class=\" size-full wp-image-684 size-full wp-image-684\" src=\"http:\/\/www.cervantinaesquivias.org\/wordpress\/wp-content\/uploads\/2013\/05\/juan-martin.-90-de-1583.jpg\" mce_src=\"http:\/\/www.cervantinaesquivias.org\/wordpress\/wp-content\/uploads\/2013\/05\/juan-martin.-90-de-1583.jpg\" alt=\"alt\" style=\"style\" mce_style=\"style\" width=\"709\" height=\"137\" srcset=\"http:\/\/www.cervantinaesquivias.org\/wordpress\/wp-content\/uploads\/2013\/05\/juan-martin.-90-de-1583.jpg 709w, http:\/\/www.cervantinaesquivias.org\/wordpress\/wp-content\/uploads\/2013\/05\/juan-martin.-90-de-1583-300x58.jpg 300w\" sizes=\"auto, (max-width: 709px) 100vw, 709px\" \/><br \/><\/span><\/p>\n<p style=\"text-align: justify;\" mce_style=\"text-align: justify;\"><span style=\"font-size: medium;\" mce_style=\"font-size: medium;\"><span style=\"font-family: verdana, geneva;\" mce_style=\"font-family: verdana, geneva;\">Al margen: V<i>elose este mismo dia por mi en representacion de El Se\u00f1or Juan de Palacios. Padrinos Nicolas de Olmedo y su muger.<\/i><\/span><\/span><\/p>\n<p style=\"text-align: justify;\" mce_style=\"text-align: justify;\"><span style=\"font-size: medium;\" mce_style=\"font-size: medium;\"><span style=\"font-family: verdana, geneva;\" mce_style=\"font-family: verdana, geneva;\"><i>\u00abEn 23 de octubre (1583) Se desposaron Juan Martin vezino de Villaluenga y Hermenegilda Fernandez <b>vezina<\/b> <b>deste lugar<\/b> desposolos el Se\u00f1or Juan de Palacios con las veces del dicho Se\u00f1or cura: testigos Alonso de Hita y Francisco Marcos. Juan de Palacios\u00bb.<\/i><\/span><\/span><\/p>\n<p style=\"text-align: justify;\" mce_style=\"text-align: justify;\"><span style=\"font-size: medium;\" mce_style=\"font-size: medium;\"><span style=\"font-family: verdana, geneva;\" mce_style=\"font-family: verdana, geneva;\">Don Juan de Palacios es el cura de la Iglesia de Esquivias que caso a Miguel de Cervantes Saavedra con Catalina de Salazar y Palacios. Era hermano de la madre de Catalina.<\/span><\/span><\/p>\n<p style=\"text-align: justify;\" mce_style=\"text-align: justify;\"><span style=\"font-size: medium;\" mce_style=\"font-size: medium;\"><span style=\"font-family: verdana, geneva;\" mce_style=\"font-family: verdana, geneva;\"><br \/><\/span><\/span><\/p>\n<p style=\"text-align: center;\" mce_style=\"text-align: center;\"><img loading=\"lazy\" decoding=\"async\" class=\" size-full wp-image-685 size-full wp-image-685\" src=\"http:\/\/www.cervantinaesquivias.org\/wordpress\/wp-content\/uploads\/2013\/05\/diego-de-salazar.-90-de-1583.jpg\" mce_src=\"http:\/\/www.cervantinaesquivias.org\/wordpress\/wp-content\/uploads\/2013\/05\/diego-de-salazar.-90-de-1583.jpg\" alt=\"alt\" width=\"709\" height=\"99\" srcset=\"http:\/\/www.cervantinaesquivias.org\/wordpress\/wp-content\/uploads\/2013\/05\/diego-de-salazar.-90-de-1583.jpg 709w, http:\/\/www.cervantinaesquivias.org\/wordpress\/wp-content\/uploads\/2013\/05\/diego-de-salazar.-90-de-1583-300x42.jpg 300w\" sizes=\"auto, (max-width: 709px) 100vw, 709px\" \/><\/p>\n<p style=\"text-align: justify;\" mce_style=\"text-align: justify;\"><span style=\"font-size: medium;\" mce_style=\"font-size: medium;\"><span style=\"font-family: verdana, geneva;\" mce_style=\"font-family: verdana, geneva;\">Al margen:<i> Velolos el Se\u00f1or cura fueron sus padrinos los Se\u00f1ores Gabriel Quixada y su muger.<\/i><\/span><\/span><\/p>\n<p style=\"text-align: justify;\" mce_style=\"text-align: justify;\"><span style=\"font-size: medium;\" mce_style=\"font-size: medium;\"><span style=\"font-family: verdana, geneva;\" mce_style=\"font-family: verdana, geneva;\"><i>\u00aben 25 de setiembre (1583) desposo el Se\u00f1or Bachiller Alonso Fernandez tiniente de cura a los Se\u00f1ores Diego de Salazar y do\u00f1a Antonia Mex\u00eda<b> vezinos<\/b> <b>deste lugar<\/b> fueron testigos los Se\u00f1ores Juan Quijada y Gabriel Quijada. El doctor escrivano. \u00a0el bachiller Alonso Fernandez\u00bb.<\/i><\/span><\/span><\/p>\n<p style=\"text-align: justify;\" mce_style=\"text-align: justify;\"><span style=\"font-size: medium;\" mce_style=\"font-size: medium;\"><span style=\"font-family: verdana, geneva;\" mce_style=\"font-family: verdana, geneva;\">Se trata de un primo, por via paterna, de Catalina de Salazar y Palacios, esposa de Miguel de Cervantes Saavedra.<\/span><\/span><\/p>\n<p style=\"text-align: justify;\" mce_style=\"text-align: justify;\"><\/p>\n<p style=\"text-align: center;\" mce_style=\"text-align: center;\"><img loading=\"lazy\" decoding=\"async\" class=\" size-full wp-image-686 size-full wp-image-686\" src=\"http:\/\/www.cervantinaesquivias.org\/wordpress\/wp-content\/uploads\/2013\/05\/antonio-pinto.-90-de-1583.jpg\" mce_src=\"http:\/\/www.cervantinaesquivias.org\/wordpress\/wp-content\/uploads\/2013\/05\/antonio-pinto.-90-de-1583.jpg\" alt=\"alt\" style=\"style\" mce_style=\"style\" width=\"709\" height=\"108\" srcset=\"http:\/\/www.cervantinaesquivias.org\/wordpress\/wp-content\/uploads\/2013\/05\/antonio-pinto.-90-de-1583.jpg 709w, http:\/\/www.cervantinaesquivias.org\/wordpress\/wp-content\/uploads\/2013\/05\/antonio-pinto.-90-de-1583-300x46.jpg 300w\" sizes=\"auto, (max-width: 709px) 100vw, 709px\" \/><\/p>\n<p style=\"text-align: justify;\" mce_style=\"text-align: justify;\"><span style=\"font-size: medium;\" mce_style=\"font-size: medium;\"><span style=\"font-family: verdana, geneva;\" mce_style=\"font-family: verdana, geneva;\">Al margen:<i> Velolos este dia el mismo Sr. Juan de Palacios padrinos Alonso Pantojo y su muger.<\/i><\/span><\/span><\/p>\n<p style=\"text-align: justify;\" mce_style=\"text-align: justify;\"><span style=\"font-size: medium;\" mce_style=\"font-size: medium;\"><span style=\"font-family: verdana, geneva;\" mce_style=\"font-family: verdana, geneva;\"><i>\u00abEn veinte y quatro de octubre (1583) desposo el Se\u00f1or Juan de Palacios con las veces del dicho cura \u00a0a Antonio Pinto natural de Valdemoro con Maria Romana <b>vezina<\/b> <b>deste lugar<\/b> testigos Pedro de Sobar\u00e7o El viejo y Rodrigo Mexia\u00bb.<\/i><\/span><\/span><\/p>\n<p style=\"text-align: justify;\" mce_style=\"text-align: justify;\"><\/p>\n<p style=\"text-align: center;\" mce_style=\"text-align: center;\"><span style=\"font-size: medium;\" mce_style=\"font-size: medium;\"><span style=\"font-family: verdana, geneva;\" mce_style=\"font-family: verdana, geneva;\"><i><img loading=\"lazy\" decoding=\"async\" class=\" size-full wp-image-687 size-full wp-image-687\" src=\"http:\/\/www.cervantinaesquivias.org\/wordpress\/wp-content\/uploads\/2013\/05\/pedro-rodriguez.-90-de-1583.jpg\" mce_src=\"http:\/\/www.cervantinaesquivias.org\/wordpress\/wp-content\/uploads\/2013\/05\/pedro-rodriguez.-90-de-1583.jpg\" alt=\"alt\" style=\"style\" mce_style=\"style\" width=\"709\" height=\"119\" srcset=\"http:\/\/www.cervantinaesquivias.org\/wordpress\/wp-content\/uploads\/2013\/05\/pedro-rodriguez.-90-de-1583.jpg 709w, http:\/\/www.cervantinaesquivias.org\/wordpress\/wp-content\/uploads\/2013\/05\/pedro-rodriguez.-90-de-1583-300x50.jpg 300w\" sizes=\"auto, (max-width: 709px) 100vw, 709px\" \/><br \/><\/i><\/span><\/span><\/p>\n<p style=\"text-align: justify;\" mce_style=\"text-align: justify;\"><span style=\"font-size: medium;\" mce_style=\"font-size: medium;\"><span style=\"font-family: verdana, geneva;\" mce_style=\"font-family: verdana, geneva;\">Al margen:<i> Velolos el mismo dia El dicho Se\u00f1or Juan de Palacios. Padrinos Sebastian Toledano y su muger.<\/i><\/span><\/span><\/p>\n<p style=\"text-align: justify;\" mce_style=\"text-align: justify;\"><span style=\"font-size: medium;\" mce_style=\"font-size: medium;\"><span style=\"font-family: verdana, geneva;\" mce_style=\"font-family: verdana, geneva;\"><i>\u00abEl mismo dia (24 de octubre de 1583) desposo el dicho Se\u00f1or Juan de Palacios a Pedro Rodriguez natural de Valdemoro con Ysabel de Sobarco <b>Vezina<\/b> <b>deste lugar<\/b> testigos los dichos Pedro Sovar\u00e7o El viejo y Rodrigo Mexia\u00bb.<\/i><\/span><\/span><\/p>\n<p style=\"text-align: justify;\" mce_style=\"text-align: justify;\"><span style=\"font-size: medium;\" mce_style=\"font-size: medium;\"><span style=\"font-family: verdana, geneva;\" mce_style=\"font-family: verdana, geneva;\">En las \u00faltimas dos anotaciones se identifica el pueblo de Valdemoro, mientras que a Esquivias se hace con <b>\u00abdeste lugar\u00bb<\/b>.<\/span><\/span><\/p>\n<p style=\"text-align: justify;\" mce_style=\"text-align: justify;\"><\/p>\n<p style=\"text-align: center;\" mce_style=\"text-align: center;\"><img loading=\"lazy\" decoding=\"async\" class=\" size-full wp-image-688 size-full wp-image-688\" src=\"http:\/\/www.cervantinaesquivias.org\/wordpress\/wp-content\/uploads\/2013\/05\/diego-garcia-de-salazar.-92-de-1599.jpg\" mce_src=\"http:\/\/www.cervantinaesquivias.org\/wordpress\/wp-content\/uploads\/2013\/05\/diego-garcia-de-salazar.-92-de-1599.jpg\" alt=\"alt\" style=\"style\" mce_style=\"style\" width=\"709\" height=\"277\" srcset=\"http:\/\/www.cervantinaesquivias.org\/wordpress\/wp-content\/uploads\/2013\/05\/diego-garcia-de-salazar.-92-de-1599.jpg 709w, http:\/\/www.cervantinaesquivias.org\/wordpress\/wp-content\/uploads\/2013\/05\/diego-garcia-de-salazar.-92-de-1599-300x117.jpg 300w\" sizes=\"auto, (max-width: 709px) 100vw, 709px\" \/><\/p>\n<p style=\"text-align: justify;\" mce_style=\"text-align: justify;\"><span style=\"font-size: medium;\" mce_style=\"font-size: medium;\"><span style=\"font-family: verdana, geneva;\" mce_style=\"font-family: verdana, geneva;\">Al margen: <i>Albaceas: Francisco UReta Salazar don Lope Garcia de Salazar.<\/i><\/span><\/span><\/p>\n<p style=\"text-align: justify;\" mce_style=\"text-align: justify;\"><span style=\"font-size: medium;\" mce_style=\"font-size: medium;\"><span style=\"font-family: verdana, geneva;\" mce_style=\"font-family: verdana, geneva;\"><i>\u00ab<b>En el Lugar de esquivias<\/b> once dias del mes de Setiembre a\u00f1o de mill y quinientos y noventa y nueve a\u00f1os falecio Diego Garcia de Salazar Recibio los Santos Sacramentos fue enteRado en la Yglesia de Santa Maria <b>deste dicho Lugar<\/b> mando por su alma lo siguiente.<\/i><\/span><\/span><\/p>\n<p style=\"text-align: justify;\" mce_style=\"text-align: justify;\"><span style=\"font-size: medium;\" mce_style=\"font-size: medium;\"><span style=\"font-family: verdana, geneva;\" mce_style=\"font-family: verdana, geneva;\"><i>Mando que mi cuerpo sea sepultado en la Yglesia phaRoquial de <b>este lugar<\/b>&#8230;\u00bb<\/i><\/span><\/span><\/p>\n<p style=\"text-align: justify;\" mce_style=\"text-align: justify;\"><span style=\"font-size: medium;\" mce_style=\"font-size: medium;\"><span style=\"font-family: verdana, geneva;\" mce_style=\"font-family: verdana, geneva;\">Se trata de un primo, por via paterna, de Catalina de Salazar y Palacios, esposa de Miguel de Cervantes Saavedra.<\/span><\/span><\/p>\n<p style=\"text-align: justify;\" mce_style=\"text-align: justify;\"><\/p>\n<p style=\"text-align: center;\" mce_style=\"text-align: center;\"><img loading=\"lazy\" decoding=\"async\" class=\" size-full wp-image-689 size-full wp-image-689\" src=\"http:\/\/www.cervantinaesquivias.org\/wordpress\/wp-content\/uploads\/2013\/05\/visita.-94-de-1583.jpg\" mce_src=\"http:\/\/www.cervantinaesquivias.org\/wordpress\/wp-content\/uploads\/2013\/05\/visita.-94-de-1583.jpg\" alt=\"alt\" width=\"709\" height=\"175\" srcset=\"http:\/\/www.cervantinaesquivias.org\/wordpress\/wp-content\/uploads\/2013\/05\/visita.-94-de-1583.jpg 709w, http:\/\/www.cervantinaesquivias.org\/wordpress\/wp-content\/uploads\/2013\/05\/visita.-94-de-1583-300x74.jpg 300w\" sizes=\"auto, (max-width: 709px) 100vw, 709px\" \/><\/p>\n<p style=\"text-align: justify;\" mce_style=\"text-align: justify;\"><span style=\"font-size: medium;\" mce_style=\"font-size: medium;\"><span style=\"font-family: verdana, geneva;\" mce_style=\"font-family: verdana, geneva;\">Al margen:<i> Matrimonios.<\/i><\/span><\/span><\/p>\n<p style=\"text-align: justify;\" mce_style=\"text-align: justify;\"><span style=\"font-size: medium;\" mce_style=\"font-size: medium;\"><span style=\"font-family: verdana, geneva;\" mce_style=\"font-family: verdana, geneva;\"><i>\u00abLas personas que se han cassado en este <b>lugar de Esquivias<\/b> En Este a\u00f1o de 1583 despues aca que comen\u00e7o a ser cura de la Yglesia <b>del dicho lugar<\/b> El muy Reverendo Se\u00f1or El doctor Joan Saez escrivano son los siguientes: &#8211; El dia que se desposare y los testigos y sacerdote que los desposso vaya En la plana: y las velaciones quien los velo y los que fueren sus padrinos van En la margen\u00bb.<\/i><\/span><\/span><\/p>\n<p style=\"text-align: justify;\" mce_style=\"text-align: justify;\"><span style=\"font-size: medium;\" mce_style=\"font-size: medium;\"><span style=\"font-family: verdana, geneva;\" mce_style=\"font-family: verdana, geneva;\">Visita de 1583. Instrucciones dadas para las inscripciones de los desposorios que se celebren, ya que no se estaban anotando correctamente los datos principales.\u00a0<\/span><\/span><\/p>\n<p style=\"text-align: justify;\" mce_style=\"text-align: justify;\"><\/p>\n<p style=\"text-align: center;\" mce_style=\"text-align: center;\"><img loading=\"lazy\" decoding=\"async\" class=\" size-full wp-image-690 size-full wp-image-690\" src=\"http:\/\/www.cervantinaesquivias.org\/wordpress\/wp-content\/uploads\/2013\/05\/alonso-garcia.-94-de-1583.jpg\" mce_src=\"http:\/\/www.cervantinaesquivias.org\/wordpress\/wp-content\/uploads\/2013\/05\/alonso-garcia.-94-de-1583.jpg\" alt=\"alt\" width=\"709\" height=\"141\" srcset=\"http:\/\/www.cervantinaesquivias.org\/wordpress\/wp-content\/uploads\/2013\/05\/alonso-garcia.-94-de-1583.jpg 709w, http:\/\/www.cervantinaesquivias.org\/wordpress\/wp-content\/uploads\/2013\/05\/alonso-garcia.-94-de-1583-300x60.jpg 300w\" sizes=\"auto, (max-width: 709px) 100vw, 709px\" \/><\/p>\n<p style=\"text-align: justify;\" mce_style=\"text-align: justify;\"><span style=\"font-size: medium;\" mce_style=\"font-size: medium;\"><span style=\"font-family: verdana, geneva;\" mce_style=\"font-family: verdana, geneva;\">Al margen: <i>Velarose El mismo dia y velolos El se\u00f1or Juan de Palacios fueron padrinos Alonso de Salazar y su muger.<\/i><\/span><\/span><\/p>\n<p style=\"text-align: justify;\" mce_style=\"text-align: justify;\"><span style=\"font-size: medium;\" mce_style=\"font-size: medium;\"><span style=\"font-family: verdana, geneva;\" mce_style=\"font-family: verdana, geneva;\"><i>\u00abEn diez de mayo (1583) desposo el se\u00f1or Juan de Palacios por omision del dicho cura a Alonso Garcia vezino <b>deste lugar<\/b> y Francisca de Avila vezina de Villaluenga, fueron testigos Juan de Birbiesca y Francisco Marcos. \u00a0Juan de Palacios\u00bb.<\/i><\/span><\/span><\/p>\n<p style=\"text-align: justify;\" mce_style=\"text-align: justify;\"><span style=\"font-size: medium;\" mce_style=\"font-size: medium;\"><span style=\"font-family: verdana, geneva;\" mce_style=\"font-family: verdana, geneva;\"><i>Se identifica Villaluenga, y a <b>Esquivias<\/b> como <b>deste lugar<\/b>.<\/i><\/span><\/span><\/p>\n<p style=\"text-align: justify;\" mce_style=\"text-align: justify;\"><\/p>\n<p style=\"text-align: center;\" mce_style=\"text-align: center;\"><span style=\"font-size: medium;\" mce_style=\"font-size: medium;\"><span style=\"font-family: verdana, geneva;\" mce_style=\"font-family: verdana, geneva;\"><i><img loading=\"lazy\" decoding=\"async\" class=\" size-full wp-image-691 size-full wp-image-691\" src=\"http:\/\/www.cervantinaesquivias.org\/wordpress\/wp-content\/uploads\/2013\/05\/bartolome-torrejon.-94-de-1583.jpg\" mce_src=\"http:\/\/www.cervantinaesquivias.org\/wordpress\/wp-content\/uploads\/2013\/05\/bartolome-torrejon.-94-de-1583.jpg\" alt=\"alt\" width=\"709\" height=\"131\" srcset=\"http:\/\/www.cervantinaesquivias.org\/wordpress\/wp-content\/uploads\/2013\/05\/bartolome-torrejon.-94-de-1583.jpg 709w, http:\/\/www.cervantinaesquivias.org\/wordpress\/wp-content\/uploads\/2013\/05\/bartolome-torrejon.-94-de-1583-300x55.jpg 300w\" sizes=\"auto, (max-width: 709px) 100vw, 709px\" \/><br \/><\/i><\/span><\/span><\/p>\n<p style=\"text-align: justify;\" mce_style=\"text-align: justify;\"><span style=\"font-size: medium;\" mce_style=\"font-size: medium;\"><span style=\"font-family: verdana, geneva;\" mce_style=\"font-family: verdana, geneva;\">Al margen: <i>Velolos El se\u00f1or Juan de Palacios El mesmo dia padrinos los se\u00f1ores Rodrigo Mexia y Su mujer.<\/i><\/span><\/span><\/p>\n<p style=\"text-align: justify;\" mce_style=\"text-align: justify;\"><span style=\"font-size: medium;\" mce_style=\"font-size: medium;\"><span style=\"font-family: verdana, geneva;\" mce_style=\"font-family: verdana, geneva;\"><i>\u00abEn quinze de mayo (1583) desposo El se\u00f1or Juan de Palacios a Bartolome Torrejon con Catalina Martin <b>vezina<\/b> <b>deste lugar<\/b> testigos Juan Davalos y Alonso de Palazon y Francisco Marcos. Juan de Palacios\u00bb.<\/i><\/span><\/span><\/p>\n<p style=\"text-align: justify;\" mce_style=\"text-align: justify;\"><!--nextpage--><\/p>\n<p style=\"text-align: center;\" mce_style=\"text-align: center;\"><img loading=\"lazy\" decoding=\"async\" class=\" size-full wp-image-692 size-full wp-image-692\" src=\"http:\/\/www.cervantinaesquivias.org\/wordpress\/wp-content\/uploads\/2013\/05\/lazaro-de-cuellar.-94-de-1583.jpg\" mce_src=\"http:\/\/www.cervantinaesquivias.org\/wordpress\/wp-content\/uploads\/2013\/05\/lazaro-de-cuellar.-94-de-1583.jpg\" alt=\"alt\" width=\"709\" height=\"117\" srcset=\"http:\/\/www.cervantinaesquivias.org\/wordpress\/wp-content\/uploads\/2013\/05\/lazaro-de-cuellar.-94-de-1583.jpg 709w, http:\/\/www.cervantinaesquivias.org\/wordpress\/wp-content\/uploads\/2013\/05\/lazaro-de-cuellar.-94-de-1583-300x50.jpg 300w\" sizes=\"auto, (max-width: 709px) 100vw, 709px\" \/><\/p>\n<p style=\"text-align: justify;\" mce_style=\"text-align: justify;\"><span style=\"font-size: medium;\" mce_style=\"font-size: medium;\"><span style=\"font-family: verdana, geneva;\" mce_style=\"font-family: verdana, geneva;\">Al margen: <i>Velolos El doctor Escrivano cura del <b>dicho lugar<\/b>.<\/i><\/span><\/span><\/p>\n<p style=\"text-align: justify;\" mce_style=\"text-align: justify;\"><i><span style=\"font-size: medium;\" mce_style=\"font-size: medium;\"><span style=\"font-family: verdana, geneva;\" mce_style=\"font-family: verdana, geneva;\">\u00abLazaro de Quellar y Catalina de Ugena Se desposaron por mano del Se\u00f1or Juan de Palacios con las vezes del dicho cura En 30 de junio (1583) testigos Gabriel Quijada &#8211; Juan Birbiesca. Juan de Palacios\u00bb.<\/span><\/span>\u00a0<\/i><\/p>\n<p style=\"text-align: justify;\" mce_style=\"text-align: justify;\"><\/p>\n<p style=\"text-align: center;\" mce_style=\"text-align: center;\"><img loading=\"lazy\" decoding=\"async\" class=\" size-full wp-image-693 size-full wp-image-693\" src=\"http:\/\/www.cervantinaesquivias.org\/wordpress\/wp-content\/uploads\/2013\/05\/bartolome-hernandez.-94-de-1583.jpg\" mce_src=\"http:\/\/www.cervantinaesquivias.org\/wordpress\/wp-content\/uploads\/2013\/05\/bartolome-hernandez.-94-de-1583.jpg\" alt=\"alt\" width=\"709\" height=\"110\" srcset=\"http:\/\/www.cervantinaesquivias.org\/wordpress\/wp-content\/uploads\/2013\/05\/bartolome-hernandez.-94-de-1583.jpg 709w, http:\/\/www.cervantinaesquivias.org\/wordpress\/wp-content\/uploads\/2013\/05\/bartolome-hernandez.-94-de-1583-300x47.jpg 300w\" sizes=\"auto, (max-width: 709px) 100vw, 709px\" \/><\/p>\n<p style=\"text-align: justify;\" mce_style=\"text-align: justify;\"><span style=\"font-size: medium;\" mce_style=\"font-size: medium;\"><span style=\"font-family: verdana, geneva;\" mce_style=\"font-family: verdana, geneva;\">Al margen: Velolos el Se\u00f1or cura testigos Blas dabalos y Juan dabalos El licenciado Torres.<\/span><\/span><\/p>\n<p style=\"text-align: justify;\" mce_style=\"text-align: justify;\"><span style=\"font-size: medium;\" mce_style=\"font-size: medium;\"><span style=\"font-family: verdana, geneva;\" mce_style=\"font-family: verdana, geneva;\">\u00abEn veinte y cinco de julio (1583) desposo El se\u00f1or cura a Bartolome Hernandez vezino de la ciudad de Orense y Lucia Ramirez vezina <b>deste lugar<\/b> testigos Blas Dabalos y Alonso de Salazar. \u00a0 El doctor Juan Saiz escrivano\u00bb.<\/span><\/span><\/p>\n<p style=\"text-align: justify;\" mce_style=\"text-align: justify;\"><span style=\"font-size: medium;\" mce_style=\"font-size: medium;\"><span style=\"font-family: verdana, geneva;\" mce_style=\"font-family: verdana, geneva;\">Se identifica la ciudad de Orense, y a<b> Esquivias<\/b> como <b>deste lugar<\/b>.<\/span><\/span><\/p>\n<p style=\"text-align: justify;\" mce_style=\"text-align: justify;\"><\/p>\n<p style=\"text-align: center;\" mce_style=\"text-align: center;\"><span style=\"font-size: medium;\" mce_style=\"font-size: medium;\"><span style=\"font-family: verdana, geneva;\" mce_style=\"font-family: verdana, geneva;\"><img loading=\"lazy\" decoding=\"async\" class=\" size-full wp-image-694 size-full wp-image-694\" src=\"http:\/\/www.cervantinaesquivias.org\/wordpress\/wp-content\/uploads\/2013\/05\/melchor-de-rojas.-94-de-1583.jpg\" mce_src=\"http:\/\/www.cervantinaesquivias.org\/wordpress\/wp-content\/uploads\/2013\/05\/melchor-de-rojas.-94-de-1583.jpg\" alt=\"alt\" width=\"709\" height=\"129\" srcset=\"http:\/\/www.cervantinaesquivias.org\/wordpress\/wp-content\/uploads\/2013\/05\/melchor-de-rojas.-94-de-1583.jpg 709w, http:\/\/www.cervantinaesquivias.org\/wordpress\/wp-content\/uploads\/2013\/05\/melchor-de-rojas.-94-de-1583-300x55.jpg 300w\" sizes=\"auto, (max-width: 709px) 100vw, 709px\" \/><br \/><\/span><\/span><\/p>\n<p style=\"text-align: justify;\" mce_style=\"text-align: justify;\"><span style=\"font-size: medium;\" mce_style=\"font-size: medium;\"><span style=\"font-family: verdana, geneva;\" mce_style=\"font-family: verdana, geneva;\">Al margen: <i>El mismo dia los velo el mismo Se\u00f1or Juan de Palacios testigos Rodrigo de Vivar y Rodrigo Mexia.<\/i><\/span><\/span><\/p>\n<p style=\"text-align: justify;\" mce_style=\"text-align: justify;\"><span style=\"font-size: medium;\" mce_style=\"font-size: medium;\"><span style=\"font-family: verdana, geneva;\" mce_style=\"font-family: verdana, geneva;\"><i>\u00abEn seys de Septiembre (1583) desposo El Se\u00f1or Juan de Palacios en nonbre de el dicho cura tiniendo sus vezes a Melchor de Rojas natural de Carranque con Ines de Ontalba vezina <b>deste lugar<\/b> testigos Francisco Marcos Andres de Gauna. Juan de Palacios\u00bb.<\/i><\/span><\/span><\/p>\n<p style=\"text-align: justify;\" mce_style=\"text-align: justify;\"><\/p>\n<p style=\"text-align: center;\" mce_style=\"text-align: center;\"><span style=\"font-size: medium;\" mce_style=\"font-size: medium;\"><span style=\"font-family: verdana, geneva;\" mce_style=\"font-family: verdana, geneva;\"><i><img loading=\"lazy\" decoding=\"async\" class=\" size-full wp-image-695 size-full wp-image-695\" src=\"http:\/\/www.cervantinaesquivias.org\/wordpress\/wp-content\/uploads\/2013\/05\/francisco-ugena.-94-de-1583.jpg\" mce_src=\"http:\/\/www.cervantinaesquivias.org\/wordpress\/wp-content\/uploads\/2013\/05\/francisco-ugena.-94-de-1583.jpg\" alt=\"alt\" width=\"709\" height=\"173\" srcset=\"http:\/\/www.cervantinaesquivias.org\/wordpress\/wp-content\/uploads\/2013\/05\/francisco-ugena.-94-de-1583.jpg 709w, http:\/\/www.cervantinaesquivias.org\/wordpress\/wp-content\/uploads\/2013\/05\/francisco-ugena.-94-de-1583-300x73.jpg 300w\" sizes=\"auto, (max-width: 709px) 100vw, 709px\" \/><br \/><\/i><\/span><\/span><\/p>\n<p style=\"text-align: justify;\" mce_style=\"text-align: justify;\"><span style=\"font-size: medium; font-family: verdana, geneva;\" mce_style=\"font-size: medium; font-family: verdana, geneva;\">Al margen: <i>Este dia los velo el mismo Reverendo Se\u00f1or Andres Nu\u00f1ez de Madrid padrinos los Se\u00f1ores Juan de Encinas y su muger.<\/i><\/span><\/p>\n<p style=\"text-align: justify;\" mce_style=\"text-align: justify;\"><span style=\"font-size: medium; font-family: verdana, geneva;\" mce_style=\"font-size: medium; font-family: verdana, geneva;\"><i>\u00abEn diez y ocho de septiembre del dicho a\u00f1o (1583) desposo El dicho Se\u00f1or cura A Francisco de Ugena <b>vezino deste lugar<\/b> con Ana Diaz vezina de Carranque testigos Juan dabalos y Alonso de Ugena. Andres Nu\u00f1ez de Madrid\u00bb.<\/i><\/span><\/p>\n<p style=\"text-align: justify;\" mce_style=\"text-align: justify;\"><span style=\"font-size: medium; font-family: verdana, geneva;\" mce_style=\"font-size: medium; font-family: verdana, geneva;\">Se identifica el pueblo de Carranque, y a <b>Esquivias<\/b> con <b>deste lugar<\/b>.<\/span><\/p>\n<p style=\"text-align: justify;\" mce_style=\"text-align: justify;\"><span style=\"font-size: medium; font-family: verdana, geneva;\" mce_style=\"font-size: medium; font-family: verdana, geneva;\">De nuevo Don Andr\u00e9s Nu\u00f1ez de Madrid celebrando unos desposorios en el <b>Lugar de Esquivias<\/b>, donde era frecuente su presencia ya que ten\u00eda familiares viviendo en <b>este Lugar<\/b>.<\/span><\/p>\n<p style=\"text-align: justify;\" mce_style=\"text-align: justify;\"><\/p>\n<p style=\"text-align: center;\" mce_style=\"text-align: center;\"><span style=\"font-size: medium; font-family: verdana, geneva;\" mce_style=\"font-size: medium; font-family: verdana, geneva;\"><img loading=\"lazy\" decoding=\"async\" class=\" size-full wp-image-696 size-full wp-image-696\" src=\"http:\/\/www.cervantinaesquivias.org\/wordpress\/wp-content\/uploads\/2013\/05\/rodrigo-de-vivar.-94-vto.-de-1584.jpg\" mce_src=\"http:\/\/www.cervantinaesquivias.org\/wordpress\/wp-content\/uploads\/2013\/05\/rodrigo-de-vivar.-94-vto.-de-1584.jpg\" alt=\"alt\" width=\"709\" height=\"122\" srcset=\"http:\/\/www.cervantinaesquivias.org\/wordpress\/wp-content\/uploads\/2013\/05\/rodrigo-de-vivar.-94-vto.-de-1584.jpg 709w, http:\/\/www.cervantinaesquivias.org\/wordpress\/wp-content\/uploads\/2013\/05\/rodrigo-de-vivar.-94-vto.-de-1584-300x52.jpg 300w\" sizes=\"auto, (max-width: 709px) 100vw, 709px\" \/><br \/><\/span><\/p>\n<p style=\"text-align: justify;\" mce_style=\"text-align: justify;\"><span style=\"font-size: medium; font-family: verdana, geneva;\" mce_style=\"font-size: medium; font-family: verdana, geneva;\">Al margen:<i> Rodrigo de Bibar. Albaceas Lope y Antonio de Bibar.<\/i><\/span><\/p>\n<p style=\"text-align: justify;\" mce_style=\"text-align: justify;\"><span style=\"font-size: medium; font-family: verdana, geneva;\" mce_style=\"font-size: medium; font-family: verdana, geneva;\"><i>\u00abEn 13 del mes de junio (1584) falles\u00e7io Rodrigo de Bibar Recibio los Sacaramentos de la iglesia y enterrose En El Coro hizo testamento ante Castillo escribano <b>deste lugar<\/b> mado por su anima lo siguiente:\u00bb<\/i><\/span><\/p>\n<p style=\"text-align: justify;\" mce_style=\"text-align: justify;\"><\/p>\n<p style=\"text-align: center;\" mce_style=\"text-align: center;\"><span style=\"font-size: medium; font-family: verdana, geneva;\" mce_style=\"font-size: medium; font-family: verdana, geneva;\"><i><img loading=\"lazy\" decoding=\"async\" class=\" size-full wp-image-697 size-full wp-image-697\" src=\"http:\/\/www.cervantinaesquivias.org\/wordpress\/wp-content\/uploads\/2013\/05\/bartolome-de-ugena.-95-de-1584.jpg\" mce_src=\"http:\/\/www.cervantinaesquivias.org\/wordpress\/wp-content\/uploads\/2013\/05\/bartolome-de-ugena.-95-de-1584.jpg\" alt=\"alt\" width=\"709\" height=\"123\" srcset=\"http:\/\/www.cervantinaesquivias.org\/wordpress\/wp-content\/uploads\/2013\/05\/bartolome-de-ugena.-95-de-1584.jpg 709w, http:\/\/www.cervantinaesquivias.org\/wordpress\/wp-content\/uploads\/2013\/05\/bartolome-de-ugena.-95-de-1584-300x52.jpg 300w\" sizes=\"auto, (max-width: 709px) 100vw, 709px\" \/><br \/><\/i><\/span><\/p>\n<p style=\"text-align: justify;\" mce_style=\"text-align: justify;\"><span style=\"font-size: medium; font-family: verdana, geneva;\" mce_style=\"font-size: medium; font-family: verdana, geneva;\">Al margen: <i>Velolos el Se\u00f1or cura. Doctor escrivano.<\/i><\/span><\/p>\n<p style=\"text-align: justify;\" mce_style=\"text-align: justify;\"><span style=\"font-size: medium; font-family: verdana, geneva;\" mce_style=\"font-size: medium; font-family: verdana, geneva;\"><i>\u00abEn 25 de agosto (1584) desposo El Se\u00f1or Juan de Palacios a Bartolome de Uxena y Mari Ramirez vezinos <b>deste lugar<\/b> y los velo juntamente testigos Francisco Marcos y yo escrivano. \u00a0Juan de Palacios\u00bb.<\/i><\/span><\/p>\n<p style=\"text-align: justify;\" mce_style=\"text-align: justify;\"><\/p>\n<p style=\"text-align: center;\" mce_style=\"text-align: center;\"><span style=\"font-size: medium; font-family: verdana, geneva;\" mce_style=\"font-size: medium; font-family: verdana, geneva;\"><i><img loading=\"lazy\" decoding=\"async\" class=\" size-full wp-image-698 size-full wp-image-698\" src=\"http:\/\/www.cervantinaesquivias.org\/wordpress\/wp-content\/uploads\/2013\/05\/juan-maduro.-95-vto.-de-1584.jpg\" mce_src=\"http:\/\/www.cervantinaesquivias.org\/wordpress\/wp-content\/uploads\/2013\/05\/juan-maduro.-95-vto.-de-1584.jpg\" alt=\"alt\" width=\"709\" height=\"144\" srcset=\"http:\/\/www.cervantinaesquivias.org\/wordpress\/wp-content\/uploads\/2013\/05\/juan-maduro.-95-vto.-de-1584.jpg 709w, http:\/\/www.cervantinaesquivias.org\/wordpress\/wp-content\/uploads\/2013\/05\/juan-maduro.-95-vto.-de-1584-300x61.jpg 300w\" sizes=\"auto, (max-width: 709px) 100vw, 709px\" \/><br \/><\/i><\/span><\/p>\n<p style=\"text-align: justify;\" mce_style=\"text-align: justify;\"><span style=\"font-size: medium; font-family: verdana, geneva;\" mce_style=\"font-size: medium; font-family: verdana, geneva;\">Al margen: <i>En cinco del dicho El Se\u00f1or cura los velo. Doctor Escribano.<\/i><\/span><\/p>\n<p style=\"text-align: justify;\" mce_style=\"text-align: justify;\"><span style=\"font-size: medium; font-family: verdana, geneva;\" mce_style=\"font-size: medium; font-family: verdana, geneva;\"><i>\u00abEn este dia (25 de agosto de 1584) desposo El Se\u00f1or cura a Juan Maduro y a Marina Diaz vezina <b>deste lugar<\/b> fueron testigos Gabriel de Cazeres y Francisco Marcos y Alonso de Salazar. Doctor Escrivano\u00bb.<\/i><\/span><\/p>\n<p style=\"text-align: justify;\" mce_style=\"text-align: justify;\"><\/p>\n<p style=\"text-align: center;\" mce_style=\"text-align: center;\"><span style=\"font-size: medium; font-family: verdana, geneva;\" mce_style=\"font-size: medium; font-family: verdana, geneva;\"><i><img loading=\"lazy\" decoding=\"async\" class=\" size-full wp-image-699 size-full wp-image-699\" src=\"http:\/\/www.cervantinaesquivias.org\/wordpress\/wp-content\/uploads\/2013\/05\/boda-de-cervantes-95-vto.-de-1584-2.jpg\" mce_src=\"http:\/\/www.cervantinaesquivias.org\/wordpress\/wp-content\/uploads\/2013\/05\/boda-de-cervantes-95-vto.-de-1584-2.jpg\" alt=\"alt\" width=\"709\" height=\"153\" srcset=\"http:\/\/www.cervantinaesquivias.org\/wordpress\/wp-content\/uploads\/2013\/05\/boda-de-cervantes-95-vto.-de-1584-2.jpg 709w, http:\/\/www.cervantinaesquivias.org\/wordpress\/wp-content\/uploads\/2013\/05\/boda-de-cervantes-95-vto.-de-1584-2-300x65.jpg 300w\" sizes=\"auto, (max-width: 709px) 100vw, 709px\" \/><br \/><\/i><\/span><\/p>\n<p style=\"text-align: justify;\" mce_style=\"text-align: justify;\"><span style=\"font-size: medium;\" mce_style=\"font-size: medium;\"><span style=\"font-family: verdana, geneva;\" mce_style=\"font-family: verdana, geneva;\">Al margen: <i>Miguel de Serbantes con Do\u00f1a Cathalina Palacios.<\/i><\/span><\/span><\/p>\n<p style=\"text-align: justify;\" mce_style=\"text-align: justify;\"><span style=\"font-size: medium;\" mce_style=\"font-size: medium;\"><span style=\"font-family: verdana, geneva;\" mce_style=\"font-family: verdana, geneva;\"><i>\u00abEn 12 de diciembre (1584) El Reverendo Se\u00f1or Juan de Palacios tiniente desposo a los se\u00f1ores Miguel de Zerbantes vezino de Madrid y do\u00f1a Catalina de Palacios <b>vezina desquivias<\/b> testigos Rodrigo Mexia Diego Escrivano y Francisco Marcos. \u00a0 \u00a0El Doctor Escrivano\u00bb.<\/i><\/span><\/span><\/p>\n<p style=\"text-align: justify;\" mce_style=\"text-align: justify;\"><span style=\"font-size: medium;\" mce_style=\"font-size: medium;\"><span style=\"font-family: verdana, geneva;\" mce_style=\"font-family: verdana, geneva;\">Es de destacar que en este Acta de la boda de Miguel de Cervantes Saavedra con Catalina de Salazar y Palacios (llamada a veces Catalina de Palacios) no se haga referencia al t\u00e9rmino <b>Lugar<\/b> cuando se refiere a <b>Esquivias<\/b>, como en las dem\u00e1s inscripciones.<\/span><\/span><\/p>\n<p style=\"text-align: justify;\" mce_style=\"text-align: justify;\"><span style=\"font-size: medium;\" mce_style=\"font-size: medium;\"><span style=\"font-family: verdana, geneva;\" mce_style=\"font-family: verdana, geneva;\">El cura que los cas\u00f3, Don Juan de Palacios, era tio materno de Catalina.<\/span><\/span><\/p>\n<p style=\"text-align: justify;\" mce_style=\"text-align: justify;\"><\/p>\n<p style=\"text-align: center;\" mce_style=\"text-align: center;\"><span style=\"font-size: medium;\" mce_style=\"font-size: medium;\"><span style=\"font-family: verdana, geneva;\" mce_style=\"font-family: verdana, geneva;\"><img loading=\"lazy\" decoding=\"async\" class=\" size-full wp-image-700 size-full wp-image-700\" src=\"http:\/\/www.cervantinaesquivias.org\/wordpress\/wp-content\/uploads\/2013\/05\/diego-fernandez.-96-de-1585.jpg\" mce_src=\"http:\/\/www.cervantinaesquivias.org\/wordpress\/wp-content\/uploads\/2013\/05\/diego-fernandez.-96-de-1585.jpg\" alt=\"alt\" width=\"709\" height=\"210\" srcset=\"http:\/\/www.cervantinaesquivias.org\/wordpress\/wp-content\/uploads\/2013\/05\/diego-fernandez.-96-de-1585.jpg 709w, http:\/\/www.cervantinaesquivias.org\/wordpress\/wp-content\/uploads\/2013\/05\/diego-fernandez.-96-de-1585-300x89.jpg 300w\" sizes=\"auto, (max-width: 709px) 100vw, 709px\" \/><br \/><\/span><\/span><\/p>\n<p style=\"text-align: justify;\" mce_style=\"text-align: justify;\"><span style=\"font-size: medium;\" mce_style=\"font-size: medium;\"><span style=\"font-family: verdana, geneva;\" mce_style=\"font-family: verdana, geneva;\">Al margen:<i> Diego Fernandez con Maria Rodriguez.<\/i><\/span><\/span><\/p>\n<p style=\"text-align: justify;\" mce_style=\"text-align: justify;\"><span style=\"font-size: medium;\" mce_style=\"font-size: medium;\"><span style=\"font-family: verdana, geneva;\" mce_style=\"font-family: verdana, geneva;\"><i>\u00abEn treze dias del mes de octubre del dicho a\u00f1o de 85 (1585) el Se\u00f1or Doctor e Se\u00f1or Cura propio desposo a Diego Fernandez Hijo de Bernardo Diaz con Maria Rodriguez hija de Nicolas Olmedo vezinos <b>deste lugar<\/b> fueron testigos Pedro Palomino y Alonso de Ugena y Gaspar Martin vezinos del<b> dicho lugar<\/b>. \u00a0 El doctor Juan Sanchez escrivano\u00bb.<\/i><\/span><\/span><\/p>\n<p style=\"text-align: justify;\" mce_style=\"text-align: justify;\"><span style=\"font-size: medium;\" mce_style=\"font-size: medium;\"><span style=\"font-family: verdana, geneva;\" mce_style=\"font-family: verdana, geneva;\">En esta partida de matrimonio se aprecia como en el <b>Lugar de Esquivias<\/b> cambiaban los apellidos de los hijos respecto a los padres, probablemente aplic\u00e1ndoles un apellido de los ascendientes: Diego Fernandez hijo de Bernardo Diaz o Maria Rodriguez hija de Nicolas Olmedo.<\/span><\/span><\/p>\n<p style=\"text-align: justify;\" mce_style=\"text-align: justify;\"><span style=\"font-size: medium;\" mce_style=\"font-size: medium;\"><span style=\"font-family: verdana, geneva;\" mce_style=\"font-family: verdana, geneva;\">Cervantes hace ese mismo juego de cambio de apellidos, con los de la esposa de Sancho Panza, nombr\u00e1ndola indistintamente con los nombres de: Teresa Panza, Juana Gutierrez, Mari Gutierrez o Teresa Cascajo. Y otros ejemplos.<\/span><\/span><\/p>\n<p style=\"text-align: justify;\" mce_style=\"text-align: justify;\"><\/p>\n<p style=\"text-align: center;\" mce_style=\"text-align: center;\"><span style=\"font-size: medium;\" mce_style=\"font-size: medium;\"><span style=\"font-family: verdana, geneva;\" mce_style=\"font-family: verdana, geneva;\"><img loading=\"lazy\" decoding=\"async\" class=\" size-full wp-image-701 size-full wp-image-701\" src=\"http:\/\/www.cervantinaesquivias.org\/wordpress\/wp-content\/uploads\/2013\/05\/juan-de-salas.-96-de-1585.jpg\" mce_src=\"http:\/\/www.cervantinaesquivias.org\/wordpress\/wp-content\/uploads\/2013\/05\/juan-de-salas.-96-de-1585.jpg\" alt=\"alt\" width=\"709\" height=\"184\" srcset=\"http:\/\/www.cervantinaesquivias.org\/wordpress\/wp-content\/uploads\/2013\/05\/juan-de-salas.-96-de-1585.jpg 709w, http:\/\/www.cervantinaesquivias.org\/wordpress\/wp-content\/uploads\/2013\/05\/juan-de-salas.-96-de-1585-300x78.jpg 300w\" sizes=\"auto, (max-width: 709px) 100vw, 709px\" \/><br \/><\/span><\/span><\/p>\n<p style=\"text-align: justify;\" mce_style=\"text-align: justify;\"><span style=\"font-size: medium;\" mce_style=\"font-size: medium;\"><span style=\"font-family: verdana, geneva;\" mce_style=\"font-family: verdana, geneva;\">Al margen: <i>Juan de Salas y Mariana Sanchez.<\/i><\/span><\/span><\/p>\n<p style=\"text-align: justify;\" mce_style=\"text-align: justify;\"><span style=\"font-size: medium;\" mce_style=\"font-size: medium;\"><span style=\"font-family: verdana, geneva;\" mce_style=\"font-family: verdana, geneva;\"><i>\u00abEn 13 de Enero de 1586 a\u00f1os El Se\u00f1or Juan de Palacios con mis vezes desposo y velo todo junto a Juan de Salas vezino del <b>dicho lugar<\/b> y Mariana Sanchez tabien vezina del <b>dicho lugar<\/b>, siendo testigos Andres de Ugena Francisco Marcos y Juan Rodriguez de Pastrana fueron sus padrinos Andres de Cuellar y su muger. \u00a0 El Doctor escrivano\u00bb.<\/i><\/span><\/span><\/p>\n<p style=\"text-align: justify;\" mce_style=\"text-align: justify;\"><\/p>\n<p style=\"text-align: center;\" mce_style=\"text-align: center;\"><span style=\"font-size: medium;\" mce_style=\"font-size: medium;\"><span style=\"font-family: verdana, geneva;\" mce_style=\"font-family: verdana, geneva;\"><i><img loading=\"lazy\" decoding=\"async\" class=\" size-full wp-image-682 size-full wp-image-682\" src=\"http:\/\/www.cervantinaesquivias.org\/wordpress\/wp-content\/uploads\/2013\/05\/alonso-de-escobar.-96-vto.-de-1586.jpg\" mce_src=\"http:\/\/www.cervantinaesquivias.org\/wordpress\/wp-content\/uploads\/2013\/05\/alonso-de-escobar.-96-vto.-de-1586.jpg\" alt=\"alt\" width=\"709\" height=\"131\" srcset=\"http:\/\/www.cervantinaesquivias.org\/wordpress\/wp-content\/uploads\/2013\/05\/alonso-de-escobar.-96-vto.-de-1586.jpg 709w, http:\/\/www.cervantinaesquivias.org\/wordpress\/wp-content\/uploads\/2013\/05\/alonso-de-escobar.-96-vto.-de-1586-300x55.jpg 300w\" sizes=\"auto, (max-width: 709px) 100vw, 709px\" \/><br \/><\/i><\/span><\/span><\/p>\n<p style=\"text-align: justify;\" mce_style=\"text-align: justify;\"><span style=\"font-size: medium;\" mce_style=\"font-size: medium;\"><span style=\"font-family: verdana, geneva;\" mce_style=\"font-family: verdana, geneva;\"><i>\u00abEn los ultimos de octubre deste a\u00f1o de 1586 despose y vele a Alonso descobar y Ines de Cuellar vezinos <b>deste lugar<\/b>, siendo testigos Alonso de Uxena y Luis Ximenez y Francisco Marcos. \u00a0 El doctor Escrivano\u00bb.<\/i><\/span><\/span><\/p>\n<p style=\"text-align: center;\" mce_style=\"text-align: center;\"><\/p>\n<p style=\"text-align: center;\" mce_style=\"text-align: center;\"><span style=\"font-family: verdana, geneva; font-size: small;\" mce_style=\"font-family: verdana, geneva; font-size: small;\"><img loading=\"lazy\" decoding=\"async\" class=\" size-full wp-image-702 size-full wp-image-702\" src=\"http:\/\/www.cervantinaesquivias.org\/wordpress\/wp-content\/uploads\/2013\/05\/alonso-pual.-96-vto.-de-1586.jpg\" mce_src=\"http:\/\/www.cervantinaesquivias.org\/wordpress\/wp-content\/uploads\/2013\/05\/alonso-pual.-96-vto.-de-1586.jpg\" alt=\"alt\" width=\"709\" height=\"215\" srcset=\"http:\/\/www.cervantinaesquivias.org\/wordpress\/wp-content\/uploads\/2013\/05\/alonso-pual.-96-vto.-de-1586.jpg 709w, http:\/\/www.cervantinaesquivias.org\/wordpress\/wp-content\/uploads\/2013\/05\/alonso-pual.-96-vto.-de-1586-300x91.jpg 300w\" sizes=\"auto, (max-width: 709px) 100vw, 709px\" \/><br \/><\/span><\/p>\n<p style=\"text-align: justify;\" mce_style=\"text-align: justify;\"><span style=\"font-size: small;\" mce_style=\"font-family: verdana, geneva; font-size: small;\"><i style=\"style\" mce_style=\"style\"><span style=\"font-size: medium;\" mce_style=\"font-size: medium;\"><span style=\"font-family: verdana, geneva;\" mce_style=\"font-family: verdana, geneva;\">\u00abEn veinte y cinco de henero de 1587 a\u00f1os yo El dicho doctor Escrivano cura propio del <b>dicho lugar<\/b> desposse a Alonso Pu\u00f1al vezino y natural de la Puebla de Montalban con Ysabel Lopez hija de Bartolome Doblado Siendo testigos Diego Garcia de Salazar y Gabriel Quixada y don Lope de Salazar. \u00a0 El doctor Escrivano\u00bb.<\/span><\/span><\/i><\/span><\/p>\n<p style=\"text-align: justify;\" mce_style=\"text-align: justify;\"><\/p>\n<p style=\"text-align: center;\" mce_style=\"text-align: center;\"><span style=\"font-size: medium;\" mce_style=\"font-size: medium;\"><span style=\"font-family: verdana, geneva;\" mce_style=\"font-family: verdana, geneva;\"><i><img loading=\"lazy\" decoding=\"async\" class=\" size-full wp-image-703 size-full wp-image-703\" src=\"http:\/\/www.cervantinaesquivias.org\/wordpress\/wp-content\/uploads\/2013\/05\/pedro-alonso-de-salazar.-97-de-1587.jpg\" mce_src=\"http:\/\/www.cervantinaesquivias.org\/wordpress\/wp-content\/uploads\/2013\/05\/pedro-alonso-de-salazar.-97-de-1587.jpg\" alt=\"alt\" width=\"709\" height=\"150\" srcset=\"http:\/\/www.cervantinaesquivias.org\/wordpress\/wp-content\/uploads\/2013\/05\/pedro-alonso-de-salazar.-97-de-1587.jpg 709w, http:\/\/www.cervantinaesquivias.org\/wordpress\/wp-content\/uploads\/2013\/05\/pedro-alonso-de-salazar.-97-de-1587-300x63.jpg 300w\" sizes=\"auto, (max-width: 709px) 100vw, 709px\" \/><br \/><\/i><\/span><\/span><\/p>\n<p style=\"text-align: justify;\" mce_style=\"text-align: justify;\"><span style=\"font-size: medium; font-family: verdana, geneva;\" mce_style=\"font-size: medium; font-family: verdana, geneva;\">Al margen:<i> Diego Fernandez Villaseca.<\/i><\/span><\/p>\n<p style=\"text-align: justify;\" mce_style=\"text-align: justify;\"><span style=\"font-size: medium; font-family: verdana, geneva;\" mce_style=\"font-size: medium; font-family: verdana, geneva;\"><i>\u00abEn veinte y siete dias del dicho mes (septiembre de 1587) El dicho Gabriel de Cazeres tiniente de cura desposo y velo a Diego Fernandez hijo de Juan Fernandez y a Ysabel de Sobar\u00e7o hija de Pedro de Sobarzo vezinos de<b> este dicho lugar<\/b> siendo testigos Lope de Salazar y Juan de Guevara y Pedro Alonso de Salazar y otros muchos. \u00a0 Gabriel de Caceres\u00bb.<\/i><\/span><\/p>\n<p><\/p>\n<p style=\"text-align: justify;\" mce_style=\"text-align: justify;\"><span style=\"font-size: medium; font-family: verdana, geneva;\" mce_style=\"font-size: medium; font-family: verdana, geneva;\">En esta partida de casamiento aparece como testigo <b>Pedro Alonso de Salazar<\/b>. Pedro Alonso era primo por via paterna de Catalina de Salazar y Palacios, y Cervantes lo incluye en el Capitulo V de la Primera Parte del Quijote cuando este regresa a su <b>Lugar<\/b> despu\u00e9s de su primera salida.<\/span><\/p>\n<p style=\"text-align: justify;\" mce_style=\"text-align: justify;\"><span style=\"font-size: medium;\" mce_style=\"font-size: medium;\"><span style=\"font-family: verdana, geneva;\" mce_style=\"font-family: verdana, geneva;\">En marzo de 2012, fue descubierta este Acta por el equipo de investigaci\u00f3n de la Sociedad Cervantina de Esquivias, no habiendo sido localizada anteriormente por ning\u00fan investigador cervantista.<\/span><\/span><\/p>\n<p style=\"text-align: justify;\" mce_style=\"text-align: justify;\"><\/p>\n<p><!--nextpage--><\/p>\n<p><\/p>\n<p><\/p>\n<p style=\"text-align: center;\" mce_style=\"text-align: center;\"><img loading=\"lazy\" decoding=\"async\" class=\" size-full wp-image-704 size-full wp-image-704\" src=\"http:\/\/www.cervantinaesquivias.org\/wordpress\/wp-content\/uploads\/2013\/05\/alonso-gonzalez.-97-de-1587.jpg\" mce_src=\"http:\/\/www.cervantinaesquivias.org\/wordpress\/wp-content\/uploads\/2013\/05\/alonso-gonzalez.-97-de-1587.jpg\" alt=\"alt\" style=\"style\" mce_style=\"style\" width=\"709\" height=\"182\" srcset=\"http:\/\/www.cervantinaesquivias.org\/wordpress\/wp-content\/uploads\/2013\/05\/alonso-gonzalez.-97-de-1587.jpg 709w, http:\/\/www.cervantinaesquivias.org\/wordpress\/wp-content\/uploads\/2013\/05\/alonso-gonzalez.-97-de-1587-300x77.jpg 300w\" sizes=\"auto, (max-width: 709px) 100vw, 709px\" \/><\/p>\n<p style=\"text-align: justify;\" mce_style=\"text-align: justify;\"><span style=\"font-size: medium; font-family: verdana, geneva;\" mce_style=\"font-size: medium; font-family: verdana, geneva;\">Al margen:<i> Alonso Gonzalez con Magdalena Garcia.<\/i><\/span><\/p>\n<p style=\"text-align: justify;\" mce_style=\"text-align: justify;\"><span style=\"font-size: medium; font-family: verdana, geneva;\" mce_style=\"font-size: medium; font-family: verdana, geneva;\"><i>\u00abEn veinte y ocho dias del dicho mes de setienbre (1587) El dicho Gabriel de Cazeres teniente de cura del <b>dicho lugar<\/b> desposo a Alonso Gonzalez Vezino de Sese\u00f1a y a Magdalena Garcia hija de Bartolome de Olmedo vezino <b>deste dicho lugar<\/b> testigos Francisco de Huerta y Nicolas de Olmedo y Lucas Palomo\u00bb. \u00a0 \u00a0Gabriel de Caceres.<\/i><\/span><\/p>\n<p style=\"text-align: justify;\" mce_style=\"text-align: justify;\"><\/p>\n<p style=\"text-align: center;\" mce_style=\"text-align: center;\"><span style=\"font-size: medium; font-family: verdana, geneva;\" mce_style=\"font-size: medium; font-family: verdana, geneva;\"><i><img loading=\"lazy\" decoding=\"async\" class=\" size-full wp-image-705 size-full wp-image-705\" src=\"http:\/\/www.cervantinaesquivias.org\/wordpress\/wp-content\/uploads\/2013\/05\/maria-ximenez.-97-de-1587.jpg\" mce_src=\"http:\/\/www.cervantinaesquivias.org\/wordpress\/wp-content\/uploads\/2013\/05\/maria-ximenez.-97-de-1587.jpg\" alt=\"alt\" style=\"style\" mce_style=\"style\" width=\"709\" height=\"155\" srcset=\"http:\/\/www.cervantinaesquivias.org\/wordpress\/wp-content\/uploads\/2013\/05\/maria-ximenez.-97-de-1587.jpg 709w, http:\/\/www.cervantinaesquivias.org\/wordpress\/wp-content\/uploads\/2013\/05\/maria-ximenez.-97-de-1587-300x66.jpg 300w\" sizes=\"auto, (max-width: 709px) 100vw, 709px\" \/><br \/><\/i><\/span><\/p>\n<p style=\"text-align: justify;\" mce_style=\"text-align: justify;\"><span style=\"font-size: medium; font-family: verdana, geneva;\" mce_style=\"font-size: medium; font-family: verdana, geneva;\">Al margen: <i>Juan Martin con Maria Ximenez.<\/i><\/span><\/p>\n<p style=\"text-align: justify;\" mce_style=\"text-align: justify;\"><span style=\"font-size: medium; font-family: verdana, geneva;\" mce_style=\"font-size: medium; font-family: verdana, geneva;\"><i>\u00abEn dos dias de octubre de 1587 a\u00f1os el dicho Gabriel de Cazeres tiniente de cura desposo y velo a Juan Martin hijo de Andres Martin vezino de Vorox con Maria Ximenez hija de Benito Rodriguez vezino <b>desde dicho lugar<\/b> testigos Francisco Marcos y Juan Diaz y otros muchos de <b>El lugar<\/b>. \u00a0 \u00a0Gabriel de Caceres\u00bb.<\/i><\/span><\/p>\n<p style=\"text-align: justify;\" mce_style=\"text-align: justify;\"><\/p>\n<p style=\"text-align: center;\" mce_style=\"text-align: center;\"><span style=\"font-size: medium; font-family: verdana, geneva;\" mce_style=\"font-size: medium; font-family: verdana, geneva;\"><i><img loading=\"lazy\" decoding=\"async\" class=\" size-full wp-image-706 size-full wp-image-706\" src=\"http:\/\/www.cervantinaesquivias.org\/wordpress\/wp-content\/uploads\/2013\/05\/lucas-palomo.-97-de-1587.jpg\" mce_src=\"http:\/\/www.cervantinaesquivias.org\/wordpress\/wp-content\/uploads\/2013\/05\/lucas-palomo.-97-de-1587.jpg\" alt=\"alt\" style=\"style\" mce_style=\"style\" width=\"709\" height=\"153\" srcset=\"http:\/\/www.cervantinaesquivias.org\/wordpress\/wp-content\/uploads\/2013\/05\/lucas-palomo.-97-de-1587.jpg 709w, http:\/\/www.cervantinaesquivias.org\/wordpress\/wp-content\/uploads\/2013\/05\/lucas-palomo.-97-de-1587-300x65.jpg 300w\" sizes=\"auto, (max-width: 709px) 100vw, 709px\" \/><br \/><\/i><\/span><\/p>\n<p style=\"text-align: justify;\" mce_style=\"text-align: justify;\"><span style=\"font-size: medium; font-family: verdana, geneva;\" mce_style=\"font-size: medium; font-family: verdana, geneva;\">Al margen: <i>Lucas Palomo con Anna Morales.<\/i><\/span><\/p>\n<p style=\"text-align: justify;\" mce_style=\"text-align: justify;\"><span style=\"font-size: medium; font-family: verdana, geneva;\" mce_style=\"font-size: medium; font-family: verdana, geneva;\"><i>\u00abEn diez y ocho de octubre del dicho a\u00f1o (1587) el dicho Gabriel de Cazeres tiniente de cura desposo a Lucas Palomo y Ana de Morales <b>vezinos<\/b> <b>deste lugar<\/b> siendo testigos Geronimo Mexia y El Racionero Franco de Guzman y Francisco Marcos. \u00a0 \u00a0Gabriel de Caceres\u00bb.<\/i><\/span><\/p>\n<p style=\"text-align: justify;\" mce_style=\"text-align: justify;\"><\/p>\n<p style=\"text-align: center;\" mce_style=\"text-align: center;\"><span style=\"font-size: medium; font-family: verdana, geneva;\" mce_style=\"font-size: medium; font-family: verdana, geneva;\"><i><img loading=\"lazy\" decoding=\"async\" class=\" size-full wp-image-707 size-full wp-image-707\" src=\"http:\/\/www.cervantinaesquivias.org\/wordpress\/wp-content\/uploads\/2013\/05\/baltasar-martin.-97-de-1587.jpg\" mce_src=\"http:\/\/www.cervantinaesquivias.org\/wordpress\/wp-content\/uploads\/2013\/05\/baltasar-martin.-97-de-1587.jpg\" alt=\"alt\" style=\"style\" mce_style=\"style\" width=\"709\" height=\"161\" srcset=\"http:\/\/www.cervantinaesquivias.org\/wordpress\/wp-content\/uploads\/2013\/05\/baltasar-martin.-97-de-1587.jpg 709w, http:\/\/www.cervantinaesquivias.org\/wordpress\/wp-content\/uploads\/2013\/05\/baltasar-martin.-97-de-1587-300x68.jpg 300w\" sizes=\"auto, (max-width: 709px) 100vw, 709px\" \/><br \/><\/i><\/span><\/p>\n<p style=\"text-align: justify;\" mce_style=\"text-align: justify;\"><span style=\"font-size: medium; font-family: verdana, geneva;\" mce_style=\"font-size: medium; font-family: verdana, geneva;\">Al margen:<i> Baltasar Martin Toledano con Maria Torres.<\/i><\/span><\/p>\n<p style=\"text-align: justify;\" mce_style=\"text-align: justify;\"><span style=\"font-size: medium; font-family: verdana, geneva;\" mce_style=\"font-size: medium; font-family: verdana, geneva;\"><i>\u00abEn primero de dicienbre del dicho a\u00f1o (1587) despose yo el doctor Escrivano cura propio del <b>dicho lugar<\/b>, a Baltasar Martin hijo de Andres Martin Toledano con Maria de Torres hija de Francisco de Torres vezinos <b>deste lugar<\/b> testigos Luis Ximenez Francisco Marcos y Juan Diaz y otros muchos. \u00a0 \u00a0El doctor escrivano\u00bb.<\/i><\/span><\/p>\n<p style=\"text-align: justify;\" mce_style=\"text-align: justify;\"><\/p>\n<p style=\"text-align: center;\" mce_style=\"text-align: center;\"><span style=\"font-size: medium; font-family: verdana, geneva;\" mce_style=\"font-size: medium; font-family: verdana, geneva;\"><i><img loading=\"lazy\" decoding=\"async\" class=\" size-full wp-image-708 size-full wp-image-708\" src=\"http:\/\/www.cervantinaesquivias.org\/wordpress\/wp-content\/uploads\/2013\/05\/xpbal.-97-vto.-de-1588.jpg\" mce_src=\"http:\/\/www.cervantinaesquivias.org\/wordpress\/wp-content\/uploads\/2013\/05\/xpbal.-97-vto.-de-1588.jpg\" alt=\"alt\" style=\"style\" mce_style=\"style\" width=\"709\" height=\"180\" srcset=\"http:\/\/www.cervantinaesquivias.org\/wordpress\/wp-content\/uploads\/2013\/05\/xpbal.-97-vto.-de-1588.jpg 709w, http:\/\/www.cervantinaesquivias.org\/wordpress\/wp-content\/uploads\/2013\/05\/xpbal.-97-vto.-de-1588-300x76.jpg 300w\" sizes=\"auto, (max-width: 709px) 100vw, 709px\" \/><br \/><\/i><\/span><\/p>\n<p style=\"text-align: justify;\" mce_style=\"text-align: justify;\"><span style=\"font-size: medium;\" mce_style=\"font-size: medium;\"><span style=\"font-family: verdana, geneva;\" mce_style=\"font-family: verdana, geneva;\">Al margen: Xpbal Ruiz con Maria Leal.<\/span><\/span><\/p>\n<p style=\"text-align: justify;\" mce_style=\"text-align: justify;\"><span style=\"font-size: medium;\" mce_style=\"font-size: medium;\"><span style=\"font-family: verdana, geneva;\" mce_style=\"font-family: verdana, geneva;\">\u00abYo El doctor scrivano cura propio desquivias despose y vele a Juan Ruiz hijo de Xpbal Ruiz con Maria Leal hija de Francisco Hernandez y Fabiana su mujer vezinos de <b>este lugar<\/b> a diez de henero del dicho a\u00f1o (1588) testigos Lope de Barahona, Francisco Marcos y otras <b>muchas personas<\/b> <b>del lugar<\/b>. \u00a0 \u00a0Doctor Juan Saez scrivano\u00bb.<\/span><\/span><\/p>\n<p style=\"text-align: justify;\" mce_style=\"text-align: justify;\"><\/p>\n<p style=\"text-align: center;\" mce_style=\"text-align: center;\"><span style=\"font-size: medium;\" mce_style=\"font-size: medium;\"><span style=\"font-family: verdana, geneva;\" mce_style=\"font-family: verdana, geneva;\"><img loading=\"lazy\" decoding=\"async\" class=\" size-full wp-image-709 size-full wp-image-709\" src=\"http:\/\/www.cervantinaesquivias.org\/wordpress\/wp-content\/uploads\/2013\/05\/juan-ordoez-de-encinas.-97-vto.-de-1588.jpg\" mce_src=\"http:\/\/www.cervantinaesquivias.org\/wordpress\/wp-content\/uploads\/2013\/05\/juan-ordoez-de-encinas.-97-vto.-de-1588.jpg\" alt=\"alt\" style=\"style\" mce_style=\"style\" width=\"709\" height=\"158\" srcset=\"http:\/\/www.cervantinaesquivias.org\/wordpress\/wp-content\/uploads\/2013\/05\/juan-ordoez-de-encinas.-97-vto.-de-1588.jpg 709w, http:\/\/www.cervantinaesquivias.org\/wordpress\/wp-content\/uploads\/2013\/05\/juan-ordoez-de-encinas.-97-vto.-de-1588-300x67.jpg 300w\" sizes=\"auto, (max-width: 709px) 100vw, 709px\" \/><br \/><\/span><\/span><\/p>\n<p style=\"text-align: justify;\" mce_style=\"text-align: justify;\"><span style=\"font-size: medium;\" mce_style=\"font-size: medium;\"><span style=\"font-family: verdana, geneva;\" mce_style=\"font-family: verdana, geneva;\">Al margen: <i>Juan Ordo\u00f1ez de Encinas con Do\u00f1a Anna Mexia.<\/i><\/span><\/span><\/p>\n<p style=\"text-align: justify;\" mce_style=\"text-align: justify;\"><span style=\"font-size: medium;\" mce_style=\"font-size: medium;\"><span style=\"font-family: verdana, geneva;\" mce_style=\"font-family: verdana, geneva;\"><i>\u00abEn postrero de febrero (1588) despose y vele yo El doctor Juan Saez scrivano cura del <b>dicho lugar<\/b> A Juan Ordo\u00f1ez de En\u00e7inas con do\u00f1a Ana Mexia testigos Gabriel Quixada Salazar Juan Barroso de Escobar y Francisco Marcos y otros muchos asi hobres como mugeres que se hallaron Presentes. \u00a0El doctor Joan Saenz Escrivano\u00bb.<\/i><\/span><\/span><\/p>\n<p style=\"text-align: justify;\" mce_style=\"text-align: justify;\"><\/p>\n<p style=\"text-align: center;\" mce_style=\"text-align: center;\"><span style=\"font-size: medium;\" mce_style=\"font-size: medium;\"><span style=\"font-family: verdana, geneva;\" mce_style=\"font-family: verdana, geneva;\"><i><img loading=\"lazy\" decoding=\"async\" class=\" size-full wp-image-710 size-full wp-image-710\" src=\"http:\/\/www.cervantinaesquivias.org\/wordpress\/wp-content\/uploads\/2013\/05\/catalina-rojas.-97-vto.-de-1588.jpg\" mce_src=\"http:\/\/www.cervantinaesquivias.org\/wordpress\/wp-content\/uploads\/2013\/05\/catalina-rojas.-97-vto.-de-1588.jpg\" alt=\"alt\" width=\"709\" height=\"154\" srcset=\"http:\/\/www.cervantinaesquivias.org\/wordpress\/wp-content\/uploads\/2013\/05\/catalina-rojas.-97-vto.-de-1588.jpg 709w, http:\/\/www.cervantinaesquivias.org\/wordpress\/wp-content\/uploads\/2013\/05\/catalina-rojas.-97-vto.-de-1588-300x65.jpg 300w\" sizes=\"auto, (max-width: 709px) 100vw, 709px\" \/><br \/><\/i><\/span><\/span><\/p>\n<p style=\"text-align: justify;\" mce_style=\"text-align: justify;\"><span style=\"font-size: medium;\" mce_style=\"font-size: medium;\"><span style=\"font-family: verdana, geneva;\" mce_style=\"font-family: verdana, geneva;\">Al margen: <i>Andres Torrejon y Catalina de Rojas.<\/i><\/span><\/span><\/p>\n<p style=\"text-align: justify;\" mce_style=\"text-align: justify;\"><span style=\"font-size: small;\" mce_style=\"font-family: verdana, geneva; font-size: small;\"><i style=\"style\" mce_style=\"style\"><span style=\"font-size: medium;\" mce_style=\"font-size: medium;\"><span style=\"font-family: verdana, geneva;\" mce_style=\"font-family: verdana, geneva;\">\u00abEn 29 de mayo del dicho a\u00f1o (1588) yo El dicho cura despose y vele infacie En legado a Catalina de Rojas natural de Carranque con Andres Torrej\u00f3n hijo de Andres Torrej\u00f3n vezino de <b>este lugar<\/b> testigos Juan Ordo\u00f1ez de En\u00e7inas y Diego Garcia de Salazar y Francisco Marcos y <b>todo el lugar<\/b>. \u00a0 Doctor Juan Saez escrivano\u00bb.<\/span><\/span><\/i><\/span><\/p>\n<p style=\"text-align: justify;\" mce_style=\"text-align: justify;\"><\/p>\n<p style=\"text-align: center;\" mce_style=\"text-align: center;\"><span style=\"font-family: verdana, geneva; font-size: small;\" mce_style=\"font-family: verdana, geneva; font-size: small;\"><i><img loading=\"lazy\" decoding=\"async\" class=\" size-full wp-image-711 size-full wp-image-711\" src=\"http:\/\/www.cervantinaesquivias.org\/wordpress\/wp-content\/uploads\/2013\/05\/diego-torrejon.-98-de-1588.jpg\" mce_src=\"http:\/\/www.cervantinaesquivias.org\/wordpress\/wp-content\/uploads\/2013\/05\/diego-torrejon.-98-de-1588.jpg\" alt=\"alt\" width=\"709\" height=\"157\" srcset=\"http:\/\/www.cervantinaesquivias.org\/wordpress\/wp-content\/uploads\/2013\/05\/diego-torrejon.-98-de-1588.jpg 709w, http:\/\/www.cervantinaesquivias.org\/wordpress\/wp-content\/uploads\/2013\/05\/diego-torrejon.-98-de-1588-300x66.jpg 300w\" sizes=\"auto, (max-width: 709px) 100vw, 709px\" \/><br \/><\/i><\/span><\/p>\n<p style=\"text-align: justify;\" mce_style=\"text-align: justify;\"><span style=\"font-size: medium;\" mce_style=\"font-size: medium;\"><span style=\"font-family: verdana, geneva;\" mce_style=\"font-family: verdana, geneva;\">Al margen: <i>Diego Torrejon con Anna Romana.<\/i><\/span><\/span><\/p>\n<p style=\"text-align: justify;\" mce_style=\"text-align: justify;\"><span style=\"font-size: medium;\" mce_style=\"font-size: medium;\"><span style=\"font-family: verdana, geneva;\" mce_style=\"font-family: verdana, geneva;\"><i>\u00abA cinco de junio del dicho a\u00f1o (1588) despose a Diego Torrejon y Ana Romana hija de Juan Portero vezino <b>deste lugar<\/b> testigos Juan de Salzedo y Salazar y Pedro de Salazar y Juan de Briviesca y otros muchos. \u00a0 \u00a0 \u00a0<b><strike> En el Lugar<\/strike><\/b>. \u00a0 \u00a0 \u00a0 Doctor Juan Saez scrivano\u00bb.<\/i><\/span><\/span><\/p>\n<p style=\"text-align: justify;\" mce_style=\"text-align: justify;\"><\/p>\n<p style=\"text-align: center;\" mce_style=\"text-align: center;\"><span style=\"font-size: medium;\" mce_style=\"font-size: medium;\"><span style=\"font-family: verdana, geneva;\" mce_style=\"font-family: verdana, geneva;\"><i><img loading=\"lazy\" decoding=\"async\" class=\" size-full wp-image-712 size-full wp-image-712\" src=\"http:\/\/www.cervantinaesquivias.org\/wordpress\/wp-content\/uploads\/2013\/05\/francisco-de-torres.-98-de-1588.jpg\" mce_src=\"http:\/\/www.cervantinaesquivias.org\/wordpress\/wp-content\/uploads\/2013\/05\/francisco-de-torres.-98-de-1588.jpg\" alt=\"alt\" width=\"709\" height=\"157\" srcset=\"http:\/\/www.cervantinaesquivias.org\/wordpress\/wp-content\/uploads\/2013\/05\/francisco-de-torres.-98-de-1588.jpg 709w, http:\/\/www.cervantinaesquivias.org\/wordpress\/wp-content\/uploads\/2013\/05\/francisco-de-torres.-98-de-1588-300x66.jpg 300w\" sizes=\"auto, (max-width: 709px) 100vw, 709px\" \/><br \/><\/i><\/span><\/span><\/p>\n<p style=\"text-align: justify;\" mce_style=\"text-align: justify;\"><span style=\"font-size: medium;\" mce_style=\"font-size: medium;\"><span style=\"font-family: verdana, geneva;\" mce_style=\"font-family: verdana, geneva;\">Al margen:<i> Francisco de Torres con Catalina Romano.<\/i><\/span><\/span><\/p>\n<p style=\"text-align: justify;\" mce_style=\"text-align: justify;\"><span style=\"font-size: medium;\" mce_style=\"font-size: medium;\"><span style=\"font-family: verdana, geneva;\" mce_style=\"font-family: verdana, geneva;\"><i>\u00abEste dia (5 de junio de 1588) a la misma hora despose yo El dicho Cura a Francisco de Torres hijo de Juan de Torres vezino <b>deste lugar<\/b> con Catalina Romana hija de Juan Portero vezino de ende, testigos los dichos. \u00a0 \u00a0Doctor Juan Aaez scrivano\u00bb.\u00a0<\/i><\/span><\/span><\/p>\n<p style=\"text-align: justify;\" mce_style=\"text-align: justify;\"><span style=\"font-size: medium;\" mce_style=\"font-size: medium;\"><span style=\"font-family: verdana, geneva;\" mce_style=\"font-family: verdana, geneva;\"><\/span><\/span><\/p>\n<p><!--nextpage--><\/p>\n<p><\/p>\n<p><\/p>\n<p style=\"text-align: center;\" mce_style=\"text-align: center;\"><img loading=\"lazy\" decoding=\"async\" class=\" size-full wp-image-713 size-full wp-image-713\" src=\"http:\/\/www.cervantinaesquivias.org\/wordpress\/wp-content\/uploads\/2013\/05\/alonso-quixada.-118-de-1604.jpg\" mce_src=\"http:\/\/www.cervantinaesquivias.org\/wordpress\/wp-content\/uploads\/2013\/05\/alonso-quixada.-118-de-1604.jpg\" alt=\"alt\" width=\"709\" height=\"956\" srcset=\"http:\/\/www.cervantinaesquivias.org\/wordpress\/wp-content\/uploads\/2013\/05\/alonso-quixada.-118-de-1604.jpg 709w, http:\/\/www.cervantinaesquivias.org\/wordpress\/wp-content\/uploads\/2013\/05\/alonso-quixada.-118-de-1604-222x300.jpg 222w\" sizes=\"auto, (max-width: 709px) 100vw, 709px\" \/><\/p>\n<p style=\"text-align: justify;\" mce_style=\"text-align: justify;\"><span style=\"font-size: medium;\" mce_style=\"font-size: medium;\"><span style=\"font-family: verdana, geneva;\" mce_style=\"font-family: verdana, geneva;\">Acta de defuncion de Alonso Quixada de Salazar y una parte de sus Ultimas Voluntades:<\/span><\/span><\/p>\n<p style=\"text-align: justify;\" mce_style=\"text-align: justify;\"><span style=\"font-size: medium; font-family: verdana, geneva;\" mce_style=\"font-size: medium; font-family: verdana, geneva;\">Al margen: <i>Alonso Quixada Salazar.\u00a0<\/i><\/span><span style=\"font-family: verdana, geneva; font-size: medium; line-height: 1.3em;\" mce_style=\"font-family: verdana, geneva; font-size: medium; line-height: 1.3em;\"><i>Alvaceas Gabriel Quixada y Fernando Gauna.<\/i><\/span><\/p>\n<p style=\"text-align: justify;\" mce_style=\"text-align: justify;\"><span style=\"font-family: verdana, geneva; font-size: medium; line-height: 1.3em;\" mce_style=\"font-family: verdana, geneva; font-size: medium; line-height: 1.3em;\"><i>\u00ab<b>En el lugar de esquivias<\/b> a seis dias del mes de setiembre a\u00f1o de mil y seiscientos y cuatro, falleci\u00f3 Alonso Quixada de Salazar recibio los Santos Sacramentos mandose enterrar en esta iglesia de esquivias en sepultura de sus padres en el coro mando por su alma lo siguiente.<\/i><\/span><\/p>\n<p style=\"text-align: justify;\" mce_style=\"text-align: justify;\"><span style=\"font-family: verdana, geneva; font-size: medium; line-height: 1.3em;\" mce_style=\"font-family: verdana, geneva; font-size: medium; line-height: 1.3em;\"><i>Yten mando que el dia de mi enteRamiento aconpa\u00f1en mi cuerpo la cruz y cura y beneficiado <b>de este lugar<\/b> y los demas clerigos digan una misa cantada con diacono y subdiacono y los mismos a mis honRas.<\/i><\/span><\/p>\n<p style=\"text-align: justify;\" mce_style=\"text-align: justify;\"><span style=\"font-family: verdana, geneva; font-size: medium; line-height: 1.3em;\" mce_style=\"font-family: verdana, geneva; font-size: medium; line-height: 1.3em;\"><i>Yten mando digan mill misas Re\u00e7adas del oficio que Re\u00e7are la Yglesia las quales dichas misas quiero y es mi voluntad se digan en la manera y forma siguiente.<\/i><\/span><\/p>\n<p style=\"text-align: justify;\" mce_style=\"text-align: justify;\"><span style=\"font-family: verdana, geneva; font-size: medium; line-height: 1.3em;\" mce_style=\"font-family: verdana, geneva; font-size: medium; line-height: 1.3em;\"><i>En la Yglesia <b>de este dicho lugar<\/b> trecientas misas y quatrocientas en la Se\u00f1ora de la Oliva y trecientas en la Se\u00f1ora del Carmen de Valdemoro, que vienen a ser las dichas mill misas las quales se digan por mi alma.<\/i><\/span><\/p>\n<p style=\"text-align: justify;\" mce_style=\"text-align: justify;\"><span style=\"font-family: verdana, geneva; font-size: medium; line-height: 1.3em;\" mce_style=\"font-family: verdana, geneva; font-size: medium; line-height: 1.3em;\"><i>Yten mando se digan ducientas misas por el anima de mis padres y suegros difuntos Repartidas por tercios partes en la forma de las mill misas de aRiva declaradas del oficio que Re\u00e7are la Yglesia al tiempo que se dixeren.<\/i><\/span><\/p>\n<p style=\"text-align: justify;\" mce_style=\"text-align: justify;\"><span style=\"font-family: verdana, geneva; font-size: medium; line-height: 1.3em;\" mce_style=\"font-family: verdana, geneva; font-size: medium; line-height: 1.3em;\"><i>Yten mano treynta misas por las animas de purgatorio del oficio que Re\u00e7are la Yglesia&#8230;\u00bb<\/i><\/span><\/p>\n<p style=\"text-align: justify;\" mce_style=\"text-align: justify;\"><\/p>\n<p style=\"text-align: center;\" mce_style=\"text-align: center;\"><span style=\"font-family: verdana, geneva; font-size: medium; line-height: 1.3em;\" mce_style=\"font-family: verdana, geneva; font-size: medium; line-height: 1.3em;\"><i><img loading=\"lazy\" decoding=\"async\" class=\" size-full wp-image-714 size-full wp-image-714\" src=\"http:\/\/www.cervantinaesquivias.org\/wordpress\/wp-content\/uploads\/2013\/05\/alonso-quixada.-119-de-1604.jpg\" mce_src=\"http:\/\/www.cervantinaesquivias.org\/wordpress\/wp-content\/uploads\/2013\/05\/alonso-quixada.-119-de-1604.jpg\" alt=\"alt\" width=\"709\" height=\"497\" srcset=\"http:\/\/www.cervantinaesquivias.org\/wordpress\/wp-content\/uploads\/2013\/05\/alonso-quixada.-119-de-1604.jpg 709w, http:\/\/www.cervantinaesquivias.org\/wordpress\/wp-content\/uploads\/2013\/05\/alonso-quixada.-119-de-1604-300x210.jpg 300w\" sizes=\"auto, (max-width: 709px) 100vw, 709px\" \/><\/i><\/span><\/p>\n<p style=\"text-align: justify;\" mce_style=\"text-align: justify;\"><span style=\"font-size: medium;\" mce_style=\"font-size: medium;\"><span style=\"font-family: verdana, geneva;\" mce_style=\"font-family: verdana, geneva;\">\u00a0Sigue una parte de las ultimas voluntades de Alonso Quixada de Salazar:<\/span><\/span><\/p>\n<p style=\"text-align: justify;\" mce_style=\"text-align: justify;\"><span style=\"font-family: verdana, geneva; font-size: medium; line-height: 1.3em;\" mce_style=\"font-family: verdana, geneva; font-size: medium; line-height: 1.3em;\"><i>\u00ab&#8230;Misas por mi anima \/\/ y las diez por la animas de mis padres y mugeres las quales dichas tgreinta misas Re\u00e7adas dichas aRiva, quiero y es mi voluntad se digan en la Yglesia <b>de este dicho lugar de esquivias<\/b> y estas dichas treynta misas aRiva declaradas las dexo por perpetuas para siempre xamas, en cada un a\u00f1o sobre las dichas ocho aranzadas de majuelo poco mas o menos lo que ovieren en los dichos dos peda\u00e7os y esta manda en la forma dicha quiero que la aya y erede el dicho Alonso Quixada de Salazar mi hijo lixitimo y si el dicho Alonso Quixada mi hijo muriere sin dejar hijos lixitimos y de ligitimo matrimonio esto declaro que quiero que sea hijo varon el que uviere de eredar en la forma dicha&#8230;\u00bb<\/i><\/span><\/p>\n<p style=\"text-align: center;\" mce_style=\"text-align: center;\"><\/p>\n<p style=\"text-align: center;\" mce_style=\"text-align: center;\"><span style=\"font-family: verdana, geneva; font-size: medium; line-height: 1.3em;\" mce_style=\"font-family: verdana, geneva; font-size: medium; line-height: 1.3em;\"><img loading=\"lazy\" decoding=\"async\" class=\" size-full wp-image-715 size-full wp-image-715\" src=\"http:\/\/www.cervantinaesquivias.org\/wordpress\/wp-content\/uploads\/2013\/05\/xxx-de-1598.-011.-albacea-juan-quixada.-def.-de-juana-diaz.jpg\" mce_src=\"http:\/\/www.cervantinaesquivias.org\/wordpress\/wp-content\/uploads\/2013\/05\/xxx-de-1598.-011.-albacea-juan-quixada.-def.-de-juana-diaz.jpg\" alt=\"alt\" width=\"709\" height=\"598\" srcset=\"http:\/\/www.cervantinaesquivias.org\/wordpress\/wp-content\/uploads\/2013\/05\/xxx-de-1598.-011.-albacea-juan-quixada.-def.-de-juana-diaz.jpg 709w, http:\/\/www.cervantinaesquivias.org\/wordpress\/wp-content\/uploads\/2013\/05\/xxx-de-1598.-011.-albacea-juan-quixada.-def.-de-juana-diaz-300x253.jpg 300w\" sizes=\"auto, (max-width: 709px) 100vw, 709px\" \/><br \/><\/span><\/p>\n<p style=\"text-align: justify;\" mce_style=\"text-align: justify;\"><span style=\"font-size: medium;\" mce_style=\"font-size: medium;\"><span style=\"font-family: verdana, geneva;\" mce_style=\"font-family: verdana, geneva;\"><i>\u00ab<b>En el lugar de esquivias<\/b> a veynte dias del mes de Setienbre a\u00f1o de mill y quinientos y noventa y ocho a\u00f1os fale\u00e7io Joana Diaz muger de Diego de Cuellar Recibio los Santos Sacramentos enteRose en la Yglesia de <b>este lugar<\/b> dixosele misa cantada hi\u00e7o testamento y mando lo siguiente.<\/i><\/span><\/span><\/p>\n<p style=\"text-align: justify;\" mce_style=\"text-align: justify;\"><span style=\"font-size: medium;\" mce_style=\"font-size: medium;\"><span style=\"font-family: verdana, geneva;\" mce_style=\"font-family: verdana, geneva;\"><i>Mando fuese sepultada en la Yglesia <b>deste lugar<\/b> y que se le dixere misa cantada y otras dos misas Re\u00e7adas.<\/i><\/span><\/span><\/p>\n<p style=\"text-align: justify;\" mce_style=\"text-align: justify;\"><span style=\"font-size: medium;\" mce_style=\"font-size: medium;\"><span style=\"font-family: verdana, geneva;\" mce_style=\"font-family: verdana, geneva;\"><i>Mando se le dixere la misa del alma&#8230;\u00bb<\/i><\/span><\/span><\/p>\n<p style=\"text-align: justify;\" mce_style=\"text-align: justify;\"><\/p>\n<p style=\"text-align: center;\" mce_style=\"text-align: center;\"><span style=\"font-size: medium;\" mce_style=\"font-size: medium;\"><span style=\"font-family: verdana, geneva;\" mce_style=\"font-family: verdana, geneva;\"><img loading=\"lazy\" decoding=\"async\" class=\" size-full wp-image-716 size-full wp-image-716\" src=\"http:\/\/www.cervantinaesquivias.org\/wordpress\/wp-content\/uploads\/2013\/05\/xxx-1598.-012.-albacea-juan-quixada.jpg\" mce_src=\"http:\/\/www.cervantinaesquivias.org\/wordpress\/wp-content\/uploads\/2013\/05\/xxx-1598.-012.-albacea-juan-quixada.jpg\" alt=\"alt\" width=\"709\" height=\"307\" srcset=\"http:\/\/www.cervantinaesquivias.org\/wordpress\/wp-content\/uploads\/2013\/05\/xxx-1598.-012.-albacea-juan-quixada.jpg 709w, http:\/\/www.cervantinaesquivias.org\/wordpress\/wp-content\/uploads\/2013\/05\/xxx-1598.-012.-albacea-juan-quixada-300x130.jpg 300w\" sizes=\"auto, (max-width: 709px) 100vw, 709px\" \/><br \/><\/span><\/span><\/p>\n<p style=\"text-align: justify;\" mce_style=\"text-align: justify;\"><span style=\"font-size: medium;\" mce_style=\"font-size: medium;\"><span style=\"font-family: verdana, geneva;\" mce_style=\"font-family: verdana, geneva;\">Al margen:<i> Diego Hernando alvacea Juan Quixada de Salazar.<\/i><\/span><\/span><\/p>\n<p style=\"text-align: justify;\" mce_style=\"text-align: justify;\"><span style=\"font-size: medium;\" mce_style=\"font-size: medium;\"><span style=\"font-family: verdana, geneva;\" mce_style=\"font-family: verdana, geneva;\"><i>\u00ab<b>En el lugar de esquivias<\/b> a veynte y siete dias del mes de julio a\u00f1o de mill y quinientos y noventa y ocho a\u00f1os falezio Diego Hernando Recibio los Santos Sacarmentos hi\u00e7o testamento y las mandas siguientes.<\/i><\/span><\/span><\/p>\n<p style=\"text-align: justify;\" mce_style=\"text-align: justify;\"><span style=\"font-size: medium;\" mce_style=\"font-size: medium;\"><span style=\"font-family: verdana, geneva;\" mce_style=\"font-family: verdana, geneva;\"><i>Mando fuese sepultado en la Yglesia de Santa Maria <b>deste lugar<\/b> dixosele misa cantada&#8230;\u00bb<\/i><\/span><\/span><\/p>\n<p style=\"text-align: justify;\" mce_style=\"text-align: justify;\"><\/p>\n<p style=\"text-align: center;\" mce_style=\"text-align: center;\"><span style=\"font-size: medium;\" mce_style=\"font-size: medium;\"><span style=\"font-family: verdana, geneva;\" mce_style=\"font-family: verdana, geneva;\"><i><img loading=\"lazy\" decoding=\"async\" class=\" size-full wp-image-717 size-full wp-image-717\" src=\"http:\/\/www.cervantinaesquivias.org\/wordpress\/wp-content\/uploads\/2013\/05\/xxx-de-1604.-defuncion-de-juana-gutierrez.-mujer-de-fco.-marcos.jpg\" mce_src=\"http:\/\/www.cervantinaesquivias.org\/wordpress\/wp-content\/uploads\/2013\/05\/xxx-de-1604.-defuncion-de-juana-gutierrez.-mujer-de-fco.-marcos.jpg\" alt=\"alt\" width=\"709\" height=\"189\" srcset=\"http:\/\/www.cervantinaesquivias.org\/wordpress\/wp-content\/uploads\/2013\/05\/xxx-de-1604.-defuncion-de-juana-gutierrez.-mujer-de-fco.-marcos.jpg 709w, http:\/\/www.cervantinaesquivias.org\/wordpress\/wp-content\/uploads\/2013\/05\/xxx-de-1604.-defuncion-de-juana-gutierrez.-mujer-de-fco.-marcos-300x80.jpg 300w\" sizes=\"auto, (max-width: 709px) 100vw, 709px\" \/><br \/><\/i><\/span><\/span><\/p>\n<p style=\"text-align: justify;\" mce_style=\"text-align: justify;\"><span style=\"font-size: medium;\" mce_style=\"font-size: medium;\"><span style=\"font-family: verdana, geneva;\" mce_style=\"font-family: verdana, geneva;\">Al margen:<i> Juana Gutierrez Alvaceas Fco. Marcos su marido.<\/i><\/span><\/span><\/p>\n<p style=\"text-align: justify;\" mce_style=\"text-align: justify;\"><span style=\"font-size: medium;\" mce_style=\"font-size: medium;\"><span style=\"font-family: verdana, geneva;\" mce_style=\"font-family: verdana, geneva;\"><i>\u00ab<b>En el lugar de esquivias<\/b> veynte y cinco dias del mes de noviembre a\u00f1o de mill y seiscientos y quatro a\u00f1os fallecio Juana Gutierrez que este en el cielo Recibio los Santos Sacramentos mandose enterar en sepultura suya en la Yglesia de Santa Maria <b>deste lugar<\/b> mando por su alma lo siguiente&#8230;\u00bb<\/i><\/span><\/span><\/p>\n<p style=\"text-align: justify;\" mce_style=\"text-align: justify;\"><!--nextpage--><\/p>\n<p style=\"text-align: center;\" mce_style=\"text-align: center;\"><span style=\"font-size: medium;\" mce_style=\"font-size: medium;\"><span style=\"font-family: verdana, geneva;\" mce_style=\"font-family: verdana, geneva;\"><i><img loading=\"lazy\" decoding=\"async\" class=\" size-full wp-image-718 size-full wp-image-718\" src=\"http:\/\/www.cervantinaesquivias.org\/wordpress\/wp-content\/uploads\/2013\/05\/acta-ayto.-18-vto.-1592.jpg\" mce_src=\"http:\/\/www.cervantinaesquivias.org\/wordpress\/wp-content\/uploads\/2013\/05\/acta-ayto.-18-vto.-1592.jpg\" alt=\"alt\" width=\"709\" height=\"1064\" srcset=\"http:\/\/www.cervantinaesquivias.org\/wordpress\/wp-content\/uploads\/2013\/05\/acta-ayto.-18-vto.-1592.jpg 709w, http:\/\/www.cervantinaesquivias.org\/wordpress\/wp-content\/uploads\/2013\/05\/acta-ayto.-18-vto.-1592-200x300.jpg 200w, http:\/\/www.cervantinaesquivias.org\/wordpress\/wp-content\/uploads\/2013\/05\/acta-ayto.-18-vto.-1592-682x1024.jpg 682w\" sizes=\"auto, (max-width: 709px) 100vw, 709px\" \/><br \/><\/i><\/span><\/span><\/p>\n<p style=\"text-align: justify;\" mce_style=\"text-align: justify;\"><span style=\"font-size: medium;\" mce_style=\"font-size: medium;\"><span style=\"font-family: verdana, geneva;\" mce_style=\"font-family: verdana, geneva;\">Acta del Concejo de Esquivias de 14 de noviembre de 1592.<\/span><\/span><\/p>\n<p style=\"text-align: justify;\" mce_style=\"text-align: justify;\"><span style=\"font-size: small;\" mce_style=\"font-size: small;\"><i><span mce_style=\"font-family: verdana, geneva;\"><span style=\"font-family: verdana, geneva; font-size: medium;\" mce_style=\"font-size: medium;\">\u00ab<b>En el lugar de esquivias<\/b> Jurydizion de la ziudad de Toledo En catorze dias de El mes de novyenbre de myl E quinientos E noventa E dos a\u00f1os Estando juntos El conzejo de <b>El dicho lugar<\/b><\/span><span style=\"font-size: medium;\" mce_style=\"font-size: medium;\"><span style=\"font-family: verdana, geneva;\" mce_style=\"font-family: verdana, geneva;\"> por Son de canpana ta\u00f1yda segun lo an de uso E de <\/span><\/span><\/span><span style=\"font-size: medium;\" mce_style=\"font-size: medium;\"><span style=\"font-size: medium;\" mce_style=\"font-size: medium;\"><span style=\"font-family: verdana, geneva;\" mce_style=\"font-family: verdana, geneva;\">c<\/span><\/span><span style=\"font-family: verdana, geneva;\" mce_style=\"font-family: verdana, geneva;\">ostunbre de se ayuntar de que yo El presente Scrivano doy fe que oy El dicho Toque de la canpana E que ajuntaron en las casas de El dicho conzejo Estando nonbradamente En El dicho conzejo Juan portero alcalde hordinaryo En <b>El dicho lugar<\/b> del Estado de los buenos honbres pecheros y Juan BaRoso de Escobar y Melchor de Chinchilla Rejidores En <b>El dicho lugar<\/b> de el Estado de los hijos dalgo y Alonso Quixada y Andres Martyn Toledano Juan de Ujena francisco Hernandez pedro portero El mozo Juan de Arana Gabryel Sanchez y otros vezinos de <b>El dicho lugar <\/b>y Bartolome Torrejon alguazil los quales Se juntaron A Rematar la guarda de los panes de el termyno de <b>Este dicho lugar<\/b> a qual se pregono en el dicho conzejo por boz de Gabryel Ruyz pregonero e por no aver persona que hiziere mejorya se Remato En Francisco Hernandez En veinte y ocho fanegas de pan por mytad trigo y cebada las quales Se obligaron deselas dar y pagar En las Eras el a\u00f1o venydero de myl E quinientos E noventa E tres a\u00f1os de El fruto que Dios diere a El dicho Francisco Hernandez y Se oblygo que guardara los dichos panes de El dicho termyno Ansi trygos como zevadas y las demas simyllas que uvyere E que dara da\u00f1adores de manyfiesto de los ganados mayores y de los ganados menores dar zercanos y que se le a de dar Repartido el dicho pan en el mes de mayo de El dicho a\u00f1o y se le Remato con la condiziones y los que Supieron firmar lo firmaron de sus nonbres.<\/span><\/span><\/i><\/span><\/p>\n<p style=\"text-align: justify;\" mce_style=\"text-align: justify;\"><span style=\"font-size: small;\" mce_style=\"font-size: small;\"><i style=\"style\" mce_style=\"style\"><span style=\"font-size: medium;\" mce_style=\"font-size: medium;\"><span style=\"font-family: verdana, geneva;\" mce_style=\"font-family: verdana, geneva;\">Juan Barroso Descobar. Melchor de Chinchilla. Ante my.<\/span><\/span><\/i><\/span><\/p>\n<p style=\"text-align: justify;\" mce_style=\"text-align: justify;\"><span style=\"font-size: small;\" mce_style=\"font-size: small;\"><i style=\"style\" mce_style=\"style\"><span style=\"font-size: medium;\" mce_style=\"font-size: medium;\"><span style=\"font-family: verdana, geneva;\" mce_style=\"font-family: verdana, geneva;\">Alonso Quixada Desalazar. Andres Martin Toledano.\u00a0<\/span><\/span><\/i><\/span><\/p>\n<p style=\"text-align: justify;\" mce_style=\"text-align: justify;\"><span style=\"font-size: small;\" mce_style=\"font-size: small;\"><i style=\"style\" mce_style=\"style\"><span style=\"font-size: medium;\" mce_style=\"font-size: medium;\"><span style=\"font-family: verdana, geneva;\" mce_style=\"font-family: verdana, geneva;\">Geronimo d&#8217;Escurieda, Scrivano publico\u00bb.<\/span><\/span><\/i><\/span><\/p>\n<p style=\"text-align: justify;\" mce_style=\"text-align: justify;\"><\/p>\n<p style=\"text-align: center;\" mce_style=\"text-align: center;\"><span style=\"font-size: small;\" mce_style=\"font-size: small;\"><i style=\"style\" mce_style=\"style\"><span style=\"font-size: medium;\" mce_style=\"font-size: medium;\"><span style=\"font-family: verdana, geneva;\" mce_style=\"font-family: verdana, geneva;\"><img loading=\"lazy\" decoding=\"async\" class=\" size-full wp-image-719 size-full wp-image-719\" src=\"http:\/\/www.cervantinaesquivias.org\/wordpress\/wp-content\/uploads\/2013\/05\/acta-ayto.-20-de-1593.-alonso-de-contreras.jpg\" mce_src=\"http:\/\/www.cervantinaesquivias.org\/wordpress\/wp-content\/uploads\/2013\/05\/acta-ayto.-20-de-1593.-alonso-de-contreras.jpg\" alt=\"alt\" width=\"709\" height=\"983\" srcset=\"http:\/\/www.cervantinaesquivias.org\/wordpress\/wp-content\/uploads\/2013\/05\/acta-ayto.-20-de-1593.-alonso-de-contreras.jpg 709w, http:\/\/www.cervantinaesquivias.org\/wordpress\/wp-content\/uploads\/2013\/05\/acta-ayto.-20-de-1593.-alonso-de-contreras-216x300.jpg 216w\" sizes=\"auto, (max-width: 709px) 100vw, 709px\" \/><br \/><\/span><\/span><\/i><\/span><\/p>\n<p style=\"text-align: justify;\" mce_style=\"text-align: justify;\"><span style=\"font-size: medium;\" mce_style=\"font-size: medium;\"><span style=\"font-family: verdana, geneva;\" mce_style=\"font-family: verdana, geneva;\">Acta del Concejo de Esquivias de 1 de Abril de 1593. (parte)<\/span><\/span><\/p>\n<p style=\"text-align: justify;\" mce_style=\"text-align: justify;\"><span style=\"font-size: medium;\" mce_style=\"font-size: medium;\"><span style=\"font-family: verdana, geneva;\" mce_style=\"font-family: verdana, geneva;\">Al margen: <i>pa la ejecutorya de alonso de contreras.<\/i><\/span><\/span><\/p>\n<p style=\"text-align: justify;\" mce_style=\"text-align: justify;\"><span style=\"font-size: medium;\" mce_style=\"font-size: medium;\"><span style=\"font-family: verdana, geneva;\" mce_style=\"font-family: verdana, geneva;\"><i>\u00ab<b>En El lugar de Esquivias<\/b> Jurydizion de la ziudad de Toledo en primero dia de el mes de Abryl de myl E quinientos E noventa E tres a\u00f1os Estando juntos El conzejo de <b>el dicho lugar<\/b> llamados y conbocados por son de canpana ta\u00f1yda Segun que lo an de uso e de costunbre de Se ayuntar en las casas de El dicho conzejo E yo el presente Scrivano doy fe que oy El dicho toque de la canpana Estando nonbradamente En el dicho conzejo Gabryel Quijada de Salazar alcalde hordinaryo <b>En El dicho lugar<\/b> de El Estado de los hijos dalgo y Alonso de Ugena alcalde hordinaryo <b>En El dicho lugar<\/b> de El Estado de los buenos honbres pecheros y Melchor de Chinchilla y Juan de UReta de Salzedo y Juan BaRoso de Escobar Rejidores de El dicho Estado de los hijos dalgo y Andres Martyn toledano procurador jeneral de El dicho conzejo y Gaspar de Chinchilla y Juan de Guevara CaRiazo y Alonso Quijada de Salazar Gonzalo de Guzman Salazar Gaspar Fernandez pedro portero El viejo Baltasar Martyn Toledano Antonio de Bibar Lope de Bibar Diego Loarte Lope de Barahona Juan de Argando\u00f1a Barahona Juan Quijada de Salazar Alonso de Ujena El mozo y otros vezinos de <b>El dicho lugar<\/b> los quales se juntaron A tratar de las cosas de El buen govierno de <b>El dicho lugar<\/b> y Estando En El dicho conzejo parezio presente Alonso de Contreras Rivadeneyra y presento ante my El presente Scrivano una carta Ejecutorya de Su hidalguya Escrita en pergamino firmada de los Se\u00f1ores alcaldes de los hijos dalgo de la real audienzia y chanzillerya de Valladolyd con un Sello de plomo pendiente En filos de Seda de colores y pidio y Requyryo a my El presente Scrivano notifique a los dichos alcaldes y Rejidores y conzejo la dicha Requysitorya y pidio a los dichos alcaldes y Rejidores y conzejo la cumplan y guarden como En la dicha Ejecutorya Se contiene y pidyo Justizia&#8230;\u00bb<\/i><\/span><\/span><\/p>\n<p style=\"text-align: justify;\" mce_style=\"text-align: justify;\"><\/p>\n<p style=\"text-align: center;\" mce_style=\"text-align: center;\"><span style=\"font-size: medium;\" mce_style=\"font-size: medium;\"><span style=\"font-family: verdana, geneva;\" mce_style=\"font-family: verdana, geneva;\"><i><img loading=\"lazy\" decoding=\"async\" class=\" size-full wp-image-720 size-full wp-image-720\" src=\"http:\/\/www.cervantinaesquivias.org\/wordpress\/wp-content\/uploads\/2013\/05\/concordia.-folio-002-anv.-1734.jpg\" mce_src=\"http:\/\/www.cervantinaesquivias.org\/wordpress\/wp-content\/uploads\/2013\/05\/concordia.-folio-002-anv.-1734.jpg\" alt=\"alt\" width=\"709\" height=\"285\" srcset=\"http:\/\/www.cervantinaesquivias.org\/wordpress\/wp-content\/uploads\/2013\/05\/concordia.-folio-002-anv.-1734.jpg 709w, http:\/\/www.cervantinaesquivias.org\/wordpress\/wp-content\/uploads\/2013\/05\/concordia.-folio-002-anv.-1734-300x121.jpg 300w\" sizes=\"auto, (max-width: 709px) 100vw, 709px\" \/><br \/><\/i><\/span><\/span><\/p>\n<p style=\"text-align: justify;\" mce_style=\"text-align: justify;\"><span style=\"font-family: verdana, geneva; font-size: medium; line-height: 1.3em;\" mce_style=\"font-family: verdana, geneva; font-size: medium; line-height: 1.3em;\">Documentos de Concordia entre el Concejo y Vecinos de Esquivias y el Dean y Cabildo de la Santa Iglesia de Toledo.<\/span><\/p>\n<p style=\"text-align: justify;\" mce_style=\"text-align: justify;\"><\/p>\n<p style=\"text-align: center;\" mce_style=\"text-align: center;\"><span style=\"font-family: verdana, geneva; font-size: medium; line-height: 1.3em;\" mce_style=\"font-family: verdana, geneva; font-size: medium; line-height: 1.3em;\"><img loading=\"lazy\" decoding=\"async\" class=\" size-full wp-image-721 size-full wp-image-721\" src=\"http:\/\/www.cervantinaesquivias.org\/wordpress\/wp-content\/uploads\/2013\/05\/bautismo-de-carrasco.-10.-1582.jpg\" mce_src=\"http:\/\/www.cervantinaesquivias.org\/wordpress\/wp-content\/uploads\/2013\/05\/bautismo-de-carrasco.-10.-1582.jpg\" alt=\"alt\" width=\"709\" height=\"310\" srcset=\"http:\/\/www.cervantinaesquivias.org\/wordpress\/wp-content\/uploads\/2013\/05\/bautismo-de-carrasco.-10.-1582.jpg 709w, http:\/\/www.cervantinaesquivias.org\/wordpress\/wp-content\/uploads\/2013\/05\/bautismo-de-carrasco.-10.-1582-300x131.jpg 300w\" sizes=\"auto, (max-width: 709px) 100vw, 709px\" \/><br \/><\/span><\/p>\n<p style=\"text-align: justify;\" mce_style=\"text-align: justify;\"><span style=\"font-size: medium;\" mce_style=\"font-size: medium;\"><span style=\"font-family: verdana, geneva;\" mce_style=\"font-family: verdana, geneva;\">Al margen: \u00a0<i>Juan.<\/i><\/span><\/span><\/p>\n<p style=\"text-align: justify;\" mce_style=\"text-align: justify;\"><span style=\"font-size: medium;\" mce_style=\"font-size: medium;\"><span style=\"font-family: verdana, geneva;\" mce_style=\"font-family: verdana, geneva;\"><i>\u00abEn diez dias del mes de henero del dicho a\u00f1o (1582) bapti\u00e7o e Susodicho A Juan hijo de Juan Carrasco y de su mujer Juana de Ujena fueron sus conpadres Juan de Barahona y Catalina Fernandez su mujer Alonso de la Benbrilla encargoseles el parentesco spiritual, testigos Francisco Marcos y Gutierre Quijada <b>Vezinos del dicho lugar<\/b>. \u00a0 \u00a0 \u00a0 \u00a0 \u00a0Alonso Fernandez\u00bb.<\/i><\/span><\/span><\/p>\n<p style=\"text-align: justify;\" mce_style=\"text-align: justify;\"><\/p>\n<p><!--nextpage--><\/p>\n<p><\/p>\n<p><\/p>\n<p style=\"text-align: center;\" mce_style=\"text-align: center;\"><span style=\"font-size: medium;\" mce_style=\"font-size: medium;\"><span style=\"font-family: verdana, geneva;\" mce_style=\"font-family: verdana, geneva;\"><i><img loading=\"lazy\" decoding=\"async\" class=\" size-full wp-image-722 size-full wp-image-722\" src=\"http:\/\/www.cervantinaesquivias.org\/wordpress\/wp-content\/uploads\/2013\/05\/bautismo-de-catalina.jpg\" mce_src=\"http:\/\/www.cervantinaesquivias.org\/wordpress\/wp-content\/uploads\/2013\/05\/bautismo-de-catalina.jpg\" alt=\"alt\" width=\"709\" height=\"372\" srcset=\"http:\/\/www.cervantinaesquivias.org\/wordpress\/wp-content\/uploads\/2013\/05\/bautismo-de-catalina.jpg 709w, http:\/\/www.cervantinaesquivias.org\/wordpress\/wp-content\/uploads\/2013\/05\/bautismo-de-catalina-300x157.jpg 300w\" sizes=\"auto, (max-width: 709px) 100vw, 709px\" \/><br \/><\/i><\/span><\/span><\/p>\n<p style=\"text-align: justify;\" mce_style=\"text-align: justify;\"><span style=\"font-size: medium;\" mce_style=\"font-size: medium;\"><span style=\"font-family: verdana, geneva;\" mce_style=\"font-family: verdana, geneva;\">Al margen: <i>Catalina.<\/i><\/span><\/span><\/p>\n<p style=\"text-align: justify;\" mce_style=\"text-align: justify;\"><span style=\"font-size: medium;\" mce_style=\"font-size: medium;\"><span style=\"font-family: verdana, geneva;\" mce_style=\"font-family: verdana, geneva;\"><i>\u00abEn primero de novienbre de myl y quinientos y Sesenta y cinco a\u00f1os el Reverendo Se\u00f1or Pedro de huete cura teniente del <b>dicho lugar<\/b> batizo una hija del Se\u00f1or Hernando de Salazar Vozmediano y de la Se\u00f1ora catalina de Palacios Su muger cuyo nonbre fue catalina y el Se\u00f1or Cura pregunto a los que la traian a bautizar que a quyen Se\u00f1alavan Por conpadres que la saquen de pila los quales Respondieron Que al Reverendo Se\u00f1or Juan de Palacios el Qual la tuvo de Pila otrosi el encargo el parentesco espiritual conforme al Santo concilio tridentino siendo testigos Pedro de gamboa e Alonso palomo e baltasar ximenez Vezinos del<b> dicho lugar de esquivias<\/b>. \u00a0 \u00a0 \u00a0 \u00a0Pedro de Huete.<\/i><\/span><\/span><\/p>\n<p style=\"text-align: justify;\" mce_style=\"text-align: justify;\"><\/p>\n<p style=\"text-align: center;\" mce_style=\"text-align: center;\"><span style=\"font-size: medium;\" mce_style=\"font-size: medium;\"><span style=\"font-family: verdana, geneva;\" mce_style=\"font-family: verdana, geneva;\"><img loading=\"lazy\" decoding=\"async\" class=\" size-full wp-image-723 size-full wp-image-723\" src=\"http:\/\/www.cervantinaesquivias.org\/wordpress\/wp-content\/uploads\/2013\/05\/bautismo-del-nio-juan.jpg\" mce_src=\"http:\/\/www.cervantinaesquivias.org\/wordpress\/wp-content\/uploads\/2013\/05\/bautismo-del-nio-juan.jpg\" alt=\"alt\" width=\"709\" height=\"425\" srcset=\"http:\/\/www.cervantinaesquivias.org\/wordpress\/wp-content\/uploads\/2013\/05\/bautismo-del-nio-juan.jpg 709w, http:\/\/www.cervantinaesquivias.org\/wordpress\/wp-content\/uploads\/2013\/05\/bautismo-del-nio-juan-300x180.jpg 300w\" sizes=\"auto, (max-width: 709px) 100vw, 709px\" \/><br \/><\/span><\/span><\/p>\n<p style=\"text-align: justify;\" mce_style=\"text-align: justify;\"><span style=\"font-size: medium;\" mce_style=\"font-size: medium;\"><span style=\"font-family: verdana, geneva;\" mce_style=\"font-family: verdana, geneva;\">Al margen: \u00a0Juan.<\/span><\/span><\/p>\n<p style=\"text-align: justify;\" mce_style=\"text-align: justify;\"><span style=\"font-size: medium;\" mce_style=\"font-size: medium;\"><span style=\"font-family: verdana, geneva;\" mce_style=\"font-family: verdana, geneva;\">\u00abEn beinte y \u00e7inco dias del dicho mes y a\u00f1o (octubre de 1586) baptizo el susodicho a Juan hijo de Simon Hernandez y de su muger Francisca Maria rromana fueron sus conpadres Miguel de Cerbantes y do\u00f1a Catalina su muger encargoseles el parentesco spiritual testigos Gonzalo de Salazar y Francisco Marcos <b>vecinos del dicho lugar.<\/b> \u00a0 \u00a0 \u00a0 \u00a0 Gabriel de Caceres\u00bb.<\/span><\/span><\/p>\n<p style=\"text-align: justify;\" mce_style=\"text-align: justify;\"><\/p>\n<p style=\"text-align: center;\" mce_style=\"text-align: center;\"><img loading=\"lazy\" decoding=\"async\" class=\" size-full wp-image-724 size-full wp-image-724\" src=\"http:\/\/www.cervantinaesquivias.org\/wordpress\/wp-content\/uploads\/2013\/05\/bautismo-de-ana.jpg\" mce_src=\"http:\/\/www.cervantinaesquivias.org\/wordpress\/wp-content\/uploads\/2013\/05\/bautismo-de-ana.jpg\" alt=\"alt\" width=\"709\" height=\"452\" srcset=\"http:\/\/www.cervantinaesquivias.org\/wordpress\/wp-content\/uploads\/2013\/05\/bautismo-de-ana.jpg 709w, http:\/\/www.cervantinaesquivias.org\/wordpress\/wp-content\/uploads\/2013\/05\/bautismo-de-ana-300x191.jpg 300w\" sizes=\"auto, (max-width: 709px) 100vw, 709px\" \/><\/p>\n<p style=\"text-align: justify;\" mce_style=\"text-align: justify;\"><span style=\"font-size: medium;\" mce_style=\"font-size: medium;\"><span style=\"font-family: verdana, geneva;\" mce_style=\"font-family: verdana, geneva;\">Al margen: <i>\u00a0Ana.<\/i><\/span><\/span><\/p>\n<p style=\"text-align: justify;\" mce_style=\"text-align: justify;\"><span style=\"font-size: medium;\" mce_style=\"font-size: medium;\"><span style=\"font-family: verdana, geneva;\" mce_style=\"font-family: verdana, geneva;\"><i>\u00ab<b>En el lugar de esquivias<\/b> veynte y quatro dias del mes de enero de mill y seiscientos y dos a\u00f1os nos el doctor Alonso de la Pe\u00f1a cura de la Yglesia <b>del dicho lugar<\/b> babtizo a Ana hija de Andres Portero y de su mujer Ana de Calatayud fueron conpadres Sebastian Ramirez y Alfonsa de Vaillo Su muger encargoseles el parentesco spiritual testigos Gaspar de Chinchilla el mozo y Francisco Fernandez <b>vezinos del dicho lugar<\/b> y lo firmo. \u00a0 \u00a0 \u00a0Doctor Pe\u00f1a\u00bb.<\/i><\/span><\/span><\/p>\n<p style=\"text-align: center;\" mce_style=\"text-align: center;\"><\/p>\n<p style=\"text-align: center;\" mce_style=\"text-align: center;\"><img loading=\"lazy\" decoding=\"async\" class=\" size-full wp-image-725 size-full wp-image-725\" src=\"http:\/\/www.cervantinaesquivias.org\/wordpress\/wp-content\/uploads\/2013\/05\/bautismo-nia-maria.jpg\" mce_src=\"http:\/\/www.cervantinaesquivias.org\/wordpress\/wp-content\/uploads\/2013\/05\/bautismo-nia-maria.jpg\" alt=\"alt\" width=\"709\" height=\"452\" srcset=\"http:\/\/www.cervantinaesquivias.org\/wordpress\/wp-content\/uploads\/2013\/05\/bautismo-nia-maria.jpg 709w, http:\/\/www.cervantinaesquivias.org\/wordpress\/wp-content\/uploads\/2013\/05\/bautismo-nia-maria-300x191.jpg 300w\" sizes=\"auto, (max-width: 709px) 100vw, 709px\" \/><\/p>\n<p style=\"text-align: justify;\" mce_style=\"text-align: justify;\"><span style=\"font-size: medium;\" mce_style=\"font-size: medium;\"><span style=\"font-family: verdana, geneva;\" mce_style=\"font-family: verdana, geneva;\">Al margen: <i>Maria.<\/i><\/span><\/span><\/p>\n<p style=\"text-align: justify;\" mce_style=\"text-align: justify;\"><span style=\"font-size: medium;\" mce_style=\"font-size: medium;\"><span style=\"font-family: verdana, geneva;\" mce_style=\"font-family: verdana, geneva;\"><i>\u00ab<b>En el lugar de esquivias<\/b> a veinte y siete dias del mes de enero a\u00f1o de mill y seiscientos y dos a\u00f1os Licenciado Se\u00f1or alonso de la pe\u00f1a cura de la Yglesia <b>del dicho lugar<\/b> baptizo a maria hija de bartolome de uxena y ana de la pe\u00f1a su muger fueron sus conpadres Miguel de Cerbantes y do\u00f1a Juana Gaitan encargoseles el parentesco spiritual testigos antonio de Vibar Salazar y Juan de Salcedo <b>Vezinos del dicho lugar<\/b> y lo firmo. \u00a0 \u00a0 Doctor Pe\u00f1a\u00bb.<\/i><\/span><\/span><\/p>\n<p style=\"text-align: justify;\" mce_style=\"text-align: justify;\"><\/p>\n<p style=\"text-align: center;\" mce_style=\"text-align: center;\"><span style=\"font-size: medium;\" mce_style=\"font-size: medium;\"><span style=\"font-family: verdana, geneva;\" mce_style=\"font-family: verdana, geneva;\"><i><img loading=\"lazy\" decoding=\"async\" class=\" size-full wp-image-726 size-full wp-image-726\" src=\"http:\/\/www.cervantinaesquivias.org\/wordpress\/wp-content\/uploads\/2013\/05\/escamonda-monte-1-14-02-95.jpg\" mce_src=\"http:\/\/www.cervantinaesquivias.org\/wordpress\/wp-content\/uploads\/2013\/05\/escamonda-monte-1-14-02-95.jpg\" alt=\"alt\" width=\"709\" height=\"623\" srcset=\"http:\/\/www.cervantinaesquivias.org\/wordpress\/wp-content\/uploads\/2013\/05\/escamonda-monte-1-14-02-95.jpg 709w, http:\/\/www.cervantinaesquivias.org\/wordpress\/wp-content\/uploads\/2013\/05\/escamonda-monte-1-14-02-95-300x264.jpg 300w\" sizes=\"auto, (max-width: 709px) 100vw, 709px\" \/><br \/><\/i><\/span><\/span><\/p>\n<p style=\"text-align: justify;\" mce_style=\"text-align: justify;\"><span style=\"font-size: medium;\" mce_style=\"font-size: medium;\"><span style=\"font-family: verdana, geneva;\" mce_style=\"font-family: verdana, geneva;\"><i>\u00ab<b>En el lugar desquivias<\/b> juridicion de la ziudad de toledo a catorze dias del mes de fevrero de mil e quinientos e noventa e cinco a\u00f1os ante don diego garcia de Salazar alcalde ordinario <b>deste dicho lugar<\/b> del estado de los hixos dalgo e Juan de quellar alcalde de los pecheros fue presentada la petizion siguiente de pedro portero y andres guerta <b>vecinos deste dicho<\/b> <b>lugar<\/b> Alonso de ugena El mozo procurador general del conzejo <b>deste lugar de Esquivias<\/b> parezio ante vuesas mercedes y dijo que bien saben y deben saber En como este conzejo tiene ordenanzas confirmadas por su magestad En que un monte que ay En El termino de<b>\u00a0dicho lugar<\/b> que es del dicho conzejo se visite por la Justizia que fuere En cada un a\u00f1o y nombre veEdores para ver la parte que tiene necesidad el dicho monte dese escamondar y alzar En mas y cortando lo seco y revejido y hasta agora vuesas majestades no lo an fecho y El dicho monte tiene mucha nezesidad de Escamondarse por tanto pido y Suplyco A vuestras mercedes y si&#8230;\u00bb<\/i><\/span><\/span><\/p>\n<p style=\"text-align: justify;\" mce_style=\"text-align: justify;\"><\/p>\n<p style=\"text-align: center;\" mce_style=\"text-align: center;\"><span style=\"font-size: medium;\" mce_style=\"font-size: medium;\"><span style=\"font-family: verdana, geneva;\" mce_style=\"font-family: verdana, geneva;\"><i><img loading=\"lazy\" decoding=\"async\" class=\" size-full wp-image-727 size-full wp-image-727\" src=\"http:\/\/www.cervantinaesquivias.org\/wordpress\/wp-content\/uploads\/2013\/05\/rodirgo-mexia.-291-rev.jpg\" mce_src=\"http:\/\/www.cervantinaesquivias.org\/wordpress\/wp-content\/uploads\/2013\/05\/rodirgo-mexia.-291-rev.jpg\" alt=\"alt\" width=\"709\" height=\"166\" srcset=\"http:\/\/www.cervantinaesquivias.org\/wordpress\/wp-content\/uploads\/2013\/05\/rodirgo-mexia.-291-rev.jpg 709w, http:\/\/www.cervantinaesquivias.org\/wordpress\/wp-content\/uploads\/2013\/05\/rodirgo-mexia.-291-rev-300x70.jpg 300w\" sizes=\"auto, (max-width: 709px) 100vw, 709px\" \/><br \/><\/i><\/span><\/span><\/p>\n<p style=\"text-align: justify;\" mce_style=\"text-align: justify;\"><span style=\"font-size: medium;\" mce_style=\"font-size: medium;\"><span style=\"font-family: verdana, geneva;\" mce_style=\"font-family: verdana, geneva;\"><i>\u00ab<b>En el lugar de esquivias<\/b> Juridicion de la Ciudad de Toledo A doze dias del mes de mar\u00e7o de myll E quinientos hochenta E quatro A\u00f1os los se\u00f1ores Rodrigo Mexia alcalde ordinario de <b>El dicho lugar<\/b> del estado de hijos dalgo E Andres Martin Toledano Alcalde ordinario del Estado de gombres buenos&#8230;\u00bb<\/i><\/span><\/span><\/p>\n<p style=\"text-align: center;\" mce_style=\"text-align: center;\"><\/p>\n<p style=\"text-align: center;\" mce_style=\"text-align: center;\"><img loading=\"lazy\" decoding=\"async\" class=\" size-full wp-image-728 size-full wp-image-728\" src=\"http:\/\/www.cervantinaesquivias.org\/wordpress\/wp-content\/uploads\/2013\/05\/sepan-cuantos-2.-46.jpg\" mce_src=\"http:\/\/www.cervantinaesquivias.org\/wordpress\/wp-content\/uploads\/2013\/05\/sepan-cuantos-2.-46.jpg\" alt=\"alt\" width=\"709\" height=\"409\" srcset=\"http:\/\/www.cervantinaesquivias.org\/wordpress\/wp-content\/uploads\/2013\/05\/sepan-cuantos-2.-46.jpg 709w, http:\/\/www.cervantinaesquivias.org\/wordpress\/wp-content\/uploads\/2013\/05\/sepan-cuantos-2.-46-300x173.jpg 300w\" sizes=\"auto, (max-width: 709px) 100vw, 709px\" \/><\/p>\n<p style=\"text-align: justify;\" mce_style=\"text-align: justify;\"><span style=\"font-size: medium;\" mce_style=\"font-size: medium;\"><i><span style=\"font-size: large;\" mce_style=\"font-size: large;\">\u00ab<span style=\"font-size: x-large;\" mce_style=\"font-size: x-large;\">Sepan quantos,<\/span><\/span><span style=\"font-family: verdana, geneva;\" mce_style=\"font-family: verdana, geneva;\"> La presente Scriptura de censo e fundaci\u00f3n del vieren como yo Joan Barroso descobar Vezino y rregidor perpetuo del <b>lugar desquivias<\/b> Juridicion de la Ciudad de Toledo En nonbre del Concejo Justicia E rregimiento del dicho <b>lugar desquivias<\/b> y de los vezinos del En virtud del&#8230;\u00bb<\/span><\/i><\/span><\/p>\n<p style=\"text-align: justify;\" mce_style=\"text-align: justify;\"><\/p>\n<p style=\"text-align: center;\" mce_style=\"text-align: center;\"><span style=\"font-size: medium;\" mce_style=\"font-size: medium;\"><i><span style=\"font-family: verdana, geneva;\" mce_style=\"font-family: verdana, geneva;\"><img loading=\"lazy\" decoding=\"async\" class=\" size-full wp-image-729 size-full wp-image-729\" src=\"http:\/\/www.cervantinaesquivias.org\/wordpress\/wp-content\/uploads\/2013\/05\/folio-313-anv.-23-10-1585.jpg\" mce_src=\"http:\/\/www.cervantinaesquivias.org\/wordpress\/wp-content\/uploads\/2013\/05\/folio-313-anv.-23-10-1585.jpg\" alt=\"alt\" width=\"709\" height=\"292\" srcset=\"http:\/\/www.cervantinaesquivias.org\/wordpress\/wp-content\/uploads\/2013\/05\/folio-313-anv.-23-10-1585.jpg 709w, http:\/\/www.cervantinaesquivias.org\/wordpress\/wp-content\/uploads\/2013\/05\/folio-313-anv.-23-10-1585-300x124.jpg 300w\" sizes=\"auto, (max-width: 709px) 100vw, 709px\" \/><br \/><\/span><\/i><\/span><\/p>\n<p style=\"text-align: justify;\" mce_style=\"text-align: justify;\"><span style=\"font-size: medium;\" mce_style=\"font-size: medium;\"><span style=\"font-family: verdana, geneva;\" mce_style=\"font-family: verdana, geneva;\"><i>\u00ab<b>En el Lugar de esquivias<\/b>\u00a0Juridici\u00f3n de La ciudad de Toledo veynte y tres dias del mes de octubre de mil y quinientos e ochenta y cinco a\u00f1os ante el Reverendo Se\u00f1or Francisco de Montalvo teniente de corregidor. Para la presente. Vissita por el muy reverendo se\u00f1or Don Frnacisco de Carvajal corregidor e justicia a mayor sobre la dicha ciudad y su tierra por su magestad parescieron Rodrigo mexia y Andres martin toledano alcaldes que fueron el a\u00f1o pasado de mil y quinientos y ochenta&#8230;\u00bb<\/i><\/span><\/span><\/p>\n<p style=\"text-align: justify;\" mce_style=\"text-align: justify;\"><!--nextpage--><\/p>\n<p style=\"text-align: center;\" mce_style=\"text-align: center;\"><span style=\"font-size: medium;\" mce_style=\"font-size: medium;\"><span style=\"font-family: verdana, geneva;\" mce_style=\"font-family: verdana, geneva;\"><i><img loading=\"lazy\" decoding=\"async\" class=\" size-full wp-image-730 size-full wp-image-730\" src=\"http:\/\/www.cervantinaesquivias.org\/wordpress\/wp-content\/uploads\/2013\/05\/folio-299-rev.-12-10-1585.-prados-pleyto-s.jpg\" mce_src=\"http:\/\/www.cervantinaesquivias.org\/wordpress\/wp-content\/uploads\/2013\/05\/folio-299-rev.-12-10-1585.-prados-pleyto-s.jpg\" alt=\"alt\" width=\"709\" height=\"526\" srcset=\"http:\/\/www.cervantinaesquivias.org\/wordpress\/wp-content\/uploads\/2013\/05\/folio-299-rev.-12-10-1585.-prados-pleyto-s.jpg 709w, http:\/\/www.cervantinaesquivias.org\/wordpress\/wp-content\/uploads\/2013\/05\/folio-299-rev.-12-10-1585.-prados-pleyto-s-300x223.jpg 300w\" sizes=\"auto, (max-width: 709px) 100vw, 709px\" \/><br \/><\/i><\/span><\/span><\/p>\n<p style=\"text-align: justify;\" mce_style=\"text-align: justify;\"><span style=\"font-size: medium;\" mce_style=\"font-size: medium;\"><span style=\"font-family: verdana, geneva;\" mce_style=\"font-family: verdana, geneva;\"><i>\u00ab<b>En el dicho lugar de esquivias<\/b>\u00a0Juridicion, de la dicha ciudad de Toledo en doze dias del dicho mes de octubre del dicho a\u00f1o, de mill y quinientos y ochenta y cinco a\u00f1os, el, dicho se\u00f1or corregidor procediendo e las dichas quentas Zizo pareczer, Ante si, a lope, de barahona, Alcalde que fue el a\u00f1o de mill y quinientos y ochenta y tres, y marcos moya con poder que tubo, por alonso pantojo alcalde que fue en el dicho a\u00f1o, por ser, el que firmo y juan de avalos <strike>y blas de avalos<\/strike> y Juan barrosso, descobar alcaldes y Regidores que fueronel, dicho a\u00f1o, y al dicho Juan portero: mayordomo, que fue, del dicho a\u00f1o, a los quales les tomo la quenta de los bienes y propios, de concejo, y se hizo el cargo y descargo den esta manera.<\/i><\/span><\/span><\/p>\n<p style=\"text-align: justify;\" mce_style=\"text-align: justify;\"><span style=\"font-size: medium;\" mce_style=\"font-size: medium;\"><span style=\"font-family: verdana, geneva;\" mce_style=\"font-family: verdana, geneva;\"><i>Cargo a Juan portero mayordomo. \u00a0A\u00f1o de iuDysssiq. A\u00f1os (1584)\u00bb<\/i><\/span><\/span><\/p>\n<p style=\"text-align: center;\" mce_style=\"text-align: center;\"><\/p>\n<p style=\"text-align: center;\" mce_style=\"text-align: center;\"><img loading=\"lazy\" decoding=\"async\" class=\" size-full wp-image-731 size-full wp-image-731\" src=\"http:\/\/www.cervantinaesquivias.org\/wordpress\/wp-content\/uploads\/2013\/05\/pujas-001-anv.-28-12-1591.jpg\" mce_src=\"http:\/\/www.cervantinaesquivias.org\/wordpress\/wp-content\/uploads\/2013\/05\/pujas-001-anv.-28-12-1591.jpg\" alt=\"alt\" width=\"709\" height=\"973\" srcset=\"http:\/\/www.cervantinaesquivias.org\/wordpress\/wp-content\/uploads\/2013\/05\/pujas-001-anv.-28-12-1591.jpg 709w, http:\/\/www.cervantinaesquivias.org\/wordpress\/wp-content\/uploads\/2013\/05\/pujas-001-anv.-28-12-1591-219x300.jpg 219w\" sizes=\"auto, (max-width: 709px) 100vw, 709px\" \/><\/p>\n<p style=\"text-align: justify;\" mce_style=\"text-align: justify;\"><span style=\"font-size: medium;\" mce_style=\"font-size: medium;\"><span style=\"font-family: verdana, geneva;\" mce_style=\"font-family: verdana, geneva;\"><i>\u00ab<b>En El lugar de Esquivias<\/b> jurydizion de la ziudad de Toledo En veynte y ocho dias de El mes de dicienbre de myl E quinientos E noventa E un a\u00f1os Estando juntos <b>El conzejo de El dicho lugar<\/b> en las casas de El dicho conzejo por Son de canpana ta\u00f1yda Segun de An de uSo E de costunbre de Se ayuntar A las cosas tocantes de El <b>buen gobierno de El dicho lugar<\/b> E yo El presente Scrivano doy fe que oy El dicho toque de la canpana Estando nonbradamente En el dicho conzejo los Se\u00f1ores Juan ordo\u00f1ez de Enzinas <b>alcalde horninaryo En El dicho lugar<\/b> de el Estado de los hijos dalgo y Gabryel de Salas Alcalde hordinaryo <b>En El dicho lugar<\/b> de El Estado de los buenos hombres pecheros y Juan BaRoso de Escobar y Melchor de Chinchilla rejidores de El Estado de los hijos dalgo y Juan Romano y Juan de Barahona y Diego hernandez y Francisco Canpos y Pedro de Sobarzo y Benyto hernandez y pero garzia Pedroso y otros <b>vezinos de El dicho lugar<\/b> los quales Se juntaron A mandar pregonar el avasto de la tienda y taverna y alcabala de el viento y la mojonerya y la guarda del <b>termyno de El dicho lugar<\/b> lo qual Se pregono En El dicho conzejo por boz de Gabryel Ruyz pregonero E \u00b4no uvo persona que pusiese En prezio los dichos ofizios E alcabala E de ello doy fe Siendo testigos Balas delgado y Gabryel Alonso <b>vezinos de El dicho lugar<\/b> E los dichos Alcaldes E rejidores lo firmaron E por los demas lo firmo Juan de Barahona.<\/i><\/span><\/span><\/p>\n<p style=\"text-align: justify;\" mce_style=\"text-align: justify;\"><span style=\"font-size: medium;\" mce_style=\"font-size: medium;\"><span style=\"font-family: verdana, geneva;\" mce_style=\"font-family: verdana, geneva;\"><i>Juan Ordo\u00f1ez Denzinas. \u00a0Gabriel de Salas. \u00a0Juan Barroso descobar. Melchor de Chinchilla. \u00a0Juan Gardo\u00f1a De Barahona. \u00a0 \u00a0Ante my. \u00a0 Geronimo d&#8217;Escurieda Scrivano publico\u00bb.<\/i><\/span><\/span><\/p>\n<p style=\"text-align: center;\" mce_style=\"text-align: center;\"><\/p>\n<p style=\"text-align: center;\" mce_style=\"text-align: center;\"><span style=\"font-family: verdana, geneva; font-size: small;\" mce_style=\"font-family: verdana, geneva; font-size: small;\"><i><br \/><\/i><\/span><\/p>\n<p style=\"style\" mce_style=\"style\"><span style=\"text-align: justify; font-family: verdana, geneva; font-size: medium; line-height: 1.3em;\" mce_style=\"text-align: justify; font-family: verdana, geneva; font-size: medium; line-height: 1.3em;\">Hasta aqu\u00ed la exposici\u00f3n de algunos documentos (setenta) procedentes del\u00a0<\/span><b style=\"text-align: justify; font-family: verdana, geneva; font-size: medium; line-height: 1.3em;\" mce_style=\"text-align: justify; font-family: verdana, geneva; font-size: medium; line-height: 1.3em;\">Lugar de Esquivias<\/b><span style=\"text-align: justify; font-family: verdana, geneva; font-size: medium; line-height: 1.3em;\" mce_style=\"text-align: justify; font-family: verdana, geneva; font-size: medium; line-height: 1.3em;\">.\u00a0<\/span><\/p>\n<p style=\"style\" mce_style=\"style\"><\/p>\n<p style=\"style\" mce_style=\"style\"><span style=\"text-align: justify; font-family: verdana, geneva; font-size: medium; line-height: 1.3em;\" mce_style=\"text-align: justify; font-family: verdana, geneva; font-size: medium; line-height: 1.3em;\">Es evidente que a Cervantes no se le escapara las continuas veces que se hac\u00eda referencia a Esquivias en todo tipo de documentos, llam\u00e1ndole simplemente <b>Lugar<\/b>. Habr\u00eda sido demasiado simple haber puesto el nombre de Esquivias como la Cuna del Quijote y Sancho Panza. Y no tiene nada de particular que hasta ahora nadie haya ca\u00eddo en la cuenta de tanta repetici\u00f3n sobre el t\u00e9rmino <b>Lugar<\/b> al tratarse de Esquivias. A los que habitualmente manejamos estos documentos, que los hemos estado leyendo d\u00eda tras d\u00eda, tan s\u00f3lo en un momento de recapitulaci\u00f3n hemos observado la machacona repetici\u00f3n del t\u00e9rmino <b>Lugar<\/b>, para darnos cuenta que lo hemos tenido delante de nosotros mismos todo el tiempo, sin apreciarlo.<\/span><\/p>\n<p style=\"style\" mce_style=\"style\"><span style=\"text-align: justify; font-family: verdana, geneva; font-size: medium; line-height: 1.3em;\" mce_style=\"text-align: justify; font-family: verdana, geneva; font-size: medium; line-height: 1.3em;\"><br \/><\/span><\/p>\n<p style=\"text-align: justify;\" mce_style=\"text-align: justify;\"><span style=\"font-family: verdana, geneva; font-size: medium; line-height: 1.3em;\" mce_style=\"font-family: verdana, geneva; font-size: medium; line-height: 1.3em;\">Pocas dudas han de quedar sobre el <b>Lugar del Quijote<\/b> y de <b>Sancho Panza<\/b>, no obstante, en el <b>Lugar de Esquivias<\/b> hay documentaci\u00f3n mas que suficiente para poder escribir una gran bibliograf\u00eda sobre la obra mas le\u00edda de la Literatura Universal.<\/span><\/p>\n<p style=\"text-align: justify;\" mce_style=\"text-align: justify;\"><span style=\"font-family: verdana, geneva; font-size: medium; line-height: 1.3em;\" mce_style=\"font-family: verdana, geneva; font-size: medium; line-height: 1.3em;\"><br \/><\/span><\/p>\n<p style=\"text-align: justify;\" mce_style=\"text-align: justify;\"><span style=\"font-family: verdana, geneva; font-size: medium; line-height: 1.3em;\" mce_style=\"font-family: verdana, geneva; font-size: medium; line-height: 1.3em;\">Cervantes pretendi\u00f3 aparentar que no desvelaba el <b>Lugar del Quijote<\/b>, pero dej\u00f3 tantas y tan afianzadas pistas sobre el <b>Lugar de Esquivias<\/b>, como <b>cuna del Quijote<\/b>, que no dejan opci\u00f3n a duda alguna.<\/span><\/p>\n<p style=\"text-align: justify;\" mce_style=\"text-align: justify;\"><\/p>\n<p style=\"text-align: justify;\" mce_style=\"text-align: justify;\"><span style=\"font-family: verdana, geneva; font-size: medium; line-height: 1.3em;\" mce_style=\"font-family: verdana, geneva; font-size: medium; line-height: 1.3em;\"><b><u>Bibliograf\u00eda<\/u>.<\/b><\/span><\/p>\n<p style=\"text-align: justify;\" mce_style=\"text-align: justify;\"><span style=\"font-family: verdana, geneva; font-size: medium; line-height: 1.3em;\" mce_style=\"font-family: verdana, geneva; font-size: medium; line-height: 1.3em;\"><b>&#8211; Catastro de Ensenada<\/b>. El territorio de la provincia de Toledo.<\/span><\/p>\n<p style=\"text-align: justify;\" mce_style=\"text-align: justify;\"><span style=\"font-family: verdana, geneva; font-size: medium; line-height: 1.3em;\" mce_style=\"font-family: verdana, geneva; font-size: medium; line-height: 1.3em;\"><b>&#8211; Archivos Parroquiales de Esquivias.<\/b><\/span><\/p>\n<p style=\"text-align: justify;\" mce_style=\"text-align: justify;\"><span style=\"line-height: 1.3em;\" mce_style=\"line-height: 1.3em;\"><span style=\"font-size: medium;\" mce_style=\"font-size: medium;\"><span style=\"font-family: verdana, geneva;\" mce_style=\"font-family: verdana, geneva;\"><b>&#8211; Por la Casa de Aprobaci\u00f3n y Noviciado de la Compa\u00f1\u00eda de Jes\u00fas, 1734.<\/b> Juan Antonio Torremocha y Granero. Universidad Complutense de Madrid. Ed. 26 de Abril de 2011.<\/span><\/span><\/span><\/p>\n<p style=\"text-align: justify;\" mce_style=\"text-align: justify;\"><span style=\"font-size: small;\" mce_style=\"font-family: verdana, geneva; font-size: small;\"><span style=\"line-height: 20.796875px;\" mce_style=\"line-height: 20.796875px;\"><span style=\"font-size: medium;\" mce_style=\"font-size: medium;\"><span style=\"font-family: verdana, geneva;\" mce_style=\"font-family: verdana, geneva;\"><b>&#8211; Los antiguos Se\u00f1or\u00edos de Toledo.<\/b> Salvador Moxo. Toledo, 1973.<\/span><\/span><\/span><\/span><\/p>\n<p style=\"text-align: justify;\" mce_style=\"text-align: justify;\"><span style=\"font-size: small;\" mce_style=\"font-family: verdana, geneva; font-size: small;\"><span style=\"line-height: 20.796875px;\" mce_style=\"line-height: 20.796875px;\"><span style=\"font-size: medium;\" mce_style=\"font-size: medium;\"><span style=\"font-family: verdana, geneva;\" mce_style=\"font-family: verdana, geneva;\"><b>&#8211; Fondo Lorenzana.<\/b> Biblioteca Provincial de Toledo.<\/span><\/span><\/span><\/span><\/p>\n<p style=\"text-align: justify;\" mce_style=\"text-align: justify;\"><span style=\"font-size: small;\" mce_style=\"font-family: verdana, geneva; font-size: small;\"><span style=\"line-height: 20.796875px;\" mce_style=\"line-height: 20.796875px;\"><span style=\"font-size: medium;\" mce_style=\"font-size: medium;\"><span style=\"font-family: verdana, geneva;\" mce_style=\"font-family: verdana, geneva;\"><b>&#8211; El r\u00e9gimen se\u00f1orial en el siglo XVI<\/b>. A. Guilarte. Madrid, 1962.<\/span><\/span><\/span><\/span><\/p>\n<p style=\"text-align: justify;\" mce_style=\"text-align: justify;\"><span style=\"font-size: medium;\" mce_style=\"font-size: medium;\"><span style=\"font-family: verdana, geneva;\" mce_style=\"font-family: verdana, geneva;\"><span style=\"line-height: 20.796875px;\" mce_style=\"line-height: 20.796875px;\"><b>&#8211; El Patrimonio del Cabildo de la Catedral de Toledo en el siglo XIV. \u00a0<\/b><\/span><span style=\"line-height: 20.796875px;\" mce_style=\"line-height: 20.796875px;\">Ricargo Izquierdo. Toledo, 1980.<\/span><\/span><\/span><\/p>\n<p style=\"text-align: right;\" mce_style=\"text-align: right;\"><span style=\"line-height: 1.3em;\" mce_style=\"line-height: 1.3em;\"><span style=\"font-size: small;\" mce_style=\"font-size: small;\"><span style=\"font-family: helvetica;\" mce_style=\"font-family: helvetica;\"><i><b>Sabino de Diego.<\/b><\/i><\/span><\/span><\/span><\/p>\n<p style=\"text-align: justify;\" mce_style=\"text-align: justify;\"><span style=\"font-family: verdana, geneva; font-size: small;\" mce_style=\"font-family: verdana, geneva; font-size: small;\"><br \/><\/span><\/p>\n<p style=\"text-align: justify;\" mce_style=\"text-align: justify;\"><span style=\"font-family: verdana, geneva; font-size: small;\" mce_style=\"font-family: verdana, geneva; font-size: small;\"><br \/><\/span><\/p>\n<p style=\"text-align: justify;\" mce_style=\"text-align: justify;\"><span style=\"font-family: verdana, geneva; font-size: small;\" mce_style=\"font-family: verdana, geneva; font-size: small;\"><br \/><\/span><\/p>\n<p style=\"text-align: justify;\" mce_style=\"text-align: justify;\"><span style=\"font-size: medium;\" mce_style=\"font-size: medium;\"><span style=\"font-family: verdana, geneva;\" mce_style=\"font-family: verdana, geneva;\"><br \/><\/span><\/span><\/p>\n<p style=\"text-align: justify;\" mce_style=\"text-align: justify;\"><\/p>\n<p style=\"text-align: justify;\" mce_style=\"text-align: justify;\"><span style=\"font-size: medium;\" mce_style=\"font-size: medium;\"><span style=\"font-family: verdana, geneva;\" mce_style=\"font-family: verdana, geneva;\"><br \/><\/span><\/span><\/p>\n<p style=\"text-align: justify;\" mce_style=\"text-align: justify;\"><span style=\"font-size: medium;\" mce_style=\"font-size: medium;\"><span style=\"font-family: verdana, geneva;\" mce_style=\"font-family: verdana, geneva;\"><br \/><\/span><\/span><\/p>\n<p style=\"text-align: justify;\" mce_style=\"text-align: justify;\"><span style=\"font-size: medium;\" mce_style=\"font-size: medium;\"><span style=\"font-family: verdana, geneva;\" mce_style=\"font-family: verdana, geneva;\"><br \/><\/span><\/span><\/p>\n<p style=\"text-align: justify;\" mce_style=\"text-align: justify;\"><\/p>\n<p style=\"text-align: justify;\" mce_style=\"text-align: justify;\"><span style=\"font-family: verdana, geneva; font-size: small;\" mce_style=\"font-family: verdana, geneva; font-size: small;\"><br \/><\/span><\/p>\n<p style=\"text-align: justify;\" mce_style=\"text-align: justify;\"><span style=\"font-family: verdana, geneva; font-size: small;\" mce_style=\"font-family: verdana, geneva; font-size: small;\"><br \/><\/span><\/p>\n<p style=\"text-align: justify;\" mce_style=\"text-align: justify;\"><\/p>\n<p style=\"text-align: justify;\" mce_style=\"text-align: justify;\"><span style=\"font-family: verdana, geneva; font-size: small;\" mce_style=\"font-family: verdana, geneva; font-size: small;\"><br \/><\/span><\/p>\n<p style=\"text-align: justify;\" mce_style=\"text-align: justify;\"><\/p>\n<p style=\"text-align: justify;\" mce_style=\"text-align: justify;\"><span style=\"font-family: verdana, geneva; font-size: small;\" mce_style=\"font-family: verdana, geneva; font-size: small;\"><br \/><\/span><\/p>\n<p style=\"text-align: justify;\" mce_style=\"text-align: justify;\"><\/p>\n<p style=\"text-align: justify;\" mce_style=\"text-align: justify;\"><\/p>\n<p style=\"text-align: justify;\" mce_style=\"text-align: justify;\"><\/p>\n<p style=\"text-align: justify;\" mce_style=\"text-align: justify;\"><\/p>\n<p style=\"text-align: justify;\" mce_style=\"text-align: justify;\"><\/p>\n<p style=\"text-align: justify;\" mce_style=\"text-align: justify;\"><\/p>\n<p style=\"text-align: justify;\" mce_style=\"text-align: justify;\"><\/p>\n<p style=\"text-align: justify;\" mce_style=\"text-align: justify;\"><\/p>\n<p style=\"text-align: justify;\" mce_style=\"text-align: justify;\"><span style=\"font-family: verdana, geneva; font-size: small;\" mce_style=\"font-family: verdana, geneva; font-size: small;\"><br \/><\/span><\/p>\n<p style=\"text-align: justify;\" mce_style=\"text-align: justify;\"><\/p>\n<p style=\"text-align: justify;\" mce_style=\"text-align: justify;\"><span style=\"font-family: verdana, geneva; font-size: small;\" mce_style=\"font-family: verdana, geneva; font-size: small;\"><br \/><\/span><\/p>\n<p style=\"text-align: justify;\" mce_style=\"text-align: justify;\"><\/p>\n<p style=\"text-align: justify;\" mce_style=\"text-align: justify;\"><\/p>\n<p style=\"text-align: justify;\" mce_style=\"text-align: justify;\"><span style=\"font-family: verdana, geneva; font-size: small;\" mce_style=\"font-family: verdana, geneva; font-size: small;\"><br \/><\/span><\/p>\n<p style=\"text-align: justify;\" mce_style=\"text-align: justify;\"><\/p>\n<p style=\"text-align: justify;\" mce_style=\"text-align: justify;\"><span style=\"font-family: verdana, geneva; font-size: small;\" mce_style=\"font-family: verdana, geneva; font-size: small;\"><br \/><\/span><\/p>\n<p style=\"text-align: justify;\" mce_style=\"text-align: justify;\"><span style=\"font-size: small;\" mce_style=\"font-family: verdana, geneva; font-size: small;\"><span style=\"style\" mce_style=\"style\"><span style=\"font-size: medium;\" mce_style=\"font-size: medium;\"><span style=\"font-family: verdana, geneva;\" mce_style=\"font-family: verdana, geneva;\"><br \/><\/span><\/span><\/span><\/span><\/p>\n<p style=\"text-align: justify;\" mce_style=\"text-align: justify;\"><span style=\"font-size: small;\" mce_style=\"font-family: verdana, geneva; font-size: small;\"><span style=\"style\" mce_style=\"style\"><span style=\"font-size: medium;\" mce_style=\"font-size: medium;\"><span style=\"font-family: verdana, geneva;\" mce_style=\"font-family: verdana, geneva;\"><br \/><\/span><\/span><\/span><\/span><\/p>\n<p style=\"text-align: justify;\" mce_style=\"text-align: justify;\"><span style=\"font-size: small;\" mce_style=\"font-family: verdana, geneva; font-size: small;\"><span style=\"style\" mce_style=\"style\"><span style=\"font-size: medium;\" mce_style=\"font-size: medium;\"><span style=\"font-family: verdana, geneva;\" mce_style=\"font-family: verdana, geneva;\"><br \/><\/span><\/span><\/span><\/span><\/p>\n<p style=\"text-align: justify;\" mce_style=\"text-align: justify;\"><\/p>\n<p style=\"text-align: justify;\" mce_style=\"text-align: justify;\"><span style=\"font-family: verdana, geneva; font-size: small;\" mce_style=\"font-family: verdana, geneva; font-size: small;\"><br \/><\/span><\/p>\n<p style=\"text-align: justify;\" mce_style=\"text-align: justify;\"><span style=\"font-family: verdana, geneva; font-size: small;\" mce_style=\"font-family: verdana, geneva; font-size: small;\"><br \/><\/span><\/p>\n<p style=\"text-align: justify;\" mce_style=\"text-align: justify;\"><\/p>\n<p style=\"text-align: justify;\" mce_style=\"text-align: justify;\"><span style=\"font-family: verdana, geneva; font-size: small;\" mce_style=\"font-family: verdana, geneva; font-size: small;\"><br \/><\/span><\/p>\n<p style=\"text-align: justify;\" mce_style=\"text-align: justify;\"><\/p>\n<p style=\"text-align: justify;\" mce_style=\"text-align: justify;\"><span style=\"font-family: verdana, geneva; font-size: small;\" mce_style=\"font-family: verdana, geneva; font-size: small;\"><br \/><\/span><\/p>\n<p style=\"text-align: justify;\" mce_style=\"text-align: justify;\"><\/p>\n<p style=\"text-align: justify;\" mce_style=\"text-align: justify;\"><span style=\"font-family: verdana, geneva; font-size: small;\" mce_style=\"font-family: verdana, geneva; font-size: small;\"><br \/><\/span><\/p>\n<p style=\"text-align: justify;\" mce_style=\"text-align: justify;\"><span style=\"font-family: verdana, geneva; font-size: small;\" mce_style=\"font-family: verdana, geneva; font-size: small;\"><br \/><\/span><\/p>\n<p style=\"text-align: justify;\" mce_style=\"text-align: justify;\"><\/p>\n<p style=\"text-align: justify;\" mce_style=\"text-align: justify;\"><span style=\"font-family: verdana, geneva; font-size: small;\" mce_style=\"font-family: verdana, geneva; font-size: small;\"><br \/><\/span><\/p>\n<p style=\"text-align: justify;\" mce_style=\"text-align: justify;\"><\/p>\n<p style=\"text-align: justify;\" mce_style=\"text-align: justify;\"><span style=\"font-family: verdana, geneva; font-size: small;\" mce_style=\"font-family: verdana, geneva; font-size: small;\"><br \/><\/span><\/p>\n<p style=\"text-align: justify;\" mce_style=\"text-align: justify;\"><\/p>\n<p style=\"text-align: justify;\" mce_style=\"text-align: justify;\"><span style=\"font-family: verdana, geneva; font-size: small;\" mce_style=\"font-family: verdana, geneva; font-size: small;\"><br \/><\/span><\/p>\n<p style=\"text-align: justify;\" mce_style=\"text-align: justify;\"><span style=\"font-family: verdana, geneva; font-size: small;\" mce_style=\"font-family: verdana, geneva; font-size: small;\"><br \/><\/span><\/p>\n<p style=\"text-align: justify;\" mce_style=\"text-align: justify;\"><\/p>\n<p style=\"text-align: justify;\" mce_style=\"text-align: justify;\"><span style=\"font-size: small;\" mce_style=\"font-size: small;\"><span style=\"style\" mce_style=\"style\"><span style=\"font-size: medium;\" mce_style=\"font-size: medium;\"><span style=\"font-family: verdana, geneva;\" mce_style=\"font-family: verdana, geneva;\"><br \/><\/span><\/span><\/span><\/span><\/p>\n<p style=\"text-align: justify;\" mce_style=\"text-align: justify;\"><span style=\"font-size: small;\" mce_style=\"font-size: small;\"><span style=\"style\" mce_style=\"style\"><span style=\"font-size: medium;\" mce_style=\"font-size: medium;\"><span style=\"font-family: verdana, geneva;\" mce_style=\"font-family: verdana, geneva;\">\u00a0<\/span><\/span><\/span><\/span><\/p>\n<p style=\"text-align: justify;\" mce_style=\"text-align: justify;\"><span style=\"font-size: small;\" mce_style=\"font-size: small;\"><b><br \/><\/b><\/span><\/p>\n<p style=\"text-align: justify;\" mce_style=\"text-align: justify;\"><\/p>\n<p style=\"text-align: justify;\" mce_style=\"text-align: justify;\"><\/p>\n<p style=\"text-align: justify;\" mce_style=\"text-align: justify;\"><span style=\"font-size: small;\" mce_style=\"font-size: small;\"><i><br \/><\/i><\/span><\/p>\n<p style=\"text-align: justify;\" mce_style=\"text-align: justify;\"><span style=\"font-size: small;\" mce_style=\"font-size: small;\"><br \/><\/span><\/p>\n<p><\/p>\n","protected":false},"excerpt":{"rendered":"<p>\u00abEn un Lugar de la Mancha de cuyo nombre no quiero acordarme&#8230;\u00bb as\u00ed comienza la celeb\u00e9rrima historia El Ingenioso Hidalgo [&hellip;]<\/p>\n","protected":false},"author":1,"featured_media":660,"comment_status":"open","ping_status":"open","sticky":false,"template":"","format":"standard","meta":{"footnotes":""},"categories":[7],"tags":[],"class_list":["post-732","post","type-post","status-publish","format-standard","has-post-thumbnail","hentry","category-noticias-cervantina"],"_links":{"self":[{"href":"http:\/\/www.cervantinaesquivias.org\/wordpress\/wp-json\/wp\/v2\/posts\/732","targetHints":{"allow":["GET"]}}],"collection":[{"href":"http:\/\/www.cervantinaesquivias.org\/wordpress\/wp-json\/wp\/v2\/posts"}],"about":[{"href":"http:\/\/www.cervantinaesquivias.org\/wordpress\/wp-json\/wp\/v2\/types\/post"}],"author":[{"embeddable":true,"href":"http:\/\/www.cervantinaesquivias.org\/wordpress\/wp-json\/wp\/v2\/users\/1"}],"replies":[{"embeddable":true,"href":"http:\/\/www.cervantinaesquivias.org\/wordpress\/wp-json\/wp\/v2\/comments?post=732"}],"version-history":[{"count":0,"href":"http:\/\/www.cervantinaesquivias.org\/wordpress\/wp-json\/wp\/v2\/posts\/732\/revisions"}],"wp:featuredmedia":[{"embeddable":true,"href":"http:\/\/www.cervantinaesquivias.org\/wordpress\/wp-json\/wp\/v2\/media\/660"}],"wp:attachment":[{"href":"http:\/\/www.cervantinaesquivias.org\/wordpress\/wp-json\/wp\/v2\/media?parent=732"}],"wp:term":[{"taxonomy":"category","embeddable":true,"href":"http:\/\/www.cervantinaesquivias.org\/wordpress\/wp-json\/wp\/v2\/categories?post=732"},{"taxonomy":"post_tag","embeddable":true,"href":"http:\/\/www.cervantinaesquivias.org\/wordpress\/wp-json\/wp\/v2\/tags?post=732"}],"curies":[{"name":"wp","href":"https:\/\/api.w.org\/{rel}","templated":true}]}}