{"id":64,"date":"2010-10-11T11:48:27","date_gmt":"2010-10-11T11:48:27","guid":{"rendered":"http:\/\/www.cervantinaesquivias.org\/wordpress\/2010\/10\/11\/don-quijote-de-la-mancha-alonso-quijada-de-salazar\/"},"modified":"2023-03-17T12:17:01","modified_gmt":"2023-03-17T12:17:01","slug":"don-quijote-de-la-mancha-alonso-quijada-de-salazar","status":"publish","type":"post","link":"http:\/\/www.cervantinaesquivias.org\/wordpress\/2010\/10\/11\/don-quijote-de-la-mancha-alonso-quijada-de-salazar\/","title":{"rendered":"Don Quijote de la Mancha &#8211; Alonso Quijada de Salazar"},"content":{"rendered":"<p style=\"text-align: justify; \" mce_style=\"text-align: justify; \"><span style=\"font-size: medium; \" mce_style=\"font-size: medium;\"><span style=\"font-family: verdana, geneva; \" mce_style=\"font-family: verdana, geneva;\">Caballero hidalgo que vivi\u00f3 en Esquivias, descendiente de los Gutierre de Quixada (al que se hace referencia en el Quijote en el cap\u00edtulo XLIX de la Primera Parte), que vivi\u00f3 en Esquivias a finales del siglo XV y principios del XVI,\u00a0 \u00e9poca en la que triunfaban los libros de caballer\u00eda, y fue sobrino del bisabuelo de la esposa de Miguel de Cervantes.<\/span><\/span><\/p>\n<p><span style=\"font-size: medium; \" mce_style=\"font-size: medium;\"><span style=\"font-family: verdana, geneva; \" mce_style=\"font-family: verdana, geneva;\"><\/span><\/span><\/p>\n<p><!--more--><\/p>\n<p><\/p>\n<\/p>\n<p><\/p>\n<p><img loading=\"lazy\" decoding=\"async\" class=\" alignright size-full wp-image-59 alignright size-full wp-image-59\" style=\"float: right; margin-left: 15px; margin-right: 15px;\" mce_style=\"float: right; margin-left: 15px; margin-right: 15px;\" src=\"http:\/\/www.cervantinaesquivias.org\/wordpress\/wp-content\/uploads\/2010\/10\/personajes-quijote2.jpg\" mce_src=\"http:\/\/www.cervantinaesquivias.org\/wordpress\/wp-content\/uploads\/2010\/10\/personajes-quijote2.jpg\" alt=\"alt\" width=\"252\" height=\"326\" \/><span style=\"font-size: medium; \" mce_style=\"font-size: medium;\"><span style=\"font-family: verdana, geneva; \" mce_style=\"font-family: verdana, geneva;\">Cervantes juega con la confusi\u00f3n de los nombres del protagonista de su novela, nombr\u00e1ndole de manera alternativa Quijada, Quesada, o en la segunda parte Alonso Quijano. Parece clara su intenci\u00f3n de denominarle Quijada durante la primera parte, pero probablemente una referencia m\u00e1s que expl\u00edcita a este apellido tan principal en Esquivias, provoc\u00f3 que en la segunda parte cambiase su apellido por Quijano.<\/span><\/span><\/p>\n<p><\/p>\n<p style=\"text-align: justify; \" mce_style=\"text-align: justify; \"><span style=\"font-size: medium; \" mce_style=\"font-size: medium;\"><span style=\"font-family: verdana, geneva; \" mce_style=\"font-family: verdana, geneva;\"><br \/><\/span><\/span><\/p>\n<p style=\"padding-left: 30px; text-align: justify; \" mce_style=\"padding-left: 30px; text-align: justify; \"><span style=\"font-size: medium; \" mce_style=\"font-size: medium;\"><span style=\"font-family: verdana, geneva; \" mce_style=\"font-family: verdana, geneva;\">Don Quijote de la Mancha Primera Parte. Cap\u00edtulo I [\u2026] <i>Quieren decir que ten\u00eda el sobrenombre de <b>Quijada<\/b>, o Quesada, que en esto no hay alguna diferencia en los autores que deste caso escriben; aunque, por conjeturas veros\u00edmiles, se deja entender que se llamaba Quejana.<\/i> [\u2026]<\/span><\/span><\/p>\n<p style=\"padding-left: 30px; text-align: justify; \" mce_style=\"padding-left: 30px; text-align: justify; \"><span style=\"font-size: medium; \" mce_style=\"font-size: medium;\"><span style=\"font-family: verdana, geneva; \" mce_style=\"font-family: verdana, geneva;\"><br \/><\/span><\/span><\/p>\n<p style=\"padding-left: 30px; text-align: justify; \" mce_style=\"padding-left: 30px; text-align: justify; \"><span style=\"font-size: medium; \" mce_style=\"font-size: medium;\"><span style=\"font-family: verdana, geneva; \" mce_style=\"font-family: verdana, geneva;\">[\u2026]<i> Puesto nombre, y tan a su gusto, a su caballo, quiso pon\u00e9rsele a s\u00ed mismo, y en\u00a0 este pensamiento dur\u00f3 otros ocho d\u00edas, y al cabo se vino a llamar don Quijote; de donde -como queda dicho- tomaron ocasi\u00f3n los autores desta tan verdadera historia que, sin duda, se deb\u00eda de llamar <b>Quijada<\/b>, y no Quesada, como otros quisieron decir.<\/i> [\u2026]<\/span><\/span><\/p>\n<p style=\"padding-left: 30px; text-align: justify; \" mce_style=\"padding-left: 30px; text-align: justify; \"><span style=\"font-size: medium; \" mce_style=\"font-size: medium;\"><span style=\"font-family: verdana, geneva; \" mce_style=\"font-family: verdana, geneva;\"><\/p>\n<p>Primera Parte. Cap\u00edtulo XLIX [\u2026]<i> y las aventuras y desaf\u00edos que tambi\u00e9n acabaron en\u00a0 Borgo\u00f1a<\/i><\/span><\/span><\/p>\n<p><\/p>\n<p style=\"padding-left: 30px; text-align: justify; \" mce_style=\"padding-left: 30px; text-align: justify; \"><span style=\"font-size: medium; \" mce_style=\"font-size: medium;\"><span style=\"font-family: verdana, geneva; \" mce_style=\"font-family: verdana, geneva;\"><i> los valientes espa\u00f1oles Pedro Barba y <b>Gutierre Quijada <\/b>(de cuya alcurnia\u00a0 yo desciendo por l\u00ednea recta de var\u00f3n), venciendo a los hijos del conde de San Polo<\/i> [\u2026]<\/span><\/span><\/p>\n<p style=\"padding-left: 30px; text-align: justify; \" mce_style=\"padding-left: 30px; text-align: justify; \"><span style=\"font-size: medium; \" mce_style=\"font-size: medium;\"><span style=\"font-family: verdana, geneva; \" mce_style=\"font-family: verdana, geneva;\"><br \/><\/span><\/span><\/p>\n<p style=\"text-align: justify; \" mce_style=\"text-align: justify; \"><span style=\"font-size: medium; \" mce_style=\"font-size: medium;\"><span style=\"font-family: verdana, geneva; \" mce_style=\"font-family: verdana, geneva;\">En Esquivias vivi\u00f3 una familia de hidalgos apellidados Quijada, que adem\u00e1s estaban emparentados con Catalina de Salazar y Palacios, esposa de Cervantes, y eran descendientes de aquel Gutierre Quijada (ver <a mce_href=\"http:\/\/www.cervantinaesquivias.org\/wordpress\/wp-content\/uploads\/2010\/10\/RodriguezMarinQuijote.pdf\" href=\"http:\/\/www.cervantinaesquivias.org\/wordpress\/wp-content\/uploads\/2010\/10\/RodriguezMarinQuijote.pdf\">art\u00edculo de Don Francisco Rodr\u00edguez Mar\u00edn<\/a>).<\/span><\/span><\/p>\n<p style=\"text-align: justify; \" mce_style=\"text-align: justify; \"><span style=\"font-size: medium; \" mce_style=\"font-size: medium;\"><span style=\"font-family: verdana, geneva; \" mce_style=\"font-family: verdana, geneva;\"><br \/><\/span><\/span><\/p>\n<p style=\"text-align: justify; \" mce_style=\"text-align: justify; \"><span style=\"font-size: medium; \" mce_style=\"font-size: medium;\"><span style=\"font-family: verdana, geneva; \" mce_style=\"font-family: verdana, geneva;\">Tradicionalmente perdur\u00f3 en Esquivias la tradici\u00f3n de que Don Quijote fue un hidalgo del lugar, Don Alonso Quixada de Salazar, hijo de Gabriel Quijada de Salazar el Viejo, que vivi\u00f3 desde 1560 hasta 1604, y que por tanto fue coet\u00e1neo de Miguel de Cervantes.\u00a0<\/span><\/span><\/p>\n<p style=\"text-align: justify; \" mce_style=\"text-align: justify; \"><span style=\"font-size: medium; \" mce_style=\"font-size: medium;\"><span style=\"font-family: verdana, geneva; \" mce_style=\"font-family: verdana, geneva;\"><br \/>Pero Rodr\u00edguez Mar\u00edn y otros cervantistas replantearon la de este Alonso Quijada, debido a que su riqueza y amplia sucesi\u00f3n (tuvo doce hijos) no encajan con el modelo de solter\u00eda y frugalidad de Don Quijote, y porque en este tiempo las novelas de caballer\u00eda ya estaban pasadas de moda. <\/span><\/span><\/p>\n<p style=\"text-align: justify; \" mce_style=\"text-align: justify; \"><span style=\"font-size: medium; \" mce_style=\"font-size: medium;\"><span style=\"font-family: verdana, geneva; \" mce_style=\"font-family: verdana, geneva;\"><img loading=\"lazy\" decoding=\"async\" class=\" alignleft size-full wp-image-61 alignleft size-full wp-image-61\" src=\"http:\/\/www.cervantinaesquivias.org\/wordpress\/wp-content\/uploads\/2010\/10\/mayorazgo-quijadas-2.jpg\" mce_src=\"http:\/\/www.cervantinaesquivias.org\/wordpress\/wp-content\/uploads\/2010\/10\/mayorazgo-quijadas-2.jpg\" style=\"float: left; margin-left: 20px; margin-right: 20px;\" mce_style=\"float: left; margin-left: 20px; margin-right: 20px;\" width=\"354\" height=\"471\" srcset=\"http:\/\/www.cervantinaesquivias.org\/wordpress\/wp-content\/uploads\/2010\/10\/mayorazgo-quijadas-2.jpg 354w, http:\/\/www.cervantinaesquivias.org\/wordpress\/wp-content\/uploads\/2010\/10\/mayorazgo-quijadas-2-225x300.jpg 225w\" sizes=\"auto, (max-width: 354px) 100vw, 354px\" \/><\/p>\n<p>Del estudio de Rodr\u00edguez Mar\u00edn de la amplia genealog\u00eda de los Quijada esquivianos, encontr\u00f3 al que probablemente\u00f1, para \u00e9l, sea el aut\u00e9ntico Don Quijote,\u00a0 Don Alonso Quixada de Salazar, hijo tercero de Juan Quijada y Mar\u00eda de Salazar, y por tanto sobrino del bisabuelo de Catalina de Palacios. Luis Astrana Mar\u00edn complet\u00f3 el estudio de este Alonso Quijada que fue contempor\u00e1neo del cura Pero P\u00e9rez, vivi\u00f3 a finales del siglo XV e inicios del XVI, y acab\u00f3 siendo fraile de la Orden de San Agust\u00edn con el nombre de Fray Alonso Quijada.<\/span><\/span><\/p>\n<p style=\"text-align: justify; \" mce_style=\"text-align: justify; \"><span style=\"font-size: small; \" mce_style=\"font-size: small;\"><span style=\"font-size: medium; \" mce_style=\"font-size: medium;\"><span style=\"font-family: verdana, geneva; \" mce_style=\"font-family: verdana, geneva;\">Fray Alonso Quijada era pues hijo del Bachiller Juan Quijada, que test\u00f3 en Esquivias el 12 de Septiembre de 1505 y fu\u00e9 enterrado en la Iglesia de San Pedro Martir de Toledo, natural de Becilla de Valderaduey, y de Mar\u00eda de Salazar (+13 de Octubre de 1537) sepulta en la iglesia de San Pedro Martir de Toledo, en sepultura de su esposo.<\/span><\/span><\/span><\/p>\n<p style=\"text-align: justify; \" mce_style=\"text-align: justify; \"><span style=\"font-size: small; \" mce_style=\"font-size: small;\"><span style=\"font-size: medium; \" mce_style=\"font-size: medium;\"><span style=\"font-family: verdana, geneva; \" mce_style=\"font-family: verdana, geneva;\"><br \/><\/span><\/span><\/span><\/p>\n<p style=\"text-align: justify; \" mce_style=\"text-align: justify; \"><span style=\"font-size: small; \" mce_style=\"font-size: small;\"><span style=\"font-size: medium; \" mce_style=\"font-size: medium;\"><span style=\"font-family: verdana, geneva; \" mce_style=\"font-family: verdana, geneva;\"><br \/><\/span><\/span><\/span><\/p>\n<p style=\"text-align: justify; \" mce_style=\"text-align: justify; \"><\/p>\n<p style=\"text-align: justify; \" mce_style=\"text-align: justify; \"><\/p>\n<p style=\"text-align: justify; \" mce_style=\"text-align: justify; \"><\/p>\n<p style=\"text-align: justify; \" mce_style=\"text-align: justify; \"><\/p>\n<p style=\"text-align: justify; \" mce_style=\"text-align: justify; \"><\/p>\n<p style=\"text-align: justify; \" mce_style=\"text-align: justify; \"><\/p>\n<p style=\"text-align: justify; \" mce_style=\"text-align: justify; \"><span style=\"font-size: small; \" mce_style=\"font-size: small;\"><span style=\"font-size: medium; \" mce_style=\"font-size: medium;\"><span style=\"font-size: x-small; \" mce_style=\"font-size: x-small;\">(Escudo en la fachada del Mayorazgo de los Quijadas de Esquivias, con las armas<\/span><\/span><\/span><\/p>\n<p style=\"text-align: justify; \" mce_style=\"text-align: justify; \"><span style=\"font-size: small; \" mce_style=\"font-size: small;\"><span style=\"font-size: medium; \" mce_style=\"font-size: medium;\"><span style=\"font-size: x-small; \" mce_style=\"font-size: x-small;\"> de\u00a0<\/span><\/span><\/span><span mce_style=\"font-size: small;\" style=\"font-size: small; \"><span style=\"font-size: medium; \" mce_style=\"font-size: medium;\"><span style=\"font-size: x-small; \" mce_style=\"font-size: x-small;\">los\u00a0<\/span><\/span><\/span><span mce_style=\"font-size: small;\" style=\"font-size: small; \"><span style=\"font-size: medium; \" mce_style=\"font-size: medium;\"><span style=\"font-size: x-small; \" mce_style=\"font-size: x-small;\">Quijada de\u00a0<\/span><\/span><\/span><span style=\"font-size: x-small; \" mce_style=\"font-size: x-small; \">Becilla de Valderaduey y Cruz Trebolada de Gutierre Quijada)<\/span><\/p>\n<p style=\"text-align: justify; \" mce_style=\"text-align: justify; \"><span style=\"font-size: x-small; \" mce_style=\"font-size: x-small; \"><br \/><\/span><\/p>\n<p style=\"text-align: justify; \" mce_style=\"text-align: justify; \"><span style=\"font-size: small; \" mce_style=\"font-size: small;\"><span style=\"font-size: medium; \" mce_style=\"font-size: medium;\"><span style=\"font-family: verdana, geneva; \" mce_style=\"font-family: verdana, geneva;\">Mar\u00eda de Salazar era a su vez hermana del bisabuelo de Catalina de Salazar y Palacios, Diego Garc\u00eda de Salazar. Este, en nombre de su hermana Mar\u00eda, dot\u00f3 el 29 de Mayo de 1537 de una capellan\u00eda en el Monasterio de San Pedro M\u00e1rtir de Toledo, siendo este el primer entronque entre los Quijada y los Salazar de Esquivias.<\/span><\/span><\/span><\/p>\n<p style=\"text-align: justify; \" mce_style=\"text-align: justify; \"><span style=\"font-size: small; \" mce_style=\"font-size: small;\"><span style=\"font-size: medium; \" mce_style=\"font-size: medium;\"><span style=\"font-family: verdana, geneva; \" mce_style=\"font-family: verdana, geneva;\"><br \/><\/span><\/span><\/span><\/p>\n<p style=\"text-align: justify; \" mce_style=\"text-align: justify; \"><span style=\"font-size: small; \" mce_style=\"font-size: small;\"><span style=\"font-size: medium; \" mce_style=\"font-size: medium;\"><span style=\"font-family: verdana, geneva; \" mce_style=\"font-family: verdana, geneva;\">Pero pasado el tiempo, surgieron no pocas desavenencias entre las dos familias, al existir ciertas dudas sobre la posible ascendencia jud\u00eda de los Quijadas, lo que ocasionaba que hubiera enfrentamientos entre algunos miembros de ambas familias. Esto provoc\u00f3 que los Quijadas se vieran obligados a \u00a0demostrar la limpieza de sangre de su ascendencia, mostrando la carta executoria de hidalgu\u00eda ganada por Juan Quixada de Salazar el 30 de Noviembre de 1569 en la Chanciller\u00eda de Valladolid, que demostraba que descend\u00edan por linea recta de var\u00f3n de la alcurnia de Gutierre Quijada de Becilla de Valderaduey, tal como dice D. Quijote que procede, en el Capitulo XLIX de la Primera Parte del Quijote.<\/span><\/span><\/span><\/p>\n<p style=\"text-align: justify; \" mce_style=\"text-align: justify; \"><span style=\"font-size: small; \" mce_style=\"font-size: small;\"><span style=\"font-size: medium; \" mce_style=\"font-size: medium;\"><span style=\"font-family: verdana, geneva; \" mce_style=\"font-family: verdana, geneva;\"><br \/><\/span><\/span><\/span><\/p>\n<p style=\"text-align: justify; \" mce_style=\"text-align: justify; \"><span style=\"font-size: small; \" mce_style=\"font-size: small;\"><span style=\"font-size: medium; \" mce_style=\"font-size: medium;\"><span style=\"font-family: verdana, geneva; \" mce_style=\"font-family: verdana, geneva;\">Con respecto al Alonso Quijada de Salazar, bautizado en Esquivias el 21 de Noviembre de 1560, siendo difunto el 4 de Septiembre de 1604, era nieto de Gabriel Quijada, natural de Esquivias donde test\u00f3 el 28 de Enero de 1558, hermano de Fray Alonso Quijada. El tal Alonso de Quijada de Salazar, viv\u00eda en Esquivias y representaba a los Hidalgos del lugar en el concejo de Esquivias y era propietario de la segunda casa del Mayorazgo de los Quixada del Lugar de Esquivias, donde vivieron Miguel de Cervantes y Catalina de Salazar y Palacios, hoy Museo-Casa de Cervantes.<\/span><\/span><\/span><\/p>\n<p style=\"text-align: justify; \" mce_style=\"text-align: justify; \"><span style=\"font-size: small; \" mce_style=\"font-size: small;\"><span style=\"font-size: medium; \" mce_style=\"font-size: medium;\"><span style=\"font-family: verdana, geneva; \" mce_style=\"font-family: verdana, geneva;\"><\/span><\/span><\/span><\/p>\n<p><!--nextpage--><\/p>\n<p><\/p>\n<p><\/p>\n<p style=\"text-align: justify; \" mce_style=\"text-align: justify; \"><span style=\"font-size: small; \" mce_style=\"font-size: small;\"><span style=\"font-size: medium; \" mce_style=\"font-size: medium;\"><span style=\"font-family: verdana, geneva; \" mce_style=\"font-family: verdana, geneva;\">No es de estra\u00f1ar que Cervantes procure evitar en lo posible referencias directas y concretas de los Quijadas, por lo que en el Quijote juega a confundir con el apellido Quijada, Quesada, etc.<\/span><\/span><\/span><\/p>\n<p style=\"text-align: justify; \" mce_style=\"text-align: justify; \"><\/p>\n<p style=\"text-align: justify; \" mce_style=\"text-align: justify; \"><span style=\"font-size: small; \" mce_style=\"font-size: small;\"><span style=\"font-size: medium; \" mce_style=\"font-size: medium;\"><span style=\"font-family: verdana, geneva; \" mce_style=\"font-family: verdana, geneva;\"><br \/><\/span><\/span><\/span><\/p>\n<p style=\"text-align: center; \" mce_style=\"text-align: center; \"><span style=\"font-size: small; \" mce_style=\"font-size: small;\"><span style=\"font-size: medium; \" mce_style=\"font-size: medium;\"><span style=\"font-family: verdana, geneva; \" mce_style=\"font-family: verdana, geneva;\"><img loading=\"lazy\" decoding=\"async\" class=\" size-full wp-image-62 size-full wp-image-62\" src=\"http:\/\/www.cervantinaesquivias.org\/wordpress\/wp-content\/uploads\/2010\/10\/alonso-quijada-2.jpg\" mce_src=\"http:\/\/www.cervantinaesquivias.org\/wordpress\/wp-content\/uploads\/2010\/10\/alonso-quijada-2.jpg\" alt=\"alt\" style=\"style\" mce_style=\"style\" width=\"354\" height=\"552\" srcset=\"http:\/\/www.cervantinaesquivias.org\/wordpress\/wp-content\/uploads\/2010\/10\/alonso-quijada-2.jpg 354w, http:\/\/www.cervantinaesquivias.org\/wordpress\/wp-content\/uploads\/2010\/10\/alonso-quijada-2-192x300.jpg 192w\" sizes=\"auto, (max-width: 354px) 100vw, 354px\" \/><br \/><\/span><\/span><\/span><\/p>\n<p style=\"text-align: justify; \" mce_style=\"text-align: justify; \"><\/p>\n<p style=\"text-align: justify; \" mce_style=\"text-align: justify; \"><\/p>\n<p style=\"text-align: justify; \" mce_style=\"text-align: justify; \"><span style=\"font-size: medium; \" mce_style=\"font-size: medium;\"><span style=\"font-family: verdana, geneva; \" mce_style=\"font-family: verdana, geneva;\">En los a\u00f1os anteriores a la publicaci\u00f3n de la Primera Parte de Don Quijote de la Mancha, Gabriel Quixada de Salazar, Alonso Quixada de Salazar y Juan Quijada de Salazar, aparecen en sendas Actas actuando como regidores en el Ayuntamiento de Esquivias, en representaci\u00f3n del los Hidalgos del lugar, junto con otros regidores en la misma representaci\u00f3n.<\/span><\/span><\/p>\n<p style=\"text-align: justify; \" mce_style=\"text-align: justify; \"><span style=\"font-size: medium; \" mce_style=\"font-size: medium;\"><span style=\"font-family: verdana, geneva; \" mce_style=\"font-family: verdana, geneva;\"><br \/><\/span><\/span><\/p>\n<p style=\"text-align: justify; \" mce_style=\"text-align: justify; \"><span style=\"font-size: medium; \" mce_style=\"font-size: medium;\"><span style=\"font-family: verdana, geneva; \" mce_style=\"font-family: verdana, geneva;\">El Ayuntamiento de Esquivias se hallaba regido por dos Alcaldes, uno en representaci\u00f3n de los Hidalgos del lugar y otro en representaci\u00f3n de los hombres buenos o pecheros, ademas de una serie de regidores en representaci\u00f3n solamente de los Hidalgos del lugar, por lo que todos los acuerdos que se tomaban eran a benepl\u00e1cito de los Hidalgos de Esquivias, mientras que los pecheros <i>(pagadores)<\/i> se limitaban a acatar los acuerdos adoptados, pagar impuestos, etc.<\/span><\/span><\/p>\n<p style=\"text-align: justify; \" mce_style=\"text-align: justify; \"><span style=\"font-size: medium; \" mce_style=\"font-size: medium;\"><span style=\"font-family: verdana, geneva; \" mce_style=\"font-family: verdana, geneva;\"><br \/><\/span><\/span><\/p>\n<p style=\"text-align: justify; \" mce_style=\"text-align: justify; \"><span style=\"font-size: medium; \" mce_style=\"font-size: medium;\"><span style=\"font-family: verdana, geneva; \" mce_style=\"font-family: verdana, geneva;\">Lo que no quiso evitar Cervantes en el Quijote era hacer referencia, si no una cr\u00edtica, a los Hidalgos del lugar de Esquivias, encarnados en los Quixadas, considerando su Titulo como menor, incluso que el de los vinos de Esquivias, tal como escribe en el Pr\u00f3logo de Los Trabajos de Persiles y Sigismunda: <i><b>\u00abSucedi\u00f3, pues, lector amant\u00edsimo, que viniendo otros dos amigos y yo del famoso lugar de Esquivias, por mil causas famoso, una por sus ilustres linajes y otra por sus ilustr\u00edsimos vinos&#8230;\u00bb<\/b><\/i><\/span><\/span><\/p>\n<p style=\"text-align: justify; \" mce_style=\"text-align: justify; \"><span style=\"font-size: medium; \" mce_style=\"font-size: medium;\"><span style=\"font-family: verdana, geneva; \" mce_style=\"font-family: verdana, geneva;\"><i><b><br \/><\/b><\/i><\/span><\/span><\/p>\n<p style=\"text-align: justify; \" mce_style=\"text-align: justify; \"><span style=\"font-size: medium; \" mce_style=\"font-size: medium;\"><span style=\"font-family: verdana, geneva; \" mce_style=\"font-family: verdana, geneva;\">V\u00e9ase la pantomima que representaban los Hidalgos en el Ayuntamiento de Esquivias cuando un Hidalgo presentaba la Carta Executoria de Hidalgu\u00eda de su familia, con objeto de quedar exentos del pago de impuestos, como era de rigor:<\/span><\/span><\/p>\n<p style=\"text-align: justify; \" mce_style=\"text-align: justify; \"><span style=\"font-size: medium; \" mce_style=\"font-size: medium;\"><span style=\"font-family: verdana, geneva; \" mce_style=\"font-family: verdana, geneva;\"><br \/><\/span><\/span><\/p>\n<p style=\"text-align: justify; \" mce_style=\"text-align: justify; \"><span style=\"font-size: medium; \" mce_style=\"font-size: medium;\"><span style=\"font-family: verdana, geneva; \" mce_style=\"font-family: verdana, geneva;\">Al margen: <i><b>pa la ejecutorya de alonso de contreras.<\/b><\/i><\/span><\/span><\/p>\n<p style=\"text-align: justify; \" mce_style=\"text-align: justify; \"><span style=\"font-size: medium; \" mce_style=\"font-size: medium;\"><span style=\"font-family: verdana, geneva; \" mce_style=\"font-family: verdana, geneva;\"><i><b>\u00abEn El lugar de Esquyvias Jurydizion de la ziudad de Toledo en primero dia de el mes de Abryl de myl E quinientos E noventa E tres a\u00f1os Estando juntos el conzejo de el dicho lugar llamados y conbocados por son de canpana ta\u00f1yda..\/..Estando nombradamente En el dicho concejo Gabryel Quijada de Salazar alcalde hordinaryo En El dicho lugar de El Estado de los hijos dalgo y Alonso de Ujena alcalde ordinaryo En El dicho lugar de El Estado de los buenos honbres pecheros..\/..y Alonso Quixada de Salazar Gonzalo de Guzman Salazar..\/..Juan Argando\u00f1a Barahona Juan Quijada de Salazar..\/..y Estando En El dicho conzejo parezio presente Alonso de Contreras Rivadeneyra y presento ante mi El presente Scrivano una carta Ejecutorya de Su hidalguya Escrita en pergamino firmada de los Se\u00f1ores alcaldes de los hijos dalgo de la real audienzia y chanzillerya de Valladolyd..\/..E yo El presente Scrivano de pedimiento de El dicho Alonso de Contreras Ribadeneyra ley E notifique la dicha carta Ejecutorya de hidalguya a los dichos alcaldes y Rejidores y conzejo En Sus personas lo quales aviendola entendido tomaron la dicha carta Ejecutorya de Hidalguya En Sus manos y la besaron y pusieron Sobre Sus cabezas y la obedezieron con el acatamiento debido como a carta de su magestad a quien Dios nuestro Se\u00f1or guarde por muchos a\u00f1os y En cunplymiento mandaron A my El presente Scrivano quyte tilde y treste y raya al dicho Alonso de Contreras y al dicho Su pdre de los patrones A donde Estuvieren puestos y asentado como pechero E que estan prestos de debolver dar y pagar y restituyr todas y qualesquyer prendas que le ayan sido tomadas E sacadas por pechos de pecheros Al dicho Alonso de Contreras difunto y al dicho Alonso de Contreras Rivadeneyra y a la dicha Catalina de Rivadeneyra&#8230;\u00bb<\/b><\/i><\/span><\/span><\/p>\n<p style=\"text-align: justify; \" mce_style=\"text-align: justify; \"><span style=\"font-size: medium; \" mce_style=\"font-size: medium;\"><span style=\"font-family: verdana, geneva; \" mce_style=\"font-family: verdana, geneva;\"><i><b><br \/><\/b><\/i><\/span><\/span><\/p>\n<p style=\"text-align: justify; \" mce_style=\"text-align: justify; \"><span style=\"font-size: medium; \" mce_style=\"font-size: medium;\"><span style=\"font-family: verdana, geneva; \" mce_style=\"font-family: verdana, geneva;\">El presente Alcalde, Gabriel Quixada de Salazar, llamado el mozo, era el hijo tercero de Juan Quijada de Salazar, que gan\u00f3 la Carta Executoria de Hidalgu\u00eda de los Quijadas en Valladolid, el 30 de Noviembre de 1569, y de Leonor de Salcedo, de Illescas, esta con ascencendia jud\u00eda por parte de su padre Gutierre de Madrid.<\/span><\/span><\/p>\n<p style=\"text-align: justify; \" mce_style=\"text-align: justify; \"><span style=\"font-size: medium; \" mce_style=\"font-size: medium;\"><span style=\"font-family: verdana, geneva; \" mce_style=\"font-family: verdana, geneva;\"><br \/><\/span><\/span><\/p>\n<p style=\"text-align: justify; \" mce_style=\"text-align: justify; \"><span style=\"font-size: medium; \" mce_style=\"font-size: medium;\"><span style=\"font-family: verdana, geneva; \" mce_style=\"font-family: verdana, geneva;\">El Regidor Juan Quijada de Salazar, era hermano del anterior.<\/span><\/span><\/p>\n<p style=\"text-align: justify; \" mce_style=\"text-align: justify; \"><span style=\"font-size: medium; \" mce_style=\"font-size: medium;\"><span style=\"font-family: verdana, geneva; \" mce_style=\"font-family: verdana, geneva;\"><br \/><\/span><\/span><\/p>\n<p style=\"text-align: justify; \" mce_style=\"text-align: justify; \"><span style=\"font-size: medium; \" mce_style=\"font-size: medium;\"><span style=\"font-family: verdana, geneva; \" mce_style=\"font-family: verdana, geneva;\">El regidor Alonso Quixada de Salazar, (21 de Noviembre de 1560\/ 4 de Septiembre de 1604), era hijo de Gabriel Quijada de Salazar, el Viejo, bautizado este el 3 de Mayo de 1530 por el Cura Pero Perez; nieto del hermano de Fray Alonso Quijada, Fraile Agustino, posible modelo de Don Quijote.\u00a0<\/span><\/span><\/p>\n<p style=\"text-align: justify; \" mce_style=\"text-align: justify; \"><span style=\"font-size: medium; \" mce_style=\"font-size: medium;\"><span style=\"font-family: verdana, geneva; \" mce_style=\"font-family: verdana, geneva;\"><br \/><\/span><\/span><\/p>\n<p style=\"text-align: justify; \" mce_style=\"text-align: justify; \"><span style=\"font-size: medium; \" mce_style=\"font-size: medium;\"><span style=\"font-family: verdana, geneva; \" mce_style=\"font-family: verdana, geneva;\">El regidor Gonzalo de Guzman Salazar, nacido en 1560 en Esquivias, era hijo de Isabel de C\u00e1rdenas, prima de Catalina de Salazar y Palacios, esposa de Cervantes, y de Francisco de Guzm\u00e1n. Este Gonzalo de Guzman Salazar, el 26 de Diciembre de 1585 hab\u00eda casado en Esquivias con Do\u00f1a Elvira Dabalos y Toledo, sobrina de Don Andr\u00e9s N\u00fa\u00f1ez de Madrid, Cura de Santo Tom\u00e9, que realiz\u00f3 el encargo a el Greco para que pintara el Entierro del Se\u00f1or de Orgaz en dicha iglesia de Toledo.<\/span><\/span><\/p>\n<p style=\"text-align: justify; \" mce_style=\"text-align: justify; \"><span style=\"font-size: medium; \" mce_style=\"font-size: medium;\"><span style=\"font-family: verdana, geneva; \" mce_style=\"font-family: verdana, geneva;\"><br \/><\/span><\/span><\/p>\n<p style=\"text-align: justify; \" mce_style=\"text-align: justify; \"><span style=\"font-size: medium; \" mce_style=\"font-size: medium;\"><span style=\"font-family: verdana, geneva; \" mce_style=\"font-family: verdana, geneva;\">En la fecha de esta boda, fu\u00e9 cuando se producir\u00eda el primer contacto f\u00edsico entre Miguel de Cervantes Saavedra y Don Andr\u00e9s N\u00fa\u00f1ez de Madrid. Pero esto tendr\u00e1 su continuaci\u00f3n cuando hablemos del Cura de Santo Tom\u00e9.<\/span><\/span><\/p>\n<p style=\"text-align: right; \" mce_style=\"text-align: right; \">SDR<\/p>\n<p style=\"text-align: justify; \" mce_style=\"text-align: justify; \"><span style=\"font-family: verdana, geneva; \" mce_style=\"font-family: verdana, geneva;\"><span style=\"font-size: medium; \" mce_style=\"font-size: medium;\">Bibliograf\u00eda:<\/span><\/span><\/p>\n<ul>\n<li style=\"style\" mce_style=\"style\"><span style=\"font-size: medium; \" mce_style=\"font-size: medium;\"><span style=\"font-family: verdana, geneva; \" mce_style=\"font-family: verdana, geneva;\"><a mce_href=\"index.php?option=com_content&#038;view=article&#038;id=80&#038;Itemid=85\" href=\"index.php?option=com_content&#038;view=article&#038;id=80&#038;Itemid=85\"><b>Escudo de los Gutierre Quijada en Esquivias<\/b><\/a><br mce_bogus=\"1\" \/><\/span><\/span><\/li>\n<li style=\"style\" mce_style=\"style\"><span style=\"font-size: medium; \" mce_style=\"font-size: medium;\"><span style=\"font-family: verdana, geneva; \" mce_style=\"font-family: verdana, geneva;\"><b><a mce_href=\"index.php?option=com_content&#038;view=article&#038;id=81&#038;Itemid=86\" href=\"index.php?option=com_content&#038;view=article&#038;id=81&#038;Itemid=86\">Modelos vivos de El Quijote en Esquivias (v\u00eddeo)<\/a><\/b><b><br \/><\/b><\/span><\/span><\/li>\n<li style=\"style\" mce_style=\"style\"><span style=\"font-size: medium; \" mce_style=\"font-size: medium;\"><span style=\"font-family: verdana, geneva; \" mce_style=\"font-family: verdana, geneva;\"><a mce_href=\"http:\/\/www.cervantinaesquivias.org\/wordpress\/wp-content\/uploads\/2010\/10\/RodriguezMarinQuijote.pdf\" href=\"http:\/\/www.cervantinaesquivias.org\/wordpress\/wp-content\/uploads\/2010\/10\/RodriguezMarinQuijote.pdf\">Francisco Rodr\u00edguez Mar\u00edn \u2013 \u201c<b>El modelo m\u00e1s probable de Don Quijote<\/b>\u201d, en Estudios cervantinos, Madrid: Atlas, 1947 (1928), pp. 561-572<\/a><br mce_bogus=\"1\" \/><\/span><\/span><\/li>\n<li style=\"style\" mce_style=\"style\"><span style=\"font-size: medium; \" mce_style=\"font-size: medium;\"><span style=\"font-family: verdana, geneva; \" mce_style=\"font-family: verdana, geneva;\"><a mce_href=\"http:\/\/www.cervantinaesquivias.org\/wordpress\/wp-content\/uploads\/2010\/10\/AstranaMarinQuijote.pdf\" href=\"http:\/\/www.cervantinaesquivias.org\/wordpress\/wp-content\/uploads\/2010\/10\/AstranaMarinQuijote.pdf\"><b>\u00abDon Quijote, fraile agustino\u00bb <\/b>\u2013 art\u00edculo Luis Astrana Mar\u00edn, art\u00edculo en ABC 23 de Abril de 1952<\/a> <\/span><\/span><\/li>\n<li style=\"style\" mce_style=\"style\"><span style=\"font-size: medium; \" mce_style=\"font-size: medium;\"><span style=\"color: rgb(0, 0, 128); \" mce_style=\"color: #000080;\"><b>\u00abSobre el Can\u00f3nigo del Quijote\u00bb<\/b> &#8211; por D. Cayetano Torres y Fornes. Valencia 1918.<\/span><\/span><\/li>\n<\/ul>\n<p style=\"style\" mce_style=\"style\"><\/p>\n","protected":false},"excerpt":{"rendered":"<p>Caballero hidalgo que vivi\u00f3 en Esquivias, descendiente de los Gutierre de Quixada (al que se hace referencia en el Quijote [&hellip;]<\/p>\n","protected":false},"author":1,"featured_media":59,"comment_status":"open","ping_status":"open","sticky":false,"template":"","format":"standard","meta":{"footnotes":""},"categories":[11,8],"tags":[],"class_list":["post-64","post","type-post","status-publish","format-standard","has-post-thumbnail","hentry","category-esquivias-quijote","category-monumentos-de-esquivias"],"_links":{"self":[{"href":"http:\/\/www.cervantinaesquivias.org\/wordpress\/wp-json\/wp\/v2\/posts\/64","targetHints":{"allow":["GET"]}}],"collection":[{"href":"http:\/\/www.cervantinaesquivias.org\/wordpress\/wp-json\/wp\/v2\/posts"}],"about":[{"href":"http:\/\/www.cervantinaesquivias.org\/wordpress\/wp-json\/wp\/v2\/types\/post"}],"author":[{"embeddable":true,"href":"http:\/\/www.cervantinaesquivias.org\/wordpress\/wp-json\/wp\/v2\/users\/1"}],"replies":[{"embeddable":true,"href":"http:\/\/www.cervantinaesquivias.org\/wordpress\/wp-json\/wp\/v2\/comments?post=64"}],"version-history":[{"count":1,"href":"http:\/\/www.cervantinaesquivias.org\/wordpress\/wp-json\/wp\/v2\/posts\/64\/revisions"}],"predecessor-version":[{"id":2669,"href":"http:\/\/www.cervantinaesquivias.org\/wordpress\/wp-json\/wp\/v2\/posts\/64\/revisions\/2669"}],"wp:featuredmedia":[{"embeddable":true,"href":"http:\/\/www.cervantinaesquivias.org\/wordpress\/wp-json\/wp\/v2\/media\/59"}],"wp:attachment":[{"href":"http:\/\/www.cervantinaesquivias.org\/wordpress\/wp-json\/wp\/v2\/media?parent=64"}],"wp:term":[{"taxonomy":"category","embeddable":true,"href":"http:\/\/www.cervantinaesquivias.org\/wordpress\/wp-json\/wp\/v2\/categories?post=64"},{"taxonomy":"post_tag","embeddable":true,"href":"http:\/\/www.cervantinaesquivias.org\/wordpress\/wp-json\/wp\/v2\/tags?post=64"}],"curies":[{"name":"wp","href":"https:\/\/api.w.org\/{rel}","templated":true}]}}