{"id":6,"date":"2010-05-29T17:55:49","date_gmt":"2010-05-29T17:55:49","guid":{"rendered":"http:\/\/www.cervantinaesquivias.org\/wordpress\/2010\/05\/29\/iquienes-somos\/"},"modified":"2023-05-05T18:17:03","modified_gmt":"2023-05-05T18:17:03","slug":"iquienes-somos","status":"publish","type":"post","link":"http:\/\/www.cervantinaesquivias.org\/wordpress\/2010\/05\/29\/iquienes-somos\/","title":{"rendered":"La Sociedad Cervantina de Esquivias"},"content":{"rendered":"<p style=\"TEXT-ALIGN: justify\" mce_style=\"text-align: justify; \"><img decoding=\"async\" style=\"FLOAT: left\" alt=\"alt\" src=\"http:\/\/cervantinaesquivias.org\/images\/stories\/logo.jpg\" mce_style=\"float: left;\" mce_src=\"images\/stories\/logo.jpg\"><span style=\"font-size: medium;\" mce_style=\"font-size: medium;\"><span style=\"font-family: verdana, geneva;\" mce_style=\"font-family: verdana, geneva;\">Desde el Siglo XVIII, tenemos noticia de que en Esquivias exist\u00eda ya un verdadero inter\u00e9s por asociarse para dar a conocer al mundo la estrecha relaci\u00f3n que une a la vida y obra de Miguel de Cervantes con este rinc\u00f3n de la geograf\u00eda toledana.<\/span><\/span><\/p>\n<p style=\"text-align: justify;\" mce_style=\"text-align: justify;\"><span style=\"font-size: medium;\" mce_style=\"font-size: medium;\"><span style=\"font-family: verdana, geneva;\" mce_style=\"font-family: verdana, geneva;\">La Sociedad Cervantina actual, es la consecuencia de la refundaci\u00f3n que se llevo a cabo en 1975, de una secci\u00f3n de la Sociedad Cervantina de Madrid que fundara D. Luis Astrana Mar\u00edn que operaba en Esquivias. A partir pues de 1975, esa secci\u00f3n elabora sus propios estatutos y pasa a denominarse, una vez que adquiere autonom\u00eda propia, <b>Asociaci\u00f3n Cultural Sociedad Cervantina de Esquivias<\/b>.<\/span><\/span><\/p>\n<p style=\"text-align: justify;\" mce_style=\"text-align: justify;\"><span style=\"font-size: medium;\" mce_style=\"font-size: medium;\"><span style=\"font-family: verdana, geneva;\" mce_style=\"font-family: verdana, geneva;\">A fecha de hoy somos mas de 200 personas quienes formamos la identidad social de esta <\/span><\/span><\/p>\n<p style=\"text-align: justify;\" mce_style=\"text-align: justify;\">\n<p><!--more--><\/p>\n<p style=\"text-align: justify;\" mce_style=\"text-align: justify;\"><span style=\"font-size: medium;\" mce_style=\"font-size: medium;\"><span style=\"font-family: verdana, geneva;\" mce_style=\"font-family: verdana, geneva;\">Asociaci\u00f3n. Personas en su mayor\u00eda de Esquivias, pero son<\/span><span style=\"color: rgb(255, 255, 255);\" mce_style=\"color: #ffffff;\">\u00c2<\/span><span style=\"font-family: verdana, geneva;\" mce_style=\"font-family: verdana, geneva;\">tambi\u00e9n numerosos quienes proceden de otros lugares de Espa\u00f1a, Europa, Centroam\u00e9rica y Am\u00e9rica del Sur.<\/span><\/span><\/p>\n<p style=\"text-align: justify;\" mce_style=\"text-align: justify;\" class=\"MsoNormal\"><span style=\"font-size: medium;\" mce_style=\"font-size: medium;\"><span style=\"font-family: verdana, geneva;\" mce_style=\"font-family: verdana, geneva;\">Entre los fines de la Sociedad Cervantina, figuran el fomento del estudio y difusi\u00f3n de la vida y obras de Miguel de Cervantes, y la organizaci\u00f3n de actos culturales, viajes, conferencias y otras actividades que tengan como objetivo el dar a conocer el estrecho v\u00ednculo que forma la trilog\u00eda Esquivias-Cervantes-Quijote.<\/span><\/span><\/p>\n<p style=\"style\" mce_style=\"style\"><span style=\"font-size: medium;\" mce_style=\"font-size: medium;\"><span style=\"font-family: verdana, geneva;\" mce_style=\"font-family: verdana, geneva;\"><br \/>\n<\/span><\/span><\/p>\n<p><b style=\"style\" mce_style=\"style\"><span style=\"font-size: medium;\" mce_style=\"font-size: medium;\"><span style=\"font-family: verdana, geneva;\" mce_style=\"font-family: verdana, geneva;\">Objetivos conseguidos<\/span><\/span><\/b><\/p>\n<p style=\"style\" mce_style=\"style\"><span style=\"font-size: medium;\" mce_style=\"font-size: medium;\">Los hechos m\u00e1s destacados que hemos llevado hasta la fecha han sido los siguientes:<\/span><\/p>\n<p style=\"style\" mce_style=\"style\"><span style=\"font-size: medium;\" mce_style=\"font-size: medium;\"><br \/>\n<\/span><\/p>\n<p style=\"TEXT-ALIGN: center\" mce_style=\"text-align: center; \"><img decoding=\"async\" alt=\"alt\" src=\"http:\/\/cervantinaesquivias.org\/images\/stories\/casa-de-cervantes-1960.jpg\" mce_src=\"images\/stories\/casa-de-cervantes-1960.jpg\"><\/p>\n<p style=\"TEXT-ALIGN: center\" mce_style=\"text-align: center; \">\n<ul>\n<li style=\"text-align: justify;\" mce_style=\"text-align: justify;\"><span style=\"font-size: medium;\" mce_style=\"font-size: medium;\"><span style=\"font-family: verdana, geneva;\" mce_style=\"font-family: verdana, geneva;\">Llevamos a cabo la coordinaci\u00f3n de todos los trabajos que fueron necesarios para conseguir la adquisici\u00f3n de la \u201cCasa de Cervantes\u201d y su posterior transformaci\u00f3n en \u201cCasa-Museo de Cervantes\u201d. Para ello, contamos con la colaboraci\u00f3n providencial de la <a href=\"http:\/\/www.fundacionareces.es\/\" target=\"_blank mce_href=http:\/\/www.fundacionareces.es\" rel=\"noopener\">Fundaci\u00f3n Ram\u00f3n Areces<\/a>, que hizo una donaci\u00f3n al Ayuntamiento de Esquivias para que \u00e9ste pudiera adquirir el inmueble, dedic\u00e1ndolo, tras su restauraci\u00f3n, en Casa-Museo de Cervantes.<\/span><\/span><\/li>\n<\/ul>\n<ul>\n<li style=\"text-align: justify;\" mce_style=\"text-align: justify;\"><span style=\"font-family: verdana, geneva; font-size: medium; line-height: 1.3em;\" mce_style=\"font-family: verdana, geneva; font-size: medium; line-height: 1.3em;\">Restauramos en Esquivias un espacio que ocupaba el monumento de Cervantes, del que es obra de D. Juan de \u00c1valos y Taboada.<\/span><\/li>\n<\/ul>\n<div style=\"TEXT-ALIGN: center\" mce_style=\"text-align: center; \"><\/div>\n<div style=\"TEXT-ALIGN: center\" mce_style=\"text-align: center; \"><\/div>\n<div style=\"TEXT-ALIGN: center\" mce_style=\"text-align: center; \"><img decoding=\"async\" alt=\"alt\" src=\"http:\/\/cervantinaesquivias.org\/images\/stories\/busto-de-catalina-2.jpg\" mce_src=\"images\/stories\/busto-de-catalina-2.jpg\"><\/div>\n<div style=\"TEXT-ALIGN: center\" mce_style=\"text-align: center; \"><\/div>\n<div style=\"TEXT-ALIGN: center\" mce_style=\"text-align: center; \"><\/div>\n<ul>\n<li style=\"text-align: justify;\" mce_style=\"text-align: justify;\"><span style=\"font-size: medium;\" mce_style=\"font-size: medium;\"><span style=\"font-family: verdana, geneva;\" mce_style=\"font-family: verdana, geneva;\">Conseguimos que<\/span><span style=\"color: rgb(255, 255, 255);\" mce_style=\"color: #ffffff;\">\u00c2<\/span><span style=\"font-family: verdana, geneva;\" mce_style=\"font-family: verdana, geneva;\">el <a mce_href=\"http:\/\/www.esquivias.es\" href=\"http:\/\/www.esquivias.es\">Ayuntamiento de Esquivias<\/a> erigiese un monumento dedicado a D\u00f1a. Catalina de Salazar y Palacios (Esposa de Cervantes) obra en bronce de D. Luis Mart\u00edn de Vidales.<\/span><\/span><\/li>\n<\/ul>\n<div style=\"text-align: justify;\" mce_style=\"text-align: justify;\"><\/div>\n<div style=\"text-align: justify;\" mce_style=\"text-align: justify;\"><span style=\"font-family: verdana, geneva; font-size: small;\" mce_style=\"font-family: verdana, geneva; font-size: small;\"><br \/>\n<\/span><\/div>\n<div><img loading=\"lazy\" decoding=\"async\" style=\"FLOAT: right; MARGIN-LEFT: 20px; MARGIN-RIGHT: 20px\" src=\"http:\/\/cervantinaesquivias.org\/images\/stories\/sociedad-cervantina-03.jpg\" mce_style=\"FLOAT: right; MARGIN-LEFT: 20px; MARGIN-RIGHT: 20px\" mce_src=\"images\/stories\/sociedad-cervantina-03.jpg\" width=\"264\" height=\"194\"><\/div>\n<div mce_style=\"style\"><\/div>\n<div mce_style=\"style\"><\/div>\n<div mce_style=\"style\"><\/div>\n<div mce_style=\"style\"><\/div>\n<div mce_style=\"style\"><\/div>\n<ul>\n<li>\n<div style=\"TEXT-ALIGN: justify\" mce_style=\"text-align: justify; \"><span style=\"font-size: medium;\" mce_style=\"font-size: medium;\"><span style=\"font-family: verdana, geneva;\" mce_style=\"font-family: verdana, geneva;\">Adquisici\u00f3n del<\/span><span style=\"color: rgb(255, 255, 255);\" mce_style=\"color: #ffffff;\">\u00c2\u00c2<\/span><span style=\"color: rgb(255, 255, 255);\" mce_style=\"color: #ffffff;\">\u00c2\u00c2<\/span><span style=\"color: rgb(255, 255, 255);\" mce_style=\"color: #ffffff;\">\u00c2<\/span><span style=\"font-family: verdana, geneva;\" mce_style=\"font-family: verdana, geneva;\">\u00c2&nbsp; inmueble en el que est\u00e1 ubicada la sede social de la Asociaci\u00f3n. Contamos con la colaboraci\u00f3n de la empresa esquiviana<\/span><span style=\"color: rgb(255, 255, 255);\" mce_style=\"color: #ffffff;\">\u00c2\u00c2\u00c2<\/span><span style=\"color: rgb(255, 255, 255);\" mce_style=\"color: #ffffff;\">\u00c2\u00c2<\/span><span style=\"color: rgb(255, 255, 255);\" mce_style=\"color: #ffffff;\">\u00c2<\/span><span style=\"font-family: verdana, geneva;\" mce_style=\"font-family: verdana, geneva;\">\u00c2&nbsp;DIAZ, OLIVARES, LOPEZ, S.L.<\/span><span style=\"color: rgb(255, 255, 255);\" mce_style=\"color: #ffffff;\">\u00c2<span style=\"color: rgb(255, 255, 255);\" mce_style=\"color: #ffffff;\">\u00c2<\/span><\/span><span style=\"color: rgb(255, 255, 255);\" mce_style=\"color: #ffffff;\">\u00c2<\/span><span style=\"color: rgb(255, 255, 255);\" mce_style=\"color: #ffffff;\">\u00c2<\/span><span style=\"color: rgb(255, 255, 255);\" mce_style=\"color: #ffffff;\">\u00c2<\/span><span style=\"font-family: verdana, geneva;\" mce_style=\"font-family: verdana, geneva;\">\u00c2&nbsp;<a href=\"http:\/\/www.dol.es\/\" target=\"_blank mce_href=http:\/\/www.dol.es\" mce_href=\"http:\/\/www.dol.es\/\" style=\"style\" mce_style=\"style\" rel=\"noopener\">DOL, S.L.<\/a><\/span><\/span><br mce_bogus=\"1\"><\/div>\n<\/li>\n<\/ul>\n<p style=\"TEXT-ALIGN: justify\" mce_style=\"text-align: justify; \">\n<p style=\"style\" mce_style=\"style\"><span style=\"font-size: medium;\" mce_style=\"font-size: medium;\"><span style=\"font-family: verdana, geneva;\" mce_style=\"font-family: verdana, geneva;\"><b>Actividad Cultural<\/b><\/span><\/span><\/p>\n<p style=\"style\" mce_style=\"style\"><span style=\"font-size: medium;\" mce_style=\"font-size: medium;\"><span style=\"font-family: verdana, geneva;\" mce_style=\"font-family: verdana, geneva;\">La Sociedad Cervantina tiene un papel protagonista en la vida cultural de Esquivias, realizando diversas actividades:<\/span><\/span><\/p>\n<p style=\"style\" mce_style=\"style\"><span style=\"font-size: medium;\" mce_style=\"font-size: medium;\"><span style=\"font-family: verdana, geneva;\" mce_style=\"font-family: verdana, geneva;\"><br \/>\n<\/span><\/span><\/p>\n<ul>\n<li style=\"style\" mce_style=\"style\"><span style=\"font-size: medium;\" mce_style=\"font-size: medium;\"><span style=\"font-family: verdana, geneva;\" mce_style=\"font-family: verdana, geneva;\">Organizamos en Esquivias un Encuentro de M\u00fasica Polif\u00f3nica desde el a\u00f1o 1990 de forma ininterrumpida.<\/span><\/span><\/li>\n<\/ul>\n<div><img decoding=\"async\" style=\"FLOAT: right; MARGIN-LEFT: 20px; MARGIN-RIGHT: 20px\" src=\"http:\/\/cervantinaesquivias.org\/images\/stories\/don-quijote-portada-1912-2.jpg\" mce_style=\"FLOAT: right; MARGIN-LEFT: 20px; MARGIN-RIGHT: 20px\" mce_src=\"images\/stories\/don-quijote-portada-1912-2.jpg\"><span style=\"font-size: medium;\" mce_style=\"font-size: medium;\"><span style=\"font-family: verdana, geneva;\" mce_style=\"font-family: verdana, geneva;\"><br \/>\n<\/span><\/span><\/div>\n<div style=\"text-align: right;\" mce_style=\"text-align: right;\"><span style=\"font-size: medium;\" mce_style=\"font-size: medium;\"><span style=\"font-family: verdana, geneva;\" mce_style=\"font-family: verdana, geneva;\"><br \/>\n<\/span><\/span><\/div>\n<ul>\n<li style=\"text-align: justify;\" mce_style=\"text-align: justify;\"><span style=\"font-size: medium;\" mce_style=\"font-size: medium;\"><span style=\"font-family: verdana, geneva;\" mce_style=\"font-family: verdana, geneva;\">Organizamos en abril los actos de la Lectura Universal de Quijote, con lectores de todas las partes del mundo. As\u00ed mismo, organizamos la Lectura del Quijote en castellano.<\/span><\/span><\/li>\n<\/ul>\n<div style=\"style\" mce_style=\"style\"><span style=\"font-size: medium;\" mce_style=\"font-size: medium;\"><span style=\"font-family: verdana, geneva;\" mce_style=\"font-family: verdana, geneva;\"><br \/>\n<\/span><\/span><\/div>\n<ul>\n<li><span style=\"font-size: medium;\" mce_style=\"font-size: medium;\"><span style=\"font-family: verdana, geneva;\" mce_style=\"font-family: verdana, geneva;\">Producimos unas representaciones teatrales, \u00abEstampas esquive\u00f1as\u00bb, referidas al tiempo en que Cervantes estuvo en Esquivias.<\/span><\/span><\/li>\n<\/ul>\n<p style=\"text-align: justify;\" mce_style=\"text-align: justify;\">\n<p style=\"text-align: justify;\" mce_style=\"text-align: justify;\"><span style=\"font-size: medium;\" mce_style=\"font-size: medium;\"><span style=\"font-family: verdana, geneva;\" mce_style=\"font-family: verdana, geneva;\"><span style=\"white-space: pre;\" mce_style=\"white-space: pre;\"><\/span>Hemos producido y organizado diversos actos, debidamente registrados en el Registro de la Propiedad Intelectual, de los que esta Asociaci\u00f3n posee los derechos de autor, sobre pasajes de la vida social del Lugar de Esquivias en los siglos XV y XVI, como son:<\/span><\/span><\/p>\n<p style=\"text-align: justify;\" mce_style=\"text-align: justify;\"><span style=\"font-size: medium;\" mce_style=\"font-size: medium;\"><span style=\"font-family: verdana, geneva;\" mce_style=\"font-family: verdana, geneva;\"><br \/>\n<\/span><\/span><\/p>\n<p style=\"text-align: justify;\" mce_style=\"text-align: justify;\"><span style=\"font-size: medium;\" mce_style=\"font-size: medium;\"><span style=\"font-family: verdana, geneva;\" mce_style=\"font-family: verdana, geneva;\">Visitas Teatralizadas en la Casa de Cervantes de Esquivias con los t\u00edtulos:<\/span><\/span><\/p>\n<p style=\"text-align: justify;\" mce_style=\"text-align: justify;\"><span style=\"font-size: medium;\" mce_style=\"font-size: medium;\"><span style=\"font-family: verdana, geneva;\" mce_style=\"font-family: verdana, geneva;\"><b><span style=\"white-space:pre\" mce_style=\"white-space: pre;\">\t<\/span>\u00abV\u00edsperas de Boda\u00bb.<\/b><\/span><\/span><\/p>\n<p style=\"text-align: justify;\" mce_style=\"text-align: justify;\"><span style=\"font-size: medium;\" mce_style=\"font-size: medium;\"><span style=\"font-family: verdana, geneva;\" mce_style=\"font-family: verdana, geneva;\"><b><span style=\"white-space:pre\" mce_style=\"white-space: pre;\">\t<\/span>\u00abEcos de una Boda\u00bb.<\/b><\/span><\/span><\/p>\n<p style=\"text-align: justify;\" mce_style=\"text-align: justify;\"><span style=\"font-size: medium;\" mce_style=\"font-size: medium;\"><span style=\"font-family: verdana, geneva;\" mce_style=\"font-family: verdana, geneva;\"><b><span style=\"white-space:pre\" mce_style=\"white-space: pre;\">\t<\/span>\u00abSeptiembre 1584 \/ Abril 1616\u00bb<\/b><\/span><\/span><\/p>\n<p style=\"text-align: justify;\" mce_style=\"text-align: justify;\"><span style=\"font-size: medium;\" mce_style=\"font-size: medium;\"><span style=\"font-family: verdana, geneva;\" mce_style=\"font-family: verdana, geneva;\"><br \/>\n<\/span><\/span><\/p>\n<p style=\"text-align: justify;\" mce_style=\"text-align: justify;\"><span style=\"font-size: medium;\" mce_style=\"font-size: medium;\"><span style=\"font-family: verdana, geneva;\" mce_style=\"font-family: verdana, geneva;\">Obras a representar en la calles y plazas de Esquivias, con los derechos de autor:<\/span><\/span><\/p>\n<p style=\"text-align: justify;\" mce_style=\"text-align: justify;\"><span style=\"font-size: medium;\" mce_style=\"font-size: medium;\"><span style=\"white-space:pre\" mce_style=\"white-space: pre;\">\t<\/span><b>\u00abDesposorios de Miguel de Cervantes y Catalina de Salazar\u00bb<\/b><\/span><\/p>\n<p style=\"text-align: justify;\" mce_style=\"text-align: justify;\"><span style=\"font-size: medium;\" mce_style=\"font-size: medium;\"><b><br \/>\n<\/b><\/span><\/p>\n<p style=\"text-align: justify;\" mce_style=\"text-align: justify;\"><span style=\"font-size: medium;\" mce_style=\"font-size: medium;\">Y los entremeses cervantinos:<\/span><\/p>\n<p style=\"text-align: justify;\" mce_style=\"text-align: justify;\"><span style=\"font-size: medium;\" mce_style=\"font-size: medium;\"><span style=\"font-family: verdana, geneva;\" mce_style=\"font-family: verdana, geneva;\"><span style=\"white-space: pre;\" mce_style=\"white-space: pre;\">\t<\/span><b>\u00abEl agua de las Fuentes\u00bb<\/b><\/span><\/span><\/p>\n<p style=\"text-align: justify;\" mce_style=\"text-align: justify;\"><span style=\"font-size: medium;\" mce_style=\"font-size: medium;\"><span style=\"font-family: verdana, geneva;\" mce_style=\"font-family: verdana, geneva;\"><b><span style=\"white-space:pre\" mce_style=\"white-space:pre\">\t<\/span>\u00abPersonajes de Esquivias en el Quijote\u00bb<\/b><\/span><\/span><\/p>\n<p style=\"text-align: justify;\" mce_style=\"text-align: justify;\"><span style=\"font-size: medium;\" mce_style=\"font-size: medium;\"><b><span style=\"white-space:pre\" mce_style=\"white-space:pre\">\t<\/span>\u00abAlonso Quixada de Salazar compra un majuelo\u00bb<\/b><\/span><\/p>\n<p style=\"text-align: justify;\" mce_style=\"text-align: justify;\"><span style=\"font-size: medium;\" mce_style=\"font-size: medium;\"><b><span style=\"white-space:pre\" mce_style=\"white-space: pre;\">\t<\/span>\u00abDisputas entre Salazar y Quijada\u00bb<\/b><\/span><\/p>\n<p style=\"text-align: justify;\" mce_style=\"text-align: justify;\"><span style=\"font-size: medium;\" mce_style=\"font-size: medium;\"><b><span style=\"white-space:pre\" mce_style=\"white-space: pre;\">\t<\/span>\u00abMes\u00f3n y Posada del Vizca\u00edno\u00bb<\/b><\/span><\/p>\n<p style=\"text-align: justify;\" mce_style=\"text-align: justify;\"><span style=\"white-space:pre\" mce_style=\"white-space: pre;\">\t<\/span><\/p>\n<p style=\"TEXT-ALIGN: center\" mce_style=\"TEXT-ALIGN: center\"><img decoding=\"async\" alt=\"alt\" src=\"http:\/\/cervantinaesquivias.org\/images\/stories\/cervantes-y-catalina-en-la-ventana%202.jpg\" mce_src=\"images\/stories\/cervantes-y-catalina-en-la-ventana 2.jpg\"><\/p>\n<p style=\"TEXT-ALIGN: center\" mce_style=\"TEXT-ALIGN: center\">\n<ul>\n<li style=\"text-align: justify;\" mce_style=\"text-align: justify;\"><span style=\"font-size: medium;\" mce_style=\"font-size: medium;\"><span style=\"font-family: verdana, geneva;\" mce_style=\"font-family: verdana, geneva;\">Publicamos bimensualmente la revista-bolet\u00edn \u201cGalatea\u201d.<\/span><span style=\"color: rgb(255, 255, 255);\" mce_style=\"color: #ffffff;\">\u00c2<span style=\"color: rgb(255, 255, 255);\" mce_style=\"color: #ffffff;\">\u00c2<\/span><\/span><span style=\"color: rgb(255, 255, 255);\" mce_style=\"color: #ffffff;\">\u00c2\u00c2\u00c2&nbsp;<\/span><\/span><\/li>\n<li style=\"text-align: justify;\" mce_style=\"text-align: justify;\"><span style=\"font-size: medium;\" mce_style=\"font-size: medium;\"><span style=\"font-family: verdana, geneva;\" mce_style=\"font-family: verdana, geneva;\">Colaboramos en jurados, conferencias y otros actos en los que se requiere nuestra presencia, sobre todo cuando tienen un marcado inter\u00e9s cervantino.<\/span><\/span><\/li>\n<li style=\"text-align: justify;\" mce_style=\"text-align: justify;\"><span style=\"font-size: medium;\" mce_style=\"font-size: medium;\"><span style=\"font-family: verdana, geneva;\" mce_style=\"font-family: verdana, geneva;\">Desde el a\u00f1o 1979, organizamos y desarrollamos las Jornadas Cervantinas en conmemoraci\u00f3n de la boda de Miguel de Cervantes Saavedra con Catalina de Salazar y Palacios, hecho acaecido en Esquivias el 12 de Diciembre de 1.584. Las Jornadas se han celebrado a lo largo de 42 a\u00f1os de forma ininterrumpida.<\/span><\/span><\/li>\n<li style=\"text-align: justify;\" mce_style=\"text-align: justify;\"><span style=\"font-size: medium;\" mce_style=\"font-size: medium;\"><span style=\"font-family: verdana, geneva;\" mce_style=\"font-family: verdana, geneva;\">Organizamos un acto de exaltaci\u00f3n a la figura de Miguel de Cervantes, en fecha pr\u00f3xima al 29 de Septiembre, como posible fecha de su nacimiento (fue bautizado el 9 de Octubre de 1.547 en Alcal\u00e1 de Henares), realizando v\u00eddeos, conferencias y mesas redondas sobre los Personajes Literarios del Quijote procedentes de Esquivias.<\/span><\/span><\/li>\n<li style=\"text-align: justify;\" mce_style=\"text-align: justify;\"><span style=\"font-size: medium;\" mce_style=\"font-size: medium;\"><span style=\"font-family: verdana, geneva;\" mce_style=\"font-family: verdana, geneva;\">Organizamos un acto de exaltaci\u00f3n a la figura de Catalina de Salazar y Palacios, a finales de Octubre, como posible fecha de su nacimiento en Esquivias (fue bautizada el 12 de Noviembre de 1.565 en Esquivias), realizando v\u00eddeos, conferencias y mesas redondas sobre Ilustres Personajes de la \u00e9poca en Esquivias.<\/span><\/span><\/li>\n<li style=\"text-align: justify;\" mce_style=\"text-align: justify;\"><span style=\"font-size: medium;\" mce_style=\"font-size: medium;\"><span style=\"font-family: verdana, geneva;\" mce_style=\"font-family: verdana, geneva;\">Se organizan Actos Literarios, Presentaci\u00f3n de Libros, Relatos, etc.<\/span><\/span><\/li>\n<li style=\"text-align: justify;\" mce_style=\"text-align: justify;\"><span style=\"font-size: medium;\" mce_style=\"font-size: medium;\"><span style=\"font-family: verdana, geneva;\" mce_style=\"font-family: verdana, geneva;\">Se profundiza en el mantenimiento de las costumbres populares de Esquivias, de su trayectoria y cambios a trav\u00e9s de la historia, como principio b\u00e1sico del afianzamiento de nuestras propias ra\u00edces.<\/span><\/span><\/li>\n<li style=\"text-align: justify;\" mce_style=\"text-align: justify;\"><span style=\"font-size: medium;\" mce_style=\"font-size: medium;\"><span style=\"font-family: verdana, geneva;\" mce_style=\"font-family: verdana, geneva;\">Impulsamos las Visitas Escenificadas a la Casa-Museo de Cervantes, realizando los guiones, direcci\u00f3n, producci\u00f3n, etc. que ponen de manifiesto la vida que pudiera ser en esta Casa en los siglos XVI yXVII, con personajes y acontecimientos de la \u00e9poca en que Cervantes se hallaba en este Lugar de Esquivias.<\/span><\/span><\/li>\n<\/ul>\n<div style=\"TEXT-ALIGN: center\" mce_style=\"text-align: center; \"><\/div>\n<div style=\"TEXT-ALIGN: center\" mce_style=\"text-align: center; \"><\/div>\n<div style=\"TEXT-ALIGN: center\" mce_style=\"text-align: center; \"><img decoding=\"async\" alt=\"alt\" src=\"http:\/\/cervantinaesquivias.org\/images\/stories\/acta-ayto.-20-vto.-1593.-alonso-de-contreras.jpg\" mce_src=\"images\/stories\/acta-ayto.-20-vto.-1593.-alonso-de-contreras.jpg\"><\/div>\n<div style=\"TEXT-ALIGN: center\" mce_style=\"TEXT-ALIGN: center\">\n<p style=\"TEXT-ALIGN: center\" mce_style=\"TEXT-ALIGN: center\"><span style=\"FONT-SIZE: xx-small\" mce_style=\"font-size: xx-small;\">(Acta con la firma de Alonso Quixada de Salazar, regidor por el estado de los Hidalgos del Ayto. de Esquivias)<\/span><\/p>\n<p style=\"TEXT-ALIGN: center\" mce_style=\"TEXT-ALIGN: center\"><span style=\"FONT-SIZE: xx-small\" mce_style=\"font-size: xx-small;\"><br \/>\n<\/span><\/p>\n<\/div>\n<ul>\n<li style=\"text-align: justify;\" mce_style=\"text-align: justify;\"><span style=\"font-size: medium;\" mce_style=\"font-size: medium;\"><span style=\"font-family: verdana, geneva;\" mce_style=\"font-family: verdana, geneva;\">Investigamos y transcribimos los documentos manuscritos procedentes de Esquivias, ya sean los que se custodian en los Archivos Parroquiales, Municipales y otras Instituciones, y en su caso, destacando los relacionados con el contenido literario del Quijote, en cuanto a los personajes que, siendo <\/span><span style=\"font-family: verdana, geneva;\" mce_style=\"font-family: verdana, geneva;\">bautizados, confirmados, casados o fallecidos en este pueblo manchego, los quiso Cervantes plasmar en su magna obra.<\/span><\/span><\/li>\n<\/ul>\n<div style=\"style\" mce_style=\"style\"><span style=\"font-size: medium;\" mce_style=\"font-size: medium;\"><span style=\"font-family: verdana, geneva;\" mce_style=\"font-family: verdana, geneva;\"><br \/>\n<\/span><\/span><\/div>\n<div style=\"text-align: center;\" mce_style=\"text-align: center;\"><span style=\"font-size: medium;\" mce_style=\"font-size: medium;\"><span style=\"font-family: verdana, geneva;\" mce_style=\"font-family: verdana, geneva;\">Composici\u00f3n de la Junta Directiva:<\/span><\/span><\/div>\n<div style=\"text-align: center;\" mce_style=\"text-align: center;\"><\/div>\n<div style=\"text-align: center;\" mce_style=\"text-align: center;\"><span style=\"font-size: medium;\" mce_style=\"font-size: medium;\"><span style=\"font-family: verdana, geneva;\" mce_style=\"font-family: verdana, geneva;\">Presidente&#8230;&#8230;&#8230;&#8230;&#8230;&#8230;&#8230;D. Sabino de Diego Romero.<\/span><\/span><\/div>\n<div style=\"text-align: center;\" mce_style=\"text-align: center;\"><span style=\"font-size: medium;\" mce_style=\"font-size: medium;\"><span style=\"font-family: verdana, geneva;\" mce_style=\"font-family: verdana, geneva;\">Vicepresidente&#8230;&#8230;..D. Jos\u00e9 Paulino Guardia Torrej\u00f3n.<\/span><\/span><\/div>\n<div style=\"text-align: center;\" mce_style=\"text-align: center;\"><span style=\"font-size: medium;\" mce_style=\"font-size: medium;\"><span style=\"font-family: verdana, geneva;\" mce_style=\"font-family: verdana, geneva;\">Secretario&#8230;&#8230;&#8230;..D\u00aa Mar\u00eda del Carmen Navas Herv\u00e1s.<\/span><\/span><\/div>\n<div style=\"text-align: center;\" mce_style=\"text-align: center;\"><span style=\"font-size: medium;\" mce_style=\"font-size: medium;\"><span style=\"font-family: verdana, geneva;\" mce_style=\"font-family: verdana, geneva;\">Tesorero&#8230;&#8230;&#8230;&#8230;&#8230;&#8230;&#8230;..D. Angel Luis Hermida Plaza.<\/span><\/span><\/div>\n<div style=\"text-align: center;\" mce_style=\"text-align: center;\"><span style=\"font-size: medium;\" mce_style=\"font-size: medium;\"><span style=\"color: rgb(255, 255, 255);\" mce_style=\"color: #ffffff;\">\u00c2<\/span><span style=\"color: rgb(255, 255, 255);\" mce_style=\"color: #ffffff;\">\u00c2<\/span><span style=\"color: rgb(255, 255, 255);\" mce_style=\"color: #ffffff;\">\u00c2\u00c2\u00c2&nbsp;<\/span><\/span><\/div>\n<div style=\"text-align: center;\" mce_style=\"text-align: center;\"><span style=\"font-size: medium;\" mce_style=\"font-size: medium;\"><span style=\"font-family: verdana, geneva;\" mce_style=\"font-family: verdana, geneva;\">Vocales:<\/span><\/span><\/div>\n<div style=\"text-align: center;\" mce_style=\"text-align: center;\"><span style=\"font-size: medium;\" mce_style=\"font-size: medium;\"><span style=\"font-family: verdana, geneva;\" mce_style=\"font-family: verdana, geneva;\"><br \/>\n<\/span><\/span><\/div>\n<div style=\"text-align: center;\" mce_style=\"text-align: center;\"><span style=\"font-size: medium;\" mce_style=\"font-size: medium;\"><span style=\"font-family: verdana, geneva;\" mce_style=\"font-family: verdana, geneva;\">D. Francisco Torrej\u00f3n Olivar.<\/span><\/span><\/div>\n<div style=\"text-align: center;\" mce_style=\"text-align: center;\"><span style=\"font-size: medium;\" mce_style=\"font-size: medium;\"><span style=\"font-family: verdana, geneva;\" mce_style=\"font-family: verdana, geneva;\">D\u00aa Maria del Rosario G\u00f3mez-Caro S\u00e1nchez.<\/span><\/span><\/div>\n<div style=\"text-align: center;\" mce_style=\"text-align: center;\"><span style=\"font-family: verdana, geneva; font-size: medium; line-height: 1.3em;\" mce_style=\"font-family: verdana, geneva; font-size: medium; line-height: 1.3em;\">D. Mariano V\u00e1zquez Mart\u00edn.<\/span><\/div>\n<div style=\"text-align: center;\" mce_style=\"text-align: center;\"><span style=\"font-size: medium;\" mce_style=\"font-size: medium;\"><span style=\"font-family: verdana, geneva;\" mce_style=\"font-family: verdana, geneva;\">D. Javier Guardia Oca\u00f1a.<\/span><\/span><\/div>\n<div style=\"text-align: center;\" mce_style=\"text-align: center;\"><span style=\"font-size: medium;\" mce_style=\"font-size: medium;\"><span style=\"font-family: verdana, geneva;\" mce_style=\"font-family: verdana, geneva;\">D. Antonio S\u00e1nchez Gonz\u00e1lez.<\/span><\/span><\/div>\n<div style=\"text-align: center;\" mce_style=\"text-align: center;\"><\/div>\n<p style=\"TEXT-ALIGN: center\" mce_style=\"text-align: center;\"><a href=\"http:\/\/www.cervantinaesquivias.org\/index.php?option=com_content&amp;view=article&amp;id=82\" mce_href=\"http:\/\/www.cervantinaesquivias.org\/index.php?option=com_content&amp;view=article&amp;id=82\"><img decoding=\"async\" alt=\"alt\" src=\"http:\/\/cervantinaesquivias.org\/images\/stories\/email.png\" mce_src=\"images\/stories\/email.png\"><\/a><\/p>\n<p style=\"TEXT-ALIGN: center\" mce_style=\"text-align: center;\">\n<p style=\"TEXT-ALIGN: center\" mce_style=\"text-align: center;\">\n","protected":false},"excerpt":{"rendered":"<p>Desde el Siglo XVIII, tenemos noticia de que en Esquivias exist\u00eda ya un verdadero inter\u00e9s por asociarse para dar a [&hellip;]<\/p>\n","protected":false},"author":1,"featured_media":0,"comment_status":"closed","ping_status":"open","sticky":false,"template":"","format":"standard","meta":{"footnotes":""},"categories":[6],"tags":[],"class_list":["post-6","post","type-post","status-publish","format-standard","hentry","category-descripciones-generales"],"_links":{"self":[{"href":"http:\/\/www.cervantinaesquivias.org\/wordpress\/wp-json\/wp\/v2\/posts\/6","targetHints":{"allow":["GET"]}}],"collection":[{"href":"http:\/\/www.cervantinaesquivias.org\/wordpress\/wp-json\/wp\/v2\/posts"}],"about":[{"href":"http:\/\/www.cervantinaesquivias.org\/wordpress\/wp-json\/wp\/v2\/types\/post"}],"author":[{"embeddable":true,"href":"http:\/\/www.cervantinaesquivias.org\/wordpress\/wp-json\/wp\/v2\/users\/1"}],"replies":[{"embeddable":true,"href":"http:\/\/www.cervantinaesquivias.org\/wordpress\/wp-json\/wp\/v2\/comments?post=6"}],"version-history":[{"count":2,"href":"http:\/\/www.cervantinaesquivias.org\/wordpress\/wp-json\/wp\/v2\/posts\/6\/revisions"}],"predecessor-version":[{"id":2738,"href":"http:\/\/www.cervantinaesquivias.org\/wordpress\/wp-json\/wp\/v2\/posts\/6\/revisions\/2738"}],"wp:attachment":[{"href":"http:\/\/www.cervantinaesquivias.org\/wordpress\/wp-json\/wp\/v2\/media?parent=6"}],"wp:term":[{"taxonomy":"category","embeddable":true,"href":"http:\/\/www.cervantinaesquivias.org\/wordpress\/wp-json\/wp\/v2\/categories?post=6"},{"taxonomy":"post_tag","embeddable":true,"href":"http:\/\/www.cervantinaesquivias.org\/wordpress\/wp-json\/wp\/v2\/tags?post=6"}],"curies":[{"name":"wp","href":"https:\/\/api.w.org\/{rel}","templated":true}]}}