{"id":594,"date":"2013-03-31T11:52:31","date_gmt":"2013-03-31T11:52:31","guid":{"rendered":"http:\/\/www.cervantinaesquivias.org\/wordpress\/2013\/03\/31\/amigas-en-la-qfuncionq-de-1959\/"},"modified":"2013-03-31T11:52:31","modified_gmt":"2013-03-31T11:52:31","slug":"amigas-en-la-qfuncionq-de-1959","status":"publish","type":"post","link":"http:\/\/www.cervantinaesquivias.org\/wordpress\/2013\/03\/31\/amigas-en-la-qfuncionq-de-1959\/","title":{"rendered":"AMIGAS EN LA \u00abFUNCION\u00bb.   ESQUIVIAS  1959"},"content":{"rendered":"<p><br mce_bogus=\"1\" \/><\/p>\n<p style=\"text-align: center;\" mce_style=\"text-align: center;\"><img loading=\"lazy\" decoding=\"async\" class=\" size-full wp-image-593 size-full wp-image-593\" src=\"http:\/\/www.cervantinaesquivias.org\/wordpress\/wp-content\/uploads\/2013\/03\/amigas-de-rosi-web.jpg\" mce_src=\"http:\/\/www.cervantinaesquivias.org\/wordpress\/wp-content\/uploads\/2013\/03\/amigas-de-rosi-web.jpg\" alt=\"alt\" style=\"style\" mce_style=\"style\" width=\"709\" height=\"514\" srcset=\"http:\/\/www.cervantinaesquivias.org\/wordpress\/wp-content\/uploads\/2013\/03\/amigas-de-rosi-web.jpg 709w, http:\/\/www.cervantinaesquivias.org\/wordpress\/wp-content\/uploads\/2013\/03\/amigas-de-rosi-web-300x217.jpg 300w\" sizes=\"auto, (max-width: 709px) 100vw, 709px\" \/><\/p>\n<p style=\"text-align: center;\" mce_style=\"text-align: center;\"><\/p>\n<p style=\"text-align: justify;\" mce_style=\"text-align: justify;\"><span style=\"font-size: medium;\" mce_style=\"font-size: medium;\"><span style=\"font-family: verdana, geneva;\" mce_style=\"font-family: verdana, geneva;\">El grupo de amigas que posa en esta fotograf\u00eda, lo hac\u00eda el 20 de Agosto del a\u00f1o de 1959. El d\u00eda \u00abgrande\u00bb de la fiesta de Esquivias, la \u00abfunci\u00f3n\u00bb.\u00a0<\/span><\/span><\/p>\n<p style=\"text-align: justify;\" mce_style=\"text-align: justify;\"><span style=\"font-size: medium;\" mce_style=\"font-size: medium;\"><span style=\"font-family: verdana, geneva;\" mce_style=\"font-family: verdana, geneva;\">Algunas de ellas, con su vestido de organza, que entonces se dec\u00eda \u00aborgand\u00ed\u00bb, en definitiva, las mejores ropas para celebrar el d\u00eda de la Patrona de Esquivias, la Virgen de la Leche.<\/span><\/span><\/p>\n<p style=\"text-align: justify;\" mce_style=\"text-align: justify;\"><span style=\"font-size: medium;\" mce_style=\"font-size: medium;\"><span style=\"font-family: verdana, geneva;\" mce_style=\"font-family: verdana, geneva;\">Arriba, de izquierda a derecha: Marisa de Hita, Mar\u00eda del Carmen de Hita, Tere Brice\u00f1o, Lili S\u00e1nchez, Diana Zaragoza y una joven no identificada.<\/span><\/span><\/p>\n<p style=\"text-align: justify;\" mce_style=\"text-align: justify;\"><span style=\"font-size: medium;\" mce_style=\"font-size: medium;\"><span style=\"font-family: verdana, geneva;\" mce_style=\"font-family: verdana, geneva;\">En el centro: Conchi Torrej\u00f3n.<\/span><\/span><\/p>\n<p style=\"text-align: justify;\" mce_style=\"text-align: justify;\"><span style=\"font-size: medium;\" mce_style=\"font-size: medium;\"><span style=\"font-family: verdana, geneva;\" mce_style=\"font-family: verdana, geneva;\">Abajo, de izquierda a derecha: Roc\u00edo S\u00e1nchez, Cande Sim\u00f3n, Socorro Torrej\u00f3n, Rosi G\u00f3mez-Caro y Mar\u00eda del Carmen Garc\u00eda.<\/span><\/span><\/p>\n<p style=\"text-align: justify;\" mce_style=\"text-align: justify;\"><span style=\"font-size: medium;\" mce_style=\"font-size: medium;\"><span style=\"font-family: verdana, geneva;\" mce_style=\"font-family: verdana, geneva;\"><br \/><\/span><\/span><\/p>\n<p style=\"text-align: right;\"><span style=\"font-size: medium;\" mce_style=\"font-size: medium;\"><span style=\"font-size: small;\" mce_style=\"font-size: small;\"><span style=\"font-family: helvetica;\" mce_style=\"font-family: helvetica;\"><i><b>Sabino de Diego.<\/b><\/i><\/span><\/span><\/span><\/p>\n<p style=\"text-align: center;\" mce_style=\"text-align: center;\"><\/p>\n<p style=\"text-align: center;\" mce_style=\"text-align: center;\"><\/p>\n<p style=\"text-align: center;\" mce_style=\"text-align: center;\"><\/p>\n<p style=\"text-align: center;\" mce_style=\"text-align: center;\"><\/p>\n<p style=\"text-align: center;\" mce_style=\"text-align: center;\"><\/p>\n<p style=\"text-align: center;\" mce_style=\"text-align: center;\"><\/p>\n<p style=\"text-align: center;\" mce_style=\"text-align: center;\"><\/p>\n","protected":false},"excerpt":{"rendered":"<p>El grupo de amigas que posa en esta fotograf\u00eda, lo hac\u00eda el 20 de Agosto del a\u00f1o de 1959. El [&hellip;]<\/p>\n","protected":false},"author":1,"featured_media":593,"comment_status":"open","ping_status":"open","sticky":false,"template":"","format":"standard","meta":{"footnotes":""},"categories":[10],"tags":[],"class_list":["post-594","post","type-post","status-publish","format-standard","has-post-thumbnail","hentry","category-foto-del-recuerdo-foto-del-recuerdo"],"_links":{"self":[{"href":"http:\/\/www.cervantinaesquivias.org\/wordpress\/wp-json\/wp\/v2\/posts\/594","targetHints":{"allow":["GET"]}}],"collection":[{"href":"http:\/\/www.cervantinaesquivias.org\/wordpress\/wp-json\/wp\/v2\/posts"}],"about":[{"href":"http:\/\/www.cervantinaesquivias.org\/wordpress\/wp-json\/wp\/v2\/types\/post"}],"author":[{"embeddable":true,"href":"http:\/\/www.cervantinaesquivias.org\/wordpress\/wp-json\/wp\/v2\/users\/1"}],"replies":[{"embeddable":true,"href":"http:\/\/www.cervantinaesquivias.org\/wordpress\/wp-json\/wp\/v2\/comments?post=594"}],"version-history":[{"count":0,"href":"http:\/\/www.cervantinaesquivias.org\/wordpress\/wp-json\/wp\/v2\/posts\/594\/revisions"}],"wp:featuredmedia":[{"embeddable":true,"href":"http:\/\/www.cervantinaesquivias.org\/wordpress\/wp-json\/wp\/v2\/media\/593"}],"wp:attachment":[{"href":"http:\/\/www.cervantinaesquivias.org\/wordpress\/wp-json\/wp\/v2\/media?parent=594"}],"wp:term":[{"taxonomy":"category","embeddable":true,"href":"http:\/\/www.cervantinaesquivias.org\/wordpress\/wp-json\/wp\/v2\/categories?post=594"},{"taxonomy":"post_tag","embeddable":true,"href":"http:\/\/www.cervantinaesquivias.org\/wordpress\/wp-json\/wp\/v2\/tags?post=594"}],"curies":[{"name":"wp","href":"https:\/\/api.w.org\/{rel}","templated":true}]}}