{"id":581,"date":"2013-02-12T10:03:51","date_gmt":"2013-02-12T10:03:51","guid":{"rendered":"http:\/\/www.cervantinaesquivias.org\/wordpress\/2013\/02\/12\/esquivias-en-fitur-2013\/"},"modified":"2013-02-12T10:03:51","modified_gmt":"2013-02-12T10:03:51","slug":"esquivias-en-fitur-2013","status":"publish","type":"post","link":"http:\/\/www.cervantinaesquivias.org\/wordpress\/2013\/02\/12\/esquivias-en-fitur-2013\/","title":{"rendered":"ESQUIVIAS Y SU OFERTA TUR\u00cdSTICA EN FITUR 2013"},"content":{"rendered":"<p style=\"text-align: justify;\" mce_style=\"text-align: justify;\"><span style=\"font-size: medium;\" mce_style=\"font-size: medium;\"><span style=\"font-family: verdana, geneva;\" mce_style=\"font-family: verdana, geneva;\">El Ayuntamiento de Esquivias, en la persona de su Alcaldesa Do\u00f1a Elena Fern\u00e1ndez de Velasco Hern\u00e1ndez, ha presentado en la Feria Internacional de Turismo de Madrid, FITUR-2013, la oferta tur\u00edstica de este pueblo eminentemente cervantino.<\/span><\/span><\/p>\n<p style=\"text-align: center;\" mce_style=\"text-align: center;\"><img loading=\"lazy\" decoding=\"async\" class=\" size-full wp-image-576 size-full wp-image-576\" src=\"http:\/\/www.cervantinaesquivias.org\/wordpress\/wp-content\/uploads\/2013\/02\/esquivias.-fitur-2013.-1.jpg\" mce_src=\"http:\/\/www.cervantinaesquivias.org\/wordpress\/wp-content\/uploads\/2013\/02\/esquivias.-fitur-2013.-1.jpg\" alt=\"alt\" style=\"style\" mce_style=\"style\" width=\"709\" height=\"486\" srcset=\"http:\/\/www.cervantinaesquivias.org\/wordpress\/wp-content\/uploads\/2013\/02\/esquivias.-fitur-2013.-1.jpg 709w, http:\/\/www.cervantinaesquivias.org\/wordpress\/wp-content\/uploads\/2013\/02\/esquivias.-fitur-2013.-1-300x206.jpg 300w\" sizes=\"auto, (max-width: 709px) 100vw, 709px\" \/><\/p>\n<p style=\"text-align: justify;\" mce_style=\"text-align: justify;\">{youtube}GyhrRkWdeBs{\/youtube}<\/p>\n<p><span style=\"font-size: medium;\" mce_style=\"font-size: medium;\"><span style=\"font-family: verdana, geneva;\" mce_style=\"font-family: verdana, geneva;\"><\/span><\/span><\/p>\n<p><!--more--><\/p>\n<p><\/p>\n<p style=\"text-align: justify;\" mce_style=\"text-align: justify;\"><span style=\"font-size: medium;\" mce_style=\"font-size: medium;\"><span style=\"font-family: verdana, geneva;\" mce_style=\"font-family: verdana, geneva;\">Do\u00f1a Elena destac\u00f3 la importancia que tienen las celebraciones de las Jornadas Cervantinas, que <\/span><\/span><span style=\"font-size: medium;\" mce_style=\"font-size: medium;\"><span style=\"font-family: verdana, geneva;\" mce_style=\"font-family: verdana, geneva;\">la Sociedad Cervantina viene organizando desde hace treinta y tres a\u00f1os, de forma ininterrumpida, en conmemoraci\u00f3n de la Boda, celebrada en Esquivias, de Miguel de Cervantes Saavedra con la esquiviana Catalina de Salazar y Palacios, el 12 de diciembre de 1.584.\u00a0<\/span><\/span><\/p>\n<p style=\"text-align: center;\" mce_style=\"text-align: center;\"><img loading=\"lazy\" decoding=\"async\" class=\" size-full wp-image-577 size-full wp-image-577\" src=\"http:\/\/www.cervantinaesquivias.org\/wordpress\/wp-content\/uploads\/2013\/02\/esquivias.-fitur-2013.1.jpg\" mce_src=\"http:\/\/www.cervantinaesquivias.org\/wordpress\/wp-content\/uploads\/2013\/02\/esquivias.-fitur-2013.1.jpg\" alt=\"alt\" style=\"style\" mce_style=\"style\" width=\"709\" height=\"524\" srcset=\"http:\/\/www.cervantinaesquivias.org\/wordpress\/wp-content\/uploads\/2013\/02\/esquivias.-fitur-2013.1.jpg 709w, http:\/\/www.cervantinaesquivias.org\/wordpress\/wp-content\/uploads\/2013\/02\/esquivias.-fitur-2013.1-300x222.jpg 300w\" sizes=\"auto, (max-width: 709px) 100vw, 709px\" \/><\/p>\n<p style=\"text-align: center;\" mce_style=\"text-align: center;\">(Autoridades provinciales y locales, junto a una representaci\u00f3n de la Hidalgu\u00eda esquiviana de la \u00e9poca).<\/p>\n<p style=\"text-align: justify;\" mce_style=\"text-align: justify;\"><span style=\"font-size: medium; font-family: verdana, geneva;\" mce_style=\"font-size: medium; font-family: verdana, geneva;\">Como actividades destacables, se hallan las representaciones de:<\/span><\/p>\n<p style=\"text-align: justify;\" mce_style=\"text-align: justify;\"><span style=\"font-size: medium; font-family: verdana, geneva;\" mce_style=\"font-size: medium; font-family: verdana, geneva;\">Las <b>\u00abEstampas Esquive\u00f1as\u00bb<\/b>, referidas a la \u00e9poca en que Cervantes vivi\u00f3 en Esquivias, con personajes, hechos y costumbres de final del Siglo XVI y principios del XVII.<\/span><\/p>\n<p style=\"text-align: justify;\" mce_style=\"text-align: justify;\"><span style=\"font-size: medium; font-family: verdana, geneva;\" mce_style=\"font-size: medium; font-family: verdana, geneva;\">Los <b>\u00abPasacalles Cervantinos\u00bb<\/b>, que se desarrollan por la calles y plazas de la localidad.<\/span><\/p>\n<p style=\"text-align: justify;\" mce_style=\"text-align: justify;\"><span style=\"font-size: medium; font-family: verdana, geneva;\" mce_style=\"font-size: medium; font-family: verdana, geneva;\">La \u00ab<b>Lectura Universal del Quijote\u00bb<\/b>, con la lectura de un pasaje del Quijote por cada una en los treinta y cuatro diferentes idiomas, dato de 2012, donde participaron los Embajadores de Eslovenia, Hungr\u00eda y Malta, as\u00ed como los Agregados Culturales de otras doce Embajadas acreditadas en Espa\u00f1a. \u00danico lugar en el mundo donde se realiza simult\u00e1neamente la lectura del Quijote en tal diversidad de idiomas.<\/span><\/p>\n<p style=\"text-align: justify;\" mce_style=\"text-align: justify;\"><span style=\"font-size: medium; font-family: verdana, geneva;\" mce_style=\"font-size: medium; font-family: verdana, geneva;\">Como novedad, la Alcaldesa present\u00f3 en Fitur las <b>\u00abVisitas Escenificadas en el Museo-Casa de Cervantes\u00bb<\/b>, que una veintena de actores se encargan de recrear la vida cotidiana de la casa d\u00f3nde vivieron Miguel de Cervantes y Catalina de Salazar, una vez casados, en el Siglo XVI.<\/span><\/p>\n<p style=\"text-align: center;\" mce_style=\"text-align: center;\"><img loading=\"lazy\" decoding=\"async\" class=\" size-full wp-image-578 size-full wp-image-578\" src=\"http:\/\/www.cervantinaesquivias.org\/wordpress\/wp-content\/uploads\/2013\/02\/elena-1.jpg\" mce_src=\"http:\/\/www.cervantinaesquivias.org\/wordpress\/wp-content\/uploads\/2013\/02\/elena-1.jpg\" alt=\"alt\" style=\"style\" mce_style=\"style\" width=\"709\" height=\"531\" srcset=\"http:\/\/www.cervantinaesquivias.org\/wordpress\/wp-content\/uploads\/2013\/02\/elena-1.jpg 709w, http:\/\/www.cervantinaesquivias.org\/wordpress\/wp-content\/uploads\/2013\/02\/elena-1-300x225.jpg 300w\" sizes=\"auto, (max-width: 709px) 100vw, 709px\" \/><\/p>\n<p><\/p>\n<p style=\"text-align: center;\" mce_style=\"text-align: center;\"><img loading=\"lazy\" decoding=\"async\" class=\" size-full wp-image-579 size-full wp-image-579\" src=\"http:\/\/www.cervantinaesquivias.org\/wordpress\/wp-content\/uploads\/2013\/02\/elena-2.jpg\" mce_src=\"http:\/\/www.cervantinaesquivias.org\/wordpress\/wp-content\/uploads\/2013\/02\/elena-2.jpg\" alt=\"alt\" width=\"709\" height=\"531\" srcset=\"http:\/\/www.cervantinaesquivias.org\/wordpress\/wp-content\/uploads\/2013\/02\/elena-2.jpg 709w, http:\/\/www.cervantinaesquivias.org\/wordpress\/wp-content\/uploads\/2013\/02\/elena-2-300x225.jpg 300w\" sizes=\"auto, (max-width: 709px) 100vw, 709px\" \/><\/p>\n<p style=\"text-align: center;\" mce_style=\"text-align: center;\">(La Alcaldesa de Esquivias atendiendo a los medios de comunicaci\u00f3n en Fitur)<\/p>\n<p style=\"text-align: justify;\" mce_style=\"text-align: justify;\"><span style=\"font-size: medium;\" mce_style=\"font-size: medium;\"><span style=\"font-family: verdana, geneva;\" mce_style=\"font-family: verdana, geneva;\">En Fitur no pod\u00eda faltar una representaci\u00f3n de la Hidalgu\u00eda esquiviana de la \u00e9poca de Cervantes.<\/span><\/span><span style=\"font-family: verdana, geneva; font-size: medium; line-height: 1.3em;\" mce_style=\"font-family: verdana, geneva; font-size: medium; line-height: 1.3em;\">\u00a0 \u00a0<\/span><\/p>\n<p style=\"text-align: center;\" mce_style=\"text-align: center;\"><\/p>\n<p style=\"text-align: center;\" mce_style=\"text-align: center;\"><img loading=\"lazy\" decoding=\"async\" class=\" size-full wp-image-580 size-full wp-image-580\" src=\"http:\/\/www.cervantinaesquivias.org\/wordpress\/wp-content\/uploads\/2013\/02\/grupo-1.jpg\" mce_src=\"http:\/\/www.cervantinaesquivias.org\/wordpress\/wp-content\/uploads\/2013\/02\/grupo-1.jpg\" alt=\"alt\" width=\"709\" height=\"531\" srcset=\"http:\/\/www.cervantinaesquivias.org\/wordpress\/wp-content\/uploads\/2013\/02\/grupo-1.jpg 709w, http:\/\/www.cervantinaesquivias.org\/wordpress\/wp-content\/uploads\/2013\/02\/grupo-1-300x225.jpg 300w\" sizes=\"auto, (max-width: 709px) 100vw, 709px\" \/><\/p>\n<p style=\"text-align: right;\"><span style=\"font-size: small;\" mce_style=\"font-size: small;\"><span style=\"font-family: helvetica;\" mce_style=\"font-family: helvetica;\"><i><b>Sabino de Diego.<\/b><\/i><\/span><\/span><\/p>\n<p style=\"text-align: right;\" mce_style=\"text-align: right;\"><\/p>\n<p style=\"text-align: center;\" mce_style=\"text-align: center;\"><\/p>\n<p style=\"text-align: center;\" mce_style=\"text-align: center;\"><\/p>\n","protected":false},"excerpt":{"rendered":"<p>El Ayuntamiento de Esquivias, en la persona de su Alcaldesa Do\u00f1a Elena Fern\u00e1ndez de Velasco Hern\u00e1ndez, ha presentado en la [&hellip;]<\/p>\n","protected":false},"author":1,"featured_media":576,"comment_status":"open","ping_status":"open","sticky":false,"template":"","format":"standard","meta":{"footnotes":""},"categories":[9],"tags":[],"class_list":["post-581","post","type-post","status-publish","format-standard","has-post-thumbnail","hentry","category-noticias-de-la-web"],"_links":{"self":[{"href":"http:\/\/www.cervantinaesquivias.org\/wordpress\/wp-json\/wp\/v2\/posts\/581","targetHints":{"allow":["GET"]}}],"collection":[{"href":"http:\/\/www.cervantinaesquivias.org\/wordpress\/wp-json\/wp\/v2\/posts"}],"about":[{"href":"http:\/\/www.cervantinaesquivias.org\/wordpress\/wp-json\/wp\/v2\/types\/post"}],"author":[{"embeddable":true,"href":"http:\/\/www.cervantinaesquivias.org\/wordpress\/wp-json\/wp\/v2\/users\/1"}],"replies":[{"embeddable":true,"href":"http:\/\/www.cervantinaesquivias.org\/wordpress\/wp-json\/wp\/v2\/comments?post=581"}],"version-history":[{"count":0,"href":"http:\/\/www.cervantinaesquivias.org\/wordpress\/wp-json\/wp\/v2\/posts\/581\/revisions"}],"wp:featuredmedia":[{"embeddable":true,"href":"http:\/\/www.cervantinaesquivias.org\/wordpress\/wp-json\/wp\/v2\/media\/576"}],"wp:attachment":[{"href":"http:\/\/www.cervantinaesquivias.org\/wordpress\/wp-json\/wp\/v2\/media?parent=581"}],"wp:term":[{"taxonomy":"category","embeddable":true,"href":"http:\/\/www.cervantinaesquivias.org\/wordpress\/wp-json\/wp\/v2\/categories?post=581"},{"taxonomy":"post_tag","embeddable":true,"href":"http:\/\/www.cervantinaesquivias.org\/wordpress\/wp-json\/wp\/v2\/tags?post=581"}],"curies":[{"name":"wp","href":"https:\/\/api.w.org\/{rel}","templated":true}]}}