{"id":547,"date":"2013-02-01T18:03:34","date_gmt":"2013-02-01T18:03:34","guid":{"rendered":"http:\/\/www.cervantinaesquivias.org\/wordpress\/2013\/02\/01\/el-robo-de-torija-la-debastacion-de-esquivias-en-1449\/"},"modified":"2013-02-01T18:03:34","modified_gmt":"2013-02-01T18:03:34","slug":"el-robo-de-torija-la-debastacion-de-esquivias-en-1449","status":"publish","type":"post","link":"http:\/\/www.cervantinaesquivias.org\/wordpress\/2013\/02\/01\/el-robo-de-torija-la-debastacion-de-esquivias-en-1449\/","title":{"rendered":"DOS EFECTOS DEVASTADORES EN LA VIDA SOCIAL DE ESQUIVIAS: EL ROBO DE TORIJA DE 1450 Y EL GRAN CATARRO DE 1580.."},"content":{"rendered":"<p style=\"text-align: justify;\" mce_style=\"text-align: justify;\"><\/p>\n<p style=\"style\" mce_style=\"style\"><img loading=\"lazy\" decoding=\"async\" class=\" alignleft size-full wp-image-536 alignleft size-full wp-image-536\" src=\"http:\/\/www.cervantinaesquivias.org\/wordpress\/wp-content\/uploads\/2013\/02\/batalla-medieval.jpg\" mce_src=\"http:\/\/www.cervantinaesquivias.org\/wordpress\/wp-content\/uploads\/2013\/02\/batalla-medieval.jpg\" style=\"float: left; margin-left: 20px; margin-right: 20px;\" mce_style=\"float: left; margin-left: 20px; margin-right: 20px;\" width=\"355\" height=\"270\" srcset=\"http:\/\/www.cervantinaesquivias.org\/wordpress\/wp-content\/uploads\/2013\/02\/batalla-medieval.jpg 355w, http:\/\/www.cervantinaesquivias.org\/wordpress\/wp-content\/uploads\/2013\/02\/batalla-medieval-300x228.jpg 300w\" sizes=\"auto, (max-width: 355px) 100vw, 355px\" \/><\/p>\n<p style=\"text-align: justify;\" mce_style=\"text-align: justify;\"><\/p>\n<p style=\"text-align: justify;\" mce_style=\"text-align: justify;\"><span style=\"font-size: medium;\" mce_style=\"font-size: medium;\"><span style=\"font-family: verdana, geneva;\" mce_style=\"font-family: verdana, geneva;\">Dos importantes hechos luctuosos ocurrieron en Esquivias en los Siglos XV y XVI: <b>\u00abEl robo de Torija de 1450\u00bb<\/b> \u00a0y <b>\u00a0\u00abEl Gran Catarro de 1580\u00bb<\/b>.<\/span><\/span><\/p>\n<p style=\"text-align: justify;\" mce_style=\"text-align: justify;\"><\/p>\n<p style=\"text-align: justify;\" mce_style=\"text-align: justify;\"><span style=\"font-size: medium;\" mce_style=\"font-size: medium;\"><span style=\"font-family: verdana, geneva;\" mce_style=\"font-family: verdana, geneva;\">Ambos sucesos repercutieron notablemente en la vida social de Esquivias, en su demograf\u00eda, \u00a0su progreso y su bienestar.<\/span><\/span><\/p>\n<p style=\"text-align: justify;\" mce_style=\"text-align: justify;\"><\/p>\n<p><!--more--><\/p>\n<p><\/p>\n<p><\/p>\n<p><\/p>\n<p><\/p>\n<p style=\"text-align: justify;\" mce_style=\"text-align: justify;\"><span style=\"font-family: verdana, geneva; font-size: small;\" mce_style=\"font-family: verdana, geneva; font-size: small;\"><b><u>EL ROBO DE TORIJA DE 1450<\/u><\/b><\/span><\/p>\n<p style=\"text-align: justify;\" mce_style=\"text-align: justify;\"><span style=\"font-size: medium;\" mce_style=\"font-size: medium;\"><span style=\"font-family: verdana, geneva;\" mce_style=\"font-family: verdana, geneva;\">Es conocido como <b>\u00abEl Robo de Torija\u00bb<\/b> los efectos devastadores que sufri\u00f3 Esquivias a primeros del a\u00f1o 1450 a manos de arqueros, peones y unos 60 \u00f3 70 jinetes que saquearon el pueblo de Esquivias, llev\u00e1ndose hombres y mozos a Torija (Guadalajara), siendo all\u00ed encerrados <b><i>\u00abso siete llaves\u00bb<\/i><\/b> donde s\u00f3lo com\u00edan entra\u00f1as y, los domingos, una hogaza peque\u00f1a de pan.<\/span><\/span><\/p>\n<p style=\"text-align: justify;\" mce_style=\"text-align: justify;\"><span style=\"font-size: medium;\" mce_style=\"font-size: medium;\"><span style=\"font-family: verdana, geneva;\" mce_style=\"font-family: verdana, geneva;\">En principio se pens\u00f3 que estas incursiones pod\u00edan ser motivadas por alg\u00fan contexto religioso.<\/span><\/span><\/p>\n<p style=\"text-align: justify;\" mce_style=\"text-align: justify;\"><span style=\"font-size: medium;\" mce_style=\"font-size: medium;\"><span style=\"font-family: verdana, geneva;\" mce_style=\"font-family: verdana, geneva;\">Es preciso significar que se estaban preparando los acontecimientos para celebrar el primer aniversario de las apariciones de la Virgen a In\u00e9s Mart\u00ednez, de 12 a\u00f1os de edad, hecho ocurrido en la vecina poblaci\u00f3n de Cubas (Madrid) por primera vez el 3 de Marzo de 1449. <\/span><\/span><\/p>\n<p style=\"text-align: justify;\" mce_style=\"text-align: justify;\"><span style=\"font-size: medium;\" mce_style=\"font-size: medium;\"><span style=\"font-family: verdana, geneva;\" mce_style=\"font-family: verdana, geneva;\"><b>\u00abInesica<\/b>\u00bb nacida el 3 de Agosto de 1436 en Cubas de la Sagra (Madrid), hija de Alfonso Mart\u00ednez, porquero, se hallaba guardando cerdos y dijo se le hab\u00eda aparecido una Se\u00f1ora que brillaba su manto como el oro y resplandec\u00eda su cara como la luz del sol.<\/span><\/span><\/p>\n<p style=\"text-align: justify;\" mce_style=\"text-align: justify;\"><span style=\"font-size: medium;\" mce_style=\"font-size: medium;\"><span style=\"font-family: verdana, geneva;\" mce_style=\"font-family: verdana, geneva;\"><br \/><\/span><\/span><\/p>\n<p style=\"style\" mce_style=\"style\"><span style=\"font-size: medium;\" mce_style=\"font-size: medium;\"><span style=\"font-family: verdana, geneva;\" mce_style=\"font-family: verdana, geneva;\"><img loading=\"lazy\" decoding=\"async\" class=\" alignleft size-full wp-image-537 alignleft size-full wp-image-537\" src=\"http:\/\/www.cervantinaesquivias.org\/wordpress\/wp-content\/uploads\/2013\/02\/santa-juana.jpg\" mce_src=\"http:\/\/www.cervantinaesquivias.org\/wordpress\/wp-content\/uploads\/2013\/02\/santa-juana.jpg\" style=\"float: left; margin-left: 20px; margin-right: 20px;\" mce_style=\"float: left; margin-left: 20px; margin-right: 20px;\" width=\"183\" height=\"276\" \/><\/span><\/span><\/p>\n<p style=\"text-align: justify;\" mce_style=\"text-align: justify;\"><\/p>\n<p style=\"text-align: justify;\" mce_style=\"text-align: justify;\"><span style=\"font-size: medium;\" mce_style=\"font-size: medium;\"><span style=\"font-family: verdana, geneva;\" mce_style=\"font-family: verdana, geneva;\">Seg\u00fan manifest\u00f3 In\u00e9s, en los siguientes d\u00edas volvi\u00f3 a tener la visi\u00f3n, pidi\u00e9ndo la Se\u00f1ora levantaran un monasterio en el lugar dejando clavada en la tierra una cruz de palo que In\u00e9s llevaba en la mano.<\/span><\/span><\/p>\n<p style=\"text-align: justify;\" mce_style=\"text-align: justify;\"><span style=\"font-size: medium;\" mce_style=\"font-size: medium;\"><span style=\"font-family: verdana, geneva;\" mce_style=\"font-family: verdana, geneva;\">El d\u00eda 9 de marzo, domingo por la tarde, In\u00e9s tiene la visi\u00f3n principal. El pueblo que hab\u00eda ido al lugar en procesi\u00f3n, le ha pedido a In\u00e9s una se\u00f1al para creer lo que dice la ni\u00f1a, esperan cerca, cuando Mar\u00eda coge una cruz de palo que llevaba In\u00e9s en la mano y la hinca en la tierra, se\u00f1alando el sitio para una iglesia. A In\u00e9s le queda una herida en la mano en forma de cruz. Preguntado de como se hab\u00eda hecho la herida dijo <b><i>\u00abE que llevaba una cruz de palo para poner en el lugar do la dicha Se\u00f1ora le hab\u00eda tomado la mano, e en ella hecho la dicha se\u00f1al\u00bb.<\/i><\/b><\/span><\/span><\/p>\n<p style=\"text-align: justify;\" mce_style=\"text-align: justify;\"><span style=\"font-size: medium;\" mce_style=\"font-size: medium;\"><span style=\"font-family: verdana, geneva;\" mce_style=\"font-family: verdana, geneva;\">El dia 10 de Marzo de 1449, se llevan a cabo las investigaciones preliminares para esclarecer lo manifestado por In\u00e9s, iniciado por los alcaldes de Cubas.\u00a0<\/span><\/span><\/p>\n<p style=\"text-align: justify;\" mce_style=\"text-align: justify;\"><span style=\"font-size: medium;\" mce_style=\"font-size: medium;\"><span style=\"font-family: verdana, geneva;\" mce_style=\"font-family: verdana, geneva;\">Ante las repercusiones que se iban sucediendo en los siguientes d\u00edas, se procedi\u00f3 al traslado de la ni\u00f1a al Monasterio de Guadalupe donde fue encerrada en una celda: <b><i>\u00abE que despu\u00e9s que los dichos frailes, que hab\u00edan metido a la dicha In\u00e9s en una c\u00e1mara, e que la cerraron por de fuera, e que qued\u00f3 la moza all\u00ed encerrada. E que despu\u00e9s entraron (a cabo de hora, que tornaron) all\u00e1 los dichos frailes, y el alcalde del lugar, e otros con ellos. E que cuando ellos entraron a do estaba la dicha moza que le dijeron que mostrase la dicha mano. E que cuando sac\u00f3 su mano para la mostrar, que la hallaron sana\u00bb<\/i><\/b>. Lo que <\/span><span style=\"font-family: verdana, geneva;\" mce_style=\"font-family: verdana, geneva;\">ocurri\u00f3 el 19 de marzo de 1449.<\/span><\/span><\/p>\n<p style=\"text-align: justify;\" mce_style=\"text-align: justify;\"><span style=\"font-size: medium;\" mce_style=\"font-size: medium;\"><span style=\"font-family: verdana, geneva;\" mce_style=\"font-family: verdana, geneva;\">Mar\u00eda anunci\u00f3 ochenta mil a\u00f1os de indulgencias para los que ayunasen en sus fiestas. En aquella \u00e9poca en Toledo se observaban seis fiestas de Mar\u00eda y en ninguna de ellas era obligado el ayuno. En algunas di\u00f3cesis, los obispos conced\u00edan un m\u00e1ximo de cuarenta d\u00edas de indulgencia por ayunar o no trabajar en estas fiestas.<\/span><\/span><\/p>\n<p style=\"text-align: justify;\" mce_style=\"text-align: justify;\"><span style=\"font-size: medium;\" mce_style=\"font-size: medium;\"><span style=\"font-family: verdana, geneva;\" mce_style=\"font-family: verdana, geneva;\">Parec\u00eda haber un paralelo con la seguridad ofrecida por la Virgen contra los moros en Ja\u00e9n veinte a\u00f1os antes, concr\u00e9tamente el 13 de junio de 1430, y semejante a los de Santa Gadea.<\/span><\/span><\/p>\n<p style=\"text-align: center;\" mce_style=\"text-align: center;\"><span style=\"font-size: medium;\" mce_style=\"font-size: medium;\"><span style=\"font-family: verdana, geneva;\" mce_style=\"font-family: verdana, geneva;\"><img loading=\"lazy\" decoding=\"async\" class=\" size-full wp-image-538 size-full wp-image-538\" src=\"http:\/\/www.cervantinaesquivias.org\/wordpress\/wp-content\/uploads\/2013\/02\/convento-de-santa-juana-2.jpg\" mce_src=\"http:\/\/www.cervantinaesquivias.org\/wordpress\/wp-content\/uploads\/2013\/02\/convento-de-santa-juana-2.jpg\" alt=\"alt\" style=\"style\" mce_style=\"style\" width=\"497\" height=\"282\" srcset=\"http:\/\/www.cervantinaesquivias.org\/wordpress\/wp-content\/uploads\/2013\/02\/convento-de-santa-juana-2.jpg 497w, http:\/\/www.cervantinaesquivias.org\/wordpress\/wp-content\/uploads\/2013\/02\/convento-de-santa-juana-2-300x170.jpg 300w\" sizes=\"auto, (max-width: 497px) 100vw, 497px\" \/><br \/><\/span><\/span><\/p>\n<p style=\"text-align: center;\" mce_style=\"text-align: center;\">(Convento de Santa Juana en Cubas de la Sagra, Madrid)<\/p>\n<p style=\"text-align: justify;\" mce_style=\"text-align: justify;\"><span style=\"font-size: medium;\" mce_style=\"font-size: medium;\"><span style=\"font-family: verdana, geneva;\" mce_style=\"font-family: verdana, geneva;\">En la d\u00e9cada de 1570, hay noticias de que se segu\u00eda celebrando regularmente una procesi\u00f3n desde el pueblo de Cubas al convento situado d\u00f3nde se hab\u00edan producido las apariciones, con la implantaci\u00f3n de la cruz en 1449. Esta procesi\u00f3n se celebraba el d\u00eda 9 de marzo.<\/span><\/span><\/p>\n<p style=\"text-align: justify;\" mce_style=\"text-align: justify;\"><span style=\"font-size: medium;\" mce_style=\"font-size: medium;\"><span style=\"font-family: verdana, geneva;\" mce_style=\"font-family: verdana, geneva;\">Desde entonces, se celebra en toda la comarca de la Sagra toledana, entre la que se encuentra Esquivias, y los pueblos pr\u00f3ximos a Cubas, en la provincia de Madrid, la fiesta de Santa Juana, como as\u00ed se conoce a Santa Mar\u00eda de la Cruz, de ni\u00f1a In\u00e9s Mart\u00ednez. Es costumbre en estas poblaciones celebrarlo saliendo de romer\u00eda a los campos pr\u00f3ximos para hacer la comida del mediod\u00eda, cuyo plato principal e imprescindible es la tortilla de patata, y es poco probable que en alguna vivienda de Esquivias el d\u00eda 9 de marzo no se coma tortilla de patata, en cualquier comida, incluso a\u00fan sigue la tradici\u00f3n de salir el dicho d\u00eda 9 de marzo al campo, o en su caso el fin de semana anterior o posterior, o los dos si llega el caso. Hasta hace muy pocos a\u00f1os, el d\u00eda 9 de marzo no ha sido lectivo en los colegios de Esquivias para que los ni\u00f1os pudieran celebrar dichas \u00abescapadas\u00bb al campo.<\/span><\/span><\/p>\n<p style=\"text-align: justify;\" mce_style=\"text-align: justify;\"><\/p>\n<p style=\"text-align: justify;\" mce_style=\"text-align: justify;\"><span style=\"font-size: medium;\" mce_style=\"font-size: medium;\"><span style=\"font-family: verdana, geneva;\" mce_style=\"font-family: verdana, geneva;\"><br \/><\/span><\/span><\/p>\n<p style=\"style\" mce_style=\"style\"><span style=\"font-size: medium;\" mce_style=\"font-size: medium;\"><span style=\"font-family: verdana, geneva;\" mce_style=\"font-family: verdana, geneva;\"><img loading=\"lazy\" decoding=\"async\" class=\" alignleft size-full wp-image-539 alignleft size-full wp-image-539\" src=\"http:\/\/www.cervantinaesquivias.org\/wordpress\/wp-content\/uploads\/2013\/02\/juan-ii-de-navarra.jpg\" mce_src=\"http:\/\/www.cervantinaesquivias.org\/wordpress\/wp-content\/uploads\/2013\/02\/juan-ii-de-navarra.jpg\" style=\"float: left; margin-left: 20px; margin-right: 20px;\" mce_style=\"float: left; margin-left: 20px; margin-right: 20px;\" width=\"203\" height=\"248\" \/><\/span><\/span><\/p>\n<p style=\"text-align: justify;\" mce_style=\"text-align: justify;\"><\/p>\n<p style=\"text-align: justify;\" mce_style=\"text-align: justify;\"><\/p>\n<p style=\"text-align: justify;\" mce_style=\"text-align: justify;\"><\/p>\n<p style=\"text-align: justify;\" mce_style=\"text-align: justify;\"><span style=\"font-size: medium;\" mce_style=\"font-size: medium;\"><span style=\"font-family: verdana, geneva;\" mce_style=\"font-family: verdana, geneva;\">Un segundo contexto pol\u00edtico era la presencia de merodeadores \u00abnavarros\u00bb en la regi\u00f3n. Estas incursiones ser\u00edan una t\u00e1ctica del infante Juan de Arag\u00f3n (casado en segundas nupcias con Juana Enriquez, padres de Fernando I de Navarra y Arag\u00f3n \u00abel Cat\u00f3lico\u00bb), casado en primeras nup<span style=\"background-color: rgb(255, 255, 255);\" mce_style=\"background-color: #ffffff;\">cias con <span style=\"color: rgb(0, 0, 0);\" mce_style=\"color: #000000;\">Blanca de Navarra<\/span>.<\/span><\/span><\/span><\/p>\n<p style=\"text-align: justify;\" mce_style=\"text-align: justify;\"><\/p>\n<p style=\"text-align: justify;\" mce_style=\"text-align: justify;\"><\/p>\n<p style=\"text-align: justify;\" mce_style=\"text-align: justify;\"><\/p>\n<p style=\"text-align: justify;\" mce_style=\"text-align: justify;\"><\/p>\n<p style=\"text-align: justify;\" mce_style=\"text-align: justify;\">\u00a0 (Juan II de Navarra, infante de Arag\u00f3n)<\/p>\n<p style=\"text-align: justify;\" mce_style=\"text-align: justify;\"><\/p>\n<p style=\"text-align: justify;\" mce_style=\"text-align: justify;\"><span style=\"font-size: medium;\" mce_style=\"font-size: medium;\"><span style=\"font-family: verdana, geneva;\" mce_style=\"font-family: verdana, geneva;\">Los aldeanos informaron a Felipe II, 125 a\u00f1os despu\u00e9s, que estas incursiones part\u00edan, al parecer, del castillo de Torija (Guadalajara), y se saldaban entre otras cosas con numerosos secuestros y el pago de rescate por las victimas en el castillo de Zorita de los Canes (Guadalajara). Entre las poblaciones que mencionaron estas correr\u00edas a la investigaci\u00f3n de Felipe II, se hallaban, Esquivias (Toledo) Berniches, Jadraque y Tendilla (Guadalajara) y Fuencarral (Madrid).<\/span><\/span><\/p>\n<p style=\"text-align: justify;\" mce_style=\"text-align: justify;\"><span style=\"font-size: medium;\" mce_style=\"font-size: medium;\"><span style=\"font-family: verdana, geneva;\" mce_style=\"font-family: verdana, geneva;\"><br \/><\/span><\/span><\/p>\n<p style=\"text-align: justify;\" mce_style=\"text-align: justify;\"><\/p>\n<p style=\"text-align: justify;\" mce_style=\"text-align: justify;\"><span style=\"font-size: medium;\" mce_style=\"font-size: medium;\"><span style=\"font-family: verdana, geneva;\" mce_style=\"font-family: verdana, geneva;\"><br \/><\/span><\/span><\/p>\n<p style=\"style\" mce_style=\"style\"><span style=\"font-size: medium;\" mce_style=\"font-size: medium;\"><span style=\"font-family: verdana, geneva;\" mce_style=\"font-family: verdana, geneva;\"><img loading=\"lazy\" decoding=\"async\" class=\" alignleft size-full wp-image-540 alignleft size-full wp-image-540\" src=\"http:\/\/www.cervantinaesquivias.org\/wordpress\/wp-content\/uploads\/2013\/02\/juan-ii-de-castilla.jpg\" mce_src=\"http:\/\/www.cervantinaesquivias.org\/wordpress\/wp-content\/uploads\/2013\/02\/juan-ii-de-castilla.jpg\" style=\"float: left; margin-left: 20px; margin-right: 20px;\" mce_style=\"float: left; margin-left: 20px; margin-right: 20px;\" width=\"178\" height=\"284\" \/><\/span><\/span><\/p>\n<p style=\"text-align: justify;\" mce_style=\"text-align: justify;\"><\/p>\n<p style=\"text-align: justify;\" mce_style=\"text-align: justify;\"><\/p>\n<p style=\"text-align: justify;\" mce_style=\"text-align: justify;\"><\/p>\n<p style=\"text-align: justify;\" mce_style=\"text-align: justify;\"><span style=\"font-size: medium;\" mce_style=\"font-size: medium;\"><span style=\"font-family: verdana, geneva;\" mce_style=\"font-family: verdana, geneva;\">Tendremos que remontarnos al 7 de marzo de 1419, cuando Juan II de Castilla (padre de Isabel II de Castilla \u00abla Cat\u00f3lica\u00bb) fue proclamado mayor de edad en unas Cortes reunidas en Madrid: <b><i>\u00abMuy Poderoso Se\u00f1or: Los de Vuestros Reynos e Se\u00f1or\u00edos son aqu\u00ed ayuntados en estas vuestras Cortes, oyendo que es cumplida vuestra edad de catorce a\u00f1os, para vos entregar el regimiento de vuestros Reynos, como las leyes dellos lo disponen y mandan\u00bb.<\/i><\/b><\/span><\/span><\/p>\n<p style=\"text-align: justify;\" mce_style=\"text-align: justify;\"><\/p>\n<p style=\"text-align: justify;\" mce_style=\"text-align: justify;\"><\/p>\n<p style=\"text-align: justify;\" mce_style=\"text-align: justify;\"><\/p>\n<p style=\"text-align: justify;\" mce_style=\"text-align: justify;\"><\/p>\n<p style=\"text-align: justify;\" mce_style=\"text-align: justify;\">\u00a0 \u00a0 \u00a0 \u00a0 \u00a0 \u00a0 \u00a0 \u00a0 \u00a0 (Juan II de Castilla)<\/p>\n<p style=\"text-align: justify;\" mce_style=\"text-align: justify;\"><\/p>\n<p style=\"text-align: justify;\" mce_style=\"text-align: justify;\"><span style=\"font-size: medium;\" mce_style=\"font-size: medium;\"><span style=\"font-family: verdana, geneva;\" mce_style=\"font-family: verdana, geneva;\">Posiblemente por tener el rey tan corta edad, algunos historiadores de aquel reinado presentan a Juan II como una persona de poco car\u00e1cter, a la vez que d\u00e9bil y pusil\u00e1nime, lo que explica que fuera manipulado por su hombre de confianza: Alvaro de Luna.<\/span><\/span><\/p>\n<p style=\"text-align: justify;\" mce_style=\"text-align: justify;\"><span style=\"font-size: medium;\" mce_style=\"font-size: medium;\"><span style=\"font-family: verdana, geneva;\" mce_style=\"font-family: verdana, geneva;\">La Corona de Castilla fue testigo, durante varios a\u00f1os, de un conflicto en el que intervinieron, por una parte, la monarqu\u00eda, a cuyo lado se hallaba Alvaro de Luna, por otra, los infantes de Arag\u00f3n, es decir los hijos de Fernando de Antequera y, para remate, una serie de representantes de los grandes linajes de la nobleza castellana.<\/span><\/span><\/p>\n<p style=\"text-align: justify;\" mce_style=\"text-align: justify;\"><span style=\"font-size: medium;\" mce_style=\"font-size: medium;\"><span style=\"font-family: verdana, geneva;\" mce_style=\"font-family: verdana, geneva;\">Alvaro de Luna fue un personaje singular, que lleg\u00f3 a alcanzar un puesto de gran preeminencia en la Corte castellana. Dicho individuo, nacido en Ca\u00f1ete (Cuenca) hacia el a\u00f1o 1390, era hijo bastardo de un sobrino del Pont\u00edfice Benedicto XIII, por lo que formaba parte de esta importante familia aragonesa. Se dec\u00eda de Alvaro de Luna, <b><i>\u00abde cuerpo peque\u00f1o e muy derecho, capacidad de invenci\u00f3n, buen cabalgador, atrevido y esforzado en la guerra\u00bb.<\/i><\/b><\/span><\/span><\/p>\n<p style=\"text-align: justify;\" mce_style=\"text-align: justify;\"><\/p>\n<p style=\"text-align: justify;\" mce_style=\"text-align: justify;\"><span style=\"font-size: medium;\" mce_style=\"font-size: medium;\"><span style=\"font-family: verdana, geneva;\" mce_style=\"font-family: verdana, geneva;\"><b><i><br \/><\/i><\/b><\/span><\/span><\/p>\n<p style=\"style\" mce_style=\"style\"><span style=\"font-size: medium;\" mce_style=\"font-size: medium;\"><span style=\"font-family: verdana, geneva;\" mce_style=\"font-family: verdana, geneva;\"><b><i><img loading=\"lazy\" decoding=\"async\" class=\" alignleft size-full wp-image-541 alignleft size-full wp-image-541\" src=\"http:\/\/www.cervantinaesquivias.org\/wordpress\/wp-content\/uploads\/2013\/02\/don_lvaro_de_luna_-_caete_-_espaa.jpg\" mce_src=\"http:\/\/www.cervantinaesquivias.org\/wordpress\/wp-content\/uploads\/2013\/02\/don_lvaro_de_luna_-_caete_-_espaa.jpg\" style=\"float: left; margin-left: 20px; margin-right: 20px;\" mce_style=\"float: left; margin-left: 20px; margin-right: 20px;\" width=\"180\" height=\"273\" \/><\/i><\/b><\/span><\/span><\/p>\n<p style=\"text-align: justify;\" mce_style=\"text-align: justify;\"><\/p>\n<p style=\"text-align: justify;\" mce_style=\"text-align: justify;\"><\/p>\n<p style=\"text-align: justify;\" mce_style=\"text-align: justify;\"><\/p>\n<p style=\"text-align: justify;\" mce_style=\"text-align: justify;\"><span style=\"font-size: medium;\" mce_style=\"font-size: medium;\"><span style=\"font-family: verdana, geneva;\" mce_style=\"font-family: verdana, geneva;\">Alvaro de Luna inici\u00f3 su actividad en la Corte de Juan II de Castilla en el a\u00f1o 1410, actuando en un principio como paje. De todos modos, poco a poco, Alvaro de Luna fue ganando la amistad del Monarca castellano <i><b>\u00ablos unos e los otros trataban con Alvaro de Luna, como conoc\u00edan que era el que mas ten\u00eda en la voluntad del Rey\u00bb.<\/b><\/i><\/span><\/span><\/p>\n<p style=\"text-align: justify;\" mce_style=\"text-align: justify;\"><\/p>\n<p style=\"text-align: justify;\" mce_style=\"text-align: justify;\"><\/p>\n<p style=\"text-align: justify;\" mce_style=\"text-align: justify;\"><\/p>\n<p style=\"text-align: justify;\" mce_style=\"text-align: justify;\"><\/p>\n<p style=\"text-align: justify;\" mce_style=\"text-align: justify;\"><\/p>\n<p style=\"text-align: justify;\" mce_style=\"text-align: justify;\">\u00a0 (Alvaro de Luna en Ca\u00f1ete, Cuenca)<\/p>\n<p style=\"text-align: justify;\" mce_style=\"text-align: justify;\"><\/p>\n<p style=\"text-align: justify;\" mce_style=\"text-align: justify;\"><span style=\"font-size: medium;\" mce_style=\"font-size: medium;\"><span style=\"font-family: verdana, geneva;\" mce_style=\"font-family: verdana, geneva;\">Pero desde el Reino de Castilla se ve\u00eda a los infantes de Arag\u00f3n como si constituyeran un pa\u00eds extranjero.<\/span><\/span><\/p>\n<p style=\"text-align: justify;\" mce_style=\"text-align: justify;\"><span style=\"font-size: medium;\" mce_style=\"font-size: medium;\"><span style=\"font-family: verdana, geneva;\" mce_style=\"font-family: verdana, geneva;\">Ya en 1423, se hab\u00eda gestado un clima preb\u00e9lico entre las Coronas de Castilla y de Arag\u00f3n. Las desavenencias surgidas entre los infantes Juan y su hermano Alfonso V de Arag\u00f3n hicieron acordar un pacto entre ambos. Desde ese momento se estaban proyectando dos bandos opuestos, por un lado el que dirig\u00eda el infante Juan, que buscaba atraer a sectores de la nobleza castellana, y por otro el que capitaneaba Alvaro de Luna, que pretend\u00eda el apoyo de las ciudades. El a\u00f1o 1427, Alvaro de Luna fue desterrado, aunque por poco tiempo, a la Villa de Ayll\u00f3n. Alvaro de Luna retorn\u00f3 de aquel destierro: <b><i>\u00abregres\u00f3 el Condestable, haciendo un despliegue ostentoso de riqueza y poder. Su intenci\u00f3n no era, probablemente, atenerse a los pactos sino continuar un camino que ya emprendiera. El destierro ha sido, para el, una especie de par\u00e9ntesis obligado, una etapa conveniente en la marcha hacia el poder supremo\u00bb<\/i><\/b>.\u00a0<\/span><\/span><\/p>\n<p style=\"text-align: justify;\" mce_style=\"text-align: justify;\"><span style=\"font-size: medium;\" mce_style=\"font-size: medium;\"><span style=\"font-family: verdana, geneva;\" mce_style=\"font-family: verdana, geneva;\"><br \/><\/span><\/span><\/p>\n<p style=\"style\" mce_style=\"style\"><span style=\"font-size: medium;\" mce_style=\"font-size: medium;\"><span style=\"font-family: verdana, geneva;\" mce_style=\"font-family: verdana, geneva;\"><img loading=\"lazy\" decoding=\"async\" class=\" alignleft size-full wp-image-542 alignleft size-full wp-image-542\" src=\"http:\/\/www.cervantinaesquivias.org\/wordpress\/wp-content\/uploads\/2013\/02\/torneo-medieval.jpg\" mce_src=\"http:\/\/www.cervantinaesquivias.org\/wordpress\/wp-content\/uploads\/2013\/02\/torneo-medieval.jpg\" style=\"float: left; margin-left: 20px; margin-right: 20px;\" mce_style=\"float: left; margin-left: 20px; margin-right: 20px;\" width=\"144\" height=\"108\" \/><\/span><\/span><\/p>\n<p style=\"text-align: justify;\" mce_style=\"text-align: justify;\"><span style=\"font-size: medium;\" mce_style=\"font-size: medium;\"><span style=\"font-family: verdana, geneva;\" mce_style=\"font-family: verdana, geneva;\">En la primavera de 1428 Valladolid fue el escenario de unas brillantes fiestas, poetizadas por Jorge Manrique en sus famosas <b>\u00abCoplas\u00bb<\/b>. Todo parec\u00eda indicar el triunfo indiscutible del bando mon\u00e1rquico de la Corona de Castilla. Don Alvaro de Luna present\u00f3 la pugna con los infantes de Arag\u00f3n como si se tratara de una guerra contra la Corona aragonesa. Es mas, en las Cortes de Illescas de 1429 se concedi\u00f3 el dinero solicitado para los gastos militares.<\/span><\/span><\/p>\n<p style=\"text-align: justify;\" mce_style=\"text-align: justify;\"><span style=\"font-size: medium;\" mce_style=\"font-size: medium;\"><span style=\"font-family: verdana, geneva;\" mce_style=\"font-family: verdana, geneva;\">En el mes de marzo de 1429 las tropas aragonesas invadieron Castilla, entrando por la zona de Ariza, desde donde siguieron hasta Sig\u00fcenza e Hita. Concluy\u00f3 todo el a\u00f1o 1430 con las <b>\u00abTreguas de Majano\u00bb. <\/b>Sin duda alguna hab\u00eda sido la Corona de Castilla la vencedora, as\u00ed como Don Alvaro de Luna. Los infantes de Arag\u00f3n no solo hab\u00edan sido derrotados, sino que se les prohib\u00eda residir en tierras de la Corona de Castilla, salvo que les diera licencia el Rey Juan II.<\/span><\/span><\/p>\n<p style=\"text-align: justify;\" mce_style=\"text-align: justify;\"><span style=\"font-size: medium;\" mce_style=\"font-size: medium;\"><span style=\"font-family: verdana, geneva;\" mce_style=\"font-family: verdana, geneva;\">Se abr\u00eda, como es obvio, una etapa de paz para la Corona de Castilla. Al tiempo que la alta nobleza hab\u00eda recibido importantes premios. Alvaro de Luna, en el cual el rey Juan II ten\u00eda su total confianza, era el principal triunfador.<\/span><\/span><\/p>\n<p style=\"text-align: justify;\" mce_style=\"text-align: justify;\"><span style=\"font-size: medium;\" mce_style=\"font-size: medium;\"><span style=\"font-family: verdana, geneva;\" mce_style=\"font-family: verdana, geneva;\">El a\u00f1o 1436 el Rey Juan II de Castilla confirm\u00f3 a Don Alvaro de Luna la administraci\u00f3n de la Orden Militar de Santiago. Pero algunos nobles castellanos no estaban de acuerdo con la hegemon\u00eda de Alvaro de Luna. Al mismo tiempo se busc\u00f3 una reconciliaci\u00f3n con Juan II de Navarra, a quien se le devolvi\u00f3 una parte de las rentas que recib\u00eda de la Corona de Castilla.<\/span><\/span><\/p>\n<p style=\"text-align: justify;\" mce_style=\"text-align: justify;\"><span style=\"font-size: medium;\" mce_style=\"font-size: medium;\"><span style=\"font-family: verdana, geneva;\" mce_style=\"font-family: verdana, geneva;\">En la primavera de 1439 se desarrollaron en Tudela de Duero, Renedo, Valdestrillas y Tordesillas unas negociaciones entre Don Alvaro de Luna, los infantes de Arag\u00f3n y la alta nobleza castellana. Como consecuencia, el Conde Haro, Pedro Fern\u00e1ndez de Velasco, escribi\u00f3 un texto titulado \u00ab<b>El Seguro de Tordesillas\u00bb<\/b>.<\/span><\/span><\/p>\n<p style=\"text-align: justify;\" mce_style=\"text-align: justify;\"><span style=\"font-size: medium;\" mce_style=\"font-size: medium;\"><span style=\"font-family: verdana, geneva;\" mce_style=\"font-family: verdana, geneva;\"><br \/><\/span><\/span><\/p>\n<p style=\"text-align: justify;\" mce_style=\"text-align: justify;\"><\/p>\n<p style=\"text-align: center;\" mce_style=\"text-align: center;\"><img loading=\"lazy\" decoding=\"async\" class=\" size-full wp-image-543 size-full wp-image-543\" src=\"http:\/\/www.cervantinaesquivias.org\/wordpress\/wp-content\/uploads\/2013\/02\/batalla-medieval-2.jpg\" mce_src=\"http:\/\/www.cervantinaesquivias.org\/wordpress\/wp-content\/uploads\/2013\/02\/batalla-medieval-2.jpg\" alt=\"alt\" style=\"style\" mce_style=\"style\" width=\"567\" height=\"459\" srcset=\"http:\/\/www.cervantinaesquivias.org\/wordpress\/wp-content\/uploads\/2013\/02\/batalla-medieval-2.jpg 567w, http:\/\/www.cervantinaesquivias.org\/wordpress\/wp-content\/uploads\/2013\/02\/batalla-medieval-2-300x243.jpg 300w\" sizes=\"auto, (max-width: 567px) 100vw, 567px\" \/><\/p>\n<p style=\"text-align: justify;\" mce_style=\"text-align: justify;\"><span style=\"font-size: medium;\" mce_style=\"font-size: medium;\"><span style=\"font-family: verdana, geneva;\" mce_style=\"font-family: verdana, geneva;\">Hacia el a\u00f1o 1445 los infantes de Arag\u00f3n hab\u00edan realizado varias escaramuzas en la Corona de Castilla, concretamente el 19 de marzo de 1445 se produjo el enfrentamiento militar entre el bando del rey Juan II de Castilla y el de los Infantes de Arag\u00f3n, resultando que sali\u00f3 vencedor el ej\u00e9rcito de Juan II de Castilla. El infante aragon\u00e9s Enrique falleci\u00f3 a los pocos dias de aquel combate. En cuanto al infante Juan, abandon\u00f3 definitivamente el reino de Castilla. El gran triunfador hab\u00eda sido el Rey Juan II de Castilla, y junto a el Don Alvaro de Luna, reparti\u00e9ndose los bienes de los infantes de Arag\u00f3n entre la nobleza castellana.<\/span><\/span><\/p>\n<p style=\"text-align: justify;\" mce_style=\"text-align: justify;\"><span style=\"font-size: medium;\" mce_style=\"font-size: medium;\"><span style=\"font-family: verdana, geneva;\" mce_style=\"font-family: verdana, geneva;\">A pesar de todo, la popularidad de Don Alvaro de Luna fue decayendo, sobre todo desde los levantamientos que se produjeron en enero de 1449 cuando este trat\u00f3 de recaudar un tributo especial que impuso. Es mas que probable que estos acontecimientos animaran al infante de Arag\u00f3n a realizar las incursiones a pueblos castellanos, saque\u00e1ndolos y dej\u00e1ndolos en la miseria, hechos que ocurrieron al final de 1449 y principio de 1450.<\/span><\/span><\/p>\n<p style=\"text-align: justify;\" mce_style=\"text-align: justify;\"><span style=\"font-size: medium;\" mce_style=\"font-size: medium;\"><span style=\"font-family: verdana, geneva;\" mce_style=\"font-family: verdana, geneva;\">Tanto el rey Juan I de Castilla, como Don Enrique III e incluso Juan II decretaron leyes para cobrar los impuestos sobre el patrimonio y sobre el subsidio, pero como la Hacienda P\u00fablica no ten\u00eda medios para controlar a los recaudadores, los pecheros, como \u00fanicos pagadores de impuestos desobedecieron la imposici\u00f3n siempre que pod\u00edan.<\/span><\/span><\/p>\n<p style=\"text-align: justify;\" mce_style=\"text-align: justify;\"><span style=\"font-size: medium;\" mce_style=\"font-size: medium;\"><span style=\"font-family: verdana, geneva;\" mce_style=\"font-family: verdana, geneva;\">El 3 de mayo de 1449, el representante del rey, Pedro Sarmiento, se uni\u00f3 a la rebeli\u00f3n, que cont\u00f3 con un saqueo de los mercaderes conversos. Era dif\u00edcil encontrar una relaci\u00f3n directa entre la rebeli\u00f3n y las apariciones. Pudiera ser que, en cuanto reafirmaci\u00f3n sobrenatural fuese una reacci\u00f3n contra la influencia de los conversos.<\/span><\/span><\/p>\n<p style=\"text-align: justify;\" mce_style=\"text-align: justify;\"><span style=\"font-size: medium;\" mce_style=\"font-size: medium;\"><span style=\"font-family: verdana, geneva;\" mce_style=\"font-family: verdana, geneva;\"><br \/><\/span><\/span><\/p>\n<p style=\"text-align: center;\" mce_style=\"text-align: center;\"><span style=\"font-size: medium;\" mce_style=\"font-size: medium;\"><span style=\"font-family: verdana, geneva;\" mce_style=\"font-family: verdana, geneva;\"><img loading=\"lazy\" decoding=\"async\" class=\" size-full wp-image-544 size-full wp-image-544\" src=\"http:\/\/www.cervantinaesquivias.org\/wordpress\/wp-content\/uploads\/2013\/02\/gran-capitan-cerinola-644x420.jpg\" mce_src=\"http:\/\/www.cervantinaesquivias.org\/wordpress\/wp-content\/uploads\/2013\/02\/gran-capitan-cerinola-644x420.jpg\" alt=\"alt\" style=\"style\" mce_style=\"style\" width=\"644\" height=\"420\" srcset=\"http:\/\/www.cervantinaesquivias.org\/wordpress\/wp-content\/uploads\/2013\/02\/gran-capitan-cerinola-644x420.jpg 644w, http:\/\/www.cervantinaesquivias.org\/wordpress\/wp-content\/uploads\/2013\/02\/gran-capitan-cerinola-644x420-300x196.jpg 300w\" sizes=\"auto, (max-width: 644px) 100vw, 644px\" \/><br \/><\/span><\/span><\/p>\n<p style=\"text-align: justify;\" mce_style=\"text-align: justify;\"><span style=\"font-size: medium;\" mce_style=\"font-size: medium;\"><span style=\"font-family: verdana, geneva;\" mce_style=\"font-family: verdana, geneva;\">El 5 de marzo de 1450 <b><i>\u00abfablaron que se dez\u00eda que Pero Sarmiento pasaba con gente de armas por \u00e7erca de Burcos e facia Miranda\u00a0y que conven\u00eda resistirle el paso y a\u00fan tomarle las ac\u00e9milas y \u00a0recuas con lo robado en Toledo para remitirlo al Monarca\u00bb.<\/i><\/b><\/span><\/span><\/p>\n<p style=\"text-align: justify;\" mce_style=\"text-align: justify;\"><span style=\"font-size: medium;\" mce_style=\"font-size: medium;\"><span style=\"font-family: verdana, geneva;\" mce_style=\"font-family: verdana, geneva;\">Las consecuencias para estos pueblos, entre los que se encontraba Esquivias, fueron catastr\u00f3ficas.<\/span><\/span><\/p>\n<p style=\"text-align: justify;\" mce_style=\"text-align: justify;\"><span style=\"font-size: medium;\" mce_style=\"font-size: medium;\"><span style=\"font-family: verdana, geneva;\" mce_style=\"font-family: verdana, geneva;\">En Esquivias, que en el a\u00f1o 1449 contaba con 700 vecinos. Pasados los hechos relatados se redujeron hasta quedarse en 220 vecinos. En las cr\u00f3nicas del rey Felipe II del a\u00f1o 1575, Esquivias contaba con 250 vecinos, es decir que en 125 a\u00f1os tan s\u00f3lo hab\u00eda aumentado la poblaci\u00f3n en 30 vecinos mas.<\/span><\/span><\/p>\n<p style=\"text-align: justify;\" mce_style=\"text-align: justify;\"><span style=\"font-size: medium;\" mce_style=\"font-size: medium;\"><span style=\"font-family: verdana, geneva;\" mce_style=\"font-family: verdana, geneva;\">Esquivias qued\u00f3 empobrecido, incluso hipotecado por los rescates que hubo de pagar por las personas secuestradas. Los propietarios de las casas y tierras de labor pose\u00edan estas pero no as\u00ed dinero para mantenerlas y cuidarlas, igual que no pose\u00edan dinero para pagar a los jornaleros para realizar las labores agr\u00edcolas, y los jornaleros que no emigraban a otras poblaciones, pocos, realizaban dichas labores a cambio de comida: garbanzos, lentejas, jud\u00edas, trigo o harina.<\/span><\/span><\/p>\n<p style=\"text-align: justify;\" mce_style=\"text-align: justify;\"><span style=\"font-size: medium;\" mce_style=\"font-size: medium;\"><span style=\"font-family: verdana, geneva;\" mce_style=\"font-family: verdana, geneva;\">No obstante, la cosecha de cereal de ese a\u00f1o de 1450 se pudo recolectar dado que la sembradura se realizaba en el mes de noviembre, antes de la entrada del invierno, y cuando se sucedieron los hechos relatados ya se hallaban sembrados los campos.<\/span><\/span><\/p>\n<p style=\"text-align: justify;\" mce_style=\"text-align: justify;\"><span style=\"font-size: medium;\" mce_style=\"font-size: medium;\"><span style=\"font-family: verdana, geneva;\" mce_style=\"font-family: verdana, geneva;\">Lo mismo ocurri\u00f3 con la producci\u00f3n de uva: Las vi\u00f1as se podaban en el mes de enero para que reto\u00f1aran en la primavera, de tal forma que para el oto\u00f1o se pudieron vendimiar los majuelos, pero el problema de la carencia de mano de obra para realizar la labores agr\u00edcolas merm\u00f3 considerablemente los resultados.<\/span><\/span><\/p>\n<p style=\"text-align: justify;\" mce_style=\"text-align: justify;\"><span style=\"font-family: verdana, geneva; font-size: small;\" mce_style=\"font-family: verdana, geneva; font-size: small;\"><b><u>EL GRAN CATARRO DE 1580<\/u><\/b><\/span><\/p>\n<p style=\"text-align: justify;\" mce_style=\"text-align: justify;\"><span style=\"font-size: medium;\" mce_style=\"font-size: medium;\"><span style=\"font-family: verdana, geneva;\" mce_style=\"font-family: verdana, geneva;\">Se llam\u00f3 \u00abEl Gran Catarro de 1580\u00bb a la primera pandemia \u00a0no reconocida como tal hasta hoy, de gripe identificada, o de tos ferina (no se halla definido), que afect\u00f3 a Europa, Asia y Africa, en el a\u00f1o de 1580. La epidemia o pandemia no lleg\u00f3 a cruzar el Atl\u00e1ntico por lo que Am\u00e9rica no sufri\u00f3 sus consecuencias.<\/span><\/span><\/p>\n<p style=\"text-align: justify;\" mce_style=\"text-align: justify;\"><span style=\"font-size: medium;\" mce_style=\"font-size: medium;\"><span style=\"font-family: verdana, geneva;\" mce_style=\"font-family: verdana, geneva;\">Dicha pandemia, acab\u00f3 con gran parte de la poblaci\u00f3n de estos continentes, sin determinar su n\u00famero, pero que provoc\u00f3 la muerte de miles de personas.<\/span><\/span><\/p>\n<p style=\"text-align: center;\" mce_style=\"text-align: center;\"><span style=\"font-size: medium;\" mce_style=\"font-size: medium;\"><span style=\"font-family: verdana, geneva;\" mce_style=\"font-family: verdana, geneva;\"><img loading=\"lazy\" decoding=\"async\" class=\" size-full wp-image-545 size-full wp-image-545\" src=\"http:\/\/www.cervantinaesquivias.org\/wordpress\/wp-content\/uploads\/2013\/02\/iglesia-con-nieve-2.jpg\" mce_src=\"http:\/\/www.cervantinaesquivias.org\/wordpress\/wp-content\/uploads\/2013\/02\/iglesia-con-nieve-2.jpg\" alt=\"alt\" style=\"style\" mce_style=\"style\" width=\"680\" height=\"491\" srcset=\"http:\/\/www.cervantinaesquivias.org\/wordpress\/wp-content\/uploads\/2013\/02\/iglesia-con-nieve-2.jpg 680w, http:\/\/www.cervantinaesquivias.org\/wordpress\/wp-content\/uploads\/2013\/02\/iglesia-con-nieve-2-300x217.jpg 300w\" sizes=\"auto, (max-width: 680px) 100vw, 680px\" \/><br \/><\/span><\/span><\/p>\n<p style=\"text-align: center;\" mce_style=\"text-align: center;\">(Iglesia parroquial de Esquivias un d\u00eda de invierno)\u00a0<\/p>\n<p style=\"text-align: justify;\" mce_style=\"text-align: justify;\"><\/p>\n<p style=\"text-align: justify;\" mce_style=\"text-align: justify;\"><span style=\"font-size: medium;\" mce_style=\"font-size: medium;\"><span style=\"font-family: verdana, geneva;\" mce_style=\"font-family: verdana, geneva;\">En principio se la llam\u00f3 <b>\u00abla enfermedad del catarro\u00bb<\/b> que se atribuy\u00f3 a <b>\u00abla malicia del aire repentinamente corrompido\u00bb.<\/b>\u00a0<\/span><\/span><\/p>\n<p style=\"text-align: justify;\" mce_style=\"text-align: justify;\"><span style=\"font-size: medium;\" mce_style=\"font-size: medium;\"><span style=\"font-family: verdana, geneva;\" mce_style=\"font-family: verdana, geneva;\">La familia real tambi\u00e9n se vio afectada: El Rey Felipe II, a sus 53 a\u00f1os, viajaba a Portugal para ser coronado como Rey de dicho Estado, contrayendo la enfermedad. El Rey estuvo muy enfermo, hasta el punto de hallarse en coma, pero se restableci\u00f3 de su grave dolencia. No tuvo la misma suerte la Reina Ana de Austria, su esposa, que cay\u00f3 enferma y muri\u00f3 en Talavera la Real (Badajoz) a los pocos d\u00edas, el 26 de Octubre de 1580.<\/span><\/span><\/p>\n<p style=\"text-align: justify;\" mce_style=\"text-align: justify;\"><span style=\"font-size: medium;\" mce_style=\"font-size: medium;\"><span style=\"font-family: verdana, geneva;\" mce_style=\"font-family: verdana, geneva;\">La Reina consorte Ana de Austria, cuarta esposa del Rey Felipe II, sobrina de este, hab\u00eda concebido cinco hijos, el cuarto hered\u00f3 la corona reinando con el nombre de Felipe III (1578-1621). Do\u00f1a Ana de Austria hab\u00eda tenido su \u00faltimo hijo el 14 de febrero de 1580, hall\u00e1ndose embarazada de siete meses cuando muri\u00f3. Habr\u00eda cumplido los 31 a\u00f1os el 1 de noviembre de 1580. Es posible que su estado f\u00edsico no soportara la enfermedad.<\/span><\/span><\/p>\n<p style=\"text-align: justify;\" mce_style=\"text-align: justify;\"><span style=\"font-size: medium;\" mce_style=\"font-size: medium;\"><span style=\"font-family: verdana, geneva;\" mce_style=\"font-family: verdana, geneva;\">Como dato comparativo, en Orgaz (Toledo) que en aquella \u00e9poca contaba con una poblaci\u00f3n de 850 vecinos, fallecieron 213 en el a\u00f1o de 1579 y 190 en el a\u00f1o 1580. Afectando a familias enteras.<\/span><\/span><\/p>\n<p style=\"text-align: justify;\" mce_style=\"text-align: justify;\"><span style=\"font-size: medium;\" mce_style=\"font-size: medium;\"><span style=\"font-family: verdana, geneva;\" mce_style=\"font-family: verdana, geneva;\">Para la poblaci\u00f3n de Esquivias fue mas benigno el alcance de la pandemia, pues fallecieron tan solo 28 personas en el a\u00f1o de 1580, a\u00fan as\u00ed, represent\u00f3 el 11% de los vecinos (La poblaci\u00f3n de Esquivias en el a\u00f1o de 1584 era de <b><i>\u00ab165 vecinos mas o menos pudientes, de los cuales 37 eran hijos dalgo de rancia cepa, y unos 90 jornaleros\u00bb<\/i><\/b>), por lo que, a pesar de eso, tambi\u00e9n se vieron afectadas varias familias:<\/span><\/span><\/p>\n<p style=\"text-align: justify;\" mce_style=\"text-align: justify;\"><span style=\"font-size: medium;\" mce_style=\"font-size: medium;\"><span style=\"font-family: verdana, geneva;\" mce_style=\"font-family: verdana, geneva;\"><b>Los Palacios y Salazar<\/b>. Fallecieron Catalina Vozmediano, abuela paterna de Catalina de Salazar y Palacios, y Mar\u00eda Y\u00f1iguez mujer de Lope de Salazar, t\u00edo-abuelo de Catalina de Salazar y Palacios. En un espacio de cinco d\u00edas.<\/span><\/span><\/p>\n<p style=\"text-align: justify;\" mce_style=\"text-align: justify;\"><span style=\"font-size: medium;\" mce_style=\"font-size: medium;\"><span style=\"font-family: verdana, geneva;\" mce_style=\"font-family: verdana, geneva;\"><b>Los Ricote, moriscos.<\/b> Fallecieron Bernardino, su esposa y su hijo Pedro. En once d\u00edas.<\/span><\/span><\/p>\n<p style=\"text-align: justify;\" mce_style=\"text-align: justify;\"><span style=\"font-size: medium;\" mce_style=\"font-size: medium;\"><span style=\"font-family: verdana, geneva;\" mce_style=\"font-family: verdana, geneva;\"><b>Los Valenzuela, moriscos.<\/b> Fallecieron Juan de Valenzuela, la mujer de Pedro Valenzuela y un hijo de Agust\u00edn de Valenzuela. En un periodo de tres meses.<\/span><\/span><\/p>\n<p style=\"text-align: justify;\" mce_style=\"text-align: justify;\"><span style=\"font-size: medium;\" mce_style=\"font-size: medium;\"><span style=\"font-family: verdana, geneva;\" mce_style=\"font-family: verdana, geneva;\"><b>Los Morales, moriscos.<\/b> Fallecieron la madre de los Morales y una hija de Alonso de Morales. En un periodo de dos meses.<\/span><\/span><\/p>\n<p style=\"text-align: justify;\" mce_style=\"text-align: justify;\"><span style=\"font-size: medium;\" mce_style=\"font-size: medium;\"><span style=\"font-family: verdana, geneva;\" mce_style=\"font-family: verdana, geneva;\"><b>Los Garc\u00eda.<\/b> Fallecieron la mujer de Alonso Garc\u00eda y la de Pedro Garc\u00eda. En un periodo de seis d\u00edas.<\/span><\/span><\/p>\n<p style=\"text-align: justify;\" mce_style=\"text-align: justify;\"><span style=\"font-size: medium;\" mce_style=\"font-size: medium;\"><span style=\"font-family: verdana, geneva;\" mce_style=\"font-family: verdana, geneva;\"><b>Los Olmedo.<\/b> Fallecieron Leonor, mujer de Bartolom\u00e9 de Olmedo y Mar\u00eda, hija de Pedro de Olmedo. En doce d\u00edas.<\/span><\/span><\/p>\n<p style=\"text-align: justify;\" mce_style=\"text-align: justify;\"><span style=\"font-size: medium;\" mce_style=\"font-size: medium;\"><span style=\"font-family: verdana, geneva;\" mce_style=\"font-family: verdana, geneva;\"><b>Los Torrej\u00f3n.<\/b> Fallecieron los hermanos Juan Torrej\u00f3n y Juana Torrej\u00f3n, mujer de Pedro Mart\u00edn. En un periodo de diez d\u00edas.<\/span><\/span><\/p>\n<p style=\"text-align: justify;\" mce_style=\"text-align: justify;\"><span style=\"font-size: medium;\" mce_style=\"font-size: medium;\"><span style=\"font-family: verdana, geneva;\" mce_style=\"font-family: verdana, geneva;\"><b>Los Castillo.<\/b> Fallecieron Alonso del Castillo y su mujer Antonia Ruiz. En diez d\u00edas.<\/span><\/span><\/p>\n<p style=\"text-align: justify;\" mce_style=\"text-align: justify;\"><span style=\"font-size: medium;\" mce_style=\"font-size: medium;\"><span style=\"font-family: verdana, geneva;\" mce_style=\"font-family: verdana, geneva;\"><b>Los Cuellar.<\/b> Fallecieron Pedro de Cuellar y su hermano Diego de Cuellar. En un periodo de siete d\u00edas.<\/span><\/span><\/p>\n<p style=\"text-align: center;\" mce_style=\"text-align: center;\"><span style=\"font-size: medium;\" mce_style=\"font-size: medium;\"><span style=\"font-family: verdana, geneva;\" mce_style=\"font-family: verdana, geneva;\"><img loading=\"lazy\" decoding=\"async\" class=\" size-full wp-image-546 size-full wp-image-546\" src=\"http:\/\/www.cervantinaesquivias.org\/wordpress\/wp-content\/uploads\/2013\/02\/panoramica-de-esquivias-3.jpg\" mce_src=\"http:\/\/www.cervantinaesquivias.org\/wordpress\/wp-content\/uploads\/2013\/02\/panoramica-de-esquivias-3.jpg\" alt=\"alt\" width=\"850\" height=\"107\" srcset=\"http:\/\/www.cervantinaesquivias.org\/wordpress\/wp-content\/uploads\/2013\/02\/panoramica-de-esquivias-3.jpg 850w, http:\/\/www.cervantinaesquivias.org\/wordpress\/wp-content\/uploads\/2013\/02\/panoramica-de-esquivias-3-300x38.jpg 300w, http:\/\/www.cervantinaesquivias.org\/wordpress\/wp-content\/uploads\/2013\/02\/panoramica-de-esquivias-3-768x97.jpg 768w\" sizes=\"auto, (max-width: 850px) 100vw, 850px\" \/><br \/><\/span><\/span><\/p>\n<p style=\"text-align: center;\" mce_style=\"text-align: center;\">(Panor\u00e1mica actual de Esquivias)<\/p>\n<p style=\"text-align: right;\" mce_style=\"text-align: right;\"><span style=\"font-size: small;\" mce_style=\"font-size: small;\"><span style=\"font-family: helvetica;\" mce_style=\"font-family: helvetica;\"><i><b>Sabino de Diego.<\/b><\/i><\/span><\/span><\/p>\n<p style=\"text-align: justify;\" mce_style=\"text-align: justify;\"><span style=\"font-size: medium;\" mce_style=\"font-size: medium;\"><span style=\"font-family: verdana, geneva;\" mce_style=\"font-family: verdana, geneva;\"><br \/><\/span><\/span><\/p>\n<p style=\"text-align: justify;\" mce_style=\"text-align: justify;\"><span style=\"font-family: verdana, geneva; font-size: small;\" mce_style=\"font-family: verdana, geneva; font-size: small;\"><br \/><\/span><\/p>\n<p style=\"text-align: justify;\" mce_style=\"text-align: justify;\"><span style=\"font-size: medium;\" mce_style=\"font-size: medium;\"><span style=\"font-family: verdana, geneva;\" mce_style=\"font-family: verdana, geneva;\"><br \/><\/span><\/span><\/p>\n<p><\/p>\n<p><\/p>\n<p><\/p>\n<p><\/p>\n<p><\/p>\n","protected":false},"excerpt":{"rendered":"<p>Dos importantes hechos luctuosos ocurrieron en Esquivias en los Siglos XV y XVI: \u00abEl robo de Torija de 1450\u00bb \u00a0y [&hellip;]<\/p>\n","protected":false},"author":1,"featured_media":536,"comment_status":"open","ping_status":"open","sticky":false,"template":"","format":"standard","meta":{"footnotes":""},"categories":[9],"tags":[],"class_list":["post-547","post","type-post","status-publish","format-standard","has-post-thumbnail","hentry","category-noticias-de-la-web"],"_links":{"self":[{"href":"http:\/\/www.cervantinaesquivias.org\/wordpress\/wp-json\/wp\/v2\/posts\/547","targetHints":{"allow":["GET"]}}],"collection":[{"href":"http:\/\/www.cervantinaesquivias.org\/wordpress\/wp-json\/wp\/v2\/posts"}],"about":[{"href":"http:\/\/www.cervantinaesquivias.org\/wordpress\/wp-json\/wp\/v2\/types\/post"}],"author":[{"embeddable":true,"href":"http:\/\/www.cervantinaesquivias.org\/wordpress\/wp-json\/wp\/v2\/users\/1"}],"replies":[{"embeddable":true,"href":"http:\/\/www.cervantinaesquivias.org\/wordpress\/wp-json\/wp\/v2\/comments?post=547"}],"version-history":[{"count":0,"href":"http:\/\/www.cervantinaesquivias.org\/wordpress\/wp-json\/wp\/v2\/posts\/547\/revisions"}],"wp:featuredmedia":[{"embeddable":true,"href":"http:\/\/www.cervantinaesquivias.org\/wordpress\/wp-json\/wp\/v2\/media\/536"}],"wp:attachment":[{"href":"http:\/\/www.cervantinaesquivias.org\/wordpress\/wp-json\/wp\/v2\/media?parent=547"}],"wp:term":[{"taxonomy":"category","embeddable":true,"href":"http:\/\/www.cervantinaesquivias.org\/wordpress\/wp-json\/wp\/v2\/categories?post=547"},{"taxonomy":"post_tag","embeddable":true,"href":"http:\/\/www.cervantinaesquivias.org\/wordpress\/wp-json\/wp\/v2\/tags?post=547"}],"curies":[{"name":"wp","href":"https:\/\/api.w.org\/{rel}","templated":true}]}}