{"id":54,"date":"2010-09-24T08:39:52","date_gmt":"2010-09-24T08:39:52","guid":{"rendered":"http:\/\/www.cervantinaesquivias.org\/wordpress\/2010\/09\/24\/xxiii-encuentro-de-musica-polifonica\/"},"modified":"2010-09-24T08:39:52","modified_gmt":"2010-09-24T08:39:52","slug":"xxiii-encuentro-de-musica-polifonica","status":"publish","type":"post","link":"http:\/\/www.cervantinaesquivias.org\/wordpress\/2010\/09\/24\/xxiii-encuentro-de-musica-polifonica\/","title":{"rendered":"XXIII encuentro de m\u00fasica polif\u00f3nica. Junio 2009."},"content":{"rendered":"<p><img loading=\"lazy\" decoding=\"async\" class=\" alignleft size-full wp-image-53 alignleft size-full wp-image-53\" mce_style=\"float: left; margin: 10px;\" style=\"float: left; margin: 10px;\" src=\"http:\/\/www.cervantinaesquivias.org\/wordpress\/wp-content\/uploads\/2010\/09\/ad-corales.jpg\" mce_src=\"http:\/\/www.cervantinaesquivias.org\/wordpress\/wp-content\/uploads\/2010\/09\/ad-corales.jpg\" width=\"135\" height=\"80\" \/><\/p>\n<p><\/p>\n<p>Los d\u00edas 26 y 27 de Junio celebramos la vig\u00e9simo tercera edici\u00f3n del Encuentro de M\u00fasica Polif\u00f3nica, una actividad que por iniciativa de la Sociedad Cervantina arranc\u00f3 en 1987 y se ha venido celebrando a\u00f1o tras a\u00f1o puntualmente.<\/p>\n<p><!--more--><\/p>\n<p>Este encuentro de m\u00fasica polif\u00f3nica se cre\u00f3 para tratar de cubrir dos objetivos: por un lado dar a conocer y promocionar en esta localidad una modalidad de m\u00fasica culta que contaba con poco arraigo; y por otro lado enriquecer la oferta tur\u00edstica local, aprovechando el encuentro para atraer la visita cultural a Esquivias.<\/p>\n<p>El s\u00e1bado 26, en concierto inaugural, intervinieron las corales \u00abHermanas Esquinas\u00bb de Oca\u00f1a y \u00abCatalina de Palacios\u00bb de Esquivias. El d\u00eda 27 lo hicieron la Coral \u00abVilla de Humanes\u00bb y la Coral \u00abReal Capilla\u00bb de Aranjuez. Los conciertos fueron seguidos por el p\u00fablico esquiviano aficionado a este tipo de m\u00fasica, muy popular ya en nuestra localidad. Ambos d\u00edas contaron tambi\u00e9n con la presencia del Primer Teniente de Alcalde Israel S\u00e1nchez, la Concejal de Cultura Esther Zamorano, y la Concejal de Juventud y Deportes Isabel Zamorano, a quienes acompa\u00f1aron el Presidente de la Sociedad Cervantina Jos\u00e9 Rosell y miembros de la Junta Directiva de esta asociaci\u00f3n.<\/p>\n<p>Pueden ver las fotos de este evento en nuestra <a mce_href=\"index.php?option=com_phocagallery&#038;view=category&#038;id=5;xxiii-encuentro-de-musica-polifonica&#038;Itemid=74\" href=\"index.php?option=com_phocagallery&#038;view=category&#038;id=5;xxiii-encuentro-de-musica-polifonica&#038;Itemid=74\">Galer\u00eda Fotogr\u00e1fica<\/a><\/p>\n","protected":false},"excerpt":{"rendered":"<p>Los d\u00edas 26 y 27 de Junio celebramos la vig\u00e9simo tercera edici\u00f3n del Encuentro de M\u00fasica Polif\u00f3nica, una actividad que [&hellip;]<\/p>\n","protected":false},"author":1,"featured_media":53,"comment_status":"open","ping_status":"open","sticky":false,"template":"","format":"standard","meta":{"footnotes":""},"categories":[9],"tags":[],"class_list":["post-54","post","type-post","status-publish","format-standard","has-post-thumbnail","hentry","category-noticias-de-la-web"],"_links":{"self":[{"href":"http:\/\/www.cervantinaesquivias.org\/wordpress\/wp-json\/wp\/v2\/posts\/54","targetHints":{"allow":["GET"]}}],"collection":[{"href":"http:\/\/www.cervantinaesquivias.org\/wordpress\/wp-json\/wp\/v2\/posts"}],"about":[{"href":"http:\/\/www.cervantinaesquivias.org\/wordpress\/wp-json\/wp\/v2\/types\/post"}],"author":[{"embeddable":true,"href":"http:\/\/www.cervantinaesquivias.org\/wordpress\/wp-json\/wp\/v2\/users\/1"}],"replies":[{"embeddable":true,"href":"http:\/\/www.cervantinaesquivias.org\/wordpress\/wp-json\/wp\/v2\/comments?post=54"}],"version-history":[{"count":0,"href":"http:\/\/www.cervantinaesquivias.org\/wordpress\/wp-json\/wp\/v2\/posts\/54\/revisions"}],"wp:featuredmedia":[{"embeddable":true,"href":"http:\/\/www.cervantinaesquivias.org\/wordpress\/wp-json\/wp\/v2\/media\/53"}],"wp:attachment":[{"href":"http:\/\/www.cervantinaesquivias.org\/wordpress\/wp-json\/wp\/v2\/media?parent=54"}],"wp:term":[{"taxonomy":"category","embeddable":true,"href":"http:\/\/www.cervantinaesquivias.org\/wordpress\/wp-json\/wp\/v2\/categories?post=54"},{"taxonomy":"post_tag","embeddable":true,"href":"http:\/\/www.cervantinaesquivias.org\/wordpress\/wp-json\/wp\/v2\/tags?post=54"}],"curies":[{"name":"wp","href":"https:\/\/api.w.org\/{rel}","templated":true}]}}