{"id":535,"date":"2012-12-24T18:35:05","date_gmt":"2012-12-24T18:35:05","guid":{"rendered":"http:\/\/www.cervantinaesquivias.org\/wordpress\/2012\/12\/24\/xxxiii-jornadas-cervantinas-esquivias-12-12-12\/"},"modified":"2012-12-24T18:35:05","modified_gmt":"2012-12-24T18:35:05","slug":"xxxiii-jornadas-cervantinas-esquivias-12-12-12","status":"publish","type":"post","link":"http:\/\/www.cervantinaesquivias.org\/wordpress\/2012\/12\/24\/xxxiii-jornadas-cervantinas-esquivias-12-12-12\/","title":{"rendered":"XXXIII JORNADAS CERVANTINAS. ESQUIVIAS 12-12-12."},"content":{"rendered":"<p style=\"style\" mce_style=\"style\"><\/p>\n<p style=\"text-align: center;\" mce_style=\"text-align: center;\"><img loading=\"lazy\" decoding=\"async\" class=\" size-full wp-image-467\" src=\"http:\/\/www.cervantinaesquivias.org\/wordpress\/wp-content\/uploads\/2012\/12\/cervantes-y-maria.jpg\" mce_src=\"images\/stories\/cervantes-y-maria.jpg\" alt=\"alt\" style=\"margin-left: 20px; margin-right: 20px;\" mce_style=\"margin-left: 20px; margin-right: 20px;\" width=\"551\" height=\"409\" srcset=\"http:\/\/www.cervantinaesquivias.org\/wordpress\/wp-content\/uploads\/2012\/12\/cervantes-y-maria.jpg 551w, http:\/\/www.cervantinaesquivias.org\/wordpress\/wp-content\/uploads\/2012\/12\/cervantes-y-maria-300x223.jpg 300w\" sizes=\"auto, (max-width: 551px) 100vw, 551px\" \/><\/p>\n<p style=\"text-align: center;\" mce_style=\"text-align: center;\">(Miguel de Cervantes escribiendo, ante la presencia de Mar\u00eda, la criada mas querida de Catalina).<\/p>\n<p style=\"text-align: justify;\" mce_style=\"text-align: justify;\"><span style=\"font-size: medium;\" mce_style=\"font-size: medium;\"><span style=\"font-family: verdana, geneva;\" mce_style=\"font-family: verdana, geneva;\">Se han celebrado con gran \u00e9xito de p\u00fablico y cr\u00edtica la XXXIII Edici\u00f3n de las Jornadas Cervantinas de Esquivias, en conmemoraci\u00f3n del aniversario de la boda de Miguel de Cervantes Saavedra con la esquiviana Catalina de Salazar y Palacios.<\/span><\/span><\/p>\n<p style=\"text-align: justify;\" mce_style=\"text-align: justify;\"><span style=\"font-size: medium;\" mce_style=\"font-size: medium;\"><span style=\"font-family: verdana, geneva;\" mce_style=\"font-family: verdana, geneva;\"><br \/><\/span><\/span><\/p>\n<p style=\"text-align: center;\" mce_style=\"text-align: center;\"><span style=\"font-size: medium;\" mce_style=\"font-size: medium;\"><span style=\"font-family: verdana, geneva;\" mce_style=\"font-family: verdana, geneva;\"><u>EL PREGON<\/u><\/span><\/span><\/p>\n<p style=\"text-align: justify;\" mce_style=\"text-align: justify;\"><span style=\"font-size: medium;\" mce_style=\"font-size: medium;\"><span style=\"font-family: verdana, geneva;\" mce_style=\"font-family: verdana, geneva;\">Los actos se iniciaron el d\u00eda 3 de diciembre con el Preg\u00f3n de las<\/span><\/span><\/p>\n<p style=\"text-align: justify;\" mce_style=\"text-align: justify;\"><\/p>\n<p><!--more--><\/p>\n<p><\/p>\n<p style=\"text-align: justify;\" mce_style=\"text-align: justify;\"><span style=\"font-size: medium;\" mce_style=\"font-size: medium;\"><span style=\"font-family: verdana, geneva;\" mce_style=\"font-family: verdana, geneva;\">Jornadas, que corri\u00f3 a cargo de Don Marciano Ortega Molina, Alcalde de la muy noble ciudad de El Toboso.\u00a0<\/span><\/span><\/p>\n<p style=\"text-align: center;\" mce_style=\"text-align: center;\"><span style=\"font-size: medium;\" mce_style=\"font-size: medium;\"><span style=\"font-family: verdana, geneva;\" mce_style=\"font-family: verdana, geneva;\"><img loading=\"lazy\" decoding=\"async\" class=\" size-full wp-image-468 size-full wp-image-468\" src=\"http:\/\/www.cervantinaesquivias.org\/wordpress\/wp-content\/uploads\/2012\/12\/presentacion.jpg\" mce_src=\"http:\/\/www.cervantinaesquivias.org\/wordpress\/wp-content\/uploads\/2012\/12\/presentacion.jpg\" alt=\"alt\" style=\"style\" mce_style=\"style\" width=\"709\" height=\"293\" srcset=\"http:\/\/www.cervantinaesquivias.org\/wordpress\/wp-content\/uploads\/2012\/12\/presentacion.jpg 709w, http:\/\/www.cervantinaesquivias.org\/wordpress\/wp-content\/uploads\/2012\/12\/presentacion-300x124.jpg 300w\" sizes=\"auto, (max-width: 709px) 100vw, 709px\" \/><br \/><\/span><\/span><\/p>\n<p style=\"text-align: center;\" mce_style=\"text-align: center;\">(Don Marciano Ortega, Do\u00f1a Elena Fern\u00e1ndez de Velasco y Don Jos\u00e9 Rosell)<\/p>\n<p style=\"text-align: justify;\" mce_style=\"text-align: justify;\"><span style=\"font-size: medium;\" mce_style=\"font-size: medium;\"><span style=\"font-family: verdana, geneva;\" mce_style=\"font-family: verdana, geneva;\">Inici\u00f3 el acto Do\u00f1a Elena Fern\u00e1ndez de Velasco Hern\u00e1ndez, alcaldesa de Esquivias, que expres\u00f3 la ilusi\u00f3n que hab\u00eda puesto el Ayuntamiento de Esquivias, en colaboraci\u00f3n con la Sociedad Cervantina, para organizar estas XXXIII Jornadas Cervantinas, haciendo un recorrido por los diferentes actos programados, con \u00e9nfasis en aquellos en los que colaboran directamente personas de Esquivias, como son: Las Estampas Esquive\u00f1as, con un elenco amater de esquivianos, el concierto de un Terceto de M\u00fasica L\u00edrica, d\u00f3nde interviene la esquiviana Irene Moreno, soprano, el Pasacalles Cervantino a cargo de la Asociaci\u00f3n de Mujeres de Esquivias, la Jornada de Puertas abiertas de la Casa de Cervantes, con escenificaci\u00f3n en las dependencias del Museo, el concierto de m\u00fasica barroca, a cargo de un grupo de c\u00e1mara de la Asociaci\u00f3n Musical Villa de Esquivias, la Cata de Vinos a cargo de Pedro Hermida, en\u00f3logo esquiviano, y de la representaci\u00f3n de las Estampas Esquive\u00f1as Infantiles, a cargo de un Grupo Esc\u00e9nico del CEIP \u00abCatalina de Palacios\u00bb de Esquivias, exclusivamente para p\u00fablico escolar, al hallarse dentro del horario lectivo, y por supuesto la colaboraci\u00f3n de la Asociaci\u00f3n Fotogr\u00e1fica Contraluz de Esquivias, con la exposici\u00f3n permanente de sus trabajos, bajo el t\u00edtulo \u00abEl Color del Oto\u00f1o\u00bb.<\/span><\/span><\/p>\n<p style=\"text-align: justify;\" mce_style=\"text-align: justify;\"><span style=\"font-size: medium;\" mce_style=\"font-size: medium;\"><span style=\"font-family: verdana, geneva;\" mce_style=\"font-family: verdana, geneva;\"><br \/><\/span><\/span><\/p>\n<p style=\"text-align: justify;\" mce_style=\"text-align: justify;\"><span style=\"font-size: medium;\" mce_style=\"font-size: medium;\"><span style=\"font-family: verdana, geneva;\" mce_style=\"font-family: verdana, geneva;\">Acto seguido tom\u00f3 la palabra el Presidente de la Sociedad Cervantina de Esquivias, Don Jos\u00e9 Rosell Villasevil que, con el fino l\u00e9xico que le caracteriza, ensalz\u00f3 el inter\u00e9s que demuestra el Ayuntamiento de Esquivias en seguir avanzando en el desarrollo de las actividades cervantinas, como se\u00f1a de identidad de este pueblo manchego. Alab\u00f3 al pregonero de estas Jornadas, lanzando un reto a la uni\u00f3n mas a\u00fan si cabe, entre las localidades de El Toboso y Esquivias, patria de Dulcinea el primero y de Catalina el segundo.<\/span><\/span><\/p>\n<p style=\"text-align: center;\" mce_style=\"text-align: center;\"><span style=\"font-size: medium;\" mce_style=\"font-size: medium;\"><span style=\"font-family: verdana, geneva;\" mce_style=\"font-family: verdana, geneva;\"><img loading=\"lazy\" decoding=\"async\" class=\" size-full wp-image-469 size-full wp-image-469\" src=\"http:\/\/www.cervantinaesquivias.org\/wordpress\/wp-content\/uploads\/2012\/12\/pregonero.jpg\" mce_src=\"http:\/\/www.cervantinaesquivias.org\/wordpress\/wp-content\/uploads\/2012\/12\/pregonero.jpg\" alt=\"alt\" style=\"style\" mce_style=\"style\" width=\"709\" height=\"369\" srcset=\"http:\/\/www.cervantinaesquivias.org\/wordpress\/wp-content\/uploads\/2012\/12\/pregonero.jpg 709w, http:\/\/www.cervantinaesquivias.org\/wordpress\/wp-content\/uploads\/2012\/12\/pregonero-300x156.jpg 300w\" sizes=\"auto, (max-width: 709px) 100vw, 709px\" \/><br \/><\/span><\/span><\/p>\n<p style=\"text-align: center;\" mce_style=\"text-align: center;\">(Don Marciano Ortega, pronunciando el Preg\u00f3n)<\/p>\n<p style=\"text-align: justify;\" mce_style=\"text-align: justify;\"><span style=\"font-size: medium;\" mce_style=\"font-size: medium;\"><span style=\"font-family: verdana, geneva;\" mce_style=\"font-family: verdana, geneva;\">Por su parte, Don Marciano Ortega expuso su preg\u00f3n incluso con la imitaci\u00f3n particular de este tipo de actos, agradeciendo al Ayuntamiento y a la Sociedad Cervantina en honor del que se le hace a el y al pueblo de El Toboso para hallarse presente en estas Jornadas Cervantinas de Esquivias.<\/span><\/span><\/p>\n<p style=\"text-align: center;\" mce_style=\"text-align: center;\"><span style=\"font-size: medium;\" mce_style=\"font-size: medium;\"><span style=\"font-family: verdana, geneva;\" mce_style=\"font-family: verdana, geneva;\"><img loading=\"lazy\" decoding=\"async\" class=\" size-full wp-image-470 size-full wp-image-470\" src=\"http:\/\/www.cervantinaesquivias.org\/wordpress\/wp-content\/uploads\/2012\/12\/clara.jpg\" mce_src=\"http:\/\/www.cervantinaesquivias.org\/wordpress\/wp-content\/uploads\/2012\/12\/clara.jpg\" alt=\"alt\" style=\"style\" mce_style=\"style\" width=\"624\" height=\"579\" srcset=\"http:\/\/www.cervantinaesquivias.org\/wordpress\/wp-content\/uploads\/2012\/12\/clara.jpg 624w, http:\/\/www.cervantinaesquivias.org\/wordpress\/wp-content\/uploads\/2012\/12\/clara-300x278.jpg 300w\" sizes=\"auto, (max-width: 624px) 100vw, 624px\" \/><br \/><\/span><\/span><\/p>\n<p style=\"text-align: center;\" mce_style=\"text-align: center;\">(Clara Truchado Mart\u00edn declamando un poema de Don Jos\u00e9 Rosell)\u00a0<\/p>\n<p style=\"text-align: justify;\" mce_style=\"text-align: justify;\"><span style=\"font-size: medium;\" mce_style=\"font-size: medium;\"><span style=\"font-family: verdana, geneva;\" mce_style=\"font-family: verdana, geneva;\">Acto seguido, la rapsoda esquiviana Clara Truchado Mart\u00edn declam\u00f3 un poema escrito para esta ocasi\u00f3n por Jos\u00e9 Rosell Villasevil, con el t\u00edtulo \u00abFue un Sue\u00f1o\u00bb:<\/span><\/span><\/p>\n<p style=\"text-align: center;\" mce_style=\"text-align: center;\"><span style=\"font-size: medium;\" mce_style=\"font-size: medium;\"><span style=\"font-family: verdana, geneva;\" mce_style=\"font-family: verdana, geneva;\">Fue un sue\u00f1o<\/span><\/span><\/p>\n<p style=\"text-align: center;\" mce_style=\"text-align: center;\"><span style=\"font-size: medium;\" mce_style=\"font-size: medium;\"><span style=\"font-family: verdana, geneva;\" mce_style=\"font-family: verdana, geneva;\">Catalina &#8211; Dulcinea,<\/span><\/span><\/p>\n<p style=\"text-align: center;\" mce_style=\"text-align: center;\"><span style=\"font-size: medium;\" mce_style=\"font-size: medium;\"><span style=\"font-family: verdana, geneva;\" mce_style=\"font-family: verdana, geneva;\">Fue un sue\u00f1o<\/span><\/span><\/p>\n<p style=\"text-align: center;\" mce_style=\"text-align: center;\"><span style=\"font-size: medium;\" mce_style=\"font-size: medium;\"><span style=\"font-family: verdana, geneva;\" mce_style=\"font-family: verdana, geneva;\">Dulcinea &#8211; Catalina.<\/span><\/span><\/p>\n<p style=\"text-align: center;\" mce_style=\"text-align: center;\"><span style=\"font-size: medium;\" mce_style=\"font-size: medium;\"><span style=\"font-family: verdana, geneva;\" mce_style=\"font-family: verdana, geneva;\">Yo so\u00f1ando<\/span><\/span><\/p>\n<p style=\"text-align: center;\" mce_style=\"text-align: center;\"><span style=\"font-size: medium;\" mce_style=\"font-size: medium;\"><span style=\"font-family: verdana, geneva;\" mce_style=\"font-family: verdana, geneva;\">Parnasos, Galateas,\u00a0<\/span><\/span><\/p>\n<p style=\"text-align: center;\" mce_style=\"text-align: center;\"><span style=\"font-size: medium;\" mce_style=\"font-size: medium;\"><span style=\"font-family: verdana, geneva;\" mce_style=\"font-family: verdana, geneva;\">T\u00fa so\u00f1ando<\/span><\/span><\/p>\n<p style=\"text-align: center;\" mce_style=\"text-align: center;\"><span style=\"font-size: medium;\" mce_style=\"font-size: medium;\"><span style=\"font-family: verdana, geneva;\" mce_style=\"font-family: verdana, geneva;\">Batallas de Lepanto.<\/span><\/span><\/p>\n<p style=\"text-align: center;\" mce_style=\"text-align: center;\"><span style=\"font-size: medium;\" mce_style=\"font-size: medium;\"><span style=\"font-family: verdana, geneva;\" mce_style=\"font-family: verdana, geneva;\">Yo so\u00f1ando gigantes<\/span><\/span><\/p>\n<p style=\"text-align: center;\" mce_style=\"text-align: center;\"><span style=\"font-size: medium;\" mce_style=\"font-size: medium;\"><span style=\"font-family: verdana, geneva;\" mce_style=\"font-family: verdana, geneva;\">Y tu amores<\/span><\/span><\/p>\n<p style=\"text-align: center;\" mce_style=\"text-align: center;\"><span style=\"font-size: medium;\" mce_style=\"font-size: medium;\"><span style=\"font-family: verdana, geneva;\" mce_style=\"font-family: verdana, geneva;\">Y tu amores<\/span><\/span><\/p>\n<p style=\"text-align: center;\" mce_style=\"text-align: center;\"><span style=\"font-size: medium;\" mce_style=\"font-size: medium;\"><span style=\"font-family: verdana, geneva;\" mce_style=\"font-family: verdana, geneva;\">So\u00f1ando.<\/span><\/span><\/p>\n<p style=\"text-align: center;\" mce_style=\"text-align: center;\"><span style=\"font-size: medium;\" mce_style=\"font-size: medium;\"><span style=\"font-family: verdana, geneva;\" mce_style=\"font-family: verdana, geneva;\">Fue un sue\u00f1o<\/span><\/span><\/p>\n<p style=\"text-align: center;\" mce_style=\"text-align: center;\"><span style=\"font-size: medium;\" mce_style=\"font-size: medium;\"><span style=\"font-family: verdana, geneva;\" mce_style=\"font-family: verdana, geneva;\">Catalina &#8211; Dulcinea<\/span><\/span><\/p>\n<p style=\"text-align: center;\" mce_style=\"text-align: center;\"><span style=\"font-size: medium;\" mce_style=\"font-size: medium;\"><span style=\"font-family: verdana, geneva;\" mce_style=\"font-family: verdana, geneva;\">Nuestro primer encuentro,<\/span><\/span><\/p>\n<p style=\"text-align: center;\" mce_style=\"text-align: center;\"><span style=\"font-size: medium;\" mce_style=\"font-size: medium;\"><span style=\"font-family: verdana, geneva;\" mce_style=\"font-family: verdana, geneva;\">Nuestro primer di\u00e1logo.<\/span><\/span><\/p>\n<p style=\"text-align: center;\" mce_style=\"text-align: center;\"><span style=\"font-size: medium;\" mce_style=\"font-size: medium;\"><span style=\"font-family: verdana, geneva;\" mce_style=\"font-family: verdana, geneva;\">Fue un sue\u00f1o<\/span><\/span><\/p>\n<p style=\"text-align: center;\" mce_style=\"text-align: center;\"><span style=\"font-size: medium;\" mce_style=\"font-size: medium;\"><span style=\"font-family: verdana, geneva;\" mce_style=\"font-family: verdana, geneva;\">Dulcinea &#8211; Catalina,<\/span><\/span><\/p>\n<p style=\"text-align: center;\" mce_style=\"text-align: center;\"><span style=\"font-size: medium;\" mce_style=\"font-size: medium;\"><span style=\"font-family: verdana, geneva;\" mce_style=\"font-family: verdana, geneva;\">Majuelos celestiales\u00a0<\/span><\/span><\/p>\n<p style=\"text-align: center;\" mce_style=\"text-align: center;\"><span style=\"font-size: medium;\" mce_style=\"font-size: medium;\"><span style=\"font-family: verdana, geneva;\" mce_style=\"font-family: verdana, geneva;\">Donde te am\u00e9<\/span><\/span><\/p>\n<p style=\"text-align: center;\" mce_style=\"text-align: center;\"><span style=\"font-size: medium;\" mce_style=\"font-size: medium;\"><span style=\"font-family: verdana, geneva;\" mce_style=\"font-family: verdana, geneva;\">So\u00f1ando.<\/span><\/span><\/p>\n<p style=\"text-align: center;\" mce_style=\"text-align: center;\"><span style=\"font-size: medium;\" mce_style=\"font-size: medium;\"><span style=\"font-family: verdana, geneva;\" mce_style=\"font-family: verdana, geneva;\">Fue un sue\u00f1o<\/span><\/span><\/p>\n<p style=\"text-align: center;\" mce_style=\"text-align: center;\"><span style=\"font-size: medium;\" mce_style=\"font-size: medium;\"><span style=\"font-family: verdana, geneva;\" mce_style=\"font-family: verdana, geneva;\">Dulcinea &#8211; Catalina<\/span><\/span><\/p>\n<p style=\"text-align: center;\" mce_style=\"text-align: center;\"><span style=\"font-size: medium;\" mce_style=\"font-size: medium;\"><span style=\"font-family: verdana, geneva;\" mce_style=\"font-family: verdana, geneva;\">-tal dualidad-<\/span><\/span><\/p>\n<p style=\"text-align: center;\" mce_style=\"text-align: center;\"><span style=\"font-size: medium;\" mce_style=\"font-size: medium;\"><span style=\"font-family: verdana, geneva;\" mce_style=\"font-family: verdana, geneva;\">Entre dulce y amargo.<\/span><\/span><\/p>\n<p style=\"text-align: center;\" mce_style=\"text-align: center;\"><span style=\"font-size: medium;\" mce_style=\"font-size: medium;\"><span style=\"font-family: verdana, geneva;\" mce_style=\"font-family: verdana, geneva;\">Fue un sue\u00f1o<\/span><\/span><\/p>\n<p style=\"text-align: center;\" mce_style=\"text-align: center;\"><span style=\"font-size: medium;\" mce_style=\"font-size: medium;\"><span style=\"font-family: verdana, geneva;\" mce_style=\"font-family: verdana, geneva;\">Catalina &#8211; Dulcinea<\/span><\/span><\/p>\n<p style=\"text-align: center;\" mce_style=\"text-align: center;\"><span style=\"font-size: medium;\" mce_style=\"font-size: medium;\"><span style=\"font-family: verdana, geneva;\" mce_style=\"font-family: verdana, geneva;\">El Toboso y Esquivias<\/span><\/span><\/p>\n<p style=\"text-align: center;\" mce_style=\"text-align: center;\"><span style=\"font-size: medium;\" mce_style=\"font-size: medium;\"><span style=\"font-family: verdana, geneva;\" mce_style=\"font-family: verdana, geneva;\">Se estaban abrazando.<\/span><\/span><\/p>\n<p style=\"text-align: center;\" mce_style=\"text-align: center;\"><span style=\"font-family: verdana, geneva; font-size: small;\" mce_style=\"font-family: verdana, geneva; font-size: small;\">&#8212;&#8212;&#8212;&#8212;-<\/span><\/p>\n<p style=\"text-align: center;\" mce_style=\"text-align: center;\"><span style=\"font-family: verdana, geneva; font-size: small;\" mce_style=\"font-family: verdana, geneva; font-size: small;\"><img loading=\"lazy\" decoding=\"async\" class=\" size-full wp-image-471 size-full wp-image-471\" src=\"http:\/\/www.cervantinaesquivias.org\/wordpress\/wp-content\/uploads\/2012\/12\/coral.jpg\" mce_src=\"http:\/\/www.cervantinaesquivias.org\/wordpress\/wp-content\/uploads\/2012\/12\/coral.jpg\" alt=\"alt\" width=\"709\" height=\"444\" srcset=\"http:\/\/www.cervantinaesquivias.org\/wordpress\/wp-content\/uploads\/2012\/12\/coral.jpg 709w, http:\/\/www.cervantinaesquivias.org\/wordpress\/wp-content\/uploads\/2012\/12\/coral-300x188.jpg 300w\" sizes=\"auto, (max-width: 709px) 100vw, 709px\" \/><br \/><\/span><\/p>\n<p style=\"text-align: center;\" mce_style=\"text-align: center;\">(Actuaci\u00f3n de la Coral Polif\u00f3nica Catalina de Palacios)<\/p>\n<p style=\"style\" mce_style=\"style\"><span style=\"font-family: verdana, geneva; font-size: medium; text-align: justify;\" mce_style=\"font-family: verdana, geneva; font-size: medium; text-align: justify;\">Para finalizar el Acto, la Coral Polif\u00f3nica Catalina de Palacios de Esquivias, bajo la direcci\u00f3n de Don L\u00e1zaro Pablo Cabrera Mosqueda, interpret\u00f3 unas piezas de los siglos XIV a XVI, con car\u00e1cter pre-Navide\u00f1o.<\/span><\/p>\n<p style=\"style\" mce_style=\"style\"><span style=\"font-family: verdana, geneva; font-size: medium; text-align: justify;\" mce_style=\"font-family: verdana, geneva; font-size: medium; text-align: justify;\"><br \/><\/span><\/p>\n<p style=\"text-align: center;\" mce_style=\"text-align: center;\"><span style=\"font-size: medium; text-align: justify;\" mce_style=\"font-family: verdana, geneva; font-size: medium; text-align: justify;\"><u style=\"style\" mce_style=\"style\"><span style=\"font-family: verdana, geneva;\" mce_style=\"font-family: verdana, geneva;\">EXPOSICI\u00d3N DE NIKOLAJ PIRNAT<\/span><\/u><\/span><\/p>\n<p style=\"style\" mce_style=\"style\"><img loading=\"lazy\" decoding=\"async\" class=\" alignleft size-full wp-image-472 alignleft size-full wp-image-472\" src=\"http:\/\/www.cervantinaesquivias.org\/wordpress\/wp-content\/uploads\/2012\/12\/portada-programa.jpg\" mce_src=\"http:\/\/www.cervantinaesquivias.org\/wordpress\/wp-content\/uploads\/2012\/12\/portada-programa.jpg\" style=\"float: left; margin-left: 20px; margin-right: 20px;\" mce_style=\"float: left; margin-left: 20px; margin-right: 20px;\" width=\"315\" height=\"473\" srcset=\"http:\/\/www.cervantinaesquivias.org\/wordpress\/wp-content\/uploads\/2012\/12\/portada-programa.jpg 315w, http:\/\/www.cervantinaesquivias.org\/wordpress\/wp-content\/uploads\/2012\/12\/portada-programa-200x300.jpg 200w\" sizes=\"auto, (max-width: 315px) 100vw, 315px\" \/><\/p>\n<p style=\"text-align: justify; \" mce_style=\"text-align: justify; \"><\/p>\n<p style=\"text-align: justify; \" mce_style=\"text-align: justify; \"><\/p>\n<p style=\"text-align: justify; \" mce_style=\"text-align: justify; \"><\/p>\n<p style=\"text-align: justify; \" mce_style=\"text-align: justify; \"><\/p>\n<p style=\"text-align: justify; \" mce_style=\"text-align: justify; \"><span style=\"font-size: medium;\" mce_style=\"font-size: medium;\"><span style=\"font-family: verdana, geneva;\" mce_style=\"font-family: verdana, geneva;\">El mismo dia 3, con la presencia del Embajador de Eslovenia en Espa\u00f1a, Don Aljaz Gosnar, de la alcaldesa de Esquivias y del Presidente de la Sociedad Cervantina, se inaugur\u00f3 la exposici\u00f3n de l\u00e1minas del artista esloveno Nikolaj Pirnat, que se hall\u00f3 expuesta en las caballerizas de la Casa de Cervantes durante las Jornadas Cervantinas.<\/span><\/span><\/p>\n<p style=\"text-align: justify; \" mce_style=\"text-align: justify; \"><\/p>\n<p style=\"text-align: justify; \" mce_style=\"text-align: justify; \"><\/p>\n<p style=\"text-align: justify; \" mce_style=\"text-align: justify; \"><span style=\"font-size: medium;\" mce_style=\"font-size: medium;\"><span style=\"font-family: verdana, geneva;\" mce_style=\"font-family: verdana, geneva;\">La colecci\u00f3n, compuesta por 33 l\u00e1minas, reflejan momentos del Quijote que Pirnat dibuj\u00f3 para la Primera Edici\u00f3n impresa en esloveno en los a\u00f1os 1935 a 1937, \u00abmanteni\u00e9ndose en la cumbre de la ilustraci\u00f3n eslovena de todos los tiempos\u00bb.<\/span><\/span><\/p>\n<p style=\"text-align: justify; \" mce_style=\"text-align: justify; \"><\/p>\n<p style=\"text-align: justify; \" mce_style=\"text-align: justify; \"><\/p>\n<p style=\"text-align: justify; \" mce_style=\"text-align: justify; \"><\/p>\n<p style=\"text-align: center;\" mce_style=\"text-align: center;\"><span style=\"font-size: medium;\" mce_style=\"font-size: medium;\"><span style=\"font-family: verdana, geneva;\" mce_style=\"font-family: verdana, geneva;\"><img loading=\"lazy\" decoding=\"async\" class=\" size-full wp-image-473 size-full wp-image-473\" src=\"http:\/\/www.cervantinaesquivias.org\/wordpress\/wp-content\/uploads\/2012\/12\/exposicion.jpg\" mce_src=\"http:\/\/www.cervantinaesquivias.org\/wordpress\/wp-content\/uploads\/2012\/12\/exposicion.jpg\" alt=\"alt\" style=\"style\" mce_style=\"style\" width=\"709\" height=\"435\" srcset=\"http:\/\/www.cervantinaesquivias.org\/wordpress\/wp-content\/uploads\/2012\/12\/exposicion.jpg 709w, http:\/\/www.cervantinaesquivias.org\/wordpress\/wp-content\/uploads\/2012\/12\/exposicion-300x184.jpg 300w\" sizes=\"auto, (max-width: 709px) 100vw, 709px\" \/><br \/><\/span><\/span><\/p>\n<p style=\"text-align: justify; \" mce_style=\"text-align: justify; \"><span style=\"font-size: medium;\" mce_style=\"font-size: medium;\"><span style=\"font-family: verdana, geneva;\" mce_style=\"font-family: verdana, geneva;\">Nikolaj Pirnat fue un artista esloveno (1903-1948) escultor, pintor, dibujante, ilustrador y caricaturista, que supo ver y plasm\u00f3 en sus obras el sentimiento que Cervantes impregn\u00f3 su obra maestra.<\/span><\/span><\/p>\n<p style=\"text-align: justify; \" mce_style=\"text-align: justify; \"><span style=\"font-size: medium;\" mce_style=\"font-size: medium;\"><span style=\"font-family: verdana, geneva;\" mce_style=\"font-family: verdana, geneva;\">Pirnat estaba convencido de que el artista debe construir \u00abde si mismo, de su entorno, de la carretera, de la aldea, de la f\u00e1brica\u00bb, consiguiendo en esta colecci\u00f3n plasmar en cada una de sus escenas un enfoque particular y \u00fanico, lo que concede una gran heterogeneidad a la serie.<\/span><\/span><\/p>\n<p style=\"text-align: center;\" mce_style=\"text-align: center;\"><span style=\"font-size: medium;\" mce_style=\"font-size: medium;\"><span style=\"font-family: verdana, geneva;\" mce_style=\"font-family: verdana, geneva;\"><img loading=\"lazy\" decoding=\"async\" class=\" size-full wp-image-474 size-full wp-image-474\" src=\"http:\/\/www.cervantinaesquivias.org\/wordpress\/wp-content\/uploads\/2012\/12\/grupo.jpg\" mce_src=\"http:\/\/www.cervantinaesquivias.org\/wordpress\/wp-content\/uploads\/2012\/12\/grupo.jpg\" alt=\"alt\" style=\"style\" mce_style=\"style\" width=\"709\" height=\"429\" srcset=\"http:\/\/www.cervantinaesquivias.org\/wordpress\/wp-content\/uploads\/2012\/12\/grupo.jpg 709w, http:\/\/www.cervantinaesquivias.org\/wordpress\/wp-content\/uploads\/2012\/12\/grupo-300x182.jpg 300w\" sizes=\"auto, (max-width: 709px) 100vw, 709px\" \/><br \/><\/span><\/span><\/p>\n<p style=\"text-align: center;\" mce_style=\"text-align: center;\"><span style=\"font-size: medium;\" mce_style=\"font-size: medium;\"><span style=\"font-size: small;\" mce_style=\"font-size: small;\">(Don Aljaz Gosnar, Embajador de Eslovenia en Espa\u00f1a, acompa\u00f1ado de su esposa y de la Agregada Cultural de su Embajada, junto Do\u00f1a Elena Fern\u00e1ndez de Velasco, Alcaldesa de Esquivias, Don Jos\u00e9 Rosell, Don Marciano Ortega y Don Sabino de Diego).<\/span><\/span><\/p>\n<p style=\"text-align: center;\" mce_style=\"text-align: center;\"><span style=\"font-size: small;\" mce_style=\"font-family: verdana, geneva; font-size: small;\"><u style=\"style\" mce_style=\"style\"><span style=\"font-size: medium;\" mce_style=\"font-size: medium;\"><span style=\"font-family: verdana, geneva;\" mce_style=\"font-family: verdana, geneva;\">CERTAMEN DE PINTURA R\u00c1PIDA<\/span><\/span><\/u><\/span><\/p>\n<p style=\"text-align: justify;\" mce_style=\"text-align: justify;\"><span style=\"font-size: medium;\" mce_style=\"font-size: medium;\"><span style=\"font-family: verdana, geneva;\" mce_style=\"font-family: verdana, geneva;\">El d\u00eda 6 de diciembre tuvo lugar el II Certamen de Pintura R\u00e1pida, que congreg\u00f3 a 30 artistas, j\u00f3venes y mayores, que repartidos por todo el pueblo de Esquivias captaron edificios, rincones, etc. seg\u00fan el criterio de cada artista.<\/span><\/span><\/p>\n<p style=\"text-align: justify;\" mce_style=\"text-align: justify;\"><span style=\"font-size: medium;\" mce_style=\"font-size: medium;\"><span style=\"font-family: verdana, geneva;\" mce_style=\"font-family: verdana, geneva;\">El jurado compuesto por los artistas esquivianos, no participantes en el concurso:<\/span><\/span><\/p>\n<p style=\"text-align: justify;\" mce_style=\"text-align: justify;\"><span style=\"font-size: medium;\" mce_style=\"font-size: medium;\"><span style=\"font-family: verdana, geneva;\" mce_style=\"font-family: verdana, geneva;\">Mercedes P\u00e9rez Garc\u00eda, Raquel P\u00e9rez Vallejo, Rafael Vargas Sim\u00f3n, Magdalena P\u00e9rez Huerta y Emilia Garc\u00eda Moya, otorgaron los siguientes premios:<\/span><\/span><\/p>\n<p style=\"text-align: center;\" mce_style=\"text-align: center;\"><span style=\"font-size: small;\" mce_style=\"font-family: verdana, geneva; font-size: small;\"><u style=\"style\" mce_style=\"style\"><span style=\"font-size: medium;\" mce_style=\"font-size: medium;\"><span style=\"font-family: verdana, geneva;\" mce_style=\"font-family: verdana, geneva;\">Ni\u00f1os<\/span><\/span><\/u><\/span><\/p>\n<p style=\"text-align: center;\" mce_style=\"text-align: center;\"><span style=\"font-size: medium;\" mce_style=\"font-size: medium;\"><span style=\"font-family: verdana, geneva;\" mce_style=\"font-family: verdana, geneva;\">1\u00ba L\u00e1mina n\u00ba 6: Sara Alejo Salvador.<\/span><\/span><\/p>\n<p style=\"text-align: center;\" mce_style=\"text-align: center;\"><span style=\"font-size: medium;\" mce_style=\"font-size: medium;\"><span style=\"font-family: verdana, geneva;\" mce_style=\"font-family: verdana, geneva;\">2\u00ba L\u00e1mina n\u00ba 3: Henar San Antonio Garc\u00eda.<\/span><\/span><\/p>\n<p style=\"text-align: center;\" mce_style=\"text-align: center;\"><span style=\"font-size: medium;\" mce_style=\"font-size: medium;\"><span style=\"font-family: verdana, geneva;\" mce_style=\"font-family: verdana, geneva;\">3\u00ba L\u00e1mina n\u00ba 4: Mikel Ventura.<\/span><\/span><\/p>\n<p style=\"text-align: center;\" mce_style=\"text-align: center;\"><span style=\"font-size: small;\" mce_style=\"font-family: verdana, geneva; font-size: small;\"><u style=\"style\" mce_style=\"style\"><span style=\"font-size: medium;\" mce_style=\"font-size: medium;\"><span style=\"font-family: verdana, geneva;\" mce_style=\"font-family: verdana, geneva;\">Adultos<\/span><\/span><\/u><\/span><\/p>\n<p style=\"text-align: center;\" mce_style=\"text-align: center;\"><span style=\"font-size: medium;\" mce_style=\"font-size: medium;\"><span style=\"font-family: verdana, geneva;\" mce_style=\"font-family: verdana, geneva;\">1\u00ba Cuadro n\u00ba 25: Pablo Rodriguez de Lucas.<\/span><\/span><\/p>\n<p style=\"text-align: center;\" mce_style=\"text-align: center;\"><span style=\"font-size: medium;\" mce_style=\"font-size: medium;\"><span style=\"font-family: verdana, geneva;\" mce_style=\"font-family: verdana, geneva;\">2\u00ba Cuadro n\u00ba 24: Francisco Campos Tocornal.<\/span><\/span><\/p>\n<p style=\"text-align: center;\" mce_style=\"text-align: center;\"><span style=\"font-size: medium;\" mce_style=\"font-size: medium;\"><span style=\"font-family: verdana, geneva;\" mce_style=\"font-family: verdana, geneva;\">3\u00ba Cuadro n\u00ba 22: Victoria Moreno.<\/span><\/span><\/p>\n<p style=\"text-align: center;\" mce_style=\"text-align: center;\"><span style=\"font-size: medium;\" mce_style=\"font-size: medium;\"><span style=\"font-family: verdana, geneva;\" mce_style=\"font-family: verdana, geneva;\"><img loading=\"lazy\" decoding=\"async\" class=\" size-full wp-image-475 size-full wp-image-475\" src=\"http:\/\/www.cervantinaesquivias.org\/wordpress\/wp-content\/uploads\/2012\/12\/pintando.jpg\" mce_src=\"http:\/\/www.cervantinaesquivias.org\/wordpress\/wp-content\/uploads\/2012\/12\/pintando.jpg\" alt=\"alt\" width=\"472\" height=\"621\" srcset=\"http:\/\/www.cervantinaesquivias.org\/wordpress\/wp-content\/uploads\/2012\/12\/pintando.jpg 472w, http:\/\/www.cervantinaesquivias.org\/wordpress\/wp-content\/uploads\/2012\/12\/pintando-228x300.jpg 228w\" sizes=\"auto, (max-width: 472px) 100vw, 472px\" \/><br \/><\/span><\/span><\/p>\n<p style=\"text-align: center;\" mce_style=\"text-align: center;\">(Un artista en pleno trabajo)<\/p>\n<p style=\"text-align: center;\" mce_style=\"text-align: center;\"><img loading=\"lazy\" decoding=\"async\" class=\" size-full wp-image-476 size-full wp-image-476\" src=\"http:\/\/www.cervantinaesquivias.org\/wordpress\/wp-content\/uploads\/2012\/12\/premio-infantil.jpg\" mce_src=\"http:\/\/www.cervantinaesquivias.org\/wordpress\/wp-content\/uploads\/2012\/12\/premio-infantil.jpg\" alt=\"alt\" width=\"472\" height=\"410\" srcset=\"http:\/\/www.cervantinaesquivias.org\/wordpress\/wp-content\/uploads\/2012\/12\/premio-infantil.jpg 472w, http:\/\/www.cervantinaesquivias.org\/wordpress\/wp-content\/uploads\/2012\/12\/premio-infantil-300x261.jpg 300w\" sizes=\"auto, (max-width: 472px) 100vw, 472px\" \/><\/p>\n<p style=\"text-align: center;\" mce_style=\"text-align: center;\">(Premio infantil)<\/p>\n<p style=\"text-align: center;\" mce_style=\"text-align: center;\"><img loading=\"lazy\" decoding=\"async\" class=\" size-full wp-image-477 size-full wp-image-477\" src=\"http:\/\/www.cervantinaesquivias.org\/wordpress\/wp-content\/uploads\/2012\/12\/premio-mayores.jpg\" mce_src=\"http:\/\/www.cervantinaesquivias.org\/wordpress\/wp-content\/uploads\/2012\/12\/premio-mayores.jpg\" alt=\"alt\" width=\"472\" height=\"380\" srcset=\"http:\/\/www.cervantinaesquivias.org\/wordpress\/wp-content\/uploads\/2012\/12\/premio-mayores.jpg 472w, http:\/\/www.cervantinaesquivias.org\/wordpress\/wp-content\/uploads\/2012\/12\/premio-mayores-300x242.jpg 300w\" sizes=\"auto, (max-width: 472px) 100vw, 472px\" \/><\/p>\n<p style=\"text-align: center;\" mce_style=\"text-align: center;\">(Artista recogiendo su premio)<\/p>\n<p style=\"text-align: center;\" mce_style=\"text-align: center;\"><img loading=\"lazy\" decoding=\"async\" class=\" size-full wp-image-478 size-full wp-image-478\" src=\"http:\/\/www.cervantinaesquivias.org\/wordpress\/wp-content\/uploads\/2012\/12\/tercer-premio-mayores.jpg\" mce_src=\"http:\/\/www.cervantinaesquivias.org\/wordpress\/wp-content\/uploads\/2012\/12\/tercer-premio-mayores.jpg\" alt=\"alt\" width=\"472\" height=\"396\" srcset=\"http:\/\/www.cervantinaesquivias.org\/wordpress\/wp-content\/uploads\/2012\/12\/tercer-premio-mayores.jpg 472w, http:\/\/www.cervantinaesquivias.org\/wordpress\/wp-content\/uploads\/2012\/12\/tercer-premio-mayores-300x252.jpg 300w\" sizes=\"auto, (max-width: 472px) 100vw, 472px\" \/><\/p>\n<p style=\"text-align: center;\" mce_style=\"text-align: center;\">(Recogiendo el premio conseguido)<\/p>\n<p style=\"text-align: center;\" mce_style=\"text-align: center;\"><\/p>\n<p style=\"text-align: center;\" mce_style=\"text-align: center;\"><span style=\"font-size: small;\" mce_style=\"font-family: verdana, geneva; font-size: small;\"><u style=\"style\" mce_style=\"style\"><span style=\"font-size: medium;\" mce_style=\"font-size: medium;\"><span style=\"font-family: verdana, geneva;\" mce_style=\"font-family: verdana, geneva;\">ESTAMPAS ESQUIVE\u00d1AS<\/span><\/span><\/u><\/span><\/p>\n<p style=\"text-align: justify;\" mce_style=\"text-align: justify;\"><span style=\"font-size: medium;\" mce_style=\"font-size: medium;\"><span style=\"font-family: verdana, geneva;\" mce_style=\"font-family: verdana, geneva;\">El mismo d\u00eda 6 de diciembre y el d\u00eda 7, tuvieron lugar sendas representaci\u00f3nes de las Estampas Esquive\u00f1as 2012.\u00a0<\/span><\/span><\/p>\n<p style=\"text-align: justify;\" mce_style=\"text-align: justify;\"><span style=\"font-size: medium;\" mce_style=\"font-size: medium;\"><span style=\"font-family: verdana, geneva;\" mce_style=\"font-family: verdana, geneva;\">Para esta ocasi\u00f3n, Jaime Garc\u00eda Gonz\u00e1lez, como guionista y director puso en escena varios pasajes de la vida esquiviana en la \u00e9poca pr\u00f3xima a la estancia de Cervantes en Esquivias, de su boda con la esquiviana Catalina de Salazar y Palacios.<\/span><\/span><\/p>\n<p style=\"text-align: justify;\" mce_style=\"text-align: justify;\"><span style=\"font-size: medium;\" mce_style=\"font-size: medium;\"><span style=\"font-family: verdana, geneva;\" mce_style=\"font-family: verdana, geneva;\">Para ello cont\u00f3 con un elento de actores aficionados que supieron trasladar al p\u00fablico cada uno de los aspectos que Jaime desea transmitir con estas obras, los mensajes a trav\u00e9s de los di\u00e1logos, de los hechos, y de los imaginados.<\/span><\/span><\/p>\n<p style=\"text-align: center;\" mce_style=\"text-align: center;\"><span style=\"font-size: medium;\" mce_style=\"font-size: medium;\"><span style=\"font-family: verdana, geneva;\" mce_style=\"font-family: verdana, geneva;\"><img loading=\"lazy\" decoding=\"async\" class=\" size-full wp-image-479 size-full wp-image-479\" src=\"http:\/\/www.cervantinaesquivias.org\/wordpress\/wp-content\/uploads\/2012\/12\/actores-estampas-2012-2.jpg\" mce_src=\"http:\/\/www.cervantinaesquivias.org\/wordpress\/wp-content\/uploads\/2012\/12\/actores-estampas-2012-2.jpg\" alt=\"alt\" width=\"989\" height=\"709\" srcset=\"http:\/\/www.cervantinaesquivias.org\/wordpress\/wp-content\/uploads\/2012\/12\/actores-estampas-2012-2.jpg 989w, http:\/\/www.cervantinaesquivias.org\/wordpress\/wp-content\/uploads\/2012\/12\/actores-estampas-2012-2-300x215.jpg 300w, http:\/\/www.cervantinaesquivias.org\/wordpress\/wp-content\/uploads\/2012\/12\/actores-estampas-2012-2-768x551.jpg 768w\" sizes=\"auto, (max-width: 989px) 100vw, 989px\" \/><br \/><\/span><\/span><\/p>\n<p style=\"text-align: center;\" mce_style=\"text-align: center;\"><span style=\"font-size: small;\" mce_style=\"font-family: verdana, geneva; font-size: small;\"><u style=\"style\" mce_style=\"style\"><span style=\"font-size: medium;\" mce_style=\"font-size: medium;\"><span style=\"font-family: verdana, geneva;\" mce_style=\"font-family: verdana, geneva;\">Reparto<\/span><\/span><\/u><\/span><\/p>\n<p style=\"text-align: center;\" mce_style=\"text-align: center;\"><span style=\"font-size: medium;\" mce_style=\"font-size: medium;\"><span style=\"font-family: verdana, geneva;\" mce_style=\"font-family: verdana, geneva;\">Miguel de Cervantes Saavedra&#8230;&#8230;&#8230;&#8230;..Alvaro Hermida Correa.<\/span><\/span><\/p>\n<p style=\"text-align: center;\" mce_style=\"text-align: center;\"><span style=\"font-size: medium;\" mce_style=\"font-size: medium;\"><span style=\"font-family: verdana, geneva;\" mce_style=\"font-family: verdana, geneva;\">Diego de Hondaro&#8230;&#8230;&#8230;&#8230;&#8230;&#8230;&#8230;&#8230;&#8230;Angel Luis Hermida Plaza.<\/span><\/span><\/p>\n<p style=\"text-align: center;\" mce_style=\"text-align: center;\"><span style=\"font-size: medium;\" mce_style=\"font-size: medium;\"><span style=\"font-family: verdana, geneva;\" mce_style=\"font-family: verdana, geneva;\">Juan de Briviesca&#8230;&#8230;&#8230;&#8230;&#8230;&#8230;&#8230;&#8230;&#8230;&#8230;&#8230;..Antonio Garc\u00eda Moya.<\/span><\/span><\/p>\n<p style=\"text-align: center;\" mce_style=\"text-align: center;\"><span style=\"font-size: medium;\" mce_style=\"font-size: medium;\"><span style=\"font-family: verdana, geneva;\" mce_style=\"font-family: verdana, geneva;\">Do\u00f1a Catalina de Palacios&#8230;&#8230;&#8230;&#8230;&#8230;&#8230;&#8230;Clara Truchado Mart\u00edn.<\/span><\/span><\/p>\n<p style=\"text-align: center;\" mce_style=\"text-align: center;\"><span style=\"font-size: medium;\" mce_style=\"font-size: medium;\"><span style=\"font-family: verdana, geneva;\" mce_style=\"font-family: verdana, geneva;\">Don Juan de Palacios (cura)&#8230;&#8230;&#8230;..Crescencio de Diego Huerta.<\/span><\/span><\/p>\n<p style=\"text-align: center;\" mce_style=\"text-align: center;\"><span style=\"font-size: medium;\" mce_style=\"font-size: medium;\"><span style=\"font-family: verdana, geneva;\" mce_style=\"font-family: verdana, geneva;\">Magdalena de Cervantes o Sotomayor&#8230;Cristina S\u00e1nchez Sotelo.<\/span><\/span><\/p>\n<p style=\"text-align: center;\" mce_style=\"text-align: center;\"><span style=\"font-size: medium;\" mce_style=\"font-size: medium;\"><span style=\"font-family: verdana, geneva;\" mce_style=\"font-family: verdana, geneva;\">Catalina de Salazar y Palacios&#8230;&#8230;Elena Fdez. de Velasco Hdez.<\/span><\/span><\/p>\n<p style=\"text-align: center;\" mce_style=\"text-align: center;\"><span style=\"font-size: medium;\" mce_style=\"font-size: medium;\"><span style=\"font-family: verdana, geneva;\" mce_style=\"font-family: verdana, geneva;\">Do\u00f1a Juana Gait\u00e1n&#8230;&#8230;&#8230;&#8230;&#8230;&#8230;&#8230;&#8230;&#8230;&#8230;..Julio Santano Arenas.<\/span><\/span><\/p>\n<p style=\"text-align: center;\" mce_style=\"text-align: center;\"><span style=\"font-size: medium;\" mce_style=\"font-size: medium;\"><span style=\"font-family: verdana, geneva;\" mce_style=\"font-family: verdana, geneva;\">El Escribano&#8230;&#8230;&#8230;&#8230;&#8230;&#8230;&#8230;&#8230;..L\u00e1zaro Pablo Cabrera Mosqueda.<\/span><\/span><\/p>\n<p style=\"text-align: center;\" mce_style=\"text-align: center;\"><span style=\"font-size: medium;\" mce_style=\"font-size: medium;\"><span style=\"font-family: verdana, geneva;\" mce_style=\"font-family: verdana, geneva;\">Don Rodrigo Mex\u00eda&#8230;&#8230;&#8230;&#8230;&#8230;&#8230;&#8230;&#8230;&#8230;&#8230;&#8230;&#8230;Luis Serrano Plaza.<\/span><\/span><\/p>\n<p style=\"text-align: center;\" mce_style=\"text-align: center;\"><span style=\"font-size: medium;\" mce_style=\"font-size: medium;\"><span style=\"font-family: verdana, geneva;\" mce_style=\"font-family: verdana, geneva;\">Luc\u00eda (criada)&#8230;&#8230;&#8230;&#8230;&#8230;&#8230;&#8230;&#8230;&#8230;&#8230;&#8230;&#8230;.Maribel Garc\u00eda S\u00e1nchez.<\/span><\/span><\/p>\n<p style=\"text-align: center;\" mce_style=\"text-align: center;\"><span style=\"font-size: medium;\" mce_style=\"font-size: medium;\"><span style=\"font-family: verdana, geneva;\" mce_style=\"font-family: verdana, geneva;\">Mar\u00eda (criada)&#8230;&#8230;&#8230;&#8230;&#8230;&#8230;&#8230;.Mar\u00eda del Carmen Garc\u00eda de Diego.<\/span><\/span><\/p>\n<p style=\"text-align: center;\" mce_style=\"text-align: center;\"><span style=\"font-size: medium;\" mce_style=\"font-size: medium;\"><span style=\"font-family: verdana, geneva;\" mce_style=\"font-family: verdana, geneva;\">Don Gabriel Quijada&#8230;&#8230;&#8230;&#8230;&#8230;&#8230;&#8230;&#8230;&#8230;Mariano V\u00e1zquez Mart\u00edn.<\/span><\/span><\/p>\n<p style=\"text-align: center;\" mce_style=\"text-align: center;\"><span style=\"font-size: medium;\" mce_style=\"font-size: medium;\"><span style=\"font-family: verdana, geneva;\" mce_style=\"font-family: verdana, geneva;\">Gaspar de Ugena&#8230;&#8230;&#8230;&#8230;&#8230;&#8230;&#8230;&#8230;&#8230;&#8230;&#8230;.Mario Portanova Moya.<\/span><\/span><\/p>\n<p style=\"text-align: center;\" mce_style=\"text-align: center;\"><span style=\"font-size: medium;\" mce_style=\"font-size: medium;\"><span style=\"font-family: verdana, geneva;\" mce_style=\"font-family: verdana, geneva;\">Isabel (criada)&#8230;&#8230;&#8230;&#8230;&#8230;&#8230;&#8230;&#8230;&#8230;&#8230;&#8230;&#8230;&#8230;.Susana Garc\u00eda Moya.<\/span><\/span><\/p>\n<p style=\"text-align: center;\" mce_style=\"text-align: center;\"><span style=\"font-size: medium;\" mce_style=\"font-size: medium;\"><span style=\"font-family: verdana, geneva;\" mce_style=\"font-family: verdana, geneva;\">&#8212;&#8212;&#8212;<\/span><\/span><\/p>\n<p style=\"text-align: center;\" mce_style=\"text-align: center;\"><span style=\"font-size: medium;\" mce_style=\"font-size: medium;\"><span style=\"font-family: verdana, geneva;\" mce_style=\"font-family: verdana, geneva;\">Regidor y voz en off:&#8230;Jos\u00e9 Mar\u00eda Medina Navarro.<\/span><\/span><\/p>\n<p style=\"text-align: center;\" mce_style=\"text-align: center;\"><span style=\"font-size: medium;\" mce_style=\"font-size: medium;\"><span style=\"font-family: verdana, geneva;\" mce_style=\"font-family: verdana, geneva;\">Luz y sonido:&#8230;&#8230;&#8230;&#8230;&#8230;..Julia Poveda Dom\u00ednguez.<\/span><\/span><\/p>\n<p style=\"text-align: center;\" mce_style=\"text-align: center;\"><span style=\"font-size: medium;\" mce_style=\"font-size: medium;\"><span style=\"font-family: verdana, geneva;\" mce_style=\"font-family: verdana, geneva;\">Vestuario&#8230;&#8230;&#8230;&#8230;&#8230;&#8230;&#8230;&#8230;&#8230;.Susana Garc\u00eda Moya.<\/span><\/span><\/p>\n<p style=\"text-align: center;\" mce_style=\"text-align: center;\"><span style=\"font-size: medium;\" mce_style=\"font-size: medium;\"><span style=\"font-family: verdana, geneva;\" mce_style=\"font-family: verdana, geneva;\">Dise\u00f1o gr\u00e1fico:&#8230;&#8230;&#8230;&#8230;.. e7 comunicaci\u00f3n gr\u00e1fica.<\/span><\/span><\/p>\n<p style=\"text-align: center;\" mce_style=\"text-align: center;\"><span style=\"font-size: medium;\" mce_style=\"font-size: medium;\"><span style=\"font-family: verdana, geneva;\" mce_style=\"font-family: verdana, geneva;\">Decorados:&#8230;&#8230;&#8230;&#8230;&#8230;&#8230;&#8230;&#8230;&#8230;.Luis Serrano Plaza.<\/span><\/span><\/p>\n<p style=\"text-align: center;\" mce_style=\"text-align: center;\"><span style=\"font-size: medium;\" mce_style=\"font-size: medium;\"><span style=\"font-family: verdana, geneva;\" mce_style=\"font-family: verdana, geneva;\">Montaje:&#8230;&#8230;&#8230;&#8230;&#8230;&#8230;&#8230;.Equipo T\u00e9cnico Municipal.<\/span><\/span><\/p>\n<p style=\"text-align: center;\" mce_style=\"text-align: center;\"><span style=\"font-size: medium;\" mce_style=\"font-size: medium;\"><span style=\"font-family: verdana, geneva;\" mce_style=\"font-family: verdana, geneva;\">Mobiliario:&#8230;&#8230;&#8230;&#8230;&#8230;&#8230;.Casa Museo de Cervantes.<\/span><\/span><\/p>\n<p style=\"text-align: center;\" mce_style=\"text-align: center;\"><span style=\"font-size: medium;\" mce_style=\"font-size: medium;\"><span style=\"font-family: verdana, geneva;\" mce_style=\"font-family: verdana, geneva;\">Fotograf\u00eda:&#8230;&#8230;&#8230;&#8230;&#8230;&#8230;&#8230;.Carlos de Diego \u00abDEDI\u00bb.<\/span><\/span><\/p>\n<p style=\"text-align: center;\" mce_style=\"text-align: center;\"><span style=\"font-size: medium;\" mce_style=\"font-size: medium;\"><span style=\"font-family: verdana, geneva;\" mce_style=\"font-family: verdana, geneva;\">Gui\u00f3n y Direcci\u00f3n:&#8230;..Jaime Garc\u00eda Gonz\u00e1lez.<\/span><\/span><\/p>\n<p style=\"text-align: center;\" mce_style=\"text-align: center;\"><span style=\"font-size: medium;\" mce_style=\"font-size: medium;\"><span style=\"font-family: verdana, geneva;\" mce_style=\"font-family: verdana, geneva;\">&#8212;&#8212;&#8212;<\/span><\/span><\/p>\n<p style=\"text-align: justify;\" mce_style=\"text-align: justify;\"><span style=\"font-size: medium;\" mce_style=\"font-size: medium;\"><span style=\"font-family: verdana, geneva;\" mce_style=\"font-family: verdana, geneva;\">La funci\u00f3n se desarrolla a lo largo de cuatro actos, como sigue:<\/span><\/span><\/p>\n<p style=\"text-align: justify;\" mce_style=\"text-align: justify;\"><span style=\"font-size: medium;\" mce_style=\"font-size: medium;\"><span style=\"font-family: verdana, geneva;\" mce_style=\"font-family: verdana, geneva;\">Don Hernando de Salazar fue el padre de Catalina de Salazar y Palacios, que falleci\u00f3 el 6 de febrero de 1584, dejando viuda a Do\u00f1a Catalina de Palacios y Salazar y tres hijos: Catalina, de edad de 18 a\u00f1os, Francisco, de 7 a\u00f1os y Fernando de 3 a\u00f1os.<\/span><\/span><span style=\"font-family: verdana, geneva; font-size: small;\" mce_style=\"font-family: verdana, geneva; font-size: small;\">\u00a0<\/span><\/p>\n<p style=\"text-align: justify;\" mce_style=\"text-align: justify;\"><\/p>\n<p style=\"text-align: center;\" mce_style=\"text-align: center;\"><img loading=\"lazy\" decoding=\"async\" class=\" size-full wp-image-480 size-full wp-image-480\" src=\"http:\/\/www.cervantinaesquivias.org\/wordpress\/wp-content\/uploads\/2012\/12\/lectura-testamento.jpg\" mce_src=\"http:\/\/www.cervantinaesquivias.org\/wordpress\/wp-content\/uploads\/2012\/12\/lectura-testamento.jpg\" alt=\"alt\" style=\"style\" mce_style=\"style\" width=\"680\" height=\"375\" srcset=\"http:\/\/www.cervantinaesquivias.org\/wordpress\/wp-content\/uploads\/2012\/12\/lectura-testamento.jpg 680w, http:\/\/www.cervantinaesquivias.org\/wordpress\/wp-content\/uploads\/2012\/12\/lectura-testamento-300x165.jpg 300w\" sizes=\"auto, (max-width: 680px) 100vw, 680px\" \/><\/p>\n<p style=\"text-align: center;\" mce_style=\"text-align: center;\">(Momento de la lectura de las \u00daltimas Voluntades de Don Hernando de Salazar Vozmediano)<\/p>\n<p style=\"text-align: justify;\" mce_style=\"text-align: justify;\"><span style=\"font-size: medium;\" mce_style=\"font-size: medium;\"><span style=\"font-family: verdana, geneva;\" mce_style=\"font-family: verdana, geneva;\">La Primera Estampa nos presenta el momento en que el Escribano P\u00fablico hace lectura de las Ultimas Voluntades de Don Hernando de Salazar. Momento dram\u00e1tico por lo transcendental del Acto. <\/span><\/span><\/p>\n<p style=\"text-align: justify;\" mce_style=\"text-align: justify;\"><\/p>\n<p style=\"text-align: center;\" mce_style=\"text-align: center;\"><img loading=\"lazy\" decoding=\"async\" class=\" size-full wp-image-481 size-full wp-image-481\" src=\"http:\/\/www.cervantinaesquivias.org\/wordpress\/wp-content\/uploads\/2012\/12\/despues-de-lectura-test.jpg\" mce_src=\"http:\/\/www.cervantinaesquivias.org\/wordpress\/wp-content\/uploads\/2012\/12\/despues-de-lectura-test.jpg\" alt=\"alt\" style=\"style\" mce_style=\"style\" width=\"567\" height=\"345\" srcset=\"http:\/\/www.cervantinaesquivias.org\/wordpress\/wp-content\/uploads\/2012\/12\/despues-de-lectura-test.jpg 567w, http:\/\/www.cervantinaesquivias.org\/wordpress\/wp-content\/uploads\/2012\/12\/despues-de-lectura-test-300x183.jpg 300w\" sizes=\"auto, (max-width: 567px) 100vw, 567px\" \/><\/p>\n<p style=\"text-align: center;\" mce_style=\"text-align: center;\">(Incluso el cura Juan de Palacios, hermano de Do\u00f1a Catalina, se queda sin palabras)<\/p>\n<p style=\"text-align: justify;\" mce_style=\"text-align: justify;\"><span style=\"font-size: medium;\" mce_style=\"font-size: medium;\"><span style=\"font-family: verdana, geneva;\" mce_style=\"font-family: verdana, geneva;\">Llegaba el momento de comprobar en que situaci\u00f3n econ\u00f3mica dejaba a su familia, siendo Albacea de los hijos peque\u00f1os Don Rodrigo Mex\u00eda, Alcalde de Esquivias en dicho a\u00f1o de 1584.<\/span><\/span><\/p>\n<p style=\"text-align: justify;\" mce_style=\"text-align: justify;\"><\/p>\n<p style=\"text-align: center;\" mce_style=\"text-align: center;\"><img loading=\"lazy\" decoding=\"async\" class=\" size-full wp-image-482 size-full wp-image-482\" src=\"http:\/\/www.cervantinaesquivias.org\/wordpress\/wp-content\/uploads\/2012\/12\/catalina-madre-hija.jpg\" mce_src=\"http:\/\/www.cervantinaesquivias.org\/wordpress\/wp-content\/uploads\/2012\/12\/catalina-madre-hija.jpg\" alt=\"alt\" style=\"style\" mce_style=\"style\" width=\"551\" height=\"465\" srcset=\"http:\/\/www.cervantinaesquivias.org\/wordpress\/wp-content\/uploads\/2012\/12\/catalina-madre-hija.jpg 551w, http:\/\/www.cervantinaesquivias.org\/wordpress\/wp-content\/uploads\/2012\/12\/catalina-madre-hija-300x253.jpg 300w\" sizes=\"auto, (max-width: 551px) 100vw, 551px\" \/><\/p>\n<p style=\"text-align: center;\" mce_style=\"text-align: center;\">(Emotiva escena donde Do\u00f1a Catalina de Palacios expresa su contrariedad, <\/p>\n<p style=\"text-align: center;\" mce_style=\"text-align: center;\">mientras su hija Catalina de Salazar la contempla con gesto de tristeza y comprensi\u00f3n)<\/p>\n<p style=\"text-align: justify;\" mce_style=\"text-align: justify;\"><span style=\"font-size: medium;\" mce_style=\"font-size: medium;\"><span style=\"font-family: verdana, geneva;\" mce_style=\"font-family: verdana, geneva;\">Hall\u00e1ndose presentes El Cura Juan de Palacios, hermano de la viuda, Juan de Briviesca, primo de Catalina de Salazar y Palacios, las tres criadas: Luc\u00eda, Mar\u00eda e Isabel, Don Gabriel de Quijada y Gaspar de Ugena, vecinos.<\/span><\/span><\/p>\n<p style=\"text-align: center;\" mce_style=\"text-align: center;\"><span style=\"font-size: medium;\" mce_style=\"font-size: medium;\"><span style=\"font-family: verdana, geneva;\" mce_style=\"font-family: verdana, geneva;\"><img loading=\"lazy\" decoding=\"async\" class=\" size-full wp-image-483 size-full wp-image-483\" src=\"http:\/\/www.cervantinaesquivias.org\/wordpress\/wp-content\/uploads\/2012\/12\/tres-criadas.jpg\" mce_src=\"http:\/\/www.cervantinaesquivias.org\/wordpress\/wp-content\/uploads\/2012\/12\/tres-criadas.jpg\" alt=\"alt\" style=\"style\" mce_style=\"style\" width=\"567\" height=\"395\" srcset=\"http:\/\/www.cervantinaesquivias.org\/wordpress\/wp-content\/uploads\/2012\/12\/tres-criadas.jpg 567w, http:\/\/www.cervantinaesquivias.org\/wordpress\/wp-content\/uploads\/2012\/12\/tres-criadas-300x209.jpg 300w\" sizes=\"auto, (max-width: 567px) 100vw, 567px\" \/><br \/><\/span><\/span><\/p>\n<p style=\"text-align: center;\" mce_style=\"text-align: center;\">(Las tres criadas de la casa tambi\u00e9n fueron testigos de la lectura del Testamento <\/p>\n<p style=\"text-align: center;\" mce_style=\"text-align: center;\">de Don Hernando, expresando con gestos su conformismo)<\/p>\n<p style=\"text-align: justify;\" mce_style=\"text-align: justify;\"><span style=\"font-size: medium;\" mce_style=\"font-size: medium;\"><span style=\"font-family: verdana, geneva;\" mce_style=\"font-family: verdana, geneva;\">Las circunstancias personales y econ\u00f3micas que dejaba Don Hernando, insospechados por otro lado, van dejando claro que los posibles bienes ra\u00edces que pudieran heredar se trastocan en una<\/span><\/span><\/p>\n<p style=\"text-align: justify;\" mce_style=\"text-align: justify;\"><\/p>\n<p style=\"text-align: center;\" mce_style=\"text-align: center;\"><img loading=\"lazy\" decoding=\"async\" class=\" size-full wp-image-484 size-full wp-image-484\" src=\"http:\/\/www.cervantinaesquivias.org\/wordpress\/wp-content\/uploads\/2012\/12\/criada-solidaria.jpg\" mce_src=\"http:\/\/www.cervantinaesquivias.org\/wordpress\/wp-content\/uploads\/2012\/12\/criada-solidaria.jpg\" alt=\"alt\" style=\"style\" mce_style=\"style\" width=\"567\" height=\"369\" srcset=\"http:\/\/www.cervantinaesquivias.org\/wordpress\/wp-content\/uploads\/2012\/12\/criada-solidaria.jpg 567w, http:\/\/www.cervantinaesquivias.org\/wordpress\/wp-content\/uploads\/2012\/12\/criada-solidaria-300x195.jpg 300w\" sizes=\"auto, (max-width: 567px) 100vw, 567px\" \/><\/p>\n<p style=\"text-align: center;\" mce_style=\"text-align: center;\">(Una de las criadas intenta animar a Do\u00f1a Catalina de Palacios, <\/p>\n<p style=\"text-align: center;\" mce_style=\"text-align: center;\">poco receptiva, ante la atenta mirada de su hija)<\/p>\n<p style=\"text-align: justify;\" mce_style=\"text-align: justify;\"><span style=\"font-size: medium;\" mce_style=\"font-size: medium;\"><span style=\"font-family: verdana, geneva;\" mce_style=\"font-family: verdana, geneva;\">serie de deudas contra\u00eddas por \u00e9l y que manda a sus herederos sean pagadas, dando todo tipo de detalles, lo que hace que, lo que en<\/span><\/span><\/p>\n<p style=\"text-align: justify;\" mce_style=\"text-align: justify;\"><\/p>\n<p style=\"text-align: center;\" mce_style=\"text-align: center;\"><img loading=\"lazy\" decoding=\"async\" class=\" size-full wp-image-485 size-full wp-image-485\" src=\"http:\/\/www.cervantinaesquivias.org\/wordpress\/wp-content\/uploads\/2012\/12\/mirando-al-futuro.jpg\" mce_src=\"http:\/\/www.cervantinaesquivias.org\/wordpress\/wp-content\/uploads\/2012\/12\/mirando-al-futuro.jpg\" alt=\"alt\" style=\"style\" mce_style=\"style\" width=\"567\" height=\"364\" srcset=\"http:\/\/www.cervantinaesquivias.org\/wordpress\/wp-content\/uploads\/2012\/12\/mirando-al-futuro.jpg 567w, http:\/\/www.cervantinaesquivias.org\/wordpress\/wp-content\/uploads\/2012\/12\/mirando-al-futuro-300x193.jpg 300w\" sizes=\"auto, (max-width: 567px) 100vw, 567px\" \/><\/p>\n<p style=\"text-align: center;\" mce_style=\"text-align: center;\">(El Cura Juan de Palacios y Catalina de Salazar, conscientes de la situaci\u00f3n <\/p>\n<p style=\"text-align: center;\" mce_style=\"text-align: center;\">a que se enfrentan, piensan en las soluciones que han de aportar en el futuro)<\/p>\n<p style=\"text-align: justify;\" mce_style=\"text-align: justify;\"><span style=\"font-size: medium;\" mce_style=\"font-size: medium;\"><span style=\"font-family: verdana, geneva;\" mce_style=\"font-family: verdana, geneva;\">principio se presentara como un acto de tristeza por el ser perdido en un acto de consternaci\u00f3n y desasosiego, principalmente por parte de la viuda Do\u00f1a Catalina de Palacios y Salazar. <\/span><\/span><\/p>\n<p style=\"text-align: justify;\" mce_style=\"text-align: justify;\"><\/p>\n<p style=\"text-align: center;\" mce_style=\"text-align: center;\"><img loading=\"lazy\" decoding=\"async\" class=\" size-full wp-image-486 size-full wp-image-486\" src=\"http:\/\/www.cervantinaesquivias.org\/wordpress\/wp-content\/uploads\/2012\/12\/echando-cuentas.jpg\" mce_src=\"http:\/\/www.cervantinaesquivias.org\/wordpress\/wp-content\/uploads\/2012\/12\/echando-cuentas.jpg\" alt=\"alt\" style=\"style\" mce_style=\"style\" width=\"624\" height=\"304\" srcset=\"http:\/\/www.cervantinaesquivias.org\/wordpress\/wp-content\/uploads\/2012\/12\/echando-cuentas.jpg 624w, http:\/\/www.cervantinaesquivias.org\/wordpress\/wp-content\/uploads\/2012\/12\/echando-cuentas-300x146.jpg 300w\" sizes=\"auto, (max-width: 624px) 100vw, 624px\" \/><\/p>\n<p style=\"text-align: center;\" mce_style=\"text-align: center;\">(Do\u00f1a Catalina de Palacios sumando todos los debitos de su difunto esposo)<\/p>\n<p style=\"text-align: justify;\" mce_style=\"text-align: justify;\"><span style=\"font-size: medium;\" mce_style=\"font-size: medium;\"><span style=\"font-family: verdana, geneva;\" mce_style=\"font-family: verdana, geneva;\">Asumiendo al fin la realidad de los hechos, como despu\u00e9s hizo su hija Catalina de Salazar y Palacios a los largo de su vida, hasta liquidar dichas deudas.<\/span><\/span><\/p>\n<p style=\"text-align: center;\" mce_style=\"text-align: center;\"><span style=\"font-size: medium;\" mce_style=\"font-size: medium;\"><span style=\"font-family: verdana, geneva;\" mce_style=\"font-family: verdana, geneva;\"><img loading=\"lazy\" decoding=\"async\" class=\" size-full wp-image-487 size-full wp-image-487\" src=\"http:\/\/www.cervantinaesquivias.org\/wordpress\/wp-content\/uploads\/2012\/12\/rodrigo-mexia.jpg\" mce_src=\"http:\/\/www.cervantinaesquivias.org\/wordpress\/wp-content\/uploads\/2012\/12\/rodrigo-mexia.jpg\" alt=\"alt\" style=\"style\" mce_style=\"style\" width=\"567\" height=\"278\" srcset=\"http:\/\/www.cervantinaesquivias.org\/wordpress\/wp-content\/uploads\/2012\/12\/rodrigo-mexia.jpg 567w, http:\/\/www.cervantinaesquivias.org\/wordpress\/wp-content\/uploads\/2012\/12\/rodrigo-mexia-300x147.jpg 300w\" sizes=\"auto, (max-width: 567px) 100vw, 567px\" \/><br \/><\/span><\/span><\/p>\n<p style=\"text-align: center;\" mce_style=\"text-align: center;\">(Don Rodrigo Mex\u00eda dando su versi\u00f3n de los hechos, no aceptado por Do\u00f1a Catalina)<\/p>\n<p style=\"text-align: justify;\" mce_style=\"text-align: justify;\"><\/p>\n<p style=\"text-align: center;\" mce_style=\"text-align: center;\"><img loading=\"lazy\" decoding=\"async\" class=\" size-full wp-image-488 size-full wp-image-488\" src=\"http:\/\/www.cervantinaesquivias.org\/wordpress\/wp-content\/uploads\/2012\/12\/cura-apacigua.jpg\" mce_src=\"http:\/\/www.cervantinaesquivias.org\/wordpress\/wp-content\/uploads\/2012\/12\/cura-apacigua.jpg\" alt=\"alt\" style=\"style\" mce_style=\"style\" width=\"624\" height=\"317\" srcset=\"http:\/\/www.cervantinaesquivias.org\/wordpress\/wp-content\/uploads\/2012\/12\/cura-apacigua.jpg 624w, http:\/\/www.cervantinaesquivias.org\/wordpress\/wp-content\/uploads\/2012\/12\/cura-apacigua-300x152.jpg 300w\" sizes=\"auto, (max-width: 624px) 100vw, 624px\" \/><\/p>\n<p style=\"text-align: center;\" mce_style=\"text-align: center;\">(Don Juan de Palacios trata de apaciguar a los acreedores de su cu\u00f1ado: Don Rodrigo Mex\u00eda, Juan de Briviesca y Don Gabriel Quixada, que no se resigna a no hallar una soluci\u00f3n para cobrar la deuda).<\/p>\n<p style=\"text-align: justify;\" mce_style=\"text-align: justify;\"><span style=\"font-size: medium;\" mce_style=\"font-size: medium;\"><span style=\"font-family: verdana, geneva;\" mce_style=\"font-family: verdana, geneva;\">La Segunda Estampa nos presenta una pincelada fugaz sobre las miserias y excelencias de la clase hidalga de Esquivias, teatralizando transitoriamente un momento biogr\u00e1fico sobre la vida social y profesional que Cervantes vivi\u00f3 en Esquivias, lugar este, donde fue acogido en todo momento con respeto, admiraci\u00f3n y cari\u00f1o.<\/span><\/span><\/p>\n<p style=\"text-align: center;\" mce_style=\"text-align: center;\"><span style=\"font-size: medium;\" mce_style=\"font-size: medium;\"><span style=\"font-family: verdana, geneva;\" mce_style=\"font-family: verdana, geneva;\"><img loading=\"lazy\" decoding=\"async\" class=\" size-full wp-image-489 size-full wp-image-489\" src=\"http:\/\/www.cervantinaesquivias.org\/wordpress\/wp-content\/uploads\/2012\/12\/cerv.-catalina.jpg\" mce_src=\"http:\/\/www.cervantinaesquivias.org\/wordpress\/wp-content\/uploads\/2012\/12\/cerv.-catalina.jpg\" alt=\"alt\" style=\"style\" mce_style=\"style\" width=\"624\" height=\"480\" srcset=\"http:\/\/www.cervantinaesquivias.org\/wordpress\/wp-content\/uploads\/2012\/12\/cerv.-catalina.jpg 624w, http:\/\/www.cervantinaesquivias.org\/wordpress\/wp-content\/uploads\/2012\/12\/cerv.-catalina-300x231.jpg 300w\" sizes=\"auto, (max-width: 624px) 100vw, 624px\" \/><br \/><\/span><\/span><\/p>\n<p style=\"text-align: center;\" mce_style=\"text-align: center;\">(Cervantes hace part\u00edcipe a su esposa Catalina de los proyectos literarios que tiene en mente).<\/p>\n<p style=\"text-align: justify;\" mce_style=\"text-align: justify;\"><\/p>\n<p style=\"text-align: center;\" mce_style=\"text-align: center;\"><img loading=\"lazy\" decoding=\"async\" class=\" size-full wp-image-490 size-full wp-image-490\" src=\"http:\/\/www.cervantinaesquivias.org\/wordpress\/wp-content\/uploads\/2012\/12\/cervantes.-cat.-cat.jpg\" mce_src=\"http:\/\/www.cervantinaesquivias.org\/wordpress\/wp-content\/uploads\/2012\/12\/cervantes.-cat.-cat.jpg\" alt=\"alt\" style=\"style\" mce_style=\"style\" width=\"680\" height=\"327\" srcset=\"http:\/\/www.cervantinaesquivias.org\/wordpress\/wp-content\/uploads\/2012\/12\/cervantes.-cat.-cat.jpg 680w, http:\/\/www.cervantinaesquivias.org\/wordpress\/wp-content\/uploads\/2012\/12\/cervantes.-cat.-cat-300x144.jpg 300w\" sizes=\"auto, (max-width: 680px) 100vw, 680px\" \/><\/p>\n<p style=\"text-align: center;\" mce_style=\"text-align: center;\">(Una escena hogare\u00f1a del matrimonio Cervantes\/Catalina y la madre de esta)<\/p>\n<p style=\"text-align: justify;\" mce_style=\"text-align: justify;\"><\/p>\n<p style=\"text-align: center;\" mce_style=\"text-align: center;\"><img loading=\"lazy\" decoding=\"async\" class=\" size-full wp-image-491 size-full wp-image-491\" src=\"http:\/\/www.cervantinaesquivias.org\/wordpress\/wp-content\/uploads\/2012\/12\/cat.-cat.-juana-gaitan.jpg\" mce_src=\"http:\/\/www.cervantinaesquivias.org\/wordpress\/wp-content\/uploads\/2012\/12\/cat.-cat.-juana-gaitan.jpg\" alt=\"alt\" style=\"style\" mce_style=\"style\" width=\"567\" height=\"358\" srcset=\"http:\/\/www.cervantinaesquivias.org\/wordpress\/wp-content\/uploads\/2012\/12\/cat.-cat.-juana-gaitan.jpg 567w, http:\/\/www.cervantinaesquivias.org\/wordpress\/wp-content\/uploads\/2012\/12\/cat.-cat.-juana-gaitan-300x189.jpg 300w\" sizes=\"auto, (max-width: 567px) 100vw, 567px\" \/><\/p>\n<p style=\"text-align: center;\" mce_style=\"text-align: center;\">(Do\u00f1a Juana Gait\u00e1n informa a sus amigas de sus proyectos de matrimonio inmediatos)<\/p>\n<p style=\"text-align: justify;\" mce_style=\"text-align: justify;\"><span style=\"font-size: medium;\" mce_style=\"font-size: medium;\"><span style=\"font-family: verdana, geneva;\" mce_style=\"font-family: verdana, geneva;\">La Tercera Estampa (junio de 1584) nos presenta a Do\u00f1a Juana Gait\u00e1n que anuncia oficialmente a sus vecinos que, tres meses despu\u00e9s de haber enviudado de Pedro La\u00ednez, poeta y amigo de Cervantes, desea casarse con Diego de Hondaro, joven al que casi dobla la edad, manifestando que no tiene problemas legales pues ha obtenido la licencia eclesi\u00e1stica para la celebraci\u00f3n de dicha boda, ya que en esa \u00e9poca hab\u00eda de transcurrir al menos un a\u00f1o desde el fallecimiento del anterior esposo.<\/span><\/span><\/p>\n<p style=\"text-align: center;\" mce_style=\"text-align: center;\"><span style=\"font-size: medium;\" mce_style=\"font-size: medium;\"><span style=\"font-family: verdana, geneva;\" mce_style=\"font-family: verdana, geneva;\"><img loading=\"lazy\" decoding=\"async\" class=\" size-full wp-image-492 size-full wp-image-492\" src=\"http:\/\/www.cervantinaesquivias.org\/wordpress\/wp-content\/uploads\/2012\/12\/cervantes-hondaro-y-juana.jpg\" mce_src=\"http:\/\/www.cervantinaesquivias.org\/wordpress\/wp-content\/uploads\/2012\/12\/cervantes-hondaro-y-juana.jpg\" alt=\"alt\" style=\"style\" mce_style=\"style\" width=\"624\" height=\"391\" srcset=\"http:\/\/www.cervantinaesquivias.org\/wordpress\/wp-content\/uploads\/2012\/12\/cervantes-hondaro-y-juana.jpg 624w, http:\/\/www.cervantinaesquivias.org\/wordpress\/wp-content\/uploads\/2012\/12\/cervantes-hondaro-y-juana-300x188.jpg 300w\" sizes=\"auto, (max-width: 624px) 100vw, 624px\" \/><br \/><\/span><\/span><\/p>\n<p style=\"text-align: center;\" mce_style=\"text-align: center;\">(Cervantes hace part\u00edcipes a Do\u00f1a Juana Gait\u00e1n y a su esposo Diego de Hondaro de su paternidad)<\/p>\n<p style=\"text-align: justify;\" mce_style=\"text-align: justify;\"><span style=\"font-family: verdana, geneva; font-size: medium;\" mce_style=\"font-family: verdana, geneva; font-size: medium;\">En la misma Estampa (noviembre de 1584) queda patente la asunci\u00f3n por parte de Cervantes de la paternidad de una hija que tuvo con Ana de Villafranca, casada y tabernera de Madrid, a la que bautizan con el nombre de Isabel de Saavedra.<\/span><\/p>\n<p style=\"text-align: center;\" mce_style=\"text-align: center;\"><span style=\"font-family: verdana, geneva; font-size: medium;\" mce_style=\"font-family: verdana, geneva; font-size: medium;\"><img loading=\"lazy\" decoding=\"async\" class=\" size-full wp-image-493 size-full wp-image-493\" src=\"http:\/\/www.cervantinaesquivias.org\/wordpress\/wp-content\/uploads\/2012\/12\/cervantes-y-magdalena.jpg\" mce_src=\"http:\/\/www.cervantinaesquivias.org\/wordpress\/wp-content\/uploads\/2012\/12\/cervantes-y-magdalena.jpg\" alt=\"alt\" style=\"style\" mce_style=\"style\" width=\"454\" height=\"415\" srcset=\"http:\/\/www.cervantinaesquivias.org\/wordpress\/wp-content\/uploads\/2012\/12\/cervantes-y-magdalena.jpg 454w, http:\/\/www.cervantinaesquivias.org\/wordpress\/wp-content\/uploads\/2012\/12\/cervantes-y-magdalena-300x274.jpg 300w\" sizes=\"auto, (max-width: 454px) 100vw, 454px\" \/><\/span><\/p>\n<p style=\"text-align: center;\" mce_style=\"text-align: center;\">(Miguel de Cervantes con su hermana Magdalena que le ha tra\u00eddo noticias de su hija)<\/p>\n<p style=\"text-align: center;\" mce_style=\"text-align: center;\"><span style=\"font-family: verdana, geneva; font-size: medium;\" mce_style=\"font-family: verdana, geneva; font-size: medium;\"><img loading=\"lazy\" decoding=\"async\" class=\" size-full wp-image-494 size-full wp-image-494\" src=\"http:\/\/www.cervantinaesquivias.org\/wordpress\/wp-content\/uploads\/2012\/12\/mozo-y-criadas.jpg\" mce_src=\"http:\/\/www.cervantinaesquivias.org\/wordpress\/wp-content\/uploads\/2012\/12\/mozo-y-criadas.jpg\" alt=\"alt\" width=\"567\" height=\"354\" srcset=\"http:\/\/www.cervantinaesquivias.org\/wordpress\/wp-content\/uploads\/2012\/12\/mozo-y-criadas.jpg 567w, http:\/\/www.cervantinaesquivias.org\/wordpress\/wp-content\/uploads\/2012\/12\/mozo-y-criadas-300x187.jpg 300w\" sizes=\"auto, (max-width: 567px) 100vw, 567px\" \/><br \/><\/span><\/p>\n<p style=\"text-align: center;\" mce_style=\"text-align: center;\">(Un mozo de campo y plaza con dos criadas de Catalina de Salazar)<\/p>\n<p style=\"text-align: justify;\" mce_style=\"text-align: justify;\"><span style=\"font-size: medium;\" mce_style=\"font-size: medium;\"><span style=\"font-family: verdana, geneva;\" mce_style=\"font-family: verdana, geneva;\">Por \u00faltimo, la Cuarta Estampa (4 de diciembre de 1584) nos trae una supuesta \u00abfiesta\u00bb en honor de Santa B\u00e1rbara, patrona de Esquivias en esa \u00e9poca. <\/span><\/span><\/p>\n<p style=\"text-align: justify;\" mce_style=\"text-align: justify;\"><\/p>\n<p style=\"text-align: center;\" mce_style=\"text-align: center;\"><img loading=\"lazy\" decoding=\"async\" class=\" size-full wp-image-495 size-full wp-image-495\" src=\"http:\/\/www.cervantinaesquivias.org\/wordpress\/wp-content\/uploads\/2012\/12\/cantando-2.jpg\" mce_src=\"http:\/\/www.cervantinaesquivias.org\/wordpress\/wp-content\/uploads\/2012\/12\/cantando-2.jpg\" alt=\"alt\" style=\"style\" mce_style=\"style\" width=\"680\" height=\"329\" srcset=\"http:\/\/www.cervantinaesquivias.org\/wordpress\/wp-content\/uploads\/2012\/12\/cantando-2.jpg 680w, http:\/\/www.cervantinaesquivias.org\/wordpress\/wp-content\/uploads\/2012\/12\/cantando-2-300x145.jpg 300w\" sizes=\"auto, (max-width: 680px) 100vw, 680px\" \/><\/p>\n<p style=\"text-align: center;\" mce_style=\"text-align: center;\">(Celebrando la festividad de Santa B\u00e1rbara, patrona de Esquivias en 1584)<\/p>\n<p style=\"text-align: justify;\" mce_style=\"text-align: justify;\"><span style=\"font-size: medium;\" mce_style=\"font-size: medium;\"><span style=\"font-family: verdana, geneva;\" mce_style=\"font-family: verdana, geneva;\">Finalizando como no pod\u00eda ser de otra forma, con el obligado homenaje al \u00abPrincipe de las Letras\u00bb con la inclusi\u00f3n en este acto de algunos episodios del entrem\u00e9s cervantino: \u00abLa elecci\u00f3n de los Alcaldes de Daganzo\u00bb.<\/span><\/span><\/p>\n<p style=\"text-align: center;\" mce_style=\"text-align: center;\"><span style=\"font-size: medium;\" mce_style=\"font-size: medium;\"><span style=\"font-family: verdana, geneva;\" mce_style=\"font-family: verdana, geneva;\"><img loading=\"lazy\" decoding=\"async\" class=\" size-full wp-image-496 size-full wp-image-496\" src=\"http:\/\/www.cervantinaesquivias.org\/wordpress\/wp-content\/uploads\/2012\/12\/saludando-2.jpg\" mce_src=\"http:\/\/www.cervantinaesquivias.org\/wordpress\/wp-content\/uploads\/2012\/12\/saludando-2.jpg\" alt=\"alt\" width=\"709\" height=\"404\" srcset=\"http:\/\/www.cervantinaesquivias.org\/wordpress\/wp-content\/uploads\/2012\/12\/saludando-2.jpg 709w, http:\/\/www.cervantinaesquivias.org\/wordpress\/wp-content\/uploads\/2012\/12\/saludando-2-300x171.jpg 300w\" sizes=\"auto, (max-width: 709px) 100vw, 709px\" \/><br \/><\/span><\/span><\/p>\n<p style=\"text-align: center;\" mce_style=\"text-align: center;\">(El grupo de actores con Jaime Garc\u00eda recibiendo el cari\u00f1oso aplauso del p\u00fablico asistente)<\/p>\n<p style=\"text-align: center;\" mce_style=\"text-align: center;\"><\/p>\n<p style=\"text-align: center;\" mce_style=\"text-align: center;\"><span style=\"font-size: small;\" mce_style=\"font-size: small;\"><u style=\"style\" mce_style=\"style\"><span style=\"font-size: medium;\" mce_style=\"font-size: medium;\"><span style=\"font-family: verdana, geneva;\" mce_style=\"font-family: verdana, geneva;\">PASACALLES CERVANTINO<\/span><\/span><\/u><\/span><\/p>\n<p style=\"style\" mce_style=\"style\"><span style=\"font-family: verdana, geneva; font-size: medium; text-align: justify;\" mce_style=\"font-family: verdana, geneva; font-size: medium; text-align: justify;\">El d\u00eda 8 de diciembre tuvo lugar un Pasacalles Cervantino a cargo de la Asociaci\u00f3n de Mujeres de Esquivias, reforzado con el Grupo de Coros y Danzas de la Casa de Castilla la Mancha en Legan\u00e9s (Madrid).<\/span><\/p>\n<p style=\"text-align: center;\" mce_style=\"text-align: center;\"><span style=\"font-family: verdana, geneva; font-size: medium; text-align: justify;\" mce_style=\"font-family: verdana, geneva; font-size: medium; text-align: justify;\"><img loading=\"lazy\" decoding=\"async\" class=\" size-full wp-image-497 size-full wp-image-497\" src=\"http:\/\/www.cervantinaesquivias.org\/wordpress\/wp-content\/uploads\/2012\/12\/grupo-danzas.jpg\" mce_src=\"http:\/\/www.cervantinaesquivias.org\/wordpress\/wp-content\/uploads\/2012\/12\/grupo-danzas.jpg\" alt=\"alt\" style=\"style\" mce_style=\"style\" width=\"709\" height=\"472\" srcset=\"http:\/\/www.cervantinaesquivias.org\/wordpress\/wp-content\/uploads\/2012\/12\/grupo-danzas.jpg 709w, http:\/\/www.cervantinaesquivias.org\/wordpress\/wp-content\/uploads\/2012\/12\/grupo-danzas-300x200.jpg 300w\" sizes=\"auto, (max-width: 709px) 100vw, 709px\" \/><br \/><\/span><\/p>\n<p style=\"text-align: center;\" mce_style=\"text-align: center;\">(Componentes de la Asociaci\u00f3n de Mujeres y del Grupo de Coros de la <\/p>\n<p style=\"text-align: center;\" mce_style=\"text-align: center;\">Casa de Castilla la Mancha de Legranes (Madrid).<\/p>\n<p style=\"text-align: justify;\" mce_style=\"text-align: justify;\"><span style=\"font-size: medium;\" mce_style=\"font-size: medium;\"><span style=\"font-family: verdana, geneva;\" mce_style=\"font-family: verdana, geneva;\">El Pasacalles se desarroll\u00f3 por diferentes calles de Esquivias, llegando a coincidir con el Mercado Cervantino instalado en la Plaza de Espa\u00f1a, que estuvo instalado los dias 7, 8 y 9 de diciembre.\u00a0<\/span><\/span><\/p>\n<p style=\"text-align: center;\" mce_style=\"text-align: center;\"><span style=\"font-size: medium;\" mce_style=\"font-size: medium;\"><span style=\"font-family: verdana, geneva;\" mce_style=\"font-family: verdana, geneva;\"><img loading=\"lazy\" decoding=\"async\" class=\" size-full wp-image-498 size-full wp-image-498\" src=\"http:\/\/www.cervantinaesquivias.org\/wordpress\/wp-content\/uploads\/2012\/12\/astrana-marin.jpg\" mce_src=\"http:\/\/www.cervantinaesquivias.org\/wordpress\/wp-content\/uploads\/2012\/12\/astrana-marin.jpg\" alt=\"alt\" style=\"style\" mce_style=\"style\" width=\"709\" height=\"612\" srcset=\"http:\/\/www.cervantinaesquivias.org\/wordpress\/wp-content\/uploads\/2012\/12\/astrana-marin.jpg 709w, http:\/\/www.cervantinaesquivias.org\/wordpress\/wp-content\/uploads\/2012\/12\/astrana-marin-300x259.jpg 300w\" sizes=\"auto, (max-width: 709px) 100vw, 709px\" \/><br \/><\/span><\/span><\/p>\n<p style=\"text-align: center;\" mce_style=\"text-align: center;\">(Una parada para reponer fuerzas, en el monumento a Don Luis Astrana Mar\u00edn)<\/p>\n<p style=\"text-align: justify;\" mce_style=\"text-align: justify;\"><span style=\"font-size: medium;\" mce_style=\"font-size: medium;\"><span style=\"font-family: verdana, geneva;\" mce_style=\"font-family: verdana, geneva;\">Al mismo tiempo, en el centro de dicha plaza hubo instalados castillos hinchables, camas el\u00e1sticas, etc. para ni\u00f1os. Gui\u00f1oles y marionetas completaban la oferta para la edad infantil.<\/span><\/span><\/p>\n<p style=\"text-align: center;\" mce_style=\"text-align: center;\"><\/p>\n<p style=\"text-align: center;\" mce_style=\"text-align: center;\"><span style=\"font-size: medium;\" mce_style=\"font-size: medium;\"><span style=\"font-family: verdana, geneva;\" mce_style=\"font-family: verdana, geneva;\"><u>BEL\u00c9N NAVIDE\u00d1O<\/u><\/span><\/span><\/p>\n<p style=\"text-align: justify;\" mce_style=\"text-align: justify;\"><span style=\"font-size: medium;\" mce_style=\"font-size: medium;\"><span style=\"font-family: verdana, geneva;\" mce_style=\"font-family: verdana, geneva;\">Por parte de la Asociaci\u00f3n de Mujeres y otros colaboradores, en la iglesia del Convento de Capuchinos de Esquivias se mont\u00f3 un Bel\u00e9n Navide\u00f1o de proporcionales dimensiones, recreando la tradici\u00f3n que este tipo de montajes proliferan por la geograf\u00eda espa\u00f1ola.<\/span><\/span><\/p>\n<p style=\"text-align: center;\" mce_style=\"text-align: center;\"><span style=\"font-size: medium;\" mce_style=\"font-size: medium;\"><span style=\"font-family: verdana, geneva;\" mce_style=\"font-family: verdana, geneva;\"><img loading=\"lazy\" decoding=\"async\" class=\" size-full wp-image-499 size-full wp-image-499\" src=\"http:\/\/www.cervantinaesquivias.org\/wordpress\/wp-content\/uploads\/2012\/12\/belen-2012-1.jpg\" mce_src=\"http:\/\/www.cervantinaesquivias.org\/wordpress\/wp-content\/uploads\/2012\/12\/belen-2012-1.jpg\" alt=\"alt\" style=\"style\" mce_style=\"style\" width=\"709\" height=\"470\" srcset=\"http:\/\/www.cervantinaesquivias.org\/wordpress\/wp-content\/uploads\/2012\/12\/belen-2012-1.jpg 709w, http:\/\/www.cervantinaesquivias.org\/wordpress\/wp-content\/uploads\/2012\/12\/belen-2012-1-300x199.jpg 300w\" sizes=\"auto, (max-width: 709px) 100vw, 709px\" \/><br \/><\/span><\/span><\/p>\n<p style=\"text-align: center;\" mce_style=\"text-align: center;\"><\/p>\n<p style=\"text-align: center;\" mce_style=\"text-align: center;\"><img loading=\"lazy\" decoding=\"async\" class=\" size-full wp-image-500 size-full wp-image-500\" src=\"http:\/\/www.cervantinaesquivias.org\/wordpress\/wp-content\/uploads\/2012\/12\/belen-2012-2.jpg\" mce_src=\"http:\/\/www.cervantinaesquivias.org\/wordpress\/wp-content\/uploads\/2012\/12\/belen-2012-2.jpg\" alt=\"alt\" width=\"780\" height=\"585\" srcset=\"http:\/\/www.cervantinaesquivias.org\/wordpress\/wp-content\/uploads\/2012\/12\/belen-2012-2.jpg 780w, http:\/\/www.cervantinaesquivias.org\/wordpress\/wp-content\/uploads\/2012\/12\/belen-2012-2-300x225.jpg 300w, http:\/\/www.cervantinaesquivias.org\/wordpress\/wp-content\/uploads\/2012\/12\/belen-2012-2-768x576.jpg 768w\" sizes=\"auto, (max-width: 780px) 100vw, 780px\" \/><\/p>\n<p style=\"text-align: center;\" mce_style=\"text-align: center;\"><\/p>\n<p style=\"text-align: center;\" mce_style=\"text-align: center;\"><span style=\"font-size: small;\" mce_style=\"font-size: small;\"><u style=\"style\" mce_style=\"style\"><span style=\"font-size: medium;\" mce_style=\"font-size: medium;\"><span style=\"font-family: verdana, geneva;\" mce_style=\"font-family: verdana, geneva;\">CONCIERTO L\u00cdRICO<\/span><\/span><\/u><\/span><\/p>\n<p style=\"text-align: justify;\" mce_style=\"text-align: justify;\"><span style=\"font-size: medium;\" mce_style=\"font-size: medium;\"><span style=\"font-family: verdana, geneva;\" mce_style=\"font-family: verdana, geneva;\">Este dicho dia, tuvo lugar un Concierto L\u00edrico, coordinado por la soprano esquiviana Irene Moreno que cont\u00f3 con la colaboraci\u00f3n art\u00edstica de la mezzosoprano Mar\u00eda Marug\u00e1n acompa\u00f1adas al piano por Paz Jaramillo.<\/span><\/span><\/p>\n<p style=\"text-align: center;\" mce_style=\"text-align: center;\"><span style=\"font-size: medium;\" mce_style=\"font-size: medium;\"><span style=\"font-family: verdana, geneva;\" mce_style=\"font-family: verdana, geneva;\"><img loading=\"lazy\" decoding=\"async\" class=\" size-full wp-image-501 size-full wp-image-501\" src=\"http:\/\/www.cervantinaesquivias.org\/wordpress\/wp-content\/uploads\/2012\/12\/irene.jpg\" mce_src=\"http:\/\/www.cervantinaesquivias.org\/wordpress\/wp-content\/uploads\/2012\/12\/irene.jpg\" alt=\"alt\" style=\"style\" mce_style=\"style\" width=\"709\" height=\"827\" srcset=\"http:\/\/www.cervantinaesquivias.org\/wordpress\/wp-content\/uploads\/2012\/12\/irene.jpg 709w, http:\/\/www.cervantinaesquivias.org\/wordpress\/wp-content\/uploads\/2012\/12\/irene-257x300.jpg 257w\" sizes=\"auto, (max-width: 709px) 100vw, 709px\" \/><br \/><\/span><\/span><\/p>\n<p style=\"text-align: center;\" mce_style=\"text-align: center;\">(Irene Moreno, soprano)<\/p>\n<p style=\"text-align: justify;\" mce_style=\"text-align: justify;\"><span style=\"font-size: medium;\" mce_style=\"font-size: medium;\"><span style=\"font-family: verdana, geneva;\" mce_style=\"font-family: verdana, geneva;\">Un amplio repertorio de m\u00fasica y canto espa\u00f1ol, Zarzuelas, etc. llen\u00f3 la Primera Parte del Concierto, con obras de Granados, Guerrero, Moreno Torroba, Joaquin Rodrigo y Barbieri.\u00a0<\/span><\/span><\/p>\n<p style=\"text-align: center;\" mce_style=\"text-align: center;\"><span style=\"font-size: medium;\" mce_style=\"font-size: medium;\"><span style=\"font-family: verdana, geneva;\" mce_style=\"font-family: verdana, geneva;\"><img loading=\"lazy\" decoding=\"async\" class=\" size-full wp-image-502 size-full wp-image-502\" src=\"http:\/\/www.cervantinaesquivias.org\/wordpress\/wp-content\/uploads\/2012\/12\/mezzo-y-piano.jpg\" mce_src=\"http:\/\/www.cervantinaesquivias.org\/wordpress\/wp-content\/uploads\/2012\/12\/mezzo-y-piano.jpg\" alt=\"alt\" style=\"style\" mce_style=\"style\" width=\"709\" height=\"531\" srcset=\"http:\/\/www.cervantinaesquivias.org\/wordpress\/wp-content\/uploads\/2012\/12\/mezzo-y-piano.jpg 709w, http:\/\/www.cervantinaesquivias.org\/wordpress\/wp-content\/uploads\/2012\/12\/mezzo-y-piano-300x225.jpg 300w\" sizes=\"auto, (max-width: 709px) 100vw, 709px\" \/><br \/><\/span><\/span><\/p>\n<p style=\"text-align: center;\" mce_style=\"text-align: center;\">(Mar\u00eda Marugan, mezzosoprano, acompa\u00f1ada al piano por la profesora Paz Jaramillo)<\/p>\n<p style=\"text-align: justify;\" mce_style=\"text-align: justify;\"><span style=\"font-size: medium;\" mce_style=\"font-size: medium;\"><span style=\"font-family: verdana, geneva;\" mce_style=\"font-family: verdana, geneva;\">La Segunda Parte estuvo dedicada al Bel Canto con obras de Wilianms, Schubert, Halffter, Berstein, Faur\u00e9, Haendel, Meldelssohn y Offenbach, que deleitaron al numeroso p\u00fablico asistente.<\/span><\/span><\/p>\n<p style=\"text-align: justify;\" mce_style=\"text-align: justify;\"><span style=\"font-size: medium;\" mce_style=\"font-size: medium;\"><span style=\"font-family: verdana, geneva;\" mce_style=\"font-family: verdana, geneva;\">Una actividad que cada d\u00eda gana mas adeptos entre el p\u00fablico esquiviano.<\/span><\/span><\/p>\n<p style=\"text-align: justify;\" mce_style=\"text-align: justify;\"><\/p>\n<p style=\"text-align: center;\" mce_style=\"text-align: center;\"><span style=\"font-size: medium;\" mce_style=\"font-size: medium;\"><span style=\"font-family: verdana, geneva;\" mce_style=\"font-family: verdana, geneva;\"><u>JORNADA DE PUERTAS ABIERTAS<\/u><\/span><\/span><\/p>\n<p style=\"text-align: justify;\" mce_style=\"text-align: justify;\"><span style=\"font-size: medium;\" mce_style=\"font-size: medium;\"><span style=\"font-family: verdana, geneva;\" mce_style=\"font-family: verdana, geneva;\">El d\u00eda 9 de diciembre tuvo lugar de nuevo una Jornada de Puertas Abiertas del Museo Casa de Cervantes de Esquivias, pero en esta ocasi\u00f3n con escenificaci\u00f3n en las diferentes estancias de dicha Casa-Museo, con la representaci\u00f3n de<b><i> \u00abLos Ecos de Una Boda\u00bb<\/i><\/b>.<\/span><\/span><\/p>\n<p style=\"text-align: justify;\" mce_style=\"text-align: justify;\"><span style=\"font-size: medium;\" mce_style=\"font-size: medium;\"><span style=\"font-family: verdana, geneva;\" mce_style=\"font-family: verdana, geneva;\">Para esta ocasi\u00f3n, se cont\u00f3 con el siguiente reparto de actores:<\/span><\/span><\/p>\n<p style=\"text-align: center;\" mce_style=\"text-align: center;\"><span style=\"font-size: medium;\" mce_style=\"font-size: medium;\"><span style=\"font-family: verdana, geneva;\" mce_style=\"font-family: verdana, geneva;\">Do\u00f1a Juana Guti\u00e9rrez&#8230;&#8230;&#8230;&#8230;&#8230;&#8230;&#8230;&#8230;..Gema S\u00e1nchez.<\/span><\/span><\/p>\n<p style=\"text-align: center;\" mce_style=\"text-align: center;\"><span style=\"font-size: medium;\" mce_style=\"font-size: medium;\"><span style=\"font-family: verdana, geneva;\" mce_style=\"font-family: verdana, geneva;\">Do\u00f1a Juana Gait\u00e1n&#8230;&#8230;&#8230;&#8230;&#8230;&#8230;&#8230;&#8230;&#8230;&#8230;Susana Garc\u00eda.<\/span><\/span><\/p>\n<p style=\"text-align: center;\" mce_style=\"text-align: center;\"><span style=\"font-size: medium;\" mce_style=\"font-size: medium;\"><span style=\"font-family: verdana, geneva;\" mce_style=\"font-family: verdana, geneva;\">Mar\u00eda de Ugena (criada 1\u00aa)&#8230;&#8230;&#8230;&#8230;&#8230;&#8230;..Julia Santano.<\/span><\/span><\/p>\n<p style=\"text-align: center;\" mce_style=\"text-align: center;\"><span style=\"font-size: medium;\" mce_style=\"font-size: medium;\"><span style=\"font-family: verdana, geneva;\" mce_style=\"font-family: verdana, geneva;\">El Cura Pero P\u00e9rez&#8230;&#8230;&#8230;&#8230;&#8230;&#8230;&#8230;&#8230;&#8230;&#8230;&#8230;..Jos\u00e9 Rosell.<\/span><\/span><\/p>\n<p style=\"text-align: center;\" mce_style=\"text-align: center;\"><span style=\"font-size: medium;\" mce_style=\"font-size: medium;\"><span style=\"font-family: verdana, geneva;\" mce_style=\"font-family: verdana, geneva;\">Maese Nicol\u00e1s&#8230;&#8230;&#8230;&#8230;&#8230;&#8230;&#8230;&#8230;&#8230;&#8230;Angel Luis Hermida.<\/span><\/span><\/p>\n<p style=\"text-align: center;\" mce_style=\"text-align: center;\"><span style=\"font-size: medium;\" mce_style=\"font-size: medium;\"><span style=\"font-family: verdana, geneva;\" mce_style=\"font-family: verdana, geneva;\">El Ama&#8230;&#8230;&#8230;&#8230;&#8230;&#8230;&#8230;&#8230;&#8230;&#8230;&#8230;&#8230;&#8230;&#8230;&#8230;..Maribel Garc\u00eda.<\/span><\/span><\/p>\n<p style=\"text-align: center;\" mce_style=\"text-align: center;\"><span style=\"font-size: medium;\" mce_style=\"font-size: medium;\"><span style=\"font-family: verdana, geneva;\" mce_style=\"font-family: verdana, geneva;\">La Sobrina&#8230;&#8230;&#8230;&#8230;&#8230;&#8230;&#8230;&#8230;&#8230;&#8230;&#8230;&#8230;&#8230;&#8230;&#8230;Andrea D\u00edaz.<\/span><\/span><\/p>\n<p style=\"text-align: center;\" mce_style=\"text-align: center;\"><span style=\"font-size: medium;\" mce_style=\"font-size: medium;\"><span style=\"font-family: verdana, geneva;\" mce_style=\"font-family: verdana, geneva;\">Juana (criada 2\u00aa)&#8230;&#8230;&#8230;&#8230;&#8230;&#8230;&#8230;&#8230;&#8230;&#8230;&#8230;\u00c1ngela Garc\u00eda.<\/span><\/span><\/p>\n<p style=\"text-align: center;\" mce_style=\"text-align: center;\"><span style=\"font-size: medium;\" mce_style=\"font-size: medium;\"><span style=\"font-family: verdana, geneva;\" mce_style=\"font-family: verdana, geneva;\">Catalina de Salazar y Palacios&#8230;Elena Fdez. de Velasco.<\/span><\/span><\/p>\n<p style=\"text-align: center;\" mce_style=\"text-align: center;\"><span style=\"font-size: medium;\" mce_style=\"font-size: medium;\"><span style=\"font-family: verdana, geneva;\" mce_style=\"font-family: verdana, geneva;\">Mar\u00eda de Palacios&#8230;&#8230;&#8230;&#8230;&#8230;&#8230;&#8230;&#8230;&#8230;..Cristina S\u00e1nchez.<\/span><\/span><\/p>\n<p style=\"text-align: center;\" mce_style=\"text-align: center;\"><span style=\"font-size: medium;\" mce_style=\"font-size: medium;\"><span style=\"font-family: verdana, geneva;\" mce_style=\"font-family: verdana, geneva;\">Miguel de Cervantes&#8230;&#8230;&#8230;&#8230;&#8230;&#8230;&#8230;&#8230;&#8230;\u00c1lvaro Hermida.<\/span><\/span><\/p>\n<p style=\"text-align: center;\" mce_style=\"text-align: center;\"><span style=\"font-size: medium;\" mce_style=\"font-size: medium;\"><span style=\"font-family: verdana, geneva;\" mce_style=\"font-family: verdana, geneva;\">Luc\u00eda (criada 3\u00aa)&#8230;&#8230;&#8230;&#8230;&#8230;&#8230;&#8230;&#8230;&#8230;.Maria Jes\u00fas Garc\u00eda.<\/span><\/span><\/p>\n<p style=\"text-align: center;\" mce_style=\"text-align: center;\"><span style=\"font-size: medium;\" mce_style=\"font-size: medium;\"><span style=\"font-family: verdana, geneva;\" mce_style=\"font-family: verdana, geneva;\">Don Alonso Quixada de Salazar&#8230;&#8230;Crescencio de Diego.<\/span><\/span><\/p>\n<p style=\"text-align: center;\" mce_style=\"text-align: center;\"><span style=\"font-size: medium;\" mce_style=\"font-size: medium;\"><span style=\"font-family: verdana, geneva;\" mce_style=\"font-family: verdana, geneva;\">El t\u00edo Sancho&#8230;&#8230;&#8230;&#8230;&#8230;&#8230;&#8230;&#8230;&#8230;&#8230;&#8230;&#8230;Mariano V\u00e1zquez.<\/span><\/span><\/p>\n<p style=\"text-align: center;\" mce_style=\"text-align: center;\"><span style=\"font-size: medium;\" mce_style=\"font-size: medium;\"><span style=\"font-family: verdana, geneva;\" mce_style=\"font-family: verdana, geneva;\">Teresa Panza&#8230;&#8230;&#8230;&#8230;&#8230;&#8230;&#8230;&#8230;&#8230;&#8230;&#8230;&#8230;..Clara Truchado.<\/span><\/span><\/p>\n<p style=\"text-align: center;\" mce_style=\"text-align: center;\"><span style=\"font-size: medium;\" mce_style=\"font-size: medium;\"><span style=\"font-family: verdana, geneva;\" mce_style=\"font-family: verdana, geneva;\">Sanchica&#8230;&#8230;&#8230;&#8230;&#8230;&#8230;&#8230;..Ana Maria de Diego Ruffiangel.<\/span><\/span><\/p>\n<p style=\"text-align: center;\" mce_style=\"text-align: center;\"><span style=\"font-size: medium;\" mce_style=\"font-size: medium;\"><span style=\"font-family: verdana, geneva;\" mce_style=\"font-family: verdana, geneva;\">Pedro Alonso de Salazar&#8230;&#8230;&#8230;&#8230;&#8230;&#8230;&#8230;Sabino de Diego.<\/span><\/span><\/p>\n<p style=\"text-align: center;\" mce_style=\"text-align: center;\"><span style=\"font-size: medium;\" mce_style=\"font-size: medium;\"><span style=\"font-family: verdana, geneva;\" mce_style=\"font-family: verdana, geneva;\">Francisco Marcos&#8230;&#8230;&#8230;&#8230;&#8230;&#8230;&#8230;&#8230;&#8230;.Jos\u00e9 Mar\u00eda Medina.<\/span><\/span><\/p>\n<p style=\"text-align: center;\" mce_style=\"text-align: center;\"><span style=\"font-size: medium;\" mce_style=\"font-size: medium;\"><span style=\"font-family: verdana, geneva;\" mce_style=\"font-family: verdana, geneva;\">Ricote el morisco&#8230;&#8230;&#8230;&#8230;&#8230;&#8230;&#8230;&#8230;&#8230;&#8230;&#8230;&#8230;Luis Serrano.<\/span><\/span><\/p>\n<p style=\"text-align: center;\" mce_style=\"text-align: center;\"><span style=\"font-size: medium;\" mce_style=\"font-size: medium;\"><span style=\"font-family: verdana, geneva;\" mce_style=\"font-family: verdana, geneva;\">El Vizca\u00edno&#8230;&#8230;&#8230;&#8230;&#8230;&#8230;&#8230;&#8230;&#8230;&#8230;&#8230;&#8230;&#8230;&#8230;Antonio Garc\u00eda.<\/span><\/span><\/p>\n<p style=\"text-align: center;\" mce_style=\"text-align: center;\"><span style=\"font-size: medium;\" mce_style=\"font-size: medium;\"><span style=\"font-family: verdana, geneva;\" mce_style=\"font-family: verdana, geneva;\">La Torralba&#8230;&#8230;&#8230;&#8230;&#8230;&#8230;&#8230;&#8230;&#8230;&#8230;&#8230;&#8230;&#8230;.Claudia Serrano.<\/span><\/span><\/p>\n<p style=\"text-align: justify;\" mce_style=\"text-align: justify;\"><span style=\"font-size: medium;\" mce_style=\"font-size: medium;\"><span style=\"font-family: verdana, geneva;\" mce_style=\"font-family: verdana, geneva;\">Con objeto de familiarizarnos con los personajes interpretados, expondremos quienes eran y lo que representaban en el momento de las Escenas:<\/span><\/span><\/p>\n<p style=\"text-align: justify;\" mce_style=\"text-align: justify;\"><span style=\"font-size: medium;\" mce_style=\"font-size: medium;\"><span style=\"font-family: verdana, geneva;\" mce_style=\"font-family: verdana, geneva;\"><b>Do\u00f1a Juana Guti\u00e9rrez<\/b>. Fue el esposa de Francisco Marcos, Sacrist\u00e1n que actu\u00f3 de testigo en la boda de Cervantes y Catalina, siendo prima segunda de Catalina de Salazar y Palacios. Su nombre es uno por los que se conoce a la mujer de Sancho Panza.<\/span><\/span><\/p>\n<p style=\"text-align: center;\" mce_style=\"text-align: center;\"><span style=\"font-size: medium;\" mce_style=\"font-size: medium;\"><span style=\"font-family: verdana, geneva;\" mce_style=\"font-family: verdana, geneva;\"><img loading=\"lazy\" decoding=\"async\" class=\" size-full wp-image-503 size-full wp-image-503\" src=\"http:\/\/www.cervantinaesquivias.org\/wordpress\/wp-content\/uploads\/2012\/12\/juana-gutierrez.jpg\" mce_src=\"http:\/\/www.cervantinaesquivias.org\/wordpress\/wp-content\/uploads\/2012\/12\/juana-gutierrez.jpg\" alt=\"alt\" style=\"style\" mce_style=\"style\" width=\"624\" height=\"344\" srcset=\"http:\/\/www.cervantinaesquivias.org\/wordpress\/wp-content\/uploads\/2012\/12\/juana-gutierrez.jpg 624w, http:\/\/www.cervantinaesquivias.org\/wordpress\/wp-content\/uploads\/2012\/12\/juana-gutierrez-300x165.jpg 300w\" sizes=\"auto, (max-width: 624px) 100vw, 624px\" \/><br \/><\/span><\/span><\/p>\n<p style=\"text-align: center;\" mce_style=\"text-align: center;\">(Do\u00f1a Juana Guti\u00e9rrez esperando al p\u00fablico)<\/p>\n<p style=\"text-align: justify;\" mce_style=\"text-align: justify;\"><span style=\"font-size: medium;\" mce_style=\"font-size: medium;\"><span style=\"font-family: verdana, geneva;\" mce_style=\"font-family: verdana, geneva;\"><b>Do\u00f1a Juana Gait\u00e1n.<\/b> De holgada situaci\u00f3n econ\u00f3mica, Do\u00f1a Juana era viuda de Pedro La\u00ednez, cancionero y amigo de Cervantes, siendo este el v\u00ednculo que trajo a Esquivias a Cervantes, otgorgando Do\u00f1a Juana un poder en favor de Miguel, el 22 de septiembre de 1584, para que este pudiera gestionar la publicaci\u00f3n p\u00f3stuma del Cancionero de su anterior esposo. Es mas que probable que fuera Do\u00f1a Juana Gait\u00e1n quien hiciera las presentaciones entre Miguel de Cervantes y Catalina de Salazar y Palacios.<\/span><\/span><\/p>\n<p style=\"text-align: justify;\" mce_style=\"text-align: justify;\"><span style=\"font-size: medium;\" mce_style=\"font-size: medium;\"><span style=\"font-family: verdana, geneva;\" mce_style=\"font-family: verdana, geneva;\"><b>Mar\u00eda de Ugena.<\/b> Criada de Catalina de Salazar y Palacios. A Mar\u00eda le deja Catalina en su primer Testamento sus vestidos de seda y mantos que tuviere <i>\u00ab&#8230;por el mucho amor que la tengo\u00bb<\/i>. A su vez, Mar\u00eda de Ugena era prima de Juan Carrasco, bautizado en Esquivias el 10 de Enero de 1582. (El Bachiller Sans\u00f3n Carrasco en El Quijote).<\/span><\/span><\/p>\n<p style=\"text-align: justify;\" mce_style=\"text-align: justify;\"><span style=\"font-size: medium;\" mce_style=\"font-size: medium;\"><span style=\"font-family: verdana, geneva;\" mce_style=\"font-family: verdana, geneva;\"><b>Juana y Luc\u00eda.<\/b> Las otras criadas que ten\u00eda a su servicio Catalina de Salazar y Palacios.<\/span><\/span><\/p>\n<p style=\"text-align: justify;\" mce_style=\"text-align: justify;\"><span style=\"font-size: medium;\" mce_style=\"font-size: medium;\"><span style=\"font-family: verdana, geneva;\" mce_style=\"font-family: verdana, geneva;\"><b>El Cura Pero P\u00e9rez.<\/b> Fue cura de la ermita de San Bernab\u00e9 de Esquivias en la primera mitad del Siglo XVI. Existen Actas de bautismo donde firmaba unas veces como Pero P\u00e9rez y otras como Petrus Perez. Fue contempor\u00e1neo de Don Alonso Quixada de Salazar, de Esquivias, que profes\u00f3 como fraile Agustino en el Monasterio de San Juan de los Reyes de Toledo. El Cura Pero Perez es el nombre del cura del lugar del Quijote.<\/span><\/span><\/p>\n<p style=\"text-align: justify;\" mce_style=\"text-align: justify;\"><span style=\"font-size: medium;\" mce_style=\"font-size: medium;\"><span style=\"font-family: verdana, geneva;\" mce_style=\"font-family: verdana, geneva;\"><b>Maese Nicolas.<\/b> barbero, sacamuelas y otros oficios. Personaje del Quijote.<\/span><\/span><\/p>\n<p style=\"text-align: justify;\" mce_style=\"text-align: justify;\"><span style=\"font-size: medium;\" mce_style=\"font-size: medium;\"><span style=\"font-family: verdana, geneva;\" mce_style=\"font-family: verdana, geneva;\"><b>El Ama.<\/b> Es el Ama de llaves de la vivienda de Don Alonso Quixada.<\/span><\/span><\/p>\n<p style=\"text-align: justify;\" mce_style=\"text-align: justify;\"><span style=\"font-size: medium;\" mce_style=\"font-size: medium;\"><span style=\"font-family: verdana, geneva;\" mce_style=\"font-family: verdana, geneva;\"><b>La Sobrina.<\/b> Personaje del Quijote, sobrina de Don Alonso Quixada.<\/span><\/span><\/p>\n<p style=\"text-align: justify;\" mce_style=\"text-align: justify;\"><span style=\"font-size: medium;\" mce_style=\"font-size: medium;\"><span style=\"font-family: verdana, geneva;\" mce_style=\"font-family: verdana, geneva;\"><b>Catalina de Salazar y Palacios.<\/b> Esposa de Miguel de Cervantes.<\/span><\/span><\/p>\n<p style=\"text-align: justify;\" mce_style=\"text-align: justify;\"><span style=\"font-size: medium;\" mce_style=\"font-size: medium;\"><span style=\"font-family: verdana, geneva;\" mce_style=\"font-family: verdana, geneva;\"><b>Mar\u00eda de Palacios.<\/b> Prima de Catalina de Salazar y Palacios, nacida en 1565 como Catalina. Era hija de Mar\u00eda de Salazar, hermana menor de la madre de Catalina y de Juan de Salazar.<\/span><\/span><\/p>\n<p style=\"text-align: justify;\" mce_style=\"text-align: justify;\"><span style=\"font-size: medium;\" mce_style=\"font-size: medium;\"><span style=\"font-family: verdana, geneva;\" mce_style=\"font-family: verdana, geneva;\"><b>Miguel de Cervantes Saavedra.<\/b> Esposo de Catalina de Salazar y Palacios y autor del Ingenioso Hidalgo Don Quijote de la Mancha.<\/span><\/span><\/p>\n<p style=\"text-align: justify;\" mce_style=\"text-align: justify;\"><span style=\"font-size: medium;\" mce_style=\"font-size: medium;\"><span style=\"font-family: verdana, geneva;\" mce_style=\"font-family: verdana, geneva;\"><b>Don Alonso Quixada de Salazar.<\/b> Hidalgo natural y vecino de Esquivias, descendiente de la alcurnia, por l\u00ednea recta de var\u00f3n, de Gutierre Quixada, tal como figura en las Cr\u00f3nicas del Rey Juan II de Castilla y como demostr\u00f3 la familia Quixada de Esquivias al realizar la limpieza de sangre de su linaje. En el Cap\u00edtulo XLIX de la Primera Parte, Don Quijote dice que desciende del mismo Gutierre Quixada, natural de Vecilla de Valderaduey.<\/span><\/span><\/p>\n<p style=\"text-align: justify;\" mce_style=\"text-align: justify;\"><span style=\"font-size: medium;\" mce_style=\"font-size: medium;\"><span style=\"font-family: verdana, geneva;\" mce_style=\"font-family: verdana, geneva;\"><b>El t\u00edo Sancho.<\/b> Personaje complementario de Don Quijote.\u00a0<\/span><\/span><\/p>\n<p style=\"text-align: justify;\" mce_style=\"text-align: justify;\"><span style=\"font-size: medium;\" mce_style=\"font-size: medium;\"><span style=\"font-family: verdana, geneva;\" mce_style=\"font-family: verdana, geneva;\"><b>Teresa Panza.<\/b> Esposa de Sancho Panza. A veces Cervantes la nombra en el Quijote como Teresa Cascajo (apellido de Esquivias a finales del Siglo XVI), como Juana Guti\u00e9rrez y como Mari Guti\u00e9rrez (El 7 de Enero de 1529 el Cura Pero Perez bautiz\u00f3 en Esquivias a un hijo de Mari Guti\u00e9rrez, siendo la madrina Catalina de Vozmediano, abuela paterna de Catalina de Salazar y Palacios).<\/span><\/span><\/p>\n<p style=\"text-align: justify;\" mce_style=\"text-align: justify;\"><span style=\"font-size: medium;\" mce_style=\"font-size: medium;\"><span style=\"font-family: verdana, geneva;\" mce_style=\"font-family: verdana, geneva;\"><b>Sanchica.<\/b> Hija de Sancho Panza y de Teresa Panza.<\/span><\/span><\/p>\n<p style=\"text-align: justify;\" mce_style=\"text-align: justify;\"><span style=\"font-size: medium;\" mce_style=\"font-size: medium;\"><span style=\"font-family: verdana, geneva;\" mce_style=\"font-family: verdana, geneva;\"><b>Pedro Alonso de Salazar.<\/b> Hidalgo de Esquivias, labrador y primo de Catalina de Salazar y Palacios. En el Cap\u00edtulo V de la Primera Parte del Quijote, cuando Don Quijote vuelve a su aldea se encuentra con Pedro Alonso <i>\u00ab&#8230;labrador de su mesmo lugar y vecino suyo\u00bb<\/i>.<\/span><\/span><\/p>\n<p style=\"text-align: justify;\" mce_style=\"text-align: justify;\"><span style=\"font-size: medium;\" mce_style=\"font-size: medium;\"><span style=\"font-family: verdana, geneva;\" mce_style=\"font-family: verdana, geneva;\"><b>Francisco Marcos.<\/b> Sacrist\u00e1n de la iglesia Parroquial de Esquivias en el \u00faltimo tercio del Siglo XVI. Casado con Juana Guti\u00e9rrez, prima de Catalina. Actu\u00f3 como testigo en la boda de Cervantes y Catalina.<\/span><\/span><\/p>\n<p style=\"text-align: justify;\" mce_style=\"text-align: justify;\"><span style=\"font-size: medium;\" mce_style=\"font-size: medium;\"><span style=\"font-family: verdana, geneva;\" mce_style=\"font-family: verdana, geneva;\"><b>Ricote el morisco.<\/b> Uno de los miembros de la familia con este apellido. Viv\u00edan en Esquivias desde 1570 a 1610, fecha de su expulsi\u00f3n de Espa\u00f1a. A la vuelta de la Insula Barataria, Sancho Panza se encuentra con su amigo Ricote \u00ab&#8230;\u00bfComo y es posible, Sancho Panza, hermano, que no conoces a tu vecino Ricote el morisco, tendero de tu lugar&#8230;?<\/span><\/span><\/p>\n<p style=\"text-align: justify;\" mce_style=\"text-align: justify;\"><span style=\"font-size: medium;\" mce_style=\"font-size: medium;\"><span style=\"font-family: verdana, geneva;\" mce_style=\"font-family: verdana, geneva;\"><b>El Vizca\u00edno.<\/b> en la segunda mitad del Siglo XVI viv\u00eda en Esquivias una familia a los que se les nombraba en las Actas de Bautismo, unas veces como El Vizca\u00edno y La Vizca\u00edna y otras como Vasco Ramirez y Juana su mujer. Era una familia muy allegada a la de Catalina de Salazar y Palacios, puesto que Alonso de Salazar, tio de Catalina y de Isabel y de Aldonza de C\u00e1rdenas, en sus \u00daltimas Voluntades deja encargado se digan: <i>\u00ab&#8230;Por do\u00f1a Juana muger de Vasco Ramirez ocho misas&#8230;\u00bb<\/i> El Vizca\u00edno aparece en el Cap\u00edtulo VIII de la Primera Parte del Quijote como escudero de unas damas al que se enfrenta Don Quijote.<\/span><\/span><\/p>\n<p style=\"text-align: justify;\" mce_style=\"text-align: justify;\"><span style=\"font-size: medium;\" mce_style=\"font-size: medium;\"><span style=\"font-family: verdana, geneva;\" mce_style=\"font-family: verdana, geneva;\"><b>La Torralba.<\/b> En El Quijote pastora de la se halla enamorado un gentil caballero. La Torralba es el nombre de una finca que era propiedad de la familia de Catalina de Salazar y Palacios, y que Cervantes lo pone como nombre de la pastora.<\/span><\/span><\/p>\n<p style=\"text-align: justify;\" mce_style=\"text-align: justify;\"><\/p>\n<p style=\"text-align: justify;\" mce_style=\"text-align: justify;\"><span style=\"font-size: medium;\" mce_style=\"font-size: medium;\"><span style=\"font-family: verdana, geneva;\" mce_style=\"font-family: verdana, geneva;\">Para el acceso previo Do\u00f1a Juana Guti\u00e9rrez, como persona de confianza de Catalina, se encarg\u00f3 de coordinar los grupos que cada 15 minutos acced\u00edan a la Casa-Museo.<\/span><\/span><\/p>\n<p style=\"text-align: justify;\" mce_style=\"text-align: justify;\"><span style=\"font-size: medium;\" mce_style=\"font-size: medium;\"><span style=\"font-family: verdana, geneva;\" mce_style=\"font-family: verdana, geneva;\">Los hechos se desarrollan d\u00edas despu\u00e9s de la boda de Miguel de Cervantes Saavedra y Catalina de Salazar y Palacios, desposorio realizado en Esquivias el 12 de diciembre de 1584.<\/span><\/span><\/p>\n<p style=\"text-align: justify;\" mce_style=\"text-align: justify;\"><span style=\"font-size: medium;\" mce_style=\"font-size: medium;\"><span mce_style=\"font-family: verdana, geneva;\"><u style=\"style\" mce_style=\"style\"><span style=\"font-family: verdana, geneva;\" mce_style=\"font-family: verdana, geneva;\"><b>Primera Escena<\/b><\/span><\/u><\/span><\/span><\/p>\n<p style=\"text-align: justify;\" mce_style=\"text-align: justify;\"><span style=\"font-size: medium;\" mce_style=\"font-size: medium;\"><span style=\"font-family: verdana, geneva;\" mce_style=\"font-family: verdana, geneva;\">De las habitaciones interiores aparece Do\u00f1a Juana Gait\u00e1n, para dar una orientaci\u00f3n general de la Casa que van a visitar, los personajes que hay en ella, etc., como si de la vida cotidiana de esta Casa se tratara.<\/span><\/span><\/p>\n<p style=\"text-align: center;\" mce_style=\"text-align: center;\"><span style=\"font-size: medium;\" mce_style=\"font-size: medium;\"><span style=\"font-family: verdana, geneva;\" mce_style=\"font-family: verdana, geneva;\"><img loading=\"lazy\" decoding=\"async\" class=\" size-full wp-image-504 size-full wp-image-504\" src=\"http:\/\/www.cervantinaesquivias.org\/wordpress\/wp-content\/uploads\/2012\/12\/juana-gaitan-mas-visitas.jpg\" mce_src=\"http:\/\/www.cervantinaesquivias.org\/wordpress\/wp-content\/uploads\/2012\/12\/juana-gaitan-mas-visitas.jpg\" alt=\"alt\" style=\"style\" mce_style=\"style\" width=\"630\" height=\"479\" srcset=\"http:\/\/www.cervantinaesquivias.org\/wordpress\/wp-content\/uploads\/2012\/12\/juana-gaitan-mas-visitas.jpg 630w, http:\/\/www.cervantinaesquivias.org\/wordpress\/wp-content\/uploads\/2012\/12\/juana-gaitan-mas-visitas-300x228.jpg 300w\" sizes=\"auto, (max-width: 630px) 100vw, 630px\" \/><br \/><\/span><\/span><\/p>\n<p style=\"text-align: center;\" mce_style=\"text-align: center;\">(Do\u00f1a Juana Gait\u00e1n informando al grupo los pormenores de la Casa y Escenas que hallaran en ella)<\/p>\n<p style=\"text-align: justify;\" mce_style=\"text-align: justify;\"><span style=\"font-size: small;\" mce_style=\"font-size: small;\"><u style=\"style\" mce_style=\"style\"><span style=\"font-size: medium;\" mce_style=\"font-size: medium;\"><span style=\"font-family: verdana, geneva;\" mce_style=\"font-family: verdana, geneva;\"><b>Segunda Escena<\/b><\/span><\/span><\/u><\/span><\/p>\n<p style=\"text-align: justify;\" mce_style=\"text-align: justify;\"><span style=\"font-size: medium;\" mce_style=\"font-size: medium;\"><span style=\"font-family: verdana, geneva;\" mce_style=\"font-family: verdana, geneva;\">Aparece en el rellano de la escalera principal Mar\u00eda de Ugena que acompa\u00f1a al grupo hasta la biblioteca donde se hallan: el Cura Pero P\u00e9rez, Maese Nicol\u00e1s, El Ama y la Sobrina, donde se recrea el escrutinio de los libros de caballer\u00edas que se mencionan en el Cap\u00edtulo VI de la Primera Parte del Quijote.<\/span><\/span><\/p>\n<p style=\"text-align: center;\" mce_style=\"text-align: center;\"><span style=\"font-size: medium;\" mce_style=\"font-size: medium;\"><span style=\"font-family: verdana, geneva;\" mce_style=\"font-family: verdana, geneva;\"><img loading=\"lazy\" decoding=\"async\" class=\" size-full wp-image-505 size-full wp-image-505\" src=\"http:\/\/www.cervantinaesquivias.org\/wordpress\/wp-content\/uploads\/2012\/12\/maria-de-ugena-2.jpg\" mce_src=\"http:\/\/www.cervantinaesquivias.org\/wordpress\/wp-content\/uploads\/2012\/12\/maria-de-ugena-2.jpg\" alt=\"alt\" style=\"style\" mce_style=\"style\" width=\"567\" height=\"315\" srcset=\"http:\/\/www.cervantinaesquivias.org\/wordpress\/wp-content\/uploads\/2012\/12\/maria-de-ugena-2.jpg 567w, http:\/\/www.cervantinaesquivias.org\/wordpress\/wp-content\/uploads\/2012\/12\/maria-de-ugena-2-300x167.jpg 300w\" sizes=\"auto, (max-width: 567px) 100vw, 567px\" \/><br \/><\/span><\/span><\/p>\n<p style=\"text-align: center;\" mce_style=\"text-align: center;\">(Mar\u00eda de Ugena, la criada mas querida de Catalina de Salazar aparece en la escalera principal)<\/p>\n<p style=\"text-align: justify;\" mce_style=\"text-align: justify;\"><\/p>\n<p style=\"text-align: center;\" mce_style=\"text-align: center;\"><img loading=\"lazy\" decoding=\"async\" class=\" size-full wp-image-506 size-full wp-image-506\" src=\"http:\/\/www.cervantinaesquivias.org\/wordpress\/wp-content\/uploads\/2012\/12\/escrutinio.jpg\" mce_src=\"http:\/\/www.cervantinaesquivias.org\/wordpress\/wp-content\/uploads\/2012\/12\/escrutinio.jpg\" alt=\"alt\" style=\"style\" mce_style=\"style\" width=\"709\" height=\"390\" srcset=\"http:\/\/www.cervantinaesquivias.org\/wordpress\/wp-content\/uploads\/2012\/12\/escrutinio.jpg 709w, http:\/\/www.cervantinaesquivias.org\/wordpress\/wp-content\/uploads\/2012\/12\/escrutinio-300x165.jpg 300w\" sizes=\"auto, (max-width: 709px) 100vw, 709px\" \/><\/p>\n<p style=\"text-align: center;\" mce_style=\"text-align: center;\">(Escena del escrutinio de la libros de caballerias)<\/p>\n<p style=\"text-align: justify;\" mce_style=\"text-align: justify;\"><span style=\"font-size: small;\" mce_style=\"font-family: verdana, geneva; font-size: small;\"><u style=\"style\" mce_style=\"style\"><span style=\"font-size: medium;\" mce_style=\"font-size: medium;\"><span style=\"font-family: verdana, geneva;\" mce_style=\"font-family: verdana, geneva;\"><b>Tercera Escena<\/b><\/span><\/span><\/u><\/span><\/p>\n<p style=\"text-align: justify;\" mce_style=\"text-align: justify;\"><span style=\"font-size: medium;\" mce_style=\"font-size: medium;\"><span style=\"font-family: verdana, geneva;\" mce_style=\"font-family: verdana, geneva;\">En la cocina alta, previa a la habitaci\u00f3n de la costura, se halla Juana, otra de las tres criadas de Catalina, que se encuentra cocinando y manteniendo la calefacci\u00f3n en la estancia superior.<\/span><\/span><\/p>\n<p style=\"text-align: center;\" mce_style=\"text-align: center;\"><span style=\"font-size: medium;\" mce_style=\"font-size: medium;\"><span style=\"font-family: verdana, geneva;\" mce_style=\"font-family: verdana, geneva;\"><img loading=\"lazy\" decoding=\"async\" class=\" size-full wp-image-507 size-full wp-image-507\" src=\"http:\/\/www.cervantinaesquivias.org\/wordpress\/wp-content\/uploads\/2012\/12\/juana-2.jpg\" mce_src=\"http:\/\/www.cervantinaesquivias.org\/wordpress\/wp-content\/uploads\/2012\/12\/juana-2.jpg\" alt=\"alt\" style=\"style\" mce_style=\"style\" width=\"567\" height=\"316\" srcset=\"http:\/\/www.cervantinaesquivias.org\/wordpress\/wp-content\/uploads\/2012\/12\/juana-2.jpg 567w, http:\/\/www.cervantinaesquivias.org\/wordpress\/wp-content\/uploads\/2012\/12\/juana-2-300x167.jpg 300w\" sizes=\"auto, (max-width: 567px) 100vw, 567px\" \/><br \/><\/span><\/span><\/p>\n<p style=\"text-align: center;\" mce_style=\"text-align: center;\">(Juana, otra de las tres criadas de Catalina, la mas inquieta de la tres)<\/p>\n<p style=\"text-align: justify;\" mce_style=\"text-align: justify;\"><span style=\"font-size: medium;\" mce_style=\"font-size: medium;\"><span style=\"font-family: verdana, geneva;\" mce_style=\"font-family: verdana, geneva;\">En la habitaci\u00f3n de costura se hallan Catalina de Salazar y Palacios y su prima Mar\u00eda de Palacios, platicando sobre los chismes que se hablan por el pueblo.<\/span><\/span><\/p>\n<p style=\"text-align: center;\" mce_style=\"text-align: center;\"><span style=\"font-size: medium;\" mce_style=\"font-size: medium;\"><span style=\"font-family: verdana, geneva;\" mce_style=\"font-family: verdana, geneva;\"><img loading=\"lazy\" decoding=\"async\" class=\" size-full wp-image-508 size-full wp-image-508\" src=\"http:\/\/www.cervantinaesquivias.org\/wordpress\/wp-content\/uploads\/2012\/12\/catalina-y-maria-2.jpg\" mce_src=\"http:\/\/www.cervantinaesquivias.org\/wordpress\/wp-content\/uploads\/2012\/12\/catalina-y-maria-2.jpg\" alt=\"alt\" style=\"style\" mce_style=\"style\" width=\"567\" height=\"314\" srcset=\"http:\/\/www.cervantinaesquivias.org\/wordpress\/wp-content\/uploads\/2012\/12\/catalina-y-maria-2.jpg 567w, http:\/\/www.cervantinaesquivias.org\/wordpress\/wp-content\/uploads\/2012\/12\/catalina-y-maria-2-300x166.jpg 300w\" sizes=\"auto, (max-width: 567px) 100vw, 567px\" \/><br \/><\/span><\/span><\/p>\n<p style=\"text-align: center;\" mce_style=\"text-align: center;\">(Catalina de Salazar y Palacios y su prima Maria de Palacios)<\/p>\n<p style=\"text-align: justify;\" mce_style=\"text-align: justify;\"><span style=\"font-size: medium;\" mce_style=\"font-size: medium;\"><span style=\"font-family: verdana, geneva;\" mce_style=\"font-family: verdana, geneva;\">En el dormitorio\/escritorio de Cervantes y Catalina, que se halla a continuaci\u00f3n, se encuentra Miguel de Cervantes escribiendo <i>\u00abalgo muy importante\u00bb<\/i> a tenor de lo manifestado por una de las criadas.\u00a0<\/span><\/span><\/p>\n<p style=\"text-align: center;\" mce_style=\"text-align: center;\"><span style=\"font-size: medium;\" mce_style=\"font-size: medium;\"><span style=\"font-family: verdana, geneva;\" mce_style=\"font-family: verdana, geneva;\"><img loading=\"lazy\" decoding=\"async\" class=\" size-full wp-image-509 size-full wp-image-509\" src=\"http:\/\/www.cervantinaesquivias.org\/wordpress\/wp-content\/uploads\/2012\/12\/cervantes-y-catalina.jpg\" mce_src=\"http:\/\/www.cervantinaesquivias.org\/wordpress\/wp-content\/uploads\/2012\/12\/cervantes-y-catalina.jpg\" alt=\"alt\" style=\"style\" mce_style=\"style\" width=\"567\" height=\"315\" srcset=\"http:\/\/www.cervantinaesquivias.org\/wordpress\/wp-content\/uploads\/2012\/12\/cervantes-y-catalina.jpg 567w, http:\/\/www.cervantinaesquivias.org\/wordpress\/wp-content\/uploads\/2012\/12\/cervantes-y-catalina-300x167.jpg 300w\" sizes=\"auto, (max-width: 567px) 100vw, 567px\" \/><br \/><\/span><\/span><\/p>\n<p style=\"text-align: center;\" mce_style=\"text-align: center;\">(Miguel de Cervantes conversa con su esposa Catalina de Salazar y Palacios)<\/p>\n<p style=\"text-align: justify;\" mce_style=\"text-align: justify;\"><span style=\"font-size: medium;\" mce_style=\"font-size: medium;\"><span style=\"font-family: verdana, geneva;\" mce_style=\"font-family: verdana, geneva;\">Cervantes y Catalina mantiene un emotivo coloquio donde Miguel le hace participe de los planes que tiene de escribir un libro sobre los libros de caballer\u00edas, donde su pariente Alonso Quixada de Salazar y el t\u00edo Sancho, la casa donde viven y la presencia de Catalina, le sirven de inspiraci\u00f3n para llevar a cabo dicha empresa.<\/span><\/span><\/p>\n<p style=\"text-align: center;\" mce_style=\"text-align: center;\"><span style=\"font-size: medium;\" mce_style=\"font-size: medium;\"><span style=\"font-family: verdana, geneva;\" mce_style=\"font-family: verdana, geneva;\"><img loading=\"lazy\" decoding=\"async\" class=\" size-full wp-image-510 size-full wp-image-510\" src=\"http:\/\/www.cervantinaesquivias.org\/wordpress\/wp-content\/uploads\/2012\/12\/visitas-y-cervantes.jpg\" mce_src=\"http:\/\/www.cervantinaesquivias.org\/wordpress\/wp-content\/uploads\/2012\/12\/visitas-y-cervantes.jpg\" alt=\"alt\" style=\"style\" mce_style=\"style\" width=\"787\" height=\"559\" srcset=\"http:\/\/www.cervantinaesquivias.org\/wordpress\/wp-content\/uploads\/2012\/12\/visitas-y-cervantes.jpg 787w, http:\/\/www.cervantinaesquivias.org\/wordpress\/wp-content\/uploads\/2012\/12\/visitas-y-cervantes-300x213.jpg 300w, http:\/\/www.cervantinaesquivias.org\/wordpress\/wp-content\/uploads\/2012\/12\/visitas-y-cervantes-768x546.jpg 768w\" sizes=\"auto, (max-width: 787px) 100vw, 787px\" \/><br \/><\/span><\/span><\/p>\n<p style=\"text-align: center;\" mce_style=\"text-align: center;\">(El p\u00fablico asistente observa como Cervantes esboza los primeros renglones del Quijote. Entre los asistentes, de izquierda a derecha: Do\u00f1a M\u00aa \u00c1ngeles Mart\u00ednez Hurtado, Presidenta de la C\u00e1mara de Comercio e Industria de Toledo; la esposa del Alcalde de Borox; Don Emilio Ram\u00f3n Lozano, Alcalde de Borox; Esposa del Juez de Paz de Esquivias; Don Jos\u00e9 Luis Romero Navarro, Primer Teniente de Alcalde del Ayto. de Esquivias; Esposo de la Pdta. de la C\u00e1mara de Comercio; Do\u00f1a Paloma Guti\u00e9rrez Paz, Directora General de Turismo de la JCCM; Acompa\u00f1ante de la Directora General de Turismo; Esposa del Vicepresidente de la C\u00e1mara de Comercio; Don Marciano S\u00e1nchez del Barrio, Juez de Paz de Esquivias; Don Pedro Hermida Ugena, Vicepresidente de la C\u00e1mara de Comercio e Industria de Toledo; Don Jos\u00e9 Miguel Ram\u00edrez Gonz\u00e1lez, Presidente de la Fundaci\u00f3n Hispana de Energ\u00eda; Do\u00f1a Catalina de Salazar y Palacios; La Sobrina; Don Jos\u00e9 Juli\u00e1n G\u00f3mez-Escalonilla Tenorio, Director General de Coordinaci\u00f3n y Administraci\u00f3n Local de la JCCM; esposa del Concejal de Turismo del Ayto. de Esquivias; Don Francisco Javier Serrrano Mart\u00ednez, Concejal de Turismo del Ayto. de Esquivias; Don Fernando Jou Rivera, Delegado \u00a0Provincial \u00a0de \u00a0la \u00a0JCCM \u00a0en \u00a0Toledo \u00a0y \u00a0Do\u00f1a \u00a0M\u00aa \u00a0de los \u00c1ngeles \u00a0 Fraile \u00a0 Abril, \u00a0 de \u00a0 la \u00a0\u00a0FUNDACION PBA WATER.<\/p>\n<p style=\"text-align: justify;\" mce_style=\"text-align: justify;\"><\/p>\n<p style=\"text-align: center;\" mce_style=\"text-align: center;\"><img loading=\"lazy\" decoding=\"async\" class=\" size-full wp-image-511 size-full wp-image-511\" src=\"http:\/\/www.cervantinaesquivias.org\/wordpress\/wp-content\/uploads\/2012\/12\/costura-y-visitas.jpg\" mce_src=\"http:\/\/www.cervantinaesquivias.org\/wordpress\/wp-content\/uploads\/2012\/12\/costura-y-visitas.jpg\" alt=\"alt\" style=\"style\" mce_style=\"style\" width=\"630\" height=\"477\" srcset=\"http:\/\/www.cervantinaesquivias.org\/wordpress\/wp-content\/uploads\/2012\/12\/costura-y-visitas.jpg 630w, http:\/\/www.cervantinaesquivias.org\/wordpress\/wp-content\/uploads\/2012\/12\/costura-y-visitas-300x227.jpg 300w\" sizes=\"auto, (max-width: 630px) 100vw, 630px\" \/><\/p>\n<p style=\"text-align: center;\" mce_style=\"text-align: center;\">(El p\u00fablico bajando a la planta baja por la escalera de caracol o de servicio)<\/p>\n<p style=\"text-align: justify;\" mce_style=\"text-align: justify;\"><span style=\"font-size: small;\" mce_style=\"font-family: verdana, geneva; font-size: small;\"><u style=\"style\" mce_style=\"style\"><span style=\"font-size: medium;\" mce_style=\"font-size: medium;\"><span style=\"font-family: verdana, geneva;\" mce_style=\"font-family: verdana, geneva;\"><b>Cuarta Escena<\/b><\/span><\/span><\/u><\/span><\/p>\n<p style=\"text-align: justify;\" mce_style=\"text-align: justify;\"><span style=\"font-size: medium;\" mce_style=\"font-size: medium;\"><span style=\"font-family: verdana, geneva;\" mce_style=\"font-family: verdana, geneva;\">Bajando las visitas por la escalera de caracol o de servicio, acceden a la parte inferior, a la despensa, donde se halla Luc\u00eda, otra de las tres criadas de Catalina.\u00a0<\/span><\/span><\/p>\n<p style=\"text-align: center;\" mce_style=\"text-align: center;\"><span style=\"font-size: medium;\" mce_style=\"font-size: medium;\"><span style=\"font-family: verdana, geneva;\" mce_style=\"font-family: verdana, geneva;\"><img loading=\"lazy\" decoding=\"async\" class=\" size-full wp-image-512 size-full wp-image-512\" src=\"http:\/\/www.cervantinaesquivias.org\/wordpress\/wp-content\/uploads\/2012\/12\/lucia.jpg\" mce_src=\"http:\/\/www.cervantinaesquivias.org\/wordpress\/wp-content\/uploads\/2012\/12\/lucia.jpg\" alt=\"alt\" style=\"style\" mce_style=\"style\" width=\"551\" height=\"428\" srcset=\"http:\/\/www.cervantinaesquivias.org\/wordpress\/wp-content\/uploads\/2012\/12\/lucia.jpg 551w, http:\/\/www.cervantinaesquivias.org\/wordpress\/wp-content\/uploads\/2012\/12\/lucia-300x233.jpg 300w\" sizes=\"auto, (max-width: 551px) 100vw, 551px\" \/><br \/><\/span><\/span><\/p>\n<p style=\"text-align: center;\" mce_style=\"text-align: center;\">(Luc\u00eda, la tercera criada de Catalina, en la despensa de la planta baja)<\/p>\n<p style=\"text-align: justify;\" mce_style=\"text-align: justify;\"><span style=\"font-size: medium;\" mce_style=\"font-size: medium;\"><span style=\"font-family: verdana, geneva;\" mce_style=\"font-family: verdana, geneva;\">De all\u00ed pasan a la Cocina Baja donde se hallan Don Alonso Quixada de Salazar, el T\u00edo Sancho, Teresa Panza y Sanchica. Don Alonso se halla leyendo un libro de caballer\u00edas y proyecta salir a esos mundos de Dios a enderezar entuertos, proponiendo al t\u00edo Sancho a que le acompa\u00f1e. Sancho le contesta con refranes y posibles realidades si se cumplen algunos de los objetivos fijados.<\/span><\/span><\/p>\n<p style=\"text-align: center;\" mce_style=\"text-align: center;\"><span style=\"font-size: medium;\" mce_style=\"font-size: medium;\"><span style=\"font-family: verdana, geneva;\" mce_style=\"font-family: verdana, geneva;\"><img loading=\"lazy\" decoding=\"async\" class=\" size-full wp-image-513 size-full wp-image-513\" src=\"http:\/\/www.cervantinaesquivias.org\/wordpress\/wp-content\/uploads\/2012\/12\/alonso-sancho-teresa-y-sanchica.-ismael.jpg\" mce_src=\"http:\/\/www.cervantinaesquivias.org\/wordpress\/wp-content\/uploads\/2012\/12\/alonso-sancho-teresa-y-sanchica.-ismael.jpg\" alt=\"alt\" style=\"style\" mce_style=\"style\" width=\"567\" height=\"425\" srcset=\"http:\/\/www.cervantinaesquivias.org\/wordpress\/wp-content\/uploads\/2012\/12\/alonso-sancho-teresa-y-sanchica.-ismael.jpg 567w, http:\/\/www.cervantinaesquivias.org\/wordpress\/wp-content\/uploads\/2012\/12\/alonso-sancho-teresa-y-sanchica.-ismael-300x225.jpg 300w\" sizes=\"auto, (max-width: 567px) 100vw, 567px\" \/><br \/><\/span><\/span><\/p>\n<p style=\"text-align: center;\" mce_style=\"text-align: center;\">(Platicando en la cocina, al calor de la lumbre, se hallan <\/p>\n<p style=\"text-align: center;\" mce_style=\"text-align: center;\">Don Alonso Quixada de Salazar, el T\u00edo S\u00e1ncho, Teresa Panza y Sanchica).<\/p>\n<p style=\"text-align: justify;\" mce_style=\"text-align: justify;\"><span style=\"font-size: medium;\" mce_style=\"font-size: medium;\"><span style=\"font-family: verdana, geneva;\" mce_style=\"font-family: verdana, geneva;\">Mientras tanto, Teresa Panza y Sanchica platican sobre el disgusto que ten\u00eda esta sobre que le hubiese gustado ir a la boda de Miguel y Catalina, pues el novio <i>\u00ablavia convidao\u00bb. <\/i>Teresa Panza la apacigua recit\u00e1ndole unos versos <i>\u00abque Don Miguel lab\u00eda dedicao\u00bb.<\/i><\/span><\/span><\/p>\n<p style=\"text-align: justify;\" mce_style=\"text-align: justify;\"><span style=\"font-size: medium;\" mce_style=\"font-size: medium;\"><span style=\"font-family: verdana, geneva;\" mce_style=\"font-family: verdana, geneva;\"><u><b>Quinta Escena<\/b><\/u><\/span><\/span><\/p>\n<p style=\"text-align: justify;\" mce_style=\"text-align: justify;\"><span style=\"font-size: medium;\" mce_style=\"font-size: medium;\"><span style=\"font-family: verdana, geneva;\" mce_style=\"font-family: verdana, geneva;\">Nos encontramos en la bodega a Pedro Alonso de Salazar, Francisco Marcos, El Morisco Ricote, El Vizca\u00edno y La Torralba, que se hallan hablando sobre la cosecha de uva y la calidad del vino de ese a\u00f1o, as\u00ed como de tantas cosas que a ellos se les ocurre. Al final bajan a las cuevas donde siguen con los detalles de estas construcciones subterr\u00e1neas de las que se contemplan unos 4 km. entre todas las que existen en Esquivias y comunicadas todas entre s\u00ed.<\/span><\/span><\/p>\n<p style=\"text-align: center;\" mce_style=\"text-align: center;\"><span style=\"font-size: medium;\" mce_style=\"font-size: medium;\"><span style=\"font-family: verdana, geneva;\" mce_style=\"font-family: verdana, geneva;\"><img loading=\"lazy\" decoding=\"async\" class=\" size-full wp-image-514 size-full wp-image-514\" src=\"http:\/\/www.cervantinaesquivias.org\/wordpress\/wp-content\/uploads\/2012\/12\/bodega-2.jpg\" mce_src=\"http:\/\/www.cervantinaesquivias.org\/wordpress\/wp-content\/uploads\/2012\/12\/bodega-2.jpg\" alt=\"alt\" style=\"style\" mce_style=\"style\" width=\"567\" height=\"425\" srcset=\"http:\/\/www.cervantinaesquivias.org\/wordpress\/wp-content\/uploads\/2012\/12\/bodega-2.jpg 567w, http:\/\/www.cervantinaesquivias.org\/wordpress\/wp-content\/uploads\/2012\/12\/bodega-2-300x225.jpg 300w\" sizes=\"auto, (max-width: 567px) 100vw, 567px\" \/><br \/><\/span><\/span><\/p>\n<p style=\"text-align: center;\" mce_style=\"text-align: center;\">(En la bodega se hallan Pedro Alonso de Salazar, el morisco Ricote, Francisco Marcos y El Vizca\u00edno)<\/p>\n<p style=\"text-align: justify;\" mce_style=\"text-align: justify;\"><\/p>\n<p style=\"text-align: center;\" mce_style=\"text-align: center;\"><img loading=\"lazy\" decoding=\"async\" class=\" size-full wp-image-515 size-full wp-image-515\" src=\"http:\/\/www.cervantinaesquivias.org\/wordpress\/wp-content\/uploads\/2012\/12\/la-torralba.jpg\" mce_src=\"http:\/\/www.cervantinaesquivias.org\/wordpress\/wp-content\/uploads\/2012\/12\/la-torralba.jpg\" alt=\"alt\" style=\"style\" mce_style=\"style\" width=\"567\" height=\"425\" srcset=\"http:\/\/www.cervantinaesquivias.org\/wordpress\/wp-content\/uploads\/2012\/12\/la-torralba.jpg 567w, http:\/\/www.cervantinaesquivias.org\/wordpress\/wp-content\/uploads\/2012\/12\/la-torralba-300x225.jpg 300w\" sizes=\"auto, (max-width: 567px) 100vw, 567px\" \/><\/p>\n<p style=\"text-align: center;\" mce_style=\"text-align: center;\">(La Torralba poniendo vino en los vasos de la bandeja para ofrecer a las visitas)<\/p>\n<p style=\"text-align: justify;\" mce_style=\"text-align: justify;\"><\/p>\n<p style=\"text-align: center;\" mce_style=\"text-align: center;\"><img loading=\"lazy\" decoding=\"async\" class=\" size-full wp-image-516 size-full wp-image-516\" src=\"http:\/\/www.cervantinaesquivias.org\/wordpress\/wp-content\/uploads\/2012\/12\/grupo-y-fdo.-jou.jpg\" mce_src=\"http:\/\/www.cervantinaesquivias.org\/wordpress\/wp-content\/uploads\/2012\/12\/grupo-y-fdo.-jou.jpg\" alt=\"alt\" style=\"style\" mce_style=\"style\" width=\"709\" height=\"531\" srcset=\"http:\/\/www.cervantinaesquivias.org\/wordpress\/wp-content\/uploads\/2012\/12\/grupo-y-fdo.-jou.jpg 709w, http:\/\/www.cervantinaesquivias.org\/wordpress\/wp-content\/uploads\/2012\/12\/grupo-y-fdo.-jou-300x225.jpg 300w\" sizes=\"auto, (max-width: 709px) 100vw, 709px\" \/><\/p>\n<p style=\"text-align: center;\" mce_style=\"text-align: center;\">(El grupo de personajes posa con Don Fernando Jou Rivera, que estuvo todo el d\u00eda acompa\u00f1ando)<\/p>\n<p style=\"text-align: justify;\" mce_style=\"text-align: justify;\"><\/p>\n<p style=\"text-align: justify;\" mce_style=\"text-align: justify;\"><span style=\"font-family: verdana, geneva; font-size: medium;\" mce_style=\"font-family: verdana, geneva; font-size: medium;\">Al finalizar la visita, algunas personas quisieron plasmar en el libro de registro de la Casa-Museo sus impresiones.<\/span><\/p>\n<p style=\"text-align: center;\" mce_style=\"text-align: center;\"><span style=\"font-family: verdana, geneva; font-size: medium;\" mce_style=\"font-family: verdana, geneva; font-size: medium;\"><img loading=\"lazy\" decoding=\"async\" class=\" size-full wp-image-517 size-full wp-image-517\" src=\"http:\/\/www.cervantinaesquivias.org\/wordpress\/wp-content\/uploads\/2012\/12\/dtra.-gral.-turismo.jpg\" mce_src=\"http:\/\/www.cervantinaesquivias.org\/wordpress\/wp-content\/uploads\/2012\/12\/dtra.-gral.-turismo.jpg\" alt=\"alt\" style=\"style\" mce_style=\"style\" width=\"567\" height=\"425\" srcset=\"http:\/\/www.cervantinaesquivias.org\/wordpress\/wp-content\/uploads\/2012\/12\/dtra.-gral.-turismo.jpg 567w, http:\/\/www.cervantinaesquivias.org\/wordpress\/wp-content\/uploads\/2012\/12\/dtra.-gral.-turismo-300x225.jpg 300w\" sizes=\"auto, (max-width: 567px) 100vw, 567px\" \/><br \/><\/span><\/p>\n<p style=\"text-align: center;\" mce_style=\"text-align: center;\">(Do\u00f1a Paloma Guti\u00e9rrez Paz, Directora General de Turismo de la JCCM, <\/p>\n<p style=\"text-align: center;\" mce_style=\"text-align: center;\">firmando en el libro de visitas de la Casa Museo de Cervantes)<\/p>\n<p style=\"text-align: justify;\" mce_style=\"text-align: justify;\"><\/p>\n<p style=\"text-align: center;\" mce_style=\"text-align: center;\"><img loading=\"lazy\" decoding=\"async\" class=\" size-full wp-image-518 size-full wp-image-518\" src=\"http:\/\/www.cervantinaesquivias.org\/wordpress\/wp-content\/uploads\/2012\/12\/pdta.-camara-comercio.jpg\" mce_src=\"http:\/\/www.cervantinaesquivias.org\/wordpress\/wp-content\/uploads\/2012\/12\/pdta.-camara-comercio.jpg\" alt=\"alt\" style=\"style\" mce_style=\"style\" width=\"567\" height=\"425\" srcset=\"http:\/\/www.cervantinaesquivias.org\/wordpress\/wp-content\/uploads\/2012\/12\/pdta.-camara-comercio.jpg 567w, http:\/\/www.cervantinaesquivias.org\/wordpress\/wp-content\/uploads\/2012\/12\/pdta.-camara-comercio-300x225.jpg 300w\" sizes=\"auto, (max-width: 567px) 100vw, 567px\" \/><\/p>\n<p style=\"text-align: center;\" mce_style=\"text-align: center;\">(Do\u00f1a Mar\u00eda de los \u00c1ngeles Mart\u00ednez Hurtado, Presidenta de la C\u00e1mara de Comercio e Industria de Toledo, firmando el el libro de visitas)<\/p>\n<p style=\"style\" mce_style=\"style\"><\/p>\n<p style=\"text-align: center;\" mce_style=\"text-align: center;\"><img loading=\"lazy\" decoding=\"async\" class=\" size-full wp-image-519 size-full wp-image-519\" src=\"http:\/\/www.cervantinaesquivias.org\/wordpress\/wp-content\/uploads\/2012\/12\/alcalde-borox.jpg\" mce_src=\"http:\/\/www.cervantinaesquivias.org\/wordpress\/wp-content\/uploads\/2012\/12\/alcalde-borox.jpg\" alt=\"alt\" style=\"style\" mce_style=\"style\" width=\"567\" height=\"425\" srcset=\"http:\/\/www.cervantinaesquivias.org\/wordpress\/wp-content\/uploads\/2012\/12\/alcalde-borox.jpg 567w, http:\/\/www.cervantinaesquivias.org\/wordpress\/wp-content\/uploads\/2012\/12\/alcalde-borox-300x225.jpg 300w\" sizes=\"auto, (max-width: 567px) 100vw, 567px\" \/><\/p>\n<p style=\"text-align: center;\" mce_style=\"text-align: center;\">(Don Emilio Ram\u00f3n Lozano Reviriego, Alcalde de Borox, firmando en el libro de visitas).<\/p>\n<p style=\"style\" mce_style=\"style\"><\/p>\n<p style=\"text-align: center;\" mce_style=\"text-align: center;\"><img loading=\"lazy\" decoding=\"async\" class=\" size-full wp-image-520 size-full wp-image-520\" src=\"http:\/\/www.cervantinaesquivias.org\/wordpress\/wp-content\/uploads\/2012\/12\/pedro-hermida.jpg\" mce_src=\"http:\/\/www.cervantinaesquivias.org\/wordpress\/wp-content\/uploads\/2012\/12\/pedro-hermida.jpg\" alt=\"alt\" style=\"style\" mce_style=\"style\" width=\"567\" height=\"425\" srcset=\"http:\/\/www.cervantinaesquivias.org\/wordpress\/wp-content\/uploads\/2012\/12\/pedro-hermida.jpg 567w, http:\/\/www.cervantinaesquivias.org\/wordpress\/wp-content\/uploads\/2012\/12\/pedro-hermida-300x225.jpg 300w\" sizes=\"auto, (max-width: 567px) 100vw, 567px\" \/><\/p>\n<p style=\"text-align: center;\" mce_style=\"text-align: center;\">(Don Pedro Hermida Ugena, Vicepresidente de la C\u00e1mara de Comercio e<\/p>\n<p style=\"text-align: center;\" mce_style=\"text-align: center;\"> Industria de Toledo, firmando en el libro de visitas).<\/p>\n<p style=\"text-align: center;\" mce_style=\"text-align: center;\"><\/p>\n<p style=\"text-align: center;\" mce_style=\"text-align: center;\"><span style=\"font-size: small;\" mce_style=\"font-family: verdana, geneva; font-size: small;\"><u style=\"style\" mce_style=\"style\"><span style=\"font-size: medium;\" mce_style=\"font-size: medium;\"><span style=\"font-family: verdana, geneva;\" mce_style=\"font-family: verdana, geneva;\">CONFERENCIA Y CIERRE MUSICAL<\/span><\/span><\/u><\/span><\/p>\n<p style=\"text-align: justify;\" mce_style=\"text-align: justify;\"><span style=\"font-size: medium;\" mce_style=\"font-size: medium;\"><span style=\"font-family: verdana, geneva;\" mce_style=\"font-family: verdana, geneva;\">El mismo dia 9 de diciembre, tuvo lugar en la Casa de Cultura, aneja a la Casa- Museo de Cervantes, una conferencia a cargo de Don Fernando Jou Rivera bajo el t\u00edtulo \u00abCervantes y el Greco\u00bb.<\/span><\/span><\/p>\n<p style=\"text-align: center;\" mce_style=\"text-align: center;\"><span style=\"font-size: medium;\" mce_style=\"font-size: medium;\"><span style=\"font-family: verdana, geneva;\" mce_style=\"font-family: verdana, geneva;\"><img loading=\"lazy\" decoding=\"async\" class=\" size-full wp-image-521 size-full wp-image-521\" src=\"http:\/\/www.cervantinaesquivias.org\/wordpress\/wp-content\/uploads\/2012\/12\/fernando-jou.jpg\" mce_src=\"http:\/\/www.cervantinaesquivias.org\/wordpress\/wp-content\/uploads\/2012\/12\/fernando-jou.jpg\" alt=\"alt\" style=\"style\" mce_style=\"style\" width=\"567\" height=\"425\" srcset=\"http:\/\/www.cervantinaesquivias.org\/wordpress\/wp-content\/uploads\/2012\/12\/fernando-jou.jpg 567w, http:\/\/www.cervantinaesquivias.org\/wordpress\/wp-content\/uploads\/2012\/12\/fernando-jou-300x225.jpg 300w\" sizes=\"auto, (max-width: 567px) 100vw, 567px\" \/><br \/><\/span><\/span><\/p>\n<p style=\"text-align: center;\" mce_style=\"text-align: center;\">(Don Fernando Jou Rivera pronunciando su Conferencia en presencia de <\/p>\n<p style=\"text-align: center;\" mce_style=\"text-align: center;\">Do\u00f1a Elena Fernandez de Velasco, Alcaldesa de Esquivias).<\/p>\n<p style=\"text-align: justify;\" mce_style=\"text-align: justify;\"><span style=\"font-size: medium;\" mce_style=\"font-size: medium;\"><span style=\"font-family: verdana, geneva;\" mce_style=\"font-family: verdana, geneva;\">Don Fernando, m\u00e9dico de profesi\u00f3n, que manifiesta su afici\u00f3n a la escritura, y fundamentalmente a la poes\u00eda, repas\u00f3 con todo detalle la vida y obra de El Greco en\u00a0paralelo<\/span><\/span><span style=\"font-family: verdana, geneva; font-size: medium;\" mce_style=\"font-family: verdana, geneva; font-size: medium;\">, y quiz\u00e1s con alg\u00fan punto en com\u00fan en sus vidas, con Cervantes. Nos record\u00f3 que hay en la vida de ambos muchas posibilidades de que se llegaran a conocer y mantuvieran conversaciones ya que coincidieron en el tiempo en Toledo a trav\u00e9s del cura que encarg\u00f3 a El Greco que pintara El Entierro del Conde Orgaz, cura de la iglesia de Santo Tom\u00e9, siendo que por esas mismas fechas asistiera este cura en Esquivias a sendas bodas, incluso la de una sobrina suya con un primo de Catalina de Salazar y Palacios.<\/span><\/p>\n<p style=\"text-align: center;\" mce_style=\"text-align: center;\"><span style=\"font-family: verdana, geneva; font-size: medium;\" mce_style=\"font-family: verdana, geneva; font-size: medium;\"><img loading=\"lazy\" decoding=\"async\" class=\" size-full wp-image-522 size-full wp-image-522\" src=\"http:\/\/www.cervantinaesquivias.org\/wordpress\/wp-content\/uploads\/2012\/12\/musicos-1.jpg\" mce_src=\"http:\/\/www.cervantinaesquivias.org\/wordpress\/wp-content\/uploads\/2012\/12\/musicos-1.jpg\" alt=\"alt\" style=\"style\" mce_style=\"style\" width=\"709\" height=\"531\" srcset=\"http:\/\/www.cervantinaesquivias.org\/wordpress\/wp-content\/uploads\/2012\/12\/musicos-1.jpg 709w, http:\/\/www.cervantinaesquivias.org\/wordpress\/wp-content\/uploads\/2012\/12\/musicos-1-300x225.jpg 300w\" sizes=\"auto, (max-width: 709px) 100vw, 709px\" \/><br \/><\/span><\/p>\n<p style=\"text-align: center;\" mce_style=\"text-align: center;\">(Parte del Grupo de C\u00e1mara de la Asociaci\u00f3n Musical Villa de Esquivias)<\/p>\n<p style=\"text-align: justify;\" mce_style=\"text-align: justify;\"><span style=\"font-family: verdana, geneva; font-size: small;\" mce_style=\"font-family: verdana, geneva; font-size: small;\"><span style=\"font-size: medium;\" mce_style=\"font-size: medium;\">Para finalizar este acto, un Grupo de C\u00e1mara de la Asociaci\u00f3n Musical Villa de Esquivias, interpretaron unas piezas de m\u00fasica acorde con la \u00e9poca de Miguel de Cervantes (final del Renacimiento y principios del Barroco), adaptadas para poder ejecutarlas por esta agrupaci\u00f3n.<\/span><\/span><\/p>\n<p style=\"text-align: center;\" mce_style=\"text-align: center;\"><span style=\"font-family: verdana, geneva; font-size: small;\" mce_style=\"font-family: verdana, geneva; font-size: small;\"><span style=\"font-size: medium;\" mce_style=\"font-size: medium;\"><img loading=\"lazy\" decoding=\"async\" class=\" size-full wp-image-523 size-full wp-image-523\" src=\"http:\/\/www.cervantinaesquivias.org\/wordpress\/wp-content\/uploads\/2012\/12\/saludando.jpg\" mce_src=\"http:\/\/www.cervantinaesquivias.org\/wordpress\/wp-content\/uploads\/2012\/12\/saludando.jpg\" alt=\"alt\" style=\"style\" mce_style=\"style\" width=\"709\" height=\"531\" srcset=\"http:\/\/www.cervantinaesquivias.org\/wordpress\/wp-content\/uploads\/2012\/12\/saludando.jpg 709w, http:\/\/www.cervantinaesquivias.org\/wordpress\/wp-content\/uploads\/2012\/12\/saludando-300x225.jpg 300w\" sizes=\"auto, (max-width: 709px) 100vw, 709px\" \/><br \/><\/span><\/span><\/p>\n<p style=\"text-align: center;\" mce_style=\"text-align: center;\">(Don Juan Carlos Ord\u00f3\u00f1ez Rodr\u00edguez, director del Grupo de C\u00e1mara, y el <\/p>\n<p style=\"text-align: center;\" mce_style=\"text-align: center;\">Grupo de C\u00e1mara, recibiendo el cari\u00f1oso aplauso del p\u00fablico asistente).<\/p>\n<p style=\"text-align: justify;\" mce_style=\"text-align: justify;\"><span style=\"font-family: verdana, geneva; font-size: small;\" mce_style=\"font-family: verdana, geneva; font-size: small;\"><span style=\"font-size: medium;\" mce_style=\"font-size: medium;\">Los componentes de este Grupo de C\u00e1mara fueron:<\/span><\/span><\/p>\n<p style=\"text-align: center;\" mce_style=\"text-align: center;\"><span style=\"font-family: verdana, geneva; font-size: small;\" mce_style=\"font-family: verdana, geneva; font-size: small;\"><span style=\"font-size: medium;\" mce_style=\"font-size: medium;\"><u><b>Flautas<\/b><\/u><\/span><\/span><\/p>\n<p style=\"text-align: center;\" mce_style=\"text-align: center;\"><span style=\"font-family: verdana, geneva; font-size: small;\" mce_style=\"font-family: verdana, geneva; font-size: small;\"><span style=\"font-size: medium;\" mce_style=\"font-size: medium;\">Cristina Bravo Torrej\u00f3n<\/span><\/span><\/p>\n<p style=\"text-align: center;\" mce_style=\"text-align: center;\"><span style=\"font-family: verdana, geneva; font-size: small;\" mce_style=\"font-family: verdana, geneva; font-size: small;\"><span style=\"font-size: medium;\" mce_style=\"font-size: medium;\">Mar\u00eda Isabel Bravo \u00c1lvaro.<\/span><\/span><\/p>\n<p style=\"text-align: center;\" mce_style=\"text-align: center;\"><span style=\"font-family: verdana, geneva; font-size: small;\" mce_style=\"font-family: verdana, geneva; font-size: small;\"><span style=\"font-size: medium;\" mce_style=\"font-size: medium;\">Raquel V\u00e1zquez Jim\u00e9nez.<\/span><\/span><\/p>\n<p style=\"text-align: center;\" mce_style=\"text-align: center;\"><span style=\"font-family: verdana, geneva; font-size: small;\" mce_style=\"font-family: verdana, geneva; font-size: small;\"><span style=\"font-size: medium;\" mce_style=\"font-size: medium;\"><u><b>Clarinetes<\/b><\/u><\/span><\/span><\/p>\n<p style=\"text-align: center;\" mce_style=\"text-align: center;\"><span style=\"font-family: verdana, geneva; font-size: small;\" mce_style=\"font-family: verdana, geneva; font-size: small;\"><span style=\"font-size: medium;\" mce_style=\"font-size: medium;\">Karen Garc\u00eda L\u00f3pez<\/span><\/span><\/p>\n<p style=\"text-align: center;\" mce_style=\"text-align: center;\"><span style=\"font-family: verdana, geneva; font-size: small;\" mce_style=\"font-family: verdana, geneva; font-size: small;\"><span style=\"font-size: medium;\" mce_style=\"font-size: medium;\">Noelia Portero Ruiz-Peinado<\/span><\/span><\/p>\n<p style=\"text-align: center;\" mce_style=\"text-align: center;\"><span style=\"font-family: verdana, geneva; font-size: small;\" mce_style=\"font-family: verdana, geneva; font-size: small;\"><span style=\"font-size: medium;\" mce_style=\"font-size: medium;\">Paloma Parra Chiloeches<\/span><\/span><\/p>\n<p style=\"text-align: center;\" mce_style=\"text-align: center;\"><span style=\"font-family: verdana, geneva; font-size: small;\" mce_style=\"font-family: verdana, geneva; font-size: small;\"><span style=\"font-size: medium;\" mce_style=\"font-size: medium;\">J\u00e9ssica Parra Chiloeches<\/span><\/span><\/p>\n<p style=\"text-align: center;\" mce_style=\"text-align: center;\"><span style=\"font-size: small;\" mce_style=\"font-family: verdana, geneva; font-size: small;\"><span style=\"font-size: medium;\" mce_style=\"font-size: medium;\"><span style=\"font-family: verdana, geneva;\" mce_style=\"font-family: verdana, geneva;\">Jos\u00e9 Mar\u00eda Torres S\u00e1nchez<\/span><\/span><\/span><\/p>\n<p style=\"text-align: center;\" mce_style=\"text-align: center;\"><span style=\"font-size: small;\" mce_style=\"font-family: verdana, geneva; font-size: small;\"><span style=\"font-size: medium;\" mce_style=\"font-size: medium;\"><u style=\"style\" mce_style=\"style\"><span style=\"font-size: medium;\" mce_style=\"font-size: medium;\"><span style=\"font-family: verdana, geneva;\" mce_style=\"font-family: verdana, geneva;\"><b>Saxof\u00f3n alto<\/b><\/span><\/span><\/u><\/span><\/span><\/p>\n<p style=\"text-align: center;\" mce_style=\"text-align: center;\"><span style=\"font-size: medium;\" mce_style=\"font-size: medium;\"><span style=\"font-family: verdana, geneva;\" mce_style=\"font-family: verdana, geneva;\">Carlos Ord\u00f3\u00f1ez de Arce<\/span><\/span><\/p>\n<p style=\"text-align: center;\" mce_style=\"text-align: center;\"><span style=\"font-size: small;\" mce_style=\"font-size: small;\"><u style=\"style\" mce_style=\"style\"><span style=\"font-size: medium;\" mce_style=\"font-size: medium;\"><span style=\"font-family: verdana, geneva;\" mce_style=\"font-family: verdana, geneva;\"><b>Saxof\u00f3n bar\u00edtono<\/b><\/span><\/span><\/u><\/span><\/p>\n<p style=\"text-align: center;\" mce_style=\"text-align: center;\"><span style=\"font-size: medium;\" mce_style=\"font-size: medium;\"><span style=\"font-family: verdana, geneva;\" mce_style=\"font-family: verdana, geneva;\">Mario Portanova Moya.<\/span><\/span><\/p>\n<p style=\"text-align: center;\" mce_style=\"text-align: center;\"><span style=\"font-size: small;\" mce_style=\"font-size: small;\"><u style=\"style\" mce_style=\"style\"><span style=\"font-size: medium;\" mce_style=\"font-size: medium;\"><span style=\"font-family: verdana, geneva;\" mce_style=\"font-family: verdana, geneva;\"><b>Percusi\u00f3n<\/b><\/span><\/span><\/u><\/span><\/p>\n<p style=\"text-align: center;\" mce_style=\"text-align: center;\"><span style=\"font-size: medium;\" mce_style=\"font-size: medium;\"><span style=\"font-family: verdana, geneva;\" mce_style=\"font-family: verdana, geneva;\">Sergio Seves S\u00e1nchez<\/span><\/span><\/p>\n<p style=\"text-align: center;\" mce_style=\"text-align: center;\"><span style=\"font-size: medium;\" mce_style=\"font-size: medium;\"><span style=\"font-family: verdana, geneva;\" mce_style=\"font-family: verdana, geneva;\"><u><b>Director<\/b><\/u><\/span><\/span><\/p>\n<p style=\"text-align: center;\" mce_style=\"text-align: center;\"><span style=\"font-size: medium;\" mce_style=\"font-size: medium;\"><span style=\"font-family: verdana, geneva;\" mce_style=\"font-family: verdana, geneva;\">Don Juan Carlos Ord\u00f3\u00f1ez Rodr\u00edguez<\/span><\/span><\/p>\n<p style=\"text-align: center;\" mce_style=\"text-align: center;\"><\/p>\n<p style=\"text-align: center;\" mce_style=\"text-align: center;\"><span style=\"font-size: medium;\" mce_style=\"font-size: medium;\"><span style=\"font-family: verdana, geneva;\" mce_style=\"font-family: verdana, geneva;\"><u>CONFERENCIA-CONCIERTO<\/u><\/span><\/span><\/p>\n<p style=\"text-align: justify;\" mce_style=\"text-align: justify;\"><span style=\"font-size: medium;\" mce_style=\"font-size: medium;\"><span style=\"font-family: verdana, geneva;\" mce_style=\"font-family: verdana, geneva;\">El d\u00eda 10 de diciembre el Music\u00f3logo Don Fernando P\u00e9rez Ruano disert\u00f3 sobre \u00abLa M\u00fasica en tiempos del Quijote\u00bb present\u00e1ndola como una aproximaci\u00f3n est\u00e9tico-temporal al panorama musical espa\u00f1ol de los siglos XVI y XVII, contextuado en la Espa\u00f1a de esta \u00e9poca y en los importantes cambios estil\u00edsticos que se experimentaran con la llegada del Barroco.<\/span><\/span><\/p>\n<p style=\"text-align: center;\" mce_style=\"text-align: center;\"><span style=\"font-size: medium;\" mce_style=\"font-size: medium;\"><span style=\"font-family: verdana, geneva;\" mce_style=\"font-family: verdana, geneva;\"><img loading=\"lazy\" decoding=\"async\" class=\" size-full wp-image-524 size-full wp-image-524\" src=\"http:\/\/www.cervantinaesquivias.org\/wordpress\/wp-content\/uploads\/2012\/12\/fernando.jpg\" mce_src=\"http:\/\/www.cervantinaesquivias.org\/wordpress\/wp-content\/uploads\/2012\/12\/fernando.jpg\" alt=\"alt\" style=\"style\" mce_style=\"style\" width=\"567\" height=\"425\" srcset=\"http:\/\/www.cervantinaesquivias.org\/wordpress\/wp-content\/uploads\/2012\/12\/fernando.jpg 567w, http:\/\/www.cervantinaesquivias.org\/wordpress\/wp-content\/uploads\/2012\/12\/fernando-300x225.jpg 300w\" sizes=\"auto, (max-width: 567px) 100vw, 567px\" \/><br \/><\/span><\/span><\/p>\n<p style=\"text-align: center;\" mce_style=\"text-align: center;\">(Don Fernando P\u00e9rez Ruano, pronunciando su Conferencia en presencia de la Alcaldesa de Esquivias).<\/p>\n<p style=\"text-align: justify;\" mce_style=\"text-align: justify;\"><span style=\"font-size: medium;\" mce_style=\"font-size: medium;\"><span style=\"font-family: verdana, geneva;\" mce_style=\"font-family: verdana, geneva;\">Una retrospectiva hist\u00f3rica general en el \u00e1mbito socio-pol\u00edtico, econ\u00f3mico y religioso as\u00ed como la exposici\u00f3n y referencias relativas a los g\u00e9neros musicales y a la organolog\u00eda musical mas predominante en este periodo, articulan el contenido interpretativo de esta conferencia-concierto, traslad\u00e1ndonos, como si de un viaje imaginario en el tiempo se tratara, a aquel tiempo del Quijote.<\/span><\/span><\/p>\n<p style=\"text-align: center;\" mce_style=\"text-align: center;\"><span style=\"font-size: medium;\" mce_style=\"font-size: medium;\"><span style=\"font-family: verdana, geneva;\" mce_style=\"font-family: verdana, geneva;\"><img loading=\"lazy\" decoding=\"async\" class=\" size-full wp-image-525 size-full wp-image-525\" src=\"http:\/\/www.cervantinaesquivias.org\/wordpress\/wp-content\/uploads\/2012\/12\/musicos.jpg\" mce_src=\"http:\/\/www.cervantinaesquivias.org\/wordpress\/wp-content\/uploads\/2012\/12\/musicos.jpg\" alt=\"alt\" style=\"style\" mce_style=\"style\" width=\"567\" height=\"333\" srcset=\"http:\/\/www.cervantinaesquivias.org\/wordpress\/wp-content\/uploads\/2012\/12\/musicos.jpg 567w, http:\/\/www.cervantinaesquivias.org\/wordpress\/wp-content\/uploads\/2012\/12\/musicos-300x176.jpg 300w\" sizes=\"auto, (max-width: 567px) 100vw, 567px\" \/><br \/><\/span><\/span><\/p>\n<p style=\"text-align: center;\" mce_style=\"text-align: center;\">(El grupo de m\u00fasica de cuerda que acompa\u00f1\u00f3 a Don Fernando P\u00e9rez,<\/p>\n<p style=\"text-align: center;\" mce_style=\"text-align: center;\"> interpretando m\u00fasica de la \u00e9poca del Quijote).<\/p>\n<p style=\"text-align: justify;\" mce_style=\"text-align: justify;\"><\/p>\n<p style=\"text-align: center;\" mce_style=\"text-align: center;\"><span style=\"font-size: medium;\" mce_style=\"font-size: medium;\"><span style=\"font-family: verdana, geneva;\" mce_style=\"font-family: verdana, geneva;\"><u>CATA DE VINOS<\/u><\/span><\/span><\/p>\n<p style=\"text-align: justify;\" mce_style=\"text-align: justify;\"><span style=\"font-size: medium;\" mce_style=\"font-size: medium;\"><span style=\"font-family: verdana, geneva;\" mce_style=\"font-family: verdana, geneva;\">El d\u00eda 11 de diciembre, en la bodega de la Casa-Museo de Cervantes, se llev\u00f3 a cabo una cata de vinos, organizada por el en\u00f3logo esquiviano Pedro Hermida, contando en esta ocasi\u00f3n con la colaboraci\u00f3n de las prestigiosas bodegas MART\u00daE.\u00a0<\/span><\/span><\/p>\n<p style=\"text-align: center;\" mce_style=\"text-align: center;\"><span style=\"font-size: medium;\" mce_style=\"font-size: medium;\"><span style=\"font-family: verdana, geneva;\" mce_style=\"font-family: verdana, geneva;\"><img loading=\"lazy\" decoding=\"async\" class=\" size-full wp-image-526 size-full wp-image-526\" src=\"http:\/\/www.cervantinaesquivias.org\/wordpress\/wp-content\/uploads\/2012\/12\/flores-y-pedro-hermida.jpg\" mce_src=\"http:\/\/www.cervantinaesquivias.org\/wordpress\/wp-content\/uploads\/2012\/12\/flores-y-pedro-hermida.jpg\" alt=\"alt\" style=\"style\" mce_style=\"style\" width=\"394\" height=\"525\" srcset=\"http:\/\/www.cervantinaesquivias.org\/wordpress\/wp-content\/uploads\/2012\/12\/flores-y-pedro-hermida.jpg 394w, http:\/\/www.cervantinaesquivias.org\/wordpress\/wp-content\/uploads\/2012\/12\/flores-y-pedro-hermida-225x300.jpg 225w\" sizes=\"auto, (max-width: 394px) 100vw, 394px\" \/><br \/><\/span><\/span><\/p>\n<p style=\"text-align: center;\" mce_style=\"text-align: center;\">(El catador de vinos, Flores, explicando a los asistentes pormenores a tener en cuenta a la hora de catar un vino, en presencia del en\u00f3logo esquiviano Pedro Hermida).<\/p>\n<p style=\"text-align: justify;\" mce_style=\"text-align: justify;\"><span style=\"font-size: medium;\" mce_style=\"font-size: medium;\"><span style=\"font-family: verdana, geneva;\" mce_style=\"font-family: verdana, geneva;\">Una inestimable ocasi\u00f3n para conocer detalles para muchos desconocidos de los vinos, el color, aroma y sabor que los hace ser distinguidos por los mejores catadores y degustadores de estos caldos.\u00a0<\/span><\/span><\/p>\n<p style=\"text-align: center;\" mce_style=\"text-align: center;\"><span style=\"font-size: medium;\" mce_style=\"font-size: medium;\"><span style=\"font-family: verdana, geneva;\" mce_style=\"font-family: verdana, geneva;\"><img loading=\"lazy\" decoding=\"async\" class=\" size-full wp-image-527 size-full wp-image-527\" src=\"http:\/\/www.cervantinaesquivias.org\/wordpress\/wp-content\/uploads\/2012\/12\/publico.jpg\" mce_src=\"http:\/\/www.cervantinaesquivias.org\/wordpress\/wp-content\/uploads\/2012\/12\/publico.jpg\" alt=\"alt\" style=\"style\" mce_style=\"style\" width=\"709\" height=\"532\" srcset=\"http:\/\/www.cervantinaesquivias.org\/wordpress\/wp-content\/uploads\/2012\/12\/publico.jpg 709w, http:\/\/www.cervantinaesquivias.org\/wordpress\/wp-content\/uploads\/2012\/12\/publico-300x225.jpg 300w\" sizes=\"auto, (max-width: 709px) 100vw, 709px\" \/><br \/><\/span><\/span><\/p>\n<p style=\"text-align: center;\" mce_style=\"text-align: center;\">(Un numeroso p\u00fablico asisti\u00f3 en la bodega de la Casa de Cervantes a esta Cata de Vinos).<\/p>\n<p style=\"text-align: justify;\" mce_style=\"text-align: justify;\"><span style=\"font-size: medium;\" mce_style=\"font-size: medium;\"><span style=\"font-family: verdana, geneva;\" mce_style=\"font-family: verdana, geneva;\">Bodegas Mart\u00fae puso a disposici\u00f3n de los asistentes cinco variedades de vinos, blanco y tinto, de sus cosechas procedentes de sus Vi\u00f1edos de Nieva y Seis Quintas Mart\u00fae.<\/span><\/span><\/p>\n<p style=\"text-align: justify;\" mce_style=\"text-align: justify;\"><\/p>\n<p style=\"text-align: center;\" mce_style=\"text-align: center;\"><span style=\"font-size: small;\" mce_style=\"font-family: verdana, geneva; font-size: small;\"><u style=\"style\" mce_style=\"style\"><span style=\"font-size: medium;\" mce_style=\"font-size: medium;\"><span style=\"font-family: verdana, geneva;\" mce_style=\"font-family: verdana, geneva;\">ESTAMPAS ESQUIVE\u00d1AS INFANTILES<\/span><\/span><\/u><\/span><\/p>\n<p style=\"text-align: justify;\" mce_style=\"text-align: justify;\"><span style=\"font-size: medium;\" mce_style=\"font-size: medium;\"><span style=\"font-family: verdana, geneva;\" mce_style=\"font-family: verdana, geneva;\">El d\u00eda 12 de diciembre, en horario escolar al ser esta una actividad escolar, se llev\u00f3 a cabo la escenificaci\u00f3n de las Estampas Esquive\u00f1os Infantiles a cargo de un grupo de ni\u00f1as y ni\u00f1os del Colegio P\u00fablico CEIP \u00abCatalina de Palacios\u00bb de Esquivias, siendo los \u00fanicos espectadores las ni\u00f1as y ni\u00f1os del propio colegio.<\/span><\/span><\/p>\n<p style=\"text-align: justify;\" mce_style=\"text-align: justify;\"><span style=\"font-family: verdana, geneva; font-size: medium;\" mce_style=\"font-family: verdana, geneva; font-size: medium;\">El gui\u00f3n, puesta en escena y direcci\u00f3n corri\u00f3 a cargo de Jaime Garc\u00eda Gonz\u00e1lez, que record\u00f3 con a\u00f1oranza su etapa como Profesor de Ense\u00f1anza de ni\u00f1os de semejante edad y curso.<\/span><\/p>\n<p style=\"text-align: center;\" mce_style=\"text-align: center;\"><span style=\"font-family: verdana, geneva; font-size: medium;\" mce_style=\"font-family: verdana, geneva; font-size: medium;\"><img loading=\"lazy\" decoding=\"async\" class=\" size-full wp-image-528 size-full wp-image-528\" src=\"http:\/\/www.cervantinaesquivias.org\/wordpress\/wp-content\/uploads\/2012\/12\/lectora-1.jpg\" mce_src=\"http:\/\/www.cervantinaesquivias.org\/wordpress\/wp-content\/uploads\/2012\/12\/lectora-1.jpg\" alt=\"alt\" width=\"425\" height=\"567\" srcset=\"http:\/\/www.cervantinaesquivias.org\/wordpress\/wp-content\/uploads\/2012\/12\/lectora-1.jpg 425w, http:\/\/www.cervantinaesquivias.org\/wordpress\/wp-content\/uploads\/2012\/12\/lectora-1-225x300.jpg 225w\" sizes=\"auto, (max-width: 425px) 100vw, 425px\" \/><br \/><\/span><\/p>\n<p style=\"text-align: center;\" mce_style=\"text-align: center;\">(Una de las dos lintroductoras del qui\u00f3n al p\u00fablico)<\/p>\n<p style=\"text-align: center;\" mce_style=\"text-align: center;\"><img loading=\"lazy\" decoding=\"async\" class=\" size-full wp-image-529 size-full wp-image-529\" src=\"http:\/\/www.cervantinaesquivias.org\/wordpress\/wp-content\/uploads\/2012\/12\/lectora-2.jpg\" mce_src=\"http:\/\/www.cervantinaesquivias.org\/wordpress\/wp-content\/uploads\/2012\/12\/lectora-2.jpg\" alt=\"alt\" width=\"425\" height=\"567\" srcset=\"http:\/\/www.cervantinaesquivias.org\/wordpress\/wp-content\/uploads\/2012\/12\/lectora-2.jpg 425w, http:\/\/www.cervantinaesquivias.org\/wordpress\/wp-content\/uploads\/2012\/12\/lectora-2-225x300.jpg 225w\" sizes=\"auto, (max-width: 425px) 100vw, 425px\" \/><\/p>\n<p style=\"text-align: center;\" mce_style=\"text-align: center;\">(Complementada con la segunda lectora)<\/p>\n<p style=\"text-align: center;\" mce_style=\"text-align: center;\"><img loading=\"lazy\" decoding=\"async\" class=\" size-full wp-image-530 size-full wp-image-530\" src=\"http:\/\/www.cervantinaesquivias.org\/wordpress\/wp-content\/uploads\/2012\/12\/don-quijote-y-sancho.jpg\" mce_src=\"http:\/\/www.cervantinaesquivias.org\/wordpress\/wp-content\/uploads\/2012\/12\/don-quijote-y-sancho.jpg\" alt=\"alt\" width=\"425\" height=\"319\" srcset=\"http:\/\/www.cervantinaesquivias.org\/wordpress\/wp-content\/uploads\/2012\/12\/don-quijote-y-sancho.jpg 425w, http:\/\/www.cervantinaesquivias.org\/wordpress\/wp-content\/uploads\/2012\/12\/don-quijote-y-sancho-300x225.jpg 300w\" sizes=\"auto, (max-width: 425px) 100vw, 425px\" \/><\/p>\n<p style=\"text-align: center;\" mce_style=\"text-align: center;\">(No pod\u00edan faltar los personajes de Don Quijote y Sancho)<\/p>\n<p style=\"text-align: center;\" mce_style=\"text-align: center;\"><img loading=\"lazy\" decoding=\"async\" class=\" size-full wp-image-531 size-full wp-image-531\" src=\"http:\/\/www.cervantinaesquivias.org\/wordpress\/wp-content\/uploads\/2012\/12\/actores.jpg\" mce_src=\"http:\/\/www.cervantinaesquivias.org\/wordpress\/wp-content\/uploads\/2012\/12\/actores.jpg\" alt=\"alt\" width=\"425\" height=\"319\" srcset=\"http:\/\/www.cervantinaesquivias.org\/wordpress\/wp-content\/uploads\/2012\/12\/actores.jpg 425w, http:\/\/www.cervantinaesquivias.org\/wordpress\/wp-content\/uploads\/2012\/12\/actores-300x225.jpg 300w\" sizes=\"auto, (max-width: 425px) 100vw, 425px\" \/><\/p>\n<p style=\"text-align: center;\" mce_style=\"text-align: center;\">(Entre cr\u00edticas de los personajes sigui\u00f3 la trama representada)<\/p>\n<p style=\"text-align: center;\" mce_style=\"text-align: center;\"><\/p>\n<p style=\"text-align: center;\" mce_style=\"text-align: center;\"><span style=\"font-size: small;\" mce_style=\"font-family: verdana, geneva; font-size: small;\"><u style=\"style\" mce_style=\"style\"><span style=\"font-size: medium;\" mce_style=\"font-size: medium;\"><span style=\"font-family: verdana, geneva;\" mce_style=\"font-family: verdana, geneva;\">BANQUETE DE BODAS<\/span><\/span><\/u><\/span><\/p>\n<p style=\"text-align: justify;\" mce_style=\"text-align: justify;\"><span style=\"font-size: medium;\" mce_style=\"font-size: medium;\"><span style=\"font-family: verdana, geneva;\" mce_style=\"font-family: verdana, geneva;\">El mismo d\u00eda 12, en conmemoraci\u00f3n de la boda de Miguel de Cervantes Saavedra y Catalina de Salazar y Palacios, se celebr\u00f3 el Banquete de Bodas de esta XXXIII Edici\u00f3n, que la Sociedad Cervantina de Esquivias viene celebrando de forma ininterrumpida desde el a\u00f1o 1979.<\/span><\/span><\/p>\n<p style=\"text-align: justify;\" mce_style=\"text-align: justify;\"><span style=\"font-size: medium;\" mce_style=\"font-size: medium;\"><span style=\"font-family: verdana, geneva;\" mce_style=\"font-family: verdana, geneva;\">A la misma asistieron Don Marciano Ortega Molina, Alcalde de El Toboso, acompa\u00f1ado de su esposa, Don Fernando Jou Rivera, acompa\u00f1ado de su esposa, la Alcaldesa de Esquivias Do\u00f1a Elena Fern\u00e1ndez de Velasco Hern\u00e1ndez y su esposo, presidiendo la cena el presidente de la Sociedad Cervantina de Esquivias Don Jos\u00e9 Rosell Villasevil.<\/span><\/span><\/p>\n<p style=\"text-align: justify;\" mce_style=\"text-align: justify;\"><span style=\"font-size: medium;\" mce_style=\"font-size: medium;\"><span style=\"font-family: verdana, geneva;\" mce_style=\"font-family: verdana, geneva;\">En el transcurso de la cena Don Jos\u00e9 Rosell entreg\u00f3 a Don Rub\u00e9n de Diego Portero una placa en damasquino toledano con el nombramiento como Socio de Honor de esta Asociaci\u00f3n Cultural por los logros deportivos que como esquiviano ha conseguido, llevando el estandarte de Esquivias, all\u00e1 d\u00f3nde ha sido menester.<\/span><\/span><\/p>\n<p style=\"text-align: center;\" mce_style=\"text-align: center;\"><span style=\"font-size: medium;\" mce_style=\"font-size: medium;\"><span style=\"font-family: verdana, geneva;\" mce_style=\"font-family: verdana, geneva;\"><img loading=\"lazy\" decoding=\"async\" class=\" size-full wp-image-532 size-full wp-image-532\" src=\"http:\/\/www.cervantinaesquivias.org\/wordpress\/wp-content\/uploads\/2012\/12\/rosell-y-ruben.jpg\" mce_src=\"http:\/\/www.cervantinaesquivias.org\/wordpress\/wp-content\/uploads\/2012\/12\/rosell-y-ruben.jpg\" alt=\"alt\" style=\"style\" mce_style=\"style\" width=\"709\" height=\"945\" srcset=\"http:\/\/www.cervantinaesquivias.org\/wordpress\/wp-content\/uploads\/2012\/12\/rosell-y-ruben.jpg 709w, http:\/\/www.cervantinaesquivias.org\/wordpress\/wp-content\/uploads\/2012\/12\/rosell-y-ruben-225x300.jpg 225w\" sizes=\"auto, (max-width: 709px) 100vw, 709px\" \/><br \/><\/span><\/span><\/p>\n<p style=\"text-align: center;\" mce_style=\"text-align: center;\">(Don Jos\u00e9 Rosell Villasevil, Presidente de la Sociedad Cervantina de Esquivias, en el momento de entregar la placa que acredita a Rub\u00e9n de Diego Portero como Socio de Honor de esta Asociaci\u00f3n Cultural. Rub\u00e9n declin\u00f3 tomar el micr\u00f3fono, salvo para dar \u00a0las \u00a0gracias, \u00a0manifestando \u00a0que \u00a0lo \u00a0suyo \u00a0es \u00a0el deporte)<\/p>\n<p style=\"text-align: justify;\" mce_style=\"text-align: justify;\"><span style=\"font-size: medium;\" mce_style=\"font-size: medium;\"><span style=\"font-family: verdana, geneva;\" mce_style=\"font-family: verdana, geneva;\">Rub\u00e9n de Diego Portero consigui\u00f3, junto con Pedro G\u00f3mez Albendea, conquistar la medalla de oro y por tanto Campe\u00f3n de Espa\u00f1a que se celebr\u00f3 en la ciudad de Alicante, en la modalidad de futbol\u00edn adaptado.\u00a0<\/span><\/span><\/p>\n<p style=\"text-align: justify;\" mce_style=\"text-align: justify;\"><span style=\"font-size: medium;\" mce_style=\"font-size: medium;\"><span style=\"font-family: verdana, geneva;\" mce_style=\"font-family: verdana, geneva;\">En el mes de Enero del presente a\u00f1o de 2012, esta pareja de deportistas consiguieron la medalla de plata del Campeonato del Mundo de Futbolin Adaptado, torneo que se celebr\u00f3 en la ciudad francesa de Nantes.<\/span><\/span><\/p>\n<p style=\"text-align: justify;\" mce_style=\"text-align: justify;\"><span style=\"font-size: medium;\" mce_style=\"font-size: medium;\"><span style=\"font-family: verdana, geneva;\" mce_style=\"font-family: verdana, geneva;\">Es digno de destacar tambi\u00e9n que Rub\u00e9n de Diego participa en competiciones federadas en la modalidad de padel y tenis, as\u00ed como otros deportes alternativos como baloncesto, handbike, piscina, gimnasio y rutas de senderismo. Todo un ejemplo.<\/span><\/span><\/p>\n<p style=\"text-align: center;\" mce_style=\"text-align: center;\"><span style=\"font-size: medium;\" mce_style=\"font-size: medium;\"><span style=\"font-family: verdana, geneva;\" mce_style=\"font-family: verdana, geneva;\"><img loading=\"lazy\" decoding=\"async\" class=\" size-full wp-image-533 size-full wp-image-533\" src=\"http:\/\/www.cervantinaesquivias.org\/wordpress\/wp-content\/uploads\/2012\/12\/todos.jpg\" mce_src=\"http:\/\/www.cervantinaesquivias.org\/wordpress\/wp-content\/uploads\/2012\/12\/todos.jpg\" alt=\"alt\" style=\"style\" mce_style=\"style\" width=\"709\" height=\"599\" srcset=\"http:\/\/www.cervantinaesquivias.org\/wordpress\/wp-content\/uploads\/2012\/12\/todos.jpg 709w, http:\/\/www.cervantinaesquivias.org\/wordpress\/wp-content\/uploads\/2012\/12\/todos-300x253.jpg 300w\" sizes=\"auto, (max-width: 709px) 100vw, 709px\" \/><br \/><\/span><\/span><\/p>\n<p style=\"text-align: center;\" mce_style=\"text-align: center;\">(De izquierda a derecha. Don Sabino de Diego Romero, Director Ejecutivo de la Sociedad Cervantina de Esquivias, Don Jos\u00e9 Rosell Villasevil, Presidente, Don Rub\u00e9n de Diego Portero, Socio de Honor 2012, Don Fernando Jou Rivera, Delegado Provincial de la JCCM, Do\u00f1a Elena Fern\u00e1ndez de Velasco Hern\u00e1ndez, Alcaldesa de Esquivias y Don Marciano Ortega Molina, Alcalde de El Toboso).<\/p>\n<p style=\"text-align: justify;\" mce_style=\"text-align: justify;\"><span style=\"font-size: medium;\" mce_style=\"font-size: medium;\"><span style=\"font-family: verdana, geneva;\" mce_style=\"font-family: verdana, geneva;\">Previamente Sabino de Diego Romero, en nombre de la Sociedad Cervantina de Esquivias, dedic\u00f3 unas emotivas palabras justificativas del galard\u00f3n concedido, as\u00ed como de agradecimiento a Rub\u00e9n de Diego por haber aceptado ser Socio de Honor de esta Asociaci\u00f3n Cultural, enriqueciendo mas a\u00fan el Cuadro de Honor de la Sociedad Cervantina.\u00a0<\/span><\/span><\/p>\n<p style=\"text-align: justify;\" mce_style=\"text-align: justify;\"><span style=\"font-size: medium;\" mce_style=\"font-size: medium;\"><span style=\"font-family: verdana, geneva;\" mce_style=\"font-family: verdana, geneva;\">En el turno de palabra, Don Fernando Jou, Don Marciano Ortega y Do\u00f1a Elena Fdez. de Velasco, ensalzaron la labor que lleva a cabo Rub\u00e9n y desearon a la Sociedad Cervantina seguir por el camino emprendido para mayor conocimiento del Cervantismo Esquiviano.<\/span><\/span><\/p>\n<p style=\"text-align: justify;\" mce_style=\"text-align: justify;\"><span style=\"font-size: medium;\" mce_style=\"font-size: medium;\"><span style=\"font-family: verdana, geneva;\" mce_style=\"font-family: verdana, geneva;\">Cerr\u00f3 el Acto el Presidente de la Sociedad Cervantina Don Jos\u00e9 Rosell Villasevil, como es habitual en el con unas sentidas palabras cervantinas, como no pod\u00eda ser de otra forma, hac\u00eda Rub\u00e9n y hacia el Ayuntamiento de Esquivias por su apoyo y colaboraci\u00f3n, en este Acto representado.<\/span><\/span><\/p>\n<p style=\"text-align: center;\" mce_style=\"text-align: center;\"><span style=\"font-size: medium;\" mce_style=\"font-size: medium;\"><span style=\"font-family: verdana, geneva;\" mce_style=\"font-family: verdana, geneva;\"><img loading=\"lazy\" decoding=\"async\" class=\" size-full wp-image-534 size-full wp-image-534\" src=\"http:\/\/www.cervantinaesquivias.org\/wordpress\/wp-content\/uploads\/2012\/12\/jaime-y-carlos.jpg\" mce_src=\"http:\/\/www.cervantinaesquivias.org\/wordpress\/wp-content\/uploads\/2012\/12\/jaime-y-carlos.jpg\" alt=\"alt\" style=\"style\" mce_style=\"style\" width=\"709\" height=\"531\" srcset=\"http:\/\/www.cervantinaesquivias.org\/wordpress\/wp-content\/uploads\/2012\/12\/jaime-y-carlos.jpg 709w, http:\/\/www.cervantinaesquivias.org\/wordpress\/wp-content\/uploads\/2012\/12\/jaime-y-carlos-300x225.jpg 300w\" sizes=\"auto, (max-width: 709px) 100vw, 709px\" \/><br \/><\/span><\/span><\/p>\n<p style=\"text-align: center;\" mce_style=\"text-align: center;\">(Carlos de Diego Merino, de Foto Estudio DEDI, haciendo entrega a Jaime Garc\u00eda Gonz\u00e1lez de una recopilaci\u00f3n de fotos de las Estampas Esquive\u00f1as 2012, \u00a0de \u00a0la \u00a0que \u00a0Jaime \u00a0es \u00a0Guionista \u00a0y \u00a0Director. Jaime le dio las gracias p\u00fablicamente a Carlos por su gentileza).<\/p>\n<p style=\"text-align: right;\" mce_style=\"text-align: right;\"><\/p>\n<p style=\"text-align: center;\" mce_style=\"text-align: center;\"><span style=\"font-size: medium;\" mce_style=\"font-size: medium;\"><span style=\"font-family: verdana, geneva;\" mce_style=\"font-family: verdana, geneva;\"><u>MISA DE DIFUNTOS DE LA SOCIEDAD CERVANTINA<\/u><\/span><\/span><\/p>\n<p style=\"text-align: justify;\" mce_style=\"text-align: justify;\"><span style=\"font-size: medium;\" mce_style=\"font-size: medium;\"><span style=\"font-family: verdana, geneva;\" mce_style=\"font-family: verdana, geneva;\">El d\u00eda 13 de diciembre, tuvo lugar la celebraci\u00f3n de una Misa por los Socios Difuntos de la Sociedad Cervantina de Esquivias que a lo largo de los a\u00f1os que lleva esta Asociaci\u00f3n creada hubieran fallecido.<\/span><\/span><\/p>\n<p style=\"text-align: justify;\" mce_style=\"text-align: justify;\"><\/p>\n<p style=\"text-align: justify;\" mce_style=\"text-align: justify;\"><span style=\"font-size: medium;\" mce_style=\"font-size: medium;\"><span style=\"font-family: verdana, geneva;\" mce_style=\"font-family: verdana, geneva;\">La Sociedad Cervantina de Esquivias expresa su agradecimiento por la cesi\u00f3n de fotograf\u00edas cedidas para esta publicaci\u00f3n a:<\/span><\/span><\/p>\n<p style=\"text-align: justify;\" mce_style=\"text-align: justify;\"><span style=\"font-size: medium;\" mce_style=\"font-size: medium;\"><span style=\"font-family: verdana, geneva;\" mce_style=\"font-family: verdana, geneva;\"><b>Foto Estudio DEDI<\/b>, de Esquivias \u00a0 \u00a0web: <\/span><\/span>\u00a0 <span style=\"font-size: medium;\" mce_style=\"font-size: medium;\">www.fotoestudiodedi.com<\/span>\u00a0<\/p>\n<p style=\"text-align: justify;\" mce_style=\"text-align: justify;\"><span style=\"font-size: medium;\" mce_style=\"font-size: medium;\"><span style=\"font-family: verdana, geneva;\" mce_style=\"font-family: verdana, geneva;\"><b>Antonio Zaragoza<\/b>, de Quintanar de la Orden.<\/span><\/span><\/p>\n<p style=\"text-align: right;\" mce_style=\"text-align: right;\"><span style=\"font-size: small;\" mce_style=\"font-size: small;\"><span style=\"font-family: helvetica;\" mce_style=\"font-family: helvetica;\"><i><b>Sabino de Diego.<\/b><\/i><\/span><\/span><\/p>\n<p style=\"text-align: justify;\" mce_style=\"text-align: justify;\"><span style=\"font-family: verdana, geneva; font-size: small;\" mce_style=\"font-family: verdana, geneva; font-size: small;\"><br \/><\/span><\/p>\n<p style=\"text-align: justify;\" mce_style=\"text-align: justify;\"><span style=\"font-size: medium;\" mce_style=\"font-size: medium;\"><span style=\"font-family: verdana, geneva;\" mce_style=\"font-family: verdana, geneva;\"><br \/><\/span><\/span><\/p>\n<p style=\"text-align: center;\" mce_style=\"text-align: center;\"><span style=\"font-size: medium;\" mce_style=\"font-size: medium;\"><span style=\"font-family: verdana, geneva;\" mce_style=\"font-family: verdana, geneva;\"><br \/><\/span><\/span><\/p>\n<p style=\"text-align: center;\" mce_style=\"text-align: center;\"><span style=\"font-family: verdana, geneva; font-size: small;\" mce_style=\"font-family: verdana, geneva; font-size: small;\"><br \/><\/span><\/p>\n<p style=\"text-align: justify;\" mce_style=\"text-align: justify;\"><span style=\"font-size: medium;\" mce_style=\"font-size: medium;\"><span style=\"font-family: verdana, geneva;\" mce_style=\"font-family: verdana, geneva;\"><br \/><\/span><\/span><\/p>\n<p style=\"text-align: justify;\" mce_style=\"text-align: justify;\"><\/p>\n<p style=\"text-align: justify;\" mce_style=\"text-align: justify;\"><span style=\"font-size: medium;\" mce_style=\"font-size: medium;\"><span style=\"font-family: verdana, geneva;\" mce_style=\"font-family: verdana, geneva;\"><i><br \/><\/i><\/span><\/span><\/p>\n<p style=\"text-align: justify;\" mce_style=\"text-align: justify;\"><span style=\"font-size: medium;\" mce_style=\"font-size: medium;\"><span style=\"font-family: verdana, geneva;\" mce_style=\"font-family: verdana, geneva;\"><br \/><\/span><\/span><\/p>\n<p style=\"text-align: justify;\" mce_style=\"text-align: justify;\"><span style=\"font-size: medium;\" mce_style=\"font-size: medium;\"><span style=\"font-family: verdana, geneva;\" mce_style=\"font-family: verdana, geneva;\"><br \/><\/span><\/span><\/p>\n<p style=\"text-align: justify;\" mce_style=\"text-align: justify;\"><span style=\"font-size: medium;\" mce_style=\"font-size: medium;\"><span style=\"font-family: verdana, geneva;\" mce_style=\"font-family: verdana, geneva;\"><br \/><\/span><\/span><\/p>\n<p style=\"text-align: justify;\" mce_style=\"text-align: justify;\"><span style=\"font-size: medium;\" mce_style=\"font-size: medium;\"><span style=\"font-family: verdana, geneva;\" mce_style=\"font-family: verdana, geneva;\"><br \/><\/span><\/span><\/p>\n<p style=\"text-align: center;\" mce_style=\"text-align: center;\"><\/p>\n<p style=\"text-align: justify;\" mce_style=\"text-align: justify;\"><span style=\"font-size: medium;\" mce_style=\"font-size: medium;\"><span style=\"font-family: verdana, geneva;\" mce_style=\"font-family: verdana, geneva;\"><br \/><\/span><\/span><\/p>\n<p style=\"text-align: center;\" mce_style=\"text-align: center;\"><span style=\"font-size: medium;\" mce_style=\"font-size: medium;\"><span style=\"font-family: verdana, geneva;\" mce_style=\"font-family: verdana, geneva;\"><br \/><\/span><\/span><\/p>\n<p style=\"text-align: justify;\" mce_style=\"text-align: justify;\"><span style=\"font-family: verdana, geneva; font-size: small;\" mce_style=\"font-family: verdana, geneva; font-size: small;\"><br \/><\/span><\/p>\n<p style=\"text-align: justify;\" mce_style=\"text-align: justify;\"><span style=\"font-family: verdana, geneva; font-size: small;\" mce_style=\"font-family: verdana, geneva; font-size: small;\"><br \/><\/span><\/p>\n<p style=\"text-align: center;\" mce_style=\"text-align: center;\"><span style=\"font-family: verdana, geneva; font-size: small;\" mce_style=\"font-family: verdana, geneva; font-size: small;\"><br \/><\/span><\/p>\n<p style=\"text-align: center;\" mce_style=\"text-align: center;\"><span style=\"font-family: verdana, geneva; font-size: small;\" mce_style=\"font-family: verdana, geneva; font-size: small;\"><br \/><\/span><\/p>\n<p style=\"text-align: center;\" mce_style=\"text-align: center;\"><span style=\"font-family: verdana, geneva; font-size: small;\" mce_style=\"font-family: verdana, geneva; font-size: small;\"><br \/><\/span><\/p>\n<p style=\"text-align: center;\" mce_style=\"text-align: center;\"><span style=\"font-family: verdana, geneva; font-size: small;\" mce_style=\"font-family: verdana, geneva; font-size: small;\"><br \/><\/span><\/p>\n<p style=\"text-align: justify;\" mce_style=\"text-align: justify;\"><span style=\"font-family: verdana, geneva; font-size: small;\" mce_style=\"font-family: verdana, geneva; font-size: small;\"><br \/><\/span><\/p>\n<p style=\"style\" mce_style=\"style\"><\/p>\n<p style=\"style\" mce_style=\"style\"><span style=\"font-family: verdana, geneva; font-size: medium; text-align: justify;\" mce_style=\"font-family: verdana, geneva; font-size: medium; text-align: justify;\"><br \/><\/span><\/p>\n<p style=\"text-align: center;\" mce_style=\"text-align: center;\"><span style=\"font-size: medium;\" mce_style=\"font-size: medium;\"><span style=\"font-family: verdana, geneva;\" mce_style=\"font-family: verdana, geneva;\"><br \/><\/span><\/span><\/p>\n<p style=\"text-align: center;\" mce_style=\"text-align: center;\"><span style=\"font-size: medium;\" mce_style=\"font-size: medium;\"><span style=\"font-family: verdana, geneva;\" mce_style=\"font-family: verdana, geneva;\"><br \/><\/span><\/span><\/p>\n<p style=\"text-align: justify;\" mce_style=\"text-align: justify;\"><span style=\"font-family: verdana, geneva; font-size: small;\" mce_style=\"font-family: verdana, geneva; font-size: small;\">\u00a0<\/span><\/p>\n<p style=\"text-align: justify;\" mce_style=\"text-align: justify;\"><\/p>\n<p><\/p>\n","protected":false},"excerpt":{"rendered":"<p>(Miguel de Cervantes escribiendo, ante la presencia de Mar\u00eda, la criada mas querida de Catalina). Se han celebrado con gran [&hellip;]<\/p>\n","protected":false},"author":1,"featured_media":467,"comment_status":"open","ping_status":"open","sticky":false,"template":"","format":"standard","meta":{"footnotes":""},"categories":[14],"tags":[],"class_list":["post-535","post","type-post","status-publish","format-standard","has-post-thumbnail","hentry","category-jornadas-cervantinas"],"_links":{"self":[{"href":"http:\/\/www.cervantinaesquivias.org\/wordpress\/wp-json\/wp\/v2\/posts\/535","targetHints":{"allow":["GET"]}}],"collection":[{"href":"http:\/\/www.cervantinaesquivias.org\/wordpress\/wp-json\/wp\/v2\/posts"}],"about":[{"href":"http:\/\/www.cervantinaesquivias.org\/wordpress\/wp-json\/wp\/v2\/types\/post"}],"author":[{"embeddable":true,"href":"http:\/\/www.cervantinaesquivias.org\/wordpress\/wp-json\/wp\/v2\/users\/1"}],"replies":[{"embeddable":true,"href":"http:\/\/www.cervantinaesquivias.org\/wordpress\/wp-json\/wp\/v2\/comments?post=535"}],"version-history":[{"count":0,"href":"http:\/\/www.cervantinaesquivias.org\/wordpress\/wp-json\/wp\/v2\/posts\/535\/revisions"}],"wp:featuredmedia":[{"embeddable":true,"href":"http:\/\/www.cervantinaesquivias.org\/wordpress\/wp-json\/wp\/v2\/media\/467"}],"wp:attachment":[{"href":"http:\/\/www.cervantinaesquivias.org\/wordpress\/wp-json\/wp\/v2\/media?parent=535"}],"wp:term":[{"taxonomy":"category","embeddable":true,"href":"http:\/\/www.cervantinaesquivias.org\/wordpress\/wp-json\/wp\/v2\/categories?post=535"},{"taxonomy":"post_tag","embeddable":true,"href":"http:\/\/www.cervantinaesquivias.org\/wordpress\/wp-json\/wp\/v2\/tags?post=535"}],"curies":[{"name":"wp","href":"https:\/\/api.w.org\/{rel}","templated":true}]}}