{"id":52,"date":"2010-09-24T08:07:40","date_gmt":"2010-09-24T08:07:40","guid":{"rendered":"http:\/\/www.cervantinaesquivias.org\/wordpress\/2010\/09\/24\/lectura-teatralizada-y-comentada-del-quijote\/"},"modified":"2010-09-24T08:07:40","modified_gmt":"2010-09-24T08:07:40","slug":"lectura-teatralizada-y-comentada-del-quijote","status":"publish","type":"post","link":"http:\/\/www.cervantinaesquivias.org\/wordpress\/2010\/09\/24\/lectura-teatralizada-y-comentada-del-quijote\/","title":{"rendered":"Lectura teatralizada y comentada del Quijote. Esquivias 2010."},"content":{"rendered":"<p><img loading=\"lazy\" decoding=\"async\" class=\" alignleft size-full wp-image-51\" style=\"margin: 10px; float: left;\" src=\"http:\/\/www.cervantinaesquivias.org\/wordpress\/wp-content\/uploads\/2010\/09\/ad-lecturateatra.jpg\" mce_style=\"float: left; margin: 10px;\" mce_src=\"images\/stories\/Noticias\/ad-lecturateatra.jpg\" width=\"135\" height=\"80\" \/><\/p>\n<p><\/p>\n<p>El d\u00eda 23 de Abril de 2010 se llev\u00f3 a cabo la lectura teatralizada y comentada del cap\u00edtulo XLIX de la primera parte del Quijote. <\/p>\n<p><!--more--><\/p>\n<p>Intervinieron como lectores D. Jos\u00e9 Domingo Vales V\u00eda, como Don Quijote; D. Jacinto Garc\u00eda Jim\u00e9nez, Sancho; D. Crescencio de Diego Huerta, Cl\u00e9rigo, y D. Antonio S\u00e1nchez Gonz\u00e1lez como Narrador.<\/p>\n<p>Pueden acceder a las fotograf\u00edas de este acto en la <a href=\"http:\/\/www.cervantinaesquivias.org\/index.php?option=com_phocagallery&#038;view=category&#038;id=3;lectura-del-quijote-2010&#038;Itemid=74\" mce_href=\"index.php?option=com_phocagallery&#038;view=category&#038;id=3:lectura-del-quijote-2010&#038;Itemid=74\">Galer\u00eda Fotogr\u00e1fica<\/a><br mce_bogus=\"1\" \/><\/p>\n<p><\/p>\n","protected":false},"excerpt":{"rendered":"<p>El d\u00eda 23 de Abril de 2010 se llev\u00f3 a cabo la lectura teatralizada y comentada del cap\u00edtulo XLIX de [&hellip;]<\/p>\n","protected":false},"author":1,"featured_media":51,"comment_status":"open","ping_status":"open","sticky":false,"template":"","format":"standard","meta":{"footnotes":""},"categories":[7],"tags":[],"class_list":["post-52","post","type-post","status-publish","format-standard","has-post-thumbnail","hentry","category-noticias-cervantina"],"_links":{"self":[{"href":"http:\/\/www.cervantinaesquivias.org\/wordpress\/wp-json\/wp\/v2\/posts\/52","targetHints":{"allow":["GET"]}}],"collection":[{"href":"http:\/\/www.cervantinaesquivias.org\/wordpress\/wp-json\/wp\/v2\/posts"}],"about":[{"href":"http:\/\/www.cervantinaesquivias.org\/wordpress\/wp-json\/wp\/v2\/types\/post"}],"author":[{"embeddable":true,"href":"http:\/\/www.cervantinaesquivias.org\/wordpress\/wp-json\/wp\/v2\/users\/1"}],"replies":[{"embeddable":true,"href":"http:\/\/www.cervantinaesquivias.org\/wordpress\/wp-json\/wp\/v2\/comments?post=52"}],"version-history":[{"count":0,"href":"http:\/\/www.cervantinaesquivias.org\/wordpress\/wp-json\/wp\/v2\/posts\/52\/revisions"}],"wp:featuredmedia":[{"embeddable":true,"href":"http:\/\/www.cervantinaesquivias.org\/wordpress\/wp-json\/wp\/v2\/media\/51"}],"wp:attachment":[{"href":"http:\/\/www.cervantinaesquivias.org\/wordpress\/wp-json\/wp\/v2\/media?parent=52"}],"wp:term":[{"taxonomy":"category","embeddable":true,"href":"http:\/\/www.cervantinaesquivias.org\/wordpress\/wp-json\/wp\/v2\/categories?post=52"},{"taxonomy":"post_tag","embeddable":true,"href":"http:\/\/www.cervantinaesquivias.org\/wordpress\/wp-json\/wp\/v2\/tags?post=52"}],"curies":[{"name":"wp","href":"https:\/\/api.w.org\/{rel}","templated":true}]}}