{"id":466,"date":"2012-11-29T12:09:43","date_gmt":"2012-11-29T12:09:43","guid":{"rendered":"http:\/\/www.cervantinaesquivias.org\/wordpress\/2012\/11\/29\/xxxiii-jornadas-cervantinas-esquivias-2012\/"},"modified":"2012-11-29T12:09:43","modified_gmt":"2012-11-29T12:09:43","slug":"xxxiii-jornadas-cervantinas-esquivias-2012","status":"publish","type":"post","link":"http:\/\/www.cervantinaesquivias.org\/wordpress\/2012\/11\/29\/xxxiii-jornadas-cervantinas-esquivias-2012\/","title":{"rendered":"XXXIII JORNADAS CERVANTINAS. ESQUIVIAS 2012"},"content":{"rendered":"<p><\/p>\n<p style=\"text-align: justify;\" mce_style=\"text-align: justify;\"><\/p>\n<p style=\"text-align: center;\" mce_style=\"text-align: center;\"><img loading=\"lazy\" decoding=\"async\" class=\" size-full wp-image-465 size-full wp-image-465\" src=\"http:\/\/www.cervantinaesquivias.org\/wordpress\/wp-content\/uploads\/2012\/11\/pres.-prensa-j.c.-2012.jpg\" mce_src=\"http:\/\/www.cervantinaesquivias.org\/wordpress\/wp-content\/uploads\/2012\/11\/pres.-prensa-j.c.-2012.jpg\" alt=\"alt\" style=\"style\" mce_style=\"style\" width=\"630\" height=\"472\" srcset=\"http:\/\/www.cervantinaesquivias.org\/wordpress\/wp-content\/uploads\/2012\/11\/pres.-prensa-j.c.-2012.jpg 630w, http:\/\/www.cervantinaesquivias.org\/wordpress\/wp-content\/uploads\/2012\/11\/pres.-prensa-j.c.-2012-300x225.jpg 300w\" sizes=\"auto, (max-width: 630px) 100vw, 630px\" \/><\/p>\n<p style=\"text-align: justify;\" mce_style=\"text-align: justify;\"><span style=\"font-size: medium;\" mce_style=\"font-size: medium;\"><span style=\"font-family: verdana, geneva;\" mce_style=\"font-family: verdana, geneva;\">En el marco incomparable de la Biblioteca Regional de Castilla la Mancha, en el d\u00eda de hoy, 29 de Noviembre de 2012, se ha presentado a los medios de difusi\u00f3n p\u00fablicos de Castilla la Mancha el Programa de Actos de las XXXIII Jornadas Cervantinas de Esquivias, conmemorativas de la boda de Miguel de Cervantes Saavedra con la esquiviana Catalina de Salazar y Palacios, hecho acaecido en Esquivias el 12 de Diciembre de 1584.<\/span><\/span><\/p>\n<p style=\"text-align: justify;\" mce_style=\"text-align: justify;\"><span style=\"font-size: medium;\" mce_style=\"font-size: medium;\"><span style=\"font-family: verdana, geneva;\" mce_style=\"font-family: verdana, geneva;\">En dicha presentaci\u00f3n, han prestado y apoyado con su presencia y sus palabras: Don Fernando Jou Rivera, Delegado de la JCCM en Toledo, Don Francisco Javier Morales Herv\u00e1s, Director General de Cultura de la JCCM, Do\u00f1a Elena Fern\u00e1ndez de Velasco Hern\u00e1ndez, Alcaldesa de Esquivias y Don Jos\u00e9 Rosell Villasevil, Presidente de la Sociedad Cervantina de Esquivias.<\/span><\/span><\/p>\n<p style=\"text-align: justify;\" mce_style=\"text-align: justify;\"><span style=\"font-size: medium;\" mce_style=\"font-size: medium;\"><span style=\"font-family: verdana, geneva;\" mce_style=\"font-family: verdana, geneva;\">En el Acto, los intervinientes han coincidido en manifestar el grado de colaboraci\u00f3n de todos los colectivos y particulares que ponen todo su saber y entender en difundir la innegable relaci\u00f3n de Cervantes con el pueblo de Esquivias. Incluso mas all\u00e1 de lo que a cada cual se les pudiera pedir.<\/span><\/span><\/p>\n<p style=\"text-align: justify;\" mce_style=\"text-align: justify;\"><span style=\"font-size: medium;\" mce_style=\"font-size: medium;\"><span style=\"font-family: verdana, geneva;\" mce_style=\"font-family: verdana, geneva;\">A la hora de destacar alg\u00fan acto concreto sobre los programados, han coincidido tambi\u00e9n en resaltar lo idoneidad y conjunto de los mismos, que hacen que cada uno por si mismo y todos en su conjunto transmitan un mensaje de acercamiento a la realidad de Esquivias en la vida y obra cervantina.<\/span><\/span><\/p>\n","protected":false},"excerpt":{"rendered":"<p>En el marco incomparable de la Biblioteca Regional de Castilla la Mancha, en el d\u00eda de hoy, 29 de Noviembre [&hellip;]<\/p>\n","protected":false},"author":1,"featured_media":465,"comment_status":"open","ping_status":"open","sticky":false,"template":"","format":"standard","meta":{"footnotes":""},"categories":[14],"tags":[],"class_list":["post-466","post","type-post","status-publish","format-standard","has-post-thumbnail","hentry","category-jornadas-cervantinas"],"_links":{"self":[{"href":"http:\/\/www.cervantinaesquivias.org\/wordpress\/wp-json\/wp\/v2\/posts\/466","targetHints":{"allow":["GET"]}}],"collection":[{"href":"http:\/\/www.cervantinaesquivias.org\/wordpress\/wp-json\/wp\/v2\/posts"}],"about":[{"href":"http:\/\/www.cervantinaesquivias.org\/wordpress\/wp-json\/wp\/v2\/types\/post"}],"author":[{"embeddable":true,"href":"http:\/\/www.cervantinaesquivias.org\/wordpress\/wp-json\/wp\/v2\/users\/1"}],"replies":[{"embeddable":true,"href":"http:\/\/www.cervantinaesquivias.org\/wordpress\/wp-json\/wp\/v2\/comments?post=466"}],"version-history":[{"count":0,"href":"http:\/\/www.cervantinaesquivias.org\/wordpress\/wp-json\/wp\/v2\/posts\/466\/revisions"}],"wp:featuredmedia":[{"embeddable":true,"href":"http:\/\/www.cervantinaesquivias.org\/wordpress\/wp-json\/wp\/v2\/media\/465"}],"wp:attachment":[{"href":"http:\/\/www.cervantinaesquivias.org\/wordpress\/wp-json\/wp\/v2\/media?parent=466"}],"wp:term":[{"taxonomy":"category","embeddable":true,"href":"http:\/\/www.cervantinaesquivias.org\/wordpress\/wp-json\/wp\/v2\/categories?post=466"},{"taxonomy":"post_tag","embeddable":true,"href":"http:\/\/www.cervantinaesquivias.org\/wordpress\/wp-json\/wp\/v2\/tags?post=466"}],"curies":[{"name":"wp","href":"https:\/\/api.w.org\/{rel}","templated":true}]}}