{"id":464,"date":"2012-11-15T17:57:44","date_gmt":"2012-11-15T17:57:44","guid":{"rendered":"http:\/\/www.cervantinaesquivias.org\/wordpress\/2012\/11\/15\/programa-de-actos-del-cdxxviii-aniversario-de-la-boda-de-cervantes-y-catalina\/"},"modified":"2012-11-15T17:57:44","modified_gmt":"2012-11-15T17:57:44","slug":"programa-de-actos-del-cdxxviii-aniversario-de-la-boda-de-cervantes-y-catalina","status":"publish","type":"post","link":"http:\/\/www.cervantinaesquivias.org\/wordpress\/2012\/11\/15\/programa-de-actos-del-cdxxviii-aniversario-de-la-boda-de-cervantes-y-catalina\/","title":{"rendered":"Programa de Actos del CDXXVIII Aniversario de la boda de Cervantes y Catalina. 2012."},"content":{"rendered":"<p><\/p>\n<p style=\"text-align: center;\" mce_style=\"text-align: center;\"><img loading=\"lazy\" decoding=\"async\" class=\" size-full wp-image-462 size-full wp-image-462\" src=\"http:\/\/www.cervantinaesquivias.org\/wordpress\/wp-content\/uploads\/2012\/11\/cartel-jorn.-cerv.-dic.-2012.jpg\" mce_src=\"http:\/\/www.cervantinaesquivias.org\/wordpress\/wp-content\/uploads\/2012\/11\/cartel-jorn.-cerv.-dic.-2012.jpg\" alt=\"alt\" style=\"style\" mce_style=\"style\" width=\"630\" height=\"931\" srcset=\"http:\/\/www.cervantinaesquivias.org\/wordpress\/wp-content\/uploads\/2012\/11\/cartel-jorn.-cerv.-dic.-2012.jpg 630w, http:\/\/www.cervantinaesquivias.org\/wordpress\/wp-content\/uploads\/2012\/11\/cartel-jorn.-cerv.-dic.-2012-203x300.jpg 203w\" sizes=\"auto, (max-width: 630px) 100vw, 630px\" \/><\/p>\n<p><\/p>\n<p><\/p>\n<p style=\"text-align: center;\" mce_style=\"text-align: center;\"><img loading=\"lazy\" decoding=\"async\" class=\" size-full wp-image-463 size-full wp-image-463\" src=\"http:\/\/www.cervantinaesquivias.org\/wordpress\/wp-content\/uploads\/2012\/11\/04.-acta-de-boda-3.jpg\" mce_src=\"http:\/\/www.cervantinaesquivias.org\/wordpress\/wp-content\/uploads\/2012\/11\/04.-acta-de-boda-3.jpg\" alt=\"alt\" style=\"style\" mce_style=\"style\" width=\"737\" height=\"171\" srcset=\"http:\/\/www.cervantinaesquivias.org\/wordpress\/wp-content\/uploads\/2012\/11\/04.-acta-de-boda-3.jpg 737w, http:\/\/www.cervantinaesquivias.org\/wordpress\/wp-content\/uploads\/2012\/11\/04.-acta-de-boda-3-300x70.jpg 300w\" sizes=\"auto, (max-width: 737px) 100vw, 737px\" \/><\/p>\n<p style=\"style\" mce_style=\"style\"><\/p>\n<p style=\"text-align: justify;\" mce_style=\"text-align: justify;\"><span style=\"font-size: medium;\" mce_style=\"font-size: medium;\">El pr\u00f3ximo mes de Diciembre de 2012, se van a celebrar en Esquivias las XXXIII Jornadas Cervantinas, <\/span><\/p>\n<p style=\"text-align: justify;\" mce_style=\"text-align: justify;\"><span style=\"font-size: medium;\" mce_style=\"font-size: medium;\">organizadas por el Excmo. Ayuntamiento de Esquivias y la Sociedad Cervantina, en conmemoraci\u00f3n del<\/span><\/p>\n<p style=\"text-align: justify;\" mce_style=\"text-align: justify;\"><span style=\"font-size: medium;\" mce_style=\"font-size: medium;\">CDXXVIII Aniversario de la\u00a0<\/span><span style=\"font-size: medium;\" mce_style=\"font-size: medium;\">Boda de Miguel de Cervantes Saavedra con Catalina de Salazar y Palacios, <\/span><\/p>\n<p style=\"text-align: justify;\" mce_style=\"text-align: justify;\"><span style=\"font-size: medium;\" mce_style=\"font-size: medium;\">celebrada en Esquivias el\u00a0<\/span><span style=\"font-size: medium;\" mce_style=\"font-size: medium;\">12 de Diciembre de 1584, con el siguiente:<\/span><\/p>\n<p style=\"text-align: justify;\" mce_style=\"text-align: justify;\"><span style=\"font-size: medium;\" mce_style=\"font-size: medium;\"><\/span><\/p>\n<p style=\"style\" mce_style=\"style\"><\/p>\n<p><span style=\"font-size: medium;\" mce_style=\"font-size: medium;\"><\/span><\/p>\n<p><!--more--><\/p>\n<p><\/p>\n<p><\/p>\n<p><\/p>\n<p style=\"style\" mce_style=\"style\"><span style=\"font-size: medium;\" mce_style=\"font-size: medium;\"><b><u>PROGRAMA OFICIAL DE ACTOS 2012.<\/u><\/b><\/span><\/p>\n<p style=\"style\" mce_style=\"style\"><span style=\"font-size: medium;\" mce_style=\"font-size: medium;\"><br \/><\/span><\/p>\n<p style=\"style\" mce_style=\"style\"><span style=\"font-size: medium;\" mce_style=\"font-size: medium;\"><b>&#8212; Dia \u00a03 de Diciembre, lunes.<\/b><\/span><\/p>\n<p style=\"style\" mce_style=\"style\"><span style=\"font-size: medium;\" mce_style=\"font-size: medium;\">\u00a0 \u00a0 \u00a0<b> EXPOSICI\u00d3N \u00abNIKOLAJ PIRNAT Y DON QUIJOTE DE LA MANCHA\u00bb<\/b><\/span><\/p>\n<p style=\"style\" mce_style=\"style\"><span style=\"font-size: medium;\" mce_style=\"font-size: medium;\">\u00a0 \u00a0 \u00a0 Inauguraci\u00f3n de la exposici\u00f3n.<\/span><\/p>\n<p style=\"style\" mce_style=\"style\"><span style=\"font-size: medium;\" mce_style=\"font-size: medium;\">\u00a0 \u00a0 \u00a0 Intervienen: Do\u00f1a Elena Fern\u00e1ndez de Velasco Hern\u00e1ndez, Alcaldesa de Esquivias, Don Jos\u00e9 Rosell Villasevil,<\/span><\/p>\n<p style=\"style\" mce_style=\"style\"><span style=\"font-size: medium;\" mce_style=\"font-size: medium;\">\u00a0 \u00a0 \u00a0 Presidente\u00a0<\/span><span mce_style=\"font-size: medium;\" style=\"font-size: medium;\">de la Sociedad Cervantina y\u00a0<\/span><span mce_style=\"font-size: medium;\" style=\"font-size: medium;\">Don Aljaz\u00a0<\/span><span mce_style=\"font-size: medium;\" style=\"font-size: medium;\">Gosnar, Embajador de Eslovenia en Espa\u00f1a (sin confirmar).<\/span><\/p>\n<p style=\"style\" mce_style=\"style\"><span style=\"font-size: medium;\" mce_style=\"font-size: medium;\">\u00a0 \u00a0 \u00a0 En la Casa de Cultura, a las 18,30 horas. Entrada libre.<\/span><\/p>\n<p style=\"style\" mce_style=\"style\"><span style=\"font-size: medium;\" mce_style=\"font-size: medium;\">\u00a0 \u00a0<b> \u00a0 PREG\u00d3N DE LA SEMANA CULTURAL.<\/b><\/span><\/p>\n<p style=\"style\" mce_style=\"style\"><span style=\"font-size: medium;\" mce_style=\"font-size: medium;\">\u00a0 \u00a0 \u00a0 A cargo de: Don Marciano Ortega Molina, Alcalde de El Toboso.<\/span><\/p>\n<p style=\"style\" mce_style=\"style\"><span style=\"font-size: medium;\" mce_style=\"font-size: medium;\">\u00a0 \u00a0 \u00a0 Intervienen: Do\u00f1a Elena Fern\u00e1ndez de Velasco Hern\u00e1ndez \u00a0y Don Jos\u00e9 Rosell Villasevil.<\/span><\/p>\n<p style=\"style\" mce_style=\"style\"><span style=\"font-size: medium;\" mce_style=\"font-size: medium;\">\u00a0 \u00a0 \u00a0 La rapsoda esquiviana: Clara Truchado Mart\u00edn, recitar\u00e1 el poema \u00abFue un Sue\u00f1o\u00bb, de Don Jos\u00e9 Rosell.<\/span><\/p>\n<p style=\"style\" mce_style=\"style\"><span style=\"font-size: medium;\" mce_style=\"font-size: medium;\">\u00a0 \u00a0 \u00a0 Actuaci\u00f3n musical: Coral Polif\u00f3nica Catalina de Palacios de Esquivias.<\/span><\/p>\n<p style=\"style\" mce_style=\"style\"><span style=\"font-size: medium;\" mce_style=\"font-size: medium;\">\u00a0 \u00a0 \u00a0 En la Casa de Cultura, a las 20,00 horas. \u00a0Entrada libre.<\/span><\/p>\n<p style=\"style\" mce_style=\"style\"><\/p>\n<p style=\"style\" mce_style=\"style\"><span style=\"font-size: medium;\" mce_style=\"font-size: medium;\"><b>&#8211;D\u00eda \u00a06 de Diciembre, jueves.<\/b><\/span><\/p>\n<p style=\"style\" mce_style=\"style\">\u00a0 <span style=\"font-size: medium;\" mce_style=\"font-size: medium;\"><b>\u00a0 \u00a0 \u00a0II CERTAMEN DE PINTURA R\u00c1PIDA.<\/b><\/span><\/p>\n<p style=\"style\" mce_style=\"style\"><span style=\"font-size: medium;\" mce_style=\"font-size: medium;\"><b>\u00a0 \u00a0<\/b> \u00a0 \u00a0En el Convento de Capuchinos, a las 09,30 horas.<\/span><\/p>\n<p style=\"style\" mce_style=\"style\"><span style=\"font-size: medium;\" mce_style=\"font-size: medium;\">\u00a0 \u00a0 \u00a0 \u00a0Entrega de premios a las 17,00 horas. Consultar Bases en esta web.<\/span><\/p>\n<p style=\"style\" mce_style=\"style\"><span style=\"font-size: medium;\" mce_style=\"font-size: medium;\"><b>\u00a0 \u00a0 \u00a0 ESTAMPAS ESQUIVE\u00d1AS.<\/b><\/span><\/p>\n<p style=\"style\" mce_style=\"style\"><span style=\"font-size: medium;\" mce_style=\"font-size: medium;\">\u00a0 \u00a0 \u00a0 Representaci\u00f3n de las Estampas Esquive\u00f1as 2012.<\/span><\/p>\n<p style=\"style\" mce_style=\"style\"><span style=\"font-size: medium;\" mce_style=\"font-size: medium;\">\u00a0 \u00a0 \u00a0 En la Casa de Cultura, a las 19,00 horas. Con invitaci\u00f3n personal.<\/span><\/p>\n<p style=\"style\" mce_style=\"style\"><\/p>\n<p style=\"style\" mce_style=\"style\"><span style=\"font-size: medium;\" mce_style=\"font-size: medium;\"><b>&#8211;Dia \u00a07 de Diciembre, viernes.<\/b><\/span><\/p>\n<p style=\"style\" mce_style=\"style\"><span style=\"font-size: medium;\" mce_style=\"font-size: medium;\"><b>\u00a0 \u00a0 \u00a0 ESTAMPAS ESQUIVE\u00d1AS.<\/b><\/span><\/p>\n<p style=\"style\" mce_style=\"style\"><span style=\"font-size: medium;\" mce_style=\"font-size: medium;\">\u00a0 \u00a0 \u00a0 Representaci\u00f3n de las Estampas Esquive\u00f1as 2012.\u00a0<\/span><\/p>\n<p style=\"style\" mce_style=\"style\"><span style=\"font-size: medium;\" mce_style=\"font-size: medium;\">\u00a0 \u00a0 \u00a0 En la Casa de Cultura, a las 20,00 horas. Entrada libre.<\/span><\/p>\n<p style=\"style\" mce_style=\"style\"><\/p>\n<p style=\"style\" mce_style=\"style\"><span style=\"font-size: medium;\" mce_style=\"font-size: medium;\"><b>&#8211;D\u00eda \u00a08 de Diciembre, s\u00e1bado.<\/b><\/span><\/p>\n<p style=\"style\" mce_style=\"style\"><span style=\"font-size: medium;\" mce_style=\"font-size: medium;\"><b>\u00a0 \u00a0 \u00a0 PASACALLES CERVANTINO.<\/b><\/span><\/p>\n<p style=\"style\" mce_style=\"style\"><span style=\"font-size: medium;\" mce_style=\"font-size: medium;\">\u00a0 \u00a0 \u00a0 Act\u00faan: La Asociaci\u00f3n de Mujeres de Esquivias \u00abCatalina de Palacios\u00bb y el Grupo de Coros y Danzas<\/span><\/p>\n<p style=\"style\" mce_style=\"style\"><span style=\"font-size: medium;\" mce_style=\"font-size: medium;\">\u00a0 \u00a0 \u00a0 de la Casa de Castilla la Mancha en Legan\u00e9s (Madrid).<\/span><\/p>\n<p style=\"style\" mce_style=\"style\"><span style=\"font-size: medium;\" mce_style=\"font-size: medium;\">\u00a0 \u00a0 \u00a0 Por las calles de Esquivias, a partir de las 12,00 horas.<\/span><\/p>\n<p style=\"style\" mce_style=\"style\"><span style=\"font-size: medium;\" mce_style=\"font-size: medium;\">\u00a0 \u00a0 \u00a0 <b>CONCIERTO L\u00cdRICO<\/b><\/span><\/p>\n<p style=\"style\" mce_style=\"style\"><span style=\"font-size: medium;\" mce_style=\"font-size: medium;\"><b>\u00a0<\/b> \u00a0 \u00a0 Actuaci\u00f3n de un Terceto Musical a cargo de Irene Moreno\u00a0<\/span><span style=\"font-size: medium;\" mce_style=\"font-size: medium;\">(soprano), Mar\u00eda Marug\u00e1n (mezzosoprano) y<\/span><\/p>\n<p style=\"style\" mce_style=\"style\"><span style=\"font-size: medium;\" mce_style=\"font-size: medium;\">\u00a0 \u00a0 \u00a0 Paz Jaramillo (piano)<\/span><\/p>\n<p style=\"style\" mce_style=\"style\"><span style=\"font-size: medium;\" mce_style=\"font-size: medium;\">\u00a0 \u00a0 \u00a0 En la Casa de Cultura, a las 20,00 horas. Entrada libre.<\/span><\/p>\n<p style=\"style\" mce_style=\"style\"><\/p>\n<p style=\"style\" mce_style=\"style\"><span style=\"font-size: medium;\" mce_style=\"font-size: medium;\"><b style=\"style\" mce_style=\"style\">&#8211;D\u00eda \u00a09 de Diciembre, domingo.<\/b><\/span><\/p>\n<p style=\"style\" mce_style=\"style\"><span style=\"font-size: medium;\" mce_style=\"font-size: medium;\">\u00a0 \u00a0 \u00a0 <b>PUERTAS ABIERTAS EN LA CASA DE CERVANTES, CON ESCENIFICACI\u00d3N CERVANTINA.<\/b><\/span><\/p>\n<p style=\"style\" mce_style=\"style\"><span style=\"font-size: medium;\" mce_style=\"font-size: medium;\"><b>\u00a0 \u00a0<\/b> \u00a0 En el Museo Casa de Cervantes, a partir de las 10,00 horas. Entrada libre. Para reservas de horarios de<\/span><\/p>\n<p style=\"style\" mce_style=\"style\"><span style=\"font-size: medium;\" mce_style=\"font-size: medium;\">\u00a0 \u00a0 \u00a0 Visitas, llamar al tel\u00e9fono 925 546 632 (Casa de Cervantes).<\/span><\/p>\n<p style=\"style\" mce_style=\"style\"><span style=\"font-size: medium;\" mce_style=\"font-size: medium;\">\u00a0 \u00a0 \u00a0<b> CONFERENCIA \u00abCERVANTES Y EL GRECO\u00bb<\/b><\/span><\/p>\n<p style=\"style\" mce_style=\"style\"><span style=\"font-size: medium;\" mce_style=\"font-size: medium;\">\u00a0 \u00a0 \u00a0 Ponente: Don Fernando Jou Rivera.<\/span><\/p>\n<p style=\"style\" mce_style=\"style\"><span style=\"font-size: medium;\" mce_style=\"font-size: medium;\">\u00a0 \u00a0 \u00a0 Actuaci\u00f3n musical de un Grupo de C\u00e1mara de la Asociaci\u00f3n Musical Villa de Esquivias.<\/span><\/p>\n<p style=\"style\" mce_style=\"style\"><span style=\"font-size: medium;\" mce_style=\"font-size: medium;\">\u00a0 \u00a0 \u00a0 En la Casa de Cultura, a las 19,00 horas. Entrada libre.<\/span><\/p>\n<p style=\"style\" mce_style=\"style\"><span style=\"font-size: medium;\" mce_style=\"font-size: medium;\"><br \/><\/span><\/p>\n<p style=\"style\" mce_style=\"style\"><span style=\"font-size: small;\" mce_style=\"font-size: small;\"><b style=\"style\" mce_style=\"style\"><span style=\"font-size: medium;\" mce_style=\"font-size: medium;\">&#8211;D\u00eda 10 de Diciembre, lunes.<\/span><\/b><\/span><\/p>\n<p style=\"style\" mce_style=\"style\"><span style=\"font-size: medium;\" mce_style=\"font-size: medium;\">\u00a0 \u00a0 \u00a0<b> TEATRO \u00abCERVANTES, EL SOLDADO QUE NOS ENSE\u00d1\u00d3 A HABLAR\u00bb<\/b><\/span><\/p>\n<p style=\"style\" mce_style=\"style\"><span style=\"font-size: medium;\" mce_style=\"font-size: medium;\">\u00a0 \u00a0 \u00a0 Por el Grupo: \u00a0La Tahona.<\/span><\/p>\n<p style=\"style\" mce_style=\"style\"><span style=\"font-size: medium;\" mce_style=\"font-size: medium;\">\u00a0 \u00a0 \u00a0 En la Casa de Cultura, a las 19,00 horas. Entrada libre.<\/span><\/p>\n<p style=\"style\" mce_style=\"style\"><span style=\"font-size: medium;\" mce_style=\"font-size: medium;\"><br \/><\/span><\/p>\n<p style=\"style\" mce_style=\"style\"><span style=\"font-size: small;\" mce_style=\"font-size: small;\"><b style=\"style\" mce_style=\"style\"><span style=\"font-size: medium;\" mce_style=\"font-size: medium;\">&#8211;D\u00eda 11 de Diciembre, martes.<\/span><\/b><\/span><\/p>\n<p style=\"style\" mce_style=\"style\"><span style=\"font-size: small;\" mce_style=\"font-size: small;\"><b style=\"style\" mce_style=\"style\"><span style=\"font-size: medium;\" mce_style=\"font-size: medium;\">\u00a0 \u00a0 \u00a0 CATA DE VINOS.<\/span><\/b><\/span><\/p>\n<p style=\"style\" mce_style=\"style\"><span style=\"font-size: medium;\" mce_style=\"font-size: medium;\">\u00a0 \u00a0 \u00a0 A cargo de Pedro Hermida Ugena.<\/span><\/p>\n<p style=\"style\" mce_style=\"style\"><span style=\"font-size: medium;\" mce_style=\"font-size: medium;\">\u00a0 \u00a0 \u00a0 Con la colaboraci\u00f3n de: Bodegas Mart\u00fae.<\/span><\/p>\n<p style=\"style\" mce_style=\"style\"><span style=\"font-size: medium;\" mce_style=\"font-size: medium;\">\u00a0 \u00a0 \u00a0 En la bodega de la Casa de Cervantes, a las 19,30 horas. Entrada libre.<\/span><\/p>\n<p style=\"style\" mce_style=\"style\"><span style=\"font-size: medium;\" mce_style=\"font-size: medium;\"><br \/><\/span><\/p>\n<p style=\"style\" mce_style=\"style\"><span style=\"font-size: small;\" mce_style=\"font-size: small;\"><b style=\"style\" mce_style=\"style\"><span style=\"font-size: medium;\" mce_style=\"font-size: medium;\">&#8211;D\u00eda 12 de Diciembre, mi\u00e9rcoles.<\/span><\/b><\/span><\/p>\n<p style=\"style\" mce_style=\"style\"><span style=\"font-size: small;\" mce_style=\"font-size: small;\"><b style=\"style\" mce_style=\"style\"><span style=\"font-size: medium;\" mce_style=\"font-size: medium;\">\u00a0 \u00a0 \u00a0 ESTAMPAS ESQUIVE\u00d1AS INFANTILES.<\/span><\/b><\/span><\/p>\n<p style=\"style\" mce_style=\"style\"><span style=\"font-size: medium;\" mce_style=\"font-size: medium;\">\u00a0 \u00a0 \u00a0 Interviene un Grupo Esc\u00e9nico del CEIP \u00abCatalina de Palacios\u00bb de Esquivias.<\/span><\/p>\n<p style=\"style\" mce_style=\"style\"><span style=\"font-size: medium;\" mce_style=\"font-size: medium;\">\u00a0 \u00a0 \u00a0 En la Casa de Cultura, a las 11,00 \u00a0y \u00a0las \u00a012,30 horas. Exclusivamente para p\u00fablico escolar.<\/span><\/p>\n<p style=\"style\" mce_style=\"style\"><span style=\"font-size: medium;\" mce_style=\"font-size: medium;\">\u00a0 \u00a0 \u00a0<b> ACTO SOCIAL DE LA SOCIEDAD CERVANTINA.<\/b><\/span><\/p>\n<p style=\"style\" mce_style=\"style\"><span style=\"font-size: medium;\" mce_style=\"font-size: medium;\">\u00a0 \u00a0 \u00a0 Banquete de Bodas. En el transcurso del mismo, se har\u00e1 entrega a Don Rub\u00e9n de Diego Portero de<\/span><\/p>\n<p style=\"style\" mce_style=\"style\"><span style=\"font-size: medium;\" mce_style=\"font-size: medium;\">\u00a0 \u00a0 \u00a0 la acreditaci\u00f3n como Socio de Honor de la Sociedad Cervantina de Esquivias.<\/span><\/p>\n<p style=\"style\" mce_style=\"style\"><span style=\"font-size: medium;\" mce_style=\"font-size: medium;\">\u00a0 \u00a0 \u00a0 En los Salones H-H de Esquivias ( www.complejohh.com ), a las 20,00 horas. Con invitaci\u00f3n.<\/span><\/p>\n<p style=\"style\" mce_style=\"style\"><span style=\"font-size: medium;\" mce_style=\"font-size: medium;\"><br \/><\/span><\/p>\n<p style=\"style\" mce_style=\"style\"><span style=\"font-size: small;\" mce_style=\"font-size: small;\"><b style=\"style\" mce_style=\"style\"><span style=\"font-size: medium;\" mce_style=\"font-size: medium;\">&#8211;D\u00eda 13 de Diciembre, jueves.<\/span><\/b><\/span><\/p>\n<p style=\"style\" mce_style=\"style\"><span style=\"font-size: medium;\" mce_style=\"font-size: medium;\">\u00a0 \u00a0 \u00a0 <b>MISA DE FUNERAL EN MEMORIA DE LOS SOCIOS DIFUNTOS DE LA SOCIEDAD CERVANTINA.<\/b><\/span><\/p>\n<p style=\"style\" mce_style=\"style\"><span style=\"font-size: medium;\" mce_style=\"font-size: medium;\">\u00a0 \u00a0 \u00a0 En la Iglesia Parroquial de Esquivias, a las 19,00 horas.<\/span><\/p>\n<p style=\"style\" mce_style=\"style\"><span style=\"font-size: medium;\" mce_style=\"font-size: medium;\"><br \/><\/span><\/p>\n<p style=\"style\" mce_style=\"style\"><span style=\"font-size: medium;\" mce_style=\"font-size: medium;\"><b style=\"style\" mce_style=\"style\">\u00a0 \u00a0 \u00a0 La exposici\u00f3n del esloveno Nicolaj Pirnat, permanecer\u00e1 abierta todos los d\u00edas de las\u00a0<\/b><\/span><\/p>\n<p style=\"style\" mce_style=\"style\"><span style=\"font-size: medium;\" mce_style=\"font-size: medium;\"><b style=\"style\" mce_style=\"style\"><\/b><b style=\"font-size: small;\" mce_style=\"font-size: small;\"><span style=\"font-size: medium;\" mce_style=\"font-size: medium;\">\u00a0 \u00a0 \u00a0 Jornadas Cervantinas<\/span>, \u00a0<\/b><\/span><b style=\"font-size: small;\" mce_style=\"font-size: small;\"><span style=\"font-size: medium;\" mce_style=\"font-size: medium;\">seg\u00fan horarios que se anunciar\u00e1n.<\/span><\/b><\/p>\n<p style=\"style\" mce_style=\"style\"><span style=\"font-size: medium;\" mce_style=\"font-size: medium;\"><br \/><\/span><\/p>\n<p style=\"style\" mce_style=\"style\"><b style=\"style\" mce_style=\"style\"><span style=\"font-size: medium;\" mce_style=\"font-size: medium;\">\u00a0 \u00a0 \u00a0 En el transcurso de la Semana Cultural permanecer\u00e1 expuesta en el Zagu\u00e1n de la <\/span><\/b><\/p>\n<p style=\"style\" mce_style=\"style\"><b style=\"style\" mce_style=\"style\"><span style=\"font-size: medium;\" mce_style=\"font-size: medium;\">\u00a0 \u00a0 \u00a0 Casa de Cultura\u00a0<\/span><\/b><b><span style=\"font-size: medium;\" mce_style=\"font-size: medium;\">una exposici\u00f3n de fotograf\u00edas de la Asociaci\u00f3n Fotogr\u00e1fica Contraluz.<\/span><\/b><\/p>\n<p style=\"style\" mce_style=\"style\"><span style=\"font-size: small;\" mce_style=\"font-size: small;\"><b style=\"style\" mce_style=\"style\"><span style=\"font-size: medium;\" mce_style=\"font-size: medium;\">\u00a0 \u00a0 \u00a0 T\u00edtulo de la exposici\u00f3n: \u00a0\u00abEl Color del Oto\u00f1o\u00bb.<\/span><\/b><\/span><\/p>\n<p style=\"style\" mce_style=\"style\"><span style=\"font-size: small;\" mce_style=\"font-size: small;\"><br \/><\/span><\/p>\n<p style=\"style\" mce_style=\"style\"><span style=\"font-size: medium;\" mce_style=\"font-size: medium;\"><br \/><\/span><\/p>\n<p style=\"style\" mce_style=\"style\"><\/p>\n<p style=\"style\" mce_style=\"style\"><\/p>\n<p style=\"style\" mce_style=\"style\"><\/p>\n<p style=\"style\" mce_style=\"style\"><\/p>\n<p style=\"style\" mce_style=\"style\"><\/p>\n<p style=\"style\" mce_style=\"style\"><\/p>\n<p style=\"style\" mce_style=\"style\"><\/p>\n<p style=\"style\" mce_style=\"style\"><span style=\"font-size: medium;\" mce_style=\"font-size: medium;\"><br \/><\/span><\/p>\n<p><\/p>\n","protected":false},"excerpt":{"rendered":"<p>El pr\u00f3ximo mes de Diciembre de 2012, se van a celebrar en Esquivias las XXXIII Jornadas Cervantinas, organizadas por el [&hellip;]<\/p>\n","protected":false},"author":1,"featured_media":462,"comment_status":"open","ping_status":"open","sticky":false,"template":"","format":"standard","meta":{"footnotes":""},"categories":[14],"tags":[],"class_list":["post-464","post","type-post","status-publish","format-standard","has-post-thumbnail","hentry","category-jornadas-cervantinas"],"_links":{"self":[{"href":"http:\/\/www.cervantinaesquivias.org\/wordpress\/wp-json\/wp\/v2\/posts\/464","targetHints":{"allow":["GET"]}}],"collection":[{"href":"http:\/\/www.cervantinaesquivias.org\/wordpress\/wp-json\/wp\/v2\/posts"}],"about":[{"href":"http:\/\/www.cervantinaesquivias.org\/wordpress\/wp-json\/wp\/v2\/types\/post"}],"author":[{"embeddable":true,"href":"http:\/\/www.cervantinaesquivias.org\/wordpress\/wp-json\/wp\/v2\/users\/1"}],"replies":[{"embeddable":true,"href":"http:\/\/www.cervantinaesquivias.org\/wordpress\/wp-json\/wp\/v2\/comments?post=464"}],"version-history":[{"count":0,"href":"http:\/\/www.cervantinaesquivias.org\/wordpress\/wp-json\/wp\/v2\/posts\/464\/revisions"}],"wp:featuredmedia":[{"embeddable":true,"href":"http:\/\/www.cervantinaesquivias.org\/wordpress\/wp-json\/wp\/v2\/media\/462"}],"wp:attachment":[{"href":"http:\/\/www.cervantinaesquivias.org\/wordpress\/wp-json\/wp\/v2\/media?parent=464"}],"wp:term":[{"taxonomy":"category","embeddable":true,"href":"http:\/\/www.cervantinaesquivias.org\/wordpress\/wp-json\/wp\/v2\/categories?post=464"},{"taxonomy":"post_tag","embeddable":true,"href":"http:\/\/www.cervantinaesquivias.org\/wordpress\/wp-json\/wp\/v2\/tags?post=464"}],"curies":[{"name":"wp","href":"https:\/\/api.w.org\/{rel}","templated":true}]}}