{"id":461,"date":"2012-11-15T08:39:51","date_gmt":"2012-11-15T08:39:51","guid":{"rendered":"http:\/\/www.cervantinaesquivias.org\/wordpress\/2012\/11\/15\/concierto-de-santa-cecilia-2012-asociacion-musical-villa-de-esquivias\/"},"modified":"2012-11-15T08:39:51","modified_gmt":"2012-11-15T08:39:51","slug":"concierto-de-santa-cecilia-2012-asociacion-musical-villa-de-esquivias","status":"publish","type":"post","link":"http:\/\/www.cervantinaesquivias.org\/wordpress\/2012\/11\/15\/concierto-de-santa-cecilia-2012-asociacion-musical-villa-de-esquivias\/","title":{"rendered":"CONCIERTO DE SANTA CECILIA-2012. Asociaci\u00f3n Musical Villa de Esquivias"},"content":{"rendered":"<p><\/p>\n<p style=\"style\" mce_style=\"style\"><img loading=\"lazy\" decoding=\"async\" class=\" alignleft size-full wp-image-460 alignleft size-full wp-image-460\" src=\"http:\/\/www.cervantinaesquivias.org\/wordpress\/wp-content\/uploads\/2012\/11\/cartel-santa-cecilia-2012-copia-2.jpg\" mce_src=\"http:\/\/www.cervantinaesquivias.org\/wordpress\/wp-content\/uploads\/2012\/11\/cartel-santa-cecilia-2012-copia-2.jpg\" style=\"float: left; margin-left: 20px; margin-right: 20px;\" mce_style=\"float: left; margin-left: 20px; margin-right: 20px;\" width=\"394\" height=\"557\" srcset=\"http:\/\/www.cervantinaesquivias.org\/wordpress\/wp-content\/uploads\/2012\/11\/cartel-santa-cecilia-2012-copia-2.jpg 394w, http:\/\/www.cervantinaesquivias.org\/wordpress\/wp-content\/uploads\/2012\/11\/cartel-santa-cecilia-2012-copia-2-212x300.jpg 212w\" sizes=\"auto, (max-width: 394px) 100vw, 394px\" \/><span style=\"font-size: large;\" mce_style=\"font-size: large;\"><span style=\"font-family: verdana, geneva;\" mce_style=\"font-family: verdana, geneva;\"><br \/><\/span><\/span><\/p>\n<p style=\"style\" mce_style=\"style\"><span style=\"font-size: large;\" mce_style=\"font-size: large;\"><span style=\"font-family: verdana, geneva;\" mce_style=\"font-family: verdana, geneva;\"><br \/><\/span><\/span><\/p>\n<p style=\"style\" mce_style=\"style\"><span style=\"font-size: large;\" mce_style=\"font-size: large;\"><span style=\"font-family: verdana, geneva;\" mce_style=\"font-family: verdana, geneva;\"><br \/><\/span><\/span><\/p>\n<p style=\"style\" mce_style=\"style\"><span style=\"font-size: large;\" mce_style=\"font-size: large;\"><span style=\"font-family: verdana, geneva;\" mce_style=\"font-family: verdana, geneva;\"><br \/><\/span><\/span><\/p>\n<p style=\"style\" mce_style=\"style\"><span style=\"font-size: large;\" mce_style=\"font-size: large;\"><span style=\"font-family: verdana, geneva;\" mce_style=\"font-family: verdana, geneva;\"><br \/><\/span><\/span><\/p>\n<p style=\"style\" mce_style=\"style\"><span style=\"font-size: large;\" mce_style=\"font-size: large;\"><span style=\"font-family: verdana, geneva;\" mce_style=\"font-family: verdana, geneva;\">La Asociaci\u00f3n Musical Villa de Esquivias, ofrecer\u00e1 un concierto el pr\u00f3ximo d\u00eda 24 de Noviembre, con motivo de la festividad de Santa Cecilia.<\/span><\/span><\/p>\n<p style=\"style\" mce_style=\"style\"><span style=\"font-size: large;\" mce_style=\"font-size: large;\"><span style=\"font-family: verdana, geneva;\" mce_style=\"font-family: verdana, geneva;\"><br \/><\/span><\/span><\/p>\n<p style=\"style\" mce_style=\"style\"><span style=\"font-size: large;\" mce_style=\"font-size: large;\"><span style=\"font-family: verdana, geneva;\" mce_style=\"font-family: verdana, geneva;\"><br \/><\/span><\/span><\/p>\n<p style=\"style\" mce_style=\"style\"><span style=\"font-size: large;\" mce_style=\"font-size: large;\"><span style=\"font-family: verdana, geneva;\" mce_style=\"font-family: verdana, geneva;\">Tendr\u00e1 lugar en la Casa de\u00a0Cultura de Esquivias a las 20,00 horas.<\/span><\/span><\/p>\n","protected":false},"excerpt":{"rendered":"<p>La Asociaci\u00f3n Musical Villa de Esquivias, ofrecer\u00e1 un concierto el pr\u00f3ximo d\u00eda 24 de Noviembre, con motivo de la festividad [&hellip;]<\/p>\n","protected":false},"author":1,"featured_media":460,"comment_status":"open","ping_status":"open","sticky":false,"template":"","format":"standard","meta":{"footnotes":""},"categories":[9],"tags":[],"class_list":["post-461","post","type-post","status-publish","format-standard","has-post-thumbnail","hentry","category-noticias-de-la-web"],"_links":{"self":[{"href":"http:\/\/www.cervantinaesquivias.org\/wordpress\/wp-json\/wp\/v2\/posts\/461","targetHints":{"allow":["GET"]}}],"collection":[{"href":"http:\/\/www.cervantinaesquivias.org\/wordpress\/wp-json\/wp\/v2\/posts"}],"about":[{"href":"http:\/\/www.cervantinaesquivias.org\/wordpress\/wp-json\/wp\/v2\/types\/post"}],"author":[{"embeddable":true,"href":"http:\/\/www.cervantinaesquivias.org\/wordpress\/wp-json\/wp\/v2\/users\/1"}],"replies":[{"embeddable":true,"href":"http:\/\/www.cervantinaesquivias.org\/wordpress\/wp-json\/wp\/v2\/comments?post=461"}],"version-history":[{"count":0,"href":"http:\/\/www.cervantinaesquivias.org\/wordpress\/wp-json\/wp\/v2\/posts\/461\/revisions"}],"wp:featuredmedia":[{"embeddable":true,"href":"http:\/\/www.cervantinaesquivias.org\/wordpress\/wp-json\/wp\/v2\/media\/460"}],"wp:attachment":[{"href":"http:\/\/www.cervantinaesquivias.org\/wordpress\/wp-json\/wp\/v2\/media?parent=461"}],"wp:term":[{"taxonomy":"category","embeddable":true,"href":"http:\/\/www.cervantinaesquivias.org\/wordpress\/wp-json\/wp\/v2\/categories?post=461"},{"taxonomy":"post_tag","embeddable":true,"href":"http:\/\/www.cervantinaesquivias.org\/wordpress\/wp-json\/wp\/v2\/tags?post=461"}],"curies":[{"name":"wp","href":"https:\/\/api.w.org\/{rel}","templated":true}]}}