{"id":46,"date":"2009-12-16T00:00:00","date_gmt":"2009-12-16T00:00:00","guid":{"rendered":"http:\/\/www.cervantinaesquivias.org\/wordpress\/2009\/12\/16\/semana-cultural-diciembre-2009\/"},"modified":"2009-12-16T00:00:00","modified_gmt":"2009-12-16T00:00:00","slug":"semana-cultural-diciembre-2009","status":"publish","type":"post","link":"http:\/\/www.cervantinaesquivias.org\/wordpress\/2009\/12\/16\/semana-cultural-diciembre-2009\/","title":{"rendered":"Semana Cultural Diciembre 2009"},"content":{"rendered":"<p mce_style=\"style\"><img loading=\"lazy\" decoding=\"async\" class=\" alignleft size-full wp-image-45\" style=\"float: left; margin-right: 20px;\" src=\"http:\/\/www.cervantinaesquivias.org\/wordpress\/wp-content\/uploads\/2009\/12\/semanacultural2009.jpg\" mce_src=\"images\/stories\/Noticias\/semanacultural2009.jpg\" mce_style=\"margin-right: 40px;\" width=\"140\" height=\"100\" \/><\/p>\n<p mce_style=\"style\"><\/p>\n<p mce_style=\"style\">Durante Diciembre de 2009 se ha celebrado la Semana Cultural que anualmente organiza la Sociedad Cervantina de Esquivias<\/p>\n<p><\/p>\n<p><\/p>\n<p><!--more--><\/p>\n<p>Este a\u00f1o se ha llevado a cabo una ambiciosa programaci\u00f3n cultural en la que han participado como protagonistas el Alcalde, Jes\u00fas Reyes Rodr\u00edguez y con la colaboraci\u00f3n incondicional del Ayuntamiento de Esquivias; Jos\u00e9 Rosell, Presidente de la actual S. Cervantina, encargada de la confecci\u00f3n del programa de actos y \u00c1ngel Hermida, galardonado como \u00abQuijote del A\u00f1o\u00bb, premio indiscutible ganado por su trayectoria personal y profesional.<\/p>\n<p>La Semana Cultural se inici\u00f3 el d\u00eda 5, con dos actos que se celebraron simult\u00e1neamente en Esquivias, donde actu\u00f3 la Banda de M\u00fasica \u00abVilla de Esquivias\u00bb y la Banda de la Escuela Municipal de Humanes.<br \/>El d\u00eda 8 se llev\u00f3 a cabo la presentaci\u00f3n del libro de Jos\u00e9 Rosell \u00abAmigo Sancho\u00bb. La encargada de la presentaci\u00f3n fue D\u00f1a. \u00c1ngeles Fraile, al acto acudieron muchos asociados y amigos. El acto estuvo amenizado musicalmente por D. Alberto Goicoechea a la guitarra cl\u00e1sica y una joven violinista.<\/p>\n<p>El d\u00eda 6 se celebr\u00f3 la Edici\u00f3n n\u00famero XXII de los Encuentros de M\u00fasica Polif\u00f3nica. Actuaron en esta ocasi\u00f3n la Coral Polif\u00f3nica \u00abVilla de Sese\u00f1a\u00bb y la Coral Polif\u00f3nica de Esquivias \u00abCatalia de Palacios\u00bb. En el Concierto L\u00edrico del d\u00eda 7 tuvimos ocasi\u00f3n de presenciar una gran actuaci\u00f3n de la soporano esquiviana Irene Moreno, acompa\u00f1ada al piano por el profesor Abel Iturriaga.<\/p>\n<p>Organizado como cada a\u00f1o por \u00abBodegas y Aceites Hermida\u00bb, el d\u00eda 11 se celebr\u00f3 la VII Cata-Degustaci\u00f3n de vinos. En esta ocasi\u00f3n se llev\u00f3 a cabo con los productos seleccionados por Bodegas Hnos. Rubio de Villasequilla.<\/p>\n<p>Los d\u00edas 9 y 10 se representaron \u00abLas estampas esquive\u00f1as de Miguel de Cervantes 09\u00bb. Ambas sesiones fueron presenciadas por mucho p\u00fablico, que celebraron la representaci\u00f3n de los actores que se brindaron para dar vida a los personajes esquivianos del S. XVI.<\/p>\n<p align=\"left\">Como viendo siendo tradicional, la Semana Cultural en honor a Miguel de Cervantes y Catalina culmin\u00f3 con la celebraci\u00f3n de una cena homenaje, que estuvo presidido por D. Jos\u00e9 Rosell, Presidente de la Sociedad Cervantina, \u00a0D. Jes\u00fas Reyes Rodr\u00edguez, alcalde de Esquivias, y D. \u00c1ngel Hermida, galardonado como \u00abQuijote del a\u00f1o 2009\u00bb<\/p>\n<p align=\"left\">En el acto estuvo tambi\u00e9n presente, entre otras personalidades, D. Jos\u00e9 Carlos Mart\u00ednez alcalde de Oca\u00f1a, qui\u00e9n tambi\u00e9n hizo un obsequio al Quijote del a\u00f1o en nombre de la corporaci\u00f3n oca\u00f1ense. El acto se cerr\u00f3 con la actuaci\u00f3n musical del pianista D. L\u00e1zaro P. Cabrera.<\/p>\n<p align=\"left\">Pueden ver las fotograf\u00edas de este evento en nuestra <a href=\"http:\/\/www.cervantinaesquivias.org\/index.php?option=com_phocagallery&#038;view=category&#038;id=4;semana-cultural-diciembre-2009&#038;Itemid=74\" mce_href=\"index.php?option=com_phocagallery&#038;view=category&#038;id=4:semana-cultural-diciembre-2009&#038;Itemid=74\">Galer\u00eda Fotogr\u00e1fica<\/a><\/p>\n","protected":false},"excerpt":{"rendered":"<p>Durante Diciembre de 2009 se ha celebrado la Semana Cultural que anualmente organiza la Sociedad Cervantina de Esquivias<\/p>\n","protected":false},"author":1,"featured_media":45,"comment_status":"open","ping_status":"open","sticky":false,"template":"","format":"standard","meta":{"footnotes":""},"categories":[14],"tags":[],"class_list":["post-46","post","type-post","status-publish","format-standard","has-post-thumbnail","hentry","category-jornadas-cervantinas"],"_links":{"self":[{"href":"http:\/\/www.cervantinaesquivias.org\/wordpress\/wp-json\/wp\/v2\/posts\/46","targetHints":{"allow":["GET"]}}],"collection":[{"href":"http:\/\/www.cervantinaesquivias.org\/wordpress\/wp-json\/wp\/v2\/posts"}],"about":[{"href":"http:\/\/www.cervantinaesquivias.org\/wordpress\/wp-json\/wp\/v2\/types\/post"}],"author":[{"embeddable":true,"href":"http:\/\/www.cervantinaesquivias.org\/wordpress\/wp-json\/wp\/v2\/users\/1"}],"replies":[{"embeddable":true,"href":"http:\/\/www.cervantinaesquivias.org\/wordpress\/wp-json\/wp\/v2\/comments?post=46"}],"version-history":[{"count":0,"href":"http:\/\/www.cervantinaesquivias.org\/wordpress\/wp-json\/wp\/v2\/posts\/46\/revisions"}],"wp:featuredmedia":[{"embeddable":true,"href":"http:\/\/www.cervantinaesquivias.org\/wordpress\/wp-json\/wp\/v2\/media\/45"}],"wp:attachment":[{"href":"http:\/\/www.cervantinaesquivias.org\/wordpress\/wp-json\/wp\/v2\/media?parent=46"}],"wp:term":[{"taxonomy":"category","embeddable":true,"href":"http:\/\/www.cervantinaesquivias.org\/wordpress\/wp-json\/wp\/v2\/categories?post=46"},{"taxonomy":"post_tag","embeddable":true,"href":"http:\/\/www.cervantinaesquivias.org\/wordpress\/wp-json\/wp\/v2\/tags?post=46"}],"curies":[{"name":"wp","href":"https:\/\/api.w.org\/{rel}","templated":true}]}}