{"id":459,"date":"2012-11-01T14:13:32","date_gmt":"2012-11-01T14:13:32","guid":{"rendered":"http:\/\/www.cervantinaesquivias.org\/wordpress\/2012\/11\/01\/jornadas-cervantinas-2012-banquete-de-bodas\/"},"modified":"2012-11-01T14:13:32","modified_gmt":"2012-11-01T14:13:32","slug":"jornadas-cervantinas-2012-banquete-de-bodas","status":"publish","type":"post","link":"http:\/\/www.cervantinaesquivias.org\/wordpress\/2012\/11\/01\/jornadas-cervantinas-2012-banquete-de-bodas\/","title":{"rendered":"XXXIII JORNADAS CERVANTINAS ESQUIVIAS 2012. Banquete de Bodas."},"content":{"rendered":"<p><\/p>\n<p style=\"text-align: center; \" mce_style=\"text-align: center; \"><\/p>\n<p style=\"style\" mce_style=\"style\"><span style=\"font-family: verdana, geneva; font-size: medium; text-align: justify; \" mce_style=\"font-family: verdana, geneva; font-size: medium; text-align: justify; \">En conmemoraci\u00f3n del CDXXVIII aniversario de la Boda de Miguel de Cervantes Saavedra y Catalina de Salazar y Palacios, celebrada en Esquivias el 12 de Diciembre de 1584, la Sociedad Cervantina de Esquivias organiza el Banquete de Bodas en su XXXIII Jornadas \u00a0Cervantinas de Esquivias.<\/span><\/p>\n<address><span style=\"font-family: verdana, geneva; font-size: medium; font-style: normal;\" mce_style=\"font-family: verdana, geneva; font-size: medium; \">El Acto tendr\u00e1 lugar el d\u00eda 12 de Diciembre de 2012, en el Complejo H.H. de Esquivias, Paseo de la Galatea, s\/n. \u00a0<b>www<\/b><\/span><span style=\"font-family: verdana, geneva; font-size: medium; \" mce_style=\"font-family: verdana, geneva; font-size: medium; \"><b>.complejohh.com<\/b><\/span><span style=\"font-family: verdana, geneva; font-size: medium; font-style: normal; \" mce_style=\"font-family: verdana, geneva; font-size: medium; font-style: normal; \">\u00a0 y contar\u00e1 con el siguiente orden:<\/span><\/address>\n<p style=\"text-align: justify; \" mce_style=\"text-align: justify; \"><span style=\"font-size: medium; \" mce_style=\"font-size: medium;\"><span style=\"font-family: verdana, geneva; \" mce_style=\"font-family: verdana, geneva;\">20,00 horas, Vino de Recepci\u00f3n.\u00a0<\/span><\/span><\/p>\n<p style=\"text-align: justify; \" mce_style=\"text-align: justify; \"><span style=\"font-size: medium; \" mce_style=\"font-size: medium;\"><span style=\"font-family: verdana, geneva; \" mce_style=\"font-family: verdana, geneva;\">20,30 horas, Banquete de Bodas.<\/span><\/span><\/p>\n<p style=\"text-align: justify; \" mce_style=\"text-align: justify; \"><span style=\"font-size: medium; \" mce_style=\"font-size: medium;\"><span style=\"font-family: verdana, geneva; \" mce_style=\"font-family: verdana, geneva;\">En el transcurso del mismo, El Presidente de la Sociedad Cervantina Don Jos\u00e9 Rosell Villasevil, har\u00e1 entrega a Don Rub\u00e9n de Diego Portero de la acreditaci\u00f3n como Socio de Honor, que esta Asociaci\u00f3n Cultural ha tenido a bien otorgar.<\/span><\/span><\/p>\n<p style=\"text-align: justify; \" mce_style=\"text-align: justify; \"><span style=\"font-size: medium; \" mce_style=\"font-size: medium;\"><span style=\"font-family: verdana, geneva; \" mce_style=\"font-family: verdana, geneva;\">Las invitaciones para la Cena se pueden adquirir en la oficina en Esquivias de la Caja Rural de Castilla la Mancha, Calle Juan de \u00c1valos 12, al precio de 29,00 \u20ac. y se hallar\u00e1n disponibles hasta las 14,00 horas del 7 de Diciembre.<\/span><\/span><\/p>\n<p style=\"text-align: justify; \" mce_style=\"text-align: justify; \"><\/p>\n<p style=\"text-align: center; \" mce_style=\"text-align: center; \"><span style=\"font-size: medium; \" mce_style=\"font-size: medium;\"><span style=\"font-family: verdana, geneva; \" mce_style=\"font-family: verdana, geneva;\"><img loading=\"lazy\" decoding=\"async\" class=\" size-full wp-image-458 size-full wp-image-458\" src=\"http:\/\/www.cervantinaesquivias.org\/wordpress\/wp-content\/uploads\/2012\/11\/12-12-12-3.jpg\" mce_src=\"http:\/\/www.cervantinaesquivias.org\/wordpress\/wp-content\/uploads\/2012\/11\/12-12-12-3.jpg\" alt=\"alt\" style=\"style\" mce_style=\"style\" width=\"454\" height=\"566\" srcset=\"http:\/\/www.cervantinaesquivias.org\/wordpress\/wp-content\/uploads\/2012\/11\/12-12-12-3.jpg 454w, http:\/\/www.cervantinaesquivias.org\/wordpress\/wp-content\/uploads\/2012\/11\/12-12-12-3-241x300.jpg 241w\" sizes=\"auto, (max-width: 454px) 100vw, 454px\" \/><br \/><\/span><\/span><\/p>\n<p><\/p>\n","protected":false},"excerpt":{"rendered":"<p>En conmemoraci\u00f3n del CDXXVIII aniversario de la Boda de Miguel de Cervantes Saavedra y Catalina de Salazar y Palacios, celebrada [&hellip;]<\/p>\n","protected":false},"author":1,"featured_media":458,"comment_status":"open","ping_status":"open","sticky":false,"template":"","format":"standard","meta":{"footnotes":""},"categories":[14],"tags":[],"class_list":["post-459","post","type-post","status-publish","format-standard","has-post-thumbnail","hentry","category-jornadas-cervantinas"],"_links":{"self":[{"href":"http:\/\/www.cervantinaesquivias.org\/wordpress\/wp-json\/wp\/v2\/posts\/459","targetHints":{"allow":["GET"]}}],"collection":[{"href":"http:\/\/www.cervantinaesquivias.org\/wordpress\/wp-json\/wp\/v2\/posts"}],"about":[{"href":"http:\/\/www.cervantinaesquivias.org\/wordpress\/wp-json\/wp\/v2\/types\/post"}],"author":[{"embeddable":true,"href":"http:\/\/www.cervantinaesquivias.org\/wordpress\/wp-json\/wp\/v2\/users\/1"}],"replies":[{"embeddable":true,"href":"http:\/\/www.cervantinaesquivias.org\/wordpress\/wp-json\/wp\/v2\/comments?post=459"}],"version-history":[{"count":0,"href":"http:\/\/www.cervantinaesquivias.org\/wordpress\/wp-json\/wp\/v2\/posts\/459\/revisions"}],"wp:featuredmedia":[{"embeddable":true,"href":"http:\/\/www.cervantinaesquivias.org\/wordpress\/wp-json\/wp\/v2\/media\/458"}],"wp:attachment":[{"href":"http:\/\/www.cervantinaesquivias.org\/wordpress\/wp-json\/wp\/v2\/media?parent=459"}],"wp:term":[{"taxonomy":"category","embeddable":true,"href":"http:\/\/www.cervantinaesquivias.org\/wordpress\/wp-json\/wp\/v2\/categories?post=459"},{"taxonomy":"post_tag","embeddable":true,"href":"http:\/\/www.cervantinaesquivias.org\/wordpress\/wp-json\/wp\/v2\/tags?post=459"}],"curies":[{"name":"wp","href":"https:\/\/api.w.org\/{rel}","templated":true}]}}