{"id":457,"date":"2012-10-31T16:38:38","date_gmt":"2012-10-31T16:38:38","guid":{"rendered":"http:\/\/www.cervantinaesquivias.org\/wordpress\/2012\/10\/31\/ii-certamen-de-pintura-rapida-qesquivias-2012-quijote-y-arte\/"},"modified":"2012-10-31T16:38:38","modified_gmt":"2012-10-31T16:38:38","slug":"ii-certamen-de-pintura-rapida-qesquivias-2012-quijote-y-arte","status":"publish","type":"post","link":"http:\/\/www.cervantinaesquivias.org\/wordpress\/2012\/10\/31\/ii-certamen-de-pintura-rapida-qesquivias-2012-quijote-y-arte\/","title":{"rendered":"II  Certamen de Pintura R\u00e1pida \u00abEsquivias,. Quijote y Arte, A\u00f1o 2012."},"content":{"rendered":"<p><\/p>\n<p style=\"text-align: center; \" mce_style=\"text-align: center; \"><img loading=\"lazy\" decoding=\"async\" class=\" size-full wp-image-455 size-full wp-image-455\" src=\"http:\/\/www.cervantinaesquivias.org\/wordpress\/wp-content\/uploads\/2012\/10\/cartel-en-a-3.-2.jpg\" mce_src=\"http:\/\/www.cervantinaesquivias.org\/wordpress\/wp-content\/uploads\/2012\/10\/cartel-en-a-3.-2.jpg\" style=\"margin-left: 20px; margin-right: 20px; \" mce_style=\"margin-left: 20px; margin-right: 20px; \" width=\"472\" height=\"972\" srcset=\"http:\/\/www.cervantinaesquivias.org\/wordpress\/wp-content\/uploads\/2012\/10\/cartel-en-a-3.-2.jpg 472w, http:\/\/www.cervantinaesquivias.org\/wordpress\/wp-content\/uploads\/2012\/10\/cartel-en-a-3.-2-146x300.jpg 146w\" sizes=\"auto, (max-width: 472px) 100vw, 472px\" \/><\/p>\n<p><\/p>\n<p style=\"text-align: justify; \" mce_style=\"text-align: justify; \"><span style=\"font-family: verdana, geneva; font-size: medium; \" mce_style=\"font-family: verdana, geneva; font-size: medium; \">El pr\u00f3ximo \u00a0d\u00eda 6 de Diciembre de 2012, jueves, se celebrar\u00e1 el II Certamen de Pintura R\u00e1pida \u00abEsquivias, Quijote y Arte\u00bb.<\/span><\/p>\n<p style=\"text-align: justify; \" mce_style=\"text-align: justify; \"><span style=\"font-family: verdana, geneva; font-size: medium; \" mce_style=\"font-family: verdana, geneva; font-size: medium; \">Podr\u00e1n tomar parte en este Certamen todas las personas que lo deseen, residentes en Espa\u00f1a, estableci\u00e9ndose tres categor\u00edas, que se determinan en las Bases del Certamen:<\/span><\/p>\n<p style=\"text-align: justify; \" mce_style=\"text-align: justify; \"><\/p>\n<p><span style=\"font-family: verdana, geneva; font-size: medium; \" mce_style=\"font-family: verdana, geneva; font-size: medium; \"><\/span><\/p>\n<p><!--more--><\/p>\n<p><\/p>\n<p><\/p>\n<p style=\"text-align: justify; \" mce_style=\"text-align: justify; \"><span style=\"font-family: verdana, geneva; font-size: medium; \" mce_style=\"font-family: verdana, geneva; font-size: medium; \">La t\u00e9cnica ser\u00e1 libre y el tema \u00abel pueblo de Esquivias y su entorno (plazas, calles, monumentos, etc.)\u00bb En el supuesto que las inclemencias meteorol\u00f3gicas no lo permitiesen, el tema pasar\u00eda a ser libre y se habilitar\u00eda el pabell\u00f3n polideportivo o en su defecto el Convento de Capuchinos.<\/span><\/p>\n<p style=\"text-align: justify; \" mce_style=\"text-align: justify; \"><span style=\"font-size: medium; \" mce_style=\"font-size: medium;\"><span style=\"font-family: verdana, geneva; \" mce_style=\"font-family: verdana, geneva;\">Las inscripciones se formalizar\u00e1n hasta el 30 de Noviembre en el Ayuntamiento de Esquivias, donde se entregar\u00e1n las Bases. Tambi\u00e9n se podr\u00e1n realizar inscripciones en el correo electr\u00f3nico de la Sociedad Cervantina de Esquivias:sociedadcervantinaesquivias@gmail.com \u00a0descargando las Bases en el siguiente enlace:<\/span><\/span>\u00a0<\/p>\n<p style=\"text-align: justify; \" mce_style=\"text-align: justify; \"><a mce_href=\"http:\/\/www.cervantinaesquivias.org\/wordpress\/wp-content\/uploads\/2012\/10\/BASES-II-CERTAMEN-DE-PINTURA-RAPIDA.pdf\" href=\"http:\/\/www.cervantinaesquivias.org\/wordpress\/wp-content\/uploads\/2012\/10\/BASES-II-CERTAMEN-DE-PINTURA-RAPIDA.pdf\">Bases II Certamen de Pintura R\u00e1pida<\/a><\/p>\n","protected":false},"excerpt":{"rendered":"<p>El pr\u00f3ximo \u00a0d\u00eda 6 de Diciembre de 2012, jueves, se celebrar\u00e1 el II Certamen de Pintura R\u00e1pida \u00abEsquivias, Quijote y [&hellip;]<\/p>\n","protected":false},"author":1,"featured_media":455,"comment_status":"open","ping_status":"open","sticky":false,"template":"","format":"standard","meta":{"footnotes":""},"categories":[9],"tags":[],"class_list":["post-457","post","type-post","status-publish","format-standard","has-post-thumbnail","hentry","category-noticias-de-la-web"],"_links":{"self":[{"href":"http:\/\/www.cervantinaesquivias.org\/wordpress\/wp-json\/wp\/v2\/posts\/457","targetHints":{"allow":["GET"]}}],"collection":[{"href":"http:\/\/www.cervantinaesquivias.org\/wordpress\/wp-json\/wp\/v2\/posts"}],"about":[{"href":"http:\/\/www.cervantinaesquivias.org\/wordpress\/wp-json\/wp\/v2\/types\/post"}],"author":[{"embeddable":true,"href":"http:\/\/www.cervantinaesquivias.org\/wordpress\/wp-json\/wp\/v2\/users\/1"}],"replies":[{"embeddable":true,"href":"http:\/\/www.cervantinaesquivias.org\/wordpress\/wp-json\/wp\/v2\/comments?post=457"}],"version-history":[{"count":0,"href":"http:\/\/www.cervantinaesquivias.org\/wordpress\/wp-json\/wp\/v2\/posts\/457\/revisions"}],"wp:featuredmedia":[{"embeddable":true,"href":"http:\/\/www.cervantinaesquivias.org\/wordpress\/wp-json\/wp\/v2\/media\/455"}],"wp:attachment":[{"href":"http:\/\/www.cervantinaesquivias.org\/wordpress\/wp-json\/wp\/v2\/media?parent=457"}],"wp:term":[{"taxonomy":"category","embeddable":true,"href":"http:\/\/www.cervantinaesquivias.org\/wordpress\/wp-json\/wp\/v2\/categories?post=457"},{"taxonomy":"post_tag","embeddable":true,"href":"http:\/\/www.cervantinaesquivias.org\/wordpress\/wp-json\/wp\/v2\/tags?post=457"}],"curies":[{"name":"wp","href":"https:\/\/api.w.org\/{rel}","templated":true}]}}