{"id":454,"date":"2012-10-13T13:30:43","date_gmt":"2012-10-13T13:30:43","guid":{"rendered":"http:\/\/www.cervantinaesquivias.org\/wordpress\/2012\/10\/13\/ilustres-personajes-de-esquivias-catalina-de-salazar-y-palacios\/"},"modified":"2012-10-13T13:30:43","modified_gmt":"2012-10-13T13:30:43","slug":"ilustres-personajes-de-esquivias-catalina-de-salazar-y-palacios","status":"publish","type":"post","link":"http:\/\/www.cervantinaesquivias.org\/wordpress\/2012\/10\/13\/ilustres-personajes-de-esquivias-catalina-de-salazar-y-palacios\/","title":{"rendered":"EN HOMENAJE A CATALINA DE SALAZAR Y PALACIOS. ESQUIVIAS 2012."},"content":{"rendered":"<p style=\"text-align: justify; \" mce_style=\"text-align: justify; \"><\/p>\n<p style=\"style\" mce_style=\"style\"><img loading=\"lazy\" decoding=\"async\" class=\" alignleft size-full wp-image-406 alignleft size-full wp-image-406\" src=\"http:\/\/www.cervantinaesquivias.org\/wordpress\/wp-content\/uploads\/2012\/05\/catalina-joven-2.jpg\" mce_src=\"http:\/\/www.cervantinaesquivias.org\/wordpress\/wp-content\/uploads\/2012\/05\/catalina-joven-2.jpg\" style=\"float: left; margin-left: 20px; margin-right: 20px;\" mce_style=\"float: left; margin-left: 20px; margin-right: 20px;\" width=\"236\" height=\"356\" srcset=\"http:\/\/www.cervantinaesquivias.org\/wordpress\/wp-content\/uploads\/2012\/05\/catalina-joven-2.jpg 236w, http:\/\/www.cervantinaesquivias.org\/wordpress\/wp-content\/uploads\/2012\/05\/catalina-joven-2-199x300.jpg 199w\" sizes=\"auto, (max-width: 236px) 100vw, 236px\" \/><span style=\"font-family: verdana, geneva; font-size: medium; text-align: justify; \" mce_style=\"font-family: verdana, geneva; font-size: medium; text-align: justify;\">El pasado d\u00eda 26 de Octubre de 2012, la Sociedad Cervantina de Esquivias ha organizado un Acto de Homenaje sobre los ILUSTRES PERSONAJES DE ESQUIVIAS, en esta ocasi\u00f3n dedicado a la figura de la esquiviana Catalina de Salazar y Palacios, que cas\u00f3 en la Iglesia Parroquial de Esquivias con Miguel de Cervantes Saavedra el 12 de Diciembre de 1584.<\/span><\/p>\n<p style=\"text-align: justify; \" mce_style=\"text-align: justify; \"><span style=\"font-size: medium; \" mce_style=\"font-size: medium;\"><span style=\"font-family: verdana, geneva; \" mce_style=\"font-family: verdana, geneva;\">Se eligi\u00f3 este d\u00eda como posible fecha del nacimiento de Catalina de Salazar y Palacios, habiendo sido bautizada en la Iglesia Parroquial de Esquivias en primero de Noviembre de 1565, tal como figura en el Acta Bautismal.<\/span><\/span><\/p>\n<p style=\"text-align: justify; \" mce_style=\"text-align: justify; \"><span style=\"font-size: medium; \" mce_style=\"font-size: medium;\"><span style=\"font-family: verdana, geneva; \" mce_style=\"font-family: verdana, geneva;\">El Acto consisti\u00f3 en la lectura de los datos biogr\u00e1ficos que se conocen sobre Catalina de Salazar, redactado y le\u00eddo por Sabino de Diego Romero, Director Ejecutivo de la Sociedad Cervantina de Esquivias. A continuaci\u00f3n Don Jos\u00e9 Rosell Villasevill, Presidente de la Sociedad Cervantina de Esquivias, dirigi\u00f3 unas emotivas palabras sobre Catalina, finalizando el Acto con la declamaci\u00f3n de un Poema, que para esta ocasi\u00f3n compuso Don Jos\u00e9 Rosell, a cargo de la rapsoda esquiviana Clara Truchado Mart\u00edn.<\/span><\/span><\/p>\n<p style=\"text-align: justify; \" mce_style=\"text-align: justify; \"><span style=\"font-size: medium; \" mce_style=\"font-size: medium;\"><span style=\"font-family: verdana, geneva; \" mce_style=\"font-family: verdana, geneva;\">Previamente se hab\u00eda celebrado un Acto que con el T\u00edtulo de PERSONAJES VIVOS DEL QUIJOTE EN E<\/span><span style=\"font-family: verdana, geneva; \" mce_style=\"font-family: verdana, geneva;\">SQUIVIAS, destaca las personas que, siendo naturales o vecinos de Esquivias, Cervantes incluy\u00f3 en El Quijote. En esta<span style=\"color: rgb(0, 0, 0); \" mce_style=\"color: #000000;\"> ocasi\u00f3n, la figura destacada fue<\/span><\/span><\/span><\/p>\n<p><!--more--><\/p>\n<p style=\"style\" mce_style=\"style\"><span mce_style=\"font-size: medium;\" style=\"text-align: justify; font-size: medium; \"><span style=\"font-family: verdana, geneva; \" mce_style=\"font-family: verdana, geneva;\"><span style=\"color: rgb(0, 0, 0); \" mce_style=\"color: #000000;\">sobre el Licenciado Pero P\u00e9rez, que fue Sacerdote de la ermita de San Bernab\u00e9 de Esquivias, en la primera mitad del Siglo XVI, siendo contempor\u00e1neo de Alonso Quijada de Salazar, que profes\u00f3 en\u00a0<\/span><\/span><\/span><span mce_style=\"color: #000000;\" style=\"text-align: justify; font-family: verdana, geneva; font-size: medium; color: rgb(0, 0, 0); \">la Orden de San Agust\u00edn bajo el nombre de Fray Alonso Quijada, siendo este, seg\u00fan los estudiosos del Quijote, el modelo vivo de Don Quijote de la Mancha (Ver Alonso Quixada)<\/span><span mce_style=\"font-family: verdana, geneva; font-size: medium;\" style=\"text-align: justify; font-family: verdana, geneva; font-size: medium; \">.<\/span><\/p>\n<p style=\"text-align: justify; \" mce_style=\"text-align: justify; \"><\/p>\n<p style=\"text-align: center; \" mce_style=\"text-align: center; \"><img loading=\"lazy\" decoding=\"async\" class=\" size-full wp-image-437 size-full wp-image-437\" src=\"http:\/\/www.cervantinaesquivias.org\/wordpress\/wp-content\/uploads\/2012\/10\/lectores-26-10-12.jpg\" mce_src=\"http:\/\/www.cervantinaesquivias.org\/wordpress\/wp-content\/uploads\/2012\/10\/lectores-26-10-12.jpg\" alt=\"alt\" style=\"style\" mce_style=\"style\" width=\"709\" height=\"531\" srcset=\"http:\/\/www.cervantinaesquivias.org\/wordpress\/wp-content\/uploads\/2012\/10\/lectores-26-10-12.jpg 709w, http:\/\/www.cervantinaesquivias.org\/wordpress\/wp-content\/uploads\/2012\/10\/lectores-26-10-12-300x225.jpg 300w\" sizes=\"auto, (max-width: 709px) 100vw, 709px\" \/><\/p>\n<p style=\"text-align: justify; \" mce_style=\"text-align: justify; \"><\/p>\n<p style=\"text-align: justify; \" mce_style=\"text-align: justify; \"><span style=\"font-size: medium; \" mce_style=\"font-size: medium;\"><span style=\"font-family: verdana, geneva; \" mce_style=\"font-family: verdana, geneva;\">Se realizo la lectura escenificada del Cap\u00edtulo VI de la Primera Parte del Quijote, por enterder por los organizadores que era el Cap\u00edtulo mas significativo de la figura del Cura Pero P\u00e9rez, Cura de la aldea de Don Quijote de la Mancha.<\/span><\/span><\/p>\n<p style=\"text-align: justify; \" mce_style=\"text-align: justify; \"><span style=\"font-size: medium; \" mce_style=\"font-size: medium;\"><span style=\"font-family: verdana, geneva; \" mce_style=\"font-family: verdana, geneva;\">En la lectura intervinieron: Antonio S\u00e1nchez Gonz\u00e1lez, Crescencio de Diego Huerta, Clara Truchado Mart\u00edn, Jos\u00e9 Mar\u00eda Medina Navarro y Ana Mar\u00eda de Diego Romero.<\/span><\/span><\/p>\n<p style=\"text-align: justify; \" mce_style=\"text-align: justify; \"><\/p>\n<p style=\"text-align: center; \" mce_style=\"text-align: center; \"><img loading=\"lazy\" decoding=\"async\" class=\" size-full wp-image-438 size-full wp-image-438\" src=\"http:\/\/www.cervantinaesquivias.org\/wordpress\/wp-content\/uploads\/2012\/10\/publico-26-10-12.jpg\" mce_src=\"http:\/\/www.cervantinaesquivias.org\/wordpress\/wp-content\/uploads\/2012\/10\/publico-26-10-12.jpg\" alt=\"alt\" style=\"style\" mce_style=\"style\" width=\"709\" height=\"531\" srcset=\"http:\/\/www.cervantinaesquivias.org\/wordpress\/wp-content\/uploads\/2012\/10\/publico-26-10-12.jpg 709w, http:\/\/www.cervantinaesquivias.org\/wordpress\/wp-content\/uploads\/2012\/10\/publico-26-10-12-300x225.jpg 300w\" sizes=\"auto, (max-width: 709px) 100vw, 709px\" \/><\/p>\n<p style=\"text-align: center; \" mce_style=\"text-align: center; \">(Parte del p\u00fablico asistente al Acto)<\/p>\n<p style=\"text-align: justify; \" mce_style=\"text-align: justify; \"><\/p>\n<p style=\"text-align: justify; \" mce_style=\"text-align: justify; \"><span style=\"font-size: medium; \" mce_style=\"font-size: medium;\"><span style=\"font-family: verdana, geneva; \" mce_style=\"font-family: verdana, geneva;\">A continuaci\u00f3n se proyect\u00f3 un v\u00eddeo sobre la vida del Cura Pero P\u00e9rez que, bajo el gui\u00f3n y la coordinaci\u00f3n de Jaime Garc\u00eda Gonz\u00e1lez, Vocal de la Junta Directiva de la Sociedad Cervantina, selecci\u00f3n fotogr\u00e1fica de Mercedes P\u00e9rez Garc\u00eda, m\u00fasica original de Francisco Moreno Viedma y montaje a cargo de Jacinto Garc\u00eda Jimenez, detallaba lo mas significativo de este personaje que Cervantes quiso quedara plasmado en su obra cumbre, Don Quijote de la Mancha.<\/span><\/span><\/p>\n<p style=\"style\" mce_style=\"style\"><span style=\"font-size: medium; \" mce_style=\"font-size: medium;\"><span style=\"font-family: verdana, geneva; \" mce_style=\"font-family: verdana, geneva;\"><br \/><\/span><\/span><\/p>\n<p style=\"text-align: center; \" mce_style=\"text-align: center; \"><img loading=\"lazy\" decoding=\"async\" class=\" size-full wp-image-439 size-full wp-image-439\" src=\"http:\/\/www.cervantinaesquivias.org\/wordpress\/wp-content\/uploads\/2012\/10\/rosell-26-10-12.jpg\" mce_src=\"http:\/\/www.cervantinaesquivias.org\/wordpress\/wp-content\/uploads\/2012\/10\/rosell-26-10-12.jpg\" style=\"margin-left: 20px; margin-right: 20px; \" mce_style=\"margin-left: 20px; margin-right: 20px; \" width=\"567\" height=\"756\" srcset=\"http:\/\/www.cervantinaesquivias.org\/wordpress\/wp-content\/uploads\/2012\/10\/rosell-26-10-12.jpg 567w, http:\/\/www.cervantinaesquivias.org\/wordpress\/wp-content\/uploads\/2012\/10\/rosell-26-10-12-225x300.jpg 225w\" sizes=\"auto, (max-width: 567px) 100vw, 567px\" \/><\/p>\n<p style=\"style\" mce_style=\"style\"><span style=\"font-size: medium; \" mce_style=\"font-size: medium;\"><span style=\"font-family: verdana, geneva; \" mce_style=\"font-family: verdana, geneva;\">\u00a0 \u00a0 \u00a0 \u00a0 \u00a0 \u00a0 \u00a0 \u00a0 \u00a0 \u00a0 \u00a0 \u00a0 \u00a0 \u00a0 \u00a0 \u00a0 \u00a0 \u00a0 \u00a0 \u00a0 \u00a0 \u00a0<\/span><\/span><span style=\"text-align: center; \" mce_style=\"text-align: center;\">(Don Jos\u00e9 Rosell comentando el Cap\u00edtulo del Quijote le\u00eddo)<\/span><\/p>\n<p style=\"style\" mce_style=\"style\"><span style=\"text-align: center; \" mce_style=\"text-align: center;\"><br \/><\/span><\/p>\n<p style=\"text-align: justify; \" mce_style=\"text-align: justify; \"><span style=\"font-size: medium; \" mce_style=\"font-size: medium;\"><span style=\"font-family: verdana, geneva; \" mce_style=\"font-family: verdana, geneva;\">\u00a0 (En el momento que se solu<\/span><\/span><span style=\"font-family: verdana, geneva; font-size: medium; \" mce_style=\"font-family: verdana, geneva; font-size: medium;\">cionen unos problemas t\u00e9cnicos, publicaremos el v\u00eddeo en la web de la Sociedad Cervantina, en la secci\u00f3n Personajes del Quijote.)<\/span><\/p>\n<div>\n<p style=\"text-align: justify; \" mce_style=\"text-align: justify; \"><\/p>\n<p style=\"text-align: justify; \" mce_style=\"text-align: justify; \"><span style=\"font-size: medium; \" mce_style=\"font-size: medium;\"><span style=\"font-family: verdana, geneva; \" mce_style=\"font-family: verdana, geneva;\"><br \/><\/span><\/span><\/p>\n<p style=\"text-align: justify; \" mce_style=\"text-align: justify; \"><span style=\"font-size: medium; \" mce_style=\"font-size: medium;\"><span style=\"font-family: verdana, geneva; \" mce_style=\"font-family: verdana, geneva;\">Texto \u00edntegro del Acto de Homenaje a Catalina.<\/span><\/span><\/p>\n<p style=\"text-align: justify; \" mce_style=\"text-align: justify; \"><span style=\"font-size: medium; \" mce_style=\"font-size: medium;\"><span style=\"font-family: verdana, geneva; \" mce_style=\"font-family: verdana, geneva;\"><br \/><\/span><\/span><\/p>\n<p style=\"text-align: center; \" mce_style=\"text-align: center; \"><span style=\"font-size: medium; \" mce_style=\"font-size: medium;\"><span style=\"font-family: verdana, geneva; \" mce_style=\"font-family: verdana, geneva;\"><u>ILUSTRES PERSONAJES DE ESQUIVIAS<\/u><\/span><\/span><\/p>\n<p style=\"text-align: center; \" mce_style=\"text-align: center; \"><span style=\"font-size: x-large; \" mce_style=\"font-size: x-large;\"><i>Catalina de Salazar y Palacios<\/i><\/span><\/p>\n<p style=\"text-align: center; \" mce_style=\"text-align: center; \"><span style=\"font-size: medium; \" mce_style=\"font-size: medium;\"><span style=\"font-family: verdana, geneva; \" mce_style=\"font-family: verdana, geneva;\">La esquiviana mas universal<\/span><\/span><\/p>\n<p style=\"text-align: center; \" mce_style=\"text-align: center; \"><span style=\"font-size: medium; \" mce_style=\"font-size: medium;\"><span style=\"font-family: verdana, geneva; \" mce_style=\"font-family: verdana, geneva;\">Esquivias, 26 de Octubre de 2012.<\/span><\/span><\/p>\n<p style=\"text-align: justify; \" mce_style=\"text-align: justify; \"><\/p>\n<p style=\"text-align: justify; \" mce_style=\"text-align: justify; \"><span style=\"font-size: medium; \" mce_style=\"font-size: medium;\"><span style=\"font-family: verdana, geneva; \" mce_style=\"font-family: verdana, geneva;\">Hoy vamos a celebrar un Acto de Homenaje sobre una esquiviana a la cual no conocimos personalmente, pero de la que tenemos muchas referencias, principalmente relacionadas con su entorno familiar. Nos estamos refiriendo a Catalina de Salazar y Palacios.<\/span><\/span><\/p>\n<p style=\"text-align: justify; \" mce_style=\"text-align: justify; \"><span style=\"font-size: medium; \" mce_style=\"font-size: medium;\"><span style=\"font-family: verdana, geneva; \" mce_style=\"font-family: verdana, geneva;\">Al hablar de Catalina, hemos de hacer un esfuerzo de imaginaci\u00f3n, aderezada con la comprensi\u00f3n que de los hechos conocidos sobre la esquiviana mas universal sepamos.<\/span><\/span><\/p>\n<p style=\"text-align: justify; \" mce_style=\"text-align: justify; \"><span style=\"font-size: medium; \" mce_style=\"font-size: medium;\"><span style=\"font-family: verdana, geneva; \" mce_style=\"font-family: verdana, geneva;\">Catalina de Salazar y Palacios, mas conocida como Catalina de Palacios, naci\u00f3 en Esquivias, supuestamente a \u00faltimos de Octubre de 1565, dado que no exist\u00eda Registro Civil que recogiera la fecha del nacimiento, en el seno de una familia acomodada de la \u00e9poca, y fue bautizada en la Iglesia Parroquial de Esquivias el 12 de Noviembre de dicho a\u00f1o.<\/span><\/span><\/p>\n<p style=\"text-align: center; \" mce_style=\"text-align: center; \"><span style=\"font-size: medium; \" mce_style=\"font-size: medium;\"><span style=\"font-family: verdana, geneva; \" mce_style=\"font-family: verdana, geneva;\"><img loading=\"lazy\" decoding=\"async\" class=\" size-full wp-image-440 size-full wp-image-440\" src=\"http:\/\/www.cervantinaesquivias.org\/wordpress\/wp-content\/uploads\/2012\/10\/01.-bautismo-de-catalina-salazar-y-palacios.-1565-2.jpg\" mce_src=\"http:\/\/www.cervantinaesquivias.org\/wordpress\/wp-content\/uploads\/2012\/10\/01.-bautismo-de-catalina-salazar-y-palacios.-1565-2.jpg\" alt=\"alt\" style=\"style\" mce_style=\"style\" width=\"709\" height=\"392\" srcset=\"http:\/\/www.cervantinaesquivias.org\/wordpress\/wp-content\/uploads\/2012\/10\/01.-bautismo-de-catalina-salazar-y-palacios.-1565-2.jpg 709w, http:\/\/www.cervantinaesquivias.org\/wordpress\/wp-content\/uploads\/2012\/10\/01.-bautismo-de-catalina-salazar-y-palacios.-1565-2-300x166.jpg 300w\" sizes=\"auto, (max-width: 709px) 100vw, 709px\" \/><br \/><\/span><\/span><\/p>\n<p style=\"text-align: justify; \" mce_style=\"text-align: justify; \"><span style=\"font-size: medium; \" mce_style=\"font-size: medium;\"><span style=\"font-family: verdana, geneva; \" mce_style=\"font-family: verdana, geneva;\">La partida de bautismo dice:<\/span><\/span><\/p>\n<p style=\"text-align: justify; \" mce_style=\"text-align: justify; \"><span style=\"font-size: medium; \" mce_style=\"font-size: medium;\"><span style=\"font-family: verdana, geneva; \" mce_style=\"font-family: verdana, geneva;\">Al margen: <b>Catalina Vozmediano.<\/b><\/span><\/span><\/p>\n<p style=\"text-align: justify; \" mce_style=\"text-align: justify; \"><span style=\"font-size: medium; \" mce_style=\"font-size: medium;\"><span style=\"font-family: verdana, geneva; \" mce_style=\"font-family: verdana, geneva;\"><b>\u00abEn xii de novienbre de mil y quinientos y sesenta y cinco a\u00f1os el Reverencdo Se\u00f1or Pedro de Huete cura teniente del dicho lugar baptiz\u00f3 una hija del Se\u00f1or Hernando de Salazar Vozmediano y de la Se\u00f1ora Catalina de Palacios su muger cuyo nombre fue Catalina y el Se\u00f1or cura pregunt\u00f3 a los que la traian a bautizar que a quien se\u00f1alavan por compadres que la saquen de pila los quales respondieron que al Reverendo Se\u00f1or Juan de Palacios el qual la saco de pila otrosi el encargo el parentesco espiritual conforme al Santo Concilio Tridentino siendo testigos Pedro de Gamboa e Alonso Palomo e Baltasar Ximenez, vecinos del dicho lugar de Esquivias\u00bb \u00a0 \u00a0 \u00a0 \u00a0 \u00a0 \u00a0 \u00a0 \u00a0 \u00a0 \u00a0 \u00a0 \u00a0 \u00a0 \u00a0 \u00a0 \u00a0 Pedro de Huete.<\/b><\/span><\/span><\/p>\n<p style=\"text-align: justify; \" mce_style=\"text-align: justify; \"><span style=\"font-size: medium; \" mce_style=\"font-size: medium;\"><span style=\"font-family: verdana, geneva; \" mce_style=\"font-family: verdana, geneva;\">Catalina fue la segunda de los cinco hijos que tuvo el matrimonio formado por Hernando de Salazar Vozmediano y Catalina de Palacios y Salazar. Sus hermanos fueron, por este orden:<\/span><\/span><\/p>\n<p style=\"text-align: justify; \" mce_style=\"text-align: justify; \"><span style=\"font-size: medium; \" mce_style=\"font-size: medium;\"><span style=\"font-size: medium; \" mce_style=\"font-size: medium;\"><span style=\"font-family: verdana, geneva; \" mce_style=\"font-family: verdana, geneva;\">Nicol\u00e1s, bautizado el 24 de Diciembre de 1563, fallecido en la infancia.<\/span><\/span><\/span><\/p>\n<p style=\"text-align: justify; \" mce_style=\"text-align: justify; \"><span style=\"font-size: medium; \" mce_style=\"font-size: medium;\"><span style=\"font-family: verdana, geneva; \" mce_style=\"font-family: verdana, geneva;\">Gonzalo, bautizado el 6 de Febrero de 1573, fallecido en la infancia.<\/span><\/span><\/p>\n<p style=\"text-align: justify; \" mce_style=\"text-align: justify; \"><\/p>\n<p style=\"text-align: center; \" mce_style=\"text-align: center; \"><span style=\"font-size: medium; \" mce_style=\"font-size: medium;\"><span style=\"font-family: verdana, geneva; \" mce_style=\"font-family: verdana, geneva;\"><img loading=\"lazy\" decoding=\"async\" class=\" size-full wp-image-441 size-full wp-image-441\" src=\"http:\/\/www.cervantinaesquivias.org\/wordpress\/wp-content\/uploads\/2012\/10\/02.-vivienda-catalina-3.jpg\" mce_src=\"http:\/\/www.cervantinaesquivias.org\/wordpress\/wp-content\/uploads\/2012\/10\/02.-vivienda-catalina-3.jpg\" alt=\"alt\" style=\"style\" mce_style=\"style\" width=\"737\" height=\"808\" srcset=\"http:\/\/www.cervantinaesquivias.org\/wordpress\/wp-content\/uploads\/2012\/10\/02.-vivienda-catalina-3.jpg 737w, http:\/\/www.cervantinaesquivias.org\/wordpress\/wp-content\/uploads\/2012\/10\/02.-vivienda-catalina-3-274x300.jpg 274w\" sizes=\"auto, (max-width: 737px) 100vw, 737px\" \/><br \/><\/span><\/span><\/p>\n<p style=\"text-align: center; \" mce_style=\"text-align: center; \">(Vivienda en Esquivias de los padres de Catalina de Salazar y Palacios)<\/p>\n<p style=\"style\" mce_style=\"style\"><\/p>\n<p style=\"style\" mce_style=\"style\"><span style=\"font-family: verdana, geneva; font-size: medium; text-align: justify; \" mce_style=\"font-family: verdana, geneva; font-size: medium; text-align: justify;\">Francisco, bautizado el 2 de Septiembre de 1577. Fue Cura Presb\u00edtero de la Parroquia de Esquivias. A la muerte de su t\u00edo Juan de Palacios hered\u00f3 el Mayorazgo que fund\u00f3 su bisabuelo Francisco de Palacios, el Viejo.<\/span><\/p>\n<p style=\"text-align: justify; \" mce_style=\"text-align: justify; \"><span style=\"font-size: medium; \" mce_style=\"font-size: medium;\"><span style=\"font-family: verdana, geneva; \" mce_style=\"font-family: verdana, geneva;\">Fernando, bautizado el 16 de Octubre de 1581. Profes\u00f3 en la Orden de San Francisco, en el Monasterio de San Juan de los Reyes de Toledo, bajo el nombre de Fray Antonio de Salazar.<\/span><\/span><\/p>\n<p style=\"text-align: justify; \" mce_style=\"text-align: justify; \"><span style=\"font-size: medium; \" mce_style=\"font-size: medium;\"><span style=\"font-family: verdana, geneva; \" mce_style=\"font-family: verdana, geneva;\">La familia de Catalina se hallaba en posesi\u00f3n de Carta Executoria de Hidalgu\u00eda, por lo que eran de las familias mas influyentes de la sociedad esquiviana de la \u00e9poca.<\/span><\/span><\/p>\n<p style=\"text-align: justify; \" mce_style=\"text-align: justify; \"><span style=\"font-size: medium; \" mce_style=\"font-size: medium;\"><span style=\"font-family: verdana, geneva; \" mce_style=\"font-family: verdana, geneva;\"><br \/>Respecto a su ascendencia, por v\u00eda paterna Catalina era tataranieta de Don Diego Hern\u00e1ndez de Espinosa, escudero del Rey Enrique IV e hidalgo de Toledo. Hijo de este fue Alonso de Salazar, esdudero y hombre de armas de Toledo, que cas\u00f3 con Marina Ruiz del Castillo, natural de Yeles, por tanto bisabuelos de Catalina. Hijo de estos fue Gonzalo (Pedro) de Salazar, que cas\u00f3 en segundas nupcias con Catalina Vozmediano, nacida en Yeles, siendo estos los abuelos de Catalina. Don Gonzalo (Pedro) de Salazar fue paje de Don Alonso Carrilo de Castilla y criado del Cardenal Mendoza. El quinto hijo de este matrimonio fue Don Hernando de Salazar Vozmediano, padre de Catalina.\u00a0<\/span><\/span><\/p>\n<p style=\"text-align: justify; \" mce_style=\"text-align: justify; \"><span style=\"font-size: medium; \" mce_style=\"font-size: medium;\"><span style=\"font-family: verdana, geneva; \" mce_style=\"font-family: verdana, geneva;\">Por la misma ascendencia por v\u00eda paterna, fue bisabuelo de Catalina Juan de C\u00e1rdenas, casado con In\u00e9s \u00c1lvares de Vozmediano, de Yeles, siendo estos los padres de Catalina de Vozmediano, abuela de Catalina de Salazar y Palacios. (Hacemos un par\u00e9ntesis para destacar la persona de Don Juan de C\u00e1rdenas que, siendo Alcalde de Esquivias en el a\u00f1o de 1469, tuvo una decisiva influencia en el Pleito entablado por el Cabildo de Toledo contra los vecinos de Esquivias. Hecho este que requiere una extensa exposici\u00f3n, que se aparta del objeto que nos ha tra\u00eddo hoy a este Acto).<\/span><\/span><\/p>\n<p style=\"text-align: justify; \" mce_style=\"text-align: justify; \"><span style=\"font-size: medium; \" mce_style=\"font-size: medium;\"><span style=\"font-family: verdana, geneva; \" mce_style=\"font-family: verdana, geneva;\">Por v\u00eda materna, Catalina era biznieta de Francisco de Palacios, el Viejo, que fund\u00f3 en Esquivias una Capellan\u00eda a la cual nos hemos referido anteriormente, y que cas\u00f3 con Mar\u00eda \u00c1lvarez, de cuyo matrimonio naci\u00f3 en primer lugar Francisco de Palacios, llamado tambi\u00e9n el Viejo, que se desposa con Mar\u00eda de Salazar, siendo estos los abuelos de Catalina de Salazar y Palacios. (el cuarto de los hijos de los bisabuelos de Catalina fue Fabiana de Palacios, que cas\u00f3 con Blas Chirino de Loaysa, siendo padres de Rodrigo Mex\u00eda, que destacamos por la influencia que este tuvo en la vida futura de Catalina a nivel personal y familiar).<\/span><\/span><\/p>\n<p style=\"text-align: justify; \" mce_style=\"text-align: justify; \"><span style=\"font-size: medium; \" mce_style=\"font-size: medium;\"><span style=\"font-family: verdana, geneva; \" mce_style=\"font-family: verdana, geneva;\">Y finalmente, Catalina era tataranieta por v\u00eda materna de Juan de Salazar, Alcaide del Alc\u00e1zar de Toledo, que cas\u00f3 con Mar\u00eda de Vergara. La primera hija de este matrimonio fue Mar\u00eda de Salazar, que cas\u00f3 con el Bachiller Juan Quixada, natural de Vecilla de Valderaduey, este a su vez hijo de Gutierre Quixada, representando el primer entronque de los Salazares y Palacios con los Quixadas, que por descendencia de estos llegamos a Juan Quixada de Salazar, que gan\u00f3 Carta Executoria de Hidalgu\u00eda de los Quixadas de Esquivias y tambi\u00e9n a Fray Alonso Quijada, como modelo vivo de Don Quijote. Pero esto requiere otro punto importante de reflexi\u00f3n.<\/span><\/span><\/p>\n<p style=\"text-align: justify; \" mce_style=\"text-align: justify; \"><span style=\"font-size: medium; \" mce_style=\"font-size: medium;\"><span style=\"font-family: verdana, geneva; \" mce_style=\"font-family: verdana, geneva;\">El cuarto hijo de Juan de Salazar y Mar\u00eda de Vergara fue Don Diego Garc\u00eda de Salazar, que fund\u00f3 una capellan\u00eda en San Pedro M\u00e1rtir de Toledo, y que cas\u00f3 con Mar\u00eda de Salazar, siendo estos los bisabuelos de Catalina, de cuyo matrimonio naci\u00f3 Mar\u00eda de Salazar, que cas\u00f3 con Francisco de Palacios, el Viejo, siendo estos los abuelos maternos de Catalina. De este matrimonio nacieron, por este orden: Catalina de Palacios y Salazar, madre de Catalina, Don Juan Palacios, cura, y Mar\u00eda de Salazar.<\/span><\/span><\/p>\n<p style=\"text-align: justify; \" mce_style=\"text-align: justify; \"><span style=\"font-size: medium; \" mce_style=\"font-size: medium;\"><span style=\"font-family: verdana, geneva; \" mce_style=\"font-family: verdana, geneva;\">Era obligado hacer esta referencia a la ascendencia de Catalina de Salazar y Palacios, aunque en este caso la hayamos reducido, ci\u00f1\u00e9ndonos a los ascendentes mas directos en la vida de Catalina.<\/span><\/span><\/p>\n<p style=\"text-align: justify; \" mce_style=\"text-align: justify; \"><span style=\"font-size: medium; \" mce_style=\"font-size: medium;\"><span style=\"font-family: verdana, geneva; \" mce_style=\"font-family: verdana, geneva;\"><br \/><\/span><\/span><\/p>\n<p style=\"style\" mce_style=\"style\"><img loading=\"lazy\" decoding=\"async\" class=\" alignleft size-full wp-image-442 alignleft size-full wp-image-442\" src=\"http:\/\/www.cervantinaesquivias.org\/wordpress\/wp-content\/uploads\/2012\/10\/03.-iglesia-de-esquivias-ao-1970-5.jpg\" mce_src=\"http:\/\/www.cervantinaesquivias.org\/wordpress\/wp-content\/uploads\/2012\/10\/03.-iglesia-de-esquivias-ao-1970-5.jpg\" style=\"float: left; margin-left: 20px; margin-right: 20px;\" mce_style=\"float: left; margin-left: 20px; margin-right: 20px;\" width=\"340\" height=\"859\" srcset=\"http:\/\/www.cervantinaesquivias.org\/wordpress\/wp-content\/uploads\/2012\/10\/03.-iglesia-de-esquivias-ao-1970-5.jpg 340w, http:\/\/www.cervantinaesquivias.org\/wordpress\/wp-content\/uploads\/2012\/10\/03.-iglesia-de-esquivias-ao-1970-5-119x300.jpg 119w\" sizes=\"auto, (max-width: 340px) 100vw, 340px\" \/><\/p>\n<p style=\"text-align: justify; \" mce_style=\"text-align: justify; \"><\/p>\n<p style=\"text-align: justify; \" mce_style=\"text-align: justify; \"><\/p>\n<p style=\"text-align: justify; \" mce_style=\"text-align: justify; \"><\/p>\n<p style=\"text-align: justify; \" mce_style=\"text-align: justify; \"><\/p>\n<p style=\"text-align: justify; \" mce_style=\"text-align: justify; \"><span style=\"font-size: medium; \" mce_style=\"font-size: medium;\"><span style=\"font-family: verdana, geneva; \" mce_style=\"font-family: verdana, geneva;\">Se aprecia por la ascendencia de Catalina, que no estamos hablando de una vulgar joven aldeana sin ra\u00edces, al contrario, estas se hallaban bien arraigadas. Si adem\u00e1s de su noble ascendencia, educada en un ambiente familiar y profundamente cristiano, con conocimientos de la lectura y la escritura, poco usual en esa \u00e9poca, hemos de coincidir que estamos hablando de una persona \u00edntegra, con una cultura y una educaci\u00f3n exquisitas, con lo que es f\u00e1cil suponer que Cervantes se encontrar\u00eda con el caldo de cultivo que esa mente privilegiada necesitaba. Cervantes hab\u00eda vivido mucho, a sus 37 a\u00f1os de edad, muchas experiencias, pero seguramente de poco contenido intelectual y moral al mismo tiempo, por lo que no es de extra\u00f1ar el cambio tan radical que experiment\u00f3 a partir del momento de conocer a Catalina.<\/span><\/span><\/p>\n<p style=\"text-align: justify; \" mce_style=\"text-align: justify; \"><span style=\"font-size: medium; \" mce_style=\"font-size: medium;\"><span style=\"font-family: verdana, geneva; \" mce_style=\"font-family: verdana, geneva;\">Conocido es que Cervantes acert\u00f3 a venir a Esquivias a mediados del mes de Septiembre de 1584. Tambi\u00e9n sabemos que el 22 de dicho mes Do\u00f1a Juana Gait\u00e1n otorg\u00f3 un poder en favor de Cervantes, para que este pudiera publicar en su nombre el Cancionero de su anterior esposo, Don Pedro La\u00ednez. \u00a1Do\u00f1a Juana Gayt\u00e1n\u00a1 Que gran apoyo represent\u00f3 para Catalina para el resto de sus dias.<\/span><\/span><\/p>\n<p style=\"text-align: justify; \" mce_style=\"text-align: justify; \"><span style=\"font-size: medium; \" mce_style=\"font-size: medium;\"><span style=\"font-family: verdana, geneva; \" mce_style=\"font-family: verdana, geneva;\">Es obligado dar rienda suelta a la imaginaci\u00f3n al suponer que fuera Do\u00f1a Juana Gait\u00e1n quien hiciera las presentaciones entre Miguel y Catalina, ya que Do\u00f1a Juana viv\u00eda al lado de Isabel de C\u00e1rdenas, prima de Catalina.<\/span><\/span><\/p>\n<p style=\"text-align: justify; \" mce_style=\"text-align: justify; \"><span style=\"font-size: medium; \" mce_style=\"font-size: medium;\"><span style=\"font-family: verdana, geneva; \" mce_style=\"font-family: verdana, geneva;\">\u00bfUn flechazo? \u00bfUna necesidad de Cervantes, nunca econ\u00f3mica sino de orden emocional que despu\u00e9s veremos?. Lo cierto es que transcurridos menos de tres meses de haberse conocido, Miguel de Cervantes Saavedra y Catalina de Salazar y Palacios se desposan en la Iglesia Parroquial de Esquivias, el 12 de Diciembre de 1584.<\/span><\/span><\/p>\n<p style=\"text-align: justify; \" mce_style=\"text-align: justify; \"><\/p>\n<p style=\"text-align: justify; \" mce_style=\"text-align: justify; \"><\/p>\n<p style=\"text-align: justify; \" mce_style=\"text-align: justify; \"><\/p>\n<p style=\"text-align: justify; \" mce_style=\"text-align: justify; \"><\/p>\n<p style=\"text-align: justify; \" mce_style=\"text-align: justify; \"><\/p>\n<p style=\"text-align: justify; \" mce_style=\"text-align: justify; \">\u00a0 \u00a0 \u00a0 \u00a0 \u00a0 \u00a0 \u00a0 \u00a0 \u00a0 \u00a0 \u00a0 \u00a0 \u00a0 \u00a0 \u00a0(Iglesia Parroquial de Esquivias)<\/p>\n<p style=\"text-align: justify; \" mce_style=\"text-align: justify; \"><span style=\"font-size: medium; \" mce_style=\"font-size: medium;\"><span style=\"font-family: verdana, geneva; \" mce_style=\"font-family: verdana, geneva;\"><br \/><\/span><\/span><\/p>\n<p style=\"text-align: justify; \" mce_style=\"text-align: justify; \"><span style=\"font-size: medium; \" mce_style=\"font-size: medium;\"><span style=\"font-family: verdana, geneva; \" mce_style=\"font-family: verdana, geneva;\">El Acta de boda dice:<\/span><\/span><\/p>\n<p style=\"text-align: justify; \" mce_style=\"text-align: justify; \"><span style=\"font-size: medium; \" mce_style=\"font-size: medium;\"><span style=\"font-family: verdana, geneva; \" mce_style=\"font-family: verdana, geneva;\">Al margen: <b>Miguel de Serbantes con Cathalina Palacios.<\/b><\/span><\/span><\/p>\n<p style=\"text-align: justify; \" mce_style=\"text-align: justify; \"><span style=\"font-size: medium; \" mce_style=\"font-size: medium;\"><span style=\"font-family: verdana, geneva; \" mce_style=\"font-family: verdana, geneva;\"><b>\u00abEn 12 de diciembre (1584) El Reverendo Se\u00f1or Juan de Palacios tiniente desposo a los se\u00f1ores Miguel de Zerbantes vezino de Madrid y Do\u00f1a Catalina de Palacios vezina desquivias testigos Rodrigo Mex\u00eda Diego Escrivano y Francisco Marcos. \u00a0 \u00a0 \u00a0 \u00a0 \u00a0 \u00a0 \u00a0 \u00a0 El Doctor Escrivano.<\/b><\/span><\/span><\/p>\n<p style=\"text-align: justify; \" mce_style=\"text-align: justify; \"><\/p>\n<p style=\"text-align: center; \" mce_style=\"text-align: center; \"><img loading=\"lazy\" decoding=\"async\" class=\" size-full wp-image-443 size-full wp-image-443\" src=\"http:\/\/www.cervantinaesquivias.org\/wordpress\/wp-content\/uploads\/2012\/10\/04.-acta-de-boda-3.jpg\" mce_src=\"http:\/\/www.cervantinaesquivias.org\/wordpress\/wp-content\/uploads\/2012\/10\/04.-acta-de-boda-3.jpg\" alt=\"alt\" style=\"style\" mce_style=\"style\" width=\"737\" height=\"171\" srcset=\"http:\/\/www.cervantinaesquivias.org\/wordpress\/wp-content\/uploads\/2012\/10\/04.-acta-de-boda-3.jpg 737w, http:\/\/www.cervantinaesquivias.org\/wordpress\/wp-content\/uploads\/2012\/10\/04.-acta-de-boda-3-300x70.jpg 300w\" sizes=\"auto, (max-width: 737px) 100vw, 737px\" \/><\/p>\n<p style=\"text-align: justify; \" mce_style=\"text-align: justify; \"><span style=\"font-size: medium; \" mce_style=\"font-size: medium;\"><span style=\"font-family: verdana, geneva; \" mce_style=\"font-family: verdana, geneva;\"><b><br \/><\/b><\/span><\/span><\/p>\n<p style=\"text-align: justify; \" mce_style=\"text-align: justify; \"><span style=\"font-size: medium; \" mce_style=\"font-size: medium;\"><span style=\"font-family: verdana, geneva; \" mce_style=\"font-family: verdana, geneva;\">Catalina hab\u00eda pasado en breves fechas de ser una lugare\u00f1a del tranquilo lugar de Esquivias, carente de actividad para una mujer joven como ella, a ser la esposa de un personaje que llegar\u00eda a ser el Pr\u00edncipe de las Letras Hispanas. De ser una joven hacendosa, bien educada, hidalga, con una buena dote, pero sin experiencia alguna de la vida, sin ninguna vivencia real en que apoyarse para afrontar su nueva vida al lado de un viejo soldado que le doblaba la edad.<\/span><\/span><\/p>\n<p style=\"text-align: justify; \" mce_style=\"text-align: justify; \"><span style=\"font-size: medium; \" mce_style=\"font-size: medium;\"><span style=\"font-family: verdana, geneva; \" mce_style=\"font-family: verdana, geneva;\">Por otro lado, al haber fallecido el padre de Catalina el 6 de Febrero de ese mismo a\u00f1o, la familia Salazar y Palacios se hallaba guardando un riguroso luto, como era costumbre arraigada en la sociedad esquiviana, hasta que otro importante acontecimiento anulara o mitigara ese luto. Con los esponsales de Catalina con Cervantes cambiaba radicalmente la vida para Catalina en este aspecto. Ahora ten\u00eda que dedicar su tiempo y cari\u00f1o a su esposo, y mucho tendr\u00eda que aprender, que seguro Cervantes supo, con no poca paciencia y caballerosidad, inculcar a Catalina en su nueva vida de casada.<\/span><\/span><\/p>\n<p style=\"text-align: justify; \" mce_style=\"text-align: justify; \"><\/p>\n<p style=\"text-align: center; \" mce_style=\"text-align: center; \"><img loading=\"lazy\" decoding=\"async\" class=\" size-full wp-image-444 size-full wp-image-444\" src=\"http:\/\/www.cervantinaesquivias.org\/wordpress\/wp-content\/uploads\/2012\/10\/05.-casa-de-cervantes-1916-5.jpg\" mce_src=\"http:\/\/www.cervantinaesquivias.org\/wordpress\/wp-content\/uploads\/2012\/10\/05.-casa-de-cervantes-1916-5.jpg\" alt=\"alt\" style=\"style\" mce_style=\"style\" width=\"709\" height=\"461\" srcset=\"http:\/\/www.cervantinaesquivias.org\/wordpress\/wp-content\/uploads\/2012\/10\/05.-casa-de-cervantes-1916-5.jpg 709w, http:\/\/www.cervantinaesquivias.org\/wordpress\/wp-content\/uploads\/2012\/10\/05.-casa-de-cervantes-1916-5-300x195.jpg 300w\" sizes=\"auto, (max-width: 709px) 100vw, 709px\" \/><\/p>\n<p style=\"text-align: center; \" mce_style=\"text-align: center; \">(Casa de Cervantes de Esquivias)<\/p>\n<p style=\"text-align: justify; \" mce_style=\"text-align: justify; \"><span style=\"font-size: medium; \" mce_style=\"font-size: medium;\"><span style=\"font-family: verdana, geneva; \" mce_style=\"font-family: verdana, geneva;\"><br \/><\/span><\/span><\/p>\n<p style=\"text-align: justify; \" mce_style=\"text-align: justify; \"><span style=\"font-size: medium; \" mce_style=\"font-size: medium;\"><span style=\"font-family: verdana, geneva; \" mce_style=\"font-family: verdana, geneva;\">Catalina, que era poseedora de una notable educaci\u00f3n, escuchar\u00eda a Cervantes contar sus aventuras, vivencias, no todas, sus desvelos, sus angustias y sus ilusiones. Las ideas que corr\u00edan por su mente, sus proyectos literarios inmediatos y Catalina se quedar\u00eda absorta escuchando a su esposo, con el amplio l\u00e9xico del que siempre hizo gala Cervantes.<\/span><\/span><\/p>\n<p style=\"text-align: justify; \" mce_style=\"text-align: justify; \"><span style=\"font-size: medium; \" mce_style=\"font-size: medium;\"><span style=\"font-family: verdana, geneva; \" mce_style=\"font-family: verdana, geneva;\">Sin lugar a dudas, Catalina debi\u00f3 influir de manera decisiva en el \u00e1nimo de Cervantes para seguir escribiendo. Fue su musa, su inspiraci\u00f3n.<\/span><\/span><\/p>\n<p style=\"text-align: justify; \" mce_style=\"text-align: justify; \"><span style=\"font-size: medium; \" mce_style=\"font-size: medium;\"><span style=\"font-family: verdana, geneva; \" mce_style=\"font-family: verdana, geneva;\">Para Cervantes Esquivias represent\u00f3 su remanso de paz, donde repos\u00f3 su hasta entonces turbulenta y azarosa vida, y en este lugar manchego, tranquilo, quiz\u00e1s demasiado tranquilo para el, pero lleno de vivencias que le ir\u00edan llegando de los Hidalgos del Lugar, comenzar\u00eda a imaginar lo que ser\u00eda la base de una historia, de una novela que r\u00e1pidamente alcanz\u00f3 las cotas mas altas que jam\u00e1s pudiera imaginar.<\/span><\/span><\/p>\n<p style=\"text-align: justify; \" mce_style=\"text-align: justify; \"><span style=\"font-size: medium; \" mce_style=\"font-size: medium;\"><span style=\"font-family: verdana, geneva; \" mce_style=\"font-family: verdana, geneva;\">Pero volvamos a Catalina. En los desposorios de Cervantes y Catalina no se celebraron las Velaciones. Este acto eclesi\u00e1stico tuvo lugar bastante tiempo despu\u00e9s, el 16 de Enero de 1586 en la Iglesia Parroquial de San Mart\u00edn de Madrid, hoy desaparecida. En dicho acto, aparecen como padrinos de las Velaciones Don Pedro de Lude\u00f1a y Do\u00f1a Magdalena de Cervantes, hermana de Miguel, siendo testigos Joan Delgado, Rodrigo de Cervantes, hermano de Miguel que tambi\u00e9n estuvo cautivo en Argel, Pedro Montes de Oca, Franco de Laguna y Crist\u00f3bal de Pena.<\/span><\/span><\/p>\n<p style=\"text-align: justify; \" mce_style=\"text-align: justify; \"><span style=\"font-size: medium; \" mce_style=\"font-size: medium;\"><span style=\"font-family: verdana, geneva; \" mce_style=\"font-family: verdana, geneva;\">As\u00ed pues, catorce meses despu\u00e9s de realizarse los desposorios de Cervantes y Catalina en Esquivias tienen lugar las Velaciones que daban legalidad al matrimonio, seg\u00fan determina el Concilio de Trento. Retraso algo inusual pues a los desposados se les velaba el mismo d\u00eda de la boda o, en el peor de los casos, d\u00edas despu\u00e9s. Tambi\u00e9n asisten al Acto amigos y contertulios de Cervantes, que ya hab\u00eda ingresado en la \u00e9lite de las letras de Madrid, asistiendo a la Imitatoria de Madrid, hoy comparable con la Academia de las Letras.<\/span><\/span><\/p>\n<p style=\"text-align: justify; \" mce_style=\"text-align: justify; \"><span style=\"font-size: medium; \" mce_style=\"font-size: medium;\"><span style=\"font-family: verdana, geneva; \" mce_style=\"font-family: verdana, geneva;\">La situaci\u00f3n econ\u00f3mica de la familia Cervantes no pasaba por los mejores momentos. Ha publicado La Galatea y La Confusa que tuvieron un \u00e9xito clamoroso, pero los beneficios obtenidos eran insuficientes para mantener una familia, por lo que en la primavera de 1586 Cervantes obtiene el Cargo de Comisario Real de Abastos, para proveer de v\u00edveres a la Armada Real para su contienda con Inglaterra.\u00a0<\/span><\/span><span style=\"font-family: verdana, geneva; font-size: medium; \" mce_style=\"font-family: verdana, geneva; font-size: medium;\">As\u00ed pues, Cervantes viaja a Sevilla frecuentemente dejando a Catalina acompa\u00f1ada de su madre y sus hermanos Francisco y Fernando, que contaban en esa \u00e9poca las edades de 9 y 5 a\u00f1os respectivamente. Pero Cervantes se ve\u00eda obligado a realizar este trabajo para poder aportar a la econom\u00eda familiar lo necesario para su alimentaci\u00f3n y educaci\u00f3n.<\/span><\/p>\n<p style=\"text-align: justify; \" mce_style=\"text-align: justify; \"><span style=\"font-family: verdana, geneva; font-size: medium; \" mce_style=\"font-family: verdana, geneva; font-size: medium;\">Los espacios de la ausencia de Cervantes del hogar esquiviano no pod\u00edan ser inferiores a 20 o 30 d\u00edas, dado que un viaje de ida a Sevilla duraba 10 d\u00edas.<\/span><\/p>\n<p style=\"text-align: justify; \" mce_style=\"text-align: justify; \"><span style=\"font-family: verdana, geneva; font-size: medium; \" mce_style=\"font-family: verdana, geneva; font-size: medium;\">Para Catalina este alejamiento supone el primer contratiempo matrimonial, pero lo afronta con energ\u00eda y comprensi\u00f3n. Han pasado tan solo dos a\u00f1os de su matrimonio pero en ese tiempo ya ha sido capaz de adaptarse a las circunstancias y a las necesidades de Cervantes, por otro lado tan bien entendidas por Catalina, pues ni ella misma desear\u00eda que su esposo se sintiera alimentado y vestido sin aportar ning\u00fan beneficio a la causa, y mas impensable ser\u00eda que Cervantes se dedicara a cuidar y administrar la hacienda de la familia Salazar y Palacios. Cervantes pod\u00eda ser muchas cosas, pero nunca labrador y menos un sujeto pasivo.<\/span><\/p>\n<p style=\"text-align: justify; \" mce_style=\"text-align: justify; \"><\/p>\n<p style=\"text-align: center; \" mce_style=\"text-align: center; \"><img loading=\"lazy\" decoding=\"async\" class=\" size-full wp-image-445 size-full wp-image-445\" src=\"http:\/\/www.cervantinaesquivias.org\/wordpress\/wp-content\/uploads\/2012\/10\/06.-carta-dotal-de-cervantes-a-catalina-2.jpg\" mce_src=\"http:\/\/www.cervantinaesquivias.org\/wordpress\/wp-content\/uploads\/2012\/10\/06.-carta-dotal-de-cervantes-a-catalina-2.jpg\" alt=\"alt\" style=\"style\" mce_style=\"style\" width=\"709\" height=\"1027\" srcset=\"http:\/\/www.cervantinaesquivias.org\/wordpress\/wp-content\/uploads\/2012\/10\/06.-carta-dotal-de-cervantes-a-catalina-2.jpg 709w, http:\/\/www.cervantinaesquivias.org\/wordpress\/wp-content\/uploads\/2012\/10\/06.-carta-dotal-de-cervantes-a-catalina-2-207x300.jpg 207w, http:\/\/www.cervantinaesquivias.org\/wordpress\/wp-content\/uploads\/2012\/10\/06.-carta-dotal-de-cervantes-a-catalina-2-707x1024.jpg 707w\" sizes=\"auto, (max-width: 709px) 100vw, 709px\" \/><\/p>\n<p style=\"text-align: center; \" mce_style=\"text-align: center; \"><span style=\"font-size: small; \" mce_style=\"font-size: small;\">(Final de la Carta Dotal de Catalina)<\/span><\/p>\n<p style=\"text-align: justify; \" mce_style=\"text-align: justify; \"><\/p>\n<p style=\"text-align: justify; \" mce_style=\"text-align: justify; \"><span style=\"font-family: verdana, geneva; font-size: medium; \" mce_style=\"font-family: verdana, geneva; font-size: medium;\">En el transcurso de uno de sus viajes de retorno a Esquivias se formaliza la Carta Dotal de Catalina de Salazar y Palacios en favor de Miguel de Cervantes Saavedra, siendo que Cervantes aporta los 100 ducados prometidos.<\/span><\/p>\n<p style=\"text-align: justify; \" mce_style=\"text-align: justify; \"><span style=\"font-family: verdana, geneva; font-size: medium; \" mce_style=\"font-family: verdana, geneva; font-size: medium;\">Poco tiempo despu\u00e9s, el 25 de Octubre de 1586, Cervantes y Catalina act\u00faan en Esquivias como padrinos de un ni\u00f1o llamado Juan, hijo de Sim\u00f3n Hern\u00e1ndez, comerciante de vinos.<\/span><\/p>\n<p style=\"text-align: justify; \" mce_style=\"text-align: justify; \"><\/p>\n<p style=\"text-align: center; \" mce_style=\"text-align: center; \"><img loading=\"lazy\" decoding=\"async\" class=\" size-full wp-image-446 size-full wp-image-446\" src=\"http:\/\/www.cervantinaesquivias.org\/wordpress\/wp-content\/uploads\/2012\/10\/07-bautismo-del-nio-juan-2.jpg\" mce_src=\"http:\/\/www.cervantinaesquivias.org\/wordpress\/wp-content\/uploads\/2012\/10\/07-bautismo-del-nio-juan-2.jpg\" alt=\"alt\" style=\"style\" mce_style=\"style\" width=\"709\" height=\"312\" srcset=\"http:\/\/www.cervantinaesquivias.org\/wordpress\/wp-content\/uploads\/2012\/10\/07-bautismo-del-nio-juan-2.jpg 709w, http:\/\/www.cervantinaesquivias.org\/wordpress\/wp-content\/uploads\/2012\/10\/07-bautismo-del-nio-juan-2-300x132.jpg 300w\" sizes=\"auto, (max-width: 709px) 100vw, 709px\" \/><\/p>\n<p style=\"text-align: center; \" mce_style=\"text-align: center; \">(Acta de Bautismo del ni\u00f1o Juan. Padrinos Cervantes y Catalina)<\/p>\n<p style=\"text-align: justify; \" mce_style=\"text-align: justify; \"><\/p>\n<p style=\"text-align: justify; \" mce_style=\"text-align: justify; \"><span style=\"font-family: verdana, geneva; font-size: medium; \" mce_style=\"font-family: verdana, geneva; font-size: medium;\">Catalina permanece en Esquivias, joven casada, pero sola. La econom\u00eda familiar es mas bien escasa. Su padre, Hernando de Salazar, dej\u00f3 numerosas deudas pendientes por lo que Cervantes otorga un poder en favor de su esposa para que esta pudiera vender o enajenar cualquier bien que fuera preciso para cubrir las necesidades de la familia, al tiempo de amortizar la deuda contra\u00edda por su padre.<\/span><\/p>\n<p style=\"text-align: justify; \" mce_style=\"text-align: justify; \"><span style=\"font-family: verdana, geneva; font-size: medium; \" mce_style=\"font-family: verdana, geneva; font-size: medium;\">Catalina encuentra apoyo moral en su t\u00eda Mar\u00eda de C\u00e1rdenas, \u00a0y en sus primas Isabel de C\u00e1rdenas, Mar\u00eda de Guzm\u00e1n, Isabel de Briviesca y Mar\u00eda de Palacios, estas \u00faltimas de la misma edad que Catalina. Y por supuesto no le faltar\u00eda el apoyo de Do\u00f1a Juana Gait\u00e1n.<\/span><\/p>\n<p style=\"text-align: justify; \" mce_style=\"text-align: justify; \"><span style=\"font-family: verdana, geneva; font-size: medium; \" mce_style=\"font-family: verdana, geneva; font-size: medium;\"><br \/><\/span><\/p>\n<p style=\"style\" mce_style=\"style\"><img loading=\"lazy\" decoding=\"async\" class=\" alignleft size-full wp-image-447 alignleft size-full wp-image-447\" src=\"http:\/\/www.cervantinaesquivias.org\/wordpress\/wp-content\/uploads\/2012\/10\/08.-catalina-cervantes-y-tres-criadas-4.jpg\" mce_src=\"http:\/\/www.cervantinaesquivias.org\/wordpress\/wp-content\/uploads\/2012\/10\/08.-catalina-cervantes-y-tres-criadas-4.jpg\" style=\"float: left; margin-left: 20px; margin-right: 20px;\" mce_style=\"float: left; margin-left: 20px; margin-right: 20px;\" width=\"425\" height=\"586\" srcset=\"http:\/\/www.cervantinaesquivias.org\/wordpress\/wp-content\/uploads\/2012\/10\/08.-catalina-cervantes-y-tres-criadas-4.jpg 425w, http:\/\/www.cervantinaesquivias.org\/wordpress\/wp-content\/uploads\/2012\/10\/08.-catalina-cervantes-y-tres-criadas-4-218x300.jpg 218w\" sizes=\"auto, (max-width: 425px) 100vw, 425px\" \/><\/p>\n<p style=\"text-align: justify; \" mce_style=\"text-align: justify; \"><\/p>\n<p style=\"text-align: justify; \" mce_style=\"text-align: justify; \"><\/p>\n<p style=\"text-align: justify; \" mce_style=\"text-align: justify; \"><\/p>\n<p style=\"text-align: justify; \" mce_style=\"text-align: justify; \"><\/p>\n<p style=\"text-align: justify; \" mce_style=\"text-align: justify; \"><\/p>\n<p style=\"text-align: justify; \" mce_style=\"text-align: justify; \"><\/p>\n<p style=\"text-align: justify; \" mce_style=\"text-align: justify; \"><\/p>\n<p style=\"text-align: justify; \" mce_style=\"text-align: justify; \"><span style=\"font-family: verdana, geneva; font-size: medium; \" mce_style=\"font-family: verdana, geneva; font-size: medium; \">Mas al caer la noche Catalina se quedaba sola, soledad que supl\u00eda con la presencia de las tres criadas que ten\u00eda a su servicio: Mar\u00eda de Ugena, Juana y Luc\u00eda, que tendr\u00eda la edad de Catalina, ya que ambas fueron confirmadas el mismo d\u00eda 13 de febrero de 1583.<\/span><\/p>\n<p style=\"text-align: justify; \" mce_style=\"text-align: justify; \"><\/p>\n<p style=\"text-align: justify; \" mce_style=\"text-align: justify; \"><\/p>\n<p style=\"text-align: justify; \" mce_style=\"text-align: justify; \"><\/p>\n<p style=\"text-align: justify; \" mce_style=\"text-align: justify; \"><\/p>\n<p style=\"text-align: justify; \" mce_style=\"text-align: justify; \"><\/p>\n<p style=\"text-align: justify; \" mce_style=\"text-align: justify; \"><\/p>\n<p style=\"text-align: justify; \" mce_style=\"text-align: justify; \"><\/p>\n<p style=\"text-align: justify; \" mce_style=\"text-align: justify; \"><\/p>\n<p style=\"text-align: justify; \" mce_style=\"text-align: justify; \"><\/p>\n<p style=\"text-align: justify; \" mce_style=\"text-align: justify; \"><\/p>\n<p style=\"text-align: justify; \" mce_style=\"text-align: justify; \"><span style=\"font-family: verdana, geneva; font-size: medium; \" mce_style=\"font-family: verdana, geneva; font-size: medium;\"><br \/><\/span><\/p>\n<p style=\"text-align: justify; \" mce_style=\"text-align: justify; \"><span style=\"font-family: verdana, geneva; font-size: medium; \" mce_style=\"font-family: verdana, geneva; font-size: medium;\">En la redacci\u00f3n del primer testamento que hizo Catalina, deja a <b>\u00abMar\u00eda de Ugena, mi criada, hija de Juan de Ugena y Ana Rodriguez, vecinos de Esquivias, todos los vestidos de seda y otros cualesquiera y el manto que tuviere y camisas el d\u00eda que yo muera, y esto lo mando por el mucho amor que la tengo por el tiempo que me sirvi\u00f3 siendo ni\u00f1a, y ruegue a Dios por mi alma\u00bb<\/b>, y tambi\u00e9n manda: <b>\u00ab&#8230;me entierren en la sepoltura de Fernando de Salazar Bozmediano, mi padre, que est\u00e1 en el coro de la Iglesia del dicho lugar <\/b>(de Esquivias)<b> junto a la grada del altar mayor de la dicha Iglesia&#8230;\u00bb<\/b><\/span><\/p>\n<p style=\"text-align: justify; \" mce_style=\"text-align: justify; \"><\/p>\n<p style=\"text-align: center; \" mce_style=\"text-align: center; \"><img loading=\"lazy\" decoding=\"async\" class=\" size-full wp-image-448 size-full wp-image-448\" src=\"http:\/\/www.cervantinaesquivias.org\/wordpress\/wp-content\/uploads\/2012\/10\/10.-coloquio-de-catalina-4.jpg\" mce_src=\"http:\/\/www.cervantinaesquivias.org\/wordpress\/wp-content\/uploads\/2012\/10\/10.-coloquio-de-catalina-4.jpg\" alt=\"alt\" style=\"style\" mce_style=\"style\" width=\"510\" height=\"815\" srcset=\"http:\/\/www.cervantinaesquivias.org\/wordpress\/wp-content\/uploads\/2012\/10\/10.-coloquio-de-catalina-4.jpg 510w, http:\/\/www.cervantinaesquivias.org\/wordpress\/wp-content\/uploads\/2012\/10\/10.-coloquio-de-catalina-4-188x300.jpg 188w\" sizes=\"auto, (max-width: 510px) 100vw, 510px\" \/><\/p>\n<p style=\"text-align: justify; \" mce_style=\"text-align: justify; \"><\/p>\n<p style=\"text-align: justify; \" mce_style=\"text-align: justify; \"><span style=\"font-family: verdana, geneva; font-size: medium; \" mce_style=\"font-family: verdana, geneva; font-size: medium;\">El falle<\/span><span style=\"font-family: verdana, geneva; font-size: medium; \" mce_style=\"font-family: verdana, geneva; font-size: medium; \">cimiento de la madre de Catalina, el 1 de Mayo de 1588, representa un rev\u00e9s important\u00edsimo en la vida de Catalina, a sus 23 a\u00f1os de edad, casada, con Cervantes ausente, se encuentra con la obligaci\u00f3n de cuidar de sus hermanos Francisco de 11 a\u00f1os y Fernando de 7, de su educaci\u00f3n y manutenci\u00f3n, pero sola.<\/span><\/p>\n<p style=\"text-align: justify; \" mce_style=\"text-align: justify; \"><span style=\"font-size: medium; \" mce_style=\"font-size: medium;\"><span style=\"font-family: verdana, geneva; \" mce_style=\"font-family: verdana, geneva;\">Desde el a\u00f1o de 1586 hasta mediados de 1595 Cervantes se halla mas frecuentemente de viaje, por Andaluc\u00eda unas veces y en la Corte otras.<\/span><\/span><\/p>\n<p style=\"text-align: justify; \" mce_style=\"text-align: justify; \"><span style=\"font-size: medium; \" mce_style=\"font-size: medium;\"><span style=\"font-family: verdana, geneva; \" mce_style=\"font-family: verdana, geneva;\">Mientras tanto Catalina ha sabido tener una vida social adecuada a su persona. Ha actuado como madrina de bautismo en varias ocasiones, bien teniendo como compadres a su hermano Fernando como a su primo Diego Garc\u00eda de Salazar y a Francisco Marcos, casado con su prima Juana Guti\u00e9rrez.<\/span><\/span><\/p>\n<p style=\"text-align: justify; \" mce_style=\"text-align: justify; \"><span style=\"font-size: medium; \" mce_style=\"font-size: medium;\"><span style=\"font-family: verdana, geneva; \" mce_style=\"font-family: verdana, geneva;\">Pero un<\/span><span style=\"font-family: verdana, geneva; \" mce_style=\"font-family: verdana, geneva;\"> hecho vuelve a cambiar el rumbo de la existencia de Catalina: El fallecimiento de su t\u00edo Juan de Palacios y Salazar, el 5 de Mayo de 1595. Para Catalina esta p\u00e9rdida supuso un importante rev\u00e9s, no solo por el apoyo moral que de su t\u00edo recib\u00eda, sino tambi\u00e9n en el desahogo econ\u00f3mico ya que, desde el fallecimiento de su padre en 1584 Don Juan de Palacios se hab\u00eda hecho cargo de la hacienda familiar de los Palacios. A partir del fallecimiento de Don Juan se creaba un nuevo dilema familiar: Catalina, por su condici\u00f3n de mujer no pose\u00eda la facultades legales para administrar los bienes familiares y su hermano Francisco, de 18 a\u00f1os, era menor de edad para dicho cometido, por lo que se opt\u00f3 porque fuera Francisco el que asumiera esa responsabilidad por lo que hubo que firmar un documento ante el Alcalde de Esquivias Don Diego Garc\u00eda de Salazar, donde Francisco de Salazar y Palacios <b>\u00ab&#8230;nombraba por su tutor y curador de su persona y bienes a Andr\u00e9s Alonso, cl\u00e9rigo presb\u00edtero, vecino de la villa de Cedillo&#8230;<\/b>\/<b>&#8230;y dio por su fiador a Rodrigo Mex\u00eda, vecino del dicho lugar&#8230;\u00bb<\/b><\/span><\/span><\/p>\n<p style=\"text-align: justify; \" mce_style=\"text-align: justify; \"><span style=\"font-size: medium; \" mce_style=\"font-size: medium;\"><span style=\"font-size: medium; \" mce_style=\"font-size: medium;\"><span style=\"font-family: verdana, geneva; \" mce_style=\"font-family: verdana, geneva;\">Rodrigo Mex\u00eda, primo de Catalina, hab\u00eda actuado como Albacea de su padre Hernando de Salazar y de sus t\u00edos Mar\u00eda de C\u00e1rdenas y Juan de Palacios, y en esta ocasi\u00f3n volv\u00eda a apoyar a Catalina con el aval personal otorgado.<\/span><\/span><\/span><\/p>\n<p style=\"text-align: justify; \" mce_style=\"text-align: justify; \"><span style=\"font-size: medium; \" mce_style=\"font-size: medium;\"><span style=\"font-family: verdana, geneva; \" mce_style=\"font-family: verdana, geneva;\">El 18 de Mayo de 1595, Francisco de Salazar ha sido ordenado Sacerdote y celebra su primera misa. Por fin alg\u00fan hecho importante que celebrar en la familia de Catalina.<\/span><\/span><\/p>\n<p style=\"text-align: justify; \" mce_style=\"text-align: justify; \"><span style=\"font-size: medium; \" mce_style=\"font-size: medium;\"><span style=\"font-family: verdana, geneva; \" mce_style=\"font-family: verdana, geneva;\">A partir de 1595 Cervantes se halla con mas frecuencia en Esquivias, lo que representa para Catalina momentos de tranquilidad y apoyo personal.<\/span><\/span><\/p>\n<p style=\"text-align: justify; \" mce_style=\"text-align: justify; \"><span style=\"font-size: medium; \" mce_style=\"font-size: medium;\"><span style=\"font-family: verdana, geneva; \" mce_style=\"font-family: verdana, geneva;\">El 19 de Agosto de 1600 Fernando de Salazar y Palacios toma el h\u00e1bito de la Orden Franciscana en el Monasterio San Juan de los Reyes de Toledo, bajo el nombre de Fray Antonio de Salazar, renunciando a su herencia familiar y reparti\u00e9ndola entre sus hermanos Catalina y Francisco.<\/span><\/span><\/p>\n<p style=\"text-align: justify; \" mce_style=\"text-align: justify; \"><span style=\"font-size: medium; \" mce_style=\"font-size: medium;\"><span style=\"font-family: verdana, geneva; \" mce_style=\"font-family: verdana, geneva;\">Hemos obviado intencionadamente un hecho important\u00edsimo en la vida de Catalina, en su entorno familiar, en su comprensi\u00f3n para con su esposo: Nos estamos refiriendo a la relaci\u00f3n que hab\u00eda tenido Cervantes con la tabernera de Madrid Ana de Villafranca, o Ana Franca, casada, con la que Miguel reconoci\u00f3 haber tenido una hija, nacida el 19 de Noviembre de 1584. Veintitr\u00e9s d\u00edas antes de su boda con Catalina.<\/span><\/span><\/p>\n<p style=\"text-align: justify; \" mce_style=\"text-align: justify; \"><span style=\"font-size: medium; \" mce_style=\"font-size: medium;\"><span style=\"font-family: verdana, geneva; \" mce_style=\"font-family: verdana, geneva;\">No tenemos constancia de que Catalina tuviera conocimiento de la existencia de Isabel de Saavedra. Quienes si se hallaban al corriente de todo eran las hermanas de Cervantes: Magdalena y Andrea, y seguramente el Cura Juan de Palacios.<\/span><\/span><\/p>\n<p style=\"text-align: justify; \" mce_style=\"text-align: justify; \"><span style=\"font-size: medium; \" mce_style=\"font-size: medium;\"><span style=\"font-family: verdana, geneva; \" mce_style=\"font-family: verdana, geneva;\">A Isabel de Saavedra la cri\u00f3 y cuid\u00f3 su madre natural, pero he aqu\u00ed que el 12 de Mayo de 1598 fallece Ana de Villafranca, quedando Isabel, a sus 14 a\u00f1os, hu\u00e9rfana pues tambi\u00e9n hab\u00eda fallecido Alonso Rodriguez, esposo de Ana de Villafranca.<\/span><\/span><\/p>\n<p style=\"text-align: justify; \" mce_style=\"text-align: justify; \"><span style=\"font-size: medium; \" mce_style=\"font-size: medium;\"><span style=\"font-family: verdana, geneva; \" mce_style=\"font-family: verdana, geneva;\">Magdalena se encarga de comunicar a Miguel este luctuoso suceso y Cervantes se preocupa de recoger a Isabel, para lo que se firma un documento de fecha 11 de Agosto de 1599 donde consta que Isabel de Saavedra entra como criada al servicio de Magdalena de Cervantes.<\/span><\/span><\/p>\n<p style=\"text-align: justify; \" mce_style=\"text-align: justify; \"><span style=\"font-size: medium; \" mce_style=\"font-size: medium;\"><span style=\"font-family: verdana, geneva; \" mce_style=\"font-family: verdana, geneva;\">A partir del a\u00f1o 1600 Catalina puede acompa\u00f1ar a Cervantes a Madrid, y conocer\u00eda a la hija de este, como criada de Magdalena. Pero antes del verano de 1604 ya deb\u00eda tener conocimiento Catalina de que Isabel fuera hija leg\u00edtima de Cervantes. En ese a\u00f1o, la familia Cervantes se traslada a Valladolid, a donde en el a\u00f1o de 1601 se hab\u00eda trasladado la Corte, quedando la vida de Madrid muy apagada. As\u00ed pues, encontramos en Valladolid, en una peque\u00f1a casa en las proximidades del Hospital de la Resurrecci\u00f3n, a orillas del r\u00edo Esgueva, a Cervantes, Catalina, Isabel de Saavedra, Magdalena de Cervantes o Sotomayor, Andrea de Cervantes y la hija de esta Constanza de Ovando. A otra vivienda del mismo edificio se han trasladado tambi\u00e9n Do\u00f1a Juana Gait\u00e1n y Diego de Hondaro, su esposo.<\/span><\/span><\/p>\n<p style=\"text-align: justify; \" mce_style=\"text-align: justify; \"><span style=\"font-size: medium; \" mce_style=\"font-size: medium;\"><span style=\"font-family: verdana, geneva; \" mce_style=\"font-family: verdana, geneva;\">De nuevo la familia Cervantes se halla en relaci\u00f3n directa con lo mas selecto de la sociedad de la \u00e9poca.<\/span><\/span><\/p>\n<p style=\"text-align: justify; \" mce_style=\"text-align: justify; \"><span style=\"font-size: medium; \" mce_style=\"font-size: medium;\"><span style=\"font-family: verdana, geneva; \" mce_style=\"font-family: verdana, geneva;\">En Enero de 1605 se publica la Primera Parte de Don Quijote de la Mancha, hecho que r\u00e1pidamente represent\u00f3 un gran \u00e9xito literario. Catalina de nuevo vive momentos de euforia contenida por los \u00e9xitos de su esposo.<\/span><\/span><\/p>\n<p style=\"text-align: justify; \" mce_style=\"text-align: justify; \"><span style=\"font-size: medium; \" mce_style=\"font-size: medium;\"><span style=\"font-family: verdana, geneva; \" mce_style=\"font-family: verdana, geneva;\">En el mes de Marzo de 1605 fallece Diego de Hondaro, debiendo ser Catalina la que en esta ocasi\u00f3n tenga que servir de consuelo a Do\u00f1a Juana Gait\u00e1n.<\/span><\/span><\/p>\n<p style=\"text-align: justify; \" mce_style=\"text-align: justify; \"><span style=\"font-size: medium; \" mce_style=\"font-size: medium;\"><span style=\"font-family: verdana, geneva; \" mce_style=\"font-family: verdana, geneva;\">En Junio de dicho a\u00f1o, un suceso aconteci\u00f3 a las puertas de la vivienda de Cervantes: La muerte de Gaspar de Ezpeleta, dando orden el Alcalde Crist\u00f3bal Villarroel de llevar a toda la familia Cervantes a las dependencias judiciales para ser interrogados. Despu\u00e9s de estar toda la noche respondiendo a las preguntas sobre el caso, fueron puestos en libertad sin cargo alguno. La fama de posible promiscuidad de las hermanas de Cervantes pesaba como una losa sobre toda la familia.<\/span><\/span><\/p>\n<p style=\"text-align: justify; \" mce_style=\"text-align: justify; \"><span style=\"font-size: medium; \" mce_style=\"font-size: medium;\"><span style=\"font-family: verdana, geneva; \" mce_style=\"font-family: verdana, geneva;\">En el verano de 1606, cuando la Corte se traslada de nuevo a Madrid, la familia Cervantes tambi\u00e9n se traslada, fijando su residencia en Madrid, en diferentes domicilios en corto espacio de tiempo, donde Cervantes se halla mas en contacto con las academias de moda en los c\u00edrculos literarios y cortesanos de Madrid. Siempre viven con ellos Magdalena, Andrea y Constanza.<\/span><\/span><\/p>\n<p style=\"text-align: justify; \" mce_style=\"text-align: justify; \"><span style=\"font-size: medium; \" mce_style=\"font-size: medium;\"><span style=\"font-family: verdana, geneva; \" mce_style=\"font-family: verdana, geneva;\">A finales de dicho a\u00f1o Isabel de Saavedra, de 22 a\u00f1os de edad, se casa con Diego Sanz del \u00c1guila, siendo Cervantes y Catalina padrinos de las Velaciones de los nuevos esposos. Catalina, sin saberlo, se hallaba preparada con la dignidad que la caracterizaba para afrontar el hecho de la hija de Cervantes. Solo as\u00ed es posible comprender el grado de aceptaci\u00f3n sin l\u00edmites que tuvo Catalina con Isabel, junto con la demostraci\u00f3n por parte de Catalina del amor que ten\u00eda por Cervantes, sabiendo como ella sab\u00eda que <b>las manchas del pasado se limpian con el paso del tiempo<\/b>. En todo momento supo estar al lado de Cervantes. Cuid\u00f3 de la hija de este. Siempre le esper\u00f3 de sus frecuentes viajes a la Corte y Andaluc\u00eda, incluso tuvo que soportar las dudas de la gente, principalmente las de Lope de Vega, sobre su honorabilidad. Nada de eso era importante para Catalina. Lo importante era que la familia Cervantes se hallara reunida, muy bien avenida, siendo Catalina el centro de atenci\u00f3n y principal responsable de que esto fuera posible.<\/span><\/span><\/p>\n<p style=\"text-align: justify; \" mce_style=\"text-align: justify; \"><span style=\"font-size: medium; \" mce_style=\"font-size: medium;\"><span style=\"font-family: verdana, geneva; \" mce_style=\"font-family: verdana, geneva;\">El 9 de Octubre de 1609 muere en Madrid Andrea de Cervantes, a los 54 a\u00f1os de edad, quedando su hija Constanza, de 34 a\u00f1os, a cargo de Catalina.<\/span><\/span><\/p>\n<p style=\"text-align: justify; \" mce_style=\"text-align: justify; \"><span style=\"font-size: medium; \" mce_style=\"font-size: medium;\"><span style=\"font-family: verdana, geneva; \" mce_style=\"font-family: verdana, geneva;\">El 28 de Enero de 1611, fallece Magdalena de Cervantes, a los 48 a\u00f1os de edad.<\/span><\/span><\/p>\n<p style=\"text-align: justify; \" mce_style=\"text-align: justify; \"><span style=\"font-size: medium; \" mce_style=\"font-size: medium;\"><span style=\"font-family: verdana, geneva; \" mce_style=\"font-family: verdana, geneva;\">Pocos d\u00edas despu\u00e9s fallec\u00eda la nieta de Cervantes, Isabel Sanz, con el l\u00f3gico pesar de toda la familia.<\/span><\/span><\/p>\n<p style=\"text-align: justify; \" mce_style=\"text-align: justify; \"><span style=\"font-size: medium; \" mce_style=\"font-size: medium;\"><span style=\"font-family: verdana, geneva; \" mce_style=\"font-family: verdana, geneva;\">En 1612 la familia Cervantes y Constanza de Ovando se trasladan a la Calle de las Huertas de Madrid. Desde este nuevo domicilio, la familia Cervantes se halla instalada en la Alta Sociedad madrile\u00f1a. Atr\u00e1s quedaron los a\u00f1os de penumbra y desasosiego. El futuro se mostraba mucho mas esperanzador. La situaci\u00f3n econ\u00f3mica de la familia Cervantes adquiere un giro favorable al recoger los frutos de las publicaciones editadas, sobre todo de la Primera Parte del Quijote. Cervantes se puede permitir regalar a Catalina ricos vestidos de seda, mantos y otros adornos. Se hallan en una holgada situaci\u00f3n econ\u00f3mica y, salvo los hechos acontecidos, la familia segu\u00eda unida.<\/span><\/span><\/p>\n<p style=\"text-align: justify; \" mce_style=\"text-align: justify; \"><span style=\"font-size: medium; \" mce_style=\"font-size: medium;\"><span style=\"font-family: verdana, geneva; \" mce_style=\"font-family: verdana, geneva;\">Poco despu\u00e9s, el 31 de Octubre de 1615, sale publicada la Segunda Parte del Quijote.<\/span><\/span><\/p>\n<p style=\"text-align: justify; \" mce_style=\"text-align: justify; \"><span style=\"font-size: medium; \" mce_style=\"font-size: medium;\"><span style=\"font-family: verdana, geneva; \" mce_style=\"font-family: verdana, geneva;\">Tras la publicaci\u00f3n de la Segunda Parte del Quijote, Catalina vive los \u00e9xitos literarios de su esposo con la honestidad de que era poseedora. tuvo una esmerada educaci\u00f3n para aceptar los sinsabores que lleva consigo la vida, pero tambi\u00e9n fue inculcada en saber aceptar con humildad los parabienes, sin alardes ni pretensiones fuera de lo com\u00fan. Vivi\u00f3 y celebr\u00f3 los \u00e9xitos de Cervantes como si de propios se trataran.<\/span><\/span><\/p>\n<p style=\"text-align: justify; \" mce_style=\"text-align: justify; \"><span style=\"font-size: medium; \" mce_style=\"font-size: medium;\"><span style=\"font-family: verdana, geneva; \" mce_style=\"font-family: verdana, geneva;\">Cervantes y Catalina se desplazan frecuentemente a Toledo y Esquivias, a visitar a sus hermanos. Catalina nunca los apart\u00f3 de sus atenciones personales. Eran sus hermanos y a cumplir ese cometido tambi\u00e9n la hab\u00edan educado.<\/span><\/span><\/p>\n<p style=\"text-align: justify; \" mce_style=\"text-align: justify; \"><span style=\"font-size: medium; \" mce_style=\"font-size: medium;\"><span style=\"font-family: verdana, geneva; \" mce_style=\"font-family: verdana, geneva;\">Se hallan recogiendo los frutos de la Segunda Parte del Quijote, pero Cervantes cae enfermo, de hidropes\u00eda, enfermedad que le llevar\u00eda a la tumba. Catalina vive intensamente la proximidad de la muerte de su esposo. No se separa de el en ning\u00fan momento. En Abril de 1616 Cervantes y Catalina se hallan en Esquivias y de all\u00ed regresan a Madrid, pues Cervantes se sent\u00eda muy enfermo. Catalina es consciente de la gravedad de la enfermedad de su esposo. Es testigo de la sensata aceptaci\u00f3n que tiene Cervantes de su cr\u00edtico estado. Participa en ayudar a Cervantes a redactar la dedicatoria del Persiles, que representa la despedida de Cervantes de esta vida, de su vida con Catalina.<\/span><\/span><\/p>\n<p style=\"text-align: justify; \" mce_style=\"text-align: justify; \"><span style=\"font-size: medium; \" mce_style=\"font-size: medium;\"><span style=\"font-family: verdana, geneva; \" mce_style=\"font-family: verdana, geneva;\"><br \/><\/span><\/span><\/p>\n<p style=\"style\" mce_style=\"style\"><img loading=\"lazy\" decoding=\"async\" class=\" alignleft size-full wp-image-449 alignleft size-full wp-image-449\" src=\"http:\/\/www.cervantinaesquivias.org\/wordpress\/wp-content\/uploads\/2012\/10\/11.-dedicatoria-del-persiles-6.jpg\" mce_src=\"http:\/\/www.cervantinaesquivias.org\/wordpress\/wp-content\/uploads\/2012\/10\/11.-dedicatoria-del-persiles-6.jpg\" style=\"float: left; margin-left: 20px; margin-right: 20px;\" mce_style=\"float: left; margin-left: 20px; margin-right: 20px;\" width=\"510\" height=\"428\" srcset=\"http:\/\/www.cervantinaesquivias.org\/wordpress\/wp-content\/uploads\/2012\/10\/11.-dedicatoria-del-persiles-6.jpg 510w, http:\/\/www.cervantinaesquivias.org\/wordpress\/wp-content\/uploads\/2012\/10\/11.-dedicatoria-del-persiles-6-300x252.jpg 300w\" sizes=\"auto, (max-width: 510px) 100vw, 510px\" \/><\/p>\n<p style=\"text-align: justify; \" mce_style=\"text-align: justify; \"><span style=\"font-size: medium; \" mce_style=\"font-size: medium;\"><span style=\"font-family: verdana, geneva; \" mce_style=\"font-family: verdana, geneva;\"><br \/><\/span><\/span><\/p>\n<p style=\"text-align: justify; \" mce_style=\"text-align: justify; \"><\/p>\n<p style=\"text-align: justify; \" mce_style=\"text-align: justify; \"><\/p>\n<p style=\"text-align: justify; \" mce_style=\"text-align: justify; \"><\/p>\n<p style=\"text-align: justify; \" mce_style=\"text-align: justify; \"><span style=\"font-size: medium; \" mce_style=\"font-size: medium;\"><span style=\"font-family: verdana, geneva; \" mce_style=\"font-family: verdana, geneva;\">Con diligencia termina de escribir el Persiles y Sigismunda, tantas veces prometido. El 18 de Abril de 1616 Cervantes recibe los \u00faltimos Sacramentos, con pleno conocimiento, puesto que el siguiente d\u00eda redacta la dedicatoria del Persiles al Conde de Lemos:<\/span><\/span><\/p>\n<p style=\"text-align: justify; \" mce_style=\"text-align: justify; \"><\/p>\n<p style=\"text-align: justify; \" mce_style=\"text-align: justify; \"><\/p>\n<p style=\"text-align: justify; \" mce_style=\"text-align: justify; \"><\/p>\n<p style=\"text-align: justify; \" mce_style=\"text-align: justify; \"><\/p>\n<p style=\"text-align: justify; \" mce_style=\"text-align: justify; \"><\/p>\n<p style=\"text-align: justify; \" mce_style=\"text-align: justify; \"><\/p>\n<p style=\"text-align: justify; \" mce_style=\"text-align: justify; \"><\/p>\n<p style=\"text-align: justify; \" mce_style=\"text-align: justify; \"><span style=\"font-size: medium; \" mce_style=\"font-size: medium;\"><b style=\"style\" mce_style=\"style\"><span style=\"font-family: verdana, geneva; \" mce_style=\"font-family: verdana, geneva;\">\u00abAquellas coplas antiguas, que fueron en su tiempo celebradas, que comienzan:<\/span><\/b><\/span><\/p>\n<p style=\"text-align: center; \" mce_style=\"text-align: center; \"><span style=\"font-size: medium; \" mce_style=\"font-size: medium;\"><b style=\"style\" mce_style=\"style\"><span style=\"font-family: verdana, geneva; \" mce_style=\"font-family: verdana, geneva;\">Puesto el pie en el estribo<\/span><\/b><\/span><\/p>\n<p style=\"text-align: justify; \" mce_style=\"text-align: justify; \"><span style=\"font-size: medium; \" mce_style=\"font-size: medium;\"><b style=\"style\" mce_style=\"style\"><span style=\"font-family: verdana, geneva; \" mce_style=\"font-family: verdana, geneva;\">quisiera yo no vinieran tan a pelo en esta mi ep\u00edstola, porque casi con las mismas palabras las puedo comenzar, diciendo:<\/span><\/b><\/span><\/p>\n<p style=\"text-align: center; \" mce_style=\"text-align: center; \"><span style=\"font-size: medium; \" mce_style=\"font-size: medium;\"><b style=\"style\" mce_style=\"style\"><span style=\"font-family: verdana, geneva; \" mce_style=\"font-family: verdana, geneva;\">Puesto ya el pie en el estribo<\/span><\/b><\/span><\/p>\n<p style=\"text-align: center; \" mce_style=\"text-align: center; \"><span style=\"font-size: medium; \" mce_style=\"font-size: medium;\"><b style=\"style\" mce_style=\"style\"><span style=\"font-family: verdana, geneva; \" mce_style=\"font-family: verdana, geneva;\">con las ansias de la muerte,<\/span><\/b><\/span><\/p>\n<p style=\"text-align: center; \" mce_style=\"text-align: center; \"><span style=\"font-size: medium; \" mce_style=\"font-size: medium;\"><b style=\"style\" mce_style=\"style\"><span style=\"font-family: verdana, geneva; \" mce_style=\"font-family: verdana, geneva;\">gran se\u00f1or, esta te escribo.<\/span><\/b><\/span><\/p>\n<p style=\"text-align: justify; \" mce_style=\"text-align: justify; \"><span style=\"font-size: medium; \" mce_style=\"font-size: medium;\"><b style=\"style\" mce_style=\"style\"><span style=\"font-family: verdana, geneva; \" mce_style=\"font-family: verdana, geneva;\">Ayer me dieron la Extremaunci\u00f3n, y hoy escribo esta; el tiempo es breve, las ansias crecen, las esperanzas menguan, y, con todo eso, llevo la vida con el deseo que tengo de vivir&#8230;\u00bb<\/span><\/b><\/span><\/p>\n<p style=\"text-align: justify; \" mce_style=\"text-align: justify; \"><span style=\"font-size: medium; \" mce_style=\"font-size: medium;\"><span style=\"style\" mce_style=\"style\"><span style=\"font-family: verdana, geneva; \" mce_style=\"font-family: verdana, geneva;\">Y el Pr\u00f3logo:<\/span><\/span><\/span><\/p>\n<p style=\"text-align: justify; \" mce_style=\"text-align: justify; \"><span style=\"font-size: medium; \" mce_style=\"font-size: medium;\"><b style=\"style\" mce_style=\"style\"><span style=\"font-family: verdana, geneva; \" mce_style=\"font-family: verdana, geneva;\">\u00abSucedi\u00f3, pues, lector amant\u00edsimo, que viniendo otros dos amigos y yo del famoso lugar de Esquivias, por mil causas famoso, una por sus ilustres linajes, y otra por sus ilustr\u00edsimos vinos\u00bb<\/span><\/b><\/span><\/p>\n<p style=\"text-align: justify; \" mce_style=\"text-align: justify; \"><\/p>\n<p style=\"text-align: center; \" mce_style=\"text-align: center; \"><img loading=\"lazy\" decoding=\"async\" class=\" size-full wp-image-450 size-full wp-image-450\" src=\"http:\/\/www.cervantinaesquivias.org\/wordpress\/wp-content\/uploads\/2012\/10\/12.-muerte-de-cervantes-4.jpg\" mce_src=\"http:\/\/www.cervantinaesquivias.org\/wordpress\/wp-content\/uploads\/2012\/10\/12.-muerte-de-cervantes-4.jpg\" alt=\"alt\" style=\"style\" mce_style=\"style\" width=\"737\" height=\"617\" srcset=\"http:\/\/www.cervantinaesquivias.org\/wordpress\/wp-content\/uploads\/2012\/10\/12.-muerte-de-cervantes-4.jpg 737w, http:\/\/www.cervantinaesquivias.org\/wordpress\/wp-content\/uploads\/2012\/10\/12.-muerte-de-cervantes-4-300x251.jpg 300w\" sizes=\"auto, (max-width: 737px) 100vw, 737px\" \/><\/p>\n<p style=\"text-align: justify; \" mce_style=\"text-align: justify; \"><span style=\"font-size: medium; \" mce_style=\"font-size: medium;\"><b style=\"style\" mce_style=\"style\"><span style=\"font-family: verdana, geneva; \" mce_style=\"font-family: verdana, geneva;\"><br \/><\/span><\/b><\/span><\/p>\n<p style=\"text-align: justify; \" mce_style=\"text-align: justify; \"><span style=\"font-size: medium; \" mce_style=\"font-size: medium;\"><span style=\"font-family: verdana, geneva; \" mce_style=\"font-family: verdana, geneva;\">Los acontecimientos se suceden de forma vertiginosa, no hay vuelta atr\u00e1s para Cervantes, su estado de salud empeora r\u00e1p\u00ecdamente, su enfermedad <b>\u00ab&#8230;que no sanar\u00e1 todo el agua del mar Oc\u00e9ano que dulcemente se bebiese&#8230;\u00bb<\/b> avanza inexorablemente. Catalina le asiste con todo el amor que fue capaz de unirles. El 22 de Abril expira Cervantes, a los 69 a\u00f1os de edad, y el 23 es enterrado en el Convento de las Trinitarias de la Calle Cantarranas de Madrid. Pero al lado de Catalina se encuentran Isabel de Saavedra, Constanza de Ovando y Do\u00f1a Juana Gait\u00e1n, as\u00ed como los tertulianos de Cervantes.<\/span><\/span><\/p>\n<p style=\"text-align: justify; \" mce_style=\"text-align: justify; \"><\/p>\n<p style=\"text-align: center; \" mce_style=\"text-align: center; \"><img loading=\"lazy\" decoding=\"async\" class=\" size-full wp-image-451 size-full wp-image-451\" src=\"http:\/\/www.cervantinaesquivias.org\/wordpress\/wp-content\/uploads\/2012\/10\/13.-defuncion-de-cervantes-2.jpg\" mce_src=\"http:\/\/www.cervantinaesquivias.org\/wordpress\/wp-content\/uploads\/2012\/10\/13.-defuncion-de-cervantes-2.jpg\" alt=\"alt\" style=\"style\" mce_style=\"style\" width=\"709\" height=\"161\" srcset=\"http:\/\/www.cervantinaesquivias.org\/wordpress\/wp-content\/uploads\/2012\/10\/13.-defuncion-de-cervantes-2.jpg 709w, http:\/\/www.cervantinaesquivias.org\/wordpress\/wp-content\/uploads\/2012\/10\/13.-defuncion-de-cervantes-2-300x68.jpg 300w\" sizes=\"auto, (max-width: 709px) 100vw, 709px\" \/><\/p>\n<p style=\"text-align: center; \" mce_style=\"text-align: center; \">(Acta de defunci\u00f3n de Miguel de Cervantes Saavedra)<\/p>\n<p style=\"text-align: justify; \" mce_style=\"text-align: justify; \"><span style=\"font-size: medium; \" mce_style=\"font-size: medium;\"><span style=\"font-family: verdana, geneva; \" mce_style=\"font-family: verdana, geneva;\"><br \/><\/span><\/span><\/p>\n<p style=\"text-align: justify; \" mce_style=\"text-align: justify; \"><span style=\"font-size: medium; \" mce_style=\"font-size: medium;\"><span style=\"font-family: verdana, geneva; \" mce_style=\"font-family: verdana, geneva;\">Han pasado tan solo 32 a\u00f1os desde aquel 12 de Diciembre de 1584. Muchas cosas han acontecido en la vida de Catalina de Salazar y Palacios, pero este d\u00eda nunca lo pudo imaginar. Han pasado los a\u00f1os<b> con la lentitud de lo deseado y la rap\u00ecdez de lo vivido<\/b> al lado de su esposo. Esos a\u00f1os han sido muy intensos, llenos de zozobras, de sollozos, pero olvidados cuando Cervantes llegaba a Esquivias. Ya no hab\u00eda deseos, pues entonces eran realidades.<\/span><\/span><\/p>\n<p style=\"text-align: justify; \" mce_style=\"text-align: justify; \"><span style=\"font-size: medium; \" mce_style=\"font-size: medium;\"><span style=\"font-family: verdana, geneva; \" mce_style=\"font-family: verdana, geneva;\">Pero la vida sigue para Catalina. Al fallecimiento de Cervantes, Catalina, que cuenta con 51 a\u00f1os de edad, gestiona con Juan Villarroel la impresi\u00f3n de los Trabajos de Persiles y Sigismunda, que se imprime en Enero de 1617.<\/span><\/span><\/p>\n<p style=\"text-align: justify; \" mce_style=\"text-align: justify; \"><span style=\"font-size: medium; \" mce_style=\"font-size: medium;\"><span style=\"font-family: verdana, geneva; \" mce_style=\"font-family: verdana, geneva;\">Catalina sigui\u00f3 viviendo en Madrid, en el mismo domicilio donde hab\u00eda muerto Cervantes. Dispone de una econom\u00eda saneada, debido principalmente al \u00e9xito de las publicaciones de Miguel de Cervantes. Ya llegaban las de la Segunda Parte del Quijote, pues supuso el \u00e9xito anunciado y esperado por los lectores de la Primera Parte.<\/span><\/span><\/p>\n<p style=\"text-align: justify; \" mce_style=\"text-align: justify; \"><span style=\"font-size: medium; \" mce_style=\"font-size: medium;\"><span style=\"font-family: verdana, geneva; \" mce_style=\"font-family: verdana, geneva;\">El 21 de Septiembre de 1624 fallece Constanza de Ovando, que segu\u00eda viviendo con Catalina, a los 49 a\u00f1os de edad.<\/span><\/span><\/p>\n<p style=\"text-align: justify; \" mce_style=\"text-align: justify; \"><span style=\"font-size: medium; \" mce_style=\"font-size: medium;\"><span style=\"font-family: verdana, geneva; \" mce_style=\"font-family: verdana, geneva;\">El 20 de Octubre de 1626 Catalina otorga un nuevo Testamento, variando lo referente a su enterramiento, mandando ser enterrada en el Convento de las Trinitarias de Madrid, en sepultura de su esposo Miguel de Cervantes <b>\u00ab&#8230;por el mucho amor que se tuvieron en vida&#8230;\u00bb<\/b><\/span><\/span><\/p>\n<p style=\"text-align: justify; \" mce_style=\"text-align: justify; \"><span style=\"font-family: verdana, geneva; font-size: medium; \" mce_style=\"font-family: verdana, geneva; font-size: medium;\">El 30 de Octubre de 1626, diez a\u00f1os despu\u00e9s de haber fallecido Cervantes, muri\u00f3 Catalina de Salazar y Palacios, reci\u00e9n cumplidos los 61 a\u00f1os de edad, siendo enterrada el d\u00eda 31 en el Convento de las Trinitarias de Madrid, en sepultura de Miguel de Cervantes Saavedra, tal como ten\u00eda mandado en su Testamento.<\/span><\/p>\n<p style=\"text-align: justify; \" mce_style=\"text-align: justify; \"><span style=\"font-family: verdana, geneva; font-size: medium; \" mce_style=\"font-family: verdana, geneva; font-size: medium;\">La acompa\u00f1aron en su entierro sus hermanos Francisco y Fernando, Isabel de Saavedra, Luis de Molina, esposo en segundas nupcias de Isabel y Do\u00f1a Juana Gait\u00e1n.<\/span><\/p>\n<p style=\"text-align: justify; \" mce_style=\"text-align: justify; \"><span style=\"font-family: verdana, geneva; font-size: medium; \" mce_style=\"font-family: verdana, geneva; font-size: medium;\"><br \/><\/span><\/p>\n<p style=\"style\" mce_style=\"style\"><img loading=\"lazy\" decoding=\"async\" class=\" alignleft size-full wp-image-452 alignleft size-full wp-image-452\" src=\"http:\/\/www.cervantinaesquivias.org\/wordpress\/wp-content\/uploads\/2012\/10\/14.-catalina-de-palacios-4.jpg\" mce_src=\"http:\/\/www.cervantinaesquivias.org\/wordpress\/wp-content\/uploads\/2012\/10\/14.-catalina-de-palacios-4.jpg\" style=\"float: left; margin-left: 20px; margin-right: 20px;\" mce_style=\"float: left; margin-left: 20px; margin-right: 20px;\" width=\"425\" height=\"731\" srcset=\"http:\/\/www.cervantinaesquivias.org\/wordpress\/wp-content\/uploads\/2012\/10\/14.-catalina-de-palacios-4.jpg 425w, http:\/\/www.cervantinaesquivias.org\/wordpress\/wp-content\/uploads\/2012\/10\/14.-catalina-de-palacios-4-174x300.jpg 174w\" sizes=\"auto, (max-width: 425px) 100vw, 425px\" \/><\/p>\n<p style=\"text-align: justify; \" mce_style=\"text-align: justify; \"><span style=\"font-family: verdana, geneva; font-size: medium; \" mce_style=\"font-family: verdana, geneva; font-size: medium;\"><br \/><\/span><\/p>\n<p style=\"text-align: justify; \" mce_style=\"text-align: justify; \"><\/p>\n<p style=\"text-align: justify; \" mce_style=\"text-align: justify; \"><\/p>\n<p style=\"text-align: justify; \" mce_style=\"text-align: justify; \"><\/p>\n<p style=\"text-align: justify; \" mce_style=\"text-align: justify; \"><\/p>\n<p style=\"text-align: justify; \" mce_style=\"text-align: justify; \"><\/p>\n<p style=\"text-align: justify; \" mce_style=\"text-align: justify; \"><\/p>\n<p style=\"text-align: justify; \" mce_style=\"text-align: justify; \"><span style=\"font-size: medium; \" mce_style=\"font-size: medium;\"><span style=\"font-family: verdana, geneva; \" mce_style=\"font-family: verdana, geneva;\">Catalina de Salazar y Palacios fue una gran se\u00f1ora. Fue una noble Hidalga de Esquivias, con unas honorables ascendencias, tanto por parte de los Salazares como de los Palacios, C\u00e1rdenas y Vozmedianos. De profunda ra\u00edz toledana. Fue una lugare\u00f1a de Esquivias que ten\u00eda la clase que le daba su ascendencia. Se hac\u00eda llamar, y firmaba, como Do\u00f1a Catalina de Palacios y Salazar. Cervantes, por boca de Don Quijote dice: <b>\u00ab&#8230;porque la sangre se hereda, y la virtud se aquista y la virtud vale por si sola lo que la sangre no vale&#8230;\u00bb<\/b><\/span><\/span><\/p>\n<p style=\"text-align: justify; \" mce_style=\"text-align: justify; \"><\/p>\n<p style=\"text-align: justify; \" mce_style=\"text-align: justify; \"><\/p>\n<p style=\"text-align: justify; \" mce_style=\"text-align: justify; \"><\/p>\n<p style=\"text-align: justify; \" mce_style=\"text-align: justify; \"><\/p>\n<p style=\"text-align: justify; \" mce_style=\"text-align: justify; \"><\/p>\n<p style=\"text-align: justify; \" mce_style=\"text-align: justify; \"><\/p>\n<p style=\"text-align: justify; \" mce_style=\"text-align: justify; \"><\/p>\n<p style=\"text-align: justify; \" mce_style=\"text-align: justify; \"><\/p>\n<p style=\"text-align: justify; \" mce_style=\"text-align: justify; \"><\/p>\n<p style=\"text-align: justify; \" mce_style=\"text-align: justify; \"><\/p>\n<p style=\"text-align: justify; \" mce_style=\"text-align: justify; \"><\/p>\n<p style=\"text-align: justify; \" mce_style=\"text-align: justify; \">\u00a0 \u00a0 \u00a0 \u00a0 \u00a0 \u00a0 \u00a0 \u00a0 \u00a0 \u00a0 \u00a0 (Busto de Catalina de Salazar y Palacios en Esquivias)<\/p>\n<p style=\"text-align: justify; \" mce_style=\"text-align: justify; \"><\/p>\n<p style=\"text-align: justify; \" mce_style=\"text-align: justify; \"><span style=\"font-size: medium; \" mce_style=\"font-size: medium;\"><span style=\"font-family: verdana, geneva; \" mce_style=\"font-family: verdana, geneva;\">No se conoce ninguna identificaci\u00f3n f\u00edsica de Catalina de Salazar y Palacios. Cervantes tuvo mucho cuidado de que su nombre no se mezclara en cuestiones que pudieran manchar su limpio linaje, su imagen personal. Deb\u00eda ser una mujer hermosa, inteligente, culta y educada, sin renunciar a las tareas y labores dom\u00e9sticas. Cervantes no pod\u00eda enamorarse de una vulgar mujer, ten\u00eda que ser excepcional, como lo era Cervantes. Alejada de la imagen de rancia Hidalga; con ingenio, seguro; desenvuelta, sin lugar a dudas, y con una bondad exquisita; desinteresada, demostrado; con car\u00e1cter, como pudo comprobar Lope de Vega ante el cad\u00e1ver de Cervantes, pudo haberle increpado por las habladur\u00edas vertidas sobre su persona, pero Catalina no pod\u00eda caer en un acto de debilidad de personas con mas baja formaci\u00f3n personal, como la que ella pose\u00eda.<\/span><\/span><\/p>\n<p style=\"text-align: justify; \" mce_style=\"text-align: justify; \"><span style=\"font-size: medium; \" mce_style=\"font-size: medium;\"><span style=\"font-family: verdana, geneva; \" mce_style=\"font-family: verdana, geneva;\">Cervantes concede a Catalina la libertad que esta noble y culta esquiviana precisa, y Catalina le correspondi\u00f3 con una vida de entrega, callada y discreta, pero con la independencia que precisara su persona, su inteligencia. Pero Cervantes si hace una descripci\u00f3n sobre la personalidad de Dulcinea, que bien debiera estar refiri\u00e9ndose a su esposa Catalina: <b>\u00ab&#8230;puesto que la contemplo como conviene que sea una dama que contenga en si las partes que puedan hacerla famosa en todas las del mundo: hermosa sin tacha, grave sin soberbia, amorosa con honestidad, agradecida por cort\u00e9s, cort\u00e9s por bien nacida y, finalmente, alta por linaje a causa que sobre la buena sangre resplandece y campea la hermosura con mas grados de perfecci\u00f3n que de las hermosas humildemente nacidas&#8230;\u00bb<\/b> Evidentemente, Catalina se ve reflejada en todo el texto.<\/span><\/span><\/p>\n<p style=\"text-align: justify; \" mce_style=\"text-align: justify; \"><span style=\"font-size: medium; \" mce_style=\"font-size: medium;\"><span style=\"font-family: verdana, geneva; \" mce_style=\"font-family: verdana, geneva;\">Asisti\u00f3 a las bodas de Isabel de Saavedra y de sus Velaciones con Luis de Molina, siendo Cervantes y Catalina sus padrinos. Cuida de Isabel como si de su propia hija se tratara. La educaci\u00f3n que recibi\u00f3 Catalina no contemplaba otra situaci\u00f3n que no fuera esa actitud, y siempre espera a Cervantes por el gran amor que le tiene. Quien todo eso hace no puede ser una vulgar mujer, <b>ha de ser una Gran Se\u00f1ora<\/b>.<\/span><\/span><\/p>\n<p style=\"text-align: right; \" mce_style=\"text-align: right; \"><span style=\"font-size: medium; \" mce_style=\"font-size: medium;\"><i><b style=\"style\" mce_style=\"style\"><span style=\"font-family: helvetica;\" mce_style=\"font-family: helvetica;\"><span style=\"font-size: small;\" mce_style=\"font-size: small;\">Sabino de Diego<\/span>.<\/span><\/b><\/i><\/span><\/p>\n<p style=\"text-align: right; \" mce_style=\"text-align: right; \"><\/p>\n<p style=\"text-align: right; \" mce_style=\"text-align: right; \"><span style=\"font-family: verdana, geneva; font-size: medium; text-align: justify; \" mce_style=\"font-family: verdana, geneva; font-size: medium; text-align: justify; \">Para finalizar el Acto, Clara Truchado Mart\u00edn, con la calidad contrastada que atesora, declam\u00f3 unos poemas compuestos para este Acto por Don Jos\u00e9 Rosell Villasevil.<\/span><\/p>\n<p style=\"text-align: justify; \" mce_style=\"text-align: justify; \"><\/p>\n<p style=\"text-align: center; \" mce_style=\"text-align: center; \"><img loading=\"lazy\" decoding=\"async\" class=\" size-full wp-image-453 size-full wp-image-453\" src=\"http:\/\/www.cervantinaesquivias.org\/wordpress\/wp-content\/uploads\/2012\/10\/clara-26-10-12.jpg\" mce_src=\"http:\/\/www.cervantinaesquivias.org\/wordpress\/wp-content\/uploads\/2012\/10\/clara-26-10-12.jpg\" alt=\"alt\" style=\"style\" mce_style=\"style\" width=\"567\" height=\"756\" srcset=\"http:\/\/www.cervantinaesquivias.org\/wordpress\/wp-content\/uploads\/2012\/10\/clara-26-10-12.jpg 567w, http:\/\/www.cervantinaesquivias.org\/wordpress\/wp-content\/uploads\/2012\/10\/clara-26-10-12-225x300.jpg 225w\" sizes=\"auto, (max-width: 567px) 100vw, 567px\" \/><\/p>\n<p style=\"text-align: center; \" mce_style=\"text-align: center; \"><span style=\"font-size: medium; \" mce_style=\"font-size: medium;\"><span style=\"font-size: small; \" mce_style=\"font-size: small;\">(Clara Truchado declamando el Poema a Catalina)<\/span><\/span><\/p>\n<p style=\"text-align: justify; \" mce_style=\"text-align: justify; \"><\/p>\n<p style=\"text-align: justify; \" mce_style=\"text-align: justify; \"><\/p>\n<p style=\"text-align: center; \" mce_style=\"text-align: center; \"><span style=\"font-size: medium; \" mce_style=\"font-size: medium;\"><span style=\"font-family: verdana, geneva; \" mce_style=\"font-family: verdana, geneva;\">T\u00edtulo: Sanchica, Teresa Panza y el eco de Santa B\u00e1rbara (Romancillo):<\/span><\/span><\/p>\n<p style=\"text-align: center; \" mce_style=\"text-align: center; \"><\/p>\n<p style=\"text-align: center; \" mce_style=\"text-align: center; \"><span style=\"font-size: medium; \" mce_style=\"font-size: medium;\"><span style=\"font-family: verdana, geneva; \" mce_style=\"font-family: verdana, geneva;\">-Madre, lleg\u00f3 un caballero<\/span><\/span><\/p>\n<p style=\"text-align: center; \" mce_style=\"text-align: center; \"><span style=\"font-size: medium; \" mce_style=\"font-size: medium;\"><span style=\"font-family: verdana, geneva; \" mce_style=\"font-family: verdana, geneva;\">a Esquivias, trae guantelete<\/span><\/span><\/p>\n<p style=\"text-align: center; \" mce_style=\"text-align: center; \"><span style=\"font-size: medium; \" mce_style=\"font-size: medium;\"><span style=\"font-family: verdana, geneva; \" mce_style=\"font-family: verdana, geneva;\">bien sujeto a la siniestra;<\/span><\/span><\/p>\n<p style=\"text-align: center; \" mce_style=\"text-align: center; \"><span style=\"font-size: medium; \" mce_style=\"font-size: medium;\"><span style=\"font-family: verdana, geneva; \" mce_style=\"font-family: verdana, geneva;\">dicen que manc\u00f3 en Lepanto<\/span><\/span><\/p>\n<p style=\"text-align: center; \" mce_style=\"text-align: center; \"><span style=\"font-size: medium; \" mce_style=\"font-size: medium;\"><span style=\"font-family: verdana, geneva; \" mce_style=\"font-family: verdana, geneva;\">una ma\u00f1ana de fiesta,\u00a0<\/span><\/span><\/p>\n<p style=\"text-align: center; \" mce_style=\"text-align: center; \"><span style=\"font-size: medium; \" mce_style=\"font-size: medium;\"><span style=\"font-family: verdana, geneva; \" mce_style=\"font-family: verdana, geneva;\">de alegrias y de gloria.<\/span><\/span><\/p>\n<p style=\"text-align: center; \" mce_style=\"text-align: center; \"><span style=\"font-size: medium; \" mce_style=\"font-size: medium;\"><span style=\"font-family: verdana, geneva; \" mce_style=\"font-family: verdana, geneva;\">Yo no s\u00e9 si son patra\u00f1as,<\/span><\/span><\/p>\n<p style=\"text-align: center; \" mce_style=\"text-align: center; \"><span style=\"font-size: medium; \" mce_style=\"font-size: medium;\"><span style=\"font-size: medium; \" mce_style=\"font-size: medium;\"><span style=\"font-family: verdana, geneva; \" mce_style=\"font-family: verdana, geneva;\">a veces miente la historia.<\/span><\/span><\/span><\/p>\n<p style=\"text-align: center; \" mce_style=\"text-align: center; \"><span style=\"font-size: medium; \" mce_style=\"font-size: medium;\"><span style=\"font-family: verdana, geneva; \" mce_style=\"font-family: verdana, geneva;\"><br \/><\/span><\/span><\/p>\n<p style=\"text-align: center; \" mce_style=\"text-align: center; \"><span style=\"font-size: medium; \" mce_style=\"font-size: medium;\"><span style=\"font-size: medium; \" mce_style=\"font-size: medium;\"><span style=\"font-family: verdana, geneva; \" mce_style=\"font-family: verdana, geneva;\">Hay quien dice que su diestra<\/span><\/span><\/span><\/p>\n<p style=\"text-align: center; \" mce_style=\"text-align: center; \"><span style=\"font-size: medium; \" mce_style=\"font-size: medium;\"><span style=\"font-family: verdana, geneva; \" mce_style=\"font-family: verdana, geneva;\">vale ampliamente por ambas;<\/span><\/span><\/p>\n<p style=\"text-align: center; \" mce_style=\"text-align: center; \"><span style=\"font-size: medium; \" mce_style=\"font-size: medium;\"><span style=\"font-family: verdana, geneva; \" mce_style=\"font-family: verdana, geneva;\">que tiene las barbas de oro<\/span><\/span><\/p>\n<p style=\"text-align: center; \" mce_style=\"text-align: center; \"><span style=\"font-size: medium; \" mce_style=\"font-size: medium;\"><span style=\"font-family: verdana, geneva; \" mce_style=\"font-family: verdana, geneva;\">y un tanto \u00abcarg\u00e1\u00bb la espalda.<\/span><\/span><\/p>\n<p style=\"text-align: center; \" mce_style=\"text-align: center; \"><span style=\"font-size: medium; \" mce_style=\"font-size: medium;\"><span style=\"font-family: verdana, geneva; \" mce_style=\"font-family: verdana, geneva;\">Pero que es un gran cristiano<\/span><\/span><\/p>\n<p style=\"text-align: center; \" mce_style=\"text-align: center; \"><span style=\"font-size: medium; \" mce_style=\"font-size: medium;\"><span style=\"font-family: verdana, geneva; \" mce_style=\"font-family: verdana, geneva;\">valiente donde los haya.<\/span><\/span><\/p>\n<p style=\"text-align: center; \" mce_style=\"text-align: center; \"><span style=\"font-size: medium; \" mce_style=\"font-size: medium;\"><span style=\"font-family: verdana, geneva; \" mce_style=\"font-family: verdana, geneva;\"><br \/><\/span><\/span><\/p>\n<p style=\"text-align: center; \" mce_style=\"text-align: center; \"><span style=\"font-size: medium; \" mce_style=\"font-size: medium;\"><span style=\"font-family: verdana, geneva; \" mce_style=\"font-family: verdana, geneva;\">Estos d\u00edas de vendimia<\/span><\/span><\/p>\n<p style=\"text-align: center; \" mce_style=\"text-align: center; \"><span style=\"font-size: medium; \" mce_style=\"font-size: medium;\"><span style=\"font-family: verdana, geneva; \" mce_style=\"font-family: verdana, geneva;\">vino a ver a la Gaitana<\/span><\/span><\/p>\n<p style=\"text-align: center; \" mce_style=\"text-align: center; \"><span style=\"font-size: medium; \" mce_style=\"font-size: medium;\"><span style=\"font-family: verdana, geneva; \" mce_style=\"font-family: verdana, geneva;\">Para un asunto de libros<\/span><\/span><\/p>\n<p style=\"text-align: center; \" mce_style=\"text-align: center; \"><span style=\"font-size: medium; \" mce_style=\"font-size: medium;\"><span style=\"font-family: verdana, geneva; \" mce_style=\"font-family: verdana, geneva;\">de versos, o poes\u00edas<\/span><\/span><\/p>\n<p style=\"text-align: center; \" mce_style=\"text-align: center; \"><span style=\"font-size: medium; \" mce_style=\"font-size: medium;\"><span style=\"font-family: verdana, geneva; \" mce_style=\"font-family: verdana, geneva;\">que yo, madre, no comprendo.<\/span><\/span><\/p>\n<p style=\"text-align: center; \" mce_style=\"text-align: center; \"><span style=\"font-size: medium; \" mce_style=\"font-size: medium;\"><span style=\"font-family: verdana, geneva; \" mce_style=\"font-family: verdana, geneva;\"><br \/><\/span><\/span><\/p>\n<p style=\"text-align: center; \" mce_style=\"text-align: center; \"><span style=\"font-size: medium; \" mce_style=\"font-size: medium;\"><span style=\"font-family: verdana, geneva; \" mce_style=\"font-family: verdana, geneva;\">Pero lo que mas me duele,<\/span><\/span><\/p>\n<p style=\"text-align: center; \" mce_style=\"text-align: center; \"><span style=\"font-size: medium; \" mce_style=\"font-size: medium;\"><span style=\"font-family: verdana, geneva; \" mce_style=\"font-family: verdana, geneva;\">y eso si que bien entiendo,\u00a0<\/span><\/span><\/p>\n<p style=\"text-align: center; \" mce_style=\"text-align: center; \"><span style=\"font-size: medium; \" mce_style=\"font-size: medium;\"><span style=\"font-family: verdana, geneva; \" mce_style=\"font-family: verdana, geneva;\">es que se lleva la moza<\/span><\/span><\/p>\n<p style=\"text-align: center; \" mce_style=\"text-align: center; \"><span style=\"font-size: medium; \" mce_style=\"font-size: medium;\"><span style=\"font-family: verdana, geneva; \" mce_style=\"font-family: verdana, geneva;\">mas bella que hay en el pueblo.<\/span><\/span><\/p>\n<p style=\"text-align: center; \" mce_style=\"text-align: center; \"><span style=\"font-size: medium; \" mce_style=\"font-size: medium;\"><span style=\"font-family: verdana, geneva; \" mce_style=\"font-family: verdana, geneva;\"><br \/><\/span><\/span><\/p>\n<p style=\"text-align: center; \" mce_style=\"text-align: center; \"><span style=\"font-size: medium; \" mce_style=\"font-size: medium;\"><span style=\"font-family: verdana, geneva; \" mce_style=\"font-family: verdana, geneva;\">Mire \u00abuste\u00bb, madre, que cosas:<\/span><\/span><\/p>\n<p style=\"text-align: center; \" mce_style=\"text-align: center; \"><span style=\"font-size: medium; \" mce_style=\"font-size: medium;\"><span style=\"font-family: verdana, geneva; \" mce_style=\"font-family: verdana, geneva;\">La hija de don Hernando<\/span><\/span><\/p>\n<p style=\"text-align: center; \" mce_style=\"text-align: center; \"><span style=\"font-size: medium; \" mce_style=\"font-size: medium;\"><span style=\"font-family: verdana, geneva; \" mce_style=\"font-family: verdana, geneva;\">mas bella que lo luceros<\/span><\/span><\/p>\n<p style=\"text-align: center; \" mce_style=\"text-align: center; \"><span style=\"font-size: medium; \" mce_style=\"font-size: medium;\"><span style=\"font-family: verdana, geneva; \" mce_style=\"font-family: verdana, geneva;\">y mas frescas que las rosas,<\/span><\/span><\/p>\n<p style=\"text-align: center; \" mce_style=\"text-align: center; \"><span style=\"font-size: medium; \" mce_style=\"font-size: medium;\"><span style=\"font-family: verdana, geneva; \" mce_style=\"font-family: verdana, geneva;\">da su amor a un forastero.\u00a0<\/span><\/span><\/p>\n<p style=\"text-align: center; \" mce_style=\"text-align: center; \"><span style=\"font-size: medium; \" mce_style=\"font-size: medium;\"><span style=\"font-family: verdana, geneva; \" mce_style=\"font-family: verdana, geneva;\">\u00a1Si no lo veo, no lo creo\u00a1<\/span><\/span><\/p>\n<p style=\"text-align: center; \" mce_style=\"text-align: center; \"><span style=\"font-size: medium; \" mce_style=\"font-size: medium;\"><span style=\"font-family: verdana, geneva; \" mce_style=\"font-family: verdana, geneva;\"><br \/><\/span><\/span><\/p>\n<p style=\"text-align: center; \" mce_style=\"text-align: center; \"><span style=\"font-size: medium; \" mce_style=\"font-size: medium;\"><span style=\"font-family: verdana, geneva; \" mce_style=\"font-family: verdana, geneva;\">-Sanchica, cosas del alma.<\/span><\/span><\/p>\n<p style=\"text-align: center; \" mce_style=\"text-align: center; \"><span style=\"font-size: medium; \" mce_style=\"font-size: medium;\"><span style=\"font-family: verdana, geneva; \" mce_style=\"font-family: verdana, geneva;\">Tiene casi veinte a\u00f1os<\/span><\/span><\/p>\n<p style=\"text-align: center; \" mce_style=\"text-align: center; \"><span style=\"font-size: medium; \" mce_style=\"font-size: medium;\"><span style=\"font-family: verdana, geneva; \" mce_style=\"font-family: verdana, geneva;\">y en sus venas sangre hidalga.<\/span><\/span><\/p>\n<p style=\"text-align: center; \" mce_style=\"text-align: center; \"><span style=\"font-size: medium; \" mce_style=\"font-size: medium;\"><span style=\"font-family: verdana, geneva; \" mce_style=\"font-family: verdana, geneva;\">No has de decir Catalina<\/span><\/span><\/p>\n<p style=\"text-align: center; \" mce_style=\"text-align: center; \"><span style=\"font-size: medium; \" mce_style=\"font-size: medium;\"><span style=\"font-family: verdana, geneva; \" mce_style=\"font-family: verdana, geneva;\">Sino do\u00f1a, como debes.<\/span><\/span><\/p>\n<p style=\"text-align: center; \" mce_style=\"text-align: center; \"><span style=\"font-size: medium; \" mce_style=\"font-size: medium;\"><span style=\"font-family: verdana, geneva; \" mce_style=\"font-family: verdana, geneva;\"><br \/><\/span><\/span><\/p>\n<p style=\"text-align: center; \" mce_style=\"text-align: center; \"><span style=\"font-size: medium; \" mce_style=\"font-size: medium;\"><span style=\"font-family: verdana, geneva; \" mce_style=\"font-family: verdana, geneva;\">-Por la alameda adelante<\/span><\/span><\/p>\n<p style=\"text-align: center; \" mce_style=\"text-align: center; \"><span style=\"font-size: medium; \" mce_style=\"font-size: medium;\"><span style=\"font-family: verdana, geneva; \" mce_style=\"font-family: verdana, geneva;\">va una pareja de charla\u00a0<\/span><\/span><\/p>\n<p style=\"text-align: center; \" mce_style=\"text-align: center; \"><span style=\"font-size: medium; \" mce_style=\"font-size: medium;\"><span style=\"font-family: verdana, geneva; \" mce_style=\"font-family: verdana, geneva;\">como si fuese flotando;<\/span><\/span><\/p>\n<p style=\"text-align: center; \" mce_style=\"text-align: center; \"><span style=\"font-size: medium; \" mce_style=\"font-size: medium;\"><span style=\"font-family: verdana, geneva; \" mce_style=\"font-family: verdana, geneva;\">el lleva la espada al cinto<\/span><\/span><\/p>\n<p style=\"text-align: center; \" mce_style=\"text-align: center; \"><span style=\"font-size: medium; \" mce_style=\"font-size: medium;\"><span style=\"font-family: verdana, geneva; \" mce_style=\"font-family: verdana, geneva;\">a\u00fan con dignidad y garbo.<\/span><\/span><\/p>\n<p style=\"text-align: center; \" mce_style=\"text-align: center; \"><span style=\"font-size: medium; \" mce_style=\"font-size: medium;\"><span style=\"font-family: verdana, geneva; \" mce_style=\"font-family: verdana, geneva;\">\u00a1Y eso que las malas lenguas<\/span><\/span><\/p>\n<p style=\"text-align: center; \" mce_style=\"text-align: center; \"><span style=\"font-size: medium; \" mce_style=\"font-size: medium;\"><span style=\"font-family: verdana, geneva; \" mce_style=\"font-family: verdana, geneva;\">le echan cuarenta a\u00f1os\u00a1<\/span><\/span><\/p>\n<p style=\"text-align: center; \" mce_style=\"text-align: center; \"><span style=\"font-size: medium; \" mce_style=\"font-size: medium;\"><span style=\"font-family: verdana, geneva; \" mce_style=\"font-family: verdana, geneva;\"><br \/><\/span><\/span><\/p>\n<p style=\"text-align: center; \" mce_style=\"text-align: center; \"><span style=\"font-size: medium; \" mce_style=\"font-size: medium;\"><span style=\"font-family: verdana, geneva; \" mce_style=\"font-family: verdana, geneva;\">La cabellera casta\u00f1a<\/span><\/span><\/p>\n<p style=\"text-align: center; \" mce_style=\"text-align: center; \"><span style=\"font-size: medium; \" mce_style=\"font-size: medium;\"><span style=\"font-family: verdana, geneva; \" mce_style=\"font-family: verdana, geneva;\">de la moza vuela al aire,<\/span><\/span><\/p>\n<p style=\"text-align: center; \" mce_style=\"text-align: center; \"><span style=\"font-size: medium; \" mce_style=\"font-size: medium;\"><span style=\"font-family: verdana, geneva; \" mce_style=\"font-family: verdana, geneva;\">va de negro riguroso<\/span><\/span><\/p>\n<p style=\"text-align: center; \" mce_style=\"text-align: center; \"><span style=\"font-size: medium; \" mce_style=\"font-size: medium;\"><span style=\"font-family: verdana, geneva; \" mce_style=\"font-family: verdana, geneva;\">que ha fallecido su padre.<\/span><\/span><\/p>\n<p style=\"text-align: center; \" mce_style=\"text-align: center; \"><span style=\"font-size: medium; \" mce_style=\"font-size: medium;\"><span style=\"font-family: verdana, geneva; \" mce_style=\"font-family: verdana, geneva;\">\u00a1Ay, que cara tan hermosa,<\/span><\/span><\/p>\n<p style=\"text-align: center; \" mce_style=\"text-align: center; \"><span style=\"font-size: medium; \" mce_style=\"font-size: medium;\"><span style=\"font-family: verdana, geneva; \" mce_style=\"font-family: verdana, geneva;\">que andar con tanta raigambre\u00a1<\/span><\/span><\/p>\n<p style=\"text-align: center; \" mce_style=\"text-align: center; \"><span style=\"font-size: medium; \" mce_style=\"font-size: medium;\"><span style=\"font-family: verdana, geneva; \" mce_style=\"font-family: verdana, geneva;\"><br \/><\/span><\/span><\/p>\n<p style=\"text-align: center; \" mce_style=\"text-align: center; \"><span style=\"font-size: medium; \" mce_style=\"font-size: medium;\"><span style=\"font-family: verdana, geneva; \" mce_style=\"font-family: verdana, geneva;\">No deja de hablar el hombre<\/span><\/span><\/p>\n<p style=\"text-align: center; \" mce_style=\"text-align: center; \"><span style=\"font-size: medium; \" mce_style=\"font-size: medium;\"><span style=\"font-family: verdana, geneva; \" mce_style=\"font-family: verdana, geneva;\">ni ella deja de mirarle,\u00a0<\/span><\/span><\/p>\n<p style=\"text-align: center; \" mce_style=\"text-align: center; \"><span style=\"font-size: medium; \" mce_style=\"font-size: medium;\"><span style=\"font-family: verdana, geneva; \" mce_style=\"font-family: verdana, geneva;\">unas veces sonriendo, <\/span><\/span><\/p>\n<p style=\"text-align: center; \" mce_style=\"text-align: center; \"><span style=\"font-size: medium; \" mce_style=\"font-size: medium;\"><span style=\"font-family: verdana, geneva; \" mce_style=\"font-family: verdana, geneva;\">otras seria, muy callada,<\/span><\/span><\/p>\n<p style=\"text-align: center; \" mce_style=\"text-align: center; \"><span style=\"font-size: medium; \" mce_style=\"font-size: medium;\"><span style=\"font-family: verdana, geneva; \" mce_style=\"font-family: verdana, geneva;\">con se\u00f1ales de admirarle.<\/span><\/span><\/p>\n<p style=\"text-align: center; \" mce_style=\"text-align: center; \"><span style=\"font-size: medium; \" mce_style=\"font-size: medium;\"><span style=\"font-family: verdana, geneva; \" mce_style=\"font-family: verdana, geneva;\"><br \/><\/span><\/span><\/p>\n<p style=\"text-align: center; \" mce_style=\"text-align: center; \"><span style=\"font-size: medium; \" mce_style=\"font-size: medium;\"><span style=\"font-family: verdana, geneva; \" mce_style=\"font-family: verdana, geneva;\">La ha cogido de la mano<\/span><\/span><\/p>\n<p style=\"text-align: center; \" mce_style=\"text-align: center; \"><span style=\"font-size: medium; \" mce_style=\"font-size: medium;\"><span style=\"font-family: verdana, geneva; \" mce_style=\"font-family: verdana, geneva;\">\u00a1y se la ha besado, madre\u00a1<\/span><\/span><\/p>\n<p style=\"text-align: center; \" mce_style=\"text-align: center; \"><span style=\"font-size: medium; \" mce_style=\"font-size: medium;\"><span style=\"font-family: verdana, geneva; \" mce_style=\"font-family: verdana, geneva;\">ella se ha puesto encendida,<\/span><\/span><\/p>\n<p style=\"text-align: center; \" mce_style=\"text-align: center; \"><span style=\"font-size: medium; \" mce_style=\"font-size: medium;\"><span style=\"font-family: verdana, geneva; \" mce_style=\"font-family: verdana, geneva;\">pero sonr\u00eda con donaire.<\/span><\/span><\/p>\n<p style=\"text-align: center; \" mce_style=\"text-align: center; \"><span style=\"font-size: medium; \" mce_style=\"font-size: medium;\"><span style=\"font-family: verdana, geneva; \" mce_style=\"font-family: verdana, geneva;\"><br \/><\/span><\/span><\/p>\n<p style=\"text-align: center; \" mce_style=\"text-align: center; \"><span style=\"font-size: medium; \" mce_style=\"font-size: medium;\"><span style=\"font-family: verdana, geneva; \" mce_style=\"font-family: verdana, geneva;\">La toma por la cintura&#8230;<\/span><\/span><\/p>\n<p style=\"text-align: center; \" mce_style=\"text-align: center; \"><span style=\"font-size: medium; \" mce_style=\"font-size: medium;\"><span style=\"font-family: verdana, geneva; \" mce_style=\"font-family: verdana, geneva;\">Mira que la da un abrazo.<\/span><\/span><\/p>\n<p style=\"text-align: center; \" mce_style=\"text-align: center; \"><span style=\"font-size: medium; \" mce_style=\"font-size: medium;\"><span style=\"font-family: verdana, geneva; \" mce_style=\"font-family: verdana, geneva;\">Ahora la besa los labios<\/span><\/span><\/p>\n<p style=\"text-align: center; \" mce_style=\"text-align: center; \"><span style=\"font-size: medium; \" mce_style=\"font-size: medium;\"><span style=\"font-family: verdana, geneva; \" mce_style=\"font-family: verdana, geneva;\">\u00a1y con qu\u00e9 dulzura, madre\u00a1<\/span><\/span><\/p>\n<p style=\"text-align: center; \" mce_style=\"text-align: center; \"><span style=\"font-size: medium; \" mce_style=\"font-size: medium;\"><span style=\"font-family: verdana, geneva; \" mce_style=\"font-family: verdana, geneva;\"><br \/><\/span><\/span><\/p>\n<p style=\"text-align: center; \" mce_style=\"text-align: center; \"><span style=\"font-size: medium; \" mce_style=\"font-size: medium;\"><span style=\"font-family: verdana, geneva; \" mce_style=\"font-family: verdana, geneva;\">-Andas t\u00fa \u00abmu\u00bb desenvuelta<\/span><\/span><\/p>\n<p style=\"text-align: center; \" mce_style=\"text-align: center; \"><span style=\"font-size: medium; \" mce_style=\"font-size: medium;\"><span style=\"font-family: verdana, geneva; \" mce_style=\"font-family: verdana, geneva;\">Sanchica, para contarme<\/span><\/span><\/p>\n<p style=\"text-align: center; \" mce_style=\"text-align: center; \"><span style=\"font-size: medium; \" mce_style=\"font-size: medium;\"><span style=\"font-family: verdana, geneva; \" mce_style=\"font-family: verdana, geneva;\">cosas que no te interesan;<\/span><\/span><\/p>\n<p style=\"text-align: center; \" mce_style=\"text-align: center; \"><span style=\"font-size: medium; \" mce_style=\"font-size: medium;\"><span style=\"font-family: verdana, geneva; \" mce_style=\"font-family: verdana, geneva;\">que eres chica aunque muy grande.<\/span><\/span><\/p>\n<p style=\"text-align: center; \" mce_style=\"text-align: center; \"><span style=\"font-size: medium; \" mce_style=\"font-size: medium;\"><span style=\"font-family: verdana, geneva; \" mce_style=\"font-family: verdana, geneva;\"><br \/><\/span><\/span><\/p>\n<p style=\"text-align: center; \" mce_style=\"text-align: center; \"><span style=\"font-size: medium; \" mce_style=\"font-size: medium;\"><span style=\"font-family: verdana, geneva; \" mce_style=\"font-family: verdana, geneva;\">(En el Cerro de la Santa<\/span><\/span><\/p>\n<p style=\"text-align: center; \" mce_style=\"text-align: center; \"><span style=\"font-size: medium; \" mce_style=\"font-size: medium;\"><span style=\"font-family: verdana, geneva; \" mce_style=\"font-family: verdana, geneva;\">el eco dice en voz grave:<\/span><\/span><\/p>\n<p style=\"text-align: center; \" mce_style=\"text-align: center; \"><span style=\"font-size: medium; \" mce_style=\"font-size: medium;\"><span style=\"font-family: verdana, geneva; \" mce_style=\"font-family: verdana, geneva;\">\u00a1Cu\u00e1ntos libros alg\u00fan d\u00eda<\/span><\/span><\/p>\n<p style=\"text-align: center; \" mce_style=\"text-align: center; \"><span style=\"font-size: medium; \" mce_style=\"font-size: medium;\"><span style=\"font-family: verdana, geneva; \" mce_style=\"font-family: verdana, geneva;\">har\u00e1n al mundo notable<\/span><\/span><\/p>\n<p style=\"text-align: center; \" mce_style=\"text-align: center; \"><span style=\"font-size: medium; \" mce_style=\"font-size: medium;\"><span style=\"font-family: verdana, geneva; \" mce_style=\"font-family: verdana, geneva;\">la grandeza de la hidalgu\u00eda<\/span><\/span><\/p>\n<p style=\"text-align: center; \" mce_style=\"text-align: center; \"><span style=\"font-size: medium; \" mce_style=\"font-size: medium;\"><span style=\"font-family: verdana, geneva; \" mce_style=\"font-family: verdana, geneva;\">que anda feliz esta tarde\u00a1<\/span><\/span><\/p>\n<p style=\"text-align: center; \" mce_style=\"text-align: center; \"><span style=\"font-size: medium; \" mce_style=\"font-size: medium;\"><span style=\"font-family: verdana, geneva; \" mce_style=\"font-family: verdana, geneva;\"><br \/><\/span><\/span><\/p>\n<p style=\"text-align: center; \" mce_style=\"text-align: center; \"><span style=\"font-size: medium; \" mce_style=\"font-size: medium;\"><span style=\"font-family: verdana, geneva; \" mce_style=\"font-family: verdana, geneva;\">\u00a1Cu\u00e1nto huir\u00e1 la hipocres\u00eda,<\/span><\/span><\/p>\n<p style=\"text-align: center; \" mce_style=\"text-align: center; \"><span style=\"font-size: medium; \" mce_style=\"font-size: medium;\"><span style=\"font-family: verdana, geneva; \" mce_style=\"font-family: verdana, geneva;\">cu\u00e1nto callar\u00e1 cobarde<\/span><\/span><\/p>\n<p style=\"text-align: center; \" mce_style=\"text-align: center; \"><span style=\"font-size: medium; \" mce_style=\"font-size: medium;\"><span style=\"font-family: verdana, geneva; \" mce_style=\"font-family: verdana, geneva;\">la envidia que anda post morten<\/span><\/span><\/p>\n<p style=\"text-align: center; \" mce_style=\"text-align: center; \"><span style=\"font-size: medium; \" mce_style=\"font-size: medium;\"><span style=\"font-family: verdana, geneva; \" mce_style=\"font-family: verdana, geneva;\">escondida miserable\u00a1<\/span><\/span><\/p>\n<p style=\"text-align: center; \" mce_style=\"text-align: center; \"><span style=\"font-size: medium; \" mce_style=\"font-size: medium;\"><span style=\"font-family: verdana, geneva; \" mce_style=\"font-family: verdana, geneva;\"><br \/><\/span><\/span><\/p>\n<p style=\"text-align: center; \" mce_style=\"text-align: center; \"><span style=\"font-size: medium; \" mce_style=\"font-size: medium;\"><span style=\"font-family: verdana, geneva; \" mce_style=\"font-family: verdana, geneva;\">El hombre ser\u00e1 famoso<\/span><\/span><\/p>\n<p style=\"text-align: center; \" mce_style=\"text-align: center; \"><span style=\"font-size: medium; \" mce_style=\"font-size: medium;\"><span style=\"font-family: verdana, geneva; \" mce_style=\"font-family: verdana, geneva;\">y Esquivias, como un enjambre<\/span><\/span><\/p>\n<p style=\"text-align: center; \" mce_style=\"text-align: center; \"><span style=\"font-size: medium; \" mce_style=\"font-size: medium;\"><span style=\"font-family: verdana, geneva; \" mce_style=\"font-family: verdana, geneva;\">de mujeres y de hombres,\u00a0<\/span><\/span><\/p>\n<p style=\"text-align: center; \" mce_style=\"text-align: center; \"><span style=\"font-size: medium; \" mce_style=\"font-size: medium;\"><span style=\"font-family: verdana, geneva; \" mce_style=\"font-family: verdana, geneva;\">de ni\u00f1os, viejos, comadres<\/span><\/span><\/p>\n<p style=\"text-align: center; \" mce_style=\"text-align: center; \"><span style=\"font-size: medium; \" mce_style=\"font-size: medium;\"><span style=\"font-family: verdana, geneva; \" mce_style=\"font-family: verdana, geneva;\">leer\u00e1 su libro en la calle.)<\/span><\/span><\/p>\n<p style=\"text-align: center; \" mce_style=\"text-align: center; \"><span style=\"font-size: medium; \" mce_style=\"font-size: medium;\"><span style=\"font-family: verdana, geneva; \" mce_style=\"font-family: verdana, geneva;\"><br \/><\/span><\/span><\/p>\n<p style=\"text-align: center; \" mce_style=\"text-align: center; \"><span style=\"font-size: medium; \" mce_style=\"font-size: medium;\"><span style=\"font-family: verdana, geneva; \" mce_style=\"font-family: verdana, geneva;\">-Ser\u00e1 do\u00f1a Catalina,<\/span><\/span><\/p>\n<p style=\"text-align: center; \" mce_style=\"text-align: center; \"><span style=\"font-size: medium; \" mce_style=\"font-size: medium;\"><span style=\"font-family: verdana, geneva; \" mce_style=\"font-family: verdana, geneva;\">como t\u00fa bien dices, madre,\u00a0<\/span><\/span><\/p>\n<p style=\"text-align: center; \" mce_style=\"text-align: center; \"><span style=\"font-size: medium; \" mce_style=\"font-size: medium;\"><span style=\"font-family: verdana, geneva; \" mce_style=\"font-family: verdana, geneva;\">la mas preciada de todos\u00a0<\/span><\/span><\/p>\n<p style=\"text-align: center; \" mce_style=\"text-align: center; \"><span style=\"font-size: medium; \" mce_style=\"font-size: medium;\"><span style=\"font-family: verdana, geneva; \" mce_style=\"font-family: verdana, geneva;\">por deseo de Cervantes,<\/span><\/span><\/p>\n<p style=\"text-align: center; \" mce_style=\"text-align: center; \"><span style=\"font-size: medium; \" mce_style=\"font-size: medium;\"><span style=\"font-family: verdana, geneva; \" mce_style=\"font-family: verdana, geneva;\">porque fue la mas discreta\u00a0<\/span><\/span><\/p>\n<p style=\"text-align: center; \" mce_style=\"text-align: center; \"><span style=\"font-size: medium; \" mce_style=\"font-size: medium;\"><span style=\"font-family: verdana, geneva; \" mce_style=\"font-family: verdana, geneva;\">y porque supo escucharle.<\/span><\/span><\/p>\n<p style=\"text-align: center; \" mce_style=\"text-align: center; \"><span style=\"font-size: medium; \" mce_style=\"font-size: medium;\"><span style=\"font-family: verdana, geneva; \" mce_style=\"font-family: verdana, geneva;\"><br \/><\/span><\/span><\/p>\n<p style=\"text-align: center; \" mce_style=\"text-align: center; \"><span style=\"font-size: medium; \" mce_style=\"font-size: medium;\"><span style=\"font-family: verdana, geneva; \" mce_style=\"font-family: verdana, geneva;\">Octubre, 2012.<\/span><\/span><\/p>\n<p style=\"text-align: center; \" mce_style=\"text-align: center; \"><span style=\"font-size: medium; \" mce_style=\"font-size: medium;\"><span style=\"font-family: verdana, geneva; \" mce_style=\"font-family: verdana, geneva;\">J. Rosell.<\/span><\/span><\/p>\n<p style=\"text-align: center; \" mce_style=\"text-align: center; \"><span style=\"font-family: verdana, geneva; font-size: small; \" mce_style=\"font-family: verdana, geneva; font-size: small;\"><br \/><\/span><\/p>\n<p style=\"text-align: center; \" mce_style=\"text-align: center; \"><span style=\"font-family: verdana, geneva; font-size: small; \" mce_style=\"font-family: verdana, geneva; font-size: small;\"><br \/><\/span><\/p>\n<p style=\"text-align: center; \" mce_style=\"text-align: center; \"><\/p>\n<p style=\"text-align: center; \" mce_style=\"text-align: center; \"><span style=\"font-family: verdana, geneva; font-size: small; \" mce_style=\"font-family: verdana, geneva; font-size: small;\"><br \/><\/span><\/p>\n<p style=\"text-align: center; \" mce_style=\"text-align: center; \"><span style=\"font-family: verdana, geneva; font-size: small; \" mce_style=\"font-family: verdana, geneva; font-size: small;\"><br \/><\/span><\/p>\n<p style=\"text-align: justify; \" mce_style=\"text-align: justify; \"><span style=\"font-size: medium; \" mce_style=\"font-size: medium;\"><span style=\"font-family: verdana, geneva; \" mce_style=\"font-family: verdana, geneva;\"><br \/><\/span><\/span><\/p>\n<p style=\"text-align: justify; \" mce_style=\"text-align: justify; \"><\/p>\n<p style=\"text-align: justify; \" mce_style=\"text-align: justify; \"><\/p>\n<p style=\"text-align: justify; \" mce_style=\"text-align: justify; \"><span style=\"font-size: medium; \" mce_style=\"font-size: medium;\"><span style=\"font-family: verdana, geneva; \" mce_style=\"font-family: verdana, geneva;\"><br \/><\/span><\/span><\/p>\n<p style=\"text-align: justify; \" mce_style=\"text-align: justify; \"><span style=\"font-family: verdana, geneva; font-size: small; \" mce_style=\"font-family: verdana, geneva; font-size: small; \"><br \/><\/span><\/p>\n<p style=\"text-align: center; \" mce_style=\"text-align: center; \"><span style=\"font-family: verdana, geneva; font-size: small; \" mce_style=\"font-family: verdana, geneva; font-size: small; \"><b><br \/><\/b><\/span><\/p>\n<p style=\"text-align: justify; \" mce_style=\"text-align: justify; \"><span style=\"font-family: verdana, geneva; font-size: small; \" mce_style=\"font-family: verdana, geneva; font-size: small; \"><br \/><\/span><\/p>\n<p style=\"text-align: justify; \" mce_style=\"text-align: justify; \"><span style=\"font-family: verdana, geneva; font-size: small; \" mce_style=\"font-family: verdana, geneva; font-size: small; \"><br \/><\/span><\/p>\n<p style=\"text-align: justify; \" mce_style=\"text-align: justify; \"><\/p>\n<p style=\"text-align: justify; \" mce_style=\"text-align: justify; \"><\/p>\n<p style=\"text-align: justify; \" mce_style=\"text-align: justify; \"><\/p>\n<p style=\"text-align: justify; \" mce_style=\"text-align: justify; \"><\/p>\n<p style=\"text-align: justify; \" mce_style=\"text-align: justify; \"><\/p>\n<p style=\"text-align: justify; \" mce_style=\"text-align: justify; \"><span style=\"font-family: verdana, geneva; font-size: small; \" mce_style=\"font-family: verdana, geneva; font-size: small; \"><br \/><\/span><\/p>\n<p style=\"text-align: justify; \" mce_style=\"text-align: justify; \"><span style=\"font-family: verdana, geneva; font-size: small; \" mce_style=\"font-family: verdana, geneva; font-size: small;\"><br \/><\/span><\/p>\n<p style=\"text-align: justify; \" mce_style=\"text-align: justify; \"><\/p>\n<p style=\"text-align: justify; \" mce_style=\"text-align: justify; \"><\/p>\n<p style=\"text-align: justify; \" mce_style=\"text-align: justify; \"><\/p>\n<p style=\"text-align: justify; \" mce_style=\"text-align: justify; \"><\/p>\n<p style=\"text-align: justify; \" mce_style=\"text-align: justify; \"><\/p>\n<p style=\"text-align: justify; \" mce_style=\"text-align: justify; \"><\/p>\n<p style=\"text-align: justify; \" mce_style=\"text-align: justify; \"><span style=\"font-family: verdana, geneva; font-size: small; \" mce_style=\"font-family: verdana, geneva; font-size: small;\"><br \/><\/span><\/p>\n<p style=\"text-align: justify; \" mce_style=\"text-align: justify; \"><span style=\"font-family: verdana, geneva; font-size: small; \" mce_style=\"font-family: verdana, geneva; font-size: small;\"><br \/><\/span><\/p>\n<p style=\"text-align: justify; \" mce_style=\"text-align: justify; \"><span style=\"font-family: verdana, geneva; font-size: small; \" mce_style=\"font-family: verdana, geneva; font-size: small;\"><br \/><\/span><\/p>\n<p style=\"text-align: justify; \" mce_style=\"text-align: justify; \"><\/p>\n<p style=\"text-align: justify; \" mce_style=\"text-align: justify; \"><\/p>\n<p style=\"text-align: justify; \" mce_style=\"text-align: justify; \"><\/p>\n<p style=\"text-align: justify; \" mce_style=\"text-align: justify; \"><\/p>\n<p style=\"text-align: justify; \" mce_style=\"text-align: justify; \"><\/p>\n<p style=\"text-align: justify; \" mce_style=\"text-align: justify; \"><\/p>\n<p style=\"text-align: justify; \" mce_style=\"text-align: justify; \"><\/p>\n<p style=\"text-align: justify; \" mce_style=\"text-align: justify; \"><span style=\"font-family: verdana, geneva; font-size: small; \" mce_style=\"font-family: verdana, geneva; font-size: small;\"><br \/><\/span><\/p>\n<p style=\"text-align: justify; \" mce_style=\"text-align: justify; \"><\/p>\n<p style=\"text-align: justify; \" mce_style=\"text-align: justify; \"><\/p>\n<p style=\"text-align: justify; \" mce_style=\"text-align: justify; \"><\/p>\n<p style=\"text-align: justify; \" mce_style=\"text-align: justify; \"><\/p>\n<p style=\"text-align: justify; \" mce_style=\"text-align: justify; \"><\/p>\n<p style=\"text-align: justify; \" mce_style=\"text-align: justify; \"><\/p>\n<p style=\"text-align: justify; \" mce_style=\"text-align: justify; \"><\/p>\n<p style=\"text-align: justify; \" mce_style=\"text-align: justify; \"><\/p>\n<p style=\"text-align: justify; \" mce_style=\"text-align: justify; \"><\/p>\n<p style=\"text-align: justify; \" mce_style=\"text-align: justify; \"><\/p>\n<p style=\"text-align: justify; \" mce_style=\"text-align: justify; \"><\/p>\n<p style=\"text-align: justify; \" mce_style=\"text-align: justify; \"><\/p>\n<p style=\"text-align: justify; \" mce_style=\"text-align: justify; \"><\/p>\n<p style=\"text-align: justify; \" mce_style=\"text-align: justify; \"><\/p>\n<p style=\"text-align: justify; \" mce_style=\"text-align: justify; \"><span style=\"font-family: verdana, geneva; font-size: small; \" mce_style=\"font-family: verdana, geneva; font-size: small;\"><br \/><\/span><\/p>\n<p style=\"text-align: justify; \" mce_style=\"text-align: justify; \"><span style=\"font-family: verdana, geneva; font-size: small; \" mce_style=\"font-family: verdana, geneva; font-size: small;\"><br \/><\/span><\/p>\n<\/div>\n","protected":false},"excerpt":{"rendered":"<p>El pasado d\u00eda 26 de Octubre de 2012, la Sociedad Cervantina de Esquivias ha organizado un Acto de Homenaje sobre [&hellip;]<\/p>\n","protected":false},"author":1,"featured_media":406,"comment_status":"open","ping_status":"open","sticky":false,"template":"","format":"standard","meta":{"footnotes":""},"categories":[7],"tags":[],"class_list":["post-454","post","type-post","status-publish","format-standard","has-post-thumbnail","hentry","category-noticias-cervantina"],"_links":{"self":[{"href":"http:\/\/www.cervantinaesquivias.org\/wordpress\/wp-json\/wp\/v2\/posts\/454","targetHints":{"allow":["GET"]}}],"collection":[{"href":"http:\/\/www.cervantinaesquivias.org\/wordpress\/wp-json\/wp\/v2\/posts"}],"about":[{"href":"http:\/\/www.cervantinaesquivias.org\/wordpress\/wp-json\/wp\/v2\/types\/post"}],"author":[{"embeddable":true,"href":"http:\/\/www.cervantinaesquivias.org\/wordpress\/wp-json\/wp\/v2\/users\/1"}],"replies":[{"embeddable":true,"href":"http:\/\/www.cervantinaesquivias.org\/wordpress\/wp-json\/wp\/v2\/comments?post=454"}],"version-history":[{"count":0,"href":"http:\/\/www.cervantinaesquivias.org\/wordpress\/wp-json\/wp\/v2\/posts\/454\/revisions"}],"wp:featuredmedia":[{"embeddable":true,"href":"http:\/\/www.cervantinaesquivias.org\/wordpress\/wp-json\/wp\/v2\/media\/406"}],"wp:attachment":[{"href":"http:\/\/www.cervantinaesquivias.org\/wordpress\/wp-json\/wp\/v2\/media?parent=454"}],"wp:term":[{"taxonomy":"category","embeddable":true,"href":"http:\/\/www.cervantinaesquivias.org\/wordpress\/wp-json\/wp\/v2\/categories?post=454"},{"taxonomy":"post_tag","embeddable":true,"href":"http:\/\/www.cervantinaesquivias.org\/wordpress\/wp-json\/wp\/v2\/tags?post=454"}],"curies":[{"name":"wp","href":"https:\/\/api.w.org\/{rel}","templated":true}]}}