{"id":432,"date":"2012-09-17T17:57:39","date_gmt":"2012-09-17T17:57:39","guid":{"rendered":"http:\/\/www.cervantinaesquivias.org\/wordpress\/2012\/09\/17\/don-pablo-arias-con-unos-buenos-amigos-esquivias-ano-1950\/"},"modified":"2012-09-17T17:57:39","modified_gmt":"2012-09-17T17:57:39","slug":"don-pablo-arias-con-unos-buenos-amigos-esquivias-ano-1950","status":"publish","type":"post","link":"http:\/\/www.cervantinaesquivias.org\/wordpress\/2012\/09\/17\/don-pablo-arias-con-unos-buenos-amigos-esquivias-ano-1950\/","title":{"rendered":"DON PABLO ARIAS CON UNOS BUENOS AMIGOS. ESQUIVIAS, A\u00d1O 1950"},"content":{"rendered":"<p><\/p>\n<p><\/p>\n<p><\/p>\n<p style=\"text-align: center; \" mce_style=\"text-align: center; \"><img loading=\"lazy\" decoding=\"async\" class=\" size-full wp-image-431 size-full wp-image-431\" src=\"http:\/\/www.cervantinaesquivias.org\/wordpress\/wp-content\/uploads\/2012\/09\/don-pablo-arias-y-amigos.-1950.jpg\" mce_src=\"http:\/\/www.cervantinaesquivias.org\/wordpress\/wp-content\/uploads\/2012\/09\/don-pablo-arias-y-amigos.-1950.jpg\" alt=\"alt\" style=\"style\" mce_style=\"style\" width=\"620\" height=\"464\" srcset=\"http:\/\/www.cervantinaesquivias.org\/wordpress\/wp-content\/uploads\/2012\/09\/don-pablo-arias-y-amigos.-1950.jpg 620w, http:\/\/www.cervantinaesquivias.org\/wordpress\/wp-content\/uploads\/2012\/09\/don-pablo-arias-y-amigos.-1950-300x225.jpg 300w\" sizes=\"auto, (max-width: 620px) 100vw, 620px\" \/><\/p>\n<p><\/p>\n<p><\/p>\n<p style=\"text-align: justify;\" mce_style=\"text-align: justify;\"><span style=\"font-size: medium;\" mce_style=\"font-size: medium;\"><span style=\"font-family: verdana, geneva;\" mce_style=\"font-family: verdana, geneva;\">La fotograf\u00eda, tomada hacia el a\u00f1o de 1950, recoge a unos amigos junto a Don Pablo Arias Alcocer, cura de Esquivias en esas fechas.<\/span><\/span><\/p>\n<p style=\"text-align: justify;\" mce_style=\"text-align: justify;\"><span style=\"font-size: medium;\" mce_style=\"font-size: medium;\"><span style=\"font-family: verdana, geneva;\" mce_style=\"font-family: verdana, geneva;\">Los amigos, de izquierda a derecha: Pablo de la Plaza Garc\u00eda, \u00a0Calixto \u00a0Truchado \u00a0Mart\u00edn, \u00a0Luis \u00a0Serrano \u00abEl Pela\u00bb, Don Pablo Arias Alcocer, Reyes Garc\u00eda Garc\u00eda y Jacinto Hermida Plaza, todos nacidos a principios de los a\u00f1os 30.<\/span><\/span><\/p>\n<p style=\"text-align: justify;\" mce_style=\"text-align: justify;\"><span style=\"font-size: medium;\" mce_style=\"font-size: medium;\"><span style=\"font-family: verdana, geneva;\" mce_style=\"font-family: verdana, geneva;\">Sabemos que Pablo de la Plaza falleci\u00f3 a principios de los a\u00f1os 80 (su hijo Pablo nos ha facilitado la fotograf\u00eda), que Calixto Truchado Mart\u00edn tambi\u00e9n falleci\u00f3 joven, que Luis Serrano \u00abEl Pela\u00bb tambi\u00e9n falleci\u00f3 joven, que de Don Pablo Arias Alcocer, las gentes de Esquivias guardan un grat\u00edsimo recuerdo de este Sacerdote, por su bondad, por su proximidad con la gente del pueblo, su generosidad, y un sin fin de argumentos a su favor, pues ante todo era una gran persona. De Reyes Garc\u00eda Garc\u00eda, que falleci\u00f3 a mediados de los a\u00f1os 90, habi\u00e9ndo sido Alcalde de Esquivias, Director de una oficina del Banco Bilbao, labrador&#8230;y por \u00faltimo que Jacinto Hermida Plaza vive en Esquivias.<\/span><\/span><\/p>\n<p style=\"text-align: justify;\" mce_style=\"text-align: justify;\"><span style=\"font-size: medium;\" mce_style=\"font-size: medium;\"><span style=\"font-family: verdana, geneva;\" mce_style=\"font-family: verdana, geneva;\">La fotograf\u00eda est\u00e1 tomada en el hoy despararecido Bar Regio, en la Plaza Principal de Esquivias, y es mas que probable que fuera realizada uno de los dias de las Fiestas Patronales de Esquivias, en el mes de Agosto.<\/span><\/span><\/p>\n<p style=\"text-align: justify;\" mce_style=\"text-align: justify;\"><span style=\"font-size: medium;\" mce_style=\"font-size: medium;\"><span style=\"font-family: verdana, geneva;\" mce_style=\"font-family: verdana, geneva;\">La foto evidencia claramente la camarader\u00eda que reinaba en el grupo, las manos sobre los hombros de unos y otros, incluso Don Pablo, la complicidad con que se rien, bueno, Pablo de la Plaza, como en cualquier cuadro pintado por el mejor pintor, se hallaba pendiente de la c\u00e1mara, quiz\u00e1s porque se hab\u00eda quedado encargado de hac\u00e9rnosla llegar.<\/span><\/span><\/p>\n<p style=\"text-align: justify;\" mce_style=\"text-align: justify;\"><span style=\"font-size: medium;\" mce_style=\"font-size: medium;\"><span style=\"font-family: verdana, geneva;\" mce_style=\"font-family: verdana, geneva;\">Tambi\u00e9n queremos adivinar, sentado a la izquierda, a Don Francisco Guardia, con su caracter\u00edstica chapela, conversando con su interlocutor, seguramente de Cervantes.<\/span><\/span><\/p>\n<p style=\"text-align: right;\"><span style=\"font-size: small;\" mce_style=\"font-size: small;\"><span style=\"font-family: helvetica;\" mce_style=\"font-family: helvetica;\"><i><b>Sabino de Diego.<\/b><\/i><\/span><\/span><\/p>\n","protected":false},"excerpt":{"rendered":"<p>La fotograf\u00eda, tomada hacia el a\u00f1o de 1950, recoge a unos amigos junto a Don Pablo Arias Alcocer, cura de [&hellip;]<\/p>\n","protected":false},"author":1,"featured_media":431,"comment_status":"open","ping_status":"open","sticky":false,"template":"","format":"standard","meta":{"footnotes":""},"categories":[10],"tags":[],"class_list":["post-432","post","type-post","status-publish","format-standard","has-post-thumbnail","hentry","category-foto-del-recuerdo-foto-del-recuerdo"],"_links":{"self":[{"href":"http:\/\/www.cervantinaesquivias.org\/wordpress\/wp-json\/wp\/v2\/posts\/432","targetHints":{"allow":["GET"]}}],"collection":[{"href":"http:\/\/www.cervantinaesquivias.org\/wordpress\/wp-json\/wp\/v2\/posts"}],"about":[{"href":"http:\/\/www.cervantinaesquivias.org\/wordpress\/wp-json\/wp\/v2\/types\/post"}],"author":[{"embeddable":true,"href":"http:\/\/www.cervantinaesquivias.org\/wordpress\/wp-json\/wp\/v2\/users\/1"}],"replies":[{"embeddable":true,"href":"http:\/\/www.cervantinaesquivias.org\/wordpress\/wp-json\/wp\/v2\/comments?post=432"}],"version-history":[{"count":0,"href":"http:\/\/www.cervantinaesquivias.org\/wordpress\/wp-json\/wp\/v2\/posts\/432\/revisions"}],"wp:featuredmedia":[{"embeddable":true,"href":"http:\/\/www.cervantinaesquivias.org\/wordpress\/wp-json\/wp\/v2\/media\/431"}],"wp:attachment":[{"href":"http:\/\/www.cervantinaesquivias.org\/wordpress\/wp-json\/wp\/v2\/media?parent=432"}],"wp:term":[{"taxonomy":"category","embeddable":true,"href":"http:\/\/www.cervantinaesquivias.org\/wordpress\/wp-json\/wp\/v2\/categories?post=432"},{"taxonomy":"post_tag","embeddable":true,"href":"http:\/\/www.cervantinaesquivias.org\/wordpress\/wp-json\/wp\/v2\/tags?post=432"}],"curies":[{"name":"wp","href":"https:\/\/api.w.org\/{rel}","templated":true}]}}