{"id":430,"date":"2012-09-12T14:36:23","date_gmt":"2012-09-12T14:36:23","guid":{"rendered":"http:\/\/www.cervantinaesquivias.org\/wordpress\/2012\/09\/12\/sociedad-cervantina-de-esquivias-acuerdos-de-la-junta-directiva\/"},"modified":"2012-09-12T14:36:23","modified_gmt":"2012-09-12T14:36:23","slug":"sociedad-cervantina-de-esquivias-acuerdos-de-la-junta-directiva","status":"publish","type":"post","link":"http:\/\/www.cervantinaesquivias.org\/wordpress\/2012\/09\/12\/sociedad-cervantina-de-esquivias-acuerdos-de-la-junta-directiva\/","title":{"rendered":"SOCIEDAD CERVANTINA DE ESQUIVIAS. Acuerdos de la Junta Directiva."},"content":{"rendered":"<p style=\"TEXT-ALIGN: justify; FONT-FAMILY: \" mce_style=\"TEXT-ALIGN: justify; FONT-FAMILY: \"><span style=\"FONT-FAMILY: verdana,geneva\" mce_style=\"font-family: verdana,geneva;\"><span style=\"FONT-SIZE: medium\" mce_style=\"font-size: medium;\">El pasado dia 7 del presente mes de Septiembre de 2012, la Junta Directiva de la Sociedad Cervantina de Esquivias, tom\u00f3 los siguientes acuerdos:\u00a0<\/span><\/span><\/p>\n<p style=\"TEXT-ALIGN: justify; FONT-FAMILY: \" mce_style=\"TEXT-ALIGN: justify; FONT-FAMILY: \"><span style=\"FONT-FAMILY: arial,helvetica,sans-serif\" mce_style=\"font-family: arial,helvetica,sans-serif;\"><span style=\"FONT-FAMILY: ; FONT-SIZE: x-small\" mce_style=\"font-size: x-small;\"><span style=\"FONT-FAMILY: verdana,geneva\" mce_style=\"font-family: verdana,geneva;\"><span style=\"FONT-SIZE: medium\" mce_style=\"font-size: medium;\"><img loading=\"lazy\" decoding=\"async\" style=\"BORDER-BOTTOM: 0px; BORDER-LEFT: 0px; FLOAT: left; MARGIN-LEFT: 20px; BORDER-TOP: 0px; MARGIN-RIGHT: 20px; BORDER-RIGHT: 0px\" src=\"http:\/\/cervantinaesquivias.org\/images\/stories\/ruben-de-diego-portero-2.jpg\" width=\"216\" height=\"268\" mce_style=\"BORDER-BOTTOM: 0px; BORDER-LEFT: 0px; FLOAT: left; MARGIN-LEFT: 20px; BORDER-TOP: 0px; MARGIN-RIGHT: 20px; BORDER-RIGHT: 0px\" mce_src=\"images\/stories\/ruben-de-diego-portero-2.jpg\" \/>a) Distinguir al esquiviano RUBEN DE DIEGO PORTERO, como Socio de Honor de esta Asociaci\u00f3n Cultural, en base a los m\u00e9ritos deportivos nacionales e internacionales que ha conquistado.<\/span><\/span><\/span><\/span><\/p>\n<p style=\"TEXT-ALIGN: justify\" mce_style=\"text-align: justify; \"><span style=\"FONT-SIZE: large\" mce_style=\"font-size: large;\"><span style=\"FONT-FAMILY: verdana, geneva\" mce_style=\"font-family: verdana, geneva;\"><span style=\"FONT-FAMILY: arial,helvetica,sans-serif\" mce_style=\"font-family: arial,helvetica,sans-serif;\"><span style=\"FONT-FAMILY: ; FONT-SIZE: x-small\" mce_style=\"font-size: x-small;\"><span style=\"FONT-FAMILY: verdana,geneva\" mce_style=\"font-family: verdana,geneva;\"><span style=\"FONT-SIZE: medium\" mce_style=\"font-size: medium;\"><\/span><\/span><\/span><\/span><\/span><\/span><\/p>\n<p style=\"TEXT-ALIGN: justify\" mce_style=\"text-align: justify; \"><span style=\"FONT-SIZE: large\" mce_style=\"font-size: large;\"><span style=\"FONT-SIZE: large\" mce_style=\"font-size: large;\"><span style=\"FONT-FAMILY: arial,helvetica,sans-serif\" mce_style=\"font-family: arial,helvetica,sans-serif;\"><span style=\"FONT-FAMILY: ; FONT-SIZE: x-small\" mce_style=\"font-size: x-small;\"><span style=\"FONT-FAMILY: verdana,geneva\" mce_style=\"font-family: verdana,geneva;\"><span style=\"FONT-SIZE: medium\" mce_style=\"font-size: medium;\">La entrega de la acreditaci\u00f3n como Socio de Honor, tendr\u00e1 lugar en el transcurso del banquete de bodas que, con motivo del CDXXVIII aniversario de la boda de Miguel de Cervantes Saavedra y Catalina de Salazar y Palacios, que organizado por la Sociedad Cervantina de Esquivias, tendr\u00e1 lugar el pr\u00f3ximo 12 de Diciembre del presente a\u00f1o.<\/span><\/span><\/span><\/span><\/span><\/span><\/p>\n<p style=\"TEXT-ALIGN: justify\" mce_style=\"text-align: justify; \"><span style=\"FONT-SIZE: large\" mce_style=\"font-size: large;\"><span style=\"FONT-SIZE: large\" mce_style=\"font-size: large;\"><span style=\"FONT-FAMILY: verdana, geneva\" mce_style=\"font-family: verdana, geneva;\"><span style=\"FONT-FAMILY: arial,helvetica,sans-serif\" mce_style=\"font-family: arial,helvetica,sans-serif;\"><span style=\"FONT-FAMILY: ; FONT-SIZE: x-small\" mce_style=\"font-size: x-small;\"><span style=\"FONT-FAMILY: verdana,geneva\" mce_style=\"font-family: verdana,geneva;\"><span style=\"FONT-SIZE: medium\" mce_style=\"font-size: medium;\"><\/span><\/span><\/span><\/span><\/span><\/span><\/span><\/p>\n<p style=\"TEXT-ALIGN: justify\" mce_style=\"text-align: justify; \"><span style=\"FONT-SIZE: large\" mce_style=\"font-size: large;\"><span style=\"FONT-SIZE: large\" mce_style=\"font-size: large;\"><span style=\"FONT-FAMILY: arial,helvetica,sans-serif\" mce_style=\"font-family: arial,helvetica,sans-serif;\"><span style=\"FONT-FAMILY: ; FONT-SIZE: x-small\" mce_style=\"font-size: x-small;\"><span style=\"FONT-FAMILY: verdana,geneva\" mce_style=\"font-family: verdana,geneva;\"><span style=\"FONT-SIZE: medium\" mce_style=\"font-size: medium;\">Puestos al habla con Rub\u00e9n de Diego, este ha manifestado su satisfacci\u00f3n por la distinci\u00f3n acordada, lo que representa un gran honor para esta Asociaci\u00f3n Cultural.<\/span><\/span><\/span><\/span><\/span><\/span><\/p>\n<p style=\"TEXT-ALIGN: justify; FONT-FAMILY: \" mce_style=\"TEXT-ALIGN: justify; FONT-FAMILY: \"><span style=\"FONT-FAMILY: arial,helvetica,sans-serif\" mce_style=\"font-family: arial,helvetica,sans-serif;\"><span style=\"FONT-FAMILY: ; FONT-SIZE: x-small\" mce_style=\"font-size: x-small;\"><span style=\"FONT-FAMILY: verdana,geneva\" mce_style=\"font-family: verdana,geneva;\"><span style=\"FONT-SIZE: medium\" mce_style=\"font-size: medium;\"><\/span><\/span><\/span><\/span><\/p>\n<p style=\"TEXT-ALIGN: justify\" mce_style=\"text-align: justify; \"><span style=\"FONT-FAMILY: ; FONT-SIZE: medium\" mce_style=\"font-size: medium;\"><span style=\"FONT-FAMILY: arial,helvetica,sans-serif\" mce_style=\"font-family: arial,helvetica,sans-serif;\"><span style=\"FONT-FAMILY: ; FONT-SIZE: x-small\" mce_style=\"font-size: x-small;\"><span style=\"FONT-FAMILY: verdana,geneva\" mce_style=\"font-family: verdana,geneva;\"><span style=\"FONT-SIZE: medium\" mce_style=\"font-size: medium;\">El Progama de Actos de la Semana Cervantina de Diciembre se publicar\u00e1 cuando se hallen terminados todos los detalles de la misma.<\/span><\/span><\/span><\/span><\/span><\/p>\n<p style=\"FONT-FAMILY: \" mce_style=\"FONT-FAMILY: \"><span style=\"FONT-FAMILY: arial,helvetica,sans-serif\" mce_style=\"font-family: arial,helvetica,sans-serif;\"><span style=\"FONT-FAMILY: ; FONT-SIZE: x-small\" mce_style=\"font-size: x-small;\"><span style=\"FONT-FAMILY: verdana,geneva\" mce_style=\"font-family: verdana,geneva;\"><span style=\"FONT-SIZE: medium\" mce_style=\"font-size: medium;\">\u00a0<\/span><\/span><\/span><\/span><span style=\"FONT-SIZE: large\" mce_style=\"font-size: large;\"><span style=\"FONT-FAMILY: arial,helvetica,sans-serif\" mce_style=\"font-family: arial,helvetica,sans-serif;\"><span style=\"FONT-FAMILY: ; FONT-SIZE: x-small\" mce_style=\"font-size: x-small;\"><span style=\"FONT-FAMILY: verdana,geneva\" mce_style=\"font-family: verdana,geneva;\"><span style=\"FONT-SIZE: medium\" mce_style=\"font-size: medium;\">b) Trasladar el Acto que esta Asociaci\u00f3n ten\u00eda previsto desarrollar el dia 29 de Septiembre, en conmemoraci\u00f3n de la fecha del posible nacimiento de Miguel de Cervantes Saavedra, a la fecha del 26 de Octubre de 2012.<\/span><\/span><\/span><\/span><\/span><\/p>\n<p style=\"TEXT-ALIGN: justify\" mce_style=\"text-align: justify; \"><span style=\"FONT-FAMILY: ; FONT-SIZE: large\" mce_style=\"font-size: large;\"><span style=\"FONT-FAMILY: arial,helvetica,sans-serif\" mce_style=\"font-family: arial,helvetica,sans-serif;\"><span style=\"FONT-FAMILY: ; FONT-SIZE: x-small\" mce_style=\"font-size: x-small;\"><span style=\"FONT-FAMILY: verdana,geneva\" mce_style=\"font-family: verdana,geneva;\"><span style=\"FONT-SIZE: medium\" mce_style=\"font-size: medium;\">El Acto del d\u00eda 26 de Octubre, est\u00e1 dedicado a los Ilustres Personajes de Esquivias, habiendo elegido dicha fecha como posible nacimiento de Catalina de Salazar y Palacios, bautizada el 1 de Noviembre de 1565, en la iglesia parroquial de Esquivias.<\/span><\/span><\/span><\/span><\/span><\/p>\n<p style=\"TEXT-ALIGN: justify\" mce_style=\"text-align: justify; \"><span style=\"FONT-FAMILY: ; FONT-SIZE: large\" mce_style=\"font-size: large;\"><span style=\"FONT-FAMILY: arial,helvetica,sans-serif\" mce_style=\"font-family: arial,helvetica,sans-serif;\"><span style=\"FONT-FAMILY: ; FONT-SIZE: x-small\" mce_style=\"font-size: x-small;\"><span style=\"FONT-FAMILY: verdana,geneva\" mce_style=\"font-family: verdana,geneva;\"><span style=\"FONT-SIZE: medium\" mce_style=\"font-size: medium;\">Este Acto tendr\u00e1 lugar a las 19,0 horas en el Local Social de la Sociedad Cervantina de Esquivias, sito en la Calle Gitanilla, 5 \u00a01\u00ba F.<\/span><\/span><\/span><\/span><\/span><\/p>\n<p style=\"TEXT-ALIGN: justify\" mce_style=\"text-align: justify; \"><span style=\"FONT-FAMILY: ; FONT-SIZE: large\" mce_style=\"font-size: large;\"><span style=\"FONT-FAMILY: arial,helvetica,sans-serif\" mce_style=\"font-family: arial,helvetica,sans-serif;\"><span style=\"FONT-FAMILY: ; FONT-SIZE: x-small\" mce_style=\"font-size: x-small;\"><span style=\"FONT-FAMILY: verdana,geneva\" mce_style=\"font-family: verdana,geneva;\"><span style=\"FONT-SIZE: medium\" mce_style=\"font-size: medium;\">La entrada es libre, hasta completar el aforo.<\/span><\/span><\/span><\/span><\/span><span style=\"FONT-FAMILY: arial,helvetica,sans-serif\" mce_style=\"font-family: arial,helvetica,sans-serif;\"><span style=\"FONT-SIZE: x-small\" mce_style=\"font-size: x-small;\">\u00a0<\/span><\/span><\/p>\n<p style=\"TEXT-ALIGN: justify\" mce_style=\"text-align: justify; \"><span style=\"FONT-FAMILY: verdana, geneva; FONT-SIZE: large\" mce_style=\"font-family: verdana, geneva; font-size: large; \"><br \/><\/span><\/p>\n","protected":false},"excerpt":{"rendered":"<p>El pasado dia 7 del presente mes de Septiembre de 2012, la Junta Directiva de la Sociedad Cervantina de Esquivias, [&hellip;]<\/p>\n","protected":false},"author":1,"featured_media":0,"comment_status":"open","ping_status":"open","sticky":false,"template":"","format":"standard","meta":{"footnotes":""},"categories":[7],"tags":[],"class_list":["post-430","post","type-post","status-publish","format-standard","hentry","category-noticias-cervantina"],"_links":{"self":[{"href":"http:\/\/www.cervantinaesquivias.org\/wordpress\/wp-json\/wp\/v2\/posts\/430","targetHints":{"allow":["GET"]}}],"collection":[{"href":"http:\/\/www.cervantinaesquivias.org\/wordpress\/wp-json\/wp\/v2\/posts"}],"about":[{"href":"http:\/\/www.cervantinaesquivias.org\/wordpress\/wp-json\/wp\/v2\/types\/post"}],"author":[{"embeddable":true,"href":"http:\/\/www.cervantinaesquivias.org\/wordpress\/wp-json\/wp\/v2\/users\/1"}],"replies":[{"embeddable":true,"href":"http:\/\/www.cervantinaesquivias.org\/wordpress\/wp-json\/wp\/v2\/comments?post=430"}],"version-history":[{"count":0,"href":"http:\/\/www.cervantinaesquivias.org\/wordpress\/wp-json\/wp\/v2\/posts\/430\/revisions"}],"wp:attachment":[{"href":"http:\/\/www.cervantinaesquivias.org\/wordpress\/wp-json\/wp\/v2\/media?parent=430"}],"wp:term":[{"taxonomy":"category","embeddable":true,"href":"http:\/\/www.cervantinaesquivias.org\/wordpress\/wp-json\/wp\/v2\/categories?post=430"},{"taxonomy":"post_tag","embeddable":true,"href":"http:\/\/www.cervantinaesquivias.org\/wordpress\/wp-json\/wp\/v2\/tags?post=430"}],"curies":[{"name":"wp","href":"https:\/\/api.w.org\/{rel}","templated":true}]}}