{"id":427,"date":"2012-06-22T09:15:35","date_gmt":"2012-06-22T09:15:35","guid":{"rendered":"http:\/\/www.cervantinaesquivias.org\/wordpress\/2012\/06\/22\/maestros-nacionales-esquivias-curso-1958-59\/"},"modified":"2012-06-22T09:15:35","modified_gmt":"2012-06-22T09:15:35","slug":"maestros-nacionales-esquivias-curso-1958-59","status":"publish","type":"post","link":"http:\/\/www.cervantinaesquivias.org\/wordpress\/2012\/06\/22\/maestros-nacionales-esquivias-curso-1958-59\/","title":{"rendered":"Maestros Nacionales. Esquivias. Curso 1958-59."},"content":{"rendered":"<p style=\"text-align: center; \" mce_style=\"text-align: center; \"><img loading=\"lazy\" decoding=\"async\" class=\" size-full wp-image-426 size-full wp-image-426\" src=\"http:\/\/www.cervantinaesquivias.org\/wordpress\/wp-content\/uploads\/2012\/06\/maestros-nacionales-1959.jpg\" mce_src=\"http:\/\/www.cervantinaesquivias.org\/wordpress\/wp-content\/uploads\/2012\/06\/maestros-nacionales-1959.jpg\" alt=\"alt\" width=\"454\" height=\"318\" srcset=\"http:\/\/www.cervantinaesquivias.org\/wordpress\/wp-content\/uploads\/2012\/06\/maestros-nacionales-1959.jpg 454w, http:\/\/www.cervantinaesquivias.org\/wordpress\/wp-content\/uploads\/2012\/06\/maestros-nacionales-1959-300x210.jpg 300w\" sizes=\"auto, (max-width: 454px) 100vw, 454px\" \/><\/p>\n<p style=\"text-align: center; \" mce_style=\"text-align: center; \"><\/p>\n<p style=\"text-align: justify;\" mce_style=\"text-align: justify;\"><span style=\"font-size: medium;\" mce_style=\"font-size: medium;\"><span style=\"font-family: verdana, geneva;\" mce_style=\"font-family: verdana, geneva;\">La fotograf\u00eda recoge a los Maestros Nacionales del Colegio P\u00fablico de Esquivias, del Curso 1958\/59.<\/span><\/span><\/p>\n<p style=\"text-align: justify;\" mce_style=\"text-align: justify;\"><span style=\"font-size: medium;\" mce_style=\"font-size: medium;\"><span style=\"font-family: verdana, geneva;\" mce_style=\"font-family: verdana, geneva;\">Est\u00e1 tomada al final del Curso, y hay que tomar la sombra. Mes de Julio de 1959.<\/span><\/span><\/p>\n<p style=\"text-align: justify;\" mce_style=\"text-align: justify;\"><span style=\"font-size: medium;\" mce_style=\"font-size: medium;\"><span style=\"font-family: verdana, geneva;\" mce_style=\"font-family: verdana, geneva;\">De pie de izquierda a derecha: Don Marcelino Navarro Matamoros, Do\u00f1a Obdulia Paramio Pardo, Do\u00f1a Pepita y Don Antonio S\u00e1nchez Gonz\u00e1lez.<\/span><\/span><\/p>\n<p style=\"text-align: justify;\" mce_style=\"text-align: justify;\"><span style=\"font-size: medium;\" mce_style=\"font-size: medium;\"><span style=\"font-family: verdana, geneva;\" mce_style=\"font-family: verdana, geneva;\">Sentadas de inzq. a derecha: Do\u00f1a Dolores Panea Frias y otra Maestra sin identificar.\u00a0<\/span><\/span><\/p>\n<p style=\"text-align: justify;\" mce_style=\"text-align: justify;\"><span style=\"font-size: medium;\" mce_style=\"font-size: medium;\"><span style=\"font-family: verdana, geneva;\" mce_style=\"font-family: verdana, geneva;\">Hasta el curso 1958\/59, hab\u00edan ejercido su profesi\u00f3n los Profesores que se hallan de pie en la foto, y para el citado Curso se incorporaron las otras dos nuevas Profesoras.<\/span><\/span><\/p>\n<p style=\"text-align: justify;\" mce_style=\"text-align: justify;\"><span style=\"font-size: medium;\" mce_style=\"font-size: medium;\"><span style=\"font-family: verdana, geneva;\" mce_style=\"font-family: verdana, geneva;\">Quien esto suscribe, desea no se interprete que se hable mejor o peor de alguno de ellos, sino, solamente que de unos hab\u00eda mas conocimiento que de otros. Pero lo que si se deja patente es que los que hemos tenido la suerte de haber sido educados por estos Maestros Nacionales, tenemos un grat\u00edsimo recuerdo de los mismos: <\/span><\/span><\/p>\n<p style=\"text-align: justify;\" mce_style=\"text-align: justify;\"><span style=\"font-size: medium;\" mce_style=\"font-size: medium;\"><span style=\"font-family: verdana, geneva;\" mce_style=\"font-family: verdana, geneva;\">Don Marcelino Navarro se caracterizaba por su car\u00e1cter serio, pero no severo; respetuoso, paciente, fumador empedernido, correcto, educado. Todo un Se\u00f1or. Su ejemplo era como si estuviera dando una clase magistral halla donde se encontrara. Y un grato recuerdo para su esposa, Do\u00f1a Rosa.<\/span><\/span><\/p>\n<p style=\"text-align: justify;\" mce_style=\"text-align: justify;\"><span style=\"font-size: medium;\" mce_style=\"font-size: medium;\"><span style=\"font-family: verdana, geneva;\" mce_style=\"font-family: verdana, geneva;\">Do\u00f1a Obdulia Paramio, era una gran se\u00f1ora. Correct\u00edsima, educada; no precisaba poner castigos o tareas extras, su ejemplo de \u00a0bondad no precisaba de correctivos. Transmit\u00eda todo lo bueno que puede llevar una persona dentro de si. Todo un ejemplo.<\/span><\/span><\/p>\n<p style=\"text-align: justify;\" mce_style=\"text-align: justify;\"><span style=\"font-size: medium;\" mce_style=\"font-size: medium;\"><span style=\"font-family: verdana, geneva;\" mce_style=\"font-family: verdana, geneva;\">De Do\u00f1a Pepita sabemos que era una buena Profesora, seria, exigente con sus alumnas, profesional ante todo.<\/span><\/span><\/p>\n<p style=\"text-align: justify;\" mce_style=\"text-align: justify;\"><span style=\"font-size: medium;\" mce_style=\"font-size: medium;\"><span style=\"font-family: verdana, geneva;\" mce_style=\"font-family: verdana, geneva;\">Don Antonio Sanchez, era de un genio alegre, inquieto, buen Profesor como todos, para los ni\u00f1os de sus clases era el complemento id\u00f3neo con Don Marcelino. Tambi\u00e9n un grato recuerdo para su esposa Do\u00f1a Elvira, y su hijo Enrique (Ququi).<\/span><\/span><\/p>\n<p style=\"text-align: justify;\" mce_style=\"text-align: justify;\"><span style=\"font-size: medium;\" mce_style=\"font-size: medium;\"><span style=\"font-family: verdana, geneva;\" mce_style=\"font-family: verdana, geneva;\">De Do\u00f1a Dolores Panea, as\u00ed como de la otra Profesora, no podemos decir nada al respecto. Pero debi\u00f3 de representar para ellas un grato paso por Esquivias, cuando Do\u00f1a Dolores, desde su residencia en Francia desde hace 50 a\u00f1os, es quien nos ha enviado la foto publicada, junto con otras fotos de su grupo de ni\u00f1os. Seguro que es correspondida por los entonces ni\u00f1os, hoy seguramente abuelos.<\/span><\/span><\/p>\n<p style=\"text-align: right;\" mce_style=\"text-align: right;\"><span style=\"font-size: small;\" mce_style=\"font-size: small;\"><span style=\"font-family: helvetica;\" mce_style=\"font-family: helvetica;\"><i><b>Sabino de Diego<\/b><\/i><\/span><\/span>.<\/p>\n","protected":false},"excerpt":{"rendered":"<p>La fotograf\u00eda recoge a los Maestros Nacionales del Colegio P\u00fablico de Esquivias, del Curso 1958\/59. Est\u00e1 tomada al final del [&hellip;]<\/p>\n","protected":false},"author":1,"featured_media":426,"comment_status":"open","ping_status":"open","sticky":false,"template":"","format":"standard","meta":{"footnotes":""},"categories":[10],"tags":[],"class_list":["post-427","post","type-post","status-publish","format-standard","has-post-thumbnail","hentry","category-foto-del-recuerdo-foto-del-recuerdo"],"_links":{"self":[{"href":"http:\/\/www.cervantinaesquivias.org\/wordpress\/wp-json\/wp\/v2\/posts\/427","targetHints":{"allow":["GET"]}}],"collection":[{"href":"http:\/\/www.cervantinaesquivias.org\/wordpress\/wp-json\/wp\/v2\/posts"}],"about":[{"href":"http:\/\/www.cervantinaesquivias.org\/wordpress\/wp-json\/wp\/v2\/types\/post"}],"author":[{"embeddable":true,"href":"http:\/\/www.cervantinaesquivias.org\/wordpress\/wp-json\/wp\/v2\/users\/1"}],"replies":[{"embeddable":true,"href":"http:\/\/www.cervantinaesquivias.org\/wordpress\/wp-json\/wp\/v2\/comments?post=427"}],"version-history":[{"count":0,"href":"http:\/\/www.cervantinaesquivias.org\/wordpress\/wp-json\/wp\/v2\/posts\/427\/revisions"}],"wp:featuredmedia":[{"embeddable":true,"href":"http:\/\/www.cervantinaesquivias.org\/wordpress\/wp-json\/wp\/v2\/media\/426"}],"wp:attachment":[{"href":"http:\/\/www.cervantinaesquivias.org\/wordpress\/wp-json\/wp\/v2\/media?parent=427"}],"wp:term":[{"taxonomy":"category","embeddable":true,"href":"http:\/\/www.cervantinaesquivias.org\/wordpress\/wp-json\/wp\/v2\/categories?post=427"},{"taxonomy":"post_tag","embeddable":true,"href":"http:\/\/www.cervantinaesquivias.org\/wordpress\/wp-json\/wp\/v2\/tags?post=427"}],"curies":[{"name":"wp","href":"https:\/\/api.w.org\/{rel}","templated":true}]}}