{"id":425,"date":"2012-06-15T08:31:03","date_gmt":"2012-06-15T08:31:03","guid":{"rendered":"http:\/\/www.cervantinaesquivias.org\/wordpress\/2012\/06\/15\/xxv-encuentro-de-musica-polifonica-en-esquivias\/"},"modified":"2012-06-15T08:31:03","modified_gmt":"2012-06-15T08:31:03","slug":"xxv-encuentro-de-musica-polifonica-en-esquivias","status":"publish","type":"post","link":"http:\/\/www.cervantinaesquivias.org\/wordpress\/2012\/06\/15\/xxv-encuentro-de-musica-polifonica-en-esquivias\/","title":{"rendered":"XXV Encuentro de M\u00fasica Polif\u00f3nica en Esquivias. Junio 2012."},"content":{"rendered":"<p><\/p>\n<p style=\"text-align: center; \" mce_style=\"text-align: center; \"><img loading=\"lazy\" decoding=\"async\" class=\" size-full wp-image-424 size-full wp-image-424\" src=\"http:\/\/www.cervantinaesquivias.org\/wordpress\/wp-content\/uploads\/2012\/06\/8encuentro-corales-cervantina-2012-3.jpg\" mce_src=\"http:\/\/www.cervantinaesquivias.org\/wordpress\/wp-content\/uploads\/2012\/06\/8encuentro-corales-cervantina-2012-3.jpg\" alt=\"alt\" style=\"style\" mce_style=\"style\" width=\"472\" height=\"354\" srcset=\"http:\/\/www.cervantinaesquivias.org\/wordpress\/wp-content\/uploads\/2012\/06\/8encuentro-corales-cervantina-2012-3.jpg 472w, http:\/\/www.cervantinaesquivias.org\/wordpress\/wp-content\/uploads\/2012\/06\/8encuentro-corales-cervantina-2012-3-300x225.jpg 300w\" sizes=\"auto, (max-width: 472px) 100vw, 472px\" \/><\/p>\n<p style=\"text-align: justify; \" mce_style=\"text-align: justify; \">Se ha celebrado en Esquivias el XXV ENCUENTRO DE\u00a0MUSICA POLIFONICA, organizado por la Sociedad\u00a0<\/p>\n<p style=\"text-align: justify; \" mce_style=\"text-align: justify; \"><\/p>\n<p><!--more--><\/p>\n<p><\/p>\n<p style=\"text-align: justify; \" mce_style=\"text-align: justify; \">Cervantina de Esquivias, con la colaboraci\u00f3n del Excmo. Ayuntamiento de Esquivias, la Coral Polif\u00f3nica Catalina de Palacios y la firma comercial Aceites Hermida, de Esquivias.<\/p>\n<p>Se ha desarrollado con el siguiente programa de actos:<\/p>\n<p>El d\u00eda 23, a las 20,30 horas:<\/p>\n<p>La Coral Polif\u00f3nica Catalina de Palacios, de Esquivias (Toledo).<\/p>\n<p>La Agrupaci\u00f3n Coral de Consuegra, de Consuegra (Toledo).<\/p>\n<p>El d\u00eda 24, a las 20,0 horas:<\/p>\n<p>Agrupaci\u00f3n Coral de Gri\u00f1\u00f3n, de Gri\u00f1\u00f3n (Madrid)<\/p>\n<p>Coral Santiago Apostol, de Casarrubuelos (Madrid)<\/p>\n<p>El Encuentro ha tenido lugar en la Casa de Cultura de Esquivias.<\/p>\n<p>Es de justicia destacar la calidad art\u00edstica de los cuatro grupos participantes.<\/p>\n<p style=\"text-align: justify; \" mce_style=\"text-align: justify; \">Se hizo entrega a todos los compontentes de las Corales, y a estas, de un obsequio de Aceites Hermida de Esquivias, como muestra de uno de los productos estrella de este lugar.\u00a0<\/p>\n<p style=\"text-align: justify; \" mce_style=\"text-align: justify; \">Por otro lado, significar que la afluencia de p\u00fablico ha sido muy numerosa, a pesar de coincidir con otros eventos deportivos, lo que da idea del grado de aceptaci\u00f3n que tiene este tipo de actividades culturales en el pueblo de Esquivias.<\/p>\n<p style=\"text-align: justify; \" mce_style=\"text-align: justify; \">Al final de las actuaciones, la organizaci\u00f3n ofreci\u00f3 a los participantes y acompa\u00f1antes a un \u00e1gape en la Bodega de la Casa de Cervantes de Esquivias. Siendo este otro momento importante que sirve para estrechar lazos entre todos. Al finalizar este encuentro, la afici\u00f3n a la m\u00fasica, y el buen vino de Esquivias, se unen para rematar las veladas con canciones populares y buenos deseos entre todos.<\/p>\n<p><\/p>\n","protected":false},"excerpt":{"rendered":"<p>Se ha celebrado en Esquivias el XXV ENCUENTRO DE\u00a0MUSICA POLIFONICA, organizado por la Sociedad\u00a0<\/p>\n","protected":false},"author":1,"featured_media":424,"comment_status":"open","ping_status":"open","sticky":false,"template":"","format":"standard","meta":{"footnotes":""},"categories":[9],"tags":[],"class_list":["post-425","post","type-post","status-publish","format-standard","has-post-thumbnail","hentry","category-noticias-de-la-web"],"_links":{"self":[{"href":"http:\/\/www.cervantinaesquivias.org\/wordpress\/wp-json\/wp\/v2\/posts\/425","targetHints":{"allow":["GET"]}}],"collection":[{"href":"http:\/\/www.cervantinaesquivias.org\/wordpress\/wp-json\/wp\/v2\/posts"}],"about":[{"href":"http:\/\/www.cervantinaesquivias.org\/wordpress\/wp-json\/wp\/v2\/types\/post"}],"author":[{"embeddable":true,"href":"http:\/\/www.cervantinaesquivias.org\/wordpress\/wp-json\/wp\/v2\/users\/1"}],"replies":[{"embeddable":true,"href":"http:\/\/www.cervantinaesquivias.org\/wordpress\/wp-json\/wp\/v2\/comments?post=425"}],"version-history":[{"count":0,"href":"http:\/\/www.cervantinaesquivias.org\/wordpress\/wp-json\/wp\/v2\/posts\/425\/revisions"}],"wp:featuredmedia":[{"embeddable":true,"href":"http:\/\/www.cervantinaesquivias.org\/wordpress\/wp-json\/wp\/v2\/media\/424"}],"wp:attachment":[{"href":"http:\/\/www.cervantinaesquivias.org\/wordpress\/wp-json\/wp\/v2\/media?parent=425"}],"wp:term":[{"taxonomy":"category","embeddable":true,"href":"http:\/\/www.cervantinaesquivias.org\/wordpress\/wp-json\/wp\/v2\/categories?post=425"},{"taxonomy":"post_tag","embeddable":true,"href":"http:\/\/www.cervantinaesquivias.org\/wordpress\/wp-json\/wp\/v2\/tags?post=425"}],"curies":[{"name":"wp","href":"https:\/\/api.w.org\/{rel}","templated":true}]}}