{"id":422,"date":"2012-06-03T18:11:30","date_gmt":"2012-06-03T18:11:30","guid":{"rendered":"http:\/\/www.cervantinaesquivias.org\/wordpress\/2012\/06\/03\/exposicion-de-pintura-en-esquivias-convento-de-capuchinos\/"},"modified":"2012-06-03T18:11:30","modified_gmt":"2012-06-03T18:11:30","slug":"exposicion-de-pintura-en-esquivias-convento-de-capuchinos","status":"publish","type":"post","link":"http:\/\/www.cervantinaesquivias.org\/wordpress\/2012\/06\/03\/exposicion-de-pintura-en-esquivias-convento-de-capuchinos\/","title":{"rendered":"Exposici\u00f3n de pintura en Esquivias. Convento de Capuchinos. Junio 2012."},"content":{"rendered":"<p mce_style=\"style\"><\/p>\n<p mce_style=\"style\"><img decoding=\"async\" alt=\"alt\" src=\"http:\/\/cervantinaesquivias.org\/images\/stories\/expo-esquivias-v2-2.jpg\" mce_style=\"style\" mce_src=\"images\/stories\/expo-esquivias-v2-2.jpg\" \/><\/p>\n<p><\/p>\n<p>Con la colaboraci\u00f3n del Ayuntamiento de Esquivias, Jos\u00e9 Mar\u00eda Mart\u00ednez Murillo y Fernando Sim\u00f3n Blanco, han montado una exposici\u00f3n de sus trabajos de pintura en el Convento de Capuchinos de Esquivias.<\/p>\n<p><\/p>\n<p><!--more--><\/p>\n<p><\/p>\n<p>Martinez Murillo realiza sus obras con la t\u00e9cnica al \u00f3leo sobre tabla o lienzo.<\/p>\n<p>Sim\u00f3n Blanco lo hace en acr\u00edlico sobre lienzo, tabla y papel.<\/p>\n<p>Dos formas de ver y expresar en cada obra lo que los ojos de un artista ven, paisajes, colores, formas, y la expresi\u00f3n pl\u00e1stica que cada uno expresa a trav\u00e9s de sus pinceles.<\/p>\n<p>Una exposici\u00f3n, bien presentada, en un marco ideal, por los espacios, luz, y la mezcla que hacen de las dos formas de expresar el arte de la pintura.<\/p>\n<p><\/p>\n<p style=\"TEXT-ALIGN: center\" mce_style=\"text-align: center; \"><img decoding=\"async\" alt=\"alt\" src=\"http:\/\/cervantinaesquivias.org\/images\/stories\/toledo-nevado-2.jpg\" mce_style=\"style\" mce_src=\"images\/stories\/toledo-nevado-2.jpg\" \/><\/p>\n<p style=\"TEXT-ALIGN: center\" mce_style=\"text-align: center; \"><span style=\"FONT-SIZE: x-small\" mce_style=\"font-size: x-small;\">(Toledo nevado de Mart\u00ednez Murillo)<\/span><\/p>\n<p>Destacar que los expositores no han querido \u00abadornar\u00bb sus trabajos con marcos, que suelen mejorar las sensaciones percibidas. Simplemente exponen sus pinturas en los lienzos y despu\u00e9s cada cual los podr\u00eda enmarcar \u00a0seg\u00fan su criterio.\u00a0<\/p>\n<p><\/p>\n<p style=\"TEXT-ALIGN: center\" mce_style=\"text-align: center; \"><img decoding=\"async\" alt=\"alt\" src=\"http:\/\/cervantinaesquivias.org\/images\/stories\/vista-nocturna-en-madrid-2.jpg\" mce_style=\"style\" mce_src=\"images\/stories\/vista-nocturna-en-madrid-2.jpg\" \/><\/p>\n<p style=\"TEXT-ALIGN: center\" mce_style=\"text-align: center; \"><span style=\"FONT-SIZE: x-small\" mce_style=\"font-size: x-small;\">(Vista nocturna de Madrid. Mart\u00ednez Murillo)<\/span><\/p>\n<p>La exposici\u00f3n se hallar\u00e1 abierta hasta el dia 25 de junio y, los fines de semana, los autores podr\u00e1n atender personalmente al p\u00fablico asistente a la muestra.<\/p>\n<p><\/p>\n<p style=\"TEXT-ALIGN: center\" mce_style=\"text-align: center; \"><img decoding=\"async\" alt=\"alt\" src=\"http:\/\/cervantinaesquivias.org\/images\/stories\/cuadros-flecha-2012-002-2.jpg\" mce_style=\"style\" mce_src=\"images\/stories\/cuadros-flecha-2012-002-2.jpg\" \/><\/p>\n<p style=\"TEXT-ALIGN: center\" mce_style=\"text-align: center; \"><span style=\"FONT-SIZE: x-small\" mce_style=\"font-size: x-small;\">(Simon Blanco)<\/span><\/p>\n<p>Se halla abierta la exposici\u00f3n desde el dia 26 de Mayo, y hay que decir que se ha recibido con una c\u00e1lida acogida, en base al nutrido p\u00fablico que se acerca a contemplar sus obras.<\/p>\n<p style=\"TEXT-ALIGN: center\" mce_style=\"text-align: center; \"><img decoding=\"async\" alt=\"alt\" src=\"http:\/\/cervantinaesquivias.org\/images\/stories\/colmenar-viejo-2010-2.jpg\" mce_src=\"images\/stories\/colmenar-viejo-2010-2.jpg\" \/><\/p>\n<p style=\"TEXT-ALIGN: center\" mce_style=\"text-align: center; \"><span style=\"FONT-SIZE: x-small\" mce_style=\"font-size: x-small;\">(Colmenar Viejo, de Sim\u00f3n Blanco)<\/span><\/p>\n<p><\/p>\n<p><\/p>\n<p><\/p>\n","protected":false},"excerpt":{"rendered":"<p>Con la colaboraci\u00f3n del Ayuntamiento de Esquivias, Jos\u00e9 Mar\u00eda Mart\u00ednez Murillo y Fernando Sim\u00f3n Blanco, han montado una exposici\u00f3n de [&hellip;]<\/p>\n","protected":false},"author":1,"featured_media":0,"comment_status":"open","ping_status":"open","sticky":false,"template":"","format":"standard","meta":{"footnotes":""},"categories":[9],"tags":[],"class_list":["post-422","post","type-post","status-publish","format-standard","hentry","category-noticias-de-la-web"],"_links":{"self":[{"href":"http:\/\/www.cervantinaesquivias.org\/wordpress\/wp-json\/wp\/v2\/posts\/422","targetHints":{"allow":["GET"]}}],"collection":[{"href":"http:\/\/www.cervantinaesquivias.org\/wordpress\/wp-json\/wp\/v2\/posts"}],"about":[{"href":"http:\/\/www.cervantinaesquivias.org\/wordpress\/wp-json\/wp\/v2\/types\/post"}],"author":[{"embeddable":true,"href":"http:\/\/www.cervantinaesquivias.org\/wordpress\/wp-json\/wp\/v2\/users\/1"}],"replies":[{"embeddable":true,"href":"http:\/\/www.cervantinaesquivias.org\/wordpress\/wp-json\/wp\/v2\/comments?post=422"}],"version-history":[{"count":0,"href":"http:\/\/www.cervantinaesquivias.org\/wordpress\/wp-json\/wp\/v2\/posts\/422\/revisions"}],"wp:attachment":[{"href":"http:\/\/www.cervantinaesquivias.org\/wordpress\/wp-json\/wp\/v2\/media?parent=422"}],"wp:term":[{"taxonomy":"category","embeddable":true,"href":"http:\/\/www.cervantinaesquivias.org\/wordpress\/wp-json\/wp\/v2\/categories?post=422"},{"taxonomy":"post_tag","embeddable":true,"href":"http:\/\/www.cervantinaesquivias.org\/wordpress\/wp-json\/wp\/v2\/tags?post=422"}],"curies":[{"name":"wp","href":"https:\/\/api.w.org\/{rel}","templated":true}]}}