{"id":421,"date":"2012-05-23T08:27:51","date_gmt":"2012-05-23T08:27:51","guid":{"rendered":"http:\/\/www.cervantinaesquivias.org\/wordpress\/2012\/05\/23\/antonio-torrejon-garcia-firmara-su-libro-en-la-feria-del-libro-de-madrid\/"},"modified":"2012-05-23T08:27:51","modified_gmt":"2012-05-23T08:27:51","slug":"antonio-torrejon-garcia-firmara-su-libro-en-la-feria-del-libro-de-madrid","status":"publish","type":"post","link":"http:\/\/www.cervantinaesquivias.org\/wordpress\/2012\/05\/23\/antonio-torrejon-garcia-firmara-su-libro-en-la-feria-del-libro-de-madrid\/","title":{"rendered":"Antonio Torrej\u00f3n Garc\u00eda firmar\u00e1 su libro en la Feria del Libro de Madrid 2012."},"content":{"rendered":"<p mce_style=\"style\"><img decoding=\"async\" style=\"FLOAT: left\" alt=\"alt\" src=\"http:\/\/cervantinaesquivias.org\/images\/stories\/antonio-torrejon-garcia-3.jpg\" mce_style=\"float: left; \" mce_src=\"images\/stories\/antonio-torrejon-garcia-3.jpg\" \/><\/p>\n<p><\/p>\n<p><\/p>\n<p><\/p>\n<p><\/p>\n<p><\/p>\n<p><\/p>\n<p><\/p>\n<p><\/p>\n<p><\/p>\n<p><\/p>\n<p><\/p>\n<p><\/p>\n<p><\/p>\n<p><\/p>\n<p><\/p>\n<p><\/p>\n<p>El pr\u00f3ximo dia 5 de Junio, Antonio Torrej\u00f3n Garc\u00eda (Toni) firmar\u00e1 ejemplares<\/p>\n<p>de su novela \u00abTerciopelo en las alcantarillas\u00bb en la Feria del Libro de Madrid.\u00a0<\/p>\n<p>Caseta n\u00fam. \u00a041<\/p>\n<p>Entre las 17,30 y las 19,30 horas.<\/p>\n<p>La Feria del Libro de Madrid, se hallar\u00e1 instalada en el Parque del Retiro de<\/p>\n<p>Madrid, desde el d\u00eda 25 de Mayo hasta el 10 de Junio de 2012.<\/p>\n","protected":false},"excerpt":{"rendered":"<p>El pr\u00f3ximo dia 5 de Junio, Antonio Torrej\u00f3n Garc\u00eda (Toni) firmar\u00e1 ejemplares de su novela \u00abTerciopelo en las alcantarillas\u00bb en [&hellip;]<\/p>\n","protected":false},"author":1,"featured_media":0,"comment_status":"open","ping_status":"open","sticky":false,"template":"","format":"standard","meta":{"footnotes":""},"categories":[9],"tags":[],"class_list":["post-421","post","type-post","status-publish","format-standard","hentry","category-noticias-de-la-web"],"_links":{"self":[{"href":"http:\/\/www.cervantinaesquivias.org\/wordpress\/wp-json\/wp\/v2\/posts\/421","targetHints":{"allow":["GET"]}}],"collection":[{"href":"http:\/\/www.cervantinaesquivias.org\/wordpress\/wp-json\/wp\/v2\/posts"}],"about":[{"href":"http:\/\/www.cervantinaesquivias.org\/wordpress\/wp-json\/wp\/v2\/types\/post"}],"author":[{"embeddable":true,"href":"http:\/\/www.cervantinaesquivias.org\/wordpress\/wp-json\/wp\/v2\/users\/1"}],"replies":[{"embeddable":true,"href":"http:\/\/www.cervantinaesquivias.org\/wordpress\/wp-json\/wp\/v2\/comments?post=421"}],"version-history":[{"count":0,"href":"http:\/\/www.cervantinaesquivias.org\/wordpress\/wp-json\/wp\/v2\/posts\/421\/revisions"}],"wp:attachment":[{"href":"http:\/\/www.cervantinaesquivias.org\/wordpress\/wp-json\/wp\/v2\/media?parent=421"}],"wp:term":[{"taxonomy":"category","embeddable":true,"href":"http:\/\/www.cervantinaesquivias.org\/wordpress\/wp-json\/wp\/v2\/categories?post=421"},{"taxonomy":"post_tag","embeddable":true,"href":"http:\/\/www.cervantinaesquivias.org\/wordpress\/wp-json\/wp\/v2\/tags?post=421"}],"curies":[{"name":"wp","href":"https:\/\/api.w.org\/{rel}","templated":true}]}}