{"id":419,"date":"2012-05-22T14:23:57","date_gmt":"2012-05-22T14:23:57","guid":{"rendered":"http:\/\/www.cervantinaesquivias.org\/wordpress\/2012\/05\/22\/las-tinajas-del-toboso-de-catalina-de-salazar-y-palacios\/"},"modified":"2012-05-22T14:23:57","modified_gmt":"2012-05-22T14:23:57","slug":"las-tinajas-del-toboso-de-catalina-de-salazar-y-palacios","status":"publish","type":"post","link":"http:\/\/www.cervantinaesquivias.org\/wordpress\/2012\/05\/22\/las-tinajas-del-toboso-de-catalina-de-salazar-y-palacios\/","title":{"rendered":"Tinajas del Toboso heredadas por Catalina de Salazar y Palacios."},"content":{"rendered":"<p><\/p>\n<p style=\"style\" mce_style=\"style\"><span style=\"font-size: medium; \" mce_style=\"font-size: medium;\"><span style=\"font-family: verdana, geneva; \" mce_style=\"font-family: verdana, geneva;\"><span style=\"text-align: justify; \" mce_style=\"text-align: justify;\">En el Cap\u00edtulo XVIII de la Segunda Parte de Don Quijote de la Mancha, narra\u00a0<\/span><i mce_style=\"text-align: justify; \" style=\"text-align: justify; \">\u00abDe lo que le sucedi\u00f3 a Don Quijote en el Castillo o Casa del Caballero del\u00a0<\/i><i mce_style=\"text-align: justify; \" style=\"text-align: justify; \">Verde Gaban, con otras cosas extravagantes\u00bb<\/i><span style=\"text-align: justify; \" mce_style=\"text-align: justify;\">.<\/span><\/span><\/span><\/p>\n<p style=\"style\" mce_style=\"style\"><span style=\"font-size: medium; \" mce_style=\"font-size: medium;\"><span style=\"font-family: verdana, geneva; \" mce_style=\"font-family: verdana, geneva;\"><i>\u00abHall\u00f3 Don Quijote ser la casas de Don Diego Miranda ancha como de aldea;\u00a0<\/i><i>las armas, empero, aunque de piedra tosca, encima de la puerta de la calle;<\/i><\/span><\/span><\/p>\n<p style=\"text-align: center; \" mce_style=\"text-align: center; \"><img loading=\"lazy\" decoding=\"async\" class=\" size-full wp-image-416 size-full wp-image-416\" src=\"http:\/\/www.cervantinaesquivias.org\/wordpress\/wp-content\/uploads\/2012\/05\/mayorazgo.-dintel-de-la-puerta-2.jpg\" mce_src=\"http:\/\/www.cervantinaesquivias.org\/wordpress\/wp-content\/uploads\/2012\/05\/mayorazgo.-dintel-de-la-puerta-2.jpg\" alt=\"alt\" style=\"style\" mce_style=\"style\" width=\"510\" height=\"279\" srcset=\"http:\/\/www.cervantinaesquivias.org\/wordpress\/wp-content\/uploads\/2012\/05\/mayorazgo.-dintel-de-la-puerta-2.jpg 510w, http:\/\/www.cervantinaesquivias.org\/wordpress\/wp-content\/uploads\/2012\/05\/mayorazgo.-dintel-de-la-puerta-2-300x164.jpg 300w\" sizes=\"auto, (max-width: 510px) 100vw, 510px\" \/><\/p>\n<p style=\"text-align: justify; \" mce_style=\"text-align: justify; \"><span style=\"font-size: medium; \" mce_style=\"font-size: medium;\"><span style=\"font-family: verdana, geneva; \" mce_style=\"font-family: verdana, geneva;\"><i>la bodega, en el patio; la cueva, en el portal, y <b>muchas tinajas a la redonda, que, por<\/b><\/i><\/span><\/span><\/p>\n<p style=\"text-align: justify; \" mce_style=\"text-align: justify; \"><\/p>\n<p><span style=\"font-size: medium; \" mce_style=\"font-size: medium;\"><span style=\"font-family: verdana, geneva; \" mce_style=\"font-family: verdana, geneva;\"><i><b><\/b><\/i><\/span><\/span><\/p>\n<p><!--more--><\/p>\n<p><\/p>\n<p><\/p>\n<p style=\"text-align: justify; \" mce_style=\"text-align: justify; \"><span style=\"font-size: medium; \" mce_style=\"font-size: medium;\"><span style=\"font-family: verdana, geneva; \" mce_style=\"font-family: verdana, geneva;\"><i><b>ser\u00a0<\/b><\/i><i><b>del\u00a0<\/b><\/i><i><b>Toboso<\/b>,\u00a0<\/i><i>le renovaron las memorias de\u00a0<\/i><\/span><\/span><i style=\"font-family: verdana, geneva; font-size: medium; \" mce_style=\"font-family: verdana, geneva; font-size: medium; \">su\u00a0<\/i><i style=\"font-family: verdana, geneva; font-size: medium; \" mce_style=\"font-family: verdana, geneva; font-size: medium; \">encantada y transformada Dulcinea; y sospirando, y sin mirar lo que dec\u00eda, ni delante de quien estaba, dijo:<\/i><\/p>\n<p style=\"text-align: center; \" mce_style=\"text-align: center; \"><i style=\"style\" mce_style=\"style\"><span style=\"font-size: medium; \" mce_style=\"font-size: medium;\"><span style=\"font-family: verdana, geneva; \" mce_style=\"font-family: verdana, geneva;\"><b>\u00a1Oh dulces prendas, por mi mal halladas,<\/b><\/span><\/span><\/i><\/p>\n<p style=\"text-align: center; \" mce_style=\"text-align: center; \"><i style=\"style\" mce_style=\"style\"><span style=\"font-size: medium; \" mce_style=\"font-size: medium;\"><span style=\"font-family: verdana, geneva; \" mce_style=\"font-family: verdana, geneva;\"><b>dulces y alegres cuando Dios quer\u00eda\u00a1<\/b><\/span><\/span><\/i><\/p>\n<p style=\"text-align: justify; \" mce_style=\"text-align: justify; \"><span style=\"text-align: justify; \" mce_style=\"text-align: justify; \"><i style=\"style\" mce_style=\"style\"><span style=\"font-size: medium; \" mce_style=\"font-size: medium;\"><span style=\"font-family: verdana, geneva; \" mce_style=\"font-family: verdana, geneva;\"><b>\u00a1Oh tobosescas tinajas, que me hab\u00e9is tra\u00eddo a la memoria la dulce prenda de mi mayor amargura\u00a1<\/b><\/span><\/span><\/i><\/span><\/p>\n<p style=\"text-align: justify; \" mce_style=\"text-align: justify; \"><span style=\"text-align: justify; \" mce_style=\"text-align: justify; \"><i style=\"style\" mce_style=\"style\"><span style=\"font-size: medium; \" mce_style=\"font-size: medium;\"><span style=\"font-family: verdana, geneva; \" mce_style=\"font-family: verdana, geneva;\"><b>Oy\u00f3le decir esto el estudiante poeta hijo de Don Diego, que con su madre hab\u00eda salido a recebirle, y madre y hijo quedaron suspensos de ver la extra\u00f1a figura de Don Quijote; el cual ape\u00e1ndose de Rocinante&#8230;\u00bb<\/b><\/span><\/span><\/i><\/span><\/p>\n<p style=\"text-align: justify; \" mce_style=\"text-align: justify; \"><span style=\"text-align: justify; \" mce_style=\"text-align: justify;\"><span style=\"font-size: medium; \" mce_style=\"font-size: medium;\"><span style=\"font-family: verdana, geneva; \" mce_style=\"font-family: verdana, geneva;\">Cervantes entra en alg\u00fan detalle de la construcci\u00f3n de la Casa que acoge a Don Quijote y Sancho, que concuerda con la descripci\u00f3n que hace <b>\u00ab&#8230;<i>Don Manuel Antonio Quijada, del Estado noble de hijosdalgo, en la declaraci\u00f3n jurada sobre los bienes, raices que poseen en el lugar de Esquivias. De edad de 27 a\u00f1os, casado con Do\u00f1a Mar\u00eda Antonia de Lara Salazar, de edad de 26 a\u00f1os, con dos hijos, el uno llamado Don Manuel Mar\u00eda Cayetano Quijada, de poco mas de cinco a\u00f1os, y Do\u00f1a Mar\u00eda B\u00e1rbara Cayetana Quijada, de edad de seis meses.\u00a0<\/i><\/b><\/span><\/span><\/span><\/p>\n<p style=\"text-align: justify; \" mce_style=\"text-align: justify; \"><span style=\"text-align: justify; \" mce_style=\"text-align: justify; \"><i style=\"style\" mce_style=\"style\"><span style=\"font-size: medium; \" mce_style=\"font-size: medium;\"><span style=\"font-family: verdana, geneva; \" mce_style=\"font-family: verdana, geneva;\"><b>Hago de los bienes que tengo en el expresado lugar, como poseedor de los Mayorazgos que fundaron en \u00e9l Don Juan Quijada de Salazar y Don Gabriel Quijada de Salazar, y de la familia que me sirve, en conformidad de el Bando publicado de orden del Sr. Subdelegado de \u00fanica contribuci\u00f3n de rentas provinciales, y es como sigue\u00bb:<\/b><\/span><\/span><\/i><\/span><\/p>\n<p style=\"text-align: justify; \" mce_style=\"text-align: justify; \"><span style=\"text-align: justify; \" mce_style=\"text-align: justify; \"><i><br \/><\/i><\/span><\/p>\n<p style=\"style\" mce_style=\"style\"><span style=\"text-align: justify; \" mce_style=\"text-align: justify; \"><i><img loading=\"lazy\" decoding=\"async\" class=\" alignleft size-full wp-image-417 alignleft size-full wp-image-417\" src=\"http:\/\/www.cervantinaesquivias.org\/wordpress\/wp-content\/uploads\/2012\/05\/bodega-c.c-4.jpg\" mce_src=\"http:\/\/www.cervantinaesquivias.org\/wordpress\/wp-content\/uploads\/2012\/05\/bodega-c.c-4.jpg\" style=\"float: left; margin-left: 20px; margin-right: 20px;\" mce_style=\"float: left; margin-left: 20px; margin-right: 20px;\" width=\"295\" height=\"395\" srcset=\"http:\/\/www.cervantinaesquivias.org\/wordpress\/wp-content\/uploads\/2012\/05\/bodega-c.c-4.jpg 295w, http:\/\/www.cervantinaesquivias.org\/wordpress\/wp-content\/uploads\/2012\/05\/bodega-c.c-4-224x300.jpg 224w\" sizes=\"auto, (max-width: 295px) 100vw, 295px\" \/><\/i><\/span><\/p>\n<p style=\"text-align: justify; \" mce_style=\"text-align: justify; \"><i mce_style=\"style\"><span style=\"font-size: medium; \" mce_style=\"font-size: medium;\"><span style=\"font-family: verdana, geneva; \" mce_style=\"font-family: verdana, geneva;\"><b>\u00abUna casa principal enfrente de la de Don Silvestre L\u00f3pez, y calle de la Cuesta, muy mal tratada, que tiene de frente a la parte de dicha calle ciento y ocho pies de f\u00e1brica, y de fondo ciento cuarenta y cuatro. En ella hay un patio con su pozo, bodega, lagar y cueva, y habitaci\u00f3n alta y baja, que \u00e9sta se compone de una pieza grande, cinco piezas peque\u00f1as, cocina, despensa y cocedero, y una pieza peque\u00f1a sobre la cueva, que ha servido de Palomar, y en lo alto otra pieza grande y seis piezas peque\u00f1as, que la una de ellas tiene su alcoba, y dos cocinas con dos despensas, y una c\u00e1mara encima, y su corral, su cuadra y pajar, todo lo cual est\u00e1 casi inhabitable, y sin uso, por lo cual no se le puede dar precio alguno, y estimaci\u00f3n de alguiler que puedan dar por ella, pues el que diesen, aunque fuera crecido, lo necesitaba anualmente para reparos en ella&#8230;\u00bb<\/b><\/span><\/span><\/i><\/p>\n<p style=\"text-align: justify; \" mce_style=\"text-align: justify; \"><span style=\"font-size: medium; \" mce_style=\"font-size: medium;\"><span style=\"font-family: verdana, geneva; \" mce_style=\"font-family: verdana, geneva;\">La bodega que cita, contiene un buen n\u00famero de tinajas de arcilla. Respecto a estas, veamos lo que perciben Catalina de Salazar y Palacios y sus hermanos Francisco y Fernando por la herencia de su t\u00edo Don Juan de Palacios, cl\u00e9rigo:<\/span><\/span><\/p>\n<p style=\"text-align: justify; \" mce_style=\"text-align: justify; \"><\/p>\n<p style=\"text-align: justify; \" mce_style=\"text-align: justify; \"><\/p>\n<p style=\"text-align: justify; \" mce_style=\"text-align: justify; \">\u00a0 \u00a0 \u00a0 \u00a0 \u00a0 \u00a0 \u00a0 \u00a0<span style=\"font-size: x-small; \" mce_style=\"font-size: x-small;\">(Bodega de la Casa de Cervantes en Esquivias)<\/span><\/p>\n<p style=\"text-align: justify; \" mce_style=\"text-align: justify; \"><span style=\"font-size: x-small; \" mce_style=\"font-size: x-small;\"><br \/><\/span><\/p>\n<p style=\"style\" mce_style=\"style\"><span style=\"font-size: medium; \" mce_style=\"font-size: medium;\"><span style=\"font-family: verdana, geneva; \" mce_style=\"font-family: verdana, geneva;\"><span style=\"text-align: justify; \" mce_style=\"text-align: justify;\">Detalla que les deja en herencia unas casas que tiene en Esquivias, <\/span><i style=\"text-align: justify; \" mce_style=\"text-align: justify; \">\u00ab&#8230;una que compr\u00e9 de los herederos de Juan Romano, y ans\u00ed mismo le mando un majuelo, que yo tengo en t\u00e9rmino de este dicho lugar, a <b>Valdesanchuelo<\/b>, que tiene cuatro aranzadas \/ y mas le mando otro majuelo, que yo tengo en termino de este dicho lugar, a la Serna, \/ con una tierra que esta junto con el dicho majuelo, que todo ello alinda con majuelo de Diego Garc\u00eda de Salazar y con majuelo de Gaspar de Chinchilla y con la senda que va a los Cuartos \u00a0\/ y mas le mando al dicho mi sobrino o a el capell\u00e1n \u00a0que sucediere en la capellan\u00eda que yo tengo, <b>cuatro tinajas del Toboso, de caber de cincuenta arrobas arriba,<\/b> con mas una cuba de trezientas y zinquenta arrobas, la mejor de las que tuviere de aquel tama\u00f1o; las cuales <b>dichas \u00a0cuatro tinajas<\/b> y la otra cuba,<\/i><i style=\"text-align: justify; \" mce_style=\"text-align: justify; \">\u00a0de\u00a0<\/i><i style=\"text-align: justify; \" mce_style=\"text-align: justify; \">suso declaradas, es mi voluntad que las haya y tenga y goce el capell\u00e1n que sucediere en la dicha capellan\u00eda, que yo al presente tengo, para que los arrime con los dem\u00e1s bienes de la dicha capellan\u00eda, para que vayan sucediendo de capell\u00e1n en capell\u00e1n, para siempre jam\u00e1s <b>las dichas tinajas <\/b>y cuba de suso declarado\u00bb<\/i><\/span><\/span><\/p>\n<p style=\"style\" mce_style=\"style\"><i style=\"text-align: justify; \" mce_style=\"text-align: justify; \"><br \/><\/i><\/p>\n<p style=\"style\" mce_style=\"style\"><i style=\"text-align: justify; \" mce_style=\"text-align: justify; \"><img loading=\"lazy\" decoding=\"async\" class=\" alignleft size-full wp-image-418 alignleft size-full wp-image-418\" src=\"http:\/\/www.cervantinaesquivias.org\/wordpress\/wp-content\/uploads\/2012\/05\/rincon-pintoresco-c.c-4.jpg\" mce_src=\"http:\/\/www.cervantinaesquivias.org\/wordpress\/wp-content\/uploads\/2012\/05\/rincon-pintoresco-c.c-4.jpg\" style=\"float: left; margin-left: 20px; margin-right: 20px;\" mce_style=\"float: left; margin-left: 20px; margin-right: 20px;\" width=\"354\" height=\"501\" srcset=\"http:\/\/www.cervantinaesquivias.org\/wordpress\/wp-content\/uploads\/2012\/05\/rincon-pintoresco-c.c-4.jpg 354w, http:\/\/www.cervantinaesquivias.org\/wordpress\/wp-content\/uploads\/2012\/05\/rincon-pintoresco-c.c-4-212x300.jpg 212w\" sizes=\"auto, (max-width: 354px) 100vw, 354px\" \/><br \/><\/i><\/p>\n<p style=\"text-align: justify; \" mce_style=\"text-align: justify; \"><\/p>\n<p style=\"text-align: justify; \" mce_style=\"text-align: justify; \"><span style=\"font-size: medium; \" mce_style=\"font-size: medium;\"><span style=\"font-family: verdana, geneva; \" mce_style=\"font-family: verdana, geneva;\">Sin lugar a dudas que para los Palacios eran muy importantes estas tinajas del Toboso, nada mas ver los detalles con que se mencionan en el testamento del Cura Juan de Palacios a sus sobrinos.<\/span><\/span><\/p>\n<p style=\"text-align: justify; \" mce_style=\"text-align: justify; \"><span style=\"font-size: medium; \" mce_style=\"font-size: medium;\"><span style=\"font-family: verdana, geneva; \" mce_style=\"font-family: verdana, geneva;\"><br \/><\/span><\/span><\/p>\n<p style=\"text-align: justify; \" mce_style=\"text-align: justify; \"><span style=\"font-size: medium; \" mce_style=\"font-size: medium;\"><span style=\"font-family: verdana, geneva; \" mce_style=\"font-family: verdana, geneva;\">A Cervantes no le debi\u00f3 pasar desapercibido el hecho de destacar con tanto detalle la posesi\u00f3n, por parte de la familia de su esposa, de unas tinajas procedentes del Toboso. Y en su ingeniosa imaginaci\u00f3n, plasmar\u00eda este detalle en el momento y lugar que viera mas oportuno, empleando el nombre del Toboso como nombre inspirador de las mayores fantas\u00edas. <i><b>\u00abnombre al parecer, m\u00fasico, y peregrino, y significativo, como todos los dem\u00e1s que a \u00e9l y a sus cosas hab\u00eda puesto\u00bb.<\/b><\/i><\/span><\/span><\/p>\n<p style=\"text-align: justify; \" mce_style=\"text-align: justify; \"><\/p>\n<p style=\"text-align: justify; \" mce_style=\"text-align: justify; \"><\/p>\n<p style=\"text-align: justify; \" mce_style=\"text-align: justify; \"><\/p>\n<p style=\"text-align: justify; \" mce_style=\"text-align: justify; \"><\/p>\n<p style=\"text-align: justify; \" mce_style=\"text-align: justify; \"><\/p>\n<p style=\"text-align: justify; \" mce_style=\"text-align: justify; \"><span style=\"font-size: x-small; \" mce_style=\"font-size: x-small;\">\u00a0 \u00a0 \u00a0 \u00a0 (Rinc\u00f3n pintoresco en la Casa de Cervantes de Esquivias: Derecha la bodega,\u00a0<\/span><\/p>\n<p style=\"text-align: justify; \" mce_style=\"text-align: justify; \"><span style=\"font-size: x-small; \" mce_style=\"font-size: x-small;\">\u00a0 \u00a0 \u00a0 \u00a0 izquierda el lagar, centro bajada a la cueva, sobre ella el palomar y una tinaja<\/span><\/p>\n<p style=\"text-align: justify; \" mce_style=\"text-align: justify; \"><span style=\"font-size: x-small; \" mce_style=\"font-size: x-small;\">\u00a0 \u00a0 \u00a0 \u00a0 \u00a0 \u00a0 \u00a0 \u00a0 \u00a0 \u00a0 \u00a0 \u00a0 \u00a0 \u00a0 \u00a0 \u00a0 para recogida de agua de lluvia de los tejados)<\/span><\/p>\n<p style=\"text-align: right;\" mce_style=\"text-align: right;\"><span style=\"font-family: helvetica;\" mce_style=\"font-family: helvetica;\"><i><b>Sabino de Diego.<\/b><\/i><\/span><\/p>\n<p style=\"text-align: justify; \" mce_style=\"text-align: justify; \"><\/p>\n<p style=\"text-align: justify; \" mce_style=\"text-align: justify; \"><span style=\"text-align: justify; \" mce_style=\"text-align: justify; \"><i><br \/><\/i><\/span><\/p>\n","protected":false},"excerpt":{"rendered":"<p>En el Cap\u00edtulo XVIII de la Segunda Parte de Don Quijote de la Mancha, narra\u00a0\u00abDe lo que le sucedi\u00f3 a [&hellip;]<\/p>\n","protected":false},"author":1,"featured_media":416,"comment_status":"open","ping_status":"open","sticky":false,"template":"","format":"standard","meta":{"footnotes":""},"categories":[7],"tags":[],"class_list":["post-419","post","type-post","status-publish","format-standard","has-post-thumbnail","hentry","category-noticias-cervantina"],"_links":{"self":[{"href":"http:\/\/www.cervantinaesquivias.org\/wordpress\/wp-json\/wp\/v2\/posts\/419","targetHints":{"allow":["GET"]}}],"collection":[{"href":"http:\/\/www.cervantinaesquivias.org\/wordpress\/wp-json\/wp\/v2\/posts"}],"about":[{"href":"http:\/\/www.cervantinaesquivias.org\/wordpress\/wp-json\/wp\/v2\/types\/post"}],"author":[{"embeddable":true,"href":"http:\/\/www.cervantinaesquivias.org\/wordpress\/wp-json\/wp\/v2\/users\/1"}],"replies":[{"embeddable":true,"href":"http:\/\/www.cervantinaesquivias.org\/wordpress\/wp-json\/wp\/v2\/comments?post=419"}],"version-history":[{"count":0,"href":"http:\/\/www.cervantinaesquivias.org\/wordpress\/wp-json\/wp\/v2\/posts\/419\/revisions"}],"wp:featuredmedia":[{"embeddable":true,"href":"http:\/\/www.cervantinaesquivias.org\/wordpress\/wp-json\/wp\/v2\/media\/416"}],"wp:attachment":[{"href":"http:\/\/www.cervantinaesquivias.org\/wordpress\/wp-json\/wp\/v2\/media?parent=419"}],"wp:term":[{"taxonomy":"category","embeddable":true,"href":"http:\/\/www.cervantinaesquivias.org\/wordpress\/wp-json\/wp\/v2\/categories?post=419"},{"taxonomy":"post_tag","embeddable":true,"href":"http:\/\/www.cervantinaesquivias.org\/wordpress\/wp-json\/wp\/v2\/tags?post=419"}],"curies":[{"name":"wp","href":"https:\/\/api.w.org\/{rel}","templated":true}]}}