{"id":393,"date":"2012-05-19T09:15:50","date_gmt":"2012-05-19T09:15:50","guid":{"rendered":"http:\/\/www.cervantinaesquivias.org\/wordpress\/2012\/05\/19\/curso-escolar-1958-59-esquivias\/"},"modified":"2012-05-19T09:15:50","modified_gmt":"2012-05-19T09:15:50","slug":"curso-escolar-1958-59-esquivias","status":"publish","type":"post","link":"http:\/\/www.cervantinaesquivias.org\/wordpress\/2012\/05\/19\/curso-escolar-1958-59-esquivias\/","title":{"rendered":"Curso escolar 1958-59. Esquivias."},"content":{"rendered":"<p><\/p>\n<p style=\"text-align: center; \" mce_style=\"text-align: center; \"><img loading=\"lazy\" decoding=\"async\" class=\" size-full wp-image-392 size-full wp-image-392\" src=\"http:\/\/www.cervantinaesquivias.org\/wordpress\/wp-content\/uploads\/2012\/05\/esquivias-5-12-1958-2.jpg\" mce_src=\"http:\/\/www.cervantinaesquivias.org\/wordpress\/wp-content\/uploads\/2012\/05\/esquivias-5-12-1958-2.jpg\" alt=\"alt\" width=\"650\" height=\"376\" srcset=\"http:\/\/www.cervantinaesquivias.org\/wordpress\/wp-content\/uploads\/2012\/05\/esquivias-5-12-1958-2.jpg 650w, http:\/\/www.cervantinaesquivias.org\/wordpress\/wp-content\/uploads\/2012\/05\/esquivias-5-12-1958-2-300x174.jpg 300w\" sizes=\"auto, (max-width: 650px) 100vw, 650px\" \/><\/p>\n<p style=\"text-align: center; \" mce_style=\"text-align: center; \"><\/p>\n<p style=\"text-align: justify;\" mce_style=\"text-align: justify;\"><span style=\"font-size: medium;\" mce_style=\"font-size: medium;\"><span style=\"font-family: verdana, geneva;\" mce_style=\"font-family: verdana, geneva;\">Esta fotograf\u00eda corresponde al Curso Escolar 1958-59 de Ni\u00f1os de Esquivias.\u00a0<\/span><\/span><\/p>\n<p style=\"text-align: justify;\" mce_style=\"text-align: justify;\"><span style=\"font-size: medium;\" mce_style=\"font-size: medium;\"><span style=\"font-family: verdana, geneva;\" mce_style=\"font-family: verdana, geneva;\">La Profesora<span style=\"color: rgb(0, 0, 0);\" mce_style=\"color: #000000;\">, do\u00f1a Dolores Panea Frias \u00a0n<\/span>os la ha facilitado. Es evidente que esta Se\u00f1ora no olvida a sus alumnos, puesto que con todo cari\u00f1o desea que se publique esta foto <b><i>\u00abpor si podemos identificar a los ni\u00f1os de la foto\u00bb, <\/i><\/b>eso nos dec\u00eda en su correo la Se\u00f1ora Loly.<\/span><\/span><\/p>\n<p style=\"text-align: justify;\" mce_style=\"text-align: justify;\"><span style=\"font-size: medium;\" mce_style=\"font-size: medium;\"><span style=\"font-family: verdana, geneva;\" mce_style=\"font-family: verdana, geneva;\">Do\u00f1a Dolores Panea Frias, Maestra Nacional en la Escuela de Ni\u00f1os en Esquivias, vive en Francia desde hace 50 a\u00f1os, seg\u00fan nos dice, pero no olvida su paso por Esquivias, ella si se acuerda y <b style=\"font-style: italic; \" mce_style=\"font-style: italic; \">\u00abquisiera saber si algunos de los ni\u00f1os viven aun en Esquivias (y cosa mas rara, se acuerden de mi)\u00bb.<\/b> nos dice.<\/span><\/span><\/p>\n<p style=\"text-align: justify;\" mce_style=\"text-align: justify;\"><span style=\"font-size: medium;\" mce_style=\"font-size: medium;\"><span style=\"font-family: verdana, geneva;\" mce_style=\"font-family: verdana, geneva;\">La foto est\u00e1 tomada en el antiguo Colegio P\u00fablico, hoy sede del Ayuntamiento de Esquivias, un 5 de diciembre de 1958. Hoy, salvo honrosas excepciones, todos se hallan casados, con hijos, nietos, etc. la mayor parte de ellos viven en Esquivias y los tenemos identificados:<\/span><\/span><\/p>\n<p style=\"text-align: justify;\" mce_style=\"text-align: justify;\"><span style=\"font-size: medium;\" mce_style=\"font-size: medium;\"><span style=\"font-family: verdana, geneva;\" mce_style=\"font-family: verdana, geneva;\">La Profesora: Do\u00f1a Dolores Panea Frias (Loly Delisse).<\/span><\/span><\/p>\n<p style=\"text-align: justify;\" mce_style=\"text-align: justify;\"><span style=\"font-size: medium;\" mce_style=\"font-size: medium;\"><span style=\"font-family: verdana, geneva;\" mce_style=\"font-family: verdana, geneva;\">Fila de arriba, de izquierda a derecha: Mariano Torrej\u00f3n, Manuel Trigueros, Luis Miguel Ruffiangel, Francisco Moya, Miguel Angel Garc\u00eda, Francisco Fernandez, Emilio Moya, Martin Portero, Luis Miguel Diaz, Rafael Maeso, Enrique Torrej\u00f3n, Jos\u00e9 Alonso, Luis Miguel Sim\u00f3n, Pablo Hernando y Luis de la Plaza.<\/span><\/span><\/p>\n<p style=\"text-align: justify;\" mce_style=\"text-align: justify;\"><span style=\"font-size: medium;\" mce_style=\"font-size: medium;\"><span style=\"font-family: verdana, geneva;\" mce_style=\"font-family: verdana, geneva;\">Fila de central, de izquierda a derecha: Jos\u00e9 Olivares, Santiago Diaz, Jos\u00e9 Luis Rojas, Pedro Sanchez, ni\u00f1o no identificado, Agustin Rabadan, Esteban Portanava, Jos\u00e9, Juan Jos\u00e9 de Diego, Andr\u00e9s Sim\u00f3n, Arturo Portero, Ismael Lozano, Victoriano Romero, Juan de Dios Pinto y Manuel Salas.<\/span><\/span><\/p>\n<p style=\"text-align: justify;\" mce_style=\"text-align: justify;\"><span style=\"font-size: medium;\" mce_style=\"font-size: medium;\"><span style=\"font-family: verdana, geneva;\" mce_style=\"font-family: verdana, geneva;\">En el suelo, de izquierda a derecha: Luis Mariano Garc\u00eda, Antonio Garc\u00eda, Jos\u00e9 Luis Alonso, Juan Antonio Gonz\u00e1lez, Luis Garc\u00eda, Mariano Torrej\u00f3n, Carlos Sanchez, Miguel Angel Olivares, Tomas Torrej\u00f3n y Andr\u00e9s Salas.<\/span><\/span><\/p>\n<p style=\"text-align: right;\"><span style=\"font-size: small;\" mce_style=\"font-size: small;\"><span style=\"font-family: helvetica;\" mce_style=\"font-family: helvetica;\"><i><b>Sabino de Diego.<\/b><\/i><\/span><\/span><\/p>\n<p style=\"text-align: justify; \" mce_style=\"text-align: justify; \"><\/p>\n<p style=\"text-align: center; \" mce_style=\"text-align: center; \"><\/p>\n<p style=\"text-align: center; \" mce_style=\"text-align: center; \"><\/p>\n<p style=\"text-align: center; \" mce_style=\"text-align: center; \"><\/p>\n","protected":false},"excerpt":{"rendered":"<p>Esta fotograf\u00eda corresponde al Curso Escolar 1958-59 de Ni\u00f1os de Esquivias.\u00a0 La Profesora, do\u00f1a Dolores Panea Frias \u00a0nos la ha [&hellip;]<\/p>\n","protected":false},"author":1,"featured_media":392,"comment_status":"open","ping_status":"open","sticky":false,"template":"","format":"standard","meta":{"footnotes":""},"categories":[10],"tags":[],"class_list":["post-393","post","type-post","status-publish","format-standard","has-post-thumbnail","hentry","category-foto-del-recuerdo-foto-del-recuerdo"],"_links":{"self":[{"href":"http:\/\/www.cervantinaesquivias.org\/wordpress\/wp-json\/wp\/v2\/posts\/393","targetHints":{"allow":["GET"]}}],"collection":[{"href":"http:\/\/www.cervantinaesquivias.org\/wordpress\/wp-json\/wp\/v2\/posts"}],"about":[{"href":"http:\/\/www.cervantinaesquivias.org\/wordpress\/wp-json\/wp\/v2\/types\/post"}],"author":[{"embeddable":true,"href":"http:\/\/www.cervantinaesquivias.org\/wordpress\/wp-json\/wp\/v2\/users\/1"}],"replies":[{"embeddable":true,"href":"http:\/\/www.cervantinaesquivias.org\/wordpress\/wp-json\/wp\/v2\/comments?post=393"}],"version-history":[{"count":0,"href":"http:\/\/www.cervantinaesquivias.org\/wordpress\/wp-json\/wp\/v2\/posts\/393\/revisions"}],"wp:featuredmedia":[{"embeddable":true,"href":"http:\/\/www.cervantinaesquivias.org\/wordpress\/wp-json\/wp\/v2\/media\/392"}],"wp:attachment":[{"href":"http:\/\/www.cervantinaesquivias.org\/wordpress\/wp-json\/wp\/v2\/media?parent=393"}],"wp:term":[{"taxonomy":"category","embeddable":true,"href":"http:\/\/www.cervantinaesquivias.org\/wordpress\/wp-json\/wp\/v2\/categories?post=393"},{"taxonomy":"post_tag","embeddable":true,"href":"http:\/\/www.cervantinaesquivias.org\/wordpress\/wp-json\/wp\/v2\/tags?post=393"}],"curies":[{"name":"wp","href":"https:\/\/api.w.org\/{rel}","templated":true}]}}