{"id":386,"date":"2012-04-24T21:22:59","date_gmt":"2012-04-24T21:22:59","guid":{"rendered":"http:\/\/www.cervantinaesquivias.org\/wordpress\/2012\/04\/24\/don-valentin-bielsa-leganes\/"},"modified":"2012-04-24T21:22:59","modified_gmt":"2012-04-24T21:22:59","slug":"don-valentin-bielsa-leganes","status":"publish","type":"post","link":"http:\/\/www.cervantinaesquivias.org\/wordpress\/2012\/04\/24\/don-valentin-bielsa-leganes\/","title":{"rendered":"Don Valent\u00edn Bielsa Legan\u00e9s. Profesor de Guitarra y Compositor."},"content":{"rendered":"<p style=\"TEXT-ALIGN: center\" mce_style=\"text-align: center; \"><img decoding=\"async\" alt=\"alt\" src=\"http:\/\/cervantinaesquivias.org\/images\/stories\/valentin-bielsa-2.jpg\" mce_src=\"images\/stories\/valentin-bielsa-2.jpg\" \/><\/p>\n<p style=\"text-align: justify;\" mce_style=\"text-align: justify;\"><span style=\"font-size: medium;\" mce_style=\"font-size: medium;\"><span style=\"font-family: verdana, geneva;\" mce_style=\"font-family: verdana, geneva;\">Don Valent\u00edn Bielsa Legan\u00e9s, falleci\u00f3 el pasado d\u00eda 18 Abril de 2012 en Toledo a los 82 a\u00f1os de edad. Fue enterrado en su pueblo natal, donde resid\u00eda, Quintanar de la Orden (Toledo).<\/span><\/span><\/p>\n<p style=\"text-align: justify;\" mce_style=\"text-align: justify;\"><span style=\"font-size: medium;\" mce_style=\"font-size: medium;\"><span style=\"font-family: verdana, geneva;\" mce_style=\"font-family: verdana, geneva;\">Este ilustre Quintanare\u00f1o, nacido el a\u00f1o 1929, comenz\u00f3 su carrera musical tocando la trompeta en la Banda Municipal de M\u00fasica de Quintanar, pasando a engrosar a continuaci\u00f3n en la Banda Militar del Tercio Duque de Alba de Ceuta.<\/span><\/span><\/p>\n<p style=\"TEXT-ALIGN: justify\" mce_style=\"text-align: justify; \"><\/p>\n<p><!--more--><\/p>\n<p><\/p>\n<p style=\"text-align: justify;\" mce_style=\"text-align: justify;\"><span style=\"font-size: medium;\" mce_style=\"font-size: medium;\"><span style=\"font-family: verdana, geneva;\" mce_style=\"font-family: verdana, geneva;\">Comentaba Don Valent\u00edn que nunca, hasta tener en sus manos este instrumento musical, hab\u00eda sentido la llamada de la m\u00fasica, pero en el momento de tocar las primeras notas, en ese instante descubri\u00f3 cual iba a ser su gran pasi\u00f3n para el resto de su vida: La M\u00fasica.<\/span><\/span><\/p>\n<p mce_style=\"style\"><img decoding=\"async\" style=\"FLOAT: left; MARGIN-LEFT: 20px; MARGIN-RIGHT: 20px\" src=\"http:\/\/cervantinaesquivias.org\/images\/stories\/valentin-bielsa-2-g-ene-94-3.jpg\" mce_style=\"float: left; margin-left: 20px; margin-right: 20px;\" mce_src=\"images\/stories\/valentin-bielsa-2-g-ene-94-3.jpg\" \/><span style=\"font-size: medium;\" mce_style=\"font-size: medium;\"><span style=\"font-family: verdana, geneva;\" mce_style=\"font-family: verdana, geneva;\"><span style=\"text-align: justify;\" mce_style=\"text-align: justify;\"><\/span><\/span><\/span><\/p>\n<p style=\"style\" mce_style=\"style\"><span style=\"font-size: medium;\" mce_style=\"font-size: medium;\"><span style=\"font-family: verdana, geneva;\" mce_style=\"font-family: verdana, geneva;\"><br \/><\/span><\/span><\/p>\n<p mce_style=\"style\"><span style=\"text-align: justify;\" mce_style=\"text-align: justify;\"><span style=\"font-size: medium;\" mce_style=\"font-size: medium;\"><span style=\"font-family: verdana, geneva;\" mce_style=\"font-family: verdana, geneva;\">Estudi\u00f3 la carrera de M\u00fasica en el Conservatorio Superior de M\u00fasica de Madrid, donde acab\u00f3 como Profesor de Guitarra Cl\u00e1sica, hasta su jubilaci\u00f3n, habiendo sido alumno de Regino Sainz de la Maza, Jorge Ariza y Jos\u00e9 Luis Rodrigo.<\/span><\/span><\/span><\/p>\n<p style=\"text-align: justify;\" mce_style=\"text-align: justify;\"><span style=\"font-size: medium;\" mce_style=\"font-size: medium;\"><span style=\"font-size: medium;\" mce_style=\"font-size: medium;\"><span style=\"font-family: verdana, geneva;\" mce_style=\"font-family: verdana, geneva;\">Como becado del Estado Espa\u00f1ol, ejerci\u00f3 la ense\u00f1anza de guitarra en Universidades y Conservatorio de M\u00fasica de Costa Rica.<\/span><\/span><\/span><\/p>\n<p style=\"TEXT-ALIGN: justify\" mce_style=\"text-align: justify; \"><\/p>\n<p style=\"TEXT-ALIGN: justify\" mce_style=\"text-align: justify; \"><span style=\"FONT-SIZE: x-small\" mce_style=\"font-size: x-small;\">\u00a0 \u00a0 <\/span><\/p>\n<p style=\"TEXT-ALIGN: justify\" mce_style=\"text-align: justify; \"><span style=\"FONT-SIZE: x-small\" mce_style=\"font-size: x-small;\">\u00a0(D. Valent\u00edn con Cristina S\u00e1nchez, Concejal de Cultura y <\/span><\/p>\n<p style=\"TEXT-ALIGN: justify\" mce_style=\"text-align: justify; \"><span style=\"FONT-SIZE: x-small\" mce_style=\"font-size: x-small;\">Sabino de Diego, Pdte. de la Sociedad Cervantina de Esquivias)<\/span><\/p>\n<p style=\"text-align: justify;\" mce_style=\"text-align: justify;\"><span style=\"font-size: medium;\" mce_style=\"font-size: medium;\"><span style=\"font-family: verdana, geneva;\" mce_style=\"font-family: verdana, geneva;\">Interpret\u00f3 innumerables conciertos de guitarra en la Uni\u00f3n Sovi\u00e9tica, Bulgaria, Costa Rica, Rep\u00fablica de Taykist\u00e1n, Hungr\u00eda, etc. y en Espa\u00f1a, en la Fundaci\u00f3n Juan March, Ateneo de Madrid, Guardamar del Segura, Toledo, Esquivias, Alicante, Denia, Quintanar de la Orden, y un sinf\u00edn de lugares mas.<\/span><\/span><\/p>\n<p style=\"text-align: justify;\" mce_style=\"text-align: justify;\"><span style=\"font-size: medium;\" mce_style=\"font-size: medium;\"><span style=\"font-family: verdana, geneva;\" mce_style=\"font-family: verdana, geneva;\">Como Profesor de Guitarra, tuvo como alumnos a Vicent Ballester y Margarita Escarpa, entre otros. Dos concertistas de guitarra de gran categor\u00eda, que en su curriculum siempre aparece el nombre de su Maestro y amigo: Valent\u00edn Bielsa Legan\u00e9s.\u00a0<\/span><\/span><\/p>\n<p style=\"text-align: justify;\" mce_style=\"text-align: justify;\"><span style=\"font-size: medium;\" mce_style=\"font-size: medium;\"><span style=\"font-family: verdana, geneva;\" mce_style=\"font-family: verdana, geneva;\">Su capacidad musical, le llev\u00f3 a realizar mas de 60 composiciones para guitarra, editadas e interpretadas por todo el mundo. Dias antes de su fallecimiento, el 12 de Abril Josep Enriquez interpretaba su \u00abFantas\u00eda para Guitarra\u00bb en la ciudad de Beijing (China), y al d\u00eda siguiente de su entierro, su alumno y amigo Vicent Ballester la interpretaba, junto a Las Soleares, tambi\u00e9n de Valent\u00edn Bielsa, en el Palau de la M\u00fasica de Altea, Valencia (Espa\u00f1a). Esta composici\u00f3n musical se halla contenida en un volumen titulado \u00abGenios de la M\u00fasica Espa\u00f1ola\u00bb, donde no pod\u00eda faltar el Genio Musical de Valent\u00edn Bielsa Legan\u00e9s. Valent\u00edn Bielsa siempre dec\u00eda que esta composici\u00f3n estaba indicada para ser interpretada por virtuosos concertistas de guitarra. Como no pod\u00eda ser de otra forma, Margarita Escarpa tambi\u00e9n la lleva en su repertorio.<\/span><\/span><\/p>\n<p style=\"text-align: justify;\" mce_style=\"text-align: justify;\"><span style=\"font-size: medium;\" mce_style=\"font-size: medium;\"><span style=\"font-family: verdana, geneva;\" mce_style=\"font-family: verdana, geneva;\">Valent\u00edn Bielsa vivi\u00f3 para la M\u00fasica, vivi\u00f3 con la M\u00fasica y nos contagi\u00f3 a todo el que lo conoc\u00edamos a querer la M\u00fasica, a que la vivieramos y sinti\u00e9ramos como el lo hac\u00eda. Harto dif\u00edcil, pues la pasi\u00f3n que Valent\u00edn Bielsa ten\u00eda por la M\u00fasica era dif\u00edcil de igualar, y mucho menos superar.<\/span><\/span><\/p>\n<p mce_style=\"style\"><img decoding=\"async\" style=\"FLOAT: left; MARGIN-LEFT: 20px; MARGIN-RIGHT: 20px\" src=\"http:\/\/cervantinaesquivias.org\/images\/stories\/valentin-bielsa-1-g-ene-94-2.jpg\" mce_style=\"float: left; margin-left: 20px; margin-right: 20px;\" mce_src=\"images\/stories\/valentin-bielsa-1-g-ene-94-2.jpg\" \/><\/p>\n<p style=\"TEXT-ALIGN: justify\" mce_style=\"text-align: justify; \"><\/p>\n<p style=\"text-align: justify;\" mce_style=\"text-align: justify;\"><span style=\"font-size: medium;\" mce_style=\"font-size: medium;\"><span style=\"font-family: verdana, geneva;\" mce_style=\"font-family: verdana, geneva;\">En el a\u00f1o 1990, Valent\u00edn Bielsa fund\u00f3 la Coral Polif\u00f3nica Catalina de Palacios de Esquivias.<\/span><\/span><\/p>\n<p style=\"text-align: justify;\" mce_style=\"text-align: justify;\"><span style=\"font-size: medium;\" mce_style=\"font-size: medium;\"><span style=\"font-family: verdana, geneva;\" mce_style=\"font-family: verdana, geneva;\">El a\u00f1o 1991, la Sociedad Cervantina de Esquivias le nombr\u00f3 Quijote del A\u00f1o, T\u00edtulo mas preciado que otorga esta Asociaci\u00f3n Cultural a toda persona f\u00edsica o jur\u00eddica que destaca por su labor en favor del Cervantismo en General o de Esquivias en particular.<\/span><\/span><\/p>\n<p style=\"TEXT-ALIGN: justify\" mce_style=\"text-align: justify; \"><\/p>\n<p style=\"TEXT-ALIGN: justify\" mce_style=\"text-align: justify; \"><\/p>\n<p style=\"TEXT-ALIGN: justify\" mce_style=\"text-align: justify; \"><\/p>\n<p style=\"TEXT-ALIGN: justify\" mce_style=\"text-align: justify; \"><\/p>\n<p style=\"TEXT-ALIGN: justify\" mce_style=\"text-align: justify; \"><\/p>\n<p style=\"TEXT-ALIGN: justify\" mce_style=\"text-align: justify; \"><\/p>\n<p style=\"TEXT-ALIGN: justify\" mce_style=\"text-align: justify; \"><\/p>\n<p style=\"TEXT-ALIGN: justify\" mce_style=\"text-align: justify; \"><\/p>\n<p style=\"TEXT-ALIGN: justify\" mce_style=\"text-align: justify; \"><\/p>\n<p style=\"TEXT-ALIGN: justify\" mce_style=\"text-align: justify; \"><span style=\"FONT-SIZE: x-small\" mce_style=\"font-size: x-small;\">\u00a0 (D. Valent\u00edn Bielsa, dirigiendo a la Coral Catalina de Palacios en su homenaje en Esquivias)<\/span><\/p>\n<p style=\"text-align: justify;\" mce_style=\"text-align: justify;\"><span style=\"font-size: medium;\" mce_style=\"font-size: medium;\"><span style=\"font-family: verdana, geneva;\" mce_style=\"font-family: verdana, geneva;\">Compuso el Himno de Esquivias o Romance de Catalina de Palacios, ya fuera para ser interpretado por la Banda Municipal de M\u00fasica o por la Coral Catalina de Palacios.<\/span><\/span><\/p>\n<p style=\"text-align: justify;\" mce_style=\"text-align: justify;\"><span style=\"font-size: medium;\" mce_style=\"font-size: medium;\"><span style=\"font-family: verdana, geneva;\" mce_style=\"font-family: verdana, geneva;\">Compuso una Misa Mayor en honor de la Virgen de la Leche de Esquivias, patrona de esta localidad cervantina.<\/span><\/span><\/p>\n<p style=\"text-align: justify;\" mce_style=\"text-align: justify;\"><span style=\"font-size: medium;\" mce_style=\"font-size: medium;\"><span style=\"font-family: verdana, geneva;\" mce_style=\"font-family: verdana, geneva;\">El a\u00f1o 1994, cuando ya jubilado se hab\u00eda marchado a vivir fuera de Esquivias, el Ayuntamiento de Esquivias y la Sociedad Cervantina organizaron un merecido homenaje, en el cual, Valent\u00edn Bielsa tuvo la oportunidad de dirigir de nuevo, y por \u00faltima vez, a la Coral Catalina de Palacios, fundada por el.<\/span><\/span><\/p>\n<p style=\"TEXT-ALIGN: center\" mce_style=\"text-align: center; \"><img decoding=\"async\" alt=\"alt\" src=\"http:\/\/cervantinaesquivias.org\/images\/stories\/valentin_bielsa.jpg\" mce_src=\"images\/stories\/valentin_bielsa.jpg\" \/><\/p>\n<p style=\"text-align: justify;\" mce_style=\"text-align: justify;\"><span style=\"font-size: medium;\" mce_style=\"font-size: medium;\"><span style=\"font-family: verdana, geneva;\" mce_style=\"font-family: verdana, geneva;\">Descanse en Paz.<\/span><\/span><\/p>\n<p style=\"text-align: right;\" mce_style=\"text-align: right;\"><span style=\"font-size: small;\" mce_style=\"font-size: small;\"><span style=\"font-family: helvetica;\" mce_style=\"font-family: helvetica;\"><i><b>Sabino de Diego.<\/b><\/i><\/span><\/span><\/p>\n","protected":false},"excerpt":{"rendered":"<p>Don Valent\u00edn Bielsa Legan\u00e9s, falleci\u00f3 el pasado d\u00eda 18 Abril de 2012 en Toledo a los 82 a\u00f1os de edad. [&hellip;]<\/p>\n","protected":false},"author":1,"featured_media":0,"comment_status":"open","ping_status":"open","sticky":false,"template":"","format":"standard","meta":{"footnotes":""},"categories":[9],"tags":[],"class_list":["post-386","post","type-post","status-publish","format-standard","hentry","category-noticias-de-la-web"],"_links":{"self":[{"href":"http:\/\/www.cervantinaesquivias.org\/wordpress\/wp-json\/wp\/v2\/posts\/386","targetHints":{"allow":["GET"]}}],"collection":[{"href":"http:\/\/www.cervantinaesquivias.org\/wordpress\/wp-json\/wp\/v2\/posts"}],"about":[{"href":"http:\/\/www.cervantinaesquivias.org\/wordpress\/wp-json\/wp\/v2\/types\/post"}],"author":[{"embeddable":true,"href":"http:\/\/www.cervantinaesquivias.org\/wordpress\/wp-json\/wp\/v2\/users\/1"}],"replies":[{"embeddable":true,"href":"http:\/\/www.cervantinaesquivias.org\/wordpress\/wp-json\/wp\/v2\/comments?post=386"}],"version-history":[{"count":0,"href":"http:\/\/www.cervantinaesquivias.org\/wordpress\/wp-json\/wp\/v2\/posts\/386\/revisions"}],"wp:attachment":[{"href":"http:\/\/www.cervantinaesquivias.org\/wordpress\/wp-json\/wp\/v2\/media?parent=386"}],"wp:term":[{"taxonomy":"category","embeddable":true,"href":"http:\/\/www.cervantinaesquivias.org\/wordpress\/wp-json\/wp\/v2\/categories?post=386"},{"taxonomy":"post_tag","embeddable":true,"href":"http:\/\/www.cervantinaesquivias.org\/wordpress\/wp-json\/wp\/v2\/tags?post=386"}],"curies":[{"name":"wp","href":"https:\/\/api.w.org\/{rel}","templated":true}]}}