{"id":385,"date":"2012-04-24T14:34:24","date_gmt":"2012-04-24T14:34:24","guid":{"rendered":"http:\/\/www.cervantinaesquivias.org\/wordpress\/2012\/04\/24\/homenaje-a-cervantes-en-toledo-el-23-de-abril\/"},"modified":"2012-04-24T14:34:24","modified_gmt":"2012-04-24T14:34:24","slug":"homenaje-a-cervantes-en-toledo-el-23-de-abril","status":"publish","type":"post","link":"http:\/\/www.cervantinaesquivias.org\/wordpress\/2012\/04\/24\/homenaje-a-cervantes-en-toledo-el-23-de-abril\/","title":{"rendered":"Homenaje a Cervantes en Toledo el 23 de Abril de 2012."},"content":{"rendered":"<p style=\"TEXT-ALIGN: center\" mce_style=\"text-align: center; \"><img decoding=\"async\" style=\"MARGIN-LEFT: 20px; MARGIN-RIGHT: 20px\" src=\"http:\/\/cervantinaesquivias.org\/images\/stories\/rosell-con-cervantes-en-toledo-21-abril-12.jpg\" mce_style=\"margin-left: 20px; margin-right: 20px; \" mce_src=\"images\/stories\/rosell-con-cervantes-en-toledo-21-abril-12.jpg\" \/><\/p>\n<p style=\"TEXT-ALIGN: center\" mce_style=\"text-align: center; \"><span style=\"FONT-SIZE: x-small\" mce_style=\"font-size: x-small; \">(Foto de archivo. Acto Institucional 23 de Abril de 2010 en el Arco de la Sangre. Toledo.<\/span><\/p>\n<p style=\"TEXT-ALIGN: center\" mce_style=\"text-align: center; \"><span style=\"FONT-SIZE: x-small\" mce_style=\"font-size: x-small; \">D. Jos\u00e9 Rosell en el uso de la palabra)<\/span><\/p>\n<p style=\"TEXT-ALIGN: justify\" mce_style=\"text-align: justify; \"><span style=\"font-size: medium;\" mce_style=\"font-size: medium;\"><span style=\"font-family: verdana, geneva;\" mce_style=\"font-family: verdana, geneva;\">El pa<\/span><\/span><span style=\"line-height: 1.3em;\" mce_style=\"line-height: 1.3em;\"><span style=\"font-size: medium;\" mce_style=\"font-size: medium;\"><span style=\"font-family: verdana, geneva;\" mce_style=\"font-family: verdana, geneva;\">sado dia 23 de Abril de 2012, se celebr\u00f3 en Toledo un Acto Institucional de Homenaje a la figura de Miguel de Cervantes Saavedra<\/span><\/span>.\u00a0<\/span><\/p>\n<p><span mce_style=\"color: #ff0000; \" style=\"color: rgb(255, 0, 0);\"><\/span><\/p>\n<p style=\"TEXT-ALIGN: justify\" mce_style=\"text-align: justify; \"><\/p>\n<p><\/p>\n<p style=\"text-align: justify;\" mce_style=\"text-align: justify;\"><span style=\"font-size: medium;\" mce_style=\"font-size: medium;\"><span style=\"font-family: verdana, geneva;\" mce_style=\"font-family: verdana, geneva;\">La Noticia es que entre las personalidades asistentes no se hallaba Don Jos\u00e9 Rosell Villasevil, Presidente de la Sociedad Cervantina de Esquivias, que se prolifera en este tipo de Actos, habiendo sido el impulsor principal de la colocaci\u00f3n de dicha estatua por el Ayuntamiento de Toledo, a\u00f1os atr\u00e1s, y de los Actos que sobre la figura de Miguel de Cervantes se celebran.\u00a0Esta ausencia se debi\u00f3 a que a un Concejal del Ayuntamiento de Toledo no le parec\u00eda correcto que Don Jos\u00e9 Rosell estuviera presente en el Acto Institucional. Quiz\u00e1s temiera quedar dicho Concejal en segundo t\u00e9rmino, pues, a\u00fan no siendo grande de cuerpo, \u00a0como Don Alonso Quixada, la sombra de Don Jos\u00e9 Rosell es alargada.<\/span><\/span><\/p>\n<p style=\"style\" mce_style=\"style\"><span style=\"font-size: medium;\" mce_style=\"font-size: medium;\"><span style=\"font-family: verdana, geneva;\" mce_style=\"font-family: verdana, geneva;\">Don Jos\u00e9 Rosell se limit\u00f3 a hablar con Cervantes, con el pensamiento, \u00a0improvisando estos versos:\u00a0<\/span><\/span><\/p>\n<p style=\"style\" mce_style=\"style\"><span style=\"font-size: medium;\" mce_style=\"font-size: medium;\"><span style=\"font-family: verdana, geneva;\" mce_style=\"font-family: verdana, geneva;\"><br \/><\/span><\/span><\/p>\n<p style=\"text-align: center;\" mce_style=\"text-align: center;\"><span style=\"font-size: medium;\" mce_style=\"font-size: medium;\"><span style=\"font-family: verdana, geneva;\" mce_style=\"font-family: verdana, geneva;\">He decidido, don Miguel amigo,\u00a0<\/span><\/span><\/p>\n<p style=\"text-align: center;\" mce_style=\"text-align: center;\"><span style=\"font-size: medium;\" mce_style=\"font-size: medium;\"><span style=\"font-family: verdana, geneva;\" mce_style=\"font-family: verdana, geneva;\">no venir en tu D\u00eda a saludarte:<\/span><\/span><\/p>\n<p style=\"text-align: center;\" mce_style=\"text-align: center;\"><span style=\"font-size: medium;\" mce_style=\"font-size: medium;\"><span style=\"font-family: verdana, geneva;\" mce_style=\"font-family: verdana, geneva;\">Un Concejal discreto lo ha querido.<\/span><\/span><\/p>\n<p style=\"TEXT-ALIGN: center\" mce_style=\"text-align: center; \"><i><b style=\"style\" mce_style=\"style\"><span style=\"font-size: medium;\" mce_style=\"font-size: medium;\"><span style=\"font-family: verdana, geneva;\" mce_style=\"font-family: verdana, geneva;\">\u00bfY tu, le has hecho caso?<\/span><\/span><\/b><\/i><\/p>\n<p style=\"text-align: center;\" mce_style=\"text-align: center;\"><span style=\"font-size: medium;\" mce_style=\"font-size: medium;\"><span style=\"font-family: verdana, geneva;\" mce_style=\"font-family: verdana, geneva;\">Es lo correcto. Dicen que donde hay capit\u00e1n<\/span><\/span><\/p>\n<p style=\"text-align: center;\" mce_style=\"text-align: center;\"><span style=\"font-size: medium;\" mce_style=\"font-size: medium;\"><span style=\"font-family: verdana, geneva;\" mce_style=\"font-family: verdana, geneva;\">No manda marinero&#8230;<\/span><\/span><\/p>\n<p style=\"TEXT-ALIGN: center\" mce_style=\"text-align: center; \"><i><b style=\"style\" mce_style=\"style\"><span style=\"font-size: medium;\" mce_style=\"font-size: medium;\"><span style=\"font-family: verdana, geneva;\" mce_style=\"font-family: verdana, geneva;\">Sabes que ante mi vista eres el primero.<\/span><\/span><\/b><\/i><\/p>\n<p style=\"text-align: center;\" mce_style=\"text-align: center;\"><span style=\"font-size: medium;\" mce_style=\"font-size: medium;\"><span style=\"font-family: verdana, geneva;\" mce_style=\"font-family: verdana, geneva;\">No, gran Se\u00f1or, primero es el Alcalde,<\/span><\/span><\/p>\n<p style=\"text-align: center;\" mce_style=\"text-align: center;\"><span style=\"font-size: medium;\" mce_style=\"font-size: medium;\"><span style=\"font-family: verdana, geneva;\" mce_style=\"font-family: verdana, geneva;\">Y como Vos sab\u00e9is es buen amigo.<\/span><\/span><\/p>\n<p style=\"TEXT-ALIGN: center\" mce_style=\"text-align: center; \"><i><b style=\"style\" mce_style=\"style\"><span style=\"font-size: medium;\" mce_style=\"font-size: medium;\"><span style=\"font-family: verdana, geneva;\" mce_style=\"font-family: verdana, geneva;\">Pues mira, Pepe, echa a la mar pelillos:<\/span><\/span><\/b><\/i><\/p>\n<p style=\"TEXT-ALIGN: center\" mce_style=\"text-align: center; \"><i><b style=\"style\" mce_style=\"style\"><span style=\"font-size: medium;\" mce_style=\"font-size: medium;\"><span style=\"font-family: verdana, geneva;\" mce_style=\"font-family: verdana, geneva;\">Un concejal mediocre<\/span><\/span><\/b><\/i><\/p>\n<p style=\"TEXT-ALIGN: center\" mce_style=\"text-align: center; \"><i><b style=\"style\" mce_style=\"style\"><span style=\"font-size: medium;\" mce_style=\"font-size: medium;\"><span style=\"font-family: verdana, geneva;\" mce_style=\"font-family: verdana, geneva;\">Pasa sin dejar huella, como el viento.<\/span><\/span><\/b><\/i><\/p>\n<p style=\"text-align: center;\" mce_style=\"text-align: center;\"><span style=\"font-size: medium;\" mce_style=\"font-size: medium;\"><span style=\"font-family: verdana, geneva;\" mce_style=\"font-family: verdana, geneva;\">Gracias, Maestro, continuar\u00e9 ley\u00e9ndote.<\/span><\/span><\/p>\n<p style=\"TEXT-ALIGN: center\" mce_style=\"text-align: center; \"><i><b style=\"style\" mce_style=\"style\"><span style=\"font-size: medium;\" mce_style=\"font-size: medium;\"><span style=\"font-family: verdana, geneva;\" mce_style=\"font-family: verdana, geneva;\">Eso y Toledo mantienen mi contento.<\/span><\/span><\/b><\/i><\/p>\n<p style=\"text-align: center;\" mce_style=\"text-align: center;\"><span style=\"font-size: medium;\" mce_style=\"font-size: medium;\"><span style=\"font-family: verdana, geneva;\" mce_style=\"font-family: verdana, geneva;\"><br \/><\/span><\/span><\/p>\n<p style=\"text-align: center;\" mce_style=\"text-align: center;\"><span style=\"font-size: medium;\" mce_style=\"font-size: medium;\"><span style=\"font-family: verdana, geneva;\" mce_style=\"font-family: verdana, geneva;\"><br \/><\/span><\/span><\/p>\n<p style=\"text-align: left;\" mce_style=\"text-align: left;\"><span style=\"font-size: medium;\" mce_style=\"font-size: medium;\"><span style=\"font-family: verdana, geneva;\" mce_style=\"font-family: verdana, geneva;\">No es preciso hacer mas comentarios.<\/span><\/span><\/p>\n<p style=\"TEXT-ALIGN: center\" mce_style=\"text-align: center; \"><\/p>\n<p style=\"TEXT-ALIGN: center\" mce_style=\"text-align: center; \"><\/p>\n<p style=\"TEXT-ALIGN: center\" mce_style=\"text-align: center; \"><\/p>\n<p style=\"TEXT-ALIGN: center\" mce_style=\"text-align: center; \"><\/p>\n<p style=\"TEXT-ALIGN: center\" mce_style=\"text-align: center; \"><\/p>\n<p style=\"TEXT-ALIGN: center\" mce_style=\"text-align: center; \"><\/p>\n<p style=\"TEXT-ALIGN: center\" mce_style=\"text-align: center; \"><\/p>\n<p style=\"TEXT-ALIGN: center\" mce_style=\"text-align: center; \"><\/p>\n<p style=\"TEXT-ALIGN: center\" mce_style=\"text-align: center; \"><\/p>\n<p style=\"TEXT-ALIGN: center\" mce_style=\"text-align: center; \"><i><b><br \/><\/b><\/i><\/p>\n","protected":false},"excerpt":{"rendered":"<p>(Foto de archivo. Acto Institucional 23 de Abril de 2010 en el Arco de la Sangre. Toledo. D. Jos\u00e9 Rosell [&hellip;]<\/p>\n","protected":false},"author":1,"featured_media":0,"comment_status":"open","ping_status":"open","sticky":false,"template":"","format":"standard","meta":{"footnotes":""},"categories":[7],"tags":[],"class_list":["post-385","post","type-post","status-publish","format-standard","hentry","category-noticias-cervantina"],"_links":{"self":[{"href":"http:\/\/www.cervantinaesquivias.org\/wordpress\/wp-json\/wp\/v2\/posts\/385","targetHints":{"allow":["GET"]}}],"collection":[{"href":"http:\/\/www.cervantinaesquivias.org\/wordpress\/wp-json\/wp\/v2\/posts"}],"about":[{"href":"http:\/\/www.cervantinaesquivias.org\/wordpress\/wp-json\/wp\/v2\/types\/post"}],"author":[{"embeddable":true,"href":"http:\/\/www.cervantinaesquivias.org\/wordpress\/wp-json\/wp\/v2\/users\/1"}],"replies":[{"embeddable":true,"href":"http:\/\/www.cervantinaesquivias.org\/wordpress\/wp-json\/wp\/v2\/comments?post=385"}],"version-history":[{"count":0,"href":"http:\/\/www.cervantinaesquivias.org\/wordpress\/wp-json\/wp\/v2\/posts\/385\/revisions"}],"wp:attachment":[{"href":"http:\/\/www.cervantinaesquivias.org\/wordpress\/wp-json\/wp\/v2\/media?parent=385"}],"wp:term":[{"taxonomy":"category","embeddable":true,"href":"http:\/\/www.cervantinaesquivias.org\/wordpress\/wp-json\/wp\/v2\/categories?post=385"},{"taxonomy":"post_tag","embeddable":true,"href":"http:\/\/www.cervantinaesquivias.org\/wordpress\/wp-json\/wp\/v2\/tags?post=385"}],"curies":[{"name":"wp","href":"https:\/\/api.w.org\/{rel}","templated":true}]}}