{"id":376,"date":"2012-04-16T15:20:47","date_gmt":"2012-04-16T15:20:47","guid":{"rendered":"http:\/\/www.cervantinaesquivias.org\/wordpress\/2012\/04\/16\/dos-amigos-de-toda-la-vida-millan-y-jose\/"},"modified":"2012-04-16T15:20:47","modified_gmt":"2012-04-16T15:20:47","slug":"dos-amigos-de-toda-la-vida-millan-y-jose","status":"publish","type":"post","link":"http:\/\/www.cervantinaesquivias.org\/wordpress\/2012\/04\/16\/dos-amigos-de-toda-la-vida-millan-y-jose\/","title":{"rendered":"Dos amigos de toda la vida. Mill\u00e1n y Jos\u00e9."},"content":{"rendered":"<p style=\"text-align: center; \" mce_style=\"text-align: center; \"><img loading=\"lazy\" decoding=\"async\" class=\" size-full wp-image-374 size-full wp-image-374\" src=\"http:\/\/www.cervantinaesquivias.org\/wordpress\/wp-content\/uploads\/2012\/04\/millan-y-jose-2-ao-1934.jpg\" mce_src=\"http:\/\/www.cervantinaesquivias.org\/wordpress\/wp-content\/uploads\/2012\/04\/millan-y-jose-2-ao-1934.jpg\" alt=\"alt\" width=\"394\" height=\"438\" srcset=\"http:\/\/www.cervantinaesquivias.org\/wordpress\/wp-content\/uploads\/2012\/04\/millan-y-jose-2-ao-1934.jpg 394w, http:\/\/www.cervantinaesquivias.org\/wordpress\/wp-content\/uploads\/2012\/04\/millan-y-jose-2-ao-1934-270x300.jpg 270w\" sizes=\"auto, (max-width: 394px) 100vw, 394px\" \/><\/p>\n<p style=\"text-align: justify;\" mce_style=\"text-align: justify;\"><span style=\"font-size: medium;\" mce_style=\"font-size: medium;\"><span style=\"font-family: verdana, geneva;\" mce_style=\"font-family: verdana, geneva;\">No todos tenemos la suerte de congeniar con una persona que al fin sea un amigo incondicional. Los dos j\u00f3venes que aparecen en la fotograf\u00eda realizada en el a\u00f1o 1.934, de izquierda a derecha, Jos\u00e9 Portero Torrej\u00f3n y Mill\u00e1n de Diego Nieto, se conoc\u00edan de trabajar juntos en las labores agr\u00edcolas en Esquivias. Su edad entonces 14-15 a\u00f1os, y en unas Fiestas Patronales ten\u00edan que posar ante el fot\u00f3grafo con el fondo que ese a\u00f1o \u00abtocaba\u00bb. Eso s\u00ed, con el cigarro en la mano derecha, aunque a\u00f1os despu\u00e9s la moda era de llevarlo en la izquierda. Lo importante: Que ya eran amigos en esas fechas.<\/span><\/span><\/p>\n<p style=\"text-align: justify;\" mce_style=\"text-align: justify;\"><span style=\"font-size: medium;\" mce_style=\"font-size: medium;\"><span style=\"font-family: verdana, geneva;\" mce_style=\"font-family: verdana, geneva;\">En la siguiente fotograf\u00eda, tomada el 14 de Abril de 1972, los mismos protagonistas y en el mismo orden, con sus respectivas esposas: Leonarda Gonz\u00e1lez y Josefa Romero, respectivamente. Seguramente el motivo de esta fotograf\u00eda fuera la celebraci\u00f3n de que 5 dias antes de tomarla hab\u00eda nacido el primer nieto de Mill\u00e1n y Josefa, y \u00bfCon quien mejor celebrarlo?<\/span><\/span><\/p>\n<p style=\"text-align: justify;\" mce_style=\"text-align: justify;\"><span style=\"font-size: medium;\" mce_style=\"font-size: medium;\">Atr\u00e1s quedaban a\u00f1os con todo tipo de vicisitudes: Jos\u00e9 <b>\u00a1<\/b>Que gran persona<b>\u00a1<\/b> aprendi\u00f3 el noble oficio de relojero y como tal en esta \u00e9poca era el Relojero del Palacio de El Pardo, residencia de Francisco Franco, despu\u00e9s, y adem\u00e1s, del Palacio de la Zarzuela, residencia de los Reyes de Espa\u00f1a. Jos\u00e9 ense\u00f1\u00f3 el oficio a sus hijos Pepe y Mercedes, y a su jubilaci\u00f3n, el primero ocup\u00f3 el cargo de relojero de los Palacios antes citados, adem\u00e1s del Palacio Real de Madrid.<\/span><\/p>\n<p style=\"text-align: justify;\" mce_style=\"text-align: justify;\"><span style=\"font-size: medium;\" mce_style=\"font-size: medium;\"><span style=\"font-family: verdana, geneva;\" mce_style=\"font-family: verdana, geneva;\">Mill\u00e1n era agricultor, pero ten\u00eda un car\u00e1cter inquieto y mente empresarial. Estudi\u00f3 y construy\u00f3 aparatos de radio, cuando en Espa\u00f1a no exist\u00edan f\u00e1bricas de estos aparatos. Una f\u00e1brica de hielo y helados. Tienda de aparatos electrodom\u00e9sticos, de Televisi\u00f3n, etc., sin dejar de ser agricultor por tradici\u00f3n familiar. Innovador, creativo y persona leal.\u00a0<\/span><\/span><\/p>\n<p style=\"text-align: justify;\" mce_style=\"text-align: justify;\"><span style=\"font-size: medium;\" mce_style=\"font-size: medium;\"><span style=\"font-family: verdana, geneva;\" mce_style=\"font-family: verdana, geneva;\">Pero siempre hab\u00eda momentos para disfrutar mutuamente de la compa\u00f1\u00eda del amigo. Transmitido a sus hijos, a los consortes de estos y a sus nietos, como no pod\u00eda ser de otra manera. Y siguieron pasando a\u00f1os, que solo sirvieron para acrecentar a\u00fan mas esa amistad, hasta que el inexorable paso del tiempo reclam\u00f3 para la Otra Vida a Jos\u00e9 en primer lugar, a sus 76 a\u00f1os, pero en el lecho de muerte ped\u00eda que estuviera a \u00a0su lado su amigo del alma: Mill\u00e1n<\/span>.\u00a0<\/span><\/p>\n<p style=\"text-align: justify;\" mce_style=\"text-align: justify;\"><span style=\"font-size: medium;\" mce_style=\"font-size: medium;\"><span style=\"font-family: verdana, geneva;\" mce_style=\"font-family: verdana, geneva;\">En la fotograf\u00eda de 1972, el fot\u00f3grafo no tuvo que hacer grandes esfuerzos para detectar la sana alegr\u00eda que reinaba entre estas cuatro personas. Ese mismo semblante es el que hemos visto siempre los que hemos tenido la suerte de conocerlos y vivir con ellos.<\/span><\/span><\/p>\n<p style=\"text-align: center; \" mce_style=\"text-align: center; \"><img loading=\"lazy\" decoding=\"async\" class=\" size-full wp-image-375 size-full wp-image-375\" src=\"http:\/\/www.cervantinaesquivias.org\/wordpress\/wp-content\/uploads\/2012\/04\/millan-jose-y-seoras-3-ao-1972.jpg\" mce_src=\"http:\/\/www.cervantinaesquivias.org\/wordpress\/wp-content\/uploads\/2012\/04\/millan-jose-y-seoras-3-ao-1972.jpg\" alt=\"alt\" width=\"472\" height=\"333\" srcset=\"http:\/\/www.cervantinaesquivias.org\/wordpress\/wp-content\/uploads\/2012\/04\/millan-jose-y-seoras-3-ao-1972.jpg 472w, http:\/\/www.cervantinaesquivias.org\/wordpress\/wp-content\/uploads\/2012\/04\/millan-jose-y-seoras-3-ao-1972-300x212.jpg 300w\" sizes=\"auto, (max-width: 472px) 100vw, 472px\" \/><\/p>\n<p style=\"text-align: justify;\" mce_style=\"text-align: justify;\"><span style=\"font-size: medium;\" mce_style=\"font-size: medium;\"><span style=\"font-family: verdana, geneva;\" mce_style=\"font-family: verdana, geneva;\">Dos amigos de toda la vida. Y sus esposas tambi\u00e9n.<\/span><\/span><\/p>\n<p style=\"text-align: right; \"><span style=\"font-size: small;\" mce_style=\"font-size: small;\"><span style=\"font-family: helvetica;\" mce_style=\"font-family: helvetica;\"><i><b>Sabino de Diego.<\/b><\/i><\/span><\/span><\/p>\n","protected":false},"excerpt":{"rendered":"<p>No todos tenemos la suerte de congeniar con una persona que al fin sea un amigo incondicional. Los dos j\u00f3venes [&hellip;]<\/p>\n","protected":false},"author":1,"featured_media":374,"comment_status":"open","ping_status":"open","sticky":false,"template":"","format":"standard","meta":{"footnotes":""},"categories":[10],"tags":[],"class_list":["post-376","post","type-post","status-publish","format-standard","has-post-thumbnail","hentry","category-foto-del-recuerdo-foto-del-recuerdo"],"_links":{"self":[{"href":"http:\/\/www.cervantinaesquivias.org\/wordpress\/wp-json\/wp\/v2\/posts\/376","targetHints":{"allow":["GET"]}}],"collection":[{"href":"http:\/\/www.cervantinaesquivias.org\/wordpress\/wp-json\/wp\/v2\/posts"}],"about":[{"href":"http:\/\/www.cervantinaesquivias.org\/wordpress\/wp-json\/wp\/v2\/types\/post"}],"author":[{"embeddable":true,"href":"http:\/\/www.cervantinaesquivias.org\/wordpress\/wp-json\/wp\/v2\/users\/1"}],"replies":[{"embeddable":true,"href":"http:\/\/www.cervantinaesquivias.org\/wordpress\/wp-json\/wp\/v2\/comments?post=376"}],"version-history":[{"count":0,"href":"http:\/\/www.cervantinaesquivias.org\/wordpress\/wp-json\/wp\/v2\/posts\/376\/revisions"}],"wp:featuredmedia":[{"embeddable":true,"href":"http:\/\/www.cervantinaesquivias.org\/wordpress\/wp-json\/wp\/v2\/media\/374"}],"wp:attachment":[{"href":"http:\/\/www.cervantinaesquivias.org\/wordpress\/wp-json\/wp\/v2\/media?parent=376"}],"wp:term":[{"taxonomy":"category","embeddable":true,"href":"http:\/\/www.cervantinaesquivias.org\/wordpress\/wp-json\/wp\/v2\/categories?post=376"},{"taxonomy":"post_tag","embeddable":true,"href":"http:\/\/www.cervantinaesquivias.org\/wordpress\/wp-json\/wp\/v2\/tags?post=376"}],"curies":[{"name":"wp","href":"https:\/\/api.w.org\/{rel}","templated":true}]}}