{"id":368,"date":"2012-04-03T14:21:12","date_gmt":"2012-04-03T14:21:12","guid":{"rendered":"http:\/\/www.cervantinaesquivias.org\/wordpress\/2012\/04\/03\/esquivias-reglamento-de-honores-y-distinciones\/"},"modified":"2012-04-03T14:21:12","modified_gmt":"2012-04-03T14:21:12","slug":"esquivias-reglamento-de-honores-y-distinciones","status":"publish","type":"post","link":"http:\/\/www.cervantinaesquivias.org\/wordpress\/2012\/04\/03\/esquivias-reglamento-de-honores-y-distinciones\/","title":{"rendered":"Esquivias. Reglamento de Honores y Distinciones."},"content":{"rendered":"<p style=\"text-align: center; \" mce_style=\"text-align: center; \"><\/p>\n<p style=\"text-align: justify;\" mce_style=\"text-align: justify;\"><span style=\"font-size: medium;\" mce_style=\"font-size: medium;\"><span style=\"font-family: verdana, geneva;\" mce_style=\"font-family: verdana, geneva;\">En el Pleno del pasado dia 2 de Abril de 2012, se aprob\u00f3 el Reglamento de Honores y Distinciones del Ayuntamiento de Esquivias que permite galardonar con los T\u00edtulos de Hijo Predilecto o Hijo Adoptivo a las personas o entidades que se hayan hecho merecedoras de tal distinci\u00f3n.<\/span><\/span><\/p>\n<p style=\"style\" mce_style=\"style\"><img loading=\"lazy\" decoding=\"async\" class=\" alignleft size-full wp-image-366 alignleft size-full wp-image-366\" src=\"http:\/\/www.cervantinaesquivias.org\/wordpress\/wp-content\/uploads\/2012\/04\/cervantes-5.jpg\" mce_src=\"http:\/\/www.cervantinaesquivias.org\/wordpress\/wp-content\/uploads\/2012\/04\/cervantes-5.jpg\" style=\"float: left; margin-left: 20px; margin-right: 20px;\" mce_style=\"float: left; margin-left: 20px; margin-right: 20px;\" width=\"85\" height=\"115\" \/><span style=\"font-size: medium;\" mce_style=\"font-size: medium;\"><span style=\"font-family: verdana, geneva;\" mce_style=\"font-family: verdana, geneva;\"><br \/><\/span><\/span><\/p>\n<p style=\"text-align: justify;\" mce_style=\"text-align: justify;\"><span style=\"font-size: medium;\" mce_style=\"font-size: medium;\"><span style=\"font-family: verdana, geneva;\" mce_style=\"font-family: verdana, geneva;\">Durante la celebraci\u00f3n del banquete de bodas en conmemoraci\u00f3n de la boda de Cervantes \u00a0con Catalina, el 12 de Diciembre de 2011 Don Jos\u00e9 Rosell Villasevil, Presidente de la Sociedad Cervantina de Esquivias, sugiri\u00f3 a la Alcaldesa de Esquivias, Do\u00f1a Elena Fernandez de Velasco, la posiblilidad de que el consistorio nombrara a Miguel de Cervantes Saavedra Hijo Adoptivo de Esquivias, en base a los m\u00e9ritos que el mismo atesora.<\/span><\/span><\/p>\n<p style=\"text-align: justify; \" mce_style=\"text-align: justify; \"><\/p>\n<p><!--more--><\/p>\n<p><\/p>\n<p style=\"text-align: justify; \" mce_style=\"text-align: justify; \"><img loading=\"lazy\" decoding=\"async\" class=\" alignleft size-full wp-image-367 alignleft size-full wp-image-367\" src=\"http:\/\/www.cervantinaesquivias.org\/wordpress\/wp-content\/uploads\/2012\/04\/ayuntamiento-nuevo.jpg\" mce_src=\"http:\/\/www.cervantinaesquivias.org\/wordpress\/wp-content\/uploads\/2012\/04\/ayuntamiento-nuevo.jpg\" style=\"float: left; margin-left: 20px; margin-right: 20px;\" mce_style=\"float: left; margin-left: 20px; margin-right: 20px;\" width=\"236\" height=\"177\" \/><span style=\"font-size: medium;\" mce_style=\"font-size: medium;\"><span style=\"font-family: verdana, geneva;\" mce_style=\"font-family: verdana, geneva;\">El Equipo de Gobierno recogi\u00f3 el guante y se puso manos a la obra para redactar un Reglamento, consensuado con el resto de Concejales que conforman el Ayuntamiento de Esquivias, que hicieran posible conceder los T\u00edtulos correspondientes a Miguel de Cervantes o a personas o entidades que se hayan hecho merecedoras de recibir tal distinci\u00f3n.<\/span><\/span><\/p>\n<p style=\"text-align: justify;\" mce_style=\"text-align: justify;\"><span style=\"font-size: medium;\" mce_style=\"font-size: medium;\"><span style=\"font-family: verdana, geneva;\" mce_style=\"font-family: verdana, geneva;\">Es de suponer de que, una vez resueltos los tr\u00e1mites reglamentarios, se proceda a abrir un expediente espec\u00edfico para recabar toda la informaci\u00f3n precisa que sirva para reconocer los m\u00e9ritos y conceder el T\u00edtulo de Hijo Adoptivo a Miguel de Cervantes Saavedra, principalmente por su boda con Catalina de Salazar y Palacios, hecho acaecido en Esquivias el 12 de Diciembre de 1.584.<\/span><\/span><\/p>\n<p style=\"text-align: right;\" mce_style=\"text-align: right;\"><span style=\"font-size: medium;\" mce_style=\"font-size: medium;\"><span style=\"font-size: small;\" mce_style=\"font-size: small;\"><span style=\"font-family: helvetica;\" mce_style=\"font-family: helvetica;\"><i><b>Sabino de Diego.<\/b><\/i><\/span><\/span><\/span><\/p>\n","protected":false},"excerpt":{"rendered":"<p>En el Pleno del pasado dia 2 de Abril de 2012, se aprob\u00f3 el Reglamento de Honores y Distinciones del [&hellip;]<\/p>\n","protected":false},"author":1,"featured_media":366,"comment_status":"open","ping_status":"open","sticky":false,"template":"","format":"standard","meta":{"footnotes":""},"categories":[9],"tags":[],"class_list":["post-368","post","type-post","status-publish","format-standard","has-post-thumbnail","hentry","category-noticias-de-la-web"],"_links":{"self":[{"href":"http:\/\/www.cervantinaesquivias.org\/wordpress\/wp-json\/wp\/v2\/posts\/368","targetHints":{"allow":["GET"]}}],"collection":[{"href":"http:\/\/www.cervantinaesquivias.org\/wordpress\/wp-json\/wp\/v2\/posts"}],"about":[{"href":"http:\/\/www.cervantinaesquivias.org\/wordpress\/wp-json\/wp\/v2\/types\/post"}],"author":[{"embeddable":true,"href":"http:\/\/www.cervantinaesquivias.org\/wordpress\/wp-json\/wp\/v2\/users\/1"}],"replies":[{"embeddable":true,"href":"http:\/\/www.cervantinaesquivias.org\/wordpress\/wp-json\/wp\/v2\/comments?post=368"}],"version-history":[{"count":0,"href":"http:\/\/www.cervantinaesquivias.org\/wordpress\/wp-json\/wp\/v2\/posts\/368\/revisions"}],"wp:featuredmedia":[{"embeddable":true,"href":"http:\/\/www.cervantinaesquivias.org\/wordpress\/wp-json\/wp\/v2\/media\/366"}],"wp:attachment":[{"href":"http:\/\/www.cervantinaesquivias.org\/wordpress\/wp-json\/wp\/v2\/media?parent=368"}],"wp:term":[{"taxonomy":"category","embeddable":true,"href":"http:\/\/www.cervantinaesquivias.org\/wordpress\/wp-json\/wp\/v2\/categories?post=368"},{"taxonomy":"post_tag","embeddable":true,"href":"http:\/\/www.cervantinaesquivias.org\/wordpress\/wp-json\/wp\/v2\/tags?post=368"}],"curies":[{"name":"wp","href":"https:\/\/api.w.org\/{rel}","templated":true}]}}