{"id":36,"date":"2010-06-27T07:34:53","date_gmt":"2010-06-27T07:34:53","guid":{"rendered":"http:\/\/www.cervantinaesquivias.org\/wordpress\/2010\/06\/27\/monumento-a-catalina-de-palacios\/"},"modified":"2023-03-17T12:17:01","modified_gmt":"2023-03-17T12:17:01","slug":"monumento-a-catalina-de-palacios","status":"publish","type":"post","link":"http:\/\/www.cervantinaesquivias.org\/wordpress\/2010\/06\/27\/monumento-a-catalina-de-palacios\/","title":{"rendered":"Monumento a Catalina de Palacios"},"content":{"rendered":"<p><img loading=\"lazy\" decoding=\"async\" class=\" alignleft size-full wp-image-35 alignleft size-full wp-image-35\" mce_style=\"float: left;  margin-right: 40px;\" style=\"float: left; margin-left: 10px; margin-right: 10px;\" src=\"http:\/\/www.cervantinaesquivias.org\/wordpress\/wp-content\/uploads\/2010\/06\/catalinabusto.jpg\" mce_src=\"http:\/\/www.cervantinaesquivias.org\/wordpress\/wp-content\/uploads\/2010\/06\/catalinabusto.jpg\" width=\"233\" height=\"332\" srcset=\"http:\/\/www.cervantinaesquivias.org\/wordpress\/wp-content\/uploads\/2010\/06\/catalinabusto.jpg 281w, http:\/\/www.cervantinaesquivias.org\/wordpress\/wp-content\/uploads\/2010\/06\/catalinabusto-211x300.jpg 211w\" sizes=\"auto, (max-width: 233px) 100vw, 233px\" \/><\/p>\n<p><\/p>\n<p><\/p>\n<p style=\"text-align: justify;\" mce_style=\"text-align: justify;\"><\/p>\n<p style=\"text-align: justify;\" mce_style=\"text-align: justify;\"><\/p>\n<p style=\"text-align: justify;\" mce_style=\"text-align: justify;\"><span style=\"font-size: medium;\" mce_style=\"font-size: medium;\"><span style=\"font-family: verdana, geneva;\" mce_style=\"font-family: verdana, geneva;\">Instalado en la Plaza de Espa\u00f1a frente al antiguo Ayuntamiento, el monumento est\u00e1 dedicado a la esquiviana m\u00e1s universal, Catalina de Palacios, que fue la esposa de Cervantes.<\/span><\/span><\/p>\n<p style=\"text-align: justify;\" mce_style=\"text-align: justify;\"><span style=\"font-size: medium;\" mce_style=\"font-size: medium;\"><span style=\"font-family: verdana, geneva;\" mce_style=\"font-family: verdana, geneva;\">Se trata de un busto realizado en bronce, sobre pedestal de granito, por el escultor toledano D. Luis Mart\u00edn de Vidales en 1998.<\/span><\/span><\/p>\n","protected":false},"excerpt":{"rendered":"<p>Instalado en la Plaza de Espa\u00f1a frente al antiguo Ayuntamiento, el monumento est\u00e1 dedicado a la esquiviana m\u00e1s universal, Catalina [&hellip;]<\/p>\n","protected":false},"author":1,"featured_media":35,"comment_status":"open","ping_status":"open","sticky":false,"template":"","format":"standard","meta":{"footnotes":""},"categories":[11,8],"tags":[],"class_list":["post-36","post","type-post","status-publish","format-standard","has-post-thumbnail","hentry","category-esquivias-quijote","category-monumentos-de-esquivias"],"_links":{"self":[{"href":"http:\/\/www.cervantinaesquivias.org\/wordpress\/wp-json\/wp\/v2\/posts\/36","targetHints":{"allow":["GET"]}}],"collection":[{"href":"http:\/\/www.cervantinaesquivias.org\/wordpress\/wp-json\/wp\/v2\/posts"}],"about":[{"href":"http:\/\/www.cervantinaesquivias.org\/wordpress\/wp-json\/wp\/v2\/types\/post"}],"author":[{"embeddable":true,"href":"http:\/\/www.cervantinaesquivias.org\/wordpress\/wp-json\/wp\/v2\/users\/1"}],"replies":[{"embeddable":true,"href":"http:\/\/www.cervantinaesquivias.org\/wordpress\/wp-json\/wp\/v2\/comments?post=36"}],"version-history":[{"count":1,"href":"http:\/\/www.cervantinaesquivias.org\/wordpress\/wp-json\/wp\/v2\/posts\/36\/revisions"}],"predecessor-version":[{"id":2672,"href":"http:\/\/www.cervantinaesquivias.org\/wordpress\/wp-json\/wp\/v2\/posts\/36\/revisions\/2672"}],"wp:featuredmedia":[{"embeddable":true,"href":"http:\/\/www.cervantinaesquivias.org\/wordpress\/wp-json\/wp\/v2\/media\/35"}],"wp:attachment":[{"href":"http:\/\/www.cervantinaesquivias.org\/wordpress\/wp-json\/wp\/v2\/media?parent=36"}],"wp:term":[{"taxonomy":"category","embeddable":true,"href":"http:\/\/www.cervantinaesquivias.org\/wordpress\/wp-json\/wp\/v2\/categories?post=36"},{"taxonomy":"post_tag","embeddable":true,"href":"http:\/\/www.cervantinaesquivias.org\/wordpress\/wp-json\/wp\/v2\/tags?post=36"}],"curies":[{"name":"wp","href":"https:\/\/api.w.org\/{rel}","templated":true}]}}