{"id":359,"date":"2012-04-02T11:08:37","date_gmt":"2012-04-02T11:08:37","guid":{"rendered":"http:\/\/www.cervantinaesquivias.org\/wordpress\/2012\/04\/02\/sociedad-cervantina-programa-de-actividades-para-el-ano-2012\/"},"modified":"2012-04-02T11:08:37","modified_gmt":"2012-04-02T11:08:37","slug":"sociedad-cervantina-programa-de-actividades-para-el-ano-2012","status":"publish","type":"post","link":"http:\/\/www.cervantinaesquivias.org\/wordpress\/2012\/04\/02\/sociedad-cervantina-programa-de-actividades-para-el-ano-2012\/","title":{"rendered":"Sociedad Cervantina. Programa de Actividades para el a\u00f1o 2012."},"content":{"rendered":"<p>La Sociedad Cervantina de Esquivias ha programado para el a\u00f1o 2012 una serie de Actos Culturales que tendran lugar en los meses que se indican:<\/p>\n<p><u><b>Mes de Abril<\/b><\/u><\/p>\n<p style=\"style\" mce_style=\"style\"><img loading=\"lazy\" decoding=\"async\" class=\" alignleft size-full wp-image-356 alignleft size-full wp-image-356\" src=\"http:\/\/www.cervantinaesquivias.org\/wordpress\/wp-content\/uploads\/2012\/04\/lectura-del-quijote-2.jpg\" mce_src=\"http:\/\/www.cervantinaesquivias.org\/wordpress\/wp-content\/uploads\/2012\/04\/lectura-del-quijote-2.jpg\" style=\"margin-left: 20px; margin-right: 20px; float: left; \" mce_style=\"margin-left: 20px; margin-right: 20px; float: left; \" width=\"85\" height=\"140\" \/>Se celebrar\u00e1 la V LECTURA UNIVERSAL DEL QUIJOTE.\u00a0<\/p>\n<p style=\"text-align: left; \" mce_style=\"text-align: left; \">Las\u00a0fechas previstas\u00a0son: Para la lectura del Quijote en 33 diferentes idiomas, el dia 21 de Abril.\u00a0<\/p>\n<p>Para la lectura del Quijote en Castellano, el d\u00eda 23 de Abril.<\/p>\n<p>Ambos Actos se llevaran a cabo en el Convento de Capuchinos de Esquivias, Plaza de D. Quijote, 1.<\/p>\n<p><\/p>\n<p><\/p>\n<p><!--more--><\/p>\n<p><\/p>\n<p><u><b>Mes de Junio.<\/b><\/u><\/p>\n<p>Celebraci\u00f3n de la XXV EDICION DE ENCUENTRO DE CORALES.<\/p>\n<p>Las fechas previstas seran los d\u00edas 23 y 24 de Junio, en la Casa de Cultura.<\/p>\n<p>Con la colaboraci\u00f3n de la Coral Polif\u00f3nica Catalina de Palacios.<\/p>\n<p><u><b>Mes de Septiembre.<\/b><\/u><\/p>\n<p><u><b><img loading=\"lazy\" decoding=\"async\" class=\" alignleft size-full wp-image-357 alignleft size-full wp-image-357\" src=\"http:\/\/www.cervantinaesquivias.org\/wordpress\/wp-content\/uploads\/2012\/04\/don-quijote-portada-1976-2.jpg\" mce_src=\"http:\/\/www.cervantinaesquivias.org\/wordpress\/wp-content\/uploads\/2012\/04\/don-quijote-portada-1976-2.jpg\" style=\"float: left; margin-left: 20px; margin-right: 20px;\" mce_style=\"float: left; margin-left: 20px; margin-right: 20px;\" width=\"85\" height=\"122\" \/><\/b><\/u><\/p>\n<p>Lectura comentada de un Cap\u00edtulo del Quijote.<\/p>\n<p>Proyecci\u00f3n de un audiovisual sobre Los Modelos Vivos del Quijote procedentes de Esquivias.<\/p>\n<p>Tendr\u00e1 lugar en la Sede Social de la Sociedad Cervantina de Esquivias, C\/ Gitanilla, \u00a05 \u00a01\u00ba \u00a0F.<\/p>\n<p><\/p>\n<p><u><b>Mes de Octubre.<\/b><\/u><\/p>\n<p>Mesa Redonda sobre LOS ESQUIVIANOS ILUSTRES EN LA \u00c9POCA DE CERVANTES.<\/p>\n<p>Proyecci\u00f3n de un Audiovisual sobre la figura de Catalina de Salazar y Palacios.<\/p>\n<p>En la Sede Social de la Sociedad Cervantina de Esquivias.<\/p>\n<p><u><b>Mes de Diciembre.<\/b><\/u><\/p>\n<p style=\"style\" mce_style=\"style\"><u><b><img loading=\"lazy\" decoding=\"async\" class=\" alignleft size-full wp-image-358 alignleft size-full wp-image-358\" src=\"http:\/\/www.cervantinaesquivias.org\/wordpress\/wp-content\/uploads\/2012\/04\/estampas-esquiveas-2.jpg\" mce_src=\"http:\/\/www.cervantinaesquivias.org\/wordpress\/wp-content\/uploads\/2012\/04\/estampas-esquiveas-2.jpg\" style=\"margin-left: 20px; margin-right: 20px; float: left; \" mce_style=\"margin-left: 20px; margin-right: 20px; float: left; \" width=\"170\" height=\"135\" \/><br \/><\/b><\/u><\/p>\n<p>JORNADAS CERVANTINAS.<\/p>\n<p>En conmemoraci\u00f3n de la boda de Miguel de Cervantes Saavedra con Catalina de Salazar y Palacios.<\/p>\n<p>Se confeccionara y publicar\u00e1 un Programa espec\u00edfico para esta Semana Cultural Cervantina.<\/p>\n<p><\/p>\n<p><u><b>En fecha por determinar.<\/b><\/u><\/p>\n<p>Acto o Certamen Literario.<\/p>\n<p>Se elaborar\u00e1n y publicar\u00e1n las Bases para la celebraci\u00f3n de este tipo de eventos.<\/p>\n<p>Todos los Actos se desarrollaran conjuntamente con del Ayuntamiento de Esquivias.<\/p>\n<p><\/p>\n<p><\/p>\n<p><\/p>\n<p><\/p>\n<p><\/p>\n<p><\/p>\n","protected":false},"excerpt":{"rendered":"<p>La Sociedad Cervantina de Esquivias ha programado para el a\u00f1o 2012 una serie de Actos Culturales que tendran lugar en [&hellip;]<\/p>\n","protected":false},"author":1,"featured_media":356,"comment_status":"open","ping_status":"open","sticky":false,"template":"","format":"standard","meta":{"footnotes":""},"categories":[7],"tags":[],"class_list":["post-359","post","type-post","status-publish","format-standard","has-post-thumbnail","hentry","category-noticias-cervantina"],"_links":{"self":[{"href":"http:\/\/www.cervantinaesquivias.org\/wordpress\/wp-json\/wp\/v2\/posts\/359","targetHints":{"allow":["GET"]}}],"collection":[{"href":"http:\/\/www.cervantinaesquivias.org\/wordpress\/wp-json\/wp\/v2\/posts"}],"about":[{"href":"http:\/\/www.cervantinaesquivias.org\/wordpress\/wp-json\/wp\/v2\/types\/post"}],"author":[{"embeddable":true,"href":"http:\/\/www.cervantinaesquivias.org\/wordpress\/wp-json\/wp\/v2\/users\/1"}],"replies":[{"embeddable":true,"href":"http:\/\/www.cervantinaesquivias.org\/wordpress\/wp-json\/wp\/v2\/comments?post=359"}],"version-history":[{"count":0,"href":"http:\/\/www.cervantinaesquivias.org\/wordpress\/wp-json\/wp\/v2\/posts\/359\/revisions"}],"wp:featuredmedia":[{"embeddable":true,"href":"http:\/\/www.cervantinaesquivias.org\/wordpress\/wp-json\/wp\/v2\/media\/356"}],"wp:attachment":[{"href":"http:\/\/www.cervantinaesquivias.org\/wordpress\/wp-json\/wp\/v2\/media?parent=359"}],"wp:term":[{"taxonomy":"category","embeddable":true,"href":"http:\/\/www.cervantinaesquivias.org\/wordpress\/wp-json\/wp\/v2\/categories?post=359"},{"taxonomy":"post_tag","embeddable":true,"href":"http:\/\/www.cervantinaesquivias.org\/wordpress\/wp-json\/wp\/v2\/tags?post=359"}],"curies":[{"name":"wp","href":"https:\/\/api.w.org\/{rel}","templated":true}]}}