{"id":32,"date":"2010-06-27T07:34:24","date_gmt":"2010-06-27T07:34:24","guid":{"rendered":"http:\/\/www.cervantinaesquivias.org\/wordpress\/2010\/06\/27\/monumento-a-cervantes\/"},"modified":"2023-03-17T12:17:01","modified_gmt":"2023-03-17T12:17:01","slug":"monumento-a-cervantes","status":"publish","type":"post","link":"http:\/\/www.cervantinaesquivias.org\/wordpress\/2010\/06\/27\/monumento-a-cervantes\/","title":{"rendered":"Monumento a Cervantes"},"content":{"rendered":"<p><img loading=\"lazy\" decoding=\"async\" class=\" alignleft size-full wp-image-31\" style=\"float: left;\" mce_style=\"float: left;\" src=\"http:\/\/www.cervantinaesquivias.org\/wordpress\/wp-content\/uploads\/2010\/06\/cervantes.jpg\" mce_src=\"images\/stories\/Monumentos\/cervantes.jpg\" alt=\"alt\" width=\"199\" height=\"300\" \/><\/p>\n<p style=\"style\" mce_style=\"style\"><span style=\"font-size: medium;\" mce_style=\"font-size: medium;\"><br \/><\/span><\/p>\n<p style=\"style\" mce_style=\"style\"><\/p>\n<p style=\"style\" mce_style=\"style\"><\/p>\n<p style=\"style\" mce_style=\"style\"><\/p>\n<p style=\"style\" mce_style=\"style\"><span style=\"font-size: medium;\" mce_style=\"font-size: medium;\"><br \/><\/span><\/p>\n<p style=\"text-align: justify;\" mce_style=\"text-align: justify;\"><span style=\"font-size: medium;\" mce_style=\"font-size: medium;\"><span style=\"font-family: verdana, geneva;\" mce_style=\"font-family: verdana, geneva;\">Preside el centro de la Plaza Mayor y fue realizado en piedra blanca por Juan de \u00c1valos y Taborda (1911-2006), acad\u00e9mico de Bellas Artes, arquitecto, escultor y pintor de larga trayectoria, distinguido con numerosos premios y autor de gran n\u00famero de monumentos y esculturas.<\/span><\/span><\/p>\n<p style=\"text-align: justify;\" mce_style=\"text-align: justify;\"><\/p>\n<p style=\"text-align: justify;\" mce_style=\"text-align: justify;\"><span style=\"font-size: medium;\" mce_style=\"font-size: medium;\"><span style=\"font-family: verdana, geneva;\" mce_style=\"font-family: verdana, geneva;\">El a\u00f1o 1961, Don Juan de Avalos dona una figura en piedra de Miguel de Cervantes, r\u00e9plica de una figura instalada en la Academia de Bogot\u00e1 (Colombia).<\/span><\/span><\/p>\n<p style=\"text-align: justify;\" mce_style=\"text-align: justify;\"><span style=\"font-size: medium;\" mce_style=\"font-size: medium;\"><span style=\"font-family: verdana, geneva;\" mce_style=\"font-family: verdana, geneva;\">El taller del autor, dirigido por Pedro S\u00e1nchez Panadero, colabora en el sacado de puntos en piedra y posterior montaje de la obra.<\/span><\/span><\/p>\n<p style=\"text-align: justify;\" mce_style=\"text-align: justify;\"><span style=\"font-size: medium;\" mce_style=\"font-size: medium;\"><span style=\"font-family: verdana, geneva;\" mce_style=\"font-family: verdana, geneva;\">Don Juan de Avalos y Taborda, fue distinguido por la Sociedad Cervantina de Esquivias como Quijote del A\u00f1o 1992, m\u00e1ximo galard\u00f3n que otorga esta Asociaci\u00f3n Cultural. Lo recogi\u00f3 en Esquivias el propio Don Juan, que se hallaba acompa\u00f1ado de su distinguida esposa, en el transcurso del banquete de Bodas de Cervantes y Catalina del 12 de Diciembre de dicho a\u00f1o.<\/span><\/span><\/p>\n<p style=\"text-align: justify;\" mce_style=\"text-align: justify;\"><span style=\"font-size: medium;\" mce_style=\"font-size: medium;\"><span style=\"font-family: verdana, geneva;\" mce_style=\"font-family: verdana, geneva;\"><br \/><\/span><\/span><\/p>\n<p style=\"text-align: justify;\" mce_style=\"text-align: justify;\"><span style=\"font-size: medium;\" mce_style=\"font-size: medium;\"><span style=\"font-family: verdana, geneva;\" mce_style=\"font-family: verdana, geneva;\"><br \/><\/span><\/span><\/p>\n","protected":false},"excerpt":{"rendered":"<p>Preside el centro de la Plaza Mayor y fue realizado en piedra blanca por Juan de \u00c1valos y Taborda (1911-2006), [&hellip;]<\/p>\n","protected":false},"author":1,"featured_media":31,"comment_status":"open","ping_status":"open","sticky":false,"template":"","format":"standard","meta":{"footnotes":""},"categories":[11,8],"tags":[],"class_list":["post-32","post","type-post","status-publish","format-standard","has-post-thumbnail","hentry","category-esquivias-quijote","category-monumentos-de-esquivias"],"_links":{"self":[{"href":"http:\/\/www.cervantinaesquivias.org\/wordpress\/wp-json\/wp\/v2\/posts\/32","targetHints":{"allow":["GET"]}}],"collection":[{"href":"http:\/\/www.cervantinaesquivias.org\/wordpress\/wp-json\/wp\/v2\/posts"}],"about":[{"href":"http:\/\/www.cervantinaesquivias.org\/wordpress\/wp-json\/wp\/v2\/types\/post"}],"author":[{"embeddable":true,"href":"http:\/\/www.cervantinaesquivias.org\/wordpress\/wp-json\/wp\/v2\/users\/1"}],"replies":[{"embeddable":true,"href":"http:\/\/www.cervantinaesquivias.org\/wordpress\/wp-json\/wp\/v2\/comments?post=32"}],"version-history":[{"count":1,"href":"http:\/\/www.cervantinaesquivias.org\/wordpress\/wp-json\/wp\/v2\/posts\/32\/revisions"}],"predecessor-version":[{"id":2674,"href":"http:\/\/www.cervantinaesquivias.org\/wordpress\/wp-json\/wp\/v2\/posts\/32\/revisions\/2674"}],"wp:featuredmedia":[{"embeddable":true,"href":"http:\/\/www.cervantinaesquivias.org\/wordpress\/wp-json\/wp\/v2\/media\/31"}],"wp:attachment":[{"href":"http:\/\/www.cervantinaesquivias.org\/wordpress\/wp-json\/wp\/v2\/media?parent=32"}],"wp:term":[{"taxonomy":"category","embeddable":true,"href":"http:\/\/www.cervantinaesquivias.org\/wordpress\/wp-json\/wp\/v2\/categories?post=32"},{"taxonomy":"post_tag","embeddable":true,"href":"http:\/\/www.cervantinaesquivias.org\/wordpress\/wp-json\/wp\/v2\/tags?post=32"}],"curies":[{"name":"wp","href":"https:\/\/api.w.org\/{rel}","templated":true}]}}