{"id":28,"date":"2010-06-27T07:33:48","date_gmt":"2010-06-27T07:33:48","guid":{"rendered":"http:\/\/www.cervantinaesquivias.org\/wordpress\/2010\/06\/27\/iglesia-parroquial\/"},"modified":"2023-03-17T12:17:01","modified_gmt":"2023-03-17T12:17:01","slug":"iglesia-parroquial","status":"publish","type":"post","link":"http:\/\/www.cervantinaesquivias.org\/wordpress\/2010\/06\/27\/iglesia-parroquial\/","title":{"rendered":"Iglesia Parroquial"},"content":{"rendered":"<p style=\"text-align: justify;\" mce_style=\"text-align: justify;\"><img loading=\"lazy\" decoding=\"async\" class=\" alignright size-full wp-image-25\" style=\"float: right;\" mce_style=\"float: right;\" src=\"http:\/\/www.cervantinaesquivias.org\/wordpress\/wp-content\/uploads\/2010\/06\/iglesia.jpg\" mce_src=\"images\/stories\/Monumentos\/iglesia.jpg\" alt=\"alt\" width=\"138\" height=\"236\" \/><span style=\"font-size: medium;\" mce_style=\"font-size: medium;\"><span style=\"font-family: verdana, geneva;\" mce_style=\"font-family: verdana, geneva;\">Situada en el Paseo de los \u00c1lamos, fue construida sobre el mismo solar que ocupaba la primitiva iglesia de Santa Mar\u00eda de la Asunci\u00f3n, que existi\u00f3 hasta 1786 y fue donde Cervantes y Catalina de Palacios contrajeron matrimonio.<\/span><\/span><\/p>\n<p style=\"text-align: justify;\" mce_style=\"text-align: justify;\"><span style=\"font-size: medium;\" mce_style=\"font-size: medium;\"><span style=\"font-family: verdana, geneva;\" mce_style=\"font-family: verdana, geneva;\"><br \/><\/span><\/span><\/p>\n<p style=\"text-align: justify;\" mce_style=\"text-align: justify;\"><span style=\"font-size: medium;\" mce_style=\"font-size: medium;\"><span style=\"font-family: verdana, geneva;\" mce_style=\"font-family: verdana, geneva;\">En 1785 se comenz\u00f3 a construir la actual iglesia sobre las ruinas de la anterior, conservando del antiguo edificio la cabecera, la torre de un solo cuerpo con ventanas saeteras que \u00a0aloja el campanario, y la pila bautismal que data de 1686.<\/span><\/span><\/p>\n<p style=\"text-align: justify;\" mce_style=\"text-align: justify;\"><span style=\"font-size: medium;\" mce_style=\"font-size: medium;\"><span style=\"font-family: verdana, geneva;\" mce_style=\"font-family: verdana, geneva;\"><br \/><\/span><\/span><\/p>\n<p style=\"text-align: justify;\" mce_style=\"text-align: justify;\"><span style=\"font-size: medium;\" mce_style=\"font-size: medium;\"><span style=\"font-family: verdana, geneva;\" mce_style=\"font-family: verdana, geneva;\">Las obras concluyeron en el 1794, siendo el edificio de estilo neocl\u00e1sico, aunque se respet\u00f3 el g\u00f3tico mud\u00e9jar de la torre. El exterior es de construcci\u00f3n t\u00edpica de aparejo toledano y el interior se compone de una gran nave cuadrada sustentada por cuatro enormes columnas de piedra de Colmenar.<\/span><\/span><\/p>\n<p><\/p>\n<p style=\"text-align: justify;\" mce_style=\"text-align: justify;\"><span style=\"font-size: medium;\" mce_style=\"font-size: medium;\"><span style=\"font-family: verdana, geneva;\" mce_style=\"font-family: verdana, geneva;\">En la Sacrist\u00eda, dentro de una vitrina, se conserva el libro de matrimonios en el que se recoge constancia documental del matrimonio entre Miguel de Cervantes y Catalina de Palacios, celebrado por el reverendo Juan de Palacios, a la saz\u00f3n t\u00edo de esta \u00faltima.<\/span><\/span><\/p>\n<p style=\"text-align: center;\" mce_style=\"text-align: center;\"><img loading=\"lazy\" decoding=\"async\" class=\" size-full wp-image-26\" src=\"http:\/\/www.cervantinaesquivias.org\/wordpress\/wp-content\/uploads\/2010\/06\/actaboda.jpg\" mce_src=\"images\/stories\/Monumentos\/actaboda.jpg\" alt=\"alt\" width=\"600\" height=\"126\" srcset=\"http:\/\/www.cervantinaesquivias.org\/wordpress\/wp-content\/uploads\/2010\/06\/actaboda.jpg 600w, http:\/\/www.cervantinaesquivias.org\/wordpress\/wp-content\/uploads\/2010\/06\/actaboda-300x63.jpg 300w\" sizes=\"auto, (max-width: 600px) 100vw, 600px\" \/><\/p>\n<p style=\"text-align: justify;\" mce_style=\"text-align: justify;\"><span style=\"font-size: medium;\" mce_style=\"font-size: medium;\"><span style=\"font-family: verdana, geneva;\" mce_style=\"font-family: verdana, geneva;\">Dice textualmente: \u00ab<i><b> En 12 de Diciembre el reverendo se\u00f1or Juan de Palacios teniente despos\u00f3 a los se\u00f1ores Miguel de Cervantes, vecino de Madrid y do\u00f1a Catalina de Palacios, vecina de Esquivias: testigo Rodrigo Mej\u00eda, Diego Escribano y Francisco Marcos. El doctor Escribano<\/b><\/i> (firmado y rubricado)\u00bb<\/span><\/span><\/p>\n<p style=\"text-align: justify;\" mce_style=\"text-align: justify;\"><span style=\"font-size: medium;\" mce_style=\"font-size: medium;\"><span style=\"font-family: verdana, geneva;\" mce_style=\"font-family: verdana, geneva;\">En el altar mayor encontramos un lienzo de grandes proporciones pintado a finales del siglo XVIII por Miguel Loxes, que con gran maestr\u00eda represent\u00f3 la Asunci\u00f3n de Mar\u00eda.<\/span><\/span><\/p>\n<p style=\"text-align: justify;\" mce_style=\"text-align: justify;\"><span style=\"font-size: medium;\" mce_style=\"font-size: medium;\"><span style=\"font-family: verdana, geneva;\" mce_style=\"font-family: verdana, geneva;\">El presbiterio contiene varios cuadros como La Inmaculada, de autor desconocido; La Adoraci\u00f3n de los Reyes; La Virgen de los Dolores, obra del siglo XVII del pintor segoviano Sierra; San Antonio de Padua de Miguel Jacinto Mel\u00e9ndez; y la joya pict\u00f3rica de Esquivias, el cuadro flamenco de La Virgen de la Leche.<\/span><\/span><\/p>\n<p style=\"text-align: justify;\" mce_style=\"text-align: justify;\"><span style=\"font-size: medium;\" mce_style=\"font-size: medium;\"><span style=\"font-family: verdana, geneva;\" mce_style=\"font-family: verdana, geneva;\">La obra escult\u00f3rica m\u00e1s importante es el busto de la patrona de Esquivias, la Virgen de la Leche, una bella e inusual talla en madera policromada que pertenece a la escuela escult\u00f3rica granadina de Alonso Cano, imagen donada por Mariana de Neoburgo, esposa de Carlos II, al Convento de Capuchinos de Esquivias y trasladada posteriormente a la iglesia parroquial en el 1820.<\/span><\/span>\u00a0<\/p>\n<p style=\"text-align: center;\" mce_style=\"text-align: center;\"><img loading=\"lazy\" decoding=\"async\" class=\" size-full wp-image-27 size-full wp-image-27\" src=\"http:\/\/www.cervantinaesquivias.org\/wordpress\/wp-content\/uploads\/2010\/06\/virgen_leche.jpg\" mce_src=\"http:\/\/www.cervantinaesquivias.org\/wordpress\/wp-content\/uploads\/2010\/06\/virgen_leche.jpg\" width=\"159\" border=\"0\" height=\"211\" \/><\/p>\n<p style=\"text-align: justify;\" mce_style=\"text-align: justify;\"><span style=\"font-size: medium;\" mce_style=\"font-size: medium;\"><span style=\"font-family: verdana, geneva;\" mce_style=\"font-family: verdana, geneva;\">Distribuidos por los muros del tempo y a gran altura hay cuatro lienzos de Ignacio de Prados: La cena de Lev\u00ed, La Samaritana, La multiplicaci\u00f3n de los panes y los peces y La conversi\u00f3n de San Pablo en el camino de Damasco.<\/span><\/span><\/p>\n","protected":false},"excerpt":{"rendered":"<p>Situada en el Paseo de los \u00c1lamos, fue construida sobre el mismo solar que ocupaba la primitiva iglesia de Santa [&hellip;]<\/p>\n","protected":false},"author":1,"featured_media":25,"comment_status":"open","ping_status":"open","sticky":false,"template":"","format":"standard","meta":{"footnotes":""},"categories":[11,8],"tags":[],"class_list":["post-28","post","type-post","status-publish","format-standard","has-post-thumbnail","hentry","category-esquivias-quijote","category-monumentos-de-esquivias"],"_links":{"self":[{"href":"http:\/\/www.cervantinaesquivias.org\/wordpress\/wp-json\/wp\/v2\/posts\/28","targetHints":{"allow":["GET"]}}],"collection":[{"href":"http:\/\/www.cervantinaesquivias.org\/wordpress\/wp-json\/wp\/v2\/posts"}],"about":[{"href":"http:\/\/www.cervantinaesquivias.org\/wordpress\/wp-json\/wp\/v2\/types\/post"}],"author":[{"embeddable":true,"href":"http:\/\/www.cervantinaesquivias.org\/wordpress\/wp-json\/wp\/v2\/users\/1"}],"replies":[{"embeddable":true,"href":"http:\/\/www.cervantinaesquivias.org\/wordpress\/wp-json\/wp\/v2\/comments?post=28"}],"version-history":[{"count":1,"href":"http:\/\/www.cervantinaesquivias.org\/wordpress\/wp-json\/wp\/v2\/posts\/28\/revisions"}],"predecessor-version":[{"id":2676,"href":"http:\/\/www.cervantinaesquivias.org\/wordpress\/wp-json\/wp\/v2\/posts\/28\/revisions\/2676"}],"wp:featuredmedia":[{"embeddable":true,"href":"http:\/\/www.cervantinaesquivias.org\/wordpress\/wp-json\/wp\/v2\/media\/25"}],"wp:attachment":[{"href":"http:\/\/www.cervantinaesquivias.org\/wordpress\/wp-json\/wp\/v2\/media?parent=28"}],"wp:term":[{"taxonomy":"category","embeddable":true,"href":"http:\/\/www.cervantinaesquivias.org\/wordpress\/wp-json\/wp\/v2\/categories?post=28"},{"taxonomy":"post_tag","embeddable":true,"href":"http:\/\/www.cervantinaesquivias.org\/wordpress\/wp-json\/wp\/v2\/tags?post=28"}],"curies":[{"name":"wp","href":"https:\/\/api.w.org\/{rel}","templated":true}]}}