{"id":2733,"date":"2023-05-05T17:50:53","date_gmt":"2023-05-05T17:50:53","guid":{"rendered":"http:\/\/www.cervantinaesquivias.org\/wordpress\/?p=2733"},"modified":"2023-05-05T17:50:53","modified_gmt":"2023-05-05T17:50:53","slug":"sencillamente-cervantes-ii","status":"publish","type":"post","link":"http:\/\/www.cervantinaesquivias.org\/wordpress\/2023\/05\/05\/sencillamente-cervantes-ii\/","title":{"rendered":"Sencillamente Cervantes (II)"},"content":{"rendered":"\n<p>Jos\u00e9 Rossell Villasevil<\/p>\n\n\n\n<p><strong>El abuelo Juan<\/strong><\/p>\n\n\n\n<p>Espabilado le sali\u00f3 el hijo Juan al orondo pa\u00f1ero de C\u00f3rdoba; as\u00ed es que, en cuanto fue oportuno le mand\u00f3 a Salamanca, donde con mucha aplicaci\u00f3n y no escasas buenas dotes, el aventajado muchacho se licenciara brillantemente en Derecho.<\/p>\n\n\n\n<p>Veintea\u00f1ero era a\u00fan el ne\u00f3fito jurista, cuando ya ejerc\u00eda de letrado en el Real Fisco de la Inquisici\u00f3n cordobesa, saliendo milagrosamente indemne -como su familia- de aquel infierno creado por el funesto inquisidor, Diego Rodr\u00edguez de Lucero, aut\u00e9ntico psic\u00f3pata genocida cuyos desmanes, y reacciones defensivas ciudadanas, obligaran a tomar cartas en el asunto al Consejo Real, y a que restableciera el orden por su mandato, la figura m\u00e1s que respetable y ecu\u00e1nime del reci\u00e9n nombrado Inquisidor General Xim\u00e9nez de Cisneros.<\/p>\n\n\n\n<p>El prestigio del joven licenciado le permiti\u00f3 ocupar cargos relevantes en la Administraci\u00f3n, por tierras de Castilla, siendo el primero en Alcal\u00e1 de Henares en 1509, donde ejerciera como teniente de Corregidor. En la hist\u00f3rica Villa complutense, vendr\u00eda a este mundo Rodrigo, el padre de Miguel. Y como los cargos p\u00fablicos, \u201cpol\u00edticos\u201d dir\u00edamos hoy, entonces no duraban m\u00e1s de tres a\u00f1os, don Juan y su familia regresaban en cada cese a su C\u00f3rdoba natal, tomando el Camino Real de la Plata -tan pateado por tres generaciones de los Cervantes- y reanud\u00e1ndola cada nueva toma de posesi\u00f3n. As\u00ed, el abuelo, durante siete lustros deambulando por tierras de Alcal\u00e1, Toledo, Cuenca, Oca\u00f1a, Guadalajara, Valladolid, y de nuevo la Alcal\u00e1 m\u00e1s \u00edntima y obligada, donde hab\u00eda de contraer matrimonio Rodrigo, casarse y nacerle, entre otros, el hijo inmortal.<\/p>\n\n\n\n<p>Nos produce admiraci\u00f3n, vistos los acontecimientos desde el reflexivo prisma actual, cu\u00e1nto tiempo se toma, y con qu\u00e9 precisi\u00f3n matem\u00e1tica, la Ley de la gen\u00e9tica para ir conformando a las personas excepcionales que designa la Providencia.<\/p>\n\n\n\n<p>Con don Juan comienza la di\u00e1spora de los Cervantes, inquietos andariegos de por vida, como el hijo Rodrigo y luego el nieto Miguel. El Genio escribir\u00eda una frase, para mi impresionante: \u201cQue no se mueve la hoja en el \u00e1rbol, sin la voluntad de Dios\u201d.<\/p>\n\n\n\n<p>A esto bien pod\u00eda agregarse el refr\u00e1n, \u201cLos abuelos comen la acedera y los nietos padecen la dentera\u201d. \u00bfNo era todo, acaso, consecuencia del mandato racial de esa parte de sangre judaica que pod\u00eda correr por las venas de los Cervantes?<\/p>\n\n\n\n<p>Designio inexorable de las castas, dir\u00eda don Am\u00e9rico Castro.<\/p>\n\n\n\n<p>Corroborando el pensamiento, y como quiera que el avezado don Juan, ni era trigo limpio ni le sal\u00edan las cosas siempre redondas, de sus \u00faltimos cargos castellanos, lugarteniente de la Alcald\u00eda de Alzadas en la Capital alcarre\u00f1a, hubo de poner tierra por medio, a la muerte de don Diego Hurtado de Mendoza, para litigar contra sus herederos, los todopoderosos Duques del Infantado; mas el hecho de avecindarse en la Capital vallisoletana, y no obstante haberles ganado h\u00e1bilmente la partida, no le libra de ir a la c\u00e1rcel, como luego fuese a la misma el pobre Rodrigo y m\u00e1s tarde el autor del Quijote. \u00bfCorolario insondable del Destino o injusta r\u00e9mora de una raza estigmatizada?<\/p>\n","protected":false},"excerpt":{"rendered":"<p>Jos\u00e9 Rossell Villasevil El abuelo Juan Espabilado le sali\u00f3 el hijo Juan al orondo pa\u00f1ero de C\u00f3rdoba; as\u00ed es que, [&hellip;]<\/p>\n","protected":false},"author":1,"featured_media":0,"comment_status":"closed","ping_status":"open","sticky":false,"template":"","format":"standard","meta":{"footnotes":""},"categories":[26],"tags":[],"class_list":["post-2733","post","type-post","status-publish","format-standard","hentry","category-sencillamente-cervantes"],"_links":{"self":[{"href":"http:\/\/www.cervantinaesquivias.org\/wordpress\/wp-json\/wp\/v2\/posts\/2733","targetHints":{"allow":["GET"]}}],"collection":[{"href":"http:\/\/www.cervantinaesquivias.org\/wordpress\/wp-json\/wp\/v2\/posts"}],"about":[{"href":"http:\/\/www.cervantinaesquivias.org\/wordpress\/wp-json\/wp\/v2\/types\/post"}],"author":[{"embeddable":true,"href":"http:\/\/www.cervantinaesquivias.org\/wordpress\/wp-json\/wp\/v2\/users\/1"}],"replies":[{"embeddable":true,"href":"http:\/\/www.cervantinaesquivias.org\/wordpress\/wp-json\/wp\/v2\/comments?post=2733"}],"version-history":[{"count":1,"href":"http:\/\/www.cervantinaesquivias.org\/wordpress\/wp-json\/wp\/v2\/posts\/2733\/revisions"}],"predecessor-version":[{"id":2734,"href":"http:\/\/www.cervantinaesquivias.org\/wordpress\/wp-json\/wp\/v2\/posts\/2733\/revisions\/2734"}],"wp:attachment":[{"href":"http:\/\/www.cervantinaesquivias.org\/wordpress\/wp-json\/wp\/v2\/media?parent=2733"}],"wp:term":[{"taxonomy":"category","embeddable":true,"href":"http:\/\/www.cervantinaesquivias.org\/wordpress\/wp-json\/wp\/v2\/categories?post=2733"},{"taxonomy":"post_tag","embeddable":true,"href":"http:\/\/www.cervantinaesquivias.org\/wordpress\/wp-json\/wp\/v2\/tags?post=2733"}],"curies":[{"name":"wp","href":"https:\/\/api.w.org\/{rel}","templated":true}]}}