{"id":2664,"date":"2023-03-17T12:14:32","date_gmt":"2023-03-17T12:14:32","guid":{"rendered":"http:\/\/www.cervantinaesquivias.org\/wordpress\/?p=2664"},"modified":"2023-03-17T12:14:32","modified_gmt":"2023-03-17T12:14:32","slug":"1595-ii-14-esquivias-escamonda-del-monte","status":"publish","type":"post","link":"http:\/\/www.cervantinaesquivias.org\/wordpress\/2023\/03\/17\/1595-ii-14-esquivias-escamonda-del-monte\/","title":{"rendered":"1595-II-14-Esquivias. Escamonda del Monte"},"content":{"rendered":"\n<p>\u201cESCAMONDA DEL MONTE\u201d<\/p>\n\n\n\n<p>[Auto en tres folio a dos caras sin numerar sobre la Escamonda del Monte].<\/p>\n\n\n\n<p>[Folio 001r.]<\/p>\n\n\n\n<p>\u201cEn el lugar desquivias juridicion de la ziudad de toledo a catorze d\u00edas del mies de febrero de mil e quinientos e noventa e cinco a\u00f1os ante don <strong>diego garcia de Salazar<\/strong> alcalde ordinario deste dicho lugar del estado de los hixos dalgo e Juan de quellar alcalde de los pecheros fue presentada la petizion siguiente de pedro portero y andres guerta vecinos deste dicho lugar Alonso de ugena El mozo procurador general del concejo deste dicho lugar de Esquivias parezio ante vuesas mercedes y dijo que bien saben y deben saber En como este concejo tiene ordenanzas confirmadas por su magestad En que un monte que ay En El termino de este dicho lugar que es del dicho concejo se visite por la Justizia que fuere en cada un a\u00f1o y nombre veedores para ver la parte que tiene necesidad el dicho monte dese escamonda y alzar en mas y cortando lo seco y revejido y hasta ahora vuesas majestades no lo an hecho y el dicho monte tiene mucha necesidad de escamondarse por tanto pido y suplico A vuestras mercedes y si interesa yo El hablando con el acatamiento debido les quiero nombren personas que vean el dicho monte y hecha la dicha declaraci\u00f3n vuesas mercedes manden hazer la dicha escamonda por las dichas ordenanzas de el dicho monte y en lo hacer vuesas mercedes ansi a my mostraran Justicia y de c\u00f3mo lo pido y Requiero pido al presente se\u00f1or me lo de por testificado y a los presente Ruego me sean testigos alonso martin e de francisco de Villaseca vezino deste lugar e no lo firmo porque no savia escribir\u201d.<\/p>\n\n\n\n<p>&nbsp;&nbsp;&nbsp;&nbsp;&nbsp;&nbsp;&nbsp;&nbsp;&nbsp;&nbsp;&nbsp; presente fin&nbsp;&nbsp;&nbsp;&nbsp;&nbsp;&nbsp;&nbsp;&nbsp;&nbsp;&nbsp;&nbsp;&nbsp;&nbsp;&nbsp;&nbsp;&nbsp;&nbsp;&nbsp;&nbsp;&nbsp;&nbsp;&nbsp;&nbsp;&nbsp;&nbsp;&nbsp;&nbsp;&nbsp;&nbsp;&nbsp;&nbsp;&nbsp;&nbsp;&nbsp;&nbsp;&nbsp;&nbsp;&nbsp;&nbsp;&nbsp;&nbsp;&nbsp;&nbsp;&nbsp;&nbsp;&nbsp;&nbsp;&nbsp;&nbsp;&nbsp;&nbsp; Pedro palomo<\/p>\n\n\n\n<p>&nbsp;&nbsp;&nbsp;&nbsp;&nbsp;&nbsp;&nbsp;&nbsp;&nbsp;&nbsp;&nbsp;&nbsp;&nbsp;&nbsp;&nbsp;&nbsp;&nbsp;&nbsp;&nbsp;&nbsp;&nbsp;&nbsp;&nbsp;&nbsp;&nbsp;&nbsp;&nbsp;&nbsp;&nbsp;&nbsp;&nbsp;&nbsp;&nbsp;&nbsp;&nbsp;&nbsp;&nbsp;&nbsp;&nbsp;&nbsp;&nbsp;&nbsp;&nbsp;&nbsp;&nbsp;&nbsp;&nbsp;&nbsp;&nbsp;&nbsp;&nbsp;&nbsp;&nbsp;&nbsp;&nbsp;&nbsp;&nbsp;&nbsp; &nbsp;&nbsp;&nbsp;&nbsp;&nbsp;&nbsp;&nbsp;&nbsp;&nbsp;&nbsp;&nbsp;&nbsp;&nbsp;&nbsp;&nbsp;&nbsp;&nbsp;&nbsp;&nbsp;Scrivano publico.<\/p>\n\n\n\n<p>[Folio 001v.]<\/p>\n\n\n\n<p>\u201cY presentada los dichos alcaldes dijeron que la vieron por presentada poniendo en ella y nombravan por ver presdecir dicho monte a miguel de Ujena y a diego de ToRejon vecinos deste dicho lugar como a personas que saben podar y aderezar arboles y escamondar el dicho monte = para que le vean y digan conjuntamente lo que ante si dieren que mas tiene dicho y lo de principalmente deste dicho monte fuere para que si alguna parte del dicho monte tuviere necesidad de escamonda como por el dicho alonso de Ujena procurador hizo dicho por la descarga por estos se pudiera en lo necesario = mas dare a mas gente se notifique el dicho nombramiento de los dichos miguel de Ujena y diego de torrexon y asi lo procedieron y mandaron y el dicho don diego garcia de Salazar lo firmo por orden por el dicho de Pedro de cuellar su compa\u00f1ero porque no sabe firmar Regidor de los dichos\u201d.&nbsp;&nbsp;&nbsp;&nbsp;&nbsp;&nbsp;&nbsp;&nbsp;&nbsp;&nbsp;&nbsp;&nbsp; &nbsp;&nbsp;\u201cpor my y por my conpa\u00f1ero\u201d<\/p>\n\n\n\n<p>&nbsp;&nbsp;&nbsp;&nbsp;&nbsp; don diego Garcia&nbsp;&nbsp;&nbsp;&nbsp;&nbsp;&nbsp;&nbsp;&nbsp;&nbsp;&nbsp;&nbsp;&nbsp;&nbsp;&nbsp;&nbsp;&nbsp;&nbsp;&nbsp;&nbsp;&nbsp;&nbsp;&nbsp;&nbsp;&nbsp;&nbsp;&nbsp;&nbsp;&nbsp;&nbsp;&nbsp;&nbsp;&nbsp;&nbsp; &nbsp;&nbsp;&nbsp;&nbsp;&nbsp;&nbsp;&nbsp;&nbsp;&nbsp;&nbsp;&nbsp;&nbsp;&nbsp;&nbsp;&nbsp;&nbsp;&nbsp;Pedro Palomo<\/p>\n\n\n\n<p>&nbsp;&nbsp;&nbsp;&nbsp;&nbsp;&nbsp;&nbsp;&nbsp;&nbsp;&nbsp;&nbsp; Salazar.&nbsp;&nbsp;&nbsp;&nbsp;&nbsp;&nbsp;&nbsp;&nbsp;&nbsp;&nbsp;&nbsp;&nbsp;&nbsp;&nbsp;&nbsp;&nbsp;&nbsp;&nbsp;&nbsp;&nbsp;&nbsp;&nbsp;&nbsp;&nbsp;&nbsp;&nbsp;&nbsp;&nbsp;&nbsp;&nbsp;&nbsp;&nbsp;&nbsp;&nbsp;&nbsp;&nbsp;&nbsp;&nbsp;&nbsp;&nbsp;&nbsp;&nbsp;&nbsp;&nbsp;&nbsp;&nbsp;&nbsp;&nbsp;&nbsp;&nbsp;&nbsp;&nbsp;&nbsp; Scrivano publico.<\/p>\n\n\n\n<p>\u201cAuto\u201d.<\/p>\n\n\n\n<p>\u201cEste dicho dia mes y a\u00f1o susodicho por presente istrucion notifique el dicho auto y nombramiento a los dichos miguel de uxena y diego de roRejon en sus personas a lo qual dijeron que acetavan el dicho nombramiento y que encarga\u2026\u201d<\/p>\n\n\n\n<p>[Folio 002r.]<\/p>\n\n\n\n<p>\u2026.Lo que pareze ser y aver se les manda y juraron x dios en forma de vida de derecho de ver y pasear el dicho monte y dize hazer la declarazion bien y jur\u00eddicamente de lo que entendieren tener necesidad el dicho monte y eso dieron por&nbsp; su Respuesta y no lo firmaron porque dijeron no saver escrivir y dello doy fe\u201d.<\/p>\n\n\n\n<p>&nbsp;&nbsp;&nbsp;&nbsp;&nbsp;&nbsp;&nbsp;&nbsp;&nbsp;&nbsp;&nbsp;&nbsp;&nbsp;&nbsp;&nbsp;&nbsp;&nbsp;&nbsp;&nbsp;&nbsp;&nbsp;&nbsp;&nbsp;&nbsp;&nbsp;&nbsp;&nbsp;&nbsp;&nbsp;&nbsp;&nbsp;&nbsp;&nbsp;&nbsp;&nbsp;&nbsp;&nbsp;&nbsp;&nbsp;&nbsp;&nbsp;&nbsp;&nbsp;&nbsp;&nbsp;&nbsp;&nbsp;&nbsp;&nbsp;&nbsp;&nbsp;&nbsp;&nbsp;&nbsp; &nbsp;&nbsp;&nbsp;&nbsp;&nbsp;&nbsp;&nbsp;&nbsp;&nbsp;&nbsp;&nbsp;&nbsp;&nbsp;&nbsp;&nbsp;&nbsp;&nbsp;&nbsp;&nbsp;&nbsp;&nbsp;&nbsp;&nbsp;&nbsp;&nbsp;&nbsp;Pedro Palomo.<\/p>\n\n\n\n<p>&nbsp;&nbsp;&nbsp;&nbsp;&nbsp;&nbsp;&nbsp;&nbsp;&nbsp;&nbsp;&nbsp;&nbsp;&nbsp;&nbsp;&nbsp;&nbsp;&nbsp;&nbsp;&nbsp;&nbsp;&nbsp;&nbsp;&nbsp;&nbsp;&nbsp;&nbsp;&nbsp;&nbsp;&nbsp;&nbsp;&nbsp;&nbsp;&nbsp;&nbsp;&nbsp;&nbsp;&nbsp;&nbsp;&nbsp;&nbsp;&nbsp;&nbsp;&nbsp;&nbsp;&nbsp;&nbsp;&nbsp;&nbsp;&nbsp;&nbsp;&nbsp;&nbsp;&nbsp;&nbsp;&nbsp;&nbsp;&nbsp;&nbsp;&nbsp; &nbsp;&nbsp;&nbsp;&nbsp;&nbsp;&nbsp;&nbsp;&nbsp;&nbsp;&nbsp;&nbsp;&nbsp;&nbsp;&nbsp;&nbsp;&nbsp;&nbsp;&nbsp;Scrivano publico.<\/p>\n\n\n\n<p>\u201cDespues de lo susodicho en el dicho lugar de esquivais A quinze d\u00edas del dicho mes y a\u00f1o los dichos miguel de Ujena y diego de toRejon susodichos en qunplimiento deste dicho dixeron que En virtuz de el juramento que tienen hecho que an paseado y visto el dicho monte y que es asi que ay partes de este dicho monte que tienen mucha nezesidad de escamonda y en espe\u00e7ial la parte del dicho monte que dizen <strong>el matoRal de medina<\/strong> hasta la parte que dizen de <strong>la gartana<\/strong> y parte que dizen de <strong>olivas de Pedro sovrino<\/strong> y que en la dicha parte ay muy gran nezesidad de escamonda porque en la dicha parte del dicho monte ay muchas enzinas viexas que tiene mucha nezesidad de escamonda y asi mismo ay muchas enzinas\u2026<\/p>\n\n\n\n<p>[Folio 002v.]<\/p>\n\n\n\n<p>&#8230;peque\u00f1as y<strong> chapaRos<\/strong> y que tienen mucha nezesidad de escamonda para que suvan y me dicen y que por no averlas escamondado an mediado mucho = y que por las Razones dichas dizen tener tanta nezesidad de escamonda la dicha parte del dicho monte y que de hazer la dicha escamonda fuera hacer mucha utilidad y provecho a el dicho y que veria en aumento y que de no escamondar le venia a mucho menoscavo y disminuzion porque se va qubriendo de Reviejo las enzinas viexas y las nuevas y<strong> chapaRos<\/strong> de pimpollos o Ramas superficias que no las dexan mediar y esto dijeron por su declaraci\u00f3n y que a los que vuenamente entendieren y la verdad para el juramento que tienen fecho y no lo firmaron porque dixeron no saber escribir\u201d.<\/p>\n\n\n\n<p>&nbsp;&nbsp;&nbsp;&nbsp;&nbsp;&nbsp;&nbsp;&nbsp;&nbsp;&nbsp;&nbsp;&nbsp;&nbsp;&nbsp;&nbsp; \u201cAnte my\u201d&nbsp;&nbsp;&nbsp;&nbsp;&nbsp;&nbsp;&nbsp;&nbsp;&nbsp;&nbsp;&nbsp;&nbsp;&nbsp;&nbsp;&nbsp;&nbsp;&nbsp;&nbsp;&nbsp;&nbsp;&nbsp;&nbsp;&nbsp;&nbsp;&nbsp;&nbsp;&nbsp;&nbsp;&nbsp;&nbsp;&nbsp;&nbsp;&nbsp;&nbsp;&nbsp;&nbsp;&nbsp;&nbsp;&nbsp;&nbsp;&nbsp;&nbsp;&nbsp;&nbsp;&nbsp;&nbsp;&nbsp;&nbsp; Pedro Palomo<\/p>\n\n\n\n<p>&nbsp;&nbsp;&nbsp;&nbsp;&nbsp;&nbsp;&nbsp;&nbsp;&nbsp;&nbsp;&nbsp;&nbsp;&nbsp;&nbsp;&nbsp;&nbsp;&nbsp;&nbsp;&nbsp;&nbsp;&nbsp;&nbsp;&nbsp;&nbsp;&nbsp;&nbsp;&nbsp;&nbsp;&nbsp;&nbsp;&nbsp;&nbsp;&nbsp;&nbsp;&nbsp;&nbsp;&nbsp;&nbsp;&nbsp;&nbsp;&nbsp;&nbsp;&nbsp;&nbsp;&nbsp;&nbsp;&nbsp;&nbsp;&nbsp;&nbsp;&nbsp;&nbsp;&nbsp; &nbsp;&nbsp;&nbsp;&nbsp;&nbsp;&nbsp;&nbsp;&nbsp;&nbsp;&nbsp;&nbsp;&nbsp;&nbsp;&nbsp;&nbsp;&nbsp;&nbsp;&nbsp;&nbsp;&nbsp;&nbsp;&nbsp;crivano publico.<\/p>\n\n\n\n<p>\u201cAuto\u201d<\/p>\n\n\n\n<p>\u201cDespues de lo susodicho en el dicho lugar de esquibias en diez y siete d\u00edas del dicho mes y a\u00f1o susodicho visto por los dichos alcaldes la declaraczion fecha por los dichos Veedores deste dicho monte y que y que por ella consta y pareze tener mucha nezesidad de escamondar el susodicho monte y en espezial la parte por los dichos beedores declarada\u201d.<\/p>\n\n\n\n<p>[Folio 003r.]<\/p>\n\n\n\n<p>\u201cAtente a lo qual y por qunplir con las hordenanzas que tiene su dicho lugar para la conservazion del dicho monte y para el Remedio dello y por hacer lo que est\u00e1n obligados por las dichas ordenanzas e que hazer escamonda en el dicho monte no se puede ha\u00e7er Sin urgenzia e mandamiento del Se\u00f1or Alcalde Salazar alcalde de la Casa y Corte de su magestad juez de vasque\u00e7 deste se Hizo por tanto dijeron que Rematasen e Rematieron la dicha causa a el dicho Se\u00f1or Licenciado ante susodicho para que por su merzed visto por no vealo que vien visto le fueron y mandaron a mi el presente Scrivano entregue finalmente en manera que aga juez dicho alonso de Ujena todo lo pedido y atuacion en esta causa para que lo presente en la manera que dicha es y asi lo proveyeran y mandaran y el dicho Don diego garcia de Salazar lo firmo por el y por el dicho Pedro de quellar alcalde Su compa\u00f1ero porque no sabe firmar Siendo testigo Juan de gevara CaRiazo y lope de Vibar Salazar vecinos deste dicho lugar\u201d.<\/p>\n\n\n\n<p>&nbsp;&nbsp;&nbsp; por my y por my conpa\u00f1ero&nbsp;&nbsp;&nbsp;&nbsp;&nbsp;&nbsp;&nbsp;&nbsp;&nbsp;&nbsp;&nbsp;&nbsp;&nbsp;&nbsp;&nbsp;&nbsp;&nbsp;&nbsp;&nbsp;&nbsp;&nbsp;&nbsp;&nbsp;&nbsp;&nbsp;&nbsp;&nbsp;&nbsp;&nbsp;&nbsp;&nbsp;&nbsp;&nbsp;&nbsp; &nbsp;&nbsp;&nbsp;&nbsp;&nbsp;Ante mi<\/p>\n\n\n\n<p>&nbsp;&nbsp;&nbsp;&nbsp;&nbsp;&nbsp;&nbsp;&nbsp;&nbsp;&nbsp;&nbsp; don diego Garcia&nbsp;&nbsp;&nbsp;&nbsp;&nbsp;&nbsp;&nbsp;&nbsp;&nbsp;&nbsp;&nbsp;&nbsp;&nbsp;&nbsp; &nbsp;&nbsp;&nbsp;&nbsp;&nbsp;&nbsp;&nbsp;&nbsp;&nbsp;&nbsp;&nbsp;&nbsp;&nbsp;&nbsp;&nbsp;&nbsp;&nbsp;&nbsp;&nbsp;&nbsp;&nbsp;&nbsp;&nbsp;&nbsp;&nbsp;&nbsp;&nbsp;&nbsp;Pedro Palomo<\/p>\n\n\n\n<p>&nbsp;&nbsp;&nbsp;&nbsp;&nbsp;&nbsp;&nbsp;&nbsp;&nbsp;&nbsp;&nbsp;&nbsp;&nbsp;&nbsp;&nbsp;&nbsp;&nbsp;&nbsp;&nbsp; Salazar.&nbsp;&nbsp;&nbsp;&nbsp;&nbsp;&nbsp;&nbsp;&nbsp;&nbsp;&nbsp;&nbsp;&nbsp;&nbsp;&nbsp;&nbsp;&nbsp;&nbsp;&nbsp;&nbsp;&nbsp;&nbsp; &nbsp;&nbsp;&nbsp;&nbsp;&nbsp;&nbsp;&nbsp;&nbsp;&nbsp;&nbsp;&nbsp;&nbsp;&nbsp;&nbsp;&nbsp;&nbsp;&nbsp;&nbsp;&nbsp;&nbsp;&nbsp;&nbsp;&nbsp;Scrivano publico.<\/p>\n\n\n\n<p><\/p>\n","protected":false},"excerpt":{"rendered":"<p>\u201cESCAMONDA DEL MONTE\u201d [Auto en tres folio a dos caras sin numerar sobre la Escamonda del Monte]. [Folio 001r.] \u201cEn [&hellip;]<\/p>\n","protected":false},"author":1,"featured_media":0,"comment_status":"closed","ping_status":"open","sticky":false,"template":"","format":"standard","meta":{"footnotes":""},"categories":[23],"tags":[],"class_list":["post-2664","post","type-post","status-publish","format-standard","hentry","category-documentos-cervantinos"],"_links":{"self":[{"href":"http:\/\/www.cervantinaesquivias.org\/wordpress\/wp-json\/wp\/v2\/posts\/2664","targetHints":{"allow":["GET"]}}],"collection":[{"href":"http:\/\/www.cervantinaesquivias.org\/wordpress\/wp-json\/wp\/v2\/posts"}],"about":[{"href":"http:\/\/www.cervantinaesquivias.org\/wordpress\/wp-json\/wp\/v2\/types\/post"}],"author":[{"embeddable":true,"href":"http:\/\/www.cervantinaesquivias.org\/wordpress\/wp-json\/wp\/v2\/users\/1"}],"replies":[{"embeddable":true,"href":"http:\/\/www.cervantinaesquivias.org\/wordpress\/wp-json\/wp\/v2\/comments?post=2664"}],"version-history":[{"count":1,"href":"http:\/\/www.cervantinaesquivias.org\/wordpress\/wp-json\/wp\/v2\/posts\/2664\/revisions"}],"predecessor-version":[{"id":2665,"href":"http:\/\/www.cervantinaesquivias.org\/wordpress\/wp-json\/wp\/v2\/posts\/2664\/revisions\/2665"}],"wp:attachment":[{"href":"http:\/\/www.cervantinaesquivias.org\/wordpress\/wp-json\/wp\/v2\/media?parent=2664"}],"wp:term":[{"taxonomy":"category","embeddable":true,"href":"http:\/\/www.cervantinaesquivias.org\/wordpress\/wp-json\/wp\/v2\/categories?post=2664"},{"taxonomy":"post_tag","embeddable":true,"href":"http:\/\/www.cervantinaesquivias.org\/wordpress\/wp-json\/wp\/v2\/tags?post=2664"}],"curies":[{"name":"wp","href":"https:\/\/api.w.org\/{rel}","templated":true}]}}