{"id":263,"date":"2012-03-23T08:59:32","date_gmt":"2012-03-23T08:59:32","guid":{"rendered":"http:\/\/www.cervantinaesquivias.org\/wordpress\/2012\/03\/23\/jornadas-cervantinas-de-esquivias\/"},"modified":"2012-03-23T08:59:32","modified_gmt":"2012-03-23T08:59:32","slug":"jornadas-cervantinas-de-esquivias","status":"publish","type":"post","link":"http:\/\/www.cervantinaesquivias.org\/wordpress\/2012\/03\/23\/jornadas-cervantinas-de-esquivias\/","title":{"rendered":"JORNADAS CERVANTINAS DE ESQUIVIAS."},"content":{"rendered":"<p><\/p>\n<p style=\"text-align: justify;\" mce_style=\"text-align: justify;\"><span style=\"font-size: medium;\" mce_style=\"font-size: medium;\"><span style=\"font-family: verdana, geneva;\" mce_style=\"font-family: verdana, geneva;\">El Pleno del Ayuntamiento de Esquivias acuerda por unanimidad de los asistentes, Solicitar sean declaradas las JORNADAS CERVANTINAS DE ESQUIVIAS como \u00abFiesta de Inter\u00e9s Tur\u00edstico Regional de Castilla la Mancha\u00bb.<\/span><\/span><\/p>\n<p style=\"style\" mce_style=\"style\"><img loading=\"lazy\" decoding=\"async\" class=\" alignleft size-full wp-image-261 alignleft size-full wp-image-261\" src=\"http:\/\/www.cervantinaesquivias.org\/wordpress\/wp-content\/uploads\/2012\/03\/ayuntamiento-viejo.jpg\" mce_src=\"http:\/\/www.cervantinaesquivias.org\/wordpress\/wp-content\/uploads\/2012\/03\/ayuntamiento-viejo.jpg\" style=\"float: left; margin-left: 20px; margin-right: 20px;\" mce_style=\"float: left; margin-left: 20px; margin-right: 20px;\" width=\"236\" height=\"132\" \/><\/p>\n<p style=\"text-align: justify;\" mce_style=\"text-align: justify;\"><span style=\"font-size: medium;\" mce_style=\"font-size: medium;\"><span style=\"font-family: verdana, geneva;\" mce_style=\"font-family: verdana, geneva;\">En la Sesi\u00f3n del Pleno celebrado el d\u00eda 2 de Abril de 2012, de conformidad al Decreto que lo regula y ante el Proyecto Presentado por el Equipo de Gobierno, acuerda Solicitar dicha ceclaraci\u00f3n a la Junta de Comunidades de Castilla la Mancha, en principio para que sean declaradas Fiestas de Intereres Regional, lo que no impide que en el futuro se puedan solicitar sean declaradas de Inter\u00e9s Nacional o de Inter\u00e9s Internacional.<\/span>\u00a0<\/span><\/p>\n<p><\/p>\n<p><!--more--><\/p>\n<p><\/p>\n<p style=\"text-align: justify;\" mce_style=\"text-align: justify;\"><span style=\"font-size: medium;\" mce_style=\"font-size: medium;\"><span style=\"font-family: verdana, geneva;\" mce_style=\"font-family: verdana, geneva;\">Los componentes del Pleno del Ayuntamiento de Esquivias, manifestaron su conformidad a dicho Proyecto y el inter\u00e9s que, como esquivianos, esperan sea concedido lo solicitado, en bien del pueblo de Esquivias, del Cervantismo y de la Cultura en general.<\/span><\/span><\/p>\n<p style=\"text-align: justify; \" mce_style=\"text-align: justify; \"><span style=\"color: rgb(0, 0, 0);\" mce_style=\"color: #000000;\"><span style=\"font-size: medium;\" mce_style=\"font-size: medium;\"><span style=\"font-family: verdana, geneva;\" mce_style=\"font-family: verdana, geneva;\">La declaraci\u00f3n de Fiesta de Inter\u00e9s Tur\u00edstico Regional de Castilla la Mancha, se halla regulado por el Decreto 32\/2006 de 21 de marzo.<\/span><\/span><\/span><\/p>\n<p><span style=\"color: rgb(0, 0, 0); \" mce_style=\"color: #000000;\"><img loading=\"lazy\" decoding=\"async\" class=\" alignleft size-full wp-image-141 alignleft size-full wp-image-141\" src=\"http:\/\/www.cervantinaesquivias.org\/wordpress\/wp-content\/uploads\/2012\/03\/boda-de-cervantes-y-catalina.-50.jpg\" mce_src=\"http:\/\/www.cervantinaesquivias.org\/wordpress\/wp-content\/uploads\/2012\/03\/boda-de-cervantes-y-catalina.-50.jpg\" style=\"float: left; margin-left: 20px; margin-right: 20px;\" mce_style=\"float: left; margin-left: 20px; margin-right: 20px;\" width=\"310\" height=\"466\" srcset=\"http:\/\/www.cervantinaesquivias.org\/wordpress\/wp-content\/uploads\/2012\/03\/boda-de-cervantes-y-catalina.-50.jpg 310w, http:\/\/www.cervantinaesquivias.org\/wordpress\/wp-content\/uploads\/2012\/03\/boda-de-cervantes-y-catalina.-50-200x300.jpg 200w\" sizes=\"auto, (max-width: 310px) 100vw, 310px\" \/><\/span><\/p>\n<p style=\"text-align: justify;\" mce_style=\"text-align: justify;\"><span style=\"font-size: medium;\" mce_style=\"font-size: medium;\"><span style=\"font-family: verdana, geneva;\" mce_style=\"font-family: verdana, geneva;\">La Sociedad Cervantina de Esquivias, ha colaborado en elaboraci\u00f3n del Proyecto, aportando cuantos documentos, datos, recortes de prensa, publicaciones cervantinas, etc. que fueran necesarios para afianzar la anhelada declaraci\u00f3n.<\/span><\/span><\/p>\n<p style=\"text-align: justify;\" mce_style=\"text-align: justify;\"><span style=\"font-family: verdana, geneva;\" mce_style=\"font-family: verdana, geneva;\"><span style=\"font-size: medium;\" mce_style=\"font-size: medium;\">La Sociedad Cervantina de Esquivias ha venido organizando las Jornadas Cervantinas desde el a\u00f1o 1.979 de forma ininterrumpida, celebrando la efem\u00e9rides de la boda de Miguel de Cervantes Saavedra con la esquiviana Catalina de Salazar y Palacios, hecho acaecido en Esquivias el 12 de Diciembre de 1.584. Desde hace bastantes a\u00f1os, el Ayuntamiento de Esquivias, ha salido en apoyo de esta Asociaci\u00f3n Cultural apoyando y fortaleciendo los actos programados durante la Semana anterior a la fecha del 12 de diciembre de cada a\u00f1o.<\/span>\u00a0<\/span><\/p>\n<p style=\"style\" mce_style=\"style\"><span style=\"font-size: medium;\" mce_style=\"font-size: medium;\"><span style=\"font-family: verdana, geneva;\" mce_style=\"font-family: verdana, geneva;\">Durante dicha Semana Cultural y Cervantina, se desarrollan actividades como:<\/span><\/span><\/p>\n<p style=\"text-align: justify;\" mce_style=\"text-align: justify;\"><span style=\"font-size: medium;\" mce_style=\"font-size: medium;\"><span style=\"font-family: verdana, geneva;\" mce_style=\"font-family: verdana, geneva;\">Representaci\u00f3n de las llamadas \u00abEstampas Esquive\u00f1as\u00bb, que Jaime Garcia como Guionista y Director lleva al escenario los hechos acaecidos en Esquivias en la \u00e9poca que Cervantes vivi\u00f3 en este pueblo <\/span><\/span><\/p>\n<p style=\"style\" mce_style=\"style\"><img loading=\"lazy\" decoding=\"async\" class=\" alignleft size-full wp-image-262 alignleft size-full wp-image-262\" src=\"http:\/\/www.cervantinaesquivias.org\/wordpress\/wp-content\/uploads\/2012\/03\/estampas-trio-2.jpg\" mce_src=\"http:\/\/www.cervantinaesquivias.org\/wordpress\/wp-content\/uploads\/2012\/03\/estampas-trio-2.jpg\" style=\"float: left; margin-left: 20px; margin-right: 20px;\" mce_style=\"float: left; margin-left: 20px; margin-right: 20px;\" width=\"236\" height=\"157\" \/><\/p>\n<p style=\"text-align: justify;\" mce_style=\"text-align: justify;\"><span style=\"font-size: medium;\" mce_style=\"font-size: medium;\"><span style=\"font-family: verdana, geneva;\" mce_style=\"font-family: verdana, geneva;\">manchego, con adecuado vestuario y un elenco de actores noveles que transmiten de forma fehaciente los hechos hist\u00f3ricos ocurridos en Esquivias en los a\u00f1os 1584 a 1616.<\/span><\/span><\/p>\n<p style=\"text-align: justify;\" mce_style=\"text-align: justify;\"><span style=\"font-family: verdana, geneva;\" mce_style=\"font-family: verdana, geneva;\"><span style=\"font-size: medium;\" mce_style=\"font-size: medium;\">Se celebra un banquete de bodas el 12 de Diciembre, donde suelen reunirse una media de 150 cervantistas que viven a\u00f1o tras a\u00f1o el momento festivo y gastron\u00f3mico que, si no se produjo por la precariedad de la econom\u00eda de la \u00e9poca, los esquivianos y cervantistas sienten con su asistencia al banquete como si en el mismo estuvieran presentes Don Miguel de Cervantes Saavedra y una esquiviana de la que a\u00fan no se ha hablado bastante: Do\u00f1a Catalina de Salazar y Palacios. <\/span>\u00a0<\/span><\/p>\n<p style=\"text-align: justify;\" mce_style=\"text-align: justify;\"><span style=\"font-size: medium;\" mce_style=\"font-size: medium;\"><span style=\"font-family: verdana, geneva;\" mce_style=\"font-family: verdana, geneva;\">Actuaciones L\u00edricas y de Coral con m\u00fasica de los Siglos XVI y XVII, Conferencias, Coloquios, Mesas Redondas, Pasacalles, Rondallas, etc. etc. que completan unas Jornadas de intensa actividad Cervantina.<\/span><\/span><\/p>\n<p style=\"text-align: justify;\" mce_style=\"text-align: justify;\"><span style=\"font-size: medium;\" mce_style=\"font-size: medium;\"><span style=\"font-family: verdana, geneva;\" mce_style=\"font-family: verdana, geneva;\">La Sociedad Cervantina de Esquivias, manifiesta su satisfacci\u00f3n por el acuerdo de Pleno adoptado, que se enmarca dentro de lo que esta Asociaci\u00f3n siempre ha pretendido: Que Esquivias tenga un lugar de privilegio en el entorno cervantino mundial.\u00a0<\/span><\/span><\/p>\n<p><\/p>\n<p><\/p>\n","protected":false},"excerpt":{"rendered":"<p>El Pleno del Ayuntamiento de Esquivias acuerda por unanimidad de los asistentes, Solicitar sean declaradas las JORNADAS CERVANTINAS DE ESQUIVIAS [&hellip;]<\/p>\n","protected":false},"author":1,"featured_media":261,"comment_status":"open","ping_status":"open","sticky":false,"template":"","format":"standard","meta":{"footnotes":""},"categories":[14],"tags":[],"class_list":["post-263","post","type-post","status-publish","format-standard","has-post-thumbnail","hentry","category-jornadas-cervantinas"],"_links":{"self":[{"href":"http:\/\/www.cervantinaesquivias.org\/wordpress\/wp-json\/wp\/v2\/posts\/263","targetHints":{"allow":["GET"]}}],"collection":[{"href":"http:\/\/www.cervantinaesquivias.org\/wordpress\/wp-json\/wp\/v2\/posts"}],"about":[{"href":"http:\/\/www.cervantinaesquivias.org\/wordpress\/wp-json\/wp\/v2\/types\/post"}],"author":[{"embeddable":true,"href":"http:\/\/www.cervantinaesquivias.org\/wordpress\/wp-json\/wp\/v2\/users\/1"}],"replies":[{"embeddable":true,"href":"http:\/\/www.cervantinaesquivias.org\/wordpress\/wp-json\/wp\/v2\/comments?post=263"}],"version-history":[{"count":0,"href":"http:\/\/www.cervantinaesquivias.org\/wordpress\/wp-json\/wp\/v2\/posts\/263\/revisions"}],"wp:featuredmedia":[{"embeddable":true,"href":"http:\/\/www.cervantinaesquivias.org\/wordpress\/wp-json\/wp\/v2\/media\/261"}],"wp:attachment":[{"href":"http:\/\/www.cervantinaesquivias.org\/wordpress\/wp-json\/wp\/v2\/media?parent=263"}],"wp:term":[{"taxonomy":"category","embeddable":true,"href":"http:\/\/www.cervantinaesquivias.org\/wordpress\/wp-json\/wp\/v2\/categories?post=263"},{"taxonomy":"post_tag","embeddable":true,"href":"http:\/\/www.cervantinaesquivias.org\/wordpress\/wp-json\/wp\/v2\/tags?post=263"}],"curies":[{"name":"wp","href":"https:\/\/api.w.org\/{rel}","templated":true}]}}