{"id":2590,"date":"2020-06-03T14:22:57","date_gmt":"2020-06-03T14:22:57","guid":{"rendered":"http:\/\/www.cervantinaesquivias.org\/wordpress\/2020\/06\/03\/jose-antonio-hernandez-de-la-moya-ganador-del-iv-certamen-qrelatos-x-justiciaq-2\/"},"modified":"2023-03-07T09:59:50","modified_gmt":"2023-03-07T09:59:50","slug":"jose-antonio-hernandez-de-la-moya-ganador-del-iv-certamen-qrelatos-x-justiciaq-2","status":"publish","type":"post","link":"http:\/\/www.cervantinaesquivias.org\/wordpress\/2020\/06\/03\/jose-antonio-hernandez-de-la-moya-ganador-del-iv-certamen-qrelatos-x-justiciaq-2\/","title":{"rendered":"JOSE ANTONIO HERNANDEZ DE LA MOYA, GANADOR DEL IV CERTAMEN DE RELATOS CORTOS:  \u00abRELATOS X JUSTICIA\u00bb.  2020."},"content":{"rendered":"<p style=\"text-align: justify;\" mce_style=\"text-align: justify;\"><span mce_style=\"white-space: pre;\" style=\"font-family: verdana, geneva; font-size: medium; white-space: pre;\">\t<\/span><span style=\"font-family: verdana, geneva; font-size: medium;\" mce_style=\"font-family: verdana, geneva; font-size: medium;\">El Certamen de relatos cortos \u00abRELATOS X JUSTICIA\u00bb, ha fallado conceder el primer premio al relato titulado \u00abTRAFICOLANDIA\u00bb. El autor de este relato es Jos\u00e9 Antonio Hern\u00e1ndez de la Moya, productor audiovisual y periodista de RTVE, que vive en la localidad toledana de Bargas.<\/span><\/p>\n<p style=\"text-align: center;\" mce_style=\"text-align: center;\" \/>\n<!--more--><br \/>\n<\/p>\n<\/p>\n<p style=\"text-align: center;\" mce_style=\"text-align: center;\"><\/p>\n<p style=\"text-align: center;\" mce_style=\"text-align: center;\"><img loading=\"lazy\" decoding=\"async\" class=\" size-full wp-image-2588 size-full wp-image-2588\" src=\"http:\/\/www.cervantinaesquivias.org\/wordpress\/wp-content\/uploads\/2020\/06\/j.a.h.m.-relatos-x-justicia-cartel-anunciador.jpg\" mce_src=\"http:\/\/www.cervantinaesquivias.org\/wordpress\/wp-content\/uploads\/2020\/06\/j.a.h.m.-relatos-x-justicia-cartel-anunciador.jpg\" alt=\"alt\" width=\"640\" height=\"452\" srcset=\"http:\/\/www.cervantinaesquivias.org\/wordpress\/wp-content\/uploads\/2020\/06\/j.a.h.m.-relatos-x-justicia-cartel-anunciador.jpg 640w, http:\/\/www.cervantinaesquivias.org\/wordpress\/wp-content\/uploads\/2020\/06\/j.a.h.m.-relatos-x-justicia-cartel-anunciador-300x212.jpg 300w\" sizes=\"auto, (max-width: 640px) 100vw, 640px\" \/><\/p>\n<p><\/p>\n<p><\/p>\n<p><\/p>\n<p><\/p>\n<p style=\"text-align: justify;\" mce_style=\"text-align: justify;\"><span style=\"font-size: medium;\" mce_style=\"font-size: medium;\"><span style=\"font-family: verdana, geneva;\" mce_style=\"font-family: verdana, geneva;\"><span style=\"white-space:pre\" mce_style=\"white-space: pre;\">\t<\/span>El jurado ha estado formado por una representaci\u00f3n de la Red de Bib<\/span><\/span><span style=\"font-family: verdana, geneva; font-size: medium;\" mce_style=\"font-family: verdana, geneva; font-size: medium;\">liot<\/span><span style=\"font-family: verdana, geneva; font-size: medium;\" mce_style=\"font-family: verdana, geneva; font-size: medium;\">ecas de Castilla-La Mancha, la ONG \u00abSolidaria\u00bb, la Universidad de Mayores \u00abJos\u00e9 Saramago\u00bb y del \u00e1mbito literario.<\/span><\/p>\n<p style=\"text-align: justify;\" mce_style=\"text-align: justify;\"><\/p>\n<p style=\"text-align: justify;\" mce_style=\"text-align: justify;\"><span style=\"font-size: medium;\" mce_style=\"font-size: medium;\"><span style=\"font-family: verdana, geneva;\" mce_style=\"font-family: verdana, geneva;\"><span style=\"white-space:pre\" mce_style=\"white-space: pre;\">\t<\/span>Jos\u00e9 Antonio Hern\u00e1ndez, que ha felicitado a todos los participantes en este certamen por su esfuerzo creativo y calidad literaria, h<\/span><\/span><span mce_style=\"font-size: medium;\" style=\"font-size: medium;\"><span style=\"font-family: verdana, geneva;\" mce_style=\"font-family: verdana, geneva;\">a contado una historia preciosa con mensajes elevadores,\u00a0<\/span><\/span><span style=\"font-family: verdana, geneva; font-size: medium;\" mce_style=\"font-family: verdana, geneva; font-size: medium;\">sabidur\u00eda perenne, en aras de la construcci\u00f3n de un mundo m\u00e1s justo, sostenible,<\/span><\/p>\n<p style=\"text-align: justify;\" mce_style=\"text-align: justify;\"><\/p>\n<p style=\"text-align: justify;\" mce_style=\"text-align: justify;\"><span style=\"font-family: verdana, geneva; font-size: medium;\" mce_style=\"font-family: verdana, geneva; font-size: medium;\">solidario e igualitario. <\/span><span style=\"font-family: verdana, geneva; font-size: medium;\" mce_style=\"font-family: verdana, geneva; font-size: medium;\">Hern\u00e1ndez  ha dedicado este premio a la misma vida, al estar convencido de que  siempre y en todo caso es nuestra gran maestra y\u00a0 consejera.<\/span><\/p>\n<p style=\"text-align: justify;\" mce_style=\"text-align: justify;\"><\/p>\n<p style=\"text-align: justify;\" mce_style=\"text-align: justify;\"><span style=\"white-space:pre\" mce_style=\"white-space: pre;\">\t<\/span><span style=\"font-size: medium;\" mce_style=\"font-size: medium;\"><span style=\"font-family: verdana, geneva;\" mce_style=\"font-family: verdana, geneva;\">\u00abTraficolandia\u00bb es la visi\u00f3n de un mundo mejor. Es la reflexi\u00f3n de un \u00abjoven de 90 a\u00f1os\u00bb; de un ser humano en el atardecer de su vida; de un estudiante que con el paso de los a\u00f1os ha podido comprender la verdad del proverbio del sabio rey Salom\u00f3n que en a\u00f1os de mocedad lanz\u00f3 a un auditorio y que dice: <i>\u00a1Echa tu pan sobre las aguas, que despu\u00e9s de muchos d\u00edas lo hallar\u00e1s\u00a1<\/i>; de alguien que se ha graduado en la \u00abEscuela de la Adversidad\u00bb, con mares encrespados y hasta con peligros de muerte; de un hombre que ha vivido su vida sorbo a sorbo, al modo orteguiano; un sabio, un ser superior, en definitiva que, con conocimiento de causa, puede afirmar que: \u00a1Vivir es formidable\u00a1.<\/span><\/span><\/p>\n<p><\/p>\n<p style=\"text-align: justify;\" mce_style=\"text-align: justify;\"><span style=\"font-size: medium;\" mce_style=\"font-size: medium;\"><span style=\"font-family: verdana, geneva;\" mce_style=\"font-family: verdana, geneva;\"><span style=\"white-space:pre\" mce_style=\"white-space: pre;\">\t<\/span>A la Sociedad Cervantina de Esquivias, le cabe el honor de contar con Jos\u00e9 Antonio Hern\u00e1ndez de la Moya como Socio de Honor de esta Entidad Cultural, por la divulgaci\u00f3n de los aspectos vitales, literarios y culturales de Miguel de Cervantes Saavedra, a trav\u00e9s del programa radiof\u00f3nico \u00abMinutos Cervantinos\u00bb de RNE.<\/span><\/span><\/p>\n<p style=\"text-align: justify;\" mce_style=\"text-align: justify;\"><span style=\"font-size: medium;\" mce_style=\"font-size: medium;\"><span style=\"font-family: verdana, geneva;\" mce_style=\"font-family: verdana, geneva;\"><br \/><\/span><\/span><\/p>\n<p style=\"text-align: justify;\" mce_style=\"text-align: justify;\"><span style=\"font-family: verdana, geneva; font-size: medium;\" mce_style=\"font-family: verdana, geneva; font-size: medium;\"><span style=\"white-space:pre\" mce_style=\"white-space:pre\">\t<\/span>Asi mismo, Jos\u00e9 Antonio Hern\u00e1ndez de la Moya, es colaborador de la revista Galatea, \u00f3rgano de difusi\u00f3n de la Sociedad Cervantina de Esquivias.<\/span><\/p>\n<p style=\"text-align: justify;\" mce_style=\"text-align: justify;\"><span style=\"font-family: verdana, geneva; font-size: medium;\" mce_style=\"font-family: verdana, geneva; font-size: medium;\"><br \/><\/span><\/p>\n<p style=\"text-align: justify;\" mce_style=\"text-align: justify;\"><span style=\"font-size: medium;\" mce_style=\"font-size: medium;\"><span style=\"font-family: verdana, geneva;\" mce_style=\"font-family: verdana, geneva;\">{youtube}debfhM1TrkU{\/youtube}<\/span><\/span><\/p>\n<p><\/p>\n<p style=\"text-align: center;\" mce_style=\"text-align: center;\"><img loading=\"lazy\" decoding=\"async\" class=\" size-full wp-image-2589 size-full wp-image-2589\" src=\"http:\/\/www.cervantinaesquivias.org\/wordpress\/wp-content\/uploads\/2020\/06\/j.a.h.m.-logo.jpg\" mce_src=\"http:\/\/www.cervantinaesquivias.org\/wordpress\/wp-content\/uploads\/2020\/06\/j.a.h.m.-logo.jpg\" alt=\"alt\" width=\"236\" height=\"236\" srcset=\"http:\/\/www.cervantinaesquivias.org\/wordpress\/wp-content\/uploads\/2020\/06\/j.a.h.m.-logo.jpg 236w, http:\/\/www.cervantinaesquivias.org\/wordpress\/wp-content\/uploads\/2020\/06\/j.a.h.m.-logo-150x150.jpg 150w\" sizes=\"auto, (max-width: 236px) 100vw, 236px\" \/><\/p>\n<p style=\"text-align: center;\" mce_style=\"text-align: center;\"><\/p>\n<p style=\"text-align: right;\" mce_style=\"text-align: right;\"><span style=\"font-size: small;\" mce_style=\"font-size: small;\"><span style=\"font-family: helvetica;\" mce_style=\"font-family: helvetica;\"><b><i>Sabino de Diego.<\/i><\/b><\/span><\/span><\/p>\n<p><\/p>\n<p><\/p>\n<p><\/p>\n<p><span style=\"font-size: medium;\" mce_style=\"font-size: medium;\"><span style=\"font-family: verdana, geneva;\" mce_style=\"font-family: verdana, geneva;\"><br \/><\/span><\/span><\/p>\n<p><\/p>\n<p><span style=\"font-size: medium;\" mce_style=\"font-size: medium;\"><span style=\"font-family: verdana, geneva;\" mce_style=\"font-family: verdana, geneva;\"><span style=\"white-space:pre\" mce_style=\"white-space:pre\">\t<\/span><\/span><\/span><\/p>\n","protected":false},"excerpt":{"rendered":"<p>El Certamen de relatos cortos \u00abRELATOS X JUSTICIA\u00bb, ha fallado conceder el primer premio al relato titulado \u00abTRAFICOLANDIA\u00bb. El autor [&hellip;]<\/p>\n","protected":false},"author":1,"featured_media":2588,"comment_status":"closed","ping_status":"open","sticky":false,"template":"","format":"standard","meta":{"footnotes":""},"categories":[9],"tags":[],"class_list":["post-2590","post","type-post","status-publish","format-standard","has-post-thumbnail","hentry","category-noticias-de-la-web"],"_links":{"self":[{"href":"http:\/\/www.cervantinaesquivias.org\/wordpress\/wp-json\/wp\/v2\/posts\/2590","targetHints":{"allow":["GET"]}}],"collection":[{"href":"http:\/\/www.cervantinaesquivias.org\/wordpress\/wp-json\/wp\/v2\/posts"}],"about":[{"href":"http:\/\/www.cervantinaesquivias.org\/wordpress\/wp-json\/wp\/v2\/types\/post"}],"author":[{"embeddable":true,"href":"http:\/\/www.cervantinaesquivias.org\/wordpress\/wp-json\/wp\/v2\/users\/1"}],"replies":[{"embeddable":true,"href":"http:\/\/www.cervantinaesquivias.org\/wordpress\/wp-json\/wp\/v2\/comments?post=2590"}],"version-history":[{"count":1,"href":"http:\/\/www.cervantinaesquivias.org\/wordpress\/wp-json\/wp\/v2\/posts\/2590\/revisions"}],"predecessor-version":[{"id":2640,"href":"http:\/\/www.cervantinaesquivias.org\/wordpress\/wp-json\/wp\/v2\/posts\/2590\/revisions\/2640"}],"wp:featuredmedia":[{"embeddable":true,"href":"http:\/\/www.cervantinaesquivias.org\/wordpress\/wp-json\/wp\/v2\/media\/2588"}],"wp:attachment":[{"href":"http:\/\/www.cervantinaesquivias.org\/wordpress\/wp-json\/wp\/v2\/media?parent=2590"}],"wp:term":[{"taxonomy":"category","embeddable":true,"href":"http:\/\/www.cervantinaesquivias.org\/wordpress\/wp-json\/wp\/v2\/categories?post=2590"},{"taxonomy":"post_tag","embeddable":true,"href":"http:\/\/www.cervantinaesquivias.org\/wordpress\/wp-json\/wp\/v2\/tags?post=2590"}],"curies":[{"name":"wp","href":"https:\/\/api.w.org\/{rel}","templated":true}]}}