{"id":2579,"date":"2018-07-16T11:47:01","date_gmt":"2018-07-16T11:47:01","guid":{"rendered":"http:\/\/www.cervantinaesquivias.org\/wordpress\/2018\/07\/16\/jose-rosell-villasevil-cervantista-humanista-ilustre-barquenoesquiviano\/"},"modified":"2023-05-05T16:59:02","modified_gmt":"2023-05-05T16:59:02","slug":"jose-rosell-villasevil-cervantista-humanista-ilustre-barquenoesquiviano","status":"publish","type":"post","link":"http:\/\/www.cervantinaesquivias.org\/wordpress\/2018\/07\/16\/jose-rosell-villasevil-cervantista-humanista-ilustre-barquenoesquiviano\/","title":{"rendered":"JOSE ROSELL VILLASEVIL. CERVANTISTA. HUMANISTA.. ILUSTRE BARGUE\u00d1O\/ESQUIVIANO."},"content":{"rendered":"<p style=\"text-align: justify;\" mce_style=\"text-align: justify;\"><span style=\"font-size: medium;\" mce_style=\"font-size: medium;\"><span style=\"font-family: verdana, geneva;\" mce_style=\"font-family: verdana, geneva;\"><span style=\"white-space:pre\" mce_style=\"white-space:pre\">\t<\/span>El 15 de Junio de 2017, falleci\u00f3, a los 86 a\u00f1os de edad, Don Jos\u00e9 Rosell Villasevil.<\/span><\/span><\/p>\n<p style=\"text-align: center;\" mce_style=\"text-align: center;\">\n<p style=\"text-align: center;\" mce_style=\"text-align: center;\"><img loading=\"lazy\" decoding=\"async\" class=\" size-full wp-image-2553 size-full wp-image-2553\" src=\"http:\/\/www.cervantinaesquivias.org\/wordpress\/wp-content\/uploads\/2018\/07\/rosell-01.jpg\" mce_src=\"http:\/\/www.cervantinaesquivias.org\/wordpress\/wp-content\/uploads\/2018\/07\/rosell-01.jpg\" alt=\"alt\" width=\"620\" height=\"349\" srcset=\"http:\/\/www.cervantinaesquivias.org\/wordpress\/wp-content\/uploads\/2018\/07\/rosell-01.jpg 620w, http:\/\/www.cervantinaesquivias.org\/wordpress\/wp-content\/uploads\/2018\/07\/rosell-01-300x169.jpg 300w\" sizes=\"auto, (max-width: 620px) 100vw, 620px\" \/><\/p>\n<p style=\"text-align: center;\" mce_style=\"text-align: center;\"><span style=\"font-size: small;\" mce_style=\"font-size: small;\"><span style=\"font-family: verdana, geneva;\" mce_style=\"font-family: verdana, geneva;\">(Don Jos\u00e9 Rosell Villasevil, en una reciente fotograf\u00eda, que deja patente su personalidad).<\/span><\/span><\/p>\n<p style=\"text-align: center;\" mce_style=\"text-align: center;\">\n<p style=\"text-align: justify;\" mce_style=\"text-align: justify;\"><span style=\"font-size: medium;\" mce_style=\"font-size: medium;\"><span style=\"font-family: verdana, geneva;\" mce_style=\"font-family: verdana, geneva;\"><span style=\"white-space:pre\" mce_style=\"white-space:pre\">\t<\/span>La familia cervantina se conmocion\u00f3 ante la inesperada noticia de la muerte de Jos\u00e9 Rosell, devenida despu\u00e9s de tres d\u00edas ingresado en el hospital de Toledo.<\/span><\/span><\/p>\n<p style=\"text-align: justify;\" mce_style=\"text-align: justify;\">\n<p><span style=\"font-size: medium;\" mce_style=\"font-size: medium;\"><span style=\"font-family: verdana, geneva;\" mce_style=\"font-family: verdana, geneva;\"><\/span><\/span><\/p>\n<p><!--more--><\/p>\n<p style=\"text-align: justify;\" mce_style=\"text-align: justify;\"><span style=\"font-size: medium;\" mce_style=\"font-size: medium;\"><span style=\"font-family: verdana, geneva;\" mce_style=\"font-family: verdana, geneva;\"><span style=\"white-space:pre\" mce_style=\"white-space:pre\">\t<\/span>Desde el a\u00f1o 1996 hasta su fallecimiento, Jos\u00e9 Rosell Villasevil fue Presidente de la Sociedad Cervantina de Esquivias, Asociaci\u00f3n que tuvo la fortuna de que un buen d\u00eda del a\u00f1o 1976, Jos\u00e9 Rosell apareciera por Esquivias, en busca de las huellas de sus admirados Miguel de Cervantes Saavedra y Catalina de Salazar y Palacios, por la que ten\u00eda una especial devoci\u00f3n; amor plat\u00f3nico a una hidalga que encandil\u00f3 los sentimientos de Jos\u00e9 Rosell, como en el siglo XVI lo hiciera con Miguel de Cervantes, intuyendo la belleza interior y exterior de esta noble esquiviana. Pero adem\u00e1s de eso, Jos\u00e9 Rosell lleg\u00f3 para conocer a fondo Esquivias, sus gentes, sus costumbres.<\/span><\/span><\/p>\n<p style=\"text-align: center;\" mce_style=\"text-align: center;\"><span style=\"font-size: medium;\" mce_style=\"font-size: medium;\"><span style=\"font-family: verdana, geneva;\" mce_style=\"font-family: verdana, geneva;\">&nbsp;<\/span><\/span><\/p>\n<p style=\"text-align: center;\" mce_style=\"text-align: center;\">\n<p style=\"text-align: center;\" mce_style=\"text-align: center;\"><img loading=\"lazy\" decoding=\"async\" class=\" size-full wp-image-2554 size-full wp-image-2554\" src=\"http:\/\/www.cervantinaesquivias.org\/wordpress\/wp-content\/uploads\/2018\/07\/rosell-02.jpg\" mce_src=\"http:\/\/www.cervantinaesquivias.org\/wordpress\/wp-content\/uploads\/2018\/07\/rosell-02.jpg\" alt=\"alt\" width=\"709\" height=\"485\" srcset=\"http:\/\/www.cervantinaesquivias.org\/wordpress\/wp-content\/uploads\/2018\/07\/rosell-02.jpg 709w, http:\/\/www.cervantinaesquivias.org\/wordpress\/wp-content\/uploads\/2018\/07\/rosell-02-300x205.jpg 300w\" sizes=\"auto, (max-width: 709px) 100vw, 709px\" \/><\/p>\n<p style=\"text-align: center;\" mce_style=\"text-align: center;\"><span style=\"font-size: small;\" mce_style=\"font-size: small;\"><span style=\"font-family: verdana, geneva;\" mce_style=\"font-family: verdana, geneva;\">(Don Jos\u00e9 Rosell Villasevil rodeado de su familia).<\/span><\/span><\/p>\n<p style=\"text-align: center;\" mce_style=\"text-align: center;\"><span style=\"font-size: medium;\" mce_style=\"font-size: medium;\"><span style=\"font-family: verdana, geneva;\" mce_style=\"font-family: verdana, geneva;\"><br \/>\n<\/span><\/span><\/p>\n<p style=\"text-align: justify;\" mce_style=\"text-align: justify;\"><span style=\"font-size: medium;\" mce_style=\"font-size: medium;\"><span style=\"font-family: verdana, geneva;\" mce_style=\"font-family: verdana, geneva;\"><span style=\"white-space:pre\" mce_style=\"white-space:pre\">\t<\/span>Jos\u00e9 Rosell era natural y vecino de Bargas (Toledo), pero siempre que ten\u00eda ocasi\u00f3n de hacerlo, presum\u00eda de su estrecha relaci\u00f3n con Esquivias, del cervantismo que esta poblaci\u00f3n sagre\u00f1a lleva en sus entra\u00f1as; para ello, se relacionaba con las personas mayores, sobre todo con \u00abel t\u00edo Valeriano\u00bb, una persona singular que super\u00f3 la centena de a\u00f1os vividos, quien le dej\u00f3 una huella imborrable. De estas charlas con los vecinos de Esquivias, lleg\u00f3 a conocer la idiosincrasia de sus habitantes, como hiciera Miguel de Cervantes desde su llegada a Esquivias a mediados de Septiembre de 1584. Y es que don Jos\u00e9 Rosell no hac\u00eda sino secundar todo aquello&nbsp; que su \u00abmaestro\u00bb, Cervantes, experiment\u00f3 tambi\u00e9n.<\/span><\/span><\/p>\n<p style=\"text-align: justify;\" mce_style=\"text-align: justify;\"><span style=\"font-size: medium;\" mce_style=\"font-size: medium;\"><span style=\"font-family: verdana, geneva;\" mce_style=\"font-family: verdana, geneva;\"><br \/>\n<\/span><\/span><\/p>\n<p style=\"text-align: justify;\" mce_style=\"text-align: justify;\"><span style=\"font-size: medium;\" mce_style=\"font-size: medium;\"><span style=\"font-family: verdana, geneva;\" mce_style=\"font-family: verdana, geneva;\"><span style=\"white-space:pre\" mce_style=\"white-space:pre\">\t<\/span>Jos\u00e9 Rosell era una persona que cautivaba con su elocuencia. Pose\u00eda el don de la palabra, con una riqueza de expresi\u00f3n singular; as\u00ed como de saber captar la atenci\u00f3n de los que le escuchaban. Su pasi\u00f3n, El Quijote, le impulsaba a so\u00f1ar que todos llegaran a leerlo: \u00abYo no gano nada con eso -nos dec\u00eda-, hoy que todo se mueve a trav\u00e9s de intereses materiales, pero \u00bfos dais cuenta la riqueza que pueden poseer nuestros amigos y vecinos cuando lleguen a conocer al Hidalgo de la Mancha? Ese es el mejor legado que podemos ofrecer a nuestros semejantes\u00bb.<\/span><\/span><\/p>\n<p style=\"text-align: justify;\" mce_style=\"text-align: justify;\">\n<p style=\"text-align: center;\" mce_style=\"text-align: center;\"><img loading=\"lazy\" decoding=\"async\" class=\" size-full wp-image-2555 size-full wp-image-2555\" src=\"http:\/\/www.cervantinaesquivias.org\/wordpress\/wp-content\/uploads\/2018\/07\/rosell-03.jpg\" mce_src=\"http:\/\/www.cervantinaesquivias.org\/wordpress\/wp-content\/uploads\/2018\/07\/rosell-03.jpg\" alt=\"alt\" width=\"709\" height=\"502\" srcset=\"http:\/\/www.cervantinaesquivias.org\/wordpress\/wp-content\/uploads\/2018\/07\/rosell-03.jpg 709w, http:\/\/www.cervantinaesquivias.org\/wordpress\/wp-content\/uploads\/2018\/07\/rosell-03-300x212.jpg 300w\" sizes=\"auto, (max-width: 709px) 100vw, 709px\" \/><\/p>\n<p style=\"text-align: center;\" mce_style=\"text-align: center;\"><span style=\"font-size: small;\" mce_style=\"font-size: small;\"><span style=\"font-family: verdana, geneva;\" mce_style=\"font-family: verdana, geneva;\">(Don Jos\u00e9 Rosell Villasevil acompa\u00f1ado por su esposa Teresa, a la derecha, y su cu\u00f1ada Feli).<\/span><\/span><\/p>\n<p style=\"text-align: justify;\" mce_style=\"text-align: justify;\">\n<p style=\"text-align: justify;\" mce_style=\"text-align: justify;\"><span style=\"font-size: medium;\" mce_style=\"font-size: medium;\"><span style=\"font-family: verdana, geneva;\" mce_style=\"font-family: verdana, geneva;\"><span style=\"white-space:pre\" mce_style=\"white-space:pre\">\t<\/span>En el a\u00f1o 1987, la Sociedad Cervantina de Esquivias le distingui\u00f3 como \u00abQuijote del A\u00f1o\u00bb, m\u00e1ximo galard\u00f3n que otorga esta Asociaci\u00f3n Cultural a personas f\u00edsicas y\/o entidades, que trabajan o desarrollan su actividad en defensa del cervantismo, de la Sociedad Cervantina o del pueblo de Esquivias, indistintamente, como as\u00ed lo hizo Jos\u00e9 Rosell Villasevil desde el momento de convertirse en su asiduo visitante.<\/span><\/span><\/p>\n<p style=\"text-align: justify;\" mce_style=\"text-align: justify;\">\n<p style=\"text-align: center;\" mce_style=\"text-align: center;\"><img loading=\"lazy\" decoding=\"async\" class=\" size-full wp-image-2556 size-full wp-image-2556\" src=\"http:\/\/www.cervantinaesquivias.org\/wordpress\/wp-content\/uploads\/2018\/07\/rosell-04-local.jpg\" mce_src=\"http:\/\/www.cervantinaesquivias.org\/wordpress\/wp-content\/uploads\/2018\/07\/rosell-04-local.jpg\" alt=\"alt\" width=\"709\" height=\"531\" srcset=\"http:\/\/www.cervantinaesquivias.org\/wordpress\/wp-content\/uploads\/2018\/07\/rosell-04-local.jpg 709w, http:\/\/www.cervantinaesquivias.org\/wordpress\/wp-content\/uploads\/2018\/07\/rosell-04-local-300x225.jpg 300w\" sizes=\"auto, (max-width: 709px) 100vw, 709px\" \/><\/p>\n<p style=\"text-align: center;\" mce_style=\"text-align: center;\"><span style=\"font-size: small;\" mce_style=\"font-size: small;\"><span style=\"font-family: verdana, geneva;\" mce_style=\"font-family: verdana, geneva;\">(Local Social de la Sociedad Cervantina de Esquivias)<\/span><\/span><\/p>\n<p style=\"text-align: justify;\" mce_style=\"text-align: justify;\">\n<p style=\"text-align: justify;\" mce_style=\"text-align: justify;\"><span style=\"font-size: medium;\" mce_style=\"font-size: medium;\"><span style=\"font-family: verdana, geneva;\" mce_style=\"font-family: verdana, geneva;\"><span style=\"white-space:pre\" mce_style=\"white-space:pre\">\t<\/span>Nueve a\u00f1os despu\u00e9s, en 1996, la Asamblea General de la Sociedad Cervantina de Esquivias, por unanimidad, lo eligi\u00f3 como su Presidente, labor que ha desarrollado desde esa fecha con m\u00e1s inter\u00e9s, si es que esto hubiera sido posible, puesto que Jos\u00e9 Rosell siempre ha puesto el alma en la defensa del cervantismo esquiviano.<\/span><\/span><\/p>\n<p style=\"text-align: center;\" mce_style=\"text-align: center;\">\n<p style=\"text-align: center;\" mce_style=\"text-align: center;\"><img loading=\"lazy\" decoding=\"async\" class=\" size-full wp-image-2557 size-full wp-image-2557\" src=\"http:\/\/www.cervantinaesquivias.org\/wordpress\/wp-content\/uploads\/2018\/07\/rosell-05-blanes.jpg\" mce_src=\"http:\/\/www.cervantinaesquivias.org\/wordpress\/wp-content\/uploads\/2018\/07\/rosell-05-blanes.jpg\" alt=\"alt\" width=\"709\" height=\"531\" srcset=\"http:\/\/www.cervantinaesquivias.org\/wordpress\/wp-content\/uploads\/2018\/07\/rosell-05-blanes.jpg 709w, http:\/\/www.cervantinaesquivias.org\/wordpress\/wp-content\/uploads\/2018\/07\/rosell-05-blanes-300x225.jpg 300w\" sizes=\"auto, (max-width: 709px) 100vw, 709px\" \/><\/p>\n<p style=\"text-align: center;\" mce_style=\"text-align: center;\"><span style=\"font-size: small;\" mce_style=\"font-size: small;\"><span style=\"font-family: verdana, geneva;\" mce_style=\"font-family: verdana, geneva;\">(Parte de la colecci\u00f3n de dibujos a todo color de Blanes Aracil).<\/span><\/span><\/p>\n<p style=\"text-align: center;\" mce_style=\"text-align: center;\">\n<p style=\"text-align: justify;\" mce_style=\"text-align: justify;\"><span style=\"font-size: medium;\" mce_style=\"font-size: medium;\"><span style=\"font-family: verdana, geneva;\" mce_style=\"font-family: verdana, geneva;\"><span style=\"white-space:pre\" mce_style=\"white-space: pre;\">\t<\/span>La amistad que uni\u00f3 a Jos\u00e9 Rosell Villasevil con el pintor toledano Blanes Aracil, hizo que, en primera instancia, \u00e9ste donara una colecci\u00f3n de dibujos a la Sociedad Cervantina de Esquivias. Dicha colecci\u00f3n fue cedida al Ayuntamiento de Esquivias para ser exhibida en el Museo-Casa de Cervantes.<\/span><\/span><\/p>\n<p style=\"text-align: justify;\" mce_style=\"text-align: justify;\"><span style=\"font-size: medium;\" mce_style=\"font-size: medium;\"><span style=\"font-family: verdana, geneva;\" mce_style=\"font-family: verdana, geneva;\"><span style=\"white-space:pre\" mce_style=\"white-space: pre;\">\t<\/span>Posteriormente, Blanes Aracil compuso una nueva colecci\u00f3n de dibujos sobre cada uno de los cap\u00edtulos del Quijote de su primera parte, a todo color, que tambi\u00e9n don\u00f3 a la Sociedad Cervantina, hall\u00e1ndose dicha colecci\u00f3n en el Local Social de esta Asociaci\u00f3n.<\/span><\/span><\/p>\n<p style=\"text-align: justify;\" mce_style=\"text-align: justify;\"><span style=\"font-size: medium;\" mce_style=\"font-size: medium;\"><span style=\"font-family: verdana, geneva;\" mce_style=\"font-family: verdana, geneva;\"><br \/>\n<\/span><\/span><\/p>\n<p style=\"text-align: center;\" mce_style=\"text-align: center;\">\n<p style=\"text-align: justify;\" mce_style=\"text-align: justify;\"><span style=\"font-size: medium;\" mce_style=\"font-size: medium;\"><span style=\"font-family: verdana, geneva;\" mce_style=\"font-family: verdana, geneva;\"><span style=\"white-space:pre\" mce_style=\"white-space:pre\">\t<\/span>Las muestras de afecto no tardaron en llegar a la Sociedad Cervantina, lamentando el fallecimiento de su Presidente, Jos\u00e9 Rosell; prueba de ello, son los art\u00edculos que sus amigos y admiradores hicieron llegar a esta Asociaci\u00f3n Cultural, parte de los cuales reproducimos a continuaci\u00f3n:<\/span><\/span><\/p>\n<p style=\"text-align: justify;\" mce_style=\"text-align: justify;\">\n<p style=\"text-align: justify;\" mce_style=\"text-align: justify;\">\n<p style=\"text-align: justify;\" mce_style=\"text-align: justify;\"><span style=\"font-size: medium;\" mce_style=\"font-size: medium;\"><span style=\"font-family: verdana, geneva;\" mce_style=\"font-family: verdana, geneva;\"><span style=\"white-space:pre\" mce_style=\"white-space:pre\">\t<\/span><b>Jos\u00e9 Antonio Hern\u00e1ndez de la Moya<\/b>, Director General de RTVE de Castilla la Mancha, escrib\u00eda:&nbsp;<\/span><\/span><\/p>\n<p style=\"text-align: justify;\" mce_style=\"text-align: justify;\"><span style=\"font-size: medium;\" mce_style=\"font-size: medium;\"><span style=\"font-family: verdana, geneva;\" mce_style=\"font-family: verdana, geneva;\"><b><span style=\"white-space:pre\" mce_style=\"white-space:pre\">\t<\/span>\u00abMi amigo Rosell\u00bb<\/b>:<\/span><\/span><\/p>\n<p style=\"text-align: justify;\" mce_style=\"text-align: justify;\"><span style=\"font-size: medium;\" mce_style=\"font-size: medium;\"><span style=\"font-family: verdana, geneva;\" mce_style=\"font-family: verdana, geneva;\"><span style=\"white-space:pre\" mce_style=\"white-space:pre\">\t<\/span>\u00abDice la letra de una m\u00fasica popular que: \u00abalgo se muere en el alma cuando un amigo se va y va dejando una huella que no se puede borrar\u00bb. Este mismo sentimiento es el que hoy me embarga a mi con la partida de este mundo, de mi amigo Jos\u00e9 Rosell Villasevil.<\/span><\/span><\/p>\n<p style=\"text-align: justify;\" mce_style=\"text-align: justify;\">\n<p style=\"text-align: center;\" mce_style=\"text-align: center;\"><img loading=\"lazy\" decoding=\"async\" class=\" size-full wp-image-2558 size-full wp-image-2558\" src=\"http:\/\/www.cervantinaesquivias.org\/wordpress\/wp-content\/uploads\/2018\/07\/rosell-06.jpg\" mce_src=\"http:\/\/www.cervantinaesquivias.org\/wordpress\/wp-content\/uploads\/2018\/07\/rosell-06.jpg\" alt=\"alt\" width=\"709\" height=\"399\" srcset=\"http:\/\/www.cervantinaesquivias.org\/wordpress\/wp-content\/uploads\/2018\/07\/rosell-06.jpg 709w, http:\/\/www.cervantinaesquivias.org\/wordpress\/wp-content\/uploads\/2018\/07\/rosell-06-300x169.jpg 300w\" sizes=\"auto, (max-width: 709px) 100vw, 709px\" \/><\/p>\n<p style=\"text-align: center;\" mce_style=\"text-align: center;\"><span style=\"font-size: small;\" mce_style=\"font-size: small;\"><span style=\"font-family: verdana, geneva;\" mce_style=\"font-family: verdana, geneva;\">(Jos\u00e9 Rosell en una locuci\u00f3n en RNE R5 Todo Noticias, con su Director, Jos\u00e9 Antonio Hern\u00e1ndez,&nbsp;<\/span><\/span><span style=\"font-family: verdana, geneva; font-size: small;\" mce_style=\"font-family: verdana, geneva; font-size: small;\">sobre el programa \u00abMinutos Cervantinos\u00bb)<\/span><\/p>\n<p style=\"text-align: justify;\" mce_style=\"text-align: justify;\"><span style=\"font-size: medium;\" mce_style=\"font-size: medium;\"><span style=\"font-family: verdana, geneva;\" mce_style=\"font-family: verdana, geneva;\"><span style=\"white-space:pre\" mce_style=\"white-space:pre\">\t<\/span>Mi amigo Jos\u00e9 Rosell era un joven de esp\u00edritu de 86 a\u00f1os de edad, nacido en Bargas, un entra\u00f1able pueblo de Toledo. Una abuela le infundi\u00f3 el amor por la lectura y con siete a\u00f1os ley\u00f3 su primer libro: \u00abLa abeja Maya\u00bb. Con diez a\u00f1os ya se atrev\u00eda con \u00abLa Il\u00edada\u00bb de Homero, y con El Quijote, de Cervantes, del que se sinti\u00f3 atra\u00eddo como un im\u00e1n. En cierta ocasi\u00f3n me confes\u00f3 que en su larga vida hab\u00eda hecho de todo, como su admirado Cervantes; en su caso, desde cuidar puercos hasta pronunciar eruditas e inolvidables conferencias como cervantista, ante ilustr\u00edsimos personajes.<\/span><\/span><\/p>\n<p style=\"text-align: justify;\" mce_style=\"text-align: justify;\"><span style=\"font-size: medium;\" mce_style=\"font-size: medium;\"><span style=\"font-family: verdana, geneva;\" mce_style=\"font-family: verdana, geneva;\"><span style=\"white-space:pre\" mce_style=\"white-space:pre\">\t<\/span>Se podr\u00eda decir que mi amigo Rosell fue un hombre hecho a si mismo. Durante muchos a\u00f1os llev\u00f3 con orgullo y dedicaci\u00f3n la representaci\u00f3n de la Sociedad Cervantina de Esquivias, una instituci\u00f3n creada para seguir avivando el fuego del legado vital y literario inconmensurable del Pr\u00edncipe de los Ingenios.<\/span><\/span><\/p>\n<p style=\"text-align: justify;\" mce_style=\"text-align: justify;\"><span style=\"font-size: medium;\" mce_style=\"font-size: medium;\"><span style=\"font-family: verdana, geneva;\" mce_style=\"font-family: verdana, geneva;\"><span style=\"white-space:pre\" mce_style=\"white-space:pre\">\t<\/span>Jos\u00e9 Rosell no vivi\u00f3 de la pluma, pero la tom\u00f3 cuando fue menester, para dar a conocer al mundo su amor por Cervantes y el apostolado que \u00e9l cre\u00eda necesario hacer de su mensaje universal. Sus obras \u00abCervantes, pintor de la palabra\u00bb, \u00abMi amigo Sancho\u00bb o el trabajo de investigaci\u00f3n period\u00edstica \u00abSencillamente Cervantes\u00bb, responden a este prop\u00f3sito. Y aunque nunca lo busc\u00f3, obtuvo diversos premios y reconocimientos literarios. hasta el momento de su partida, que quiz\u00e1s oteaba ya pr\u00f3xima, su visi\u00f3n vitalista y cervantina de la vida le empujaba, cada d\u00eda, con el esp\u00edritu y la pasi\u00f3n de un joven explorador de lo ignoto, a participar en programas de radio y televisi\u00f3n, prensa y revistas especializadas, y a seguir impartiendo conferencias y organizar eventos relacionados con el mundo cervantino.<\/span><\/span><\/p>\n<p style=\"text-align: justify;\" mce_style=\"text-align: justify;\"><span style=\"font-size: medium;\" mce_style=\"font-size: medium;\"><span style=\"font-family: verdana, geneva;\" mce_style=\"font-family: verdana, geneva;\"><span style=\"white-space:pre\" mce_style=\"white-space:pre\">\t<\/span>En uno de nuestros programas radiof\u00f3nicos en Radio Nacional de Espa\u00f1a \u00abMinutos Cervantinos\u00bb, le pregunt\u00e9 \u00bfQue te ha dado Cervantes, Jos\u00e9?. Me respondi\u00f3 con la tranquilidad y la sencillez que le caracterizaban: \u00abPodr\u00eda estar hablando un d\u00eda entero de lo que me ha dado Cervantes, pero la radio exige una cronometr\u00eda exacta. De una forma resumida te dir\u00e9 que Cervantes me ense\u00f1\u00f3 los principios b\u00e1sicos de la verdad y de la raz\u00f3n, entre los que se encuentran temer a Dios, porque en el temerle est\u00e1 la sabidur\u00eda, y el principio socr\u00e1tico profundo del \u00abCon\u00f3cete a ti mismo\u00bb, porque de este conocimiento saldr\u00e1 \u00abno hincharte como la rana que quiso compararse con el buey\u00bb.<\/span><\/span><\/p>\n<p style=\"text-align: justify;\" mce_style=\"text-align: justify;\"><span style=\"font-size: medium;\" mce_style=\"font-size: medium;\"><span style=\"font-family: verdana, geneva;\" mce_style=\"font-family: verdana, geneva;\"><span style=\"white-space:pre\" mce_style=\"white-space:pre\">\t<\/span>Se dice que amamos lo que conocemos. De Jos\u00e9 Rosell recib\u00ed el grandioso regalo de conocer a Cervantes y su obra inmortal, por el que le estar\u00e9 eternamente agradecido. Hoy, tras conocerle, gracias a la eminente erudici\u00f3n cervantina de mi amgio Rosell, me seduce todo de \u00e9l. Por supuesto su insuperable obra literaria, especialmente la que representa \u00abEl Quijote\u00bb que, hasta el momento -seg\u00fan el escritor ruso Dostoyevski-, es \u00abla m\u00e1s grande y \u00faltima palabra de la mente humana\u00bb, pero tambi\u00e9n su extraordinario modo de afrontar sus momentos finales, una exquisita muestra de su genio y conmovedora expresi\u00f3n autobiogr\u00e1fica.<\/span><\/span><\/p>\n<p style=\"text-align: justify;\" mce_style=\"text-align: justify;\"><span style=\"font-size: medium;\" mce_style=\"font-size: medium;\"><span style=\"font-family: verdana, geneva;\" mce_style=\"font-family: verdana, geneva;\"><span style=\"white-space:pre\" mce_style=\"white-space:pre\">\t<\/span>Me conmov\u00edan las \u00faltimas palabras de Cervantes, entresacadas de la carta que remiti\u00f3 a su protector, el Conde de Lemos, a mediados de abril de 1616 y que, pronunciadas por mi amigo Rosell, siempre me sonaban a m\u00fasica celestial: <i>\u00abPuesto ya el pie en el estribo, con las ansias de la muerte, gran se\u00f1or, \u00e9sta te escribo (&#8230;.) Ayer me dieron la extremaunci\u00f3n, y hoy escribo \u00e9sta (&#8230;.) El tiempo es breve, las ansias crecen, las esperanzas menguan (&#8230;.) Mi vida se va acabando, y, al paso de la efem\u00e9rides de mis pulsos que, a m\u00e1s tardar, acabar\u00e1n su carrera este domingo, acabar\u00e9 yo la mi vida. (&#8230;.) \u00a1Adi\u00f3s, gracias. Adi\u00f3s, donaires. Adi\u00f3s, regocijados amigos. Que yo me voy muriendo, y deseando veros presto contentos en la otra vida\u00a1\u00bb.<\/i><\/span><\/span><\/p>\n<p style=\"text-align: justify;\" mce_style=\"text-align: justify;\"><span style=\"font-size: medium;\" mce_style=\"font-size: medium;\"><span style=\"font-family: verdana, geneva;\" mce_style=\"font-family: verdana, geneva;\"><span style=\"white-space: pre;\" mce_style=\"white-space: pre;\">\t<\/span>Estoy convencido de que mi amigo Jos\u00e9 Rosell hoy ya est\u00e1 en el para\u00edso, junto a su admirado Cervantes y toda la corte de \u00e1ngeles celestiales. Y ello me reconforta. Pero, como dice esa letra de la canci\u00f3n a la que me he referido al inicio de estas mis sentidas coplas a la muerte de mi amigo: \u00abEse vac\u00edo que deja el amigo que se va es como un pozo sin fondo que no se vuelve a llenar\u00bb.<\/span><\/span><\/p>\n<p style=\"text-align: center;\" mce_style=\"text-align: center;\"><span style=\"font-size: medium;\" mce_style=\"font-size: medium;\"><span style=\"font-family: verdana, geneva;\" mce_style=\"font-family: verdana, geneva;\">Jos\u00e9 Antonio Hern\u00e1ndez.<\/span><\/span><\/p>\n<p style=\"text-align: center;\" mce_style=\"text-align: center;\"><span style=\"font-size: medium;\" mce_style=\"font-size: medium;\"><span style=\"font-family: verdana, geneva;\" mce_style=\"font-family: verdana, geneva;\"><br \/>\n<\/span><\/span><\/p>\n<p style=\"text-align: center;\" mce_style=\"text-align: center;\">\n<p style=\"text-align: center;\" mce_style=\"text-align: center;\"><img loading=\"lazy\" decoding=\"async\" class=\" size-full wp-image-2559 size-full wp-image-2559\" src=\"http:\/\/www.cervantinaesquivias.org\/wordpress\/wp-content\/uploads\/2018\/07\/rosell-07.jpg\" mce_src=\"http:\/\/www.cervantinaesquivias.org\/wordpress\/wp-content\/uploads\/2018\/07\/rosell-07.jpg\" alt=\"alt\" width=\"620\" height=\"349\" srcset=\"http:\/\/www.cervantinaesquivias.org\/wordpress\/wp-content\/uploads\/2018\/07\/rosell-07.jpg 620w, http:\/\/www.cervantinaesquivias.org\/wordpress\/wp-content\/uploads\/2018\/07\/rosell-07-300x169.jpg 300w\" sizes=\"auto, (max-width: 620px) 100vw, 620px\" \/><\/p>\n<p style=\"text-align: center;\" mce_style=\"text-align: center;\">\n<p style=\"text-align: center;\" mce_style=\"text-align: center;\">\n<p style=\"text-align: justify;\" mce_style=\"text-align: justify;\"><span style=\"font-size: medium;\" mce_style=\"font-size: medium;\"><span style=\"font-family: verdana, geneva;\" mce_style=\"font-family: verdana, geneva;\"><span style=\"white-space:pre\" mce_style=\"white-space:pre\">\t<\/span><b>Emilio Maganto Pav\u00f3n<\/b>, Ur\u00f3golo jubilado, investigador, cervantista y escritor, escrib\u00eda:<\/span><\/span><\/p>\n<p style=\"text-align: justify;\" mce_style=\"text-align: justify;\"><span style=\"font-size: medium;\" mce_style=\"font-size: medium;\"><span style=\"font-family: verdana, geneva;\" mce_style=\"font-family: verdana, geneva;\"><span style=\"white-space:pre\" mce_style=\"white-space:pre\">\t<\/span><b>\u00abDon Jos\u00e9 Rosell: Un ejemplo de cervantista singular\u00bb.<\/b><\/span><\/span><\/p>\n<p style=\"text-align: justify;\" mce_style=\"text-align: justify;\"><span style=\"font-size: medium;\" mce_style=\"font-size: medium;\"><span style=\"font-family: verdana, geneva;\" mce_style=\"font-family: verdana, geneva;\"><span style=\"white-space:pre\" mce_style=\"white-space:pre\">\t<\/span>\u00abCon el fallecimiento de don Jos\u00e9 Rosell Villasevil, el cervantismo ha perdido a uno de sus m\u00e1s representativos valedores y quiz\u00e1s la figura m\u00e1s entra\u00f1able y querida en el \u00e1mbito del conocimiento y divulgaci\u00f3n de la vida y obra de Miguel de Cervantes.<\/span><\/span><\/p>\n<p style=\"text-align: justify;\" mce_style=\"text-align: justify;\"><span style=\"font-size: medium;\" mce_style=\"font-size: medium;\"><span style=\"font-family: verdana, geneva;\" mce_style=\"font-family: verdana, geneva;\"><span style=\"white-space:pre\" mce_style=\"white-space:pre\">\t<\/span>Gran comunicador y, pese a su edad, dotado de una memoria excepcional y un verbo f\u00e1cil, era capaz de recitar y comentar cualquier pasaje del Quijote, por complejo que fuera, adornando sus palabras con esa belleza y amenidad que solo los elegidos, o los verdaderos conocedores del asunto tratado, son capaces de transmitir a la audiencia en sus charlas o conferencias.<\/span><\/span><\/p>\n<p style=\"text-align: justify;\" mce_style=\"text-align: justify;\"><span style=\"font-size: medium;\" mce_style=\"font-size: medium;\"><span style=\"font-family: verdana, geneva;\" mce_style=\"font-family: verdana, geneva;\"><span style=\"white-space:pre\" mce_style=\"white-space:pre\">\t<\/span>Tampoco sus escritos y art\u00edculos en revistas, o en el diario ABC, desmerecieron nunca en el panorama cr\u00edtico y bibliogr\u00e1fico espa\u00f1ol, llegando a ser, durante las dos \u00faltimas d\u00e9cadas, un referente en la difusi\u00f3n period\u00edstica del gran legado cervantino.<\/span><\/span><\/p>\n<p style=\"text-align: justify;\" mce_style=\"text-align: justify;\"><span style=\"font-size: medium;\" mce_style=\"font-size: medium;\"><span style=\"font-family: verdana, geneva;\" mce_style=\"font-family: verdana, geneva;\"><span style=\"white-space:pre\" mce_style=\"white-space:pre\">\t<\/span>Seguidor incondicional de Luis Astrana Mar\u00edn, fue defensor a ultranza de su biograf\u00eda documentada de Cervantes. De ah\u00ed que su empuje y su incansable censura a los que, indebidamente, pretenden apropiarse de determinados derechos inalienables en torno a la vida del Manco de Lepanto, siga despertando, entre los que tuvimos el honor de tratarle, el m\u00e1s sincero y respetuoso reconocimiento.<\/span><\/span><\/p>\n<p style=\"text-align: justify;\" mce_style=\"text-align: justify;\"><span style=\"font-size: medium;\" mce_style=\"font-size: medium;\"><span style=\"font-family: verdana, geneva;\" mce_style=\"font-family: verdana, geneva;\"><span style=\"white-space:pre\" mce_style=\"white-space:pre\">\t<\/span>Es posible que los vecinos de Esquivias lamenten haberse quedado sin su m\u00e1s fiel palad\u00edn, pero seguro que sentir\u00e1n mucho m\u00e1s, como lo he sentido yo, haber perdido a un verdadero maestro, cuya tenaz labor en pro de la educaci\u00f3n y la cultura es un ejemplo a seguir. Descanse en paz\u00bb.<\/span><\/span><\/p>\n<p style=\"text-align: center;\" mce_style=\"text-align: center;\"><span style=\"font-size: medium;\" mce_style=\"font-size: medium;\"><span style=\"font-family: verdana, geneva;\" mce_style=\"font-family: verdana, geneva;\">Emilio Maganto Pav\u00f3n.<\/span><\/span><\/p>\n<p style=\"text-align: center;\" mce_style=\"text-align: center;\">\n<p style=\"text-align: center;\" mce_style=\"text-align: center;\">\n<p style=\"text-align: center;\" mce_style=\"text-align: center;\">\n<p style=\"text-align: center;\" mce_style=\"text-align: center;\"><img loading=\"lazy\" decoding=\"async\" class=\" size-full wp-image-2560 size-full wp-image-2560\" src=\"http:\/\/www.cervantinaesquivias.org\/wordpress\/wp-content\/uploads\/2018\/07\/rosell-08-.jpg\" mce_src=\"http:\/\/www.cervantinaesquivias.org\/wordpress\/wp-content\/uploads\/2018\/07\/rosell-08-.jpg\" alt=\"alt\" width=\"425\" height=\"776\" srcset=\"http:\/\/www.cervantinaesquivias.org\/wordpress\/wp-content\/uploads\/2018\/07\/rosell-08-.jpg 425w, http:\/\/www.cervantinaesquivias.org\/wordpress\/wp-content\/uploads\/2018\/07\/rosell-08--164x300.jpg 164w\" sizes=\"auto, (max-width: 425px) 100vw, 425px\" \/><\/p>\n<p style=\"text-align: center;\" mce_style=\"text-align: center;\"><span style=\"font-size: small;\" mce_style=\"font-size: small;\"><span style=\"font-family: verdana, geneva;\" mce_style=\"font-family: verdana, geneva;\">(Jos\u00e9 Rosell dirigi\u00e9ndose al p\u00fablico, como siempre \u00absin papeles\u00bb).<\/span><\/span><\/p>\n<p style=\"text-align: center;\" mce_style=\"text-align: center;\">\n<p style=\"text-align: center;\" mce_style=\"text-align: center;\">\n<p style=\"text-align: center;\" mce_style=\"text-align: center;\">\n<p style=\"text-align: justify;\" mce_style=\"text-align: justify;\"><span style=\"font-size: medium;\" mce_style=\"font-size: medium;\"><span style=\"font-family: verdana, geneva;\" mce_style=\"font-family: verdana, geneva;\"><span style=\"white-space:pre\" mce_style=\"white-space:pre\">\t<\/span><b>Antonio L\u00e1zaro<\/b>, escritor, escrib\u00eda:<\/span><\/span><\/p>\n<p style=\"text-align: justify;\" mce_style=\"text-align: justify;\"><span style=\"font-size: medium;\" mce_style=\"font-size: medium;\"><span style=\"font-family: verdana, geneva;\" mce_style=\"font-family: verdana, geneva;\"><span style=\"white-space:pre\" mce_style=\"white-space:pre\">\t<\/span><b>\u00abPepe Rosell, rumbo a Cervantes y a Don Quijote\u00bb<\/b><\/span><\/span><\/p>\n<p style=\"text-align: justify;\" mce_style=\"text-align: justify;\"><span style=\"font-size: medium;\" mce_style=\"font-size: medium;\"><span style=\"font-family: verdana, geneva;\" mce_style=\"font-family: verdana, geneva;\"><span style=\"white-space:pre\" mce_style=\"white-space:pre\">\t<\/span>\u00abLa desolaci\u00f3n es un p\u00e1ramo ardiente de d\u00eda, tenebroso de noche: como estos d\u00edas atroces de can\u00edcula que nos encojen el \u00e1nimo y nos abrasan los sesos a los hijos de la estepa. La c\u00e1bala, el buen y mal amor, las andanzas de un quim\u00e9rico hidalgo fuera de \u00e9poca, todas las grandes genialidades, las cosas maravillosas fruto del ingenio castellano acaso no hubieran sido posibles sin este clima extremo, despiadado. Pero la desolaci\u00f3n crece con la triste nueva del fallecimiento de un amigo grande y noble, un enamorado de la vida al que le lleg\u00f3 la n\u00e9mesis en estos d\u00edas de junio rayanos con lo inhumano<\/span><\/span><\/p>\n<p style=\"text-align: justify;\" mce_style=\"text-align: justify;\"><span style=\"font-size: medium;\" mce_style=\"font-size: medium;\"><span style=\"font-family: verdana, geneva;\" mce_style=\"font-family: verdana, geneva;\"><span style=\"white-space:pre\" mce_style=\"white-space:pre\">\t<\/span>Hasta el \u00faltimo momento trabaj\u00f3 en sus proyectos porque seguro estoy de que Pepe visit\u00f3 el despacho de su casa en Bargas, incluso el d\u00eda en que hubo de ser ingresado. Empe\u00f1ado en un l\u00facido trabajo, que habr\u00e1 de ver la luz p\u00f3stumamente como el mismo Persiles, en torno a la novela p\u00f3stuma de Cervantes. Los trabajos de Persiles y Sigismunda, cuyo centenario se celebra este a\u00f1o. Pepe hab\u00eda rematado una serie de textos siguiendo la decisiva ruta del trayecto de sus personajes a trav\u00e9s de la actual Castilla-La Mancha: Talavera de la Reina, Toledo y la Sagra, Oca\u00f1a, Quintanar de la Orden, La Mancha Alta, La Manchuela y el paso a Valencia por el Cabriel. Como siempre, proponiendo una nueva ruta de turismo cultural y literario para su amada regi\u00f3n. Igual que hab\u00eda hecho un a\u00f1o antes recuperando en el libro \u00abCervantes y el Camino del Sur\u00bb, presentado en Fitur en el stand de la Junta de Comunidades, la verdadera ruta o camino real de Madrid a Sevilla que tantas veces hizo Cervantes y que hace Don Quijote en la primera parte de la novela: por Ciudad Real, Almod\u00f3var y Puertollano a trav\u00e9s del Valle de Alcudia, hacia C\u00f3rdoba, y no por Despe\u00f1aperros, que no se abri\u00f3 hasta el siglo XVIII.<\/span><\/span><\/p>\n<p style=\"text-align: justify;\" mce_style=\"text-align: justify;\"><span style=\"font-size: medium;\" mce_style=\"font-size: medium;\"><span style=\"font-family: verdana, geneva;\" mce_style=\"font-family: verdana, geneva;\"><span style=\"white-space:pre\" mce_style=\"white-space:pre\">\t<\/span>Generosidad, vitalidad, alegr\u00eda de vivir. Tuve un mal p\u00e1lpito en nuestra \u00faltima conversaci\u00f3n telef\u00f3nica en la semana previa al Corpus. No se acababa de recuperar de un mal catarro del pasado invierno y lo not\u00e9, por primera vez, deca\u00eddo, sin ilusi\u00f3n, como si estuviera a punto de arrojar la toalla. Ya no podr\u00e9 llevarle la peque\u00f1a efigie de Shakespeare que le traje de recuerdo de un reciente viaje a Stratford upon Avon.&nbsp;<\/span><\/span><\/p>\n<p style=\"text-align: justify;\" mce_style=\"text-align: justify;\"><span style=\"font-size: medium;\" mce_style=\"font-size: medium;\"><span style=\"font-family: verdana, geneva;\" mce_style=\"font-family: verdana, geneva;\"><span style=\"white-space:pre\" mce_style=\"white-space:pre\">\t<\/span>En mi trayectoria como escritor, solo encontr\u00e9 en \u00e9l, como otros autores de la tierra, apoyo y comprensi\u00f3n, hasta mi reciente novela, \u00abLos a\u00f1os dorados\u00bb, que rese\u00f1\u00f3 en ABC con generosa columna. Nunca olvidar\u00e9 su presentaci\u00f3n, junto a \u00c1ngel Felpeto, entonces Vicealcalde de Toledo y concejal de Cultura, en la Casa Consistorial toledana, de mi novela dedicada a Juanelo Turriano. \u00abMemorias de un hombre de palo\u00bb. Por mi parte, tuve el placer de coordinar la edici\u00f3n de su libro Amigo Sancho, en 2009, en la etapa en que dirig\u00ed el Servicio de Publicaciones de Castilla-La Mancha. Una deliciosa recopilaci\u00f3n de sus art\u00edculos dedicados a temas quijotescos y cervantinos.<\/span><\/span><\/p>\n<p style=\"text-align: justify;\" mce_style=\"text-align: justify;\"><span style=\"font-size: medium;\" mce_style=\"font-size: medium;\"><span style=\"font-family: verdana, geneva;\" mce_style=\"font-family: verdana, geneva;\"><span style=\"white-space:pre\" mce_style=\"white-space:pre\">\t<\/span>Hay que decir que Rosell fue un autodidacta pero un autodidacta enciclop\u00e9dico. Su visi\u00f3n de Cervantes era total y plural. No conoc\u00eda El Quijote, lo viv\u00eda hasta la m\u00e9dula, lo compart\u00eda, lo transmit\u00eda. En los dos a\u00f1os de la efem\u00e9rides de la edici\u00f3n (2005-2015), trat\u00e9 de transmitir la idea de que el mejor m\u00e9todo para promover la lectura de la novela, verdadero objetivo de toda celebraci\u00f3n al respecto, habr\u00eda sido comisionar a Pepe para que hablase de ella en una gozosa peregrinaci\u00f3n por los colegios e institutos de Castilla-La Mancha.<\/span><\/span><\/p>\n<p style=\"text-align: justify;\" mce_style=\"text-align: justify;\"><span style=\"font-size: medium;\" mce_style=\"font-size: medium;\"><span style=\"font-family: verdana, geneva;\" mce_style=\"font-family: verdana, geneva;\"><span style=\"white-space:pre\" mce_style=\"white-space:pre\">\t<\/span>Porque teniendo la m\u00e1xima erudici\u00f3n, nunca fue un erudito al uso. Era un conferenciante, un charlista, \u00fanico e inimitable. Seductor del p\u00fablico, capaz de improvisar una disertaci\u00f3n sin papel ni gui\u00f3n alguno por m\u00e1s de una hora. Por el tiempo que hiciera falta.<\/span><\/span><\/p>\n<p style=\"text-align: justify;\" mce_style=\"text-align: justify;\"><span style=\"font-size: medium;\" mce_style=\"font-size: medium;\"><span style=\"font-family: verdana, geneva;\" mce_style=\"font-family: verdana, geneva;\"><span style=\"white-space:pre\" mce_style=\"white-space:pre\">\t<\/span>Y otro apunte: Pepe fue un gran animador del colectivo de poetas bargue\u00f1os. Porque era un gran rapsoda y adem\u00e1s, no solo de los versos ajenos. Tambi\u00e9n de los propios. Sus carpetas deben de estar llenas de esos poemas chispeantes, vitalistas, certeros en que recuperaba una conexi\u00f3n con la l\u00edrica popular y con nuestro inagotable romancero.<\/span><\/span><\/p>\n<p style=\"text-align: justify;\" mce_style=\"text-align: justify;\"><span style=\"font-size: medium;\" mce_style=\"font-size: medium;\"><span style=\"font-family: verdana, geneva;\" mce_style=\"font-family: verdana, geneva;\"><span style=\"white-space:pre\" mce_style=\"white-space:pre\">\t<\/span>Nuestras \u00faltimas colaboraciones, adem\u00e1s del <i>editing<\/i> del libro sobre el Persiles, han tenido como marco la sede de Radio Nacional, de Toledo, y la serie \u00abMinutos Cervantinos\u00bb, que con tanto fervor y tino conduce Jos\u00e9 Antonio Hern\u00e1ndez. Ahora, Pepe, has cruzado el umbral, has traspasado el azogue, ya llegas adonde Miguel y Alonso Quijano, m\u00e1s Quijote que nunca, y el bueno de Sancho te esperan: un mes\u00f3n lleno de jacarandosas maritornes, verdaderas princesas, y jarras de ese buen vino de la tierra que siempre te gust\u00f3. \u00a1Salud, amigo y maestro\u00a1\u00bb.<\/span><\/span><\/p>\n<p style=\"text-align: center;\" mce_style=\"text-align: center;\"><span style=\"font-size: medium;\" mce_style=\"font-size: medium;\"><span style=\"font-family: verdana, geneva;\" mce_style=\"font-family: verdana, geneva;\">Antonio L\u00e1zaro.<\/span><\/span><\/p>\n<p style=\"text-align: center;\" mce_style=\"text-align: center;\">\n<p style=\"text-align: center;\" mce_style=\"text-align: center;\"><span style=\"font-size: medium;\" mce_style=\"font-size: medium;\"><span style=\"font-family: verdana, geneva;\" mce_style=\"font-family: verdana, geneva;\"><br \/>\n<\/span><\/span><\/p>\n<p style=\"text-align: center;\" mce_style=\"text-align: center;\">\n<p style=\"text-align: center;\" mce_style=\"text-align: center;\"><img loading=\"lazy\" decoding=\"async\" class=\" size-full wp-image-2561 size-full wp-image-2561\" src=\"http:\/\/www.cervantinaesquivias.org\/wordpress\/wp-content\/uploads\/2018\/07\/rosell-09-actor.jpg\" mce_src=\"http:\/\/www.cervantinaesquivias.org\/wordpress\/wp-content\/uploads\/2018\/07\/rosell-09-actor.jpg\" alt=\"alt\" width=\"425\" height=\"321\" srcset=\"http:\/\/www.cervantinaesquivias.org\/wordpress\/wp-content\/uploads\/2018\/07\/rosell-09-actor.jpg 425w, http:\/\/www.cervantinaesquivias.org\/wordpress\/wp-content\/uploads\/2018\/07\/rosell-09-actor-300x227.jpg 300w\" sizes=\"auto, (max-width: 425px) 100vw, 425px\" \/><\/p>\n<p style=\"text-align: center;\" mce_style=\"text-align: center;\"><span style=\"font-size: small;\" mce_style=\"font-size: small;\"><span style=\"font-family: verdana, geneva;\" mce_style=\"font-family: verdana, geneva;\">(Escena de las Visitas Teatralizadas en la Casa de Cervantes de Esquivias, donde Jos\u00e9 Rosell encarnaba el papel del Cura Pero P\u00e9rez (Cura de la aldea de Don Quijote y, as\u00ed mismo, cura del Lugar de Esquivias a mediados sel siglo XVI), en el escrutinio de los libros de caballer\u00edas que, junto con Maese Nicol\u00e1s, el Ama y la sobrina, hicieron en la biblioteca de Alonso Quixada).<\/span><\/span><\/p>\n<p style=\"text-align: center;\" mce_style=\"text-align: center;\">\n<p style=\"text-align: center;\" mce_style=\"text-align: center;\">\n<p style=\"text-align: justify;\" mce_style=\"text-align: justify;\"><span style=\"font-size: medium;\" mce_style=\"font-size: medium;\"><span style=\"font-family: verdana, geneva;\" mce_style=\"font-family: verdana, geneva;\"><span style=\"white-space:pre\" mce_style=\"white-space:pre\">\t<\/span><b>Manuel Moreno<\/b>, public\u00f3:<\/span><\/span><\/p>\n<p style=\"text-align: justify;\" mce_style=\"text-align: justify;\"><span style=\"font-size: medium;\" mce_style=\"font-size: medium;\"><span style=\"font-family: verdana, geneva;\" mce_style=\"font-family: verdana, geneva;\"><span style=\"white-space:pre\" mce_style=\"white-space:pre\">\t<\/span><b>\u00abJos\u00e9 Rosell Villasevil, Caballero del Amor\u00bb.<\/b><\/span><\/span><\/p>\n<p style=\"text-align: justify;\" mce_style=\"text-align: justify;\"><span style=\"font-size: medium;\" mce_style=\"font-size: medium;\"><span style=\"font-family: verdana, geneva;\" mce_style=\"font-family: verdana, geneva;\"><span style=\"font-weight: bold; white-space: pre;\" mce_style=\"font-weight: bold; white-space: pre;\">\t<\/span>\u00abSe perd\u00eda por los huesos de Dulcinea, era un admirador, un esclavo, un amigo, un siervo&#8230; de Cervantes, un apasionado de Don Quijote. Jos\u00e9 Rosell Villasevil era un trovador del amor. Mi amigo Rosell ten\u00eda algo que enganchaba cuando hablaba, cuando contaba historias, cuando utilizaba la retranca. Pero cuando recitaba, \u00a1Ay, cuando recitaba\u00a1, entonces era la releche. Rosell cautivaba a hombres y a mujeres. Era un tipo, un caballero, de los que seguramente ya no quedan sobre las tierras de Alonso Quijano.<\/span><\/span><\/p>\n<p style=\"text-align: justify;\" mce_style=\"text-align: justify;\"><span style=\"font-size: medium;\" mce_style=\"font-size: medium;\"><span style=\"font-family: verdana, geneva;\" mce_style=\"font-family: verdana, geneva;\"><span style=\"white-space:pre\" mce_style=\"white-space:pre\">\t<\/span>Cervantes est\u00e1 dando palmas porque Rosell va a comerle la oreja. Don Quijote, sin embargo, est\u00e1 de muy mala leche porque llega un competidor por la lozan\u00eda de Aldonza Lorenzo. Y yo me quedo un poco apenado porque Jos\u00e9 Rosell Villasevil, \u00abel Ciego del Arrabal\u00bb, se ha ido de aventuras, siguiendo la estela del Manco de Lepanto y toda su prole\u00bb.<\/span><\/span><\/p>\n<p style=\"text-align: center;\" mce_style=\"text-align: center;\"><span style=\"font-size: medium;\" mce_style=\"font-size: medium;\"><span style=\"font-family: verdana, geneva;\" mce_style=\"font-family: verdana, geneva;\">Manuel Moreno.<\/span><\/span><\/p>\n<p style=\"text-align: center;\" mce_style=\"text-align: center;\">\n<p style=\"text-align: center;\" mce_style=\"text-align: center;\">\n<p style=\"text-align: center;\" mce_style=\"text-align: center;\">\n<p style=\"text-align: center;\" mce_style=\"text-align: center;\">\n<p style=\"text-align: center;\" mce_style=\"text-align: center;\"><img loading=\"lazy\" decoding=\"async\" class=\" size-full wp-image-2562 size-full wp-image-2562\" src=\"http:\/\/www.cervantinaesquivias.org\/wordpress\/wp-content\/uploads\/2018\/07\/rosell-10.jpg\" mce_src=\"http:\/\/www.cervantinaesquivias.org\/wordpress\/wp-content\/uploads\/2018\/07\/rosell-10.jpg\" alt=\"alt\" width=\"591\" height=\"125\" srcset=\"http:\/\/www.cervantinaesquivias.org\/wordpress\/wp-content\/uploads\/2018\/07\/rosell-10.jpg 591w, http:\/\/www.cervantinaesquivias.org\/wordpress\/wp-content\/uploads\/2018\/07\/rosell-10-300x63.jpg 300w\" sizes=\"auto, (max-width: 591px) 100vw, 591px\" \/><\/p>\n<p style=\"text-align: center;\" mce_style=\"text-align: center;\">\n<p style=\"text-align: center;\" mce_style=\"text-align: center;\">\n<p style=\"text-align: justify;\" mce_style=\"text-align: justify;\"><span style=\"font-size: medium;\" mce_style=\"font-size: medium;\"><span style=\"font-family: verdana, geneva;\" mce_style=\"font-family: verdana, geneva;\"><span style=\"white-space:pre\" mce_style=\"white-space:pre\">\t<\/span>Art\u00edculos extractados de la revista La Encina, de la Asociaci\u00f3n Santiago Apostol de Quintanar de la Orden:<\/span><\/span><\/p>\n<p style=\"text-align: justify;\" mce_style=\"text-align: justify;\"><span style=\"font-size: medium;\" mce_style=\"font-size: medium;\"><span style=\"font-family: verdana, geneva;\" mce_style=\"font-family: verdana, geneva;\"><span style=\"white-space:pre\" mce_style=\"white-space:pre\">\t<\/span><b>En el Editorial:<\/b><\/span><\/span><\/p>\n<p style=\"text-align: justify;\" mce_style=\"text-align: justify;\"><span style=\"font-size: medium;\" mce_style=\"font-size: medium;\"><span style=\"font-family: verdana, geneva;\" mce_style=\"font-family: verdana, geneva;\"><span style=\"white-space:pre\" mce_style=\"white-space:pre\">\t<\/span>\u00ab&#8230;despu\u00e9s de indicar que Jos\u00e9 Rosell fue colaborador y Premio de \u00abLa Encina\u00bb, lo aprecia como \u00abacad\u00e9mico, poeta, escritor, ameno conferenciante, prestigioso Cervantista a nivel internacional, trovador de la Mancha, Presidente de la Asociaci\u00f3n Cervantina de Esquivias, colaborador de ABC y Radio Nacional de Espa\u00f1a&#8230;\u00bb<\/span><\/span><\/p>\n<p style=\"text-align: justify;\" mce_style=\"text-align: justify;\">\n<p style=\"text-align: justify;\" mce_style=\"text-align: justify;\">\n<p style=\"text-align: justify;\" mce_style=\"text-align: justify;\"><span style=\"font-size: medium;\" mce_style=\"font-size: medium;\"><span style=\"font-family: verdana, geneva;\" mce_style=\"font-family: verdana, geneva;\"><b><span style=\"white-space:pre\" mce_style=\"white-space:pre\">\t<\/span>Marciano Ortega Molina<\/b>. Exalcalde de El Toboso:<\/span><\/span><\/p>\n<p style=\"text-align: justify;\" mce_style=\"text-align: justify;\"><span style=\"font-size: medium;\" mce_style=\"font-size: medium;\"><span style=\"font-family: verdana, geneva;\" mce_style=\"font-family: verdana, geneva;\"><span style=\"white-space:pre\" mce_style=\"white-space:pre\">\t<\/span><b>\u00abEleg\u00eda a Jos\u00e9 Rosell Villasevil, Rom\u00e1ntico y Cervantista\u00bb<\/b><\/span><\/span><\/p>\n<p style=\"text-align: justify;\" mce_style=\"text-align: justify;\"><span style=\"font-size: medium;\" mce_style=\"font-size: medium;\"><span style=\"font-family: verdana, geneva;\" mce_style=\"font-family: verdana, geneva;\"><span style=\"white-space:pre\" mce_style=\"white-space:pre\">\t<\/span>\u00ab&#8230;el Cervantes de Toledo, erguido por tus anhelos, llora\/ tu marcha porque ha perdido al eterno enamorado.\/ De Bargas a Toledo, proclamando la eternidad Cervantina.\/ Desde Esquivias a El Toboso, tu m\u00e1gica palabra nos embriagaba.\/ De Campo de Criptana a Quintanar nos envolv\u00eda tu dulce armon\u00eda.\/ Se marcha el caballero que amaba a Cervantes y adoraba su existencia.\/ Pero queda el juglar de la vida y del amor, tu esp\u00edritu cervantino pervivir\u00e1\u00bb.<\/span><\/span><\/p>\n<p style=\"text-align: center;\" mce_style=\"text-align: center;\"><span style=\"font-size: medium;\" mce_style=\"font-size: medium;\"><span style=\"font-family: verdana, geneva;\" mce_style=\"font-family: verdana, geneva;\">Marciano Ortega Molina.<\/span><\/span><\/p>\n<p style=\"text-align: center;\" mce_style=\"text-align: center;\">\n<p style=\"text-align: center;\" mce_style=\"text-align: center;\">\n<p style=\"text-align: justify;\" mce_style=\"text-align: justify;\"><span style=\"font-size: medium;\" mce_style=\"font-size: medium;\"><span style=\"font-family: verdana, geneva;\" mce_style=\"font-family: verdana, geneva;\"><span style=\"white-space:pre\" mce_style=\"white-space:pre\">\t<\/span><b>Juan G\u00f3mez D\u00edaz<\/b>, Cronista Oficial de Lillo:<\/span><\/span><\/p>\n<p style=\"text-align: justify;\" mce_style=\"text-align: justify;\"><span style=\"font-size: medium;\" mce_style=\"font-size: medium;\"><span style=\"font-family: verdana, geneva;\" mce_style=\"font-family: verdana, geneva;\"><span style=\"white-space:pre\" mce_style=\"white-space:pre\">\t<\/span><b>\u00abAl Maestro, al Amigo\u00bb<\/b><\/span><\/span><\/p>\n<p style=\"text-align: justify;\" mce_style=\"text-align: justify;\"><span style=\"font-size: medium;\" mce_style=\"font-size: medium;\"><span style=\"font-family: verdana, geneva;\" mce_style=\"font-family: verdana, geneva;\"><span style=\"white-space:pre\" mce_style=\"white-space:pre\">\t<\/span>\u00ab&#8230;fuiste t\u00fa el que me sac\u00f3 de la aldea para recorrer cap\u00edtulos y protagonizar haza\u00f1as extra\u00eddas del tintero y de la imaginaci\u00f3n sin que me olvidara del consejo cervantino: \u00abLlaneza, muchacha, no te encumbres; que toda afectaci\u00f3n es mala\u00bb (&#8230;) Gracias por inducirme a leer el Quijote, a comprender el Quijote y a estar un poco loco tratando de desparramar sus valores, sus creencias e ilusiones. Y, sobre todo, a decir con voz alta y clara: \u00abPodr\u00e1n los encantadores quitarnos la aventura, pero el esfuerzo y el \u00e1nimo ser\u00e1 imposible\u00bb.<\/span><\/span><\/p>\n<p style=\"text-align: center;\" mce_style=\"text-align: center;\"><span style=\"font-size: medium;\" mce_style=\"font-size: medium;\"><span style=\"font-family: verdana, geneva;\" mce_style=\"font-family: verdana, geneva;\">Juan G\u00f3mez D\u00edaz.<\/span><\/span><\/p>\n<p style=\"text-align: center;\" mce_style=\"text-align: center;\">\n<p style=\"text-align: center;\" mce_style=\"text-align: center;\">\n<p style=\"text-align: justify;\" mce_style=\"text-align: justify;\"><span style=\"font-size: medium;\" mce_style=\"font-size: medium;\"><span style=\"font-family: verdana, geneva;\" mce_style=\"font-family: verdana, geneva;\"><b><span style=\"white-space:pre\" mce_style=\"white-space:pre\">\t<\/span>Antonio Zaragoza Jim\u00e9rez<\/b>:<\/span><\/span><\/p>\n<p style=\"text-align: justify;\" mce_style=\"text-align: justify;\"><span style=\"font-size: medium;\" mce_style=\"font-size: medium;\"><span style=\"font-family: verdana, geneva;\" mce_style=\"font-family: verdana, geneva;\"><span style=\"white-space:pre\" mce_style=\"white-space:pre\">\t<\/span><b>\u00abRecordando al entra\u00f1able amigo Jos\u00e9 Rosell Villasevil\u00bb<\/b><\/span><\/span><\/p>\n<p style=\"text-align: justify;\" mce_style=\"text-align: justify;\"><span style=\"font-size: medium;\" mce_style=\"font-size: medium;\"><span style=\"font-family: verdana, geneva;\" mce_style=\"font-family: verdana, geneva;\"><span style=\"white-space:pre\" mce_style=\"white-space:pre\">\t<\/span>\u00abEn lo a\u00f1o 90 mi padre me habl\u00f3 de los art\u00edculos sobre acontecimientos pret\u00e9ritos de villas toledanas y manchegas, que <i>\u00abun se\u00f1or que deb\u00eda ser sabio, culto y enterado\u00bb<\/i> escrib\u00eda en ABC. El tal \u00abse\u00f1or\u00bb era Jos\u00e9 Rosell (&#8230;) una de las personas que m\u00e1s me ha sorprendido e impactado en mi vida. No solo por ser uno de los mejores cervantistas de Espa\u00f1a y del Mundo. Sino tambi\u00e9n por su gran vitalidad y su prodigiosa memoria\u00bb.<\/span><\/span><\/p>\n<p style=\"text-align: center;\" mce_style=\"text-align: center;\"><span style=\"font-size: medium;\" mce_style=\"font-size: medium;\"><span style=\"font-family: verdana, geneva;\" mce_style=\"font-family: verdana, geneva;\">Antonio Zaragoza Jim\u00e9nez.<\/span><\/span><\/p>\n<p style=\"text-align: center;\" mce_style=\"text-align: center;\">\n<p style=\"text-align: center;\" mce_style=\"text-align: center;\">\n<p><!--nextpage--><\/p>\n<p style=\"text-align: center;\" mce_style=\"text-align: center;\"><img loading=\"lazy\" decoding=\"async\" class=\" size-full wp-image-2563 size-full wp-image-2563\" src=\"http:\/\/www.cervantinaesquivias.org\/wordpress\/wp-content\/uploads\/2018\/07\/rosell-13.jpg\" mce_src=\"http:\/\/www.cervantinaesquivias.org\/wordpress\/wp-content\/uploads\/2018\/07\/rosell-13.jpg\" alt=\"alt\" width=\"709\" height=\"704\" srcset=\"http:\/\/www.cervantinaesquivias.org\/wordpress\/wp-content\/uploads\/2018\/07\/rosell-13.jpg 709w, http:\/\/www.cervantinaesquivias.org\/wordpress\/wp-content\/uploads\/2018\/07\/rosell-13-300x298.jpg 300w, http:\/\/www.cervantinaesquivias.org\/wordpress\/wp-content\/uploads\/2018\/07\/rosell-13-150x150.jpg 150w\" sizes=\"auto, (max-width: 709px) 100vw, 709px\" \/><\/p>\n<p style=\"text-align: center;\" mce_style=\"text-align: center;\">\n<p style=\"text-align: center;\" mce_style=\"text-align: center;\">\n<p style=\"text-align: center;\" mce_style=\"text-align: center;\">\n<p style=\"text-align: justify;\" mce_style=\"text-align: justify;\"><span style=\"font-size: medium;\" mce_style=\"font-size: medium;\"><span style=\"font-family: verdana, geneva;\" mce_style=\"font-family: verdana, geneva;\"><span style=\"white-space:pre\" mce_style=\"white-space:pre\">\t<\/span><b>Celia Cano Ruiz<\/b>:<\/span><\/span><\/p>\n<p style=\"text-align: justify;\" mce_style=\"text-align: justify;\"><span style=\"font-size: medium;\" mce_style=\"font-size: medium;\"><span style=\"font-family: verdana, geneva;\" mce_style=\"font-family: verdana, geneva;\"><span style=\"white-space:pre\" mce_style=\"white-space:pre\">\t<\/span><b>\u00abDon Jos\u00e9\u00bb<\/b><\/span><\/span><\/p>\n<p style=\"text-align: justify;\" mce_style=\"text-align: justify;\"><span style=\"font-size: medium;\" mce_style=\"font-size: medium;\"><span style=\"font-family: verdana, geneva;\" mce_style=\"font-family: verdana, geneva;\"><span style=\"white-space:pre\" mce_style=\"white-space:pre\">\t<\/span>\u00abLa historia de la literatura est\u00e1 llena de nombres que han escrito grandes obras, creando maravillosos personajes y contado grandilocuentes argumentos, y pocas son las personas capaces de ver esos tres elementos, unidos para poder explicarlos y vivirlos como los autores quer\u00edan que se sintieran. Don jos\u00e9 es uno de ellos, pues escuch\u00e1ndole se pod\u00eda viajar a los mundos creados por Cervantes, analizando a nuestro querido don Quijote y su fiel compa\u00f1ero Sancho Panza, entender lo que se quer\u00eda transmitir, ver lo que se escond\u00eda tras las letras que se plasmaban en el libro, y juntarlo todo para disfrutar de la lectura. De ah\u00ed que don Jos\u00e9 sea reconocido como uno de los mejores cervantistas de nuestra \u00e9poca, por todo lo que ha escrito sobre esta obra nuestra.<\/span><\/span><\/p>\n<p style=\"text-align: justify;\" mce_style=\"text-align: justify;\"><span style=\"font-size: medium;\" mce_style=\"font-size: medium;\"><span style=\"font-family: verdana, geneva;\" mce_style=\"font-family: verdana, geneva;\"><span style=\"white-space:pre\" mce_style=\"white-space:pre\">\t<\/span>En la poes\u00eda espa\u00f1ola se ha utilizado la met\u00e1fora del camino en multitud de ocasiones para hablar del paso de la vida (Jorge Manrique la utiliza en la copla V, por ejemplo), incluso Cervantes puso a su gran personaje en el camino, don Jos\u00e9 acompa\u00f1aba a don Quijote en dicho lugar, haciendo de su camino por la obra una vida de estudios y an\u00e1lisis para entender todo lo descrito, todos los sentimientos que se plasmaban a trav\u00e9s del argumento de esta obra universal.<\/span><\/span><\/p>\n<p style=\"text-align: justify;\" mce_style=\"text-align: justify;\"><span style=\"font-size: medium;\" mce_style=\"font-size: medium;\"><span style=\"font-family: verdana, geneva;\" mce_style=\"font-family: verdana, geneva;\"><span style=\"white-space:pre\" mce_style=\"white-space:pre\">\t<\/span>Cuando el personaje termina ese camino, su huella queda impert\u00e9rrita, incluso Sancho Panza, ese fiel escudero, queda atrapado por el camino e insta a don Quijote a seguir buscando a Dulcinea. Don Jos\u00e9 tambi\u00e9n ha recorrido ese camino con buenos compa\u00f1eros de trayecto a los que gustaba escuchar lo que \u00e9l explicaba, c\u00f3mo lo viv\u00eda, lo que transmit\u00eda.<\/span><\/span><\/p>\n<p style=\"text-align: justify;\" mce_style=\"text-align: justify;\"><span style=\"font-size: medium;\" mce_style=\"font-size: medium;\"><span style=\"font-family: verdana, geneva;\" mce_style=\"font-family: verdana, geneva;\"><span style=\"white-space:pre\" mce_style=\"white-space:pre\">\t<\/span>Querido Jos\u00e9, esta es mi humilde forma de expresar mi admiraci\u00f3n y reconocimiento hacia t\u00ed, hacia lo que t\u00fa has hecho y representado por esta nuestra tierra, su cultura y lo que ello representa a nivel internacional. Gracias.<\/span><\/span><\/p>\n<p style=\"text-align: center;\" mce_style=\"text-align: center;\"><span style=\"font-size: medium;\" mce_style=\"font-size: medium;\"><span style=\"font-family: verdana, geneva;\" mce_style=\"font-family: verdana, geneva;\">Celia Cano Ruiz.<\/span><\/span><\/p>\n<p style=\"text-align: justify;\" mce_style=\"text-align: justify;\"><span style=\"font-size: medium;\" mce_style=\"font-size: medium;\"><span style=\"font-family: verdana, geneva;\" mce_style=\"font-family: verdana, geneva;\"><br \/>\n<\/span><\/span><\/p>\n<p style=\"text-align: justify;\" mce_style=\"text-align: justify;\">\n<p style=\"text-align: justify;\" mce_style=\"text-align: justify;\">\n<p style=\"text-align: center;\" mce_style=\"text-align: center;\"><img loading=\"lazy\" decoding=\"async\" class=\" size-full wp-image-2564 size-full wp-image-2564\" src=\"http:\/\/www.cervantinaesquivias.org\/wordpress\/wp-content\/uploads\/2018\/07\/rosell-14.jpg\" mce_src=\"http:\/\/www.cervantinaesquivias.org\/wordpress\/wp-content\/uploads\/2018\/07\/rosell-14.jpg\" alt=\"alt\" width=\"800\" height=\"450\" srcset=\"http:\/\/www.cervantinaesquivias.org\/wordpress\/wp-content\/uploads\/2018\/07\/rosell-14.jpg 800w, http:\/\/www.cervantinaesquivias.org\/wordpress\/wp-content\/uploads\/2018\/07\/rosell-14-300x169.jpg 300w, http:\/\/www.cervantinaesquivias.org\/wordpress\/wp-content\/uploads\/2018\/07\/rosell-14-768x432.jpg 768w\" sizes=\"auto, (max-width: 800px) 100vw, 800px\" \/><\/p>\n<p style=\"text-align: center;\" mce_style=\"text-align: center;\"><span style=\"font-size: small;\" mce_style=\"font-size: small;\"><span style=\"font-family: verdana, geneva;\" mce_style=\"font-family: verdana, geneva;\">(En Acto de presentaci\u00f3n de las XXXVII Jornadas Cervantinas de Esquivias, de 2016. De izquierda a derecha, do\u00f1a Milagros del Barrio P\u00e9rez-Grueso, alcaldesa de Esquivias, Don Jos\u00e9 Rosell Villasevil y Do\u00f1a Mar\u00eda de los \u00c1ngeles Garc\u00eda, Diputada Provincial de Cultura).<\/span><\/span><\/p>\n<p style=\"text-align: center;\" mce_style=\"text-align: center;\">\n<p style=\"text-align: center;\" mce_style=\"text-align: center;\">\n<p style=\"text-align: justify;\" mce_style=\"text-align: justify;\"><span style=\"font-size: medium;\" mce_style=\"font-size: medium;\"><span style=\"font-family: verdana, geneva;\" mce_style=\"font-family: verdana, geneva;\"><span style=\"white-space:pre\" mce_style=\"white-space:pre\">\t<\/span><b>Santiago Sastre<\/b>, Acad\u00e9mico Numerario de la Real Academia de Bellas Artes y Ciencias Hist\u00f3ricas de Toledo:<\/span><\/span><\/p>\n<p style=\"text-align: justify;\" mce_style=\"text-align: justify;\"><span style=\"font-size: medium;\" mce_style=\"font-size: medium;\"><span style=\"font-family: verdana, geneva;\" mce_style=\"font-family: verdana, geneva;\"><span style=\"white-space:pre\" mce_style=\"white-space:pre\">\t<\/span><b>\u00abEn recuerdo de Rosell\u00bb<\/b><\/span><\/span><\/p>\n<p style=\"text-align: justify;\" mce_style=\"text-align: justify;\"><span style=\"font-size: medium;\" mce_style=\"font-size: medium;\"><span style=\"font-family: verdana, geneva;\" mce_style=\"font-family: verdana, geneva;\"><span style=\"white-space:pre\" mce_style=\"white-space:pre\">\t<\/span>\u00abEs curioso que se haya marchado sigilosamente un jueves de Corpus Christi, el D\u00eda de la Caridad, porque Pepe Rosell era un hombre bueno en el mejor sentido de la palabra bueno, como dir\u00eda Machado. Para sus amigos ha sido un mazazo. Llevaba ingresado desde el lunes y un proceso galopante de leucemia se lo ha llevado por delante. Yo era amigo suyo desde hace mucho tiempo.<\/span><\/span><\/p>\n<p style=\"text-align: justify;\" mce_style=\"text-align: justify;\"><span style=\"font-size: medium;\" mce_style=\"font-size: medium;\"><span style=\"font-family: verdana, geneva;\" mce_style=\"font-family: verdana, geneva;\"><span style=\"white-space:pre\" mce_style=\"white-space:pre\">\t<\/span>Pose\u00eda una oratoria impresionante, una memoria de elefante (era capaz de impartir una conferencia a pecho descubierto, sin ning\u00fan papel), con una educaci\u00f3n exquisita (con una especial galater\u00eda hacia las mujeres). Era el alma del Festival de Poetas Bargue\u00f1os que lleva celebr\u00e1ndose \u00a1Durante m\u00e1s de treinta a\u00f1os\u00a1, al que me invit\u00f3 a participar en el 2015 (la vista, su punto d\u00e9bil o su tal\u00f3n de Aquiles, ya no le alcanzaba para leer sus poemas y pidi\u00f3 a alguien del p\u00fablico que los leyera por \u00e9l). Casi siempre trajeado, como con un aire antiguo, siempre dispuesto a mantener una conversaci\u00f3n tranquila con quien se cruzase con \u00e9l. Todos le recordaremos por su pasi\u00f3n cervantina, levantada a pulso, como toda su formaci\u00f3n, desde un esfuerzo autodidacta. Hac\u00eda gala de que se hab\u00eda le\u00eddo la obra de Cervantes de arriba abajo varias veces y era un habilidoso int\u00e9rprete del Quijote. Pocas personas sabr\u00e1n tanto del Quijote como \u00e9l, un personaje del que estaba profundamente enamorado (yo creo que \u00e9l se sent\u00eda un Quijote a su manera). Siempre que me ve\u00eda me preguntaba por la poes\u00eda, porque en el fondo \u00e9l se sent\u00eda un poeta. Le o\u00ed citar varias veces los versos que escribe Cervantes en el Viaje del Parnaso: <i>\u00abYo que siempre trabajo y me desvelo\/ por parecer que tengo de poeta\/ la gracia que no quiso darme el cielo\u00bb<\/i>. Tambi\u00e9n era muy viajero, disfrutaba mucho yendo de aqu\u00ed para all\u00e1 por los pueblos, saboreando las costumbres y las curiosidades locales. hace a\u00f1os, en 1996, fue nombrado con todo merecimiento acad\u00e9mico correspondiente por la Real Academia de Bellas Artes y Ciencias Hist\u00f3ricas de Toledo.<\/span><\/span><\/p>\n<p style=\"text-align: justify;\" mce_style=\"text-align: justify;\"><span style=\"font-size: medium;\" mce_style=\"font-size: medium;\"><span style=\"font-family: verdana, geneva;\" mce_style=\"font-family: verdana, geneva;\"><span style=\"white-space:pre\" mce_style=\"white-space:pre\">\t<\/span>Por todos los lados por donde fue hizo gala de su amor por Bargas. Es triste que no haya tenido en vida el reconocimiento que debiera. Pienso que los premios literarios que convoca el Ayuntamiento de Bargas, que tanto promovi\u00f3, deber\u00edan llevar su nombre y ser\u00eda bueno, para evitar esa segunda muerte que es el olvido, que all\u00ed se hiciera un detalle escult\u00f3rico, que podr\u00eda ser sufragado por suscripci\u00f3n popular.<\/span><\/span><\/p>\n<p style=\"text-align: justify;\" mce_style=\"text-align: justify;\"><span style=\"font-size: medium;\" mce_style=\"font-size: medium;\"><span style=\"font-family: verdana, geneva;\" mce_style=\"font-family: verdana, geneva;\"><span style=\"white-space:pre\" mce_style=\"white-space:pre\">\t<\/span>Mientras vivamos sus amigos siempre lo llevaremos en nuestro recuerdo. Se ha muerto un hombre bueno, sencillo, nuestro genial Quijote bargue\u00f1o, un cuerdo con un divertido punto de locura. Feliz viaje al territorio cervantino de la inmortalidad.<\/span><\/span><\/p>\n<p style=\"text-align: center;\" mce_style=\"text-align: center;\"><span style=\"font-size: medium;\" mce_style=\"font-size: medium;\"><span style=\"font-family: verdana, geneva;\" mce_style=\"font-family: verdana, geneva;\">Santiago Sastre.<\/span><\/span><\/p>\n<p style=\"text-align: center;\" mce_style=\"text-align: center;\">\n<p style=\"text-align: center;\" mce_style=\"text-align: center;\">\n<p style=\"text-align: center;\" mce_style=\"text-align: center;\">\n<p style=\"text-align: center;\" mce_style=\"text-align: center;\"><img loading=\"lazy\" decoding=\"async\" class=\" size-full wp-image-2565 size-full wp-image-2565\" src=\"http:\/\/www.cervantinaesquivias.org\/wordpress\/wp-content\/uploads\/2018\/07\/rosell-12.jpg\" mce_src=\"http:\/\/www.cervantinaesquivias.org\/wordpress\/wp-content\/uploads\/2018\/07\/rosell-12.jpg\" alt=\"alt\" width=\"472\" height=\"680\" srcset=\"http:\/\/www.cervantinaesquivias.org\/wordpress\/wp-content\/uploads\/2018\/07\/rosell-12.jpg 472w, http:\/\/www.cervantinaesquivias.org\/wordpress\/wp-content\/uploads\/2018\/07\/rosell-12-208x300.jpg 208w\" sizes=\"auto, (max-width: 472px) 100vw, 472px\" \/><\/p>\n<p style=\"text-align: center;\" mce_style=\"text-align: center;\"><span style=\"font-size: small;\" mce_style=\"font-size: small;\"><span style=\"font-family: verdana, geneva;\" mce_style=\"font-family: verdana, geneva;\">(Portada del libro \u00abLas Manos del Greco\u00bb).<\/span><\/span><\/p>\n<p style=\"text-align: center;\" mce_style=\"text-align: center;\">\n<p style=\"text-align: center;\" mce_style=\"text-align: center;\">\n<p style=\"text-align: justify;\" mce_style=\"text-align: justify;\"><span style=\"font-size: medium;\" mce_style=\"font-size: medium;\"><span style=\"font-family: verdana, geneva;\" mce_style=\"font-family: verdana, geneva;\"><b style=\"style\" mce_style=\"style\"><span style=\"white-space: pre;\" mce_style=\"white-space:pre\">\t<\/span>Beatriz Villaca\u00f1as Palomo<\/b>. Poetisa, escritora.<\/span><\/span><\/p>\n<p style=\"text-align: justify;\" mce_style=\"text-align: justify;\"><span style=\"font-size: medium;\" mce_style=\"font-size: medium;\"><span style=\"font-family: verdana, geneva;\" mce_style=\"font-family: verdana, geneva;\"><span style=\"white-space:pre\" mce_style=\"white-space:pre\">\t<\/span><b>Lugar para el reencuentro. \u00abAdi\u00f3s, amigo\u00bb<\/b><\/span><\/span><\/p>\n<p style=\"text-align: justify;\" mce_style=\"text-align: justify;\"><span style=\"font-size: medium;\" mce_style=\"font-size: medium;\"><span style=\"font-family: verdana, geneva;\" mce_style=\"font-family: verdana, geneva;\"><span style=\"white-space:pre\" mce_style=\"white-space:pre\">\t<\/span>\u00abQuerido Jos\u00e9, la noticia de tu partida de este mundo me impele con fuerza a escribirte esta carta. Nuestra amistad ha sido, y seguir\u00e1 siendo, uno de esos tesoros heredados del legado de mi padre; el legado de sus amigos, esos amigos verdaderos que hab\u00e9is sabido siempre caminar junto a nosotros por las distintas geograf\u00edas de la vida. Juan Antonio Villaca\u00f1as y t\u00fa, querido Pepe. Don Jos\u00e9 Rosell, sabio cervantista, caminasteis unidos por esa amistad poderosa que sabe unir a las grandes almas. Cu\u00e1ntas calles de Toledo habr\u00e1n sido testigo de vuestros pasos y guardan a\u00fan el eco de vuestras voces y de vuestras risas. Os unieron el amor y el humor: amor por la literatura, por la belleza que habita en la vida, esa belleza no exenta de dolor que sabe, qui\u00e9n mejor que ella, herirnos y a la vez hacernos m\u00e1s fuertes. Y el humor nacido de esa lucidez vuestra que supo ver la vida como la m\u00e1s contradictoria de las armon\u00edas. Grandes amigos t\u00fa y \u00e9l y grandes amigos t\u00fa y yo, afortunada heredera de vuestra amistad. C\u00f3mo aliment\u00f3 mi esp\u00edritu, entre otras tantas cosas en las que t\u00fa contribuiste de forma decisiva, tu libro Las Manos del Greco, en el que me llamaste a colaborar con pr\u00f3logo, que fue inspirado en tus palabras, en el Greco mismo, en las ilustraciones de Fidel Mar\u00eda Puebla y en los versos de Juan Antonio Villaca\u00f1as extra\u00eddos de su Conjugaci\u00f3n Po\u00e9tica del Greco.<\/span><\/span><\/p>\n<p style=\"text-align: justify;\" mce_style=\"text-align: justify;\"><span style=\"font-size: medium;\" mce_style=\"font-size: medium;\"><span style=\"font-family: verdana, geneva;\" mce_style=\"font-family: verdana, geneva;\"><span style=\"white-space:pre\" mce_style=\"white-space:pre\">\t<\/span>Conferenciante casi m\u00e1gico (pues hablar, como t\u00fa lo hac\u00edas, aunando las fuerzas del conocimiento y la de una voz potente, comunicativa e infatigable sin leer una sola palabra est\u00e1 al alcance de unos pocos elegidos), lograste convertir la limitada visi\u00f3n de tus ojos, que apenas pod\u00edan leer, en un ilimitado magisterio: con tu palabra poderosa ense\u00f1abas deleitando, cumpliendo el precepto cl\u00e1sico y, por tanto imperecedero. Perm\u00edteme, que adem\u00e1s de llamarte Amigo te llame Maestro, eres (y lo digo en presente) ambas cosas con may\u00fasculas.<\/span><\/span><\/p>\n<p style=\"text-align: justify;\" mce_style=\"text-align: justify;\"><span style=\"font-size: medium;\" mce_style=\"font-size: medium;\"><span style=\"font-family: verdana, geneva;\" mce_style=\"font-family: verdana, geneva;\"><span style=\"white-space:pre\" mce_style=\"white-space:pre\">\t<\/span>Ves que mi carta la titulo \u00abAdi\u00f3s, amigo\u00bb. y es que, efectivamente, te has marchado, pero, como le escrib\u00ed a mi padre cuando, precedi\u00e9ndote varios a\u00f1os, dej\u00f3 la vida \u00e9sta, lo has hecho, como \u00e9l, a un tiempo nuevo, a ese tiempo fuera del tiempo que es un enigma de eternidad. Querido Jos\u00e9, mi \u00abAdi\u00f3s, amigo\u00bb, lleva por tanto la semilla de un \u00abHasta luego\u00bb, la semilla de un \u00abHasta siempre\u00bb y la curiosidad por saber c\u00f3mo te ha expresado Cervantes la alegr\u00eda de encontrarte por fin con quien le ha descubierto tantas cosas de s\u00ed mismo\u00bb.<\/span><\/span><\/p>\n<p style=\"text-align: center;\" mce_style=\"text-align: center;\"><span style=\"font-size: medium;\" mce_style=\"font-size: medium;\"><span style=\"font-family: verdana, geneva;\" mce_style=\"font-family: verdana, geneva;\"><br \/>\n<\/span><\/span><\/p>\n<p style=\"text-align: center;\" mce_style=\"text-align: center;\">\n<p style=\"text-align: center;\" mce_style=\"text-align: center;\">\n<p style=\"text-align: justify;\" mce_style=\"text-align: justify;\">\n<p style=\"text-align: center;\" mce_style=\"text-align: center;\"><b><span style=\"font-size: large;\" mce_style=\"font-size: large;\"><span style=\"font-family: verdana, geneva;\" mce_style=\"font-family: verdana, geneva;\"><span style=\"white-space:pre\" mce_style=\"white-space: pre;\">\t<\/span>HOMENAJE EN BARGAS<\/span><\/span><\/b><\/p>\n<p style=\"text-align: justify;\" mce_style=\"text-align: justify;\">\n<p style=\"text-align: justify;\" mce_style=\"text-align: justify;\"><span style=\"font-size: medium;\" mce_style=\"font-size: medium;\"><span style=\"font-family: verdana, geneva;\" mce_style=\"font-family: verdana, geneva;\"><span style=\"white-space: pre;\" mce_style=\"white-space: pre;\">\t<\/span>El Ayuntamiento de Bargas, su pueblo natal, no tard\u00f3 en dedicarle un merecido reconocimiento de su persona y obra. Jos\u00e9 Rosell Villasevil fue el impulsor del Recital de Poetas Bargue\u00f1os, que en 2017 lleg\u00f3 a su XXX Edici\u00f3n. Lo que era obvio, sucedi\u00f3, pues el Ayuntamiento puso el nombre de Jos\u00e9 Rosell Villasevil al Recital, en memoria de quien fue su alma mater.<\/span><\/span><\/p>\n<p style=\"text-align: justify;\" mce_style=\"text-align: justify;\">\n<p style=\"text-align: center;\" mce_style=\"text-align: center;\"><span style=\"font-size: medium;\" mce_style=\"font-size: medium;\"><span style=\"font-family: verdana, geneva;\" mce_style=\"font-family: verdana, geneva;\"><img loading=\"lazy\" decoding=\"async\" class=\" size-full wp-image-2566 size-full wp-image-2566\" src=\"http:\/\/www.cervantinaesquivias.org\/wordpress\/wp-content\/uploads\/2018\/07\/rosell-30.jpg\" mce_src=\"http:\/\/www.cervantinaesquivias.org\/wordpress\/wp-content\/uploads\/2018\/07\/rosell-30.jpg\" alt=\"alt\" width=\"472\" height=\"317\" srcset=\"http:\/\/www.cervantinaesquivias.org\/wordpress\/wp-content\/uploads\/2018\/07\/rosell-30.jpg 472w, http:\/\/www.cervantinaesquivias.org\/wordpress\/wp-content\/uploads\/2018\/07\/rosell-30-300x201.jpg 300w\" sizes=\"auto, (max-width: 472px) 100vw, 472px\" \/><\/span><\/span><\/p>\n<p style=\"text-align: center;\" mce_style=\"text-align: center;\"><span style=\"font-size: medium;\" mce_style=\"font-size: medium;\"><span style=\"font-size: small;\" mce_style=\"font-size: small;\"><span style=\"font-family: verdana, geneva;\" mce_style=\"font-family: verdana, geneva;\">(Placa conmemorativa colocada en la fachada de la vivienda de Jos\u00e9 Rosell).<\/span><\/span><\/span><\/p>\n<p style=\"text-align: center;\" mce_style=\"text-align: center;\">\n<p style=\"text-align: center;\" mce_style=\"text-align: center;\"><span style=\"font-size: medium;\" mce_style=\"font-size: medium;\"><span style=\"font-family: verdana, geneva;\" mce_style=\"font-family: verdana, geneva;\"><br \/>\n<\/span><\/span><\/p>\n<p style=\"text-align: justify;\" mce_style=\"text-align: justify;\"><span style=\"font-size: medium;\" mce_style=\"font-size: medium;\"><span style=\"font-size: medium;\" mce_style=\"font-size: medium;\"><span style=\"font-family: verdana, geneva;\" mce_style=\"font-family: verdana, geneva;\"><span style=\"white-space:pre\" mce_style=\"white-space: pre;\">\t<\/span>El 1 de septiembre de 2017, el Ayuntamiento de Bargas coloc\u00f3 en la fachada de la que fue la vivienda de Jos\u00e9 Rosell, una placa conmemorativa. Al acto asistieron: don Gustavo Figueroa, Alcalde de Bargas (que descubri\u00f3 la placa), el Consejero de Cultura don \u00c1ngel Felpeto, autoridades locales, poetas, y una nutrida representaci\u00f3n del Ayuntamiento de Esquivias y de la Sociedad Cervantina.<\/span><\/span><\/span><\/p>\n<p style=\"text-align: justify;\" mce_style=\"text-align: justify;\">\n<p style=\"text-align: center;\" mce_style=\"text-align: center;\"><img loading=\"lazy\" decoding=\"async\" class=\" size-full wp-image-2567 size-full wp-image-2567\" src=\"http:\/\/www.cervantinaesquivias.org\/wordpress\/wp-content\/uploads\/2018\/07\/rosell-31.jpg\" mce_src=\"http:\/\/www.cervantinaesquivias.org\/wordpress\/wp-content\/uploads\/2018\/07\/rosell-31.jpg\" alt=\"alt\" width=\"472\" height=\"328\" srcset=\"http:\/\/www.cervantinaesquivias.org\/wordpress\/wp-content\/uploads\/2018\/07\/rosell-31.jpg 472w, http:\/\/www.cervantinaesquivias.org\/wordpress\/wp-content\/uploads\/2018\/07\/rosell-31-300x208.jpg 300w\" sizes=\"auto, (max-width: 472px) 100vw, 472px\" \/><\/p>\n<p style=\"text-align: center;\" mce_style=\"text-align: center;\"><span style=\"font-size: small;\" mce_style=\"font-size: small;\"><span style=\"font-family: verdana, geneva;\" mce_style=\"font-family: verdana, geneva;\">(Teresa y Mar\u00eda del Carmen Rosell, en un momento de su intervenci\u00f3n).<\/span><\/span><\/p>\n<p style=\"text-align: center;\" mce_style=\"text-align: center;\">\n<p style=\"text-align: justify;\" mce_style=\"text-align: justify;\"><span style=\"font-size: medium;\" mce_style=\"font-size: medium;\"><span style=\"font-size: medium;\" mce_style=\"font-size: medium;\"><span style=\"font-family: verdana, geneva;\" mce_style=\"font-family: verdana, geneva;\"><br \/>\n<\/span><\/span><\/span><\/p>\n<p style=\"text-align: justify;\" mce_style=\"text-align: justify;\"><span style=\"font-size: medium;\" mce_style=\"font-size: medium;\"><span style=\"font-size: medium;\" mce_style=\"font-size: medium;\"><span style=\"font-family: verdana, geneva;\" mce_style=\"font-family: verdana, geneva;\"><span style=\"white-space:pre\" mce_style=\"white-space: pre;\">\t<\/span>A continuaci\u00f3n, en la Casa de Cultura de Bargas se celebr\u00f3&nbsp; un excelente acto po\u00e9tico en homenaje al ilustre bargue\u00f1o Jos\u00e9 Rosell, en el transcurso del mismo, sus hijas Mar\u00eda del Carmen (que recit\u00f3 el poema de Jos\u00e9 Rosell \u00abToda mi hacienda\u00bb) y Teresa dirigieron unas emotivas palabras de agradecimiento a todos los asistentes.<\/span><\/span><\/span><\/p>\n<p style=\"text-align: center;\" mce_style=\"text-align: center;\">\n<p style=\"text-align: center;\" mce_style=\"text-align: center;\">\n<p style=\"text-align: center;\" mce_style=\"text-align: center;\"><img loading=\"lazy\" decoding=\"async\" class=\" size-full wp-image-2568 size-full wp-image-2568\" src=\"http:\/\/www.cervantinaesquivias.org\/wordpress\/wp-content\/uploads\/2018\/07\/rosell-32.jpg\" mce_src=\"http:\/\/www.cervantinaesquivias.org\/wordpress\/wp-content\/uploads\/2018\/07\/rosell-32.jpg\" alt=\"alt\" width=\"350\" height=\"225\" srcset=\"http:\/\/www.cervantinaesquivias.org\/wordpress\/wp-content\/uploads\/2018\/07\/rosell-32.jpg 350w, http:\/\/www.cervantinaesquivias.org\/wordpress\/wp-content\/uploads\/2018\/07\/rosell-32-300x193.jpg 300w\" sizes=\"auto, (max-width: 350px) 100vw, 350px\" \/><\/p>\n<p style=\"text-align: center;\" mce_style=\"text-align: center;\"><span style=\"font-size: small;\" mce_style=\"font-size: small;\"><span style=\"font-family: verdana, geneva;\" mce_style=\"font-family: verdana, geneva;\">(De izq. a derecha, \u00c1ngel Felpeto, Teresa Rosell, M\u00aa del Carmen Rosell, <\/span><\/span><\/p>\n<p style=\"text-align: center;\" mce_style=\"text-align: center;\"><span style=\"font-size: small;\" mce_style=\"font-size: small;\"><span style=\"font-family: verdana, geneva;\" mce_style=\"font-family: verdana, geneva;\">Gustabo Figueroa y la Concejal de Cultura de Bargas).<\/span><\/span><\/p>\n<p style=\"text-align: center;\" mce_style=\"text-align: center;\">\n<p style=\"text-align: center;\" mce_style=\"text-align: center;\">\n<p style=\"text-align: center;\" mce_style=\"text-align: center;\"><img loading=\"lazy\" decoding=\"async\" class=\" size-full wp-image-2569 size-full wp-image-2569\" src=\"http:\/\/www.cervantinaesquivias.org\/wordpress\/wp-content\/uploads\/2018\/07\/rosell-46.jpg\" mce_src=\"http:\/\/www.cervantinaesquivias.org\/wordpress\/wp-content\/uploads\/2018\/07\/rosell-46.jpg\" alt=\"alt\" width=\"709\" height=\"986\" srcset=\"http:\/\/www.cervantinaesquivias.org\/wordpress\/wp-content\/uploads\/2018\/07\/rosell-46.jpg 709w, http:\/\/www.cervantinaesquivias.org\/wordpress\/wp-content\/uploads\/2018\/07\/rosell-46-216x300.jpg 216w\" sizes=\"auto, (max-width: 709px) 100vw, 709px\" \/><\/p>\n<p style=\"text-align: center;\" mce_style=\"text-align: center;\"><span style=\"font-size: small;\" mce_style=\"font-size: small;\"><span style=\"font-family: verdana, geneva;\" mce_style=\"font-family: verdana, geneva;\">(Cartel anunciador del XXX Recital de Poetas Bargue\u00f1os \u00abJos\u00e9 Rosell Villasevil\u00bb)<\/span><\/span><\/p>\n<p style=\"text-align: center;\" mce_style=\"text-align: center;\"><span style=\"font-size: small;\" mce_style=\"font-size: small;\"><span style=\"font-family: verdana, geneva;\" mce_style=\"font-family: verdana, geneva;\"><br \/>\n<\/span><\/span><\/p>\n<p style=\"text-align: center;\" mce_style=\"text-align: center;\"><span style=\"font-size: medium;\" mce_style=\"font-size: medium;\"><span style=\"font-size: medium;\" mce_style=\"font-size: medium;\"><span style=\"font-family: verdana, geneva;\" mce_style=\"font-family: verdana, geneva;\"><br \/>\n<\/span><\/span><\/span><\/p>\n<p style=\"text-align: justify;\" mce_style=\"text-align: justify;\"><span style=\"font-size: medium;\" mce_style=\"font-size: medium;\"><span style=\"font-size: medium;\" mce_style=\"font-size: medium;\"><span style=\"font-family: verdana, geneva;\" mce_style=\"font-family: verdana, geneva;\"><span style=\"white-space:pre\" mce_style=\"white-space: pre;\">\t<\/span>Se recitaron poemas del XXX Recital de Poetas Bargue\u00f1os, varios de ellos dedicados a la figura de su impulsor, don Jos\u00e9 Rosell Villasevil. A modo de muestra, los siguientes y sus autores:<\/span><\/span><\/span><\/p>\n<p style=\"text-align: justify;\" mce_style=\"text-align: justify;\">\n<p style=\"text-align: center;\" mce_style=\"text-align: center;\">\n<p style=\"text-align: justify;\" mce_style=\"text-align: justify;\">\n<p style=\"text-align: justify;\" mce_style=\"text-align: justify;\"><span style=\"font-size: medium;\" mce_style=\"font-size: medium;\"><span style=\"font-size: medium;\" mce_style=\"font-size: medium;\"><span style=\"font-family: verdana, geneva;\" mce_style=\"font-family: verdana, geneva;\"><span style=\"white-space:pre\" mce_style=\"white-space: pre;\">\t<\/span><b>Jos\u00e9 Mart\u00ednez Garc\u00eda:<\/b><\/span><\/span><\/span><\/p>\n<p style=\"text-align: center;\" mce_style=\"text-align: center;\"><span style=\"font-size: medium;\" mce_style=\"font-size: medium;\"><span style=\"style\" mce_style=\"font-family: verdana, geneva;\"><b><span style=\"font-size: medium;\" mce_style=\"font-size: medium;\"><span style=\"font-family: verdana, geneva;\" mce_style=\"font-family: verdana, geneva;\"><span style=\"white-space:pre\" mce_style=\"white-space: pre;\">\t<\/span>\u00abRosell\u00bb (Homenaje a mi amigo Pepe)<\/span><\/span><\/b><\/span><\/span><\/p>\n<p style=\"text-align: center;\" mce_style=\"text-align: center;\"><span style=\"font-size: medium;\" mce_style=\"font-size: medium;\"><span style=\"style\" mce_style=\"font-family: verdana, geneva;\"><b><span style=\"font-size: medium;\" mce_style=\"font-size: medium;\"><span style=\"font-family: verdana, geneva;\" mce_style=\"font-family: verdana, geneva;\"><br \/>\n<\/span><\/span><\/b><\/span><\/span><\/p>\n<p style=\"text-align: center;\" mce_style=\"text-align: center;\"><span style=\"font-size: medium;\" mce_style=\"font-size: medium;\"><span style=\"font-family: verdana, geneva;\" mce_style=\"font-family: verdana, geneva;\">Te has ido en silencio con una sonrisa<\/span><\/span><\/p>\n<p style=\"text-align: center;\" mce_style=\"text-align: center;\"><span style=\"font-size: medium;\" mce_style=\"font-size: medium;\"><span style=\"font-family: verdana, geneva;\" mce_style=\"font-family: verdana, geneva;\">tu buen Rocinante se par\u00f3 de pronto<\/span><\/span><\/p>\n<p style=\"text-align: center;\" mce_style=\"text-align: center;\"><span style=\"font-size: medium;\" mce_style=\"font-size: medium;\"><span style=\"font-family: verdana, geneva;\" mce_style=\"font-family: verdana, geneva;\">cansado de soles y caminos foscos,<\/span><\/span><\/p>\n<p style=\"text-align: center;\" mce_style=\"text-align: center;\"><span style=\"font-size: medium;\" mce_style=\"font-size: medium;\"><span style=\"font-family: verdana, geneva;\" mce_style=\"font-family: verdana, geneva;\">de tanta aventura en sue\u00f1o vivido.<\/span><\/span><\/p>\n<p style=\"text-align: center;\" mce_style=\"text-align: center;\"><span style=\"font-size: medium;\" mce_style=\"font-size: medium;\"><span style=\"font-family: verdana, geneva;\" mce_style=\"font-family: verdana, geneva;\"><br \/>\n<\/span><\/span><\/p>\n<p style=\"text-align: center;\" mce_style=\"text-align: center;\"><span style=\"font-size: medium;\" mce_style=\"font-size: medium;\"><span style=\"font-family: verdana, geneva;\" mce_style=\"font-family: verdana, geneva;\">Fuiste incansable contador de historias,<\/span><\/span><\/p>\n<p style=\"text-align: center;\" mce_style=\"text-align: center;\"><span style=\"font-size: medium;\" mce_style=\"font-size: medium;\"><span style=\"font-family: verdana, geneva;\" mce_style=\"font-family: verdana, geneva;\">por doquier ten\u00edas Dulcinea que aguarda<\/span><\/span><\/p>\n<p style=\"text-align: center;\" mce_style=\"text-align: center;\"><span style=\"font-size: medium;\" mce_style=\"font-size: medium;\"><span style=\"font-family: verdana, geneva;\" mce_style=\"font-family: verdana, geneva;\">ansiosa de amores. Quijote de Bargas,<\/span><\/span><\/p>\n<p style=\"text-align: center;\" mce_style=\"text-align: center;\"><span style=\"font-size: medium;\" mce_style=\"font-size: medium;\"><span style=\"font-family: verdana, geneva;\" mce_style=\"font-family: verdana, geneva;\">caballero andante en busca de glorias.<\/span><\/span><\/p>\n<p style=\"text-align: center;\" mce_style=\"text-align: center;\"><span style=\"font-size: medium;\" mce_style=\"font-size: medium;\"><span style=\"font-family: verdana, geneva;\" mce_style=\"font-family: verdana, geneva;\"><br \/>\n<\/span><\/span><\/p>\n<p style=\"text-align: center;\" mce_style=\"text-align: center;\"><span style=\"font-size: medium;\" mce_style=\"font-size: medium;\"><span style=\"font-family: verdana, geneva;\" mce_style=\"font-family: verdana, geneva;\">Como aquel hidalgo todo engrandec\u00eda<\/span><\/span><\/p>\n<p style=\"text-align: center;\" mce_style=\"text-align: center;\"><span style=\"font-size: medium;\" mce_style=\"font-size: medium;\"><span style=\"font-family: verdana, geneva;\" mce_style=\"font-family: verdana, geneva;\">tu figura recia de noble prestancia,<\/span><\/span><\/p>\n<p style=\"text-align: center;\" mce_style=\"text-align: center;\"><span style=\"font-size: medium;\" mce_style=\"font-size: medium;\"><span style=\"font-family: verdana, geneva;\" mce_style=\"font-family: verdana, geneva;\">tu honor castellano de a\u00f1eja fragancia.<\/span><\/span><\/p>\n<p style=\"text-align: center;\" mce_style=\"text-align: center;\"><span style=\"font-size: medium;\" mce_style=\"font-size: medium;\"><span style=\"font-family: verdana, geneva;\" mce_style=\"font-family: verdana, geneva;\"><br \/>\n<\/span><\/span><\/p>\n<p style=\"text-align: center;\" mce_style=\"text-align: center;\"><span style=\"font-size: medium;\" mce_style=\"font-size: medium;\"><span style=\"font-family: verdana, geneva;\" mce_style=\"font-family: verdana, geneva;\">Qu\u00e9 tristes quedamos en esta agon\u00eda,<\/span><\/span><\/p>\n<p style=\"text-align: center;\" mce_style=\"text-align: center;\"><span style=\"font-size: medium;\" mce_style=\"font-size: medium;\"><span style=\"font-family: verdana, geneva;\" mce_style=\"font-family: verdana, geneva;\">amigo querido, llorando tu marcha<\/span><\/span><\/p>\n<p style=\"text-align: center;\" mce_style=\"text-align: center;\"><span style=\"font-size: medium;\" mce_style=\"font-size: medium;\"><span style=\"font-family: verdana, geneva;\" mce_style=\"font-family: verdana, geneva;\">al Parnaso donde corona te aguarda.<\/span><\/span><\/p>\n<p style=\"text-align: center;\" mce_style=\"text-align: center;\"><span style=\"font-size: medium;\" mce_style=\"font-size: medium;\"><span style=\"font-family: verdana, geneva;\" mce_style=\"font-family: verdana, geneva;\"><br \/>\n<\/span><\/span><\/p>\n<p style=\"text-align: center;\" mce_style=\"text-align: center;\">\n<p style=\"text-align: center;\" mce_style=\"text-align: center;\">\n<p style=\"text-align: center;\" mce_style=\"text-align: center;\"><span style=\"font-size: medium;\" mce_style=\"font-size: medium;\"><span style=\"font-family: verdana, geneva;\" mce_style=\"font-family: verdana, geneva;\"><br \/>\n<\/span><\/span><\/p>\n<p style=\"text-align: justify;\" mce_style=\"text-align: justify;\"><span style=\"font-size: medium;\" mce_style=\"font-size: medium;\"><span style=\"font-family: verdana, geneva;\" mce_style=\"font-family: verdana, geneva;\"><span style=\"white-space:pre\" mce_style=\"white-space: pre;\">\t<\/span><b>Jos\u00e9-Domingo Vales V\u00eda<\/b> (a mi padrino literario, y buen amigo, Jos\u00e9 Rosell Villasevil, de su leal escudero)<\/span><\/span><\/p>\n<p style=\"text-align: justify;\" mce_style=\"text-align: justify;\"><span style=\"font-size: medium;\" mce_style=\"font-size: medium;\"><span style=\"font-family: verdana, geneva;\" mce_style=\"font-family: verdana, geneva;\"><br \/>\n<\/span><\/span><\/p>\n<p style=\"text-align: center;\" mce_style=\"text-align: center;\"><span style=\"font-size: small;\" mce_style=\"font-size: small;\"><b><span style=\"font-size: medium;\" mce_style=\"font-size: medium;\"><span style=\"font-size: large;\" mce_style=\"font-size: large;\">Un antes y un despu\u00e9s&#8230;<\/span><\/span><\/b><\/span><\/p>\n<p style=\"text-align: center;\" mce_style=\"text-align: center;\"><span style=\"font-size: small;\" mce_style=\"font-size: small;\"><b><span style=\"font-size: medium;\" mce_style=\"font-size: medium;\"><span style=\"font-size: large;\" mce_style=\"font-size: large;\"><br \/>\n<\/span><\/span><\/b><\/span><\/p>\n<p style=\"text-align: center;\" mce_style=\"text-align: center;\"><span style=\"font-size: small;\" mce_style=\"font-size: small;\"><b><span style=\"font-size: medium;\" mce_style=\"font-size: medium;\"><span style=\"font-family: verdana, geneva;\" mce_style=\"font-family: verdana, geneva;\">Vida y Figura.<\/span><\/span><\/b><\/span><\/p>\n<p style=\"text-align: center;\" mce_style=\"text-align: center;\"><span style=\"font-size: medium;\" mce_style=\"font-size: medium;\"><span style=\"font-family: verdana, geneva;\" mce_style=\"font-family: verdana, geneva;\">Inseparable amigo es del Quijote;&nbsp;<\/span><\/span><\/p>\n<p style=\"text-align: center;\" mce_style=\"text-align: center;\"><span style=\"font-size: medium;\" mce_style=\"font-size: medium;\"><span style=\"font-family: verdana, geneva;\" mce_style=\"font-family: verdana, geneva;\">semejante al manchego, hiela entuertos<\/span><\/span><\/p>\n<p style=\"text-align: center;\" mce_style=\"text-align: center;\"><span style=\"font-size: medium;\" mce_style=\"font-size: medium;\"><span style=\"font-family: verdana, geneva;\" mce_style=\"font-family: verdana, geneva;\">y en su cabeza bailan los expertos<\/span><\/span><\/p>\n<p style=\"text-align: center;\" mce_style=\"text-align: center;\"><span style=\"font-size: medium;\" mce_style=\"font-size: medium;\"><span style=\"font-family: verdana, geneva;\" mce_style=\"font-family: verdana, geneva;\">versos de paz que guarda en su bigote.<\/span><\/span><\/p>\n<p style=\"text-align: center;\" mce_style=\"text-align: center;\"><span style=\"font-size: medium;\" mce_style=\"font-size: medium;\"><span style=\"font-family: verdana, geneva;\" mce_style=\"font-family: verdana, geneva;\"><br \/>\n<\/span><\/span><\/p>\n<p style=\"text-align: center;\" mce_style=\"text-align: center;\"><span style=\"font-size: medium;\" mce_style=\"font-size: medium;\"><span style=\"font-family: verdana, geneva;\" mce_style=\"font-family: verdana, geneva;\">Camina ensimismado sin un brote<\/span><\/span><\/p>\n<p style=\"text-align: center;\" mce_style=\"text-align: center;\"><span style=\"font-size: medium;\" mce_style=\"font-size: medium;\"><span style=\"font-family: verdana, geneva;\" mce_style=\"font-family: verdana, geneva;\">de fatiga; sus pasos son aciertos<\/span><\/span><\/p>\n<p style=\"text-align: center;\" mce_style=\"text-align: center;\"><span style=\"font-size: medium;\" mce_style=\"font-size: medium;\"><span style=\"font-family: verdana, geneva;\" mce_style=\"font-family: verdana, geneva;\">que velan, con semblantes descubiertos,<\/span><\/span><\/p>\n<p style=\"text-align: center;\" mce_style=\"text-align: center;\"><span style=\"font-size: medium;\" mce_style=\"font-size: medium;\"><span style=\"font-family: verdana, geneva;\" mce_style=\"font-family: verdana, geneva;\">el sue\u00f1o de un fogoso galeote.<\/span><\/span><\/p>\n<p style=\"text-align: center;\" mce_style=\"text-align: center;\"><span style=\"font-size: medium;\" mce_style=\"font-size: medium;\"><span style=\"font-family: verdana, geneva;\" mce_style=\"font-family: verdana, geneva;\"><br \/>\n<\/span><\/span><\/p>\n<p style=\"text-align: center;\" mce_style=\"text-align: center;\"><span style=\"font-size: medium;\" mce_style=\"font-size: medium;\"><span style=\"font-family: verdana, geneva;\" mce_style=\"font-family: verdana, geneva;\">Tiene algo de pancista, y el buen vino,<\/span><\/span><\/p>\n<p style=\"text-align: center;\" mce_style=\"text-align: center;\"><span style=\"font-size: medium;\" mce_style=\"font-size: medium;\"><span style=\"font-family: verdana, geneva;\" mce_style=\"font-family: verdana, geneva;\">saborea mejor con gran mantel,<\/span><\/span><\/p>\n<p style=\"text-align: center;\" mce_style=\"text-align: center;\"><span style=\"font-size: medium;\" mce_style=\"font-size: medium;\"><span style=\"font-family: verdana, geneva;\" mce_style=\"font-family: verdana, geneva;\">cuando el caldo es a\u00f1ejo y genuino.<\/span><\/span><\/p>\n<p style=\"text-align: center;\" mce_style=\"text-align: center;\"><span style=\"font-size: medium;\" mce_style=\"font-size: medium;\"><span style=\"font-family: verdana, geneva;\" mce_style=\"font-family: verdana, geneva;\"><br \/>\n<\/span><\/span><\/p>\n<p style=\"text-align: center;\" mce_style=\"text-align: center;\"><span style=\"font-size: medium;\" mce_style=\"font-size: medium;\"><span style=\"font-family: verdana, geneva;\" mce_style=\"font-family: verdana, geneva;\">Cual hidalgo, sin duda y con laurel,<\/span><\/span><\/p>\n<p style=\"text-align: center;\" mce_style=\"text-align: center;\"><span style=\"font-size: medium;\" mce_style=\"font-size: medium;\"><span style=\"font-family: verdana, geneva;\" mce_style=\"font-family: verdana, geneva;\">destaca el personaje, cristalino.<\/span><\/span><\/p>\n<p style=\"text-align: center;\" mce_style=\"text-align: center;\"><span style=\"font-size: medium;\" mce_style=\"font-size: medium;\"><span style=\"font-family: verdana, geneva;\" mce_style=\"font-family: verdana, geneva;\">Estoy hablando, amigos, de Rosell.<\/span><\/span><\/p>\n<p style=\"text-align: center;\" mce_style=\"text-align: center;\"><span style=\"font-size: medium;\" mce_style=\"font-size: medium;\"><span style=\"font-family: verdana, geneva;\" mce_style=\"font-family: verdana, geneva;\"><br \/>\n<\/span><\/span><\/p>\n<p style=\"text-align: center;\" mce_style=\"text-align: center;\"><span style=\"font-size: small;\" mce_style=\"font-size: small;\"><b><span style=\"font-size: medium;\" mce_style=\"font-size: medium;\"><span style=\"font-family: verdana, geneva;\" mce_style=\"font-family: verdana, geneva;\">Mi secreto.<\/span><\/span><\/b><\/span><\/p>\n<p style=\"text-align: center;\" mce_style=\"text-align: center;\"><span style=\"font-size: small;\" mce_style=\"font-size: small;\"><span style=\"font-size: medium;\" mce_style=\"font-size: medium;\"><span style=\"font-family: verdana, geneva;\" mce_style=\"font-family: verdana, geneva;\">Presto se fue tu estrella del camino,<\/span><\/span><\/span><\/p>\n<p style=\"text-align: center;\" mce_style=\"text-align: center;\"><span style=\"font-size: small;\" mce_style=\"font-size: small;\"><span style=\"font-size: medium;\" mce_style=\"font-size: medium;\"><span style=\"font-family: verdana, geneva;\" mce_style=\"font-family: verdana, geneva;\">con ausencia de amarga despedida;<\/span><\/span><\/span><\/p>\n<p style=\"text-align: center;\" mce_style=\"text-align: center;\"><span style=\"font-size: small;\" mce_style=\"font-size: small;\"><span style=\"font-size: medium;\" mce_style=\"font-size: medium;\"><span style=\"font-family: verdana, geneva;\" mce_style=\"font-family: verdana, geneva;\">con prisa, se abri\u00f3 en m\u00ed, profunda herida,<\/span><\/span><\/span><\/p>\n<p style=\"text-align: center;\" mce_style=\"text-align: center;\"><span style=\"font-size: small;\" mce_style=\"font-size: small;\"><span style=\"font-size: medium;\" mce_style=\"font-size: medium;\"><span style=\"font-family: verdana, geneva;\" mce_style=\"font-family: verdana, geneva;\">padeciendo el eclipse de tu sino.<\/span><\/span><\/span><\/p>\n<p style=\"text-align: center;\" mce_style=\"text-align: center;\">\n<p style=\"text-align: center;\" mce_style=\"text-align: center;\"><span style=\"font-size: small;\" mce_style=\"font-size: small;\"><span style=\"font-size: medium;\" mce_style=\"font-size: medium;\"><span style=\"font-family: verdana, geneva;\" mce_style=\"font-family: verdana, geneva;\">Cual caballero andante peregrino,<\/span><\/span><\/span><\/p>\n<p style=\"text-align: center;\" mce_style=\"text-align: center;\"><span style=\"font-size: small;\" mce_style=\"font-size: small;\"><span style=\"font-size: medium;\" mce_style=\"font-size: medium;\"><span style=\"font-family: verdana, geneva;\" mce_style=\"font-family: verdana, geneva;\">diste escolta a la ut\u00f3pica y dormida,<\/span><\/span><\/span><\/p>\n<p style=\"text-align: center;\" mce_style=\"text-align: center;\"><span style=\"font-size: small;\" mce_style=\"font-size: small;\"><span style=\"font-size: medium;\" mce_style=\"font-size: medium;\"><span style=\"font-family: verdana, geneva;\" mce_style=\"font-family: verdana, geneva;\">Dulcinea, con n\u00edtida acogida<\/span><\/span><\/span><\/p>\n<p style=\"text-align: center;\" mce_style=\"text-align: center;\"><span style=\"font-size: small;\" mce_style=\"font-size: small;\"><span style=\"font-size: medium;\" mce_style=\"font-size: medium;\"><span style=\"font-family: verdana, geneva;\" mce_style=\"font-family: verdana, geneva;\">en tu alma bohemia y de buen tino.<\/span><\/span><\/span><\/p>\n<p style=\"text-align: center;\" mce_style=\"text-align: center;\">\n<p style=\"text-align: center;\" mce_style=\"text-align: center;\"><span style=\"font-size: small;\" mce_style=\"font-size: small;\"><span style=\"font-size: medium;\" mce_style=\"font-size: medium;\"><span style=\"font-family: verdana, geneva;\" mce_style=\"font-family: verdana, geneva;\">Nadie supo decir de tal manera<\/span><\/span><\/span><\/p>\n<p style=\"text-align: center;\" mce_style=\"text-align: center;\"><span style=\"font-size: small;\" mce_style=\"font-size: small;\"><span style=\"font-size: medium;\" mce_style=\"font-size: medium;\"><span style=\"font-family: verdana, geneva;\" mce_style=\"font-family: verdana, geneva;\">tus versos, que nacieron plenos de arte,<\/span><\/span><\/span><\/p>\n<p style=\"text-align: center;\" mce_style=\"text-align: center;\"><span style=\"font-size: small;\" mce_style=\"font-size: small;\"><span style=\"font-size: medium;\" mce_style=\"font-size: medium;\"><span style=\"font-family: verdana, geneva;\" mce_style=\"font-family: verdana, geneva;\">cant\u00e1ndole a la vida tu quimera.<\/span><\/span><\/span><\/p>\n<p style=\"text-align: center;\" mce_style=\"text-align: center;\">\n<p style=\"text-align: center;\" mce_style=\"text-align: center;\"><span style=\"font-size: small;\" mce_style=\"font-size: small;\"><span style=\"font-size: medium;\" mce_style=\"font-size: medium;\"><span style=\"font-family: verdana, geneva;\" mce_style=\"font-family: verdana, geneva;\">Admirarte, en silencio, es mi secreto.<\/span><\/span><\/span><\/p>\n<p style=\"text-align: center;\" mce_style=\"text-align: center;\"><span style=\"font-size: small;\" mce_style=\"font-size: small;\"><span style=\"font-size: medium;\" mce_style=\"font-size: medium;\"><span style=\"font-family: verdana, geneva;\" mce_style=\"font-family: verdana, geneva;\">Son pocas nueve musas a ensalzarte<\/span><\/span><\/span><\/p>\n<p style=\"text-align: center;\" mce_style=\"text-align: center;\"><span style=\"font-size: small;\" mce_style=\"font-size: small;\"><span style=\"font-size: medium;\" mce_style=\"font-size: medium;\"><span style=\"font-family: verdana, geneva;\" mce_style=\"font-family: verdana, geneva;\">en los catorce versos de un soneto.<\/span><\/span><\/span><\/p>\n<p style=\"text-align: center;\" mce_style=\"text-align: center;\">\n<p style=\"text-align: center;\" mce_style=\"text-align: center;\">\n<p style=\"text-align: center;\" mce_style=\"text-align: center;\">\n<p style=\"text-align: justify;\" mce_style=\"text-align: justify;\"><span style=\"font-size: small;\" mce_style=\"font-size: small;\"><span style=\"font-size: medium;\" mce_style=\"font-size: medium;\"><span style=\"font-family: verdana, geneva;\" mce_style=\"font-family: verdana, geneva;\"><span style=\"white-space:pre\" mce_style=\"white-space:pre\">\t<\/span><b>F\u00e9lix del Valle D\u00edaz.<\/b><\/span><\/span><\/span><\/p>\n<p style=\"text-align: center;\" mce_style=\"text-align: center;\"><span style=\"font-size: small;\" mce_style=\"font-size: small;\"><span style=\"font-size: medium;\" mce_style=\"font-size: medium;\"><span style=\"font-family: verdana, geneva;\" mce_style=\"font-family: verdana, geneva;\"><b>Compa\u00f1ero acad\u00e9mico.<\/b><\/span><\/span><\/span><\/p>\n<p style=\"text-align: center;\" mce_style=\"text-align: center;\">\n<p style=\"text-align: center;\" mce_style=\"text-align: center;\"><span style=\"font-size: small;\" mce_style=\"font-size: small;\"><span style=\"font-size: medium;\" mce_style=\"font-size: medium;\"><span style=\"font-family: verdana, geneva;\" mce_style=\"font-family: verdana, geneva;\">\u00bfPor qu\u00e9 cuando te llamo, Rosell,<\/span><\/span><\/span><\/p>\n<p style=\"text-align: center;\" mce_style=\"text-align: center;\"><span style=\"font-size: small;\" mce_style=\"font-size: small;\"><span style=\"font-size: medium;\" mce_style=\"font-size: medium;\"><span style=\"font-family: verdana, geneva;\" mce_style=\"font-family: verdana, geneva;\">no me respondes?<\/span><\/span><\/span><\/p>\n<p style=\"text-align: center;\" mce_style=\"text-align: center;\"><span style=\"font-size: small;\" mce_style=\"font-size: small;\"><span style=\"font-size: medium;\" mce_style=\"font-size: medium;\"><span style=\"font-family: verdana, geneva;\" mce_style=\"font-family: verdana, geneva;\">\u00bfPor qu\u00e9 te fuiste, amigo,<\/span><\/span><\/span><\/p>\n<p style=\"text-align: center;\" mce_style=\"text-align: center;\"><span style=\"font-size: small;\" mce_style=\"font-size: small;\"><span style=\"font-size: medium;\" mce_style=\"font-size: medium;\"><span style=\"font-family: verdana, geneva;\" mce_style=\"font-family: verdana, geneva;\">sin decirme siquiera<\/span><\/span><\/span><\/p>\n<p style=\"text-align: center;\" mce_style=\"text-align: center;\"><span style=\"font-size: small;\" mce_style=\"font-size: small;\"><span style=\"font-size: medium;\" mce_style=\"font-size: medium;\"><span style=\"font-family: verdana, geneva;\" mce_style=\"font-family: verdana, geneva;\">que sent\u00edas fatiga<\/span><\/span><\/span><\/p>\n<p style=\"text-align: center;\" mce_style=\"text-align: center;\"><span style=\"font-size: small;\" mce_style=\"font-size: small;\"><span style=\"font-size: medium;\" mce_style=\"font-size: medium;\"><span style=\"font-family: verdana, geneva;\" mce_style=\"font-family: verdana, geneva;\">de tanto caminar subido en Clavile\u00f1o,<\/span><\/span><\/span><\/p>\n<p style=\"text-align: center;\" mce_style=\"text-align: center;\"><span style=\"font-size: small;\" mce_style=\"font-size: small;\"><span style=\"font-size: medium;\" mce_style=\"font-size: medium;\"><span style=\"font-family: verdana, geneva;\" mce_style=\"font-family: verdana, geneva;\">montado en Rocinante,&nbsp;<\/span><\/span><\/span><\/p>\n<p style=\"text-align: center;\" mce_style=\"text-align: center;\"><span style=\"font-size: small;\" mce_style=\"font-size: small;\"><span style=\"font-size: medium;\" mce_style=\"font-size: medium;\"><span style=\"font-family: verdana, geneva;\" mce_style=\"font-family: verdana, geneva;\">volando sobre Rucio<\/span><\/span><\/span><\/p>\n<p style=\"text-align: center;\" mce_style=\"text-align: center;\"><span style=\"font-size: small;\" mce_style=\"font-size: small;\"><span style=\"font-size: medium;\" mce_style=\"font-size: medium;\"><span style=\"font-family: verdana, geneva;\" mce_style=\"font-family: verdana, geneva;\">por el viento<\/span><\/span><\/span><\/p>\n<p style=\"text-align: center;\" mce_style=\"text-align: center;\"><span style=\"font-size: small;\" mce_style=\"font-size: small;\"><span style=\"font-size: medium;\" mce_style=\"font-size: medium;\"><span style=\"font-family: verdana, geneva;\" mce_style=\"font-family: verdana, geneva;\">que moviera las aspas<\/span><\/span><\/span><\/p>\n<p style=\"text-align: center;\" mce_style=\"text-align: center;\"><span style=\"font-size: small;\" mce_style=\"font-size: small;\"><span style=\"font-size: medium;\" mce_style=\"font-size: medium;\"><span style=\"font-family: verdana, geneva;\" mce_style=\"font-family: verdana, geneva;\">de aquellos los molinos de tus sue\u00f1os?<\/span><\/span><\/span><\/p>\n<p style=\"text-align: center;\" mce_style=\"text-align: center;\"><span style=\"font-size: small;\" mce_style=\"font-size: small;\"><span style=\"font-size: medium;\" mce_style=\"font-size: medium;\"><span style=\"font-family: verdana, geneva;\" mce_style=\"font-family: verdana, geneva;\">No eran gigantes, Pepe,<\/span><\/span><\/span><\/p>\n<p style=\"text-align: center;\" mce_style=\"text-align: center;\"><span style=\"font-size: small;\" mce_style=\"font-size: small;\"><span style=\"font-size: medium;\" mce_style=\"font-size: medium;\"><span style=\"font-family: verdana, geneva;\" mce_style=\"font-family: verdana, geneva;\">y t\u00fa lo sabes.<\/span><\/span><\/span><\/p>\n<p style=\"text-align: center;\" mce_style=\"text-align: center;\"><span style=\"font-size: small;\" mce_style=\"font-size: small;\"><span style=\"font-size: medium;\" mce_style=\"font-size: medium;\"><span style=\"font-family: verdana, geneva;\" mce_style=\"font-family: verdana, geneva;\">S\u00f3lo eran sombras alargadas<\/span><\/span><\/span><\/p>\n<p style=\"text-align: center;\" mce_style=\"text-align: center;\"><span style=\"font-size: small;\" mce_style=\"font-size: small;\"><span style=\"font-size: medium;\" mce_style=\"font-size: medium;\"><span style=\"font-family: verdana, geneva;\" mce_style=\"font-family: verdana, geneva;\">por el sol ma\u00f1anero.<\/span><\/span><\/span><\/p>\n<p style=\"text-align: center;\" mce_style=\"text-align: center;\"><span style=\"font-size: small;\" mce_style=\"font-size: small;\"><span style=\"font-size: medium;\" mce_style=\"font-size: medium;\"><span style=\"font-family: verdana, geneva;\" mce_style=\"font-family: verdana, geneva;\">Pero ya donde est\u00e9s<\/span><\/span><\/span><\/p>\n<p style=\"text-align: center;\" mce_style=\"text-align: center;\"><span style=\"font-size: small;\" mce_style=\"font-size: small;\"><span style=\"font-size: medium;\" mce_style=\"font-size: medium;\"><span style=\"font-family: verdana, geneva;\" mce_style=\"font-family: verdana, geneva;\">s\u00e9 que lo has descubierto;<\/span><\/span><\/span><\/p>\n<p style=\"text-align: center;\" mce_style=\"text-align: center;\"><span style=\"font-size: small;\" mce_style=\"font-size: small;\"><span style=\"font-size: medium;\" mce_style=\"font-size: medium;\"><span style=\"font-family: verdana, geneva;\" mce_style=\"font-family: verdana, geneva;\">nunca tuviste, Pepe,<\/span><\/span><\/span><\/p>\n<p style=\"text-align: center;\" mce_style=\"text-align: center;\"><span style=\"font-size: small;\" mce_style=\"font-size: small;\"><span style=\"font-size: medium;\" mce_style=\"font-size: medium;\"><span style=\"font-family: verdana, geneva;\" mce_style=\"font-family: verdana, geneva;\">nadie tan alto como t\u00fa<\/span><\/span><\/span><\/p>\n<p style=\"text-align: center;\" mce_style=\"text-align: center;\"><span style=\"font-size: small;\" mce_style=\"font-size: small;\"><span style=\"font-size: medium;\" mce_style=\"font-size: medium;\"><span style=\"font-family: verdana, geneva;\" mce_style=\"font-family: verdana, geneva;\">pisando tu sendero.<\/span><\/span><\/span><\/p>\n<p style=\"text-align: center;\" mce_style=\"text-align: center;\"><span style=\"font-size: small;\" mce_style=\"font-size: small;\"><span style=\"font-size: medium;\" mce_style=\"font-size: medium;\"><span style=\"font-family: verdana, geneva;\" mce_style=\"font-family: verdana, geneva;\">Nunca hubo gigantes a tu lado;<\/span><\/span><\/span><\/p>\n<p style=\"text-align: center;\" mce_style=\"text-align: center;\"><span style=\"font-size: small;\" mce_style=\"font-size: small;\"><span style=\"font-size: medium;\" mce_style=\"font-size: medium;\"><span style=\"font-family: verdana, geneva;\" mce_style=\"font-family: verdana, geneva;\">nadie alcanzaba nunca tu estatura<\/span><\/span><\/span><\/p>\n<p style=\"text-align: center;\" mce_style=\"text-align: center;\"><span style=\"font-size: small;\" mce_style=\"font-size: small;\"><span style=\"font-size: medium;\" mce_style=\"font-size: medium;\"><span style=\"font-family: verdana, geneva;\" mce_style=\"font-family: verdana, geneva;\">amigo Cervantista,<\/span><\/span><\/span><\/p>\n<p style=\"text-align: center;\" mce_style=\"text-align: center;\"><span style=\"font-size: small;\" mce_style=\"font-size: small;\"><span style=\"font-size: medium;\" mce_style=\"font-size: medium;\"><span style=\"font-family: verdana, geneva;\" mce_style=\"font-family: verdana, geneva;\">poeta,<\/span><\/span><\/span><\/p>\n<p style=\"text-align: center;\" mce_style=\"text-align: center;\"><span style=\"font-size: small;\" mce_style=\"font-size: small;\"><span style=\"font-size: medium;\" mce_style=\"font-size: medium;\"><span style=\"font-family: verdana, geneva;\" mce_style=\"font-family: verdana, geneva;\">compa\u00f1ero.<\/span><\/span><\/span><\/p>\n<p style=\"text-align: center;\" mce_style=\"text-align: center;\">\n<p style=\"text-align: center;\" mce_style=\"text-align: center;\">\n<p style=\"text-align: center;\" mce_style=\"text-align: center;\">\n<p style=\"text-align: justify;\" mce_style=\"text-align: justify;\"><span style=\"font-size: small;\" mce_style=\"font-size: small;\"><span style=\"font-size: medium;\" mce_style=\"font-size: medium;\"><span style=\"font-family: verdana, geneva;\" mce_style=\"font-family: verdana, geneva;\"><b><span style=\"white-space:pre\" mce_style=\"white-space:pre\">\t<\/span>Lourdes Pleite Pleite<\/b><\/span><\/span><\/span><\/p>\n<p style=\"text-align: center;\" mce_style=\"text-align: center;\"><span style=\"font-size: small;\" mce_style=\"font-size: small;\"><span style=\"font-size: medium;\" mce_style=\"font-size: medium;\"><span style=\"font-family: verdana, geneva;\" mce_style=\"font-family: verdana, geneva;\"><b>C\u00f3mo empezar escribiendo a Pepe Rosell.<\/b><\/span><\/span><\/span><\/p>\n<p style=\"text-align: center;\" mce_style=\"text-align: center;\">\n<p style=\"text-align: center;\" mce_style=\"text-align: center;\"><span style=\"font-size: small;\" mce_style=\"font-size: small;\"><span style=\"font-size: medium;\" mce_style=\"font-size: medium;\"><span style=\"font-family: verdana, geneva;\" mce_style=\"font-family: verdana, geneva;\">C\u00f3mo empezar escribiendo a Pepe Rosell.<\/span><\/span><\/span><\/p>\n<p style=\"text-align: center;\" mce_style=\"text-align: center;\"><span style=\"font-size: small;\" mce_style=\"font-size: small;\"><span style=\"font-size: medium;\" mce_style=\"font-size: medium;\"><span style=\"font-family: verdana, geneva;\" mce_style=\"font-family: verdana, geneva;\">Vecinos fuimos en mi ni\u00f1ez, en las cuatro esquinas.<\/span><\/span><\/span><\/p>\n<p style=\"text-align: center;\" mce_style=\"text-align: center;\"><span style=\"font-size: small;\" mce_style=\"font-size: small;\"><span style=\"font-size: medium;\" mce_style=\"font-size: medium;\"><span style=\"font-family: verdana, geneva;\" mce_style=\"font-family: verdana, geneva;\">Desde que naciste ya despuntabas,<\/span><\/span><\/span><\/p>\n<p style=\"text-align: center;\" mce_style=\"text-align: center;\"><span style=\"font-size: small;\" mce_style=\"font-size: small;\"><span style=\"font-size: medium;\" mce_style=\"font-size: medium;\"><span style=\"font-family: verdana, geneva;\" mce_style=\"font-family: verdana, geneva;\">eras diferente hasta que fuiste sacando<\/span><\/span><\/span><\/p>\n<p style=\"text-align: center;\" mce_style=\"text-align: center;\"><span style=\"font-size: small;\" mce_style=\"font-size: small;\"><span style=\"font-size: medium;\" mce_style=\"font-size: medium;\"><span style=\"font-family: verdana, geneva;\" mce_style=\"font-family: verdana, geneva;\">lo que llevabas dentro, ese Quijote<\/span><\/span><\/span><\/p>\n<p style=\"text-align: center;\" mce_style=\"text-align: center;\"><span style=\"font-size: small;\" mce_style=\"font-size: small;\"><span style=\"font-size: medium;\" mce_style=\"font-size: medium;\"><span style=\"font-family: verdana, geneva;\" mce_style=\"font-family: verdana, geneva;\">del que t\u00fa tanto has hablado<\/span><\/span><\/span><\/p>\n<p style=\"text-align: center;\" mce_style=\"text-align: center;\"><span style=\"font-size: small;\" mce_style=\"font-size: small;\"><span style=\"font-size: medium;\" mce_style=\"font-size: medium;\"><span style=\"font-family: verdana, geneva;\" mce_style=\"font-family: verdana, geneva;\">y recreado con tanta maestr\u00eda<\/span><\/span><\/span><\/p>\n<p style=\"text-align: center;\" mce_style=\"text-align: center;\"><span style=\"font-size: small;\" mce_style=\"font-size: small;\"><span style=\"font-size: medium;\" mce_style=\"font-size: medium;\"><span style=\"font-family: verdana, geneva;\" mce_style=\"font-family: verdana, geneva;\">en los medios de comunicaci\u00f3n,<\/span><\/span><\/span><\/p>\n<p style=\"text-align: center;\" mce_style=\"text-align: center;\"><span style=\"font-size: small;\" mce_style=\"font-size: small;\"><span style=\"font-size: medium;\" mce_style=\"font-size: medium;\"><span style=\"font-family: verdana, geneva;\" mce_style=\"font-family: verdana, geneva;\">en cualquier tertulia.<\/span><\/span><\/span><\/p>\n<p style=\"text-align: center;\" mce_style=\"text-align: center;\"><span style=\"font-size: small;\" mce_style=\"font-size: small;\"><span style=\"font-size: medium;\" mce_style=\"font-size: medium;\"><span style=\"font-family: verdana, geneva;\" mce_style=\"font-family: verdana, geneva;\">Eras grande Rosell<\/span><\/span><\/span><\/p>\n<p style=\"text-align: center;\" mce_style=\"text-align: center;\"><span style=\"font-size: small;\" mce_style=\"font-size: small;\"><span style=\"font-size: medium;\" mce_style=\"font-size: medium;\"><span style=\"font-family: verdana, geneva;\" mce_style=\"font-family: verdana, geneva;\">y como todos los genios<\/span><\/span><\/span><\/p>\n<p style=\"text-align: center;\" mce_style=\"text-align: center;\"><span style=\"font-size: small;\" mce_style=\"font-size: small;\"><span style=\"font-size: medium;\" mce_style=\"font-size: medium;\"><span style=\"font-family: verdana, geneva;\" mce_style=\"font-family: verdana, geneva;\">te has ido sin avisar&nbsp;<\/span><\/span><\/span><\/p>\n<p style=\"text-align: center;\" mce_style=\"text-align: center;\"><span style=\"font-size: small;\" mce_style=\"font-size: small;\"><span style=\"font-size: medium;\" mce_style=\"font-size: medium;\"><span style=\"font-family: verdana, geneva;\" mce_style=\"font-family: verdana, geneva;\">y con las botas puestas,<\/span><\/span><\/span><\/p>\n<p style=\"text-align: center;\" mce_style=\"text-align: center;\"><span style=\"font-size: small;\" mce_style=\"font-size: small;\"><span style=\"font-size: medium;\" mce_style=\"font-size: medium;\"><span style=\"font-family: verdana, geneva;\" mce_style=\"font-family: verdana, geneva;\">de ese manjar de boca,<\/span><\/span><\/span><\/p>\n<p style=\"text-align: center;\" mce_style=\"text-align: center;\"><span style=\"font-size: small;\" mce_style=\"font-size: small;\"><span style=\"font-size: medium;\" mce_style=\"font-size: medium;\"><span style=\"font-family: verdana, geneva;\" mce_style=\"font-family: verdana, geneva;\">de esa memoria privilegiada<\/span><\/span><\/span><\/p>\n<p style=\"text-align: center;\" mce_style=\"text-align: center;\"><span style=\"font-size: small;\" mce_style=\"font-size: small;\"><span style=\"font-size: medium;\" mce_style=\"font-size: medium;\"><span style=\"font-family: verdana, geneva;\" mce_style=\"font-family: verdana, geneva;\">te llevar\u00e9 en mi recuerdo<\/span><\/span><\/span><\/p>\n<p style=\"text-align: center;\" mce_style=\"text-align: center;\"><span style=\"font-size: small;\" mce_style=\"font-size: small;\"><span style=\"font-size: medium;\" mce_style=\"font-size: medium;\"><span style=\"font-family: verdana, geneva;\" mce_style=\"font-family: verdana, geneva;\">con afecto y estima<\/span><\/span><\/span><\/p>\n<p style=\"text-align: center;\" mce_style=\"text-align: center;\"><span style=\"font-size: small;\" mce_style=\"font-size: small;\"><span style=\"font-size: medium;\" mce_style=\"font-size: medium;\"><span style=\"font-family: verdana, geneva;\" mce_style=\"font-family: verdana, geneva;\">te vamos a echar de menos<\/span><\/span><\/span><\/p>\n<p style=\"text-align: center;\" mce_style=\"text-align: center;\"><span style=\"font-size: small;\" mce_style=\"font-size: small;\"><span style=\"font-size: medium;\" mce_style=\"font-size: medium;\"><span style=\"font-family: verdana, geneva;\" mce_style=\"font-family: verdana, geneva;\">en los Recitales de Poes\u00eda.&nbsp;<\/span><\/span><\/span><\/p>\n<p style=\"text-align: center;\" mce_style=\"text-align: center;\"><span style=\"font-size: small;\" mce_style=\"font-size: small;\"><span style=\"font-size: medium;\" mce_style=\"font-size: medium;\"><span style=\"font-family: verdana, geneva;\" mce_style=\"font-family: verdana, geneva;\">Pepe Rosell, adi\u00f3s, hasta siempre.<\/span><\/span><\/span><\/p>\n<p style=\"text-align: center;\" mce_style=\"text-align: center;\">\n<p style=\"text-align: center;\" mce_style=\"text-align: center;\">\n<p style=\"text-align: justify;\" mce_style=\"text-align: justify;\"><span style=\"font-family: verdana, geneva; font-size: medium;\" mce_style=\"font-family: verdana, geneva; font-size: medium;\"><span style=\"white-space:pre\" mce_style=\"white-space:pre\">\t<\/span>Al final del acto, y atendiendo a la invitaci\u00f3n gentilmente&nbsp; hecha por el Comit\u00e9 Organizador a la Sociedad Cervantina de Esquivias, Sabino de Diego recit\u00f3 el poema \u00abLibre Eleg\u00eda a Do\u00f1a Catalina\u00bb del que era su autor Jos\u00e9 Rosell Villasevil. Finalmente, y en representaci\u00f3n de la Sociedad Cervantina, Clara Isabel Truchado Mart\u00edn declam\u00f3 el poema \u00abSanchica no fue de boda\u00bb, de Jos\u00e9 Rosell, en su memoria.<\/span><\/p>\n<p style=\"text-align: justify;\" mce_style=\"text-align: justify;\">\n<p style=\"text-align: center;\" mce_style=\"text-align: center;\"><img loading=\"lazy\" decoding=\"async\" class=\" size-full wp-image-2570 size-full wp-image-2570\" src=\"http:\/\/www.cervantinaesquivias.org\/wordpress\/wp-content\/uploads\/2018\/07\/rosell-33-clara.jpg\" mce_src=\"http:\/\/www.cervantinaesquivias.org\/wordpress\/wp-content\/uploads\/2018\/07\/rosell-33-clara.jpg\" alt=\"alt\" width=\"236\" height=\"618\" srcset=\"http:\/\/www.cervantinaesquivias.org\/wordpress\/wp-content\/uploads\/2018\/07\/rosell-33-clara.jpg 236w, http:\/\/www.cervantinaesquivias.org\/wordpress\/wp-content\/uploads\/2018\/07\/rosell-33-clara-115x300.jpg 115w\" sizes=\"auto, (max-width: 236px) 100vw, 236px\" \/><\/p>\n<p style=\"text-align: center;\" mce_style=\"text-align: center;\"><span style=\"font-size: small;\" mce_style=\"font-size: small;\"><span style=\"font-family: verdana, geneva;\" mce_style=\"font-family: verdana, geneva;\">(Clara Truchado durante su intervenci\u00f3n)<\/span><\/span><\/p>\n<p style=\"text-align: center;\" mce_style=\"text-align: center;\">\n<p style=\"text-align: center;\" mce_style=\"text-align: center;\">\n<p style=\"text-align: justify;\" mce_style=\"text-align: justify;\">\n<p style=\"text-align: center;\" mce_style=\"text-align: center;\"><span style=\"white-space:pre\" mce_style=\"white-space: pre;\">\t<\/span><span style=\"font-size: large;\" mce_style=\"font-size: large;\"><span style=\"font-family: verdana, geneva;\" mce_style=\"font-family: verdana, geneva;\"><b>HOMENAJE EN ESQUIVIAS<\/b><\/span><\/span><\/p>\n<p style=\"text-align: justify;\" mce_style=\"text-align: justify;\">\n<p style=\"text-align: justify;\" mce_style=\"text-align: justify;\"><span style=\"font-family: verdana, geneva; font-size: medium;\" mce_style=\"font-family: verdana, geneva; font-size: medium;\"><span style=\"white-space:pre\" mce_style=\"white-space: pre;\">\t<\/span>El 30 de septiembre de 2017, el Ayuntamiento de Esquivias y la Sociedad Cervantina, organizaron un Acto In Memoriam en honor a don Jos\u00e9 Rosell Villasevil. En el acto se hallaron presentes do\u00f1a Mar\u00eda del Carmen y do\u00f1a Teresa Rosell Casarrubios, hijas de Jos\u00e9 Rosell.<\/span><\/p>\n<p style=\"text-align: justify;\" mce_style=\"text-align: justify;\"><span style=\"font-family: verdana, geneva; font-size: medium;\" mce_style=\"font-family: verdana, geneva; font-size: medium;\"><br \/>\n<\/span><\/p>\n<p style=\"text-align: justify;\" mce_style=\"text-align: justify;\">\n<p style=\"text-align: center;\" mce_style=\"text-align: center;\"><img loading=\"lazy\" decoding=\"async\" class=\" size-full wp-image-2571 size-full wp-image-2571\" src=\"http:\/\/www.cervantinaesquivias.org\/wordpress\/wp-content\/uploads\/2018\/07\/rosell-17.jpg\" mce_src=\"http:\/\/www.cervantinaesquivias.org\/wordpress\/wp-content\/uploads\/2018\/07\/rosell-17.jpg\" alt=\"alt\" width=\"586\" height=\"450\" srcset=\"http:\/\/www.cervantinaesquivias.org\/wordpress\/wp-content\/uploads\/2018\/07\/rosell-17.jpg 586w, http:\/\/www.cervantinaesquivias.org\/wordpress\/wp-content\/uploads\/2018\/07\/rosell-17-300x230.jpg 300w\" sizes=\"auto, (max-width: 586px) 100vw, 586px\" \/><\/p>\n<p style=\"text-align: center;\" mce_style=\"text-align: center;\"><span style=\"font-size: small;\" mce_style=\"font-size: small;\"><span style=\"font-family: verdana, geneva;\" mce_style=\"font-family: verdana, geneva;\">(Amigos inseparables)<\/span><\/span><\/p>\n<p style=\"text-align: justify;\" mce_style=\"text-align: justify;\">\n<p style=\"text-align: justify;\" mce_style=\"text-align: justify;\"><span style=\"font-family: verdana, geneva; font-size: medium;\" mce_style=\"font-family: verdana, geneva; font-size: medium;\"><br \/>\n<\/span><\/p>\n<p style=\"text-align: justify;\" mce_style=\"text-align: justify;\"><span style=\"font-family: verdana, geneva; font-size: medium;\" mce_style=\"font-family: verdana, geneva; font-size: medium;\"><span style=\"white-space:pre\" mce_style=\"white-space: pre;\">\t<\/span>Do\u00f1a Milagros del Barrio P\u00e9rez-Grueso, alcaldesa de Esquivias, abri\u00f3 el acto pronunciando unas emotivas palabras, valorando la enorme personalidad de Jos\u00e9 Rosell, redescubierta en los pocos a\u00f1os que ha tenido ocasi\u00f3n de tratarlo. A continuaci\u00f3n tom\u00f3 la palabra don \u00c1ngel Felpeto, Consejero de Cultura de la JCCM, resaltando la figura de don Jos\u00e9 Rosell Villasevil, como cervantista, poeta y defensor a ultranza de la realidad cervantina de Esquivias. Seguidamente, y junto con don Paulino Guardia Torrej\u00f3n, Presidente en Funciones de la Sociedad Cervantina, hicieron entrega a las hijas de Jos\u00e9 Rosell de una placa conmemorativa, que lleva grabada la siguiente inscripci\u00f3n: <\/span><\/p>\n<p style=\"text-align: justify;\" mce_style=\"text-align: justify;\"><span style=\"font-family: verdana, geneva; font-size: medium;\" mce_style=\"font-family: verdana, geneva; font-size: medium;\"><\/span><span style=\"font-size: large;\" mce_style=\"font-size: large;\"><i><span style=\"font-family: verdana, geneva;\" mce_style=\"font-family: verdana, geneva;\">\u00abEl Ayuntamiento de Esquivias y la Sociedad Cervantina, a don Jos\u00e9 Rosell Villasevil, piedra angular del cervantismo esquiviano. Esquivias 30-IX-2017\u00bb.<\/span><\/i><\/span><\/p>\n<p style=\"text-align: justify;\" mce_style=\"text-align: justify;\"><span style=\"font-family: verdana, geneva; font-size: medium;\" mce_style=\"font-family: verdana, geneva; font-size: medium;\"><span style=\"white-space:pre\" mce_style=\"white-space: pre;\">\t<\/span>A continuaci\u00f3n, do\u00f1a Mar\u00eda del Carmen Rosell dio las gracias en nombre de su familia, que inevitablemente fueron acompa\u00f1adas de la emoci\u00f3n natural en singular momento, destacando la personalidad de su progenitor, como persona, cervantista y poeta.<\/span><\/p>\n<p style=\"text-align: justify;\" mce_style=\"text-align: justify;\"><span style=\"font-family: verdana, geneva; font-size: medium;\" mce_style=\"font-family: verdana, geneva; font-size: medium;\"><span style=\"white-space:pre\" mce_style=\"white-space: pre;\">\t<\/span>Con la proyecci\u00f3n de v\u00eddeos y fotograf\u00edas personales y familiares de Jos\u00e9 Rosell, se incid\u00eda, m\u00e1s a\u00fan, en los valores humanos y culturales que Jos\u00e9 Rosell atesor\u00f3 en su vida.<\/span><\/p>\n<p style=\"text-align: justify;\" mce_style=\"text-align: justify;\"><span style=\"font-family: verdana, geneva; font-size: medium;\" mce_style=\"font-family: verdana, geneva; font-size: medium;\"><span style=\"white-space:pre\" mce_style=\"white-space: pre;\">\t<\/span>En nombre de la Sociedad Cervantina, Francisco Torrej\u00f3n Olivar, miembro de su Junta Directiva, dirigi\u00f3 unas palabras, llenas de nostalgia en el recuerdo, se\u00f1alando a Jos\u00e9 Rosell como indiscutible continuador de la labor cultural que el otrora Presidente de esta Asociaci\u00f3n, don Sime\u00f3n Torrej\u00f3n Moya, inici\u00f3 en el a\u00f1o 1975.<\/span><\/p>\n<p style=\"text-align: justify;\" mce_style=\"text-align: justify;\"><span style=\"font-family: verdana, geneva; font-size: medium;\" mce_style=\"font-family: verdana, geneva; font-size: medium;\"><span style=\"white-space:pre\" mce_style=\"white-space: pre;\">\t<\/span>A continuaci\u00f3n se sucedieron muestras de afecto hacia Jos\u00e9 Rosell, incluso por parte del p\u00fablico asistente, recitando poemas de los que este barque\u00f1o\/esquiviano fue su autor, siendo declamados por Clara Isabel Truchado Mart\u00edn, Antonio S\u00e1nchez Gonz\u00e1lez y Sabino de Diego Romero, alternando con la lectura de manifiestos a cargo de Antonio S\u00e1nchez y Sabino de Diego, miembros de la Junta Directiva de la Sociedad Cervantina.<\/span><\/p>\n<p style=\"text-align: justify;\" mce_style=\"text-align: justify;\"><span style=\"font-family: verdana, geneva; font-size: medium;\" mce_style=\"font-family: verdana, geneva; font-size: medium;\"><span style=\"white-space:pre\" mce_style=\"white-space: pre;\">\t<\/span>El colof\u00f3n lo puso la voz del propio Jos\u00e9 Rosell, con la grabaci\u00f3n de una de sus frases preferidas, escritas por Miguel de Cervantes en el Pr\u00f3logo del Persiles y Sigismunda:<\/span><\/p>\n<p style=\"text-align: center;\" mce_style=\"text-align: center;\">\n<p style=\"text-align: center;\" mce_style=\"text-align: center;\"><span style=\"font-size: large;\" mce_style=\"font-size: large;\"><span style=\"font-family: verdana, geneva;\" mce_style=\"font-family: verdana, geneva;\"><i>\u00a1\u00a1Adi\u00f3s, gracias; <\/i><\/span><\/span><\/p>\n<p style=\"text-align: center;\" mce_style=\"text-align: center;\"><span style=\"font-size: large;\" mce_style=\"font-size: large;\"><span style=\"font-family: verdana, geneva;\" mce_style=\"font-family: verdana, geneva;\"><i>adi\u00f3s donaires; <\/i><\/span><\/span><\/p>\n<p style=\"text-align: center;\" mce_style=\"text-align: center;\"><span style=\"font-size: large;\" mce_style=\"font-size: large;\"><span style=\"font-family: verdana, geneva;\" mce_style=\"font-family: verdana, geneva;\"><i>adi\u00f3s, regocijados amigos; <\/i><\/span><\/span><\/p>\n<p style=\"text-align: center;\" mce_style=\"text-align: center;\"><span style=\"font-size: large;\" mce_style=\"font-size: large;\"><span style=\"font-family: verdana, geneva;\" mce_style=\"font-family: verdana, geneva;\"><i>que yo me voy muriendo, <\/i><\/span><\/span><\/p>\n<p style=\"text-align: center;\" mce_style=\"text-align: center;\"><span style=\"font-size: large;\" mce_style=\"font-size: large;\"><span style=\"font-family: verdana, geneva;\" mce_style=\"font-family: verdana, geneva;\"><i>y deseando veros presto <\/i><\/span><\/span><\/p>\n<p style=\"text-align: center;\" mce_style=\"text-align: center;\"><span style=\"font-size: large;\" mce_style=\"font-size: large;\"><span style=\"font-family: verdana, geneva;\" mce_style=\"font-family: verdana, geneva;\"><i>contentos en la otra vida\u00a1\u00a1<\/i><\/span><\/span><\/p>\n<p style=\"text-align: center;\" mce_style=\"text-align: center;\">\n<p style=\"text-align: justify;\" mce_style=\"text-align: justify;\"><span style=\"font-size: medium;\" mce_style=\"font-size: medium;\"><span style=\"font-family: verdana, geneva;\" mce_style=\"font-family: verdana, geneva;\"><span style=\"white-space:pre\" mce_style=\"white-space: pre;\">\t<\/span>Antes, el Grupo de Teatro \u00abCandilejas\u00bb, bajo la experta mano de su director, \u00d3liver Romero, represent\u00f3 el hipot\u00e9tico encuentro en Esquivias, basado en un gui\u00f3n original de Sabino de Diego, entre Miguel de Cervantes y Jos\u00e9 Rosell, ante la presencia de Catalina de Salazar, esposa de Cervantes, y de Mar\u00eda de Uxena, la criada que Catalina vio nacer y cri\u00f3 como si de su propia hija se tratara, nombr\u00e1ndola como heredera en su primer testamento. La representaci\u00f3n trata de resaltar algunas facetas de la vida de Jos\u00e9 Rosell: su cervantismo, la especial galanter\u00eda con todas las mujeres, su gran sentido del humor, etc. En la misma, tambi\u00e9n aparece El Ciego del Arrabal, personaje creado por Jos\u00e9 Rosell Villasevil, a modo de los juglares de la Edad Media.<\/span><\/span><\/p>\n<p style=\"text-align: justify;\" mce_style=\"text-align: justify;\"><span style=\"font-size: medium;\" mce_style=\"font-size: medium;\"><span style=\"font-family: verdana, geneva;\" mce_style=\"font-family: verdana, geneva;\"><br \/>\n<\/span><\/span><\/p>\n<p style=\"text-align: justify;\" mce_style=\"text-align: justify;\"><span style=\"font-size: medium;\" mce_style=\"font-size: medium;\"><span style=\"font-family: verdana, geneva;\" mce_style=\"font-family: verdana, geneva;\"><span style=\"white-space:pre\" mce_style=\"white-space:pre\">\t<\/span>Es de destacar la actuaci\u00f3n de los siguientes actores que encarnaron a los personajes:<\/span><\/span><\/p>\n<p style=\"text-align: justify;\" mce_style=\"text-align: justify;\"><span style=\"font-size: medium;\" mce_style=\"font-size: medium;\"><span style=\"font-family: verdana, geneva;\" mce_style=\"font-family: verdana, geneva;\"><br \/>\n<\/span><\/span><\/p>\n<p style=\"text-align: center;\" mce_style=\"text-align: center;\"><span style=\"font-size: medium;\" mce_style=\"font-size: medium;\"><span style=\"font-family: verdana, geneva;\" mce_style=\"font-family: verdana, geneva;\"><span style=\"white-space:pre\" mce_style=\"white-space:pre\">\t<\/span>Miguel de Cervantes&#8230;&#8230;&#8230;&#8230;&#8230;&#8230;&#8230;&#8230;.Adri\u00e1n Delgado.<\/span><\/span><\/p>\n<p style=\"text-align: center;\" mce_style=\"text-align: center;\"><span style=\"font-size: medium;\" mce_style=\"font-size: medium;\"><span style=\"font-family: verdana, geneva;\" mce_style=\"font-family: verdana, geneva;\"><span style=\"white-space:pre\" mce_style=\"white-space:pre\">\t<\/span>Jos\u00e9 Rosell\/El Ciego del Arrabal&#8230;&#8230;&#8230;..\u00d3liver Romero.<\/span><\/span><\/p>\n<p style=\"text-align: center;\" mce_style=\"text-align: center;\"><span style=\"font-size: medium;\" mce_style=\"font-size: medium;\"><span style=\"font-family: verdana, geneva;\" mce_style=\"font-family: verdana, geneva;\"><span style=\"white-space:pre\" mce_style=\"white-space:pre\">\t<\/span>Catalina de Salazar&#8230;&#8230;&#8230;&#8230;&#8230;&#8230;&#8230;&#8230;&#8230;..Maribel L\u00f3pez.<\/span><\/span><\/p>\n<p style=\"text-align: center;\" mce_style=\"text-align: center;\"><span style=\"font-size: medium;\" mce_style=\"font-size: medium;\"><span style=\"font-family: verdana, geneva;\" mce_style=\"font-family: verdana, geneva;\"><span style=\"white-space:pre\" mce_style=\"white-space:pre\">\t<\/span>Mar\u00eda de Uxena&#8230;&#8230;&#8230;&#8230;&#8230;&#8230;&#8230;&#8230;&#8230;&#8230;S\u00e9fora Bargue\u00f1o.<\/span><\/span><\/p>\n<p style=\"text-align: justify;\" mce_style=\"text-align: justify;\">\n<p style=\"text-align: justify;\" mce_style=\"text-align: justify;\"><span style=\"font-size: medium;\" mce_style=\"font-size: medium;\"><span style=\"font-family: verdana, geneva;\" mce_style=\"font-family: verdana, geneva;\"><span style=\"white-space:pre\" mce_style=\"white-space:pre\">\t<\/span>La presentaci\u00f3n corri\u00f3 a cargo de Susana Garc\u00eda Moya que, al tiempo, deleit\u00f3 con an\u00e9cdotas en la vida de Jos\u00e9 Rosell Villasevil a su paso por Esquivias.<\/span><\/span><\/p>\n<p style=\"text-align: justify;\" mce_style=\"text-align: justify;\">\n<p style=\"text-align: justify;\" mce_style=\"text-align: justify;\"><span style=\"font-size: medium;\" mce_style=\"font-size: medium;\"><span style=\"font-family: verdana, geneva;\" mce_style=\"font-family: verdana, geneva;\"><span style=\"white-space:pre\" mce_style=\"white-space:pre\">\t<\/span>En todo momento se declamaron poemas de los que fue su autor Jos\u00e9 Rosell, sobre una selecci\u00f3n de los que tiene publicados, y que fueron recitados por las personas que se citan. Por orden de intervenci\u00f3n:<\/span><\/span><\/p>\n<p style=\"text-align: justify;\" mce_style=\"text-align: justify;\">\n<p style=\"text-align: justify;\" mce_style=\"text-align: justify;\">\n<p><!--nextpage--><\/p>\n<p style=\"text-align: justify;\" mce_style=\"text-align: justify;\">\n<p style=\"text-align: center;\" mce_style=\"text-align: center;\"><img loading=\"lazy\" decoding=\"async\" class=\" size-full wp-image-2572 size-full wp-image-2572\" src=\"http:\/\/www.cervantinaesquivias.org\/wordpress\/wp-content\/uploads\/2018\/07\/rosell-18.jpg\" mce_src=\"http:\/\/www.cervantinaesquivias.org\/wordpress\/wp-content\/uploads\/2018\/07\/rosell-18.jpg\" alt=\"alt\" width=\"397\" height=\"529\" srcset=\"http:\/\/www.cervantinaesquivias.org\/wordpress\/wp-content\/uploads\/2018\/07\/rosell-18.jpg 397w, http:\/\/www.cervantinaesquivias.org\/wordpress\/wp-content\/uploads\/2018\/07\/rosell-18-225x300.jpg 225w\" sizes=\"auto, (max-width: 397px) 100vw, 397px\" \/><\/p>\n<p style=\"text-align: center;\" mce_style=\"text-align: center;\"><span style=\"font-size: small;\" mce_style=\"font-size: small;\"><span style=\"font-family: verdana, geneva;\" mce_style=\"font-family: verdana, geneva;\">(El Ciego del Arrabal, personaje creado por Jos\u00e9 Rosell).<\/span><\/span><\/p>\n<p style=\"text-align: justify;\" mce_style=\"text-align: justify;\">\n<p style=\"text-align: justify;\" mce_style=\"text-align: justify;\">\n<p style=\"text-align: justify;\" mce_style=\"text-align: justify;\">\n<p style=\"text-align: justify;\" mce_style=\"text-align: justify;\">\n<p style=\"text-align: justify;\" mce_style=\"text-align: justify;\"><span style=\"font-size: medium;\" mce_style=\"font-size: medium;\"><span style=\"font-family: verdana, geneva;\" mce_style=\"font-family: verdana, geneva;\"><b>Clara Isabel Truchado Mart\u00edn<\/b>,<\/span><span style=\"font-family: verdana, geneva;\" mce_style=\"font-family: verdana, geneva;\"> recit\u00f3:<\/span><\/span><\/p>\n<p style=\"text-align: justify;\" mce_style=\"text-align: justify;\"><span style=\"font-size: medium;\" mce_style=\"font-size: medium;\"><span style=\"font-size: medium;\" mce_style=\"font-size: medium;\"><span style=\"font-family: verdana, geneva;\" mce_style=\"font-family: verdana, geneva;\"><br \/>\n<\/span><\/span><\/span><\/p>\n<p style=\"text-align: center;\" mce_style=\"text-align: center;\"><span style=\"font-size: small;\" mce_style=\"font-size: small;\"><span style=\"font-size: medium;\" mce_style=\"font-size: medium;\"><span style=\"font-family: verdana, geneva;\" mce_style=\"font-family: verdana, geneva;\"><b>Testamento <\/b>(Jos\u00e9 Rosell 1989)<\/span><\/span><\/span><\/p>\n<p style=\"text-align: center;\" mce_style=\"text-align: center;\"><span style=\"font-size: small;\" mce_style=\"font-size: small;\"><b><span style=\"font-size: medium;\" mce_style=\"font-size: medium;\"><span style=\"font-family: verdana, geneva;\" mce_style=\"font-family: verdana, geneva;\"><br \/>\n<\/span><\/span><\/b><\/span><\/p>\n<p style=\"text-align: center;\" mce_style=\"text-align: center;\"><span style=\"font-size: medium;\" mce_style=\"font-size: medium;\"><span style=\"font-family: verdana, geneva;\" mce_style=\"font-family: verdana, geneva;\">Lego a la humanidad<\/span><\/span><\/p>\n<p style=\"text-align: center;\" mce_style=\"text-align: center;\"><span style=\"font-size: medium;\" mce_style=\"font-size: medium;\"><span style=\"font-family: verdana, geneva;\" mce_style=\"font-family: verdana, geneva;\">cuanto he aprendido;<\/span><\/span><\/p>\n<p style=\"text-align: center;\" mce_style=\"text-align: center;\"><span style=\"font-size: medium;\" mce_style=\"font-size: medium;\"><span style=\"font-family: verdana, geneva;\" mce_style=\"font-family: verdana, geneva;\">el capital de mis desenga\u00f1os<\/span><\/span><\/p>\n<p style=\"text-align: center;\" mce_style=\"text-align: center;\"><span style=\"font-size: medium;\" mce_style=\"font-size: medium;\"><span style=\"font-family: verdana, geneva;\" mce_style=\"font-family: verdana, geneva;\">es para mis hijos.<\/span><\/span><\/p>\n<p style=\"text-align: center;\" mce_style=\"text-align: center;\"><span style=\"font-size: medium;\" mce_style=\"font-size: medium;\"><span style=\"font-family: verdana, geneva;\" mce_style=\"font-family: verdana, geneva;\"><br \/>\n<\/span><\/span><\/p>\n<p style=\"text-align: center;\" mce_style=\"text-align: center;\"><span style=\"font-size: medium;\" mce_style=\"font-size: medium;\"><span style=\"font-family: verdana, geneva;\" mce_style=\"font-family: verdana, geneva;\">Para la vida lego<\/span><\/span><\/p>\n<p style=\"text-align: center;\" mce_style=\"text-align: center;\"><span style=\"font-size: medium;\" mce_style=\"font-size: medium;\"><span style=\"font-family: verdana, geneva;\" mce_style=\"font-family: verdana, geneva;\">mi cad\u00e1ver;<\/span><\/span><\/p>\n<p style=\"text-align: center;\" mce_style=\"text-align: center;\"><span style=\"font-size: medium;\" mce_style=\"font-size: medium;\"><span style=\"font-family: verdana, geneva;\" mce_style=\"font-family: verdana, geneva;\">las joyas de mis errores<\/span><\/span><\/p>\n<p style=\"text-align: center;\" mce_style=\"text-align: center;\"><span style=\"font-size: medium;\" mce_style=\"font-size: medium;\"><span style=\"font-family: verdana, geneva;\" mce_style=\"font-family: verdana, geneva;\">son para mis hijos.<\/span><\/span><\/p>\n<p style=\"text-align: center;\" mce_style=\"text-align: center;\"><span style=\"font-size: medium;\" mce_style=\"font-size: medium;\"><span style=\"font-family: verdana, geneva;\" mce_style=\"font-family: verdana, geneva;\"><br \/>\n<\/span><\/span><\/p>\n<p style=\"text-align: center;\" mce_style=\"text-align: center;\"><span style=\"font-size: medium;\" mce_style=\"font-size: medium;\"><span style=\"font-family: verdana, geneva;\" mce_style=\"font-family: verdana, geneva;\">Distribuyan mi amor<\/span><\/span><\/p>\n<p style=\"text-align: center;\" mce_style=\"text-align: center;\"><span style=\"font-size: medium;\" mce_style=\"font-size: medium;\"><span style=\"font-family: verdana, geneva;\" mce_style=\"font-family: verdana, geneva;\">mis enemigos;<\/span><\/span><\/p>\n<p style=\"text-align: center;\" mce_style=\"text-align: center;\"><span style=\"font-size: medium;\" mce_style=\"font-size: medium;\"><span style=\"font-family: verdana, geneva;\" mce_style=\"font-family: verdana, geneva;\">mis brazos a los que m\u00e1s<\/span><\/span><\/p>\n<p style=\"text-align: center;\" mce_style=\"text-align: center;\"><span style=\"font-size: medium;\" mce_style=\"font-size: medium;\"><span style=\"font-family: verdana, geneva;\" mce_style=\"font-family: verdana, geneva;\">me abofetearon;&nbsp;<\/span><\/span><\/p>\n<p style=\"text-align: center;\" mce_style=\"text-align: center;\"><span style=\"font-size: medium;\" mce_style=\"font-size: medium;\"><span style=\"font-family: verdana, geneva;\" mce_style=\"font-family: verdana, geneva;\">y toda mi amargura,&nbsp;<\/span><\/span><\/p>\n<p style=\"text-align: center;\" mce_style=\"text-align: center;\"><span style=\"font-size: medium;\" mce_style=\"font-size: medium;\"><span style=\"font-family: verdana, geneva;\" mce_style=\"font-family: verdana, geneva;\">mi verg\u00fcenza,<\/span><\/span><\/p>\n<p style=\"text-align: center;\" mce_style=\"text-align: center;\"><span style=\"font-size: medium;\" mce_style=\"font-size: medium;\"><span style=\"font-family: verdana, geneva;\" mce_style=\"font-family: verdana, geneva;\">mi silencio, sean<\/span><\/span><\/p>\n<p style=\"text-align: center;\" mce_style=\"text-align: center;\"><span style=\"font-size: medium;\" mce_style=\"font-size: medium;\"><span style=\"font-family: verdana, geneva;\" mce_style=\"font-family: verdana, geneva;\">para mis hijos.<\/span><\/span><\/p>\n<p style=\"text-align: center;\" mce_style=\"text-align: center;\"><span style=\"font-size: medium;\" mce_style=\"font-size: medium;\"><span style=\"font-family: verdana, geneva;\" mce_style=\"font-family: verdana, geneva;\"><br \/>\n<\/span><\/span><\/p>\n<p style=\"text-align: center;\" mce_style=\"text-align: center;\"><span style=\"font-size: medium;\" mce_style=\"font-size: medium;\"><span style=\"font-family: verdana, geneva;\" mce_style=\"font-family: verdana, geneva;\">El coraz\u00f3n lo dejo, averiado<\/span><\/span><\/p>\n<p style=\"text-align: center;\" mce_style=\"text-align: center;\"><span style=\"font-size: medium;\" mce_style=\"font-size: medium;\"><span style=\"font-family: verdana, geneva;\" mce_style=\"font-family: verdana, geneva;\">para que jueguen los ni\u00f1os.<\/span><\/span><\/p>\n<p style=\"text-align: center;\" mce_style=\"text-align: center;\"><span style=\"font-size: medium;\" mce_style=\"font-size: medium;\"><span style=\"font-family: verdana, geneva;\" mce_style=\"font-family: verdana, geneva;\"><br \/>\n<\/span><\/span><\/p>\n<p style=\"text-align: center;\" mce_style=\"text-align: center;\"><span style=\"font-size: medium;\" mce_style=\"font-size: medium;\"><span style=\"font-family: verdana, geneva;\" mce_style=\"font-family: verdana, geneva;\">Desheredo a los falsos,<\/span><\/span><\/p>\n<p style=\"text-align: center;\" mce_style=\"text-align: center;\"><span style=\"font-size: medium;\" mce_style=\"font-size: medium;\"><span style=\"font-family: verdana, geneva;\" mce_style=\"font-family: verdana, geneva;\">a los gusanos<\/span><\/span><\/p>\n<p style=\"text-align: center;\" mce_style=\"text-align: center;\"><span style=\"font-size: medium;\" mce_style=\"font-size: medium;\"><span style=\"font-family: verdana, geneva;\" mce_style=\"font-family: verdana, geneva;\">y a los anodinos.<\/span><\/span><\/p>\n<p style=\"text-align: center;\" mce_style=\"text-align: center;\"><span style=\"font-size: medium;\" mce_style=\"font-size: medium;\"><span style=\"font-family: verdana, geneva;\" mce_style=\"font-family: verdana, geneva;\">Doy fe, firmo y rubrico.<\/span><\/span><\/p>\n<p style=\"text-align: center;\" mce_style=\"text-align: center;\">\n<p style=\"text-align: center;\" mce_style=\"text-align: center;\">\n<p style=\"text-align: center;\" mce_style=\"text-align: center;\">\n<p style=\"text-align: justify;\" mce_style=\"text-align: justify;\"><span style=\"font-size: medium;\" mce_style=\"font-size: medium;\"><span style=\"font-family: verdana, geneva;\" mce_style=\"font-family: verdana, geneva;\"><span style=\"white-space:pre\" mce_style=\"white-space:pre\">\t<\/span><b>Antonio S\u00e1nchez Gonz\u00e1lez<\/b>, recit\u00f3:<\/span><\/span><\/p>\n<p style=\"text-align: justify;\" mce_style=\"text-align: justify;\">\n<p style=\"text-align: center;\" mce_style=\"text-align: center;\"><span style=\"font-size: medium;\" mce_style=\"font-size: medium;\"><span style=\"font-family: verdana, geneva;\" mce_style=\"font-family: verdana, geneva;\"><b>Contradicciones<\/b> (Jos\u00e9 Rosell 1996).<\/span><\/span><\/p>\n<p style=\"text-align: center;\" mce_style=\"text-align: center;\">\n<p style=\"text-align: center;\" mce_style=\"text-align: center;\"><span style=\"font-size: medium;\" mce_style=\"font-size: medium;\"><span style=\"font-family: verdana, geneva;\" mce_style=\"font-family: verdana, geneva;\">\u00bfPor qu\u00e9 tendr\u00e9 tal pavor<\/span><\/span><\/p>\n<p style=\"text-align: center;\" mce_style=\"text-align: center;\"><span style=\"font-size: medium;\" mce_style=\"font-size: medium;\"><span style=\"font-family: verdana, geneva;\" mce_style=\"font-family: verdana, geneva;\">a morir, cuando mi empe\u00f1o<\/span><\/span><\/p>\n<p style=\"text-align: center;\" mce_style=\"text-align: center;\"><span style=\"font-size: medium;\" mce_style=\"font-size: medium;\"><span style=\"font-family: verdana, geneva;\" mce_style=\"font-family: verdana, geneva;\">fue siempre verme flotando&nbsp;<\/span><\/span><\/p>\n<p style=\"text-align: center;\" mce_style=\"text-align: center;\"><span style=\"font-size: medium;\" mce_style=\"font-size: medium;\"><span style=\"font-family: verdana, geneva;\" mce_style=\"font-family: verdana, geneva;\">por el \u00e9ter de los sue\u00f1os?<\/span><\/span><\/p>\n<p style=\"text-align: center;\" mce_style=\"text-align: center;\">\n<p style=\"text-align: center;\" mce_style=\"text-align: center;\"><span style=\"font-size: medium;\" mce_style=\"font-size: medium;\"><span style=\"font-family: verdana, geneva;\" mce_style=\"font-family: verdana, geneva;\">\u00bfSi centr\u00e9 toda ilusi\u00f3n<\/span><\/span><\/p>\n<p style=\"text-align: center;\" mce_style=\"text-align: center;\"><span style=\"font-size: medium;\" mce_style=\"font-size: medium;\"><span style=\"font-family: verdana, geneva;\" mce_style=\"font-family: verdana, geneva;\">en la paz de las alturas<\/span><\/span><\/p>\n<p style=\"text-align: center;\" mce_style=\"text-align: center;\"><span style=\"font-size: medium;\" mce_style=\"font-size: medium;\"><span style=\"font-family: verdana, geneva;\" mce_style=\"font-family: verdana, geneva;\">buscando la perfecci\u00f3n<\/span><\/span><\/p>\n<p style=\"text-align: center;\" mce_style=\"text-align: center;\"><span style=\"font-size: medium;\" mce_style=\"font-size: medium;\"><span style=\"font-family: verdana, geneva;\" mce_style=\"font-family: verdana, geneva;\">suelto de estas ataduras?<\/span><\/span><\/p>\n<p style=\"text-align: center;\" mce_style=\"text-align: center;\">\n<p style=\"text-align: center;\" mce_style=\"text-align: center;\"><span style=\"font-size: medium;\" mce_style=\"font-size: medium;\"><span style=\"font-family: verdana, geneva;\" mce_style=\"font-family: verdana, geneva;\">Quisiera entre cielo y mar<\/span><\/span><\/p>\n<p style=\"text-align: center;\" mce_style=\"text-align: center;\"><span style=\"font-size: medium;\" mce_style=\"font-size: medium;\"><span style=\"font-family: verdana, geneva;\" mce_style=\"font-family: verdana, geneva;\">navegar tranquilamente<\/span><\/span><\/p>\n<p style=\"text-align: center;\" mce_style=\"text-align: center;\"><span style=\"font-size: medium;\" mce_style=\"font-size: medium;\"><span style=\"font-family: verdana, geneva;\" mce_style=\"font-family: verdana, geneva;\">confundiendo la verdad<\/span><\/span><\/p>\n<p style=\"text-align: center;\" mce_style=\"text-align: center;\"><span style=\"font-size: medium;\" mce_style=\"font-size: medium;\"><span style=\"font-family: verdana, geneva;\" mce_style=\"font-family: verdana, geneva;\">de estos mundos diferentes.<\/span><\/span><\/p>\n<p style=\"text-align: center;\" mce_style=\"text-align: center;\">\n<p style=\"text-align: center;\" mce_style=\"text-align: center;\"><span style=\"font-size: medium;\" mce_style=\"font-size: medium;\"><span style=\"font-family: verdana, geneva;\" mce_style=\"font-family: verdana, geneva;\">Si no p\u00e1jaro altivo en la monta\u00f1a<\/span><\/span><\/p>\n<p style=\"text-align: center;\" mce_style=\"text-align: center;\"><span style=\"font-size: medium;\" mce_style=\"font-size: medium;\"><span style=\"font-family: verdana, geneva;\" mce_style=\"font-family: verdana, geneva;\">d\u00e9jame ser, Se\u00f1or, fiel golondrina<\/span><\/span><\/p>\n<p style=\"text-align: center;\" mce_style=\"text-align: center;\"><span style=\"font-size: medium;\" mce_style=\"font-size: medium;\"><span style=\"font-family: verdana, geneva;\" mce_style=\"font-family: verdana, geneva;\">que cante en la alta torre de la iglesia<\/span><\/span><\/p>\n<p style=\"text-align: center;\" mce_style=\"text-align: center;\"><span style=\"font-size: medium;\" mce_style=\"font-size: medium;\"><span style=\"font-family: verdana, geneva;\" mce_style=\"font-family: verdana, geneva;\">atardeceres de alas bailarinas.<\/span><\/span><\/p>\n<p style=\"text-align: center;\" mce_style=\"text-align: center;\">\n<p style=\"text-align: center;\" mce_style=\"text-align: center;\"><span style=\"font-size: medium;\" mce_style=\"font-size: medium;\"><span style=\"font-family: verdana, geneva;\" mce_style=\"font-family: verdana, geneva;\">Perm\u00edteme arrullar a mi paloma&nbsp;<\/span><\/span><\/p>\n<p style=\"text-align: center;\" mce_style=\"text-align: center;\"><span style=\"font-size: medium;\" mce_style=\"font-size: medium;\"><span style=\"font-family: verdana, geneva;\" mce_style=\"font-family: verdana, geneva;\">poemas de sol a guapas florecillas<\/span><\/span><\/p>\n<p style=\"text-align: center;\" mce_style=\"text-align: center;\"><span style=\"font-size: medium;\" mce_style=\"font-size: medium;\"><span style=\"font-family: verdana, geneva;\" mce_style=\"font-family: verdana, geneva;\">a cambio de mil besos de colores<\/span><\/span><\/p>\n<p style=\"text-align: center;\" mce_style=\"text-align: center;\"><span style=\"font-size: medium;\" mce_style=\"font-size: medium;\"><span style=\"font-family: verdana, geneva;\" mce_style=\"font-family: verdana, geneva;\">que brotan del rubor de sus mejillas.<\/span><\/span><\/p>\n<p style=\"text-align: center;\" mce_style=\"text-align: center;\">\n<p style=\"text-align: center;\" mce_style=\"text-align: center;\"><span style=\"font-size: medium;\" mce_style=\"font-size: medium;\"><span style=\"font-family: verdana, geneva;\" mce_style=\"font-family: verdana, geneva;\">Quiero a la grupa de mi Clavile\u00f1o<\/span><\/span><\/p>\n<p style=\"text-align: center;\" mce_style=\"text-align: center;\"><span style=\"font-size: medium;\" mce_style=\"font-size: medium;\"><span style=\"font-family: verdana, geneva;\" mce_style=\"font-family: verdana, geneva;\">saludar como Sancho a las \u00abcabrillas\u00bb<\/span><\/span><\/p>\n<p style=\"text-align: center;\" mce_style=\"text-align: center;\"><span style=\"font-size: medium;\" mce_style=\"font-size: medium;\"><span style=\"font-family: verdana, geneva;\" mce_style=\"font-family: verdana, geneva;\">y ser gobernador de Baratarias<\/span><\/span><\/p>\n<p style=\"text-align: center;\" mce_style=\"text-align: center;\"><span style=\"font-size: medium;\" mce_style=\"font-size: medium;\"><span style=\"font-family: verdana, geneva;\" mce_style=\"font-family: verdana, geneva;\">peque\u00f1as como cajas de cerillas&#8230;<\/span><\/span><\/p>\n<p style=\"text-align: center;\" mce_style=\"text-align: center;\">\n<p style=\"text-align: center;\" mce_style=\"text-align: center;\"><span style=\"font-size: medium;\" mce_style=\"font-size: medium;\"><span style=\"font-family: verdana, geneva;\" mce_style=\"font-family: verdana, geneva;\">\u00bfPor qu\u00e9 tendr\u00e9 tal pavor<\/span><\/span><\/p>\n<p style=\"text-align: center;\" mce_style=\"text-align: center;\"><span style=\"font-size: medium;\" mce_style=\"font-size: medium;\"><span style=\"font-family: verdana, geneva;\" mce_style=\"font-family: verdana, geneva;\">a morir, cuando mi empe\u00f1o<\/span><\/span><\/p>\n<p style=\"text-align: center;\" mce_style=\"text-align: center;\"><span style=\"font-size: medium;\" mce_style=\"font-size: medium;\"><span style=\"font-family: verdana, geneva;\" mce_style=\"font-family: verdana, geneva;\">fue siempre verme flotando<\/span><\/span><\/p>\n<p style=\"text-align: center;\" mce_style=\"text-align: center;\"><span style=\"font-size: medium;\" mce_style=\"font-size: medium;\"><span style=\"font-family: verdana, geneva;\" mce_style=\"font-family: verdana, geneva;\">por el \u00e9ter de los sue\u00f1os?<\/span><\/span><\/p>\n<p style=\"text-align: center;\" mce_style=\"text-align: center;\">\n<p style=\"text-align: center;\" mce_style=\"text-align: center;\"><span style=\"font-size: medium;\" mce_style=\"font-size: medium;\"><span style=\"font-family: verdana, geneva;\" mce_style=\"font-family: verdana, geneva;\">Seguramente porque estoy varado<\/span><\/span><\/p>\n<p style=\"text-align: center;\" mce_style=\"text-align: center;\"><span style=\"font-size: medium;\" mce_style=\"font-size: medium;\"><span style=\"font-family: verdana, geneva;\" mce_style=\"font-family: verdana, geneva;\">en esta playa de las ambiciones<\/span><\/span><\/p>\n<p style=\"text-align: center;\" mce_style=\"text-align: center;\"><span style=\"font-size: medium;\" mce_style=\"font-size: medium;\"><span style=\"font-family: verdana, geneva;\" mce_style=\"font-family: verdana, geneva;\">y no van m\u00e1s all\u00e1 mis valent\u00edas<\/span><\/span><\/p>\n<p style=\"text-align: center;\" mce_style=\"text-align: center;\"><span style=\"font-size: medium;\" mce_style=\"font-size: medium;\"><span style=\"font-family: verdana, geneva;\" mce_style=\"font-family: verdana, geneva;\">que a escribir unos versos facilones.<\/span><\/span><\/p>\n<p style=\"text-align: center;\" mce_style=\"text-align: center;\"><span style=\"font-size: medium;\" mce_style=\"font-size: medium;\"><span style=\"font-family: verdana, geneva;\" mce_style=\"font-family: verdana, geneva;\">Ego\u00edsta careta de mis fantas\u00edas.<\/span><\/span><\/p>\n<p style=\"text-align: center;\" mce_style=\"text-align: center;\">\n<p style=\"text-align: center;\" mce_style=\"text-align: center;\">\n<p style=\"text-align: justify;\" mce_style=\"text-align: justify;\"><span style=\"white-space:pre\" mce_style=\"white-space: pre;\">\t<\/span><span style=\"font-size: medium;\" mce_style=\"font-size: medium;\"><span style=\"font-family: verdana, geneva;\" mce_style=\"font-family: verdana, geneva;\"><b>Sabino de Diego Romero<\/b>, recit\u00f3:<\/span><\/span><\/p>\n<p style=\"text-align: justify;\" mce_style=\"text-align: justify;\"><span style=\"font-size: medium;\" mce_style=\"font-size: medium;\"><span style=\"font-family: verdana, geneva;\" mce_style=\"font-family: verdana, geneva;\"><br \/>\n<\/span><\/span><\/p>\n<p style=\"text-align: center;\" mce_style=\"text-align: center;\"><span style=\"font-size: medium;\" mce_style=\"font-size: medium;\"><span style=\"font-family: verdana, geneva;\" mce_style=\"font-family: verdana, geneva;\"><b>Libre eleg\u00eda a Do\u00f1a Catalina<\/b> (Jos\u00e9 Rosell)<\/span><\/span><\/p>\n<p style=\"text-align: center;\" mce_style=\"text-align: center;\">\n<p style=\"text-align: center;\" mce_style=\"text-align: center;\"><span style=\"font-size: medium;\" mce_style=\"font-size: medium;\"><span style=\"font-family: verdana, geneva;\" mce_style=\"font-family: verdana, geneva;\">Dios mand\u00f3, por la rueda<\/span><\/span><\/p>\n<p style=\"text-align: center;\" mce_style=\"text-align: center;\"><span style=\"font-size: medium;\" mce_style=\"font-size: medium;\"><span style=\"font-family: verdana, geneva;\" mce_style=\"font-family: verdana, geneva;\">gigante de los tiempos,&nbsp;<\/span><\/span><\/p>\n<p style=\"text-align: center;\" mce_style=\"text-align: center;\"><span style=\"font-size: medium;\" mce_style=\"font-size: medium;\"><span style=\"font-family: verdana, geneva;\" mce_style=\"font-family: verdana, geneva;\">a uno de sus Arc\u00e1ngeles<\/span><\/span><\/p>\n<p style=\"text-align: center;\" mce_style=\"text-align: center;\"><span style=\"font-size: medium;\" mce_style=\"font-size: medium;\"><span style=\"font-family: verdana, geneva;\" mce_style=\"font-family: verdana, geneva;\">-\u00bfacaso San Miguel?-<\/span><\/span><\/p>\n<p style=\"text-align: center;\" mce_style=\"text-align: center;\"><span style=\"font-size: medium;\" mce_style=\"font-size: medium;\"><span style=\"font-family: verdana, geneva;\" mce_style=\"font-family: verdana, geneva;\">guardar cierto tesoro<\/span><\/span><\/p>\n<p style=\"text-align: center;\" mce_style=\"text-align: center;\"><span style=\"font-size: medium;\" mce_style=\"font-size: medium;\"><span style=\"font-family: verdana, geneva;\" mce_style=\"font-family: verdana, geneva;\">en un Lugar peque\u00f1o,<\/span><\/span><\/p>\n<p style=\"text-align: center;\" mce_style=\"text-align: center;\"><span style=\"font-size: medium;\" mce_style=\"font-size: medium;\"><span style=\"font-family: verdana, geneva;\" mce_style=\"font-family: verdana, geneva;\">muy peque\u00f1o,<\/span><\/span><\/p>\n<p style=\"text-align: center;\" mce_style=\"text-align: center;\"><span style=\"font-size: medium;\" mce_style=\"font-size: medium;\"><span style=\"font-family: verdana, geneva;\" mce_style=\"font-family: verdana, geneva;\">digno de su especial<\/span><\/span><\/p>\n<p style=\"text-align: center;\" mce_style=\"text-align: center;\"><span style=\"font-size: medium;\" mce_style=\"font-size: medium;\"><span style=\"font-family: verdana, geneva;\" mce_style=\"font-family: verdana, geneva;\">amor, la Tierra.<\/span><\/span><\/p>\n<p style=\"text-align: center;\" mce_style=\"text-align: center;\">\n<p style=\"text-align: center;\" mce_style=\"text-align: center;\"><span style=\"font-size: medium;\" mce_style=\"font-size: medium;\"><span style=\"font-family: verdana, geneva;\" mce_style=\"font-family: verdana, geneva;\">\u00abEsquivias llamar\u00e9is<\/span><\/span><\/p>\n<p style=\"text-align: center;\" mce_style=\"text-align: center;\"><span style=\"font-size: medium;\" mce_style=\"font-size: medium;\"><span style=\"font-family: verdana, geneva;\" mce_style=\"font-family: verdana, geneva;\">a esta parcela de la Sagra\u00bb,&nbsp;<\/span><\/span><\/p>\n<p style=\"text-align: center;\" mce_style=\"text-align: center;\"><span style=\"font-size: medium;\" mce_style=\"font-size: medium;\"><span style=\"font-family: verdana, geneva;\" mce_style=\"font-family: verdana, geneva;\">dijo al embajador iluminado.<\/span><\/span><\/p>\n<p style=\"text-align: center;\" mce_style=\"text-align: center;\"><span style=\"font-size: medium;\" mce_style=\"font-size: medium;\"><span style=\"font-family: verdana, geneva;\" mce_style=\"font-family: verdana, geneva;\">\u00abAqu\u00ed concretamente debes ubicar<\/span><\/span><\/p>\n<p style=\"text-align: center;\" mce_style=\"text-align: center;\"><span style=\"font-size: medium;\" mce_style=\"font-size: medium;\"><span style=\"font-family: verdana, geneva;\" mce_style=\"font-family: verdana, geneva;\">la cuna receptora de una dama<\/span><\/span><\/p>\n<p style=\"text-align: center;\" mce_style=\"text-align: center;\"><span style=\"font-size: medium;\" mce_style=\"font-size: medium;\"><span style=\"font-family: verdana, geneva;\" mce_style=\"font-family: verdana, geneva;\">que ha de ser muy famosa\u00bb.<\/span><\/span><\/p>\n<p style=\"text-align: center;\" mce_style=\"text-align: center;\">\n<p style=\"text-align: center;\" mce_style=\"text-align: center;\"><span style=\"font-size: medium;\" mce_style=\"font-size: medium;\"><span style=\"font-family: verdana, geneva;\" mce_style=\"font-family: verdana, geneva;\">Y Cronos se encarg\u00f3,<\/span><\/span><\/p>\n<p style=\"text-align: center;\" mce_style=\"text-align: center;\"><span style=\"font-size: medium;\" mce_style=\"font-size: medium;\"><span style=\"font-family: verdana, geneva;\" mce_style=\"font-family: verdana, geneva;\">en punto, exactamente,<\/span><\/span><\/p>\n<p style=\"text-align: center;\" mce_style=\"text-align: center;\"><span style=\"font-size: medium;\" mce_style=\"font-size: medium;\"><span style=\"font-family: verdana, geneva;\" mce_style=\"font-family: verdana, geneva;\">de dar vida a esa cuna<\/span><\/span><\/p>\n<p style=\"text-align: center;\" mce_style=\"text-align: center;\"><span style=\"font-size: medium;\" mce_style=\"font-size: medium;\"><span style=\"font-family: verdana, geneva;\" mce_style=\"font-family: verdana, geneva;\">-\u00a1Oh, nido de alegr\u00edas saturado\u00a1-<\/span><\/span><\/p>\n<p style=\"text-align: center;\" mce_style=\"text-align: center;\"><span style=\"font-size: medium;\" mce_style=\"font-size: medium;\"><span style=\"font-family: verdana, geneva;\" mce_style=\"font-family: verdana, geneva;\">en carne delicado trascendente.<\/span><\/span><\/p>\n<p style=\"text-align: center;\" mce_style=\"text-align: center;\">\n<p style=\"text-align: center;\" mce_style=\"text-align: center;\"><span style=\"font-size: medium;\" mce_style=\"font-size: medium;\"><span style=\"font-family: verdana, geneva;\" mce_style=\"font-family: verdana, geneva;\">Cuando quiere el Se\u00f1or,&nbsp;<\/span><\/span><\/p>\n<p style=\"text-align: center;\" mce_style=\"text-align: center;\"><span style=\"font-size: medium;\" mce_style=\"font-size: medium;\"><span style=\"font-family: verdana, geneva;\" mce_style=\"font-family: verdana, geneva;\">apenas si sus dones&nbsp;<\/span><\/span><\/p>\n<p style=\"text-align: center;\" mce_style=\"text-align: center;\"><span style=\"font-size: medium;\" mce_style=\"font-size: medium;\"><span style=\"font-family: verdana, geneva;\" mce_style=\"font-family: verdana, geneva;\">divinos se le advierten.<\/span><\/span><\/p>\n<p style=\"text-align: center;\" mce_style=\"text-align: center;\">\n<p style=\"text-align: center;\" mce_style=\"text-align: center;\"><span style=\"font-size: medium;\" mce_style=\"font-size: medium;\"><span style=\"font-family: verdana, geneva;\" mce_style=\"font-family: verdana, geneva;\">Y aqu\u00ed naci\u00f3, vivi\u00f3 la ni\u00f1a,<\/span><\/span><\/p>\n<p style=\"text-align: center;\" mce_style=\"text-align: center;\"><span style=\"font-size: medium;\" mce_style=\"font-size: medium;\"><span style=\"font-family: verdana, geneva;\" mce_style=\"font-family: verdana, geneva;\">en el Lugar y el tiempo<\/span><\/span><\/p>\n<p style=\"text-align: center;\" mce_style=\"text-align: center;\"><span style=\"font-size: medium;\" mce_style=\"font-size: medium;\"><span style=\"font-family: verdana, geneva;\" mce_style=\"font-family: verdana, geneva;\">de la inmensa historia.<\/span><\/span><\/p>\n<p style=\"text-align: center;\" mce_style=\"text-align: center;\">\n<p style=\"text-align: center;\" mce_style=\"text-align: center;\"><span style=\"font-size: medium;\" mce_style=\"font-size: medium;\"><span style=\"font-family: verdana, geneva;\" mce_style=\"font-family: verdana, geneva;\">Y alegres las campanas<\/span><\/span><\/p>\n<p style=\"text-align: center;\" mce_style=\"text-align: center;\"><span style=\"font-size: medium;\" mce_style=\"font-size: medium;\"><span style=\"font-family: verdana, geneva;\" mce_style=\"font-family: verdana, geneva;\">lanzaron sus repiques<\/span><\/span><\/p>\n<p style=\"text-align: center;\" mce_style=\"text-align: center;\"><span style=\"font-size: medium;\" mce_style=\"font-size: medium;\"><span style=\"font-family: verdana, geneva;\" mce_style=\"font-family: verdana, geneva;\">con notas jubilosas<\/span><\/span><\/p>\n<p style=\"text-align: center;\" mce_style=\"text-align: center;\"><span style=\"font-size: medium;\" mce_style=\"font-size: medium;\"><span style=\"font-family: verdana, geneva;\" mce_style=\"font-family: verdana, geneva;\">de victoria.<\/span><\/span><\/p>\n<p style=\"text-align: center;\" mce_style=\"text-align: center;\">\n<p style=\"text-align: center;\" mce_style=\"text-align: center;\"><span style=\"font-size: medium;\" mce_style=\"font-size: medium;\"><span style=\"font-family: verdana, geneva;\" mce_style=\"font-family: verdana, geneva;\">Aqu\u00ed, con piedra blanca,<\/span><\/span><\/p>\n<p style=\"text-align: center;\" mce_style=\"text-align: center;\"><span style=\"font-size: medium;\" mce_style=\"font-size: medium;\"><span style=\"font-family: verdana, geneva;\" mce_style=\"font-family: verdana, geneva;\">en deleitosas dotes coronada,<\/span><\/span><\/p>\n<p style=\"text-align: center;\" mce_style=\"text-align: center;\"><span style=\"font-size: medium;\" mce_style=\"font-size: medium;\"><span style=\"font-family: verdana, geneva;\" mce_style=\"font-family: verdana, geneva;\">marcar\u00eda para siempre<\/span><\/span><\/p>\n<p style=\"text-align: center;\" mce_style=\"text-align: center;\"><span style=\"font-size: medium;\" mce_style=\"font-size: medium;\"><span style=\"font-family: verdana, geneva;\" mce_style=\"font-family: verdana, geneva;\">notas de ciencia y de filosof\u00eda,<\/span><\/span><\/p>\n<p style=\"text-align: center;\" mce_style=\"text-align: center;\"><span style=\"font-size: medium;\" mce_style=\"font-size: medium;\"><span style=\"font-family: verdana, geneva;\" mce_style=\"font-family: verdana, geneva;\">que inician la andadura<\/span><\/span><\/p>\n<p style=\"text-align: center;\" mce_style=\"text-align: center;\"><span style=\"font-size: medium;\" mce_style=\"font-size: medium;\"><span style=\"font-family: verdana, geneva;\" mce_style=\"font-family: verdana, geneva;\">de un m\u00edstico, de un sabio,<\/span><\/span><\/p>\n<p style=\"text-align: center;\" mce_style=\"text-align: center;\"><span style=\"font-size: medium;\" mce_style=\"font-size: medium;\"><span style=\"font-family: verdana, geneva;\" mce_style=\"font-family: verdana, geneva;\">quiz\u00e1s de un inocente<\/span><\/span><\/p>\n<p style=\"text-align: center;\" mce_style=\"text-align: center;\"><span style=\"font-size: medium;\" mce_style=\"font-size: medium;\"><span style=\"font-family: verdana, geneva;\" mce_style=\"font-family: verdana, geneva;\">sublime y generoso,<\/span><\/span><\/p>\n<p style=\"text-align: center;\" mce_style=\"text-align: center;\"><span style=\"font-size: medium;\" mce_style=\"font-size: medium;\"><span style=\"font-family: verdana, geneva;\" mce_style=\"font-family: verdana, geneva;\">tocado de evang\u00e9lica locura.<\/span><\/span><\/p>\n<p style=\"text-align: center;\" mce_style=\"text-align: center;\">\n<p style=\"text-align: center;\" mce_style=\"text-align: center;\"><span style=\"font-size: medium;\" mce_style=\"font-size: medium;\"><span style=\"font-family: verdana, geneva;\" mce_style=\"font-family: verdana, geneva;\">Entr\u00f3 Quijada el Bueno<\/span><\/span><\/p>\n<p style=\"text-align: center;\" mce_style=\"text-align: center;\"><span style=\"font-size: medium;\" mce_style=\"font-size: medium;\"><span style=\"font-family: verdana, geneva;\" mce_style=\"font-family: verdana, geneva;\">triunfal en la Literatura;<\/span><\/span><\/p>\n<p style=\"text-align: center;\" mce_style=\"text-align: center;\"><span style=\"font-size: medium;\" mce_style=\"font-size: medium;\"><span style=\"font-family: verdana, geneva;\" mce_style=\"font-family: verdana, geneva;\">p\u00fasose la corona de los h\u00e9roes,&nbsp;<\/span><\/span><\/p>\n<p style=\"text-align: center;\" mce_style=\"text-align: center;\"><span style=\"font-size: medium;\" mce_style=\"font-size: medium;\"><span style=\"font-family: verdana, geneva;\" mce_style=\"font-family: verdana, geneva;\">de los santos la id\u00edlica tonsura<\/span><\/span><\/p>\n<p style=\"text-align: center;\" mce_style=\"text-align: center;\"><span style=\"font-size: medium;\" mce_style=\"font-size: medium;\"><span style=\"font-family: verdana, geneva;\" mce_style=\"font-family: verdana, geneva;\">y guerreando cual hiciera Pedro,<\/span><\/span><\/p>\n<p style=\"text-align: center;\" mce_style=\"text-align: center;\"><span style=\"font-size: medium;\" mce_style=\"font-size: medium;\"><span style=\"font-family: verdana, geneva;\" mce_style=\"font-family: verdana, geneva;\">tan quiijotescamente en los olivos,<\/span><\/span><\/p>\n<p style=\"text-align: center;\" mce_style=\"text-align: center;\"><span style=\"font-size: medium;\" mce_style=\"font-size: medium;\"><span style=\"font-family: verdana, geneva;\" mce_style=\"font-family: verdana, geneva;\">marc\u00f3 en la trayectoria cotidiana<\/span><\/span><\/p>\n<p style=\"text-align: center;\" mce_style=\"text-align: center;\"><span style=\"font-size: medium;\" mce_style=\"font-size: medium;\"><span style=\"font-family: verdana, geneva;\" mce_style=\"font-family: verdana, geneva;\">la gloria floreciente del camino.<\/span><\/span><\/p>\n<p style=\"text-align: center;\" mce_style=\"text-align: center;\">\n<p style=\"text-align: center;\" mce_style=\"text-align: center;\"><span style=\"font-size: medium;\" mce_style=\"font-size: medium;\"><span style=\"font-family: verdana, geneva;\" mce_style=\"font-family: verdana, geneva;\">\u00bfFue do\u00f1a Catalina inspiradora,<\/span><\/span><\/p>\n<p style=\"text-align: center;\" mce_style=\"text-align: center;\"><span style=\"font-size: medium;\" mce_style=\"font-size: medium;\"><span style=\"font-family: verdana, geneva;\" mce_style=\"font-family: verdana, geneva;\">madre espiritual y mecenazgo<\/span><\/span><\/p>\n<p style=\"text-align: center;\" mce_style=\"text-align: center;\"><span style=\"font-size: medium;\" mce_style=\"font-size: medium;\"><span style=\"font-family: verdana, geneva;\" mce_style=\"font-family: verdana, geneva;\">de aquella prodigiosa criatura?<\/span><\/span><\/p>\n<p style=\"text-align: center;\" mce_style=\"text-align: center;\">\n<p style=\"text-align: center;\" mce_style=\"text-align: center;\"><span style=\"font-size: medium;\" mce_style=\"font-size: medium;\"><span style=\"font-family: verdana, geneva;\" mce_style=\"font-family: verdana, geneva;\">El amor de un poeta en su mirada<\/span><\/span><\/p>\n<p style=\"text-align: center;\" mce_style=\"text-align: center;\"><span style=\"font-size: medium;\" mce_style=\"font-size: medium;\"><span style=\"font-family: verdana, geneva;\" mce_style=\"font-family: verdana, geneva;\">se transform\u00f3 en sonrisas creadores;<\/span><\/span><\/p>\n<p style=\"text-align: center;\" mce_style=\"text-align: center;\"><span style=\"font-size: medium;\" mce_style=\"font-size: medium;\"><span style=\"font-family: verdana, geneva;\" mce_style=\"font-family: verdana, geneva;\">por voluntad de Dios, aqu\u00ed naciera<\/span><\/span><\/p>\n<p style=\"text-align: center;\" mce_style=\"text-align: center;\"><span style=\"font-size: medium;\" mce_style=\"font-size: medium;\"><span style=\"font-family: verdana, geneva;\" mce_style=\"font-family: verdana, geneva;\">la inefable se\u00f1ora do\u00f1a Catalina.<\/span><\/span><\/p>\n<p style=\"text-align: center;\" mce_style=\"text-align: center;\">\n<p style=\"text-align: center;\" mce_style=\"text-align: center;\">\n<p style=\"text-align: center;\" mce_style=\"text-align: center;\">\n<p style=\"text-align: justify;\" mce_style=\"text-align: justify;\"><span style=\"font-size: medium;\" mce_style=\"font-size: medium;\"><span style=\"font-family: verdana, geneva;\" mce_style=\"font-family: verdana, geneva;\"><span style=\"white-space:pre\" mce_style=\"white-space: pre;\">\t<\/span><b>Clara Isabel Truchado Mart\u00edn<\/b>:<\/span><\/span><\/p>\n<p style=\"text-align: justify;\" mce_style=\"text-align: justify;\">\n<p style=\"text-align: center;\" mce_style=\"text-align: center;\"><span style=\"font-size: medium;\" mce_style=\"font-size: medium;\"><span style=\"font-family: verdana, geneva;\" mce_style=\"font-family: verdana, geneva;\"><b>\u00bfPor gu\u00e9?&nbsp;<\/b> &nbsp;(Jos\u00e9 Rosell 1996).<\/span><\/span><\/p>\n<p style=\"text-align: center;\" mce_style=\"text-align: center;\">\n<p style=\"text-align: center;\" mce_style=\"text-align: center;\"><span style=\"font-size: medium;\" mce_style=\"font-size: medium;\"><span style=\"font-family: verdana, geneva;\" mce_style=\"font-family: verdana, geneva;\">Cuando te de por pensar<\/span><\/span><\/p>\n<p style=\"text-align: center;\" mce_style=\"text-align: center;\"><span style=\"font-size: medium;\" mce_style=\"font-size: medium;\"><span style=\"font-size: medium;\" mce_style=\"font-size: medium;\"><span style=\"font-family: verdana, geneva;\" mce_style=\"font-family: verdana, geneva;\">-que de todo puede haber-,<\/span><\/span><\/span><\/p>\n<p style=\"text-align: center;\" mce_style=\"text-align: center;\"><span style=\"font-size: medium;\" mce_style=\"font-size: medium;\"><span style=\"font-size: medium;\" mce_style=\"font-size: medium;\"><span style=\"font-family: verdana, geneva;\" mce_style=\"font-family: verdana, geneva;\">no te preguntes, ingenuo,<\/span><\/span><\/span><\/p>\n<p style=\"text-align: center;\" mce_style=\"text-align: center;\"><span style=\"font-size: medium;\" mce_style=\"font-size: medium;\"><span style=\"font-size: medium;\" mce_style=\"font-size: medium;\"><span style=\"font-family: verdana, geneva;\" mce_style=\"font-family: verdana, geneva;\">por el c\u00f3mo y el por qu\u00e9.<\/span><\/span><\/span><\/p>\n<p style=\"text-align: center;\" mce_style=\"text-align: center;\"><span style=\"font-size: medium;\" mce_style=\"font-size: medium;\"><span style=\"font-family: verdana, geneva;\" mce_style=\"font-family: verdana, geneva;\"><br \/>\n<\/span><\/span><\/p>\n<p style=\"text-align: center;\" mce_style=\"text-align: center;\"><span style=\"font-size: medium;\" mce_style=\"font-size: medium;\"><span style=\"font-size: medium;\" mce_style=\"font-size: medium;\"><span style=\"font-family: verdana, geneva;\" mce_style=\"font-family: verdana, geneva;\">Mira: una rama en el pico<\/span><\/span><\/span><\/p>\n<p style=\"text-align: center;\" mce_style=\"text-align: center;\"><span style=\"font-size: medium;\" mce_style=\"font-size: medium;\"><span style=\"font-size: medium;\" mce_style=\"font-size: medium;\"><span style=\"font-family: verdana, geneva;\" mce_style=\"font-family: verdana, geneva;\">lleva el p\u00e1jaro en mil vuelos<\/span><\/span><\/span><\/p>\n<p style=\"text-align: center;\" mce_style=\"text-align: center;\"><span style=\"font-size: medium;\" mce_style=\"font-size: medium;\"><span style=\"font-size: medium;\" mce_style=\"font-size: medium;\"><span style=\"font-family: verdana, geneva;\" mce_style=\"font-family: verdana, geneva;\">para forjar en la copa<\/span><\/span><\/span><\/p>\n<p style=\"text-align: center;\" mce_style=\"text-align: center;\"><span style=\"font-size: medium;\" mce_style=\"font-size: medium;\"><span style=\"font-size: medium;\" mce_style=\"font-size: medium;\"><span style=\"font-family: verdana, geneva;\" mce_style=\"font-family: verdana, geneva;\">del \u00e1rbol su porvenir.<\/span><\/span><\/span><\/p>\n<p style=\"text-align: center;\" mce_style=\"text-align: center;\"><span style=\"font-size: medium;\" mce_style=\"font-size: medium;\"><span style=\"font-family: verdana, geneva;\" mce_style=\"font-family: verdana, geneva;\"><br \/>\n<\/span><\/span><\/p>\n<p style=\"text-align: center;\" mce_style=\"text-align: center;\"><span style=\"font-size: medium;\" mce_style=\"font-size: medium;\"><span style=\"font-family: verdana, geneva;\" mce_style=\"font-family: verdana, geneva;\">La loba, enconde el cari\u00f1o<\/span><\/span><\/p>\n<p style=\"text-align: center;\" mce_style=\"text-align: center;\"><span style=\"font-size: medium;\" mce_style=\"font-size: medium;\"><span style=\"font-family: verdana, geneva;\" mce_style=\"font-family: verdana, geneva;\">en la cama del cub\u00edl&#8230;<\/span><\/span><\/p>\n<p style=\"text-align: center;\" mce_style=\"text-align: center;\">\n<p style=\"text-align: center;\" mce_style=\"text-align: center;\"><span style=\"font-size: medium;\" mce_style=\"font-size: medium;\"><span style=\"font-family: verdana, geneva;\" mce_style=\"font-family: verdana, geneva;\">Jam\u00e1s pregunta la flor<\/span><\/span><\/p>\n<p style=\"text-align: center;\" mce_style=\"text-align: center;\"><span style=\"font-size: medium;\" mce_style=\"font-size: medium;\"><span style=\"font-family: verdana, geneva;\" mce_style=\"font-family: verdana, geneva;\">a la abeja, ni \u00e9sta al cielo,<\/span><\/span><\/p>\n<p style=\"text-align: center;\" mce_style=\"text-align: center;\"><span style=\"font-size: medium;\" mce_style=\"font-size: medium;\"><span style=\"font-family: verdana, geneva;\" mce_style=\"font-family: verdana, geneva;\">c\u00f3mo se alcanza el milagro<\/span><\/span><\/p>\n<p style=\"text-align: center;\" mce_style=\"text-align: center;\"><span style=\"font-size: medium;\" mce_style=\"font-size: medium;\"><span style=\"font-family: verdana, geneva;\" mce_style=\"font-family: verdana, geneva;\">exquisito de la miel&#8230;<\/span><\/span><\/p>\n<p style=\"text-align: center;\" mce_style=\"text-align: center;\">\n<p style=\"text-align: center;\" mce_style=\"text-align: center;\"><span style=\"font-size: medium;\" mce_style=\"font-size: medium;\"><span style=\"font-family: verdana, geneva;\" mce_style=\"font-family: verdana, geneva;\">Y la moza casadera,<\/span><\/span><\/p>\n<p style=\"text-align: center;\" mce_style=\"text-align: center;\"><span style=\"font-size: medium;\" mce_style=\"font-size: medium;\"><span style=\"font-family: verdana, geneva;\" mce_style=\"font-family: verdana, geneva;\">cuando en los ojos del novio<\/span><\/span><\/p>\n<p style=\"text-align: center;\" mce_style=\"text-align: center;\"><span style=\"font-size: medium;\" mce_style=\"font-size: medium;\"><span style=\"font-family: verdana, geneva;\" mce_style=\"font-family: verdana, geneva;\">ve el abismo del querer,<\/span><\/span><\/p>\n<p style=\"text-align: center;\" mce_style=\"text-align: center;\"><span style=\"font-size: medium;\" mce_style=\"font-size: medium;\"><span style=\"font-family: verdana, geneva;\" mce_style=\"font-family: verdana, geneva;\">discreta guarda en su pecho<\/span><\/span><\/p>\n<p style=\"text-align: center;\" mce_style=\"text-align: center;\"><span style=\"font-size: medium;\" mce_style=\"font-size: medium;\"><span style=\"font-family: verdana, geneva;\" mce_style=\"font-family: verdana, geneva;\">la tentaci\u00f3n de \u00ab\u00bfPor qu\u00e9?\u00bb.<\/span><\/span><\/p>\n<p style=\"text-align: center;\" mce_style=\"text-align: center;\">\n<p style=\"text-align: center;\" mce_style=\"text-align: center;\"><span style=\"font-size: medium;\" mce_style=\"font-size: medium;\"><span style=\"font-family: verdana, geneva;\" mce_style=\"font-family: verdana, geneva;\">No te atormente el dolor<\/span><\/span><\/p>\n<p style=\"text-align: center;\" mce_style=\"text-align: center;\"><span style=\"font-size: medium;\" mce_style=\"font-size: medium;\"><span style=\"font-family: verdana, geneva;\" mce_style=\"font-family: verdana, geneva;\">deshojando los saberes&nbsp;<\/span><\/span><\/p>\n<p style=\"text-align: center;\" mce_style=\"text-align: center;\"><span style=\"font-size: medium;\" mce_style=\"font-size: medium;\"><span style=\"font-family: verdana, geneva;\" mce_style=\"font-family: verdana, geneva;\">en un c\u00f3mo y un por qu\u00e9<\/span><\/span><\/p>\n<p style=\"text-align: center;\" mce_style=\"text-align: center;\"><span style=\"font-size: medium;\" mce_style=\"font-size: medium;\"><span style=\"font-family: verdana, geneva;\" mce_style=\"font-family: verdana, geneva;\">que redunde en sin sabores.<\/span><\/span><\/p>\n<p style=\"text-align: center;\" mce_style=\"text-align: center;\">\n<p style=\"text-align: center;\" mce_style=\"text-align: center;\"><span style=\"font-size: medium;\" mce_style=\"font-size: medium;\"><span style=\"font-family: verdana, geneva;\" mce_style=\"font-family: verdana, geneva;\">Cuando tengas tales dudas<\/span><\/span><\/p>\n<p style=\"text-align: center;\" mce_style=\"text-align: center;\"><span style=\"font-size: medium;\" mce_style=\"font-size: medium;\"><span style=\"font-family: verdana, geneva;\" mce_style=\"font-family: verdana, geneva;\">no te olvides responder<\/span><\/span><\/p>\n<p style=\"text-align: center;\" mce_style=\"text-align: center;\"><span style=\"font-size: medium;\" mce_style=\"font-size: medium;\"><span style=\"font-family: verdana, geneva;\" mce_style=\"font-family: verdana, geneva;\">a estas necias conjeturas<\/span><\/span><\/p>\n<p style=\"text-align: center;\" mce_style=\"text-align: center;\"><span style=\"font-size: medium;\" mce_style=\"font-size: medium;\"><span style=\"font-family: verdana, geneva;\" mce_style=\"font-family: verdana, geneva;\">con un sapiente \u00abno s\u00e9;&nbsp;<\/span><\/span><\/p>\n<p style=\"text-align: center;\" mce_style=\"text-align: center;\"><span style=\"font-size: medium;\" mce_style=\"font-size: medium;\"><span style=\"font-family: verdana, geneva;\" mce_style=\"font-family: verdana, geneva;\">las cosas con de este modo<\/span><\/span><\/p>\n<p style=\"text-align: center;\" mce_style=\"text-align: center;\"><span style=\"font-size: medium;\" mce_style=\"font-size: medium;\"><span style=\"font-family: verdana, geneva;\" mce_style=\"font-family: verdana, geneva;\">porque as\u00ed tendr\u00e1n que ser\u00bb.<\/span><\/span><\/p>\n<p style=\"text-align: center;\" mce_style=\"text-align: center;\">\n<p style=\"text-align: center;\" mce_style=\"text-align: center;\">\n<p style=\"text-align: center;\" mce_style=\"text-align: center;\">\n<p style=\"text-align: justify;\" mce_style=\"text-align: justify;\"><span style=\"font-size: medium;\" mce_style=\"font-size: medium;\"><span style=\"style\" mce_style=\"font-family: verdana, geneva;\"><span style=\"font-family: verdana, geneva; white-space: pre;\" mce_style=\"white-space:pre\">\t<\/span><b style=\"style\" mce_style=\"style\"><span style=\"font-family: verdana, geneva;\" mce_style=\"font-family: verdana, geneva;\">Sabino de Diego Romero:<\/span><\/b><\/span><\/span><\/p>\n<p style=\"text-align: justify;\" mce_style=\"text-align: justify;\"><span style=\"font-size: medium;\" mce_style=\"font-size: medium;\"><span style=\"font-family: verdana, geneva;\" mce_style=\"font-family: verdana, geneva;\"><br \/>\n<\/span><\/span><\/p>\n<p style=\"text-align: center;\" mce_style=\"text-align: center;\"><span style=\"font-size: medium;\" mce_style=\"font-size: medium;\"><span style=\"font-size: medium;\" mce_style=\"font-size: medium;\"><span style=\"font-family: verdana, geneva;\" mce_style=\"font-family: verdana, geneva;\"><b>Payaso&nbsp;<\/b> &nbsp;(Jos\u00e9 Rosell&nbsp; 1989)<\/span><\/span><\/span><\/p>\n<p style=\"text-align: center;\" mce_style=\"text-align: center;\"><span style=\"font-size: medium;\" mce_style=\"font-size: medium;\"><span style=\"font-family: verdana, geneva;\" mce_style=\"font-family: verdana, geneva;\">(Que lo dedic\u00f3: \u00abA todos los payasos del mundo, <\/span><\/span><\/p>\n<p style=\"text-align: center;\" mce_style=\"text-align: center;\"><span style=\"font-size: medium;\" mce_style=\"font-size: medium;\"><span style=\"font-family: verdana, geneva;\" mce_style=\"font-family: verdana, geneva;\">por quienes he sentido siempre mi mayor admiraci\u00f3n\u00bb)<\/span><\/span><\/p>\n<p style=\"text-align: center;\" mce_style=\"text-align: center;\"><span style=\"font-size: medium;\" mce_style=\"font-size: medium;\"><span style=\"font-family: verdana, geneva;\" mce_style=\"font-family: verdana, geneva;\"><br \/>\n<\/span><\/span><\/p>\n<p style=\"text-align: center;\" mce_style=\"text-align: center;\"><span style=\"font-size: medium;\" mce_style=\"font-size: medium;\"><span style=\"font-family: verdana, geneva;\" mce_style=\"font-family: verdana, geneva;\">Payaso, que bajo el cielo<\/span><\/span><\/p>\n<p style=\"text-align: center;\" mce_style=\"text-align: center;\"><span style=\"font-size: medium;\" mce_style=\"font-size: medium;\"><span style=\"font-family: verdana, geneva;\" mce_style=\"font-family: verdana, geneva;\">remendado de una lona,<\/span><\/span><\/p>\n<p style=\"text-align: center;\" mce_style=\"text-align: center;\"><span style=\"font-size: medium;\" mce_style=\"font-size: medium;\"><span style=\"font-family: verdana, geneva;\" mce_style=\"font-family: verdana, geneva;\">vas sembrando por el mundo<\/span><\/span><\/p>\n<p style=\"text-align: center;\" mce_style=\"text-align: center;\"><span style=\"font-size: medium;\" mce_style=\"font-size: medium;\"><span style=\"font-family: verdana, geneva;\" mce_style=\"font-family: verdana, geneva;\">con alegres chirigotas<\/span><\/span><\/p>\n<p style=\"text-align: center;\" mce_style=\"text-align: center;\"><span style=\"font-size: medium;\" mce_style=\"font-size: medium;\"><span style=\"font-family: verdana, geneva;\" mce_style=\"font-family: verdana, geneva;\">tus canciones y tus risas,&nbsp;<\/span><\/span><\/p>\n<p style=\"text-align: center;\" mce_style=\"text-align: center;\"><span style=\"font-size: medium;\" mce_style=\"font-size: medium;\"><span style=\"font-family: verdana, geneva;\" mce_style=\"font-family: verdana, geneva;\">entre muecas deliciosas.<\/span><\/span><\/p>\n<p style=\"text-align: center;\" mce_style=\"text-align: center;\"><span style=\"font-size: medium;\" mce_style=\"font-size: medium;\"><span style=\"font-family: verdana, geneva;\" mce_style=\"font-family: verdana, geneva;\"><br \/>\n<\/span><\/span><\/p>\n<p style=\"text-align: center;\" mce_style=\"text-align: center;\"><span style=\"font-size: medium;\" mce_style=\"font-size: medium;\"><span style=\"font-family: verdana, geneva;\" mce_style=\"font-family: verdana, geneva;\">Payaso, que bajo el frac<\/span><\/span><\/p>\n<p style=\"text-align: center;\" mce_style=\"text-align: center;\"><span style=\"font-size: medium;\" mce_style=\"font-size: medium;\"><span style=\"font-family: verdana, geneva;\" mce_style=\"font-family: verdana, geneva;\">remendado y descompuesto<\/span><\/span><\/p>\n<p style=\"text-align: center;\" mce_style=\"text-align: center;\"><span style=\"font-size: medium;\" mce_style=\"font-size: medium;\"><span style=\"font-family: verdana, geneva;\" mce_style=\"font-family: verdana, geneva;\">llevas el alma de poeta,<\/span><\/span><\/p>\n<p style=\"text-align: center;\" mce_style=\"text-align: center;\"><span style=\"font-size: medium;\" mce_style=\"font-size: medium;\"><span style=\"font-family: verdana, geneva;\" mce_style=\"font-family: verdana, geneva;\">sentimental y sincero<\/span><\/span><\/p>\n<p style=\"text-align: center;\" mce_style=\"text-align: center;\"><span style=\"font-size: medium;\" mce_style=\"font-size: medium;\"><span style=\"font-family: verdana, geneva;\" mce_style=\"font-family: verdana, geneva;\">como las risas y el llanto<\/span><\/span><\/p>\n<p style=\"text-align: center;\" mce_style=\"text-align: center;\"><span style=\"font-size: medium;\" mce_style=\"font-size: medium;\"><span style=\"font-family: verdana, geneva;\" mce_style=\"font-family: verdana, geneva;\">que entremezclas en tu pecho.<\/span><\/span><\/p>\n<p style=\"text-align: center;\" mce_style=\"text-align: center;\"><span style=\"font-size: medium;\" mce_style=\"font-size: medium;\"><span style=\"font-family: verdana, geneva;\" mce_style=\"font-family: verdana, geneva;\"><br \/>\n<\/span><\/span><\/p>\n<p style=\"text-align: center;\" mce_style=\"text-align: center;\"><span style=\"font-size: medium;\" mce_style=\"font-size: medium;\"><span style=\"font-family: verdana, geneva;\" mce_style=\"font-family: verdana, geneva;\">Payaso de nariz chata<\/span><\/span><\/p>\n<p style=\"text-align: center;\" mce_style=\"text-align: center;\"><span style=\"font-size: medium;\" mce_style=\"font-size: medium;\"><span style=\"font-family: verdana, geneva;\" mce_style=\"font-family: verdana, geneva;\">y desvencijado cuerpo;<\/span><\/span><\/p>\n<p style=\"text-align: center;\" mce_style=\"text-align: center;\"><span style=\"font-size: medium;\" mce_style=\"font-size: medium;\"><span style=\"font-family: verdana, geneva;\" mce_style=\"font-family: verdana, geneva;\">que caminas por la vida<\/span><\/span><\/p>\n<p style=\"text-align: center;\" mce_style=\"text-align: center;\"><span style=\"font-size: medium;\" mce_style=\"font-size: medium;\"><span style=\"font-family: verdana, geneva;\" mce_style=\"font-family: verdana, geneva;\">-ignorante y sabio a un tiempo-<\/span><\/span><\/p>\n<p style=\"text-align: center;\" mce_style=\"text-align: center;\"><span style=\"font-size: medium;\" mce_style=\"font-size: medium;\"><span style=\"font-family: verdana, geneva;\" mce_style=\"font-family: verdana, geneva;\">con el equipaje justo<\/span><\/span><\/p>\n<p style=\"text-align: center;\" mce_style=\"text-align: center;\"><span style=\"font-size: medium;\" mce_style=\"font-size: medium;\"><span style=\"font-family: verdana, geneva;\" mce_style=\"font-family: verdana, geneva;\">por la autopista del cielo.<\/span><\/span><\/p>\n<p style=\"text-align: center;\" mce_style=\"text-align: center;\"><span style=\"font-size: medium;\" mce_style=\"font-size: medium;\"><span style=\"font-family: verdana, geneva;\" mce_style=\"font-family: verdana, geneva;\"><br \/>\n<\/span><\/span><\/p>\n<p style=\"text-align: center;\" mce_style=\"text-align: center;\"><span style=\"font-size: medium;\" mce_style=\"font-size: medium;\"><span style=\"font-family: verdana, geneva;\" mce_style=\"font-family: verdana, geneva;\">\u00a1Cu\u00e1nto te envidio, Payaso,<\/span><\/span><\/p>\n<p style=\"text-align: center;\" mce_style=\"text-align: center;\"><span style=\"font-size: medium;\" mce_style=\"font-size: medium;\"><span style=\"font-family: verdana, geneva;\" mce_style=\"font-family: verdana, geneva;\">por lo que r\u00edes por fuera<\/span><\/span><\/p>\n<p style=\"text-align: center;\" mce_style=\"text-align: center;\"><span style=\"font-size: medium;\" mce_style=\"font-size: medium;\"><span style=\"font-family: verdana, geneva;\" mce_style=\"font-family: verdana, geneva;\">y lo que -\u00a1bendito seas\u00a1-<\/span><\/span><\/p>\n<p style=\"text-align: center;\" mce_style=\"text-align: center;\"><span style=\"font-size: medium;\" mce_style=\"font-size: medium;\"><span style=\"font-family: verdana, geneva;\" mce_style=\"font-family: verdana, geneva;\">por la envidia, la mentira,<\/span><\/span><\/p>\n<p style=\"text-align: center;\" mce_style=\"text-align: center;\"><span style=\"font-size: medium;\" mce_style=\"font-size: medium;\"><span style=\"font-family: verdana, geneva;\" mce_style=\"font-family: verdana, geneva;\">la hipocres\u00eda de este mundo<\/span><\/span><\/p>\n<p style=\"text-align: center;\" mce_style=\"text-align: center;\"><span style=\"font-size: medium;\" mce_style=\"font-size: medium;\"><span style=\"font-family: verdana, geneva;\" mce_style=\"font-family: verdana, geneva;\">est\u00e1s llorando por dentro\u00a1<\/span><\/span><\/p>\n<p style=\"text-align: center;\" mce_style=\"text-align: center;\"><span style=\"font-size: medium;\" mce_style=\"font-size: medium;\"><span style=\"font-family: verdana, geneva;\" mce_style=\"font-family: verdana, geneva;\"><br \/>\n<\/span><\/span><\/p>\n<p style=\"text-align: center;\" mce_style=\"text-align: center;\"><span style=\"font-size: medium;\" mce_style=\"font-size: medium;\"><span style=\"font-family: verdana, geneva;\" mce_style=\"font-family: verdana, geneva;\">Cu\u00e1ntos payasos frustrados<\/span><\/span><\/p>\n<p style=\"text-align: center;\" mce_style=\"text-align: center;\"><span style=\"font-size: medium;\" mce_style=\"font-size: medium;\"><span style=\"font-family: verdana, geneva;\" mce_style=\"font-family: verdana, geneva;\">vamos por la vida, inciertos,<\/span><\/span><\/p>\n<p style=\"text-align: center;\" mce_style=\"text-align: center;\"><span style=\"font-size: medium;\" mce_style=\"font-size: medium;\"><span style=\"font-family: verdana, geneva;\" mce_style=\"font-family: verdana, geneva;\">con derroche de amargura<\/span><\/span><\/p>\n<p style=\"text-align: center;\" mce_style=\"text-align: center;\"><span style=\"font-size: medium;\" mce_style=\"font-size: medium;\"><span style=\"font-family: verdana, geneva;\" mce_style=\"font-family: verdana, geneva;\">y una estela de misterio;<\/span><\/span><\/p>\n<p style=\"text-align: center;\" mce_style=\"text-align: center;\"><span style=\"font-size: medium;\" mce_style=\"font-size: medium;\"><span style=\"font-family: verdana, geneva;\" mce_style=\"font-family: verdana, geneva;\">contrapuntos del Destino<\/span><\/span><\/p>\n<p style=\"text-align: center;\" mce_style=\"text-align: center;\"><span style=\"font-size: medium;\" mce_style=\"font-size: medium;\"><span style=\"font-family: verdana, geneva;\" mce_style=\"font-family: verdana, geneva;\">hacia el reino de los muertos.<\/span><\/span><\/p>\n<p style=\"text-align: center;\" mce_style=\"text-align: center;\"><span style=\"font-size: medium;\" mce_style=\"font-size: medium;\"><span style=\"font-family: verdana, geneva;\" mce_style=\"font-family: verdana, geneva;\"><br \/>\n<\/span><\/span><\/p>\n<p style=\"text-align: center;\" mce_style=\"text-align: center;\"><span style=\"font-size: medium;\" mce_style=\"font-size: medium;\"><span style=\"font-family: verdana, geneva;\" mce_style=\"font-family: verdana, geneva;\">Cu\u00e1ntos, haciendo llorar<\/span><\/span><\/p>\n<p style=\"text-align: center;\" mce_style=\"text-align: center;\"><span style=\"font-size: medium;\" mce_style=\"font-size: medium;\"><span style=\"font-family: verdana, geneva;\" mce_style=\"font-family: verdana, geneva;\">siempre a aquel que m\u00e1s queremos,<\/span><\/span><\/p>\n<p style=\"text-align: center;\" mce_style=\"text-align: center;\"><span style=\"font-size: medium;\" mce_style=\"font-size: medium;\"><span style=\"font-family: verdana, geneva;\" mce_style=\"font-family: verdana, geneva;\">entre falsas alegr\u00edas,<\/span><\/span><\/p>\n<p style=\"text-align: center;\" mce_style=\"text-align: center;\"><span style=\"font-size: medium;\" mce_style=\"font-size: medium;\"><span style=\"font-family: verdana, geneva;\" mce_style=\"font-family: verdana, geneva;\">con el coraz\u00f3n deshecho,<\/span><\/span><\/p>\n<p style=\"text-align: center;\" mce_style=\"text-align: center;\"><span style=\"font-size: medium;\" mce_style=\"font-size: medium;\"><span style=\"font-family: verdana, geneva;\" mce_style=\"font-family: verdana, geneva;\">idiotas -Payasos no-,<\/span><\/span><\/p>\n<p style=\"text-align: center;\" mce_style=\"text-align: center;\"><span style=\"font-size: medium;\" mce_style=\"font-size: medium;\"><span style=\"font-family: verdana, geneva;\" mce_style=\"font-family: verdana, geneva;\">tontos por fuera y por dentro.<\/span><\/span><\/p>\n<p style=\"text-align: center;\" mce_style=\"text-align: center;\">\n<p style=\"text-align: center;\" mce_style=\"text-align: center;\">\n<p style=\"text-align: center;\" mce_style=\"text-align: center;\">\n<p><!--nextpage--><\/p>\n<p style=\"text-align: center;\" mce_style=\"text-align: center;\">\n<p style=\"text-align: center;\" mce_style=\"text-align: center;\"><img loading=\"lazy\" decoding=\"async\" class=\" size-full wp-image-2573 size-full wp-image-2573\" src=\"http:\/\/www.cervantinaesquivias.org\/wordpress\/wp-content\/uploads\/2018\/07\/rosell-19.jpg\" mce_src=\"http:\/\/www.cervantinaesquivias.org\/wordpress\/wp-content\/uploads\/2018\/07\/rosell-19.jpg\" alt=\"alt\" width=\"980\" height=\"1392\" srcset=\"http:\/\/www.cervantinaesquivias.org\/wordpress\/wp-content\/uploads\/2018\/07\/rosell-19.jpg 980w, http:\/\/www.cervantinaesquivias.org\/wordpress\/wp-content\/uploads\/2018\/07\/rosell-19-211x300.jpg 211w, http:\/\/www.cervantinaesquivias.org\/wordpress\/wp-content\/uploads\/2018\/07\/rosell-19-721x1024.jpg 721w, http:\/\/www.cervantinaesquivias.org\/wordpress\/wp-content\/uploads\/2018\/07\/rosell-19-768x1091.jpg 768w\" sizes=\"auto, (max-width: 980px) 100vw, 980px\" \/><\/p>\n<p style=\"text-align: center;\" mce_style=\"text-align: center;\"><span style=\"font-size: small;\" mce_style=\"font-size: small;\"><span style=\"font-family: verdana, geneva;\" mce_style=\"font-family: verdana, geneva;\">(Orqu\u00eddea que Jos\u00e9 Rosell ten\u00eda en su despacho, y que le sirvi\u00f3 de inspiraci\u00f3n para el poema \u00abToda mi hacienda\u00bb).<\/span><\/span><\/p>\n<p style=\"text-align: justify;\" mce_style=\"text-align: justify;\">\n<p style=\"text-align: justify;\" mce_style=\"text-align: justify;\">\n<p style=\"text-align: justify;\" mce_style=\"text-align: justify;\"><span style=\"font-size: medium;\" mce_style=\"font-size: medium;\"><span style=\"font-family: verdana, geneva;\" mce_style=\"font-family: verdana, geneva;\"><b><span style=\"white-space:pre\" mce_style=\"white-space:pre\"><\/span>Antonio S\u00e1nchez Gonz\u00e1lez:<\/b><\/span><\/span><\/p>\n<p style=\"text-align: justify;\" mce_style=\"text-align: justify;\">\n<p style=\"text-align: center;\" mce_style=\"text-align: center;\"><span style=\"font-size: medium;\" mce_style=\"font-size: medium;\"><span style=\"font-family: verdana, geneva;\" mce_style=\"font-family: verdana, geneva;\"><b>Toda mi hacienda<\/b>&nbsp; &nbsp;(Jos\u00e9 Rosell&nbsp; 2015)<\/span><\/span><\/p>\n<p style=\"text-align: center;\" mce_style=\"text-align: center;\">\n<p style=\"text-align: center;\" mce_style=\"text-align: center;\"><span style=\"font-size: medium;\" mce_style=\"font-size: medium;\"><span style=\"font-family: verdana, geneva;\" mce_style=\"font-family: verdana, geneva;\">Toda mi hacienda<\/span><\/span><\/p>\n<p style=\"text-align: center;\" mce_style=\"text-align: center;\"><span style=\"font-size: medium;\" mce_style=\"font-size: medium;\"><span style=\"font-family: verdana, geneva;\" mce_style=\"font-family: verdana, geneva;\">vive en la terraza<\/span><\/span><\/p>\n<p style=\"text-align: center;\" mce_style=\"text-align: center;\"><span style=\"font-size: medium;\" mce_style=\"font-size: medium;\"><span style=\"font-family: verdana, geneva;\" mce_style=\"font-family: verdana, geneva;\">del adosado<\/span><\/span><\/p>\n<p style=\"text-align: center;\" mce_style=\"text-align: center;\"><span style=\"font-size: medium;\" mce_style=\"font-size: medium;\"><span style=\"font-family: verdana, geneva;\" mce_style=\"font-family: verdana, geneva;\">que alberga mis libros<\/span><\/span><\/p>\n<p style=\"text-align: center;\" mce_style=\"text-align: center;\"><span style=\"font-size: medium;\" mce_style=\"font-size: medium;\"><span style=\"font-family: verdana, geneva;\" mce_style=\"font-family: verdana, geneva;\">cuya presencia<\/span><\/span><\/p>\n<p style=\"text-align: center;\" mce_style=\"text-align: center;\"><span style=\"font-size: medium;\" mce_style=\"font-size: medium;\"><span style=\"font-family: verdana, geneva;\" mce_style=\"font-family: verdana, geneva;\">me mantiene vivo.<\/span><\/span><\/p>\n<p style=\"text-align: center;\" mce_style=\"text-align: center;\">\n<p style=\"text-align: center;\" mce_style=\"text-align: center;\"><span style=\"font-size: medium;\" mce_style=\"font-size: medium;\"><span style=\"font-family: verdana, geneva;\" mce_style=\"font-family: verdana, geneva;\">Las dehesas, los cortijos,<\/span><\/span><\/p>\n<p style=\"text-align: center;\" mce_style=\"text-align: center;\"><span style=\"font-size: medium;\" mce_style=\"font-size: medium;\"><span style=\"font-family: verdana, geneva;\" mce_style=\"font-family: verdana, geneva;\">los c\u00e1rmenes,<\/span><\/span><\/p>\n<p style=\"text-align: center;\" mce_style=\"text-align: center;\"><span style=\"font-size: medium;\" mce_style=\"font-size: medium;\"><span style=\"font-family: verdana, geneva;\" mce_style=\"font-family: verdana, geneva;\">los bellos cigarrales&nbsp;<\/span><\/span><\/p>\n<p style=\"text-align: center;\" mce_style=\"text-align: center;\"><span style=\"font-size: medium;\" mce_style=\"font-size: medium;\"><span style=\"font-family: verdana, geneva;\" mce_style=\"font-family: verdana, geneva;\">residen en un m\u00ednimo<\/span><\/span><\/p>\n<p style=\"text-align: center;\" mce_style=\"text-align: center;\"><span style=\"font-size: medium;\" mce_style=\"font-size: medium;\"><span style=\"font-family: verdana, geneva;\" mce_style=\"font-family: verdana, geneva;\">recinto de cer\u00e1mica.<\/span><\/span><\/p>\n<p style=\"text-align: center;\" mce_style=\"text-align: center;\">\n<p style=\"text-align: center;\" mce_style=\"text-align: center;\"><span style=\"font-size: medium;\" mce_style=\"font-size: medium;\"><span style=\"font-family: verdana, geneva;\" mce_style=\"font-family: verdana, geneva;\">Ah\u00ed est\u00e1 mi tesoro,<\/span><\/span><\/p>\n<p style=\"text-align: center;\" mce_style=\"text-align: center;\"><span style=\"font-size: medium;\" mce_style=\"font-size: medium;\"><span style=\"font-size: medium;\" mce_style=\"font-size: medium;\"><span style=\"font-family: verdana, geneva;\" mce_style=\"font-family: verdana, geneva;\">en una orqu\u00eddea<\/span><\/span><\/span><\/p>\n<p style=\"text-align: center;\" mce_style=\"text-align: center;\"><span style=\"font-size: medium;\" mce_style=\"font-size: medium;\"><span style=\"font-size: medium;\" mce_style=\"font-size: medium;\"><span style=\"font-family: verdana, geneva;\" mce_style=\"font-family: verdana, geneva;\">con la flor rosada&#8230;<\/span><\/span><\/span><\/p>\n<p style=\"text-align: center;\" mce_style=\"text-align: center;\"><span style=\"font-size: medium;\" mce_style=\"font-size: medium;\"><span style=\"font-family: verdana, geneva;\" mce_style=\"font-family: verdana, geneva;\"><br \/>\n<\/span><\/span><\/p>\n<p style=\"text-align: center;\" mce_style=\"text-align: center;\"><span style=\"font-size: medium;\" mce_style=\"font-size: medium;\"><span style=\"font-size: medium;\" mce_style=\"font-size: medium;\"><span style=\"font-family: verdana, geneva;\" mce_style=\"font-family: verdana, geneva;\">La veo cada ma\u00f1ana,<\/span><\/span><\/span><\/p>\n<p style=\"text-align: center;\" mce_style=\"text-align: center;\"><span style=\"font-size: medium;\" mce_style=\"font-size: medium;\"><span style=\"font-size: medium;\" mce_style=\"font-size: medium;\"><span style=\"font-family: verdana, geneva;\" mce_style=\"font-family: verdana, geneva;\">vivo con ella el latido<\/span><\/span><\/span><\/p>\n<p style=\"text-align: center;\" mce_style=\"text-align: center;\"><span style=\"font-size: medium;\" mce_style=\"font-size: medium;\"><span style=\"font-size: medium;\" mce_style=\"font-size: medium;\"><span style=\"font-family: verdana, geneva;\" mce_style=\"font-family: verdana, geneva;\">en el milagro<\/span><\/span><\/span><\/p>\n<p style=\"text-align: center;\" mce_style=\"text-align: center;\"><span style=\"font-size: medium;\" mce_style=\"font-size: medium;\"><span style=\"font-size: medium;\" mce_style=\"font-size: medium;\"><span style=\"font-family: verdana, geneva;\" mce_style=\"font-family: verdana, geneva;\">que hace en su savia<\/span><\/span><\/span><\/p>\n<p style=\"text-align: center;\" mce_style=\"text-align: center;\"><span style=\"font-size: medium;\" mce_style=\"font-size: medium;\"><span style=\"font-size: medium;\" mce_style=\"font-size: medium;\"><span style=\"font-family: verdana, geneva;\" mce_style=\"font-family: verdana, geneva;\">fiel la primavera.<\/span><\/span><\/span><\/p>\n<p style=\"text-align: center;\" mce_style=\"text-align: center;\"><span style=\"font-size: medium;\" mce_style=\"font-size: medium;\"><span style=\"font-family: verdana, geneva;\" mce_style=\"font-family: verdana, geneva;\"><br \/>\n<\/span><\/span><\/p>\n<p style=\"text-align: center;\" mce_style=\"text-align: center;\"><span style=\"font-size: medium;\" mce_style=\"font-size: medium;\"><span style=\"font-size: medium;\" mce_style=\"font-size: medium;\"><span style=\"font-family: verdana, geneva;\" mce_style=\"font-family: verdana, geneva;\">Ya nacieron las flores<\/span><\/span><\/span><\/p>\n<p style=\"text-align: center;\" mce_style=\"text-align: center;\"><span style=\"font-size: medium;\" mce_style=\"font-size: medium;\"><span style=\"font-size: medium;\" mce_style=\"font-size: medium;\"><span style=\"font-family: verdana, geneva;\" mce_style=\"font-family: verdana, geneva;\">este a\u00f1o<\/span><\/span><\/span><\/p>\n<p style=\"text-align: center;\" mce_style=\"text-align: center;\"><span style=\"font-size: medium;\" mce_style=\"font-size: medium;\"><span style=\"font-size: medium;\" mce_style=\"font-size: medium;\"><span style=\"font-family: verdana, geneva;\" mce_style=\"font-family: verdana, geneva;\">con la sonrisa alegre<\/span><\/span><\/span><\/p>\n<p style=\"text-align: center;\" mce_style=\"text-align: center;\"><span style=\"font-size: medium;\" mce_style=\"font-size: medium;\"><span style=\"font-family: verdana, geneva;\" mce_style=\"font-family: verdana, geneva;\">y el perfume<\/span><\/span><\/p>\n<p style=\"text-align: center;\" mce_style=\"text-align: center;\"><span style=\"font-size: medium;\" mce_style=\"font-size: medium;\"><span style=\"font-family: verdana, geneva;\" mce_style=\"font-family: verdana, geneva;\">que trae la Arabia<\/span><\/span><\/p>\n<p style=\"text-align: center;\" mce_style=\"text-align: center;\"><span style=\"font-size: medium;\" mce_style=\"font-size: medium;\"><span style=\"font-family: verdana, geneva;\" mce_style=\"font-family: verdana, geneva;\">entera&nbsp;<\/span><\/span><\/p>\n<p style=\"text-align: center;\" mce_style=\"text-align: center;\"><span style=\"font-size: medium;\" mce_style=\"font-size: medium;\"><span style=\"font-family: verdana, geneva;\" mce_style=\"font-family: verdana, geneva;\">a mi ventana.<\/span><\/span><\/p>\n<p style=\"text-align: center;\" mce_style=\"text-align: center;\"><span style=\"font-size: medium;\" mce_style=\"font-size: medium;\"><span style=\"font-family: verdana, geneva;\" mce_style=\"font-family: verdana, geneva;\"><br \/>\n<\/span><\/span><\/p>\n<p style=\"text-align: center;\" mce_style=\"text-align: center;\"><span style=\"font-size: medium;\" mce_style=\"font-size: medium;\"><span style=\"font-family: verdana, geneva;\" mce_style=\"font-family: verdana, geneva;\">\u00bfEs acaso una Ninfa<\/span><\/span><\/p>\n<p style=\"text-align: center;\" mce_style=\"text-align: center;\"><span style=\"font-size: medium;\" mce_style=\"font-size: medium;\"><span style=\"font-family: verdana, geneva;\" mce_style=\"font-family: verdana, geneva;\">convertida<\/span><\/span><\/p>\n<p style=\"text-align: center;\" mce_style=\"text-align: center;\"><span style=\"font-size: medium;\" mce_style=\"font-size: medium;\"><span style=\"font-family: verdana, geneva;\" mce_style=\"font-family: verdana, geneva;\">en p\u00e9talos brillantes,<\/span><\/span><\/p>\n<p style=\"text-align: center;\" mce_style=\"text-align: center;\"><span style=\"font-size: medium;\" mce_style=\"font-size: medium;\"><span style=\"font-family: verdana, geneva;\" mce_style=\"font-family: verdana, geneva;\">tentadores?<\/span><\/span><\/p>\n<p style=\"text-align: center;\" mce_style=\"text-align: center;\"><span style=\"font-size: medium;\" mce_style=\"font-size: medium;\"><span style=\"font-family: verdana, geneva;\" mce_style=\"font-family: verdana, geneva;\"><br \/>\n<\/span><\/span><\/p>\n<p style=\"text-align: center;\" mce_style=\"text-align: center;\"><span style=\"font-size: medium;\" mce_style=\"font-size: medium;\"><span style=\"font-family: verdana, geneva;\" mce_style=\"font-family: verdana, geneva;\">\u00bfSer\u00e1 el aviso<\/span><\/span><\/p>\n<p style=\"text-align: center;\" mce_style=\"text-align: center;\"><span style=\"font-size: medium;\" mce_style=\"font-size: medium;\"><span style=\"font-family: verdana, geneva;\" mce_style=\"font-family: verdana, geneva;\">que en otras galaxias<\/span><\/span><\/p>\n<p style=\"text-align: center;\" mce_style=\"text-align: center;\"><span style=\"font-size: medium;\" mce_style=\"font-size: medium;\"><span style=\"font-family: verdana, geneva;\" mce_style=\"font-family: verdana, geneva;\">nos esperan<\/span><\/span><\/p>\n<p style=\"text-align: center;\" mce_style=\"text-align: center;\"><span style=\"font-size: medium;\" mce_style=\"font-size: medium;\"><span style=\"font-family: verdana, geneva;\" mce_style=\"font-family: verdana, geneva;\">estelarias mujeres<\/span><\/span><\/p>\n<p style=\"text-align: center;\" mce_style=\"text-align: center;\"><span style=\"font-size: medium;\" mce_style=\"font-size: medium;\"><span style=\"font-family: verdana, geneva;\" mce_style=\"font-family: verdana, geneva;\">seductoras?<\/span><\/span><\/p>\n<p style=\"text-align: center;\" mce_style=\"text-align: center;\"><span style=\"font-size: medium;\" mce_style=\"font-size: medium;\"><span style=\"font-family: verdana, geneva;\" mce_style=\"font-family: verdana, geneva;\"><br \/>\n<\/span><\/span><\/p>\n<p style=\"text-align: center;\" mce_style=\"text-align: center;\"><span style=\"font-size: medium;\" mce_style=\"font-size: medium;\"><span style=\"font-family: verdana, geneva;\" mce_style=\"font-family: verdana, geneva;\">Me parece que hablan,&nbsp;<\/span><\/span><\/p>\n<p style=\"text-align: center;\" mce_style=\"text-align: center;\"><span style=\"font-size: medium;\" mce_style=\"font-size: medium;\"><span style=\"font-family: verdana, geneva;\" mce_style=\"font-family: verdana, geneva;\">y las beso<\/span><\/span><\/p>\n<p style=\"text-align: center;\" mce_style=\"text-align: center;\"><span style=\"font-size: medium;\" mce_style=\"font-size: medium;\"><span style=\"font-family: verdana, geneva;\" mce_style=\"font-family: verdana, geneva;\">y ellas me corresponden<\/span><\/span><\/p>\n<p style=\"text-align: center;\" mce_style=\"text-align: center;\"><span style=\"font-size: medium;\" mce_style=\"font-size: medium;\"><span style=\"font-family: verdana, geneva;\" mce_style=\"font-family: verdana, geneva;\">calladas, zalameras.<\/span><\/span><\/p>\n<p style=\"text-align: center;\" mce_style=\"text-align: center;\"><span style=\"font-size: medium;\" mce_style=\"font-size: medium;\"><span style=\"font-family: verdana, geneva;\" mce_style=\"font-family: verdana, geneva;\"><br \/>\n<\/span><\/span><\/p>\n<p style=\"text-align: center;\" mce_style=\"text-align: center;\"><span style=\"font-size: medium;\" mce_style=\"font-size: medium;\"><span style=\"font-family: verdana, geneva;\" mce_style=\"font-family: verdana, geneva;\">Con una flor y un libro<\/span><\/span><\/p>\n<p style=\"text-align: center;\" mce_style=\"text-align: center;\"><span style=\"font-size: medium;\" mce_style=\"font-size: medium;\"><span style=\"font-family: verdana, geneva;\" mce_style=\"font-family: verdana, geneva;\">el hombre no est\u00e1 solo<\/span><\/span><\/p>\n<p style=\"text-align: center;\" mce_style=\"text-align: center;\"><span style=\"font-size: medium;\" mce_style=\"font-size: medium;\"><span style=\"font-family: verdana, geneva;\" mce_style=\"font-family: verdana, geneva;\">pues todos<\/span><\/span><\/p>\n<p style=\"text-align: center;\" mce_style=\"text-align: center;\"><span style=\"font-size: medium;\" mce_style=\"font-size: medium;\"><span style=\"font-family: verdana, geneva;\" mce_style=\"font-family: verdana, geneva;\">son propicios al di\u00e1logo.<\/span><\/span><\/p>\n<p style=\"text-align: center;\" mce_style=\"text-align: center;\"><span style=\"font-size: medium;\" mce_style=\"font-size: medium;\"><span style=\"font-family: verdana, geneva;\" mce_style=\"font-family: verdana, geneva;\"><br \/>\n<\/span><\/span><\/p>\n<p style=\"text-align: center;\" mce_style=\"text-align: center;\"><span style=\"font-size: medium;\" mce_style=\"font-size: medium;\"><span style=\"font-family: verdana, geneva;\" mce_style=\"font-family: verdana, geneva;\">La eclosi\u00f3n de un capullo<\/span><\/span><\/p>\n<p style=\"text-align: center;\" mce_style=\"text-align: center;\"><span style=\"font-size: medium;\" mce_style=\"font-size: medium;\"><span style=\"font-family: verdana, geneva;\" mce_style=\"font-family: verdana, geneva;\">en primavera<\/span><\/span><\/p>\n<p style=\"text-align: center;\" mce_style=\"text-align: center;\"><span style=\"font-size: medium;\" mce_style=\"font-size: medium;\"><span style=\"font-family: verdana, geneva;\" mce_style=\"font-family: verdana, geneva;\">es como el nacimiento<\/span><\/span><\/p>\n<p style=\"text-align: center;\" mce_style=\"text-align: center;\"><span style=\"font-size: medium;\" mce_style=\"font-size: medium;\"><span style=\"font-family: verdana, geneva;\" mce_style=\"font-family: verdana, geneva;\">de un chiquillo,<\/span><\/span><\/p>\n<p style=\"text-align: center;\" mce_style=\"text-align: center;\"><span style=\"font-size: medium;\" mce_style=\"font-size: medium;\"><span style=\"font-family: verdana, geneva;\" mce_style=\"font-family: verdana, geneva;\">la flor ser\u00e1 una reina,<\/span><\/span><\/p>\n<p style=\"text-align: center;\" mce_style=\"text-align: center;\"><span style=\"font-size: medium;\" mce_style=\"font-size: medium;\"><span style=\"font-family: verdana, geneva;\" mce_style=\"font-family: verdana, geneva;\">el ni\u00f1o un dios<\/span><\/span><\/p>\n<p style=\"text-align: center;\" mce_style=\"text-align: center;\"><span style=\"font-size: medium;\" mce_style=\"font-size: medium;\"><span style=\"font-family: verdana, geneva;\" mce_style=\"font-family: verdana, geneva;\">que luego se har\u00e1 hombre.<\/span><\/span><\/p>\n<p style=\"text-align: center;\" mce_style=\"text-align: center;\"><span style=\"font-size: medium;\" mce_style=\"font-size: medium;\"><span style=\"font-family: verdana, geneva;\" mce_style=\"font-family: verdana, geneva;\"><br \/>\n<\/span><\/span><\/p>\n<p style=\"text-align: center;\" mce_style=\"text-align: center;\"><span style=\"font-size: medium;\" mce_style=\"font-size: medium;\"><span style=\"font-family: verdana, geneva;\" mce_style=\"font-family: verdana, geneva;\">A\u00fan quedan m\u00e1s preguntas,<\/span><\/span><\/p>\n<p style=\"text-align: center;\" mce_style=\"text-align: center;\"><span style=\"font-size: medium;\" mce_style=\"font-size: medium;\"><span style=\"font-family: verdana, geneva;\" mce_style=\"font-family: verdana, geneva;\">si es posible:<\/span><\/span><\/p>\n<p style=\"text-align: center;\" mce_style=\"text-align: center;\"><span style=\"font-size: medium;\" mce_style=\"font-size: medium;\"><span style=\"font-family: verdana, geneva;\" mce_style=\"font-family: verdana, geneva;\">\u00bfso\u00f1ar\u00e9 en lo infinito<\/span><\/span><\/p>\n<p style=\"text-align: center;\" mce_style=\"text-align: center;\"><span style=\"font-size: medium;\" mce_style=\"font-size: medium;\"><span style=\"font-family: verdana, geneva;\" mce_style=\"font-family: verdana, geneva;\">de la Nada<\/span><\/span><\/p>\n<p style=\"text-align: center;\" mce_style=\"text-align: center;\"><span style=\"font-size: medium;\" mce_style=\"font-size: medium;\"><span style=\"font-family: verdana, geneva;\" mce_style=\"font-family: verdana, geneva;\">con flores y con libros<\/span><\/span><\/p>\n<p style=\"text-align: center;\" mce_style=\"text-align: center;\"><span style=\"font-size: medium;\" mce_style=\"font-size: medium;\"><span style=\"font-family: verdana, geneva;\" mce_style=\"font-family: verdana, geneva;\">imposibles?<\/span><\/span><\/p>\n<p style=\"text-align: center;\" mce_style=\"text-align: center;\"><span style=\"font-size: medium;\" mce_style=\"font-size: medium;\"><span style=\"font-family: verdana, geneva;\" mce_style=\"font-family: verdana, geneva;\"><br \/>\n<\/span><\/span><\/p>\n<p style=\"text-align: center;\" mce_style=\"text-align: center;\"><span style=\"font-size: medium;\" mce_style=\"font-size: medium;\"><span style=\"font-family: verdana, geneva;\" mce_style=\"font-family: verdana, geneva;\">\u00bfTendr\u00e9 una orqu\u00eddea<\/span><\/span><\/p>\n<p style=\"text-align: center;\" mce_style=\"text-align: center;\"><span style=\"font-size: medium;\" mce_style=\"font-size: medium;\"><span style=\"font-family: verdana, geneva;\" mce_style=\"font-family: verdana, geneva;\">rosa en la tristeza<\/span><\/span><\/p>\n<p style=\"text-align: center;\" mce_style=\"text-align: center;\"><span style=\"font-size: medium;\" mce_style=\"font-size: medium;\"><span style=\"font-family: verdana, geneva;\" mce_style=\"font-family: verdana, geneva;\">que sonr\u00eda en los oc\u00e9anos<\/span><\/span><\/p>\n<p style=\"text-align: center;\" mce_style=\"text-align: center;\"><span style=\"font-size: medium;\" mce_style=\"font-size: medium;\"><span style=\"font-family: verdana, geneva;\" mce_style=\"font-family: verdana, geneva;\">del Cosmos?<\/span><\/span><\/p>\n<p style=\"text-align: center;\" mce_style=\"text-align: center;\"><span style=\"font-size: medium;\" mce_style=\"font-size: medium;\"><span style=\"font-family: verdana, geneva;\" mce_style=\"font-family: verdana, geneva;\"><br \/>\n<\/span><\/span><\/p>\n<p style=\"text-align: center;\" mce_style=\"text-align: center;\"><span style=\"font-size: medium;\" mce_style=\"font-size: medium;\"><span style=\"font-family: verdana, geneva;\" mce_style=\"font-family: verdana, geneva;\">\u00bfLeer\u00e9 a Don quijote<\/span><\/span><\/p>\n<p style=\"text-align: center;\" mce_style=\"text-align: center;\"><span style=\"font-size: medium;\" mce_style=\"font-size: medium;\"><span style=\"font-family: verdana, geneva;\" mce_style=\"font-family: verdana, geneva;\">\u00absin comento\u00bb,<\/span><\/span><\/p>\n<p style=\"text-align: center;\" mce_style=\"text-align: center;\"><span style=\"font-size: medium;\" mce_style=\"font-size: medium;\"><span style=\"font-family: verdana, geneva;\" mce_style=\"font-family: verdana, geneva;\">sin cortapisa humana<\/span><\/span><\/p>\n<p style=\"text-align: center;\" mce_style=\"text-align: center;\"><span style=\"font-size: medium;\" mce_style=\"font-size: medium;\"><span style=\"font-family: verdana, geneva;\" mce_style=\"font-family: verdana, geneva;\">que lo estorbe?<\/span><\/span><\/p>\n<p style=\"text-align: center;\" mce_style=\"text-align: center;\"><span style=\"font-size: medium;\" mce_style=\"font-size: medium;\"><span style=\"font-family: verdana, geneva;\" mce_style=\"font-family: verdana, geneva;\"><br \/>\n<\/span><\/span><\/p>\n<p style=\"text-align: center;\" mce_style=\"text-align: center;\"><span style=\"font-size: medium;\" mce_style=\"font-size: medium;\"><span style=\"font-family: verdana, geneva;\" mce_style=\"font-family: verdana, geneva;\">Y la respuesta <\/span><\/span><\/p>\n<p style=\"text-align: center;\" mce_style=\"text-align: center;\"><span style=\"font-size: medium;\" mce_style=\"font-size: medium;\"><span style=\"font-family: verdana, geneva;\" mce_style=\"font-family: verdana, geneva;\">se qued\u00f3 en el \u00e9ter<\/span><\/span><\/p>\n<p style=\"text-align: center;\" mce_style=\"text-align: center;\"><span style=\"font-size: medium;\" mce_style=\"font-size: medium;\"><span style=\"font-family: verdana, geneva;\" mce_style=\"font-family: verdana, geneva;\">pendiente de la eterna<\/span><\/span><\/p>\n<p style=\"text-align: center;\" mce_style=\"text-align: center;\"><span style=\"font-size: medium;\" mce_style=\"font-size: medium;\"><span style=\"font-family: verdana, geneva;\" mce_style=\"font-family: verdana, geneva;\">rosa que me informe.<\/span><\/span><\/p>\n<p style=\"text-align: center;\" mce_style=\"text-align: center;\">\n<p style=\"text-align: center;\" mce_style=\"text-align: center;\">\n<p style=\"text-align: center;\" mce_style=\"text-align: center;\">\n<p style=\"text-align: justify;\" mce_style=\"text-align: justify;\"><span style=\"font-size: medium;\" mce_style=\"font-size: medium;\"><span style=\"font-family: verdana, geneva;\" mce_style=\"font-family: verdana, geneva;\"><b>Clara Isabel Truchado Mart\u00edn:<\/b><\/span><\/span><\/p>\n<p style=\"text-align: justify;\" mce_style=\"text-align: justify;\">\n<p style=\"text-align: center;\" mce_style=\"text-align: center;\"><span style=\"font-size: medium;\" mce_style=\"font-size: medium;\"><span style=\"font-family: verdana, geneva;\" mce_style=\"font-family: verdana, geneva;\"><b>Sanchica no fue de boda<\/b><\/span><\/span><\/p>\n<p style=\"text-align: center;\" mce_style=\"text-align: center;\">\n<p style=\"text-align: center;\" mce_style=\"text-align: center;\"><span style=\"font-size: medium;\" mce_style=\"font-size: medium;\"><span style=\"font-family: verdana, geneva;\" mce_style=\"font-family: verdana, geneva;\">Cu\u00e9ntame, abuelo, el romance;<\/span><\/span><\/p>\n<p style=\"text-align: center;\" mce_style=\"text-align: center;\"><span style=\"font-size: medium;\" mce_style=\"font-size: medium;\"><span style=\"font-family: verdana, geneva;\" mce_style=\"font-family: verdana, geneva;\">cu\u00e9ntame, abuelo, la historia<\/span><\/span><\/p>\n<p style=\"text-align: center;\" mce_style=\"text-align: center;\"><span style=\"font-size: medium;\" mce_style=\"font-size: medium;\"><span style=\"font-family: verdana, geneva;\" mce_style=\"font-family: verdana, geneva;\">de aquellas bodas famosas<\/span><\/span><\/p>\n<p style=\"text-align: center;\" mce_style=\"text-align: center;\"><span style=\"font-size: medium;\" mce_style=\"font-size: medium;\"><span style=\"font-family: verdana, geneva;\" mce_style=\"font-family: verdana, geneva;\">que del mundo fueron gloria.<\/span><\/span><\/p>\n<p style=\"text-align: center;\" mce_style=\"text-align: center;\"><span style=\"font-size: medium;\" mce_style=\"font-size: medium;\"><span style=\"font-family: verdana, geneva;\" mce_style=\"font-family: verdana, geneva;\">Cu\u00e9ntame, abuelo, la historia<\/span><\/span><\/p>\n<p style=\"text-align: center;\" mce_style=\"text-align: center;\"><span style=\"font-size: medium;\" mce_style=\"font-size: medium;\"><span style=\"font-family: verdana, geneva;\" mce_style=\"font-family: verdana, geneva;\">aqu\u00ed al amor del hogar,<\/span><\/span><\/p>\n<p style=\"text-align: center;\" mce_style=\"text-align: center;\"><span style=\"font-size: medium;\" mce_style=\"font-size: medium;\"><span style=\"font-family: verdana, geneva;\" mce_style=\"font-family: verdana, geneva;\">de aquellas Bodas que hicieran<\/span><\/span><\/p>\n<p style=\"text-align: center;\" mce_style=\"text-align: center;\"><span style=\"font-size: medium;\" mce_style=\"font-size: medium;\"><span style=\"font-family: verdana, geneva;\" mce_style=\"font-family: verdana, geneva;\">famoso a nuestro lugar&#8230;<\/span><\/span><\/p>\n<p style=\"text-align: center;\" mce_style=\"text-align: center;\">\n<p style=\"text-align: center;\" mce_style=\"text-align: center;\"><span style=\"font-size: medium;\" mce_style=\"font-size: medium;\"><span style=\"font-family: verdana, geneva;\" mce_style=\"font-family: verdana, geneva;\">Si\u00e9ntate, nieto querido,<\/span><\/span><\/p>\n<p style=\"text-align: center;\" mce_style=\"text-align: center;\"><span style=\"font-size: medium;\" mce_style=\"font-size: medium;\"><span style=\"font-family: verdana, geneva;\" mce_style=\"font-family: verdana, geneva;\">que todav\u00eda a tiempo est\u00e1s<\/span><\/span><\/p>\n<p style=\"text-align: center;\" mce_style=\"text-align: center;\"><span style=\"font-size: medium;\" mce_style=\"font-size: medium;\"><span style=\"font-size: medium;\" mce_style=\"font-size: medium;\"><span style=\"font-family: verdana, geneva;\" mce_style=\"font-family: verdana, geneva;\">de que tu abuelo te cuente<\/span><\/span><\/span><\/p>\n<p style=\"text-align: center;\" mce_style=\"text-align: center;\"><span style=\"font-size: medium;\" mce_style=\"font-size: medium;\"><span style=\"font-size: medium;\" mce_style=\"font-size: medium;\"><span style=\"font-family: verdana, geneva;\" mce_style=\"font-family: verdana, geneva;\">lo que aprendi\u00f3 tiempo ha:<\/span><\/span><\/span><\/p>\n<p style=\"text-align: center;\" mce_style=\"text-align: center;\"><span style=\"font-size: medium;\" mce_style=\"font-size: medium;\"><span style=\"font-family: verdana, geneva;\" mce_style=\"font-family: verdana, geneva;\"><br \/>\n<\/span><\/span><\/p>\n<p style=\"text-align: center;\" mce_style=\"text-align: center;\"><span style=\"font-size: medium;\" mce_style=\"font-size: medium;\"><span style=\"font-size: medium;\" mce_style=\"font-size: medium;\"><span style=\"font-family: verdana, geneva;\" mce_style=\"font-family: verdana, geneva;\">Corr\u00eda el a\u00f1o ochenta y cuatro&#8230;<\/span><\/span><\/span><\/p>\n<p style=\"text-align: center;\" mce_style=\"text-align: center;\"><span style=\"font-size: medium;\" mce_style=\"font-size: medium;\"><span style=\"font-size: medium;\" mce_style=\"font-size: medium;\"><span style=\"font-family: verdana, geneva;\" mce_style=\"font-family: verdana, geneva;\">de aquel siglo diecis\u00e9is,<\/span><\/span><\/span><\/p>\n<p style=\"text-align: center;\" mce_style=\"text-align: center;\"><span style=\"font-size: medium;\" mce_style=\"font-size: medium;\"><span style=\"font-size: medium;\" mce_style=\"font-size: medium;\"><span style=\"font-family: verdana, geneva;\" mce_style=\"font-family: verdana, geneva;\">era un doce de diciembre&#8230;<\/span><\/span><\/span><\/p>\n<p style=\"text-align: center;\" mce_style=\"text-align: center;\"><span style=\"font-size: medium;\" mce_style=\"font-size: medium;\"><span style=\"font-size: medium;\" mce_style=\"font-size: medium;\"><span style=\"font-family: verdana, geneva;\" mce_style=\"font-family: verdana, geneva;\">escucha con inter\u00e9s&#8230;<\/span><\/span><\/span><\/p>\n<p style=\"text-align: center;\" mce_style=\"text-align: center;\"><span style=\"font-size: medium;\" mce_style=\"font-size: medium;\"><span style=\"font-family: verdana, geneva;\" mce_style=\"font-family: verdana, geneva;\"><br \/>\n<\/span><\/span><\/p>\n<p style=\"text-align: center;\" mce_style=\"text-align: center;\"><span style=\"font-size: medium;\" mce_style=\"font-size: medium;\"><span style=\"font-size: medium;\" mce_style=\"font-size: medium;\"><span style=\"font-family: verdana, geneva;\" mce_style=\"font-family: verdana, geneva;\">En una humilde vivienda<\/span><\/span><\/span><\/p>\n<p style=\"text-align: center;\" mce_style=\"text-align: center;\"><span style=\"font-size: medium;\" mce_style=\"font-size: medium;\"><span style=\"font-size: medium;\" mce_style=\"font-size: medium;\"><span style=\"font-family: verdana, geneva;\" mce_style=\"font-family: verdana, geneva;\">aquella ma\u00f1ana fr\u00eda<\/span><\/span><\/span><\/p>\n<p style=\"text-align: center;\" mce_style=\"text-align: center;\"><span style=\"font-size: medium;\" mce_style=\"font-size: medium;\"><span style=\"font-size: medium;\" mce_style=\"font-size: medium;\"><span style=\"font-family: verdana, geneva;\" mce_style=\"font-family: verdana, geneva;\">una robusta muchacha<\/span><\/span><\/span><\/p>\n<p style=\"text-align: center;\" mce_style=\"text-align: center;\"><span style=\"font-size: medium;\" mce_style=\"font-size: medium;\"><span style=\"font-size: medium;\" mce_style=\"font-size: medium;\"><span style=\"font-family: verdana, geneva;\" mce_style=\"font-family: verdana, geneva;\">a su madre le dec\u00eda:<\/span><\/span><\/span><\/p>\n<p style=\"text-align: center;\" mce_style=\"text-align: center;\"><span style=\"font-size: medium;\" mce_style=\"font-size: medium;\"><span style=\"font-size: medium;\" mce_style=\"font-size: medium;\"><span style=\"font-family: verdana, geneva;\" mce_style=\"font-family: verdana, geneva;\"><br \/>\n<\/span><\/span><\/span><\/p>\n<p style=\"text-align: center;\" mce_style=\"text-align: center;\"><span style=\"font-size: medium;\" mce_style=\"font-size: medium;\"><span style=\"font-size: medium;\" mce_style=\"font-size: medium;\"><span style=\"font-family: verdana, geneva;\" mce_style=\"font-family: verdana, geneva;\">\u00a1Madre, yo quiero ir de boda\u00a1<\/span><\/span><\/span><\/p>\n<p style=\"text-align: center;\" mce_style=\"text-align: center;\"><span style=\"font-size: medium;\" mce_style=\"font-size: medium;\"><span style=\"font-size: medium;\" mce_style=\"font-size: medium;\"><span style=\"font-family: verdana, geneva;\" mce_style=\"font-family: verdana, geneva;\">\u00a1Madre, a esta boda voy yo\u00a1<\/span><\/span><\/span><\/p>\n<p style=\"text-align: center;\" mce_style=\"text-align: center;\"><span style=\"font-size: medium;\" mce_style=\"font-size: medium;\"><span style=\"font-size: medium;\" mce_style=\"font-size: medium;\"><span style=\"font-family: verdana, geneva;\" mce_style=\"font-family: verdana, geneva;\">Dadme el corpi\u00f1o de flores<\/span><\/span><\/span><\/p>\n<p style=\"text-align: center;\" mce_style=\"text-align: center;\"><span style=\"font-size: medium;\" mce_style=\"font-size: medium;\"><span style=\"font-size: medium;\" mce_style=\"font-size: medium;\"><span style=\"font-family: verdana, geneva;\" mce_style=\"font-family: verdana, geneva;\">que por presente me \u00abtrujo\u00bb<\/span><\/span><\/span><\/p>\n<p style=\"text-align: center;\" mce_style=\"text-align: center;\"><span style=\"font-size: medium;\" mce_style=\"font-size: medium;\"><span style=\"font-size: medium;\" mce_style=\"font-size: medium;\"><span style=\"font-family: verdana, geneva;\" mce_style=\"font-family: verdana, geneva;\">mi \u00abag\u00fcelo\u00bb \u00abpa\u00bb la Funci\u00f3n.<\/span><\/span><\/span><\/p>\n<p style=\"text-align: center;\" mce_style=\"text-align: center;\"><span style=\"font-size: medium;\" mce_style=\"font-size: medium;\"><span style=\"font-size: medium;\" mce_style=\"font-size: medium;\"><span style=\"font-family: verdana, geneva;\" mce_style=\"font-family: verdana, geneva;\">Dame los chapines nuevos,<\/span><\/span><\/span><\/p>\n<p style=\"text-align: center;\" mce_style=\"text-align: center;\"><span style=\"font-size: medium;\" mce_style=\"font-size: medium;\"><span style=\"font-size: medium;\" mce_style=\"font-size: medium;\"><span style=\"font-family: verdana, geneva;\" mce_style=\"font-family: verdana, geneva;\">trae la saya de fest\u00f3n<\/span><\/span><\/span><\/p>\n<p style=\"text-align: center;\" mce_style=\"text-align: center;\"><span style=\"font-size: medium;\" mce_style=\"font-size: medium;\"><span style=\"font-size: medium;\" mce_style=\"font-size: medium;\"><span style=\"font-family: verdana, geneva;\" mce_style=\"font-family: verdana, geneva;\">y el manto que mand\u00f3 padre<\/span><\/span><\/span><\/p>\n<p style=\"text-align: center;\" mce_style=\"text-align: center;\"><span style=\"font-size: medium;\" mce_style=\"font-size: medium;\"><span style=\"font-size: medium;\" mce_style=\"font-size: medium;\"><span style=\"font-family: verdana, geneva;\" mce_style=\"font-family: verdana, geneva;\">cuando era gobernador&#8230;<\/span><\/span><\/span><\/p>\n<p style=\"text-align: center;\" mce_style=\"text-align: center;\"><span style=\"font-size: medium;\" mce_style=\"font-size: medium;\"><span style=\"font-family: verdana, geneva;\" mce_style=\"font-family: verdana, geneva;\">\u00bfMadre, yo quiero ir de boda\u00a1<\/span><\/span><\/p>\n<p style=\"text-align: center;\" mce_style=\"text-align: center;\"><span style=\"font-size: medium;\" mce_style=\"font-size: medium;\"><span style=\"font-family: verdana, geneva;\" mce_style=\"font-family: verdana, geneva;\">\u00a1Madre, a esa boda voy yo\u00a1<\/span><\/span><\/p>\n<p style=\"text-align: center;\" mce_style=\"text-align: center;\"><span style=\"font-size: medium;\" mce_style=\"font-size: medium;\"><span style=\"font-family: verdana, geneva;\" mce_style=\"font-family: verdana, geneva;\"><br \/>\n<\/span><\/span><\/p>\n<p style=\"text-align: center;\" mce_style=\"text-align: center;\"><span style=\"font-size: medium;\" mce_style=\"font-size: medium;\"><span style=\"font-family: verdana, geneva;\" mce_style=\"font-family: verdana, geneva;\">T\u00fa no puede ir, Sanchica,<\/span><\/span><\/p>\n<p style=\"text-align: center;\" mce_style=\"text-align: center;\"><span style=\"font-size: medium;\" mce_style=\"font-size: medium;\"><span style=\"font-family: verdana, geneva;\" mce_style=\"font-family: verdana, geneva;\">que es boda de relumbr\u00f3n,<\/span><\/span><\/p>\n<p style=\"text-align: center;\" mce_style=\"text-align: center;\"><span style=\"font-size: medium;\" mce_style=\"font-size: medium;\"><span style=\"font-family: verdana, geneva;\" mce_style=\"font-family: verdana, geneva;\">boda de gentes hidalgas<\/span><\/span><\/p>\n<p style=\"text-align: center;\" mce_style=\"text-align: center;\"><span style=\"font-size: medium;\" mce_style=\"font-size: medium;\"><span style=\"font-family: verdana, geneva;\" mce_style=\"font-family: verdana, geneva;\">no de gente del mont\u00f3n&#8230;<\/span><\/span><\/p>\n<p style=\"text-align: center;\" mce_style=\"text-align: center;\"><span style=\"font-size: medium;\" mce_style=\"font-size: medium;\"><span style=\"font-family: verdana, geneva;\" mce_style=\"font-family: verdana, geneva;\"><br \/>\n<\/span><\/span><\/p>\n<p style=\"text-align: center;\" mce_style=\"text-align: center;\"><span style=\"font-size: medium;\" mce_style=\"font-size: medium;\"><span style=\"font-family: verdana, geneva;\" mce_style=\"font-family: verdana, geneva;\">Yo no soy zafia ni fea;<\/span><\/span><\/p>\n<p style=\"text-align: center;\" mce_style=\"text-align: center;\"><span style=\"font-size: medium;\" mce_style=\"font-size: medium;\"><span style=\"font-family: verdana, geneva;\" mce_style=\"font-family: verdana, geneva;\">yo no soy del mont\u00f3n, madre,<\/span><\/span><\/p>\n<p style=\"text-align: center;\" mce_style=\"text-align: center;\"><span style=\"font-size: medium;\" mce_style=\"font-size: medium;\"><span style=\"font-family: verdana, geneva;\" mce_style=\"font-family: verdana, geneva;\">pues con noble y rico hombre<\/span><\/span><\/p>\n<p style=\"text-align: center;\" mce_style=\"text-align: center;\"><span style=\"font-size: medium;\" mce_style=\"font-size: medium;\"><span style=\"font-family: verdana, geneva;\" mce_style=\"font-family: verdana, geneva;\">he \u00abnac\u00edo\u00bb \u00abpa\u00bb casarme.<\/span><\/span><\/p>\n<p style=\"text-align: center;\" mce_style=\"text-align: center;\"><span style=\"font-size: medium;\" mce_style=\"font-size: medium;\"><span style=\"font-family: verdana, geneva;\" mce_style=\"font-family: verdana, geneva;\"><br \/>\n<\/span><\/span><\/p>\n<p style=\"text-align: center;\" mce_style=\"text-align: center;\"><span style=\"font-size: medium;\" mce_style=\"font-size: medium;\"><span style=\"font-family: verdana, geneva;\" mce_style=\"font-family: verdana, geneva;\">No sue\u00f1es, hija, no sue\u00f1es,<\/span><\/span><\/p>\n<p style=\"text-align: center;\" mce_style=\"text-align: center;\"><span style=\"font-size: medium;\" mce_style=\"font-size: medium;\"><span style=\"font-family: verdana, geneva;\" mce_style=\"font-family: verdana, geneva;\">\u00abquesto\u00bb s\u00f3lo es la ilusi\u00f3n<\/span><\/span><\/p>\n<p style=\"text-align: center;\" mce_style=\"text-align: center;\"><span style=\"font-size: medium;\" mce_style=\"font-size: medium;\"><span style=\"font-family: verdana, geneva;\" mce_style=\"font-family: verdana, geneva;\">del muy porro de tu padre<\/span><\/span><\/p>\n<p style=\"text-align: center;\" mce_style=\"text-align: center;\"><span style=\"font-size: medium;\" mce_style=\"font-size: medium;\"><span style=\"font-family: verdana, geneva;\" mce_style=\"font-family: verdana, geneva;\">y de su iluso se\u00f1or;<\/span><\/span><\/p>\n<p style=\"text-align: center;\" mce_style=\"text-align: center;\"><span style=\"font-size: medium;\" mce_style=\"font-size: medium;\"><span style=\"font-family: verdana, geneva;\" mce_style=\"font-family: verdana, geneva;\">Que no hay p\u00e1jaros hoga\u00f1o,<\/span><\/span><\/p>\n<p style=\"text-align: center;\" mce_style=\"text-align: center;\"><span style=\"font-size: medium;\" mce_style=\"font-size: medium;\"><span style=\"font-family: verdana, geneva;\" mce_style=\"font-family: verdana, geneva;\">que aquel nido se perdi\u00f3<\/span><\/span><\/p>\n<p style=\"text-align: center;\" mce_style=\"text-align: center;\"><span style=\"font-size: medium;\" mce_style=\"font-size: medium;\"><span style=\"font-family: verdana, geneva;\" mce_style=\"font-family: verdana, geneva;\">desde que el se\u00f1or Quijada<\/span><\/span><\/p>\n<p style=\"text-align: center;\" mce_style=\"text-align: center;\"><span style=\"font-size: medium;\" mce_style=\"font-size: medium;\"><span style=\"font-family: verdana, geneva;\" mce_style=\"font-family: verdana, geneva;\">al convento se march\u00f3&#8230;<\/span><\/span><\/p>\n<p style=\"text-align: center;\" mce_style=\"text-align: center;\"><span style=\"font-size: medium;\" mce_style=\"font-size: medium;\"><span style=\"font-family: verdana, geneva;\" mce_style=\"font-family: verdana, geneva;\"><br \/>\n<\/span><\/span><\/p>\n<p style=\"text-align: center;\" mce_style=\"text-align: center;\"><span style=\"font-size: medium;\" mce_style=\"font-size: medium;\"><span style=\"font-family: verdana, geneva;\" mce_style=\"font-family: verdana, geneva;\">Madre: yo quiero ir de boda,<\/span><\/span><\/p>\n<p style=\"text-align: center;\" mce_style=\"text-align: center;\"><span style=\"font-size: medium;\" mce_style=\"font-size: medium;\"><span style=\"font-family: verdana, geneva;\" mce_style=\"font-family: verdana, geneva;\">que el novio \u00abma\u00bb \u00abconvidao\u00bb<\/span><\/span><\/p>\n<p style=\"text-align: center;\" mce_style=\"text-align: center;\"><span style=\"font-size: medium;\" mce_style=\"font-size: medium;\"><span style=\"font-family: verdana, geneva;\" mce_style=\"font-family: verdana, geneva;\">d\u00e1ndome con su mirada<\/span><\/span><\/p>\n<p style=\"text-align: center;\" mce_style=\"text-align: center;\"><span style=\"font-size: medium;\" mce_style=\"font-size: medium;\"><span style=\"font-family: verdana, geneva;\" mce_style=\"font-family: verdana, geneva;\">el t\u00edtulo m\u00e1s \u00abhonrao\u00bb.<\/span><\/span><\/p>\n<p style=\"text-align: center;\" mce_style=\"text-align: center;\"><span style=\"font-size: medium;\" mce_style=\"font-size: medium;\"><span style=\"font-family: verdana, geneva;\" mce_style=\"font-family: verdana, geneva;\"><br \/>\n<\/span><\/span><\/p>\n<p style=\"text-align: center;\" mce_style=\"text-align: center;\"><span style=\"font-size: medium;\" mce_style=\"font-size: medium;\"><span style=\"font-family: verdana, geneva;\" mce_style=\"font-family: verdana, geneva;\">Aque doce de diciembre<\/span><\/span><\/p>\n<p style=\"text-align: center;\" mce_style=\"text-align: center;\"><span style=\"font-size: medium;\" mce_style=\"font-size: medium;\"><span style=\"font-family: verdana, geneva;\" mce_style=\"font-family: verdana, geneva;\">el cielo estaba brillante,&nbsp;<\/span><\/span><\/p>\n<p style=\"text-align: center;\" mce_style=\"text-align: center;\"><span style=\"font-size: medium;\" mce_style=\"font-size: medium;\"><span style=\"font-family: verdana, geneva;\" mce_style=\"font-family: verdana, geneva;\">fresca y pura la ma\u00f1ana,<\/span><\/span><\/p>\n<p style=\"text-align: center;\" mce_style=\"text-align: center;\"><span style=\"font-size: medium;\" mce_style=\"font-size: medium;\"><span style=\"font-family: verdana, geneva;\" mce_style=\"font-family: verdana, geneva;\">el sol alegre y brillante.<\/span><\/span><\/p>\n<p style=\"text-align: center;\" mce_style=\"text-align: center;\"><span style=\"font-size: medium;\" mce_style=\"font-size: medium;\"><span style=\"font-family: verdana, geneva;\" mce_style=\"font-family: verdana, geneva;\"><br \/>\n<\/span><\/span><\/p>\n<p style=\"text-align: center;\" mce_style=\"text-align: center;\"><span style=\"font-size: medium;\" mce_style=\"font-size: medium;\"><span style=\"font-family: verdana, geneva;\" mce_style=\"font-family: verdana, geneva;\">El campanario de Esquivias<\/span><\/span><\/p>\n<p style=\"text-align: center;\" mce_style=\"text-align: center;\"><span style=\"font-size: medium;\" mce_style=\"font-size: medium;\"><span style=\"font-family: verdana, geneva;\" mce_style=\"font-family: verdana, geneva;\">daba alegre la llamada<\/span><\/span><\/p>\n<p style=\"text-align: center;\" mce_style=\"text-align: center;\"><span style=\"font-size: medium;\" mce_style=\"font-size: medium;\"><span style=\"font-family: verdana, geneva;\" mce_style=\"font-family: verdana, geneva;\">entonando melod\u00edas<\/span><\/span><\/p>\n<p style=\"text-align: center;\" mce_style=\"text-align: center;\"><span style=\"font-size: medium;\" mce_style=\"font-size: medium;\"><span style=\"font-family: verdana, geneva;\" mce_style=\"font-family: verdana, geneva;\">con sonoras campanadas.<\/span><\/span><\/p>\n<p style=\"text-align: center;\" mce_style=\"text-align: center;\"><span style=\"font-size: medium;\" mce_style=\"font-size: medium;\"><span style=\"font-family: verdana, geneva;\" mce_style=\"font-family: verdana, geneva;\"><br \/>\n<\/span><\/span><\/p>\n<p style=\"text-align: center;\" mce_style=\"text-align: center;\"><span style=\"font-size: medium;\" mce_style=\"font-size: medium;\"><span style=\"font-family: verdana, geneva;\" mce_style=\"font-family: verdana, geneva;\">Las calles como de feria;<\/span><\/span><\/p>\n<p style=\"text-align: center;\" mce_style=\"text-align: center;\"><span style=\"font-size: medium;\" mce_style=\"font-size: medium;\"><span style=\"font-family: verdana, geneva;\" mce_style=\"font-family: verdana, geneva;\">las pobres casas de gala;<\/span><\/span><\/p>\n<p style=\"text-align: center;\" mce_style=\"text-align: center;\"><span style=\"font-size: medium;\" mce_style=\"font-size: medium;\"><span style=\"font-family: verdana, geneva;\" mce_style=\"font-family: verdana, geneva;\">mil ojos penetrantes<\/span><\/span><\/p>\n<p style=\"text-align: center;\" mce_style=\"text-align: center;\"><span style=\"font-size: medium;\" mce_style=\"font-size: medium;\"><span style=\"font-family: verdana, geneva;\" mce_style=\"font-family: verdana, geneva;\">tras las puertas y ventanas.<\/span><\/span><\/p>\n<p style=\"text-align: center;\" mce_style=\"text-align: center;\"><span style=\"font-size: medium;\" mce_style=\"font-size: medium;\"><span style=\"font-family: verdana, geneva;\" mce_style=\"font-family: verdana, geneva;\"><br \/>\n<\/span><\/span><\/p>\n<p style=\"text-align: center;\" mce_style=\"text-align: center;\"><span style=\"font-size: medium;\" mce_style=\"font-size: medium;\"><span style=\"font-family: verdana, geneva;\" mce_style=\"font-family: verdana, geneva;\">Viene do\u00f1a Catalina<\/span><\/span><\/p>\n<p style=\"text-align: center;\" mce_style=\"text-align: center;\"><span style=\"font-size: medium;\" mce_style=\"font-size: medium;\"><span style=\"font-family: verdana, geneva;\" mce_style=\"font-family: verdana, geneva;\">por la calle de la Cuesta<\/span><\/span><\/p>\n<p style=\"text-align: center;\" mce_style=\"text-align: center;\"><span style=\"font-size: medium;\" mce_style=\"font-size: medium;\"><span style=\"font-family: verdana, geneva;\" mce_style=\"font-family: verdana, geneva;\">con la sonrisa en los labios<\/span><\/span><\/p>\n<p style=\"text-align: center;\" mce_style=\"text-align: center;\"><span style=\"font-size: medium;\" mce_style=\"font-size: medium;\"><span style=\"font-family: verdana, geneva;\" mce_style=\"font-family: verdana, geneva;\">y la cabeza alta, enhiesta:<\/span><\/span><\/p>\n<p style=\"text-align: center;\" mce_style=\"text-align: center;\"><span style=\"font-size: medium;\" mce_style=\"font-size: medium;\"><span style=\"font-family: verdana, geneva;\" mce_style=\"font-family: verdana, geneva;\">\u00a1Qu\u00e9 flor sobre el traje blando<\/span><\/span><\/p>\n<p style=\"text-align: center;\" mce_style=\"text-align: center;\"><span style=\"font-size: medium;\" mce_style=\"font-size: medium;\"><span style=\"font-family: verdana, geneva;\" mce_style=\"font-family: verdana, geneva;\">es el rubor de su cara<\/span><\/span><\/p>\n<p style=\"text-align: center;\" mce_style=\"text-align: center;\"><span style=\"font-size: medium;\" mce_style=\"font-size: medium;\"><span style=\"font-family: verdana, geneva;\" mce_style=\"font-family: verdana, geneva;\">a la sombra de los rizos<\/span><\/span><\/p>\n<p style=\"text-align: center;\" mce_style=\"text-align: center;\"><span style=\"font-size: medium;\" mce_style=\"font-size: medium;\"><span style=\"font-family: verdana, geneva;\" mce_style=\"font-family: verdana, geneva;\">en la frente inmaculada\u00a1<\/span><\/span><\/p>\n<p style=\"text-align: center;\" mce_style=\"text-align: center;\"><span style=\"font-size: medium;\" mce_style=\"font-size: medium;\"><span style=\"font-family: verdana, geneva;\" mce_style=\"font-family: verdana, geneva;\"><br \/>\n<\/span><\/span><\/p>\n<p style=\"text-align: center;\" mce_style=\"text-align: center;\"><span style=\"font-size: medium;\" mce_style=\"font-size: medium;\"><span style=\"font-family: verdana, geneva;\" mce_style=\"font-family: verdana, geneva;\">Las pecheras por la calle<\/span><\/span><\/p>\n<p style=\"text-align: center;\" mce_style=\"text-align: center;\"><span style=\"font-size: medium;\" mce_style=\"font-size: medium;\"><span style=\"font-family: verdana, geneva;\" mce_style=\"font-family: verdana, geneva;\">con curiosidad malsana<\/span><\/span><\/p>\n<p style=\"text-align: center;\" mce_style=\"text-align: center;\"><span style=\"font-size: medium;\" mce_style=\"font-size: medium;\"><span style=\"font-family: verdana, geneva;\" mce_style=\"font-family: verdana, geneva;\">truecan en admiraciones<\/span><\/span><\/p>\n<p style=\"text-align: center;\" mce_style=\"text-align: center;\"><span style=\"font-size: medium;\" mce_style=\"font-size: medium;\"><span style=\"font-family: verdana, geneva;\" mce_style=\"font-family: verdana, geneva;\">que luego ser\u00e1n punzadas;<\/span><\/span><\/p>\n<p style=\"text-align: center;\" mce_style=\"text-align: center;\"><span style=\"font-size: medium;\" mce_style=\"font-size: medium;\"><span style=\"font-family: verdana, geneva;\" mce_style=\"font-family: verdana, geneva;\"><br \/>\n<\/span><\/span><\/p>\n<p style=\"text-align: center;\" mce_style=\"text-align: center;\"><span style=\"font-size: medium;\" mce_style=\"font-size: medium;\"><span style=\"font-family: verdana, geneva;\" mce_style=\"font-family: verdana, geneva;\">\u00a1Mira el \u00abManco\u00bb, mira el novio<\/span><\/span><\/p>\n<p style=\"text-align: center;\" mce_style=\"text-align: center;\"><span style=\"font-size: medium;\" mce_style=\"font-size: medium;\"><span style=\"font-family: verdana, geneva;\" mce_style=\"font-family: verdana, geneva;\">qu\u00e9 gentil lleva la espada<\/span><\/span><\/p>\n<p style=\"text-align: center;\" mce_style=\"text-align: center;\"><span style=\"font-size: medium;\" mce_style=\"font-size: medium;\"><span style=\"font-family: verdana, geneva;\" mce_style=\"font-family: verdana, geneva;\">que puso notas de gloria<\/span><\/span><\/p>\n<p style=\"text-align: center;\" mce_style=\"text-align: center;\"><span style=\"font-size: medium;\" mce_style=\"font-size: medium;\"><span style=\"font-family: verdana, geneva;\" mce_style=\"font-family: verdana, geneva;\">en tantas encrucijadas\u00a1<\/span><\/span><\/p>\n<p style=\"text-align: center;\" mce_style=\"text-align: center;\"><span style=\"font-size: medium;\" mce_style=\"font-size: medium;\"><span style=\"font-family: verdana, geneva;\" mce_style=\"font-family: verdana, geneva;\">\u00a1Mira como resplandece<\/span><\/span><\/p>\n<p style=\"text-align: center;\" mce_style=\"text-align: center;\"><span style=\"font-size: medium;\" mce_style=\"font-size: medium;\"><span style=\"font-family: verdana, geneva;\" mce_style=\"font-family: verdana, geneva;\">su busto, regio tesoro,<\/span><\/span><\/p>\n<p style=\"text-align: center;\" mce_style=\"text-align: center;\"><span style=\"font-size: medium;\" mce_style=\"font-size: medium;\"><span style=\"font-family: verdana, geneva;\" mce_style=\"font-family: verdana, geneva;\">que de la gola destaca;<\/span><\/span><\/p>\n<p style=\"text-align: center;\" mce_style=\"text-align: center;\"><span style=\"font-size: medium;\" mce_style=\"font-size: medium;\"><span style=\"font-family: verdana, geneva;\" mce_style=\"font-family: verdana, geneva;\">su barba y cabellos de oro\u00a1<\/span><\/span><\/p>\n<p style=\"text-align: center;\" mce_style=\"text-align: center;\"><span style=\"font-size: medium;\" mce_style=\"font-size: medium;\"><span style=\"font-family: verdana, geneva;\" mce_style=\"font-family: verdana, geneva;\"><br \/>\n<\/span><\/span><\/p>\n<p style=\"text-align: center;\" mce_style=\"text-align: center;\"><span style=\"font-size: medium;\" mce_style=\"font-size: medium;\"><span style=\"font-family: verdana, geneva;\" mce_style=\"font-family: verdana, geneva;\">Sanchica quer\u00eda ir de boda&nbsp;<\/span><\/span><\/p>\n<p style=\"text-align: center;\" mce_style=\"text-align: center;\"><span style=\"font-size: medium;\" mce_style=\"font-size: medium;\"><span style=\"font-family: verdana, geneva;\" mce_style=\"font-family: verdana, geneva;\">aunque no era blasonada,<\/span><\/span><\/p>\n<p style=\"text-align: center;\" mce_style=\"text-align: center;\"><span style=\"font-size: medium;\" mce_style=\"font-size: medium;\"><span style=\"font-family: verdana, geneva;\" mce_style=\"font-family: verdana, geneva;\">s\u00f3lo una simple labriega,<\/span><\/span><\/p>\n<p style=\"text-align: center;\" mce_style=\"text-align: center;\"><span style=\"font-size: medium;\" mce_style=\"font-size: medium;\"><span style=\"font-family: verdana, geneva;\" mce_style=\"font-family: verdana, geneva;\">aquella hermosa ma\u00f1ana.<\/span><\/span><\/p>\n<p style=\"text-align: center;\" mce_style=\"text-align: center;\"><span style=\"font-size: medium;\" mce_style=\"font-size: medium;\"><span style=\"font-family: verdana, geneva;\" mce_style=\"font-family: verdana, geneva;\"><br \/>\n<\/span><\/span><\/p>\n<p style=\"text-align: center;\" mce_style=\"text-align: center;\"><span style=\"font-size: medium;\" mce_style=\"font-size: medium;\"><span style=\"font-family: verdana, geneva;\" mce_style=\"font-family: verdana, geneva;\">\u00a1Madre, yo quiero ir de boda<\/span><\/span><\/p>\n<p style=\"text-align: center;\" mce_style=\"text-align: center;\"><span style=\"font-size: medium;\" mce_style=\"font-size: medium;\"><span style=\"font-family: verdana, geneva;\" mce_style=\"font-family: verdana, geneva;\">-la mozuela sollozaba-\u00a1&nbsp;<\/span><\/span><\/p>\n<p style=\"text-align: center;\" mce_style=\"text-align: center;\"><span style=\"font-size: medium;\" mce_style=\"font-size: medium;\"><span style=\"font-family: verdana, geneva;\" mce_style=\"font-family: verdana, geneva;\"><br \/>\n<\/span><\/span><\/p>\n<p style=\"text-align: center;\" mce_style=\"text-align: center;\"><span style=\"font-size: medium;\" mce_style=\"font-size: medium;\"><span style=\"font-family: verdana, geneva;\" mce_style=\"font-family: verdana, geneva;\">No llores, Sanchica hermosa,<\/span><\/span><\/p>\n<p style=\"text-align: center;\" mce_style=\"text-align: center;\"><span style=\"font-size: medium;\" mce_style=\"font-size: medium;\"><span style=\"font-family: verdana, geneva;\" mce_style=\"font-family: verdana, geneva;\">que no fuiste convidada.<\/span><\/span><\/p>\n<p style=\"text-align: center;\" mce_style=\"text-align: center;\"><span style=\"font-size: medium;\" mce_style=\"font-size: medium;\"><span style=\"font-family: verdana, geneva;\" mce_style=\"font-family: verdana, geneva;\"><br \/>\n<\/span><\/span><\/p>\n<p style=\"text-align: center;\" mce_style=\"text-align: center;\"><span style=\"font-size: medium;\" mce_style=\"font-size: medium;\"><span style=\"font-family: verdana, geneva;\" mce_style=\"font-family: verdana, geneva;\">Madre, me convid\u00f3 el novio;<\/span><\/span><\/p>\n<p style=\"text-align: center;\" mce_style=\"text-align: center;\"><span style=\"font-size: medium;\" mce_style=\"font-size: medium;\"><span style=\"font-family: verdana, geneva;\" mce_style=\"font-family: verdana, geneva;\">y con sus dulces sonrisas&nbsp;<\/span><\/span><\/p>\n<p style=\"text-align: center;\" mce_style=\"text-align: center;\"><span style=\"font-size: medium;\" mce_style=\"font-size: medium;\"><span style=\"font-family: verdana, geneva;\" mce_style=\"font-family: verdana, geneva;\">dijo que a mi nobleza<\/span><\/span><\/p>\n<p style=\"text-align: center;\" mce_style=\"text-align: center;\"><span style=\"font-size: medium;\" mce_style=\"font-size: medium;\"><span style=\"font-family: verdana, geneva;\" mce_style=\"font-family: verdana, geneva;\">nadie pondr\u00eda cortapisas&#8230;<\/span><\/span><\/p>\n<p style=\"text-align: center;\" mce_style=\"text-align: center;\"><span style=\"font-size: medium;\" mce_style=\"font-size: medium;\"><span style=\"font-family: verdana, geneva;\" mce_style=\"font-family: verdana, geneva;\"><br \/>\n<\/span><\/span><\/p>\n<p style=\"text-align: center;\" mce_style=\"text-align: center;\"><span style=\"font-size: medium;\" mce_style=\"font-size: medium;\"><span style=\"font-family: verdana, geneva;\" mce_style=\"font-family: verdana, geneva;\">Tambi\u00e9n me convid\u00f3 Hondaro<\/span><\/span><\/p>\n<p style=\"text-align: center;\" mce_style=\"text-align: center;\"><span style=\"font-size: medium;\" mce_style=\"font-size: medium;\"><span style=\"font-family: verdana, geneva;\" mce_style=\"font-family: verdana, geneva;\">y do\u00f1a Juana Gayt\u00e1n<\/span><\/span><\/p>\n<p style=\"text-align: center;\" mce_style=\"text-align: center;\"><span style=\"font-size: medium;\" mce_style=\"font-size: medium;\"><span style=\"font-family: verdana, geneva;\" mce_style=\"font-family: verdana, geneva;\">cuando los llev\u00e9 la ropa<\/span><\/span><\/p>\n<p style=\"text-align: center;\" mce_style=\"text-align: center;\"><span style=\"font-size: medium;\" mce_style=\"font-size: medium;\"><span style=\"font-family: verdana, geneva;\" mce_style=\"font-family: verdana, geneva;\">que a t\u00ed te mandan lavar&#8230;<\/span><\/span><\/p>\n<p style=\"text-align: center;\" mce_style=\"text-align: center;\"><span style=\"font-size: medium;\" mce_style=\"font-size: medium;\"><span style=\"font-family: verdana, geneva;\" mce_style=\"font-family: verdana, geneva;\"><br \/>\n<\/span><\/span><\/p>\n<p style=\"text-align: center;\" mce_style=\"text-align: center;\"><span style=\"font-size: medium;\" mce_style=\"font-size: medium;\"><span style=\"font-family: verdana, geneva;\" mce_style=\"font-family: verdana, geneva;\">\u00a1Madre, yo quiero ir de boda\u00a1<\/span><\/span><\/p>\n<p style=\"text-align: center;\" mce_style=\"text-align: center;\"><span style=\"font-size: medium;\" mce_style=\"font-size: medium;\"><span style=\"font-family: verdana, geneva;\" mce_style=\"font-family: verdana, geneva;\">\u00a1Madre, v\u00edsteme deprisa\u00a1<\/span><\/span><\/p>\n<p style=\"text-align: center;\" mce_style=\"text-align: center;\"><span style=\"font-size: medium;\" mce_style=\"font-size: medium;\"><span style=\"font-family: verdana, geneva;\" mce_style=\"font-family: verdana, geneva;\"><br \/>\n<\/span><\/span><\/p>\n<p style=\"text-align: center;\" mce_style=\"text-align: center;\"><span style=\"font-size: medium;\" mce_style=\"font-size: medium;\"><span style=\"font-family: verdana, geneva;\" mce_style=\"font-family: verdana, geneva;\">\u00bfC\u00f3mo termina la historia?<\/span><\/span><\/p>\n<p style=\"text-align: center;\" mce_style=\"text-align: center;\"><span style=\"font-size: medium;\" mce_style=\"font-size: medium;\"><span style=\"font-family: verdana, geneva;\" mce_style=\"font-family: verdana, geneva;\">Abuelo, me has hecho llorar.<\/span><\/span><\/p>\n<p style=\"text-align: center;\" mce_style=\"text-align: center;\"><span style=\"font-size: medium;\" mce_style=\"font-size: medium;\"><span style=\"font-family: verdana, geneva;\" mce_style=\"font-family: verdana, geneva;\">\u00bfC\u00f3mo termina la historia<\/span><\/span><\/p>\n<p style=\"text-align: center;\" mce_style=\"text-align: center;\"><span style=\"font-size: medium;\" mce_style=\"font-size: medium;\"><span style=\"font-family: verdana, geneva;\" mce_style=\"font-family: verdana, geneva;\">que tan bien sabes contar?<\/span><\/span><\/p>\n<p style=\"text-align: center;\" mce_style=\"text-align: center;\"><span style=\"font-size: medium;\" mce_style=\"font-size: medium;\"><span style=\"font-family: verdana, geneva;\" mce_style=\"font-family: verdana, geneva;\"><br \/>\n<\/span><\/span><\/p>\n<p style=\"text-align: center;\" mce_style=\"text-align: center;\"><span style=\"font-size: medium;\" mce_style=\"font-size: medium;\"><span style=\"font-family: verdana, geneva;\" mce_style=\"font-family: verdana, geneva;\">Sali\u00f3 el acompa\u00f1amiento<\/span><\/span><\/p>\n<p style=\"text-align: center;\" mce_style=\"text-align: center;\"><span style=\"font-size: medium;\" mce_style=\"font-size: medium;\"><span style=\"font-family: verdana, geneva;\" mce_style=\"font-family: verdana, geneva;\">con boato, muy despacio;<\/span><\/span><\/p>\n<p style=\"text-align: center;\" mce_style=\"text-align: center;\"><span style=\"font-size: medium;\" mce_style=\"font-size: medium;\"><span style=\"font-family: verdana, geneva;\" mce_style=\"font-family: verdana, geneva;\">los novios resplandecientes,<\/span><\/span><\/p>\n<p style=\"text-align: center;\" mce_style=\"text-align: center;\"><span style=\"font-size: medium;\" mce_style=\"font-size: medium;\"><span style=\"font-family: verdana, geneva;\" mce_style=\"font-family: verdana, geneva;\">que cas\u00f3 Juan de Palacios.<\/span><\/span><\/p>\n<p style=\"text-align: center;\" mce_style=\"text-align: center;\"><span style=\"font-size: medium;\" mce_style=\"font-size: medium;\"><span style=\"font-family: verdana, geneva;\" mce_style=\"font-family: verdana, geneva;\"><br \/>\n<\/span><\/span><\/p>\n<p style=\"text-align: center;\" mce_style=\"text-align: center;\"><span style=\"font-size: medium;\" mce_style=\"font-size: medium;\"><span style=\"font-family: verdana, geneva;\" mce_style=\"font-family: verdana, geneva;\">Grandes cruces de Santiago<\/span><\/span><\/p>\n<p style=\"text-align: center;\" mce_style=\"text-align: center;\"><span style=\"font-size: medium;\" mce_style=\"font-size: medium;\"><span style=\"font-family: verdana, geneva;\" mce_style=\"font-family: verdana, geneva;\">los hidalgos exhibiendo;&nbsp;<\/span><\/span><\/p>\n<p style=\"text-align: center;\" mce_style=\"text-align: center;\"><span style=\"font-size: medium;\" mce_style=\"font-size: medium;\"><span style=\"font-family: verdana, geneva;\" mce_style=\"font-family: verdana, geneva;\">las hidalgas terciopelos<\/span><\/span><\/p>\n<p style=\"text-align: center;\" mce_style=\"text-align: center;\"><span style=\"font-size: medium;\" mce_style=\"font-size: medium;\"><span style=\"font-family: verdana, geneva;\" mce_style=\"font-family: verdana, geneva;\">orgullosas van luciendo.<\/span><\/span><\/p>\n<p style=\"text-align: center;\" mce_style=\"text-align: center;\"><span style=\"font-size: medium;\" mce_style=\"font-size: medium;\"><span style=\"font-family: verdana, geneva;\" mce_style=\"font-family: verdana, geneva;\"><br \/>\n<\/span><\/span><\/p>\n<p style=\"text-align: center;\" mce_style=\"text-align: center;\"><span style=\"font-size: medium;\" mce_style=\"font-size: medium;\"><span style=\"font-family: verdana, geneva;\" mce_style=\"font-family: verdana, geneva;\">Y una paloma muy blanca,<\/span><\/span><\/p>\n<p style=\"text-align: center;\" mce_style=\"text-align: center;\"><span style=\"font-size: medium;\" mce_style=\"font-size: medium;\"><span style=\"font-family: verdana, geneva;\" mce_style=\"font-family: verdana, geneva;\">all\u00e1, junto a la veleta,<\/span><\/span><\/p>\n<p style=\"text-align: center;\" mce_style=\"text-align: center;\"><span style=\"font-size: medium;\" mce_style=\"font-size: medium;\"><span style=\"font-family: verdana, geneva;\" mce_style=\"font-family: verdana, geneva;\">recitaba soliloquios<\/span><\/span><\/p>\n<p style=\"text-align: center;\" mce_style=\"text-align: center;\"><span style=\"font-size: medium;\" mce_style=\"font-size: medium;\"><span style=\"font-family: verdana, geneva;\" mce_style=\"font-family: verdana, geneva;\">enamorada y coqueta&#8230;<\/span><\/span><\/p>\n<p style=\"text-align: center;\" mce_style=\"text-align: center;\"><span style=\"font-size: medium;\" mce_style=\"font-size: medium;\"><span style=\"font-family: verdana, geneva;\" mce_style=\"font-family: verdana, geneva;\"><br \/>\n<\/span><\/span><\/p>\n<p style=\"text-align: center;\" mce_style=\"text-align: center;\"><span style=\"font-size: medium;\" mce_style=\"font-size: medium;\"><span style=\"font-family: verdana, geneva;\" mce_style=\"font-family: verdana, geneva;\">Sanchica no fue de boda;<\/span><\/span><\/p>\n<p style=\"text-align: center;\" mce_style=\"text-align: center;\"><span style=\"font-size: medium;\" mce_style=\"font-size: medium;\"><span style=\"font-family: verdana, geneva;\" mce_style=\"font-family: verdana, geneva;\">m\u00e1s de boda siempre est\u00e1<\/span><\/span><\/p>\n<p style=\"text-align: center;\" mce_style=\"text-align: center;\"><span style=\"font-size: medium;\" mce_style=\"font-size: medium;\"><span style=\"font-family: verdana, geneva;\" mce_style=\"font-family: verdana, geneva;\">como lo est\u00e1 el mundo entero<\/span><\/span><\/p>\n<p style=\"text-align: center;\" mce_style=\"text-align: center;\"><span style=\"font-size: medium;\" mce_style=\"font-size: medium;\"><span style=\"font-family: verdana, geneva;\" mce_style=\"font-family: verdana, geneva;\">por toda la eternidad.<\/span><\/span><\/p>\n<p style=\"text-align: center;\" mce_style=\"text-align: center;\"><span style=\"font-size: medium;\" mce_style=\"font-size: medium;\"><span style=\"font-family: verdana, geneva;\" mce_style=\"font-family: verdana, geneva;\"><br \/>\n<\/span><\/span><\/p>\n<p style=\"text-align: center;\" mce_style=\"text-align: center;\"><span style=\"font-size: medium;\" mce_style=\"font-size: medium;\"><span style=\"font-family: verdana, geneva;\" mce_style=\"font-family: verdana, geneva;\">De esta coplita nupcial,<\/span><\/span><\/p>\n<p style=\"text-align: center;\" mce_style=\"text-align: center;\"><span style=\"font-size: medium;\" mce_style=\"font-size: medium;\"><span style=\"font-family: verdana, geneva;\" mce_style=\"font-family: verdana, geneva;\">cual singular estrambote<\/span><\/span><\/p>\n<p style=\"text-align: center;\" mce_style=\"text-align: center;\"><span style=\"font-size: medium;\" mce_style=\"font-size: medium;\"><span style=\"font-family: verdana, geneva;\" mce_style=\"font-family: verdana, geneva;\">naci\u00f3 un hijo excepcional:<\/span><\/span><\/p>\n<p style=\"text-align: center;\" mce_style=\"text-align: center;\"><span style=\"font-size: medium;\" mce_style=\"font-size: medium;\"><span style=\"font-family: verdana, geneva;\" mce_style=\"font-family: verdana, geneva;\">el glorioso Don Quijote.<\/span><\/span><\/p>\n<p style=\"text-align: center;\" mce_style=\"text-align: center;\"><span style=\"font-size: medium;\" mce_style=\"font-size: medium;\"><span style=\"font-family: verdana, geneva;\" mce_style=\"font-family: verdana, geneva;\"><br \/>\n<\/span><\/span><\/p>\n<p style=\"text-align: center;\" mce_style=\"text-align: center;\"><span style=\"font-size: medium;\" mce_style=\"font-size: medium;\"><span style=\"font-family: verdana, geneva;\" mce_style=\"font-family: verdana, geneva;\">Miles de generaciones,<\/span><\/span><\/p>\n<p style=\"text-align: center;\" mce_style=\"text-align: center;\"><span style=\"font-size: medium;\" mce_style=\"font-size: medium;\"><span style=\"font-family: verdana, geneva;\" mce_style=\"font-family: verdana, geneva;\">millones de admiradores<\/span><\/span><\/p>\n<p style=\"text-align: center;\" mce_style=\"text-align: center;\"><span style=\"font-size: medium;\" mce_style=\"font-size: medium;\"><span style=\"font-family: verdana, geneva;\" mce_style=\"font-family: verdana, geneva;\">sin asistir a estas bodas<\/span><\/span><\/p>\n<p style=\"text-align: center;\" mce_style=\"text-align: center;\"><span style=\"font-size: medium;\" mce_style=\"font-size: medium;\"><span style=\"font-family: verdana, geneva;\" mce_style=\"font-family: verdana, geneva;\">gozamos de este himeneo&#8230;<\/span><\/span><\/p>\n<p style=\"text-align: center;\" mce_style=\"text-align: center;\"><span style=\"font-size: medium;\" mce_style=\"font-size: medium;\"><span style=\"font-family: verdana, geneva;\" mce_style=\"font-family: verdana, geneva;\"><br \/>\n<\/span><\/span><\/p>\n<p style=\"text-align: center;\" mce_style=\"text-align: center;\"><span style=\"font-size: medium;\" mce_style=\"font-size: medium;\"><span style=\"font-family: verdana, geneva;\" mce_style=\"font-family: verdana, geneva;\">Sanchica no fue de boda,<\/span><\/span><\/p>\n<p style=\"text-align: center;\" mce_style=\"text-align: center;\"><span style=\"font-size: medium;\" mce_style=\"font-size: medium;\"><span style=\"font-family: verdana, geneva;\" mce_style=\"font-family: verdana, geneva;\">m\u00e1s, nieto, desde aquel d\u00eda,<\/span><\/span><\/p>\n<p style=\"text-align: center;\" mce_style=\"text-align: center;\"><span style=\"font-size: medium;\" mce_style=\"font-size: medium;\"><span style=\"font-family: verdana, geneva;\" mce_style=\"font-family: verdana, geneva;\">en Esquivias cualquier Sancho<\/span><\/span><\/p>\n<p style=\"text-align: center;\" mce_style=\"text-align: center;\"><span style=\"font-size: medium;\" mce_style=\"font-size: medium;\"><span style=\"font-family: verdana, geneva;\" mce_style=\"font-family: verdana, geneva;\">lleva en su sangre&#8230; Hidalgu\u00eda.<\/span><\/span><\/p>\n<p style=\"text-align: center;\" mce_style=\"text-align: center;\"><span style=\"font-size: medium;\" mce_style=\"font-size: medium;\"><span style=\"font-family: verdana, geneva;\" mce_style=\"font-family: verdana, geneva;\"><br \/>\n<\/span><\/span><\/p>\n<p style=\"text-align: center;\" mce_style=\"text-align: center;\">\n<p style=\"text-align: center;\" mce_style=\"text-align: center;\">\n<p style=\"text-align: center;\" mce_style=\"text-align: center;\">\n<p style=\"text-align: center;\" mce_style=\"text-align: center;\"><span style=\"font-size: medium;\" mce_style=\"font-size: medium;\"><span style=\"font-family: verdana, geneva;\" mce_style=\"font-family: verdana, geneva;\"><br \/>\n<\/span><\/span><\/p>\n<p style=\"text-align: center;\" mce_style=\"text-align: center;\"><span style=\"font-size: medium;\" mce_style=\"font-size: medium;\"><span style=\"font-family: verdana, geneva;\" mce_style=\"font-family: verdana, geneva;\"><b>TRAYECTORIA CERVANTINA<\/b><\/span><\/span><\/p>\n<p style=\"text-align: center;\" mce_style=\"text-align: center;\"><span style=\"font-size: medium;\" mce_style=\"font-size: medium;\"><span style=\"font-family: verdana, geneva;\" mce_style=\"font-family: verdana, geneva;\"><b><br \/>\n<\/b><\/span><\/span><\/p>\n<p style=\"text-align: center;\" mce_style=\"text-align: center;\"><span style=\"font-size: medium;\" mce_style=\"font-size: medium;\"><span style=\"font-family: verdana, geneva;\" mce_style=\"font-family: verdana, geneva;\">(Texto refundido de la disertaci\u00f3n de Sabino de Diego en el Acto In Memoriam en Esquivias)<\/span><\/span><\/p>\n<p style=\"text-align: justify;\" mce_style=\"text-align: justify;\"><span style=\"font-size: medium;\" mce_style=\"font-size: medium;\"><span style=\"font-family: verdana, geneva;\" mce_style=\"font-family: verdana, geneva;\"><span style=\"white-space:pre\" mce_style=\"white-space: pre;\">\t<\/span>Rese\u00f1ar en poco espacio la trayectoria cervantina de Jos\u00e9 Rosell sin poder evitar olvidar alg\u00fan detalle de su hacer, resulta arriesgado pues podr\u00edamos estar hablando de \u00e9l durante horas, pero no obstante pod\u00edamos resumirlo en la experiencia que tuve con Pepe Rosell desde que lo conoc\u00ed.<\/span><\/span><\/p>\n<p style=\"text-align: justify;\" mce_style=\"text-align: justify;\"><span style=\"font-size: medium;\" mce_style=\"font-size: medium;\"><span style=\"font-family: verdana, geneva;\" mce_style=\"font-family: verdana, geneva;\"><span style=\"white-space:pre\" mce_style=\"white-space: pre;\">\t<\/span>Un d\u00eda del verano de 1976 se present\u00f3 en mi casa y me dijo mi esposa: Quiere verte un se\u00f1or muy raro. \u00bfUn se\u00f1or muy raro? A los diez minutos de hablar con \u00e9l, supe que estaba ante una persona que so\u00f1aba con el cervantismo. Primero, que segu\u00eda los pasos de Catalina de Salazar y Palacios, no de Cervantes, pues le llenaba de incertidumbre como fue capaz una lugare\u00f1a de reposar el esp\u00edritu viajero del autor del Quijote. \u00bfQu\u00e9 tendr\u00eda esa joven mujer para conseguir retenerlo en Esquivias?.<\/span><\/span><\/p>\n<p style=\"text-align: justify;\" mce_style=\"text-align: justify;\"><span style=\"font-size: medium;\" mce_style=\"font-size: medium;\"><span style=\"font-family: verdana, geneva;\" mce_style=\"font-family: verdana, geneva;\"><span style=\"white-space:pre\" mce_style=\"white-space: pre;\">\t<\/span>\u00bfY Esquivias? que tendr\u00eda Esquivias en sus entra\u00f1as, en sus calles y plazas, en sus vecinos, para atraer a Cervantes a este Lugar. Algo no escrito tendr\u00edan que tener, conjuntamente, Catalina y Esquivias, por este orden, y Rosell quer\u00eda desentra\u00f1arlo. As\u00ed pues, se hizo asiduo visitante de nuestro pueblo y de sus gentes, sobre todo de las personas mayores, de las que, dec\u00eda, eran una fuente inagotable de informaci\u00f3n, ideal para conocer a fondo todo aquello que conforma Esquivias.<\/span><\/span><\/p>\n<p style=\"text-align: justify;\" mce_style=\"text-align: justify;\"><span style=\"font-size: medium;\" mce_style=\"font-size: medium;\"><span style=\"font-family: verdana, geneva;\" mce_style=\"font-family: verdana, geneva;\"><span style=\"white-space:pre\" mce_style=\"white-space:pre\">\t<\/span>Habr\u00eda infinidad de cosas a destacar de Jos\u00e9 Rosell: Su exquisita educaci\u00f3n. Siempre correcto. Siempre diligente. Siempre dispuesto. Siempre bien vestido. Siempre dejando patente su buen humor. Siempre apoy\u00e1ndose en la poes\u00eda.<\/span><\/span><\/p>\n<p style=\"text-align: justify;\" mce_style=\"text-align: justify;\"><span style=\"font-size: medium;\" mce_style=\"font-size: medium;\"><span style=\"font-family: verdana, geneva;\" mce_style=\"font-family: verdana, geneva;\"><span style=\"white-space:pre\" mce_style=\"white-space:pre\">\t<\/span>Pero <b>si tuvi\u00e9ramos que destacar<\/b> alguna faceta en la vida de Rosell, esta podr\u00eda ser la natural galanter\u00eda que ten\u00eda con todas las mujeres (fue a mi casa muchas veces, y siempre ten\u00eda alguna palabra agradable para mi esposa, pero de una forma incre\u00edblemente natural); y si se trataba de j\u00f3venes, las expresiones eran m\u00e1s amplias, pero siempre sin pisar la l\u00ednea roja que en todo caso existe. Naturalmente, de esta forma nos dejaba a los dem\u00e1s fuera de juego. El quedaba bien, mientras los dem\u00e1s nos qued\u00e1bamos en suspenso. Pero, as\u00ed era Rosell.<\/span><\/span><\/p>\n<p style=\"text-align: justify;\" mce_style=\"text-align: justify;\"><span style=\"font-size: medium;\" mce_style=\"font-size: medium;\"><span style=\"font-family: verdana, geneva;\" mce_style=\"font-family: verdana, geneva;\"><span style=\"white-space:pre\" mce_style=\"white-space:pre\">\t<\/span>Y es que Rosell era un poeta. O como \u00e9l dec\u00eda, un poetasto.<\/span><\/span><\/p>\n<p style=\"text-align: justify;\" mce_style=\"text-align: justify;\"><span style=\"font-size: medium;\" mce_style=\"font-size: medium;\"><span style=\"font-family: verdana, geneva;\" mce_style=\"font-family: verdana, geneva;\"><span style=\"white-space:pre\" mce_style=\"white-space:pre\">\t<\/span>Pero <b>si tenemos que destacar<\/b> algo de Rosell, era su capacidad cultural. Autodidacta. Sus estudios se limitaron a la Ense\u00f1anza General B\u00e1sica, lo dem\u00e1s, lo adquiri\u00f3 Rosell a lo largo de la vida. Le\u00eda todo lo que le llegaba a sus manos, raz\u00f3n por la cual adquir\u00eda cada vez m\u00e1s cultura.<\/span><\/span><\/p>\n<p style=\"text-align: justify;\" mce_style=\"text-align: justify;\"><span style=\"font-size: medium;\" mce_style=\"font-size: medium;\"><span style=\"font-family: verdana, geneva;\" mce_style=\"font-family: verdana, geneva;\"><span style=\"white-space:pre\" mce_style=\"white-space:pre\">\t<\/span>Lo m\u00e1s conocido de Pepe Rosell era su pasi\u00f3n por El Quijote, eso es sabido, pero no por eso dej\u00f3 de leer a Kafka, Moliere, Dostoyeski, Tagore, o quien fuera, ya que, cuanto m\u00e1s le\u00eda m\u00e1s importancia daba a las obras de Miguel de Cervantes.<\/span><\/span><\/p>\n<p style=\"text-align: justify;\" mce_style=\"text-align: justify;\"><span style=\"font-size: medium;\" mce_style=\"font-size: medium;\"><span style=\"font-family: verdana, geneva;\" mce_style=\"font-family: verdana, geneva;\"><span style=\"white-space:pre\" mce_style=\"white-space:pre\">\t<\/span>Pero <b>si hemos de destacar<\/b> algo especial de Rosell, era su faceta como conferenciante. Era capaz, debido a su gran memoria, de impartir conferencias sin recurrir a ayudarse de apunte alguno.<\/span><\/span><\/p>\n<p style=\"text-align: justify;\" mce_style=\"text-align: justify;\"><span style=\"font-size: medium;\" mce_style=\"font-size: medium;\"><span style=\"font-family: verdana, geneva;\" mce_style=\"font-family: verdana, geneva;\"><span style=\"white-space:pre\" mce_style=\"white-space:pre\">\t<\/span>Pero <b>si hemos de destacar<\/b> algo importante de Rosell, era su gran sentido del humor. Pepe Rosell era capaz de re\u00edrse de s\u00ed mismo si llegara el caso, como as\u00ed lo hizo cuando cre\u00f3 \u00abEl Ciego del Arrabal\u00bb. Recitaba sus poes\u00edas, de las \u00abliteraturas del cordel\u00bb\u00bba ritmo de ciego\u00bb, en la radio y en las calles y plazas, de Toledo o donde requirieran su presencia. Siempre contando chirigotas.<\/span><\/span><\/p>\n<p style=\"text-align: justify;\" mce_style=\"text-align: justify;\"><span style=\"font-size: medium;\" mce_style=\"font-size: medium;\"><span style=\"font-family: verdana, geneva;\" mce_style=\"font-family: verdana, geneva;\"><span style=\"white-space:pre\" mce_style=\"white-space:pre\">\t<\/span>Pero <b>deber\u00edamos destacar<\/b> que Jos\u00e9 Rosell era un bohemio. Pod\u00eda haber vivido de esa forma sin ning\u00fan problema.<\/span><\/span><\/p>\n<p style=\"text-align: justify;\" mce_style=\"text-align: justify;\"><span style=\"font-size: medium;\" mce_style=\"font-size: medium;\"><span style=\"font-family: verdana, geneva;\" mce_style=\"font-family: verdana, geneva;\"><span style=\"white-space:pre\" mce_style=\"white-space:pre\">\t<\/span>Se pate\u00f3 toda Castilla la Mancha siguiendo los pasos de Cervantes o de Don Quijote. En la Venta de la In\u00e9s, o del Alcalde, que de ambas formas se le llama, al final del Valle de Alcudia, en dicha Venta, hoy simple vivienda rural, nos invitaron a mi esposa y a m\u00ed a comer una plato de migas, que la se\u00f1ora de la casa estaba cocinando en ese momento, s\u00f3lo por el hecho de que, al decir que \u00e9ramos de Esquivias, nos preguntaron si conoc\u00edamos a Jos\u00e9 Rosell, al cual ten\u00edan en un aprecio especial, por las veces que les hab\u00eda visitado.<\/span><\/span><\/p>\n<p style=\"text-align: justify;\" mce_style=\"text-align: justify;\"><span style=\"font-size: medium;\" mce_style=\"font-size: medium;\"><span style=\"font-family: verdana, geneva;\" mce_style=\"font-family: verdana, geneva;\"><span style=\"white-space:pre\" mce_style=\"white-space:pre\">\t<\/span>Y <b>si tenemos que destacar<\/b> algo de Rosell, esta era su perseverancia. Se empe\u00f1\u00f3, con todo el sentido com\u00fan posible, de que se instalara una estatua de Cervantes en Toledo. Una y otra visita al Alcalde de turno, otras a Concejales, m\u00e1s visitas a otros estamentos, hasta que lo consigui\u00f3, y hoy hay instalada una estatua de Miguel de Cervantes en la bajada del Arco de la Sangre, al inicio de la Calle Cervantes. Siendo el lugar m\u00e1s fotografiado de Toledo.<\/span><\/span><\/p>\n<p style=\"text-align: center;\" mce_style=\"text-align: center;\"><span style=\"font-size: medium;\" mce_style=\"font-size: medium;\"><span style=\"font-family: verdana, geneva;\" mce_style=\"font-family: verdana, geneva;\"><img loading=\"lazy\" decoding=\"async\" class=\" size-full wp-image-2574 size-full wp-image-2574\" src=\"http:\/\/www.cervantinaesquivias.org\/wordpress\/wp-content\/uploads\/2018\/07\/rosell-con-cervantes-en-toledo-21-abril-12.jpg\" mce_src=\"http:\/\/www.cervantinaesquivias.org\/wordpress\/wp-content\/uploads\/2018\/07\/rosell-con-cervantes-en-toledo-21-abril-12.jpg\" alt=\"alt\" width=\"336\" height=\"310\" srcset=\"http:\/\/www.cervantinaesquivias.org\/wordpress\/wp-content\/uploads\/2018\/07\/rosell-con-cervantes-en-toledo-21-abril-12.jpg 336w, http:\/\/www.cervantinaesquivias.org\/wordpress\/wp-content\/uploads\/2018\/07\/rosell-con-cervantes-en-toledo-21-abril-12-300x277.jpg 300w\" sizes=\"auto, (max-width: 336px) 100vw, 336px\" \/><\/span><\/span><\/p>\n<p style=\"text-align: center;\" mce_style=\"text-align: center;\"><span style=\"font-size: small;\" mce_style=\"font-size: small;\"><span style=\"font-family: verdana, geneva;\" mce_style=\"font-family: verdana, geneva;\">(Jos\u00e9 Rosell en la inauguraci\u00f3n de la colocaci\u00f3n de la estatua de Cervantes en Toledo, dirigiendo unas emotivas palabras).<\/span><\/span><\/p>\n<p style=\"text-align: center;\" mce_style=\"text-align: center;\">\n<p style=\"text-align: center;\" mce_style=\"text-align: center;\">\n<p style=\"text-align: center;\" mce_style=\"text-align: center;\"><span style=\"font-size: medium;\" mce_style=\"font-size: medium;\"><span style=\"font-family: verdana, geneva;\" mce_style=\"font-family: verdana, geneva;\"><br \/>\n<\/span><\/span><\/p>\n<p style=\"text-align: justify;\" mce_style=\"text-align: justify;\"><span style=\"font-size: medium;\" mce_style=\"font-size: medium;\"><span style=\"font-family: verdana, geneva;\" mce_style=\"font-family: verdana, geneva;\"><span style=\"white-space:pre\" mce_style=\"white-space:pre\">\t<\/span>Yo creo que hoy hemos tenido ocasi\u00f3n de conocer mejor a Jos\u00e9 Rosell de lo que cre\u00edamos saber de \u00e9l. Una de estas facetas era su alma de poeta, que con la muestra de la declamaci\u00f3n de algunos de sus poemas hemos enriquecido este acto.<\/span><\/span><\/p>\n<p style=\"text-align: justify;\" mce_style=\"text-align: justify;\"><span style=\"font-size: medium;\" mce_style=\"font-size: medium;\"><span style=\"font-family: verdana, geneva;\" mce_style=\"font-family: verdana, geneva;\"><span style=\"white-space:pre\" mce_style=\"white-space:pre\">\t<\/span>Incluso de lo contenido en la representaci\u00f3n teatral, pues todo lo referido en ella tiene un porque en la vida de Pepe Rosell.<\/span><\/span><\/p>\n<p style=\"text-align: justify;\" mce_style=\"text-align: justify;\"><span style=\"font-size: medium;\" mce_style=\"font-size: medium;\"><span style=\"font-family: verdana, geneva;\" mce_style=\"font-family: verdana, geneva;\"><span style=\"white-space:pre\" mce_style=\"white-space:pre\">\t<\/span>Pero <b>si he de destacar<\/b> lo m\u00e1s importante para m\u00ed, es que Pepe Rosell fue mi Maestro. Mi Amigo.<\/span><\/span><\/p>\n<p style=\"text-align: justify;\" mce_style=\"text-align: justify;\"><span style=\"font-size: medium;\" mce_style=\"font-size: medium;\"><span style=\"font-family: verdana, geneva;\" mce_style=\"font-family: verdana, geneva;\"><br \/>\n<\/span><\/span><\/p>\n<p style=\"text-align: justify;\" mce_style=\"text-align: justify;\">\n<p style=\"text-align: center;\" mce_style=\"text-align: center;\"><img loading=\"lazy\" decoding=\"async\" class=\" size-full wp-image-2575 size-full wp-image-2575\" src=\"http:\/\/www.cervantinaesquivias.org\/wordpress\/wp-content\/uploads\/2018\/07\/rosell-40.jpg\" mce_src=\"http:\/\/www.cervantinaesquivias.org\/wordpress\/wp-content\/uploads\/2018\/07\/rosell-40.jpg\" alt=\"alt\" width=\"709\" height=\"531\" srcset=\"http:\/\/www.cervantinaesquivias.org\/wordpress\/wp-content\/uploads\/2018\/07\/rosell-40.jpg 709w, http:\/\/www.cervantinaesquivias.org\/wordpress\/wp-content\/uploads\/2018\/07\/rosell-40-300x225.jpg 300w\" sizes=\"auto, (max-width: 709px) 100vw, 709px\" \/><\/p>\n<p style=\"text-align: center;\" mce_style=\"text-align: center;\"><span style=\"font-size: small;\" mce_style=\"font-size: small;\"><span style=\"font-family: verdana, geneva;\" mce_style=\"font-family: verdana, geneva;\">(Jos\u00e9 Rosell en un momento de la presentaci\u00f3n de Sabino de Diego, previo a la conferencia que \u00e9ste impartir\u00eda).<\/span><\/span><\/p>\n<p style=\"text-align: center;\" mce_style=\"text-align: center;\"><span style=\"font-size: small;\" mce_style=\"font-size: small;\"><span style=\"font-family: verdana, geneva;\" mce_style=\"font-family: verdana, geneva;\"><br \/>\n<\/span><\/span><\/p>\n<p style=\"text-align: center;\" mce_style=\"text-align: center;\">\n<p><!--nextpage--><\/p>\n<p style=\"text-align: center;\" mce_style=\"text-align: center;\">\n<p style=\"text-align: justify;\" mce_style=\"text-align: justify;\"><span style=\"font-size: medium;\" mce_style=\"font-size: medium;\"><span style=\"font-family: verdana, geneva;\" mce_style=\"font-family: verdana, geneva;\"><span style=\"white-space:pre\" mce_style=\"white-space:pre\"><span style=\"white-space:pre\" mce_style=\"white-space:pre\">\t<\/span>Con Jos\u00e9 Rosell Villasevil en la presidencia de la Sociedad Cervantina, se afianz\u00f3 notablemente la acci\u00f3n <\/span><\/span><\/span><\/p>\n<p style=\"text-align: justify;\" mce_style=\"text-align: justify;\"><span style=\"font-size: medium;\" mce_style=\"font-size: medium;\"><span style=\"font-family: verdana, geneva;\" mce_style=\"font-family: verdana, geneva;\"><span style=\"white-space:pre\" mce_style=\"white-space:pre\">esta Asociaci\u00f3n. Consolidando las Jornadas Cervantinas de Esquivias, que en 20 de Mayo de 2015 fueron decla-<\/span><\/span><\/span><\/p>\n<p style=\"text-align: justify;\" mce_style=\"text-align: justify;\"><span style=\"font-size: medium;\" mce_style=\"font-size: medium;\"><span style=\"font-family: verdana, geneva;\" mce_style=\"font-family: verdana, geneva;\"><span style=\"white-space:pre\" mce_style=\"white-space:pre\">radas \u00abFiesta de Inter\u00e9s Tur\u00edstico Regional de Castilla la Mancha\u00bb.<\/span><\/span><\/span><\/p>\n<p style=\"text-align: justify;\" mce_style=\"text-align: justify;\">\n<p style=\"text-align: justify;\" mce_style=\"text-align: justify;\">\n<p style=\"text-align: center;\" mce_style=\"text-align: center;\"><span style=\"font-size: medium;\" mce_style=\"font-size: medium;\"><span style=\"font-family: verdana, geneva;\" mce_style=\"font-family: verdana, geneva;\"><span style=\"white-space:pre\" mce_style=\"white-space:pre\"><img loading=\"lazy\" decoding=\"async\" class=\" size-full wp-image-2576 size-full wp-image-2576\" src=\"http:\/\/www.cervantinaesquivias.org\/wordpress\/wp-content\/uploads\/2018\/07\/rosell-41.jpg\" mce_src=\"http:\/\/www.cervantinaesquivias.org\/wordpress\/wp-content\/uploads\/2018\/07\/rosell-41.jpg\" alt=\"alt\" width=\"709\" height=\"531\" srcset=\"http:\/\/www.cervantinaesquivias.org\/wordpress\/wp-content\/uploads\/2018\/07\/rosell-41.jpg 709w, http:\/\/www.cervantinaesquivias.org\/wordpress\/wp-content\/uploads\/2018\/07\/rosell-41-300x225.jpg 300w\" sizes=\"auto, (max-width: 709px) 100vw, 709px\" \/><br \/>\n<\/span><\/span><\/span><\/p>\n<p style=\"text-align: center;\" mce_style=\"text-align: center;\"><span style=\"font-size: small;\" mce_style=\"font-size: small;\"><span style=\"font-family: verdana, geneva;\" mce_style=\"font-family: verdana, geneva;\">(Mesa Presidencial del Banquete de Bodas de las XXXV Jornadas Cervantinas de Esquivias, de 2014. De izquierda a derecha, do\u00f1a Elena Fern\u00e1ndez de Velasco Hern\u00e1ndez, alcaldesa de Esquivias, don Jos\u00e9 Rosell Villasevil y don Rafael Guardia Torrej\u00f3n, hijo mayor de don Francisco Guardia Navarro, precursor del cervantismo esquiviano).<\/span><\/span><\/p>\n<p style=\"text-align: justify;\" mce_style=\"text-align: justify;\">\n<p style=\"text-align: justify;\" mce_style=\"text-align: justify;\">\n<p style=\"text-align: justify;\" mce_style=\"text-align: justify;\">\n<p style=\"text-align: justify;\" mce_style=\"text-align: justify;\">\n<p style=\"text-align: center;\" mce_style=\"text-align: center;\"><span style=\"font-size: medium;\" mce_style=\"font-size: medium;\"><span style=\"font-family: verdana, geneva;\" mce_style=\"font-family: verdana, geneva;\"><b>NOTAS BIOGR\u00c1FICAS, EXPERIENCIA.&nbsp;<\/b><\/span><\/span><\/p>\n<p style=\"text-align: center;\" mce_style=\"text-align: center;\">\n<p style=\"text-align: justify;\" mce_style=\"text-align: justify;\"><span style=\"font-size: medium;\" mce_style=\"font-size: medium;\"><span style=\"font-family: verdana, geneva;\" mce_style=\"font-family: verdana, geneva;\"><span style=\"white-space:pre\" mce_style=\"white-space:pre\">\t<\/span>Jos\u00e9 Rosell Villasevil naci\u00f3 en Bargas (Toledo) un 30-IX-1930, en el seno de una humilde familia, defensora de sus ra\u00edces tradicionales, que le fueron inculcadas.<\/span><\/span><\/p>\n<p style=\"text-align: justify;\" mce_style=\"text-align: justify;\"><span style=\"font-size: medium;\" mce_style=\"font-size: medium;\"><span style=\"font-family: verdana, geneva;\" mce_style=\"font-family: verdana, geneva;\"><span style=\"white-space:pre\" mce_style=\"white-space:pre\">\t<\/span>Con estudios de Ense\u00f1anza General B\u00e1sica, los conocimientos y cultura que atesor\u00f3 los adquiri\u00f3 por el empe\u00f1o que siempre tuvo en saber m\u00e1s, de enriquecerse culturalmente, bajo la frase del Quijote (Cap. XXV de la 2\u00aa Parte): \u00ab<i>El que lee mucho y anda mucho, ve mucho y sabe mucho<\/i>\u00ab.<\/span><\/span><\/p>\n<p style=\"text-align: justify;\" mce_style=\"text-align: justify;\"><span style=\"font-size: medium;\" mce_style=\"font-size: medium;\"><span style=\"font-family: verdana, geneva;\" mce_style=\"font-family: verdana, geneva;\"><span style=\"white-space:pre\" mce_style=\"white-space:pre\">\t<\/span>Poeta. Autodidacta. Cervantista por excelencia y ferviente admirador de Miguel de Cervantes y su magna obra, \u00abDon Quijote de la Mancha\u00bb.<\/span><\/span><\/p>\n<p style=\"text-align: justify;\" mce_style=\"text-align: justify;\"><span style=\"font-size: medium;\" mce_style=\"font-size: medium;\"><span style=\"font-family: verdana, geneva;\" mce_style=\"font-family: verdana, geneva;\"><span style=\"white-space:pre\" mce_style=\"white-space:pre\">\t<\/span>Conferenciante, pregonero y disertador, all\u00e1 d\u00f3nde requirieran su presencia: Ayuntamientos, colegios, Clubs de Lectura, Asociaciones, etc. altruistamente.<\/span><\/span><\/p>\n<p style=\"text-align: justify;\" mce_style=\"text-align: justify;\"><span style=\"font-size: medium;\" mce_style=\"font-size: medium;\"><span style=\"font-family: verdana, geneva;\" mce_style=\"font-family: verdana, geneva;\"><span style=\"white-space:pre\" mce_style=\"white-space:pre\">\t<\/span>Miembro del elenco de actores de las \u00abVisitas Teatralizadas en la Casa-Museo de Cervantes de Esquivias\u00bb.<\/span><\/span><\/p>\n<p style=\"text-align: justify;\" mce_style=\"text-align: justify;\">\n<p style=\"text-align: justify;\" mce_style=\"text-align: justify;\">\n<p style=\"text-align: justify;\" mce_style=\"text-align: justify;\">\n<p style=\"text-align: justify;\" mce_style=\"text-align: justify;\"><span style=\"font-size: medium;\" mce_style=\"font-size: medium;\"><span style=\"font-family: verdana, geneva;\" mce_style=\"font-family: verdana, geneva;\"><br \/>\n<\/span><\/span><\/p>\n<p style=\"text-align: center;\" mce_style=\"text-align: center;\"><span style=\"font-size: medium;\" mce_style=\"font-size: medium;\"><span style=\"font-family: verdana, geneva;\" mce_style=\"font-family: verdana, geneva;\"><b><span style=\"white-space:pre\" mce_style=\"white-space:pre\">\t<\/span>AUTOR DE LOS SIGUIENTES LIBROS:<\/b><\/span><\/span><\/p>\n<p style=\"text-align: center;\" mce_style=\"text-align: center;\">\n<p style=\"text-align: center;\" mce_style=\"text-align: center;\"><span style=\"font-size: medium;\" mce_style=\"font-size: medium;\"><span style=\"font-family: verdana, geneva;\" mce_style=\"font-family: verdana, geneva;\"><span style=\"white-space:pre\" mce_style=\"white-space:pre\">\t<\/span>\u00abTalavera, la Jara y la Vera\u00bb.<\/span><\/span><\/p>\n<p style=\"text-align: center;\" mce_style=\"text-align: center;\"><span style=\"font-size: medium;\" mce_style=\"font-size: medium;\"><span style=\"font-family: verdana, geneva;\" mce_style=\"font-family: verdana, geneva;\"><span style=\"white-space:pre\" mce_style=\"white-space:pre\">\t<\/span>\u00abCervantes, los Gremios Toledanos y otras zarandajas\u00bb.<\/span><\/span><\/p>\n<p style=\"text-align: center;\" mce_style=\"text-align: center;\"><span style=\"font-size: medium;\" mce_style=\"font-size: medium;\"><span style=\"font-family: verdana, geneva;\" mce_style=\"font-family: verdana, geneva;\"><span style=\"white-space:pre\" mce_style=\"white-space:pre\">\t<\/span>\u00abLa Dama del Toboso\u00bb.<\/span><\/span><\/p>\n<p style=\"text-align: center;\" mce_style=\"text-align: center;\"><span style=\"font-size: medium;\" mce_style=\"font-size: medium;\"><span style=\"font-family: verdana, geneva;\" mce_style=\"font-family: verdana, geneva;\"><span style=\"white-space:pre\" mce_style=\"white-space:pre\">\t<\/span>\u00abGaler\u00eda de luz en la palabra\u00bb.<\/span><\/span><\/p>\n<p style=\"text-align: center;\" mce_style=\"text-align: center;\"><span style=\"font-size: medium;\" mce_style=\"font-size: medium;\"><span style=\"font-family: verdana, geneva;\" mce_style=\"font-family: verdana, geneva;\"><span style=\"white-space:pre\" mce_style=\"white-space:pre\">\t<\/span>\u00abAmigo Sancho\u00bb.<\/span><\/span><\/p>\n<p style=\"text-align: center;\" mce_style=\"text-align: center;\"><span style=\"font-size: medium;\" mce_style=\"font-size: medium;\"><span style=\"font-family: verdana, geneva;\" mce_style=\"font-family: verdana, geneva;\"><span style=\"white-space:pre\" mce_style=\"white-space:pre\">\t<\/span>\u00abLas manos del Greco\u00bb.<\/span><\/span><\/p>\n<p style=\"text-align: center;\" mce_style=\"text-align: center;\"><span style=\"font-size: medium;\" mce_style=\"font-size: medium;\"><span style=\"font-family: verdana, geneva;\" mce_style=\"font-family: verdana, geneva;\"><span style=\"white-space:pre\" mce_style=\"white-space:pre\">\t<\/span>\u00abEl Persiles a trav\u00e9s de Castilla la Mancha\u00bb. (Edicion p\u00f3stuma).<\/span><\/span><\/p>\n<p style=\"text-align: justify;\" mce_style=\"text-align: justify;\">\n<p style=\"text-align: justify;\" mce_style=\"text-align: justify;\"><span style=\"font-size: medium;\" mce_style=\"font-size: medium;\"><span style=\"font-family: verdana, geneva;\" mce_style=\"font-family: verdana, geneva;\"><span style=\"white-space:pre\" mce_style=\"white-space:pre\">\t<\/span>Creador del personaje \u00abEl Ciego del Arrabal\u00bb, basado en los trovadores de la Edad Media, recitando \u00abLas literaturas del cordel\u00bb a \u00abRitmo de ciego\u00bb.<\/span><\/span><\/p>\n<p style=\"text-align: justify;\" mce_style=\"text-align: justify;\">\n<p style=\"text-align: justify;\" mce_style=\"text-align: justify;\">\n<p style=\"text-align: center;\" mce_style=\"text-align: center;\"><img loading=\"lazy\" decoding=\"async\" class=\" size-full wp-image-2577 size-full wp-image-2577\" src=\"http:\/\/www.cervantinaesquivias.org\/wordpress\/wp-content\/uploads\/2018\/07\/rosell-42.jpg\" mce_src=\"http:\/\/www.cervantinaesquivias.org\/wordpress\/wp-content\/uploads\/2018\/07\/rosell-42.jpg\" alt=\"alt\" width=\"709\" height=\"466\" srcset=\"http:\/\/www.cervantinaesquivias.org\/wordpress\/wp-content\/uploads\/2018\/07\/rosell-42.jpg 709w, http:\/\/www.cervantinaesquivias.org\/wordpress\/wp-content\/uploads\/2018\/07\/rosell-42-300x197.jpg 300w\" sizes=\"auto, (max-width: 709px) 100vw, 709px\" \/><\/p>\n<p style=\"text-align: center;\" mce_style=\"text-align: center;\"><span style=\"font-size: small;\" mce_style=\"font-size: small;\"><span style=\"font-family: verdana, geneva;\" mce_style=\"font-family: verdana, geneva;\">(Presentaci\u00f3n del libro \u00abLas Manos del Greco\u00bb, en la Biblioteca Regional de Castilla la Mancha, Alc\u00e1zar de Toledo. De izquierda a derecha: Antonio Gonz\u00e1lez, director de ABC-Toledo; Jos\u00e9 Rosell Villasevil, Fidel Mar\u00eda Puebla, autor de las l\u00e1minas integradas en el libro y Beatriz Villaca\u00f1as Palomo, poetisa, escritora).<\/span><\/span><\/p>\n<p style=\"text-align: center;\" mce_style=\"text-align: center;\">\n<p style=\"text-align: center;\" mce_style=\"text-align: center;\">\n<p style=\"text-align: center;\" mce_style=\"text-align: center;\"><img loading=\"lazy\" decoding=\"async\" class=\" size-full wp-image-2578 size-full wp-image-2578\" src=\"http:\/\/www.cervantinaesquivias.org\/wordpress\/wp-content\/uploads\/2018\/07\/rosell-43.jpg\" mce_src=\"http:\/\/www.cervantinaesquivias.org\/wordpress\/wp-content\/uploads\/2018\/07\/rosell-43.jpg\" alt=\"alt\" width=\"709\" height=\"535\" srcset=\"http:\/\/www.cervantinaesquivias.org\/wordpress\/wp-content\/uploads\/2018\/07\/rosell-43.jpg 709w, http:\/\/www.cervantinaesquivias.org\/wordpress\/wp-content\/uploads\/2018\/07\/rosell-43-300x226.jpg 300w\" sizes=\"auto, (max-width: 709px) 100vw, 709px\" \/><\/p>\n<p style=\"text-align: center;\" mce_style=\"text-align: center;\"><span style=\"font-size: small;\" mce_style=\"font-size: small;\"><span style=\"font-family: verdana, geneva;\" mce_style=\"font-family: verdana, geneva;\">(Una parte del p\u00fablico asistente en la presentaci\u00f3n de un libro de Jos\u00e9 Rosell).<\/span><\/span><\/p>\n<p style=\"text-align: justify;\" mce_style=\"text-align: justify;\">\n<p style=\"text-align: justify;\" mce_style=\"text-align: justify;\">\n<p style=\"text-align: justify;\" mce_style=\"text-align: justify;\">\n<p style=\"text-align: center;\" mce_style=\"text-align: center;\"><span style=\"font-size: medium;\" mce_style=\"font-size: medium;\"><span style=\"font-family: verdana, geneva;\" mce_style=\"font-family: verdana, geneva;\"><span style=\"white-space:pre\" mce_style=\"white-space:pre\">\t<\/span><b>PROMOCION CULTURAL.<\/b><\/span><\/span><\/p>\n<p style=\"text-align: center;\" mce_style=\"text-align: center;\">\n<p style=\"text-align: justify;\" mce_style=\"text-align: justify;\"><span style=\"font-size: medium;\" mce_style=\"font-size: medium;\"><span style=\"font-family: verdana, geneva;\" mce_style=\"font-family: verdana, geneva;\"><span style=\"white-space: pre;\" mce_style=\"white-space: pre;\">\t<\/span>\u00abQuijote del A\u00f1o 1987\u00bb, de la Sociedad Cervantina de Esquivias, m\u00e1ximo galard\u00f3n que concede esta Asociaci\u00f3n Cultural a personas f\u00edsicas o Entidades Mercantiles.<\/span><\/span><\/p>\n<p style=\"text-align: justify;\" mce_style=\"text-align: justify;\"><span style=\"font-size: medium;\" mce_style=\"font-size: medium;\"><span style=\"font-family: verdana, geneva;\" mce_style=\"font-family: verdana, geneva;\"><span style=\"white-space:pre\" mce_style=\"white-space:pre\">\t<\/span>Premio \u00abDon Quijote\u00bb de la Consejer\u00eda de Industria y Turismo de Castilla la Mancha.<\/span><\/span><\/p>\n<p style=\"text-align: justify;\" mce_style=\"text-align: justify;\"><span style=\"font-size: medium;\" mce_style=\"font-size: medium;\"><span style=\"font-family: verdana, geneva;\" mce_style=\"font-family: verdana, geneva;\"><span style=\"white-space:pre\" mce_style=\"white-space:pre\">\t<\/span>Premio period\u00edstico \u00abCiudad de Toledo\u00bb.<\/span><\/span><\/p>\n<p style=\"text-align: justify;\" mce_style=\"text-align: justify;\"><span style=\"font-size: medium;\" mce_style=\"font-size: medium;\"><span style=\"font-family: verdana, geneva;\" mce_style=\"font-family: verdana, geneva;\"><span style=\"white-space:pre\" mce_style=\"white-space:pre\">\t<\/span>Presidente de la Sociedad Cervantina de Esquivias (1996\/2017).<\/span><\/span><\/p>\n<p style=\"text-align: justify;\" mce_style=\"text-align: justify;\"><span style=\"font-size: medium;\" mce_style=\"font-size: medium;\"><span style=\"font-family: verdana, geneva;\" mce_style=\"font-family: verdana, geneva;\"><span style=\"white-space:pre\" mce_style=\"white-space:pre\">\t<\/span>Fundador del \u00abRecital de Poetas Bargue\u00f1os\u00bb. En 2017 llega a la XXX Edici\u00f3n.<\/span><\/span><\/p>\n<p style=\"text-align: justify;\" mce_style=\"text-align: justify;\"><span style=\"font-size: medium;\" mce_style=\"font-size: medium;\"><span style=\"font-family: verdana, geneva;\" mce_style=\"font-family: verdana, geneva;\"><span style=\"white-space:pre\" mce_style=\"white-space:pre\">\t<\/span>Miembro Correspondiente de la Real Academia de Bellas Artes y Ciencias Hist\u00f3ricas de Toledo.<\/span><\/span><\/p>\n<p style=\"text-align: justify;\" mce_style=\"text-align: justify;\"><span style=\"font-size: medium;\" mce_style=\"font-size: medium;\"><span style=\"font-family: verdana, geneva;\" mce_style=\"font-family: verdana, geneva;\"><span style=\"white-space:pre\" mce_style=\"white-space:pre\">\t<\/span>Premios de Poes\u00eda y Narrativa de Bargas (Toledo).<\/span><\/span><\/p>\n<p style=\"text-align: justify;\" mce_style=\"text-align: justify;\"><span style=\"font-size: medium;\" mce_style=\"font-size: medium;\"><span style=\"font-family: verdana, geneva;\" mce_style=\"font-family: verdana, geneva;\"><span style=\"white-space:pre\" mce_style=\"white-space:pre\">\t<\/span>Premio \u00abLa Encina\u00bb de Quintanar de la Orden.<\/span><\/span><\/p>\n<p style=\"text-align: justify;\" mce_style=\"text-align: justify;\"><span style=\"font-size: medium;\" mce_style=\"font-size: medium;\"><span style=\"font-family: verdana, geneva;\" mce_style=\"font-family: verdana, geneva;\"><span style=\"white-space:pre\" mce_style=\"white-space:pre\">\t<\/span>Colaborador de Onda Cero &#8211; Toledo.<\/span><\/span><\/p>\n<p style=\"text-align: justify;\" mce_style=\"text-align: justify;\"><span style=\"font-size: medium;\" mce_style=\"font-size: medium;\"><span style=\"font-family: verdana, geneva;\" mce_style=\"font-family: verdana, geneva;\"><span style=\"white-space:pre\" mce_style=\"white-space:pre\">\t<\/span>Coordinador del Foro Cervantino \u00abCiudad de Toledo\u00bb.<\/span><\/span><\/p>\n<p style=\"text-align: justify;\" mce_style=\"text-align: justify;\"><span style=\"font-size: medium;\" mce_style=\"font-size: medium;\"><span style=\"font-family: verdana, geneva;\" mce_style=\"font-family: verdana, geneva;\"><span style=\"white-space:pre\" mce_style=\"white-space:pre\">\t<\/span>Principal colaborador del programa de RNE R5, Todo Noticias: \u00abMinutos Cervantinos\u00bb.<\/span><\/span><\/p>\n<p style=\"text-align: justify;\" mce_style=\"text-align: justify;\"><span style=\"font-size: medium;\" mce_style=\"font-size: medium;\"><span style=\"font-family: verdana, geneva;\" mce_style=\"font-family: verdana, geneva;\"><span style=\"white-space:pre\" mce_style=\"white-space:pre\">\t<\/span>Cervantista y Quijotesco, siendo un referente a nivel mundial en el an\u00e1lisis de la vida y obra de Miguel de Cervantes Saavedra.<\/span><\/span><\/p>\n<p style=\"text-align: justify;\" mce_style=\"text-align: justify;\"><span style=\"font-size: medium;\" mce_style=\"font-size: medium;\"><span style=\"font-family: verdana, geneva;\" mce_style=\"font-family: verdana, geneva;\"><span style=\"white-space:pre\" mce_style=\"white-space:pre\">\t<\/span>Conferenciante invitado en el Congreso Cervantino de la Fundaci\u00f3n Eulalio Ferrer. Guanajuato (M\u00e9xico).<\/span><\/span><\/p>\n<p style=\"text-align: justify;\" mce_style=\"text-align: justify;\"><span style=\"font-size: medium;\" mce_style=\"font-size: medium;\"><span style=\"font-family: verdana, geneva;\" mce_style=\"font-family: verdana, geneva;\"><span style=\"white-space:pre\" mce_style=\"white-space:pre\">\t<\/span>Colaborador con los diarios: ABC, YA, La Voz del Tajo, La Tribuna, El d\u00eda de Toledo, y de las revistas: Zocodover, Galatea y La Encina.<\/span><\/span><\/p>\n<p style=\"text-align: justify;\" mce_style=\"text-align: justify;\"><span style=\"font-size: medium;\" mce_style=\"font-size: medium;\"><span style=\"font-family: verdana, geneva;\" mce_style=\"font-family: verdana, geneva;\"><span style=\"white-space:pre\" mce_style=\"white-space:pre\">\t<\/span>Autor del serial de LII cap\u00edtulos (similar a los de la 1\u00aa parte del Quijote) de \u00abSencillamente Cervantes\u00bb, publicados por ABC y Galatea.<\/span><\/span><\/p>\n<p style=\"text-align: justify;\" mce_style=\"text-align: justify;\"><span style=\"font-size: medium;\" mce_style=\"font-size: medium;\"><span style=\"font-family: verdana, geneva;\" mce_style=\"font-family: verdana, geneva;\"><span style=\"white-space:pre\" mce_style=\"white-space:pre\">\t<\/span>Asesor Cervantino del \u00abRaly de Coches Antiguos Don Quijote y Sancho\u00bb, de Quintanar de la Orden.<\/span><\/span><\/p>\n<p style=\"text-align: justify;\" mce_style=\"text-align: justify;\">\n<p style=\"text-align: justify;\" mce_style=\"text-align: justify;\"><span style=\"font-size: medium;\" mce_style=\"font-size: medium;\"><span style=\"font-family: verdana, geneva;\" mce_style=\"font-family: verdana, geneva;\"><span style=\"white-space:pre\" mce_style=\"white-space:pre\"><span style=\"white-space:pre\" mce_style=\"white-space:pre\">\t<\/span>Sus poemas se declamaron, excepcionalmente, en la Casa de Cervantes de Valladolid en \u00abLas Ma\u00f1anas <\/span><\/span><\/span><\/p>\n<p style=\"text-align: justify;\" mce_style=\"text-align: justify;\"><span style=\"font-size: medium;\" mce_style=\"font-size: medium;\"><span style=\"font-family: verdana, geneva;\" mce_style=\"font-family: verdana, geneva;\"><span style=\"white-space:pre\" mce_style=\"white-space:pre\">de la Biblioteca\u00bb, a cargo de prestigiosos rapsodas.<\/span><\/span><\/span><\/p>\n<p style=\"text-align: justify;\" mce_style=\"text-align: justify;\">\n<p style=\"text-align: justify;\" mce_style=\"text-align: justify;\">\n<p style=\"text-align: justify;\" mce_style=\"text-align: justify;\"><span style=\"font-size: medium;\" mce_style=\"font-size: medium;\"><span style=\"font-family: verdana, geneva;\" mce_style=\"font-family: verdana, geneva;\"><span style=\"white-space:pre\" mce_style=\"white-space:pre\"><span style=\"white-space:pre\" mce_style=\"white-space: pre;\">\t<\/span>Jos\u00e9 Rosell Villasevil llev\u00f3 siempre por bandera a la Sociedad Cervantina y al pueblo de Esquivias, como <\/span><\/span><\/span><\/p>\n<p style=\"text-align: justify;\" mce_style=\"text-align: justify;\"><span style=\"font-size: medium;\" mce_style=\"font-size: medium;\"><span style=\"font-family: verdana, geneva;\" mce_style=\"font-family: verdana, geneva;\"><span style=\"white-space:pre\" mce_style=\"white-space:pre\">garantes de la defensa del cervantismo a todos los niveles, infundiendo, con su sola presencia, que en cual-<\/span><\/span><\/span><\/p>\n<p style=\"text-align: justify;\" mce_style=\"text-align: justify;\"><span style=\"font-size: medium;\" mce_style=\"font-size: medium;\"><span style=\"font-family: verdana, geneva;\" mce_style=\"font-family: verdana, geneva;\"><span style=\"white-space:pre\" mce_style=\"white-space:pre\">quier acto donde se hallara, se hiciera patente la de la Sociedad Cervantina de Esquivias.<\/span><\/span><\/span><\/p>\n<p style=\"text-align: justify;\" mce_style=\"text-align: justify;\"><span style=\"font-size: medium;\" mce_style=\"font-size: medium;\"><span style=\"font-family: verdana, geneva;\" mce_style=\"font-family: verdana, geneva;\"><span style=\"white-space:pre\" mce_style=\"white-space:pre\"><br \/>\n<\/span><\/span><\/span><\/p>\n<p style=\"text-align: justify;\" mce_style=\"text-align: justify;\"><span style=\"font-size: medium;\" mce_style=\"font-size: medium;\"><span style=\"font-family: verdana, geneva;\" mce_style=\"font-family: verdana, geneva;\"><span style=\"white-space:pre\" mce_style=\"white-space:pre\"><span style=\"white-space:pre\" mce_style=\"white-space: pre;\">\t<\/span>Jos\u00e9 Rosell Villasevil nos ha dejado hu\u00e9rfanos, a la Sociedad Cervantina tambi\u00e9n; sentimientos de horfan-<\/span><\/span><\/span><\/p>\n<p style=\"text-align: justify;\" mce_style=\"text-align: justify;\"><span style=\"font-size: medium;\" mce_style=\"font-size: medium;\"><span style=\"font-family: verdana, geneva;\" mce_style=\"font-family: verdana, geneva;\"><span style=\"white-space:pre\" mce_style=\"white-space:pre\">dad que compartimos con su familia, sus amigos y las personas que le trataron en su vida profesional y quienes<\/span><\/span><\/span><\/p>\n<p style=\"text-align: justify;\" mce_style=\"text-align: justify;\"><span style=\"font-size: medium;\" mce_style=\"font-size: medium;\"><span style=\"font-family: verdana, geneva;\" mce_style=\"font-family: verdana, geneva;\"><span style=\"white-space:pre\" mce_style=\"white-space:pre\">gozaban de su pasi\u00f3n por Cervantes y su obra. <\/span><\/span><\/span><\/p>\n<p style=\"text-align: justify;\" mce_style=\"text-align: justify;\"><span style=\"font-size: medium;\" mce_style=\"font-size: medium;\"><span style=\"font-family: verdana, geneva;\" mce_style=\"font-family: verdana, geneva;\"><span style=\"white-space:pre\" mce_style=\"white-space:pre\"><br \/>\n<\/span><\/span><\/span><\/p>\n<p style=\"text-align: justify;\" mce_style=\"text-align: justify;\"><span style=\"font-size: medium;\" mce_style=\"font-size: medium;\"><span style=\"font-family: verdana, geneva;\" mce_style=\"font-family: verdana, geneva;\"><span style=\"white-space:pre\" mce_style=\"white-space:pre\"><span style=\"white-space:pre\" mce_style=\"white-space:pre\">\t<\/span>Descansa en paz, Maestro y Amigo.<\/span><\/span><\/span><\/p>\n<p style=\"text-align: right;\" mce_style=\"text-align: right;\"><span style=\"font-size: medium;\" mce_style=\"font-size: medium;\"><span style=\"style\" mce_style=\"font-family: verdana, geneva;\"><span style=\"white-space: pre;\" mce_style=\"white-space:pre\"><i style=\"style\" mce_style=\"style\"><b style=\"style\" mce_style=\"style\"><span style=\"font-size: small;\" mce_style=\"font-size: small;\"><span style=\"font-family: helvetica;\" mce_style=\"font-family: helvetica;\">Sabino de Diego.<\/span><\/span><\/b><\/i><\/span><\/span><\/span><\/p>\n<p style=\"text-align: justify;\" mce_style=\"text-align: justify;\">\n<p style=\"text-align: justify;\" mce_style=\"text-align: justify;\">\n<p style=\"text-align: justify;\" mce_style=\"text-align: justify;\"><span style=\"font-size: medium;\" mce_style=\"font-size: medium;\"><span style=\"font-family: verdana, geneva;\" mce_style=\"font-family: verdana, geneva;\"><span style=\"white-space:pre\" mce_style=\"white-space:pre\"><br \/>\n<\/span><\/span><\/span><\/p>\n<p style=\"text-align: justify;\" mce_style=\"text-align: justify;\"><span style=\"font-size: medium;\" mce_style=\"font-size: medium;\"><span style=\"font-family: verdana, geneva;\" mce_style=\"font-family: verdana, geneva;\"><br \/>\n<\/span><\/span><\/p>\n<p style=\"text-align: justify;\" mce_style=\"text-align: justify;\">\n<p style=\"text-align: justify;\" mce_style=\"text-align: justify;\">\n<p style=\"text-align: justify;\" mce_style=\"text-align: justify;\"><span style=\"font-size: medium;\" mce_style=\"font-size: medium;\"><span style=\"font-family: verdana, geneva;\" mce_style=\"font-family: verdana, geneva;\"><span style=\"white-space:pre\" mce_style=\"white-space:pre\">\t<\/span><\/span><\/span><\/p>\n<p style=\"text-align: justify;\" mce_style=\"text-align: justify;\">\n<p style=\"text-align: justify;\" mce_style=\"text-align: justify;\">\n<p style=\"text-align: justify;\" mce_style=\"text-align: justify;\"><span style=\"font-size: medium;\" mce_style=\"font-size: medium;\"><span style=\"font-family: verdana, geneva;\" mce_style=\"font-family: verdana, geneva;\"><br \/>\n<\/span><\/span><\/p>\n<p style=\"text-align: justify;\" mce_style=\"text-align: justify;\"><span style=\"font-size: medium;\" mce_style=\"font-size: medium;\"><span style=\"font-family: verdana, geneva;\" mce_style=\"font-family: verdana, geneva;\"><br \/>\n<\/span><\/span><\/p>\n<p style=\"text-align: justify;\" mce_style=\"text-align: justify;\"><span style=\"font-size: medium;\" mce_style=\"font-size: medium;\"><span style=\"font-family: verdana, geneva;\" mce_style=\"font-family: verdana, geneva;\"><br \/>\n<\/span><\/span><\/p>\n<p style=\"text-align: justify;\" mce_style=\"text-align: justify;\"><span style=\"font-size: medium;\" mce_style=\"font-size: medium;\"><span style=\"font-family: verdana, geneva;\" mce_style=\"font-family: verdana, geneva;\"><br \/>\n<\/span><\/span><\/p>\n<p style=\"text-align: justify;\" mce_style=\"text-align: justify;\"><span style=\"font-size: medium;\" mce_style=\"font-size: medium;\"><span style=\"font-family: verdana, geneva;\" mce_style=\"font-family: verdana, geneva;\"><br \/>\n<\/span><\/span><\/p>\n<p style=\"text-align: justify;\" mce_style=\"text-align: justify;\">\n<p style=\"text-align: justify;\" mce_style=\"text-align: justify;\"><span style=\"font-size: medium;\" mce_style=\"font-size: medium;\"><span style=\"font-family: verdana, geneva;\" mce_style=\"font-family: verdana, geneva;\"><br \/>\n<\/span><\/span><\/p>\n<p style=\"text-align: center;\" mce_style=\"text-align: center;\">\n<p style=\"text-align: justify;\" mce_style=\"text-align: justify;\"><span style=\"font-size: medium;\" mce_style=\"font-size: medium;\"><span style=\"font-family: verdana, geneva;\" mce_style=\"font-family: verdana, geneva;\"><span style=\"white-space:pre\" mce_style=\"white-space: pre;\">\t<\/span><\/span><\/span><\/p>\n<p style=\"text-align: center;\" mce_style=\"text-align: center;\"><span style=\"font-size: medium;\" mce_style=\"font-size: medium;\"><span style=\"font-family: verdana, geneva;\" mce_style=\"font-family: verdana, geneva;\"><br \/>\n<\/span><\/span><\/p>\n<p style=\"text-align: center;\" mce_style=\"text-align: center;\"><span style=\"font-size: medium;\" mce_style=\"font-size: medium;\"><span style=\"font-family: verdana, geneva;\" mce_style=\"font-family: verdana, geneva;\"><br \/>\n<\/span><\/span><\/p>\n<p style=\"text-align: center;\" mce_style=\"text-align: center;\"><span style=\"font-size: medium;\" mce_style=\"font-size: medium;\"><span style=\"font-family: verdana, geneva;\" mce_style=\"font-family: verdana, geneva;\"><br \/>\n<\/span><\/span><\/p>\n<p style=\"text-align: center;\" mce_style=\"text-align: center;\"><span style=\"font-size: medium;\" mce_style=\"font-size: medium;\"><span style=\"font-family: verdana, geneva;\" mce_style=\"font-family: verdana, geneva;\"><br \/>\n<\/span><\/span><\/p>\n<p style=\"text-align: center;\" mce_style=\"text-align: center;\"><span style=\"font-size: medium;\" mce_style=\"font-size: medium;\"><span style=\"font-family: verdana, geneva;\" mce_style=\"font-family: verdana, geneva;\"><br \/>\n<\/span><\/span><\/p>\n<p style=\"text-align: center;\" mce_style=\"text-align: center;\"><span style=\"font-size: medium;\" mce_style=\"font-size: medium;\"><span style=\"font-family: verdana, geneva;\" mce_style=\"font-family: verdana, geneva;\"><br \/>\n<\/span><\/span><\/p>\n<p style=\"text-align: center;\" mce_style=\"text-align: center;\"><span style=\"font-size: medium;\" mce_style=\"font-size: medium;\"><span style=\"font-size: medium;\" mce_style=\"font-size: medium;\"><span style=\"font-family: verdana, geneva;\" mce_style=\"font-family: verdana, geneva;\"><br \/>\n<\/span><\/span><\/span><\/p>\n<p style=\"text-align: center;\" mce_style=\"text-align: center;\"><span style=\"font-size: medium;\" mce_style=\"font-size: medium;\"><span style=\"font-family: verdana, geneva;\" mce_style=\"font-family: verdana, geneva;\"><br \/>\n<\/span><\/span><\/p>\n<p style=\"text-align: center;\" mce_style=\"text-align: center;\"><span style=\"font-size: medium;\" mce_style=\"font-size: medium;\"><span style=\"font-family: verdana, geneva;\" mce_style=\"font-family: verdana, geneva;\"><br \/>\n<\/span><\/span><\/p>\n<p style=\"text-align: center;\" mce_style=\"text-align: center;\"><span style=\"font-size: medium;\" mce_style=\"font-size: medium;\"><span style=\"font-family: verdana, geneva;\" mce_style=\"font-family: verdana, geneva;\"><br \/>\n<\/span><\/span><\/p>\n<p style=\"text-align: justify;\" mce_style=\"text-align: justify;\"><span style=\"white-space:pre\" mce_style=\"white-space: pre;\"><span style=\"font-size: medium;\" mce_style=\"font-size: medium;\"><span style=\"font-family: verdana, geneva;\" mce_style=\"font-family: verdana, geneva;\">\t<\/span><\/span><\/span><\/p>\n<p style=\"text-align: center;\" mce_style=\"text-align: center;\">\n<p style=\"text-align: center;\" mce_style=\"text-align: center;\"><span style=\"font-family: verdana, geneva; font-size: small;\" mce_style=\"font-family: verdana, geneva; font-size: small;\"><br \/>\n<\/span><\/p>\n<p style=\"text-align: center;\" mce_style=\"text-align: center;\">\n<p style=\"text-align: center;\" mce_style=\"text-align: center;\"><span style=\"font-family: verdana, geneva; font-size: small;\" mce_style=\"font-family: verdana, geneva; font-size: small;\"><br \/>\n<\/span><\/p>\n<p style=\"text-align: center;\" mce_style=\"text-align: center;\">\n<p style=\"text-align: center;\" mce_style=\"text-align: center;\"><span style=\"font-family: verdana, geneva; font-size: small;\" mce_style=\"font-family: verdana, geneva; font-size: small;\"><br \/>\n<\/span><\/p>\n<p style=\"text-align: center;\" mce_style=\"text-align: center;\">\n<p style=\"text-align: center;\" mce_style=\"text-align: center;\"><span style=\"font-size: medium;\" mce_style=\"font-size: medium;\"><span style=\"font-family: verdana, geneva;\" mce_style=\"font-family: verdana, geneva;\"><br \/>\n<\/span><\/span><\/p>\n<p style=\"text-align: center;\" mce_style=\"text-align: center;\">\n<p style=\"text-align: justify;\" mce_style=\"text-align: justify;\">\n<p style=\"text-align: center;\" mce_style=\"text-align: center;\">\n<p style=\"text-align: center;\" mce_style=\"text-align: center;\">\n<p style=\"text-align: center;\" mce_style=\"text-align: center;\"><span style=\"font-size: medium;\" mce_style=\"font-size: medium;\"><span style=\"font-family: verdana, geneva;\" mce_style=\"font-family: verdana, geneva;\"><br \/>\n<\/span><\/span><\/p>\n<p style=\"text-align: justify;\" mce_style=\"text-align: justify;\">\n<p style=\"text-align: center;\" mce_style=\"text-align: center;\">\n<p style=\"text-align: center;\" mce_style=\"text-align: center;\">\n<p style=\"text-align: center;\" mce_style=\"text-align: center;\"><span style=\"font-family: verdana, geneva; font-size: small;\" mce_style=\"font-family: verdana, geneva; font-size: small;\"><br \/>\n<\/span><\/p>\n<p style=\"text-align: center;\" mce_style=\"text-align: center;\">\n<p style=\"text-align: center;\" mce_style=\"text-align: center;\"><span style=\"font-family: verdana, geneva; font-size: small;\" mce_style=\"font-family: verdana, geneva; font-size: small;\"><b><br \/>\n<\/b><\/span><\/p>\n<p style=\"text-align: center;\" mce_style=\"text-align: center;\">\n<p style=\"text-align: center;\" mce_style=\"text-align: center;\"><span style=\"font-size: medium;\" mce_style=\"font-size: medium;\"><span style=\"font-family: verdana, geneva;\" mce_style=\"font-family: verdana, geneva;\">&nbsp;<\/span><\/span><\/p>\n<p style=\"text-align: justify;\" mce_style=\"text-align: justify;\"><span style=\"style\" mce_style=\"font-size: medium;\"><span style=\"style\" mce_style=\"font-family: verdana, geneva;\"><span style=\"white-space: pre;\" mce_style=\"white-space: pre;\">\t<\/span><\/span><\/span><\/p>\n<p style=\"text-align: justify;\" mce_style=\"text-align: justify;\">\n<p style=\"text-align: justify;\" mce_style=\"text-align: justify;\"><span style=\"font-size: medium;\" mce_style=\"font-size: medium;\"><span style=\"font-family: verdana, geneva;\" mce_style=\"font-family: verdana, geneva;\"><br \/>\n<\/span><\/span><\/p>\n<p style=\"text-align: justify;\" mce_style=\"text-align: justify;\">\n<p style=\"text-align: justify;\" mce_style=\"text-align: justify;\">\n<p style=\"text-align: justify;\" mce_style=\"text-align: justify;\"><span style=\"font-size: medium;\" mce_style=\"font-size: medium;\"><span style=\"font-family: verdana, geneva;\" mce_style=\"font-family: verdana, geneva;\"><br \/>\n<\/span><\/span><\/p>\n<p style=\"text-align: justify;\" mce_style=\"text-align: justify;\">\n<p style=\"text-align: justify;\" mce_style=\"text-align: justify;\">\n<p style=\"text-align: justify;\" mce_style=\"text-align: justify;\"><span style=\"font-size: medium;\" mce_style=\"font-size: medium;\"><span style=\"font-family: verdana, geneva;\" mce_style=\"font-family: verdana, geneva;\"><br \/>\n<\/span><\/span><\/p>\n<p style=\"text-align: justify;\" mce_style=\"text-align: justify;\">\n<p style=\"text-align: justify;\" mce_style=\"text-align: justify;\">\n<p style=\"text-align: justify;\" mce_style=\"text-align: justify;\">\n<p style=\"text-align: justify;\" mce_style=\"text-align: justify;\">\n<p style=\"text-align: justify;\" mce_style=\"text-align: justify;\">\n<p style=\"text-align: justify;\" mce_style=\"text-align: justify;\">\n<p style=\"text-align: justify;\" mce_style=\"text-align: justify;\">\n<p style=\"text-align: justify;\" mce_style=\"text-align: justify;\">\n<p style=\"text-align: justify;\" mce_style=\"text-align: justify;\"><span style=\"font-family: verdana, geneva; font-size: medium;\" mce_style=\"font-family: verdana, geneva; font-size: medium;\"><br \/>\n<\/span><\/p>\n<p style=\"text-align: justify;\" mce_style=\"text-align: justify;\"><span style=\"font-size: medium;\" mce_style=\"font-size: medium;\"><span style=\"font-family: verdana, geneva;\" mce_style=\"font-family: verdana, geneva;\"><span style=\"white-space:pre\" mce_style=\"white-space:pre\">\t<\/span><\/span><\/span><\/p>\n<p style=\"text-align: justify;\" mce_style=\"text-align: justify;\"><span style=\"font-size: medium;\" mce_style=\"font-size: medium;\"><span style=\"font-family: verdana, geneva;\" mce_style=\"font-family: verdana, geneva;\"><br \/>\n<\/span><\/span><\/p>\n<p style=\"text-align: center;\" mce_style=\"text-align: center;\">\n<p style=\"text-align: justify;\" mce_style=\"text-align: justify;\">\n<p style=\"text-align: justify;\" mce_style=\"text-align: justify;\">\n<p style=\"text-align: justify;\" mce_style=\"text-align: justify;\"><span style=\"font-size: medium;\" mce_style=\"font-size: medium;\"><span style=\"font-family: verdana, geneva;\" mce_style=\"font-family: verdana, geneva;\"><br \/>\n<\/span><\/span><\/p>\n<p style=\"text-align: justify;\" mce_style=\"text-align: justify;\"><span style=\"font-size: medium;\" mce_style=\"font-size: medium;\"><span style=\"font-family: verdana, geneva;\" mce_style=\"font-family: verdana, geneva;\"><br \/>\n<\/span><\/span><\/p>\n<p style=\"text-align: center;\" mce_style=\"text-align: center;\">\n<p style=\"text-align: center;\" mce_style=\"text-align: center;\">\n<p style=\"text-align: center;\" mce_style=\"text-align: center;\"><span style=\"font-size: medium;\" mce_style=\"font-size: medium;\"><span style=\"font-family: verdana, geneva;\" mce_style=\"font-family: verdana, geneva;\"><br \/>\n<\/span><\/span><\/p>\n<p style=\"text-align: justify;\" mce_style=\"text-align: justify;\">\n<p style=\"text-align: justify;\" mce_style=\"text-align: justify;\">\n<p style=\"text-align: justify;\" mce_style=\"text-align: justify;\">\n<p style=\"text-align: justify;\" mce_style=\"text-align: justify;\">\n<p style=\"text-align: justify;\" mce_style=\"text-align: justify;\">\n<p style=\"text-align: justify;\" mce_style=\"text-align: justify;\">\n<p style=\"text-align: justify;\" mce_style=\"text-align: justify;\">\n<p style=\"text-align: justify;\" mce_style=\"text-align: justify;\">\n<p style=\"text-align: justify;\" mce_style=\"text-align: justify;\">\n<p style=\"text-align: justify;\" mce_style=\"text-align: justify;\">\n<p style=\"text-align: justify;\" mce_style=\"text-align: justify;\"><span style=\"font-size: medium;\" mce_style=\"font-size: medium;\"><span style=\"font-family: verdana, geneva;\" mce_style=\"font-family: verdana, geneva;\"><br \/>\n<\/span><\/span><\/p>\n<p style=\"text-align: justify;\" mce_style=\"text-align: justify;\"><span style=\"font-size: medium;\" mce_style=\"font-size: medium;\"><span style=\"font-family: verdana, geneva;\" mce_style=\"font-family: verdana, geneva;\"><br \/>\n<\/span><\/span><\/p>\n<p style=\"text-align: justify;\" mce_style=\"text-align: justify;\"><span style=\"font-size: medium;\" mce_style=\"font-size: medium;\"><span style=\"font-family: verdana, geneva;\" mce_style=\"font-family: verdana, geneva;\"><br \/>\n<\/span><\/span><\/p>\n<p style=\"text-align: justify;\" mce_style=\"text-align: justify;\"><span style=\"font-size: medium;\" mce_style=\"font-size: medium;\"><span style=\"font-family: verdana, geneva;\" mce_style=\"font-family: verdana, geneva;\"><span style=\"white-space:pre\" mce_style=\"white-space:pre\">\t<\/span><\/span><\/span><\/p>\n<p style=\"text-align: justify;\" mce_style=\"text-align: justify;\"><span style=\"font-size: medium;\" mce_style=\"font-size: medium;\"><span style=\"font-family: verdana, geneva;\" mce_style=\"font-family: verdana, geneva;\"><br \/>\n<\/span><\/span><\/p>\n<p style=\"text-align: justify;\" mce_style=\"text-align: justify;\"><span style=\"font-size: medium;\" mce_style=\"font-size: medium;\"><span style=\"font-family: verdana, geneva;\" mce_style=\"font-family: verdana, geneva;\"><br \/>\n<\/span><\/span><\/p>\n<p style=\"text-align: justify;\" mce_style=\"text-align: justify;\">\n<p style=\"text-align: justify;\" mce_style=\"text-align: justify;\">\n<p style=\"text-align: justify;\" mce_style=\"text-align: justify;\">\n<p style=\"text-align: justify;\" mce_style=\"text-align: justify;\">\n<p style=\"text-align: justify;\" mce_style=\"text-align: justify;\">\n<p style=\"text-align: justify;\" mce_style=\"text-align: justify;\">\n<p style=\"text-align: justify;\" mce_style=\"text-align: justify;\"><span style=\"font-size: medium;\" mce_style=\"font-size: medium;\"><span style=\"font-family: verdana, geneva;\" mce_style=\"font-family: verdana, geneva;\"><br \/>\n<\/span><\/span><\/p>\n<p style=\"text-align: justify;\" mce_style=\"text-align: justify;\"><span style=\"font-size: medium;\" mce_style=\"font-size: medium;\"><span style=\"font-family: verdana, geneva;\" mce_style=\"font-family: verdana, geneva;\"><br \/>\n<\/span><\/span><\/p>\n<p style=\"text-align: justify;\" mce_style=\"text-align: justify;\"><span style=\"font-size: medium;\" mce_style=\"font-size: medium;\"><span style=\"font-family: verdana, geneva;\" mce_style=\"font-family: verdana, geneva;\"><br \/>\n<\/span><\/span><\/p>\n<p style=\"text-align: justify;\" mce_style=\"text-align: justify;\"><span style=\"font-size: medium;\" mce_style=\"font-size: medium;\"><span style=\"font-family: verdana, geneva;\" mce_style=\"font-family: verdana, geneva;\"><br \/>\n<\/span><\/span><\/p>\n<p style=\"text-align: justify;\" mce_style=\"text-align: justify;\"><span style=\"font-size: medium;\" mce_style=\"font-size: medium;\"><span style=\"font-family: verdana, geneva;\" mce_style=\"font-family: verdana, geneva;\"><span style=\"white-space:pre\" mce_style=\"white-space:pre\">\t<\/span><\/span><\/span><\/p>\n<p style=\"text-align: justify;\" mce_style=\"text-align: justify;\"><span style=\"font-size: medium;\" mce_style=\"font-size: medium;\"><span style=\"font-family: verdana, geneva;\" mce_style=\"font-family: verdana, geneva;\"><span style=\"white-space:pre\" mce_style=\"white-space:pre\">\t<\/span><\/span><\/span><\/p>\n<p style=\"text-align: justify;\" mce_style=\"text-align: justify;\"><span style=\"font-size: medium;\" mce_style=\"font-size: medium;\"><span style=\"font-family: verdana, geneva;\" mce_style=\"font-family: verdana, geneva;\"><span style=\"white-space:pre\" mce_style=\"white-space:pre\">\t<\/span><\/span><\/span><\/p>\n<p style=\"text-align: justify;\" mce_style=\"text-align: justify;\">\n<p style=\"text-align: justify;\" mce_style=\"text-align: justify;\">\n<p style=\"text-align: justify;\" mce_style=\"text-align: justify;\">\n<p style=\"text-align: justify;\" mce_style=\"text-align: justify;\">\n<p style=\"text-align: justify;\" mce_style=\"text-align: justify;\">\n<p style=\"text-align: justify;\" mce_style=\"text-align: justify;\">\n<p style=\"text-align: justify;\" mce_style=\"text-align: justify;\">\n<p style=\"text-align: justify;\" mce_style=\"text-align: justify;\">\n<p style=\"text-align: justify;\" mce_style=\"text-align: justify;\"><span style=\"font-size: medium;\" mce_style=\"font-size: medium;\"><span style=\"font-family: verdana, geneva;\" mce_style=\"font-family: verdana, geneva;\"><br \/>\n<\/span><\/span><\/p>\n<p style=\"text-align: justify;\" mce_style=\"text-align: justify;\">\n<p style=\"text-align: justify;\" mce_style=\"text-align: justify;\"><span style=\"font-size: medium;\" mce_style=\"font-size: medium;\"><span style=\"font-family: verdana, geneva;\" mce_style=\"font-family: verdana, geneva;\"><span style=\"white-space:pre\" mce_style=\"white-space:pre\">\t<\/span><\/span><\/span><\/p>\n<p style=\"text-align: justify;\" mce_style=\"text-align: justify;\"><span style=\"white-space:pre\" mce_style=\"white-space:pre\">\t<\/span><\/p>\n<p style=\"text-align: justify;\" mce_style=\"text-align: justify;\">\n<p style=\"text-align: justify;\" mce_style=\"text-align: justify;\">\n<p style=\"text-align: justify;\" mce_style=\"text-align: justify;\">\n<p style=\"text-align: justify;\" mce_style=\"text-align: justify;\">\n<p style=\"text-align: justify;\" mce_style=\"text-align: justify;\">\n<p style=\"text-align: justify;\" mce_style=\"text-align: justify;\">\n<p style=\"text-align: justify;\" mce_style=\"text-align: justify;\">\n<p style=\"text-align: justify;\" mce_style=\"text-align: justify;\">\n<p style=\"text-align: justify;\" mce_style=\"text-align: justify;\">\n<p style=\"text-align: justify;\" mce_style=\"text-align: justify;\">\n<p style=\"text-align: justify;\" mce_style=\"text-align: justify;\"><span style=\"font-size: medium;\" mce_style=\"font-size: medium;\"><span style=\"font-family: verdana, geneva;\" mce_style=\"font-family: verdana, geneva;\"><br \/>\n<\/span><\/span><\/p>\n<p style=\"text-align: justify;\" mce_style=\"text-align: justify;\"><span style=\"font-size: medium;\" mce_style=\"font-size: medium;\"><span style=\"font-family: verdana, geneva;\" mce_style=\"font-family: verdana, geneva;\"><br \/>\n<\/span><\/span><\/p>\n<p style=\"text-align: justify;\" mce_style=\"text-align: justify;\">\n<p style=\"text-align: justify;\" mce_style=\"text-align: justify;\">\n<p style=\"text-align: justify;\" mce_style=\"text-align: justify;\">\n<p style=\"text-align: justify;\" mce_style=\"text-align: justify;\">\n<p style=\"text-align: justify;\" mce_style=\"text-align: justify;\">\n<p style=\"text-align: justify;\" mce_style=\"text-align: justify;\">\n<p style=\"text-align: justify;\" mce_style=\"text-align: justify;\">\n<p style=\"text-align: justify;\" mce_style=\"text-align: justify;\">\n<p style=\"text-align: justify;\" mce_style=\"text-align: justify;\">\n<p style=\"text-align: justify;\" mce_style=\"text-align: justify;\">\n<p style=\"text-align: justify;\" mce_style=\"text-align: justify;\">\n<p style=\"text-align: justify;\" mce_style=\"text-align: justify;\">\n<p style=\"text-align: justify;\" mce_style=\"text-align: justify;\"><span style=\"font-size: medium;\" mce_style=\"font-size: medium;\"><span style=\"font-family: verdana, geneva;\" mce_style=\"font-family: verdana, geneva;\"><br \/>\n<\/span><\/span><\/p>\n<p style=\"text-align: justify;\" mce_style=\"text-align: justify;\"><span style=\"font-size: medium;\" mce_style=\"font-size: medium;\"><span style=\"font-family: verdana, geneva;\" mce_style=\"font-family: verdana, geneva;\">&nbsp;<\/span><\/span><\/p>\n<p style=\"text-align: justify;\" mce_style=\"text-align: justify;\">\n<p style=\"text-align: justify;\" mce_style=\"text-align: justify;\">\n<p style=\"text-align: justify;\" mce_style=\"text-align: justify;\">\n<p style=\"text-align: justify;\" mce_style=\"text-align: justify;\">\n<p style=\"text-align: justify;\" mce_style=\"text-align: justify;\">\n<p style=\"text-align: justify;\" mce_style=\"text-align: justify;\">\n<p style=\"text-align: justify;\" mce_style=\"text-align: justify;\">\n<p style=\"text-align: justify;\" mce_style=\"text-align: justify;\"><span style=\"font-size: medium;\" mce_style=\"font-size: medium;\"><span style=\"font-family: verdana, geneva;\" mce_style=\"font-family: verdana, geneva;\"><br \/>\n<\/span><\/span><\/p>\n<p style=\"text-align: justify;\" mce_style=\"text-align: justify;\">\n<p style=\"text-align: justify;\" mce_style=\"text-align: justify;\"><span style=\"font-size: medium;\" mce_style=\"font-size: medium;\"><span style=\"font-family: verdana, geneva;\" mce_style=\"font-family: verdana, geneva;\"><br \/>\n<\/span><\/span><\/p>\n<p style=\"text-align: justify;\" mce_style=\"text-align: justify;\">\n<p style=\"text-align: justify;\" mce_style=\"text-align: justify;\">\n<p style=\"text-align: justify;\" mce_style=\"text-align: justify;\"><span style=\"font-size: medium;\" mce_style=\"font-size: medium;\"><span style=\"font-family: verdana, geneva;\" mce_style=\"font-family: verdana, geneva;\"><br \/>\n<\/span><\/span><\/p>\n<p style=\"text-align: justify;\" mce_style=\"text-align: justify;\"><span style=\"font-size: medium;\" mce_style=\"font-size: medium;\"><span style=\"font-family: verdana, geneva;\" mce_style=\"font-family: verdana, geneva;\">&nbsp;&nbsp;<\/span><\/span><\/p>\n","protected":false},"excerpt":{"rendered":"<p>El 15 de Junio de 2017, falleci\u00f3, a los 86 a\u00f1os de edad, Don Jos\u00e9 Rosell Villasevil. (Don Jos\u00e9 Rosell [&hellip;]<\/p>\n","protected":false},"author":1,"featured_media":2553,"comment_status":"closed","ping_status":"open","sticky":false,"template":"","format":"standard","meta":{"footnotes":""},"categories":[24,17],"tags":[],"class_list":["post-2579","post","type-post","status-publish","format-standard","has-post-thumbnail","hentry","category-ilustres-cervantistas","category-ilustres-esquivianos"],"_links":{"self":[{"href":"http:\/\/www.cervantinaesquivias.org\/wordpress\/wp-json\/wp\/v2\/posts\/2579","targetHints":{"allow":["GET"]}}],"collection":[{"href":"http:\/\/www.cervantinaesquivias.org\/wordpress\/wp-json\/wp\/v2\/posts"}],"about":[{"href":"http:\/\/www.cervantinaesquivias.org\/wordpress\/wp-json\/wp\/v2\/types\/post"}],"author":[{"embeddable":true,"href":"http:\/\/www.cervantinaesquivias.org\/wordpress\/wp-json\/wp\/v2\/users\/1"}],"replies":[{"embeddable":true,"href":"http:\/\/www.cervantinaesquivias.org\/wordpress\/wp-json\/wp\/v2\/comments?post=2579"}],"version-history":[{"count":2,"href":"http:\/\/www.cervantinaesquivias.org\/wordpress\/wp-json\/wp\/v2\/posts\/2579\/revisions"}],"predecessor-version":[{"id":2712,"href":"http:\/\/www.cervantinaesquivias.org\/wordpress\/wp-json\/wp\/v2\/posts\/2579\/revisions\/2712"}],"wp:featuredmedia":[{"embeddable":true,"href":"http:\/\/www.cervantinaesquivias.org\/wordpress\/wp-json\/wp\/v2\/media\/2553"}],"wp:attachment":[{"href":"http:\/\/www.cervantinaesquivias.org\/wordpress\/wp-json\/wp\/v2\/media?parent=2579"}],"wp:term":[{"taxonomy":"category","embeddable":true,"href":"http:\/\/www.cervantinaesquivias.org\/wordpress\/wp-json\/wp\/v2\/categories?post=2579"},{"taxonomy":"post_tag","embeddable":true,"href":"http:\/\/www.cervantinaesquivias.org\/wordpress\/wp-json\/wp\/v2\/tags?post=2579"}],"curies":[{"name":"wp","href":"https:\/\/api.w.org\/{rel}","templated":true}]}}