{"id":2407,"date":"2016-11-18T17:27:58","date_gmt":"2016-11-18T17:27:58","guid":{"rendered":"http:\/\/www.cervantinaesquivias.org\/wordpress\/2016\/11\/18\/reposando-un-dia-de-fiesta-en-esquivias\/"},"modified":"2023-03-06T08:21:13","modified_gmt":"2023-03-06T08:21:13","slug":"reposando-un-dia-de-fiesta-en-esquivias","status":"publish","type":"post","link":"http:\/\/www.cervantinaesquivias.org\/wordpress\/2016\/11\/18\/reposando-un-dia-de-fiesta-en-esquivias\/","title":{"rendered":"REPOSANDO UN D\u00cdA DE FIESTA EN ESQUIVIAS."},"content":{"rendered":"<p><\/p>\n<p style=\"text-align: center;\" mce_style=\"text-align: center;\"><img loading=\"lazy\" decoding=\"async\" class=\" size-full wp-image-2406 size-full wp-image-2406\" src=\"http:\/\/www.cervantinaesquivias.org\/wordpress\/wp-content\/uploads\/2016\/11\/foto-reposando-en-un-dia-de-fiesta-709.jpg\" mce_src=\"http:\/\/www.cervantinaesquivias.org\/wordpress\/wp-content\/uploads\/2016\/11\/foto-reposando-en-un-dia-de-fiesta-709.jpg\" alt=\"alt\" width=\"709\" height=\"500\" srcset=\"http:\/\/www.cervantinaesquivias.org\/wordpress\/wp-content\/uploads\/2016\/11\/foto-reposando-en-un-dia-de-fiesta-709.jpg 709w, http:\/\/www.cervantinaesquivias.org\/wordpress\/wp-content\/uploads\/2016\/11\/foto-reposando-en-un-dia-de-fiesta-709-300x212.jpg 300w\" sizes=\"auto, (max-width: 709px) 100vw, 709px\" \/><\/p>\n<p style=\"text-align: center;\" mce_style=\"text-align: center;\"><\/p>\n<p style=\"text-align: justify;\" mce_style=\"text-align: justify;\"><span style=\"font-size: medium;\" mce_style=\"font-size: medium;\"><span style=\"font-family: verdana, geneva;\" mce_style=\"font-family: verdana, geneva;\">La fotograf\u00eda recoge a un grupo de amigos en amena charla, seguramente en la que habr\u00eda sido<i> \u00abla era del t\u00edo Jos\u00e9 Moya\u00bb<\/i>, frente a la cafeteria H-H en el entonces extrarradio de Esquivias.<\/span><\/span><\/p>\n<p style=\"text-align: justify;\" mce_style=\"text-align: justify;\"><span style=\"font-size: medium;\" mce_style=\"font-size: medium;\"><span style=\"font-family: verdana, geneva;\" mce_style=\"font-family: verdana, geneva;\">La indumentaria que algunos visten, por no ser habitual, nos hace presumir que era un d\u00eda de fiesta en Esquivias. Los improvisados asientos (cajas de cerveza EL \u00c1GUILA; de refrescos KAS; de gaseosa LA CASERA; etc) y la carencia de una mesa, donde se supone que podr\u00eda haber alg\u00fan caf\u00e9 o infusi\u00f3n, nos deja bastante claro que se hallaban frente a la cafeter\u00eda del Complejo H-H.<\/span><\/span><\/p>\n<p style=\"text-align: justify;\" mce_style=\"text-align: justify;\"><span style=\"font-size: medium;\" mce_style=\"font-size: medium;\"><span style=\"font-family: verdana, geneva;\" mce_style=\"font-family: verdana, geneva;\">Se hallan, de izquierda a derecha: Saturnino Moya Mart\u00edn, \u00abMariano\u00bb; Sime\u00f3n Torrej\u00f3n Moya, \u00abSime\u00bb; Maximiano Olivares Romero; Jos\u00e9 Torrej\u00f3n, \u00abPepe el del Estanco\u00bb; Emilio Gonz\u00e1lez Torrej\u00f3n, \u00abEmilio el Herrero\u00bb; y Fernando P\u00e9rez Cifuentes, \u00abEl Contable\u00bb.<\/span><\/span><\/p>\n<p style=\"text-align: right;\" mce_style=\"text-align: right;\"><span style=\"font-size: medium;\" mce_style=\"font-size: medium;\"><span style=\"font-size: small;\" mce_style=\"font-size: small;\"><span style=\"font-family: helvetica;\" mce_style=\"font-family: helvetica;\"><i><b>Sabino de Diego.<\/b><\/i><\/span><\/span><\/span><\/p>\n<p style=\"text-align: justify;\" mce_style=\"text-align: justify;\"><span style=\"font-size: medium;\" mce_style=\"font-size: medium;\"><span style=\"font-family: verdana, geneva;\" mce_style=\"font-family: verdana, geneva;\"><\/span><\/span>\u00a0<\/p>\n<p style=\"text-align: center;\" mce_style=\"text-align: center;\"><\/p>\n<p style=\"text-align: center;\" mce_style=\"text-align: center;\"><\/p>\n<p style=\"text-align: center;\" mce_style=\"text-align: center;\"><\/p>\n<p style=\"text-align: center;\" mce_style=\"text-align: center;\"><\/p>\n<p style=\"text-align: center;\" mce_style=\"text-align: center;\"><\/p>\n<p style=\"text-align: center;\" mce_style=\"text-align: center;\"><\/p>\n<p style=\"text-align: center;\" mce_style=\"text-align: center;\"><\/p>\n<p style=\"text-align: center;\" mce_style=\"text-align: center;\"><\/p>\n<p style=\"text-align: center;\" mce_style=\"text-align: center;\"><\/p>\n<p style=\"text-align: center;\" mce_style=\"text-align: center;\"><\/p>\n","protected":false},"excerpt":{"rendered":"<p>La fotograf\u00eda recoge a un grupo de amigos en amena charla, seguramente en la que habr\u00eda sido \u00abla era del [&hellip;]<\/p>\n","protected":false},"author":1,"featured_media":2406,"comment_status":"closed","ping_status":"open","sticky":false,"template":"","format":"standard","meta":{"footnotes":""},"categories":[10],"tags":[],"class_list":["post-2407","post","type-post","status-publish","format-standard","has-post-thumbnail","hentry","category-foto-del-recuerdo-foto-del-recuerdo"],"_links":{"self":[{"href":"http:\/\/www.cervantinaesquivias.org\/wordpress\/wp-json\/wp\/v2\/posts\/2407","targetHints":{"allow":["GET"]}}],"collection":[{"href":"http:\/\/www.cervantinaesquivias.org\/wordpress\/wp-json\/wp\/v2\/posts"}],"about":[{"href":"http:\/\/www.cervantinaesquivias.org\/wordpress\/wp-json\/wp\/v2\/types\/post"}],"author":[{"embeddable":true,"href":"http:\/\/www.cervantinaesquivias.org\/wordpress\/wp-json\/wp\/v2\/users\/1"}],"replies":[{"embeddable":true,"href":"http:\/\/www.cervantinaesquivias.org\/wordpress\/wp-json\/wp\/v2\/comments?post=2407"}],"version-history":[{"count":1,"href":"http:\/\/www.cervantinaesquivias.org\/wordpress\/wp-json\/wp\/v2\/posts\/2407\/revisions"}],"predecessor-version":[{"id":2656,"href":"http:\/\/www.cervantinaesquivias.org\/wordpress\/wp-json\/wp\/v2\/posts\/2407\/revisions\/2656"}],"wp:featuredmedia":[{"embeddable":true,"href":"http:\/\/www.cervantinaesquivias.org\/wordpress\/wp-json\/wp\/v2\/media\/2406"}],"wp:attachment":[{"href":"http:\/\/www.cervantinaesquivias.org\/wordpress\/wp-json\/wp\/v2\/media?parent=2407"}],"wp:term":[{"taxonomy":"category","embeddable":true,"href":"http:\/\/www.cervantinaesquivias.org\/wordpress\/wp-json\/wp\/v2\/categories?post=2407"},{"taxonomy":"post_tag","embeddable":true,"href":"http:\/\/www.cervantinaesquivias.org\/wordpress\/wp-json\/wp\/v2\/tags?post=2407"}],"curies":[{"name":"wp","href":"https:\/\/api.w.org\/{rel}","templated":true}]}}