{"id":2405,"date":"2016-11-18T17:24:00","date_gmt":"2016-11-18T17:24:00","guid":{"rendered":"http:\/\/www.cervantinaesquivias.org\/wordpress\/2016\/11\/18\/el-ayer-y-el-hoy\/"},"modified":"2016-11-18T17:24:00","modified_gmt":"2016-11-18T17:24:00","slug":"el-ayer-y-el-hoy","status":"publish","type":"post","link":"http:\/\/www.cervantinaesquivias.org\/wordpress\/2016\/11\/18\/el-ayer-y-el-hoy\/","title":{"rendered":"EL AYER Y EL HOY."},"content":{"rendered":"<p><\/p>\n<p style=\"text-align: center;\" mce_style=\"text-align: center;\"><\/p>\n<p style=\"text-align: center;\" mce_style=\"text-align: center;\"><img loading=\"lazy\" decoding=\"async\" class=\" size-full wp-image-2404 size-full wp-image-2404\" src=\"http:\/\/www.cervantinaesquivias.org\/wordpress\/wp-content\/uploads\/2016\/11\/foto-ayer-y-hoy-709.jpg\" mce_src=\"http:\/\/www.cervantinaesquivias.org\/wordpress\/wp-content\/uploads\/2016\/11\/foto-ayer-y-hoy-709.jpg\" alt=\"alt\" width=\"709\" height=\"499\" srcset=\"http:\/\/www.cervantinaesquivias.org\/wordpress\/wp-content\/uploads\/2016\/11\/foto-ayer-y-hoy-709.jpg 709w, http:\/\/www.cervantinaesquivias.org\/wordpress\/wp-content\/uploads\/2016\/11\/foto-ayer-y-hoy-709-300x211.jpg 300w\" sizes=\"auto, (max-width: 709px) 100vw, 709px\" \/><\/p>\n<p style=\"text-align: center;\" mce_style=\"text-align: center;\"><\/p>\n<p style=\"text-align: justify;\" mce_style=\"text-align: justify;\"><span style=\"font-size: medium;\" mce_style=\"font-size: medium;\"><span style=\"font-family: verdana, geneva;\" mce_style=\"font-family: verdana, geneva;\">En esta fotograf\u00eda, el AYER lo representan las personas mayores que se hallan en ella, y el HOY lo encarna Vicente Torrej\u00f3n Olivar, hijo de Sime\u00f3n Torrej\u00f3n Moya.<\/span><\/span><\/p>\n<p style=\"text-align: justify;\" mce_style=\"text-align: justify;\"><span style=\"font-size: medium;\" mce_style=\"font-size: medium;\"><span style=\"font-family: verdana, geneva;\" mce_style=\"font-family: verdana, geneva;\">Se trata de un grupo de vecinos de Esquivias, que ten\u00edan en com\u00fan que viv\u00edan todos ellos pr\u00f3ximos a la Plaza Principal, y que se reun\u00edan peri\u00f3dicamente para comentar alg\u00fan que otro \u00abchascarrillo\u00bb, siempre protagonizado por Don Calixto S\u00e1nchez, a la saz\u00f3n Veterinario de Esquivias en \u00e9pocas pasadas.<\/span><\/span><\/p>\n<p style=\"text-align: justify;\" mce_style=\"text-align: justify;\"><span style=\"font-size: medium;\" mce_style=\"font-size: medium;\"><span style=\"font-family: verdana, geneva;\" mce_style=\"font-family: verdana, geneva;\">Se podr\u00edan escribir libros sobre las an\u00e9cdotas que le sucedieron a \u00abDon C\u00e1liz\u00bb a lo largo de su vida, todas ellas con un matiz humor\u00edstico, como lo era cualquier conversaci\u00f3n donde \u00e9l se hallara, o del que se hablara, a\u00fan no estando presente.<\/span><\/span><\/p>\n<p style=\"text-align: justify;\" mce_style=\"text-align: justify;\"><span style=\"font-size: medium;\" mce_style=\"font-size: medium;\"><span style=\"font-family: verdana, geneva;\" mce_style=\"font-family: verdana, geneva;\">Vemos, de izquierda a derecha, a: Francisco Herv\u00e1s de Diego; Esteban S\u00e1nchez; Calixto S\u00e1nchez; Vicente Torrej\u00f3n Olivar; Sime\u00f3n Torrej\u00f3n Moya; y Wenceslao Torrej\u00f3n Moya.<\/span><\/span><\/p>\n<p style=\"text-align: justify;\" mce_style=\"text-align: justify;\"><\/p>\n<p style=\"text-align: right;\" mce_style=\"text-align: right;\"><span style=\"font-size: medium;\" mce_style=\"font-size: medium;\"><span style=\"font-size: small;\" mce_style=\"font-size: small;\"><span style=\"font-family: helvetica;\" mce_style=\"font-family: helvetica;\"><b><i>Sabino de Diego.<\/i><\/b><\/span><\/span><\/span><\/p>\n<p style=\"text-align: justify;\" mce_style=\"text-align: justify;\"><\/p>\n<p style=\"text-align: center;\" mce_style=\"text-align: center;\"><\/p>\n<p style=\"text-align: center;\" mce_style=\"text-align: center;\"><\/p>\n<p style=\"text-align: center;\" mce_style=\"text-align: center;\"><\/p>\n<p style=\"text-align: center;\" mce_style=\"text-align: center;\"><\/p>\n<p style=\"text-align: center;\" mce_style=\"text-align: center;\"><\/p>\n<p style=\"text-align: center;\" mce_style=\"text-align: center;\"><\/p>\n","protected":false},"excerpt":{"rendered":"<p>En esta fotograf\u00eda, el AYER lo representan las personas mayores que se hallan en ella, y el HOY lo encarna [&hellip;]<\/p>\n","protected":false},"author":1,"featured_media":2404,"comment_status":"open","ping_status":"open","sticky":false,"template":"","format":"standard","meta":{"footnotes":""},"categories":[10],"tags":[],"class_list":["post-2405","post","type-post","status-publish","format-standard","has-post-thumbnail","hentry","category-foto-del-recuerdo-foto-del-recuerdo"],"_links":{"self":[{"href":"http:\/\/www.cervantinaesquivias.org\/wordpress\/wp-json\/wp\/v2\/posts\/2405","targetHints":{"allow":["GET"]}}],"collection":[{"href":"http:\/\/www.cervantinaesquivias.org\/wordpress\/wp-json\/wp\/v2\/posts"}],"about":[{"href":"http:\/\/www.cervantinaesquivias.org\/wordpress\/wp-json\/wp\/v2\/types\/post"}],"author":[{"embeddable":true,"href":"http:\/\/www.cervantinaesquivias.org\/wordpress\/wp-json\/wp\/v2\/users\/1"}],"replies":[{"embeddable":true,"href":"http:\/\/www.cervantinaesquivias.org\/wordpress\/wp-json\/wp\/v2\/comments?post=2405"}],"version-history":[{"count":0,"href":"http:\/\/www.cervantinaesquivias.org\/wordpress\/wp-json\/wp\/v2\/posts\/2405\/revisions"}],"wp:featuredmedia":[{"embeddable":true,"href":"http:\/\/www.cervantinaesquivias.org\/wordpress\/wp-json\/wp\/v2\/media\/2404"}],"wp:attachment":[{"href":"http:\/\/www.cervantinaesquivias.org\/wordpress\/wp-json\/wp\/v2\/media?parent=2405"}],"wp:term":[{"taxonomy":"category","embeddable":true,"href":"http:\/\/www.cervantinaesquivias.org\/wordpress\/wp-json\/wp\/v2\/categories?post=2405"},{"taxonomy":"post_tag","embeddable":true,"href":"http:\/\/www.cervantinaesquivias.org\/wordpress\/wp-json\/wp\/v2\/tags?post=2405"}],"curies":[{"name":"wp","href":"https:\/\/api.w.org\/{rel}","templated":true}]}}