{"id":2403,"date":"2016-11-18T17:13:28","date_gmt":"2016-11-18T17:13:28","guid":{"rendered":"http:\/\/www.cervantinaesquivias.org\/wordpress\/2016\/11\/18\/algun-triunfo-atletico-que-celebrar\/"},"modified":"2016-11-18T17:13:28","modified_gmt":"2016-11-18T17:13:28","slug":"algun-triunfo-atletico-que-celebrar","status":"publish","type":"post","link":"http:\/\/www.cervantinaesquivias.org\/wordpress\/2016\/11\/18\/algun-triunfo-atletico-que-celebrar\/","title":{"rendered":"ALG\u00daN TRIUNFO ATL\u00c9TICO QUE CELEBRAR.."},"content":{"rendered":"<p><\/p>\n<p style=\"text-align: center;\" mce_style=\"text-align: center;\"><img loading=\"lazy\" decoding=\"async\" class=\" size-full wp-image-2402 size-full wp-image-2402\" src=\"http:\/\/www.cervantinaesquivias.org\/wordpress\/wp-content\/uploads\/2016\/11\/foto-algun-triunfo-que-celebrar-709.jpg\" mce_src=\"http:\/\/www.cervantinaesquivias.org\/wordpress\/wp-content\/uploads\/2016\/11\/foto-algun-triunfo-que-celebrar-709.jpg\" alt=\"alt\" width=\"709\" height=\"491\" srcset=\"http:\/\/www.cervantinaesquivias.org\/wordpress\/wp-content\/uploads\/2016\/11\/foto-algun-triunfo-que-celebrar-709.jpg 709w, http:\/\/www.cervantinaesquivias.org\/wordpress\/wp-content\/uploads\/2016\/11\/foto-algun-triunfo-que-celebrar-709-300x208.jpg 300w\" sizes=\"auto, (max-width: 709px) 100vw, 709px\" \/><\/p>\n<p style=\"text-align: center;\" mce_style=\"text-align: center;\"><\/p>\n<p style=\"text-align: justify;\" mce_style=\"text-align: justify;\"><span style=\"font-size: medium;\" mce_style=\"font-size: medium;\"><span style=\"font-family: verdana, geneva;\" mce_style=\"font-family: verdana, geneva;\">La fotograf\u00eda, tomada en el a\u00f1o 1978, recoge a un grupo de amigos, y aficionados atl\u00e9ticos, que se hallan disfrutando de una buena comida, seguramente para conmemorar alg\u00fan t\u00edtulo conseguido por el Club de sus amores.<\/span><\/span><\/p>\n<p style=\"text-align: justify;\" mce_style=\"text-align: justify;\"><span style=\"font-size: medium;\" mce_style=\"font-size: medium;\"><span style=\"font-family: verdana, geneva;\" mce_style=\"font-family: verdana, geneva;\">La instant\u00e1nea est\u00e1 tomada en el porche de la bodega de Carlos Hermida S\u00e1nchez, que no aparece en la foto, y se aprecia que el grupo era m\u00e1s \u00abamigo\u00bb de las suculentas viandas, que del buen vino de Esquivias, a juzgar por las botellas de gaseosa La Casera, con que rebajaban el grado que daban estos vinos.<\/span><\/span><\/p>\n<p style=\"text-align: justify;\" mce_style=\"text-align: justify;\"><span style=\"font-size: medium;\" mce_style=\"font-size: medium;\"><span style=\"font-family: verdana, geneva;\" mce_style=\"font-family: verdana, geneva;\">Nos llama la atenci\u00f3n la manteler\u00eda de la mesa: capachos de la prensa del molino de aceite, que tambi\u00e9n produc\u00edan, y producen, en este Molino\/Almazara de Esquivias.<\/span><\/span><\/p>\n<p style=\"text-align: justify;\" mce_style=\"text-align: justify;\"><span style=\"font-size: medium;\" mce_style=\"font-size: medium;\"><span style=\"font-family: verdana, geneva;\" mce_style=\"font-family: verdana, geneva;\">Vemos de izquierda a derecha a: Julio Torrej\u00f3n S\u00e1nchez, \u00abJuli\u00bb (s\u00f3lo de perfil); Sime\u00f3n Torrej\u00f3n Moya, \u00abSime\u00bb; C\u00e1stulo L\u00f3pez Torrej\u00f3n; Luis S\u00e1nchez S\u00e1nchez, \u00abfilaurri\u00bb; Bernab\u00e9 Portero, \u00abel Seda\u00bb; Pedro Hermida Ugena, hijo de \u00abCarlos Perico\u00bb; Antonio S\u00e1nchez S\u00e1nchez, \u00abel Torero\u00bb; y Juan Torrej\u00f3n S\u00e1nchez, \u00abJuan el del Estanco\u00bb.<\/span><\/span><\/p>\n<p style=\"text-align: justify;\" mce_style=\"text-align: justify;\"><span style=\"font-size: medium;\" mce_style=\"font-size: medium;\"><span style=\"font-family: verdana, geneva;\" mce_style=\"font-family: verdana, geneva;\">Fuera de la foto se hallaban: Carlos Hermida S\u00e1nchez, \u00abel de Perico\u00bb; Germ\u00e1n Gonz\u00e1lez Gonz\u00e1lez, \u00abel Solador\u00bb; Luis S\u00e1nchez Ur\u00edas, \u00abEl Carbonero\u00bb; y Bernardo Torrej\u00f3n, \u00abel Chato\u00bb.<\/span><\/span><\/p>\n<p style=\"text-align: right;\" mce_style=\"text-align: right;\"><span style=\"font-size: medium;\" mce_style=\"font-size: medium;\"><span style=\"font-size: small;\" mce_style=\"font-size: small;\"><span style=\"font-family: helvetica;\" mce_style=\"font-family: helvetica;\"><i><b>Sabino de Diego.<\/b><\/i><\/span><\/span><\/span><\/p>\n<p style=\"text-align: justify;\" mce_style=\"text-align: justify;\"><span style=\"font-size: medium;\" mce_style=\"font-size: medium;\"><span style=\"font-family: verdana, geneva;\" mce_style=\"font-family: verdana, geneva;\"><br \/><\/span><\/span><\/p>\n<p style=\"text-align: justify;\" mce_style=\"text-align: justify;\"><\/p>\n<p style=\"text-align: center;\" mce_style=\"text-align: center;\"><\/p>\n<p style=\"text-align: center;\" mce_style=\"text-align: center;\"><\/p>\n<p style=\"text-align: center;\" mce_style=\"text-align: center;\"><\/p>\n<p style=\"text-align: center;\" mce_style=\"text-align: center;\"><\/p>\n<p style=\"text-align: center;\" mce_style=\"text-align: center;\"><\/p>\n<p style=\"text-align: center;\" mce_style=\"text-align: center;\"><\/p>\n<p style=\"text-align: center;\" mce_style=\"text-align: center;\"><\/p>\n","protected":false},"excerpt":{"rendered":"<p>La fotograf\u00eda, tomada en el a\u00f1o 1978, recoge a un grupo de amigos, y aficionados atl\u00e9ticos, que se hallan disfrutando [&hellip;]<\/p>\n","protected":false},"author":1,"featured_media":2402,"comment_status":"open","ping_status":"open","sticky":false,"template":"","format":"standard","meta":{"footnotes":""},"categories":[10],"tags":[],"class_list":["post-2403","post","type-post","status-publish","format-standard","has-post-thumbnail","hentry","category-foto-del-recuerdo-foto-del-recuerdo"],"_links":{"self":[{"href":"http:\/\/www.cervantinaesquivias.org\/wordpress\/wp-json\/wp\/v2\/posts\/2403","targetHints":{"allow":["GET"]}}],"collection":[{"href":"http:\/\/www.cervantinaesquivias.org\/wordpress\/wp-json\/wp\/v2\/posts"}],"about":[{"href":"http:\/\/www.cervantinaesquivias.org\/wordpress\/wp-json\/wp\/v2\/types\/post"}],"author":[{"embeddable":true,"href":"http:\/\/www.cervantinaesquivias.org\/wordpress\/wp-json\/wp\/v2\/users\/1"}],"replies":[{"embeddable":true,"href":"http:\/\/www.cervantinaesquivias.org\/wordpress\/wp-json\/wp\/v2\/comments?post=2403"}],"version-history":[{"count":0,"href":"http:\/\/www.cervantinaesquivias.org\/wordpress\/wp-json\/wp\/v2\/posts\/2403\/revisions"}],"wp:featuredmedia":[{"embeddable":true,"href":"http:\/\/www.cervantinaesquivias.org\/wordpress\/wp-json\/wp\/v2\/media\/2402"}],"wp:attachment":[{"href":"http:\/\/www.cervantinaesquivias.org\/wordpress\/wp-json\/wp\/v2\/media?parent=2403"}],"wp:term":[{"taxonomy":"category","embeddable":true,"href":"http:\/\/www.cervantinaesquivias.org\/wordpress\/wp-json\/wp\/v2\/categories?post=2403"},{"taxonomy":"post_tag","embeddable":true,"href":"http:\/\/www.cervantinaesquivias.org\/wordpress\/wp-json\/wp\/v2\/tags?post=2403"}],"curies":[{"name":"wp","href":"https:\/\/api.w.org\/{rel}","templated":true}]}}