{"id":2401,"date":"2016-11-16T12:07:39","date_gmt":"2016-11-16T12:07:39","guid":{"rendered":"http:\/\/www.cervantinaesquivias.org\/wordpress\/2016\/11\/16\/ilustres-personajes-de-esquivias-don-simeon-torrejon-moya\/"},"modified":"2023-05-05T16:58:04","modified_gmt":"2023-05-05T16:58:04","slug":"ilustres-personajes-de-esquivias-don-simeon-torrejon-moya","status":"publish","type":"post","link":"http:\/\/www.cervantinaesquivias.org\/wordpress\/2016\/11\/16\/ilustres-personajes-de-esquivias-don-simeon-torrejon-moya\/","title":{"rendered":"ILUSTRES PERSONAJES DE ESQUIVIAS: DON SIME\u00d3N TORREJ\u00d3N MOYA, LA CULTURA PERSONIFICADA EN \u00c9STE ESQUIVIANO."},"content":{"rendered":"<p style=\"text-align: center;\" mce_style=\"text-align: center;\"><span style=\"font-size: medium;\" mce_style=\"font-size: medium;\">ILUSTRE PERSONAJE DE ESQUIVIAS: DON SIME\u00d3N TORREJ\u00d3N MOYA.<\/span><\/p>\n<p style=\"text-align: justify;\" mce_style=\"text-align: justify;\"><span style=\"font-size: medium;\" mce_style=\"font-size: medium;\"><span style=\"font-family: verdana, geneva;\" mce_style=\"font-family: verdana, geneva;\">La Sociedad Cervantina de Esquivias, ha organizado un Acto In Memoriam dedicado a Don Sime\u00f3n Torrej\u00f3n Moya, en la fecha conmemorativa del CDLI Aniversario del nacimiento de Catalina de Salazar y Palacios, que se desposara con Miguel de Cervantes Saavedra un 12 de Diciembre de 1584.<\/span><\/span><\/p>\n<p style=\"text-align: justify;\" mce_style=\"text-align: justify;\"><span style=\"font-size: medium;\" mce_style=\"font-size: medium;\"><span style=\"font-family: verdana, geneva;\" mce_style=\"font-family: verdana, geneva;\"><br \/>\n<\/span><\/span><\/p>\n<p style=\"text-align: center;\" mce_style=\"text-align: center;\"><span style=\"font-size: medium;\" mce_style=\"font-size: medium;\"><span style=\"font-family: verdana, geneva;\" mce_style=\"font-family: verdana, geneva;\"><img loading=\"lazy\" decoding=\"async\" class=\" size-full wp-image-2377 size-full wp-image-2377\" src=\"http:\/\/www.cervantinaesquivias.org\/wordpress\/wp-content\/uploads\/2016\/11\/simeon-600.jpg\" mce_src=\"http:\/\/www.cervantinaesquivias.org\/wordpress\/wp-content\/uploads\/2016\/11\/simeon-600.jpg\" alt=\"alt\" width=\"630\" height=\"960\" srcset=\"http:\/\/www.cervantinaesquivias.org\/wordpress\/wp-content\/uploads\/2016\/11\/simeon-600.jpg 630w, http:\/\/www.cervantinaesquivias.org\/wordpress\/wp-content\/uploads\/2016\/11\/simeon-600-197x300.jpg 197w\" sizes=\"auto, (max-width: 630px) 100vw, 630px\" \/><br \/>\n<\/span><\/span><\/p>\n<p style=\"text-align: justify;\" mce_style=\"text-align: justify;\">\n<p style=\"text-align: justify;\" mce_style=\"text-align: justify;\"><span style=\"font-size: medium;\" mce_style=\"font-size: medium;\"><span style=\"font-family: verdana, geneva;\" mce_style=\"font-family: verdana, geneva;\">Previo a este Acto, la Sociedad Cervantina de Esquivias, a trav\u00e9s de la publicaci\u00f3n de Galatea, \u00f3rgano de difusi\u00f3n de la Asociaci\u00f3n, <\/span><\/span><\/p>\n<p style=\"text-align: justify;\" mce_style=\"text-align: justify;\">\n<!--more-->\n<\/p>\n<p style=\"text-align: justify;\" mce_style=\"text-align: justify;\"><span style=\"font-size: medium;\" mce_style=\"font-size: medium;\"><span style=\"font-family: verdana, geneva;\" mce_style=\"font-family: verdana, geneva;\">y de correos electr\u00f3nicos, invit\u00f3 a toda persona que quisiera adherirse a este merecido homenaje, con su participaci\u00f3n activa o asistiendo al mismo.&nbsp;<\/span><\/span><\/p>\n<p style=\"text-align: justify;\" mce_style=\"text-align: justify;\">\n<p style=\"text-align: center;\" mce_style=\"text-align: center;\"><span style=\"font-size: medium;\" mce_style=\"font-size: medium;\"><span style=\"font-family: verdana, geneva;\" mce_style=\"font-family: verdana, geneva;\"><img loading=\"lazy\" decoding=\"async\" class=\" size-full wp-image-2378 size-full wp-image-2378\" src=\"http:\/\/www.cervantinaesquivias.org\/wordpress\/wp-content\/uploads\/2016\/11\/simeon-cartel-2016-709.jpg\" mce_src=\"http:\/\/www.cervantinaesquivias.org\/wordpress\/wp-content\/uploads\/2016\/11\/simeon-cartel-2016-709.jpg\" alt=\"alt\" width=\"709\" height=\"1013\" srcset=\"http:\/\/www.cervantinaesquivias.org\/wordpress\/wp-content\/uploads\/2016\/11\/simeon-cartel-2016-709.jpg 709w, http:\/\/www.cervantinaesquivias.org\/wordpress\/wp-content\/uploads\/2016\/11\/simeon-cartel-2016-709-210x300.jpg 210w\" sizes=\"auto, (max-width: 709px) 100vw, 709px\" \/><br \/>\n<\/span><\/span><\/p>\n<p style=\"text-align: center;\" mce_style=\"text-align: center;\">(Cartel anunciador del Acto In Memoriam en honor de don Sime\u00f3n Torrej\u00f3n Moya).<\/p>\n<p style=\"text-align: center;\" mce_style=\"text-align: center;\">\n<p style=\"text-align: justify;\" mce_style=\"text-align: justify;\"><span style=\"font-size: medium;\" mce_style=\"font-size: medium;\"><span style=\"font-family: verdana, geneva;\" mce_style=\"font-family: verdana, geneva;\">Don Sime\u00f3n Torrej\u00f3n Moya, naci\u00f3 en Esquivias un dos de Julio de 1921, siendo el tercero de tres hermanos (precedido por Wenceslao y Margarita).<\/span><\/span><\/p>\n<p style=\"text-align: justify;\" mce_style=\"text-align: justify;\"><span style=\"font-size: medium;\" mce_style=\"font-size: medium;\"><span style=\"font-family: verdana, geneva;\" mce_style=\"font-family: verdana, geneva;\">\u00abSime\u00bb, inici\u00f3 sus estudios en Madrid, a los que se vio forzado a abandonar por la cruenta Guerra Civil. Despu\u00e9s, trabaj\u00f3 como repartidor en un almac\u00e9n de piensos. Pero cuando pudo, regres\u00f3 a Esquivias, abriendo, junto con su hermano, una tienda de ultramarinos, como continuaci\u00f3n del negocio que tuvo su padre.<\/span><\/span><\/p>\n<p style=\"text-align: justify;\" mce_style=\"text-align: justify;\"><span style=\"font-size: medium;\" mce_style=\"font-size: medium;\"><span style=\"font-family: verdana, geneva;\" mce_style=\"font-family: verdana, geneva;\"><br \/>\n<\/span><\/span><\/p>\n<p style=\"text-align: center;\" mce_style=\"text-align: center;\"><span style=\"font-size: medium;\" mce_style=\"font-size: medium;\"><span style=\"font-family: verdana, geneva;\" mce_style=\"font-family: verdana, geneva;\"><img loading=\"lazy\" decoding=\"async\" class=\" size-full wp-image-2379 size-full wp-image-2379\" src=\"http:\/\/www.cervantinaesquivias.org\/wordpress\/wp-content\/uploads\/2016\/11\/simeon-partida-de-brisca-con-arbitro-709.jpg\" mce_src=\"http:\/\/www.cervantinaesquivias.org\/wordpress\/wp-content\/uploads\/2016\/11\/simeon-partida-de-brisca-con-arbitro-709.jpg\" alt=\"alt\" width=\"709\" height=\"452\" srcset=\"http:\/\/www.cervantinaesquivias.org\/wordpress\/wp-content\/uploads\/2016\/11\/simeon-partida-de-brisca-con-arbitro-709.jpg 709w, http:\/\/www.cervantinaesquivias.org\/wordpress\/wp-content\/uploads\/2016\/11\/simeon-partida-de-brisca-con-arbitro-709-300x191.jpg 300w\" sizes=\"auto, (max-width: 709px) 100vw, 709px\" \/><br \/>\n<\/span><\/span><\/p>\n<p style=\"text-align: center;\" mce_style=\"text-align: center;\">(Una partida de \u00abbrisca\u00bb en el Bar El Casino, donde encontramos, de izquierda a derecha: Alejandro Ga<span style=\"color: rgb(0, 0, 0);\" mce_style=\"color: #000000;\">rc\u00eda Hernando, \u00abCalesa\u00bb;&nbsp; Julio, \u00abel Ni\u00f1o del Yeso\u00bb; Don Antonio S\u00e1nchez Ruiz de la Canal, Maestro Nacional de Ni\u00f1os; Sime\u00f3n Torrej\u00f3n Moya, \u00abSime\u00bb; Laureano Alonso Valencia, \u00abBocina\u00bb; Emilio Gonz\u00e1lez Torrej\u00f3n, \u00abEl Herrero\u00bb; y otro vecino de Esquivias, a\u00fan no identificado).<\/span><\/p>\n<p style=\"text-align: justify;\" mce_style=\"text-align: justify;\">\n<p style=\"text-align: center;\" mce_style=\"text-align: center;\"><img loading=\"lazy\" decoding=\"async\" class=\" size-full wp-image-2380 size-full wp-image-2380\" src=\"http:\/\/www.cervantinaesquivias.org\/wordpress\/wp-content\/uploads\/2016\/11\/simeon-reposando-en-un-dia-de-fiesta-709.jpg\" mce_src=\"http:\/\/www.cervantinaesquivias.org\/wordpress\/wp-content\/uploads\/2016\/11\/simeon-reposando-en-un-dia-de-fiesta-709.jpg\" alt=\"alt\" width=\"709\" height=\"500\" srcset=\"http:\/\/www.cervantinaesquivias.org\/wordpress\/wp-content\/uploads\/2016\/11\/simeon-reposando-en-un-dia-de-fiesta-709.jpg 709w, http:\/\/www.cervantinaesquivias.org\/wordpress\/wp-content\/uploads\/2016\/11\/simeon-reposando-en-un-dia-de-fiesta-709-300x212.jpg 300w\" sizes=\"auto, (max-width: 709px) 100vw, 709px\" \/><\/p>\n<p style=\"text-align: center;\" mce_style=\"text-align: center;\">(En este improvisado descanso, en un d\u00eda de fiesta, se hallan, de izquierda a derecha: Saturnino Moya Mart\u00edn, \u00abMariano\u00bb; Sime\u00f3n Torrej\u00f3n Moya, \u00abSime\u00bb; Maximiano Olivares Romero; Jos\u00e9 Torrej\u00f3n, \u00abPepe el del Estanco\u00bb; Emilio Gonz\u00e1lez Torrej\u00f3n, \u00abEmilio el Herrero\u00bb; y Fernando P\u00e9rez Cifuentes, \u00abEl Contable\u00bb.<\/p>\n<p style=\"text-align: justify;\" mce_style=\"text-align: justify;\">\n<p style=\"text-align: justify;\" mce_style=\"text-align: justify;\"><span style=\"font-size: medium;\" mce_style=\"font-size: medium;\"><span style=\"font-family: verdana, geneva;\" mce_style=\"font-family: verdana, geneva;\">En el a\u00f1o 1949 conoce a Antonia Olivar D\u00edaz; se casan, y pronto aumentar\u00edan la familia con dos hijos: Paco y Vicente, a los que educaron y vieron crecer, disfrutando con la amplitud de nuevas generaciones.<\/span><\/span><\/p>\n<p style=\"text-align: justify;\" mce_style=\"text-align: justify;\">\n<p style=\"text-align: center;\" mce_style=\"text-align: center;\"><img loading=\"lazy\" decoding=\"async\" class=\" size-full wp-image-2381 size-full wp-image-2381\" src=\"http:\/\/www.cervantinaesquivias.org\/wordpress\/wp-content\/uploads\/2016\/11\/simeon-aquellos-jvenes-aos-561.jpg\" mce_src=\"http:\/\/www.cervantinaesquivias.org\/wordpress\/wp-content\/uploads\/2016\/11\/simeon-aquellos-jvenes-aos-561.jpg\" alt=\"alt\" width=\"561\" height=\"842\" srcset=\"http:\/\/www.cervantinaesquivias.org\/wordpress\/wp-content\/uploads\/2016\/11\/simeon-aquellos-jvenes-aos-561.jpg 561w, http:\/\/www.cervantinaesquivias.org\/wordpress\/wp-content\/uploads\/2016\/11\/simeon-aquellos-jvenes-aos-561-200x300.jpg 200w\" sizes=\"auto, (max-width: 561px) 100vw, 561px\" \/><\/p>\n<p style=\"text-align: center;\" mce_style=\"text-align: center;\">(El matrimonio Torrej\u00f3n Olivar).<\/p>\n<p style=\"text-align: justify;\" mce_style=\"text-align: justify;\">\n<p style=\"text-align: justify;\" mce_style=\"text-align: justify;\"><span style=\"font-size: medium;\" mce_style=\"font-size: medium;\"><span style=\"font-family: verdana, geneva;\" mce_style=\"font-family: verdana, geneva;\"><br \/>\n<\/span><\/span><\/p>\n<p style=\"text-align: center;\" mce_style=\"text-align: center;\"><span style=\"font-size: medium;\" mce_style=\"font-size: medium;\"><span style=\"font-family: verdana, geneva;\" mce_style=\"font-family: verdana, geneva;\"><img loading=\"lazy\" decoding=\"async\" class=\" size-full wp-image-2382 size-full wp-image-2382\" src=\"http:\/\/www.cervantinaesquivias.org\/wordpress\/wp-content\/uploads\/2016\/11\/boda-de-paco-01-472.jpg\" mce_src=\"http:\/\/www.cervantinaesquivias.org\/wordpress\/wp-content\/uploads\/2016\/11\/boda-de-paco-01-472.jpg\" alt=\"alt\" width=\"472\" height=\"669\" srcset=\"http:\/\/www.cervantinaesquivias.org\/wordpress\/wp-content\/uploads\/2016\/11\/boda-de-paco-01-472.jpg 472w, http:\/\/www.cervantinaesquivias.org\/wordpress\/wp-content\/uploads\/2016\/11\/boda-de-paco-01-472-212x300.jpg 212w\" sizes=\"auto, (max-width: 472px) 100vw, 472px\" \/><br \/>\n<\/span><\/span><\/p>\n<p style=\"text-align: center;\" mce_style=\"text-align: center;\">(En la boda de Francisco y Conchi. A\u00f1o 1978)<\/p>\n<p style=\"text-align: center;\" mce_style=\"text-align: center;\">\n<p style=\"text-align: justify;\" mce_style=\"text-align: justify;\"><span style=\"font-size: medium;\" mce_style=\"font-size: medium;\"><span style=\"font-family: verdana, geneva;\" mce_style=\"font-family: verdana, geneva;\">Sime\u00f3n fue un enamorado de la lectura, sobre todo de los cl\u00e1sicos, de los que destacaba Mara\u00f1\u00f3n, y, sobre todo, al que ten\u00eda como un amigo, de nombre Miguel de Cervantes, y su Quijote. Otra de sus pasiones era la de escuchar m\u00fasica cl\u00e1sica.<\/span><\/span><\/p>\n<p style=\"text-align: justify;\" mce_style=\"text-align: justify;\"><span style=\"font-size: medium;\" mce_style=\"font-size: medium;\"><span style=\"font-family: verdana, geneva;\" mce_style=\"font-family: verdana, geneva;\"><br \/>\n<\/span><\/span><\/p>\n<p style=\"text-align: center;\" mce_style=\"text-align: center;\"><span style=\"font-size: medium;\" mce_style=\"font-size: medium;\"><span style=\"font-family: verdana, geneva;\" mce_style=\"font-family: verdana, geneva;\"><img loading=\"lazy\" decoding=\"async\" class=\" size-full wp-image-2383 size-full wp-image-2383\" src=\"http:\/\/www.cervantinaesquivias.org\/wordpress\/wp-content\/uploads\/2016\/11\/simeon-boda-de-paco-02-709.jpg\" mce_src=\"http:\/\/www.cervantinaesquivias.org\/wordpress\/wp-content\/uploads\/2016\/11\/simeon-boda-de-paco-02-709.jpg\" alt=\"alt\" width=\"709\" height=\"512\" srcset=\"http:\/\/www.cervantinaesquivias.org\/wordpress\/wp-content\/uploads\/2016\/11\/simeon-boda-de-paco-02-709.jpg 709w, http:\/\/www.cervantinaesquivias.org\/wordpress\/wp-content\/uploads\/2016\/11\/simeon-boda-de-paco-02-709-300x217.jpg 300w\" sizes=\"auto, (max-width: 709px) 100vw, 709px\" \/><br \/>\n<\/span><\/span><\/p>\n<p style=\"text-align: center;\" mce_style=\"text-align: center;\">(Sime\u00f3n acompa\u00f1ado de: Juliana Torrej\u00f3n, esposa de Bernardo; Paco Nicol\u00e1s; y Bernardo Torrej\u00f3n, consuegro de Sime\u00f3n. en la boda de Francisco y Conchi, hija de Bernardo y Juliana).<\/p>\n<p style=\"text-align: center;\" mce_style=\"text-align: center;\">\n<p style=\"text-align: justify;\" mce_style=\"text-align: justify;\"><span style=\"font-size: medium;\" mce_style=\"font-size: medium;\"><span style=\"font-family: verdana, geneva;\" mce_style=\"font-family: verdana, geneva;\">De car\u00e1cter autodidacta, podemos considerar a Sime\u00f3n como una persona poseedora de una gran cultura. Era de esas personas de las que se dice que <i>\u00abha bebido de la fuente de los sabios\u00bb<\/i>.<\/span><\/span><\/p>\n<p style=\"text-align: justify;\" mce_style=\"text-align: justify;\"><span style=\"font-size: medium;\" mce_style=\"font-size: medium;\"><span style=\"font-family: verdana, geneva;\" mce_style=\"font-family: verdana, geneva;\"><br \/>\n<\/span><\/span><\/p>\n<p style=\"text-align: center;\" mce_style=\"text-align: center;\"><span style=\"font-size: medium;\" mce_style=\"font-size: medium;\"><span style=\"font-family: verdana, geneva;\" mce_style=\"font-family: verdana, geneva;\"><img loading=\"lazy\" decoding=\"async\" class=\" size-full wp-image-2384 size-full wp-image-2384\" src=\"http:\/\/www.cervantinaesquivias.org\/wordpress\/wp-content\/uploads\/2016\/11\/simeon-ayer-y-hoy-709.jpg\" mce_src=\"http:\/\/www.cervantinaesquivias.org\/wordpress\/wp-content\/uploads\/2016\/11\/simeon-ayer-y-hoy-709.jpg\" alt=\"alt\" width=\"709\" height=\"499\" srcset=\"http:\/\/www.cervantinaesquivias.org\/wordpress\/wp-content\/uploads\/2016\/11\/simeon-ayer-y-hoy-709.jpg 709w, http:\/\/www.cervantinaesquivias.org\/wordpress\/wp-content\/uploads\/2016\/11\/simeon-ayer-y-hoy-709-300x211.jpg 300w\" sizes=\"auto, (max-width: 709px) 100vw, 709px\" \/><br \/>\n<\/span><\/span><\/p>\n<p style=\"text-align: center;\" mce_style=\"text-align: center;\">(Una tertulia muy amena. De izquierda a derecha: Francisco Herv\u00e1s; Esteban S\u00e1nchez;<\/p>\n<p style=\"text-align: center;\" mce_style=\"text-align: center;\">Calixto S\u00e1nchez; Vicente Torrej\u00f3n Olivar, hijo peque\u00f1o de Sime\u00f3n;<\/p>\n<p style=\"text-align: center;\" mce_style=\"text-align: center;\">Sime\u00f3n Torrej\u00f3n y Wenceslao Torrej\u00f3n, hermano de Sime\u00f3n).<\/p>\n<p style=\"text-align: justify;\" mce_style=\"text-align: justify;\">\n<p style=\"text-align: justify;\" mce_style=\"text-align: justify;\"><span style=\"font-size: medium;\" mce_style=\"font-size: medium;\"><span style=\"font-family: verdana, geneva;\" mce_style=\"font-family: verdana, geneva;\">En el a\u00f1o 1975, un grupo de personas de Esquivias iniciamos la andadura de una incipiente Sociedad Cervantina de Esquivias, independiz\u00e1ndonos de su hom\u00f3nima de Madrid, y nombrando como Presidente Ejecutivo a Sime\u00f3n Torrej\u00f3n Moya. Era una aventura que no sab\u00edamos el futuro que tendr\u00eda, pero lo que nos nos faltaba era entusiasmo. En Sime\u00f3n, encontr\u00e1bamos el sosiego; el reposo del esp\u00edritu.<\/span><\/span><\/p>\n<p style=\"text-align: center;\" mce_style=\"text-align: center;\">\n<p style=\"text-align: justify;\" mce_style=\"text-align: justify;\"><span style=\"font-size: medium;\" mce_style=\"font-size: medium;\"><span style=\"font-family: verdana, geneva;\" mce_style=\"font-family: verdana, geneva;\">Bajo su presidencia, en el a\u00f1o 1979 comenzamos a celebrar las Jornadas Cervantinas de Esquivias, en el mes de Diciembre, en fechas pr\u00f3ximas al 12 de dicho mes, con el colof\u00f3n del banquete de bodas de Miguel de Cervantes Saavedra con Catalina de Salazar y Palacios, de la que en este a\u00f1o de 2016 llevamos celebradas 37 ediciones, de forma ininterrumpida.<\/span><\/span><\/p>\n<p style=\"text-align: justify;\" mce_style=\"text-align: justify;\">\n<p style=\"text-align: center;\" mce_style=\"text-align: center;\"><img loading=\"lazy\" decoding=\"async\" class=\" size-full wp-image-2385 size-full wp-image-2385\" src=\"http:\/\/www.cervantinaesquivias.org\/wordpress\/wp-content\/uploads\/2016\/11\/banquete-boda-de-cervantes-y-catalina.-1982.jpg\" mce_src=\"http:\/\/www.cervantinaesquivias.org\/wordpress\/wp-content\/uploads\/2016\/11\/banquete-boda-de-cervantes-y-catalina.-1982.jpg\" alt=\"alt\" width=\"591\" height=\"353\" srcset=\"http:\/\/www.cervantinaesquivias.org\/wordpress\/wp-content\/uploads\/2016\/11\/banquete-boda-de-cervantes-y-catalina.-1982.jpg 591w, http:\/\/www.cervantinaesquivias.org\/wordpress\/wp-content\/uploads\/2016\/11\/banquete-boda-de-cervantes-y-catalina.-1982-300x179.jpg 300w\" sizes=\"auto, (max-width: 591px) 100vw, 591px\" \/><\/p>\n<p style=\"text-align: center;\" mce_style=\"text-align: center;\">(12 de diciembre de 1982. Celebraci\u00f3n del banquete de bodas de Cervantes y Catalina, en una bodega t\u00edpica de Esquivias, con Sime\u00f3n en el uso de la palabra).<\/p>\n<p style=\"text-align: justify;\" mce_style=\"text-align: justify;\">\n<p style=\"text-align: center;\" mce_style=\"text-align: center;\"><img loading=\"lazy\" decoding=\"async\" class=\" size-full wp-image-2386 size-full wp-image-2386\" src=\"http:\/\/www.cervantinaesquivias.org\/wordpress\/wp-content\/uploads\/2016\/11\/foto-banquete-de-boda-1983-5.jpg\" mce_src=\"http:\/\/www.cervantinaesquivias.org\/wordpress\/wp-content\/uploads\/2016\/11\/foto-banquete-de-boda-1983-5.jpg\" alt=\"alt\" width=\"709\" height=\"510\" srcset=\"http:\/\/www.cervantinaesquivias.org\/wordpress\/wp-content\/uploads\/2016\/11\/foto-banquete-de-boda-1983-5.jpg 709w, http:\/\/www.cervantinaesquivias.org\/wordpress\/wp-content\/uploads\/2016\/11\/foto-banquete-de-boda-1983-5-300x216.jpg 300w\" sizes=\"auto, (max-width: 709px) 100vw, 709px\" \/><\/p>\n<p style=\"text-align: center;\" mce_style=\"text-align: center;\">(12 de Diciembre de 1983, celebrando el banquete de bodas de Cervantes y Catalina, en su V Edici\u00f3n, en una bodega t\u00edpica de Esquivias. En el uso de la palabra don Isidro del R\u00edo, a la saz\u00f3n Presidente de la Excma. Diputaci\u00f3n Provincial de Toledo, en presencia del Delegado del Gobierno, don Pedro Valdecantos; de don Ram\u00f3n Sixto Regidor Bonet, alcalde de Esquivias; y de don Sime\u00f3n Torrej\u00f3n Moya, presidente de la Sociedad Cervantina).<\/p>\n<p style=\"text-align: justify;\" mce_style=\"text-align: justify;\"><span style=\"font-size: medium;\" mce_style=\"font-size: medium;\"><span style=\"font-family: verdana, geneva;\" mce_style=\"font-family: verdana, geneva;\"><br \/>\n<\/span><\/span><\/p>\n<p style=\"text-align: justify;\" mce_style=\"text-align: justify;\"><span style=\"font-size: medium;\" mce_style=\"font-size: medium;\"><span style=\"font-family: verdana, geneva;\" mce_style=\"font-family: verdana, geneva;\">Otros hechos destacados que se acometieron bajo su presidencia, fue la Muestra de Teatro Villa de Esquivias; la instituci\u00f3n de los Encuentros de Corales; la consecuci\u00f3n del Local Social de esta Asociaci\u00f3n, etc.<\/span><\/span><\/p>\n<p style=\"text-align: center;\" mce_style=\"text-align: center;\">\n<p style=\"text-align: center;\" mce_style=\"text-align: center;\"><img loading=\"lazy\" decoding=\"async\" class=\" size-full wp-image-2387 size-full wp-image-2387\" src=\"http:\/\/www.cervantinaesquivias.org\/wordpress\/wp-content\/uploads\/2016\/11\/sociedad-cervantina-03.jpg\" mce_src=\"http:\/\/www.cervantinaesquivias.org\/wordpress\/wp-content\/uploads\/2016\/11\/sociedad-cervantina-03.jpg\" alt=\"alt\" width=\"354\" height=\"266\" srcset=\"http:\/\/www.cervantinaesquivias.org\/wordpress\/wp-content\/uploads\/2016\/11\/sociedad-cervantina-03.jpg 354w, http:\/\/www.cervantinaesquivias.org\/wordpress\/wp-content\/uploads\/2016\/11\/sociedad-cervantina-03-300x225.jpg 300w\" sizes=\"auto, (max-width: 354px) 100vw, 354px\" \/><\/p>\n<p style=\"text-align: center;\" mce_style=\"text-align: center;\">(Local Social de la Sociedad Cervantina de Esquivias).<\/p>\n<p style=\"text-align: center;\" mce_style=\"text-align: center;\">\n<p style=\"text-align: center;\" mce_style=\"text-align: center;\">\n<p style=\"text-align: center;\" mce_style=\"text-align: center;\"><img loading=\"lazy\" decoding=\"async\" class=\" size-full wp-image-2388 size-full wp-image-2388\" src=\"http:\/\/www.cervantinaesquivias.org\/wordpress\/wp-content\/uploads\/2016\/11\/simeon-cuarto-cent-bodas-03-709.jpg\" mce_src=\"http:\/\/www.cervantinaesquivias.org\/wordpress\/wp-content\/uploads\/2016\/11\/simeon-cuarto-cent-bodas-03-709.jpg\" alt=\"alt\" width=\"709\" height=\"623\" srcset=\"http:\/\/www.cervantinaesquivias.org\/wordpress\/wp-content\/uploads\/2016\/11\/simeon-cuarto-cent-bodas-03-709.jpg 709w, http:\/\/www.cervantinaesquivias.org\/wordpress\/wp-content\/uploads\/2016\/11\/simeon-cuarto-cent-bodas-03-709-300x264.jpg 300w\" sizes=\"auto, (max-width: 709px) 100vw, 709px\" \/><\/p>\n<p style=\"text-align: center;\" mce_style=\"text-align: center;\">(12 de Diciembre de 1984. Celebraci\u00f3n de las VI Jornadas Cervantinas de Esquivias, en el IV Centenario de los desposorios de Miguel de Cervantes Saavedra con Catalina de Salazar y Palacios. En el uso de la palabra don Jos\u00e9 Bono Mart\u00ednez, a la saz\u00f3n Presidente de la JCCM, y su esposa do\u00f1a Ana Rodriguez, ante la atenta mirada de Sime\u00f3n y Antonia).<\/p>\n<p style=\"text-align: center;\" mce_style=\"text-align: center;\">\n<p style=\"text-align: center;\" mce_style=\"text-align: center;\"><img loading=\"lazy\" decoding=\"async\" class=\" size-full wp-image-2389 size-full wp-image-2389\" src=\"http:\/\/www.cervantinaesquivias.org\/wordpress\/wp-content\/uploads\/2016\/11\/simeon-cuarto-cent-bodas-05-709.jpg\" mce_src=\"http:\/\/www.cervantinaesquivias.org\/wordpress\/wp-content\/uploads\/2016\/11\/simeon-cuarto-cent-bodas-05-709.jpg\" alt=\"alt\" width=\"709\" height=\"720\" srcset=\"http:\/\/www.cervantinaesquivias.org\/wordpress\/wp-content\/uploads\/2016\/11\/simeon-cuarto-cent-bodas-05-709.jpg 709w, http:\/\/www.cervantinaesquivias.org\/wordpress\/wp-content\/uploads\/2016\/11\/simeon-cuarto-cent-bodas-05-709-295x300.jpg 295w\" sizes=\"auto, (max-width: 709px) 100vw, 709px\" \/><\/p>\n<p style=\"text-align: center;\" mce_style=\"text-align: center;\">(En el IV Centenario de la boda de Cervantes y Catalina, con la entrega de distinciones).<\/p>\n<p style=\"text-align: center;\" mce_style=\"text-align: center;\"><span style=\"font-size: medium;\" mce_style=\"font-size: medium;\"><span style=\"font-family: verdana, geneva;\" mce_style=\"font-family: verdana, geneva;\"><br \/>\n<\/span><\/span><\/p>\n<p style=\"text-align: justify;\" mce_style=\"text-align: justify;\"><span style=\"font-size: medium;\" mce_style=\"font-size: medium;\"><span style=\"font-family: verdana, geneva;\" mce_style=\"font-family: verdana, geneva;\">Por los motivos expuestos, el Excmo. Ayuntamiento de Esquivias, <i>\u00abcon fecha 26 de Abril de 1986, nombr\u00f3 a Don Sime\u00f3n Torrej\u00f3n Moya, Caballero de Honor de la Ilustre Villa de Esquivias, por la colaboraci\u00f3n prestada, para el reconocimiento de esta Villa\u00bb<\/i>, como as\u00ed consta en el documento que desde dicha fecha se halla en poder de su familia.<\/span><\/span><\/p>\n<p style=\"text-align: justify;\" mce_style=\"text-align: justify;\">\n<p style=\"text-align: left;\" mce_style=\"text-align: left;\">\n<p style=\"text-align: center;\" mce_style=\"text-align: center;\"><img loading=\"lazy\" decoding=\"async\" class=\" size-full wp-image-2390 size-full wp-image-2390\" src=\"http:\/\/www.cervantinaesquivias.org\/wordpress\/wp-content\/uploads\/2016\/11\/simeon-tres-generaciones-630.jpg\" mce_src=\"http:\/\/www.cervantinaesquivias.org\/wordpress\/wp-content\/uploads\/2016\/11\/simeon-tres-generaciones-630.jpg\" alt=\"alt\" width=\"630\" height=\"436\" srcset=\"http:\/\/www.cervantinaesquivias.org\/wordpress\/wp-content\/uploads\/2016\/11\/simeon-tres-generaciones-630.jpg 630w, http:\/\/www.cervantinaesquivias.org\/wordpress\/wp-content\/uploads\/2016\/11\/simeon-tres-generaciones-630-300x208.jpg 300w\" sizes=\"auto, (max-width: 630px) 100vw, 630px\" \/><\/p>\n<p style=\"text-align: center;\" mce_style=\"text-align: center;\">(Tres generaciones de la familia Torrej\u00f3n Olivar).<\/p>\n<p style=\"text-align: justify;\" mce_style=\"text-align: justify;\"><span style=\"font-size: medium;\" mce_style=\"font-size: medium;\"><span style=\"font-family: verdana, geneva;\" mce_style=\"font-family: verdana, geneva;\"><br \/>\n<\/span><\/span><\/p>\n<p style=\"text-align: justify;\" mce_style=\"text-align: justify;\"><span style=\"font-size: medium;\" mce_style=\"font-size: medium;\"><span style=\"font-family: verdana, geneva;\" mce_style=\"font-family: verdana, geneva;\">Sime\u00f3n fue Presidente Ejecutivo de la Sociedad Cervantina de Esquivias hasta el a\u00f1o 1990, a\u00f1o en que, por cuestiones pr\u00e1cticas, y consensuado con \u00e9l, Sime\u00f3n pas\u00f3 a ser Presidente Honorario de esta Asociaci\u00f3n Cultural. Con el nuevo rumbo que tomaba la situaci\u00f3n patrimonial de la Casa de Cervantes, y de mutuo acuerdo con Sime\u00f3n, se tom\u00f3 la determinaci\u00f3n de cambiar la presidencia de la Cervantina, para acometer desde otro prisma la nueva andadura sobre la propiedad de la Casa de Cervantes.<\/span><\/span><\/p>\n<p style=\"text-align: justify;\" mce_style=\"text-align: justify;\">\n<p style=\"text-align: justify;\" mce_style=\"text-align: justify;\">\n<p style=\"text-align: justify;\" mce_style=\"text-align: justify;\">\n<p style=\"text-align: center;\" mce_style=\"text-align: center;\"><img loading=\"lazy\" decoding=\"async\" class=\" size-full wp-image-2391 size-full wp-image-2391\" src=\"http:\/\/www.cervantinaesquivias.org\/wordpress\/wp-content\/uploads\/2016\/11\/simeon-parte-de-la-familia-02-709.jpg\" mce_src=\"http:\/\/www.cervantinaesquivias.org\/wordpress\/wp-content\/uploads\/2016\/11\/simeon-parte-de-la-familia-02-709.jpg\" alt=\"alt\" width=\"709\" height=\"655\" srcset=\"http:\/\/www.cervantinaesquivias.org\/wordpress\/wp-content\/uploads\/2016\/11\/simeon-parte-de-la-familia-02-709.jpg 709w, http:\/\/www.cervantinaesquivias.org\/wordpress\/wp-content\/uploads\/2016\/11\/simeon-parte-de-la-familia-02-709-300x277.jpg 300w\" sizes=\"auto, (max-width: 709px) 100vw, 709px\" \/><\/p>\n<p style=\"text-align: center;\" mce_style=\"text-align: center;\">(Una parte de la familia de Sime\u00f3n Torrej\u00f3n y Antonia Olivar, en el d\u00eda en que se iba a casar Vicente, el hijo peque\u00f1o de esta familia. De izquierda a derecha: Vicente Torrej\u00f3n Olivar; David Torrej\u00f3n Torrej\u00f3n; Antonia Olivar D\u00edaz; Conchi Torrej\u00f3n Alonso, esposa de Francisco; Noelia Torrej\u00f3n Torrej\u00f3n; Francisco Torrej\u00f3n Olivar; y Sime\u00f3n Torrej\u00f3n Moya).<\/p>\n<p style=\"text-align: justify;\" mce_style=\"text-align: justify;\"><span style=\"font-size: medium;\" mce_style=\"font-size: medium;\"><span style=\"font-family: verdana, geneva;\" mce_style=\"font-family: verdana, geneva;\"><br \/>\n<\/span><\/span><\/p>\n<p style=\"text-align: justify;\" mce_style=\"text-align: justify;\"><span style=\"font-size: medium;\" mce_style=\"font-size: medium;\"><span style=\"font-family: verdana, geneva;\" mce_style=\"font-family: verdana, geneva;\">La nueva oferta cultural de la Sociedad Cervantina, no vari\u00f3 sustancialmente, ya que Sime\u00f3n segu\u00eda aportando su rica din\u00e1mica cultural, tal como se hab\u00eda consensuado, cuando afrontamos esa nueva andadura.<\/span><\/span><\/p>\n<p style=\"text-align: justify;\" mce_style=\"text-align: justify;\">\n<p style=\"text-align: justify;\" mce_style=\"text-align: justify;\">\n<p style=\"text-align: center;\" mce_style=\"text-align: center;\"><img loading=\"lazy\" decoding=\"async\" class=\" size-full wp-image-2392 size-full wp-image-2392\" src=\"http:\/\/www.cervantinaesquivias.org\/wordpress\/wp-content\/uploads\/2016\/11\/simeon-una-parte-de-la-familia-709.jpg\" mce_src=\"http:\/\/www.cervantinaesquivias.org\/wordpress\/wp-content\/uploads\/2016\/11\/simeon-una-parte-de-la-familia-709.jpg\" alt=\"alt\" width=\"709\" height=\"477\" srcset=\"http:\/\/www.cervantinaesquivias.org\/wordpress\/wp-content\/uploads\/2016\/11\/simeon-una-parte-de-la-familia-709.jpg 709w, http:\/\/www.cervantinaesquivias.org\/wordpress\/wp-content\/uploads\/2016\/11\/simeon-una-parte-de-la-familia-709-300x202.jpg 300w\" sizes=\"auto, (max-width: 709px) 100vw, 709px\" \/><\/p>\n<p style=\"text-align: center;\" mce_style=\"text-align: center;\">(Nuevamente una parte de la familia Torrej\u00f3n Olivar. De izquierda a derecha: Francisco Torrej\u00f3n Olivar; David Torrej\u00f3n Torrej\u00f3n; Sime\u00f3n Torrej\u00f3n Moya; Antonia Olivar D\u00edaz; Noelia Torrej\u00f3n Torrej\u00f3n; Vanesa Torrej\u00f3n, sobrina de la familia; Juliana Alonso y Conchi Torrej\u00f3n Alonso).<\/p>\n<p style=\"text-align: justify;\" mce_style=\"text-align: justify;\"><span style=\"font-size: medium;\" mce_style=\"font-size: medium;\"><span style=\"font-family: verdana, geneva;\" mce_style=\"font-family: verdana, geneva;\"><br \/>\n<\/span><\/span><\/p>\n<p style=\"text-align: justify;\" mce_style=\"text-align: justify;\"><span style=\"font-size: medium;\" mce_style=\"font-size: medium;\"><span style=\"font-family: verdana, geneva;\" mce_style=\"font-family: verdana, geneva;\">En el transcurso de las Jornadas Cervantinas de Diciembre del a\u00f1o 1994, la Sociedad Cervantina de Esquivias nombr\u00f3, postumamente, a don Sime\u00f3n Torrej\u00f3n Moya \u00abQuijote del A\u00f1o\u00bb, m\u00e1xima distinci\u00f3n que otorga esta Asociaci\u00f3n. Puede que fuera un poco tarde, ya que falleci\u00f3 el 17 de Junio de ese mismo a\u00f1o, pero lo cierto es que a la mayor\u00eda de los miembros de la Cervantina nos sorprendi\u00f3 la r\u00e1pida evoluci\u00f3n de su enfermedad, m\u00e1xime cuando, corrobor\u00e1ndolo con las fotograf\u00edas que conserva su familia, hallamos a Sime\u00f3n junto a su esposa Antonia, durante el segundo semestre de 1993, en Torrevieja; en la Costa Brava; o en Santiago de Compostela, entre otros.<\/span><\/span><\/p>\n<p style=\"text-align: justify;\" mce_style=\"text-align: justify;\">\n<p style=\"text-align: center;\" mce_style=\"text-align: center;\"><img loading=\"lazy\" decoding=\"async\" class=\" size-full wp-image-2393 size-full wp-image-2393\" src=\"http:\/\/www.cervantinaesquivias.org\/wordpress\/wp-content\/uploads\/2016\/11\/simeon-en-torrevieja-ago-93-470.jpg\" mce_src=\"http:\/\/www.cervantinaesquivias.org\/wordpress\/wp-content\/uploads\/2016\/11\/simeon-en-torrevieja-ago-93-470.jpg\" alt=\"alt\" width=\"472\" height=\"694\" srcset=\"http:\/\/www.cervantinaesquivias.org\/wordpress\/wp-content\/uploads\/2016\/11\/simeon-en-torrevieja-ago-93-470.jpg 472w, http:\/\/www.cervantinaesquivias.org\/wordpress\/wp-content\/uploads\/2016\/11\/simeon-en-torrevieja-ago-93-470-204x300.jpg 204w\" sizes=\"auto, (max-width: 472px) 100vw, 472px\" \/><\/p>\n<p style=\"text-align: center;\" mce_style=\"text-align: center;\">(Agosto de 1993, en el puerto de Torrevieja).<\/p>\n<p style=\"text-align: justify;\" mce_style=\"text-align: justify;\">\n<p style=\"text-align: justify;\" mce_style=\"text-align: justify;\"><img loading=\"lazy\" decoding=\"async\" class=\" size-full wp-image-2394 size-full wp-image-2394\" src=\"http:\/\/www.cervantinaesquivias.org\/wordpress\/wp-content\/uploads\/2016\/11\/simeon-en-la-casa-de-dal-sep-93-709.jpg\" mce_src=\"http:\/\/www.cervantinaesquivias.org\/wordpress\/wp-content\/uploads\/2016\/11\/simeon-en-la-casa-de-dal-sep-93-709.jpg\" alt=\"alt\" width=\"709\" height=\"972\" srcset=\"http:\/\/www.cervantinaesquivias.org\/wordpress\/wp-content\/uploads\/2016\/11\/simeon-en-la-casa-de-dal-sep-93-709.jpg 709w, http:\/\/www.cervantinaesquivias.org\/wordpress\/wp-content\/uploads\/2016\/11\/simeon-en-la-casa-de-dal-sep-93-709-219x300.jpg 219w\" sizes=\"auto, (max-width: 709px) 100vw, 709px\" \/><\/p>\n<p style=\"text-align: center;\" mce_style=\"text-align: center;\">(Septiembre de 1993 frente a la Casa-Museo de Salvador Dal\u00ed).<\/p>\n<p style=\"text-align: justify;\" mce_style=\"text-align: justify;\">\n<p style=\"text-align: center;\" mce_style=\"text-align: center;\"><img loading=\"lazy\" decoding=\"async\" class=\" size-full wp-image-2395 size-full wp-image-2395\" src=\"http:\/\/www.cervantinaesquivias.org\/wordpress\/wp-content\/uploads\/2016\/11\/simeon-santiago-oct-93-450.jpg\" mce_src=\"http:\/\/www.cervantinaesquivias.org\/wordpress\/wp-content\/uploads\/2016\/11\/simeon-santiago-oct-93-450.jpg\" alt=\"alt\" width=\"472\" height=\"632\" srcset=\"http:\/\/www.cervantinaesquivias.org\/wordpress\/wp-content\/uploads\/2016\/11\/simeon-santiago-oct-93-450.jpg 472w, http:\/\/www.cervantinaesquivias.org\/wordpress\/wp-content\/uploads\/2016\/11\/simeon-santiago-oct-93-450-224x300.jpg 224w\" sizes=\"auto, (max-width: 472px) 100vw, 472px\" \/><\/p>\n<p style=\"text-align: center;\" mce_style=\"text-align: center;\">(Octubre de 1993, en Santiago de Compostela).<\/p>\n<p style=\"text-align: justify;\" mce_style=\"text-align: justify;\"><span style=\"font-size: medium;\" mce_style=\"font-size: medium;\"><span style=\"font-family: verdana, geneva;\" mce_style=\"font-family: verdana, geneva;\"><br \/>\n<\/span><\/span><\/p>\n<p style=\"text-align: justify;\" mce_style=\"text-align: justify;\"><span style=\"font-size: medium;\" mce_style=\"font-size: medium;\"><span style=\"font-family: verdana, geneva;\" mce_style=\"font-family: verdana, geneva;\">Sime\u00f3n nos dej\u00f3 f\u00edsicamente, pero su esp\u00edritu sigue estando presente entre los socios y amigos de la Sociedad Cervantina de Esquivias. Y, como muestra de que no lo olvidamos, es por lo que se le dedic\u00f3 este sencillo Acto In Memoriam, como s\u00edmbolo de lo que represent\u00f3, y de lo que sigue representando, como adalid de la Cultura Cervantina de Esquivias.<\/span><\/span><\/p>\n<p style=\"text-align: justify;\" mce_style=\"text-align: justify;\">\n<p style=\"text-align: justify;\" mce_style=\"text-align: justify;\">\n<p style=\"text-align: center;\" mce_style=\"text-align: center;\"><img loading=\"lazy\" decoding=\"async\" class=\" size-full wp-image-2396 size-full wp-image-2396\" src=\"http:\/\/www.cervantinaesquivias.org\/wordpress\/wp-content\/uploads\/2016\/11\/simeon-antonia-rosell-sabino-560.jpg\" mce_src=\"http:\/\/www.cervantinaesquivias.org\/wordpress\/wp-content\/uploads\/2016\/11\/simeon-antonia-rosell-sabino-560.jpg\" alt=\"alt\" width=\"524\" height=\"518\" srcset=\"http:\/\/www.cervantinaesquivias.org\/wordpress\/wp-content\/uploads\/2016\/11\/simeon-antonia-rosell-sabino-560.jpg 524w, http:\/\/www.cervantinaesquivias.org\/wordpress\/wp-content\/uploads\/2016\/11\/simeon-antonia-rosell-sabino-560-300x297.jpg 300w\" sizes=\"auto, (max-width: 524px) 100vw, 524px\" \/><\/p>\n<p style=\"text-align: center;\" mce_style=\"text-align: center;\">(Don Jos\u00e9 Rosell Villasevil, actual presidente de la Sociedad Cervantina de Esquivias, entrega a do\u00f1a Antonia Olivar D\u00edaz, una placa conmemorativa del Acto en memoria de Sime\u00f3n Torrej\u00f3n Moya, en presencia de Sabino de Diego Romero).<\/p>\n<p style=\"text-align: justify;\" mce_style=\"text-align: justify;\"><span style=\"font-size: medium;\" mce_style=\"font-size: medium;\"><span style=\"font-family: verdana, geneva;\" mce_style=\"font-family: verdana, geneva;\"><br \/>\n<\/span><\/span><\/p>\n<p style=\"text-align: justify;\" mce_style=\"text-align: justify;\"><span style=\"font-size: medium;\" mce_style=\"font-size: medium;\"><span style=\"font-family: verdana, geneva;\" mce_style=\"font-family: verdana, geneva;\">Al inicio del Acto, el Presidente de la Sociedad Cervantina de Esquivias, don Jos\u00e9 Rosell Villasevil, hizo entrega de una placa conmemorativa a do\u00f1a Antonia Olivar D\u00edaz, no sin antes dirigir al recuerdo de Sime\u00f3n y a su familia, que se hallaba presente el el Acto, unas sentidas palabras llenas de sentimiento y reconocimiento a su labor en pro de la Cultura a trav\u00e9s de la Cervantina, de la cual \u00e9l fue su Presidente Fundador.<\/span><\/span><\/p>\n<p style=\"text-align: justify;\" mce_style=\"text-align: justify;\"><span style=\"font-size: medium;\" mce_style=\"font-size: medium;\"><span style=\"font-family: verdana, geneva;\" mce_style=\"font-family: verdana, geneva;\">Entre sus palabras, Jos\u00e9 Rosell dijo: <i>\u00abEl Acto en memoria de Sime\u00f3n Torrej\u00f3n, el que fuera II Presidente de nuestra \u00abSociedad Cervantina de Esquivias\u00bb, es de toda justicia. \u00c9l imprimi\u00f3 en nuestra trayectoria no s\u00f3lo el amor y la admiraci\u00f3n por Cervantes y su obra, sino que leg\u00f3 al pueblo esquiviano y a la la \u00abSocieadad Cervantina\u00bb su inquietud de leer y de saber, as\u00ed como el infinito carisma del sencillo y gloriosamente ser humano.<\/i><\/span><\/span><\/p>\n<p style=\"text-align: justify;\" mce_style=\"text-align: justify;\"><span style=\"font-size: medium;\" mce_style=\"font-size: medium;\"><span style=\"font-family: verdana, geneva;\" mce_style=\"font-family: verdana, geneva;\"><i>Seguir\u00e1s vivo en el recuerdo colectivo popular y en el alma y las decisiones colegiadas de la \u00abSociedad\u00bb que tan certeramente t\u00fa dirijiste.<\/i><\/span><\/span><\/p>\n<p style=\"text-align: justify;\" mce_style=\"text-align: justify;\"><span style=\"font-size: medium;\" mce_style=\"font-size: medium;\"><span style=\"font-family: verdana, geneva;\" mce_style=\"font-family: verdana, geneva;\"><i>Descansa en Paz, querido \u00abSime\u00bb, leyendo en la arcaicas regiones, de primera mano, el \u00abBernardo\u00bb y las \u00abSemanas del Jard\u00edn\u00bb, junto con la Segunda Parte de \u00abLa Galatea\u00bb, que ya habr\u00e1 concluido Miguel de Cervantes\u00bb.<\/i>&nbsp;<\/span><\/span><\/p>\n<p style=\"text-align: justify;\" mce_style=\"text-align: justify;\">\n<p style=\"text-align: justify;\" mce_style=\"text-align: justify;\"><span style=\"font-size: medium;\" mce_style=\"font-size: medium;\"><span style=\"font-family: verdana, geneva;\" mce_style=\"font-family: verdana, geneva;\"><br \/>\n<\/span><\/span><\/p>\n<p style=\"text-align: center;\" mce_style=\"text-align: center;\"><img loading=\"lazy\" decoding=\"async\" class=\" size-full wp-image-2397 size-full wp-image-2397\" src=\"http:\/\/www.cervantinaesquivias.org\/wordpress\/wp-content\/uploads\/2016\/11\/simeon-paco-425.jpg\" mce_src=\"http:\/\/www.cervantinaesquivias.org\/wordpress\/wp-content\/uploads\/2016\/11\/simeon-paco-425.jpg\" alt=\"alt\" width=\"425\" height=\"547\" srcset=\"http:\/\/www.cervantinaesquivias.org\/wordpress\/wp-content\/uploads\/2016\/11\/simeon-paco-425.jpg 425w, http:\/\/www.cervantinaesquivias.org\/wordpress\/wp-content\/uploads\/2016\/11\/simeon-paco-425-233x300.jpg 233w\" sizes=\"auto, (max-width: 425px) 100vw, 425px\" \/><\/p>\n<p style=\"text-align: center;\" mce_style=\"text-align: center;\">(El hijo mayor de Sime\u00f3n, Francisco Torrej\u00f3n Olivar, en el uso de la palabra).<\/p>\n<p style=\"text-align: justify;\" mce_style=\"text-align: justify;\">\n<p style=\"text-align: justify;\" mce_style=\"text-align: justify;\"><span style=\"font-size: medium;\" mce_style=\"font-size: medium;\"><span style=\"font-family: verdana, geneva;\" mce_style=\"font-family: verdana, geneva;\">En nombre de la familia de Sime\u00f3n, el hijo mayor, Francisco, tuvo unas palabras de agradecimiento a la Sociedad Cervantina de Esquivias, y a los presentes, por la celebraci\u00f3n y asistencia a este Acto tan entra\u00f1able. A continuaci\u00f3n, y a modo de recapitulaci\u00f3n de los art\u00edculos que Sime\u00f3n escribi\u00f3 para sendas ediciones de Galatea, destac\u00f3 parte de alguno de ello:<\/span><\/span><\/p>\n<p style=\"text-align: justify;\" mce_style=\"text-align: justify;\"><span style=\"font-size: medium;\" mce_style=\"font-size: medium;\"><span style=\"font-family: verdana, geneva;\" mce_style=\"font-family: verdana, geneva;\"><b>En Galatea de diciembre de 1991<\/b>, y bajo el tema tratado: \u00abLa droga\u00bb, escrib\u00eda: <i>\u00abEl mundo civilizado, su econom\u00eda, industria, comercio, se cimenta sobre el dinero, su \u00fanico dios, al que venera y adora. Lo est\u00e1n consagrando continuamente en todos los medios de comunicaci\u00f3n. Dinero, dinero f\u00e1cil y sin esfuerzo, salga de donde salga y de la forma que sea como se adquiera.<\/i><\/span><\/span><\/p>\n<p style=\"text-align: justify;\" mce_style=\"text-align: justify;\"><span style=\"font-size: medium;\" mce_style=\"font-size: medium;\"><span style=\"font-family: verdana, geneva;\" mce_style=\"font-family: verdana, geneva;\"><i>El dinero da prestigio, poder, representaci\u00f3n en la sociedad de consumo, no se tiene en cuenta como se ha adquirido, lo tiene y se le admira, as\u00ed de sencillo.<\/i><\/span><\/span><\/p>\n<p style=\"text-align: justify;\" mce_style=\"text-align: justify;\"><span style=\"font-size: medium;\" mce_style=\"font-size: medium;\"><span style=\"font-family: verdana, geneva;\" mce_style=\"font-family: verdana, geneva;\"><i>Mientras las bases morales no cambien y el dinero siga siendo un dios omnipotente, la droga se seguir\u00e1 comercializando; \u00e9ste y no otro es el insoluble problema de la droga\u00bb.<\/i><\/span><\/span><\/p>\n<p style=\"text-align: justify;\" mce_style=\"text-align: justify;\"><span style=\"font-size: medium;\" mce_style=\"font-size: medium;\"><span style=\"font-family: verdana, geneva;\" mce_style=\"font-family: verdana, geneva;\"><b>En Galatea de marzo de 1992<\/b>, sobre \u00abLas armas nucleares\u00bb: \u00abHasta ahora han sido un freno para evitar una conflagaci\u00f3n a nivel mundial, porque han estado en manos de gobiernos responsables y conscientes del poder de destrucci\u00f3n; el peligro est\u00e1 cuando est\u00e9n en poder de gobiernos y pueblos irresponsables.<\/span><\/span><\/p>\n<p style=\"text-align: justify;\" mce_style=\"text-align: justify;\"><span style=\"font-size: medium;\" mce_style=\"font-size: medium;\"><span style=\"font-family: verdana, geneva;\" mce_style=\"font-family: verdana, geneva;\">El peligro de un holocausto mundial gravita sobre nuestras cabezas. Desgraciadamente no estamos, ni moral ni \u00e9ticamente, preparados para disponer de un poder de destrucci\u00f3n tan terror\u00edfico. Nuestro grado de evoluci\u00f3n en la vida es muy inferior a los logros conseguidos por la tecnolog\u00eda y la f\u00edsica. Esta es la gran inc\u00f3gnita\u00bb.<\/span><\/span><\/p>\n<p style=\"text-align: justify;\" mce_style=\"text-align: justify;\"><span style=\"font-size: medium;\" mce_style=\"font-size: medium;\"><span style=\"font-family: verdana, geneva;\" mce_style=\"font-family: verdana, geneva;\"><b>En Galatea de abril de 1992<\/b>, sobre \u00abYugoeslavia, guerra civil\u00bb: <i>\u00abEn todas las guerras civiles, el hombre, cuando se enardece, da libertad a ese animal agresivo que todos llevamos dentro y que a\u00fan no hemos sabido dominar; quiz\u00e1 sea un residuo de los primeros a\u00f1os de la evoluci\u00f3n de la vida, cuando subsistir supon\u00eda una lucha diaria. Este animal en libertad y sin control, enardecido por la lucha, es capaz de las mayores atrocidades. Cuando esta bestia amoral, sedienta de sangre, aflora en las tropas, los ej\u00e9rcitos se convierten en hordas.<\/i><\/span><\/span><\/p>\n<p style=\"text-align: justify;\" mce_style=\"text-align: justify;\"><span style=\"font-size: medium;\" mce_style=\"font-size: medium;\"><span style=\"font-family: verdana, geneva;\" mce_style=\"font-family: verdana, geneva;\"><i>Es com\u00fan y corriente emplear en las guerras la met\u00e1fora de que \u00abDios est\u00e1 con nosotros\u00bb, como si Dios tomase partido en alguno de los bandos. Yo lo considero una blasfemia y un sacrilegio, querer involucrar en la contienda al Dios del perd\u00f3n y del amor\u00bb.<\/i><\/span><\/span><\/p>\n<p style=\"text-align: justify;\" mce_style=\"text-align: justify;\"><span style=\"font-size: medium;\" mce_style=\"font-size: medium;\"><span style=\"font-family: verdana, geneva;\" mce_style=\"font-family: verdana, geneva;\"><b>En Galatea de mayo de 1993<\/b>, sobre \u00abEl fundamentalismo\u00bb:<i> \u00abEsta desesperada necesidad<\/i>&nbsp;de los pa\u00edses \u00e1rabes es el caldo de cultivo para que florezca el fundamentalismo fan\u00e1tico e intransigente, que lucha a la desesperada para imponer su sistema pol\u00edtico religioso que les pueda sacar de la miseria e incluso implantar un nuevo imperio musulm\u00e1n\u00bb.<\/span><\/span><\/p>\n<p style=\"text-align: justify;\" mce_style=\"text-align: justify;\"><span style=\"font-size: medium;\" mce_style=\"font-size: medium;\"><span style=\"font-family: verdana, geneva;\" mce_style=\"font-family: verdana, geneva;\">Eran estas, algunas premoniciones que hizo Sime\u00f3n Torrej\u00f3n sobre algunos aspectos de la vida y la sociedad, hoy hace veintitr\u00e9s a\u00f1os.<\/span><\/span><\/p>\n<p style=\"text-align: justify;\" mce_style=\"text-align: justify;\">\n<p style=\"text-align: justify;\" mce_style=\"text-align: justify;\">\n<p style=\"text-align: justify;\" mce_style=\"text-align: justify;\">\n<p style=\"text-align: center;\" mce_style=\"text-align: center;\"><img loading=\"lazy\" decoding=\"async\" class=\" size-full wp-image-2398 size-full wp-image-2398\" src=\"http:\/\/www.cervantinaesquivias.org\/wordpress\/wp-content\/uploads\/2016\/11\/simeon-milagros-425.jpg\" mce_src=\"http:\/\/www.cervantinaesquivias.org\/wordpress\/wp-content\/uploads\/2016\/11\/simeon-milagros-425.jpg\" alt=\"alt\" width=\"425\" height=\"352\" srcset=\"http:\/\/www.cervantinaesquivias.org\/wordpress\/wp-content\/uploads\/2016\/11\/simeon-milagros-425.jpg 425w, http:\/\/www.cervantinaesquivias.org\/wordpress\/wp-content\/uploads\/2016\/11\/simeon-milagros-425-300x248.jpg 300w\" sizes=\"auto, (max-width: 425px) 100vw, 425px\" \/><\/p>\n<p style=\"text-align: center;\" mce_style=\"text-align: center;\">(Do\u00f1a Milagros del Barrio P\u00e9rez-Grueso, alcaldesa de Esquivias, en un momento de su intervenci\u00f3n).<\/p>\n<p style=\"text-align: justify;\" mce_style=\"text-align: justify;\">\n<p style=\"text-align: justify;\" mce_style=\"text-align: justify;\"><span style=\"font-size: medium;\" mce_style=\"font-size: medium;\"><span style=\"font-family: verdana, geneva;\" mce_style=\"font-family: verdana, geneva;\">A continuaci\u00f3n, tom\u00f3 la palabra do\u00f1a Milagros del Barrio P\u00e9rez-Grueso, alcaldesa de Esquivias, que quiso dejar patente el conocimiento y el respeto que siempre le infundi\u00f3 Sime\u00f3n, por el conocimiento que ten\u00eda de su trato afable y siempre con el fondo cultural que atesoraba.<\/span><\/span><\/p>\n<p style=\"text-align: justify;\" mce_style=\"text-align: justify;\"><span style=\"font-size: medium;\" mce_style=\"font-size: medium;\"><span style=\"font-family: verdana, geneva;\" mce_style=\"font-family: verdana, geneva;\">Felicit\u00f3 a la Sociedad Cervantina por el acierto en dedicarle este Acto de recuerdo a la persona de Sime\u00f3n, y por la oportunidad que se le ha dado, como alcaldesa de todos los esquivianos, a poder manifestar su aprecio personal e institucional, hacia este Ilustre Esquiviano, y a su familia.<\/span><\/span><\/p>\n<p style=\"text-align: justify;\" mce_style=\"text-align: justify;\">\n<p style=\"text-align: justify;\" mce_style=\"text-align: justify;\">\n<p style=\"text-align: justify;\" mce_style=\"text-align: justify;\"><span style=\"font-size: medium;\" mce_style=\"font-size: medium;\"><span style=\"font-family: verdana, geneva;\" mce_style=\"font-family: verdana, geneva;\">Vicente Torrej\u00f3n Olivar, el peque\u00f1o de los hijos de Sime\u00f3n, declin\u00f3 dar lectura a un breve escrito que hab\u00eda preparado en recuerdo de su padre, con el ruego de que se hiciera p\u00fablico por los medios que la Sociedad Cervantina de Esquivias estimara oportuno. Dice as\u00ed:<\/span><\/span><\/p>\n<p style=\"text-align: justify;\" mce_style=\"text-align: justify;\"><span style=\"font-size: medium;\" mce_style=\"font-size: medium;\"><span style=\"font-family: verdana, geneva;\" mce_style=\"font-family: verdana, geneva;\"><i>\u00abMe llev\u00f3 cinco d\u00e9cadas de mi vida conocer el significado de la palabra \u00abcaf\u00e9\u00bb, caliente, amargo, fuerte y escaso. Un desastre para alguien que le gusta la capacidad de s\u00edntesis y &nbsp;las palabras esquem\u00e1ticas, cortas, que compendian en unas letras un todo.<\/i><\/span><\/span><\/p>\n<p style=\"text-align: justify;\" mce_style=\"text-align: justify;\"><span style=\"font-size: medium;\" mce_style=\"font-size: medium;\"><span style=\"font-family: verdana, geneva;\" mce_style=\"font-family: verdana, geneva;\"><i>Sime, no me cost\u00f3 nada aprender lo que significaba, \u00abS\u00bb de sensato, \u00abI\u00bb de inteligente, \u00abM\u00bb de moderado, \u00abE\u00bb de excelencia.<\/i><\/span><\/span><\/p>\n<p style=\"text-align: justify;\" mce_style=\"text-align: justify;\"><span style=\"font-size: medium;\" mce_style=\"font-size: medium;\"><span style=\"font-family: verdana, geneva;\" mce_style=\"font-family: verdana, geneva;\"><i>Aqu\u00ed deber\u00eda acabar el art\u00edculo.<\/i><\/span><\/span><\/p>\n<p style=\"text-align: justify;\" mce_style=\"text-align: justify;\"><span style=\"font-size: medium;\" mce_style=\"font-size: medium;\"><span style=\"font-family: verdana, geneva;\" mce_style=\"font-family: verdana, geneva;\"><i>A\u00f1adir m\u00e1s ser\u00eda superfluo, se lo dije en vida y adem\u00e1s tengo la espada sobre mi cuello, \u00abla mujer del alcalde\u00bb, su compa\u00f1era de toda la vida y sufridora de hijos comunes, un d\u00eda con todo el cari\u00f1o del mundo me espet\u00f3: \u00abespero que me recuerdes tanto como a tu padre\u00bb, atr\u00e1pame esa mosca por el rabo.<\/i><\/span><\/span><\/p>\n<p style=\"text-align: justify;\" mce_style=\"text-align: justify;\"><span style=\"font-size: medium;\" mce_style=\"font-size: medium;\"><span style=\"font-family: verdana, geneva;\" mce_style=\"font-family: verdana, geneva;\"><i>Se lo dir\u00e9 cuando nos volvamos a encontrar y en ese momento eterno olvidar\u00e9 la larga espera.<\/i><\/span><\/span><\/p>\n<p style=\"text-align: justify;\" mce_style=\"text-align: justify;\"><span style=\"font-size: medium;\" mce_style=\"font-size: medium;\"><span style=\"font-family: verdana, geneva;\" mce_style=\"font-family: verdana, geneva;\"><i>Sinceramente no me apetece seguir escribiendo sobre Quijancho, como si no estuviera, uno que sabe del tema puede afirmar que la muerte no existe, s\u00f3lo para el que se queda y parafraseando a un protagonista de Lorenzo Silva: \u00abLos cervantistas no mueren, se reagrupan en el cielo\u00bb.<\/i><\/span><\/span><\/p>\n<p style=\"text-align: justify;\" mce_style=\"text-align: justify;\"><span style=\"font-size: medium;\" mce_style=\"font-size: medium;\"><span style=\"font-family: verdana, geneva;\" mce_style=\"font-family: verdana, geneva;\"><i>Hasta siempre y por siempre\u00bb.<\/i><\/span><\/span><\/p>\n<p style=\"text-align: justify;\" mce_style=\"text-align: justify;\">\n<p style=\"text-align: justify;\" mce_style=\"text-align: justify;\">\n<p style=\"text-align: center;\" mce_style=\"text-align: center;\"><img loading=\"lazy\" decoding=\"async\" class=\" size-full wp-image-2399 size-full wp-image-2399\" src=\"http:\/\/www.cervantinaesquivias.org\/wordpress\/wp-content\/uploads\/2016\/11\/simeon-david-425.jpg\" mce_src=\"http:\/\/www.cervantinaesquivias.org\/wordpress\/wp-content\/uploads\/2016\/11\/simeon-david-425.jpg\" alt=\"alt\" width=\"425\" height=\"513\" srcset=\"http:\/\/www.cervantinaesquivias.org\/wordpress\/wp-content\/uploads\/2016\/11\/simeon-david-425.jpg 425w, http:\/\/www.cervantinaesquivias.org\/wordpress\/wp-content\/uploads\/2016\/11\/simeon-david-425-249x300.jpg 249w\" sizes=\"auto, (max-width: 425px) 100vw, 425px\" \/><\/p>\n<p style=\"text-align: center;\" mce_style=\"text-align: center;\">(David Torrej\u00f3n Torrej\u00f3n, nieto de Sime\u00f3n, dirige unas emotivas palabras).<\/p>\n<p style=\"text-align: justify;\" mce_style=\"text-align: justify;\">\n<p style=\"text-align: justify;\" mce_style=\"text-align: justify;\"><span style=\"font-size: medium;\" mce_style=\"font-size: medium;\"><span style=\"font-family: verdana, geneva;\" mce_style=\"font-family: verdana, geneva;\">David Torrej\u00f3n Torrej\u00f3n, nieto mayor de Sime\u00f3n, tomo el uso de la palabra, para dar lectura de su aportaci\u00f3n:<\/span><\/span><\/p>\n<p style=\"text-align: justify;\" mce_style=\"text-align: justify;\"><span style=\"font-size: medium;\" mce_style=\"font-size: medium;\"><span style=\"font-family: verdana, geneva;\" mce_style=\"font-family: verdana, geneva;\"><i>\u00abEn primer lugar, para quien no me conozca, soy \u00abel nieto de Simen\u00bb&#8230; De hecho cuando era peque\u00f1o y alguna persona curioso preguntaba, \u00abni\u00f1o, y \u00bft\u00fa de qui\u00e9n \u00e9res?\u00bb, la respuesta que nunca fallaba era esa: \u00absoy el nieto de Simen\u00bb, y es que pronto aprend\u00ed que todo el mundo conoc\u00eda a mi abuelo de una u otra manera. Y creo que justo ese es el principal motivo que nos ha juntado hoy aqu\u00ed, el que en este peque\u00f1o pueblo todos compartimos de alg\u00fan modo su recuerdo y su ejemplo.<\/i><\/span><\/span><\/p>\n<p style=\"text-align: justify;\" mce_style=\"text-align: justify;\"><span style=\"font-size: medium;\" mce_style=\"font-size: medium;\"><span style=\"font-family: verdana, geneva;\" mce_style=\"font-family: verdana, geneva;\"><i>Hay dos facetas de su vida que imagino que todos los aqu\u00ed presentes admiramos. En primer lugar su amor por su pueblo, su tierra y su gente; como derrochaba bondad y buen humor (siempre era el que pon\u00eda los motes mas ingeniosos), y como se sent\u00eda parte de la comunidad donde viv\u00eda y aportaba su grano de arena all\u00ed donde pod\u00eda colaborar. Por otro lado, su curiosidad intelectual, que iba mucho mas all\u00e1 de su amor por El Quijote y Cervantes. Poco despu\u00e9s que nos dejase empec\u00e9 a descubrir las colecciones de discos y libros que atesoraba Simen, con infinidad de discos de m\u00fasica cl\u00e1sica incluyendo las grandes obras de Verdi, Wagner, Beethoven o Mozart, e infinidad de libros, con vol\u00famenes de historia, ciencia y filosof\u00eda, con grandes obras literarias de autores de una gran belleza de poetas como Rub\u00e9n Dar\u00edo o Rabindranath Tagore. Me parece un ejemplo para mi generaci\u00f3n y las posteriores, para los que hemos crecido con m\u00faltiples posibilidades para estudiar, viajar, o acceder al conocimiento de forma instant\u00e1nea a trav\u00e9s de Internet; esa curiosidad por conocer y ese aprendizaje autodidacta deber\u00eda servirnos como modelo en estos tiempos de pereza intelectual y bombardeo continuo de informaci\u00f3n sin ninguna reflexi\u00f3n\u00bb<\/i>.<\/span><\/span><\/p>\n<p style=\"text-align: justify;\" mce_style=\"text-align: justify;\"><span style=\"font-size: medium;\" mce_style=\"font-size: medium;\"><span style=\"font-family: verdana, geneva;\" mce_style=\"font-family: verdana, geneva;\">Me gustar\u00eda terminar con unas palabras que escribi\u00f3 otro gran hombre, mi t\u00edo Antonio Torrej\u00f3n, y que expresan mucho mejor esta admiraci\u00f3n que sent\u00edamos por Simen. Este texto se public\u00f3 en Galatea en 1994 y se titula \u00abMi Recuerdo\u00bb:<\/span><\/span><\/p>\n<p style=\"text-align: justify;\" mce_style=\"text-align: justify;\"><span style=\"font-size: medium;\" mce_style=\"font-size: medium;\"><span style=\"font-family: verdana, geneva;\" mce_style=\"font-family: verdana, geneva;\"><i>\u00abAquel d\u00eda, doblaron m\u00e1s tristes las campanas y fue quiz\u00e1 la calentura de mi mente la que en un momento me hizo ver flotando sobre su ata\u00fad al de la \u00abtriste figura\u00bb.<\/i><\/span><\/span><\/p>\n<p style=\"text-align: justify;\" mce_style=\"text-align: justify;\"><span style=\"font-size: medium;\" mce_style=\"font-size: medium;\"><span style=\"font-family: verdana, geneva;\" mce_style=\"font-family: verdana, geneva;\"><i>Me sac\u00f3 de mi letargo la voz estruendosa del sacerdote que oficiaba, pero enseguida percib\u00ed en un susurro una voz misteriosa y triste que susurraba al f\u00e9retro. No te preocupes; ahora podremos hablar, charlaremos sobre cosas que t\u00fa has dicho con acierto sobre m\u00ed, reconstruiremos juntos tu sue\u00f1o, haremos un Quijote nuevo, seg\u00fan lo has so\u00f1ado, recrearemos entre ambos ese paisaje, esos lugares donde has vivido y el final ser\u00e1 como t\u00fa quer\u00edas&#8230; No ve\u00eda pero present\u00eda en la tenue luz de la Iglesia la presencia de aquel que llamaron el \u00abPr\u00edncipe de los Ingenios\u00bb, el genio \u00abCervantes\u00bb que charlaba entre susurros con nuestro amigo; y en aquel momento lo imagine sonriente y preparado para debatir como s\u00f3lo \u00e9l sol\u00eda hacerlo, sin aspavientos, sin perder jam\u00e1s la compostura, pero fiel a sus principios y creencias. Fue entonces cuando comprend\u00ed que al menos para m\u00ed y como suele pasar s\u00f3lo con los grandes hombres, nuestro amigo siempre estar\u00eda aqu\u00ed entre nosotros, siempre quedar\u00eda su opini\u00f3n, su saber estar, y alguien, siempre habr\u00eda alguien que con su esp\u00edritu seguir\u00eda luchando contra la desidia de todos los dem\u00e1s; y sent\u00ed una sana envidia porque pocos hombres, sea al nivel que sea, pueden dejar tras de s\u00ed una estela que, de alguna manera, los hace estar entre nosotros siempre. Gracias Simen. &nbsp; Antonio Torrej\u00f3n\u00bb.<\/i><\/span><\/span><\/p>\n<p style=\"text-align: justify;\" mce_style=\"text-align: justify;\">\n<p style=\"text-align: justify;\" mce_style=\"text-align: justify;\">\n<p style=\"text-align: justify;\" mce_style=\"text-align: justify;\"><span style=\"font-size: medium;\" mce_style=\"font-size: medium;\"><span style=\"font-family: verdana, geneva;\" mce_style=\"font-family: verdana, geneva;\">Seguidamente, tom\u00f3 la palabra Sabino de Diego Romero, para hablar de su experiencia de amistad con Sime\u00f3n:<\/span><\/span><\/p>\n<p style=\"text-align: justify;\" mce_style=\"text-align: justify;\"><span style=\"font-size: medium;\" mce_style=\"font-size: medium;\"><span style=\"font-family: verdana, geneva;\" mce_style=\"font-family: verdana, geneva;\"><i>\u00abTuve ocasi\u00f3n de conocer y hablar con Sime\u00f3n por primera vez, cuando yo ten\u00eda 12 a\u00f1os. Frente por frente de la tienda de ultramarinos que ten\u00eda Sime\u00f3n, junto con su hermano Wenceslao, me hallaba yo en la f\u00e1brica de hielo y helados que puso mi padre (Junio de 1956). En lo que hoy es el Mes\u00f3n Cervantes.<\/i><\/span><\/span><\/p>\n<p style=\"text-align: justify;\" mce_style=\"text-align: justify;\"><span style=\"font-size: medium;\" mce_style=\"font-size: medium;\"><span style=\"font-family: verdana, geneva;\" mce_style=\"font-family: verdana, geneva;\"><i>No obstante de la diferencia de edad entre nosotros -me superaba en 23 a\u00f1os-, hablaba bastante con Sime, y no creo que fuera provocado por m\u00ed, seguramente por respeto en funci\u00f3n de la edad, m\u00e1s bien ser\u00eda \u00e9l quien iniciara las conversaciones.<\/i><\/span><\/span><\/p>\n<p style=\"text-align: justify;\" mce_style=\"text-align: justify;\"><span style=\"font-size: medium;\" mce_style=\"font-size: medium;\"><span style=\"font-family: verdana, geneva;\" mce_style=\"font-family: verdana, geneva;\"><i>Recuerdo que iba todos los d\u00edas a la tienda de Sime\u00f3n, por la tarde, a comprar membrillo para merendar, y esto fue durante a\u00f1os, desde Junio a Septiembre -recuerdo ver un mostrador largo y sobre \u00e9l, a mano derecha, siempre hab\u00eda una caja redonda de madera que ten\u00eda unas exquisitas sardinas saladas, y en otro lado, bacalao en salaz\u00f3n y una cizalla para trocearlo para su venta.<\/i><\/span><\/span><\/p>\n<p style=\"text-align: justify;\" mce_style=\"text-align: justify;\"><span style=\"font-size: medium;\" mce_style=\"font-size: medium;\"><span style=\"font-family: verdana, geneva;\" mce_style=\"font-family: verdana, geneva;\"><i>Como iba todos los d\u00edas, y siempre a lo mismo, Sime\u00f3n ya no me preguntaba que quer\u00eda, me despachaba y segu\u00eda hablando con los contertulios que se hallaban en dicha tienda: su hermano Wenceslao y Jacinto Rojas \u00abel ciego\u00bb.<\/i><\/span><\/span><\/p>\n<p style=\"text-align: justify;\" mce_style=\"text-align: justify;\"><span style=\"font-size: medium;\" mce_style=\"font-size: medium;\"><span style=\"font-family: verdana, geneva;\" mce_style=\"font-family: verdana, geneva;\"><i>Recuerdo tambi\u00e9n, que hablaban siempre de libros, de autores, y como a esa hora de la tarde no hab\u00eda clientes que atender, yo me quedaba escuch\u00e1ndoles, a lo cual hab\u00eda sido invitado.<\/i><\/span><\/span><\/p>\n<p style=\"text-align: justify;\" mce_style=\"text-align: justify;\"><span style=\"font-size: medium;\" mce_style=\"font-size: medium;\"><span style=\"font-family: verdana, geneva;\" mce_style=\"font-family: verdana, geneva;\"><i>Hay cosas que se te quedan grabadas en la memoria, aunque solo sea por ser repetitivas: La primera vez que supe algo del escritor checo Frank Kafka, fue en esa tienda. Cuando me llamaba algo la atenci\u00f3n, lo anotaba y despu\u00e9s lo consultaba, y ese d\u00eda, y al siguiente, y durante varios d\u00edas m\u00e1s se segu\u00eda hablando de este escritor. Un d\u00eda Sime me dej\u00f3 un libro de Kafka: \u00abLa Metamorfosis\u00bb. Recuerdo que era un libro peque\u00f1o. Cuando se lo devolv\u00ed, aun segu\u00edan hablando de este libro y de su autor.<\/i><\/span><\/span><\/p>\n<p style=\"text-align: justify;\" mce_style=\"text-align: justify;\"><span style=\"font-size: medium;\" mce_style=\"font-size: medium;\"><span style=\"font-family: verdana, geneva;\" mce_style=\"font-family: verdana, geneva;\"><i>Tambi\u00e9n recuerdo que hablaban de frases del propio Kafka. Las analizaban, las discut\u00edan. No s\u00e9 si llegaban a alguna conclusi\u00f3n, porque empleaban varios d\u00edas en analizar alguna de dicha frases.<\/i><\/span><\/span><\/p>\n<p style=\"text-align: justify;\" mce_style=\"text-align: justify;\"><span style=\"font-size: medium;\" mce_style=\"font-size: medium;\"><span style=\"font-family: verdana, geneva;\" mce_style=\"font-family: verdana, geneva;\"><i>Les voy a citar algunas de esas frases de Kafka, que seguramente eran sobre las que incluso discut\u00edan, para que vean en que \u00abentreten\u00edan su tiempo\u00bb:<\/i><\/span><\/span><\/p>\n<p style=\"text-align: justify;\" mce_style=\"text-align: justify;\"><span style=\"font-size: medium;\" mce_style=\"font-size: medium;\"><span style=\"font-family: verdana, geneva;\" mce_style=\"font-family: verdana, geneva;\"><i>&#8212;\u00abUn libro debe ser el hacha que rompa el mar helado que hay dentro de nosotros\u00bb.<\/i><\/span><\/span><\/p>\n<p style=\"text-align: justify;\" mce_style=\"text-align: justify;\"><span style=\"font-size: medium;\" mce_style=\"font-size: medium;\"><span style=\"font-family: verdana, geneva;\" mce_style=\"font-family: verdana, geneva;\"><i>&#8212;\u00abCualquiera que conserve la capacidad de ver la belleza no envejeder\u00e1 nunca\u00bb.<\/i><\/span><\/span><\/p>\n<p style=\"text-align: justify;\" mce_style=\"text-align: justify;\"><span style=\"font-size: medium;\" mce_style=\"font-size: medium;\"><span style=\"font-family: verdana, geneva;\" mce_style=\"font-family: verdana, geneva;\"><i>&#8212;\u00abToda revoluci\u00f3n se evapora y deja atr\u00e1s solo el limo de una nueva burocracia\u00bb.<\/i><\/span><\/span><\/p>\n<p style=\"text-align: justify;\" mce_style=\"text-align: justify;\"><span style=\"font-size: medium;\" mce_style=\"font-size: medium;\"><span style=\"font-family: verdana, geneva;\" mce_style=\"font-family: verdana, geneva;\"><i>&#8212;\u00abMi miedo es mi sustancia, y &nbsp;probablemente lo mejor de mi mismo\u00bb.<\/i><\/span><\/span><\/p>\n<p style=\"text-align: justify;\" mce_style=\"text-align: justify;\"><span style=\"font-size: medium;\" mce_style=\"font-size: medium;\"><span style=\"font-family: verdana, geneva;\" mce_style=\"font-family: verdana, geneva;\"><i>&#8212;\u00abLa desgracia de Don Quijote no fue su fantas\u00eda, sino Sancho Panza\u00bb.<\/i><\/span><\/span><\/p>\n<p style=\"text-align: justify;\" mce_style=\"text-align: justify;\"><span style=\"font-size: medium;\" mce_style=\"font-size: medium;\"><span style=\"font-family: verdana, geneva;\" mce_style=\"font-family: verdana, geneva;\"><i>De los tres contertulios, el mas, digamos \u00abprudente\u00bb era Sime\u00f3n, porque a Wenceslao no era f\u00e1cil pisarle alguna opini\u00f3n, cosa que s\u00ed lo hac\u00eda Jacinto, el ciego, con inusual energ\u00eda.<\/i><\/span><\/span><\/p>\n<p style=\"text-align: justify;\" mce_style=\"text-align: justify;\"><span style=\"font-size: medium;\" mce_style=\"font-size: medium;\"><span style=\"font-family: verdana, geneva;\" mce_style=\"font-family: verdana, geneva;\"><i>Y hablaban de Modernismo; Expresionismo. Existencialismo, etc.<\/i><\/span><\/span><\/p>\n<p style=\"text-align: justify;\" mce_style=\"text-align: justify;\"><span style=\"font-size: medium;\" mce_style=\"font-size: medium;\"><span style=\"font-family: verdana, geneva;\" mce_style=\"font-family: verdana, geneva;\"><i>Coincid\u00eda con Sime\u00f3n en la afici\u00f3n a escuchar m\u00fasica cl\u00e1sica, aunque en aquella \u00e9poca hab\u00eda pocas posibilidades, salvo escuchar alguna grabaci\u00f3n en disco.<\/i><\/span><\/span><\/p>\n<p style=\"text-align: justify;\" mce_style=\"text-align: justify;\"><span style=\"font-size: medium;\" mce_style=\"font-size: medium;\"><span style=\"font-family: verdana, geneva;\" mce_style=\"font-family: verdana, geneva;\"><i>Pero tambi\u00e9n recuerdo de hablar con Sime de un programa de m\u00fasica cl\u00e1sica en la 2 de TVE (S\u00f3lo hab\u00eda entonces la 1 y la 2), en la d\u00e9cada de los sesenta. Este programa se emit\u00eda los s\u00e1bados por la tarde y lo dirig\u00eda y presentaba Antonio Fern\u00e1ndez Cid. Pasado el fin de semana habl\u00e1bamos del contenido de dicho programa.<\/i><\/span><\/span><\/p>\n<p style=\"text-align: justify;\" mce_style=\"text-align: justify;\"><span style=\"font-size: medium;\" mce_style=\"font-size: medium;\"><span style=\"font-family: verdana, geneva;\" mce_style=\"font-family: verdana, geneva;\"><i>Desde el a\u00f1o 1971, dejamos de tener contacto por motivos de mi trabajo. Pero fue en el a\u00f1o 1975 cuando volver\u00edamos a tener m\u00e1s relaci\u00f3n, cuando fundamos la Sociedad Cervantina de Esquivias, como se dijo al principio de este acto.<\/i><\/span><\/span><\/p>\n<p style=\"text-align: justify;\" mce_style=\"text-align: justify;\"><span style=\"font-size: medium;\" mce_style=\"font-size: medium;\"><span style=\"font-family: verdana, geneva;\" mce_style=\"font-family: verdana, geneva;\"><i>Tuve la fortuna de disfrutar de esa agradable conversaci\u00f3n de la que Sime hac\u00eda gala, sin vanagloria, simplemente porque \u00e9l era as\u00ed. Y ya habl\u00e1bamos de Cervantes y El Quijote, nada m\u00e1s y nada menos.<\/i><\/span><\/span><\/p>\n<p style=\"text-align: justify;\" mce_style=\"text-align: justify;\"><span style=\"font-size: medium;\" mce_style=\"font-size: medium;\"><span style=\"font-family: verdana, geneva;\" mce_style=\"font-family: verdana, geneva;\"><i>Como se dijo tambi\u00e9n, tuve el honor de suceder a Sime\u00f3n en la presidencia de la Sociedad Cervantina, que no a sustituirle. Eso s\u00ed, antes de aceptarlo por mi parte, lo habl\u00e9 con \u00e9l, pues no se trataba de hacerle a un lado, sino de todo lo contrario, pues yo le dije que si \u00e9l no segu\u00eda aportando sus conocimientos culturales a mi me resultaba muy complicado asumir la presidencia de la Cervantina, por la importancia que tanto \u00e9l como yo, y otras muchas personas, damos al quehacer de esta Asociaci\u00f3n, por el bien del cervantismo y de Esquivias.<\/i><\/span><\/span><\/p>\n<p style=\"text-align: justify;\" mce_style=\"text-align: justify;\"><span style=\"font-size: medium;\" mce_style=\"font-size: medium;\"><span style=\"font-family: verdana, geneva;\" mce_style=\"font-family: verdana, geneva;\"><i>Siempre tuve informado a Sime\u00f3n de las negociaciones que estaba llevando a cabo sobre la consecuci\u00f3n final de la Casa de Cervantes. En alg\u00fan caso, tan s\u00f3lo Sime\u00f3n se hallaba al corriente de ciertos detalles que, en esos momentos, deb\u00edan ser tratados con una cierta discrecci\u00f3n. Esos detalles se aclararon para todos en su d\u00eda.<\/i><\/span><\/span><\/p>\n<p style=\"text-align: justify;\" mce_style=\"text-align: justify;\"><span style=\"font-size: medium;\" mce_style=\"font-size: medium;\"><span style=\"font-family: verdana, geneva;\" mce_style=\"font-family: verdana, geneva;\"><i>Pocas veces he podido ver, con cuanta alegr\u00eda asumi\u00f3 Sime\u00f3n el conocimiento de la resoluci\u00f3n de la propiedad de la Casa de Cervantes a favor del Ayuntamiento de Esquivias, en puesto de que dicha propiedad fuera para la Sociedad Cervantina de Esquivias, como as\u00ed fueron los principios de las negociaciones con la Fundaci\u00f3n Ram\u00f3n Areces, para ser dedicada a futuro Museo, una vez fuera restaurada\u00bb.<\/i><\/span><\/span><\/p>\n<p style=\"text-align: justify;\" mce_style=\"text-align: justify;\">\n<p style=\"text-align: center;\" mce_style=\"text-align: center;\"><img loading=\"lazy\" decoding=\"async\" class=\" size-full wp-image-2400 size-full wp-image-2400\" src=\"http:\/\/www.cervantinaesquivias.org\/wordpress\/wp-content\/uploads\/2016\/11\/simeon-clara-y-guitarra-425.jpg\" mce_src=\"http:\/\/www.cervantinaesquivias.org\/wordpress\/wp-content\/uploads\/2016\/11\/simeon-clara-y-guitarra-425.jpg\" alt=\"alt\" width=\"454\" height=\"392\" srcset=\"http:\/\/www.cervantinaesquivias.org\/wordpress\/wp-content\/uploads\/2016\/11\/simeon-clara-y-guitarra-425.jpg 454w, http:\/\/www.cervantinaesquivias.org\/wordpress\/wp-content\/uploads\/2016\/11\/simeon-clara-y-guitarra-425-300x259.jpg 300w\" sizes=\"auto, (max-width: 454px) 100vw, 454px\" \/><\/p>\n<p style=\"text-align: center;\" mce_style=\"text-align: center;\">(Clara Truchado Mart\u00edn, recitando el poema de Rosell,<\/p>\n<p style=\"text-align: center;\" mce_style=\"text-align: center;\">con el acompa\u00f1amiento a la guitarra de Juan Ignacio).<\/p>\n<p style=\"text-align: justify;\" mce_style=\"text-align: justify;\">\n<p style=\"text-align: justify;\" mce_style=\"text-align: justify;\"><span style=\"font-size: medium;\" mce_style=\"font-size: medium;\"><span style=\"font-family: verdana, geneva;\" mce_style=\"font-family: verdana, geneva;\">A continuaci\u00f3n, la rapsoda esquiviana Clara Truchado Mart\u00edn, acompa\u00f1ada a la guitarra por Ju\u00e1n Ignacio, recit\u00f3 un poema compuesto por Jos\u00e9 Rosell Villasevil, a las figuras de Catalina de Salazar y Palacios y Sime\u00f3n Torrej\u00f3n Moya, uni\u00e9ndoles en el tiempo:<\/span><\/span><\/p>\n<p style=\"text-align: justify;\" mce_style=\"text-align: justify;\"><span style=\"font-size: medium;\" mce_style=\"font-size: medium;\"><span style=\"font-family: verdana, geneva;\" mce_style=\"font-family: verdana, geneva;\"><br \/>\n<\/span><\/span><\/p>\n<p style=\"text-align: center;\" mce_style=\"text-align: center;\"><span style=\"font-size: medium;\" mce_style=\"font-size: medium;\"><span style=\"font-family: verdana, geneva;\" mce_style=\"font-family: verdana, geneva;\"><u>A CATALINA DE SALAZAR Y SIME\u00d3N<\/u><\/span><\/span><\/p>\n<p style=\"text-align: center;\" mce_style=\"text-align: center;\"><span style=\"font-size: small;\" mce_style=\"font-size: small;\"><i style=\"style\" mce_style=\"style\"><span style=\"font-size: medium;\" mce_style=\"font-size: medium;\"><span style=\"font-family: verdana, geneva;\" mce_style=\"font-family: verdana, geneva;\">Se\u00f1oras y se\u00f1ores<\/span><\/span><\/i><\/span><\/p>\n<p style=\"text-align: center;\" mce_style=\"text-align: center;\"><span style=\"font-size: small;\" mce_style=\"font-size: small;\"><i><span style=\"font-size: medium;\" mce_style=\"font-size: medium;\"><span style=\"font-family: verdana, geneva;\" mce_style=\"font-family: verdana, geneva;\">tengan cierto,&nbsp;<\/span><\/span><\/i><\/span><\/p>\n<p style=\"text-align: center;\" mce_style=\"text-align: center;\"><span style=\"font-size: small;\" mce_style=\"font-size: small;\"><i><span style=\"font-size: medium;\" mce_style=\"font-size: medium;\"><span style=\"font-family: verdana, geneva;\" mce_style=\"font-family: verdana, geneva;\">que donde queda<\/span><\/span><\/i><\/span><\/p>\n<p style=\"text-align: center;\" mce_style=\"text-align: center;\"><span style=\"font-size: small;\" mce_style=\"font-size: small;\"><i><span style=\"font-size: medium;\" mce_style=\"font-size: medium;\"><span style=\"font-family: verdana, geneva;\" mce_style=\"font-family: verdana, geneva;\">yerta la palabra,<\/span><\/span><\/i><\/span><\/p>\n<p style=\"text-align: center;\" mce_style=\"text-align: center;\"><span style=\"font-size: small;\" mce_style=\"font-size: small;\"><i><span style=\"font-size: medium;\" mce_style=\"font-size: medium;\"><span style=\"font-family: verdana, geneva;\" mce_style=\"font-family: verdana, geneva;\">en la eterna sonrisa<\/span><\/span><\/i><\/span><\/p>\n<p style=\"text-align: center;\" mce_style=\"text-align: center;\"><span style=\"font-size: small;\" mce_style=\"font-size: small;\"><i><span style=\"font-size: medium;\" mce_style=\"font-size: medium;\"><span style=\"font-family: verdana, geneva;\" mce_style=\"font-family: verdana, geneva;\">de los muertos,<\/span><\/span><\/i><\/span><\/p>\n<p style=\"text-align: center;\" mce_style=\"text-align: center;\"><span style=\"font-size: small;\" mce_style=\"font-size: small;\"><i><span style=\"font-size: medium;\" mce_style=\"font-size: medium;\"><span style=\"font-family: verdana, geneva;\" mce_style=\"font-family: verdana, geneva;\">nace la melod\u00eda<\/span><\/span><\/i><\/span><\/p>\n<p style=\"text-align: center;\" mce_style=\"text-align: center;\"><span style=\"font-size: small;\" mce_style=\"font-size: small;\"><i><span style=\"font-size: medium;\" mce_style=\"font-size: medium;\"><span style=\"font-family: verdana, geneva;\" mce_style=\"font-family: verdana, geneva;\">sublimada<\/span><\/span><\/i><\/span><\/p>\n<p style=\"text-align: center;\" mce_style=\"text-align: center;\"><span style=\"font-size: small;\" mce_style=\"font-size: small;\"><i><span style=\"font-size: medium;\" mce_style=\"font-size: medium;\"><span style=\"font-family: verdana, geneva;\" mce_style=\"font-family: verdana, geneva;\">atenta a la batuta<\/span><\/span><\/i><\/span><\/p>\n<p style=\"text-align: center;\" mce_style=\"text-align: center;\"><span style=\"font-size: small;\" mce_style=\"font-size: small;\"><i><span style=\"font-size: medium;\" mce_style=\"font-size: medium;\"><span style=\"font-family: verdana, geneva;\" mce_style=\"font-family: verdana, geneva;\">de los tiempos.<\/span><\/span><\/i><\/span><\/p>\n<p style=\"text-align: center;\" mce_style=\"text-align: center;\"><span style=\"font-size: medium;\" mce_style=\"font-size: medium;\"><span style=\"font-family: verdana, geneva;\" mce_style=\"font-family: verdana, geneva;\"><br \/>\n<\/span><\/span><\/p>\n<p style=\"text-align: center;\" mce_style=\"text-align: center;\"><span style=\"font-size: small;\" mce_style=\"font-size: small;\"><i><span style=\"font-size: medium;\" mce_style=\"font-size: medium;\"><span style=\"font-family: verdana, geneva;\" mce_style=\"font-family: verdana, geneva;\">Y&#8230;<\/span><\/span><\/i><\/span><\/p>\n<p style=\"text-align: center;\" mce_style=\"text-align: center;\"><span style=\"font-size: medium;\" mce_style=\"font-size: medium;\"><span style=\"font-family: verdana, geneva;\" mce_style=\"font-family: verdana, geneva;\"><br \/>\n<\/span><\/span><\/p>\n<p style=\"text-align: center;\" mce_style=\"text-align: center;\"><span style=\"font-size: small;\" mce_style=\"font-size: small;\"><i><span style=\"font-size: medium;\" mce_style=\"font-size: medium;\"><span style=\"font-family: verdana, geneva;\" mce_style=\"font-family: verdana, geneva;\">Con un clavel bargue\u00f1o<\/span><\/span><\/i><\/span><\/p>\n<p style=\"text-align: center;\" mce_style=\"text-align: center;\"><span style=\"font-size: small;\" mce_style=\"font-size: small;\"><i><span style=\"font-size: medium;\" mce_style=\"font-size: medium;\"><span style=\"font-family: verdana, geneva;\" mce_style=\"font-family: verdana, geneva;\">rojo-grana,<\/span><\/span><\/i><\/span><\/p>\n<p style=\"text-align: center;\" mce_style=\"text-align: center;\"><span style=\"font-size: small;\" mce_style=\"font-size: small;\"><i><span style=\"font-size: medium;\" mce_style=\"font-size: medium;\"><span style=\"font-family: verdana, geneva;\" mce_style=\"font-family: verdana, geneva;\">y un ramito<\/span><\/span><\/i><\/span><\/p>\n<p style=\"text-align: center;\" mce_style=\"text-align: center;\"><span style=\"font-size: small;\" mce_style=\"font-size: small;\"><i><span style=\"font-size: medium;\" mce_style=\"font-size: medium;\"><span style=\"font-family: verdana, geneva;\" mce_style=\"font-family: verdana, geneva;\">de nardos renacidos<\/span><\/span><\/i><\/span><\/p>\n<p style=\"text-align: center;\" mce_style=\"text-align: center;\"><span style=\"font-size: small;\" mce_style=\"font-size: small;\"><i><span style=\"font-size: medium;\" mce_style=\"font-size: medium;\"><span style=\"font-family: verdana, geneva;\" mce_style=\"font-family: verdana, geneva;\">en un Cigarral<\/span><\/span><\/i><\/span><\/p>\n<p style=\"text-align: center;\" mce_style=\"text-align: center;\"><span style=\"font-size: small;\" mce_style=\"font-size: small;\"><i><span style=\"font-size: medium;\" mce_style=\"font-size: medium;\"><span style=\"font-family: verdana, geneva;\" mce_style=\"font-family: verdana, geneva;\">viejo de Toledo,<\/span><\/span><\/i><\/span><\/p>\n<p style=\"text-align: center;\" mce_style=\"text-align: center;\"><span style=\"font-size: small;\" mce_style=\"font-size: small;\"><i><span style=\"font-size: medium;\" mce_style=\"font-size: medium;\"><span style=\"font-family: verdana, geneva;\" mce_style=\"font-family: verdana, geneva;\">rendimos pleites\u00eda<\/span><\/span><\/i><\/span><\/p>\n<p style=\"text-align: center;\" mce_style=\"text-align: center;\"><span style=\"font-size: small;\" mce_style=\"font-size: small;\"><i><span style=\"font-size: medium;\" mce_style=\"font-size: medium;\"><span style=\"font-family: verdana, geneva;\" mce_style=\"font-family: verdana, geneva;\">a la esposa de Cervantes<\/span><\/span><\/i><\/span><\/p>\n<p style=\"text-align: center;\" mce_style=\"text-align: center;\"><span style=\"font-size: small;\" mce_style=\"font-size: small;\"><i><span style=\"font-size: medium;\" mce_style=\"font-size: medium;\"><span style=\"font-family: verdana, geneva;\" mce_style=\"font-family: verdana, geneva;\">do\u00f1a Catalina,<\/span><\/span><\/i><\/span><\/p>\n<p style=\"text-align: center;\" mce_style=\"text-align: center;\"><span style=\"font-size: small;\" mce_style=\"font-size: small;\"><i><span style=\"font-size: medium;\" mce_style=\"font-size: medium;\"><span style=\"font-family: verdana, geneva;\" mce_style=\"font-family: verdana, geneva;\">en su Aniversario,<\/span><\/span><\/i><\/span><\/p>\n<p style=\"text-align: center;\" mce_style=\"text-align: center;\"><span style=\"font-size: small;\" mce_style=\"font-size: small;\"><i><span style=\"font-size: medium;\" mce_style=\"font-size: medium;\"><span style=\"font-family: verdana, geneva;\" mce_style=\"font-family: verdana, geneva;\">y en \u00abSime\u00bb Torrej\u00f3n<\/span><\/span><\/i><\/span><\/p>\n<p style=\"text-align: center;\" mce_style=\"text-align: center;\"><span style=\"font-size: small;\" mce_style=\"font-size: small;\"><i><span style=\"font-size: medium;\" mce_style=\"font-size: medium;\"><span style=\"font-family: verdana, geneva;\" mce_style=\"font-family: verdana, geneva;\">conmemoramos,<\/span><\/span><\/i><\/span><\/p>\n<p style=\"text-align: center;\" mce_style=\"text-align: center;\"><span style=\"font-size: small;\" mce_style=\"font-size: small;\"><i><span style=\"font-size: medium;\" mce_style=\"font-size: medium;\"><span style=\"font-family: verdana, geneva;\" mce_style=\"font-family: verdana, geneva;\">su honrosa Presidencia<\/span><\/span><\/i><\/span><\/p>\n<p style=\"text-align: center;\" mce_style=\"text-align: center;\"><span style=\"font-size: small;\" mce_style=\"font-size: small;\"><i><span style=\"font-size: medium;\" mce_style=\"font-size: medium;\"><span style=\"font-family: verdana, geneva;\" mce_style=\"font-family: verdana, geneva;\">en \u00abLa Cervantina\u00bb.<\/span><\/span><\/i><\/span><\/p>\n<p style=\"text-align: center;\" mce_style=\"text-align: center;\"><span style=\"font-size: medium;\" mce_style=\"font-size: medium;\"><span style=\"font-family: verdana, geneva;\" mce_style=\"font-family: verdana, geneva;\"><br \/>\n<\/span><\/span><\/p>\n<p style=\"text-align: center;\" mce_style=\"text-align: center;\"><span style=\"font-size: small;\" mce_style=\"font-size: small;\"><i><span style=\"font-size: medium;\" mce_style=\"font-size: medium;\"><span style=\"font-family: verdana, geneva;\" mce_style=\"font-family: verdana, geneva;\">Ella callada<\/span><\/span><\/i><\/span><\/p>\n<p style=\"text-align: center;\" mce_style=\"text-align: center;\"><span style=\"font-size: small;\" mce_style=\"font-size: small;\"><i><span style=\"font-size: medium;\" mce_style=\"font-size: medium;\"><span style=\"font-family: verdana, geneva;\" mce_style=\"font-family: verdana, geneva;\">y pura Dulcinea,<\/span><\/span><\/i><\/span><\/p>\n<p style=\"text-align: center;\" mce_style=\"text-align: center;\"><span style=\"font-size: small;\" mce_style=\"font-size: small;\"><i><span style=\"font-size: medium;\" mce_style=\"font-size: medium;\"><span style=\"font-family: verdana, geneva;\" mce_style=\"font-family: verdana, geneva;\">estrella<\/span><\/span><\/i><\/span><\/p>\n<p style=\"text-align: center;\" mce_style=\"text-align: center;\"><span style=\"font-size: small;\" mce_style=\"font-size: small;\"><i><span style=\"font-size: medium;\" mce_style=\"font-size: medium;\"><span style=\"font-family: verdana, geneva;\" mce_style=\"font-family: verdana, geneva;\">de Cervantes matutina<\/span><\/span><\/i><\/span><\/p>\n<p style=\"text-align: center;\" mce_style=\"text-align: center;\"><span style=\"font-size: small;\" mce_style=\"font-size: small;\"><i><span style=\"font-size: medium;\" mce_style=\"font-size: medium;\"><span style=\"font-family: verdana, geneva;\" mce_style=\"font-family: verdana, geneva;\">que le llev\u00f3<\/span><\/span><\/i><\/span><\/p>\n<p style=\"text-align: center;\" mce_style=\"text-align: center;\"><span style=\"font-size: small;\" mce_style=\"font-size: small;\"><i><span style=\"font-size: medium;\" mce_style=\"font-size: medium;\"><span style=\"font-family: verdana, geneva;\" mce_style=\"font-family: verdana, geneva;\">hasta el reino del Parnaso;<\/span><\/span><\/i><\/span><\/p>\n<p style=\"text-align: center;\" mce_style=\"text-align: center;\"><span style=\"font-size: small;\" mce_style=\"font-size: small;\"><i><span style=\"font-size: medium;\" mce_style=\"font-size: medium;\"><span style=\"font-family: verdana, geneva;\" mce_style=\"font-family: verdana, geneva;\">\u00e9l, Sime\u00f3n,<\/span><\/span><\/i><\/span><\/p>\n<p style=\"text-align: center;\" mce_style=\"text-align: center;\"><span style=\"font-size: small;\" mce_style=\"font-size: small;\"><i><span style=\"font-size: medium;\" mce_style=\"font-size: medium;\"><span style=\"font-family: verdana, geneva;\" mce_style=\"font-family: verdana, geneva;\">discreto Caballero<\/span><\/span><\/i><\/span><\/p>\n<p style=\"text-align: center;\" mce_style=\"text-align: center;\"><span style=\"font-size: small;\" mce_style=\"font-size: small;\"><i><span style=\"font-size: medium;\" mce_style=\"font-size: medium;\"><span style=\"font-family: verdana, geneva;\" mce_style=\"font-family: verdana, geneva;\">con el Verde Gab\u00e1n<\/span><\/span><\/i><\/span><\/p>\n<p style=\"text-align: center;\" mce_style=\"text-align: center;\"><span style=\"font-size: small;\" mce_style=\"font-size: small;\"><i><span style=\"font-size: medium;\" mce_style=\"font-size: medium;\"><span style=\"font-family: verdana, geneva;\" mce_style=\"font-family: verdana, geneva;\">por los caminos<\/span><\/span><\/i><\/span><\/p>\n<p style=\"text-align: center;\" mce_style=\"text-align: center;\"><span style=\"font-size: small;\" mce_style=\"font-size: small;\"><i><span style=\"font-size: medium;\" mce_style=\"font-size: medium;\"><span style=\"font-family: verdana, geneva;\" mce_style=\"font-family: verdana, geneva;\">buscando la verdad,<\/span><\/span><\/i><\/span><\/p>\n<p style=\"text-align: center;\" mce_style=\"text-align: center;\"><span style=\"font-size: small;\" mce_style=\"font-size: small;\"><i><span style=\"font-size: medium;\" mce_style=\"font-size: medium;\"><span style=\"font-family: verdana, geneva;\" mce_style=\"font-family: verdana, geneva;\">que no el dinero.<\/span><\/span><\/i><\/span><\/p>\n<p style=\"text-align: center;\" mce_style=\"text-align: center;\"><span style=\"font-size: medium;\" mce_style=\"font-size: medium;\"><span style=\"font-family: verdana, geneva;\" mce_style=\"font-family: verdana, geneva;\"><br \/>\n<\/span><\/span><\/p>\n<p style=\"text-align: center;\" mce_style=\"text-align: center;\"><span style=\"font-size: small;\" mce_style=\"font-size: small;\"><i><span style=\"font-size: medium;\" mce_style=\"font-size: medium;\"><span style=\"font-family: verdana, geneva;\" mce_style=\"font-family: verdana, geneva;\">\u00a1Cerro de Santa B\u00e1rbara<\/span><\/span><\/i><\/span><\/p>\n<p style=\"text-align: center;\" mce_style=\"text-align: center;\"><span style=\"font-size: small;\" mce_style=\"font-size: small;\"><i><span style=\"font-size: medium;\" mce_style=\"font-size: medium;\"><span style=\"font-family: verdana, geneva;\" mce_style=\"font-family: verdana, geneva;\">en los Cielos<\/span><\/span><\/i><\/span><\/p>\n<p style=\"text-align: center;\" mce_style=\"text-align: center;\"><span style=\"font-size: small;\" mce_style=\"font-size: small;\"><i><span style=\"font-size: medium;\" mce_style=\"font-size: medium;\"><span style=\"font-family: verdana, geneva;\" mce_style=\"font-family: verdana, geneva;\">d\u00f3nde Alonso Quijada<\/span><\/span><\/i><\/span><\/p>\n<p style=\"text-align: center;\" mce_style=\"text-align: center;\"><span style=\"font-size: small;\" mce_style=\"font-size: small;\"><i><span style=\"font-size: medium;\" mce_style=\"font-size: medium;\"><span style=\"font-family: verdana, geneva;\" mce_style=\"font-family: verdana, geneva;\">les bendice<\/span><\/span><\/i><\/span><\/p>\n<p style=\"text-align: center;\" mce_style=\"text-align: center;\"><span style=\"font-size: small;\" mce_style=\"font-size: small;\"><i><span style=\"font-size: medium;\" mce_style=\"font-size: medium;\"><span style=\"font-family: verdana, geneva;\" mce_style=\"font-family: verdana, geneva;\">y mantiene a su lado<\/span><\/span><\/i><\/span><\/p>\n<p style=\"text-align: center;\" mce_style=\"text-align: center;\"><span style=\"font-size: small;\" mce_style=\"font-size: small;\"><i><span style=\"font-size: medium;\" mce_style=\"font-size: medium;\"><span style=\"font-family: verdana, geneva;\" mce_style=\"font-family: verdana, geneva;\">los primeros..\u00a1<\/span><\/span><\/i><\/span><\/p>\n<p style=\"text-align: center;\" mce_style=\"text-align: center;\"><span style=\"font-size: medium;\" mce_style=\"font-size: medium;\"><span style=\"font-family: verdana, geneva;\" mce_style=\"font-family: verdana, geneva;\"><br \/>\n<\/span><\/span><\/p>\n<p style=\"text-align: center;\" mce_style=\"text-align: center;\"><span style=\"font-size: small;\" mce_style=\"font-size: small;\"><i><span style=\"font-size: medium;\" mce_style=\"font-size: medium;\"><span style=\"font-family: verdana, geneva;\" mce_style=\"font-family: verdana, geneva;\">En ambos prevalece<\/span><\/span><\/i><\/span><\/p>\n<p style=\"text-align: center;\" mce_style=\"text-align: center;\"><span style=\"font-size: small;\" mce_style=\"font-size: small;\"><i><span style=\"font-size: medium;\" mce_style=\"font-size: medium;\"><span style=\"font-family: verdana, geneva;\" mce_style=\"font-family: verdana, geneva;\">a la palabra alerta<\/span><\/span><\/i><\/span><\/p>\n<p style=\"text-align: center;\" mce_style=\"text-align: center;\"><span style=\"font-size: small;\" mce_style=\"font-size: small;\"><i><span style=\"font-size: medium;\" mce_style=\"font-size: medium;\"><span style=\"font-family: verdana, geneva;\" mce_style=\"font-family: verdana, geneva;\">en alto vuelo,<\/span><\/span><\/i><\/span><\/p>\n<p style=\"text-align: center;\" mce_style=\"text-align: center;\"><span style=\"font-size: small;\" mce_style=\"font-size: small;\"><i><span style=\"font-size: medium;\" mce_style=\"font-size: medium;\"><span style=\"font-family: verdana, geneva;\" mce_style=\"font-family: verdana, geneva;\">y un c\u00e9firo de m\u00fasica<\/span><\/span><\/i><\/span><\/p>\n<p style=\"text-align: center;\" mce_style=\"text-align: center;\"><span style=\"font-size: small;\" mce_style=\"font-size: small;\"><i><span style=\"font-size: medium;\" mce_style=\"font-size: medium;\"><span style=\"font-family: verdana, geneva;\" mce_style=\"font-family: verdana, geneva;\">en arpegios<\/span><\/span><\/i><\/span><\/p>\n<p style=\"text-align: center;\" mce_style=\"text-align: center;\"><span style=\"font-size: small;\" mce_style=\"font-size: small;\"><i><span style=\"font-size: medium;\" mce_style=\"font-size: medium;\"><span style=\"font-family: verdana, geneva;\" mce_style=\"font-family: verdana, geneva;\">del sublime vibrar<\/span><\/span><\/i><\/span><\/p>\n<p style=\"text-align: center;\" mce_style=\"text-align: center;\"><span style=\"font-size: small;\" mce_style=\"font-size: small;\"><i><span style=\"font-size: medium;\" mce_style=\"font-size: medium;\"><span style=\"font-family: verdana, geneva;\" mce_style=\"font-family: verdana, geneva;\">que la guitarra<\/span><\/span><\/i><\/span><\/p>\n<p style=\"text-align: center;\" mce_style=\"text-align: center;\"><span style=\"font-size: small;\" mce_style=\"font-size: small;\"><i><span style=\"font-size: medium;\" mce_style=\"font-size: medium;\"><span style=\"font-family: verdana, geneva;\" mce_style=\"font-family: verdana, geneva;\">-alegr\u00eda y pena-<\/span><\/span><\/i><\/span><\/p>\n<p style=\"text-align: center;\" mce_style=\"text-align: center;\"><span style=\"font-size: small;\" mce_style=\"font-size: small;\"><i><span style=\"font-size: medium;\" mce_style=\"font-size: medium;\"><span style=\"font-family: verdana, geneva;\" mce_style=\"font-family: verdana, geneva;\">les dedica una copla<\/span><\/span><\/i><\/span><\/p>\n<p style=\"text-align: center;\" mce_style=\"text-align: center;\"><span style=\"font-size: small;\" mce_style=\"font-size: small;\"><i><span style=\"font-size: medium;\" mce_style=\"font-size: medium;\"><span style=\"font-family: verdana, geneva;\" mce_style=\"font-family: verdana, geneva;\">en su rasgueo.<\/span><\/span><\/i><\/span><\/p>\n<p style=\"text-align: center;\" mce_style=\"text-align: center;\"><span style=\"font-size: medium;\" mce_style=\"font-size: medium;\"><span style=\"font-family: verdana, geneva;\" mce_style=\"font-family: verdana, geneva;\"><br \/>\n<\/span><\/span><\/p>\n<p style=\"text-align: center;\" mce_style=\"text-align: center;\"><span style=\"font-size: small;\" mce_style=\"font-size: small;\"><i><span style=\"font-size: medium;\" mce_style=\"font-size: medium;\"><span style=\"font-family: verdana, geneva;\" mce_style=\"font-family: verdana, geneva;\">Ante la tumba<\/span><\/span><\/i><\/span><\/p>\n<p style=\"text-align: center;\" mce_style=\"text-align: center;\"><span style=\"font-size: small;\" mce_style=\"font-size: small;\"><i><span style=\"font-size: medium;\" mce_style=\"font-size: medium;\"><span style=\"font-family: verdana, geneva;\" mce_style=\"font-family: verdana, geneva;\">de la palabra cierta<\/span><\/span><\/i><\/span><\/p>\n<p style=\"text-align: center;\" mce_style=\"text-align: center;\"><span style=\"font-size: small;\" mce_style=\"font-size: small;\"><i><span style=\"font-size: medium;\" mce_style=\"font-size: medium;\"><span style=\"font-family: verdana, geneva;\" mce_style=\"font-family: verdana, geneva;\">-fuego y hielo-<\/span><\/span><\/i><\/span><\/p>\n<p style=\"text-align: center;\" mce_style=\"text-align: center;\"><span style=\"font-size: small;\" mce_style=\"font-size: small;\"><i><span style=\"font-size: medium;\" mce_style=\"font-size: medium;\"><span style=\"font-family: verdana, geneva;\" mce_style=\"font-family: verdana, geneva;\">nace la melod\u00eda jubilosa<\/span><\/span><\/i><\/span><\/p>\n<p style=\"text-align: center;\" mce_style=\"text-align: center;\"><span style=\"font-size: small;\" mce_style=\"font-size: small;\"><i><span style=\"font-size: medium;\" mce_style=\"font-size: medium;\"><span style=\"font-family: verdana, geneva;\" mce_style=\"font-family: verdana, geneva;\">fruto del virtuosismo<\/span><\/span><\/i><\/span><\/p>\n<p style=\"text-align: center;\" mce_style=\"text-align: center;\"><span style=\"font-size: small;\" mce_style=\"font-size: small;\"><i><span style=\"font-size: medium;\" mce_style=\"font-size: medium;\"><span style=\"font-family: verdana, geneva;\" mce_style=\"font-family: verdana, geneva;\">de unos dedos.<\/span><\/span><\/i><\/span><\/p>\n<p style=\"text-align: center;\" mce_style=\"text-align: center;\"><span style=\"font-size: medium;\" mce_style=\"font-size: medium;\"><span style=\"font-family: verdana, geneva;\" mce_style=\"font-family: verdana, geneva;\"><br \/>\n<\/span><\/span><\/p>\n<p style=\"text-align: center;\" mce_style=\"text-align: center;\"><span style=\"font-size: small;\" mce_style=\"font-size: small;\"><i style=\"style\" mce_style=\"style\"><span style=\"font-size: medium;\" mce_style=\"font-size: medium;\"><span style=\"font-family: verdana, geneva;\" mce_style=\"font-family: verdana, geneva;\">Jos\u00e9 Rosell, 28-X-2016.<\/span><\/span><\/i><\/span><\/p>\n<p style=\"text-align: justify;\" mce_style=\"text-align: justify;\">\n<p style=\"text-align: justify;\" mce_style=\"text-align: justify;\">\n<p style=\"text-align: justify;\" mce_style=\"text-align: justify;\"><span style=\"font-size: medium;\" mce_style=\"font-size: medium;\"><span style=\"font-family: verdana, geneva;\" mce_style=\"font-family: verdana, geneva;\">Para finalizar el Acto, el d\u00fao compuesto por Adolfo, a la voz, y Juan Ignacio a la guitarra, ofrecieron el recital de m\u00fasica y poes\u00eda:<i> \u00abD\u00f3nde mueren las palabras nace la m\u00fasica\u00bb.<\/i><\/span><\/span><\/p>\n<p style=\"text-align: justify;\" mce_style=\"text-align: justify;\">\n<p style=\"text-align: right;\" mce_style=\"text-align: right;\"><span style=\"font-size: medium;\" mce_style=\"font-size: medium;\"><span mce_style=\"font-family: verdana, geneva;\"><i style=\"style\" mce_style=\"style\"><span style=\"font-size: small;\" mce_style=\"font-size: small;\"><span style=\"font-family: helvetica;\" mce_style=\"font-family: helvetica;\"><b>Sabino de Diego.<\/b><\/span><\/span><\/i><\/span><\/span><\/p>\n<p style=\"text-align: justify;\" mce_style=\"text-align: justify;\">\n<p style=\"text-align: justify;\" mce_style=\"text-align: justify;\">\n<p style=\"text-align: justify;\" mce_style=\"text-align: justify;\">\n<p style=\"text-align: justify;\" mce_style=\"text-align: justify;\"><span style=\"font-size: medium;\" mce_style=\"font-size: medium;\"><span style=\"font-family: verdana, geneva;\" mce_style=\"font-family: verdana, geneva;\"><br \/>\n<\/span><\/span><\/p>\n<p style=\"text-align: justify;\" mce_style=\"text-align: justify;\"><span style=\"font-size: medium;\" mce_style=\"font-size: medium;\"><span style=\"font-family: verdana, geneva;\" mce_style=\"font-family: verdana, geneva;\"><br \/>\n<\/span><\/span><\/p>\n<p style=\"text-align: justify;\" mce_style=\"text-align: justify;\"><span style=\"font-family: verdana, geneva; font-size: small;\" mce_style=\"font-family: verdana, geneva; font-size: small;\"><br \/>\n<\/span><\/p>\n<p style=\"text-align: justify;\" mce_style=\"text-align: justify;\"><span style=\"font-size: medium;\" mce_style=\"font-size: medium;\"><span style=\"font-family: verdana, geneva;\" mce_style=\"font-family: verdana, geneva;\"><br \/>\n<\/span><\/span><\/p>\n<p style=\"text-align: justify;\" mce_style=\"text-align: justify;\"><span style=\"font-size: medium;\" mce_style=\"font-size: medium;\"><span style=\"font-family: verdana, geneva;\" mce_style=\"font-family: verdana, geneva;\"><br \/>\n<\/span><\/span><\/p>\n<p style=\"text-align: justify;\" mce_style=\"text-align: justify;\">\n<p style=\"text-align: justify;\" mce_style=\"text-align: justify;\">\n<p style=\"text-align: justify;\" mce_style=\"text-align: justify;\"><span style=\"font-size: medium;\" mce_style=\"font-size: medium;\"><span style=\"font-family: verdana, geneva;\" mce_style=\"font-family: verdana, geneva;\"><br \/>\n<\/span><\/span><\/p>\n<p style=\"text-align: justify;\" mce_style=\"text-align: justify;\"><span style=\"font-size: medium;\" mce_style=\"font-size: medium;\"><span style=\"font-family: verdana, geneva;\" mce_style=\"font-family: verdana, geneva;\"><br \/>\n<\/span><\/span><\/p>\n<p style=\"text-align: justify;\" mce_style=\"text-align: justify;\"><span style=\"font-size: medium;\" mce_style=\"font-size: medium;\"><span style=\"font-family: verdana, geneva;\" mce_style=\"font-family: verdana, geneva;\"><br \/>\n<\/span><\/span><\/p>\n<p style=\"text-align: justify;\" mce_style=\"text-align: justify;\"><span style=\"font-size: medium;\" mce_style=\"font-size: medium;\"><span style=\"font-family: verdana, geneva;\" mce_style=\"font-family: verdana, geneva;\"><br \/>\n<\/span><\/span><\/p>\n<p style=\"text-align: justify;\" mce_style=\"text-align: justify;\"><span style=\"font-size: medium;\" mce_style=\"font-size: medium;\"><span style=\"font-family: verdana, geneva;\" mce_style=\"font-family: verdana, geneva;\"><br \/>\n<\/span><\/span><\/p>\n<p style=\"text-align: justify;\" mce_style=\"text-align: justify;\">\n<p style=\"text-align: justify;\" mce_style=\"text-align: justify;\"><span style=\"font-size: medium;\" mce_style=\"font-size: medium;\"><br \/>\n<\/span><\/p>\n<p style=\"text-align: justify;\" mce_style=\"text-align: justify;\"><span style=\"font-family: verdana, geneva; font-size: small;\" mce_style=\"font-family: verdana, geneva; font-size: small;\"><br \/>\n<\/span><\/p>\n<p style=\"text-align: justify;\" mce_style=\"text-align: justify;\"><span style=\"font-size: medium;\" mce_style=\"font-size: medium;\"><span style=\"font-family: verdana, geneva;\" mce_style=\"font-family: verdana, geneva;\"><br \/>\n<\/span><\/span><\/p>\n<p style=\"text-align: justify;\" mce_style=\"text-align: justify;\"><span style=\"font-size: medium;\" mce_style=\"font-size: medium;\"><span style=\"font-family: verdana, geneva;\" mce_style=\"font-family: verdana, geneva;\"><br \/>\n<\/span><\/span><\/p>\n<p style=\"text-align: justify;\" mce_style=\"text-align: justify;\"><span style=\"font-size: medium;\" mce_style=\"font-size: medium;\"><span style=\"font-family: verdana, geneva;\" mce_style=\"font-family: verdana, geneva;\"><br \/>\n<\/span><\/span><\/p>\n<p style=\"text-align: justify;\" mce_style=\"text-align: justify;\"><span style=\"font-size: medium;\" mce_style=\"font-size: medium;\"><span style=\"font-family: verdana, geneva;\" mce_style=\"font-family: verdana, geneva;\">&nbsp;<\/span><\/span><\/p>\n<p style=\"text-align: justify;\" mce_style=\"text-align: justify;\"><span style=\"font-size: medium;\" mce_style=\"font-size: medium;\"><span style=\"font-family: verdana, geneva;\" mce_style=\"font-family: verdana, geneva;\"><br \/>\n<\/span><\/span><\/p>\n<p style=\"text-align: justify;\" mce_style=\"text-align: justify;\"><span style=\"font-size: medium;\" mce_style=\"font-size: medium;\"><span style=\"font-family: verdana, geneva;\" mce_style=\"font-family: verdana, geneva;\"><br \/>\n<\/span><\/span><\/p>\n<p style=\"text-align: justify;\" mce_style=\"text-align: justify;\"><span style=\"font-family: verdana, geneva; font-size: small;\" mce_style=\"font-family: verdana, geneva; font-size: small;\"><br \/>\n<\/span><\/p>\n<p style=\"text-align: justify;\" mce_style=\"text-align: justify;\"><span style=\"font-family: verdana, geneva; font-size: small;\" mce_style=\"font-family: verdana, geneva; font-size: small;\"><br \/>\n<\/span><\/p>\n<p style=\"text-align: justify;\" mce_style=\"text-align: justify;\"><span style=\"font-size: medium;\" mce_style=\"font-size: medium;\"><span style=\"font-family: verdana, geneva;\" mce_style=\"font-family: verdana, geneva;\"><br \/>\n<\/span><\/span><\/p>\n<p style=\"text-align: justify;\" mce_style=\"text-align: justify;\"><span style=\"font-size: medium;\" mce_style=\"font-size: medium;\"><span style=\"font-family: verdana, geneva;\" mce_style=\"font-family: verdana, geneva;\"><br \/>\n<\/span><\/span><\/p>\n","protected":false},"excerpt":{"rendered":"<p>ILUSTRE PERSONAJE DE ESQUIVIAS: DON SIME\u00d3N TORREJ\u00d3N MOYA. La Sociedad Cervantina de Esquivias, ha organizado un Acto In Memoriam dedicado [&hellip;]<\/p>\n","protected":false},"author":1,"featured_media":2377,"comment_status":"open","ping_status":"open","sticky":false,"template":"","format":"standard","meta":{"footnotes":""},"categories":[24,17],"tags":[],"class_list":["post-2401","post","type-post","status-publish","format-standard","has-post-thumbnail","hentry","category-ilustres-cervantistas","category-ilustres-esquivianos"],"_links":{"self":[{"href":"http:\/\/www.cervantinaesquivias.org\/wordpress\/wp-json\/wp\/v2\/posts\/2401","targetHints":{"allow":["GET"]}}],"collection":[{"href":"http:\/\/www.cervantinaesquivias.org\/wordpress\/wp-json\/wp\/v2\/posts"}],"about":[{"href":"http:\/\/www.cervantinaesquivias.org\/wordpress\/wp-json\/wp\/v2\/types\/post"}],"author":[{"embeddable":true,"href":"http:\/\/www.cervantinaesquivias.org\/wordpress\/wp-json\/wp\/v2\/users\/1"}],"replies":[{"embeddable":true,"href":"http:\/\/www.cervantinaesquivias.org\/wordpress\/wp-json\/wp\/v2\/comments?post=2401"}],"version-history":[{"count":1,"href":"http:\/\/www.cervantinaesquivias.org\/wordpress\/wp-json\/wp\/v2\/posts\/2401\/revisions"}],"predecessor-version":[{"id":2711,"href":"http:\/\/www.cervantinaesquivias.org\/wordpress\/wp-json\/wp\/v2\/posts\/2401\/revisions\/2711"}],"wp:featuredmedia":[{"embeddable":true,"href":"http:\/\/www.cervantinaesquivias.org\/wordpress\/wp-json\/wp\/v2\/media\/2377"}],"wp:attachment":[{"href":"http:\/\/www.cervantinaesquivias.org\/wordpress\/wp-json\/wp\/v2\/media?parent=2401"}],"wp:term":[{"taxonomy":"category","embeddable":true,"href":"http:\/\/www.cervantinaesquivias.org\/wordpress\/wp-json\/wp\/v2\/categories?post=2401"},{"taxonomy":"post_tag","embeddable":true,"href":"http:\/\/www.cervantinaesquivias.org\/wordpress\/wp-json\/wp\/v2\/tags?post=2401"}],"curies":[{"name":"wp","href":"https:\/\/api.w.org\/{rel}","templated":true}]}}