{"id":2337,"date":"2016-06-30T15:29:50","date_gmt":"2016-06-30T15:29:50","guid":{"rendered":"http:\/\/www.cervantinaesquivias.org\/wordpress\/2016\/06\/30\/el-morisco-ricote-nombrado-hijo-adoptivo-de-ojos-valle-de-ricote-murcia\/"},"modified":"2016-06-30T15:29:50","modified_gmt":"2016-06-30T15:29:50","slug":"el-morisco-ricote-nombrado-hijo-adoptivo-de-ojos-valle-de-ricote-murcia","status":"publish","type":"post","link":"http:\/\/www.cervantinaesquivias.org\/wordpress\/2016\/06\/30\/el-morisco-ricote-nombrado-hijo-adoptivo-de-ojos-valle-de-ricote-murcia\/","title":{"rendered":"EL MORISCO RICOTE, NOMBRADO HIJO ADOPTIVO DE OJ\u00d3S, VALLE DE RICOTE, MURCIA"},"content":{"rendered":"<p style=\"text-align: justify;\" mce_style=\"text-align: justify;\"><span style=\"font-size: medium;\" mce_style=\"font-size: medium;\"><span style=\"font-family: verdana, geneva;\" mce_style=\"font-family: verdana, geneva;\">El Ayuntamiento Pleno de Oj\u00f3s, Valle de Ricote, Murcia, a aprobado por unanimidad de todos sus miembros, el nombramiento del Morisco Ricote como Hijo Adoptivo de dicha poblaci\u00f3n.<\/span><\/span><\/p>\n<p style=\"text-align: justify;\" mce_style=\"text-align: justify;\"><span style=\"font-size: medium;\" mce_style=\"font-size: medium;\"><span style=\"font-family: verdana, geneva;\" mce_style=\"font-family: verdana, geneva;\">La propuesta, redactada por su Alcalde, Don Pablo Melgarejo Moreno, entre otras cosas destaca:<\/span><\/span><\/p>\n<p style=\"text-align: justify;\" mce_style=\"text-align: justify;\"><span style=\"font-size: medium;\" mce_style=\"font-size: medium;\"><span style=\"font-family: verdana, geneva;\" mce_style=\"font-family: verdana, geneva;\"><i><b>\u00abEl Morisco Ricote tiene para Cervantes un doble significado: por un lado, Cervantes, entre 1584 y 1586, vive con su mujer Catalina de Palacios en el pueblo de Esquivias, donde conocer\u00e1 a una familia de moriscos granadinos deportados en 1571 y cuyo apellido era Ricote. Por otro lado, su vivencia directa del drama final de los moriscos en el valle de Ricote debi\u00f3 alentar al escritor para adpotar ese nombre\u00bb.<\/b><\/i><\/span><\/span><\/p>\n<p style=\"text-align: justify;\" mce_style=\"text-align: justify;\"><span style=\"font-size: medium;\" mce_style=\"font-size: medium;\"><span style=\"font-family: verdana, geneva;\" mce_style=\"font-family: verdana, geneva;\">Don Jos\u00e9 Rosell Villasevil, Presidente de la Sociedad Cervantina de Esquivias, y en su nombre, ha felicitado al Sr. Alcalde de Oj\u00f3s, Don Pablo Melgarejo, y a la Corporaci\u00f3n Municipal, por el acierto de dicho nombramiento, de cuya carta entresacamos:<\/span><\/span><\/p>\n<p style=\"text-align: justify;\" mce_style=\"text-align: justify;\"><span style=\"font-size: medium;\" mce_style=\"font-size: medium;\"><span style=\"font-family: verdana, geneva;\" mce_style=\"font-family: verdana, geneva;\"><i><b>\u00ab&#8230;el alto honor de felicitar al Ilustre Se\u00f1or Don Pablo Melgarejo Moreno, Alcalde-Presidente del Excmo. Ayuntamiento -junto a la Corporaci\u00f3n en Pleno- de Oj\u00f3s, en la Comarca del feraz y laborioso Valle de Ricote (Murcia), por la iniciativa y posterior un\u00e1nime apoyo, de nombrar Hijo Adoptivo al Morisco Ricote, uno de los personajes de la Segunda Parte del Quijote mas entra\u00f1able, muestra evidente de la oposici\u00f3n interna de Cervantes ante aquella b\u00e1rbara y obligada di\u00e1spora de ya leg\u00edtimos espa\u00f1oles, promovida por el decadente e irresponsable Felipe III.<\/b><\/i><\/span><\/span><\/p>\n<p style=\"text-align: justify;\" mce_style=\"text-align: justify;\"><span style=\"font-size: medium;\" mce_style=\"font-size: medium;\"><span style=\"font-family: verdana, geneva;\" mce_style=\"font-family: verdana, geneva;\"><i><b>Efectivamente, Esquivias mantiene en su historia, el grato recuerdo de aquellas familias moriscas, entre ellas la de Ricote, integradas inclusive con la hidalgu\u00eda esquiviana, vecinos honrosos del Lugar, desde su deportaci\u00f3n de sus tierras granadinas en 1571.<\/b><\/i><\/span><\/span><\/p>\n<p style=\"text-align: justify;\" mce_style=\"text-align: justify;\"><span style=\"font-size: medium;\" mce_style=\"font-size: medium;\"><span style=\"font-family: verdana, geneva;\" mce_style=\"font-family: verdana, geneva;\"><i><b>La figura de Ricote en la inmortal obra cervantina, dice m\u00e1s que todos los tratados juntos que se han publicado al respecto&#8230;\u00bb<\/b><\/i><\/span><\/span><\/p>\n<p style=\"text-align: justify;\" mce_style=\"text-align: justify;\"><\/p>\n<p style=\"text-align: justify;\" mce_style=\"text-align: justify;\"><\/p>\n<p style=\"text-align: center;\" mce_style=\"text-align: center;\"><img loading=\"lazy\" decoding=\"async\" class=\" size-full wp-image-2336 size-full wp-image-2336\" src=\"http:\/\/www.cervantinaesquivias.org\/wordpress\/wp-content\/uploads\/2016\/06\/imagen-ojs.jpg\" mce_src=\"http:\/\/www.cervantinaesquivias.org\/wordpress\/wp-content\/uploads\/2016\/06\/imagen-ojs.jpg\" alt=\"alt\" width=\"720\" height=\"479\" srcset=\"http:\/\/www.cervantinaesquivias.org\/wordpress\/wp-content\/uploads\/2016\/06\/imagen-ojs.jpg 720w, http:\/\/www.cervantinaesquivias.org\/wordpress\/wp-content\/uploads\/2016\/06\/imagen-ojs-300x200.jpg 300w\" sizes=\"auto, (max-width: 720px) 100vw, 720px\" \/><\/p>\n<p style=\"text-align: justify;\" mce_style=\"text-align: justify;\"><\/p>\n<p style=\"text-align: right;\" mce_style=\"text-align: right;\"><span style=\"font-size: small;\" mce_style=\"font-size: small;\"><span style=\"font-family: helvetica;\" mce_style=\"font-family: helvetica;\"><i><b>Sabino de Diego.<\/b><\/i><\/span><\/span><\/p>\n","protected":false},"excerpt":{"rendered":"<p>El Ayuntamiento Pleno de Oj\u00f3s, Valle de Ricote, Murcia, a aprobado por unanimidad de todos sus miembros, el nombramiento del [&hellip;]<\/p>\n","protected":false},"author":1,"featured_media":2336,"comment_status":"open","ping_status":"open","sticky":false,"template":"","format":"standard","meta":{"footnotes":""},"categories":[7],"tags":[],"class_list":["post-2337","post","type-post","status-publish","format-standard","has-post-thumbnail","hentry","category-noticias-cervantina"],"_links":{"self":[{"href":"http:\/\/www.cervantinaesquivias.org\/wordpress\/wp-json\/wp\/v2\/posts\/2337","targetHints":{"allow":["GET"]}}],"collection":[{"href":"http:\/\/www.cervantinaesquivias.org\/wordpress\/wp-json\/wp\/v2\/posts"}],"about":[{"href":"http:\/\/www.cervantinaesquivias.org\/wordpress\/wp-json\/wp\/v2\/types\/post"}],"author":[{"embeddable":true,"href":"http:\/\/www.cervantinaesquivias.org\/wordpress\/wp-json\/wp\/v2\/users\/1"}],"replies":[{"embeddable":true,"href":"http:\/\/www.cervantinaesquivias.org\/wordpress\/wp-json\/wp\/v2\/comments?post=2337"}],"version-history":[{"count":0,"href":"http:\/\/www.cervantinaesquivias.org\/wordpress\/wp-json\/wp\/v2\/posts\/2337\/revisions"}],"wp:featuredmedia":[{"embeddable":true,"href":"http:\/\/www.cervantinaesquivias.org\/wordpress\/wp-json\/wp\/v2\/media\/2336"}],"wp:attachment":[{"href":"http:\/\/www.cervantinaesquivias.org\/wordpress\/wp-json\/wp\/v2\/media?parent=2337"}],"wp:term":[{"taxonomy":"category","embeddable":true,"href":"http:\/\/www.cervantinaesquivias.org\/wordpress\/wp-json\/wp\/v2\/categories?post=2337"},{"taxonomy":"post_tag","embeddable":true,"href":"http:\/\/www.cervantinaesquivias.org\/wordpress\/wp-json\/wp\/v2\/tags?post=2337"}],"curies":[{"name":"wp","href":"https:\/\/api.w.org\/{rel}","templated":true}]}}