{"id":2319,"date":"2016-05-10T13:29:14","date_gmt":"2016-05-10T13:29:14","guid":{"rendered":"http:\/\/www.cervantinaesquivias.org\/wordpress\/2016\/05\/10\/jornadas-de-debate-sobre-cervantes-y-el-morisco-ricote-ojos-valle-del-ricote-murcia-7-y-8-de-mayo-de-2016\/"},"modified":"2016-05-10T13:29:14","modified_gmt":"2016-05-10T13:29:14","slug":"jornadas-de-debate-sobre-cervantes-y-el-morisco-ricote-ojos-valle-del-ricote-murcia-7-y-8-de-mayo-de-2016","status":"publish","type":"post","link":"http:\/\/www.cervantinaesquivias.org\/wordpress\/2016\/05\/10\/jornadas-de-debate-sobre-cervantes-y-el-morisco-ricote-ojos-valle-del-ricote-murcia-7-y-8-de-mayo-de-2016\/","title":{"rendered":"JORNADAS DE DEBATE SOBRE CERVANTES Y EL MORISCO RICOTE. OJ\u00d3S &#8211; VALLE DE RICOTE &#8211; MURCIA. 7 y 8 DE MAYO DE 2016."},"content":{"rendered":"<p style=\"text-align: justify;\" mce_style=\"text-align: justify;\"><span style=\"font-size: medium;\" mce_style=\"font-size: medium;\"><span style=\"font-family: verdana, geneva;\" mce_style=\"font-family: verdana, geneva;\">Durante los pasados d\u00edas 7 y 8 de Mayo de 2016, se han celebrado en Oj\u00f3s (Murcia) -Valle deRicote-, Las Jornadas de debate sobre Cervantes y el morisco Ricote, en conmemoraci\u00f3n de IV CENTENARIO DE LA MUERTE DE MIGUEL DE CERVANTES SAAVEDRA.<\/span><\/span><\/p>\n<p style=\"text-align: justify;\" mce_style=\"text-align: justify;\"><\/p>\n<p style=\"text-align: center;\" mce_style=\"text-align: center;\"><img loading=\"lazy\" decoding=\"async\" class=\" size-full wp-image-2316 size-full wp-image-2316\" src=\"http:\/\/www.cervantinaesquivias.org\/wordpress\/wp-content\/uploads\/2016\/05\/moriscos-ojos-cartel-web.jpg\" mce_src=\"http:\/\/www.cervantinaesquivias.org\/wordpress\/wp-content\/uploads\/2016\/05\/moriscos-ojos-cartel-web.jpg\" alt=\"alt\" width=\"709\" height=\"1002\" srcset=\"http:\/\/www.cervantinaesquivias.org\/wordpress\/wp-content\/uploads\/2016\/05\/moriscos-ojos-cartel-web.jpg 709w, http:\/\/www.cervantinaesquivias.org\/wordpress\/wp-content\/uploads\/2016\/05\/moriscos-ojos-cartel-web-212x300.jpg 212w\" sizes=\"auto, (max-width: 709px) 100vw, 709px\" \/><\/p>\n<p style=\"text-align: justify;\" mce_style=\"text-align: justify;\"><span style=\"font-size: medium;\" mce_style=\"font-size: medium;\"><span style=\"font-family: verdana, geneva;\" mce_style=\"font-family: verdana, geneva;\"><br \/><\/span><\/span><\/p>\n<p style=\"text-align: justify;\" mce_style=\"text-align: justify;\"><span style=\"font-size: medium;\" mce_style=\"font-size: medium;\"><span style=\"font-family: verdana, geneva;\" mce_style=\"font-family: verdana, geneva;\">El acto fue presentado por Don Jos\u00e9 L\u00f3pez Salinas, primer Teniente de Alcalde de Oj\u00f3s, y Don Jos\u00e9-Emilio Palaz\u00f3<\/span><span style=\"color: rgb(0, 0, 0);\" mce_style=\"color: #000000;\">n Mar\u00edn, Director de la Asociaci\u00f3n \u00abBelenes del Mundo\u00bb <\/span><span style=\"font-family: verdana, geneva;\" mce_style=\"font-family: verdana, geneva;\">de Oj\u00f3s, Murcia, participando como conferenciantes:\u00c2\u00a0<\/span><\/span><\/p>\n<p><\/p>\n<p><\/p>\n<p><\/p>\n<p style=\"text-align: justify;\" mce_style=\"text-align: justify;\"><span style=\"font-size: medium;\" mce_style=\"font-size: medium;\"><span style=\"font-family: verdana, geneva;\" mce_style=\"font-family: verdana, geneva;\">D. Miguel Romero Saiz, Doctor en Historia. Director de UNED de Cuenca. Acad\u00e9mico Correspondiente de la Real Academia de la Historia. Cronista Oficial de la ciudad de Cuenca, con la conferencia: \u00abLiteratura y Moriscos\u00bb.<\/span><\/span><\/p>\n<p style=\"text-align: justify;\" mce_style=\"text-align: justify;\"><\/p>\n<p style=\"text-align: justify;\" mce_style=\"text-align: justify;\"><span style=\"font-size: medium;\" mce_style=\"font-size: medium;\"><span style=\"font-family: verdana, geneva;\" mce_style=\"font-family: verdana, geneva;\">D. Sabino de Diego Romero, Director Ejecutivo de la Sociedad Cervantina de Esquivias (Toledo), que disert\u00f3 sobre: \u00abEl morisco Ricote del Quijote, natural y vecino del Lugar de Esquivias\u00bb.<\/span><\/span><\/p>\n<p style=\"text-align: justify;\" mce_style=\"text-align: justify;\"><\/p>\n<p style=\"text-align: justify;\" mce_style=\"text-align: justify;\"><span style=\"font-size: medium;\" mce_style=\"font-size: medium;\"><span style=\"font-family: verdana, geneva;\" mce_style=\"font-family: verdana, geneva;\">D. Luis Lis\u00f3n Hern\u00e1ndez, Cronista Oficial de Oj\u00f3s -Murcia-. Secretario General de la Real Asociaci\u00f3n Espa\u00f1ola de Cronistas Oficiales, con \u00abOj\u00f3s en tiempos de Cervantes\u00bb.<\/span><\/span><\/p>\n<p style=\"text-align: justify;\" mce_style=\"text-align: justify;\"><\/p>\n<p style=\"text-align: justify;\" mce_style=\"text-align: justify;\"><span style=\"font-size: medium;\" mce_style=\"font-size: medium;\"><span style=\"font-family: verdana, geneva;\" mce_style=\"font-family: verdana, geneva;\">D. Enrique P\u00e9rez Ca\u00f1amares, Doctor en Geograf\u00eda e Historia y Antropolog\u00eda. Director del Centro de Estudios Moriscos del Mediterr\u00e1neo (CEMM). que disert\u00f3 sobre: \u00abLos otros Ricotes que no describi\u00f3 Cervantes\u00bb.<\/span><\/span><\/p>\n<p style=\"text-align: justify;\" mce_style=\"text-align: justify;\"><\/p>\n<p style=\"text-align: justify;\" mce_style=\"text-align: justify;\"><span style=\"font-size: medium;\" mce_style=\"font-size: medium;\"><span style=\"font-family: verdana, geneva;\" mce_style=\"font-family: verdana, geneva;\">El d\u00eda 08 de Mayo, tuvo lugar un acto de exaltaci\u00f3n en el \u00abJard\u00edn de los Expulsos\u00bb, de Oj\u00f3s, con la presencia del Alcalde de Oj\u00f3s, Don Pablo Melgarejo Moreno, con la lectura de un fragmento del Cap\u00edtulo LIV de la Segunda Parte del Quijote, y la colocaci\u00f3n de un ramo de flores en el monolito de los expulsos de Oj\u00f3s, sito en dicho Jard\u00edn.<\/span><\/span><\/p>\n<p style=\"text-align: justify;\" mce_style=\"text-align: justify;\"><span style=\"font-size: medium;\" mce_style=\"font-size: medium;\"><span style=\"font-family: verdana, geneva;\" mce_style=\"font-family: verdana, geneva;\">Finaliz\u00f3 el acto en la Iglesia de San Agust\u00edn de Oj\u00f3s, con un concierto de clave, bajo el t\u00edtulo \u00abCanciones, diferencias, danzas y otros ta\u00f1idos\u00bb. Viaje musical a la Europa de Miguel de Cervantes, a cargo de Do\u00f1a Silvia M\u00e1rquez, directora art\u00edstica del grupo de m\u00fasic<\/span><span style=\"font-family: verdana, geneva;\" mce_style=\"font-family: verdana, geneva;\">a <span style=\"color: rgb(0, 0, 0);\" mce_style=\"color: #000000;\">antigua \u00abLa Tempestad\u00bb.<\/span><\/span><\/span><\/p>\n<p style=\"text-align: justify;\" mce_style=\"text-align: justify;\"><\/p>\n<p style=\"text-align: justify;\" mce_style=\"text-align: justify;\"><span style=\"font-size: medium;\" mce_style=\"font-size: medium;\"><span style=\"font-family: verdana, geneva;\" mce_style=\"font-family: verdana, geneva;\">Han colaborado en los actos referidos: El Ayuntamiento de Oj\u00f3s -Murcia-; Casa-Mediterr\u00e1neo -Instituci\u00f3n p\u00fablica para el conocimiento mutuo entre Espa\u00f1a y los pa\u00edses Mediterr\u00e1neos, dependiente del Ministerio de Asuntos Exteriores y de Cooperaci\u00f3n-; Centro de Estudios Moriscos del Mediterr\u00e1neo; Asociaci\u00f3n Cultural OXOX; y el Museo de Belenes del Mundo, de Oj\u00f3s.<\/span><\/span><\/p>\n<p style=\"text-align: justify;\" mce_style=\"text-align: justify;\"><\/p>\n<p style=\"text-align: center;\" mce_style=\"text-align: center;\"><span style=\"font-size: medium;\" mce_style=\"font-size: medium;\"><span style=\"font-family: verdana, geneva;\" mce_style=\"font-family: verdana, geneva;\"><img loading=\"lazy\" decoding=\"async\" class=\" size-full wp-image-2317 size-full wp-image-2317\" src=\"http:\/\/www.cervantinaesquivias.org\/wordpress\/wp-content\/uploads\/2016\/05\/moriscos-ojos-programa-web.jpg\" mce_src=\"http:\/\/www.cervantinaesquivias.org\/wordpress\/wp-content\/uploads\/2016\/05\/moriscos-ojos-programa-web.jpg\" alt=\"alt\" width=\"709\" height=\"1002\" srcset=\"http:\/\/www.cervantinaesquivias.org\/wordpress\/wp-content\/uploads\/2016\/05\/moriscos-ojos-programa-web.jpg 709w, http:\/\/www.cervantinaesquivias.org\/wordpress\/wp-content\/uploads\/2016\/05\/moriscos-ojos-programa-web-212x300.jpg 212w\" sizes=\"auto, (max-width: 709px) 100vw, 709px\" \/><br \/><\/span><\/span><\/p>\n<p style=\"text-align: justify;\" mce_style=\"text-align: justify;\"><\/p>\n<p style=\"text-align: justify;\" mce_style=\"text-align: justify;\"><span style=\"font-size: medium;\" mce_style=\"font-size: medium;\"><span style=\"font-family: verdana, geneva;\" mce_style=\"font-family: verdana, geneva;\">Para ver la p\u00e1gina oficial de las Jornadas sobre Cervantes y el morisco Ricote, pinchar sobre la imagen siguiente.<\/span><\/span><\/p>\n<p style=\"text-align: justify;\" mce_style=\"text-align: justify;\"><\/p>\n<p style=\"text-align: center;\" mce_style=\"text-align: center;\"><img mce_name=\"a\" name=\"https:\/\/centrodestudiosmoriscos.com\" class=\"mceItemAnchor\" \/><a href=\"https:\/\/centrodestudiosmoriscos.com\" mce_href=\"https:\/\/centrodestudiosmoriscos.com\"><img loading=\"lazy\" decoding=\"async\" class=\" size-full wp-image-2318 size-full wp-image-2318\" src=\"http:\/\/www.cervantinaesquivias.org\/wordpress\/wp-content\/uploads\/2016\/05\/moriscos-ojos-logotipo-web.jpg\" mce_src=\"http:\/\/www.cervantinaesquivias.org\/wordpress\/wp-content\/uploads\/2016\/05\/moriscos-ojos-logotipo-web.jpg\" alt=\"alt\" width=\"236\" height=\"231\" \/><\/a><\/p>\n<p style=\"text-align: justify;\" mce_style=\"text-align: justify;\"><\/p>\n<p style=\"text-align: right;\" mce_style=\"text-align: right;\"><span style=\"font-size: small;\" mce_style=\"font-size: small;\"><span style=\"font-family: helvetica;\" mce_style=\"font-family: helvetica;\"><i><b>Sabino de Diego.<\/b><\/i><\/span><\/span><\/p>\n<p style=\"text-align: justify;\" mce_style=\"text-align: justify;\"><\/p>\n<p style=\"text-align: justify;\" mce_style=\"text-align: justify;\"><\/p>\n<p style=\"text-align: justify;\" mce_style=\"text-align: justify;\"><span style=\"font-size: medium;\" mce_style=\"font-size: medium;\"><span style=\"font-family: verdana, geneva;\" mce_style=\"font-family: verdana, geneva;\"><br \/><\/span><\/span><\/p>\n<p style=\"text-align: justify;\" mce_style=\"text-align: justify;\"><\/p>\n<p style=\"text-align: justify;\" mce_style=\"text-align: justify;\"><span style=\"font-size: medium;\" mce_style=\"font-size: medium;\"><span style=\"font-family: verdana, geneva;\" mce_style=\"font-family: verdana, geneva;\"><br \/><\/span><\/span><\/p>\n","protected":false},"excerpt":{"rendered":"<p>Durante los pasados d\u00edas 7 y 8 de Mayo de 2016, se han celebrado en Oj\u00f3s (Murcia) -Valle deRicote-, Las [&hellip;]<\/p>\n","protected":false},"author":1,"featured_media":2316,"comment_status":"open","ping_status":"open","sticky":false,"template":"","format":"standard","meta":{"footnotes":""},"categories":[7],"tags":[],"class_list":["post-2319","post","type-post","status-publish","format-standard","has-post-thumbnail","hentry","category-noticias-cervantina"],"_links":{"self":[{"href":"http:\/\/www.cervantinaesquivias.org\/wordpress\/wp-json\/wp\/v2\/posts\/2319","targetHints":{"allow":["GET"]}}],"collection":[{"href":"http:\/\/www.cervantinaesquivias.org\/wordpress\/wp-json\/wp\/v2\/posts"}],"about":[{"href":"http:\/\/www.cervantinaesquivias.org\/wordpress\/wp-json\/wp\/v2\/types\/post"}],"author":[{"embeddable":true,"href":"http:\/\/www.cervantinaesquivias.org\/wordpress\/wp-json\/wp\/v2\/users\/1"}],"replies":[{"embeddable":true,"href":"http:\/\/www.cervantinaesquivias.org\/wordpress\/wp-json\/wp\/v2\/comments?post=2319"}],"version-history":[{"count":0,"href":"http:\/\/www.cervantinaesquivias.org\/wordpress\/wp-json\/wp\/v2\/posts\/2319\/revisions"}],"wp:featuredmedia":[{"embeddable":true,"href":"http:\/\/www.cervantinaesquivias.org\/wordpress\/wp-json\/wp\/v2\/media\/2316"}],"wp:attachment":[{"href":"http:\/\/www.cervantinaesquivias.org\/wordpress\/wp-json\/wp\/v2\/media?parent=2319"}],"wp:term":[{"taxonomy":"category","embeddable":true,"href":"http:\/\/www.cervantinaesquivias.org\/wordpress\/wp-json\/wp\/v2\/categories?post=2319"},{"taxonomy":"post_tag","embeddable":true,"href":"http:\/\/www.cervantinaesquivias.org\/wordpress\/wp-json\/wp\/v2\/tags?post=2319"}],"curies":[{"name":"wp","href":"https:\/\/api.w.org\/{rel}","templated":true}]}}