{"id":2315,"date":"2016-04-30T16:03:47","date_gmt":"2016-04-30T16:03:47","guid":{"rendered":"http:\/\/www.cervantinaesquivias.org\/wordpress\/2016\/04\/30\/el-libro-qensenanzas-del-quijote-para-la-vida-modernaq-de-eugenio-suarez-galban-madrid-2016\/"},"modified":"2016-04-30T16:03:47","modified_gmt":"2016-04-30T16:03:47","slug":"el-libro-qensenanzas-del-quijote-para-la-vida-modernaq-de-eugenio-suarez-galban-madrid-2016","status":"publish","type":"post","link":"http:\/\/www.cervantinaesquivias.org\/wordpress\/2016\/04\/30\/el-libro-qensenanzas-del-quijote-para-la-vida-modernaq-de-eugenio-suarez-galban-madrid-2016\/","title":{"rendered":"EL LIBRO \u00abENSE\u00d1ANZAS DEL QUIJOTE PARA LA VIDA MODERNA\u00bb, DE EUGENIO SU\u00c1REZ-GALB\u00c1N. MADRID 2016."},"content":{"rendered":"<p style=\"text-align: justify;\" mce_style=\"text-align: justify;\"><span style=\"font-size: medium;\" mce_style=\"font-size: medium;\"><span style=\"font-family: verdana, geneva;\" mce_style=\"font-family: verdana, geneva;\">Eugenio Su\u00e1rez-Galb\u00e1n ha escrito y editado su \u00faltimo libro \u00abEnse\u00f1anzas del Quijote para la Vida Moderna\u00bb.\u00a0<\/span><\/span><\/p>\n<p style=\"text-align: justify;\"><span style=\"font-size: medium;\" mce_style=\"font-size: medium;\"><span style=\"font-family: verdana, geneva;\" mce_style=\"font-family: verdana, geneva;\">Ser\u00e1 presentado en el Instituto Internacional de Espa\u00f1a, C\/ Miguel \u00c1ngel, 8, Madrid. el d\u00eda 11 de mayo de 2016, a las 19,30 horas.<\/span><\/span><\/p>\n<p style=\"text-align: justify;\"><span style=\"font-size: medium;\" mce_style=\"font-size: medium;\"><span style=\"font-family: verdana, geneva;\" mce_style=\"font-family: verdana, geneva;\"><br \/><\/span><\/span><\/p>\n<p style=\"text-align: center;\" mce_style=\"text-align: center;\"><img loading=\"lazy\" decoding=\"async\" class=\" size-full wp-image-2314 size-full wp-image-2314\" src=\"http:\/\/www.cervantinaesquivias.org\/wordpress\/wp-content\/uploads\/2016\/04\/eugenio-suarez-portada-web.jpg\" mce_src=\"http:\/\/www.cervantinaesquivias.org\/wordpress\/wp-content\/uploads\/2016\/04\/eugenio-suarez-portada-web.jpg\" alt=\"alt\" width=\"709\" height=\"1081\" srcset=\"http:\/\/www.cervantinaesquivias.org\/wordpress\/wp-content\/uploads\/2016\/04\/eugenio-suarez-portada-web.jpg 709w, http:\/\/www.cervantinaesquivias.org\/wordpress\/wp-content\/uploads\/2016\/04\/eugenio-suarez-portada-web-197x300.jpg 197w, http:\/\/www.cervantinaesquivias.org\/wordpress\/wp-content\/uploads\/2016\/04\/eugenio-suarez-portada-web-672x1024.jpg 672w\" sizes=\"auto, (max-width: 709px) 100vw, 709px\" \/><\/p>\n<p style=\"text-align: justify;\" mce_style=\"text-align: justify;\"><span style=\"font-size: medium;\" mce_style=\"font-size: medium;\"><span style=\"font-family: verdana, geneva;\" mce_style=\"font-family: verdana, geneva;\"><br \/><\/span><\/span><\/p>\n<p style=\"text-align: justify;\" mce_style=\"text-align: justify;\"><span style=\"font-size: medium;\" mce_style=\"font-size: medium;\"><span style=\"font-family: verdana, geneva;\" mce_style=\"font-family: verdana, geneva;\">En este libro, Su\u00e1rez-Galv\u00e1n analiza aspectos como: Crisis de la lectura y p\u00e9rdida de valores; El solo leer es ya de una utilidad inapreciable, y otros an\u00e1lisis, a caballo entre biograf\u00eda de Cervantes y sus razonamiento en la publicaci\u00f3n de Don Quijote.<\/span><\/span><\/p>\n<p style=\"text-align: justify;\" mce_style=\"text-align: justify;\"><span style=\"font-size: medium;\" mce_style=\"font-size: medium;\"><span style=\"font-family: verdana, geneva;\" mce_style=\"font-family: verdana, geneva;\">Dice el autor: \u00abFue el propio Cervantes quien defendi\u00f3 un conocimiento pr\u00e1ctico y aplicable a nuestra experiencia cotidiana y por ello nos ense\u00f1\u00f3, entre otras muchas cosas, c\u00f3mo actuar para sacarle el mayor partido a determinadas circunstancias de la vida o c\u00f3mo evitar complic\u00e1rnosla m\u00e1s de la cuenta.<\/span><\/span><\/p>\n<p style=\"text-align: justify;\" mce_style=\"text-align: justify;\"><span style=\"font-size: medium;\" mce_style=\"font-size: medium;\"><span style=\"font-family: verdana, geneva;\" mce_style=\"font-family: verdana, geneva;\">Este libro realiza una lectura pr\u00e1ctica y divertida del texto cervantino, no solo desde una perspectiva individual sino, tambi\u00e9n, social. As\u00ed, nos proporciona una valiosa informaci\u00f3n pr\u00e1ctica sobre cuestiones tan relevantes como las virtudes del di\u00e1logo, la dignidad o la democracia, el amor o la misoginia, el humor o la tolerancia, las buenas intenciones y los malos resultados o las bondades y peligros del dinero. \u00a0Y como al final siempre se encuentra la muerte, la obra tambi\u00e9n nos prepara para recibirla con dignidad\u00bb.<\/span><\/span><\/p>\n<p style=\"text-align: justify;\" mce_style=\"text-align: justify;\"><span style=\"font-size: medium;\" mce_style=\"font-size: medium;\"><span style=\"font-family: verdana, geneva;\" mce_style=\"font-family: verdana, geneva;\">Eugenio Su\u00e1rez-Galb\u00e1n obtuvo el Doctorado por la Universidad de Nueva York.<\/span><\/span><\/p>\n<p style=\"text-align: justify;\" mce_style=\"text-align: justify;\"><span style=\"font-size: medium;\" mce_style=\"font-size: medium;\"><span style=\"font-family: verdana, geneva;\" mce_style=\"font-family: verdana, geneva;\">En 1992 obtiene el premio S\u00e9samo con \u00abBalada de la guerra hermosa\u00bb.<\/span><\/span><\/p>\n<p style=\"text-align: justify;\" mce_style=\"text-align: justify;\"><span style=\"font-size: medium;\" mce_style=\"font-size: medium;\"><span style=\"font-family: verdana, geneva;\" mce_style=\"font-family: verdana, geneva;\">Eugenio Su\u00e1rez-Galban ha sido profesor durante cincuenta a\u00f1os en universidades de Espa\u00f1a y Am\u00e9rica. Ha ense\u00f1ado a m\u00faltiples generaciones de estudiantes la obra maestra de Cervantes. Cr\u00edtico literario, novelista y poeta, el Quijote ha estado siempre presente en su obra, bien como tema de estudio, bien como modelo de escritura. Considera su mayor dicha cervantina haber sido nombrado \u00abQuijote del A\u00f1o 1988\u00bb por la Sociedad Cervantina de Esquivias, el lugar de nacimiento de la esposa de Cervantes, en cuya casa escribi\u00f3 partes del Quijote.<\/span><\/span><\/p>\n<p style=\"text-align: justify;\" mce_style=\"text-align: justify;\"><span style=\"font-size: medium;\" mce_style=\"font-size: medium;\"><span style=\"color: rgb(0, 0, 0);\" mce_style=\"color: #000000;\"><span style=\"font-family: verdana, geneva;\" mce_style=\"font-family: verdana, geneva;\">En la recuperaci\u00f3n de la Casa de Cervantes para poder ser utilizada como Museo de Cervantes, Eugenio Su\u00e1rez-Galban recopil\u00f3 mas de 1.200 firmas en favor de que esta Casa fuera adquirida por <span style=\"font-size: medium;\" mce_style=\"font-size: medium;\">la Administraci\u00f3n, para el objeto pretendido. Entre las firmas que recopil\u00f3, se hallan las de Francisco Ayala, galardonado en 1991 con el Premio Miguel de Cervantes, y en 1998 con el Premio Pr\u00edncipe de Asturias de las Letras; Carlos Bouso\u00f1o, Premio Nacional de Poes\u00eda de 1988, y otras personalidades de las letras.<\/span><\/span><\/span><\/span><\/p>\n<p style=\"text-align: justify;\" mce_style=\"text-align: justify;\"><span style=\"font-size: medium;\" mce_style=\"font-size: medium;\"><span style=\"font-family: verdana, geneva;\" mce_style=\"font-family: verdana, geneva;\">El ISBN: 978-84-16523-14-6. Editado por KAILAS. Madrid. Abril de 2016.<\/span><\/span><\/p>\n<p style=\"text-align: right;\" mce_style=\"text-align: right;\"><\/p>\n<p style=\"text-align: right;\" mce_style=\"text-align: right;\"><span style=\"font-size: small;\" mce_style=\"font-size: small;\"><span style=\"font-family: helvetica;\" mce_style=\"font-family: helvetica;\"><i><b>Sabino de Diego.<\/b><\/i><\/span><\/span><\/p>\n<p style=\"text-align: justify;\" mce_style=\"text-align: justify;\"><\/p>\n<p style=\"text-align: justify;\" mce_style=\"text-align: justify;\"><\/p>\n<p style=\"text-align: justify;\" mce_style=\"text-align: justify;\"><\/p>\n<p style=\"text-align: justify;\" mce_style=\"text-align: justify;\"><\/p>\n<p style=\"text-align: justify;\" mce_style=\"text-align: justify;\"><span style=\"font-size: medium;\" mce_style=\"font-size: medium;\"><span style=\"color: rgb(255, 0, 0);\" mce_style=\"color: #ff0000;\"><br \/><\/span><\/span><\/p>\n","protected":false},"excerpt":{"rendered":"<p>Eugenio Su\u00e1rez-Galb\u00e1n ha escrito y editado su \u00faltimo libro \u00abEnse\u00f1anzas del Quijote para la Vida Moderna\u00bb.\u00a0 Ser\u00e1 presentado en el [&hellip;]<\/p>\n","protected":false},"author":1,"featured_media":2314,"comment_status":"open","ping_status":"open","sticky":false,"template":"","format":"standard","meta":{"footnotes":""},"categories":[7],"tags":[],"class_list":["post-2315","post","type-post","status-publish","format-standard","has-post-thumbnail","hentry","category-noticias-cervantina"],"_links":{"self":[{"href":"http:\/\/www.cervantinaesquivias.org\/wordpress\/wp-json\/wp\/v2\/posts\/2315","targetHints":{"allow":["GET"]}}],"collection":[{"href":"http:\/\/www.cervantinaesquivias.org\/wordpress\/wp-json\/wp\/v2\/posts"}],"about":[{"href":"http:\/\/www.cervantinaesquivias.org\/wordpress\/wp-json\/wp\/v2\/types\/post"}],"author":[{"embeddable":true,"href":"http:\/\/www.cervantinaesquivias.org\/wordpress\/wp-json\/wp\/v2\/users\/1"}],"replies":[{"embeddable":true,"href":"http:\/\/www.cervantinaesquivias.org\/wordpress\/wp-json\/wp\/v2\/comments?post=2315"}],"version-history":[{"count":0,"href":"http:\/\/www.cervantinaesquivias.org\/wordpress\/wp-json\/wp\/v2\/posts\/2315\/revisions"}],"wp:featuredmedia":[{"embeddable":true,"href":"http:\/\/www.cervantinaesquivias.org\/wordpress\/wp-json\/wp\/v2\/media\/2314"}],"wp:attachment":[{"href":"http:\/\/www.cervantinaesquivias.org\/wordpress\/wp-json\/wp\/v2\/media?parent=2315"}],"wp:term":[{"taxonomy":"category","embeddable":true,"href":"http:\/\/www.cervantinaesquivias.org\/wordpress\/wp-json\/wp\/v2\/categories?post=2315"},{"taxonomy":"post_tag","embeddable":true,"href":"http:\/\/www.cervantinaesquivias.org\/wordpress\/wp-json\/wp\/v2\/tags?post=2315"}],"curies":[{"name":"wp","href":"https:\/\/api.w.org\/{rel}","templated":true}]}}