{"id":2305,"date":"2016-03-26T11:00:50","date_gmt":"2016-03-26T11:00:50","guid":{"rendered":"http:\/\/www.cervantinaesquivias.org\/wordpress\/2016\/03\/26\/qdon-quijote-en-la-espana-de-la-reina-letiziaq-de-amando-de-miguel-presentado-en-madrid\/"},"modified":"2016-03-26T11:00:50","modified_gmt":"2016-03-26T11:00:50","slug":"qdon-quijote-en-la-espana-de-la-reina-letiziaq-de-amando-de-miguel-presentado-en-madrid","status":"publish","type":"post","link":"http:\/\/www.cervantinaesquivias.org\/wordpress\/2016\/03\/26\/qdon-quijote-en-la-espana-de-la-reina-letiziaq-de-amando-de-miguel-presentado-en-madrid\/","title":{"rendered":"\u00abDON QUIJOTE EN LA ESPA\u00d1A DE LA REINA LETIZIA\u00bb. DE AMANDO DE MIGUEL, PRESENTADO EN MADRID."},"content":{"rendered":"<p><\/p>\n<p style=\"text-align: justify;\" mce_style=\"text-align: justify;\"><span style=\"font-size: medium;\" mce_style=\"font-size: medium;\"><span style=\"font-family: verdana, geneva;\" mce_style=\"font-family: verdana, geneva;\">Amando de Miguel, catedr\u00e1tico em\u00e9rito de Sociolog\u00eda por la Universidad Complutense, ha presentado su \u00faltimo libro \u00abDON QUIJOTE en la Espa\u00f1a de la Reina Letizia\u00bb en la sala de la revista Leer, en Madrid.<\/span><\/span><\/p>\n<p style=\"text-align: justify;\" mce_style=\"text-align: justify;\"><span style=\"font-size: medium;\" mce_style=\"font-size: medium;\"><span style=\"font-family: verdana, geneva;\" mce_style=\"font-family: verdana, geneva;\">Ante el numeroso p\u00fablico asistente, en la presentaci\u00f3n del libro intervinieron, por parte de la Editorial Stella Maris, Eduard, su gerente, que hizo hincapi\u00e9, a modo de introducci\u00f3n, en la aparici\u00f3n por el Lugar de Esquivias, su pueblo natal, de Don Alonso Quijano, <i>alter ego<\/i> de Don Quijote<\/span><\/span><span style=\"font-family: verdana, geneva; font-size: medium; line-height: 1.3em;\" mce_style=\"font-family: verdana, geneva; font-size: medium; line-height: 1.3em;\">, cuatrocientos a\u00f1os despu\u00e9s de su primera aparici\u00f3n en papel, siendo acompa\u00f1ado en esta ocasi\u00f3n por Sancho Gaona, descendiente directo de su escudero y amigo Sancho Panza. Traslad\u00e1ndose desde Esquivias, al ser \u00e9ste del Lugar de donde era natural y resid\u00eda Sancho Gaona, a Toledo, Madrid y Barcelona, entre otras poblaciones.<\/span><\/p>\n<p style=\"text-align: justify;\" mce_style=\"text-align: justify;\"><\/p>\n<p style=\"text-align: justify;\" mce_style=\"text-align: justify;\"><span style=\"font-size: medium;\" mce_style=\"font-size: medium;\"><span style=\"font-family: verdana, geneva;\" mce_style=\"font-family: verdana, geneva;\"><br \/><\/span><\/span><\/p>\n<p style=\"text-align: center;\" mce_style=\"text-align: center;\"><span style=\"font-size: medium;\" mce_style=\"font-size: medium;\"><span style=\"font-family: verdana, geneva;\" mce_style=\"font-family: verdana, geneva;\"><img loading=\"lazy\" decoding=\"async\" class=\" size-full wp-image-2302 size-full wp-image-2302\" src=\"http:\/\/www.cervantinaesquivias.org\/wordpress\/wp-content\/uploads\/2016\/03\/amando-portada-web.jpg\" mce_src=\"http:\/\/www.cervantinaesquivias.org\/wordpress\/wp-content\/uploads\/2016\/03\/amando-portada-web.jpg\" alt=\"alt\" width=\"709\" height=\"1081\" srcset=\"http:\/\/www.cervantinaesquivias.org\/wordpress\/wp-content\/uploads\/2016\/03\/amando-portada-web.jpg 709w, http:\/\/www.cervantinaesquivias.org\/wordpress\/wp-content\/uploads\/2016\/03\/amando-portada-web-197x300.jpg 197w, http:\/\/www.cervantinaesquivias.org\/wordpress\/wp-content\/uploads\/2016\/03\/amando-portada-web-672x1024.jpg 672w\" sizes=\"auto, (max-width: 709px) 100vw, 709px\" \/><\/span><\/span><\/p>\n<p style=\"text-align: center;\" mce_style=\"text-align: center;\">(Portada del libro)<\/p>\n<p style=\"text-align: center;\" mce_style=\"text-align: center;\"><\/p>\n<p style=\"text-align: center;\" mce_style=\"text-align: center;\"><span style=\"font-size: medium;\" mce_style=\"font-size: medium;\"><span style=\"font-family: verdana, geneva;\" mce_style=\"font-family: verdana, geneva;\"><br \/><\/span><\/span><\/p>\n<p style=\"text-align: justify;\" mce_style=\"text-align: justify;\"><span style=\"font-size: medium;\" mce_style=\"font-size: medium;\"><span style=\"font-family: verdana, geneva;\" mce_style=\"font-family: verdana, geneva;\">La presentaci\u00f3n del libro como tal, corri\u00f3 a cargo del periodista Carlos Cuesta, que, sin entrar en detalles de su contenido, hizo un\u00a0<\/span><\/span><span style=\"font-family: verdana, geneva; font-size: medium; line-height: 1.3em;\" mce_style=\"font-family: verdana, geneva; font-size: medium; line-height: 1.3em;\">glosario de las cualidades intelectuales del autor, no sin antes declarar que su propia presencia en el texto de este libro es de forma casual, y solo por la expresa voluntad del autor.<\/span><\/p>\n<p style=\"text-align: justify;\" mce_style=\"text-align: justify;\"><span style=\"font-size: medium;\" mce_style=\"font-size: medium;\"><span style=\"font-family: verdana, geneva;\" mce_style=\"font-family: verdana, geneva;\">Con su f\u00e1cil y contundente oratoria, Cuesta llam\u00f3 la atenci\u00f3n de los presentes en algunos aspectos con los que Don Alonso Quijano, en el libro, queda sorprendido y admirado por la nuevas tecnolog\u00edas de que se disponen en el Siglo XXI.\u00a0<\/span><\/span><\/p>\n<p style=\"text-align: justify;\" mce_style=\"text-align: justify;\"><\/p>\n<p style=\"text-align: justify;\" mce_style=\"text-align: justify;\"><\/p>\n<p style=\"text-align: center;\" mce_style=\"text-align: center;\"><img loading=\"lazy\" decoding=\"async\" class=\" size-full wp-image-2303 size-full wp-image-2303\" src=\"http:\/\/www.cervantinaesquivias.org\/wordpress\/wp-content\/uploads\/2016\/03\/amando-pres-01.jpg\" mce_src=\"http:\/\/www.cervantinaesquivias.org\/wordpress\/wp-content\/uploads\/2016\/03\/amando-pres-01.jpg\" alt=\"alt\" width=\"709\" height=\"334\" srcset=\"http:\/\/www.cervantinaesquivias.org\/wordpress\/wp-content\/uploads\/2016\/03\/amando-pres-01.jpg 709w, http:\/\/www.cervantinaesquivias.org\/wordpress\/wp-content\/uploads\/2016\/03\/amando-pres-01-300x141.jpg 300w\" sizes=\"auto, (max-width: 709px) 100vw, 709px\" \/><\/p>\n<p style=\"text-align: center;\" mce_style=\"text-align: center;\">(Carlos Cuesta, Carlos Cuestarriba en el libro, en el uso de la palabra, ante la atenta mirada de Eduard y de Amando de Miguel).<\/p>\n<p style=\"text-align: justify;\" mce_style=\"text-align: justify;\"><\/p>\n<p style=\"text-align: justify;\" mce_style=\"text-align: justify;\"><\/p>\n<p style=\"text-align: justify;\" mce_style=\"text-align: justify;\"><\/p>\n<p style=\"text-align: center;\" mce_style=\"text-align: center;\"><span style=\"font-size: medium;\" mce_style=\"font-size: medium;\"><span style=\"font-family: verdana, geneva;\" mce_style=\"font-family: verdana, geneva;\"><img loading=\"lazy\" decoding=\"async\" class=\" size-full wp-image-2304 size-full wp-image-2304\" src=\"http:\/\/www.cervantinaesquivias.org\/wordpress\/wp-content\/uploads\/2016\/03\/amando-pres-02.jpg\" mce_src=\"http:\/\/www.cervantinaesquivias.org\/wordpress\/wp-content\/uploads\/2016\/03\/amando-pres-02.jpg\" alt=\"alt\" width=\"709\" height=\"477\" srcset=\"http:\/\/www.cervantinaesquivias.org\/wordpress\/wp-content\/uploads\/2016\/03\/amando-pres-02.jpg 709w, http:\/\/www.cervantinaesquivias.org\/wordpress\/wp-content\/uploads\/2016\/03\/amando-pres-02-300x202.jpg 300w\" sizes=\"auto, (max-width: 709px) 100vw, 709px\" \/><\/span><\/span><\/p>\n<p style=\"text-align: center;\" mce_style=\"text-align: center;\">(Amando de Miguel en el uso de la palabra).<\/p>\n<p style=\"text-align: center;\" mce_style=\"text-align: center;\"><\/p>\n<p style=\"text-align: justify;\" mce_style=\"text-align: justify;\"><span style=\"font-size: medium;\" mce_style=\"font-size: medium;\"><span style=\"font-family: verdana, geneva;\" mce_style=\"font-family: verdana, geneva;\">Por \u00faltimo, tom\u00f3 la palabra Don Amando de Miguel, para glosar aspectos destacables, para \u00e9l, de este su \u00faltimo libro.\u00a0<\/span><\/span><\/p>\n<p style=\"text-align: justify;\" mce_style=\"text-align: justify;\"><span style=\"font-size: medium;\" mce_style=\"font-size: medium;\"><span style=\"font-family: verdana, geneva;\" mce_style=\"font-family: verdana, geneva;\">Primeramente, comunica que sit\u00faa la trama del libro en el mes de Agosto de 2016, siendo todo lo escrito de rabiosa actualidad, como el lector podr\u00e1 comprobar.<\/span><\/span><\/p>\n<p style=\"text-align: justify;\" mce_style=\"text-align: justify;\"><span style=\"font-size: medium;\" mce_style=\"font-size: medium;\"><span style=\"font-family: verdana, geneva;\" mce_style=\"font-family: verdana, geneva;\">Explic\u00f3 como Don Alonso Quijano aparece por el Lugar de Esquivias, su pueblo natal, cuatrocientos a\u00f1os despu\u00e9s de haber sido conocidas las aventuras de Don Quijote. Y lo hace de la mano de Sancho Gaona, descendiente directo de Sancho Panza, su fiel escudero y amigo.\u00a0<\/span><\/span><\/p>\n<p style=\"text-align: justify;\" mce_style=\"text-align: justify;\"><span style=\"font-size: medium;\" mce_style=\"font-size: medium;\"><span style=\"font-family: verdana, geneva;\" mce_style=\"font-family: verdana, geneva;\">De como se halla en la celebraci\u00f3n de un Pleno extraordinario convocado por la Alcaldesa de Esquivias, para debatir este hecho singular de la aparici\u00f3n de Don Alonso, por voluntad del sabio Merlin, de nuevo en Esquivias.<\/span><\/span><\/p>\n<p style=\"text-align: justify;\" mce_style=\"text-align: justify;\"><span style=\"font-size: medium;\" mce_style=\"font-size: medium;\"><span style=\"font-family: verdana, geneva;\" mce_style=\"font-family: verdana, geneva;\">La presentaci\u00f3n del libro fue todo lo amena que caracteriza al autor, y al libro, ya que se trata de una exposici\u00f3n de conceptos vistos desde el punto de vista de Don Alonso, que resultan c\u00f3micos, en algunos casos, y dram\u00e1ticos en otros; subyaciendo una cr\u00edtica social y pol\u00edtica, siempre desde el punto de vista de bien entendido humor.<\/span><\/span><\/p>\n<p style=\"text-align: justify;\" mce_style=\"text-align: justify;\"><span style=\"font-size: medium;\" mce_style=\"font-size: medium;\"><span style=\"font-family: verdana, geneva;\" mce_style=\"font-family: verdana, geneva;\">Dice el autor: \u00abPongamos que don Quijote reaparece misteriosamente en nuestro mundo. Tendr\u00eda gracia explorar c\u00f3mo interpreta algunas de nuestras costumbres, man\u00edas y modos de pensar. Eso es lo que se propone ilustrar esta novela, un ejercicio libre de fantas\u00eda y de an\u00e1lisis sobre la Espa\u00f1a actual, esencialmente ir\u00f3nico, par\u00f3dico y pol\u00e9mico.<\/span><\/span><\/p>\n<p style=\"text-align: justify;\" mce_style=\"text-align: justify;\"><span style=\"font-size: medium;\" mce_style=\"font-size: medium;\"><span style=\"font-family: verdana, geneva;\" mce_style=\"font-family: verdana, geneva;\">El famoso hidalgo se queda maravillado ante las escaleras mec\u00e1nicas, la profusi\u00f3n de im\u00e1genes o el papel higi\u00e9nico, entre otros descubrimientos. Pero le escandaliza el atuendo veraniego de las mujeres, el rebuzno est\u00e9tico de los grafitis o el h\u00e1bito de comer y beber en todas las partes y a todas horas. Discute apasionadamente con pol\u00edticos, tertulianos de la tele y cervantistas. Alumbra algunos misterios sobre la vida y obra de Cervantres. Emula la aventura de liberar a los galeotes tratando de encabezar la protesta de los inmigrantes \u00absin papeles\u00bb. Tropieza dram\u00e1ticamente con la Justicia y con los yihadistas.<\/span><\/span><\/p>\n<p style=\"text-align: justify;\" mce_style=\"text-align: justify;\"><span style=\"font-size: medium;\" mce_style=\"font-size: medium;\"><span style=\"font-family: verdana, geneva;\" mce_style=\"font-family: verdana, geneva;\"><b>El texto rebosa imaginaci\u00f3n, ternura y humor. Se resuelve en un divertido juego de lenguajes: el castellano actual y el de hace cuatro siglos. El desenlace de la extra\u00f1a historia tendr\u00e1 que completarlo el curioso lector<\/b>\u00ab.<\/span><\/span><\/p>\n<p style=\"text-align: justify;\" mce_style=\"text-align: justify;\"><span style=\"font-size: medium;\" mce_style=\"font-size: medium;\"><span style=\"font-family: verdana, geneva;\" mce_style=\"font-family: verdana, geneva;\">Editorial Stella Maris.<\/span><\/span><\/p>\n<p style=\"text-align: justify;\" mce_style=\"text-align: justify;\"><span style=\"font-size: medium;\" mce_style=\"font-size: medium;\"><span style=\"font-family: verdana, geneva;\" mce_style=\"font-family: verdana, geneva;\">C\u00f3digo ISBN: <b>978-84-16541-45-4.<\/b><\/span><\/span><\/p>\n<p style=\"text-align: justify;\" mce_style=\"text-align: justify;\"><span style=\"font-size: medium;\" mce_style=\"font-size: medium;\"><span style=\"font-family: verdana, geneva;\" mce_style=\"font-family: verdana, geneva;\">Madrid, febrero de 2016.<\/span><\/span><\/p>\n<p style=\"text-align: right;\" mce_style=\"text-align: right;\"><i><b><span style=\"font-family: helvetica;\" mce_style=\"font-family: helvetica;\">Sabino de Diego.<\/span><\/b><\/i><\/p>\n<p style=\"text-align: center;\" mce_style=\"text-align: center;\"><\/p>\n<p style=\"text-align: center;\" mce_style=\"text-align: center;\"><\/p>\n<p style=\"text-align: center;\" mce_style=\"text-align: center;\"><span style=\"font-size: medium;\" mce_style=\"font-size: medium;\"><span style=\"font-family: verdana, geneva;\" mce_style=\"font-family: verdana, geneva;\"><br \/><\/span><\/span><\/p>\n","protected":false},"excerpt":{"rendered":"<p>Amando de Miguel, catedr\u00e1tico em\u00e9rito de Sociolog\u00eda por la Universidad Complutense, ha presentado su \u00faltimo libro \u00abDON QUIJOTE en la [&hellip;]<\/p>\n","protected":false},"author":1,"featured_media":2302,"comment_status":"open","ping_status":"open","sticky":false,"template":"","format":"standard","meta":{"footnotes":""},"categories":[7],"tags":[],"class_list":["post-2305","post","type-post","status-publish","format-standard","has-post-thumbnail","hentry","category-noticias-cervantina"],"_links":{"self":[{"href":"http:\/\/www.cervantinaesquivias.org\/wordpress\/wp-json\/wp\/v2\/posts\/2305","targetHints":{"allow":["GET"]}}],"collection":[{"href":"http:\/\/www.cervantinaesquivias.org\/wordpress\/wp-json\/wp\/v2\/posts"}],"about":[{"href":"http:\/\/www.cervantinaesquivias.org\/wordpress\/wp-json\/wp\/v2\/types\/post"}],"author":[{"embeddable":true,"href":"http:\/\/www.cervantinaesquivias.org\/wordpress\/wp-json\/wp\/v2\/users\/1"}],"replies":[{"embeddable":true,"href":"http:\/\/www.cervantinaesquivias.org\/wordpress\/wp-json\/wp\/v2\/comments?post=2305"}],"version-history":[{"count":0,"href":"http:\/\/www.cervantinaesquivias.org\/wordpress\/wp-json\/wp\/v2\/posts\/2305\/revisions"}],"wp:featuredmedia":[{"embeddable":true,"href":"http:\/\/www.cervantinaesquivias.org\/wordpress\/wp-json\/wp\/v2\/media\/2302"}],"wp:attachment":[{"href":"http:\/\/www.cervantinaesquivias.org\/wordpress\/wp-json\/wp\/v2\/media?parent=2305"}],"wp:term":[{"taxonomy":"category","embeddable":true,"href":"http:\/\/www.cervantinaesquivias.org\/wordpress\/wp-json\/wp\/v2\/categories?post=2305"},{"taxonomy":"post_tag","embeddable":true,"href":"http:\/\/www.cervantinaesquivias.org\/wordpress\/wp-json\/wp\/v2\/tags?post=2305"}],"curies":[{"name":"wp","href":"https:\/\/api.w.org\/{rel}","templated":true}]}}