{"id":2301,"date":"2016-01-27T20:52:51","date_gmt":"2016-01-27T20:52:51","guid":{"rendered":"http:\/\/www.cervantinaesquivias.org\/wordpress\/2016\/01\/27\/prueba-de-video\/"},"modified":"2016-01-27T20:52:51","modified_gmt":"2016-01-27T20:52:51","slug":"prueba-de-video","status":"publish","type":"post","link":"http:\/\/www.cervantinaesquivias.org\/wordpress\/2016\/01\/27\/prueba-de-video\/","title":{"rendered":"JORNADAS CERVANTINAS DE ESQUIVIAS. DICIEMBRE DE 2016. PROGRAMA DE ACTOS DE LA JCCM."},"content":{"rendered":"<p style=\"text-align: justify;\" mce_style=\"text-align: justify;\"><span style=\"font-size: medium;\" mce_style=\"font-size: medium;\"><span style=\"font-family: verdana, geneva;\" mce_style=\"font-family: verdana, geneva;\">La Junta de Comunidades de Castilla La Mancha, a trav\u00e9s de la Direcci\u00f3n General de Turismo y Artesan\u00eda, ha presentado en FITUR un amplio Programa de Actividades a desarrollar a lo largo y ancho de la geograf\u00eda Castellano-Manchega, en conmemoraci\u00f3n del IV Centenario de la muerte de Miguel de Cervantes.<\/span><\/span><\/p>\n<p style=\"text-align: justify;\" mce_style=\"text-align: justify;\"><\/p>\n<p style=\"text-align: justify;\" mce_style=\"text-align: justify;\"><\/p>\n<p style=\"text-align: center;\" mce_style=\"text-align: center;\"><img loading=\"lazy\" decoding=\"async\" class=\" size-full wp-image-2297 size-full wp-image-2297\" src=\"http:\/\/www.cervantinaesquivias.org\/wordpress\/wp-content\/uploads\/2016\/01\/actos-iv-centenario-web.jpg\" mce_src=\"http:\/\/www.cervantinaesquivias.org\/wordpress\/wp-content\/uploads\/2016\/01\/actos-iv-centenario-web.jpg\" alt=\"alt\" width=\"709\" height=\"696\" srcset=\"http:\/\/www.cervantinaesquivias.org\/wordpress\/wp-content\/uploads\/2016\/01\/actos-iv-centenario-web.jpg 709w, http:\/\/www.cervantinaesquivias.org\/wordpress\/wp-content\/uploads\/2016\/01\/actos-iv-centenario-web-300x294.jpg 300w\" sizes=\"auto, (max-width: 709px) 100vw, 709px\" \/><\/p>\n<p style=\"text-align: center;\" mce_style=\"text-align: center;\">(Portada del Programa del IV Centerario de Cervantes. Los j\u00f3venes de hoy, arropando a Miguel de Cervantes, en la estatua que el Ayuntamiento de Toledo erigi\u00f3 sobre el Ilustre Manco, en la bajada del Arco de la Sangre, de la que fue su impulsor el Presidente de la Sociedad Cervantina de Esquivias, Don Jos\u00e9 Rosell Villasevil).<\/p>\n<p style=\"text-align: justify;\" mce_style=\"text-align: justify;\"><\/p>\n<p style=\"text-align: justify;\" mce_style=\"text-align: justify;\"><\/p>\n<p style=\"text-align: justify;\" mce_style=\"text-align: justify;\"><span style=\"font-size: medium;\" mce_style=\"font-size: medium;\"><span style=\"font-family: verdana, geneva;\" mce_style=\"font-family: verdana, geneva;\">La programaci\u00f3n contempla, entre otros: Representaciones Teatrales; Conciertos de M\u00fasica, cl\u00e1sica y <\/span><\/span><\/p>\n<p style=\"text-align: justify;\" mce_style=\"text-align: justify;\"><\/p>\n<p><!--more--><\/p>\n<p><\/p>\n<p><\/p>\n<p style=\"text-align: justify;\" mce_style=\"text-align: justify;\"><span style=\"font-size: medium;\" mce_style=\"font-size: medium;\"><span style=\"font-family: verdana, geneva;\" mce_style=\"font-family: verdana, geneva;\">de tem\u00e1tica cervantina; Exposiciones sobre la vida de Cervantes como soldado y poeta; Festivales de M\u00fasica, Danza y Teatro; Instalaci\u00f3n de Esculturas Cervantinas en varias localidades de la regi\u00f3n; Exposiciones escult\u00f3ricas, de fotograf\u00eda, etc; Espect\u00e1culos de Luz y Sonido; Concursos Escolares sobre la traducci\u00f3n de la obra cervantina; Mercados Cervantinos; Cine Club; Clubes de Lectura; Concentraciones Moteras; Concurso de Micro Relatos Radiof\u00f3nicos; Gastronom\u00eda Cervantina, en todas sus vertientes; Turismo Social Cervantino; Carreras Populares; Carteler\u00eda; Programas Radiof\u00f3nicos y en La 2 y el Canal Internacional de TVE, etc. etc.<\/span><\/span><\/p>\n<p style=\"text-align: justify;\" mce_style=\"text-align: justify;\"><\/p>\n<p style=\"text-align: center;\" mce_style=\"text-align: center;\"><img loading=\"lazy\" decoding=\"async\" class=\" size-full wp-image-2298 size-full wp-image-2298\" src=\"http:\/\/www.cervantinaesquivias.org\/wordpress\/wp-content\/uploads\/2016\/01\/actos-iv-centenario-05-web.jpg\" mce_src=\"http:\/\/www.cervantinaesquivias.org\/wordpress\/wp-content\/uploads\/2016\/01\/actos-iv-centenario-05-web.jpg\" alt=\"alt\" width=\"709\" height=\"703\" srcset=\"http:\/\/www.cervantinaesquivias.org\/wordpress\/wp-content\/uploads\/2016\/01\/actos-iv-centenario-05-web.jpg 709w, http:\/\/www.cervantinaesquivias.org\/wordpress\/wp-content\/uploads\/2016\/01\/actos-iv-centenario-05-web-300x297.jpg 300w, http:\/\/www.cervantinaesquivias.org\/wordpress\/wp-content\/uploads\/2016\/01\/actos-iv-centenario-05-web-150x150.jpg 150w\" sizes=\"auto, (max-width: 709px) 100vw, 709px\" \/><\/p>\n<p style=\"text-align: center;\" mce_style=\"text-align: center;\">(Texto a modo de introduci\u00f3n en el Programa del IV Centenario).<\/p>\n<p style=\"text-align: justify;\" mce_style=\"text-align: justify;\"><\/p>\n<p style=\"text-align: justify;\" mce_style=\"text-align: justify;\"><span style=\"font-size: medium;\" mce_style=\"font-size: medium;\"><span style=\"font-family: verdana, geneva;\" mce_style=\"font-family: verdana, geneva;\"><br \/><\/span><\/span><\/p>\n<p style=\"text-align: justify;\" mce_style=\"text-align: justify;\"><span style=\"font-size: medium;\" mce_style=\"font-size: medium;\"><span style=\"font-family: verdana, geneva;\" mce_style=\"font-family: verdana, geneva;\">El Programa previsto, concluir\u00e1 con el llamado:<\/span><\/span><\/p>\n<p style=\"text-align: justify;\" mce_style=\"text-align: justify;\"><span style=\"font-size: medium;\" mce_style=\"font-size: medium;\"><span style=\"font-family: verdana, geneva;\" mce_style=\"font-family: verdana, geneva;\"><b> \u00abGran fin del Centenario en Esquivias\u00bb.\u00a0<\/b><\/span><\/span><\/p>\n<p style=\"text-align: justify;\" mce_style=\"text-align: justify;\"><span style=\"font-size: medium;\" mce_style=\"font-size: medium;\"><span style=\"font-family: verdana, geneva;\" mce_style=\"font-family: verdana, geneva;\">\u00abCada mes de diciembre se celebran las Jornadas Cervantinas en la localidad toledana de Esquivias, con actividades l\u00fadicas y culturales de todo tipo, consideradas de Inter\u00e9s Tur\u00edstico Regional. La idea es que las de 2016 se conviertan en un gran evento que sirva de broche de oro al IV Centenario\u00bb.<\/span><\/span><\/p>\n<p style=\"text-align: justify;\" mce_style=\"text-align: justify;\"><\/p>\n<p style=\"text-align: justify;\" mce_style=\"text-align: justify;\"><\/p>\n<p style=\"text-align: center;\" mce_style=\"text-align: center;\"><img loading=\"lazy\" decoding=\"async\" class=\" size-full wp-image-2299 size-full wp-image-2299\" src=\"http:\/\/www.cervantinaesquivias.org\/wordpress\/wp-content\/uploads\/2016\/01\/actos-iv-centenario-03-web.jpg\" mce_src=\"http:\/\/www.cervantinaesquivias.org\/wordpress\/wp-content\/uploads\/2016\/01\/actos-iv-centenario-03-web.jpg\" alt=\"alt\" width=\"709\" height=\"175\" srcset=\"http:\/\/www.cervantinaesquivias.org\/wordpress\/wp-content\/uploads\/2016\/01\/actos-iv-centenario-03-web.jpg 709w, http:\/\/www.cervantinaesquivias.org\/wordpress\/wp-content\/uploads\/2016\/01\/actos-iv-centenario-03-web-300x74.jpg 300w\" sizes=\"auto, (max-width: 709px) 100vw, 709px\" \/><\/p>\n<p style=\"text-align: center;\" mce_style=\"text-align: center;\">(Texto que se halla impreso al final del Programa de Actos del IV Centenario).<\/p>\n<p style=\"text-align: justify;\" mce_style=\"text-align: justify;\"><\/p>\n<p style=\"text-align: justify;\" mce_style=\"text-align: justify;\"><\/p>\n<p style=\"text-align: justify;\" mce_style=\"text-align: justify;\"><span style=\"font-size: medium;\" mce_style=\"font-size: medium;\"><span style=\"font-family: verdana, geneva;\" mce_style=\"font-family: verdana, geneva;\"><br \/><\/span><\/span><\/p>\n<p style=\"text-align: justify;\" mce_style=\"text-align: justify;\"><span style=\"font-size: medium;\" mce_style=\"font-size: medium;\"><span style=\"font-family: verdana, geneva;\" mce_style=\"font-family: verdana, geneva;\">En lo que respecta a la participaci\u00f3n de la Sociedad Cervantina de Esquivias, adem\u00e1s de colaborar con el Excmo. Ayto. de Esquivias, participar\u00e1, entre otros, en el \u00abCongreso Internacional sobre el Teatro de Miguel de Cervantes\u00bb, d\u00f3nde expertos en teatro y literatura espa\u00f1ola del Siglo de Oro exponen sus trabajos. Hall\u00e1ndonos en la actualidad en contacto directo con el Comit\u00e9 Organizador del citado Congreso.<\/span><\/span><\/p>\n<p style=\"text-align: justify;\" mce_style=\"text-align: justify;\"><\/p>\n<p style=\"text-align: justify;\" mce_style=\"text-align: justify;\"><\/p>\n<p style=\"text-align: center;\" mce_style=\"text-align: center;\"><img loading=\"lazy\" decoding=\"async\" class=\" size-full wp-image-2300 size-full wp-image-2300\" src=\"http:\/\/www.cervantinaesquivias.org\/wordpress\/wp-content\/uploads\/2016\/01\/museo-casa-de-cervantes-web.jpg\" mce_src=\"http:\/\/www.cervantinaesquivias.org\/wordpress\/wp-content\/uploads\/2016\/01\/museo-casa-de-cervantes-web.jpg\" alt=\"alt\" width=\"709\" height=\"704\" srcset=\"http:\/\/www.cervantinaesquivias.org\/wordpress\/wp-content\/uploads\/2016\/01\/museo-casa-de-cervantes-web.jpg 709w, http:\/\/www.cervantinaesquivias.org\/wordpress\/wp-content\/uploads\/2016\/01\/museo-casa-de-cervantes-web-300x298.jpg 300w, http:\/\/www.cervantinaesquivias.org\/wordpress\/wp-content\/uploads\/2016\/01\/museo-casa-de-cervantes-web-150x150.jpg 150w\" sizes=\"auto, (max-width: 709px) 100vw, 709px\" \/><\/p>\n<p style=\"text-align: center;\" mce_style=\"text-align: center;\">(La Casa-Museo de Cervantes de Esquivias, con las im\u00e1genes del dormitorio principal y de las cuevas, que figuran dentro del Programa de Actos del IV Centenario de Cervantes).<\/p>\n<p style=\"text-align: center;\" mce_style=\"text-align: center;\"><\/p>\n<p style=\"text-align: right;\" mce_style=\"text-align: right;\"><span style=\"font-size: medium;\" mce_style=\"font-size: medium;\"><span style=\"font-size: small;\" mce_style=\"font-size: small;\"><span style=\"font-family: helvetica;\" mce_style=\"font-family: helvetica;\"><i><b>Sabino de Diego.<\/b><\/i><\/span><\/span><\/span><\/p>\n<p><\/p>\n","protected":false},"excerpt":{"rendered":"<p>La Junta de Comunidades de Castilla La Mancha, a trav\u00e9s de la Direcci\u00f3n General de Turismo y Artesan\u00eda, ha presentado [&hellip;]<\/p>\n","protected":false},"author":1,"featured_media":2297,"comment_status":"open","ping_status":"open","sticky":false,"template":"","format":"standard","meta":{"footnotes":""},"categories":[14],"tags":[],"class_list":["post-2301","post","type-post","status-publish","format-standard","has-post-thumbnail","hentry","category-jornadas-cervantinas"],"_links":{"self":[{"href":"http:\/\/www.cervantinaesquivias.org\/wordpress\/wp-json\/wp\/v2\/posts\/2301","targetHints":{"allow":["GET"]}}],"collection":[{"href":"http:\/\/www.cervantinaesquivias.org\/wordpress\/wp-json\/wp\/v2\/posts"}],"about":[{"href":"http:\/\/www.cervantinaesquivias.org\/wordpress\/wp-json\/wp\/v2\/types\/post"}],"author":[{"embeddable":true,"href":"http:\/\/www.cervantinaesquivias.org\/wordpress\/wp-json\/wp\/v2\/users\/1"}],"replies":[{"embeddable":true,"href":"http:\/\/www.cervantinaesquivias.org\/wordpress\/wp-json\/wp\/v2\/comments?post=2301"}],"version-history":[{"count":0,"href":"http:\/\/www.cervantinaesquivias.org\/wordpress\/wp-json\/wp\/v2\/posts\/2301\/revisions"}],"wp:featuredmedia":[{"embeddable":true,"href":"http:\/\/www.cervantinaesquivias.org\/wordpress\/wp-json\/wp\/v2\/media\/2297"}],"wp:attachment":[{"href":"http:\/\/www.cervantinaesquivias.org\/wordpress\/wp-json\/wp\/v2\/media?parent=2301"}],"wp:term":[{"taxonomy":"category","embeddable":true,"href":"http:\/\/www.cervantinaesquivias.org\/wordpress\/wp-json\/wp\/v2\/categories?post=2301"},{"taxonomy":"post_tag","embeddable":true,"href":"http:\/\/www.cervantinaesquivias.org\/wordpress\/wp-json\/wp\/v2\/tags?post=2301"}],"curies":[{"name":"wp","href":"https:\/\/api.w.org\/{rel}","templated":true}]}}